{"id":51025,"date":"2023-03-10T15:09:20","date_gmt":"2023-03-10T14:09:20","guid":{"rendered":"https:\/\/dorogimedence.hu\/?p=51025"},"modified":"2023-03-10T15:20:50","modified_gmt":"2023-03-10T14:20:50","slug":"esztergomi-ovodaban-unnepli-a-beporzok-napjat-a-tehetsz-meh-tobbet","status":"publish","type":"post","link":"https:\/\/dorogimedence.hu\/index.php\/2023\/03\/10\/esztergomi-ovodaban-unnepli-a-beporzok-napjat-a-tehetsz-meh-tobbet\/","title":{"rendered":"Esztergomi \u00f3vod\u00e1ban \u00fcnnepli a Beporz\u00f3k napj\u00e1t a Tehetsz m\u00e9h t\u00f6bbet!"},"content":{"rendered":"<p><strong>A Tehetsz m\u00e9h t\u00f6bbet! program keret\u00e9ben az Esztergomi Z\u00f6ld \u00d3vod\u00e1nak t\u00edz kilogramm m\u00e9zet, harminc m\u00e9hes mesek\u00f6nyvet, t\u00f6bb sz\u00e1z foglalkoztat\u00f3 f\u00fczetet \u00e9s eduk\u00e1ci\u00f3s matric\u00e1kat aj\u00e1nd\u00e9koztak, valamint a kisgyerekeket a Nekt\u00e1r zenekar minikocertj\u00e9vel is meglept\u00e9k m\u00e1rcius 10-\u00e9n, p\u00e9nteken.<\/strong><\/p>\n<p>Jelent\u0151sen visszaesett a hazai termel\u0151i m\u00e9z forgalma tavaly, ami nemcsak a m\u00e9h\u00e9szeket hozza neh\u00e9z helyzetbe, de hosszabb t\u00e1von a beporz\u00e1st is k\u00e9rd\u00e9sess\u00e9 teszi az agr\u00e1riumban \u2013 figyelmeztetnek a Tehetsz m\u00e9h t\u00f6bbet! program t\u00e1mogat\u00f3 szervezetei a Beporz\u00f3k napja alkalm\u00e1b\u00f3l. A k\u00ednai m\u00e9z mellett 2022-ben az ukr\u00e1n is d\u00f6mping\u00e1ron jelent meg a hazai forgalomban. Mindez s\u00falyos probl\u00e9m\u00e1t okozhat az \u00e9lelmiszer-termel\u00e9sben, mert a m\u00e9zet lehet import\u00e1lni, de a haszonn\u00f6v\u00e9nyek t\u00f6bbs\u00e9g\u00e9nek elengedhetetlen beporz\u00e1st nem. A Tehetsz m\u00e9h t\u00f6bbet! program ez\u00e9rt az eddigin\u00e9l is fontosabb feladat\u00e1nak tartja a hazai termel\u0151i m\u00e9zek n\u00e9pszer\u0171s\u00edt\u00e9s\u00e9t. A program csapata a Beporz\u00f3k napj\u00e1n egy esztergomi \u00f3vod\u00e1ba l\u00e1togatott, hogy felh\u00edvja a legkisebbek, \u00e9s rajtuk kereszt\u00fcl a sz\u00fcl\u0151k \u00e9s a pedag\u00f3gusok figyelm\u00e9t a m\u00e9hekkel val\u00f3 egy\u00fctt\u00e9l\u00e9s fontoss\u00e1g\u00e1ra \u00e9s a m\u00e9z fogyaszt\u00e1s\u00e1ra.<\/p>\n<p><img fetchpriority=\"high\" decoding=\"async\" class=\"alignnone size-full wp-image-51028\" src=\"https:\/\/dorogimedence.hu\/wp-content\/uploads\/2023\/03\/tehetsz-meh-02.jpg\" alt=\"\" width=\"1920\" height=\"1278\" srcset=\"https:\/\/dorogimedence.hu\/wp-content\/uploads\/2023\/03\/tehetsz-meh-02.jpg 1920w, https:\/\/dorogimedence.hu\/wp-content\/uploads\/2023\/03\/tehetsz-meh-02-300x200.jpg 300w, https:\/\/dorogimedence.hu\/wp-content\/uploads\/2023\/03\/tehetsz-meh-02-1024x682.jpg 1024w, https:\/\/dorogimedence.hu\/wp-content\/uploads\/2023\/03\/tehetsz-meh-02-768x511.jpg 768w, https:\/\/dorogimedence.hu\/wp-content\/uploads\/2023\/03\/tehetsz-meh-02-1536x1022.jpg 1536w, https:\/\/dorogimedence.hu\/wp-content\/uploads\/2023\/03\/tehetsz-meh-02-150x100.jpg 150w, https:\/\/dorogimedence.hu\/wp-content\/uploads\/2023\/03\/tehetsz-meh-02-450x300.jpg 450w, https:\/\/dorogimedence.hu\/wp-content\/uploads\/2023\/03\/tehetsz-meh-02-1200x799.jpg 1200w, https:\/\/dorogimedence.hu\/wp-content\/uploads\/2023\/03\/tehetsz-meh-02-272x182.jpg 272w\" sizes=\"(max-width: 1920px) 100vw, 1920px\" \/><\/p>\n<p>Tavaly a k\u00ednai m\u00e9zimport mellett meger\u0151s\u00f6d\u00f6tt az ukr\u00e1n, ahonnan szint\u00e9n d\u00f6mping\u00e1ron, ellen\u0151rizetlen\u00fcl \u00e9rkezik a m\u00e9z a magyarorsz\u00e1gi kiszerel\u0151\u00fczemekbe, amelyek ez\u00e9rt nem v\u00e1s\u00e1roltak jelent\u0151s mennyis\u00e9gben hazai m\u00e9zet. A magyar termel\u0151k nagy felv\u00e1s\u00e1rl\u00f3k h\u00edj\u00e1n k\u00f6zvetlen\u00fcl pr\u00f3b\u00e1lj\u00e1k eladni a vev\u0151knek \u00e1rujukat, amelyre egyr\u00e9szt nincsenek felk\u00e9sz\u00fclve, m\u00e1sr\u00e9szt a kereslet az infl\u00e1ci\u00f3 hat\u00e1s\u00e1ra cs\u00f6kken, mik\u00f6zben a termel\u00e9s k\u00f6lts\u00e9gei n\u0151ttek. M\u00e1s uni\u00f3s orsz\u00e1gokban is hasonl\u00f3 neh\u00e9zs\u00e9gekkel szembes\u00fclnek a m\u00e9h\u00e9szek, ez\u00e9rt az uni\u00f3s eredetmegjel\u00f6l\u00e9s szigor\u00edt\u00e1s\u00e1t \u00e9s az import min\u0151s\u00e9gellen\u0151rz\u00e9s\u00e9t s\u00fcrgetik.<\/p>\n<p>\u201eHa nem v\u00e1ltozik a helyzet, t\u00edz-tizen\u00f6t \u00e9ven bel\u00fcl abbamaradhat a m\u00e9ztermel\u00e9s az Eur\u00f3pai Uni\u00f3ban. Ez pedig nemcsak a m\u00e9h\u00e9szeket hozza neh\u00e9z helyzetbe, hanem a beporz\u00e1st\u00f3l f\u00fcgg\u0151 kult\u00farn\u00f6v\u00e9nyek termel\u0151it is. Hiszen m\u00e9zet lehet import\u00e1lni, de beporz\u00e1st nem, m\u00e1rpedig azt a vadbeporz\u00f3k pusztul\u00e1sa miatt egyre ink\u00e1bb a h\u00e1zi m\u00e9hek v\u00e9gzik\u201d \u2013 figyelmeztet Vida J\u00f3zsef, a Tehetsz m\u00e9h t\u00f6bbet! program alap\u00edt\u00f3ja.<\/p>\n<p><img decoding=\"async\" class=\"alignnone size-full wp-image-51029\" src=\"https:\/\/dorogimedence.hu\/wp-content\/uploads\/2023\/03\/tehetsz-meh-03.jpg\" alt=\"\" width=\"1920\" height=\"1278\" srcset=\"https:\/\/dorogimedence.hu\/wp-content\/uploads\/2023\/03\/tehetsz-meh-03.jpg 1920w, https:\/\/dorogimedence.hu\/wp-content\/uploads\/2023\/03\/tehetsz-meh-03-300x200.jpg 300w, https:\/\/dorogimedence.hu\/wp-content\/uploads\/2023\/03\/tehetsz-meh-03-1024x682.jpg 1024w, https:\/\/dorogimedence.hu\/wp-content\/uploads\/2023\/03\/tehetsz-meh-03-768x511.jpg 768w, https:\/\/dorogimedence.hu\/wp-content\/uploads\/2023\/03\/tehetsz-meh-03-1536x1022.jpg 1536w, https:\/\/dorogimedence.hu\/wp-content\/uploads\/2023\/03\/tehetsz-meh-03-150x100.jpg 150w, https:\/\/dorogimedence.hu\/wp-content\/uploads\/2023\/03\/tehetsz-meh-03-450x300.jpg 450w, https:\/\/dorogimedence.hu\/wp-content\/uploads\/2023\/03\/tehetsz-meh-03-1200x799.jpg 1200w, https:\/\/dorogimedence.hu\/wp-content\/uploads\/2023\/03\/tehetsz-meh-03-272x182.jpg 272w\" sizes=\"(max-width: 1920px) 100vw, 1920px\" \/><\/p>\n<p><strong>Sz\u00fcks\u00e9ge van az emberis\u00e9gnek a beporz\u00f3kra<\/strong><\/p>\n<p>A beporz\u00f3k p\u00f3tolhatatlan szerepet t\u00f6ltenek be a mez\u0151gazdas\u00e1gban \u00e9s az \u00f6kosziszt\u00e9m\u00e1ban, sz\u00e1m\u00edt\u00e1sok szerint vil\u00e1gszinten t\u00f6bb mint 200 milli\u00e1rd doll\u00e1rra tehet\u0151 \u00e9vente a munk\u00e1juk \u00e9rt\u00e9ke. T\u00edz \u00e9lelmiszerb\u0151l h\u00e9t el\u0151\u00e1ll\u00edt\u00e1s\u00e1hoz n\u00e9lk\u00fcl\u00f6zhetetlen a beporz\u00f3k k\u00f6zrem\u0171k\u00f6d\u00e9se, \u00e1m \u00e1llom\u00e1nyuk az elm\u00falt \u00e9vtizedekben vil\u00e1gszerte t\u00f6meges pusztul\u00e1snak indult. Hossz\u00fa t\u00e1von a beporz\u00f3k kihal\u00e1sa glob\u00e1lis \u00e9lelmez\u00e9si katasztr\u00f3f\u00e1val fenyeget. A mez\u0151gazdas\u00e1gi \u00e9s \u00f6koter\u00fcletek beporz\u00e1sa emiatt egyre ink\u00e1bb a m\u00e9h\u00e9szekt\u0151l f\u00fcgg.<\/p>\n<p>Az egyik legnagyobb magyarorsz\u00e1gi tematikus kamp\u00e1nyk\u00e9nt a Tehetsz m\u00e9h t\u00f6bbet! program m\u00e1r negyedik \u00e9ve h\u00edvja fel a figyelmet \u00e9s beporz\u00f3k pusztul\u00e1s\u00e1nak bel\u00e1thatatlan k\u00f6vetkezm\u00e9nyeire. Megtan\u00edtja azt is, hogyan lehet v\u00e9deni a beporz\u00f3kat. Emellett feladat\u00e1nak tartja a m\u00e9h\u00e9szek t\u00e1mogat\u00e1s\u00e1t \u00e9s a min\u0151s\u00e9gi hazai termel\u0151i m\u00e9z n\u00e9pszer\u0171s\u00edt\u00e9s\u00e9t.<\/p>\n<p><img decoding=\"async\" class=\"alignnone size-full wp-image-51030\" src=\"https:\/\/dorogimedence.hu\/wp-content\/uploads\/2023\/03\/tehetsz-meh-04.jpg\" alt=\"\" width=\"1920\" height=\"1278\" srcset=\"https:\/\/dorogimedence.hu\/wp-content\/uploads\/2023\/03\/tehetsz-meh-04.jpg 1920w, https:\/\/dorogimedence.hu\/wp-content\/uploads\/2023\/03\/tehetsz-meh-04-300x200.jpg 300w, https:\/\/dorogimedence.hu\/wp-content\/uploads\/2023\/03\/tehetsz-meh-04-1024x682.jpg 1024w, https:\/\/dorogimedence.hu\/wp-content\/uploads\/2023\/03\/tehetsz-meh-04-768x511.jpg 768w, https:\/\/dorogimedence.hu\/wp-content\/uploads\/2023\/03\/tehetsz-meh-04-1536x1022.jpg 1536w, https:\/\/dorogimedence.hu\/wp-content\/uploads\/2023\/03\/tehetsz-meh-04-150x100.jpg 150w, https:\/\/dorogimedence.hu\/wp-content\/uploads\/2023\/03\/tehetsz-meh-04-450x300.jpg 450w, https:\/\/dorogimedence.hu\/wp-content\/uploads\/2023\/03\/tehetsz-meh-04-1200x799.jpg 1200w, https:\/\/dorogimedence.hu\/wp-content\/uploads\/2023\/03\/tehetsz-meh-04-272x182.jpg 272w\" sizes=\"(max-width: 1920px) 100vw, 1920px\" \/><\/p>\n<p><strong>Esztergomba \u00e9rkezik a Tehetsz m\u00e9h t\u00f6bbet! <\/strong><\/p>\n<p>A Beporz\u00f3k napj\u00e1t 2018 \u00f3ta rendezik meg m\u00e1rcius 10-\u00e9n Magyarorsz\u00e1gon, f\u0151leg m\u00fazeumokban \u00e9s oktat\u00e1si-nevel\u00e9si int\u00e9zm\u00e9nyekben. A Tehetsz m\u00e9h t\u00f6bbet! program id\u00e9n az Esztergomi Z\u00f6ld \u00d3voda megh\u00edv\u00e1s\u00e1ra az int\u00e9zm\u00e9nyben vett r\u00e9szt a Beporz\u00f3k napi rendezv\u00e9nyen. Az \u00f3vod\u00e1nak t\u00edz kilogramm m\u00e9zet, harminc m\u00e9hes mesek\u00f6nyvet, t\u00f6bb sz\u00e1z foglalkoztat\u00f3 f\u00fczetet \u00e9s eduk\u00e1ci\u00f3s matric\u00e1kat aj\u00e1nd\u00e9kozott, valamint a kisgyerekeket a Nekt\u00e1r zenekar minikocertj\u00e9vel is meglepte.<\/p>\n<p>A Tehetsz m\u00e9h t\u00f6bbet! program egyik kiemelt c\u00e9lcsoportja az \u00f3vod\u00e1s koroszt\u00e1ly, hogy m\u00e1r 4-6 \u00e9ves korban felh\u00edvja a legkisebbek, \u00e9s rajtuk kereszt\u00fcl a sz\u00fcl\u0151k \u00e9s a pedag\u00f3gusok figyelm\u00e9t a m\u00e9hekkel val\u00f3 egy\u00fctt\u00e9l\u00e9s fontoss\u00e1g\u00e1ra, valamint arra, hogy milyen hasznos munk\u00e1t v\u00e9geznek a rovarok, \u00e9s milyen sokf\u00e9lek\u00e9pp haszn\u00e1lhat\u00f3 fel a m\u00e9z.<\/p>\n<p><img loading=\"lazy\" decoding=\"async\" class=\"alignnone size-full wp-image-51027\" src=\"https:\/\/dorogimedence.hu\/wp-content\/uploads\/2023\/03\/tehetsz-meh-05.jpg\" alt=\"\" width=\"1920\" height=\"1049\" srcset=\"https:\/\/dorogimedence.hu\/wp-content\/uploads\/2023\/03\/tehetsz-meh-05.jpg 1920w, https:\/\/dorogimedence.hu\/wp-content\/uploads\/2023\/03\/tehetsz-meh-05-300x164.jpg 300w, https:\/\/dorogimedence.hu\/wp-content\/uploads\/2023\/03\/tehetsz-meh-05-1024x559.jpg 1024w, https:\/\/dorogimedence.hu\/wp-content\/uploads\/2023\/03\/tehetsz-meh-05-768x420.jpg 768w, https:\/\/dorogimedence.hu\/wp-content\/uploads\/2023\/03\/tehetsz-meh-05-1536x839.jpg 1536w, https:\/\/dorogimedence.hu\/wp-content\/uploads\/2023\/03\/tehetsz-meh-05-150x82.jpg 150w, https:\/\/dorogimedence.hu\/wp-content\/uploads\/2023\/03\/tehetsz-meh-05-450x246.jpg 450w, https:\/\/dorogimedence.hu\/wp-content\/uploads\/2023\/03\/tehetsz-meh-05-1200x656.jpg 1200w\" sizes=\"(max-width: 1920px) 100vw, 1920px\" \/><\/p>\n","protected":false},"excerpt":{"rendered":"<p>A Tehetsz m\u00e9h t\u00f6bbet! program keret\u00e9ben az Esztergomi Z\u00f6ld \u00d3vod\u00e1nak t\u00edz kilogramm m\u00e9zet, harminc m\u00e9hes mesek\u00f6nyvet, t\u00f6bb sz\u00e1z foglalkoztat\u00f3 f\u00fczetet \u00e9s eduk\u00e1ci\u00f3s matric\u00e1kat aj\u00e1nd\u00e9koztak, valamint a kisgyerekeket a Nekt\u00e1r zenekar minikocertj\u00e9vel is meglept\u00e9k m\u00e1rcius 10-\u00e9n, p\u00e9nteken. Jelent\u0151sen visszaesett a hazai termel\u0151i m\u00e9z forgalma tavaly, ami nemcsak a m\u00e9h\u00e9szeket hozza neh\u00e9z helyzetbe, de hosszabb t\u00e1von a<\/p>\n","protected":false},"author":1,"featured_media":51026,"comment_status":"closed","ping_status":"closed","sticky":false,"template":"","format":"standard","meta":{"ngg_post_thumbnail":0,"footnotes":""},"categories":[38,3],"tags":[42,7045,5624,5709,7044],"class_list":{"0":"post-51025","1":"post","2":"type-post","3":"status-publish","4":"format-standard","5":"has-post-thumbnail","7":"category-esztergom","8":"category-hirek","9":"tag-esztergom","10":"tag-esztergomi-zold-ovoda","11":"tag-featured","12":"tag-mez","13":"tag-tehetsz-meh-tobbet"},"yoast_head":"<!-- This site is optimized with the Yoast SEO plugin v27.4 - https:\/\/yoast.com\/product\/yoast-seo-wordpress\/ -->\n<title>Esztergomi \u00f3vod\u00e1ban \u00fcnnepli a Beporz\u00f3k napj\u00e1t a Tehetsz m\u00e9h t\u00f6bbet!<\/title>\n<meta name=\"robots\" content=\"index, follow, max-snippet:-1, max-image-preview:large, max-video-preview:-1\" \/>\n<link rel=\"canonical\" href=\"https:\/\/dorogimedence.hu\/index.php\/2023\/03\/10\/esztergomi-ovodaban-unnepli-a-beporzok-napjat-a-tehetsz-meh-tobbet\/\" class=\"yoast-seo-meta-tag\" \/>\n<meta property=\"og:locale\" content=\"hu_HU\" class=\"yoast-seo-meta-tag\" \/>\n<meta property=\"og:type\" content=\"article\" class=\"yoast-seo-meta-tag\" \/>\n<meta property=\"og:title\" content=\"Esztergomi \u00f3vod\u00e1ban \u00fcnnepli a Beporz\u00f3k napj\u00e1t a Tehetsz m\u00e9h t\u00f6bbet!\" class=\"yoast-seo-meta-tag\" \/>\n<meta property=\"og:description\" content=\"A Tehetsz m\u00e9h t\u00f6bbet! program keret\u00e9ben az Esztergomi Z\u00f6ld \u00d3vod\u00e1nak t\u00edz kilogramm m\u00e9zet, harminc m\u00e9hes mesek\u00f6nyvet, t\u00f6bb sz\u00e1z foglalkoztat\u00f3 f\u00fczetet \u00e9s eduk\u00e1ci\u00f3s matric\u00e1kat aj\u00e1nd\u00e9koztak, valamint a kisgyerekeket a Nekt\u00e1r zenekar minikocertj\u00e9vel is meglept\u00e9k m\u00e1rcius 10-\u00e9n, p\u00e9nteken. Jelent\u0151sen visszaesett a hazai termel\u0151i m\u00e9z forgalma tavaly, ami nemcsak a m\u00e9h\u00e9szeket hozza neh\u00e9z helyzetbe, de hosszabb t\u00e1von a\" class=\"yoast-seo-meta-tag\" \/>\n<meta property=\"og:url\" content=\"https:\/\/dorogimedence.hu\/index.php\/2023\/03\/10\/esztergomi-ovodaban-unnepli-a-beporzok-napjat-a-tehetsz-meh-tobbet\/\" class=\"yoast-seo-meta-tag\" \/>\n<meta property=\"og:site_name\" content=\"Dorogi-medence Region\u00e1lis H\u00edrport\u00e1l\" class=\"yoast-seo-meta-tag\" \/>\n<meta property=\"article:publisher\" content=\"https:\/\/www.facebook.com\/dorogimedence\/\" class=\"yoast-seo-meta-tag\" \/>\n<meta property=\"article:published_time\" content=\"2023-03-10T14:09:20+00:00\" class=\"yoast-seo-meta-tag\" \/>\n<meta property=\"article:modified_time\" content=\"2023-03-10T14:20:50+00:00\" class=\"yoast-seo-meta-tag\" \/>\n<meta property=\"og:image\" content=\"https:\/\/dorogimedence.hu\/wp-content\/uploads\/2023\/03\/tehetsz-meh-01.jpg\" class=\"yoast-seo-meta-tag\" \/>\n\t<meta property=\"og:image:width\" content=\"1920\" class=\"yoast-seo-meta-tag\" \/>\n\t<meta property=\"og:image:height\" content=\"1167\" class=\"yoast-seo-meta-tag\" \/>\n\t<meta property=\"og:image:type\" content=\"image\/jpeg\" class=\"yoast-seo-meta-tag\" \/>\n<meta name=\"author\" content=\"dorogimedence.hu\" class=\"yoast-seo-meta-tag\" \/>\n<meta name=\"twitter:card\" content=\"summary_large_image\" class=\"yoast-seo-meta-tag\" \/>\n<meta name=\"twitter:label1\" content=\"Szerz\u0151:\" class=\"yoast-seo-meta-tag\" \/>\n\t<meta name=\"twitter:data1\" content=\"dorogimedence.hu\" class=\"yoast-seo-meta-tag\" \/>\n\t<meta name=\"twitter:label2\" content=\"Becs\u00fclt olvas\u00e1si id\u0151\" class=\"yoast-seo-meta-tag\" \/>\n\t<meta name=\"twitter:data2\" content=\"4 perc\" class=\"yoast-seo-meta-tag\" \/>\n<script type=\"application\/ld+json\" class=\"yoast-schema-graph\">{\"@context\":\"https:\\\/\\\/schema.org\",\"@graph\":[{\"@type\":\"Article\",\"@id\":\"https:\\\/\\\/dorogimedence.hu\\\/index.php\\\/2023\\\/03\\\/10\\\/esztergomi-ovodaban-unnepli-a-beporzok-napjat-a-tehetsz-meh-tobbet\\\/#article\",\"isPartOf\":{\"@id\":\"https:\\\/\\\/dorogimedence.hu\\\/index.php\\\/2023\\\/03\\\/10\\\/esztergomi-ovodaban-unnepli-a-beporzok-napjat-a-tehetsz-meh-tobbet\\\/\"},\"author\":{\"name\":\"dorogimedence.hu\",\"@id\":\"https:\\\/\\\/dorogimedence.hu\\\/#\\\/schema\\\/person\\\/ce6091eeb7e95ecdc87890d6aa8e0fd4\"},\"headline\":\"Esztergomi \u00f3vod\u00e1ban \u00fcnnepli a Beporz\u00f3k napj\u00e1t a Tehetsz m\u00e9h t\u00f6bbet!\",\"datePublished\":\"2023-03-10T14:09:20+00:00\",\"dateModified\":\"2023-03-10T14:20:50+00:00\",\"mainEntityOfPage\":{\"@id\":\"https:\\\/\\\/dorogimedence.hu\\\/index.php\\\/2023\\\/03\\\/10\\\/esztergomi-ovodaban-unnepli-a-beporzok-napjat-a-tehetsz-meh-tobbet\\\/\"},\"wordCount\":861,\"publisher\":{\"@id\":\"https:\\\/\\\/dorogimedence.hu\\\/#organization\"},\"image\":{\"@id\":\"https:\\\/\\\/dorogimedence.hu\\\/index.php\\\/2023\\\/03\\\/10\\\/esztergomi-ovodaban-unnepli-a-beporzok-napjat-a-tehetsz-meh-tobbet\\\/#primaryimage\"},\"thumbnailUrl\":\"https:\\\/\\\/dorogimedence.hu\\\/wp-content\\\/uploads\\\/2023\\\/03\\\/tehetsz-meh-01.jpg\",\"keywords\":[\"esztergom\",\"Esztergomi Z\u00f6ld \u00d3voda\",\"featured\",\"m\u00e9z\",\"Tehetsz m\u00e9h t\u00f6bbet!\"],\"articleSection\":[\"Esztergom\",\"H\u00edrek\"],\"inLanguage\":\"hu\"},{\"@type\":\"WebPage\",\"@id\":\"https:\\\/\\\/dorogimedence.hu\\\/index.php\\\/2023\\\/03\\\/10\\\/esztergomi-ovodaban-unnepli-a-beporzok-napjat-a-tehetsz-meh-tobbet\\\/\",\"url\":\"https:\\\/\\\/dorogimedence.hu\\\/index.php\\\/2023\\\/03\\\/10\\\/esztergomi-ovodaban-unnepli-a-beporzok-napjat-a-tehetsz-meh-tobbet\\\/\",\"name\":\"Esztergomi \u00f3vod\u00e1ban \u00fcnnepli a Beporz\u00f3k napj\u00e1t a Tehetsz m\u00e9h t\u00f6bbet!\",\"isPartOf\":{\"@id\":\"https:\\\/\\\/dorogimedence.hu\\\/#website\"},\"primaryImageOfPage\":{\"@id\":\"https:\\\/\\\/dorogimedence.hu\\\/index.php\\\/2023\\\/03\\\/10\\\/esztergomi-ovodaban-unnepli-a-beporzok-napjat-a-tehetsz-meh-tobbet\\\/#primaryimage\"},\"image\":{\"@id\":\"https:\\\/\\\/dorogimedence.hu\\\/index.php\\\/2023\\\/03\\\/10\\\/esztergomi-ovodaban-unnepli-a-beporzok-napjat-a-tehetsz-meh-tobbet\\\/#primaryimage\"},\"thumbnailUrl\":\"https:\\\/\\\/dorogimedence.hu\\\/wp-content\\\/uploads\\\/2023\\\/03\\\/tehetsz-meh-01.jpg\",\"datePublished\":\"2023-03-10T14:09:20+00:00\",\"dateModified\":\"2023-03-10T14:20:50+00:00\",\"breadcrumb\":{\"@id\":\"https:\\\/\\\/dorogimedence.hu\\\/index.php\\\/2023\\\/03\\\/10\\\/esztergomi-ovodaban-unnepli-a-beporzok-napjat-a-tehetsz-meh-tobbet\\\/#breadcrumb\"},\"inLanguage\":\"hu\",\"potentialAction\":[{\"@type\":\"ReadAction\",\"target\":[\"https:\\\/\\\/dorogimedence.hu\\\/index.php\\\/2023\\\/03\\\/10\\\/esztergomi-ovodaban-unnepli-a-beporzok-napjat-a-tehetsz-meh-tobbet\\\/\"]}]},{\"@type\":\"ImageObject\",\"inLanguage\":\"hu\",\"@id\":\"https:\\\/\\\/dorogimedence.hu\\\/index.php\\\/2023\\\/03\\\/10\\\/esztergomi-ovodaban-unnepli-a-beporzok-napjat-a-tehetsz-meh-tobbet\\\/#primaryimage\",\"url\":\"https:\\\/\\\/dorogimedence.hu\\\/wp-content\\\/uploads\\\/2023\\\/03\\\/tehetsz-meh-01.jpg\",\"contentUrl\":\"https:\\\/\\\/dorogimedence.hu\\\/wp-content\\\/uploads\\\/2023\\\/03\\\/tehetsz-meh-01.jpg\",\"width\":1920,\"height\":1167},{\"@type\":\"BreadcrumbList\",\"@id\":\"https:\\\/\\\/dorogimedence.hu\\\/index.php\\\/2023\\\/03\\\/10\\\/esztergomi-ovodaban-unnepli-a-beporzok-napjat-a-tehetsz-meh-tobbet\\\/#breadcrumb\",\"itemListElement\":[{\"@type\":\"ListItem\",\"position\":1,\"name\":\"Kezd\u0151lap\",\"item\":\"https:\\\/\\\/dorogimedence.hu\\\/\"},{\"@type\":\"ListItem\",\"position\":2,\"name\":\"Esztergomi \u00f3vod\u00e1ban \u00fcnnepli a Beporz\u00f3k napj\u00e1t a Tehetsz m\u00e9h t\u00f6bbet!\"}]},{\"@type\":\"WebSite\",\"@id\":\"https:\\\/\\\/dorogimedence.hu\\\/#website\",\"url\":\"https:\\\/\\\/dorogimedence.hu\\\/\",\"name\":\"Dorogi-medence Region\u00e1lis H\u00edrport\u00e1l\",\"description\":\"Dorog, Keszt\u00f6lc, Le\u00e1nyv\u00e1r, Piliscs\u00e9v, Tokod, Tokodalt\u00e1r\u00f3, Csolnok, Esztergom-kertv\u00e1ros: h\u00edrek, programok\",\"publisher\":{\"@id\":\"https:\\\/\\\/dorogimedence.hu\\\/#organization\"},\"potentialAction\":[{\"@type\":\"SearchAction\",\"target\":{\"@type\":\"EntryPoint\",\"urlTemplate\":\"https:\\\/\\\/dorogimedence.hu\\\/?s={search_term_string}\"},\"query-input\":{\"@type\":\"PropertyValueSpecification\",\"valueRequired\":true,\"valueName\":\"search_term_string\"}}],\"inLanguage\":\"hu\"},{\"@type\":\"Organization\",\"@id\":\"https:\\\/\\\/dorogimedence.hu\\\/#organization\",\"name\":\"Dorogi-medence Region\u00e1lis H\u00edrport\u00e1l\",\"url\":\"https:\\\/\\\/dorogimedence.hu\\\/\",\"logo\":{\"@type\":\"ImageObject\",\"inLanguage\":\"hu\",\"@id\":\"https:\\\/\\\/dorogimedence.hu\\\/#\\\/schema\\\/logo\\\/image\\\/\",\"url\":\"https:\\\/\\\/dorogimedence.hu\\\/wp-content\\\/uploads\\\/2021\\\/04\\\/logo-feher-600.png\",\"contentUrl\":\"https:\\\/\\\/dorogimedence.hu\\\/wp-content\\\/uploads\\\/2021\\\/04\\\/logo-feher-600.png\",\"width\":600,\"height\":100,\"caption\":\"Dorogi-medence Region\u00e1lis H\u00edrport\u00e1l\"},\"image\":{\"@id\":\"https:\\\/\\\/dorogimedence.hu\\\/#\\\/schema\\\/logo\\\/image\\\/\"},\"sameAs\":[\"https:\\\/\\\/www.facebook.com\\\/dorogimedence\\\/\"]},{\"@type\":\"Person\",\"@id\":\"https:\\\/\\\/dorogimedence.hu\\\/#\\\/schema\\\/person\\\/ce6091eeb7e95ecdc87890d6aa8e0fd4\",\"name\":\"dorogimedence.hu\",\"image\":{\"@type\":\"ImageObject\",\"inLanguage\":\"hu\",\"@id\":\"\\\/\\\/www.gravatar.com\\\/avatar\\\/d8d45f8901aadff40a4af72c0b826f1d?s=96&#038;r=g&#038;d=mm\",\"url\":\"\\\/\\\/www.gravatar.com\\\/avatar\\\/d8d45f8901aadff40a4af72c0b826f1d?s=96&#038;r=g&#038;d=mm\",\"contentUrl\":\"\\\/\\\/www.gravatar.com\\\/avatar\\\/d8d45f8901aadff40a4af72c0b826f1d?s=96&#038;r=g&#038;d=mm\",\"caption\":\"dorogimedence.hu\"}}]}<\/script>\n<!-- \/ Yoast SEO plugin. -->","yoast_head_json":{"title":"Esztergomi \u00f3vod\u00e1ban \u00fcnnepli a Beporz\u00f3k napj\u00e1t a Tehetsz m\u00e9h t\u00f6bbet!","robots":{"index":"index","follow":"follow","max-snippet":"max-snippet:-1","max-image-preview":"max-image-preview:large","max-video-preview":"max-video-preview:-1"},"canonical":"https:\/\/dorogimedence.hu\/index.php\/2023\/03\/10\/esztergomi-ovodaban-unnepli-a-beporzok-napjat-a-tehetsz-meh-tobbet\/","og_locale":"hu_HU","og_type":"article","og_title":"Esztergomi \u00f3vod\u00e1ban \u00fcnnepli a Beporz\u00f3k napj\u00e1t a Tehetsz m\u00e9h t\u00f6bbet!","og_description":"A Tehetsz m\u00e9h t\u00f6bbet! program keret\u00e9ben az Esztergomi Z\u00f6ld \u00d3vod\u00e1nak t\u00edz kilogramm m\u00e9zet, harminc m\u00e9hes mesek\u00f6nyvet, t\u00f6bb sz\u00e1z foglalkoztat\u00f3 f\u00fczetet \u00e9s eduk\u00e1ci\u00f3s matric\u00e1kat aj\u00e1nd\u00e9koztak, valamint a kisgyerekeket a Nekt\u00e1r zenekar minikocertj\u00e9vel is meglept\u00e9k m\u00e1rcius 10-\u00e9n, p\u00e9nteken. Jelent\u0151sen visszaesett a hazai termel\u0151i m\u00e9z forgalma tavaly, ami nemcsak a m\u00e9h\u00e9szeket hozza neh\u00e9z helyzetbe, de hosszabb t\u00e1von a","og_url":"https:\/\/dorogimedence.hu\/index.php\/2023\/03\/10\/esztergomi-ovodaban-unnepli-a-beporzok-napjat-a-tehetsz-meh-tobbet\/","og_site_name":"Dorogi-medence Region\u00e1lis H\u00edrport\u00e1l","article_publisher":"https:\/\/www.facebook.com\/dorogimedence\/","article_published_time":"2023-03-10T14:09:20+00:00","article_modified_time":"2023-03-10T14:20:50+00:00","og_image":[{"width":1920,"height":1167,"url":"https:\/\/dorogimedence.hu\/wp-content\/uploads\/2023\/03\/tehetsz-meh-01.jpg","type":"image\/jpeg"}],"author":"dorogimedence.hu","twitter_card":"summary_large_image","twitter_misc":{"Szerz\u0151:":"dorogimedence.hu","Becs\u00fclt olvas\u00e1si id\u0151":"4 perc"},"schema":{"@context":"https:\/\/schema.org","@graph":[{"@type":"Article","@id":"https:\/\/dorogimedence.hu\/index.php\/2023\/03\/10\/esztergomi-ovodaban-unnepli-a-beporzok-napjat-a-tehetsz-meh-tobbet\/#article","isPartOf":{"@id":"https:\/\/dorogimedence.hu\/index.php\/2023\/03\/10\/esztergomi-ovodaban-unnepli-a-beporzok-napjat-a-tehetsz-meh-tobbet\/"},"author":{"name":"dorogimedence.hu","@id":"https:\/\/dorogimedence.hu\/#\/schema\/person\/ce6091eeb7e95ecdc87890d6aa8e0fd4"},"headline":"Esztergomi \u00f3vod\u00e1ban \u00fcnnepli a Beporz\u00f3k napj\u00e1t a Tehetsz m\u00e9h t\u00f6bbet!","datePublished":"2023-03-10T14:09:20+00:00","dateModified":"2023-03-10T14:20:50+00:00","mainEntityOfPage":{"@id":"https:\/\/dorogimedence.hu\/index.php\/2023\/03\/10\/esztergomi-ovodaban-unnepli-a-beporzok-napjat-a-tehetsz-meh-tobbet\/"},"wordCount":861,"publisher":{"@id":"https:\/\/dorogimedence.hu\/#organization"},"image":{"@id":"https:\/\/dorogimedence.hu\/index.php\/2023\/03\/10\/esztergomi-ovodaban-unnepli-a-beporzok-napjat-a-tehetsz-meh-tobbet\/#primaryimage"},"thumbnailUrl":"https:\/\/dorogimedence.hu\/wp-content\/uploads\/2023\/03\/tehetsz-meh-01.jpg","keywords":["esztergom","Esztergomi Z\u00f6ld \u00d3voda","featured","m\u00e9z","Tehetsz m\u00e9h t\u00f6bbet!"],"articleSection":["Esztergom","H\u00edrek"],"inLanguage":"hu"},{"@type":"WebPage","@id":"https:\/\/dorogimedence.hu\/index.php\/2023\/03\/10\/esztergomi-ovodaban-unnepli-a-beporzok-napjat-a-tehetsz-meh-tobbet\/","url":"https:\/\/dorogimedence.hu\/index.php\/2023\/03\/10\/esztergomi-ovodaban-unnepli-a-beporzok-napjat-a-tehetsz-meh-tobbet\/","name":"Esztergomi \u00f3vod\u00e1ban \u00fcnnepli a Beporz\u00f3k napj\u00e1t a Tehetsz m\u00e9h t\u00f6bbet!","isPartOf":{"@id":"https:\/\/dorogimedence.hu\/#website"},"primaryImageOfPage":{"@id":"https:\/\/dorogimedence.hu\/index.php\/2023\/03\/10\/esztergomi-ovodaban-unnepli-a-beporzok-napjat-a-tehetsz-meh-tobbet\/#primaryimage"},"image":{"@id":"https:\/\/dorogimedence.hu\/index.php\/2023\/03\/10\/esztergomi-ovodaban-unnepli-a-beporzok-napjat-a-tehetsz-meh-tobbet\/#primaryimage"},"thumbnailUrl":"https:\/\/dorogimedence.hu\/wp-content\/uploads\/2023\/03\/tehetsz-meh-01.jpg","datePublished":"2023-03-10T14:09:20+00:00","dateModified":"2023-03-10T14:20:50+00:00","breadcrumb":{"@id":"https:\/\/dorogimedence.hu\/index.php\/2023\/03\/10\/esztergomi-ovodaban-unnepli-a-beporzok-napjat-a-tehetsz-meh-tobbet\/#breadcrumb"},"inLanguage":"hu","potentialAction":[{"@type":"ReadAction","target":["https:\/\/dorogimedence.hu\/index.php\/2023\/03\/10\/esztergomi-ovodaban-unnepli-a-beporzok-napjat-a-tehetsz-meh-tobbet\/"]}]},{"@type":"ImageObject","inLanguage":"hu","@id":"https:\/\/dorogimedence.hu\/index.php\/2023\/03\/10\/esztergomi-ovodaban-unnepli-a-beporzok-napjat-a-tehetsz-meh-tobbet\/#primaryimage","url":"https:\/\/dorogimedence.hu\/wp-content\/uploads\/2023\/03\/tehetsz-meh-01.jpg","contentUrl":"https:\/\/dorogimedence.hu\/wp-content\/uploads\/2023\/03\/tehetsz-meh-01.jpg","width":1920,"height":1167},{"@type":"BreadcrumbList","@id":"https:\/\/dorogimedence.hu\/index.php\/2023\/03\/10\/esztergomi-ovodaban-unnepli-a-beporzok-napjat-a-tehetsz-meh-tobbet\/#breadcrumb","itemListElement":[{"@type":"ListItem","position":1,"name":"Kezd\u0151lap","item":"https:\/\/dorogimedence.hu\/"},{"@type":"ListItem","position":2,"name":"Esztergomi \u00f3vod\u00e1ban \u00fcnnepli a Beporz\u00f3k napj\u00e1t a Tehetsz m\u00e9h t\u00f6bbet!"}]},{"@type":"WebSite","@id":"https:\/\/dorogimedence.hu\/#website","url":"https:\/\/dorogimedence.hu\/","name":"Dorogi-medence Region\u00e1lis H\u00edrport\u00e1l","description":"Dorog, Keszt\u00f6lc, Le\u00e1nyv\u00e1r, Piliscs\u00e9v, Tokod, Tokodalt\u00e1r\u00f3, Csolnok, Esztergom-kertv\u00e1ros: h\u00edrek, programok","publisher":{"@id":"https:\/\/dorogimedence.hu\/#organization"},"potentialAction":[{"@type":"SearchAction","target":{"@type":"EntryPoint","urlTemplate":"https:\/\/dorogimedence.hu\/?s={search_term_string}"},"query-input":{"@type":"PropertyValueSpecification","valueRequired":true,"valueName":"search_term_string"}}],"inLanguage":"hu"},{"@type":"Organization","@id":"https:\/\/dorogimedence.hu\/#organization","name":"Dorogi-medence Region\u00e1lis H\u00edrport\u00e1l","url":"https:\/\/dorogimedence.hu\/","logo":{"@type":"ImageObject","inLanguage":"hu","@id":"https:\/\/dorogimedence.hu\/#\/schema\/logo\/image\/","url":"https:\/\/dorogimedence.hu\/wp-content\/uploads\/2021\/04\/logo-feher-600.png","contentUrl":"https:\/\/dorogimedence.hu\/wp-content\/uploads\/2021\/04\/logo-feher-600.png","width":600,"height":100,"caption":"Dorogi-medence Region\u00e1lis H\u00edrport\u00e1l"},"image":{"@id":"https:\/\/dorogimedence.hu\/#\/schema\/logo\/image\/"},"sameAs":["https:\/\/www.facebook.com\/dorogimedence\/"]},{"@type":"Person","@id":"https:\/\/dorogimedence.hu\/#\/schema\/person\/ce6091eeb7e95ecdc87890d6aa8e0fd4","name":"dorogimedence.hu","image":{"@type":"ImageObject","inLanguage":"hu","@id":"\/\/www.gravatar.com\/avatar\/d8d45f8901aadff40a4af72c0b826f1d?s=96&#038;r=g&#038;d=mm","url":"\/\/www.gravatar.com\/avatar\/d8d45f8901aadff40a4af72c0b826f1d?s=96&#038;r=g&#038;d=mm","contentUrl":"\/\/www.gravatar.com\/avatar\/d8d45f8901aadff40a4af72c0b826f1d?s=96&#038;r=g&#038;d=mm","caption":"dorogimedence.hu"}}]}},"_links":{"self":[{"href":"https:\/\/dorogimedence.hu\/index.php\/wp-json\/wp\/v2\/posts\/51025","targetHints":{"allow":["GET"]}}],"collection":[{"href":"https:\/\/dorogimedence.hu\/index.php\/wp-json\/wp\/v2\/posts"}],"about":[{"href":"https:\/\/dorogimedence.hu\/index.php\/wp-json\/wp\/v2\/types\/post"}],"author":[{"embeddable":true,"href":"https:\/\/dorogimedence.hu\/index.php\/wp-json\/wp\/v2\/users\/1"}],"replies":[{"embeddable":true,"href":"https:\/\/dorogimedence.hu\/index.php\/wp-json\/wp\/v2\/comments?post=51025"}],"version-history":[{"count":0,"href":"https:\/\/dorogimedence.hu\/index.php\/wp-json\/wp\/v2\/posts\/51025\/revisions"}],"wp:featuredmedia":[{"embeddable":true,"href":"https:\/\/dorogimedence.hu\/index.php\/wp-json\/wp\/v2\/media\/51026"}],"wp:attachment":[{"href":"https:\/\/dorogimedence.hu\/index.php\/wp-json\/wp\/v2\/media?parent=51025"}],"wp:term":[{"taxonomy":"category","embeddable":true,"href":"https:\/\/dorogimedence.hu\/index.php\/wp-json\/wp\/v2\/categories?post=51025"},{"taxonomy":"post_tag","embeddable":true,"href":"https:\/\/dorogimedence.hu\/index.php\/wp-json\/wp\/v2\/tags?post=51025"}],"curies":[{"name":"wp","href":"https:\/\/api.w.org\/{rel}","templated":true}]}}