{"id":50983,"date":"2023-03-09T13:16:17","date_gmt":"2023-03-09T12:16:17","guid":{"rendered":"https:\/\/dorogimedence.hu\/?p=50983"},"modified":"2023-03-09T13:16:47","modified_gmt":"2023-03-09T12:16:47","slug":"baleset-tortent-a-10-es-uton-2","status":"publish","type":"post","link":"https:\/\/dorogimedence.hu\/index.php\/2023\/03\/09\/baleset-tortent-a-10-es-uton-2\/","title":{"rendered":"Baleset t\u00f6rt\u00e9nt a 10-es \u00faton"},"content":{"rendered":"<p><strong>M\u00e1rcius 9-\u00e9n, cs\u00fct\u00f6rt\u00f6k\u00f6n d\u00e9lel\u0151tt baleset t\u00f6rt\u00e9nt a 10-es f\u0151\u00fat nyerges\u00fajfalui szakasz\u00e1n.<\/strong><\/p>\n<p>A Kom\u00e1rom-Esztergom V\u00e1rmegyei Rend\u0151r-f\u0151kapit\u00e1nys\u00e1g sz\u00f3viv\u0151je elmondta, hogy 11.55-kor \u00e9rkezett a bejelent\u00e9s, miszerint a Kossuth Lajos utc\u00e1ban egy szem\u00e9lyaut\u00f3 a templomn\u00e1l tal\u00e1lhat\u00f3 buszmeg\u00e1ll\u00f3ban k\u00edv\u00e1nt megfordulni, azonban nem adott els\u0151bbs\u00e9get a szab\u00e1lyosan k\u00f6zleked\u0151 teherg\u00e9pkocsinak, akinek a sof\u0151rje m\u00e1r nem tudott meg\u00e1llni, ez\u00e9rt \u00f6ssze\u00fctk\u00f6ztek.<\/p>\n<p>A baleset sor\u00e1n anyagi k\u00e1r keletkezett, szem\u00e9lyi s\u00e9r\u00fcl\u00e9s nem t\u00f6rt\u00e9nt.<\/p>\n<p><img fetchpriority=\"high\" decoding=\"async\" class=\"alignnone size-medium wp-image-50916 no-display appear\" src=\"https:\/\/i0.wp.com\/dorogimedence.hu\/wp-content\/uploads\/2023\/03\/galambos-greta-02.jpg?resize=200%2C300&amp;ssl=1\" sizes=\"(max-width: 200px) 100vw, 200px\" srcset=\"https:\/\/i0.wp.com\/dorogimedence.hu\/wp-content\/uploads\/2023\/03\/galambos-greta-02.jpg?resize=200%2C300&amp;ssl=1 200w, https:\/\/i0.wp.com\/dorogimedence.hu\/wp-content\/uploads\/2023\/03\/galambos-greta-02.jpg?resize=150%2C225&amp;ssl=1 150w, https:\/\/i0.wp.com\/dorogimedence.hu\/wp-content\/uploads\/2023\/03\/galambos-greta-02.jpg?w=400&amp;ssl=1 400w\" alt=\"\" data-attachment-id=\"50916\" data-permalink=\"https:\/\/dorogimedence.hu\/index.php\/2023\/03\/07\/ne-doljunk-be-az-alrendoroknek\/galambos-greta-02\/\" data-orig-file=\"https:\/\/i0.wp.com\/dorogimedence.hu\/wp-content\/uploads\/2023\/03\/galambos-greta-02.jpg?fit=400%2C601&amp;ssl=1\" data-orig-size=\"400,601\" data-comments-opened=\"0\" data-image-meta=\"{&quot;aperture&quot;:&quot;0&quot;,&quot;credit&quot;:&quot;&quot;,&quot;camera&quot;:&quot;&quot;,&quot;caption&quot;:&quot;&quot;,&quot;created_timestamp&quot;:&quot;0&quot;,&quot;copyright&quot;:&quot;&quot;,&quot;focal_length&quot;:&quot;0&quot;,&quot;iso&quot;:&quot;0&quot;,&quot;shutter_speed&quot;:&quot;0&quot;,&quot;title&quot;:&quot;&quot;,&quot;orientation&quot;:&quot;0&quot;}\" data-image-title=\"galambos-greta-02\" data-image-description=\"\" data-image-caption=\"\" data-medium-file=\"https:\/\/i0.wp.com\/dorogimedence.hu\/wp-content\/uploads\/2023\/03\/galambos-greta-02.jpg?fit=200%2C300&amp;ssl=1\" data-large-file=\"https:\/\/i0.wp.com\/dorogimedence.hu\/wp-content\/uploads\/2023\/03\/galambos-greta-02.jpg?fit=400%2C601&amp;ssl=1\" data-recalc-dims=\"1\" width=\"200\" height=\"300\"><\/p>\n<p><em>Racsn\u00e9 Galambos Gr\u00e9ta rend\u0151r \u0151rnagy,<br \/>\na Kom\u00e1rom-Esztergom V\u00e1rmegyei Rend\u0151r-f\u0151kapit\u00e1nys\u00e1g sz\u00f3viv\u0151je<\/em><\/p>\n<p><em>Bor\u00edt\u00f3k\u00e9p: B. Bianka (10-es \u00fat Facebook csoport)<\/em><\/p>\n","protected":false},"excerpt":{"rendered":"<p>M\u00e1rcius 9-\u00e9n, cs\u00fct\u00f6rt\u00f6k\u00f6n d\u00e9lel\u0151tt baleset t\u00f6rt\u00e9nt a 10-es f\u0151\u00fat nyerges\u00fajfalui szakasz\u00e1n. A Kom\u00e1rom-Esztergom V\u00e1rmegyei Rend\u0151r-f\u0151kapit\u00e1nys\u00e1g sz\u00f3viv\u0151je elmondta, hogy 11.55-kor \u00e9rkezett a bejelent\u00e9s, miszerint a Kossuth Lajos utc\u00e1ban egy szem\u00e9lyaut\u00f3 a templomn\u00e1l tal\u00e1lhat\u00f3 buszmeg\u00e1ll\u00f3ban k\u00edv\u00e1nt megfordulni, azonban nem adott els\u0151bbs\u00e9get a szab\u00e1lyosan k\u00f6zleked\u0151 teherg\u00e9pkocsinak, akinek a sof\u0151rje m\u00e1r nem tudott meg\u00e1llni, ez\u00e9rt \u00f6ssze\u00fctk\u00f6ztek. A baleset sor\u00e1n<\/p>\n","protected":false},"author":1,"featured_media":50984,"comment_status":"closed","ping_status":"closed","sticky":false,"template":"","format":"standard","meta":{"ngg_post_thumbnail":0,"footnotes":""},"categories":[3,39,1390],"tags":[48,45,44,140,61],"class_list":{"0":"post-50983","1":"post","2":"type-post","3":"status-publish","4":"format-standard","5":"has-post-thumbnail","7":"category-hirek","8":"category-kek-hirek","9":"category-nyergesujfalu","10":"tag-10-es-ut","11":"tag-autobaleset","12":"tag-baleset","13":"tag-nyergesujfalu","14":"tag-rendorsegi-hirek"},"yoast_head":"<!-- This site is optimized with the Yoast SEO plugin v27.5 - https:\/\/yoast.com\/product\/yoast-seo-wordpress\/ -->\n<title>Baleset t\u00f6rt\u00e9nt a 10-es \u00faton<\/title>\n<meta name=\"robots\" content=\"index, follow, max-snippet:-1, max-image-preview:large, max-video-preview:-1\" \/>\n<link rel=\"canonical\" href=\"https:\/\/dorogimedence.hu\/index.php\/2023\/03\/09\/baleset-tortent-a-10-es-uton-2\/\" class=\"yoast-seo-meta-tag\" \/>\n<meta property=\"og:locale\" content=\"hu_HU\" class=\"yoast-seo-meta-tag\" \/>\n<meta property=\"og:type\" content=\"article\" class=\"yoast-seo-meta-tag\" \/>\n<meta property=\"og:title\" content=\"Baleset t\u00f6rt\u00e9nt a 10-es \u00faton\" class=\"yoast-seo-meta-tag\" \/>\n<meta property=\"og:description\" content=\"M\u00e1rcius 9-\u00e9n, cs\u00fct\u00f6rt\u00f6k\u00f6n d\u00e9lel\u0151tt baleset t\u00f6rt\u00e9nt a 10-es f\u0151\u00fat nyerges\u00fajfalui szakasz\u00e1n. A Kom\u00e1rom-Esztergom V\u00e1rmegyei Rend\u0151r-f\u0151kapit\u00e1nys\u00e1g sz\u00f3viv\u0151je elmondta, hogy 11.55-kor \u00e9rkezett a bejelent\u00e9s, miszerint a Kossuth Lajos utc\u00e1ban egy szem\u00e9lyaut\u00f3 a templomn\u00e1l tal\u00e1lhat\u00f3 buszmeg\u00e1ll\u00f3ban k\u00edv\u00e1nt megfordulni, azonban nem adott els\u0151bbs\u00e9get a szab\u00e1lyosan k\u00f6zleked\u0151 teherg\u00e9pkocsinak, akinek a sof\u0151rje m\u00e1r nem tudott meg\u00e1llni, ez\u00e9rt \u00f6ssze\u00fctk\u00f6ztek. A baleset sor\u00e1n\" class=\"yoast-seo-meta-tag\" \/>\n<meta property=\"og:url\" content=\"https:\/\/dorogimedence.hu\/index.php\/2023\/03\/09\/baleset-tortent-a-10-es-uton-2\/\" class=\"yoast-seo-meta-tag\" \/>\n<meta property=\"og:site_name\" content=\"Dorogi-medence Region\u00e1lis H\u00edrport\u00e1l\" class=\"yoast-seo-meta-tag\" \/>\n<meta property=\"article:publisher\" content=\"https:\/\/www.facebook.com\/dorogimedence\/\" class=\"yoast-seo-meta-tag\" \/>\n<meta property=\"article:published_time\" content=\"2023-03-09T12:16:17+00:00\" class=\"yoast-seo-meta-tag\" \/>\n<meta property=\"article:modified_time\" content=\"2023-03-09T12:16:47+00:00\" class=\"yoast-seo-meta-tag\" \/>\n<meta property=\"og:image\" content=\"https:\/\/dorogimedence.hu\/wp-content\/uploads\/2023\/03\/baleset-nyerges-b-bianka.jpg\" class=\"yoast-seo-meta-tag\" \/>\n\t<meta property=\"og:image:width\" content=\"973\" class=\"yoast-seo-meta-tag\" \/>\n\t<meta property=\"og:image:height\" content=\"546\" class=\"yoast-seo-meta-tag\" \/>\n\t<meta property=\"og:image:type\" content=\"image\/jpeg\" class=\"yoast-seo-meta-tag\" \/>\n<meta name=\"author\" content=\"dorogimedence.hu\" class=\"yoast-seo-meta-tag\" \/>\n<meta name=\"twitter:card\" content=\"summary_large_image\" class=\"yoast-seo-meta-tag\" \/>\n<meta name=\"twitter:label1\" content=\"Szerz\u0151:\" class=\"yoast-seo-meta-tag\" \/>\n\t<meta name=\"twitter:data1\" content=\"dorogimedence.hu\" class=\"yoast-seo-meta-tag\" \/>\n\t<meta name=\"twitter:label2\" content=\"Becs\u00fclt olvas\u00e1si id\u0151\" class=\"yoast-seo-meta-tag\" \/>\n\t<meta name=\"twitter:data2\" content=\"1 perc\" class=\"yoast-seo-meta-tag\" \/>\n<script type=\"application\/ld+json\" class=\"yoast-schema-graph\">{\"@context\":\"https:\\\/\\\/schema.org\",\"@graph\":[{\"@type\":\"Article\",\"@id\":\"https:\\\/\\\/dorogimedence.hu\\\/index.php\\\/2023\\\/03\\\/09\\\/baleset-tortent-a-10-es-uton-2\\\/#article\",\"isPartOf\":{\"@id\":\"https:\\\/\\\/dorogimedence.hu\\\/index.php\\\/2023\\\/03\\\/09\\\/baleset-tortent-a-10-es-uton-2\\\/\"},\"author\":{\"name\":\"dorogimedence.hu\",\"@id\":\"https:\\\/\\\/dorogimedence.hu\\\/#\\\/schema\\\/person\\\/ce6091eeb7e95ecdc87890d6aa8e0fd4\"},\"headline\":\"Baleset t\u00f6rt\u00e9nt a 10-es \u00faton\",\"datePublished\":\"2023-03-09T12:16:17+00:00\",\"dateModified\":\"2023-03-09T12:16:47+00:00\",\"mainEntityOfPage\":{\"@id\":\"https:\\\/\\\/dorogimedence.hu\\\/index.php\\\/2023\\\/03\\\/09\\\/baleset-tortent-a-10-es-uton-2\\\/\"},\"wordCount\":148,\"publisher\":{\"@id\":\"https:\\\/\\\/dorogimedence.hu\\\/#organization\"},\"image\":{\"@id\":\"https:\\\/\\\/dorogimedence.hu\\\/index.php\\\/2023\\\/03\\\/09\\\/baleset-tortent-a-10-es-uton-2\\\/#primaryimage\"},\"thumbnailUrl\":\"https:\\\/\\\/dorogimedence.hu\\\/wp-content\\\/uploads\\\/2023\\\/03\\\/baleset-nyerges-b-bianka.jpg\",\"keywords\":[\"10-es \u00fat\",\"aut\u00f3baleset\",\"baleset\",\"Nyerges\u00fajfalu\",\"rend\u0151rs\u00e9gi h\u00edrek\"],\"articleSection\":[\"H\u00edrek\",\"K\u00e9k h\u00edrek\",\"Nyerges\u00fajfalu\"],\"inLanguage\":\"hu\"},{\"@type\":\"WebPage\",\"@id\":\"https:\\\/\\\/dorogimedence.hu\\\/index.php\\\/2023\\\/03\\\/09\\\/baleset-tortent-a-10-es-uton-2\\\/\",\"url\":\"https:\\\/\\\/dorogimedence.hu\\\/index.php\\\/2023\\\/03\\\/09\\\/baleset-tortent-a-10-es-uton-2\\\/\",\"name\":\"Baleset t\u00f6rt\u00e9nt a 10-es \u00faton\",\"isPartOf\":{\"@id\":\"https:\\\/\\\/dorogimedence.hu\\\/#website\"},\"primaryImageOfPage\":{\"@id\":\"https:\\\/\\\/dorogimedence.hu\\\/index.php\\\/2023\\\/03\\\/09\\\/baleset-tortent-a-10-es-uton-2\\\/#primaryimage\"},\"image\":{\"@id\":\"https:\\\/\\\/dorogimedence.hu\\\/index.php\\\/2023\\\/03\\\/09\\\/baleset-tortent-a-10-es-uton-2\\\/#primaryimage\"},\"thumbnailUrl\":\"https:\\\/\\\/dorogimedence.hu\\\/wp-content\\\/uploads\\\/2023\\\/03\\\/baleset-nyerges-b-bianka.jpg\",\"datePublished\":\"2023-03-09T12:16:17+00:00\",\"dateModified\":\"2023-03-09T12:16:47+00:00\",\"breadcrumb\":{\"@id\":\"https:\\\/\\\/dorogimedence.hu\\\/index.php\\\/2023\\\/03\\\/09\\\/baleset-tortent-a-10-es-uton-2\\\/#breadcrumb\"},\"inLanguage\":\"hu\",\"potentialAction\":[{\"@type\":\"ReadAction\",\"target\":[\"https:\\\/\\\/dorogimedence.hu\\\/index.php\\\/2023\\\/03\\\/09\\\/baleset-tortent-a-10-es-uton-2\\\/\"]}]},{\"@type\":\"ImageObject\",\"inLanguage\":\"hu\",\"@id\":\"https:\\\/\\\/dorogimedence.hu\\\/index.php\\\/2023\\\/03\\\/09\\\/baleset-tortent-a-10-es-uton-2\\\/#primaryimage\",\"url\":\"https:\\\/\\\/dorogimedence.hu\\\/wp-content\\\/uploads\\\/2023\\\/03\\\/baleset-nyerges-b-bianka.jpg\",\"contentUrl\":\"https:\\\/\\\/dorogimedence.hu\\\/wp-content\\\/uploads\\\/2023\\\/03\\\/baleset-nyerges-b-bianka.jpg\",\"width\":973,\"height\":546},{\"@type\":\"BreadcrumbList\",\"@id\":\"https:\\\/\\\/dorogimedence.hu\\\/index.php\\\/2023\\\/03\\\/09\\\/baleset-tortent-a-10-es-uton-2\\\/#breadcrumb\",\"itemListElement\":[{\"@type\":\"ListItem\",\"position\":1,\"name\":\"Kezd\u0151lap\",\"item\":\"https:\\\/\\\/dorogimedence.hu\\\/\"},{\"@type\":\"ListItem\",\"position\":2,\"name\":\"Baleset t\u00f6rt\u00e9nt a 10-es \u00faton\"}]},{\"@type\":\"WebSite\",\"@id\":\"https:\\\/\\\/dorogimedence.hu\\\/#website\",\"url\":\"https:\\\/\\\/dorogimedence.hu\\\/\",\"name\":\"Dorogi-medence Region\u00e1lis H\u00edrport\u00e1l\",\"description\":\"Dorog, Keszt\u00f6lc, Le\u00e1nyv\u00e1r, Piliscs\u00e9v, Tokod, Tokodalt\u00e1r\u00f3, Csolnok, Esztergom-kertv\u00e1ros: h\u00edrek, programok\",\"publisher\":{\"@id\":\"https:\\\/\\\/dorogimedence.hu\\\/#organization\"},\"potentialAction\":[{\"@type\":\"SearchAction\",\"target\":{\"@type\":\"EntryPoint\",\"urlTemplate\":\"https:\\\/\\\/dorogimedence.hu\\\/?s={search_term_string}\"},\"query-input\":{\"@type\":\"PropertyValueSpecification\",\"valueRequired\":true,\"valueName\":\"search_term_string\"}}],\"inLanguage\":\"hu\"},{\"@type\":\"Organization\",\"@id\":\"https:\\\/\\\/dorogimedence.hu\\\/#organization\",\"name\":\"Dorogi-medence Region\u00e1lis H\u00edrport\u00e1l\",\"url\":\"https:\\\/\\\/dorogimedence.hu\\\/\",\"logo\":{\"@type\":\"ImageObject\",\"inLanguage\":\"hu\",\"@id\":\"https:\\\/\\\/dorogimedence.hu\\\/#\\\/schema\\\/logo\\\/image\\\/\",\"url\":\"https:\\\/\\\/dorogimedence.hu\\\/wp-content\\\/uploads\\\/2021\\\/04\\\/logo-feher-600.png\",\"contentUrl\":\"https:\\\/\\\/dorogimedence.hu\\\/wp-content\\\/uploads\\\/2021\\\/04\\\/logo-feher-600.png\",\"width\":600,\"height\":100,\"caption\":\"Dorogi-medence Region\u00e1lis H\u00edrport\u00e1l\"},\"image\":{\"@id\":\"https:\\\/\\\/dorogimedence.hu\\\/#\\\/schema\\\/logo\\\/image\\\/\"},\"sameAs\":[\"https:\\\/\\\/www.facebook.com\\\/dorogimedence\\\/\"]},{\"@type\":\"Person\",\"@id\":\"https:\\\/\\\/dorogimedence.hu\\\/#\\\/schema\\\/person\\\/ce6091eeb7e95ecdc87890d6aa8e0fd4\",\"name\":\"dorogimedence.hu\",\"image\":{\"@type\":\"ImageObject\",\"inLanguage\":\"hu\",\"@id\":\"\\\/\\\/www.gravatar.com\\\/avatar\\\/d8d45f8901aadff40a4af72c0b826f1d?s=96&#038;r=g&#038;d=mm\",\"url\":\"\\\/\\\/www.gravatar.com\\\/avatar\\\/d8d45f8901aadff40a4af72c0b826f1d?s=96&#038;r=g&#038;d=mm\",\"contentUrl\":\"\\\/\\\/www.gravatar.com\\\/avatar\\\/d8d45f8901aadff40a4af72c0b826f1d?s=96&#038;r=g&#038;d=mm\",\"caption\":\"dorogimedence.hu\"}}]}<\/script>\n<!-- \/ Yoast SEO plugin. -->","yoast_head_json":{"title":"Baleset t\u00f6rt\u00e9nt a 10-es \u00faton","robots":{"index":"index","follow":"follow","max-snippet":"max-snippet:-1","max-image-preview":"max-image-preview:large","max-video-preview":"max-video-preview:-1"},"canonical":"https:\/\/dorogimedence.hu\/index.php\/2023\/03\/09\/baleset-tortent-a-10-es-uton-2\/","og_locale":"hu_HU","og_type":"article","og_title":"Baleset t\u00f6rt\u00e9nt a 10-es \u00faton","og_description":"M\u00e1rcius 9-\u00e9n, cs\u00fct\u00f6rt\u00f6k\u00f6n d\u00e9lel\u0151tt baleset t\u00f6rt\u00e9nt a 10-es f\u0151\u00fat nyerges\u00fajfalui szakasz\u00e1n. A Kom\u00e1rom-Esztergom V\u00e1rmegyei Rend\u0151r-f\u0151kapit\u00e1nys\u00e1g sz\u00f3viv\u0151je elmondta, hogy 11.55-kor \u00e9rkezett a bejelent\u00e9s, miszerint a Kossuth Lajos utc\u00e1ban egy szem\u00e9lyaut\u00f3 a templomn\u00e1l tal\u00e1lhat\u00f3 buszmeg\u00e1ll\u00f3ban k\u00edv\u00e1nt megfordulni, azonban nem adott els\u0151bbs\u00e9get a szab\u00e1lyosan k\u00f6zleked\u0151 teherg\u00e9pkocsinak, akinek a sof\u0151rje m\u00e1r nem tudott meg\u00e1llni, ez\u00e9rt \u00f6ssze\u00fctk\u00f6ztek. A baleset sor\u00e1n","og_url":"https:\/\/dorogimedence.hu\/index.php\/2023\/03\/09\/baleset-tortent-a-10-es-uton-2\/","og_site_name":"Dorogi-medence Region\u00e1lis H\u00edrport\u00e1l","article_publisher":"https:\/\/www.facebook.com\/dorogimedence\/","article_published_time":"2023-03-09T12:16:17+00:00","article_modified_time":"2023-03-09T12:16:47+00:00","og_image":[{"width":973,"height":546,"url":"https:\/\/dorogimedence.hu\/wp-content\/uploads\/2023\/03\/baleset-nyerges-b-bianka.jpg","type":"image\/jpeg"}],"author":"dorogimedence.hu","twitter_card":"summary_large_image","twitter_misc":{"Szerz\u0151:":"dorogimedence.hu","Becs\u00fclt olvas\u00e1si id\u0151":"1 perc"},"schema":{"@context":"https:\/\/schema.org","@graph":[{"@type":"Article","@id":"https:\/\/dorogimedence.hu\/index.php\/2023\/03\/09\/baleset-tortent-a-10-es-uton-2\/#article","isPartOf":{"@id":"https:\/\/dorogimedence.hu\/index.php\/2023\/03\/09\/baleset-tortent-a-10-es-uton-2\/"},"author":{"name":"dorogimedence.hu","@id":"https:\/\/dorogimedence.hu\/#\/schema\/person\/ce6091eeb7e95ecdc87890d6aa8e0fd4"},"headline":"Baleset t\u00f6rt\u00e9nt a 10-es \u00faton","datePublished":"2023-03-09T12:16:17+00:00","dateModified":"2023-03-09T12:16:47+00:00","mainEntityOfPage":{"@id":"https:\/\/dorogimedence.hu\/index.php\/2023\/03\/09\/baleset-tortent-a-10-es-uton-2\/"},"wordCount":148,"publisher":{"@id":"https:\/\/dorogimedence.hu\/#organization"},"image":{"@id":"https:\/\/dorogimedence.hu\/index.php\/2023\/03\/09\/baleset-tortent-a-10-es-uton-2\/#primaryimage"},"thumbnailUrl":"https:\/\/dorogimedence.hu\/wp-content\/uploads\/2023\/03\/baleset-nyerges-b-bianka.jpg","keywords":["10-es \u00fat","aut\u00f3baleset","baleset","Nyerges\u00fajfalu","rend\u0151rs\u00e9gi h\u00edrek"],"articleSection":["H\u00edrek","K\u00e9k h\u00edrek","Nyerges\u00fajfalu"],"inLanguage":"hu"},{"@type":"WebPage","@id":"https:\/\/dorogimedence.hu\/index.php\/2023\/03\/09\/baleset-tortent-a-10-es-uton-2\/","url":"https:\/\/dorogimedence.hu\/index.php\/2023\/03\/09\/baleset-tortent-a-10-es-uton-2\/","name":"Baleset t\u00f6rt\u00e9nt a 10-es \u00faton","isPartOf":{"@id":"https:\/\/dorogimedence.hu\/#website"},"primaryImageOfPage":{"@id":"https:\/\/dorogimedence.hu\/index.php\/2023\/03\/09\/baleset-tortent-a-10-es-uton-2\/#primaryimage"},"image":{"@id":"https:\/\/dorogimedence.hu\/index.php\/2023\/03\/09\/baleset-tortent-a-10-es-uton-2\/#primaryimage"},"thumbnailUrl":"https:\/\/dorogimedence.hu\/wp-content\/uploads\/2023\/03\/baleset-nyerges-b-bianka.jpg","datePublished":"2023-03-09T12:16:17+00:00","dateModified":"2023-03-09T12:16:47+00:00","breadcrumb":{"@id":"https:\/\/dorogimedence.hu\/index.php\/2023\/03\/09\/baleset-tortent-a-10-es-uton-2\/#breadcrumb"},"inLanguage":"hu","potentialAction":[{"@type":"ReadAction","target":["https:\/\/dorogimedence.hu\/index.php\/2023\/03\/09\/baleset-tortent-a-10-es-uton-2\/"]}]},{"@type":"ImageObject","inLanguage":"hu","@id":"https:\/\/dorogimedence.hu\/index.php\/2023\/03\/09\/baleset-tortent-a-10-es-uton-2\/#primaryimage","url":"https:\/\/dorogimedence.hu\/wp-content\/uploads\/2023\/03\/baleset-nyerges-b-bianka.jpg","contentUrl":"https:\/\/dorogimedence.hu\/wp-content\/uploads\/2023\/03\/baleset-nyerges-b-bianka.jpg","width":973,"height":546},{"@type":"BreadcrumbList","@id":"https:\/\/dorogimedence.hu\/index.php\/2023\/03\/09\/baleset-tortent-a-10-es-uton-2\/#breadcrumb","itemListElement":[{"@type":"ListItem","position":1,"name":"Kezd\u0151lap","item":"https:\/\/dorogimedence.hu\/"},{"@type":"ListItem","position":2,"name":"Baleset t\u00f6rt\u00e9nt a 10-es \u00faton"}]},{"@type":"WebSite","@id":"https:\/\/dorogimedence.hu\/#website","url":"https:\/\/dorogimedence.hu\/","name":"Dorogi-medence Region\u00e1lis H\u00edrport\u00e1l","description":"Dorog, Keszt\u00f6lc, Le\u00e1nyv\u00e1r, Piliscs\u00e9v, Tokod, Tokodalt\u00e1r\u00f3, Csolnok, Esztergom-kertv\u00e1ros: h\u00edrek, programok","publisher":{"@id":"https:\/\/dorogimedence.hu\/#organization"},"potentialAction":[{"@type":"SearchAction","target":{"@type":"EntryPoint","urlTemplate":"https:\/\/dorogimedence.hu\/?s={search_term_string}"},"query-input":{"@type":"PropertyValueSpecification","valueRequired":true,"valueName":"search_term_string"}}],"inLanguage":"hu"},{"@type":"Organization","@id":"https:\/\/dorogimedence.hu\/#organization","name":"Dorogi-medence Region\u00e1lis H\u00edrport\u00e1l","url":"https:\/\/dorogimedence.hu\/","logo":{"@type":"ImageObject","inLanguage":"hu","@id":"https:\/\/dorogimedence.hu\/#\/schema\/logo\/image\/","url":"https:\/\/dorogimedence.hu\/wp-content\/uploads\/2021\/04\/logo-feher-600.png","contentUrl":"https:\/\/dorogimedence.hu\/wp-content\/uploads\/2021\/04\/logo-feher-600.png","width":600,"height":100,"caption":"Dorogi-medence Region\u00e1lis H\u00edrport\u00e1l"},"image":{"@id":"https:\/\/dorogimedence.hu\/#\/schema\/logo\/image\/"},"sameAs":["https:\/\/www.facebook.com\/dorogimedence\/"]},{"@type":"Person","@id":"https:\/\/dorogimedence.hu\/#\/schema\/person\/ce6091eeb7e95ecdc87890d6aa8e0fd4","name":"dorogimedence.hu","image":{"@type":"ImageObject","inLanguage":"hu","@id":"\/\/www.gravatar.com\/avatar\/d8d45f8901aadff40a4af72c0b826f1d?s=96&#038;r=g&#038;d=mm","url":"\/\/www.gravatar.com\/avatar\/d8d45f8901aadff40a4af72c0b826f1d?s=96&#038;r=g&#038;d=mm","contentUrl":"\/\/www.gravatar.com\/avatar\/d8d45f8901aadff40a4af72c0b826f1d?s=96&#038;r=g&#038;d=mm","caption":"dorogimedence.hu"}}]}},"_links":{"self":[{"href":"https:\/\/dorogimedence.hu\/index.php\/wp-json\/wp\/v2\/posts\/50983","targetHints":{"allow":["GET"]}}],"collection":[{"href":"https:\/\/dorogimedence.hu\/index.php\/wp-json\/wp\/v2\/posts"}],"about":[{"href":"https:\/\/dorogimedence.hu\/index.php\/wp-json\/wp\/v2\/types\/post"}],"author":[{"embeddable":true,"href":"https:\/\/dorogimedence.hu\/index.php\/wp-json\/wp\/v2\/users\/1"}],"replies":[{"embeddable":true,"href":"https:\/\/dorogimedence.hu\/index.php\/wp-json\/wp\/v2\/comments?post=50983"}],"version-history":[{"count":0,"href":"https:\/\/dorogimedence.hu\/index.php\/wp-json\/wp\/v2\/posts\/50983\/revisions"}],"wp:featuredmedia":[{"embeddable":true,"href":"https:\/\/dorogimedence.hu\/index.php\/wp-json\/wp\/v2\/media\/50984"}],"wp:attachment":[{"href":"https:\/\/dorogimedence.hu\/index.php\/wp-json\/wp\/v2\/media?parent=50983"}],"wp:term":[{"taxonomy":"category","embeddable":true,"href":"https:\/\/dorogimedence.hu\/index.php\/wp-json\/wp\/v2\/categories?post=50983"},{"taxonomy":"post_tag","embeddable":true,"href":"https:\/\/dorogimedence.hu\/index.php\/wp-json\/wp\/v2\/tags?post=50983"}],"curies":[{"name":"wp","href":"https:\/\/api.w.org\/{rel}","templated":true}]}}