{"id":50944,"date":"2023-03-08T12:04:05","date_gmt":"2023-03-08T11:04:05","guid":{"rendered":"https:\/\/dorogimedence.hu\/?p=50944"},"modified":"2023-03-08T12:04:48","modified_gmt":"2023-03-08T11:04:48","slug":"vonaton-felejtette-az-ertekeit-azonnal-laba-kelt","status":"publish","type":"post","link":"https:\/\/dorogimedence.hu\/index.php\/2023\/03\/08\/vonaton-felejtette-az-ertekeit-azonnal-laba-kelt\/","title":{"rendered":"Vonaton felejtette az \u00e9rt\u00e9keit, azonnal l\u00e1ba k\u00e9lt"},"content":{"rendered":"<p><strong>Az elk\u00f6vet\u0151 eltette a s\u00e9rtett p\u00e9nzt\u00e1rc\u00e1j\u00e1t, a bankk\u00e1rty\u00e1j\u00e1t haszn\u00e1lni pr\u00f3b\u00e1lta, iratait kidobta. A dorogi nyomoz\u00f3k a 36 \u00e9ves f\u00e9rfit kihallgatt\u00e1k.<\/strong><\/p>\n<p>A s\u00e9rtett febru\u00e1r 11-\u00e9n&nbsp;vonattal utazott, majd a dorogi vas\u00fat\u00e1llom\u00e1son lesz\u00e1llt. A p\u00e9nzt\u00e1rc\u00e1j\u00e1t \u00e9s a telefonj\u00e1t viszont a f\u00fclk\u00e9ben hagyta. A 36 \u00e9ves utast\u00e1rsa ezt \u00e9szrevette, majd az \u00e9rt\u00e9keket mag\u00e1hoz vette. A t\u00e1rc\u00e1t \u00e1tvizsg\u00e1lta, az okm\u00e1nyokat kidobta, a tal\u00e1lt 19 ezer forintot elk\u00f6lt\u00f6tte. A s\u00e9rtett bankk\u00e1rty\u00e1j\u00e1val&nbsp;m\u00e1snap egy budapesti \u00fczletben akart v\u00e1s\u00e1rolni. A s\u00e9rtett id\u0151k\u00f6zben a k\u00e1rty\u00e1j\u00e1t letiltotta, \u00edgy a tranzakci\u00f3 nem siker\u00fclt.<\/p>\n<p>A dorogi rend\u0151r\u00f6k a bevezetett nyomozati cselekm\u00e9nyek sor\u00e1n azonos\u00edtott\u00e1k P. Viktor 36 \u00e9ves esztergomi lakost, akit m\u00e1rcius 7-\u00e9n gyan\u00fas\u00edtottk\u00e9nt kihallgattak. A f\u00e9rfi a b\u0171ncselekm\u00e9ny elk\u00f6vet\u00e9s\u00e9t beismerte. Elmondta, hogy a lopott telefon eladta. Ellene csal\u00e1s b\u0171ntett k\u00eds\u00e9rlet \u00e9s lop\u00e1s miatt indult b\u00fcntet\u0151elj\u00e1r\u00e1s.<\/p>\n<p><em>Forr\u00e1s: police.hu<\/em><\/p>\n","protected":false},"excerpt":{"rendered":"<p>Az elk\u00f6vet\u0151 eltette a s\u00e9rtett p\u00e9nzt\u00e1rc\u00e1j\u00e1t, a bankk\u00e1rty\u00e1j\u00e1t haszn\u00e1lni pr\u00f3b\u00e1lta, iratait kidobta. A dorogi nyomoz\u00f3k a 36 \u00e9ves f\u00e9rfit kihallgatt\u00e1k. A s\u00e9rtett febru\u00e1r 11-\u00e9n&nbsp;vonattal utazott, majd a dorogi vas\u00fat\u00e1llom\u00e1son lesz\u00e1llt. A p\u00e9nzt\u00e1rc\u00e1j\u00e1t \u00e9s a telefonj\u00e1t viszont a f\u00fclk\u00e9ben hagyta. A 36 \u00e9ves utast\u00e1rsa ezt \u00e9szrevette, majd az \u00e9rt\u00e9keket mag\u00e1hoz vette. A t\u00e1rc\u00e1t \u00e1tvizsg\u00e1lta, az okm\u00e1nyokat<\/p>\n","protected":false},"author":1,"featured_media":27113,"comment_status":"closed","ping_status":"closed","sticky":false,"template":"","format":"standard","meta":{"ngg_post_thumbnail":0,"footnotes":""},"categories":[2,3,39],"tags":[63,15,447,61],"class_list":{"0":"post-50944","1":"post","2":"type-post","3":"status-publish","4":"format-standard","5":"has-post-thumbnail","7":"category-dorog","8":"category-hirek","9":"category-kek-hirek","10":"tag-buncselekmeny","11":"tag-dorog","12":"tag-lopas","13":"tag-rendorsegi-hirek"},"yoast_head":"<!-- This site is optimized with the Yoast SEO plugin v27.4 - https:\/\/yoast.com\/product\/yoast-seo-wordpress\/ -->\n<title>Vonaton felejtette az \u00e9rt\u00e9keit, azonnal l\u00e1ba k\u00e9lt<\/title>\n<meta name=\"robots\" content=\"index, follow, max-snippet:-1, max-image-preview:large, max-video-preview:-1\" \/>\n<link rel=\"canonical\" href=\"https:\/\/dorogimedence.hu\/index.php\/2023\/03\/08\/vonaton-felejtette-az-ertekeit-azonnal-laba-kelt\/\" class=\"yoast-seo-meta-tag\" \/>\n<meta property=\"og:locale\" content=\"hu_HU\" class=\"yoast-seo-meta-tag\" \/>\n<meta property=\"og:type\" content=\"article\" class=\"yoast-seo-meta-tag\" \/>\n<meta property=\"og:title\" content=\"Vonaton felejtette az \u00e9rt\u00e9keit, azonnal l\u00e1ba k\u00e9lt\" class=\"yoast-seo-meta-tag\" \/>\n<meta property=\"og:description\" content=\"Az elk\u00f6vet\u0151 eltette a s\u00e9rtett p\u00e9nzt\u00e1rc\u00e1j\u00e1t, a bankk\u00e1rty\u00e1j\u00e1t haszn\u00e1lni pr\u00f3b\u00e1lta, iratait kidobta. A dorogi nyomoz\u00f3k a 36 \u00e9ves f\u00e9rfit kihallgatt\u00e1k. A s\u00e9rtett febru\u00e1r 11-\u00e9n&nbsp;vonattal utazott, majd a dorogi vas\u00fat\u00e1llom\u00e1son lesz\u00e1llt. A p\u00e9nzt\u00e1rc\u00e1j\u00e1t \u00e9s a telefonj\u00e1t viszont a f\u00fclk\u00e9ben hagyta. A 36 \u00e9ves utast\u00e1rsa ezt \u00e9szrevette, majd az \u00e9rt\u00e9keket mag\u00e1hoz vette. A t\u00e1rc\u00e1t \u00e1tvizsg\u00e1lta, az okm\u00e1nyokat\" class=\"yoast-seo-meta-tag\" \/>\n<meta property=\"og:url\" content=\"https:\/\/dorogimedence.hu\/index.php\/2023\/03\/08\/vonaton-felejtette-az-ertekeit-azonnal-laba-kelt\/\" class=\"yoast-seo-meta-tag\" \/>\n<meta property=\"og:site_name\" content=\"Dorogi-medence Region\u00e1lis H\u00edrport\u00e1l\" class=\"yoast-seo-meta-tag\" \/>\n<meta property=\"article:publisher\" content=\"https:\/\/www.facebook.com\/dorogimedence\/\" class=\"yoast-seo-meta-tag\" \/>\n<meta property=\"article:published_time\" content=\"2023-03-08T11:04:05+00:00\" class=\"yoast-seo-meta-tag\" \/>\n<meta property=\"article:modified_time\" content=\"2023-03-08T11:04:48+00:00\" class=\"yoast-seo-meta-tag\" \/>\n<meta property=\"og:image\" content=\"https:\/\/dorogimedence.hu\/wp-content\/uploads\/2020\/09\/rendorseg-dorog.jpg\" class=\"yoast-seo-meta-tag\" \/>\n\t<meta property=\"og:image:width\" content=\"830\" class=\"yoast-seo-meta-tag\" \/>\n\t<meta property=\"og:image:height\" content=\"450\" class=\"yoast-seo-meta-tag\" \/>\n\t<meta property=\"og:image:type\" content=\"image\/jpeg\" class=\"yoast-seo-meta-tag\" \/>\n<meta name=\"author\" content=\"dorogimedence.hu\" class=\"yoast-seo-meta-tag\" \/>\n<meta name=\"twitter:card\" content=\"summary_large_image\" class=\"yoast-seo-meta-tag\" \/>\n<meta name=\"twitter:label1\" content=\"Szerz\u0151:\" class=\"yoast-seo-meta-tag\" \/>\n\t<meta name=\"twitter:data1\" content=\"dorogimedence.hu\" class=\"yoast-seo-meta-tag\" \/>\n\t<meta name=\"twitter:label2\" content=\"Becs\u00fclt olvas\u00e1si id\u0151\" class=\"yoast-seo-meta-tag\" \/>\n\t<meta name=\"twitter:data2\" content=\"1 perc\" class=\"yoast-seo-meta-tag\" \/>\n<script type=\"application\/ld+json\" class=\"yoast-schema-graph\">{\"@context\":\"https:\\\/\\\/schema.org\",\"@graph\":[{\"@type\":\"Article\",\"@id\":\"https:\\\/\\\/dorogimedence.hu\\\/index.php\\\/2023\\\/03\\\/08\\\/vonaton-felejtette-az-ertekeit-azonnal-laba-kelt\\\/#article\",\"isPartOf\":{\"@id\":\"https:\\\/\\\/dorogimedence.hu\\\/index.php\\\/2023\\\/03\\\/08\\\/vonaton-felejtette-az-ertekeit-azonnal-laba-kelt\\\/\"},\"author\":{\"name\":\"dorogimedence.hu\",\"@id\":\"https:\\\/\\\/dorogimedence.hu\\\/#\\\/schema\\\/person\\\/ce6091eeb7e95ecdc87890d6aa8e0fd4\"},\"headline\":\"Vonaton felejtette az \u00e9rt\u00e9keit, azonnal l\u00e1ba k\u00e9lt\",\"datePublished\":\"2023-03-08T11:04:05+00:00\",\"dateModified\":\"2023-03-08T11:04:48+00:00\",\"mainEntityOfPage\":{\"@id\":\"https:\\\/\\\/dorogimedence.hu\\\/index.php\\\/2023\\\/03\\\/08\\\/vonaton-felejtette-az-ertekeit-azonnal-laba-kelt\\\/\"},\"wordCount\":215,\"publisher\":{\"@id\":\"https:\\\/\\\/dorogimedence.hu\\\/#organization\"},\"image\":{\"@id\":\"https:\\\/\\\/dorogimedence.hu\\\/index.php\\\/2023\\\/03\\\/08\\\/vonaton-felejtette-az-ertekeit-azonnal-laba-kelt\\\/#primaryimage\"},\"thumbnailUrl\":\"https:\\\/\\\/dorogimedence.hu\\\/wp-content\\\/uploads\\\/2020\\\/09\\\/rendorseg-dorog.jpg\",\"keywords\":[\"b\u0171ncselekm\u00e9ny\",\"Dorog\",\"lop\u00e1s\",\"rend\u0151rs\u00e9gi h\u00edrek\"],\"articleSection\":[\"Dorog\",\"H\u00edrek\",\"K\u00e9k h\u00edrek\"],\"inLanguage\":\"hu\"},{\"@type\":\"WebPage\",\"@id\":\"https:\\\/\\\/dorogimedence.hu\\\/index.php\\\/2023\\\/03\\\/08\\\/vonaton-felejtette-az-ertekeit-azonnal-laba-kelt\\\/\",\"url\":\"https:\\\/\\\/dorogimedence.hu\\\/index.php\\\/2023\\\/03\\\/08\\\/vonaton-felejtette-az-ertekeit-azonnal-laba-kelt\\\/\",\"name\":\"Vonaton felejtette az \u00e9rt\u00e9keit, azonnal l\u00e1ba k\u00e9lt\",\"isPartOf\":{\"@id\":\"https:\\\/\\\/dorogimedence.hu\\\/#website\"},\"primaryImageOfPage\":{\"@id\":\"https:\\\/\\\/dorogimedence.hu\\\/index.php\\\/2023\\\/03\\\/08\\\/vonaton-felejtette-az-ertekeit-azonnal-laba-kelt\\\/#primaryimage\"},\"image\":{\"@id\":\"https:\\\/\\\/dorogimedence.hu\\\/index.php\\\/2023\\\/03\\\/08\\\/vonaton-felejtette-az-ertekeit-azonnal-laba-kelt\\\/#primaryimage\"},\"thumbnailUrl\":\"https:\\\/\\\/dorogimedence.hu\\\/wp-content\\\/uploads\\\/2020\\\/09\\\/rendorseg-dorog.jpg\",\"datePublished\":\"2023-03-08T11:04:05+00:00\",\"dateModified\":\"2023-03-08T11:04:48+00:00\",\"breadcrumb\":{\"@id\":\"https:\\\/\\\/dorogimedence.hu\\\/index.php\\\/2023\\\/03\\\/08\\\/vonaton-felejtette-az-ertekeit-azonnal-laba-kelt\\\/#breadcrumb\"},\"inLanguage\":\"hu\",\"potentialAction\":[{\"@type\":\"ReadAction\",\"target\":[\"https:\\\/\\\/dorogimedence.hu\\\/index.php\\\/2023\\\/03\\\/08\\\/vonaton-felejtette-az-ertekeit-azonnal-laba-kelt\\\/\"]}]},{\"@type\":\"ImageObject\",\"inLanguage\":\"hu\",\"@id\":\"https:\\\/\\\/dorogimedence.hu\\\/index.php\\\/2023\\\/03\\\/08\\\/vonaton-felejtette-az-ertekeit-azonnal-laba-kelt\\\/#primaryimage\",\"url\":\"https:\\\/\\\/dorogimedence.hu\\\/wp-content\\\/uploads\\\/2020\\\/09\\\/rendorseg-dorog.jpg\",\"contentUrl\":\"https:\\\/\\\/dorogimedence.hu\\\/wp-content\\\/uploads\\\/2020\\\/09\\\/rendorseg-dorog.jpg\",\"width\":830,\"height\":450},{\"@type\":\"BreadcrumbList\",\"@id\":\"https:\\\/\\\/dorogimedence.hu\\\/index.php\\\/2023\\\/03\\\/08\\\/vonaton-felejtette-az-ertekeit-azonnal-laba-kelt\\\/#breadcrumb\",\"itemListElement\":[{\"@type\":\"ListItem\",\"position\":1,\"name\":\"Kezd\u0151lap\",\"item\":\"https:\\\/\\\/dorogimedence.hu\\\/\"},{\"@type\":\"ListItem\",\"position\":2,\"name\":\"Vonaton felejtette az \u00e9rt\u00e9keit, azonnal l\u00e1ba k\u00e9lt\"}]},{\"@type\":\"WebSite\",\"@id\":\"https:\\\/\\\/dorogimedence.hu\\\/#website\",\"url\":\"https:\\\/\\\/dorogimedence.hu\\\/\",\"name\":\"Dorogi-medence Region\u00e1lis H\u00edrport\u00e1l\",\"description\":\"Dorog, Keszt\u00f6lc, Le\u00e1nyv\u00e1r, Piliscs\u00e9v, Tokod, Tokodalt\u00e1r\u00f3, Csolnok, Esztergom-kertv\u00e1ros: h\u00edrek, programok\",\"publisher\":{\"@id\":\"https:\\\/\\\/dorogimedence.hu\\\/#organization\"},\"potentialAction\":[{\"@type\":\"SearchAction\",\"target\":{\"@type\":\"EntryPoint\",\"urlTemplate\":\"https:\\\/\\\/dorogimedence.hu\\\/?s={search_term_string}\"},\"query-input\":{\"@type\":\"PropertyValueSpecification\",\"valueRequired\":true,\"valueName\":\"search_term_string\"}}],\"inLanguage\":\"hu\"},{\"@type\":\"Organization\",\"@id\":\"https:\\\/\\\/dorogimedence.hu\\\/#organization\",\"name\":\"Dorogi-medence Region\u00e1lis H\u00edrport\u00e1l\",\"url\":\"https:\\\/\\\/dorogimedence.hu\\\/\",\"logo\":{\"@type\":\"ImageObject\",\"inLanguage\":\"hu\",\"@id\":\"https:\\\/\\\/dorogimedence.hu\\\/#\\\/schema\\\/logo\\\/image\\\/\",\"url\":\"https:\\\/\\\/dorogimedence.hu\\\/wp-content\\\/uploads\\\/2021\\\/04\\\/logo-feher-600.png\",\"contentUrl\":\"https:\\\/\\\/dorogimedence.hu\\\/wp-content\\\/uploads\\\/2021\\\/04\\\/logo-feher-600.png\",\"width\":600,\"height\":100,\"caption\":\"Dorogi-medence Region\u00e1lis H\u00edrport\u00e1l\"},\"image\":{\"@id\":\"https:\\\/\\\/dorogimedence.hu\\\/#\\\/schema\\\/logo\\\/image\\\/\"},\"sameAs\":[\"https:\\\/\\\/www.facebook.com\\\/dorogimedence\\\/\"]},{\"@type\":\"Person\",\"@id\":\"https:\\\/\\\/dorogimedence.hu\\\/#\\\/schema\\\/person\\\/ce6091eeb7e95ecdc87890d6aa8e0fd4\",\"name\":\"dorogimedence.hu\",\"image\":{\"@type\":\"ImageObject\",\"inLanguage\":\"hu\",\"@id\":\"\\\/\\\/www.gravatar.com\\\/avatar\\\/d8d45f8901aadff40a4af72c0b826f1d?s=96&#038;r=g&#038;d=mm\",\"url\":\"\\\/\\\/www.gravatar.com\\\/avatar\\\/d8d45f8901aadff40a4af72c0b826f1d?s=96&#038;r=g&#038;d=mm\",\"contentUrl\":\"\\\/\\\/www.gravatar.com\\\/avatar\\\/d8d45f8901aadff40a4af72c0b826f1d?s=96&#038;r=g&#038;d=mm\",\"caption\":\"dorogimedence.hu\"}}]}<\/script>\n<!-- \/ Yoast SEO plugin. -->","yoast_head_json":{"title":"Vonaton felejtette az \u00e9rt\u00e9keit, azonnal l\u00e1ba k\u00e9lt","robots":{"index":"index","follow":"follow","max-snippet":"max-snippet:-1","max-image-preview":"max-image-preview:large","max-video-preview":"max-video-preview:-1"},"canonical":"https:\/\/dorogimedence.hu\/index.php\/2023\/03\/08\/vonaton-felejtette-az-ertekeit-azonnal-laba-kelt\/","og_locale":"hu_HU","og_type":"article","og_title":"Vonaton felejtette az \u00e9rt\u00e9keit, azonnal l\u00e1ba k\u00e9lt","og_description":"Az elk\u00f6vet\u0151 eltette a s\u00e9rtett p\u00e9nzt\u00e1rc\u00e1j\u00e1t, a bankk\u00e1rty\u00e1j\u00e1t haszn\u00e1lni pr\u00f3b\u00e1lta, iratait kidobta. A dorogi nyomoz\u00f3k a 36 \u00e9ves f\u00e9rfit kihallgatt\u00e1k. A s\u00e9rtett febru\u00e1r 11-\u00e9n&nbsp;vonattal utazott, majd a dorogi vas\u00fat\u00e1llom\u00e1son lesz\u00e1llt. A p\u00e9nzt\u00e1rc\u00e1j\u00e1t \u00e9s a telefonj\u00e1t viszont a f\u00fclk\u00e9ben hagyta. A 36 \u00e9ves utast\u00e1rsa ezt \u00e9szrevette, majd az \u00e9rt\u00e9keket mag\u00e1hoz vette. A t\u00e1rc\u00e1t \u00e1tvizsg\u00e1lta, az okm\u00e1nyokat","og_url":"https:\/\/dorogimedence.hu\/index.php\/2023\/03\/08\/vonaton-felejtette-az-ertekeit-azonnal-laba-kelt\/","og_site_name":"Dorogi-medence Region\u00e1lis H\u00edrport\u00e1l","article_publisher":"https:\/\/www.facebook.com\/dorogimedence\/","article_published_time":"2023-03-08T11:04:05+00:00","article_modified_time":"2023-03-08T11:04:48+00:00","og_image":[{"width":830,"height":450,"url":"https:\/\/dorogimedence.hu\/wp-content\/uploads\/2020\/09\/rendorseg-dorog.jpg","type":"image\/jpeg"}],"author":"dorogimedence.hu","twitter_card":"summary_large_image","twitter_misc":{"Szerz\u0151:":"dorogimedence.hu","Becs\u00fclt olvas\u00e1si id\u0151":"1 perc"},"schema":{"@context":"https:\/\/schema.org","@graph":[{"@type":"Article","@id":"https:\/\/dorogimedence.hu\/index.php\/2023\/03\/08\/vonaton-felejtette-az-ertekeit-azonnal-laba-kelt\/#article","isPartOf":{"@id":"https:\/\/dorogimedence.hu\/index.php\/2023\/03\/08\/vonaton-felejtette-az-ertekeit-azonnal-laba-kelt\/"},"author":{"name":"dorogimedence.hu","@id":"https:\/\/dorogimedence.hu\/#\/schema\/person\/ce6091eeb7e95ecdc87890d6aa8e0fd4"},"headline":"Vonaton felejtette az \u00e9rt\u00e9keit, azonnal l\u00e1ba k\u00e9lt","datePublished":"2023-03-08T11:04:05+00:00","dateModified":"2023-03-08T11:04:48+00:00","mainEntityOfPage":{"@id":"https:\/\/dorogimedence.hu\/index.php\/2023\/03\/08\/vonaton-felejtette-az-ertekeit-azonnal-laba-kelt\/"},"wordCount":215,"publisher":{"@id":"https:\/\/dorogimedence.hu\/#organization"},"image":{"@id":"https:\/\/dorogimedence.hu\/index.php\/2023\/03\/08\/vonaton-felejtette-az-ertekeit-azonnal-laba-kelt\/#primaryimage"},"thumbnailUrl":"https:\/\/dorogimedence.hu\/wp-content\/uploads\/2020\/09\/rendorseg-dorog.jpg","keywords":["b\u0171ncselekm\u00e9ny","Dorog","lop\u00e1s","rend\u0151rs\u00e9gi h\u00edrek"],"articleSection":["Dorog","H\u00edrek","K\u00e9k h\u00edrek"],"inLanguage":"hu"},{"@type":"WebPage","@id":"https:\/\/dorogimedence.hu\/index.php\/2023\/03\/08\/vonaton-felejtette-az-ertekeit-azonnal-laba-kelt\/","url":"https:\/\/dorogimedence.hu\/index.php\/2023\/03\/08\/vonaton-felejtette-az-ertekeit-azonnal-laba-kelt\/","name":"Vonaton felejtette az \u00e9rt\u00e9keit, azonnal l\u00e1ba k\u00e9lt","isPartOf":{"@id":"https:\/\/dorogimedence.hu\/#website"},"primaryImageOfPage":{"@id":"https:\/\/dorogimedence.hu\/index.php\/2023\/03\/08\/vonaton-felejtette-az-ertekeit-azonnal-laba-kelt\/#primaryimage"},"image":{"@id":"https:\/\/dorogimedence.hu\/index.php\/2023\/03\/08\/vonaton-felejtette-az-ertekeit-azonnal-laba-kelt\/#primaryimage"},"thumbnailUrl":"https:\/\/dorogimedence.hu\/wp-content\/uploads\/2020\/09\/rendorseg-dorog.jpg","datePublished":"2023-03-08T11:04:05+00:00","dateModified":"2023-03-08T11:04:48+00:00","breadcrumb":{"@id":"https:\/\/dorogimedence.hu\/index.php\/2023\/03\/08\/vonaton-felejtette-az-ertekeit-azonnal-laba-kelt\/#breadcrumb"},"inLanguage":"hu","potentialAction":[{"@type":"ReadAction","target":["https:\/\/dorogimedence.hu\/index.php\/2023\/03\/08\/vonaton-felejtette-az-ertekeit-azonnal-laba-kelt\/"]}]},{"@type":"ImageObject","inLanguage":"hu","@id":"https:\/\/dorogimedence.hu\/index.php\/2023\/03\/08\/vonaton-felejtette-az-ertekeit-azonnal-laba-kelt\/#primaryimage","url":"https:\/\/dorogimedence.hu\/wp-content\/uploads\/2020\/09\/rendorseg-dorog.jpg","contentUrl":"https:\/\/dorogimedence.hu\/wp-content\/uploads\/2020\/09\/rendorseg-dorog.jpg","width":830,"height":450},{"@type":"BreadcrumbList","@id":"https:\/\/dorogimedence.hu\/index.php\/2023\/03\/08\/vonaton-felejtette-az-ertekeit-azonnal-laba-kelt\/#breadcrumb","itemListElement":[{"@type":"ListItem","position":1,"name":"Kezd\u0151lap","item":"https:\/\/dorogimedence.hu\/"},{"@type":"ListItem","position":2,"name":"Vonaton felejtette az \u00e9rt\u00e9keit, azonnal l\u00e1ba k\u00e9lt"}]},{"@type":"WebSite","@id":"https:\/\/dorogimedence.hu\/#website","url":"https:\/\/dorogimedence.hu\/","name":"Dorogi-medence Region\u00e1lis H\u00edrport\u00e1l","description":"Dorog, Keszt\u00f6lc, Le\u00e1nyv\u00e1r, Piliscs\u00e9v, Tokod, Tokodalt\u00e1r\u00f3, Csolnok, Esztergom-kertv\u00e1ros: h\u00edrek, programok","publisher":{"@id":"https:\/\/dorogimedence.hu\/#organization"},"potentialAction":[{"@type":"SearchAction","target":{"@type":"EntryPoint","urlTemplate":"https:\/\/dorogimedence.hu\/?s={search_term_string}"},"query-input":{"@type":"PropertyValueSpecification","valueRequired":true,"valueName":"search_term_string"}}],"inLanguage":"hu"},{"@type":"Organization","@id":"https:\/\/dorogimedence.hu\/#organization","name":"Dorogi-medence Region\u00e1lis H\u00edrport\u00e1l","url":"https:\/\/dorogimedence.hu\/","logo":{"@type":"ImageObject","inLanguage":"hu","@id":"https:\/\/dorogimedence.hu\/#\/schema\/logo\/image\/","url":"https:\/\/dorogimedence.hu\/wp-content\/uploads\/2021\/04\/logo-feher-600.png","contentUrl":"https:\/\/dorogimedence.hu\/wp-content\/uploads\/2021\/04\/logo-feher-600.png","width":600,"height":100,"caption":"Dorogi-medence Region\u00e1lis H\u00edrport\u00e1l"},"image":{"@id":"https:\/\/dorogimedence.hu\/#\/schema\/logo\/image\/"},"sameAs":["https:\/\/www.facebook.com\/dorogimedence\/"]},{"@type":"Person","@id":"https:\/\/dorogimedence.hu\/#\/schema\/person\/ce6091eeb7e95ecdc87890d6aa8e0fd4","name":"dorogimedence.hu","image":{"@type":"ImageObject","inLanguage":"hu","@id":"\/\/www.gravatar.com\/avatar\/d8d45f8901aadff40a4af72c0b826f1d?s=96&#038;r=g&#038;d=mm","url":"\/\/www.gravatar.com\/avatar\/d8d45f8901aadff40a4af72c0b826f1d?s=96&#038;r=g&#038;d=mm","contentUrl":"\/\/www.gravatar.com\/avatar\/d8d45f8901aadff40a4af72c0b826f1d?s=96&#038;r=g&#038;d=mm","caption":"dorogimedence.hu"}}]}},"_links":{"self":[{"href":"https:\/\/dorogimedence.hu\/index.php\/wp-json\/wp\/v2\/posts\/50944","targetHints":{"allow":["GET"]}}],"collection":[{"href":"https:\/\/dorogimedence.hu\/index.php\/wp-json\/wp\/v2\/posts"}],"about":[{"href":"https:\/\/dorogimedence.hu\/index.php\/wp-json\/wp\/v2\/types\/post"}],"author":[{"embeddable":true,"href":"https:\/\/dorogimedence.hu\/index.php\/wp-json\/wp\/v2\/users\/1"}],"replies":[{"embeddable":true,"href":"https:\/\/dorogimedence.hu\/index.php\/wp-json\/wp\/v2\/comments?post=50944"}],"version-history":[{"count":0,"href":"https:\/\/dorogimedence.hu\/index.php\/wp-json\/wp\/v2\/posts\/50944\/revisions"}],"wp:featuredmedia":[{"embeddable":true,"href":"https:\/\/dorogimedence.hu\/index.php\/wp-json\/wp\/v2\/media\/27113"}],"wp:attachment":[{"href":"https:\/\/dorogimedence.hu\/index.php\/wp-json\/wp\/v2\/media?parent=50944"}],"wp:term":[{"taxonomy":"category","embeddable":true,"href":"https:\/\/dorogimedence.hu\/index.php\/wp-json\/wp\/v2\/categories?post=50944"},{"taxonomy":"post_tag","embeddable":true,"href":"https:\/\/dorogimedence.hu\/index.php\/wp-json\/wp\/v2\/tags?post=50944"}],"curies":[{"name":"wp","href":"https:\/\/api.w.org\/{rel}","templated":true}]}}