{"id":50912,"date":"2023-03-07T09:33:52","date_gmt":"2023-03-07T08:33:52","guid":{"rendered":"https:\/\/dorogimedence.hu\/?p=50912"},"modified":"2023-03-09T13:21:04","modified_gmt":"2023-03-09T12:21:04","slug":"megkezdodik-az-uj-esztergomi-piac-arusito-asztalainak-berlesi-igenyfelmerese","status":"publish","type":"post","link":"https:\/\/dorogimedence.hu\/index.php\/2023\/03\/07\/megkezdodik-az-uj-esztergomi-piac-arusito-asztalainak-berlesi-igenyfelmerese\/","title":{"rendered":"Megkezd\u0151dik az \u00daj Esztergomi Piac \u00e1rus\u00edt\u00f3 asztalainak b\u00e9rl\u00e9si ig\u00e9nyfelm\u00e9r\u00e9se"},"content":{"rendered":"<p><strong>2023. m\u00e1jus\u00e1ban 23 b\u00e9rlem\u00e9nnyel \u00e9s 58 \u00e9rt\u00e9kes\u00edt\u0151i asztallal nyitja meg kapuit az \u00daj Esztergomi Piac, a belv\u00e1ros sz\u00edv\u00e9ben, a Simor J\u00e1nos utc\u00e1ban. A b\u00e9rlem\u00e9nyek b\u00e9rbead\u00e1sa t\u00f6bb mint 85%-ban megval\u00f3sult, \u00e9s megkezd\u0151dik a piaci asztalok b\u00e9rl\u00e9si ig\u00e9nyfelm\u00e9r\u00e9se.&nbsp;<\/strong><\/p>\n<p>Az \u00e1rus\u00edt\u00f3 asztalok b\u00e9rl\u00e9s\u00e9re alkalmi, szezon\u00e1lis (negyed\u00e9ves) vagy \u00e9ves b\u00e9rleti szerz\u0151d\u00e9seket is lehet k\u00f6tni.<\/p>\n<p>Els\u0151 k\u00f6rben a jelenlegi piacon \u00e9rt\u00e9kes\u00edt\u0151i tev\u00e9kenys\u00e9get folytat\u00f3 v\u00e1llalkoz\u00f3kat, valamint tov\u00e1bbi esztergomi keresked\u0151ket \u00e9s \u0151stermel\u0151ket sz\u00f3l\u00edtjuk meg.<\/p>\n<p>Az \u00daj Esztergomi Piac \u00e1rus\u00edt\u00f3 asztalokra vonatkoz\u00f3 ig\u00e9nyl\u0151lap formanyomtatv\u00e1nyt az al\u00e1bbiakban k\u00f6zz\u00e9tessz\u00fck.<\/p>\n<p><a href=\"https:\/\/esztergom.hu\/items\/carousels\/piac2023\/Ig\u00e9nyl\u0151lap_\u00e1rus\u00edt\u00f3_asztalok.docx\" target=\"_blank\" rel=\"noopener\"><span style=\"text-decoration: underline; color: #0000ff;\">Ig\u00e9nyl\u0151lap<\/span><\/a> (let\u00f6lthet\u0151 form\u00e1tum)<\/p>\n<p><a href=\"https:\/\/esztergom.hu\/items\/carousels\/piac2023\/Asztal_kioszt\u00e1s_t\u00e9rk\u00e9p.pdf\" target=\"_blank\" rel=\"noopener\"><span style=\"text-decoration: underline; color: #0000ff;\">Piac t\u00e9rk\u00e9p\/asztal kioszt\u00e1s<\/span><\/a> (let\u00f6lthet\u0151 form\u00e1tum)<\/p>\n<p>Az ig\u00e9nyl\u0151lap kit\u00f6lt\u00e9s\u00e9vel \u00e9s annak bek\u00fcld\u00e9s\u00e9vel megkezd\u0151dik a piac asztalok kioszt\u00e1sa \u00e9s az \u00faj szerz\u0151d\u00e9sek megk\u00f6t\u00e9se.<\/p>\n<p>Az ig\u00e9nyl\u0151lapot bor\u00edt\u00e9kban&nbsp;az Esztergomi Turisztikai Nonprofit Kft., 2500 Esztergom, Sz\u00e9chenyi t\u00e9r 14. c\u00edmre kell leadni&nbsp;vagy e-mailben kell elk\u00fcldeni a <a href=\"mailto:vincze.marianna@esztergomipiac.hu\" target=\"_blank\" rel=\"noopener\"><span style=\"text-decoration: underline; color: #0000ff;\">vincze.marianna@esztergomipiac.hu<\/span><\/a> e-mail c\u00edmre, melynek be\u00e9rkez\u00e9si hat\u00e1rideje:&nbsp;<strong>2023. m\u00e1rcius 13., 12:00&nbsp;\u00f3ra.<\/strong><\/p>\n<p>Az ig\u00e9nyl\u0151lap kit\u00f6lt\u00e9se k\u00f6telezetts\u00e9ggel nem j\u00e1r, \u00edgy b\u00edztatunk mindenkit a kapcsolatfelv\u00e9telre!<\/p>\n<p><em>Bor\u00edt\u00f3k\u00e9p, forr\u00e1s: esztergom.hu<\/em><\/p>\n","protected":false},"excerpt":{"rendered":"<p>2023. m\u00e1jus\u00e1ban 23 b\u00e9rlem\u00e9nnyel \u00e9s 58 \u00e9rt\u00e9kes\u00edt\u0151i asztallal nyitja meg kapuit az \u00daj Esztergomi Piac, a belv\u00e1ros sz\u00edv\u00e9ben, a Simor J\u00e1nos utc\u00e1ban. A b\u00e9rlem\u00e9nyek b\u00e9rbead\u00e1sa t\u00f6bb mint 85%-ban megval\u00f3sult, \u00e9s megkezd\u0151dik a piaci asztalok b\u00e9rl\u00e9si ig\u00e9nyfelm\u00e9r\u00e9se.&nbsp; Az \u00e1rus\u00edt\u00f3 asztalok b\u00e9rl\u00e9s\u00e9re alkalmi, szezon\u00e1lis (negyed\u00e9ves) vagy \u00e9ves b\u00e9rleti szerz\u0151d\u00e9seket is lehet k\u00f6tni. Els\u0151 k\u00f6rben a jelenlegi piacon<\/p>\n","protected":false},"author":1,"featured_media":50913,"comment_status":"closed","ping_status":"closed","sticky":false,"template":"","format":"standard","meta":{"ngg_post_thumbnail":0,"footnotes":""},"categories":[38,3],"tags":[42,1006,6987],"class_list":{"0":"post-50912","1":"post","2":"type-post","3":"status-publish","4":"format-standard","5":"has-post-thumbnail","7":"category-esztergom","8":"category-hirek","9":"tag-esztergom","10":"tag-piac","11":"tag-uj-esztergomi-piac"},"yoast_head":"<!-- This site is optimized with the Yoast SEO plugin v27.5 - https:\/\/yoast.com\/product\/yoast-seo-wordpress\/ -->\n<title>Megkezd\u0151dik az \u00daj Esztergomi Piac \u00e1rus\u00edt\u00f3 asztalainak b\u00e9rl\u00e9si ig\u00e9nyfelm\u00e9r\u00e9se<\/title>\n<meta name=\"robots\" content=\"index, follow, max-snippet:-1, max-image-preview:large, max-video-preview:-1\" \/>\n<link rel=\"canonical\" href=\"https:\/\/dorogimedence.hu\/index.php\/2023\/03\/07\/megkezdodik-az-uj-esztergomi-piac-arusito-asztalainak-berlesi-igenyfelmerese\/\" class=\"yoast-seo-meta-tag\" \/>\n<meta property=\"og:locale\" content=\"hu_HU\" class=\"yoast-seo-meta-tag\" \/>\n<meta property=\"og:type\" content=\"article\" class=\"yoast-seo-meta-tag\" \/>\n<meta property=\"og:title\" content=\"Megkezd\u0151dik az \u00daj Esztergomi Piac \u00e1rus\u00edt\u00f3 asztalainak b\u00e9rl\u00e9si ig\u00e9nyfelm\u00e9r\u00e9se\" class=\"yoast-seo-meta-tag\" \/>\n<meta property=\"og:description\" content=\"2023. m\u00e1jus\u00e1ban 23 b\u00e9rlem\u00e9nnyel \u00e9s 58 \u00e9rt\u00e9kes\u00edt\u0151i asztallal nyitja meg kapuit az \u00daj Esztergomi Piac, a belv\u00e1ros sz\u00edv\u00e9ben, a Simor J\u00e1nos utc\u00e1ban. A b\u00e9rlem\u00e9nyek b\u00e9rbead\u00e1sa t\u00f6bb mint 85%-ban megval\u00f3sult, \u00e9s megkezd\u0151dik a piaci asztalok b\u00e9rl\u00e9si ig\u00e9nyfelm\u00e9r\u00e9se.&nbsp; Az \u00e1rus\u00edt\u00f3 asztalok b\u00e9rl\u00e9s\u00e9re alkalmi, szezon\u00e1lis (negyed\u00e9ves) vagy \u00e9ves b\u00e9rleti szerz\u0151d\u00e9seket is lehet k\u00f6tni. Els\u0151 k\u00f6rben a jelenlegi piacon\" class=\"yoast-seo-meta-tag\" \/>\n<meta property=\"og:url\" content=\"https:\/\/dorogimedence.hu\/index.php\/2023\/03\/07\/megkezdodik-az-uj-esztergomi-piac-arusito-asztalainak-berlesi-igenyfelmerese\/\" class=\"yoast-seo-meta-tag\" \/>\n<meta property=\"og:site_name\" content=\"Dorogi-medence Region\u00e1lis H\u00edrport\u00e1l\" class=\"yoast-seo-meta-tag\" \/>\n<meta property=\"article:publisher\" content=\"https:\/\/www.facebook.com\/dorogimedence\/\" class=\"yoast-seo-meta-tag\" \/>\n<meta property=\"article:published_time\" content=\"2023-03-07T08:33:52+00:00\" class=\"yoast-seo-meta-tag\" \/>\n<meta property=\"article:modified_time\" content=\"2023-03-09T12:21:04+00:00\" class=\"yoast-seo-meta-tag\" \/>\n<meta property=\"og:image\" content=\"https:\/\/dorogimedence.hu\/wp-content\/uploads\/2023\/03\/ACCamera_2_1200x628px.jpg\" class=\"yoast-seo-meta-tag\" \/>\n\t<meta property=\"og:image:width\" content=\"1200\" class=\"yoast-seo-meta-tag\" \/>\n\t<meta property=\"og:image:height\" content=\"628\" class=\"yoast-seo-meta-tag\" \/>\n\t<meta property=\"og:image:type\" content=\"image\/jpeg\" class=\"yoast-seo-meta-tag\" \/>\n<meta name=\"author\" content=\"dorogimedence.hu\" class=\"yoast-seo-meta-tag\" \/>\n<meta name=\"twitter:card\" content=\"summary_large_image\" class=\"yoast-seo-meta-tag\" \/>\n<meta name=\"twitter:label1\" content=\"Szerz\u0151:\" class=\"yoast-seo-meta-tag\" \/>\n\t<meta name=\"twitter:data1\" content=\"dorogimedence.hu\" class=\"yoast-seo-meta-tag\" \/>\n\t<meta name=\"twitter:label2\" content=\"Becs\u00fclt olvas\u00e1si id\u0151\" class=\"yoast-seo-meta-tag\" \/>\n\t<meta name=\"twitter:data2\" content=\"1 perc\" class=\"yoast-seo-meta-tag\" \/>\n<script type=\"application\/ld+json\" class=\"yoast-schema-graph\">{\"@context\":\"https:\\\/\\\/schema.org\",\"@graph\":[{\"@type\":\"Article\",\"@id\":\"https:\\\/\\\/dorogimedence.hu\\\/index.php\\\/2023\\\/03\\\/07\\\/megkezdodik-az-uj-esztergomi-piac-arusito-asztalainak-berlesi-igenyfelmerese\\\/#article\",\"isPartOf\":{\"@id\":\"https:\\\/\\\/dorogimedence.hu\\\/index.php\\\/2023\\\/03\\\/07\\\/megkezdodik-az-uj-esztergomi-piac-arusito-asztalainak-berlesi-igenyfelmerese\\\/\"},\"author\":{\"name\":\"dorogimedence.hu\",\"@id\":\"https:\\\/\\\/dorogimedence.hu\\\/#\\\/schema\\\/person\\\/ce6091eeb7e95ecdc87890d6aa8e0fd4\"},\"headline\":\"Megkezd\u0151dik az \u00daj Esztergomi Piac \u00e1rus\u00edt\u00f3 asztalainak b\u00e9rl\u00e9si ig\u00e9nyfelm\u00e9r\u00e9se\",\"datePublished\":\"2023-03-07T08:33:52+00:00\",\"dateModified\":\"2023-03-09T12:21:04+00:00\",\"mainEntityOfPage\":{\"@id\":\"https:\\\/\\\/dorogimedence.hu\\\/index.php\\\/2023\\\/03\\\/07\\\/megkezdodik-az-uj-esztergomi-piac-arusito-asztalainak-berlesi-igenyfelmerese\\\/\"},\"wordCount\":271,\"publisher\":{\"@id\":\"https:\\\/\\\/dorogimedence.hu\\\/#organization\"},\"image\":{\"@id\":\"https:\\\/\\\/dorogimedence.hu\\\/index.php\\\/2023\\\/03\\\/07\\\/megkezdodik-az-uj-esztergomi-piac-arusito-asztalainak-berlesi-igenyfelmerese\\\/#primaryimage\"},\"thumbnailUrl\":\"https:\\\/\\\/dorogimedence.hu\\\/wp-content\\\/uploads\\\/2023\\\/03\\\/ACCamera_2_1200x628px.jpg\",\"keywords\":[\"esztergom\",\"piac\",\"\u00daj Esztergomi Piac\"],\"articleSection\":[\"Esztergom\",\"H\u00edrek\"],\"inLanguage\":\"hu\"},{\"@type\":\"WebPage\",\"@id\":\"https:\\\/\\\/dorogimedence.hu\\\/index.php\\\/2023\\\/03\\\/07\\\/megkezdodik-az-uj-esztergomi-piac-arusito-asztalainak-berlesi-igenyfelmerese\\\/\",\"url\":\"https:\\\/\\\/dorogimedence.hu\\\/index.php\\\/2023\\\/03\\\/07\\\/megkezdodik-az-uj-esztergomi-piac-arusito-asztalainak-berlesi-igenyfelmerese\\\/\",\"name\":\"Megkezd\u0151dik az \u00daj Esztergomi Piac \u00e1rus\u00edt\u00f3 asztalainak b\u00e9rl\u00e9si ig\u00e9nyfelm\u00e9r\u00e9se\",\"isPartOf\":{\"@id\":\"https:\\\/\\\/dorogimedence.hu\\\/#website\"},\"primaryImageOfPage\":{\"@id\":\"https:\\\/\\\/dorogimedence.hu\\\/index.php\\\/2023\\\/03\\\/07\\\/megkezdodik-az-uj-esztergomi-piac-arusito-asztalainak-berlesi-igenyfelmerese\\\/#primaryimage\"},\"image\":{\"@id\":\"https:\\\/\\\/dorogimedence.hu\\\/index.php\\\/2023\\\/03\\\/07\\\/megkezdodik-az-uj-esztergomi-piac-arusito-asztalainak-berlesi-igenyfelmerese\\\/#primaryimage\"},\"thumbnailUrl\":\"https:\\\/\\\/dorogimedence.hu\\\/wp-content\\\/uploads\\\/2023\\\/03\\\/ACCamera_2_1200x628px.jpg\",\"datePublished\":\"2023-03-07T08:33:52+00:00\",\"dateModified\":\"2023-03-09T12:21:04+00:00\",\"breadcrumb\":{\"@id\":\"https:\\\/\\\/dorogimedence.hu\\\/index.php\\\/2023\\\/03\\\/07\\\/megkezdodik-az-uj-esztergomi-piac-arusito-asztalainak-berlesi-igenyfelmerese\\\/#breadcrumb\"},\"inLanguage\":\"hu\",\"potentialAction\":[{\"@type\":\"ReadAction\",\"target\":[\"https:\\\/\\\/dorogimedence.hu\\\/index.php\\\/2023\\\/03\\\/07\\\/megkezdodik-az-uj-esztergomi-piac-arusito-asztalainak-berlesi-igenyfelmerese\\\/\"]}]},{\"@type\":\"ImageObject\",\"inLanguage\":\"hu\",\"@id\":\"https:\\\/\\\/dorogimedence.hu\\\/index.php\\\/2023\\\/03\\\/07\\\/megkezdodik-az-uj-esztergomi-piac-arusito-asztalainak-berlesi-igenyfelmerese\\\/#primaryimage\",\"url\":\"https:\\\/\\\/dorogimedence.hu\\\/wp-content\\\/uploads\\\/2023\\\/03\\\/ACCamera_2_1200x628px.jpg\",\"contentUrl\":\"https:\\\/\\\/dorogimedence.hu\\\/wp-content\\\/uploads\\\/2023\\\/03\\\/ACCamera_2_1200x628px.jpg\",\"width\":1200,\"height\":628},{\"@type\":\"BreadcrumbList\",\"@id\":\"https:\\\/\\\/dorogimedence.hu\\\/index.php\\\/2023\\\/03\\\/07\\\/megkezdodik-az-uj-esztergomi-piac-arusito-asztalainak-berlesi-igenyfelmerese\\\/#breadcrumb\",\"itemListElement\":[{\"@type\":\"ListItem\",\"position\":1,\"name\":\"Kezd\u0151lap\",\"item\":\"https:\\\/\\\/dorogimedence.hu\\\/\"},{\"@type\":\"ListItem\",\"position\":2,\"name\":\"Megkezd\u0151dik az \u00daj Esztergomi Piac \u00e1rus\u00edt\u00f3 asztalainak b\u00e9rl\u00e9si ig\u00e9nyfelm\u00e9r\u00e9se\"}]},{\"@type\":\"WebSite\",\"@id\":\"https:\\\/\\\/dorogimedence.hu\\\/#website\",\"url\":\"https:\\\/\\\/dorogimedence.hu\\\/\",\"name\":\"Dorogi-medence Region\u00e1lis H\u00edrport\u00e1l\",\"description\":\"Dorog, Keszt\u00f6lc, Le\u00e1nyv\u00e1r, Piliscs\u00e9v, Tokod, Tokodalt\u00e1r\u00f3, Csolnok, Esztergom-kertv\u00e1ros: h\u00edrek, programok\",\"publisher\":{\"@id\":\"https:\\\/\\\/dorogimedence.hu\\\/#organization\"},\"potentialAction\":[{\"@type\":\"SearchAction\",\"target\":{\"@type\":\"EntryPoint\",\"urlTemplate\":\"https:\\\/\\\/dorogimedence.hu\\\/?s={search_term_string}\"},\"query-input\":{\"@type\":\"PropertyValueSpecification\",\"valueRequired\":true,\"valueName\":\"search_term_string\"}}],\"inLanguage\":\"hu\"},{\"@type\":\"Organization\",\"@id\":\"https:\\\/\\\/dorogimedence.hu\\\/#organization\",\"name\":\"Dorogi-medence Region\u00e1lis H\u00edrport\u00e1l\",\"url\":\"https:\\\/\\\/dorogimedence.hu\\\/\",\"logo\":{\"@type\":\"ImageObject\",\"inLanguage\":\"hu\",\"@id\":\"https:\\\/\\\/dorogimedence.hu\\\/#\\\/schema\\\/logo\\\/image\\\/\",\"url\":\"https:\\\/\\\/dorogimedence.hu\\\/wp-content\\\/uploads\\\/2021\\\/04\\\/logo-feher-600.png\",\"contentUrl\":\"https:\\\/\\\/dorogimedence.hu\\\/wp-content\\\/uploads\\\/2021\\\/04\\\/logo-feher-600.png\",\"width\":600,\"height\":100,\"caption\":\"Dorogi-medence Region\u00e1lis H\u00edrport\u00e1l\"},\"image\":{\"@id\":\"https:\\\/\\\/dorogimedence.hu\\\/#\\\/schema\\\/logo\\\/image\\\/\"},\"sameAs\":[\"https:\\\/\\\/www.facebook.com\\\/dorogimedence\\\/\"]},{\"@type\":\"Person\",\"@id\":\"https:\\\/\\\/dorogimedence.hu\\\/#\\\/schema\\\/person\\\/ce6091eeb7e95ecdc87890d6aa8e0fd4\",\"name\":\"dorogimedence.hu\",\"image\":{\"@type\":\"ImageObject\",\"inLanguage\":\"hu\",\"@id\":\"\\\/\\\/www.gravatar.com\\\/avatar\\\/d8d45f8901aadff40a4af72c0b826f1d?s=96&#038;r=g&#038;d=mm\",\"url\":\"\\\/\\\/www.gravatar.com\\\/avatar\\\/d8d45f8901aadff40a4af72c0b826f1d?s=96&#038;r=g&#038;d=mm\",\"contentUrl\":\"\\\/\\\/www.gravatar.com\\\/avatar\\\/d8d45f8901aadff40a4af72c0b826f1d?s=96&#038;r=g&#038;d=mm\",\"caption\":\"dorogimedence.hu\"}}]}<\/script>\n<!-- \/ Yoast SEO plugin. -->","yoast_head_json":{"title":"Megkezd\u0151dik az \u00daj Esztergomi Piac \u00e1rus\u00edt\u00f3 asztalainak b\u00e9rl\u00e9si ig\u00e9nyfelm\u00e9r\u00e9se","robots":{"index":"index","follow":"follow","max-snippet":"max-snippet:-1","max-image-preview":"max-image-preview:large","max-video-preview":"max-video-preview:-1"},"canonical":"https:\/\/dorogimedence.hu\/index.php\/2023\/03\/07\/megkezdodik-az-uj-esztergomi-piac-arusito-asztalainak-berlesi-igenyfelmerese\/","og_locale":"hu_HU","og_type":"article","og_title":"Megkezd\u0151dik az \u00daj Esztergomi Piac \u00e1rus\u00edt\u00f3 asztalainak b\u00e9rl\u00e9si ig\u00e9nyfelm\u00e9r\u00e9se","og_description":"2023. m\u00e1jus\u00e1ban 23 b\u00e9rlem\u00e9nnyel \u00e9s 58 \u00e9rt\u00e9kes\u00edt\u0151i asztallal nyitja meg kapuit az \u00daj Esztergomi Piac, a belv\u00e1ros sz\u00edv\u00e9ben, a Simor J\u00e1nos utc\u00e1ban. A b\u00e9rlem\u00e9nyek b\u00e9rbead\u00e1sa t\u00f6bb mint 85%-ban megval\u00f3sult, \u00e9s megkezd\u0151dik a piaci asztalok b\u00e9rl\u00e9si ig\u00e9nyfelm\u00e9r\u00e9se.&nbsp; Az \u00e1rus\u00edt\u00f3 asztalok b\u00e9rl\u00e9s\u00e9re alkalmi, szezon\u00e1lis (negyed\u00e9ves) vagy \u00e9ves b\u00e9rleti szerz\u0151d\u00e9seket is lehet k\u00f6tni. Els\u0151 k\u00f6rben a jelenlegi piacon","og_url":"https:\/\/dorogimedence.hu\/index.php\/2023\/03\/07\/megkezdodik-az-uj-esztergomi-piac-arusito-asztalainak-berlesi-igenyfelmerese\/","og_site_name":"Dorogi-medence Region\u00e1lis H\u00edrport\u00e1l","article_publisher":"https:\/\/www.facebook.com\/dorogimedence\/","article_published_time":"2023-03-07T08:33:52+00:00","article_modified_time":"2023-03-09T12:21:04+00:00","og_image":[{"width":1200,"height":628,"url":"https:\/\/dorogimedence.hu\/wp-content\/uploads\/2023\/03\/ACCamera_2_1200x628px.jpg","type":"image\/jpeg"}],"author":"dorogimedence.hu","twitter_card":"summary_large_image","twitter_misc":{"Szerz\u0151:":"dorogimedence.hu","Becs\u00fclt olvas\u00e1si id\u0151":"1 perc"},"schema":{"@context":"https:\/\/schema.org","@graph":[{"@type":"Article","@id":"https:\/\/dorogimedence.hu\/index.php\/2023\/03\/07\/megkezdodik-az-uj-esztergomi-piac-arusito-asztalainak-berlesi-igenyfelmerese\/#article","isPartOf":{"@id":"https:\/\/dorogimedence.hu\/index.php\/2023\/03\/07\/megkezdodik-az-uj-esztergomi-piac-arusito-asztalainak-berlesi-igenyfelmerese\/"},"author":{"name":"dorogimedence.hu","@id":"https:\/\/dorogimedence.hu\/#\/schema\/person\/ce6091eeb7e95ecdc87890d6aa8e0fd4"},"headline":"Megkezd\u0151dik az \u00daj Esztergomi Piac \u00e1rus\u00edt\u00f3 asztalainak b\u00e9rl\u00e9si ig\u00e9nyfelm\u00e9r\u00e9se","datePublished":"2023-03-07T08:33:52+00:00","dateModified":"2023-03-09T12:21:04+00:00","mainEntityOfPage":{"@id":"https:\/\/dorogimedence.hu\/index.php\/2023\/03\/07\/megkezdodik-az-uj-esztergomi-piac-arusito-asztalainak-berlesi-igenyfelmerese\/"},"wordCount":271,"publisher":{"@id":"https:\/\/dorogimedence.hu\/#organization"},"image":{"@id":"https:\/\/dorogimedence.hu\/index.php\/2023\/03\/07\/megkezdodik-az-uj-esztergomi-piac-arusito-asztalainak-berlesi-igenyfelmerese\/#primaryimage"},"thumbnailUrl":"https:\/\/dorogimedence.hu\/wp-content\/uploads\/2023\/03\/ACCamera_2_1200x628px.jpg","keywords":["esztergom","piac","\u00daj Esztergomi Piac"],"articleSection":["Esztergom","H\u00edrek"],"inLanguage":"hu"},{"@type":"WebPage","@id":"https:\/\/dorogimedence.hu\/index.php\/2023\/03\/07\/megkezdodik-az-uj-esztergomi-piac-arusito-asztalainak-berlesi-igenyfelmerese\/","url":"https:\/\/dorogimedence.hu\/index.php\/2023\/03\/07\/megkezdodik-az-uj-esztergomi-piac-arusito-asztalainak-berlesi-igenyfelmerese\/","name":"Megkezd\u0151dik az \u00daj Esztergomi Piac \u00e1rus\u00edt\u00f3 asztalainak b\u00e9rl\u00e9si ig\u00e9nyfelm\u00e9r\u00e9se","isPartOf":{"@id":"https:\/\/dorogimedence.hu\/#website"},"primaryImageOfPage":{"@id":"https:\/\/dorogimedence.hu\/index.php\/2023\/03\/07\/megkezdodik-az-uj-esztergomi-piac-arusito-asztalainak-berlesi-igenyfelmerese\/#primaryimage"},"image":{"@id":"https:\/\/dorogimedence.hu\/index.php\/2023\/03\/07\/megkezdodik-az-uj-esztergomi-piac-arusito-asztalainak-berlesi-igenyfelmerese\/#primaryimage"},"thumbnailUrl":"https:\/\/dorogimedence.hu\/wp-content\/uploads\/2023\/03\/ACCamera_2_1200x628px.jpg","datePublished":"2023-03-07T08:33:52+00:00","dateModified":"2023-03-09T12:21:04+00:00","breadcrumb":{"@id":"https:\/\/dorogimedence.hu\/index.php\/2023\/03\/07\/megkezdodik-az-uj-esztergomi-piac-arusito-asztalainak-berlesi-igenyfelmerese\/#breadcrumb"},"inLanguage":"hu","potentialAction":[{"@type":"ReadAction","target":["https:\/\/dorogimedence.hu\/index.php\/2023\/03\/07\/megkezdodik-az-uj-esztergomi-piac-arusito-asztalainak-berlesi-igenyfelmerese\/"]}]},{"@type":"ImageObject","inLanguage":"hu","@id":"https:\/\/dorogimedence.hu\/index.php\/2023\/03\/07\/megkezdodik-az-uj-esztergomi-piac-arusito-asztalainak-berlesi-igenyfelmerese\/#primaryimage","url":"https:\/\/dorogimedence.hu\/wp-content\/uploads\/2023\/03\/ACCamera_2_1200x628px.jpg","contentUrl":"https:\/\/dorogimedence.hu\/wp-content\/uploads\/2023\/03\/ACCamera_2_1200x628px.jpg","width":1200,"height":628},{"@type":"BreadcrumbList","@id":"https:\/\/dorogimedence.hu\/index.php\/2023\/03\/07\/megkezdodik-az-uj-esztergomi-piac-arusito-asztalainak-berlesi-igenyfelmerese\/#breadcrumb","itemListElement":[{"@type":"ListItem","position":1,"name":"Kezd\u0151lap","item":"https:\/\/dorogimedence.hu\/"},{"@type":"ListItem","position":2,"name":"Megkezd\u0151dik az \u00daj Esztergomi Piac \u00e1rus\u00edt\u00f3 asztalainak b\u00e9rl\u00e9si ig\u00e9nyfelm\u00e9r\u00e9se"}]},{"@type":"WebSite","@id":"https:\/\/dorogimedence.hu\/#website","url":"https:\/\/dorogimedence.hu\/","name":"Dorogi-medence Region\u00e1lis H\u00edrport\u00e1l","description":"Dorog, Keszt\u00f6lc, Le\u00e1nyv\u00e1r, Piliscs\u00e9v, Tokod, Tokodalt\u00e1r\u00f3, Csolnok, Esztergom-kertv\u00e1ros: h\u00edrek, programok","publisher":{"@id":"https:\/\/dorogimedence.hu\/#organization"},"potentialAction":[{"@type":"SearchAction","target":{"@type":"EntryPoint","urlTemplate":"https:\/\/dorogimedence.hu\/?s={search_term_string}"},"query-input":{"@type":"PropertyValueSpecification","valueRequired":true,"valueName":"search_term_string"}}],"inLanguage":"hu"},{"@type":"Organization","@id":"https:\/\/dorogimedence.hu\/#organization","name":"Dorogi-medence Region\u00e1lis H\u00edrport\u00e1l","url":"https:\/\/dorogimedence.hu\/","logo":{"@type":"ImageObject","inLanguage":"hu","@id":"https:\/\/dorogimedence.hu\/#\/schema\/logo\/image\/","url":"https:\/\/dorogimedence.hu\/wp-content\/uploads\/2021\/04\/logo-feher-600.png","contentUrl":"https:\/\/dorogimedence.hu\/wp-content\/uploads\/2021\/04\/logo-feher-600.png","width":600,"height":100,"caption":"Dorogi-medence Region\u00e1lis H\u00edrport\u00e1l"},"image":{"@id":"https:\/\/dorogimedence.hu\/#\/schema\/logo\/image\/"},"sameAs":["https:\/\/www.facebook.com\/dorogimedence\/"]},{"@type":"Person","@id":"https:\/\/dorogimedence.hu\/#\/schema\/person\/ce6091eeb7e95ecdc87890d6aa8e0fd4","name":"dorogimedence.hu","image":{"@type":"ImageObject","inLanguage":"hu","@id":"\/\/www.gravatar.com\/avatar\/d8d45f8901aadff40a4af72c0b826f1d?s=96&#038;r=g&#038;d=mm","url":"\/\/www.gravatar.com\/avatar\/d8d45f8901aadff40a4af72c0b826f1d?s=96&#038;r=g&#038;d=mm","contentUrl":"\/\/www.gravatar.com\/avatar\/d8d45f8901aadff40a4af72c0b826f1d?s=96&#038;r=g&#038;d=mm","caption":"dorogimedence.hu"}}]}},"_links":{"self":[{"href":"https:\/\/dorogimedence.hu\/index.php\/wp-json\/wp\/v2\/posts\/50912","targetHints":{"allow":["GET"]}}],"collection":[{"href":"https:\/\/dorogimedence.hu\/index.php\/wp-json\/wp\/v2\/posts"}],"about":[{"href":"https:\/\/dorogimedence.hu\/index.php\/wp-json\/wp\/v2\/types\/post"}],"author":[{"embeddable":true,"href":"https:\/\/dorogimedence.hu\/index.php\/wp-json\/wp\/v2\/users\/1"}],"replies":[{"embeddable":true,"href":"https:\/\/dorogimedence.hu\/index.php\/wp-json\/wp\/v2\/comments?post=50912"}],"version-history":[{"count":0,"href":"https:\/\/dorogimedence.hu\/index.php\/wp-json\/wp\/v2\/posts\/50912\/revisions"}],"wp:featuredmedia":[{"embeddable":true,"href":"https:\/\/dorogimedence.hu\/index.php\/wp-json\/wp\/v2\/media\/50913"}],"wp:attachment":[{"href":"https:\/\/dorogimedence.hu\/index.php\/wp-json\/wp\/v2\/media?parent=50912"}],"wp:term":[{"taxonomy":"category","embeddable":true,"href":"https:\/\/dorogimedence.hu\/index.php\/wp-json\/wp\/v2\/categories?post=50912"},{"taxonomy":"post_tag","embeddable":true,"href":"https:\/\/dorogimedence.hu\/index.php\/wp-json\/wp\/v2\/tags?post=50912"}],"curies":[{"name":"wp","href":"https:\/\/api.w.org\/{rel}","templated":true}]}}