{"id":50807,"date":"2023-03-03T09:51:37","date_gmt":"2023-03-03T08:51:37","guid":{"rendered":"https:\/\/dorogimedence.hu\/?p=50807"},"modified":"2023-03-03T09:52:38","modified_gmt":"2023-03-03T08:52:38","slug":"a-pilisi-parkerdo-a-vedett-fajok-megorzeseert","status":"publish","type":"post","link":"https:\/\/dorogimedence.hu\/index.php\/2023\/03\/03\/a-pilisi-parkerdo-a-vedett-fajok-megorzeseert\/","title":{"rendered":"A Pilisi Parkerd\u0151 a v\u00e9dett fajok meg\u0151rz\u00e9s\u00e9\u00e9rt"},"content":{"rendered":"<p><strong>M\u00e1rcius 3. a vadvil\u00e1g nemzetk\u00f6zi napja. Az idei d\u00e1tum egyben kett\u0151s jubileum is: \u00e9ppen \u00f6tven \u00e9ve \u00edrt\u00e1k al\u00e1 a vesz\u00e9lyeztetett vad\u00e1llatok kereskedelm\u00e9r\u0151l sz\u00f3l\u00f3 egyezm\u00e9nyt, ennek eml\u00e9k\u00e9re pedig az ENSZ k\u00f6zgy\u0171l\u00e9se t\u00edz \u00e9ve nyilv\u00e1n\u00edtotta kiemelt d\u00e1tumm\u00e1 ezt a napot. A vadvil\u00e1g napja minden \u00e9vben egy-egy f\u0151 t\u00e9ma k\u00f6r\u00e9 szervez\u0151dik: id\u00e9n a \u201evadv\u00e9delmi egy\u00fcttm\u0171k\u00f6d\u00e9sek\u201d \u00e1llnak a f\u00f3kusz\u00e1ban. A Pilisi Parkerd\u0151, a Duna\u2013Ipoly Nemzeti Park Igazgat\u00f3s\u00e1ga \u00e9s a Budakeszi Vadaspark Vadmacska Fajmeg\u0151rz\u00e9si Programja pontosan ilyen egy\u00fcttm\u0171k\u00f6d\u00e9s.<\/strong><\/p>\n<p>A h\u00e1rom szervezet \u00e1ltal 2021-ben ind\u00edtott Vadmacska Fajmeg\u0151rz\u00e9si Program c\u00e9lja az 1974 \u00f3ta v\u00e9dett, 2012-\u00f3ta fokozottan v\u00e9dett eur\u00f3pai vadmacska (Felis silvestris silvestris) kutat\u00e1sa, fennmarad\u00e1sa \u00e9s v\u00e9delme. A \u201etisztav\u00e9r\u0171\u201d vadmacska v\u00e9delme, genetikai tisztas\u00e1g\u00e1nak felt\u00e9rk\u00e9pez\u00e9se, rejt\u0151zk\u00f6d\u0151 \u00e9letm\u00f3dj\u00e1nak tanulm\u00e1nyoz\u00e1sa az erdei \u00f6kosziszt\u00e9ma szab\u00e1lyoz\u00e1sa \u00e9s a biodiverzit\u00e1s meg\u0151rz\u00e9se \u00e9rdek\u00e9ben is fontos. Az \u0151shonos ragadoz\u00f3fajok \u2013 mint p\u00e9ld\u00e1ul a vadmacska \u2013 fenntartj\u00e1k az \u00e9l\u0151helyeken kialakult \u00f6kol\u00f3giai egyens\u00falyt, \u00e9s elt\u0171n\u00e9s\u00fck vagy popul\u00e1ci\u00f3juk jelent\u0151s cs\u00f6kken\u00e9se komoly k\u00e1rokhoz vezethet.<\/p>\n<p>A Budai- \u00e9s Visegr\u00e1di-hegys\u00e9gben \u2013 a Pilisi Parkerd\u0151 szakembereinek akt\u00edv r\u00e9szv\u00e9tel\u00e9vel \u2013 tizenegy kihelyezett vadkamera seg\u00edts\u00e9g\u00e9vel c\u00e9lzottan vizsg\u00e1lj\u00e1k a vadmacsk\u00e1k el\u0151fordul\u00e1s\u00e1t, a popul\u00e1ci\u00f3kat \u00e9s a megfigyelhet\u0151 hibridiz\u00e1ci\u00f3t. A ter\u00fcleten a vadmacska\u00e1llom\u00e1ny keveset kutatott \u00e9s nagyon zavart, hiszen az ember errefel\u00e9 mindenhol jelen van. A k\u00e9t \u00e9ve tart\u00f3 felm\u00e9r\u00e9s szinte csak elkezd\u0151d\u00f6tt m\u00e9g, de m\u00e1ris fontos k\u00f6vetkeztet\u00e9seket lehet levonni. A ter\u00fcleten \u00e9l\u0151 vadmacsk\u00e1k nagyon kedvelik a faanyagtermel\u00e9st nem szolg\u00e1l\u00f3, holtf\u00e1ban gazdag, v\u00e1ltozatos \u00e9s h\u00e1bor\u00edtatlan erdei \u00e9l\u0151helyeket.<\/p>\n<p>\u201eA Pilisi Parkerd\u0151 szakmai munk\u00e1j\u00e1nak k\u00f6z\u00e9ppontj\u00e1ban els\u0151sorban az erd\u0151 \u00f6kol\u00f3giai egyens\u00faly\u00e1nak fenntart\u00e1sa \u00e9s helyre\u00e1ll\u00edt\u00e1sa, a biodiverzit\u00e1s biztos\u00edt\u00e1sa \u00e9s n\u00f6vel\u00e9se \u00e1ll. Ebben a feladatban kiemelt jelent\u0151s\u00e9g\u0171 a v\u00e9dett fajok \u00e9l\u0151helyeinek rekonstrukci\u00f3ja, hiszen sokszor ezek a n\u00f6v\u00e9ny \u00e9s \u00e1llatfajok tev\u00e9kenys\u00e9g\u00fcnk legf\u0151bb indik\u00e1torai: ahol k\u00e9pesek \u00fajb\u00f3l meg\u00e9lni \u00e9s szaporodni, ott \u00f6kol\u00f3giai \u00e9rtelemben j\u00f3l m\u0171k\u00f6dik az erd\u0151\u201d \u2013 foglalja \u00f6ssze Reinitz G\u00e1bor, a Pilisi Parkerd\u0151 vez\u00e9rigazgat\u00f3ja.<\/p>\n<p>Szab\u00f3 P\u00e9ter, a Budakeszi Vadaspark igazgat\u00f3ja \u2013 a vadvil\u00e1g nemzetk\u00f6zi napja idei f\u00f3kusz\u00e1nak megfelel\u0151en \u2013 az egy\u00fcttm\u0171k\u00f6d\u00e9s fontoss\u00e1g\u00e1t hangs\u00falyozza: \u201eA program annak bizony\u00edt\u00e9ka, hogy a k\u00fcl\u00f6nb\u00f6z\u0151 tudom\u00e1nyter\u00fcletek k\u00e9pvisel\u0151i, az erd\u00e9szeti, term\u00e9szetv\u00e9delmi, \u00e1llatj\u00f3l\u00e9ti szakemberek hogyan tudnak egy faj \u00e9rdek\u00e9ben egy\u00fcttm\u0171k\u00f6dni.\u201d<\/p>\n<p>A programhoz kapcsol\u00f3dva <a href=\"https:\/\/erdeifutas.hu\/futoverseny\/budakeszi-vadaspark-a-nagy-vadmacska-kuletes-jotekonysagi-terepfutoverseny\" target=\"_blank\" rel=\"noopener\"><span style=\"text-decoration: underline; color: #0000ff;\">m\u00e1jus 20-\u00e1n j\u00f3t\u00e9konys\u00e1gi erdei fut\u00f3versenyt \u00e9s csal\u00e1di napot<\/span><\/a> szervez a Budakeszi Vadaspark, a Pilisi Parkerd\u0151 t\u00e1mogat\u00e1s\u00e1val. A nevez\u00e9si d\u00edjakb\u00f3l befoly\u00f3 \u00f6sszeget a Vadmacska Fajmeg\u0151rz\u00e9si Program finansz\u00edroz\u00e1s\u00e1ra ford\u00edtj\u00e1k.<\/p>\n<p><em>Az ENSZ k\u00f6zgy\u0171l\u00e9se t\u00edz \u00e9vvel ezel\u0151tt, 2013-ban nyilv\u00e1n\u00edtotta m\u00e1rcius 3-\u00e1t <span style=\"text-decoration: underline; color: #0000ff;\"><a style=\"color: #0000ff; text-decoration: underline;\" href=\"https:\/\/wildlifeday.org\/\" target=\"_blank\" rel=\"noopener\">a vadvil\u00e1g nemzetk\u00f6zi napj\u00e1v\u00e1<\/a><\/span>. \u00d6tven \u00e9ve, 1973-ban ezen a napon \u00edrt\u00e1k al\u00e1 a vesz\u00e9lyeztetett \u00e1llatok \u00e9s n\u00f6v\u00e9nyek kereskedelm\u00e9t szab\u00e1lyoz\u00f3 washingtoni egyezm\u00e9nyt (<a href=\"https:\/\/cites.org\/\" target=\"_blank\" rel=\"noopener\"><span style=\"text-decoration: underline; color: #0000ff;\">CITES<\/span><\/a> &#8211; Convention on International Trade in Endangered Species of Wild Fauna and Flora). A vadvil\u00e1g nemzetk\u00f6zi napj\u00e1nak c\u00e9lja felh\u00edvni a figyelmet a F\u00f6ld vadon \u00e9l\u0151 \u00e1llat- \u00e9s n\u00f6v\u00e9nyvil\u00e1g\u00e1nak soksz\u00edn\u0171s\u00e9g\u00e9re, illetve mozg\u00f3s\u00edtani a vesz\u00e9lyeztetett \u00e1llat- \u00e9s n\u00f6v\u00e9nyfajok fokozottabb v\u00e9delme \u00e9s meg\u0151rz\u00e9se \u00e9rdek\u00e9ben. Az idei d\u00e1tumnak k\u00fcl\u00f6n\u00f6s jelent\u0151s\u00e9get ad az egyezm\u00e9ny al\u00e1\u00edr\u00e1s\u00e1nak kerek, f\u00e9l \u00e9vsz\u00e1zados \u00e9vfordul\u00f3ja. <\/em><em>Az egyezm\u00e9nyhez 1985-ben csatlakozott Magyarorsz\u00e1g, ahol megk\u00f6zel\u00edt\u0151leg k\u00e9tezer v\u00e9dett \u00e9s majdnem h\u00e1romsz\u00e1z fokozottan v\u00e9dett \u00e1llat- \u00e9s n\u00f6v\u00e9nyfaj \u00e9l. Ez ut\u00f3bbiak k\u00f6z\u00e9 tartozik a 250 ezer forint eszmei \u00e9rt\u00e9k\u0171 eur\u00f3pai vadmacska, melynek kutat\u00e1s\u00e1ra \u00e9s v\u00e9delm\u00e9re 2021-ben ind\u00edtott k\u00f6z\u00f6s fajmeg\u0151rz\u00e9si programot a Pilisi Parkerd\u0151, a Duna\u2013Ipoly Nemzeti Park Igazgat\u00f3s\u00e1ga \u00e9s a Budakeszi Vadaspark. <\/em><em>A vil\u00e1gnap szervez\u0151je minden \u00e9vben meghat\u00e1roz egy-egy f\u00f3kuszt\u00e9m\u00e1t, melyet a vadvil\u00e1g \u00f6kosziszt\u00e9m\u00e1ja szempontj\u00e1b\u00f3l fontosnak tart. Ez a t\u00e9ma tavaly \u201eaz \u00e9l\u0151vil\u00e1g-helyre\u00e1ll\u00edt\u00e1s kulcsfontoss\u00e1g\u00fa fajai\u201d volt, id\u00e9n \u201ea vadv\u00e9delmi egy\u00fcttm\u0171k\u00f6d\u00e9sek\u201d. Mindk\u00e9t t\u00e9ma alapvet\u0151 jelent\u0151s\u00e9g\u0171 az egyed\u00fcl\u00e1ll\u00f3 magyarorsz\u00e1gi kezdem\u00e9nyez\u00e9s, a Vadmacska Fajmeg\u0151rz\u00e9si Program szakmai munk\u00e1j\u00e1ban.<\/em><\/p>\n","protected":false},"excerpt":{"rendered":"<p>M\u00e1rcius 3. a vadvil\u00e1g nemzetk\u00f6zi napja. Az idei d\u00e1tum egyben kett\u0151s jubileum is: \u00e9ppen \u00f6tven \u00e9ve \u00edrt\u00e1k al\u00e1 a vesz\u00e9lyeztetett vad\u00e1llatok kereskedelm\u00e9r\u0151l sz\u00f3l\u00f3 egyezm\u00e9nyt, ennek eml\u00e9k\u00e9re pedig az ENSZ k\u00f6zgy\u0171l\u00e9se t\u00edz \u00e9ve nyilv\u00e1n\u00edtotta kiemelt d\u00e1tumm\u00e1 ezt a napot. A vadvil\u00e1g napja minden \u00e9vben egy-egy f\u0151 t\u00e9ma k\u00f6r\u00e9 szervez\u0151dik: id\u00e9n a \u201evadv\u00e9delmi egy\u00fcttm\u0171k\u00f6d\u00e9sek\u201d \u00e1llnak a f\u00f3kusz\u00e1ban.<\/p>\n","protected":false},"author":1,"featured_media":50808,"comment_status":"closed","ping_status":"closed","sticky":false,"template":"","format":"standard","meta":{"ngg_post_thumbnail":0,"footnotes":""},"categories":[3,6948],"tags":[122,7028,7027],"class_list":{"0":"post-50807","1":"post","2":"type-post","3":"status-publish","4":"format-standard","5":"has-post-thumbnail","7":"category-hirek","8":"category-szines","9":"tag-pilisi-parkerdo","10":"tag-vadmacska","11":"tag-vadvilag"},"yoast_head":"<!-- This site is optimized with the Yoast SEO plugin v27.5 - https:\/\/yoast.com\/product\/yoast-seo-wordpress\/ -->\n<title>A Pilisi Parkerd\u0151 a v\u00e9dett fajok meg\u0151rz\u00e9s\u00e9\u00e9rt<\/title>\n<meta name=\"robots\" content=\"index, follow, max-snippet:-1, max-image-preview:large, max-video-preview:-1\" \/>\n<link rel=\"canonical\" href=\"https:\/\/dorogimedence.hu\/index.php\/2023\/03\/03\/a-pilisi-parkerdo-a-vedett-fajok-megorzeseert\/\" class=\"yoast-seo-meta-tag\" \/>\n<meta property=\"og:locale\" content=\"hu_HU\" class=\"yoast-seo-meta-tag\" \/>\n<meta property=\"og:type\" content=\"article\" class=\"yoast-seo-meta-tag\" \/>\n<meta property=\"og:title\" content=\"A Pilisi Parkerd\u0151 a v\u00e9dett fajok meg\u0151rz\u00e9s\u00e9\u00e9rt\" class=\"yoast-seo-meta-tag\" \/>\n<meta property=\"og:description\" content=\"M\u00e1rcius 3. a vadvil\u00e1g nemzetk\u00f6zi napja. Az idei d\u00e1tum egyben kett\u0151s jubileum is: \u00e9ppen \u00f6tven \u00e9ve \u00edrt\u00e1k al\u00e1 a vesz\u00e9lyeztetett vad\u00e1llatok kereskedelm\u00e9r\u0151l sz\u00f3l\u00f3 egyezm\u00e9nyt, ennek eml\u00e9k\u00e9re pedig az ENSZ k\u00f6zgy\u0171l\u00e9se t\u00edz \u00e9ve nyilv\u00e1n\u00edtotta kiemelt d\u00e1tumm\u00e1 ezt a napot. A vadvil\u00e1g napja minden \u00e9vben egy-egy f\u0151 t\u00e9ma k\u00f6r\u00e9 szervez\u0151dik: id\u00e9n a \u201evadv\u00e9delmi egy\u00fcttm\u0171k\u00f6d\u00e9sek\u201d \u00e1llnak a f\u00f3kusz\u00e1ban.\" class=\"yoast-seo-meta-tag\" \/>\n<meta property=\"og:url\" content=\"https:\/\/dorogimedence.hu\/index.php\/2023\/03\/03\/a-pilisi-parkerdo-a-vedett-fajok-megorzeseert\/\" class=\"yoast-seo-meta-tag\" \/>\n<meta property=\"og:site_name\" content=\"Dorogi-medence Region\u00e1lis H\u00edrport\u00e1l\" class=\"yoast-seo-meta-tag\" \/>\n<meta property=\"article:publisher\" content=\"https:\/\/www.facebook.com\/dorogimedence\/\" class=\"yoast-seo-meta-tag\" \/>\n<meta property=\"article:published_time\" content=\"2023-03-03T08:51:37+00:00\" class=\"yoast-seo-meta-tag\" \/>\n<meta property=\"article:modified_time\" content=\"2023-03-03T08:52:38+00:00\" class=\"yoast-seo-meta-tag\" \/>\n<meta property=\"og:image\" content=\"https:\/\/dorogimedence.hu\/wp-content\/uploads\/2023\/03\/vadmacska.jpg\" class=\"yoast-seo-meta-tag\" \/>\n\t<meta property=\"og:image:width\" content=\"1920\" class=\"yoast-seo-meta-tag\" \/>\n\t<meta property=\"og:image:height\" content=\"1099\" class=\"yoast-seo-meta-tag\" \/>\n\t<meta property=\"og:image:type\" content=\"image\/jpeg\" class=\"yoast-seo-meta-tag\" \/>\n<meta name=\"author\" content=\"dorogimedence.hu\" class=\"yoast-seo-meta-tag\" \/>\n<meta name=\"twitter:card\" content=\"summary_large_image\" class=\"yoast-seo-meta-tag\" \/>\n<meta name=\"twitter:label1\" content=\"Szerz\u0151:\" class=\"yoast-seo-meta-tag\" \/>\n\t<meta name=\"twitter:data1\" content=\"dorogimedence.hu\" class=\"yoast-seo-meta-tag\" \/>\n\t<meta name=\"twitter:label2\" content=\"Becs\u00fclt olvas\u00e1si id\u0151\" class=\"yoast-seo-meta-tag\" \/>\n\t<meta name=\"twitter:data2\" content=\"4 perc\" class=\"yoast-seo-meta-tag\" \/>\n<script type=\"application\/ld+json\" class=\"yoast-schema-graph\">{\"@context\":\"https:\\\/\\\/schema.org\",\"@graph\":[{\"@type\":\"Article\",\"@id\":\"https:\\\/\\\/dorogimedence.hu\\\/index.php\\\/2023\\\/03\\\/03\\\/a-pilisi-parkerdo-a-vedett-fajok-megorzeseert\\\/#article\",\"isPartOf\":{\"@id\":\"https:\\\/\\\/dorogimedence.hu\\\/index.php\\\/2023\\\/03\\\/03\\\/a-pilisi-parkerdo-a-vedett-fajok-megorzeseert\\\/\"},\"author\":{\"name\":\"dorogimedence.hu\",\"@id\":\"https:\\\/\\\/dorogimedence.hu\\\/#\\\/schema\\\/person\\\/ce6091eeb7e95ecdc87890d6aa8e0fd4\"},\"headline\":\"A Pilisi Parkerd\u0151 a v\u00e9dett fajok meg\u0151rz\u00e9s\u00e9\u00e9rt\",\"datePublished\":\"2023-03-03T08:51:37+00:00\",\"dateModified\":\"2023-03-03T08:52:38+00:00\",\"mainEntityOfPage\":{\"@id\":\"https:\\\/\\\/dorogimedence.hu\\\/index.php\\\/2023\\\/03\\\/03\\\/a-pilisi-parkerdo-a-vedett-fajok-megorzeseert\\\/\"},\"wordCount\":874,\"publisher\":{\"@id\":\"https:\\\/\\\/dorogimedence.hu\\\/#organization\"},\"image\":{\"@id\":\"https:\\\/\\\/dorogimedence.hu\\\/index.php\\\/2023\\\/03\\\/03\\\/a-pilisi-parkerdo-a-vedett-fajok-megorzeseert\\\/#primaryimage\"},\"thumbnailUrl\":\"https:\\\/\\\/dorogimedence.hu\\\/wp-content\\\/uploads\\\/2023\\\/03\\\/vadmacska.jpg\",\"keywords\":[\"Pilisi Parkerd\u0151\",\"vadmacska\",\"vadvil\u00e1g\"],\"articleSection\":[\"H\u00edrek\",\"Sz\u00ednes\"],\"inLanguage\":\"hu\"},{\"@type\":\"WebPage\",\"@id\":\"https:\\\/\\\/dorogimedence.hu\\\/index.php\\\/2023\\\/03\\\/03\\\/a-pilisi-parkerdo-a-vedett-fajok-megorzeseert\\\/\",\"url\":\"https:\\\/\\\/dorogimedence.hu\\\/index.php\\\/2023\\\/03\\\/03\\\/a-pilisi-parkerdo-a-vedett-fajok-megorzeseert\\\/\",\"name\":\"A Pilisi Parkerd\u0151 a v\u00e9dett fajok meg\u0151rz\u00e9s\u00e9\u00e9rt\",\"isPartOf\":{\"@id\":\"https:\\\/\\\/dorogimedence.hu\\\/#website\"},\"primaryImageOfPage\":{\"@id\":\"https:\\\/\\\/dorogimedence.hu\\\/index.php\\\/2023\\\/03\\\/03\\\/a-pilisi-parkerdo-a-vedett-fajok-megorzeseert\\\/#primaryimage\"},\"image\":{\"@id\":\"https:\\\/\\\/dorogimedence.hu\\\/index.php\\\/2023\\\/03\\\/03\\\/a-pilisi-parkerdo-a-vedett-fajok-megorzeseert\\\/#primaryimage\"},\"thumbnailUrl\":\"https:\\\/\\\/dorogimedence.hu\\\/wp-content\\\/uploads\\\/2023\\\/03\\\/vadmacska.jpg\",\"datePublished\":\"2023-03-03T08:51:37+00:00\",\"dateModified\":\"2023-03-03T08:52:38+00:00\",\"breadcrumb\":{\"@id\":\"https:\\\/\\\/dorogimedence.hu\\\/index.php\\\/2023\\\/03\\\/03\\\/a-pilisi-parkerdo-a-vedett-fajok-megorzeseert\\\/#breadcrumb\"},\"inLanguage\":\"hu\",\"potentialAction\":[{\"@type\":\"ReadAction\",\"target\":[\"https:\\\/\\\/dorogimedence.hu\\\/index.php\\\/2023\\\/03\\\/03\\\/a-pilisi-parkerdo-a-vedett-fajok-megorzeseert\\\/\"]}]},{\"@type\":\"ImageObject\",\"inLanguage\":\"hu\",\"@id\":\"https:\\\/\\\/dorogimedence.hu\\\/index.php\\\/2023\\\/03\\\/03\\\/a-pilisi-parkerdo-a-vedett-fajok-megorzeseert\\\/#primaryimage\",\"url\":\"https:\\\/\\\/dorogimedence.hu\\\/wp-content\\\/uploads\\\/2023\\\/03\\\/vadmacska.jpg\",\"contentUrl\":\"https:\\\/\\\/dorogimedence.hu\\\/wp-content\\\/uploads\\\/2023\\\/03\\\/vadmacska.jpg\",\"width\":1920,\"height\":1099},{\"@type\":\"BreadcrumbList\",\"@id\":\"https:\\\/\\\/dorogimedence.hu\\\/index.php\\\/2023\\\/03\\\/03\\\/a-pilisi-parkerdo-a-vedett-fajok-megorzeseert\\\/#breadcrumb\",\"itemListElement\":[{\"@type\":\"ListItem\",\"position\":1,\"name\":\"Kezd\u0151lap\",\"item\":\"https:\\\/\\\/dorogimedence.hu\\\/\"},{\"@type\":\"ListItem\",\"position\":2,\"name\":\"A Pilisi Parkerd\u0151 a v\u00e9dett fajok meg\u0151rz\u00e9s\u00e9\u00e9rt\"}]},{\"@type\":\"WebSite\",\"@id\":\"https:\\\/\\\/dorogimedence.hu\\\/#website\",\"url\":\"https:\\\/\\\/dorogimedence.hu\\\/\",\"name\":\"Dorogi-medence Region\u00e1lis H\u00edrport\u00e1l\",\"description\":\"Dorog, Keszt\u00f6lc, Le\u00e1nyv\u00e1r, Piliscs\u00e9v, Tokod, Tokodalt\u00e1r\u00f3, Csolnok, Esztergom-kertv\u00e1ros: h\u00edrek, programok\",\"publisher\":{\"@id\":\"https:\\\/\\\/dorogimedence.hu\\\/#organization\"},\"potentialAction\":[{\"@type\":\"SearchAction\",\"target\":{\"@type\":\"EntryPoint\",\"urlTemplate\":\"https:\\\/\\\/dorogimedence.hu\\\/?s={search_term_string}\"},\"query-input\":{\"@type\":\"PropertyValueSpecification\",\"valueRequired\":true,\"valueName\":\"search_term_string\"}}],\"inLanguage\":\"hu\"},{\"@type\":\"Organization\",\"@id\":\"https:\\\/\\\/dorogimedence.hu\\\/#organization\",\"name\":\"Dorogi-medence Region\u00e1lis H\u00edrport\u00e1l\",\"url\":\"https:\\\/\\\/dorogimedence.hu\\\/\",\"logo\":{\"@type\":\"ImageObject\",\"inLanguage\":\"hu\",\"@id\":\"https:\\\/\\\/dorogimedence.hu\\\/#\\\/schema\\\/logo\\\/image\\\/\",\"url\":\"https:\\\/\\\/dorogimedence.hu\\\/wp-content\\\/uploads\\\/2021\\\/04\\\/logo-feher-600.png\",\"contentUrl\":\"https:\\\/\\\/dorogimedence.hu\\\/wp-content\\\/uploads\\\/2021\\\/04\\\/logo-feher-600.png\",\"width\":600,\"height\":100,\"caption\":\"Dorogi-medence Region\u00e1lis H\u00edrport\u00e1l\"},\"image\":{\"@id\":\"https:\\\/\\\/dorogimedence.hu\\\/#\\\/schema\\\/logo\\\/image\\\/\"},\"sameAs\":[\"https:\\\/\\\/www.facebook.com\\\/dorogimedence\\\/\"]},{\"@type\":\"Person\",\"@id\":\"https:\\\/\\\/dorogimedence.hu\\\/#\\\/schema\\\/person\\\/ce6091eeb7e95ecdc87890d6aa8e0fd4\",\"name\":\"dorogimedence.hu\",\"image\":{\"@type\":\"ImageObject\",\"inLanguage\":\"hu\",\"@id\":\"\\\/\\\/www.gravatar.com\\\/avatar\\\/d8d45f8901aadff40a4af72c0b826f1d?s=96&#038;r=g&#038;d=mm\",\"url\":\"\\\/\\\/www.gravatar.com\\\/avatar\\\/d8d45f8901aadff40a4af72c0b826f1d?s=96&#038;r=g&#038;d=mm\",\"contentUrl\":\"\\\/\\\/www.gravatar.com\\\/avatar\\\/d8d45f8901aadff40a4af72c0b826f1d?s=96&#038;r=g&#038;d=mm\",\"caption\":\"dorogimedence.hu\"}}]}<\/script>\n<!-- \/ Yoast SEO plugin. -->","yoast_head_json":{"title":"A Pilisi Parkerd\u0151 a v\u00e9dett fajok meg\u0151rz\u00e9s\u00e9\u00e9rt","robots":{"index":"index","follow":"follow","max-snippet":"max-snippet:-1","max-image-preview":"max-image-preview:large","max-video-preview":"max-video-preview:-1"},"canonical":"https:\/\/dorogimedence.hu\/index.php\/2023\/03\/03\/a-pilisi-parkerdo-a-vedett-fajok-megorzeseert\/","og_locale":"hu_HU","og_type":"article","og_title":"A Pilisi Parkerd\u0151 a v\u00e9dett fajok meg\u0151rz\u00e9s\u00e9\u00e9rt","og_description":"M\u00e1rcius 3. a vadvil\u00e1g nemzetk\u00f6zi napja. Az idei d\u00e1tum egyben kett\u0151s jubileum is: \u00e9ppen \u00f6tven \u00e9ve \u00edrt\u00e1k al\u00e1 a vesz\u00e9lyeztetett vad\u00e1llatok kereskedelm\u00e9r\u0151l sz\u00f3l\u00f3 egyezm\u00e9nyt, ennek eml\u00e9k\u00e9re pedig az ENSZ k\u00f6zgy\u0171l\u00e9se t\u00edz \u00e9ve nyilv\u00e1n\u00edtotta kiemelt d\u00e1tumm\u00e1 ezt a napot. A vadvil\u00e1g napja minden \u00e9vben egy-egy f\u0151 t\u00e9ma k\u00f6r\u00e9 szervez\u0151dik: id\u00e9n a \u201evadv\u00e9delmi egy\u00fcttm\u0171k\u00f6d\u00e9sek\u201d \u00e1llnak a f\u00f3kusz\u00e1ban.","og_url":"https:\/\/dorogimedence.hu\/index.php\/2023\/03\/03\/a-pilisi-parkerdo-a-vedett-fajok-megorzeseert\/","og_site_name":"Dorogi-medence Region\u00e1lis H\u00edrport\u00e1l","article_publisher":"https:\/\/www.facebook.com\/dorogimedence\/","article_published_time":"2023-03-03T08:51:37+00:00","article_modified_time":"2023-03-03T08:52:38+00:00","og_image":[{"width":1920,"height":1099,"url":"https:\/\/dorogimedence.hu\/wp-content\/uploads\/2023\/03\/vadmacska.jpg","type":"image\/jpeg"}],"author":"dorogimedence.hu","twitter_card":"summary_large_image","twitter_misc":{"Szerz\u0151:":"dorogimedence.hu","Becs\u00fclt olvas\u00e1si id\u0151":"4 perc"},"schema":{"@context":"https:\/\/schema.org","@graph":[{"@type":"Article","@id":"https:\/\/dorogimedence.hu\/index.php\/2023\/03\/03\/a-pilisi-parkerdo-a-vedett-fajok-megorzeseert\/#article","isPartOf":{"@id":"https:\/\/dorogimedence.hu\/index.php\/2023\/03\/03\/a-pilisi-parkerdo-a-vedett-fajok-megorzeseert\/"},"author":{"name":"dorogimedence.hu","@id":"https:\/\/dorogimedence.hu\/#\/schema\/person\/ce6091eeb7e95ecdc87890d6aa8e0fd4"},"headline":"A Pilisi Parkerd\u0151 a v\u00e9dett fajok meg\u0151rz\u00e9s\u00e9\u00e9rt","datePublished":"2023-03-03T08:51:37+00:00","dateModified":"2023-03-03T08:52:38+00:00","mainEntityOfPage":{"@id":"https:\/\/dorogimedence.hu\/index.php\/2023\/03\/03\/a-pilisi-parkerdo-a-vedett-fajok-megorzeseert\/"},"wordCount":874,"publisher":{"@id":"https:\/\/dorogimedence.hu\/#organization"},"image":{"@id":"https:\/\/dorogimedence.hu\/index.php\/2023\/03\/03\/a-pilisi-parkerdo-a-vedett-fajok-megorzeseert\/#primaryimage"},"thumbnailUrl":"https:\/\/dorogimedence.hu\/wp-content\/uploads\/2023\/03\/vadmacska.jpg","keywords":["Pilisi Parkerd\u0151","vadmacska","vadvil\u00e1g"],"articleSection":["H\u00edrek","Sz\u00ednes"],"inLanguage":"hu"},{"@type":"WebPage","@id":"https:\/\/dorogimedence.hu\/index.php\/2023\/03\/03\/a-pilisi-parkerdo-a-vedett-fajok-megorzeseert\/","url":"https:\/\/dorogimedence.hu\/index.php\/2023\/03\/03\/a-pilisi-parkerdo-a-vedett-fajok-megorzeseert\/","name":"A Pilisi Parkerd\u0151 a v\u00e9dett fajok meg\u0151rz\u00e9s\u00e9\u00e9rt","isPartOf":{"@id":"https:\/\/dorogimedence.hu\/#website"},"primaryImageOfPage":{"@id":"https:\/\/dorogimedence.hu\/index.php\/2023\/03\/03\/a-pilisi-parkerdo-a-vedett-fajok-megorzeseert\/#primaryimage"},"image":{"@id":"https:\/\/dorogimedence.hu\/index.php\/2023\/03\/03\/a-pilisi-parkerdo-a-vedett-fajok-megorzeseert\/#primaryimage"},"thumbnailUrl":"https:\/\/dorogimedence.hu\/wp-content\/uploads\/2023\/03\/vadmacska.jpg","datePublished":"2023-03-03T08:51:37+00:00","dateModified":"2023-03-03T08:52:38+00:00","breadcrumb":{"@id":"https:\/\/dorogimedence.hu\/index.php\/2023\/03\/03\/a-pilisi-parkerdo-a-vedett-fajok-megorzeseert\/#breadcrumb"},"inLanguage":"hu","potentialAction":[{"@type":"ReadAction","target":["https:\/\/dorogimedence.hu\/index.php\/2023\/03\/03\/a-pilisi-parkerdo-a-vedett-fajok-megorzeseert\/"]}]},{"@type":"ImageObject","inLanguage":"hu","@id":"https:\/\/dorogimedence.hu\/index.php\/2023\/03\/03\/a-pilisi-parkerdo-a-vedett-fajok-megorzeseert\/#primaryimage","url":"https:\/\/dorogimedence.hu\/wp-content\/uploads\/2023\/03\/vadmacska.jpg","contentUrl":"https:\/\/dorogimedence.hu\/wp-content\/uploads\/2023\/03\/vadmacska.jpg","width":1920,"height":1099},{"@type":"BreadcrumbList","@id":"https:\/\/dorogimedence.hu\/index.php\/2023\/03\/03\/a-pilisi-parkerdo-a-vedett-fajok-megorzeseert\/#breadcrumb","itemListElement":[{"@type":"ListItem","position":1,"name":"Kezd\u0151lap","item":"https:\/\/dorogimedence.hu\/"},{"@type":"ListItem","position":2,"name":"A Pilisi Parkerd\u0151 a v\u00e9dett fajok meg\u0151rz\u00e9s\u00e9\u00e9rt"}]},{"@type":"WebSite","@id":"https:\/\/dorogimedence.hu\/#website","url":"https:\/\/dorogimedence.hu\/","name":"Dorogi-medence Region\u00e1lis H\u00edrport\u00e1l","description":"Dorog, Keszt\u00f6lc, Le\u00e1nyv\u00e1r, Piliscs\u00e9v, Tokod, Tokodalt\u00e1r\u00f3, Csolnok, Esztergom-kertv\u00e1ros: h\u00edrek, programok","publisher":{"@id":"https:\/\/dorogimedence.hu\/#organization"},"potentialAction":[{"@type":"SearchAction","target":{"@type":"EntryPoint","urlTemplate":"https:\/\/dorogimedence.hu\/?s={search_term_string}"},"query-input":{"@type":"PropertyValueSpecification","valueRequired":true,"valueName":"search_term_string"}}],"inLanguage":"hu"},{"@type":"Organization","@id":"https:\/\/dorogimedence.hu\/#organization","name":"Dorogi-medence Region\u00e1lis H\u00edrport\u00e1l","url":"https:\/\/dorogimedence.hu\/","logo":{"@type":"ImageObject","inLanguage":"hu","@id":"https:\/\/dorogimedence.hu\/#\/schema\/logo\/image\/","url":"https:\/\/dorogimedence.hu\/wp-content\/uploads\/2021\/04\/logo-feher-600.png","contentUrl":"https:\/\/dorogimedence.hu\/wp-content\/uploads\/2021\/04\/logo-feher-600.png","width":600,"height":100,"caption":"Dorogi-medence Region\u00e1lis H\u00edrport\u00e1l"},"image":{"@id":"https:\/\/dorogimedence.hu\/#\/schema\/logo\/image\/"},"sameAs":["https:\/\/www.facebook.com\/dorogimedence\/"]},{"@type":"Person","@id":"https:\/\/dorogimedence.hu\/#\/schema\/person\/ce6091eeb7e95ecdc87890d6aa8e0fd4","name":"dorogimedence.hu","image":{"@type":"ImageObject","inLanguage":"hu","@id":"\/\/www.gravatar.com\/avatar\/d8d45f8901aadff40a4af72c0b826f1d?s=96&#038;r=g&#038;d=mm","url":"\/\/www.gravatar.com\/avatar\/d8d45f8901aadff40a4af72c0b826f1d?s=96&#038;r=g&#038;d=mm","contentUrl":"\/\/www.gravatar.com\/avatar\/d8d45f8901aadff40a4af72c0b826f1d?s=96&#038;r=g&#038;d=mm","caption":"dorogimedence.hu"}}]}},"_links":{"self":[{"href":"https:\/\/dorogimedence.hu\/index.php\/wp-json\/wp\/v2\/posts\/50807","targetHints":{"allow":["GET"]}}],"collection":[{"href":"https:\/\/dorogimedence.hu\/index.php\/wp-json\/wp\/v2\/posts"}],"about":[{"href":"https:\/\/dorogimedence.hu\/index.php\/wp-json\/wp\/v2\/types\/post"}],"author":[{"embeddable":true,"href":"https:\/\/dorogimedence.hu\/index.php\/wp-json\/wp\/v2\/users\/1"}],"replies":[{"embeddable":true,"href":"https:\/\/dorogimedence.hu\/index.php\/wp-json\/wp\/v2\/comments?post=50807"}],"version-history":[{"count":0,"href":"https:\/\/dorogimedence.hu\/index.php\/wp-json\/wp\/v2\/posts\/50807\/revisions"}],"wp:featuredmedia":[{"embeddable":true,"href":"https:\/\/dorogimedence.hu\/index.php\/wp-json\/wp\/v2\/media\/50808"}],"wp:attachment":[{"href":"https:\/\/dorogimedence.hu\/index.php\/wp-json\/wp\/v2\/media?parent=50807"}],"wp:term":[{"taxonomy":"category","embeddable":true,"href":"https:\/\/dorogimedence.hu\/index.php\/wp-json\/wp\/v2\/categories?post=50807"},{"taxonomy":"post_tag","embeddable":true,"href":"https:\/\/dorogimedence.hu\/index.php\/wp-json\/wp\/v2\/tags?post=50807"}],"curies":[{"name":"wp","href":"https:\/\/api.w.org\/{rel}","templated":true}]}}