{"id":50746,"date":"2023-03-01T12:13:18","date_gmt":"2023-03-01T11:13:18","guid":{"rendered":"https:\/\/dorogimedence.hu\/?p=50746"},"modified":"2023-03-01T12:14:39","modified_gmt":"2023-03-01T11:14:39","slug":"novenyvedoszer-maradek-lehet-a-fekete-szemes-babban","status":"publish","type":"post","link":"https:\/\/dorogimedence.hu\/index.php\/2023\/03\/01\/novenyvedoszer-maradek-lehet-a-fekete-szemes-babban\/","title":{"rendered":"N\u00f6v\u00e9nyv\u00e9d\u0151szer-marad\u00e9k lehet a fekete szemes babban"},"content":{"rendered":"<p><strong>Nem enged\u00e9lyezett n\u00f6v\u00e9nyv\u00e9d\u0151szer-marad\u00e9kok &#8211; kl\u00f3rpirifosz, karbaril, fenitrotion &#8211; miatt az Orient Food Kft. visszah\u00edvta a forgalomb\u00f3l az &#8222;IDEAL fekete szemes bab 900 gramm&#8221; megnevez\u00e9s\u0171 term\u00e9k t\u00f6bb t\u00e9tel\u00e9t<\/strong> <em>&#8211; k\u00f6z\u00f6lte a Nemzeti \u00c9lelmiszerl\u00e1nc-biztons\u00e1gi Hivatal (N\u00e9bih) kedden.<\/em><\/p>\n<p>A N\u00e9bih ismerteti, hogy a forgalomb\u00f3l kivont term\u00e9ket a t\u00f6r\u00f6korsz\u00e1gi Platin Agro Gida San. A.S. gy\u00e1rtotta, az int\u00e9zked\u00e9sben \u00e9rintett \u00e1ru min\u0151s\u00e9gmeg\u0151rz\u00e9si ideje 2024. m\u00e1rcius 15.<\/p>\n<p><strong>Bejelent\u0151: <\/strong>RASFF (Ausztria)<\/p>\n<p><strong>Gy\u00e1rt\u00f3: <\/strong>Platin Agro Gida San. A.S. (T\u00f6r\u00f6korsz\u00e1g)<\/p>\n<p><strong>Forgalmaz\u00f3: <\/strong>Orient Food Kft. (Budapest)<\/p>\n<p><strong>RASFF referenciasz\u00e1m:<\/strong> 2023.1376<\/p>\n<p><strong>Term\u00e9k megnevez\u00e9se:<\/strong> IDEAL fekete szemes bab, 900 g<\/p>\n<p><strong>Min\u0151s\u00e9gmeg\u0151rz\u00e9si id\u0151:<\/strong> 15\/03\/2024<\/p>\n<p>A term\u00e9kvisszah\u00edv\u00e1s kiz\u00e1r\u00f3lag a fenti adatokkal azonos\u00edtott term\u00e9kre vonatkozik. A N\u00e9bih k\u00e9ri a v\u00e1s\u00e1rl\u00f3kat, hogy a visszah\u00edvott term\u00e9ket ne fogyassz\u00e1k el.<\/p>\n<p><em>Forr\u00e1s: N\u00e9bih \/ MTI<\/em><\/p>\n","protected":false},"excerpt":{"rendered":"<p>Nem enged\u00e9lyezett n\u00f6v\u00e9nyv\u00e9d\u0151szer-marad\u00e9kok &#8211; kl\u00f3rpirifosz, karbaril, fenitrotion &#8211; miatt az Orient Food Kft. visszah\u00edvta a forgalomb\u00f3l az &#8222;IDEAL fekete szemes bab 900 gramm&#8221; megnevez\u00e9s\u0171 term\u00e9k t\u00f6bb t\u00e9tel\u00e9t &#8211; k\u00f6z\u00f6lte a Nemzeti \u00c9lelmiszerl\u00e1nc-biztons\u00e1gi Hivatal (N\u00e9bih) kedden. A N\u00e9bih ismerteti, hogy a forgalomb\u00f3l kivont term\u00e9ket a t\u00f6r\u00f6korsz\u00e1gi Platin Agro Gida San. A.S. gy\u00e1rtotta, az int\u00e9zked\u00e9sben \u00e9rintett \u00e1ru<\/p>\n","protected":false},"author":1,"featured_media":50747,"comment_status":"closed","ping_status":"closed","sticky":false,"template":"","format":"standard","meta":{"ngg_post_thumbnail":0,"footnotes":""},"categories":[6934,3],"tags":[7020,7021,7022,2756],"class_list":{"0":"post-50746","1":"post","2":"type-post","3":"status-publish","4":"format-standard","5":"has-post-thumbnail","7":"category-belfold","8":"category-hirek","9":"tag-bab","10":"tag-feketeszemes-bab","11":"tag-ideal","12":"tag-termekvisszahivas"},"yoast_head":"<!-- This site is optimized with the Yoast SEO plugin v27.5 - https:\/\/yoast.com\/product\/yoast-seo-wordpress\/ -->\n<title>N\u00f6v\u00e9nyv\u00e9d\u0151szer-marad\u00e9k lehet a fekete szemes babban<\/title>\n<meta name=\"robots\" content=\"index, follow, max-snippet:-1, max-image-preview:large, max-video-preview:-1\" \/>\n<link rel=\"canonical\" href=\"https:\/\/dorogimedence.hu\/index.php\/2023\/03\/01\/novenyvedoszer-maradek-lehet-a-fekete-szemes-babban\/\" class=\"yoast-seo-meta-tag\" \/>\n<meta property=\"og:locale\" content=\"hu_HU\" class=\"yoast-seo-meta-tag\" \/>\n<meta property=\"og:type\" content=\"article\" class=\"yoast-seo-meta-tag\" \/>\n<meta property=\"og:title\" content=\"N\u00f6v\u00e9nyv\u00e9d\u0151szer-marad\u00e9k lehet a fekete szemes babban\" class=\"yoast-seo-meta-tag\" \/>\n<meta property=\"og:description\" content=\"Nem enged\u00e9lyezett n\u00f6v\u00e9nyv\u00e9d\u0151szer-marad\u00e9kok &#8211; kl\u00f3rpirifosz, karbaril, fenitrotion &#8211; miatt az Orient Food Kft. visszah\u00edvta a forgalomb\u00f3l az &#8222;IDEAL fekete szemes bab 900 gramm&#8221; megnevez\u00e9s\u0171 term\u00e9k t\u00f6bb t\u00e9tel\u00e9t &#8211; k\u00f6z\u00f6lte a Nemzeti \u00c9lelmiszerl\u00e1nc-biztons\u00e1gi Hivatal (N\u00e9bih) kedden. A N\u00e9bih ismerteti, hogy a forgalomb\u00f3l kivont term\u00e9ket a t\u00f6r\u00f6korsz\u00e1gi Platin Agro Gida San. A.S. gy\u00e1rtotta, az int\u00e9zked\u00e9sben \u00e9rintett \u00e1ru\" class=\"yoast-seo-meta-tag\" \/>\n<meta property=\"og:url\" content=\"https:\/\/dorogimedence.hu\/index.php\/2023\/03\/01\/novenyvedoszer-maradek-lehet-a-fekete-szemes-babban\/\" class=\"yoast-seo-meta-tag\" \/>\n<meta property=\"og:site_name\" content=\"Dorogi-medence Region\u00e1lis H\u00edrport\u00e1l\" class=\"yoast-seo-meta-tag\" \/>\n<meta property=\"article:publisher\" content=\"https:\/\/www.facebook.com\/dorogimedence\/\" class=\"yoast-seo-meta-tag\" \/>\n<meta property=\"article:published_time\" content=\"2023-03-01T11:13:18+00:00\" class=\"yoast-seo-meta-tag\" \/>\n<meta property=\"article:modified_time\" content=\"2023-03-01T11:14:39+00:00\" class=\"yoast-seo-meta-tag\" \/>\n<meta property=\"og:image\" content=\"https:\/\/dorogimedence.hu\/wp-content\/uploads\/2023\/03\/ideal-bab.jpg\" class=\"yoast-seo-meta-tag\" \/>\n\t<meta property=\"og:image:width\" content=\"1200\" class=\"yoast-seo-meta-tag\" \/>\n\t<meta property=\"og:image:height\" content=\"630\" class=\"yoast-seo-meta-tag\" \/>\n\t<meta property=\"og:image:type\" content=\"image\/jpeg\" class=\"yoast-seo-meta-tag\" \/>\n<meta name=\"author\" content=\"dorogimedence.hu\" class=\"yoast-seo-meta-tag\" \/>\n<meta name=\"twitter:card\" content=\"summary_large_image\" class=\"yoast-seo-meta-tag\" \/>\n<meta name=\"twitter:label1\" content=\"Szerz\u0151:\" class=\"yoast-seo-meta-tag\" \/>\n\t<meta name=\"twitter:data1\" content=\"dorogimedence.hu\" class=\"yoast-seo-meta-tag\" \/>\n\t<meta name=\"twitter:label2\" content=\"Becs\u00fclt olvas\u00e1si id\u0151\" class=\"yoast-seo-meta-tag\" \/>\n\t<meta name=\"twitter:data2\" content=\"1 perc\" class=\"yoast-seo-meta-tag\" \/>\n<script type=\"application\/ld+json\" class=\"yoast-schema-graph\">{\"@context\":\"https:\\\/\\\/schema.org\",\"@graph\":[{\"@type\":\"Article\",\"@id\":\"https:\\\/\\\/dorogimedence.hu\\\/index.php\\\/2023\\\/03\\\/01\\\/novenyvedoszer-maradek-lehet-a-fekete-szemes-babban\\\/#article\",\"isPartOf\":{\"@id\":\"https:\\\/\\\/dorogimedence.hu\\\/index.php\\\/2023\\\/03\\\/01\\\/novenyvedoszer-maradek-lehet-a-fekete-szemes-babban\\\/\"},\"author\":{\"name\":\"dorogimedence.hu\",\"@id\":\"https:\\\/\\\/dorogimedence.hu\\\/#\\\/schema\\\/person\\\/ce6091eeb7e95ecdc87890d6aa8e0fd4\"},\"headline\":\"N\u00f6v\u00e9nyv\u00e9d\u0151szer-marad\u00e9k lehet a fekete szemes babban\",\"datePublished\":\"2023-03-01T11:13:18+00:00\",\"dateModified\":\"2023-03-01T11:14:39+00:00\",\"mainEntityOfPage\":{\"@id\":\"https:\\\/\\\/dorogimedence.hu\\\/index.php\\\/2023\\\/03\\\/01\\\/novenyvedoszer-maradek-lehet-a-fekete-szemes-babban\\\/\"},\"wordCount\":181,\"publisher\":{\"@id\":\"https:\\\/\\\/dorogimedence.hu\\\/#organization\"},\"image\":{\"@id\":\"https:\\\/\\\/dorogimedence.hu\\\/index.php\\\/2023\\\/03\\\/01\\\/novenyvedoszer-maradek-lehet-a-fekete-szemes-babban\\\/#primaryimage\"},\"thumbnailUrl\":\"https:\\\/\\\/dorogimedence.hu\\\/wp-content\\\/uploads\\\/2023\\\/03\\\/ideal-bab.jpg\",\"keywords\":[\"bab\",\"feketeszemes bab\",\"IDEAL\",\"term\u00e9kvisszah\u00edv\u00e1s\"],\"articleSection\":[\"Belf\u00f6ld, Gazdas\u00e1g\",\"H\u00edrek\"],\"inLanguage\":\"hu\"},{\"@type\":\"WebPage\",\"@id\":\"https:\\\/\\\/dorogimedence.hu\\\/index.php\\\/2023\\\/03\\\/01\\\/novenyvedoszer-maradek-lehet-a-fekete-szemes-babban\\\/\",\"url\":\"https:\\\/\\\/dorogimedence.hu\\\/index.php\\\/2023\\\/03\\\/01\\\/novenyvedoszer-maradek-lehet-a-fekete-szemes-babban\\\/\",\"name\":\"N\u00f6v\u00e9nyv\u00e9d\u0151szer-marad\u00e9k lehet a fekete szemes babban\",\"isPartOf\":{\"@id\":\"https:\\\/\\\/dorogimedence.hu\\\/#website\"},\"primaryImageOfPage\":{\"@id\":\"https:\\\/\\\/dorogimedence.hu\\\/index.php\\\/2023\\\/03\\\/01\\\/novenyvedoszer-maradek-lehet-a-fekete-szemes-babban\\\/#primaryimage\"},\"image\":{\"@id\":\"https:\\\/\\\/dorogimedence.hu\\\/index.php\\\/2023\\\/03\\\/01\\\/novenyvedoszer-maradek-lehet-a-fekete-szemes-babban\\\/#primaryimage\"},\"thumbnailUrl\":\"https:\\\/\\\/dorogimedence.hu\\\/wp-content\\\/uploads\\\/2023\\\/03\\\/ideal-bab.jpg\",\"datePublished\":\"2023-03-01T11:13:18+00:00\",\"dateModified\":\"2023-03-01T11:14:39+00:00\",\"breadcrumb\":{\"@id\":\"https:\\\/\\\/dorogimedence.hu\\\/index.php\\\/2023\\\/03\\\/01\\\/novenyvedoszer-maradek-lehet-a-fekete-szemes-babban\\\/#breadcrumb\"},\"inLanguage\":\"hu\",\"potentialAction\":[{\"@type\":\"ReadAction\",\"target\":[\"https:\\\/\\\/dorogimedence.hu\\\/index.php\\\/2023\\\/03\\\/01\\\/novenyvedoszer-maradek-lehet-a-fekete-szemes-babban\\\/\"]}]},{\"@type\":\"ImageObject\",\"inLanguage\":\"hu\",\"@id\":\"https:\\\/\\\/dorogimedence.hu\\\/index.php\\\/2023\\\/03\\\/01\\\/novenyvedoszer-maradek-lehet-a-fekete-szemes-babban\\\/#primaryimage\",\"url\":\"https:\\\/\\\/dorogimedence.hu\\\/wp-content\\\/uploads\\\/2023\\\/03\\\/ideal-bab.jpg\",\"contentUrl\":\"https:\\\/\\\/dorogimedence.hu\\\/wp-content\\\/uploads\\\/2023\\\/03\\\/ideal-bab.jpg\",\"width\":1200,\"height\":630},{\"@type\":\"BreadcrumbList\",\"@id\":\"https:\\\/\\\/dorogimedence.hu\\\/index.php\\\/2023\\\/03\\\/01\\\/novenyvedoszer-maradek-lehet-a-fekete-szemes-babban\\\/#breadcrumb\",\"itemListElement\":[{\"@type\":\"ListItem\",\"position\":1,\"name\":\"Kezd\u0151lap\",\"item\":\"https:\\\/\\\/dorogimedence.hu\\\/\"},{\"@type\":\"ListItem\",\"position\":2,\"name\":\"N\u00f6v\u00e9nyv\u00e9d\u0151szer-marad\u00e9k lehet a fekete szemes babban\"}]},{\"@type\":\"WebSite\",\"@id\":\"https:\\\/\\\/dorogimedence.hu\\\/#website\",\"url\":\"https:\\\/\\\/dorogimedence.hu\\\/\",\"name\":\"Dorogi-medence Region\u00e1lis H\u00edrport\u00e1l\",\"description\":\"Dorog, Keszt\u00f6lc, Le\u00e1nyv\u00e1r, Piliscs\u00e9v, Tokod, Tokodalt\u00e1r\u00f3, Csolnok, Esztergom-kertv\u00e1ros: h\u00edrek, programok\",\"publisher\":{\"@id\":\"https:\\\/\\\/dorogimedence.hu\\\/#organization\"},\"potentialAction\":[{\"@type\":\"SearchAction\",\"target\":{\"@type\":\"EntryPoint\",\"urlTemplate\":\"https:\\\/\\\/dorogimedence.hu\\\/?s={search_term_string}\"},\"query-input\":{\"@type\":\"PropertyValueSpecification\",\"valueRequired\":true,\"valueName\":\"search_term_string\"}}],\"inLanguage\":\"hu\"},{\"@type\":\"Organization\",\"@id\":\"https:\\\/\\\/dorogimedence.hu\\\/#organization\",\"name\":\"Dorogi-medence Region\u00e1lis H\u00edrport\u00e1l\",\"url\":\"https:\\\/\\\/dorogimedence.hu\\\/\",\"logo\":{\"@type\":\"ImageObject\",\"inLanguage\":\"hu\",\"@id\":\"https:\\\/\\\/dorogimedence.hu\\\/#\\\/schema\\\/logo\\\/image\\\/\",\"url\":\"https:\\\/\\\/dorogimedence.hu\\\/wp-content\\\/uploads\\\/2021\\\/04\\\/logo-feher-600.png\",\"contentUrl\":\"https:\\\/\\\/dorogimedence.hu\\\/wp-content\\\/uploads\\\/2021\\\/04\\\/logo-feher-600.png\",\"width\":600,\"height\":100,\"caption\":\"Dorogi-medence Region\u00e1lis H\u00edrport\u00e1l\"},\"image\":{\"@id\":\"https:\\\/\\\/dorogimedence.hu\\\/#\\\/schema\\\/logo\\\/image\\\/\"},\"sameAs\":[\"https:\\\/\\\/www.facebook.com\\\/dorogimedence\\\/\"]},{\"@type\":\"Person\",\"@id\":\"https:\\\/\\\/dorogimedence.hu\\\/#\\\/schema\\\/person\\\/ce6091eeb7e95ecdc87890d6aa8e0fd4\",\"name\":\"dorogimedence.hu\",\"image\":{\"@type\":\"ImageObject\",\"inLanguage\":\"hu\",\"@id\":\"\\\/\\\/www.gravatar.com\\\/avatar\\\/d8d45f8901aadff40a4af72c0b826f1d?s=96&#038;r=g&#038;d=mm\",\"url\":\"\\\/\\\/www.gravatar.com\\\/avatar\\\/d8d45f8901aadff40a4af72c0b826f1d?s=96&#038;r=g&#038;d=mm\",\"contentUrl\":\"\\\/\\\/www.gravatar.com\\\/avatar\\\/d8d45f8901aadff40a4af72c0b826f1d?s=96&#038;r=g&#038;d=mm\",\"caption\":\"dorogimedence.hu\"}}]}<\/script>\n<!-- \/ Yoast SEO plugin. -->","yoast_head_json":{"title":"N\u00f6v\u00e9nyv\u00e9d\u0151szer-marad\u00e9k lehet a fekete szemes babban","robots":{"index":"index","follow":"follow","max-snippet":"max-snippet:-1","max-image-preview":"max-image-preview:large","max-video-preview":"max-video-preview:-1"},"canonical":"https:\/\/dorogimedence.hu\/index.php\/2023\/03\/01\/novenyvedoszer-maradek-lehet-a-fekete-szemes-babban\/","og_locale":"hu_HU","og_type":"article","og_title":"N\u00f6v\u00e9nyv\u00e9d\u0151szer-marad\u00e9k lehet a fekete szemes babban","og_description":"Nem enged\u00e9lyezett n\u00f6v\u00e9nyv\u00e9d\u0151szer-marad\u00e9kok &#8211; kl\u00f3rpirifosz, karbaril, fenitrotion &#8211; miatt az Orient Food Kft. visszah\u00edvta a forgalomb\u00f3l az &#8222;IDEAL fekete szemes bab 900 gramm&#8221; megnevez\u00e9s\u0171 term\u00e9k t\u00f6bb t\u00e9tel\u00e9t &#8211; k\u00f6z\u00f6lte a Nemzeti \u00c9lelmiszerl\u00e1nc-biztons\u00e1gi Hivatal (N\u00e9bih) kedden. A N\u00e9bih ismerteti, hogy a forgalomb\u00f3l kivont term\u00e9ket a t\u00f6r\u00f6korsz\u00e1gi Platin Agro Gida San. A.S. gy\u00e1rtotta, az int\u00e9zked\u00e9sben \u00e9rintett \u00e1ru","og_url":"https:\/\/dorogimedence.hu\/index.php\/2023\/03\/01\/novenyvedoszer-maradek-lehet-a-fekete-szemes-babban\/","og_site_name":"Dorogi-medence Region\u00e1lis H\u00edrport\u00e1l","article_publisher":"https:\/\/www.facebook.com\/dorogimedence\/","article_published_time":"2023-03-01T11:13:18+00:00","article_modified_time":"2023-03-01T11:14:39+00:00","og_image":[{"width":1200,"height":630,"url":"https:\/\/dorogimedence.hu\/wp-content\/uploads\/2023\/03\/ideal-bab.jpg","type":"image\/jpeg"}],"author":"dorogimedence.hu","twitter_card":"summary_large_image","twitter_misc":{"Szerz\u0151:":"dorogimedence.hu","Becs\u00fclt olvas\u00e1si id\u0151":"1 perc"},"schema":{"@context":"https:\/\/schema.org","@graph":[{"@type":"Article","@id":"https:\/\/dorogimedence.hu\/index.php\/2023\/03\/01\/novenyvedoszer-maradek-lehet-a-fekete-szemes-babban\/#article","isPartOf":{"@id":"https:\/\/dorogimedence.hu\/index.php\/2023\/03\/01\/novenyvedoszer-maradek-lehet-a-fekete-szemes-babban\/"},"author":{"name":"dorogimedence.hu","@id":"https:\/\/dorogimedence.hu\/#\/schema\/person\/ce6091eeb7e95ecdc87890d6aa8e0fd4"},"headline":"N\u00f6v\u00e9nyv\u00e9d\u0151szer-marad\u00e9k lehet a fekete szemes babban","datePublished":"2023-03-01T11:13:18+00:00","dateModified":"2023-03-01T11:14:39+00:00","mainEntityOfPage":{"@id":"https:\/\/dorogimedence.hu\/index.php\/2023\/03\/01\/novenyvedoszer-maradek-lehet-a-fekete-szemes-babban\/"},"wordCount":181,"publisher":{"@id":"https:\/\/dorogimedence.hu\/#organization"},"image":{"@id":"https:\/\/dorogimedence.hu\/index.php\/2023\/03\/01\/novenyvedoszer-maradek-lehet-a-fekete-szemes-babban\/#primaryimage"},"thumbnailUrl":"https:\/\/dorogimedence.hu\/wp-content\/uploads\/2023\/03\/ideal-bab.jpg","keywords":["bab","feketeszemes bab","IDEAL","term\u00e9kvisszah\u00edv\u00e1s"],"articleSection":["Belf\u00f6ld, Gazdas\u00e1g","H\u00edrek"],"inLanguage":"hu"},{"@type":"WebPage","@id":"https:\/\/dorogimedence.hu\/index.php\/2023\/03\/01\/novenyvedoszer-maradek-lehet-a-fekete-szemes-babban\/","url":"https:\/\/dorogimedence.hu\/index.php\/2023\/03\/01\/novenyvedoszer-maradek-lehet-a-fekete-szemes-babban\/","name":"N\u00f6v\u00e9nyv\u00e9d\u0151szer-marad\u00e9k lehet a fekete szemes babban","isPartOf":{"@id":"https:\/\/dorogimedence.hu\/#website"},"primaryImageOfPage":{"@id":"https:\/\/dorogimedence.hu\/index.php\/2023\/03\/01\/novenyvedoszer-maradek-lehet-a-fekete-szemes-babban\/#primaryimage"},"image":{"@id":"https:\/\/dorogimedence.hu\/index.php\/2023\/03\/01\/novenyvedoszer-maradek-lehet-a-fekete-szemes-babban\/#primaryimage"},"thumbnailUrl":"https:\/\/dorogimedence.hu\/wp-content\/uploads\/2023\/03\/ideal-bab.jpg","datePublished":"2023-03-01T11:13:18+00:00","dateModified":"2023-03-01T11:14:39+00:00","breadcrumb":{"@id":"https:\/\/dorogimedence.hu\/index.php\/2023\/03\/01\/novenyvedoszer-maradek-lehet-a-fekete-szemes-babban\/#breadcrumb"},"inLanguage":"hu","potentialAction":[{"@type":"ReadAction","target":["https:\/\/dorogimedence.hu\/index.php\/2023\/03\/01\/novenyvedoszer-maradek-lehet-a-fekete-szemes-babban\/"]}]},{"@type":"ImageObject","inLanguage":"hu","@id":"https:\/\/dorogimedence.hu\/index.php\/2023\/03\/01\/novenyvedoszer-maradek-lehet-a-fekete-szemes-babban\/#primaryimage","url":"https:\/\/dorogimedence.hu\/wp-content\/uploads\/2023\/03\/ideal-bab.jpg","contentUrl":"https:\/\/dorogimedence.hu\/wp-content\/uploads\/2023\/03\/ideal-bab.jpg","width":1200,"height":630},{"@type":"BreadcrumbList","@id":"https:\/\/dorogimedence.hu\/index.php\/2023\/03\/01\/novenyvedoszer-maradek-lehet-a-fekete-szemes-babban\/#breadcrumb","itemListElement":[{"@type":"ListItem","position":1,"name":"Kezd\u0151lap","item":"https:\/\/dorogimedence.hu\/"},{"@type":"ListItem","position":2,"name":"N\u00f6v\u00e9nyv\u00e9d\u0151szer-marad\u00e9k lehet a fekete szemes babban"}]},{"@type":"WebSite","@id":"https:\/\/dorogimedence.hu\/#website","url":"https:\/\/dorogimedence.hu\/","name":"Dorogi-medence Region\u00e1lis H\u00edrport\u00e1l","description":"Dorog, Keszt\u00f6lc, Le\u00e1nyv\u00e1r, Piliscs\u00e9v, Tokod, Tokodalt\u00e1r\u00f3, Csolnok, Esztergom-kertv\u00e1ros: h\u00edrek, programok","publisher":{"@id":"https:\/\/dorogimedence.hu\/#organization"},"potentialAction":[{"@type":"SearchAction","target":{"@type":"EntryPoint","urlTemplate":"https:\/\/dorogimedence.hu\/?s={search_term_string}"},"query-input":{"@type":"PropertyValueSpecification","valueRequired":true,"valueName":"search_term_string"}}],"inLanguage":"hu"},{"@type":"Organization","@id":"https:\/\/dorogimedence.hu\/#organization","name":"Dorogi-medence Region\u00e1lis H\u00edrport\u00e1l","url":"https:\/\/dorogimedence.hu\/","logo":{"@type":"ImageObject","inLanguage":"hu","@id":"https:\/\/dorogimedence.hu\/#\/schema\/logo\/image\/","url":"https:\/\/dorogimedence.hu\/wp-content\/uploads\/2021\/04\/logo-feher-600.png","contentUrl":"https:\/\/dorogimedence.hu\/wp-content\/uploads\/2021\/04\/logo-feher-600.png","width":600,"height":100,"caption":"Dorogi-medence Region\u00e1lis H\u00edrport\u00e1l"},"image":{"@id":"https:\/\/dorogimedence.hu\/#\/schema\/logo\/image\/"},"sameAs":["https:\/\/www.facebook.com\/dorogimedence\/"]},{"@type":"Person","@id":"https:\/\/dorogimedence.hu\/#\/schema\/person\/ce6091eeb7e95ecdc87890d6aa8e0fd4","name":"dorogimedence.hu","image":{"@type":"ImageObject","inLanguage":"hu","@id":"\/\/www.gravatar.com\/avatar\/d8d45f8901aadff40a4af72c0b826f1d?s=96&#038;r=g&#038;d=mm","url":"\/\/www.gravatar.com\/avatar\/d8d45f8901aadff40a4af72c0b826f1d?s=96&#038;r=g&#038;d=mm","contentUrl":"\/\/www.gravatar.com\/avatar\/d8d45f8901aadff40a4af72c0b826f1d?s=96&#038;r=g&#038;d=mm","caption":"dorogimedence.hu"}}]}},"_links":{"self":[{"href":"https:\/\/dorogimedence.hu\/index.php\/wp-json\/wp\/v2\/posts\/50746","targetHints":{"allow":["GET"]}}],"collection":[{"href":"https:\/\/dorogimedence.hu\/index.php\/wp-json\/wp\/v2\/posts"}],"about":[{"href":"https:\/\/dorogimedence.hu\/index.php\/wp-json\/wp\/v2\/types\/post"}],"author":[{"embeddable":true,"href":"https:\/\/dorogimedence.hu\/index.php\/wp-json\/wp\/v2\/users\/1"}],"replies":[{"embeddable":true,"href":"https:\/\/dorogimedence.hu\/index.php\/wp-json\/wp\/v2\/comments?post=50746"}],"version-history":[{"count":0,"href":"https:\/\/dorogimedence.hu\/index.php\/wp-json\/wp\/v2\/posts\/50746\/revisions"}],"wp:featuredmedia":[{"embeddable":true,"href":"https:\/\/dorogimedence.hu\/index.php\/wp-json\/wp\/v2\/media\/50747"}],"wp:attachment":[{"href":"https:\/\/dorogimedence.hu\/index.php\/wp-json\/wp\/v2\/media?parent=50746"}],"wp:term":[{"taxonomy":"category","embeddable":true,"href":"https:\/\/dorogimedence.hu\/index.php\/wp-json\/wp\/v2\/categories?post=50746"},{"taxonomy":"post_tag","embeddable":true,"href":"https:\/\/dorogimedence.hu\/index.php\/wp-json\/wp\/v2\/tags?post=50746"}],"curies":[{"name":"wp","href":"https:\/\/api.w.org\/{rel}","templated":true}]}}