{"id":50741,"date":"2023-03-01T11:36:08","date_gmt":"2023-03-01T10:36:08","guid":{"rendered":"https:\/\/dorogimedence.hu\/?p=50741"},"modified":"2023-03-01T11:38:34","modified_gmt":"2023-03-01T10:38:34","slug":"iden-10-szazalekos-nyeresegnovekedessel-szamol-a-richter","status":"publish","type":"post","link":"https:\/\/dorogimedence.hu\/index.php\/2023\/03\/01\/iden-10-szazalekos-nyeresegnovekedessel-szamol-a-richter\/","title":{"rendered":"Id\u00e9n 10 sz\u00e1zal\u00e9kos nyeres\u00e9gn\u00f6veked\u00e9ssel sz\u00e1mol a Richter"},"content":{"rendered":"<p><strong>A Richter \u00e1rfolyamhat\u00e1st\u00f3l megtiszt\u00edtva, 10 sz\u00e1zal\u00e9kos bev\u00e9tel- \u00e9s nett\u00f3 nyeres\u00e9gn\u00f6veked\u00e9ssel sz\u00e1mol forintban az id\u00e9n<\/strong> <em>&#8211; mondta Orb\u00e1n G\u00e1bor vez\u00e9rigazgat\u00f3 a v\u00e1llalat negyedik negyed\u00e9ves eredm\u00e9nyeit \u00e9rt\u00e9kel\u0151 sajt\u00f3t\u00e1j\u00e9koztat\u00f3n kedden, Budapesten.<\/em><\/p>\n<p>Hozz\u00e1tette, hogy tavaly az \u00e1rfolyamv\u00e1ltoz\u00e1sokkal sz\u0171rve siker\u00fclt el\u00e9rni a c\u00e9lokat. Elmondta azt is, hogy a Richter tavaly eg\u00e9szs\u00e9ges, sz\u00e9les b\u00e1zis\u00fa n\u00f6veked\u00e9st \u00e9rt el a r\u00e9gi\u00f3k \u00e9s a term\u00e9kkateg\u00f3ri\u00e1k szerint is. Az alapfolyamatokat jobban t\u00fckr\u00f6z\u0151, az egyedi hat\u00e1sokat kisz\u0171r\u0151 \u00fczleti tev\u00e9kenys\u00e9gb\u0151l sz\u00e1rmaz\u00f3 nett\u00f3 cash flow tavaly 184,927 milli\u00e1rd forintra n\u0151tt a 2021. \u00e9vi 139,904 milli\u00e1rd forint ut\u00e1n.<\/p>\n<p>Az \u00e9v sor\u00e1n kedvez\u0151 \u00e1rfolyamk\u00f6rnyezet az \u00e9v v\u00e9g\u00e9re megfordult, az utols\u00f3 negyed\u00e9vben 44 milli\u00e1rd forint nem realiz\u00e1lt \u00e1rfolyamvesztes\u00e9g keletkezett, amely felem\u00e9sztette az \u00e9v els\u0151 h\u00e1rom negyed\u00e9v\u00e9ben el\u00e9rt p\u00e9nz\u00fcgyi nyeres\u00e9get. Az \u00e9v utols\u00f3 negyed\u00e9v\u00e9ben tov\u00e1bbi 25 milli\u00e1rd forint \u00e9rt\u00e9kveszt\u00e9s sz\u00e1moltak el k\u00e9t K+F projekt eset\u00e9ben, valamint a gy\u00f3gyszergy\u00e1rt\u00f3kra kivetett 28 milli\u00e1rd forintos k\u00fcl\u00f6nad\u00f3 is rontotta a negyedik negyed\u00e9ves eredm\u00e9nyt &#8211; fogalmazott.<\/p>\n<p>Bogsch Erik, az igazgat\u00f3s\u00e1g eln\u00f6ke elmondta: teljesen v\u00e1ratlanul \u00e9rte a szektort \u00e9s a Richtert is a december 23-\u00e1n kihirdetett k\u00fcl\u00f6nad\u00f3, amely a K+F kiad\u00e1sok 40 sz\u00e1zal\u00e9k\u00e1t fedezn\u00e9. A gy\u00f3gyszergy\u00e1rt\u00f3 c\u00e9get 25 \u00e9vig vezet\u0151 szakember jelezte, hogy folytatj\u00e1k a t\u00e1rgyal\u00e1ssorozatot a korm\u00e1nyzattal, miut\u00e1n a kor\u00e1bbi egyeztet\u00e9sek nem vezettek sikerre. A gy\u00f3gyszerszektort s\u00fajt\u00f3, decemberben visszamen\u0151leges hat\u00e1llyal kivetett progressz\u00edv k\u00fcl\u00f6nad\u00f3 alapja a teljes \u00e1rbev\u00e9tel. Az \u00e1rbev\u00e9tel 150 milli\u00e1rd forint alatti r\u00e9sze ut\u00e1n 3 sz\u00e1zal\u00e9k ad\u00f3, az azt meghalad\u00f3 r\u00e9sz ut\u00e1n pedig 8 sz\u00e1zal\u00e9k fizetend\u0151.<\/p>\n<p>R\u00e1mutatott: az extra teher versenyh\u00e1tr\u00e1nyba hozza a magyarorsz\u00e1gi gy\u00e1rt\u00f3b\u00e1zissal rendelkez\u0151, magas hozz\u00e1adott \u00e9rt\u00e9ket el\u0151\u00e1ll\u00edt\u00f3 c\u00e9geket, \u00edgy a Richtert, mivel az ad\u00f3 nem vonatkozik az OTC piac szerepl\u0151ire. Orb\u00e1n G\u00e1bor hozz\u00e1tette: a c\u00e9g alapforgat\u00f3k\u00f6nyve, hogy a p\u00e9nz\u00fcgyi terhet kivezetik j\u00f6v\u0151re. Amennyiben m\u00e9gis fennmaradna 2023 ut\u00e1n, akkor a Richter megfontolhatja, hogy az ad\u00f3fizet\u00e9si k\u00f6telezetts\u00e9ge ne Magyarorsz\u00e1gon teljes\u00fclj\u00f6n. Hozz\u00e1tette: ez csak egy elm\u00e9leti forgat\u00f3k\u00f6nyv, \u00e9s b\u00edznak a megegyez\u00e9sben.<\/p>\n<p>Az osztal\u00e9kfizet\u00e9si politika esetleges v\u00e1ltoz\u00e1s\u00e1val kapcsolatos k\u00e9rd\u00e9sre Orb\u00e1n G\u00e1bor elmondta, hogy az igazgat\u00f3tan\u00e1cs is megosztott a k\u00e9rd\u00e9sben, t\u00f6bb egym\u00e1ssal ellent\u00e9tes hat\u00e1s \u00e9rv\u00e9nyes\u00fclt az \u00fczleti folyamatokban, ez\u00e9rt m\u00e9g nem sz\u00fcletett d\u00f6nt\u00e9s. 2018 \u00f3ta a nett\u00f3 eredm\u00e9ny 25-40 sz\u00e1zal\u00e9ka volt az osztal\u00e9kar\u00e1ny a Richtern\u00e9l.<br \/>\nA kedden hajnalban k\u00f6zz\u00e9tett gyorsjelent\u00e9s szerint a Richter \u00e1rbev\u00e9tele a v\u00e1rakoz\u00e1sokkal \u00f6sszhangban n\u0151tt 2022-ben, az ad\u00f3zott eredm\u00e9ny azonban a negyedik negyed\u00e9vben jelentkez\u0151 egyedi t\u00e9telek miatt elmaradt az elemz\u0151i v\u00e1rakoz\u00e1sokt\u00f3l.<\/p>\n<p>Az ad\u00f3zott nyeres\u00e9g 11,4 sz\u00e1zal\u00e9kkal 157,255 milli\u00e1rd forintra n\u0151tt tavaly, 802,755 milli\u00e1rd forint \u00e1rbev\u00e9tel mellett, amely 27 sz\u00e1zal\u00e9kos emelked\u00e9s. A negyedik negyed\u00e9vben a t\u00e1rsas\u00e1g 40,002 milli\u00e1rdos vesztes\u00e9ggel z\u00e1rt az el\u0151z\u0151 \u00e9vi 47,059 milli\u00e1rdos nyeres\u00e9g ut\u00e1n, mik\u00f6zben az \u00e1rbev\u00e9tele 27,1 sz\u00e1zal\u00e9kkal, 223,968 milli\u00e1rd forintra n\u0151tt az okt\u00f3ber \u00e9s december k\u00f6z\u00f6tti id\u0151szakban.<\/p>\n<p>A Richter r\u00e9szv\u00e9nyeivel a B\u00c9T pr\u00e9mium kateg\u00f3ri\u00e1j\u00e1ban kereskednek. Az elm\u00falt \u00e9vben a legmagasabb \u00e1rfolyama 9150 forint, a legalacsonyabb 6310 forint volt, h\u00e9tf\u0151n 7640 forinton z\u00e1rt a pap\u00edr, a keddi keresked\u00e9sben nap k\u00f6zben t\u00f6bb mint 1 sz\u00e1zal\u00e9kkal gyeng\u00fclt.<\/p>\n<p><em>Forr\u00e1s: MTI<\/em><\/p>\n","protected":false},"excerpt":{"rendered":"<p>A Richter \u00e1rfolyamhat\u00e1st\u00f3l megtiszt\u00edtva, 10 sz\u00e1zal\u00e9kos bev\u00e9tel- \u00e9s nett\u00f3 nyeres\u00e9gn\u00f6veked\u00e9ssel sz\u00e1mol forintban az id\u00e9n &#8211; mondta Orb\u00e1n G\u00e1bor vez\u00e9rigazgat\u00f3 a v\u00e1llalat negyedik negyed\u00e9ves eredm\u00e9nyeit \u00e9rt\u00e9kel\u0151 sajt\u00f3t\u00e1j\u00e9koztat\u00f3n kedden, Budapesten. Hozz\u00e1tette, hogy tavaly az \u00e1rfolyamv\u00e1ltoz\u00e1sokkal sz\u0171rve siker\u00fclt el\u00e9rni a c\u00e9lokat. Elmondta azt is, hogy a Richter tavaly eg\u00e9szs\u00e9ges, sz\u00e9les b\u00e1zis\u00fa n\u00f6veked\u00e9st \u00e9rt el a r\u00e9gi\u00f3k \u00e9s a<\/p>\n","protected":false},"author":1,"featured_media":47530,"comment_status":"closed","ping_status":"closed","sticky":false,"template":"","format":"standard","meta":{"ngg_post_thumbnail":0,"footnotes":""},"categories":[6934,3],"tags":[4060,4771],"class_list":{"0":"post-50741","1":"post","2":"type-post","3":"status-publish","4":"format-standard","5":"has-post-thumbnail","7":"category-belfold","8":"category-hirek","9":"tag-richter","10":"tag-richter-gedeon-nyrt"},"yoast_head":"<!-- This site is optimized with the Yoast SEO plugin v27.4 - https:\/\/yoast.com\/product\/yoast-seo-wordpress\/ -->\n<title>Id\u00e9n 10 sz\u00e1zal\u00e9kos nyeres\u00e9gn\u00f6veked\u00e9ssel sz\u00e1mol a Richter<\/title>\n<meta name=\"robots\" content=\"index, follow, max-snippet:-1, max-image-preview:large, max-video-preview:-1\" \/>\n<link rel=\"canonical\" href=\"https:\/\/dorogimedence.hu\/index.php\/2023\/03\/01\/iden-10-szazalekos-nyeresegnovekedessel-szamol-a-richter\/\" class=\"yoast-seo-meta-tag\" \/>\n<meta property=\"og:locale\" content=\"hu_HU\" class=\"yoast-seo-meta-tag\" \/>\n<meta property=\"og:type\" content=\"article\" class=\"yoast-seo-meta-tag\" \/>\n<meta property=\"og:title\" content=\"Id\u00e9n 10 sz\u00e1zal\u00e9kos nyeres\u00e9gn\u00f6veked\u00e9ssel sz\u00e1mol a Richter\" class=\"yoast-seo-meta-tag\" \/>\n<meta property=\"og:description\" content=\"A Richter \u00e1rfolyamhat\u00e1st\u00f3l megtiszt\u00edtva, 10 sz\u00e1zal\u00e9kos bev\u00e9tel- \u00e9s nett\u00f3 nyeres\u00e9gn\u00f6veked\u00e9ssel sz\u00e1mol forintban az id\u00e9n &#8211; mondta Orb\u00e1n G\u00e1bor vez\u00e9rigazgat\u00f3 a v\u00e1llalat negyedik negyed\u00e9ves eredm\u00e9nyeit \u00e9rt\u00e9kel\u0151 sajt\u00f3t\u00e1j\u00e9koztat\u00f3n kedden, Budapesten. Hozz\u00e1tette, hogy tavaly az \u00e1rfolyamv\u00e1ltoz\u00e1sokkal sz\u0171rve siker\u00fclt el\u00e9rni a c\u00e9lokat. Elmondta azt is, hogy a Richter tavaly eg\u00e9szs\u00e9ges, sz\u00e9les b\u00e1zis\u00fa n\u00f6veked\u00e9st \u00e9rt el a r\u00e9gi\u00f3k \u00e9s a\" class=\"yoast-seo-meta-tag\" \/>\n<meta property=\"og:url\" content=\"https:\/\/dorogimedence.hu\/index.php\/2023\/03\/01\/iden-10-szazalekos-nyeresegnovekedessel-szamol-a-richter\/\" class=\"yoast-seo-meta-tag\" \/>\n<meta property=\"og:site_name\" content=\"Dorogi-medence Region\u00e1lis H\u00edrport\u00e1l\" class=\"yoast-seo-meta-tag\" \/>\n<meta property=\"article:publisher\" content=\"https:\/\/www.facebook.com\/dorogimedence\/\" class=\"yoast-seo-meta-tag\" \/>\n<meta property=\"article:published_time\" content=\"2023-03-01T10:36:08+00:00\" class=\"yoast-seo-meta-tag\" \/>\n<meta property=\"article:modified_time\" content=\"2023-03-01T10:38:34+00:00\" class=\"yoast-seo-meta-tag\" \/>\n<meta property=\"og:image\" content=\"https:\/\/dorogimedence.hu\/wp-content\/uploads\/2022\/10\/richter.jpg\" class=\"yoast-seo-meta-tag\" \/>\n\t<meta property=\"og:image:width\" content=\"800\" class=\"yoast-seo-meta-tag\" \/>\n\t<meta property=\"og:image:height\" content=\"456\" class=\"yoast-seo-meta-tag\" \/>\n\t<meta property=\"og:image:type\" content=\"image\/jpeg\" class=\"yoast-seo-meta-tag\" \/>\n<meta name=\"author\" content=\"dorogimedence.hu\" class=\"yoast-seo-meta-tag\" \/>\n<meta name=\"twitter:card\" content=\"summary_large_image\" class=\"yoast-seo-meta-tag\" \/>\n<meta name=\"twitter:label1\" content=\"Szerz\u0151:\" class=\"yoast-seo-meta-tag\" \/>\n\t<meta name=\"twitter:data1\" content=\"dorogimedence.hu\" class=\"yoast-seo-meta-tag\" \/>\n\t<meta name=\"twitter:label2\" content=\"Becs\u00fclt olvas\u00e1si id\u0151\" class=\"yoast-seo-meta-tag\" \/>\n\t<meta name=\"twitter:data2\" content=\"3 perc\" class=\"yoast-seo-meta-tag\" \/>\n<script type=\"application\/ld+json\" class=\"yoast-schema-graph\">{\"@context\":\"https:\\\/\\\/schema.org\",\"@graph\":[{\"@type\":\"Article\",\"@id\":\"https:\\\/\\\/dorogimedence.hu\\\/index.php\\\/2023\\\/03\\\/01\\\/iden-10-szazalekos-nyeresegnovekedessel-szamol-a-richter\\\/#article\",\"isPartOf\":{\"@id\":\"https:\\\/\\\/dorogimedence.hu\\\/index.php\\\/2023\\\/03\\\/01\\\/iden-10-szazalekos-nyeresegnovekedessel-szamol-a-richter\\\/\"},\"author\":{\"name\":\"dorogimedence.hu\",\"@id\":\"https:\\\/\\\/dorogimedence.hu\\\/#\\\/schema\\\/person\\\/ce6091eeb7e95ecdc87890d6aa8e0fd4\"},\"headline\":\"Id\u00e9n 10 sz\u00e1zal\u00e9kos nyeres\u00e9gn\u00f6veked\u00e9ssel sz\u00e1mol a Richter\",\"datePublished\":\"2023-03-01T10:36:08+00:00\",\"dateModified\":\"2023-03-01T10:38:34+00:00\",\"mainEntityOfPage\":{\"@id\":\"https:\\\/\\\/dorogimedence.hu\\\/index.php\\\/2023\\\/03\\\/01\\\/iden-10-szazalekos-nyeresegnovekedessel-szamol-a-richter\\\/\"},\"wordCount\":696,\"publisher\":{\"@id\":\"https:\\\/\\\/dorogimedence.hu\\\/#organization\"},\"image\":{\"@id\":\"https:\\\/\\\/dorogimedence.hu\\\/index.php\\\/2023\\\/03\\\/01\\\/iden-10-szazalekos-nyeresegnovekedessel-szamol-a-richter\\\/#primaryimage\"},\"thumbnailUrl\":\"https:\\\/\\\/dorogimedence.hu\\\/wp-content\\\/uploads\\\/2022\\\/10\\\/richter.jpg\",\"keywords\":[\"richter\",\"Richter Gedeon Nyrt.\"],\"articleSection\":[\"Belf\u00f6ld, Gazdas\u00e1g\",\"H\u00edrek\"],\"inLanguage\":\"hu\"},{\"@type\":\"WebPage\",\"@id\":\"https:\\\/\\\/dorogimedence.hu\\\/index.php\\\/2023\\\/03\\\/01\\\/iden-10-szazalekos-nyeresegnovekedessel-szamol-a-richter\\\/\",\"url\":\"https:\\\/\\\/dorogimedence.hu\\\/index.php\\\/2023\\\/03\\\/01\\\/iden-10-szazalekos-nyeresegnovekedessel-szamol-a-richter\\\/\",\"name\":\"Id\u00e9n 10 sz\u00e1zal\u00e9kos nyeres\u00e9gn\u00f6veked\u00e9ssel sz\u00e1mol a Richter\",\"isPartOf\":{\"@id\":\"https:\\\/\\\/dorogimedence.hu\\\/#website\"},\"primaryImageOfPage\":{\"@id\":\"https:\\\/\\\/dorogimedence.hu\\\/index.php\\\/2023\\\/03\\\/01\\\/iden-10-szazalekos-nyeresegnovekedessel-szamol-a-richter\\\/#primaryimage\"},\"image\":{\"@id\":\"https:\\\/\\\/dorogimedence.hu\\\/index.php\\\/2023\\\/03\\\/01\\\/iden-10-szazalekos-nyeresegnovekedessel-szamol-a-richter\\\/#primaryimage\"},\"thumbnailUrl\":\"https:\\\/\\\/dorogimedence.hu\\\/wp-content\\\/uploads\\\/2022\\\/10\\\/richter.jpg\",\"datePublished\":\"2023-03-01T10:36:08+00:00\",\"dateModified\":\"2023-03-01T10:38:34+00:00\",\"breadcrumb\":{\"@id\":\"https:\\\/\\\/dorogimedence.hu\\\/index.php\\\/2023\\\/03\\\/01\\\/iden-10-szazalekos-nyeresegnovekedessel-szamol-a-richter\\\/#breadcrumb\"},\"inLanguage\":\"hu\",\"potentialAction\":[{\"@type\":\"ReadAction\",\"target\":[\"https:\\\/\\\/dorogimedence.hu\\\/index.php\\\/2023\\\/03\\\/01\\\/iden-10-szazalekos-nyeresegnovekedessel-szamol-a-richter\\\/\"]}]},{\"@type\":\"ImageObject\",\"inLanguage\":\"hu\",\"@id\":\"https:\\\/\\\/dorogimedence.hu\\\/index.php\\\/2023\\\/03\\\/01\\\/iden-10-szazalekos-nyeresegnovekedessel-szamol-a-richter\\\/#primaryimage\",\"url\":\"https:\\\/\\\/dorogimedence.hu\\\/wp-content\\\/uploads\\\/2022\\\/10\\\/richter.jpg\",\"contentUrl\":\"https:\\\/\\\/dorogimedence.hu\\\/wp-content\\\/uploads\\\/2022\\\/10\\\/richter.jpg\",\"width\":800,\"height\":456},{\"@type\":\"BreadcrumbList\",\"@id\":\"https:\\\/\\\/dorogimedence.hu\\\/index.php\\\/2023\\\/03\\\/01\\\/iden-10-szazalekos-nyeresegnovekedessel-szamol-a-richter\\\/#breadcrumb\",\"itemListElement\":[{\"@type\":\"ListItem\",\"position\":1,\"name\":\"Kezd\u0151lap\",\"item\":\"https:\\\/\\\/dorogimedence.hu\\\/\"},{\"@type\":\"ListItem\",\"position\":2,\"name\":\"Id\u00e9n 10 sz\u00e1zal\u00e9kos nyeres\u00e9gn\u00f6veked\u00e9ssel sz\u00e1mol a Richter\"}]},{\"@type\":\"WebSite\",\"@id\":\"https:\\\/\\\/dorogimedence.hu\\\/#website\",\"url\":\"https:\\\/\\\/dorogimedence.hu\\\/\",\"name\":\"Dorogi-medence Region\u00e1lis H\u00edrport\u00e1l\",\"description\":\"Dorog, Keszt\u00f6lc, Le\u00e1nyv\u00e1r, Piliscs\u00e9v, Tokod, Tokodalt\u00e1r\u00f3, Csolnok, Esztergom-kertv\u00e1ros: h\u00edrek, programok\",\"publisher\":{\"@id\":\"https:\\\/\\\/dorogimedence.hu\\\/#organization\"},\"potentialAction\":[{\"@type\":\"SearchAction\",\"target\":{\"@type\":\"EntryPoint\",\"urlTemplate\":\"https:\\\/\\\/dorogimedence.hu\\\/?s={search_term_string}\"},\"query-input\":{\"@type\":\"PropertyValueSpecification\",\"valueRequired\":true,\"valueName\":\"search_term_string\"}}],\"inLanguage\":\"hu\"},{\"@type\":\"Organization\",\"@id\":\"https:\\\/\\\/dorogimedence.hu\\\/#organization\",\"name\":\"Dorogi-medence Region\u00e1lis H\u00edrport\u00e1l\",\"url\":\"https:\\\/\\\/dorogimedence.hu\\\/\",\"logo\":{\"@type\":\"ImageObject\",\"inLanguage\":\"hu\",\"@id\":\"https:\\\/\\\/dorogimedence.hu\\\/#\\\/schema\\\/logo\\\/image\\\/\",\"url\":\"https:\\\/\\\/dorogimedence.hu\\\/wp-content\\\/uploads\\\/2021\\\/04\\\/logo-feher-600.png\",\"contentUrl\":\"https:\\\/\\\/dorogimedence.hu\\\/wp-content\\\/uploads\\\/2021\\\/04\\\/logo-feher-600.png\",\"width\":600,\"height\":100,\"caption\":\"Dorogi-medence Region\u00e1lis H\u00edrport\u00e1l\"},\"image\":{\"@id\":\"https:\\\/\\\/dorogimedence.hu\\\/#\\\/schema\\\/logo\\\/image\\\/\"},\"sameAs\":[\"https:\\\/\\\/www.facebook.com\\\/dorogimedence\\\/\"]},{\"@type\":\"Person\",\"@id\":\"https:\\\/\\\/dorogimedence.hu\\\/#\\\/schema\\\/person\\\/ce6091eeb7e95ecdc87890d6aa8e0fd4\",\"name\":\"dorogimedence.hu\",\"image\":{\"@type\":\"ImageObject\",\"inLanguage\":\"hu\",\"@id\":\"\\\/\\\/www.gravatar.com\\\/avatar\\\/d8d45f8901aadff40a4af72c0b826f1d?s=96&#038;r=g&#038;d=mm\",\"url\":\"\\\/\\\/www.gravatar.com\\\/avatar\\\/d8d45f8901aadff40a4af72c0b826f1d?s=96&#038;r=g&#038;d=mm\",\"contentUrl\":\"\\\/\\\/www.gravatar.com\\\/avatar\\\/d8d45f8901aadff40a4af72c0b826f1d?s=96&#038;r=g&#038;d=mm\",\"caption\":\"dorogimedence.hu\"}}]}<\/script>\n<!-- \/ Yoast SEO plugin. -->","yoast_head_json":{"title":"Id\u00e9n 10 sz\u00e1zal\u00e9kos nyeres\u00e9gn\u00f6veked\u00e9ssel sz\u00e1mol a Richter","robots":{"index":"index","follow":"follow","max-snippet":"max-snippet:-1","max-image-preview":"max-image-preview:large","max-video-preview":"max-video-preview:-1"},"canonical":"https:\/\/dorogimedence.hu\/index.php\/2023\/03\/01\/iden-10-szazalekos-nyeresegnovekedessel-szamol-a-richter\/","og_locale":"hu_HU","og_type":"article","og_title":"Id\u00e9n 10 sz\u00e1zal\u00e9kos nyeres\u00e9gn\u00f6veked\u00e9ssel sz\u00e1mol a Richter","og_description":"A Richter \u00e1rfolyamhat\u00e1st\u00f3l megtiszt\u00edtva, 10 sz\u00e1zal\u00e9kos bev\u00e9tel- \u00e9s nett\u00f3 nyeres\u00e9gn\u00f6veked\u00e9ssel sz\u00e1mol forintban az id\u00e9n &#8211; mondta Orb\u00e1n G\u00e1bor vez\u00e9rigazgat\u00f3 a v\u00e1llalat negyedik negyed\u00e9ves eredm\u00e9nyeit \u00e9rt\u00e9kel\u0151 sajt\u00f3t\u00e1j\u00e9koztat\u00f3n kedden, Budapesten. Hozz\u00e1tette, hogy tavaly az \u00e1rfolyamv\u00e1ltoz\u00e1sokkal sz\u0171rve siker\u00fclt el\u00e9rni a c\u00e9lokat. Elmondta azt is, hogy a Richter tavaly eg\u00e9szs\u00e9ges, sz\u00e9les b\u00e1zis\u00fa n\u00f6veked\u00e9st \u00e9rt el a r\u00e9gi\u00f3k \u00e9s a","og_url":"https:\/\/dorogimedence.hu\/index.php\/2023\/03\/01\/iden-10-szazalekos-nyeresegnovekedessel-szamol-a-richter\/","og_site_name":"Dorogi-medence Region\u00e1lis H\u00edrport\u00e1l","article_publisher":"https:\/\/www.facebook.com\/dorogimedence\/","article_published_time":"2023-03-01T10:36:08+00:00","article_modified_time":"2023-03-01T10:38:34+00:00","og_image":[{"width":800,"height":456,"url":"https:\/\/dorogimedence.hu\/wp-content\/uploads\/2022\/10\/richter.jpg","type":"image\/jpeg"}],"author":"dorogimedence.hu","twitter_card":"summary_large_image","twitter_misc":{"Szerz\u0151:":"dorogimedence.hu","Becs\u00fclt olvas\u00e1si id\u0151":"3 perc"},"schema":{"@context":"https:\/\/schema.org","@graph":[{"@type":"Article","@id":"https:\/\/dorogimedence.hu\/index.php\/2023\/03\/01\/iden-10-szazalekos-nyeresegnovekedessel-szamol-a-richter\/#article","isPartOf":{"@id":"https:\/\/dorogimedence.hu\/index.php\/2023\/03\/01\/iden-10-szazalekos-nyeresegnovekedessel-szamol-a-richter\/"},"author":{"name":"dorogimedence.hu","@id":"https:\/\/dorogimedence.hu\/#\/schema\/person\/ce6091eeb7e95ecdc87890d6aa8e0fd4"},"headline":"Id\u00e9n 10 sz\u00e1zal\u00e9kos nyeres\u00e9gn\u00f6veked\u00e9ssel sz\u00e1mol a Richter","datePublished":"2023-03-01T10:36:08+00:00","dateModified":"2023-03-01T10:38:34+00:00","mainEntityOfPage":{"@id":"https:\/\/dorogimedence.hu\/index.php\/2023\/03\/01\/iden-10-szazalekos-nyeresegnovekedessel-szamol-a-richter\/"},"wordCount":696,"publisher":{"@id":"https:\/\/dorogimedence.hu\/#organization"},"image":{"@id":"https:\/\/dorogimedence.hu\/index.php\/2023\/03\/01\/iden-10-szazalekos-nyeresegnovekedessel-szamol-a-richter\/#primaryimage"},"thumbnailUrl":"https:\/\/dorogimedence.hu\/wp-content\/uploads\/2022\/10\/richter.jpg","keywords":["richter","Richter Gedeon Nyrt."],"articleSection":["Belf\u00f6ld, Gazdas\u00e1g","H\u00edrek"],"inLanguage":"hu"},{"@type":"WebPage","@id":"https:\/\/dorogimedence.hu\/index.php\/2023\/03\/01\/iden-10-szazalekos-nyeresegnovekedessel-szamol-a-richter\/","url":"https:\/\/dorogimedence.hu\/index.php\/2023\/03\/01\/iden-10-szazalekos-nyeresegnovekedessel-szamol-a-richter\/","name":"Id\u00e9n 10 sz\u00e1zal\u00e9kos nyeres\u00e9gn\u00f6veked\u00e9ssel sz\u00e1mol a Richter","isPartOf":{"@id":"https:\/\/dorogimedence.hu\/#website"},"primaryImageOfPage":{"@id":"https:\/\/dorogimedence.hu\/index.php\/2023\/03\/01\/iden-10-szazalekos-nyeresegnovekedessel-szamol-a-richter\/#primaryimage"},"image":{"@id":"https:\/\/dorogimedence.hu\/index.php\/2023\/03\/01\/iden-10-szazalekos-nyeresegnovekedessel-szamol-a-richter\/#primaryimage"},"thumbnailUrl":"https:\/\/dorogimedence.hu\/wp-content\/uploads\/2022\/10\/richter.jpg","datePublished":"2023-03-01T10:36:08+00:00","dateModified":"2023-03-01T10:38:34+00:00","breadcrumb":{"@id":"https:\/\/dorogimedence.hu\/index.php\/2023\/03\/01\/iden-10-szazalekos-nyeresegnovekedessel-szamol-a-richter\/#breadcrumb"},"inLanguage":"hu","potentialAction":[{"@type":"ReadAction","target":["https:\/\/dorogimedence.hu\/index.php\/2023\/03\/01\/iden-10-szazalekos-nyeresegnovekedessel-szamol-a-richter\/"]}]},{"@type":"ImageObject","inLanguage":"hu","@id":"https:\/\/dorogimedence.hu\/index.php\/2023\/03\/01\/iden-10-szazalekos-nyeresegnovekedessel-szamol-a-richter\/#primaryimage","url":"https:\/\/dorogimedence.hu\/wp-content\/uploads\/2022\/10\/richter.jpg","contentUrl":"https:\/\/dorogimedence.hu\/wp-content\/uploads\/2022\/10\/richter.jpg","width":800,"height":456},{"@type":"BreadcrumbList","@id":"https:\/\/dorogimedence.hu\/index.php\/2023\/03\/01\/iden-10-szazalekos-nyeresegnovekedessel-szamol-a-richter\/#breadcrumb","itemListElement":[{"@type":"ListItem","position":1,"name":"Kezd\u0151lap","item":"https:\/\/dorogimedence.hu\/"},{"@type":"ListItem","position":2,"name":"Id\u00e9n 10 sz\u00e1zal\u00e9kos nyeres\u00e9gn\u00f6veked\u00e9ssel sz\u00e1mol a Richter"}]},{"@type":"WebSite","@id":"https:\/\/dorogimedence.hu\/#website","url":"https:\/\/dorogimedence.hu\/","name":"Dorogi-medence Region\u00e1lis H\u00edrport\u00e1l","description":"Dorog, Keszt\u00f6lc, Le\u00e1nyv\u00e1r, Piliscs\u00e9v, Tokod, Tokodalt\u00e1r\u00f3, Csolnok, Esztergom-kertv\u00e1ros: h\u00edrek, programok","publisher":{"@id":"https:\/\/dorogimedence.hu\/#organization"},"potentialAction":[{"@type":"SearchAction","target":{"@type":"EntryPoint","urlTemplate":"https:\/\/dorogimedence.hu\/?s={search_term_string}"},"query-input":{"@type":"PropertyValueSpecification","valueRequired":true,"valueName":"search_term_string"}}],"inLanguage":"hu"},{"@type":"Organization","@id":"https:\/\/dorogimedence.hu\/#organization","name":"Dorogi-medence Region\u00e1lis H\u00edrport\u00e1l","url":"https:\/\/dorogimedence.hu\/","logo":{"@type":"ImageObject","inLanguage":"hu","@id":"https:\/\/dorogimedence.hu\/#\/schema\/logo\/image\/","url":"https:\/\/dorogimedence.hu\/wp-content\/uploads\/2021\/04\/logo-feher-600.png","contentUrl":"https:\/\/dorogimedence.hu\/wp-content\/uploads\/2021\/04\/logo-feher-600.png","width":600,"height":100,"caption":"Dorogi-medence Region\u00e1lis H\u00edrport\u00e1l"},"image":{"@id":"https:\/\/dorogimedence.hu\/#\/schema\/logo\/image\/"},"sameAs":["https:\/\/www.facebook.com\/dorogimedence\/"]},{"@type":"Person","@id":"https:\/\/dorogimedence.hu\/#\/schema\/person\/ce6091eeb7e95ecdc87890d6aa8e0fd4","name":"dorogimedence.hu","image":{"@type":"ImageObject","inLanguage":"hu","@id":"\/\/www.gravatar.com\/avatar\/d8d45f8901aadff40a4af72c0b826f1d?s=96&#038;r=g&#038;d=mm","url":"\/\/www.gravatar.com\/avatar\/d8d45f8901aadff40a4af72c0b826f1d?s=96&#038;r=g&#038;d=mm","contentUrl":"\/\/www.gravatar.com\/avatar\/d8d45f8901aadff40a4af72c0b826f1d?s=96&#038;r=g&#038;d=mm","caption":"dorogimedence.hu"}}]}},"_links":{"self":[{"href":"https:\/\/dorogimedence.hu\/index.php\/wp-json\/wp\/v2\/posts\/50741","targetHints":{"allow":["GET"]}}],"collection":[{"href":"https:\/\/dorogimedence.hu\/index.php\/wp-json\/wp\/v2\/posts"}],"about":[{"href":"https:\/\/dorogimedence.hu\/index.php\/wp-json\/wp\/v2\/types\/post"}],"author":[{"embeddable":true,"href":"https:\/\/dorogimedence.hu\/index.php\/wp-json\/wp\/v2\/users\/1"}],"replies":[{"embeddable":true,"href":"https:\/\/dorogimedence.hu\/index.php\/wp-json\/wp\/v2\/comments?post=50741"}],"version-history":[{"count":0,"href":"https:\/\/dorogimedence.hu\/index.php\/wp-json\/wp\/v2\/posts\/50741\/revisions"}],"wp:featuredmedia":[{"embeddable":true,"href":"https:\/\/dorogimedence.hu\/index.php\/wp-json\/wp\/v2\/media\/47530"}],"wp:attachment":[{"href":"https:\/\/dorogimedence.hu\/index.php\/wp-json\/wp\/v2\/media?parent=50741"}],"wp:term":[{"taxonomy":"category","embeddable":true,"href":"https:\/\/dorogimedence.hu\/index.php\/wp-json\/wp\/v2\/categories?post=50741"},{"taxonomy":"post_tag","embeddable":true,"href":"https:\/\/dorogimedence.hu\/index.php\/wp-json\/wp\/v2\/tags?post=50741"}],"curies":[{"name":"wp","href":"https:\/\/api.w.org\/{rel}","templated":true}]}}