{"id":50715,"date":"2023-02-28T09:25:55","date_gmt":"2023-02-28T08:25:55","guid":{"rendered":"https:\/\/dorogimedence.hu\/?p=50715"},"modified":"2023-02-28T09:26:09","modified_gmt":"2023-02-28T08:26:09","slug":"letartoztatasban-maradhat-a-harom-embercsempesz-2","status":"publish","type":"post","link":"https:\/\/dorogimedence.hu\/index.php\/2023\/02\/28\/letartoztatasban-maradhat-a-harom-embercsempesz-2\/","title":{"rendered":"Letart\u00f3ztat\u00e1sban maradhat a h\u00e1rom embercsemp\u00e9sz"},"content":{"rendered":"<p><strong>Meghosszabb\u00edthatj\u00e1k el\u0151zetes letart\u00f3ztat\u00e1sukat azoknak a lengyel \u00e1llampolg\u00e1rs\u00e1g\u00fa f\u00e9rfiaknak, akik migr\u00e1nsokat sz\u00e1ll\u00edtottak. Az embercsemp\u00e9szeket az esztergomi M\u00e1ria Val\u00e9ria h\u00eddn\u00e1l fogt\u00e1k el.<\/strong><\/p>\n<p>Az ind\u00edtv\u00e1ny szerint a k\u00e9t lengyel \u00e1llampolg\u00e1rs\u00e1g\u00fa f\u00e9rfi az egyik\u00fck \u00e1ltal vezetett&nbsp;szem\u00e9lyg\u00e9pkocsival, valamint a harmadik f\u00e9rfi egy k\u00fcl\u00f6n g\u00e9pkocsival 2022. november 4-\u00e9n a magyar-szerb hat\u00e1r k\u00f6zel\u00e9ben egy erd\u0151s ter\u00fcletre mentek. Az itt v\u00e1rakoz\u00f3&nbsp;5 f\u0151, illeg\u00e1lisan Magyarorsz\u00e1gon tart\u00f3zkod\u00f3 sz\u00edr \u00e1llampolg\u00e1r k\u00f6z\u00fcl n\u00e9gyen az egyik, egy f\u0151 a m\u00e1sik g\u00e9pkocsiba sz\u00e1llt be az\u00e9rt, hogy \u0151ket Esztergomban a M\u00e1ria Val\u00e9ria h\u00eddon kereszt\u00fcl Szlov\u00e1ki\u00e1ba sz\u00e1ll\u00edts\u00e1k az elk\u00f6vet\u0151k.<\/p>\n<p>Az elk\u00f6vet\u0151k elindul\u00e1sukat k\u00f6vet\u0151en n\u00e9h\u00e1ny \u00f3ra eltelt\u00e9vel meg\u00e1lltak, a 4 migr\u00e1ns \u00e1t\u00fclt a m\u00e1sik g\u00e9pkocsiba, \u00edgy folytatt\u00e1k tov\u00e1bb \u00fatjukat Esztergom fel\u00e9. Az utaz\u00e1s sor\u00e1n a migr\u00e1nsokt\u00f3l \u00fcress\u00e9 v\u00e1lt szem\u00e9lyg\u00e9pkocsi haladt el\u0151l \u201eel\u0151fut\u00f3k\u00e9nt\u201d, m\u00f6g\u00f6tte haladt folyamatosan a migr\u00e1nsokat sz\u00e1ll\u00edt\u00f3 g\u00e9pkocsi.<\/p>\n<p>A g\u00e9pkocsikat az Esztergomi Rend\u0151rkapit\u00e1nys\u00e1g j\u00e1r\u0151rei 2022. november 4-\u00e9n 21 \u00f3ra 40 perckor Esztergomban a M\u00e1ria Val\u00e9ria h\u00eddf\u0151n\u00e9l ellen\u0151rz\u00e9s al\u00e1 vont\u00e1k \u00e9s a benne utaz\u00f3kat elfogt\u00e1k.<\/p>\n<p>Az embercsemp\u00e9sz\u00e9s b\u0171ntette miatt indult \u00fcgyben az Esztergomi J\u00e1r\u00e1si \u00dcgy\u00e9szs\u00e9g \u00fajabb ind\u00edtv\u00e1ny tett a h\u00e1rom lengyel \u00e1llampolg\u00e1r letart\u00f3ztat\u00e1s\u00e1nak a hosszabb\u00edt\u00e1s\u00e1ra. Az Esztergomi J\u00e1r\u00e1sb\u00edr\u00f3s\u00e1g az elk\u00f6vet\u0151k 2022. november 7-\u00e9n egy h\u00f3napra elrendelt letart\u00f3ztat\u00e1s\u00e1t legut\u00f3bb&nbsp;2023. m\u00e1rcius 7-ig meghosszabb\u00edtotta. Az \u00fcgy\u00e9szs\u00e9g ind\u00edtv\u00e1nyozta, hogy a nyomoz\u00e1si b\u00edr\u00f3 az elk\u00f6vet\u0151k letart\u00f3ztat\u00e1s\u00e1t \u00fajabb kett\u0151 h\u00f3nappal, azaz 2023. m\u00e1jus 7-ig hosszabb\u00edtsa meg.<\/p>\n<p><em>Forr\u00e1s: Kom\u00e1rom-Esztergom V\u00e1rmegyei F\u0151\u00fcgy\u00e9szs\u00e9g<\/em><\/p>\n","protected":false},"excerpt":{"rendered":"<p>Meghosszabb\u00edthatj\u00e1k el\u0151zetes letart\u00f3ztat\u00e1sukat azoknak a lengyel \u00e1llampolg\u00e1rs\u00e1g\u00fa f\u00e9rfiaknak, akik migr\u00e1nsokat sz\u00e1ll\u00edtottak. Az embercsemp\u00e9szeket az esztergomi M\u00e1ria Val\u00e9ria h\u00eddn\u00e1l fogt\u00e1k el. Az ind\u00edtv\u00e1ny szerint a k\u00e9t lengyel \u00e1llampolg\u00e1rs\u00e1g\u00fa f\u00e9rfi az egyik\u00fck \u00e1ltal vezetett&nbsp;szem\u00e9lyg\u00e9pkocsival, valamint a harmadik f\u00e9rfi egy k\u00fcl\u00f6n g\u00e9pkocsival 2022. november 4-\u00e9n a magyar-szerb hat\u00e1r k\u00f6zel\u00e9ben egy erd\u0151s ter\u00fcletre mentek. Az itt v\u00e1rakoz\u00f3&nbsp;5 f\u0151, illeg\u00e1lisan<\/p>\n","protected":false},"author":1,"featured_media":0,"comment_status":"closed","ping_status":"closed","sticky":false,"template":"","format":"standard","meta":{"ngg_post_thumbnail":0,"footnotes":""},"categories":[38,3,39],"tags":[1042,1401,42,2099,61,326],"class_list":{"0":"post-50715","1":"post","2":"type-post","3":"status-publish","4":"format-standard","6":"category-esztergom","7":"category-hirek","8":"category-kek-hirek","9":"tag-birosag","10":"tag-embercsempeszet","11":"tag-esztergom","12":"tag-migransok","13":"tag-rendorsegi-hirek","14":"tag-ugyeszseg"},"yoast_head":"<!-- This site is optimized with the Yoast SEO plugin v27.4 - https:\/\/yoast.com\/product\/yoast-seo-wordpress\/ -->\n<title>Letart\u00f3ztat\u00e1sban maradhat a h\u00e1rom embercsemp\u00e9sz<\/title>\n<meta name=\"robots\" content=\"index, follow, max-snippet:-1, max-image-preview:large, max-video-preview:-1\" \/>\n<link rel=\"canonical\" href=\"https:\/\/dorogimedence.hu\/index.php\/2023\/02\/28\/letartoztatasban-maradhat-a-harom-embercsempesz-2\/\" class=\"yoast-seo-meta-tag\" \/>\n<meta property=\"og:locale\" content=\"hu_HU\" class=\"yoast-seo-meta-tag\" \/>\n<meta property=\"og:type\" content=\"article\" class=\"yoast-seo-meta-tag\" \/>\n<meta property=\"og:title\" content=\"Letart\u00f3ztat\u00e1sban maradhat a h\u00e1rom embercsemp\u00e9sz\" class=\"yoast-seo-meta-tag\" \/>\n<meta property=\"og:description\" content=\"Meghosszabb\u00edthatj\u00e1k el\u0151zetes letart\u00f3ztat\u00e1sukat azoknak a lengyel \u00e1llampolg\u00e1rs\u00e1g\u00fa f\u00e9rfiaknak, akik migr\u00e1nsokat sz\u00e1ll\u00edtottak. Az embercsemp\u00e9szeket az esztergomi M\u00e1ria Val\u00e9ria h\u00eddn\u00e1l fogt\u00e1k el. Az ind\u00edtv\u00e1ny szerint a k\u00e9t lengyel \u00e1llampolg\u00e1rs\u00e1g\u00fa f\u00e9rfi az egyik\u00fck \u00e1ltal vezetett&nbsp;szem\u00e9lyg\u00e9pkocsival, valamint a harmadik f\u00e9rfi egy k\u00fcl\u00f6n g\u00e9pkocsival 2022. november 4-\u00e9n a magyar-szerb hat\u00e1r k\u00f6zel\u00e9ben egy erd\u0151s ter\u00fcletre mentek. Az itt v\u00e1rakoz\u00f3&nbsp;5 f\u0151, illeg\u00e1lisan\" class=\"yoast-seo-meta-tag\" \/>\n<meta property=\"og:url\" content=\"https:\/\/dorogimedence.hu\/index.php\/2023\/02\/28\/letartoztatasban-maradhat-a-harom-embercsempesz-2\/\" class=\"yoast-seo-meta-tag\" \/>\n<meta property=\"og:site_name\" content=\"Dorogi-medence Region\u00e1lis H\u00edrport\u00e1l\" class=\"yoast-seo-meta-tag\" \/>\n<meta property=\"article:publisher\" content=\"https:\/\/www.facebook.com\/dorogimedence\/\" class=\"yoast-seo-meta-tag\" \/>\n<meta property=\"article:published_time\" content=\"2023-02-28T08:25:55+00:00\" class=\"yoast-seo-meta-tag\" \/>\n<meta property=\"article:modified_time\" content=\"2023-02-28T08:26:09+00:00\" class=\"yoast-seo-meta-tag\" \/>\n<meta property=\"og:image\" content=\"https:\/\/dorogimedence.hu\/wp-content\/uploads\/2022\/08\/birosag-01.jpg\" class=\"yoast-seo-meta-tag\" \/>\n\t<meta property=\"og:image:width\" content=\"900\" class=\"yoast-seo-meta-tag\" \/>\n\t<meta property=\"og:image:height\" content=\"675\" class=\"yoast-seo-meta-tag\" \/>\n\t<meta property=\"og:image:type\" content=\"image\/jpeg\" class=\"yoast-seo-meta-tag\" \/>\n<meta name=\"author\" content=\"dorogimedence.hu\" class=\"yoast-seo-meta-tag\" \/>\n<meta name=\"twitter:card\" content=\"summary_large_image\" class=\"yoast-seo-meta-tag\" \/>\n<meta name=\"twitter:label1\" content=\"Szerz\u0151:\" class=\"yoast-seo-meta-tag\" \/>\n\t<meta name=\"twitter:data1\" content=\"dorogimedence.hu\" class=\"yoast-seo-meta-tag\" \/>\n\t<meta name=\"twitter:label2\" content=\"Becs\u00fclt olvas\u00e1si id\u0151\" class=\"yoast-seo-meta-tag\" \/>\n\t<meta name=\"twitter:data2\" content=\"2 perc\" class=\"yoast-seo-meta-tag\" \/>\n<script type=\"application\/ld+json\" class=\"yoast-schema-graph\">{\"@context\":\"https:\\\/\\\/schema.org\",\"@graph\":[{\"@type\":\"Article\",\"@id\":\"https:\\\/\\\/dorogimedence.hu\\\/index.php\\\/2023\\\/02\\\/28\\\/letartoztatasban-maradhat-a-harom-embercsempesz-2\\\/#article\",\"isPartOf\":{\"@id\":\"https:\\\/\\\/dorogimedence.hu\\\/index.php\\\/2023\\\/02\\\/28\\\/letartoztatasban-maradhat-a-harom-embercsempesz-2\\\/\"},\"author\":{\"name\":\"dorogimedence.hu\",\"@id\":\"https:\\\/\\\/dorogimedence.hu\\\/#\\\/schema\\\/person\\\/ce6091eeb7e95ecdc87890d6aa8e0fd4\"},\"headline\":\"Letart\u00f3ztat\u00e1sban maradhat a h\u00e1rom embercsemp\u00e9sz\",\"datePublished\":\"2023-02-28T08:25:55+00:00\",\"dateModified\":\"2023-02-28T08:26:09+00:00\",\"mainEntityOfPage\":{\"@id\":\"https:\\\/\\\/dorogimedence.hu\\\/index.php\\\/2023\\\/02\\\/28\\\/letartoztatasban-maradhat-a-harom-embercsempesz-2\\\/\"},\"wordCount\":374,\"publisher\":{\"@id\":\"https:\\\/\\\/dorogimedence.hu\\\/#organization\"},\"keywords\":[\"b\u00edr\u00f3s\u00e1g\",\"embercsemp\u00e9szet\",\"esztergom\",\"migr\u00e1nsok\",\"rend\u0151rs\u00e9gi h\u00edrek\",\"\u00fcgy\u00e9szs\u00e9g\"],\"articleSection\":[\"Esztergom\",\"H\u00edrek\",\"K\u00e9k h\u00edrek\"],\"inLanguage\":\"hu\"},{\"@type\":\"WebPage\",\"@id\":\"https:\\\/\\\/dorogimedence.hu\\\/index.php\\\/2023\\\/02\\\/28\\\/letartoztatasban-maradhat-a-harom-embercsempesz-2\\\/\",\"url\":\"https:\\\/\\\/dorogimedence.hu\\\/index.php\\\/2023\\\/02\\\/28\\\/letartoztatasban-maradhat-a-harom-embercsempesz-2\\\/\",\"name\":\"Letart\u00f3ztat\u00e1sban maradhat a h\u00e1rom embercsemp\u00e9sz\",\"isPartOf\":{\"@id\":\"https:\\\/\\\/dorogimedence.hu\\\/#website\"},\"datePublished\":\"2023-02-28T08:25:55+00:00\",\"dateModified\":\"2023-02-28T08:26:09+00:00\",\"breadcrumb\":{\"@id\":\"https:\\\/\\\/dorogimedence.hu\\\/index.php\\\/2023\\\/02\\\/28\\\/letartoztatasban-maradhat-a-harom-embercsempesz-2\\\/#breadcrumb\"},\"inLanguage\":\"hu\",\"potentialAction\":[{\"@type\":\"ReadAction\",\"target\":[\"https:\\\/\\\/dorogimedence.hu\\\/index.php\\\/2023\\\/02\\\/28\\\/letartoztatasban-maradhat-a-harom-embercsempesz-2\\\/\"]}]},{\"@type\":\"BreadcrumbList\",\"@id\":\"https:\\\/\\\/dorogimedence.hu\\\/index.php\\\/2023\\\/02\\\/28\\\/letartoztatasban-maradhat-a-harom-embercsempesz-2\\\/#breadcrumb\",\"itemListElement\":[{\"@type\":\"ListItem\",\"position\":1,\"name\":\"Kezd\u0151lap\",\"item\":\"https:\\\/\\\/dorogimedence.hu\\\/\"},{\"@type\":\"ListItem\",\"position\":2,\"name\":\"Letart\u00f3ztat\u00e1sban maradhat a h\u00e1rom embercsemp\u00e9sz\"}]},{\"@type\":\"WebSite\",\"@id\":\"https:\\\/\\\/dorogimedence.hu\\\/#website\",\"url\":\"https:\\\/\\\/dorogimedence.hu\\\/\",\"name\":\"Dorogi-medence Region\u00e1lis H\u00edrport\u00e1l\",\"description\":\"Dorog, Keszt\u00f6lc, Le\u00e1nyv\u00e1r, Piliscs\u00e9v, Tokod, Tokodalt\u00e1r\u00f3, Csolnok, Esztergom-kertv\u00e1ros: h\u00edrek, programok\",\"publisher\":{\"@id\":\"https:\\\/\\\/dorogimedence.hu\\\/#organization\"},\"potentialAction\":[{\"@type\":\"SearchAction\",\"target\":{\"@type\":\"EntryPoint\",\"urlTemplate\":\"https:\\\/\\\/dorogimedence.hu\\\/?s={search_term_string}\"},\"query-input\":{\"@type\":\"PropertyValueSpecification\",\"valueRequired\":true,\"valueName\":\"search_term_string\"}}],\"inLanguage\":\"hu\"},{\"@type\":\"Organization\",\"@id\":\"https:\\\/\\\/dorogimedence.hu\\\/#organization\",\"name\":\"Dorogi-medence Region\u00e1lis H\u00edrport\u00e1l\",\"url\":\"https:\\\/\\\/dorogimedence.hu\\\/\",\"logo\":{\"@type\":\"ImageObject\",\"inLanguage\":\"hu\",\"@id\":\"https:\\\/\\\/dorogimedence.hu\\\/#\\\/schema\\\/logo\\\/image\\\/\",\"url\":\"https:\\\/\\\/dorogimedence.hu\\\/wp-content\\\/uploads\\\/2021\\\/04\\\/logo-feher-600.png\",\"contentUrl\":\"https:\\\/\\\/dorogimedence.hu\\\/wp-content\\\/uploads\\\/2021\\\/04\\\/logo-feher-600.png\",\"width\":600,\"height\":100,\"caption\":\"Dorogi-medence Region\u00e1lis H\u00edrport\u00e1l\"},\"image\":{\"@id\":\"https:\\\/\\\/dorogimedence.hu\\\/#\\\/schema\\\/logo\\\/image\\\/\"},\"sameAs\":[\"https:\\\/\\\/www.facebook.com\\\/dorogimedence\\\/\"]},{\"@type\":\"Person\",\"@id\":\"https:\\\/\\\/dorogimedence.hu\\\/#\\\/schema\\\/person\\\/ce6091eeb7e95ecdc87890d6aa8e0fd4\",\"name\":\"dorogimedence.hu\",\"image\":{\"@type\":\"ImageObject\",\"inLanguage\":\"hu\",\"@id\":\"\\\/\\\/www.gravatar.com\\\/avatar\\\/d8d45f8901aadff40a4af72c0b826f1d?s=96&#038;r=g&#038;d=mm\",\"url\":\"\\\/\\\/www.gravatar.com\\\/avatar\\\/d8d45f8901aadff40a4af72c0b826f1d?s=96&#038;r=g&#038;d=mm\",\"contentUrl\":\"\\\/\\\/www.gravatar.com\\\/avatar\\\/d8d45f8901aadff40a4af72c0b826f1d?s=96&#038;r=g&#038;d=mm\",\"caption\":\"dorogimedence.hu\"}}]}<\/script>\n<!-- \/ Yoast SEO plugin. -->","yoast_head_json":{"title":"Letart\u00f3ztat\u00e1sban maradhat a h\u00e1rom embercsemp\u00e9sz","robots":{"index":"index","follow":"follow","max-snippet":"max-snippet:-1","max-image-preview":"max-image-preview:large","max-video-preview":"max-video-preview:-1"},"canonical":"https:\/\/dorogimedence.hu\/index.php\/2023\/02\/28\/letartoztatasban-maradhat-a-harom-embercsempesz-2\/","og_locale":"hu_HU","og_type":"article","og_title":"Letart\u00f3ztat\u00e1sban maradhat a h\u00e1rom embercsemp\u00e9sz","og_description":"Meghosszabb\u00edthatj\u00e1k el\u0151zetes letart\u00f3ztat\u00e1sukat azoknak a lengyel \u00e1llampolg\u00e1rs\u00e1g\u00fa f\u00e9rfiaknak, akik migr\u00e1nsokat sz\u00e1ll\u00edtottak. Az embercsemp\u00e9szeket az esztergomi M\u00e1ria Val\u00e9ria h\u00eddn\u00e1l fogt\u00e1k el. Az ind\u00edtv\u00e1ny szerint a k\u00e9t lengyel \u00e1llampolg\u00e1rs\u00e1g\u00fa f\u00e9rfi az egyik\u00fck \u00e1ltal vezetett&nbsp;szem\u00e9lyg\u00e9pkocsival, valamint a harmadik f\u00e9rfi egy k\u00fcl\u00f6n g\u00e9pkocsival 2022. november 4-\u00e9n a magyar-szerb hat\u00e1r k\u00f6zel\u00e9ben egy erd\u0151s ter\u00fcletre mentek. Az itt v\u00e1rakoz\u00f3&nbsp;5 f\u0151, illeg\u00e1lisan","og_url":"https:\/\/dorogimedence.hu\/index.php\/2023\/02\/28\/letartoztatasban-maradhat-a-harom-embercsempesz-2\/","og_site_name":"Dorogi-medence Region\u00e1lis H\u00edrport\u00e1l","article_publisher":"https:\/\/www.facebook.com\/dorogimedence\/","article_published_time":"2023-02-28T08:25:55+00:00","article_modified_time":"2023-02-28T08:26:09+00:00","og_image":[{"width":900,"height":675,"url":"https:\/\/dorogimedence.hu\/wp-content\/uploads\/2022\/08\/birosag-01.jpg","type":"image\/jpeg"}],"author":"dorogimedence.hu","twitter_card":"summary_large_image","twitter_misc":{"Szerz\u0151:":"dorogimedence.hu","Becs\u00fclt olvas\u00e1si id\u0151":"2 perc"},"schema":{"@context":"https:\/\/schema.org","@graph":[{"@type":"Article","@id":"https:\/\/dorogimedence.hu\/index.php\/2023\/02\/28\/letartoztatasban-maradhat-a-harom-embercsempesz-2\/#article","isPartOf":{"@id":"https:\/\/dorogimedence.hu\/index.php\/2023\/02\/28\/letartoztatasban-maradhat-a-harom-embercsempesz-2\/"},"author":{"name":"dorogimedence.hu","@id":"https:\/\/dorogimedence.hu\/#\/schema\/person\/ce6091eeb7e95ecdc87890d6aa8e0fd4"},"headline":"Letart\u00f3ztat\u00e1sban maradhat a h\u00e1rom embercsemp\u00e9sz","datePublished":"2023-02-28T08:25:55+00:00","dateModified":"2023-02-28T08:26:09+00:00","mainEntityOfPage":{"@id":"https:\/\/dorogimedence.hu\/index.php\/2023\/02\/28\/letartoztatasban-maradhat-a-harom-embercsempesz-2\/"},"wordCount":374,"publisher":{"@id":"https:\/\/dorogimedence.hu\/#organization"},"keywords":["b\u00edr\u00f3s\u00e1g","embercsemp\u00e9szet","esztergom","migr\u00e1nsok","rend\u0151rs\u00e9gi h\u00edrek","\u00fcgy\u00e9szs\u00e9g"],"articleSection":["Esztergom","H\u00edrek","K\u00e9k h\u00edrek"],"inLanguage":"hu"},{"@type":"WebPage","@id":"https:\/\/dorogimedence.hu\/index.php\/2023\/02\/28\/letartoztatasban-maradhat-a-harom-embercsempesz-2\/","url":"https:\/\/dorogimedence.hu\/index.php\/2023\/02\/28\/letartoztatasban-maradhat-a-harom-embercsempesz-2\/","name":"Letart\u00f3ztat\u00e1sban maradhat a h\u00e1rom embercsemp\u00e9sz","isPartOf":{"@id":"https:\/\/dorogimedence.hu\/#website"},"datePublished":"2023-02-28T08:25:55+00:00","dateModified":"2023-02-28T08:26:09+00:00","breadcrumb":{"@id":"https:\/\/dorogimedence.hu\/index.php\/2023\/02\/28\/letartoztatasban-maradhat-a-harom-embercsempesz-2\/#breadcrumb"},"inLanguage":"hu","potentialAction":[{"@type":"ReadAction","target":["https:\/\/dorogimedence.hu\/index.php\/2023\/02\/28\/letartoztatasban-maradhat-a-harom-embercsempesz-2\/"]}]},{"@type":"BreadcrumbList","@id":"https:\/\/dorogimedence.hu\/index.php\/2023\/02\/28\/letartoztatasban-maradhat-a-harom-embercsempesz-2\/#breadcrumb","itemListElement":[{"@type":"ListItem","position":1,"name":"Kezd\u0151lap","item":"https:\/\/dorogimedence.hu\/"},{"@type":"ListItem","position":2,"name":"Letart\u00f3ztat\u00e1sban maradhat a h\u00e1rom embercsemp\u00e9sz"}]},{"@type":"WebSite","@id":"https:\/\/dorogimedence.hu\/#website","url":"https:\/\/dorogimedence.hu\/","name":"Dorogi-medence Region\u00e1lis H\u00edrport\u00e1l","description":"Dorog, Keszt\u00f6lc, Le\u00e1nyv\u00e1r, Piliscs\u00e9v, Tokod, Tokodalt\u00e1r\u00f3, Csolnok, Esztergom-kertv\u00e1ros: h\u00edrek, programok","publisher":{"@id":"https:\/\/dorogimedence.hu\/#organization"},"potentialAction":[{"@type":"SearchAction","target":{"@type":"EntryPoint","urlTemplate":"https:\/\/dorogimedence.hu\/?s={search_term_string}"},"query-input":{"@type":"PropertyValueSpecification","valueRequired":true,"valueName":"search_term_string"}}],"inLanguage":"hu"},{"@type":"Organization","@id":"https:\/\/dorogimedence.hu\/#organization","name":"Dorogi-medence Region\u00e1lis H\u00edrport\u00e1l","url":"https:\/\/dorogimedence.hu\/","logo":{"@type":"ImageObject","inLanguage":"hu","@id":"https:\/\/dorogimedence.hu\/#\/schema\/logo\/image\/","url":"https:\/\/dorogimedence.hu\/wp-content\/uploads\/2021\/04\/logo-feher-600.png","contentUrl":"https:\/\/dorogimedence.hu\/wp-content\/uploads\/2021\/04\/logo-feher-600.png","width":600,"height":100,"caption":"Dorogi-medence Region\u00e1lis H\u00edrport\u00e1l"},"image":{"@id":"https:\/\/dorogimedence.hu\/#\/schema\/logo\/image\/"},"sameAs":["https:\/\/www.facebook.com\/dorogimedence\/"]},{"@type":"Person","@id":"https:\/\/dorogimedence.hu\/#\/schema\/person\/ce6091eeb7e95ecdc87890d6aa8e0fd4","name":"dorogimedence.hu","image":{"@type":"ImageObject","inLanguage":"hu","@id":"\/\/www.gravatar.com\/avatar\/d8d45f8901aadff40a4af72c0b826f1d?s=96&#038;r=g&#038;d=mm","url":"\/\/www.gravatar.com\/avatar\/d8d45f8901aadff40a4af72c0b826f1d?s=96&#038;r=g&#038;d=mm","contentUrl":"\/\/www.gravatar.com\/avatar\/d8d45f8901aadff40a4af72c0b826f1d?s=96&#038;r=g&#038;d=mm","caption":"dorogimedence.hu"}}]}},"_links":{"self":[{"href":"https:\/\/dorogimedence.hu\/index.php\/wp-json\/wp\/v2\/posts\/50715","targetHints":{"allow":["GET"]}}],"collection":[{"href":"https:\/\/dorogimedence.hu\/index.php\/wp-json\/wp\/v2\/posts"}],"about":[{"href":"https:\/\/dorogimedence.hu\/index.php\/wp-json\/wp\/v2\/types\/post"}],"author":[{"embeddable":true,"href":"https:\/\/dorogimedence.hu\/index.php\/wp-json\/wp\/v2\/users\/1"}],"replies":[{"embeddable":true,"href":"https:\/\/dorogimedence.hu\/index.php\/wp-json\/wp\/v2\/comments?post=50715"}],"version-history":[{"count":0,"href":"https:\/\/dorogimedence.hu\/index.php\/wp-json\/wp\/v2\/posts\/50715\/revisions"}],"wp:attachment":[{"href":"https:\/\/dorogimedence.hu\/index.php\/wp-json\/wp\/v2\/media?parent=50715"}],"wp:term":[{"taxonomy":"category","embeddable":true,"href":"https:\/\/dorogimedence.hu\/index.php\/wp-json\/wp\/v2\/categories?post=50715"},{"taxonomy":"post_tag","embeddable":true,"href":"https:\/\/dorogimedence.hu\/index.php\/wp-json\/wp\/v2\/tags?post=50715"}],"curies":[{"name":"wp","href":"https:\/\/api.w.org\/{rel}","templated":true}]}}