{"id":50661,"date":"2023-02-26T17:04:18","date_gmt":"2023-02-26T16:04:18","guid":{"rendered":"https:\/\/dorogimedence.hu\/?p=50661"},"modified":"2023-02-27T11:41:19","modified_gmt":"2023-02-27T10:41:19","slug":"a-hajraban-csuszott-ki-a-gyozelem-a-dorogiak-kezebol","status":"publish","type":"post","link":"https:\/\/dorogimedence.hu\/index.php\/2023\/02\/26\/a-hajraban-csuszott-ki-a-gyozelem-a-dorogiak-kezebol\/","title":{"rendered":"A hajr\u00e1ban cs\u00faszott ki a gy\u0151zelem a dorogiak kez\u00e9b\u0151l"},"content":{"rendered":"<p><strong>Febru\u00e1r 26-\u00e1n, vas\u00e1rnap a labdar\u00fag\u00f3 NB II 25. fordul\u00f3j\u00e1ban a fordul\u00f3 el\u0151tt sereghajt\u00f3 Dorog a fordul\u00f3 el\u0151tt 18. helyen \u00e1ll\u00f3 B\u00e9k\u00e9scsab\u00e1t fogadta. A hazaiak az els\u0151 negyed \u00f3ra v\u00e9g\u00e9n szereztek vezet\u00e9st \u00e9s sok\u00e1ig \u00fagy t\u0171nt, hogy gy\u0151ztesen hagyhatj\u00e1k el a p\u00e1ly\u00e1t, de a B\u00e9k\u00e9scsaba az utols\u00f3 t\u00edz percre felt\u00e1madt \u00e9s Cz\u00e9kus \u00c1d\u00e1m tal\u00e1lat\u00e1nak k\u00f6sz\u00f6nhet\u0151en 1\u20131-s d\u00f6ntetlent \u00e9rt e<\/strong><strong>l<\/strong> <em>&#8211; \u00edrja a Nemzeti Sport.<\/em><\/p>\n<p>Azzal a tudattal l\u00e9phettek p\u00e1ly\u00e1ra a sereghajt\u00f3 <strong>Dorog <\/strong>j\u00e1t\u00e9kosai a <strong>B\u00e9k\u00e9scsaba<\/strong> ellen, hogy egy esetleges gy\u0151zelemmel pontsz\u00e1mban be\u00e9rhetik riv\u00e1lisukat a tabell\u00e1n. Ennek megfelel\u0151en a hazai kezdt\u00e9k jobban a m\u00e9rk\u0151z\u00e9st \u00e9s a 17. percben, <strong>Szalai J\u00f3zsef <\/strong>tal\u00e1lat\u00e1val teljesen meg\u00e9rdemelten szereztek vezet\u00e9st enerv\u00e1ltan j\u00e1tsz\u00f3 ellenfel\u00fck ellen. A hazai g\u00f3lt k\u00f6vet\u0151en sem tudott felp\u00f6r\u00f6gni a B\u00e9k\u00e9scsaba, \u00e9s ha a dorogi befejez\u00e9sek pontosabbak, m\u00e1r az els\u0151 f\u00e9lid\u0151 v\u00e9g\u00e9re eld\u0151lhetett volna a h\u00e1rom pont sorsa.<\/p>\n<p>A m\u00e1sodik j\u00e1t\u00e9kr\u00e9szben is v\u00e9gig \u00fagy t\u0171nt, hogy magabiztos hazai gy\u0151zelemmel z\u00e1rul a m\u00e9rk\u0151z\u00e9s, azonban az utols\u00f3 percekben a B\u00e9k\u00e9scsab\u00e1nak siker\u00fclt ritmust v\u00e1ltania. Egy rossz \u00fctemben elv\u00e9gzett hazai cser\u00e9t k\u00f6vet\u0151en a 87. percben egy bedob\u00e1st k\u00f6vet\u0151en <strong>Cz\u00e9kus \u00c1d\u00e1m<\/strong> tal\u00e1lat\u00e1val egyenl\u00edtettek a csabaiak. Ez a tal\u00e1lat annyira felp\u00f6rgette a vend\u00e9geket, hogy az utols\u00f3 percekben teljesen kapujuk el\u00e9 sz\u00f6gezt\u00e9k ellenfel\u00fcket, \u00e9s ha Cz\u00e9kus \u00c1d\u00e1m a hosszabb\u00edt\u00e1sban perceiben nem cs\u00faszik el ziccer helyzetben, akkor a h\u00e1rom pont is Csab\u00e1ra v\u00e1ndorolt volna. B\u00e1r a hazaiak kez\u00e9b\u0151l kics\u00faszott a gy\u0151zelem, de a Koz\u00e1rmisleny veres\u00e9g\u00e9nek k\u00f6sz\u00f6nhet\u0151en okt\u00f3ber v\u00e9g\u00e9t k\u00f6vet\u0151en ism\u00e9t el tudott mozdulni az utols\u00f3 poz\u00edci\u00f3b\u00f3l Mari\u00e1n Sluka egy\u00fcttese.<\/p>\n<p><strong>LABDAR\u00daG\u00d3 NB II &#8211; 25. FORDUL\u00d3<br \/>\n<\/strong><strong><span style=\"color: #ff0000;\">DOROGI FC\u2013B\u00c9K\u00c9SCSABA 1912 EL\u0150RE 1\u20131 (1\u20130)<\/span><br \/>\nDorog, <\/strong>Buz\u00e1nszky Jen\u0151 Stadion, <strong>400 <\/strong>n\u00e9z\u0151.<strong> Vezette: <\/strong>M\u00f3ri Tam\u00e1s (Kulman Tam\u00e1s, Kir\u00e1ly Zsolt)<br \/>\n<strong>DOROG:&nbsp;<\/strong>Moln\u00e1r Zs. \u2013 Barna G., L\u00e9n\u00e1rt, Preklet, Kotula M. \u2013 Albert \u00c1., Kapornai (Kir\u00e1ly P., 87.), Sztojka \u2013 Szerencsi (Magyari Sz., 66.), Szalai J. (Paudits, 87.), Papp M\u00e1t\u00e9 (Papp Marcell, 66.).<strong>&nbsp;Vezet\u0151edz\u0151:<\/strong> Mari\u00e1n Sluka&nbsp;<br \/>\n<strong>B\u00c9K\u00c9SCSABA:&nbsp;<\/strong>P\u00f3ser \u2013 Pusk\u00e1s G. (Hodonicki, 66.), Albert I., Bora, Mikl\u00f3 (K\u00f3r\u00f3di N., 84.) \u2013 V\u00e1radi \u00c1. (Hamed, a sz\u00fcnetben), Zvara L. (Fut\u00f3, 83.), Kitl M., Horv\u00e1th P. \u2013 Luk\u00e1cs R. (M\u00e1ris, 73.), Cz\u00e9kus.<strong>&nbsp;Vezet\u0151edz\u0151:<\/strong> Brl\u00e1zs Istv\u00e1n G\u00e1bor<br \/>\n<strong>G\u00f3lszerz\u0151:<\/strong> Szalai J. (17.), ill. Cz\u00e9kus (87.)<\/p>\n<p><strong>MESTERM\u00c9RLEG<br \/>\n<\/strong><strong>Mari\u00e1n Sluka<\/strong>: \u2013 Az eredm\u00e9ny ellen\u00e9re nem sajn\u00e1lom a fi\u00fakat, hiszen ma is 85 percen kereszt\u00fcl a mi akaratunk \u00e9rv\u00e9nyes\u00fclt, lefociztuk ellenfel\u00fcnket, g\u00f3lokkal kellett volna nyern\u00fcnk. Sajn\u00e1lom, hogy nem siker\u00fclt lez\u00e1rnunk a meccset, ellenfel\u00fcnk a semmib\u0151l tudott egyenl\u00edteni az utols\u00f3 percekben egy szerencs\u00e9s g\u00f3llal. \u00d6r\u00fcl\u00f6k, hogy elmozdultunk az utols\u00f3 helyr\u0151l, rem\u00e9lem ez a fi\u00faknak is nagy l\u00f6k\u00e9st ad a k\u00f6vetkez\u0151 m\u00e9rk\u0151z\u00e9sekre.<br \/>\n<strong>Brl\u00e1zs Istv\u00e1n G\u00e1bor:<\/strong>&nbsp;\u2013 A minim\u00e1lisan elv\u00e1rtat teljes\u00edtett\u00fck. B\u00e1r nyerni szerett\u00fcnk volna, de a d\u00f6ntetlennel legal\u00e1bb nem engedt\u00fck k\u00f6zelebb magunkhoz riv\u00e1lisunkat. A hajr\u00e1ban megtett\u00fcnk mindent az egyenl\u00edt\u00e9s \u00e9rdek\u00e9ben, a cser\u00e9ink j\u00f3l sz\u00e1lltak be. Azt gondolom meg\u00e9rdemelten egyenl\u00edtett\u00fcnk ki abban az \u0151r\u00fclt rohan\u00e1sban, amit az utols\u00f3 percekben l\u00e1thattunk.<\/p>\n<p><a href=\"https:\/\/www.nemzetisport.hu\/labdarugo_nb_ii\/nb-ii-dorogi-fc-bekescsaba-1912-elore-2942773\" target=\"_blank\" rel=\"noopener\"><span style=\"text-decoration: underline; color: #0000ff;\">A m\u00e9rk\u0151z\u00e9s r\u00e9szletei&gt;&gt;<\/span><\/a><\/p>\n<p><em>Forr\u00e1s: nemzetisport.hu<\/em><br \/>\n<em>Bor\u00edt\u00f3k\u00e9p: Sersztnyev Rich\u00e1rd\/Dorogi FC<\/em><\/p>\n","protected":false},"excerpt":{"rendered":"<p>Febru\u00e1r 26-\u00e1n, vas\u00e1rnap a labdar\u00fag\u00f3 NB II 25. fordul\u00f3j\u00e1ban a fordul\u00f3 el\u0151tt sereghajt\u00f3 Dorog a fordul\u00f3 el\u0151tt 18. helyen \u00e1ll\u00f3 B\u00e9k\u00e9scsab\u00e1t fogadta. A hazaiak az els\u0151 negyed \u00f3ra v\u00e9g\u00e9n szereztek vezet\u00e9st \u00e9s sok\u00e1ig \u00fagy t\u0171nt, hogy gy\u0151ztesen hagyhatj\u00e1k el a p\u00e1ly\u00e1t, de a B\u00e9k\u00e9scsaba az utols\u00f3 t\u00edz percre felt\u00e1madt \u00e9s Cz\u00e9kus \u00c1d\u00e1m tal\u00e1lat\u00e1nak k\u00f6sz\u00f6nhet\u0151en 1\u20131-s<\/p>\n","protected":false},"author":1,"featured_media":50662,"comment_status":"closed","ping_status":"closed","sticky":false,"template":"","format":"standard","meta":{"ngg_post_thumbnail":0,"footnotes":""},"categories":[2,3,5],"tags":[1858,15,37,5624,70,69,72,263,16],"class_list":{"0":"post-50661","1":"post","2":"type-post","3":"status-publish","4":"format-standard","5":"has-post-thumbnail","7":"category-dorog","8":"category-hirek","9":"category-sport","10":"tag-bekescsaba","11":"tag-dorog","12":"tag-dorogi-fc","13":"tag-featured","14":"tag-foci","15":"tag-futball","16":"tag-labdarugas","17":"tag-nb-ii","18":"tag-sport"},"yoast_head":"<!-- This site is optimized with the Yoast SEO plugin v27.4 - https:\/\/yoast.com\/product\/yoast-seo-wordpress\/ -->\n<title>A hajr\u00e1ban cs\u00faszott ki a gy\u0151zelem a dorogiak kez\u00e9b\u0151l<\/title>\n<meta name=\"robots\" content=\"index, follow, max-snippet:-1, max-image-preview:large, max-video-preview:-1\" \/>\n<link rel=\"canonical\" href=\"https:\/\/dorogimedence.hu\/index.php\/2023\/02\/26\/a-hajraban-csuszott-ki-a-gyozelem-a-dorogiak-kezebol\/\" class=\"yoast-seo-meta-tag\" \/>\n<meta property=\"og:locale\" content=\"hu_HU\" class=\"yoast-seo-meta-tag\" \/>\n<meta property=\"og:type\" content=\"article\" class=\"yoast-seo-meta-tag\" \/>\n<meta property=\"og:title\" content=\"A hajr\u00e1ban cs\u00faszott ki a gy\u0151zelem a dorogiak kez\u00e9b\u0151l\" class=\"yoast-seo-meta-tag\" \/>\n<meta property=\"og:description\" content=\"Febru\u00e1r 26-\u00e1n, vas\u00e1rnap a labdar\u00fag\u00f3 NB II 25. fordul\u00f3j\u00e1ban a fordul\u00f3 el\u0151tt sereghajt\u00f3 Dorog a fordul\u00f3 el\u0151tt 18. helyen \u00e1ll\u00f3 B\u00e9k\u00e9scsab\u00e1t fogadta. A hazaiak az els\u0151 negyed \u00f3ra v\u00e9g\u00e9n szereztek vezet\u00e9st \u00e9s sok\u00e1ig \u00fagy t\u0171nt, hogy gy\u0151ztesen hagyhatj\u00e1k el a p\u00e1ly\u00e1t, de a B\u00e9k\u00e9scsaba az utols\u00f3 t\u00edz percre felt\u00e1madt \u00e9s Cz\u00e9kus \u00c1d\u00e1m tal\u00e1lat\u00e1nak k\u00f6sz\u00f6nhet\u0151en 1\u20131-s\" class=\"yoast-seo-meta-tag\" \/>\n<meta property=\"og:url\" content=\"https:\/\/dorogimedence.hu\/index.php\/2023\/02\/26\/a-hajraban-csuszott-ki-a-gyozelem-a-dorogiak-kezebol\/\" class=\"yoast-seo-meta-tag\" \/>\n<meta property=\"og:site_name\" content=\"Dorogi-medence Region\u00e1lis H\u00edrport\u00e1l\" class=\"yoast-seo-meta-tag\" \/>\n<meta property=\"article:publisher\" content=\"https:\/\/www.facebook.com\/dorogimedence\/\" class=\"yoast-seo-meta-tag\" \/>\n<meta property=\"article:published_time\" content=\"2023-02-26T16:04:18+00:00\" class=\"yoast-seo-meta-tag\" \/>\n<meta property=\"article:modified_time\" content=\"2023-02-27T10:41:19+00:00\" class=\"yoast-seo-meta-tag\" \/>\n<meta property=\"og:image\" content=\"https:\/\/dorogimedence.hu\/wp-content\/uploads\/2023\/02\/dorog-bekescsaba.jpg\" class=\"yoast-seo-meta-tag\" \/>\n\t<meta property=\"og:image:width\" content=\"960\" class=\"yoast-seo-meta-tag\" \/>\n\t<meta property=\"og:image:height\" content=\"720\" class=\"yoast-seo-meta-tag\" \/>\n\t<meta property=\"og:image:type\" content=\"image\/jpeg\" class=\"yoast-seo-meta-tag\" \/>\n<meta name=\"author\" content=\"dorogimedence.hu\" class=\"yoast-seo-meta-tag\" \/>\n<meta name=\"twitter:card\" content=\"summary_large_image\" class=\"yoast-seo-meta-tag\" \/>\n<meta name=\"twitter:label1\" content=\"Szerz\u0151:\" class=\"yoast-seo-meta-tag\" \/>\n\t<meta name=\"twitter:data1\" content=\"dorogimedence.hu\" class=\"yoast-seo-meta-tag\" \/>\n\t<meta name=\"twitter:label2\" content=\"Becs\u00fclt olvas\u00e1si id\u0151\" class=\"yoast-seo-meta-tag\" \/>\n\t<meta name=\"twitter:data2\" content=\"3 perc\" class=\"yoast-seo-meta-tag\" \/>\n<script type=\"application\/ld+json\" class=\"yoast-schema-graph\">{\"@context\":\"https:\\\/\\\/schema.org\",\"@graph\":[{\"@type\":\"Article\",\"@id\":\"https:\\\/\\\/dorogimedence.hu\\\/index.php\\\/2023\\\/02\\\/26\\\/a-hajraban-csuszott-ki-a-gyozelem-a-dorogiak-kezebol\\\/#article\",\"isPartOf\":{\"@id\":\"https:\\\/\\\/dorogimedence.hu\\\/index.php\\\/2023\\\/02\\\/26\\\/a-hajraban-csuszott-ki-a-gyozelem-a-dorogiak-kezebol\\\/\"},\"author\":{\"name\":\"dorogimedence.hu\",\"@id\":\"https:\\\/\\\/dorogimedence.hu\\\/#\\\/schema\\\/person\\\/ce6091eeb7e95ecdc87890d6aa8e0fd4\"},\"headline\":\"A hajr\u00e1ban cs\u00faszott ki a gy\u0151zelem a dorogiak kez\u00e9b\u0151l\",\"datePublished\":\"2023-02-26T16:04:18+00:00\",\"dateModified\":\"2023-02-27T10:41:19+00:00\",\"mainEntityOfPage\":{\"@id\":\"https:\\\/\\\/dorogimedence.hu\\\/index.php\\\/2023\\\/02\\\/26\\\/a-hajraban-csuszott-ki-a-gyozelem-a-dorogiak-kezebol\\\/\"},\"wordCount\":693,\"publisher\":{\"@id\":\"https:\\\/\\\/dorogimedence.hu\\\/#organization\"},\"image\":{\"@id\":\"https:\\\/\\\/dorogimedence.hu\\\/index.php\\\/2023\\\/02\\\/26\\\/a-hajraban-csuszott-ki-a-gyozelem-a-dorogiak-kezebol\\\/#primaryimage\"},\"thumbnailUrl\":\"https:\\\/\\\/dorogimedence.hu\\\/wp-content\\\/uploads\\\/2023\\\/02\\\/dorog-bekescsaba.jpg\",\"keywords\":[\"B\u00e9k\u00e9scsaba\",\"Dorog\",\"Dorogi FC\",\"featured\",\"foci\",\"futball\",\"labdar\u00fag\u00e1s\",\"NB II\",\"sport\"],\"articleSection\":[\"Dorog\",\"H\u00edrek\",\"Sport\"],\"inLanguage\":\"hu\"},{\"@type\":\"WebPage\",\"@id\":\"https:\\\/\\\/dorogimedence.hu\\\/index.php\\\/2023\\\/02\\\/26\\\/a-hajraban-csuszott-ki-a-gyozelem-a-dorogiak-kezebol\\\/\",\"url\":\"https:\\\/\\\/dorogimedence.hu\\\/index.php\\\/2023\\\/02\\\/26\\\/a-hajraban-csuszott-ki-a-gyozelem-a-dorogiak-kezebol\\\/\",\"name\":\"A hajr\u00e1ban cs\u00faszott ki a gy\u0151zelem a dorogiak kez\u00e9b\u0151l\",\"isPartOf\":{\"@id\":\"https:\\\/\\\/dorogimedence.hu\\\/#website\"},\"primaryImageOfPage\":{\"@id\":\"https:\\\/\\\/dorogimedence.hu\\\/index.php\\\/2023\\\/02\\\/26\\\/a-hajraban-csuszott-ki-a-gyozelem-a-dorogiak-kezebol\\\/#primaryimage\"},\"image\":{\"@id\":\"https:\\\/\\\/dorogimedence.hu\\\/index.php\\\/2023\\\/02\\\/26\\\/a-hajraban-csuszott-ki-a-gyozelem-a-dorogiak-kezebol\\\/#primaryimage\"},\"thumbnailUrl\":\"https:\\\/\\\/dorogimedence.hu\\\/wp-content\\\/uploads\\\/2023\\\/02\\\/dorog-bekescsaba.jpg\",\"datePublished\":\"2023-02-26T16:04:18+00:00\",\"dateModified\":\"2023-02-27T10:41:19+00:00\",\"breadcrumb\":{\"@id\":\"https:\\\/\\\/dorogimedence.hu\\\/index.php\\\/2023\\\/02\\\/26\\\/a-hajraban-csuszott-ki-a-gyozelem-a-dorogiak-kezebol\\\/#breadcrumb\"},\"inLanguage\":\"hu\",\"potentialAction\":[{\"@type\":\"ReadAction\",\"target\":[\"https:\\\/\\\/dorogimedence.hu\\\/index.php\\\/2023\\\/02\\\/26\\\/a-hajraban-csuszott-ki-a-gyozelem-a-dorogiak-kezebol\\\/\"]}]},{\"@type\":\"ImageObject\",\"inLanguage\":\"hu\",\"@id\":\"https:\\\/\\\/dorogimedence.hu\\\/index.php\\\/2023\\\/02\\\/26\\\/a-hajraban-csuszott-ki-a-gyozelem-a-dorogiak-kezebol\\\/#primaryimage\",\"url\":\"https:\\\/\\\/dorogimedence.hu\\\/wp-content\\\/uploads\\\/2023\\\/02\\\/dorog-bekescsaba.jpg\",\"contentUrl\":\"https:\\\/\\\/dorogimedence.hu\\\/wp-content\\\/uploads\\\/2023\\\/02\\\/dorog-bekescsaba.jpg\",\"width\":960,\"height\":720},{\"@type\":\"BreadcrumbList\",\"@id\":\"https:\\\/\\\/dorogimedence.hu\\\/index.php\\\/2023\\\/02\\\/26\\\/a-hajraban-csuszott-ki-a-gyozelem-a-dorogiak-kezebol\\\/#breadcrumb\",\"itemListElement\":[{\"@type\":\"ListItem\",\"position\":1,\"name\":\"Kezd\u0151lap\",\"item\":\"https:\\\/\\\/dorogimedence.hu\\\/\"},{\"@type\":\"ListItem\",\"position\":2,\"name\":\"A hajr\u00e1ban cs\u00faszott ki a gy\u0151zelem a dorogiak kez\u00e9b\u0151l\"}]},{\"@type\":\"WebSite\",\"@id\":\"https:\\\/\\\/dorogimedence.hu\\\/#website\",\"url\":\"https:\\\/\\\/dorogimedence.hu\\\/\",\"name\":\"Dorogi-medence Region\u00e1lis H\u00edrport\u00e1l\",\"description\":\"Dorog, Keszt\u00f6lc, Le\u00e1nyv\u00e1r, Piliscs\u00e9v, Tokod, Tokodalt\u00e1r\u00f3, Csolnok, Esztergom-kertv\u00e1ros: h\u00edrek, programok\",\"publisher\":{\"@id\":\"https:\\\/\\\/dorogimedence.hu\\\/#organization\"},\"potentialAction\":[{\"@type\":\"SearchAction\",\"target\":{\"@type\":\"EntryPoint\",\"urlTemplate\":\"https:\\\/\\\/dorogimedence.hu\\\/?s={search_term_string}\"},\"query-input\":{\"@type\":\"PropertyValueSpecification\",\"valueRequired\":true,\"valueName\":\"search_term_string\"}}],\"inLanguage\":\"hu\"},{\"@type\":\"Organization\",\"@id\":\"https:\\\/\\\/dorogimedence.hu\\\/#organization\",\"name\":\"Dorogi-medence Region\u00e1lis H\u00edrport\u00e1l\",\"url\":\"https:\\\/\\\/dorogimedence.hu\\\/\",\"logo\":{\"@type\":\"ImageObject\",\"inLanguage\":\"hu\",\"@id\":\"https:\\\/\\\/dorogimedence.hu\\\/#\\\/schema\\\/logo\\\/image\\\/\",\"url\":\"https:\\\/\\\/dorogimedence.hu\\\/wp-content\\\/uploads\\\/2021\\\/04\\\/logo-feher-600.png\",\"contentUrl\":\"https:\\\/\\\/dorogimedence.hu\\\/wp-content\\\/uploads\\\/2021\\\/04\\\/logo-feher-600.png\",\"width\":600,\"height\":100,\"caption\":\"Dorogi-medence Region\u00e1lis H\u00edrport\u00e1l\"},\"image\":{\"@id\":\"https:\\\/\\\/dorogimedence.hu\\\/#\\\/schema\\\/logo\\\/image\\\/\"},\"sameAs\":[\"https:\\\/\\\/www.facebook.com\\\/dorogimedence\\\/\"]},{\"@type\":\"Person\",\"@id\":\"https:\\\/\\\/dorogimedence.hu\\\/#\\\/schema\\\/person\\\/ce6091eeb7e95ecdc87890d6aa8e0fd4\",\"name\":\"dorogimedence.hu\",\"image\":{\"@type\":\"ImageObject\",\"inLanguage\":\"hu\",\"@id\":\"\\\/\\\/www.gravatar.com\\\/avatar\\\/d8d45f8901aadff40a4af72c0b826f1d?s=96&#038;r=g&#038;d=mm\",\"url\":\"\\\/\\\/www.gravatar.com\\\/avatar\\\/d8d45f8901aadff40a4af72c0b826f1d?s=96&#038;r=g&#038;d=mm\",\"contentUrl\":\"\\\/\\\/www.gravatar.com\\\/avatar\\\/d8d45f8901aadff40a4af72c0b826f1d?s=96&#038;r=g&#038;d=mm\",\"caption\":\"dorogimedence.hu\"}}]}<\/script>\n<!-- \/ Yoast SEO plugin. -->","yoast_head_json":{"title":"A hajr\u00e1ban cs\u00faszott ki a gy\u0151zelem a dorogiak kez\u00e9b\u0151l","robots":{"index":"index","follow":"follow","max-snippet":"max-snippet:-1","max-image-preview":"max-image-preview:large","max-video-preview":"max-video-preview:-1"},"canonical":"https:\/\/dorogimedence.hu\/index.php\/2023\/02\/26\/a-hajraban-csuszott-ki-a-gyozelem-a-dorogiak-kezebol\/","og_locale":"hu_HU","og_type":"article","og_title":"A hajr\u00e1ban cs\u00faszott ki a gy\u0151zelem a dorogiak kez\u00e9b\u0151l","og_description":"Febru\u00e1r 26-\u00e1n, vas\u00e1rnap a labdar\u00fag\u00f3 NB II 25. fordul\u00f3j\u00e1ban a fordul\u00f3 el\u0151tt sereghajt\u00f3 Dorog a fordul\u00f3 el\u0151tt 18. helyen \u00e1ll\u00f3 B\u00e9k\u00e9scsab\u00e1t fogadta. A hazaiak az els\u0151 negyed \u00f3ra v\u00e9g\u00e9n szereztek vezet\u00e9st \u00e9s sok\u00e1ig \u00fagy t\u0171nt, hogy gy\u0151ztesen hagyhatj\u00e1k el a p\u00e1ly\u00e1t, de a B\u00e9k\u00e9scsaba az utols\u00f3 t\u00edz percre felt\u00e1madt \u00e9s Cz\u00e9kus \u00c1d\u00e1m tal\u00e1lat\u00e1nak k\u00f6sz\u00f6nhet\u0151en 1\u20131-s","og_url":"https:\/\/dorogimedence.hu\/index.php\/2023\/02\/26\/a-hajraban-csuszott-ki-a-gyozelem-a-dorogiak-kezebol\/","og_site_name":"Dorogi-medence Region\u00e1lis H\u00edrport\u00e1l","article_publisher":"https:\/\/www.facebook.com\/dorogimedence\/","article_published_time":"2023-02-26T16:04:18+00:00","article_modified_time":"2023-02-27T10:41:19+00:00","og_image":[{"width":960,"height":720,"url":"https:\/\/dorogimedence.hu\/wp-content\/uploads\/2023\/02\/dorog-bekescsaba.jpg","type":"image\/jpeg"}],"author":"dorogimedence.hu","twitter_card":"summary_large_image","twitter_misc":{"Szerz\u0151:":"dorogimedence.hu","Becs\u00fclt olvas\u00e1si id\u0151":"3 perc"},"schema":{"@context":"https:\/\/schema.org","@graph":[{"@type":"Article","@id":"https:\/\/dorogimedence.hu\/index.php\/2023\/02\/26\/a-hajraban-csuszott-ki-a-gyozelem-a-dorogiak-kezebol\/#article","isPartOf":{"@id":"https:\/\/dorogimedence.hu\/index.php\/2023\/02\/26\/a-hajraban-csuszott-ki-a-gyozelem-a-dorogiak-kezebol\/"},"author":{"name":"dorogimedence.hu","@id":"https:\/\/dorogimedence.hu\/#\/schema\/person\/ce6091eeb7e95ecdc87890d6aa8e0fd4"},"headline":"A hajr\u00e1ban cs\u00faszott ki a gy\u0151zelem a dorogiak kez\u00e9b\u0151l","datePublished":"2023-02-26T16:04:18+00:00","dateModified":"2023-02-27T10:41:19+00:00","mainEntityOfPage":{"@id":"https:\/\/dorogimedence.hu\/index.php\/2023\/02\/26\/a-hajraban-csuszott-ki-a-gyozelem-a-dorogiak-kezebol\/"},"wordCount":693,"publisher":{"@id":"https:\/\/dorogimedence.hu\/#organization"},"image":{"@id":"https:\/\/dorogimedence.hu\/index.php\/2023\/02\/26\/a-hajraban-csuszott-ki-a-gyozelem-a-dorogiak-kezebol\/#primaryimage"},"thumbnailUrl":"https:\/\/dorogimedence.hu\/wp-content\/uploads\/2023\/02\/dorog-bekescsaba.jpg","keywords":["B\u00e9k\u00e9scsaba","Dorog","Dorogi FC","featured","foci","futball","labdar\u00fag\u00e1s","NB II","sport"],"articleSection":["Dorog","H\u00edrek","Sport"],"inLanguage":"hu"},{"@type":"WebPage","@id":"https:\/\/dorogimedence.hu\/index.php\/2023\/02\/26\/a-hajraban-csuszott-ki-a-gyozelem-a-dorogiak-kezebol\/","url":"https:\/\/dorogimedence.hu\/index.php\/2023\/02\/26\/a-hajraban-csuszott-ki-a-gyozelem-a-dorogiak-kezebol\/","name":"A hajr\u00e1ban cs\u00faszott ki a gy\u0151zelem a dorogiak kez\u00e9b\u0151l","isPartOf":{"@id":"https:\/\/dorogimedence.hu\/#website"},"primaryImageOfPage":{"@id":"https:\/\/dorogimedence.hu\/index.php\/2023\/02\/26\/a-hajraban-csuszott-ki-a-gyozelem-a-dorogiak-kezebol\/#primaryimage"},"image":{"@id":"https:\/\/dorogimedence.hu\/index.php\/2023\/02\/26\/a-hajraban-csuszott-ki-a-gyozelem-a-dorogiak-kezebol\/#primaryimage"},"thumbnailUrl":"https:\/\/dorogimedence.hu\/wp-content\/uploads\/2023\/02\/dorog-bekescsaba.jpg","datePublished":"2023-02-26T16:04:18+00:00","dateModified":"2023-02-27T10:41:19+00:00","breadcrumb":{"@id":"https:\/\/dorogimedence.hu\/index.php\/2023\/02\/26\/a-hajraban-csuszott-ki-a-gyozelem-a-dorogiak-kezebol\/#breadcrumb"},"inLanguage":"hu","potentialAction":[{"@type":"ReadAction","target":["https:\/\/dorogimedence.hu\/index.php\/2023\/02\/26\/a-hajraban-csuszott-ki-a-gyozelem-a-dorogiak-kezebol\/"]}]},{"@type":"ImageObject","inLanguage":"hu","@id":"https:\/\/dorogimedence.hu\/index.php\/2023\/02\/26\/a-hajraban-csuszott-ki-a-gyozelem-a-dorogiak-kezebol\/#primaryimage","url":"https:\/\/dorogimedence.hu\/wp-content\/uploads\/2023\/02\/dorog-bekescsaba.jpg","contentUrl":"https:\/\/dorogimedence.hu\/wp-content\/uploads\/2023\/02\/dorog-bekescsaba.jpg","width":960,"height":720},{"@type":"BreadcrumbList","@id":"https:\/\/dorogimedence.hu\/index.php\/2023\/02\/26\/a-hajraban-csuszott-ki-a-gyozelem-a-dorogiak-kezebol\/#breadcrumb","itemListElement":[{"@type":"ListItem","position":1,"name":"Kezd\u0151lap","item":"https:\/\/dorogimedence.hu\/"},{"@type":"ListItem","position":2,"name":"A hajr\u00e1ban cs\u00faszott ki a gy\u0151zelem a dorogiak kez\u00e9b\u0151l"}]},{"@type":"WebSite","@id":"https:\/\/dorogimedence.hu\/#website","url":"https:\/\/dorogimedence.hu\/","name":"Dorogi-medence Region\u00e1lis H\u00edrport\u00e1l","description":"Dorog, Keszt\u00f6lc, Le\u00e1nyv\u00e1r, Piliscs\u00e9v, Tokod, Tokodalt\u00e1r\u00f3, Csolnok, Esztergom-kertv\u00e1ros: h\u00edrek, programok","publisher":{"@id":"https:\/\/dorogimedence.hu\/#organization"},"potentialAction":[{"@type":"SearchAction","target":{"@type":"EntryPoint","urlTemplate":"https:\/\/dorogimedence.hu\/?s={search_term_string}"},"query-input":{"@type":"PropertyValueSpecification","valueRequired":true,"valueName":"search_term_string"}}],"inLanguage":"hu"},{"@type":"Organization","@id":"https:\/\/dorogimedence.hu\/#organization","name":"Dorogi-medence Region\u00e1lis H\u00edrport\u00e1l","url":"https:\/\/dorogimedence.hu\/","logo":{"@type":"ImageObject","inLanguage":"hu","@id":"https:\/\/dorogimedence.hu\/#\/schema\/logo\/image\/","url":"https:\/\/dorogimedence.hu\/wp-content\/uploads\/2021\/04\/logo-feher-600.png","contentUrl":"https:\/\/dorogimedence.hu\/wp-content\/uploads\/2021\/04\/logo-feher-600.png","width":600,"height":100,"caption":"Dorogi-medence Region\u00e1lis H\u00edrport\u00e1l"},"image":{"@id":"https:\/\/dorogimedence.hu\/#\/schema\/logo\/image\/"},"sameAs":["https:\/\/www.facebook.com\/dorogimedence\/"]},{"@type":"Person","@id":"https:\/\/dorogimedence.hu\/#\/schema\/person\/ce6091eeb7e95ecdc87890d6aa8e0fd4","name":"dorogimedence.hu","image":{"@type":"ImageObject","inLanguage":"hu","@id":"\/\/www.gravatar.com\/avatar\/d8d45f8901aadff40a4af72c0b826f1d?s=96&#038;r=g&#038;d=mm","url":"\/\/www.gravatar.com\/avatar\/d8d45f8901aadff40a4af72c0b826f1d?s=96&#038;r=g&#038;d=mm","contentUrl":"\/\/www.gravatar.com\/avatar\/d8d45f8901aadff40a4af72c0b826f1d?s=96&#038;r=g&#038;d=mm","caption":"dorogimedence.hu"}}]}},"_links":{"self":[{"href":"https:\/\/dorogimedence.hu\/index.php\/wp-json\/wp\/v2\/posts\/50661","targetHints":{"allow":["GET"]}}],"collection":[{"href":"https:\/\/dorogimedence.hu\/index.php\/wp-json\/wp\/v2\/posts"}],"about":[{"href":"https:\/\/dorogimedence.hu\/index.php\/wp-json\/wp\/v2\/types\/post"}],"author":[{"embeddable":true,"href":"https:\/\/dorogimedence.hu\/index.php\/wp-json\/wp\/v2\/users\/1"}],"replies":[{"embeddable":true,"href":"https:\/\/dorogimedence.hu\/index.php\/wp-json\/wp\/v2\/comments?post=50661"}],"version-history":[{"count":0,"href":"https:\/\/dorogimedence.hu\/index.php\/wp-json\/wp\/v2\/posts\/50661\/revisions"}],"wp:featuredmedia":[{"embeddable":true,"href":"https:\/\/dorogimedence.hu\/index.php\/wp-json\/wp\/v2\/media\/50662"}],"wp:attachment":[{"href":"https:\/\/dorogimedence.hu\/index.php\/wp-json\/wp\/v2\/media?parent=50661"}],"wp:term":[{"taxonomy":"category","embeddable":true,"href":"https:\/\/dorogimedence.hu\/index.php\/wp-json\/wp\/v2\/categories?post=50661"},{"taxonomy":"post_tag","embeddable":true,"href":"https:\/\/dorogimedence.hu\/index.php\/wp-json\/wp\/v2\/tags?post=50661"}],"curies":[{"name":"wp","href":"https:\/\/api.w.org\/{rel}","templated":true}]}}