{"id":50569,"date":"2023-02-22T15:57:24","date_gmt":"2023-02-22T14:57:24","guid":{"rendered":"https:\/\/dorogimedence.hu\/?p=50569"},"modified":"2023-02-22T16:01:40","modified_gmt":"2023-02-22T15:01:40","slug":"ket-esztergomi-es-egy-dorogi-szervezetet-tamogat-a-tesco-2","status":"publish","type":"post","link":"https:\/\/dorogimedence.hu\/index.php\/2023\/02\/22\/ket-esztergomi-es-egy-dorogi-szervezetet-tamogat-a-tesco-2\/","title":{"rendered":"K\u00e9t esztergomi \u00e9s egy dorogi szervezetet t\u00e1mogat a Tesco"},"content":{"rendered":"<p><strong>A Tesco \u201e\u00d6n v\u00e1laszt, mi seg\u00edt\u00fcnk\u201d p\u00e1ly\u00e1zat\u00e1nak 12. fordul\u00f3j\u00e1ban t\u00f6bbek k\u00f6z\u00f6tt oktat\u00e1si robotok v\u00e1s\u00e1rl\u00e1s\u00e1t, vid\u00e1m, a saj\u00e1tos nevel\u00e9si ig\u00e9ny\u0171 gyermekek \u00f3vod\u00e1j\u00e1nak udvarfel\u00faj\u00edt\u00e1s\u00e1t, valamint k\u00f6z\u00f6ss\u00e9gi t\u0171zrak\u00f3hely kialak\u00edt\u00e1s\u00e1t c\u00e9lz\u00f3 programot is t\u00e1mogat Kom\u00e1rom-Esztergom v\u00e1rmegy\u00e9ben. A helyi v\u00e1s\u00e1rl\u00f3k a legt\u00f6bb voksot a \u201eFokr\u00f3l-Fokra&#8221; a Fogyat\u00e9kos Gyermekek Nevel\u00e9s\u00e9\u00e9rt \u00e9s Oktat\u00e1s\u00e1\u00e9rt Alap\u00edtv\u00e1ny \u201eEgy\u00fctt siker\u00fclni fog \u2013 K\u00f6z\u00f6ss\u00e9gi t\u00e9r kialak\u00edt\u00e1sa a szabadban\u201d p\u00e1ly\u00e1zat\u00e1ra adt\u00e1k le. Az \u00e1ruh\u00e1zl\u00e1nc a szavazatok sz\u00e1m\u00e1nak f\u00fcggv\u00e9ny\u00e9ben 400, 200, illetve 100 ezer forinttal j\u00e1rul hozz\u00e1 a p\u00e1ly\u00e1zatok megval\u00f3s\u00edt\u00e1s\u00e1hoz.<\/strong><\/p>\n<p>Az \u201e\u00d6n v\u00e1laszt, mi seg\u00edt\u00fcnk\u201d 12. fordul\u00f3j\u00e1ban orsz\u00e1gosan t\u00f6bb mint 1,9 milli\u00f3 zsetonnal szavaztak a Tesco v\u00e1s\u00e1rl\u00f3i, a v\u00e1llalat pedig \u00f6sszesen 42 milli\u00f3 forinttal t\u00e1mogat 173 nyertes projektet.<\/p>\n<p>Kom\u00e1rom-Esztergom v\u00e1rmegy\u00e9ben 6 p\u00e1ly\u00e1zatra voksolhattak a v\u00e1s\u00e1rl\u00f3k janu\u00e1r 16. \u00e9s febru\u00e1r 12. k\u00f6z\u00f6tt, a legt\u00f6bb zsetont pedig az esztergomi Tesco hipermarket v\u00e1s\u00e1rl\u00f3i dobt\u00e1k be. A helyi szervezetek a p\u00e1ly\u00e1zat aktu\u00e1lis fordul\u00f3j\u00e1ban id\u00e9n is v\u00e1ltozatos, kreat\u00edv p\u00e1ly\u00e1zatokkal k\u00fczd\u00f6ttek a v\u00e1s\u00e1rl\u00f3k voksai\u00e9rt, \u00edgy a Tesco t\u00e1mogat\u00e1s\u00e1nak k\u00f6sz\u00f6nhet\u0151en p\u00e9ld\u00e1ul saj\u00e1tos nevel\u00e9si ig\u00e9ny\u0171 gyermekek \u00f3vod\u00e1j\u00e1nak sz\u00ednesebb\u00e9 t\u00e9tele, robotikaszakk\u00f6r, valamint az okos k\u00f6zleked\u00e9st, a fenntarthat\u00f3s\u00e1got \u00e9s a k\u00f6rnyezet v\u00e9delm\u00e9nek fontoss\u00e1g\u00e1t hangs\u00falyoz\u00f3 projektek is megval\u00f3sulhatnak a r\u00e9gi\u00f3ban.<\/p>\n<p>\u201eA Tesc\u00f3n\u00e1l elk\u00f6telezettek vagyunk abban, hogy helyi szinten t\u00e1mogatott projekteken kereszt\u00fcl is val\u00f3di v\u00e1ltoz\u00e1st hozzunk azokban a k\u00f6z\u00f6ss\u00e9gi k\u00e9rd\u00e9sekben, melyek fontosak koll\u00e9g\u00e1ink \u00e9s v\u00e1s\u00e1rl\u00f3ink sz\u00e1m\u00e1ra. Az \u00d6n v\u00e1laszt, mi seg\u00edt\u00fcnk eddigi 12 fordul\u00f3j\u00e1ban a v\u00e1s\u00e1rl\u00f3k t\u00f6bb mint 27,6 milli\u00f3 szavazatot adtak le t\u00f6bb mint 1700 p\u00e1ly\u00e1zatra, a k\u00f6z\u00f6ss\u00e9gek pedig k\u00f6zel 450 milli\u00f3 forint t\u00e1mogat\u00e1st nyertek kezdem\u00e9nyez\u00e9seik kivitelez\u00e9s\u00e9re. B\u00fcszk\u00e9k vagyunk r\u00e1, hogy az el\u0151z\u0151 fordul\u00f3hoz hasonl\u00f3an ez\u00fattal is n\u00e9gy k\u00fcl\u00f6nd\u00edjat \u00edt\u00e9lhett\u00fcnk oda egyedi \u00e9s kiemelked\u0151 kezdem\u00e9nyez\u00e9seknek\u201d \u2013 mondta Hevesi N\u00f3ra, a Tesco Magyarorsz\u00e1g kommunik\u00e1ci\u00f3s vezet\u0151je.<\/p>\n<p>A 12. fordul\u00f3ban 59 k\u00f6rzetb\u0151l \u00e9rkeztek az oktat\u00e1st, k\u00e9pess\u00e9g-fejleszt\u00e9st t\u00e1mogat\u00f3, eg\u00e9szs\u00e9ges \u00e9letm\u00f3dra \u00f6szt\u00f6nz\u0151, valamint k\u00f6rnyezetv\u00e9d\u0151 \u00e9s -sz\u00e9p\u00edt\u0151 kezdem\u00e9nyez\u00e9sek kateg\u00f3ri\u00e1ban p\u00e1ly\u00e1zatok, melyek k\u00f6z\u00fcl az Effekteam Egyes\u00fclet f\u00fcggetlen szak\u00e9rt\u0151i v\u00e1lasztott\u00e1k ki azokat, amelyek tov\u00e1bbjutottak a szavaz\u00e1si szakaszba. K\u00f6rzetenk\u00e9nt a legt\u00f6bb szavazatot \u00f6sszegy\u0171jt\u0151ket 400 ezer, a m\u00e1sodik legt\u00f6bb zsetonnal rendelkez\u0151ket 200 ezer, a harmadik helyezetteket 100 ezer forintos t\u00e1mogat\u00e1ssal d\u00edjazza a Tesco, m\u00edg a k\u00fcl\u00f6nd\u00edjasokat p\u00e1ly\u00e1zatonk\u00e9nt tov\u00e1bbi 275 ezer forinttal jutalmazza.<\/p>\n<p><u>Nyertesek \u2013 45-\u00f6s k\u00f6rzet (esztergomi \u00e9s dorogi \u00e1ruh\u00e1z):<\/u><\/p>\n<ol>\n<li>helyezett: <strong>&#8222;Fokr\u00f3l-Fokra&#8221; a Fogyat\u00e9kos Gyermekek Nevel\u00e9s\u00e9\u00e9rt \u00e9s Oktat\u00e1s\u00e1\u00e9rt Alap\u00edtv\u00e1ny (Esztergom)<\/strong> \u2013 Egy\u00fctt siker\u00fclni fog &#8211; K\u00f6z\u00f6ss\u00e9gi t\u00e9r kialak\u00edt\u00e1sa a szabadban: \u201cA TESCO v\u00e1s\u00e1rl\u00f3inak szavazataival az \u00e1ltalunk t\u00e1mogatott fogyat\u00e9kkal \u00e9l\u0151 tanul\u00f3k oktat\u00e1si int\u00e9zm\u00e9nye, a Mont\u00e1gh Iskola k\u00fcls\u0151 k\u00f6rnyezete \u00fajulna meg. Az iskola udvara \u00faj k\u00f6rnyezeti elemmel b\u0151v\u00fclhetne, \u00e9s ki tudn\u00e1nk alak\u00edtani egy k\u00f6z\u00f6ss\u00e9gi teret. \u00cdgy a term\u00e9szeti k\u00f6rnyezet a di\u00e1kok fejl\u0151d\u00e9s\u00e9t szolg\u00e1l\u00f3 szociofizikai t\u00e9nyez\u0151v\u00e9 v\u00e1lhatna, amely sz\u00e1mtalan pozit\u00edv elemmel j\u00e1rulna hozz\u00e1 szem\u00e9lyis\u00e9gfejl\u0151d\u00e9s\u00fckh\u00f6z.\u201d<\/li>\n<li>helyezett: <strong>Z\u00f6ld Levelecske Ny\u00edlt Alap\u00edtv\u00e1ny (Dorog)<\/strong> \u2013 K\u00f6zleked\u00e9s okosan: \u201cEzzel a projekttel sz\u00e9les k\u00f6r\u0171 eredm\u00e9nyt \u00e9rhet\u00fcnk el. A gyermekek komplex mozg\u00e1s- \u00e9s kognit\u00edv fejl\u0151d\u00e9s\u00e9n t\u00fal, er\u0151s\u00f6dik a felel\u0151ss\u00e9gtudatuk &#8211; mind sz\u0171kebb, mind t\u00e1gabb k\u00f6rnyezet\u00fcnk ir\u00e1nt. Rajtuk kereszt\u00fcl a csal\u00e1dokban is tudatos\u00edthatjuk a fenntarthat\u00f3s\u00e1g, a k\u00f6rnyezet v\u00e9delm\u00e9nek fontoss\u00e1g\u00e1t.\u201d<\/li>\n<li>helyezett: <strong>Alteregom Egyes\u00fclet (Esztergom)<\/strong> \u2013 Panor\u00e1ma t\u0171zrak\u00f3hely, AlterEgom: \u201cEgyes\u00fclet\u00fcnk nagy hangs\u00falyt fektet az esztergomi k\u00f6z\u00f6ss\u00e9g er\u0151s\u00edt\u00e9s\u00e9re, k\u00fcl\u00f6n\u00f6s tekintettel a fiatalabb gener\u00e1ci\u00f3ra. Projektjeinkkel igyekezt\u00fcnk el\u0151mozd\u00edtani \u00e9letkezd\u00e9si lehet\u0151s\u00e9geiket (p\u00e1lyaorient\u00e1ci\u00f3s napok), emellett az elm\u00falt 3 \u00e9vben sz\u00e1mos szabadid\u0151s, k\u00f6z\u00f6ss\u00e9g\u00e9p\u00edt\u0151 programot ind\u00edtottunk (t\u00far\u00e1k, helyismereti s\u00e9t\u00e1k, bork\u00f3stol\u00f3, kertmozi). Kor\u00e1bban m\u00e1r megmutattuk, hogy k\u00e9pesek vagyunk l\u00e9trehozni olyan tereket, amik a k\u00f6z\u00f6ss\u00e9g jav\u00e1t szolg\u00e1lj\u00e1k.\u201d<\/li>\n<\/ol>\n<p>B\u0151vebb inform\u00e1ci\u00f3 a programr\u00f3l a nyertes szervezetek list\u00e1j\u00e1val a <a href=\"http:\/\/www.tesco.hu\/kozosseg\" target=\"_blank\" rel=\"noopener\"><span style=\"text-decoration: underline; color: #0000ff;\">www.tesco.hu\/kozosseg<\/span><\/a> oldalon tal\u00e1lhat\u00f3. Az \u201e\u00d6n v\u00e1laszt, mi seg\u00edt\u00fcnk\u201d program t\u00e1mogat\u00e1s\u00e1b\u00f3l l\u00e9trej\u00f6tt kor\u00e1bbi projekteket <a href=\"https:\/\/www.google.hu\/maps\/@47.1291529,19.529231,8z\/data=!3m1!4b1!4m2!6m1!1s1nmC4w5gG57yKoSq9rbNA6QWEGzUQJyTf?authuser=1\" target=\"_blank\" rel=\"noopener\"><span style=\"text-decoration: underline; color: #0000ff;\">ezen a t\u00e9rk\u00e9pen<\/span><\/a> lehet m\u00e9g megtekinteni.<\/p>\n","protected":false},"excerpt":{"rendered":"<p>A Tesco \u201e\u00d6n v\u00e1laszt, mi seg\u00edt\u00fcnk\u201d p\u00e1ly\u00e1zat\u00e1nak 12. fordul\u00f3j\u00e1ban t\u00f6bbek k\u00f6z\u00f6tt oktat\u00e1si robotok v\u00e1s\u00e1rl\u00e1s\u00e1t, vid\u00e1m, a saj\u00e1tos nevel\u00e9si ig\u00e9ny\u0171 gyermekek \u00f3vod\u00e1j\u00e1nak udvarfel\u00faj\u00edt\u00e1s\u00e1t, valamint k\u00f6z\u00f6ss\u00e9gi t\u0171zrak\u00f3hely kialak\u00edt\u00e1s\u00e1t c\u00e9lz\u00f3 programot is t\u00e1mogat Kom\u00e1rom-Esztergom v\u00e1rmegy\u00e9ben. A helyi v\u00e1s\u00e1rl\u00f3k a legt\u00f6bb voksot a \u201eFokr\u00f3l-Fokra&#8221; a Fogyat\u00e9kos Gyermekek Nevel\u00e9s\u00e9\u00e9rt \u00e9s Oktat\u00e1s\u00e1\u00e9rt Alap\u00edtv\u00e1ny \u201eEgy\u00fctt siker\u00fclni fog \u2013 K\u00f6z\u00f6ss\u00e9gi t\u00e9r kialak\u00edt\u00e1sa a<\/p>\n","protected":false},"author":1,"featured_media":40730,"comment_status":"closed","ping_status":"closed","sticky":false,"template":"","format":"standard","meta":{"ngg_post_thumbnail":0,"footnotes":""},"categories":[2,38,3],"tags":[15,42,2557],"class_list":{"0":"post-50569","1":"post","2":"type-post","3":"status-publish","4":"format-standard","5":"has-post-thumbnail","7":"category-dorog","8":"category-esztergom","9":"category-hirek","10":"tag-dorog","11":"tag-esztergom","12":"tag-tesco"},"yoast_head":"<!-- This site is optimized with the Yoast SEO plugin v27.4 - https:\/\/yoast.com\/product\/yoast-seo-wordpress\/ -->\n<title>K\u00e9t esztergomi \u00e9s egy dorogi szervezetet t\u00e1mogat a Tesco<\/title>\n<meta name=\"robots\" content=\"index, follow, max-snippet:-1, max-image-preview:large, max-video-preview:-1\" \/>\n<link rel=\"canonical\" href=\"https:\/\/dorogimedence.hu\/index.php\/2023\/02\/22\/ket-esztergomi-es-egy-dorogi-szervezetet-tamogat-a-tesco-2\/\" class=\"yoast-seo-meta-tag\" \/>\n<meta property=\"og:locale\" content=\"hu_HU\" class=\"yoast-seo-meta-tag\" \/>\n<meta property=\"og:type\" content=\"article\" class=\"yoast-seo-meta-tag\" \/>\n<meta property=\"og:title\" content=\"K\u00e9t esztergomi \u00e9s egy dorogi szervezetet t\u00e1mogat a Tesco\" class=\"yoast-seo-meta-tag\" \/>\n<meta property=\"og:description\" content=\"A Tesco \u201e\u00d6n v\u00e1laszt, mi seg\u00edt\u00fcnk\u201d p\u00e1ly\u00e1zat\u00e1nak 12. fordul\u00f3j\u00e1ban t\u00f6bbek k\u00f6z\u00f6tt oktat\u00e1si robotok v\u00e1s\u00e1rl\u00e1s\u00e1t, vid\u00e1m, a saj\u00e1tos nevel\u00e9si ig\u00e9ny\u0171 gyermekek \u00f3vod\u00e1j\u00e1nak udvarfel\u00faj\u00edt\u00e1s\u00e1t, valamint k\u00f6z\u00f6ss\u00e9gi t\u0171zrak\u00f3hely kialak\u00edt\u00e1s\u00e1t c\u00e9lz\u00f3 programot is t\u00e1mogat Kom\u00e1rom-Esztergom v\u00e1rmegy\u00e9ben. A helyi v\u00e1s\u00e1rl\u00f3k a legt\u00f6bb voksot a \u201eFokr\u00f3l-Fokra&#8221; a Fogyat\u00e9kos Gyermekek Nevel\u00e9s\u00e9\u00e9rt \u00e9s Oktat\u00e1s\u00e1\u00e9rt Alap\u00edtv\u00e1ny \u201eEgy\u00fctt siker\u00fclni fog \u2013 K\u00f6z\u00f6ss\u00e9gi t\u00e9r kialak\u00edt\u00e1sa a\" class=\"yoast-seo-meta-tag\" \/>\n<meta property=\"og:url\" content=\"https:\/\/dorogimedence.hu\/index.php\/2023\/02\/22\/ket-esztergomi-es-egy-dorogi-szervezetet-tamogat-a-tesco-2\/\" class=\"yoast-seo-meta-tag\" \/>\n<meta property=\"og:site_name\" content=\"Dorogi-medence Region\u00e1lis H\u00edrport\u00e1l\" class=\"yoast-seo-meta-tag\" \/>\n<meta property=\"article:publisher\" content=\"https:\/\/www.facebook.com\/dorogimedence\/\" class=\"yoast-seo-meta-tag\" \/>\n<meta property=\"article:published_time\" content=\"2023-02-22T14:57:24+00:00\" class=\"yoast-seo-meta-tag\" \/>\n<meta property=\"article:modified_time\" content=\"2023-02-22T15:01:40+00:00\" class=\"yoast-seo-meta-tag\" \/>\n<meta property=\"og:image\" content=\"https:\/\/dorogimedence.hu\/wp-content\/uploads\/2022\/02\/Tesco_On_valaszt_mi_segitunk_illusztracio.jpg\" class=\"yoast-seo-meta-tag\" \/>\n\t<meta property=\"og:image:width\" content=\"2508\" class=\"yoast-seo-meta-tag\" \/>\n\t<meta property=\"og:image:height\" content=\"1672\" class=\"yoast-seo-meta-tag\" \/>\n\t<meta property=\"og:image:type\" content=\"image\/jpeg\" class=\"yoast-seo-meta-tag\" \/>\n<meta name=\"author\" content=\"dorogimedence.hu\" class=\"yoast-seo-meta-tag\" \/>\n<meta name=\"twitter:card\" content=\"summary_large_image\" class=\"yoast-seo-meta-tag\" \/>\n<meta name=\"twitter:label1\" content=\"Szerz\u0151:\" class=\"yoast-seo-meta-tag\" \/>\n\t<meta name=\"twitter:data1\" content=\"dorogimedence.hu\" class=\"yoast-seo-meta-tag\" \/>\n\t<meta name=\"twitter:label2\" content=\"Becs\u00fclt olvas\u00e1si id\u0151\" class=\"yoast-seo-meta-tag\" \/>\n\t<meta name=\"twitter:data2\" content=\"5 perc\" class=\"yoast-seo-meta-tag\" \/>\n<script type=\"application\/ld+json\" class=\"yoast-schema-graph\">{\"@context\":\"https:\\\/\\\/schema.org\",\"@graph\":[{\"@type\":\"Article\",\"@id\":\"https:\\\/\\\/dorogimedence.hu\\\/index.php\\\/2023\\\/02\\\/22\\\/ket-esztergomi-es-egy-dorogi-szervezetet-tamogat-a-tesco-2\\\/#article\",\"isPartOf\":{\"@id\":\"https:\\\/\\\/dorogimedence.hu\\\/index.php\\\/2023\\\/02\\\/22\\\/ket-esztergomi-es-egy-dorogi-szervezetet-tamogat-a-tesco-2\\\/\"},\"author\":{\"name\":\"dorogimedence.hu\",\"@id\":\"https:\\\/\\\/dorogimedence.hu\\\/#\\\/schema\\\/person\\\/ce6091eeb7e95ecdc87890d6aa8e0fd4\"},\"headline\":\"K\u00e9t esztergomi \u00e9s egy dorogi szervezetet t\u00e1mogat a Tesco\",\"datePublished\":\"2023-02-22T14:57:24+00:00\",\"dateModified\":\"2023-02-22T15:01:40+00:00\",\"mainEntityOfPage\":{\"@id\":\"https:\\\/\\\/dorogimedence.hu\\\/index.php\\\/2023\\\/02\\\/22\\\/ket-esztergomi-es-egy-dorogi-szervezetet-tamogat-a-tesco-2\\\/\"},\"wordCount\":951,\"publisher\":{\"@id\":\"https:\\\/\\\/dorogimedence.hu\\\/#organization\"},\"image\":{\"@id\":\"https:\\\/\\\/dorogimedence.hu\\\/index.php\\\/2023\\\/02\\\/22\\\/ket-esztergomi-es-egy-dorogi-szervezetet-tamogat-a-tesco-2\\\/#primaryimage\"},\"thumbnailUrl\":\"https:\\\/\\\/dorogimedence.hu\\\/wp-content\\\/uploads\\\/2022\\\/02\\\/Tesco_On_valaszt_mi_segitunk_illusztracio.jpg\",\"keywords\":[\"Dorog\",\"esztergom\",\"TESCO\"],\"articleSection\":[\"Dorog\",\"Esztergom\",\"H\u00edrek\"],\"inLanguage\":\"hu\"},{\"@type\":\"WebPage\",\"@id\":\"https:\\\/\\\/dorogimedence.hu\\\/index.php\\\/2023\\\/02\\\/22\\\/ket-esztergomi-es-egy-dorogi-szervezetet-tamogat-a-tesco-2\\\/\",\"url\":\"https:\\\/\\\/dorogimedence.hu\\\/index.php\\\/2023\\\/02\\\/22\\\/ket-esztergomi-es-egy-dorogi-szervezetet-tamogat-a-tesco-2\\\/\",\"name\":\"K\u00e9t esztergomi \u00e9s egy dorogi szervezetet t\u00e1mogat a Tesco\",\"isPartOf\":{\"@id\":\"https:\\\/\\\/dorogimedence.hu\\\/#website\"},\"primaryImageOfPage\":{\"@id\":\"https:\\\/\\\/dorogimedence.hu\\\/index.php\\\/2023\\\/02\\\/22\\\/ket-esztergomi-es-egy-dorogi-szervezetet-tamogat-a-tesco-2\\\/#primaryimage\"},\"image\":{\"@id\":\"https:\\\/\\\/dorogimedence.hu\\\/index.php\\\/2023\\\/02\\\/22\\\/ket-esztergomi-es-egy-dorogi-szervezetet-tamogat-a-tesco-2\\\/#primaryimage\"},\"thumbnailUrl\":\"https:\\\/\\\/dorogimedence.hu\\\/wp-content\\\/uploads\\\/2022\\\/02\\\/Tesco_On_valaszt_mi_segitunk_illusztracio.jpg\",\"datePublished\":\"2023-02-22T14:57:24+00:00\",\"dateModified\":\"2023-02-22T15:01:40+00:00\",\"breadcrumb\":{\"@id\":\"https:\\\/\\\/dorogimedence.hu\\\/index.php\\\/2023\\\/02\\\/22\\\/ket-esztergomi-es-egy-dorogi-szervezetet-tamogat-a-tesco-2\\\/#breadcrumb\"},\"inLanguage\":\"hu\",\"potentialAction\":[{\"@type\":\"ReadAction\",\"target\":[\"https:\\\/\\\/dorogimedence.hu\\\/index.php\\\/2023\\\/02\\\/22\\\/ket-esztergomi-es-egy-dorogi-szervezetet-tamogat-a-tesco-2\\\/\"]}]},{\"@type\":\"ImageObject\",\"inLanguage\":\"hu\",\"@id\":\"https:\\\/\\\/dorogimedence.hu\\\/index.php\\\/2023\\\/02\\\/22\\\/ket-esztergomi-es-egy-dorogi-szervezetet-tamogat-a-tesco-2\\\/#primaryimage\",\"url\":\"https:\\\/\\\/dorogimedence.hu\\\/wp-content\\\/uploads\\\/2022\\\/02\\\/Tesco_On_valaszt_mi_segitunk_illusztracio.jpg\",\"contentUrl\":\"https:\\\/\\\/dorogimedence.hu\\\/wp-content\\\/uploads\\\/2022\\\/02\\\/Tesco_On_valaszt_mi_segitunk_illusztracio.jpg\",\"width\":2508,\"height\":1672},{\"@type\":\"BreadcrumbList\",\"@id\":\"https:\\\/\\\/dorogimedence.hu\\\/index.php\\\/2023\\\/02\\\/22\\\/ket-esztergomi-es-egy-dorogi-szervezetet-tamogat-a-tesco-2\\\/#breadcrumb\",\"itemListElement\":[{\"@type\":\"ListItem\",\"position\":1,\"name\":\"Kezd\u0151lap\",\"item\":\"https:\\\/\\\/dorogimedence.hu\\\/\"},{\"@type\":\"ListItem\",\"position\":2,\"name\":\"K\u00e9t esztergomi \u00e9s egy dorogi szervezetet t\u00e1mogat a Tesco\"}]},{\"@type\":\"WebSite\",\"@id\":\"https:\\\/\\\/dorogimedence.hu\\\/#website\",\"url\":\"https:\\\/\\\/dorogimedence.hu\\\/\",\"name\":\"Dorogi-medence Region\u00e1lis H\u00edrport\u00e1l\",\"description\":\"Dorog, Keszt\u00f6lc, Le\u00e1nyv\u00e1r, Piliscs\u00e9v, Tokod, Tokodalt\u00e1r\u00f3, Csolnok, Esztergom-kertv\u00e1ros: h\u00edrek, programok\",\"publisher\":{\"@id\":\"https:\\\/\\\/dorogimedence.hu\\\/#organization\"},\"potentialAction\":[{\"@type\":\"SearchAction\",\"target\":{\"@type\":\"EntryPoint\",\"urlTemplate\":\"https:\\\/\\\/dorogimedence.hu\\\/?s={search_term_string}\"},\"query-input\":{\"@type\":\"PropertyValueSpecification\",\"valueRequired\":true,\"valueName\":\"search_term_string\"}}],\"inLanguage\":\"hu\"},{\"@type\":\"Organization\",\"@id\":\"https:\\\/\\\/dorogimedence.hu\\\/#organization\",\"name\":\"Dorogi-medence Region\u00e1lis H\u00edrport\u00e1l\",\"url\":\"https:\\\/\\\/dorogimedence.hu\\\/\",\"logo\":{\"@type\":\"ImageObject\",\"inLanguage\":\"hu\",\"@id\":\"https:\\\/\\\/dorogimedence.hu\\\/#\\\/schema\\\/logo\\\/image\\\/\",\"url\":\"https:\\\/\\\/dorogimedence.hu\\\/wp-content\\\/uploads\\\/2021\\\/04\\\/logo-feher-600.png\",\"contentUrl\":\"https:\\\/\\\/dorogimedence.hu\\\/wp-content\\\/uploads\\\/2021\\\/04\\\/logo-feher-600.png\",\"width\":600,\"height\":100,\"caption\":\"Dorogi-medence Region\u00e1lis H\u00edrport\u00e1l\"},\"image\":{\"@id\":\"https:\\\/\\\/dorogimedence.hu\\\/#\\\/schema\\\/logo\\\/image\\\/\"},\"sameAs\":[\"https:\\\/\\\/www.facebook.com\\\/dorogimedence\\\/\"]},{\"@type\":\"Person\",\"@id\":\"https:\\\/\\\/dorogimedence.hu\\\/#\\\/schema\\\/person\\\/ce6091eeb7e95ecdc87890d6aa8e0fd4\",\"name\":\"dorogimedence.hu\",\"image\":{\"@type\":\"ImageObject\",\"inLanguage\":\"hu\",\"@id\":\"\\\/\\\/www.gravatar.com\\\/avatar\\\/d8d45f8901aadff40a4af72c0b826f1d?s=96&#038;r=g&#038;d=mm\",\"url\":\"\\\/\\\/www.gravatar.com\\\/avatar\\\/d8d45f8901aadff40a4af72c0b826f1d?s=96&#038;r=g&#038;d=mm\",\"contentUrl\":\"\\\/\\\/www.gravatar.com\\\/avatar\\\/d8d45f8901aadff40a4af72c0b826f1d?s=96&#038;r=g&#038;d=mm\",\"caption\":\"dorogimedence.hu\"}}]}<\/script>\n<!-- \/ Yoast SEO plugin. -->","yoast_head_json":{"title":"K\u00e9t esztergomi \u00e9s egy dorogi szervezetet t\u00e1mogat a Tesco","robots":{"index":"index","follow":"follow","max-snippet":"max-snippet:-1","max-image-preview":"max-image-preview:large","max-video-preview":"max-video-preview:-1"},"canonical":"https:\/\/dorogimedence.hu\/index.php\/2023\/02\/22\/ket-esztergomi-es-egy-dorogi-szervezetet-tamogat-a-tesco-2\/","og_locale":"hu_HU","og_type":"article","og_title":"K\u00e9t esztergomi \u00e9s egy dorogi szervezetet t\u00e1mogat a Tesco","og_description":"A Tesco \u201e\u00d6n v\u00e1laszt, mi seg\u00edt\u00fcnk\u201d p\u00e1ly\u00e1zat\u00e1nak 12. fordul\u00f3j\u00e1ban t\u00f6bbek k\u00f6z\u00f6tt oktat\u00e1si robotok v\u00e1s\u00e1rl\u00e1s\u00e1t, vid\u00e1m, a saj\u00e1tos nevel\u00e9si ig\u00e9ny\u0171 gyermekek \u00f3vod\u00e1j\u00e1nak udvarfel\u00faj\u00edt\u00e1s\u00e1t, valamint k\u00f6z\u00f6ss\u00e9gi t\u0171zrak\u00f3hely kialak\u00edt\u00e1s\u00e1t c\u00e9lz\u00f3 programot is t\u00e1mogat Kom\u00e1rom-Esztergom v\u00e1rmegy\u00e9ben. A helyi v\u00e1s\u00e1rl\u00f3k a legt\u00f6bb voksot a \u201eFokr\u00f3l-Fokra&#8221; a Fogyat\u00e9kos Gyermekek Nevel\u00e9s\u00e9\u00e9rt \u00e9s Oktat\u00e1s\u00e1\u00e9rt Alap\u00edtv\u00e1ny \u201eEgy\u00fctt siker\u00fclni fog \u2013 K\u00f6z\u00f6ss\u00e9gi t\u00e9r kialak\u00edt\u00e1sa a","og_url":"https:\/\/dorogimedence.hu\/index.php\/2023\/02\/22\/ket-esztergomi-es-egy-dorogi-szervezetet-tamogat-a-tesco-2\/","og_site_name":"Dorogi-medence Region\u00e1lis H\u00edrport\u00e1l","article_publisher":"https:\/\/www.facebook.com\/dorogimedence\/","article_published_time":"2023-02-22T14:57:24+00:00","article_modified_time":"2023-02-22T15:01:40+00:00","og_image":[{"width":2508,"height":1672,"url":"https:\/\/dorogimedence.hu\/wp-content\/uploads\/2022\/02\/Tesco_On_valaszt_mi_segitunk_illusztracio.jpg","type":"image\/jpeg"}],"author":"dorogimedence.hu","twitter_card":"summary_large_image","twitter_misc":{"Szerz\u0151:":"dorogimedence.hu","Becs\u00fclt olvas\u00e1si id\u0151":"5 perc"},"schema":{"@context":"https:\/\/schema.org","@graph":[{"@type":"Article","@id":"https:\/\/dorogimedence.hu\/index.php\/2023\/02\/22\/ket-esztergomi-es-egy-dorogi-szervezetet-tamogat-a-tesco-2\/#article","isPartOf":{"@id":"https:\/\/dorogimedence.hu\/index.php\/2023\/02\/22\/ket-esztergomi-es-egy-dorogi-szervezetet-tamogat-a-tesco-2\/"},"author":{"name":"dorogimedence.hu","@id":"https:\/\/dorogimedence.hu\/#\/schema\/person\/ce6091eeb7e95ecdc87890d6aa8e0fd4"},"headline":"K\u00e9t esztergomi \u00e9s egy dorogi szervezetet t\u00e1mogat a Tesco","datePublished":"2023-02-22T14:57:24+00:00","dateModified":"2023-02-22T15:01:40+00:00","mainEntityOfPage":{"@id":"https:\/\/dorogimedence.hu\/index.php\/2023\/02\/22\/ket-esztergomi-es-egy-dorogi-szervezetet-tamogat-a-tesco-2\/"},"wordCount":951,"publisher":{"@id":"https:\/\/dorogimedence.hu\/#organization"},"image":{"@id":"https:\/\/dorogimedence.hu\/index.php\/2023\/02\/22\/ket-esztergomi-es-egy-dorogi-szervezetet-tamogat-a-tesco-2\/#primaryimage"},"thumbnailUrl":"https:\/\/dorogimedence.hu\/wp-content\/uploads\/2022\/02\/Tesco_On_valaszt_mi_segitunk_illusztracio.jpg","keywords":["Dorog","esztergom","TESCO"],"articleSection":["Dorog","Esztergom","H\u00edrek"],"inLanguage":"hu"},{"@type":"WebPage","@id":"https:\/\/dorogimedence.hu\/index.php\/2023\/02\/22\/ket-esztergomi-es-egy-dorogi-szervezetet-tamogat-a-tesco-2\/","url":"https:\/\/dorogimedence.hu\/index.php\/2023\/02\/22\/ket-esztergomi-es-egy-dorogi-szervezetet-tamogat-a-tesco-2\/","name":"K\u00e9t esztergomi \u00e9s egy dorogi szervezetet t\u00e1mogat a Tesco","isPartOf":{"@id":"https:\/\/dorogimedence.hu\/#website"},"primaryImageOfPage":{"@id":"https:\/\/dorogimedence.hu\/index.php\/2023\/02\/22\/ket-esztergomi-es-egy-dorogi-szervezetet-tamogat-a-tesco-2\/#primaryimage"},"image":{"@id":"https:\/\/dorogimedence.hu\/index.php\/2023\/02\/22\/ket-esztergomi-es-egy-dorogi-szervezetet-tamogat-a-tesco-2\/#primaryimage"},"thumbnailUrl":"https:\/\/dorogimedence.hu\/wp-content\/uploads\/2022\/02\/Tesco_On_valaszt_mi_segitunk_illusztracio.jpg","datePublished":"2023-02-22T14:57:24+00:00","dateModified":"2023-02-22T15:01:40+00:00","breadcrumb":{"@id":"https:\/\/dorogimedence.hu\/index.php\/2023\/02\/22\/ket-esztergomi-es-egy-dorogi-szervezetet-tamogat-a-tesco-2\/#breadcrumb"},"inLanguage":"hu","potentialAction":[{"@type":"ReadAction","target":["https:\/\/dorogimedence.hu\/index.php\/2023\/02\/22\/ket-esztergomi-es-egy-dorogi-szervezetet-tamogat-a-tesco-2\/"]}]},{"@type":"ImageObject","inLanguage":"hu","@id":"https:\/\/dorogimedence.hu\/index.php\/2023\/02\/22\/ket-esztergomi-es-egy-dorogi-szervezetet-tamogat-a-tesco-2\/#primaryimage","url":"https:\/\/dorogimedence.hu\/wp-content\/uploads\/2022\/02\/Tesco_On_valaszt_mi_segitunk_illusztracio.jpg","contentUrl":"https:\/\/dorogimedence.hu\/wp-content\/uploads\/2022\/02\/Tesco_On_valaszt_mi_segitunk_illusztracio.jpg","width":2508,"height":1672},{"@type":"BreadcrumbList","@id":"https:\/\/dorogimedence.hu\/index.php\/2023\/02\/22\/ket-esztergomi-es-egy-dorogi-szervezetet-tamogat-a-tesco-2\/#breadcrumb","itemListElement":[{"@type":"ListItem","position":1,"name":"Kezd\u0151lap","item":"https:\/\/dorogimedence.hu\/"},{"@type":"ListItem","position":2,"name":"K\u00e9t esztergomi \u00e9s egy dorogi szervezetet t\u00e1mogat a Tesco"}]},{"@type":"WebSite","@id":"https:\/\/dorogimedence.hu\/#website","url":"https:\/\/dorogimedence.hu\/","name":"Dorogi-medence Region\u00e1lis H\u00edrport\u00e1l","description":"Dorog, Keszt\u00f6lc, Le\u00e1nyv\u00e1r, Piliscs\u00e9v, Tokod, Tokodalt\u00e1r\u00f3, Csolnok, Esztergom-kertv\u00e1ros: h\u00edrek, programok","publisher":{"@id":"https:\/\/dorogimedence.hu\/#organization"},"potentialAction":[{"@type":"SearchAction","target":{"@type":"EntryPoint","urlTemplate":"https:\/\/dorogimedence.hu\/?s={search_term_string}"},"query-input":{"@type":"PropertyValueSpecification","valueRequired":true,"valueName":"search_term_string"}}],"inLanguage":"hu"},{"@type":"Organization","@id":"https:\/\/dorogimedence.hu\/#organization","name":"Dorogi-medence Region\u00e1lis H\u00edrport\u00e1l","url":"https:\/\/dorogimedence.hu\/","logo":{"@type":"ImageObject","inLanguage":"hu","@id":"https:\/\/dorogimedence.hu\/#\/schema\/logo\/image\/","url":"https:\/\/dorogimedence.hu\/wp-content\/uploads\/2021\/04\/logo-feher-600.png","contentUrl":"https:\/\/dorogimedence.hu\/wp-content\/uploads\/2021\/04\/logo-feher-600.png","width":600,"height":100,"caption":"Dorogi-medence Region\u00e1lis H\u00edrport\u00e1l"},"image":{"@id":"https:\/\/dorogimedence.hu\/#\/schema\/logo\/image\/"},"sameAs":["https:\/\/www.facebook.com\/dorogimedence\/"]},{"@type":"Person","@id":"https:\/\/dorogimedence.hu\/#\/schema\/person\/ce6091eeb7e95ecdc87890d6aa8e0fd4","name":"dorogimedence.hu","image":{"@type":"ImageObject","inLanguage":"hu","@id":"\/\/www.gravatar.com\/avatar\/d8d45f8901aadff40a4af72c0b826f1d?s=96&#038;r=g&#038;d=mm","url":"\/\/www.gravatar.com\/avatar\/d8d45f8901aadff40a4af72c0b826f1d?s=96&#038;r=g&#038;d=mm","contentUrl":"\/\/www.gravatar.com\/avatar\/d8d45f8901aadff40a4af72c0b826f1d?s=96&#038;r=g&#038;d=mm","caption":"dorogimedence.hu"}}]}},"_links":{"self":[{"href":"https:\/\/dorogimedence.hu\/index.php\/wp-json\/wp\/v2\/posts\/50569","targetHints":{"allow":["GET"]}}],"collection":[{"href":"https:\/\/dorogimedence.hu\/index.php\/wp-json\/wp\/v2\/posts"}],"about":[{"href":"https:\/\/dorogimedence.hu\/index.php\/wp-json\/wp\/v2\/types\/post"}],"author":[{"embeddable":true,"href":"https:\/\/dorogimedence.hu\/index.php\/wp-json\/wp\/v2\/users\/1"}],"replies":[{"embeddable":true,"href":"https:\/\/dorogimedence.hu\/index.php\/wp-json\/wp\/v2\/comments?post=50569"}],"version-history":[{"count":0,"href":"https:\/\/dorogimedence.hu\/index.php\/wp-json\/wp\/v2\/posts\/50569\/revisions"}],"wp:featuredmedia":[{"embeddable":true,"href":"https:\/\/dorogimedence.hu\/index.php\/wp-json\/wp\/v2\/media\/40730"}],"wp:attachment":[{"href":"https:\/\/dorogimedence.hu\/index.php\/wp-json\/wp\/v2\/media?parent=50569"}],"wp:term":[{"taxonomy":"category","embeddable":true,"href":"https:\/\/dorogimedence.hu\/index.php\/wp-json\/wp\/v2\/categories?post=50569"},{"taxonomy":"post_tag","embeddable":true,"href":"https:\/\/dorogimedence.hu\/index.php\/wp-json\/wp\/v2\/tags?post=50569"}],"curies":[{"name":"wp","href":"https:\/\/api.w.org\/{rel}","templated":true}]}}