{"id":50551,"date":"2023-02-22T10:08:18","date_gmt":"2023-02-22T09:08:18","guid":{"rendered":"https:\/\/dorogimedence.hu\/?p=50551"},"modified":"2023-02-22T10:10:54","modified_gmt":"2023-02-22T09:10:54","slug":"veressel-fenyegette-a-jegyellenort-leanyvaron-leszallitottak","status":"publish","type":"post","link":"https:\/\/dorogimedence.hu\/index.php\/2023\/02\/22\/veressel-fenyegette-a-jegyellenort-leanyvaron-leszallitottak\/","title":{"rendered":"Ver\u00e9ssel fenyegette a jegyellen\u0151rt, Le\u00e1nyv\u00e1ron lesz\u00e1ll\u00edtott\u00e1k"},"content":{"rendered":"<p><strong>Felf\u00fcggesztett b\u00f6rt\u00f6nb\u00fcntet\u00e9st szabhatnak ki azzal a n\u0151vel szemben, aki ver\u00e9ssel fenyegette a jegyellen\u0151rt, mivel a jegyellen\u0151r a maszkvisel\u00e9s szab\u00e1lyainak megszeg\u00e9se miatt le akarta sz\u00e1ll\u00edtani a vonatr\u00f3l az Esztergom-Budapest vas\u00fatvonalon.<\/strong><\/p>\n<p>A v\u00e1dirat szerint a n\u0151 2021. j\u00fanius 15-\u00e9n Esztergomb\u00f3l Budapestre utazott vonaton. A jegyvizsg\u00e1l\u00f3 k\u00e9rte a n\u0151 jegy\u00e9t, aki azt \u00fagy adta \u00e1t, hogy k\u00f6zben tr\u00e1g\u00e1rul sz\u00f3lt hozz\u00e1. &nbsp;A jegyvizsg\u00e1l\u00f3 s\u00e9rtett folytatta a jegyek ellen\u0151rz\u00e9s\u00e9t, an\u00e9lk\u00fcl, hogy reag\u00e1lt volna a n\u0151 megjegyz\u00e9s\u00e9re, akit a vele utaz\u00f3 \u00e9lett\u00e1rsa nyugtatni pr\u00f3b\u00e1lt. K\u00e9s\u0151bb a jegyvizsg\u00e1l\u00f3 felsz\u00f3l\u00edtotta a n\u0151t, hogy vegye fel a maszkj\u00e1t, mert azt k\u00f6telez\u0151 viselni a vonaton, mire a n\u0151 erre azt v\u00e1laszolta, hogy semmi k\u00f6ze hozz\u00e1.<\/p>\n<p>A s\u00e9rtett k\u00f6z\u00f6lte a n\u0151vel, hogy a maszkot nem visel\u0151 utasok kiz\u00e1rhat\u00f3k az utaz\u00e1sb\u00f3l, mire az elk\u00f6vet\u0151 a sz\u00e1ja el\u00e9 tett egy maszkot, azt azonban nem helyezte fel az arc\u00e1ra. K\u00e9s\u0151bb a n\u0151 a vagonban az ajt\u00f3 fel\u00e9 igyekv\u0151 s\u00e9rtettet szidalmazta, megfenyegette, hogy meg fogja verni, fel fogja jelenteni, ha le meri sz\u00e1ll\u00edtani a vonatr\u00f3l, \u00e9s fenyeget\u0151en fel\u00e9je indult. Ekkor az \u00e9lett\u00e1rsa visszah\u00fazta \u00e9s le\u00fcltette a n\u0151t. Az elk\u00f6vet\u0151 ekkor m\u00e1r \u00fajra nem viselt maszkot, ez\u00e9rt a s\u00e9rtett ism\u00e9telten felsz\u00f3l\u00edtotta az utaz\u00e1s felt\u00e9teleinek betart\u00e1s\u00e1ra, \u00e9s jelezte, hogy maszk n\u00e9lk\u00fcl nem utazhat tov\u00e1bb. Az elk\u00f6vet\u0151 nem volt hajland\u00f3 lesz\u00e1llni, ez\u00e9rt a s\u00e9rtett a vezet\u0151 jegyvizsg\u00e1l\u00f3 seg\u00edts\u00e9g\u00e9t k\u00e9rte telefonon kereszt\u00fcl. Ezt l\u00e1tva a n\u0151 megragadta a s\u00e9rtett bal kez\u00e9t, hogy abban tartott telefonj\u00e1t elvegye t\u0151le, de ez nem siker\u00fclt neki, mert a s\u00e9rtett eltolta mag\u00e1t\u00f3l a m\u00e1sik kez\u00e9vel. A n\u0151t az \u00e9lett\u00e1rsa h\u00fazta el a s\u00e9rtett k\u00f6zel\u00e9b\u0151l. V\u00e9g\u00fcl az elk\u00f6vet\u0151t a k\u00e9t jegyvizsg\u00e1l\u00f3 Le\u00e1nyv\u00e1r \u00e1llom\u00e1son sz\u00e1ll\u00edtotta le a vonatr\u00f3l.<\/p>\n<p>A k\u00f6zfeladatot ell\u00e1t\u00f3 szem\u00e9ly elleni er\u0151szak b\u0171ntette miatt indult \u00fcgyben az Esztergomi J\u00e1r\u00e1si \u00dcgy\u00e9szs\u00e9g a v\u00e1diratban arra tett ind\u00edtv\u00e1nyt, hogy az Esztergomi J\u00e1r\u00e1sb\u00edr\u00f3s\u00e1g az elk\u00f6vet\u0151vel szemben v\u00e9grehajt\u00e1s\u00e1ban felf\u00fcggesztett b\u00f6rt\u00f6nb\u00fcntet\u00e9st szabjon ki, a pr\u00f3baid\u0151 tartam\u00e1ra rendelje el a p\u00e1rtfog\u00f3 fel\u00fcgyelet\u00e9t.<\/p>\n<p><em>Forr\u00e1s: Kom\u00e1rom-Esztergom V\u00e1rmegyei F\u0151\u00fcgy\u00e9szs\u00e9g<br \/>\nBor\u00edt\u00f3k\u00e9p: illusztr\u00e1ci\u00f3 (M\u00c1V Zrt.)<br \/>\n<\/em><\/p>\n","protected":false},"excerpt":{"rendered":"<p>Felf\u00fcggesztett b\u00f6rt\u00f6nb\u00fcntet\u00e9st szabhatnak ki azzal a n\u0151vel szemben, aki ver\u00e9ssel fenyegette a jegyellen\u0151rt, mivel a jegyellen\u0151r a maszkvisel\u00e9s szab\u00e1lyainak megszeg\u00e9se miatt le akarta sz\u00e1ll\u00edtani a vonatr\u00f3l az Esztergom-Budapest vas\u00fatvonalon. A v\u00e1dirat szerint a n\u0151 2021. j\u00fanius 15-\u00e9n Esztergomb\u00f3l Budapestre utazott vonaton. A jegyvizsg\u00e1l\u00f3 k\u00e9rte a n\u0151 jegy\u00e9t, aki azt \u00fagy adta \u00e1t, hogy k\u00f6zben tr\u00e1g\u00e1rul<\/p>\n","protected":false},"author":1,"featured_media":31307,"comment_status":"closed","ping_status":"closed","sticky":false,"template":"","format":"standard","meta":{"ngg_post_thumbnail":0,"footnotes":""},"categories":[2,38,3,39,9],"tags":[1042,1404,55,61,326],"class_list":{"0":"post-50551","1":"post","2":"type-post","3":"status-publish","4":"format-standard","5":"has-post-thumbnail","7":"category-dorog","8":"category-esztergom","9":"category-hirek","10":"category-kek-hirek","11":"category-leanyvar","12":"tag-birosag","13":"tag-fenyegetes","14":"tag-leanyvar","15":"tag-rendorsegi-hirek","16":"tag-ugyeszseg"},"yoast_head":"<!-- This site is optimized with the Yoast SEO plugin v27.5 - https:\/\/yoast.com\/product\/yoast-seo-wordpress\/ -->\n<title>Ver\u00e9ssel fenyegette a jegyellen\u0151rt, Le\u00e1nyv\u00e1ron lesz\u00e1ll\u00edtott\u00e1k<\/title>\n<meta name=\"robots\" content=\"index, follow, max-snippet:-1, max-image-preview:large, max-video-preview:-1\" \/>\n<link rel=\"canonical\" href=\"https:\/\/dorogimedence.hu\/index.php\/2023\/02\/22\/veressel-fenyegette-a-jegyellenort-leanyvaron-leszallitottak\/\" class=\"yoast-seo-meta-tag\" \/>\n<meta property=\"og:locale\" content=\"hu_HU\" class=\"yoast-seo-meta-tag\" \/>\n<meta property=\"og:type\" content=\"article\" class=\"yoast-seo-meta-tag\" \/>\n<meta property=\"og:title\" content=\"Ver\u00e9ssel fenyegette a jegyellen\u0151rt, Le\u00e1nyv\u00e1ron lesz\u00e1ll\u00edtott\u00e1k\" class=\"yoast-seo-meta-tag\" \/>\n<meta property=\"og:description\" content=\"Felf\u00fcggesztett b\u00f6rt\u00f6nb\u00fcntet\u00e9st szabhatnak ki azzal a n\u0151vel szemben, aki ver\u00e9ssel fenyegette a jegyellen\u0151rt, mivel a jegyellen\u0151r a maszkvisel\u00e9s szab\u00e1lyainak megszeg\u00e9se miatt le akarta sz\u00e1ll\u00edtani a vonatr\u00f3l az Esztergom-Budapest vas\u00fatvonalon. A v\u00e1dirat szerint a n\u0151 2021. j\u00fanius 15-\u00e9n Esztergomb\u00f3l Budapestre utazott vonaton. A jegyvizsg\u00e1l\u00f3 k\u00e9rte a n\u0151 jegy\u00e9t, aki azt \u00fagy adta \u00e1t, hogy k\u00f6zben tr\u00e1g\u00e1rul\" class=\"yoast-seo-meta-tag\" \/>\n<meta property=\"og:url\" content=\"https:\/\/dorogimedence.hu\/index.php\/2023\/02\/22\/veressel-fenyegette-a-jegyellenort-leanyvaron-leszallitottak\/\" class=\"yoast-seo-meta-tag\" \/>\n<meta property=\"og:site_name\" content=\"Dorogi-medence Region\u00e1lis H\u00edrport\u00e1l\" class=\"yoast-seo-meta-tag\" \/>\n<meta property=\"article:publisher\" content=\"https:\/\/www.facebook.com\/dorogimedence\/\" class=\"yoast-seo-meta-tag\" \/>\n<meta property=\"article:published_time\" content=\"2023-02-22T09:08:18+00:00\" class=\"yoast-seo-meta-tag\" \/>\n<meta property=\"article:modified_time\" content=\"2023-02-22T09:10:54+00:00\" class=\"yoast-seo-meta-tag\" \/>\n<meta property=\"og:image\" content=\"https:\/\/dorogimedence.hu\/wp-content\/uploads\/2021\/03\/mav-ellenorzes.jpg\" class=\"yoast-seo-meta-tag\" \/>\n\t<meta property=\"og:image:width\" content=\"830\" class=\"yoast-seo-meta-tag\" \/>\n\t<meta property=\"og:image:height\" content=\"450\" class=\"yoast-seo-meta-tag\" \/>\n\t<meta property=\"og:image:type\" content=\"image\/jpeg\" class=\"yoast-seo-meta-tag\" \/>\n<meta name=\"author\" content=\"dorogimedence.hu\" class=\"yoast-seo-meta-tag\" \/>\n<meta name=\"twitter:card\" content=\"summary_large_image\" class=\"yoast-seo-meta-tag\" \/>\n<meta name=\"twitter:label1\" content=\"Szerz\u0151:\" class=\"yoast-seo-meta-tag\" \/>\n\t<meta name=\"twitter:data1\" content=\"dorogimedence.hu\" class=\"yoast-seo-meta-tag\" \/>\n\t<meta name=\"twitter:label2\" content=\"Becs\u00fclt olvas\u00e1si id\u0151\" class=\"yoast-seo-meta-tag\" \/>\n\t<meta name=\"twitter:data2\" content=\"2 perc\" class=\"yoast-seo-meta-tag\" \/>\n<script type=\"application\/ld+json\" class=\"yoast-schema-graph\">{\"@context\":\"https:\\\/\\\/schema.org\",\"@graph\":[{\"@type\":\"Article\",\"@id\":\"https:\\\/\\\/dorogimedence.hu\\\/index.php\\\/2023\\\/02\\\/22\\\/veressel-fenyegette-a-jegyellenort-leanyvaron-leszallitottak\\\/#article\",\"isPartOf\":{\"@id\":\"https:\\\/\\\/dorogimedence.hu\\\/index.php\\\/2023\\\/02\\\/22\\\/veressel-fenyegette-a-jegyellenort-leanyvaron-leszallitottak\\\/\"},\"author\":{\"name\":\"dorogimedence.hu\",\"@id\":\"https:\\\/\\\/dorogimedence.hu\\\/#\\\/schema\\\/person\\\/ce6091eeb7e95ecdc87890d6aa8e0fd4\"},\"headline\":\"Ver\u00e9ssel fenyegette a jegyellen\u0151rt, Le\u00e1nyv\u00e1ron lesz\u00e1ll\u00edtott\u00e1k\",\"datePublished\":\"2023-02-22T09:08:18+00:00\",\"dateModified\":\"2023-02-22T09:10:54+00:00\",\"mainEntityOfPage\":{\"@id\":\"https:\\\/\\\/dorogimedence.hu\\\/index.php\\\/2023\\\/02\\\/22\\\/veressel-fenyegette-a-jegyellenort-leanyvaron-leszallitottak\\\/\"},\"wordCount\":492,\"publisher\":{\"@id\":\"https:\\\/\\\/dorogimedence.hu\\\/#organization\"},\"image\":{\"@id\":\"https:\\\/\\\/dorogimedence.hu\\\/index.php\\\/2023\\\/02\\\/22\\\/veressel-fenyegette-a-jegyellenort-leanyvaron-leszallitottak\\\/#primaryimage\"},\"thumbnailUrl\":\"https:\\\/\\\/dorogimedence.hu\\\/wp-content\\\/uploads\\\/2021\\\/03\\\/mav-ellenorzes.jpg\",\"keywords\":[\"b\u00edr\u00f3s\u00e1g\",\"fenyeget\u00e9s\",\"le\u00e1nyv\u00e1r\",\"rend\u0151rs\u00e9gi h\u00edrek\",\"\u00fcgy\u00e9szs\u00e9g\"],\"articleSection\":[\"Dorog\",\"Esztergom\",\"H\u00edrek\",\"K\u00e9k h\u00edrek\",\"Le\u00e1nyv\u00e1r\"],\"inLanguage\":\"hu\"},{\"@type\":\"WebPage\",\"@id\":\"https:\\\/\\\/dorogimedence.hu\\\/index.php\\\/2023\\\/02\\\/22\\\/veressel-fenyegette-a-jegyellenort-leanyvaron-leszallitottak\\\/\",\"url\":\"https:\\\/\\\/dorogimedence.hu\\\/index.php\\\/2023\\\/02\\\/22\\\/veressel-fenyegette-a-jegyellenort-leanyvaron-leszallitottak\\\/\",\"name\":\"Ver\u00e9ssel fenyegette a jegyellen\u0151rt, Le\u00e1nyv\u00e1ron lesz\u00e1ll\u00edtott\u00e1k\",\"isPartOf\":{\"@id\":\"https:\\\/\\\/dorogimedence.hu\\\/#website\"},\"primaryImageOfPage\":{\"@id\":\"https:\\\/\\\/dorogimedence.hu\\\/index.php\\\/2023\\\/02\\\/22\\\/veressel-fenyegette-a-jegyellenort-leanyvaron-leszallitottak\\\/#primaryimage\"},\"image\":{\"@id\":\"https:\\\/\\\/dorogimedence.hu\\\/index.php\\\/2023\\\/02\\\/22\\\/veressel-fenyegette-a-jegyellenort-leanyvaron-leszallitottak\\\/#primaryimage\"},\"thumbnailUrl\":\"https:\\\/\\\/dorogimedence.hu\\\/wp-content\\\/uploads\\\/2021\\\/03\\\/mav-ellenorzes.jpg\",\"datePublished\":\"2023-02-22T09:08:18+00:00\",\"dateModified\":\"2023-02-22T09:10:54+00:00\",\"breadcrumb\":{\"@id\":\"https:\\\/\\\/dorogimedence.hu\\\/index.php\\\/2023\\\/02\\\/22\\\/veressel-fenyegette-a-jegyellenort-leanyvaron-leszallitottak\\\/#breadcrumb\"},\"inLanguage\":\"hu\",\"potentialAction\":[{\"@type\":\"ReadAction\",\"target\":[\"https:\\\/\\\/dorogimedence.hu\\\/index.php\\\/2023\\\/02\\\/22\\\/veressel-fenyegette-a-jegyellenort-leanyvaron-leszallitottak\\\/\"]}]},{\"@type\":\"ImageObject\",\"inLanguage\":\"hu\",\"@id\":\"https:\\\/\\\/dorogimedence.hu\\\/index.php\\\/2023\\\/02\\\/22\\\/veressel-fenyegette-a-jegyellenort-leanyvaron-leszallitottak\\\/#primaryimage\",\"url\":\"https:\\\/\\\/dorogimedence.hu\\\/wp-content\\\/uploads\\\/2021\\\/03\\\/mav-ellenorzes.jpg\",\"contentUrl\":\"https:\\\/\\\/dorogimedence.hu\\\/wp-content\\\/uploads\\\/2021\\\/03\\\/mav-ellenorzes.jpg\",\"width\":830,\"height\":450},{\"@type\":\"BreadcrumbList\",\"@id\":\"https:\\\/\\\/dorogimedence.hu\\\/index.php\\\/2023\\\/02\\\/22\\\/veressel-fenyegette-a-jegyellenort-leanyvaron-leszallitottak\\\/#breadcrumb\",\"itemListElement\":[{\"@type\":\"ListItem\",\"position\":1,\"name\":\"Kezd\u0151lap\",\"item\":\"https:\\\/\\\/dorogimedence.hu\\\/\"},{\"@type\":\"ListItem\",\"position\":2,\"name\":\"Ver\u00e9ssel fenyegette a jegyellen\u0151rt, Le\u00e1nyv\u00e1ron lesz\u00e1ll\u00edtott\u00e1k\"}]},{\"@type\":\"WebSite\",\"@id\":\"https:\\\/\\\/dorogimedence.hu\\\/#website\",\"url\":\"https:\\\/\\\/dorogimedence.hu\\\/\",\"name\":\"Dorogi-medence Region\u00e1lis H\u00edrport\u00e1l\",\"description\":\"Dorog, Keszt\u00f6lc, Le\u00e1nyv\u00e1r, Piliscs\u00e9v, Tokod, Tokodalt\u00e1r\u00f3, Csolnok, Esztergom-kertv\u00e1ros: h\u00edrek, programok\",\"publisher\":{\"@id\":\"https:\\\/\\\/dorogimedence.hu\\\/#organization\"},\"potentialAction\":[{\"@type\":\"SearchAction\",\"target\":{\"@type\":\"EntryPoint\",\"urlTemplate\":\"https:\\\/\\\/dorogimedence.hu\\\/?s={search_term_string}\"},\"query-input\":{\"@type\":\"PropertyValueSpecification\",\"valueRequired\":true,\"valueName\":\"search_term_string\"}}],\"inLanguage\":\"hu\"},{\"@type\":\"Organization\",\"@id\":\"https:\\\/\\\/dorogimedence.hu\\\/#organization\",\"name\":\"Dorogi-medence Region\u00e1lis H\u00edrport\u00e1l\",\"url\":\"https:\\\/\\\/dorogimedence.hu\\\/\",\"logo\":{\"@type\":\"ImageObject\",\"inLanguage\":\"hu\",\"@id\":\"https:\\\/\\\/dorogimedence.hu\\\/#\\\/schema\\\/logo\\\/image\\\/\",\"url\":\"https:\\\/\\\/dorogimedence.hu\\\/wp-content\\\/uploads\\\/2021\\\/04\\\/logo-feher-600.png\",\"contentUrl\":\"https:\\\/\\\/dorogimedence.hu\\\/wp-content\\\/uploads\\\/2021\\\/04\\\/logo-feher-600.png\",\"width\":600,\"height\":100,\"caption\":\"Dorogi-medence Region\u00e1lis H\u00edrport\u00e1l\"},\"image\":{\"@id\":\"https:\\\/\\\/dorogimedence.hu\\\/#\\\/schema\\\/logo\\\/image\\\/\"},\"sameAs\":[\"https:\\\/\\\/www.facebook.com\\\/dorogimedence\\\/\"]},{\"@type\":\"Person\",\"@id\":\"https:\\\/\\\/dorogimedence.hu\\\/#\\\/schema\\\/person\\\/ce6091eeb7e95ecdc87890d6aa8e0fd4\",\"name\":\"dorogimedence.hu\",\"image\":{\"@type\":\"ImageObject\",\"inLanguage\":\"hu\",\"@id\":\"\\\/\\\/www.gravatar.com\\\/avatar\\\/d8d45f8901aadff40a4af72c0b826f1d?s=96&#038;r=g&#038;d=mm\",\"url\":\"\\\/\\\/www.gravatar.com\\\/avatar\\\/d8d45f8901aadff40a4af72c0b826f1d?s=96&#038;r=g&#038;d=mm\",\"contentUrl\":\"\\\/\\\/www.gravatar.com\\\/avatar\\\/d8d45f8901aadff40a4af72c0b826f1d?s=96&#038;r=g&#038;d=mm\",\"caption\":\"dorogimedence.hu\"}}]}<\/script>\n<!-- \/ Yoast SEO plugin. -->","yoast_head_json":{"title":"Ver\u00e9ssel fenyegette a jegyellen\u0151rt, Le\u00e1nyv\u00e1ron lesz\u00e1ll\u00edtott\u00e1k","robots":{"index":"index","follow":"follow","max-snippet":"max-snippet:-1","max-image-preview":"max-image-preview:large","max-video-preview":"max-video-preview:-1"},"canonical":"https:\/\/dorogimedence.hu\/index.php\/2023\/02\/22\/veressel-fenyegette-a-jegyellenort-leanyvaron-leszallitottak\/","og_locale":"hu_HU","og_type":"article","og_title":"Ver\u00e9ssel fenyegette a jegyellen\u0151rt, Le\u00e1nyv\u00e1ron lesz\u00e1ll\u00edtott\u00e1k","og_description":"Felf\u00fcggesztett b\u00f6rt\u00f6nb\u00fcntet\u00e9st szabhatnak ki azzal a n\u0151vel szemben, aki ver\u00e9ssel fenyegette a jegyellen\u0151rt, mivel a jegyellen\u0151r a maszkvisel\u00e9s szab\u00e1lyainak megszeg\u00e9se miatt le akarta sz\u00e1ll\u00edtani a vonatr\u00f3l az Esztergom-Budapest vas\u00fatvonalon. A v\u00e1dirat szerint a n\u0151 2021. j\u00fanius 15-\u00e9n Esztergomb\u00f3l Budapestre utazott vonaton. A jegyvizsg\u00e1l\u00f3 k\u00e9rte a n\u0151 jegy\u00e9t, aki azt \u00fagy adta \u00e1t, hogy k\u00f6zben tr\u00e1g\u00e1rul","og_url":"https:\/\/dorogimedence.hu\/index.php\/2023\/02\/22\/veressel-fenyegette-a-jegyellenort-leanyvaron-leszallitottak\/","og_site_name":"Dorogi-medence Region\u00e1lis H\u00edrport\u00e1l","article_publisher":"https:\/\/www.facebook.com\/dorogimedence\/","article_published_time":"2023-02-22T09:08:18+00:00","article_modified_time":"2023-02-22T09:10:54+00:00","og_image":[{"width":830,"height":450,"url":"https:\/\/dorogimedence.hu\/wp-content\/uploads\/2021\/03\/mav-ellenorzes.jpg","type":"image\/jpeg"}],"author":"dorogimedence.hu","twitter_card":"summary_large_image","twitter_misc":{"Szerz\u0151:":"dorogimedence.hu","Becs\u00fclt olvas\u00e1si id\u0151":"2 perc"},"schema":{"@context":"https:\/\/schema.org","@graph":[{"@type":"Article","@id":"https:\/\/dorogimedence.hu\/index.php\/2023\/02\/22\/veressel-fenyegette-a-jegyellenort-leanyvaron-leszallitottak\/#article","isPartOf":{"@id":"https:\/\/dorogimedence.hu\/index.php\/2023\/02\/22\/veressel-fenyegette-a-jegyellenort-leanyvaron-leszallitottak\/"},"author":{"name":"dorogimedence.hu","@id":"https:\/\/dorogimedence.hu\/#\/schema\/person\/ce6091eeb7e95ecdc87890d6aa8e0fd4"},"headline":"Ver\u00e9ssel fenyegette a jegyellen\u0151rt, Le\u00e1nyv\u00e1ron lesz\u00e1ll\u00edtott\u00e1k","datePublished":"2023-02-22T09:08:18+00:00","dateModified":"2023-02-22T09:10:54+00:00","mainEntityOfPage":{"@id":"https:\/\/dorogimedence.hu\/index.php\/2023\/02\/22\/veressel-fenyegette-a-jegyellenort-leanyvaron-leszallitottak\/"},"wordCount":492,"publisher":{"@id":"https:\/\/dorogimedence.hu\/#organization"},"image":{"@id":"https:\/\/dorogimedence.hu\/index.php\/2023\/02\/22\/veressel-fenyegette-a-jegyellenort-leanyvaron-leszallitottak\/#primaryimage"},"thumbnailUrl":"https:\/\/dorogimedence.hu\/wp-content\/uploads\/2021\/03\/mav-ellenorzes.jpg","keywords":["b\u00edr\u00f3s\u00e1g","fenyeget\u00e9s","le\u00e1nyv\u00e1r","rend\u0151rs\u00e9gi h\u00edrek","\u00fcgy\u00e9szs\u00e9g"],"articleSection":["Dorog","Esztergom","H\u00edrek","K\u00e9k h\u00edrek","Le\u00e1nyv\u00e1r"],"inLanguage":"hu"},{"@type":"WebPage","@id":"https:\/\/dorogimedence.hu\/index.php\/2023\/02\/22\/veressel-fenyegette-a-jegyellenort-leanyvaron-leszallitottak\/","url":"https:\/\/dorogimedence.hu\/index.php\/2023\/02\/22\/veressel-fenyegette-a-jegyellenort-leanyvaron-leszallitottak\/","name":"Ver\u00e9ssel fenyegette a jegyellen\u0151rt, Le\u00e1nyv\u00e1ron lesz\u00e1ll\u00edtott\u00e1k","isPartOf":{"@id":"https:\/\/dorogimedence.hu\/#website"},"primaryImageOfPage":{"@id":"https:\/\/dorogimedence.hu\/index.php\/2023\/02\/22\/veressel-fenyegette-a-jegyellenort-leanyvaron-leszallitottak\/#primaryimage"},"image":{"@id":"https:\/\/dorogimedence.hu\/index.php\/2023\/02\/22\/veressel-fenyegette-a-jegyellenort-leanyvaron-leszallitottak\/#primaryimage"},"thumbnailUrl":"https:\/\/dorogimedence.hu\/wp-content\/uploads\/2021\/03\/mav-ellenorzes.jpg","datePublished":"2023-02-22T09:08:18+00:00","dateModified":"2023-02-22T09:10:54+00:00","breadcrumb":{"@id":"https:\/\/dorogimedence.hu\/index.php\/2023\/02\/22\/veressel-fenyegette-a-jegyellenort-leanyvaron-leszallitottak\/#breadcrumb"},"inLanguage":"hu","potentialAction":[{"@type":"ReadAction","target":["https:\/\/dorogimedence.hu\/index.php\/2023\/02\/22\/veressel-fenyegette-a-jegyellenort-leanyvaron-leszallitottak\/"]}]},{"@type":"ImageObject","inLanguage":"hu","@id":"https:\/\/dorogimedence.hu\/index.php\/2023\/02\/22\/veressel-fenyegette-a-jegyellenort-leanyvaron-leszallitottak\/#primaryimage","url":"https:\/\/dorogimedence.hu\/wp-content\/uploads\/2021\/03\/mav-ellenorzes.jpg","contentUrl":"https:\/\/dorogimedence.hu\/wp-content\/uploads\/2021\/03\/mav-ellenorzes.jpg","width":830,"height":450},{"@type":"BreadcrumbList","@id":"https:\/\/dorogimedence.hu\/index.php\/2023\/02\/22\/veressel-fenyegette-a-jegyellenort-leanyvaron-leszallitottak\/#breadcrumb","itemListElement":[{"@type":"ListItem","position":1,"name":"Kezd\u0151lap","item":"https:\/\/dorogimedence.hu\/"},{"@type":"ListItem","position":2,"name":"Ver\u00e9ssel fenyegette a jegyellen\u0151rt, Le\u00e1nyv\u00e1ron lesz\u00e1ll\u00edtott\u00e1k"}]},{"@type":"WebSite","@id":"https:\/\/dorogimedence.hu\/#website","url":"https:\/\/dorogimedence.hu\/","name":"Dorogi-medence Region\u00e1lis H\u00edrport\u00e1l","description":"Dorog, Keszt\u00f6lc, Le\u00e1nyv\u00e1r, Piliscs\u00e9v, Tokod, Tokodalt\u00e1r\u00f3, Csolnok, Esztergom-kertv\u00e1ros: h\u00edrek, programok","publisher":{"@id":"https:\/\/dorogimedence.hu\/#organization"},"potentialAction":[{"@type":"SearchAction","target":{"@type":"EntryPoint","urlTemplate":"https:\/\/dorogimedence.hu\/?s={search_term_string}"},"query-input":{"@type":"PropertyValueSpecification","valueRequired":true,"valueName":"search_term_string"}}],"inLanguage":"hu"},{"@type":"Organization","@id":"https:\/\/dorogimedence.hu\/#organization","name":"Dorogi-medence Region\u00e1lis H\u00edrport\u00e1l","url":"https:\/\/dorogimedence.hu\/","logo":{"@type":"ImageObject","inLanguage":"hu","@id":"https:\/\/dorogimedence.hu\/#\/schema\/logo\/image\/","url":"https:\/\/dorogimedence.hu\/wp-content\/uploads\/2021\/04\/logo-feher-600.png","contentUrl":"https:\/\/dorogimedence.hu\/wp-content\/uploads\/2021\/04\/logo-feher-600.png","width":600,"height":100,"caption":"Dorogi-medence Region\u00e1lis H\u00edrport\u00e1l"},"image":{"@id":"https:\/\/dorogimedence.hu\/#\/schema\/logo\/image\/"},"sameAs":["https:\/\/www.facebook.com\/dorogimedence\/"]},{"@type":"Person","@id":"https:\/\/dorogimedence.hu\/#\/schema\/person\/ce6091eeb7e95ecdc87890d6aa8e0fd4","name":"dorogimedence.hu","image":{"@type":"ImageObject","inLanguage":"hu","@id":"\/\/www.gravatar.com\/avatar\/d8d45f8901aadff40a4af72c0b826f1d?s=96&#038;r=g&#038;d=mm","url":"\/\/www.gravatar.com\/avatar\/d8d45f8901aadff40a4af72c0b826f1d?s=96&#038;r=g&#038;d=mm","contentUrl":"\/\/www.gravatar.com\/avatar\/d8d45f8901aadff40a4af72c0b826f1d?s=96&#038;r=g&#038;d=mm","caption":"dorogimedence.hu"}}]}},"_links":{"self":[{"href":"https:\/\/dorogimedence.hu\/index.php\/wp-json\/wp\/v2\/posts\/50551","targetHints":{"allow":["GET"]}}],"collection":[{"href":"https:\/\/dorogimedence.hu\/index.php\/wp-json\/wp\/v2\/posts"}],"about":[{"href":"https:\/\/dorogimedence.hu\/index.php\/wp-json\/wp\/v2\/types\/post"}],"author":[{"embeddable":true,"href":"https:\/\/dorogimedence.hu\/index.php\/wp-json\/wp\/v2\/users\/1"}],"replies":[{"embeddable":true,"href":"https:\/\/dorogimedence.hu\/index.php\/wp-json\/wp\/v2\/comments?post=50551"}],"version-history":[{"count":0,"href":"https:\/\/dorogimedence.hu\/index.php\/wp-json\/wp\/v2\/posts\/50551\/revisions"}],"wp:featuredmedia":[{"embeddable":true,"href":"https:\/\/dorogimedence.hu\/index.php\/wp-json\/wp\/v2\/media\/31307"}],"wp:attachment":[{"href":"https:\/\/dorogimedence.hu\/index.php\/wp-json\/wp\/v2\/media?parent=50551"}],"wp:term":[{"taxonomy":"category","embeddable":true,"href":"https:\/\/dorogimedence.hu\/index.php\/wp-json\/wp\/v2\/categories?post=50551"},{"taxonomy":"post_tag","embeddable":true,"href":"https:\/\/dorogimedence.hu\/index.php\/wp-json\/wp\/v2\/tags?post=50551"}],"curies":[{"name":"wp","href":"https:\/\/api.w.org\/{rel}","templated":true}]}}