{"id":50520,"date":"2023-02-21T11:18:09","date_gmt":"2023-02-21T10:18:09","guid":{"rendered":"https:\/\/dorogimedence.hu\/?p=50520"},"modified":"2023-02-21T11:21:39","modified_gmt":"2023-02-21T10:21:39","slug":"bemutattak-az-esztergomi-kodexkatalogus-magyar-es-nemet-nyelvu-koteteit","status":"publish","type":"post","link":"https:\/\/dorogimedence.hu\/index.php\/2023\/02\/21\/bemutattak-az-esztergomi-kodexkatalogus-magyar-es-nemet-nyelvu-koteteit\/","title":{"rendered":"Bemutatt\u00e1k az Esztergomi k\u00f3dexkatal\u00f3gus magyar \u00e9s n\u00e9met nyelv\u0171 k\u00f6teteit"},"content":{"rendered":"<p><strong>\u00c9vtizedes kutat\u00f3munka eredm\u00e9nyek\u00e9nt k\u00e9sz\u00fclt el az ELKH-OSZK Fragmenta et Codices Kutat\u00f3csoport Az Esztergomi F\u0151sz\u00e9kesegyh\u00e1zi K\u00f6nyvt\u00e1r, az \u00c9rseki Simor K\u00f6nyvt\u00e1r \u00e9s a V\u00e1rosi K\u00f6nyvt\u00e1r k\u00f3dexei c\u00edm\u0171 k\u00f3dexkatal\u00f3gusa, melynek magyar \u00e9s n\u00e9met nyelv\u0171 v\u00e1ltozat\u00e1t febru\u00e1r 20-\u00e1n, h\u00e9tf\u0151n mutatt\u00e1k be az Orsz\u00e1gos Sz\u00e9ch\u00e9nyi K\u00f6nyvt\u00e1rban (OSZK).<\/strong><\/p>\n<p>A kutat\u00f3csoportnak otthont ad\u00f3 OSZK a kultur\u00e1lis \u00e1gazatban egyre er\u0151s\u00f6d\u0151 innov\u00e1ci\u00f3s folyamat egyik legfontosabb let\u00e9tem\u00e9nyese, melynek \u00e9rt\u00e9kment\u0151 \u00e9s \u00e9rt\u00e9kteremt\u0151 munk\u00e1j\u00e1hoz a korm\u00e1nyzat biztos\u00edtja a megfelel\u0151 felt\u00e9teleket &#8211; mondta el a k\u00f6tetbemutat\u00f3n a Kultur\u00e1lis \u00e9s Innov\u00e1ci\u00f3s Miniszt\u00e9rium kult\u00far\u00e1\u00e9rt felel\u0151s \u00e1llamtitk\u00e1ra.<\/p>\n<p>Z\u00e1vogy\u00e1n Magdolna kiemelte: K\u00f6rmendi Kinga, Lauf Judit, Madas Edit \u00e9s Sarbak G\u00e1bor imm\u00e1r n\u00e9met\u00fcl is megjelent k\u00f3dexkatal\u00f3gusa j\u00f3 p\u00e9ld\u00e1ja annak, mik\u00e9nt lehet a nemzeti kincseket el\u00e9rhet\u0151v\u00e9 tenni a jelen \u00e9s a j\u00f6v\u0151 kutat\u00f3i sz\u00e1m\u00e1ra. K\u00f6tet\u00fckre nem lehet puszt\u00e1n tudom\u00e1nyos katal\u00f3gusk\u00e9nt tekinteni: \u00f3ri\u00e1si \u00e9rt\u00e9ke az a felemel\u0151 gondoss\u00e1g, megbecs\u00fcl\u00e9s \u00e9s b\u00fcszkes\u00e9g, amellyel az E\u00f6tv\u00f6s Lor\u00e1nd Kutat\u00e1si H\u00e1l\u00f3zat (ELKH) \u00e9s az OSZK k\u00f6z\u00f6s kutat\u00f3csoportj\u00e1nak tagjai a katal\u00f3gus alapj\u00e1t jelent\u0151 kincsekhez ny\u00faltak &#8211; hangs\u00falyozta Z\u00e1vogy\u00e1n Magdolna.<\/p>\n<p>R\u00f3zsa D\u00e1vid, az Orsz\u00e1gos Sz\u00e9ch\u00e9nyi K\u00f6nyvt\u00e1r f\u0151igazgat\u00f3ja eml\u00e9keztetett arra, hogy az OSZK 2000 \u00f3ta otthona a kutat\u00f3csoportnak, amely munk\u00e1j\u00e1val sokat tesz a k\u00f6z\u00e9pkori magyar \u00edr\u00e1sbelis\u00e9g \u00e9s k\u00f6nyvkult\u00fara l\u00e1that\u00f3s\u00e1g\u00e1\u00e9rt.<br \/>\nMost megjelent k\u00f6teteik sokak sz\u00e1m\u00e1ra h\u00edvj\u00e1k fel a figyelmet a h\u00e1rom esztergomi k\u00f6nyvt\u00e1r eddig sokak sz\u00e1m\u00e1ra l\u00e1thatatlan kincseire, elhelyezve azokat a magyar \u00e9s a nemzetk\u00f6zi tudom\u00e1nyoss\u00e1g horizontj\u00e1n &#8211; jegyezte meg.<\/p>\n<p><img fetchpriority=\"high\" decoding=\"async\" class=\"alignnone size-large wp-image-50523\" src=\"https:\/\/dorogimedence.hu\/wp-content\/uploads\/2023\/02\/esztergom-kodex-03-1024x683.jpg\" alt=\"\" width=\"755\" height=\"504\"><\/p>\n<p>Erd\u0151 P\u00e9ter b\u00edboros, esztergom-budapesti \u00e9rsek eml\u00e9keztetett arra, hogy a k\u00f3dexkatal\u00f3gus megjelen\u00e9se m\u00f6g\u00f6tt hossz\u00fa kutat\u00e1s van: mintegy tizen\u00f6t \u00e9v munk\u00e1j\u00e1val \u00e1llt el\u0151 ez a kiv\u00e1l\u00f3an pontos \u00e9s r\u00e9szletes, szakszer\u0171 \u00e9s gazdag k\u00f3dexkatal\u00f3gus. Mint hozz\u00e1tette, a Fragmenta et Codices Kutat\u00f3csoport tagjain\u00e1l jobban ezt a feladatot senki sem oldhatta volna meg, munk\u00e1juk vil\u00e1gsz\u00ednvonalat k\u00e9pvisel.<\/p>\n<p>Szov\u00e1k Korn\u00e9l, az ELKH B\u00f6lcs\u00e9szettudom\u00e1nyi Kutat\u00f3k\u00f6zpont Moravcsik Gyula Int\u00e9zet\u00e9nek igazgat\u00f3ja elmondta: a katal\u00f3gus \u00fagy tud olvasm\u00e1nyos lenni, hogy k\u00f6zben egy fikarcnyit sem enged a tudom\u00e1nyoss\u00e1g n\u00edv\u00f3j\u00e1b\u00f3l, s\u0151t egy \u00faj tudom\u00e1nyos szaknyelv kidolgoz\u00e1s\u00e1t is c\u00e9lul t\u0171zi ki. Az Esztergomi F\u0151sz\u00e9kesegyh\u00e1zi K\u00f6nyvt\u00e1r, az Akad\u00e9miai K\u00f6nyvt\u00e1r \u00e9s az Orsz\u00e1gos Sz\u00e9ch\u00e9nyi K\u00f6nyvt\u00e1r \u00e1ltal kiadott k\u00f6tet a mai Esztergom nagy k\u00f6nyvgy\u0171jtem\u00e9nyeiben \u0151rz\u00f6tt jelent\u0151s k\u00f3dexeket veszi sz\u00e1mba, n\u00e9ha szinte kriminalisztikai m\u00f3dszerekkel felder\u00edtve egyes k\u00e9ziratok t\u00f6rt\u00e9net\u00e9t &#8211; tette hozz\u00e1.<\/p>\n<p>Madas Edit akad\u00e9mikus a kutat\u00f3csoport nev\u00e9ben k\u00f6sz\u00f6netet mondott az OSZK \u00e9s az ELKH t\u00e1mogat\u00e1s\u00e1\u00e9rt, Vizkelety Andr\u00e1s ford\u00edt\u00f3 munk\u00e1j\u00e1t m\u00e9ltatva pedig kiemelte: a k\u00f6tet n\u00e9met verzi\u00f3ja nem egyszer\u0171 ford\u00edt\u00e1sa a magyarnak, hanem azon messze t\u00falmutat\u00f3 adapt\u00e1l\u00e1sa.<\/p>\n<p><img decoding=\"async\" class=\"alignnone size-large wp-image-50524\" src=\"https:\/\/dorogimedence.hu\/wp-content\/uploads\/2023\/02\/esztergom-kodex-02-1024x709.jpg\" alt=\"\" width=\"755\" height=\"523\"><\/p>\n<p><em>Forr\u00e1s: MTI<\/em><br \/>\n<em>Fot\u00f3k: <span id=\"ctl05_lbLead4\">MTI\/Kov\u00e1cs Tam\u00e1s<\/span><\/em><\/p>\n","protected":false},"excerpt":{"rendered":"<p>\u00c9vtizedes kutat\u00f3munka eredm\u00e9nyek\u00e9nt k\u00e9sz\u00fclt el az ELKH-OSZK Fragmenta et Codices Kutat\u00f3csoport Az Esztergomi F\u0151sz\u00e9kesegyh\u00e1zi K\u00f6nyvt\u00e1r, az \u00c9rseki Simor K\u00f6nyvt\u00e1r \u00e9s a V\u00e1rosi K\u00f6nyvt\u00e1r k\u00f3dexei c\u00edm\u0171 k\u00f3dexkatal\u00f3gusa, melynek magyar \u00e9s n\u00e9met nyelv\u0171 v\u00e1ltozat\u00e1t febru\u00e1r 20-\u00e1n, h\u00e9tf\u0151n mutatt\u00e1k be az Orsz\u00e1gos Sz\u00e9ch\u00e9nyi K\u00f6nyvt\u00e1rban (OSZK). A kutat\u00f3csoportnak otthont ad\u00f3 OSZK a kultur\u00e1lis \u00e1gazatban egyre er\u0151s\u00f6d\u0151 innov\u00e1ci\u00f3s folyamat egyik<\/p>\n","protected":false},"author":1,"featured_media":0,"comment_status":"closed","ping_status":"closed","sticky":false,"template":"","format":"standard","meta":{"ngg_post_thumbnail":0,"footnotes":""},"categories":[38,3],"tags":[42,6998,5310],"class_list":{"0":"post-50520","1":"post","2":"type-post","3":"status-publish","4":"format-standard","6":"category-esztergom","7":"category-hirek","8":"tag-esztergom","9":"tag-esztergomi-kodexkatalogus","10":"tag-kodex"},"yoast_head":"<!-- This site is optimized with the Yoast SEO plugin v27.5 - https:\/\/yoast.com\/product\/yoast-seo-wordpress\/ -->\n<title>Bemutatt\u00e1k az Esztergomi k\u00f3dexkatal\u00f3gus magyar \u00e9s n\u00e9met nyelv\u0171 k\u00f6teteit<\/title>\n<meta name=\"robots\" content=\"index, follow, max-snippet:-1, max-image-preview:large, max-video-preview:-1\" \/>\n<link rel=\"canonical\" href=\"https:\/\/dorogimedence.hu\/index.php\/2023\/02\/21\/bemutattak-az-esztergomi-kodexkatalogus-magyar-es-nemet-nyelvu-koteteit\/\" class=\"yoast-seo-meta-tag\" \/>\n<meta property=\"og:locale\" content=\"hu_HU\" class=\"yoast-seo-meta-tag\" \/>\n<meta property=\"og:type\" content=\"article\" class=\"yoast-seo-meta-tag\" \/>\n<meta property=\"og:title\" content=\"Bemutatt\u00e1k az Esztergomi k\u00f3dexkatal\u00f3gus magyar \u00e9s n\u00e9met nyelv\u0171 k\u00f6teteit\" class=\"yoast-seo-meta-tag\" \/>\n<meta property=\"og:description\" content=\"\u00c9vtizedes kutat\u00f3munka eredm\u00e9nyek\u00e9nt k\u00e9sz\u00fclt el az ELKH-OSZK Fragmenta et Codices Kutat\u00f3csoport Az Esztergomi F\u0151sz\u00e9kesegyh\u00e1zi K\u00f6nyvt\u00e1r, az \u00c9rseki Simor K\u00f6nyvt\u00e1r \u00e9s a V\u00e1rosi K\u00f6nyvt\u00e1r k\u00f3dexei c\u00edm\u0171 k\u00f3dexkatal\u00f3gusa, melynek magyar \u00e9s n\u00e9met nyelv\u0171 v\u00e1ltozat\u00e1t febru\u00e1r 20-\u00e1n, h\u00e9tf\u0151n mutatt\u00e1k be az Orsz\u00e1gos Sz\u00e9ch\u00e9nyi K\u00f6nyvt\u00e1rban (OSZK). A kutat\u00f3csoportnak otthont ad\u00f3 OSZK a kultur\u00e1lis \u00e1gazatban egyre er\u0151s\u00f6d\u0151 innov\u00e1ci\u00f3s folyamat egyik\" class=\"yoast-seo-meta-tag\" \/>\n<meta property=\"og:url\" content=\"https:\/\/dorogimedence.hu\/index.php\/2023\/02\/21\/bemutattak-az-esztergomi-kodexkatalogus-magyar-es-nemet-nyelvu-koteteit\/\" class=\"yoast-seo-meta-tag\" \/>\n<meta property=\"og:site_name\" content=\"Dorogi-medence Region\u00e1lis H\u00edrport\u00e1l\" class=\"yoast-seo-meta-tag\" \/>\n<meta property=\"article:publisher\" content=\"https:\/\/www.facebook.com\/dorogimedence\/\" class=\"yoast-seo-meta-tag\" \/>\n<meta property=\"article:published_time\" content=\"2023-02-21T10:18:09+00:00\" class=\"yoast-seo-meta-tag\" \/>\n<meta property=\"article:modified_time\" content=\"2023-02-21T10:21:39+00:00\" class=\"yoast-seo-meta-tag\" \/>\n<meta property=\"og:image\" content=\"https:\/\/dorogimedence.hu\/wp-content\/uploads\/2023\/02\/esztergom-kodex-01.jpg\" class=\"yoast-seo-meta-tag\" \/>\n\t<meta property=\"og:image:width\" content=\"1920\" class=\"yoast-seo-meta-tag\" \/>\n\t<meta property=\"og:image:height\" content=\"1029\" class=\"yoast-seo-meta-tag\" \/>\n\t<meta property=\"og:image:type\" content=\"image\/jpeg\" class=\"yoast-seo-meta-tag\" \/>\n<meta name=\"author\" content=\"dorogimedence.hu\" class=\"yoast-seo-meta-tag\" \/>\n<meta name=\"twitter:card\" content=\"summary_large_image\" class=\"yoast-seo-meta-tag\" \/>\n<meta name=\"twitter:label1\" content=\"Szerz\u0151:\" class=\"yoast-seo-meta-tag\" \/>\n\t<meta name=\"twitter:data1\" content=\"dorogimedence.hu\" class=\"yoast-seo-meta-tag\" \/>\n\t<meta name=\"twitter:label2\" content=\"Becs\u00fclt olvas\u00e1si id\u0151\" class=\"yoast-seo-meta-tag\" \/>\n\t<meta name=\"twitter:data2\" content=\"3 perc\" class=\"yoast-seo-meta-tag\" \/>\n<script type=\"application\/ld+json\" class=\"yoast-schema-graph\">{\"@context\":\"https:\\\/\\\/schema.org\",\"@graph\":[{\"@type\":\"Article\",\"@id\":\"https:\\\/\\\/dorogimedence.hu\\\/index.php\\\/2023\\\/02\\\/21\\\/bemutattak-az-esztergomi-kodexkatalogus-magyar-es-nemet-nyelvu-koteteit\\\/#article\",\"isPartOf\":{\"@id\":\"https:\\\/\\\/dorogimedence.hu\\\/index.php\\\/2023\\\/02\\\/21\\\/bemutattak-az-esztergomi-kodexkatalogus-magyar-es-nemet-nyelvu-koteteit\\\/\"},\"author\":{\"name\":\"dorogimedence.hu\",\"@id\":\"https:\\\/\\\/dorogimedence.hu\\\/#\\\/schema\\\/person\\\/ce6091eeb7e95ecdc87890d6aa8e0fd4\"},\"headline\":\"Bemutatt\u00e1k az Esztergomi k\u00f3dexkatal\u00f3gus magyar \u00e9s n\u00e9met nyelv\u0171 k\u00f6teteit\",\"datePublished\":\"2023-02-21T10:18:09+00:00\",\"dateModified\":\"2023-02-21T10:21:39+00:00\",\"mainEntityOfPage\":{\"@id\":\"https:\\\/\\\/dorogimedence.hu\\\/index.php\\\/2023\\\/02\\\/21\\\/bemutattak-az-esztergomi-kodexkatalogus-magyar-es-nemet-nyelvu-koteteit\\\/\"},\"wordCount\":634,\"publisher\":{\"@id\":\"https:\\\/\\\/dorogimedence.hu\\\/#organization\"},\"image\":{\"@id\":\"https:\\\/\\\/dorogimedence.hu\\\/index.php\\\/2023\\\/02\\\/21\\\/bemutattak-az-esztergomi-kodexkatalogus-magyar-es-nemet-nyelvu-koteteit\\\/#primaryimage\"},\"thumbnailUrl\":\"https:\\\/\\\/dorogimedence.hu\\\/wp-content\\\/uploads\\\/2023\\\/02\\\/esztergom-kodex-03-1024x683.jpg\",\"keywords\":[\"esztergom\",\"Esztergomi k\u00f3dexkatal\u00f3gus\",\"k\u00f3dex\"],\"articleSection\":[\"Esztergom\",\"H\u00edrek\"],\"inLanguage\":\"hu\"},{\"@type\":\"WebPage\",\"@id\":\"https:\\\/\\\/dorogimedence.hu\\\/index.php\\\/2023\\\/02\\\/21\\\/bemutattak-az-esztergomi-kodexkatalogus-magyar-es-nemet-nyelvu-koteteit\\\/\",\"url\":\"https:\\\/\\\/dorogimedence.hu\\\/index.php\\\/2023\\\/02\\\/21\\\/bemutattak-az-esztergomi-kodexkatalogus-magyar-es-nemet-nyelvu-koteteit\\\/\",\"name\":\"Bemutatt\u00e1k az Esztergomi k\u00f3dexkatal\u00f3gus magyar \u00e9s n\u00e9met nyelv\u0171 k\u00f6teteit\",\"isPartOf\":{\"@id\":\"https:\\\/\\\/dorogimedence.hu\\\/#website\"},\"primaryImageOfPage\":{\"@id\":\"https:\\\/\\\/dorogimedence.hu\\\/index.php\\\/2023\\\/02\\\/21\\\/bemutattak-az-esztergomi-kodexkatalogus-magyar-es-nemet-nyelvu-koteteit\\\/#primaryimage\"},\"image\":{\"@id\":\"https:\\\/\\\/dorogimedence.hu\\\/index.php\\\/2023\\\/02\\\/21\\\/bemutattak-az-esztergomi-kodexkatalogus-magyar-es-nemet-nyelvu-koteteit\\\/#primaryimage\"},\"thumbnailUrl\":\"https:\\\/\\\/dorogimedence.hu\\\/wp-content\\\/uploads\\\/2023\\\/02\\\/esztergom-kodex-03-1024x683.jpg\",\"datePublished\":\"2023-02-21T10:18:09+00:00\",\"dateModified\":\"2023-02-21T10:21:39+00:00\",\"breadcrumb\":{\"@id\":\"https:\\\/\\\/dorogimedence.hu\\\/index.php\\\/2023\\\/02\\\/21\\\/bemutattak-az-esztergomi-kodexkatalogus-magyar-es-nemet-nyelvu-koteteit\\\/#breadcrumb\"},\"inLanguage\":\"hu\",\"potentialAction\":[{\"@type\":\"ReadAction\",\"target\":[\"https:\\\/\\\/dorogimedence.hu\\\/index.php\\\/2023\\\/02\\\/21\\\/bemutattak-az-esztergomi-kodexkatalogus-magyar-es-nemet-nyelvu-koteteit\\\/\"]}]},{\"@type\":\"ImageObject\",\"inLanguage\":\"hu\",\"@id\":\"https:\\\/\\\/dorogimedence.hu\\\/index.php\\\/2023\\\/02\\\/21\\\/bemutattak-az-esztergomi-kodexkatalogus-magyar-es-nemet-nyelvu-koteteit\\\/#primaryimage\",\"url\":\"https:\\\/\\\/dorogimedence.hu\\\/wp-content\\\/uploads\\\/2023\\\/02\\\/esztergom-kodex-03-1024x683.jpg\",\"contentUrl\":\"https:\\\/\\\/dorogimedence.hu\\\/wp-content\\\/uploads\\\/2023\\\/02\\\/esztergom-kodex-03-1024x683.jpg\"},{\"@type\":\"BreadcrumbList\",\"@id\":\"https:\\\/\\\/dorogimedence.hu\\\/index.php\\\/2023\\\/02\\\/21\\\/bemutattak-az-esztergomi-kodexkatalogus-magyar-es-nemet-nyelvu-koteteit\\\/#breadcrumb\",\"itemListElement\":[{\"@type\":\"ListItem\",\"position\":1,\"name\":\"Kezd\u0151lap\",\"item\":\"https:\\\/\\\/dorogimedence.hu\\\/\"},{\"@type\":\"ListItem\",\"position\":2,\"name\":\"Bemutatt\u00e1k az Esztergomi k\u00f3dexkatal\u00f3gus magyar \u00e9s n\u00e9met nyelv\u0171 k\u00f6teteit\"}]},{\"@type\":\"WebSite\",\"@id\":\"https:\\\/\\\/dorogimedence.hu\\\/#website\",\"url\":\"https:\\\/\\\/dorogimedence.hu\\\/\",\"name\":\"Dorogi-medence Region\u00e1lis H\u00edrport\u00e1l\",\"description\":\"Dorog, Keszt\u00f6lc, Le\u00e1nyv\u00e1r, Piliscs\u00e9v, Tokod, Tokodalt\u00e1r\u00f3, Csolnok, Esztergom-kertv\u00e1ros: h\u00edrek, programok\",\"publisher\":{\"@id\":\"https:\\\/\\\/dorogimedence.hu\\\/#organization\"},\"potentialAction\":[{\"@type\":\"SearchAction\",\"target\":{\"@type\":\"EntryPoint\",\"urlTemplate\":\"https:\\\/\\\/dorogimedence.hu\\\/?s={search_term_string}\"},\"query-input\":{\"@type\":\"PropertyValueSpecification\",\"valueRequired\":true,\"valueName\":\"search_term_string\"}}],\"inLanguage\":\"hu\"},{\"@type\":\"Organization\",\"@id\":\"https:\\\/\\\/dorogimedence.hu\\\/#organization\",\"name\":\"Dorogi-medence Region\u00e1lis H\u00edrport\u00e1l\",\"url\":\"https:\\\/\\\/dorogimedence.hu\\\/\",\"logo\":{\"@type\":\"ImageObject\",\"inLanguage\":\"hu\",\"@id\":\"https:\\\/\\\/dorogimedence.hu\\\/#\\\/schema\\\/logo\\\/image\\\/\",\"url\":\"https:\\\/\\\/dorogimedence.hu\\\/wp-content\\\/uploads\\\/2021\\\/04\\\/logo-feher-600.png\",\"contentUrl\":\"https:\\\/\\\/dorogimedence.hu\\\/wp-content\\\/uploads\\\/2021\\\/04\\\/logo-feher-600.png\",\"width\":600,\"height\":100,\"caption\":\"Dorogi-medence Region\u00e1lis H\u00edrport\u00e1l\"},\"image\":{\"@id\":\"https:\\\/\\\/dorogimedence.hu\\\/#\\\/schema\\\/logo\\\/image\\\/\"},\"sameAs\":[\"https:\\\/\\\/www.facebook.com\\\/dorogimedence\\\/\"]},{\"@type\":\"Person\",\"@id\":\"https:\\\/\\\/dorogimedence.hu\\\/#\\\/schema\\\/person\\\/ce6091eeb7e95ecdc87890d6aa8e0fd4\",\"name\":\"dorogimedence.hu\",\"image\":{\"@type\":\"ImageObject\",\"inLanguage\":\"hu\",\"@id\":\"\\\/\\\/www.gravatar.com\\\/avatar\\\/d8d45f8901aadff40a4af72c0b826f1d?s=96&#038;r=g&#038;d=mm\",\"url\":\"\\\/\\\/www.gravatar.com\\\/avatar\\\/d8d45f8901aadff40a4af72c0b826f1d?s=96&#038;r=g&#038;d=mm\",\"contentUrl\":\"\\\/\\\/www.gravatar.com\\\/avatar\\\/d8d45f8901aadff40a4af72c0b826f1d?s=96&#038;r=g&#038;d=mm\",\"caption\":\"dorogimedence.hu\"}}]}<\/script>\n<!-- \/ Yoast SEO plugin. -->","yoast_head_json":{"title":"Bemutatt\u00e1k az Esztergomi k\u00f3dexkatal\u00f3gus magyar \u00e9s n\u00e9met nyelv\u0171 k\u00f6teteit","robots":{"index":"index","follow":"follow","max-snippet":"max-snippet:-1","max-image-preview":"max-image-preview:large","max-video-preview":"max-video-preview:-1"},"canonical":"https:\/\/dorogimedence.hu\/index.php\/2023\/02\/21\/bemutattak-az-esztergomi-kodexkatalogus-magyar-es-nemet-nyelvu-koteteit\/","og_locale":"hu_HU","og_type":"article","og_title":"Bemutatt\u00e1k az Esztergomi k\u00f3dexkatal\u00f3gus magyar \u00e9s n\u00e9met nyelv\u0171 k\u00f6teteit","og_description":"\u00c9vtizedes kutat\u00f3munka eredm\u00e9nyek\u00e9nt k\u00e9sz\u00fclt el az ELKH-OSZK Fragmenta et Codices Kutat\u00f3csoport Az Esztergomi F\u0151sz\u00e9kesegyh\u00e1zi K\u00f6nyvt\u00e1r, az \u00c9rseki Simor K\u00f6nyvt\u00e1r \u00e9s a V\u00e1rosi K\u00f6nyvt\u00e1r k\u00f3dexei c\u00edm\u0171 k\u00f3dexkatal\u00f3gusa, melynek magyar \u00e9s n\u00e9met nyelv\u0171 v\u00e1ltozat\u00e1t febru\u00e1r 20-\u00e1n, h\u00e9tf\u0151n mutatt\u00e1k be az Orsz\u00e1gos Sz\u00e9ch\u00e9nyi K\u00f6nyvt\u00e1rban (OSZK). A kutat\u00f3csoportnak otthont ad\u00f3 OSZK a kultur\u00e1lis \u00e1gazatban egyre er\u0151s\u00f6d\u0151 innov\u00e1ci\u00f3s folyamat egyik","og_url":"https:\/\/dorogimedence.hu\/index.php\/2023\/02\/21\/bemutattak-az-esztergomi-kodexkatalogus-magyar-es-nemet-nyelvu-koteteit\/","og_site_name":"Dorogi-medence Region\u00e1lis H\u00edrport\u00e1l","article_publisher":"https:\/\/www.facebook.com\/dorogimedence\/","article_published_time":"2023-02-21T10:18:09+00:00","article_modified_time":"2023-02-21T10:21:39+00:00","og_image":[{"width":1920,"height":1029,"url":"https:\/\/dorogimedence.hu\/wp-content\/uploads\/2023\/02\/esztergom-kodex-01.jpg","type":"image\/jpeg"}],"author":"dorogimedence.hu","twitter_card":"summary_large_image","twitter_misc":{"Szerz\u0151:":"dorogimedence.hu","Becs\u00fclt olvas\u00e1si id\u0151":"3 perc"},"schema":{"@context":"https:\/\/schema.org","@graph":[{"@type":"Article","@id":"https:\/\/dorogimedence.hu\/index.php\/2023\/02\/21\/bemutattak-az-esztergomi-kodexkatalogus-magyar-es-nemet-nyelvu-koteteit\/#article","isPartOf":{"@id":"https:\/\/dorogimedence.hu\/index.php\/2023\/02\/21\/bemutattak-az-esztergomi-kodexkatalogus-magyar-es-nemet-nyelvu-koteteit\/"},"author":{"name":"dorogimedence.hu","@id":"https:\/\/dorogimedence.hu\/#\/schema\/person\/ce6091eeb7e95ecdc87890d6aa8e0fd4"},"headline":"Bemutatt\u00e1k az Esztergomi k\u00f3dexkatal\u00f3gus magyar \u00e9s n\u00e9met nyelv\u0171 k\u00f6teteit","datePublished":"2023-02-21T10:18:09+00:00","dateModified":"2023-02-21T10:21:39+00:00","mainEntityOfPage":{"@id":"https:\/\/dorogimedence.hu\/index.php\/2023\/02\/21\/bemutattak-az-esztergomi-kodexkatalogus-magyar-es-nemet-nyelvu-koteteit\/"},"wordCount":634,"publisher":{"@id":"https:\/\/dorogimedence.hu\/#organization"},"image":{"@id":"https:\/\/dorogimedence.hu\/index.php\/2023\/02\/21\/bemutattak-az-esztergomi-kodexkatalogus-magyar-es-nemet-nyelvu-koteteit\/#primaryimage"},"thumbnailUrl":"https:\/\/dorogimedence.hu\/wp-content\/uploads\/2023\/02\/esztergom-kodex-03-1024x683.jpg","keywords":["esztergom","Esztergomi k\u00f3dexkatal\u00f3gus","k\u00f3dex"],"articleSection":["Esztergom","H\u00edrek"],"inLanguage":"hu"},{"@type":"WebPage","@id":"https:\/\/dorogimedence.hu\/index.php\/2023\/02\/21\/bemutattak-az-esztergomi-kodexkatalogus-magyar-es-nemet-nyelvu-koteteit\/","url":"https:\/\/dorogimedence.hu\/index.php\/2023\/02\/21\/bemutattak-az-esztergomi-kodexkatalogus-magyar-es-nemet-nyelvu-koteteit\/","name":"Bemutatt\u00e1k az Esztergomi k\u00f3dexkatal\u00f3gus magyar \u00e9s n\u00e9met nyelv\u0171 k\u00f6teteit","isPartOf":{"@id":"https:\/\/dorogimedence.hu\/#website"},"primaryImageOfPage":{"@id":"https:\/\/dorogimedence.hu\/index.php\/2023\/02\/21\/bemutattak-az-esztergomi-kodexkatalogus-magyar-es-nemet-nyelvu-koteteit\/#primaryimage"},"image":{"@id":"https:\/\/dorogimedence.hu\/index.php\/2023\/02\/21\/bemutattak-az-esztergomi-kodexkatalogus-magyar-es-nemet-nyelvu-koteteit\/#primaryimage"},"thumbnailUrl":"https:\/\/dorogimedence.hu\/wp-content\/uploads\/2023\/02\/esztergom-kodex-03-1024x683.jpg","datePublished":"2023-02-21T10:18:09+00:00","dateModified":"2023-02-21T10:21:39+00:00","breadcrumb":{"@id":"https:\/\/dorogimedence.hu\/index.php\/2023\/02\/21\/bemutattak-az-esztergomi-kodexkatalogus-magyar-es-nemet-nyelvu-koteteit\/#breadcrumb"},"inLanguage":"hu","potentialAction":[{"@type":"ReadAction","target":["https:\/\/dorogimedence.hu\/index.php\/2023\/02\/21\/bemutattak-az-esztergomi-kodexkatalogus-magyar-es-nemet-nyelvu-koteteit\/"]}]},{"@type":"ImageObject","inLanguage":"hu","@id":"https:\/\/dorogimedence.hu\/index.php\/2023\/02\/21\/bemutattak-az-esztergomi-kodexkatalogus-magyar-es-nemet-nyelvu-koteteit\/#primaryimage","url":"https:\/\/dorogimedence.hu\/wp-content\/uploads\/2023\/02\/esztergom-kodex-03-1024x683.jpg","contentUrl":"https:\/\/dorogimedence.hu\/wp-content\/uploads\/2023\/02\/esztergom-kodex-03-1024x683.jpg"},{"@type":"BreadcrumbList","@id":"https:\/\/dorogimedence.hu\/index.php\/2023\/02\/21\/bemutattak-az-esztergomi-kodexkatalogus-magyar-es-nemet-nyelvu-koteteit\/#breadcrumb","itemListElement":[{"@type":"ListItem","position":1,"name":"Kezd\u0151lap","item":"https:\/\/dorogimedence.hu\/"},{"@type":"ListItem","position":2,"name":"Bemutatt\u00e1k az Esztergomi k\u00f3dexkatal\u00f3gus magyar \u00e9s n\u00e9met nyelv\u0171 k\u00f6teteit"}]},{"@type":"WebSite","@id":"https:\/\/dorogimedence.hu\/#website","url":"https:\/\/dorogimedence.hu\/","name":"Dorogi-medence Region\u00e1lis H\u00edrport\u00e1l","description":"Dorog, Keszt\u00f6lc, Le\u00e1nyv\u00e1r, Piliscs\u00e9v, Tokod, Tokodalt\u00e1r\u00f3, Csolnok, Esztergom-kertv\u00e1ros: h\u00edrek, programok","publisher":{"@id":"https:\/\/dorogimedence.hu\/#organization"},"potentialAction":[{"@type":"SearchAction","target":{"@type":"EntryPoint","urlTemplate":"https:\/\/dorogimedence.hu\/?s={search_term_string}"},"query-input":{"@type":"PropertyValueSpecification","valueRequired":true,"valueName":"search_term_string"}}],"inLanguage":"hu"},{"@type":"Organization","@id":"https:\/\/dorogimedence.hu\/#organization","name":"Dorogi-medence Region\u00e1lis H\u00edrport\u00e1l","url":"https:\/\/dorogimedence.hu\/","logo":{"@type":"ImageObject","inLanguage":"hu","@id":"https:\/\/dorogimedence.hu\/#\/schema\/logo\/image\/","url":"https:\/\/dorogimedence.hu\/wp-content\/uploads\/2021\/04\/logo-feher-600.png","contentUrl":"https:\/\/dorogimedence.hu\/wp-content\/uploads\/2021\/04\/logo-feher-600.png","width":600,"height":100,"caption":"Dorogi-medence Region\u00e1lis H\u00edrport\u00e1l"},"image":{"@id":"https:\/\/dorogimedence.hu\/#\/schema\/logo\/image\/"},"sameAs":["https:\/\/www.facebook.com\/dorogimedence\/"]},{"@type":"Person","@id":"https:\/\/dorogimedence.hu\/#\/schema\/person\/ce6091eeb7e95ecdc87890d6aa8e0fd4","name":"dorogimedence.hu","image":{"@type":"ImageObject","inLanguage":"hu","@id":"\/\/www.gravatar.com\/avatar\/d8d45f8901aadff40a4af72c0b826f1d?s=96&#038;r=g&#038;d=mm","url":"\/\/www.gravatar.com\/avatar\/d8d45f8901aadff40a4af72c0b826f1d?s=96&#038;r=g&#038;d=mm","contentUrl":"\/\/www.gravatar.com\/avatar\/d8d45f8901aadff40a4af72c0b826f1d?s=96&#038;r=g&#038;d=mm","caption":"dorogimedence.hu"}}]}},"_links":{"self":[{"href":"https:\/\/dorogimedence.hu\/index.php\/wp-json\/wp\/v2\/posts\/50520","targetHints":{"allow":["GET"]}}],"collection":[{"href":"https:\/\/dorogimedence.hu\/index.php\/wp-json\/wp\/v2\/posts"}],"about":[{"href":"https:\/\/dorogimedence.hu\/index.php\/wp-json\/wp\/v2\/types\/post"}],"author":[{"embeddable":true,"href":"https:\/\/dorogimedence.hu\/index.php\/wp-json\/wp\/v2\/users\/1"}],"replies":[{"embeddable":true,"href":"https:\/\/dorogimedence.hu\/index.php\/wp-json\/wp\/v2\/comments?post=50520"}],"version-history":[{"count":0,"href":"https:\/\/dorogimedence.hu\/index.php\/wp-json\/wp\/v2\/posts\/50520\/revisions"}],"wp:attachment":[{"href":"https:\/\/dorogimedence.hu\/index.php\/wp-json\/wp\/v2\/media?parent=50520"}],"wp:term":[{"taxonomy":"category","embeddable":true,"href":"https:\/\/dorogimedence.hu\/index.php\/wp-json\/wp\/v2\/categories?post=50520"},{"taxonomy":"post_tag","embeddable":true,"href":"https:\/\/dorogimedence.hu\/index.php\/wp-json\/wp\/v2\/tags?post=50520"}],"curies":[{"name":"wp","href":"https:\/\/api.w.org\/{rel}","templated":true}]}}