{"id":50439,"date":"2023-02-20T08:49:20","date_gmt":"2023-02-20T07:49:20","guid":{"rendered":"https:\/\/dorogimedence.hu\/?p=50439"},"modified":"2023-02-20T08:49:37","modified_gmt":"2023-02-20T07:49:37","slug":"megnyilt-a-hentesuzletek-tamogatasara-kiirt-palyazat","status":"publish","type":"post","link":"https:\/\/dorogimedence.hu\/index.php\/2023\/02\/20\/megnyilt-a-hentesuzletek-tamogatasara-kiirt-palyazat\/","title":{"rendered":"Megny\u00edlt a hentes\u00fczletek t\u00e1mogat\u00e1s\u00e1ra ki\u00edrt p\u00e1ly\u00e1zat"},"content":{"rendered":"<p><strong>Ak\u00e1r 3,5 milli\u00f3 forintra is p\u00e1ly\u00e1zhatnak a mikrov\u00e1llalkoz\u00e1sk\u00e9nt m\u0171k\u00f6d\u0151 hentes\u00fczletek az Agr\u00e1rminiszt\u00e9rium \u00faj felh\u00edv\u00e1s\u00e1nak k\u00f6sz\u00f6nhet\u0151en \u2013 k\u00f6z\u00f6lte dr. Nobilis M\u00e1rton P\u00e1l \u00e9lelmiszeripar\u00e9rt \u00e9s kereskedelempolitik\u00e1\u00e9rt felel\u0151s \u00e1llamtitk\u00e1r.<\/strong><\/p>\n<p>Az \u00e1llamtitk\u00e1r a t\u00e1mogat\u00e1st azzal indokolta, hogy az orosz-ukr\u00e1n h\u00e1bor\u00fa \u00e9s az arra v\u00e1laszul adott elhib\u00e1zott br\u00fcsszeli szankci\u00f3k k\u00f6vetkezm\u00e9nyek\u00e9nt kialakult energiav\u00e1ls\u00e1g \u00e9s a neh\u00e9z gazdas\u00e1gi k\u00f6rnyezet kih\u00edv\u00e1sok el\u00e9 \u00e1ll\u00edtja a kiskereskedelem szerepl\u0151it. Az agr\u00e1rt\u00e1rca ez\u00e9rt folyamatosan vizsg\u00e1lja azokat a lehet\u0151s\u00e9geket, amelyek seg\u00edts\u00e9get ny\u00fajthatnak az \u00e1gazat sz\u00e1m\u00e1ra. Tov\u00e1bbra is elk\u00f6telezettek vagyunk a magyar vid\u00e9k \u00e9s a kistelep\u00fcl\u00e9sek t\u00e1mogat\u00e1sa mellett &#8211; tette hozz\u00e1.<\/p>\n<p>A felh\u00edv\u00e1s r\u00e9szletei kapcs\u00e1n dr. Nobilis M\u00e1rton P\u00e1l kifejtette, hogy a p\u00e1ly\u00e1z\u00f3 egy\u00e9ni v\u00e1llalkoz\u00f3 vagy gazdas\u00e1gi t\u00e1rsas\u00e1g lehet. A t\u00e1mogat\u00e1ssal olyan mikrov\u00e1llalkoz\u00e1sok \u00e9lhetnek, amelyeknek f\u0151 tev\u00e9kenys\u00e9gi k\u00f6re a&nbsp;h\u00fas, h\u00fas\u00e1ru kiskereskedelm\u00e9t fedi le. Tov\u00e1bbi felt\u00e9tel, hogy a hentes\u00fczlet rendelkezzen lez\u00e1rt \u00fczleti \u00e9vvel, tov\u00e1bb\u00e1 v\u00e1llalja, hogy legal\u00e1bb 2023. december 31-ig folytatja a tev\u00e9kenys\u00e9g\u00e9t. Fontos kik\u00f6t\u00e9s, hogy a p\u00e1ly\u00e1z\u00f3 a k\u00e9relem beny\u00fajt\u00e1sakor nem \u00e1llhat felsz\u00e1mol\u00e1si, v\u00e9gelsz\u00e1mol\u00e1si vagy k\u00e9nyszert\u00f6rl\u00e9si elj\u00e1r\u00e1s alatt, illetve nem rendelkezhet k\u00f6ztartoz\u00e1ssal.&nbsp;Egy v\u00e1llalkoz\u00e1s egy p\u00e1ly\u00e1zat beny\u00fajt\u00e1s\u00e1ra jogosult, f\u00fcggetlen\u00fcl az \u00e1ltala \u00fczemeltetett h\u00fasboltok sz\u00e1m\u00e1t\u00f3l. A p\u00e1ly\u00e1zatok beny\u00fajt\u00e1s\u00e1ra 2023. febru\u00e1r 20. napj\u00e1t\u00f3l 2023. m\u00e1rcius 20. napj\u00e1ig a <span style=\"text-decoration: underline; color: #0000ff;\"><a style=\"color: #0000ff; text-decoration: underline;\" href=\"https:\/\/hentestamogatas.hoi.hu\/index_main1.php?id=&amp;valid=&amp;id2=&amp;valid2=\" target=\"_blank\" rel=\"noopener\">hentestamogatas.hoi.hu<\/a><\/span> linken el\u00e9rhet\u0151 elektronikus fel\u00fcleten kereszt\u00fcl van lehet\u0151s\u00e9g \u2013 hangs\u00falyozta dr. Nobilis M\u00e1rton P\u00e1l.<\/p>\n<p>Az \u00e1llamtitk\u00e1r kit\u00e9rt arra is, hogy a kis hentes\u00fczletek mint r\u00f6vid ell\u00e1t\u00e1si l\u00e1ncok, hozz\u00e1j\u00e1rulnak az \u00e9lelmez\u00e9sbiztons\u00e1g megval\u00f3sul\u00e1s\u00e1hoz, fenntart\u00e1s\u00e1hoz \u00e9s emellett munk\u00e1t is biztos\u00edtanak az ott \u00e9l\u0151knek. Egyszersmind ezen \u00fczletek l\u00e9te a vid\u00e9k \u00e9s k\u00fcl\u00f6n\u00f6sen a kistelep\u00fcl\u00e9sek n\u00e9pess\u00e9gmegtart\u00f3 erej\u00e9nek is alapj\u00e1t k\u00e9pezik, \u00edgy t\u00e1mogat\u00e1suk t\u00e1rsadalmi \u00e9s demogr\u00e1fiai szempontb\u00f3l is kiemelten fontos \u2013 fejtette ki dr. Nobilis M\u00e1rton P\u00e1l. Hangs\u00falyozta, a h\u00e1bor\u00fa \u00e9s a br\u00fcsszeli szankci\u00f3k okozta gazdas\u00e1gi neh\u00e9zs\u00e9get a fegyveres konfliktus lez\u00e1r\u00e1s\u00e1val lehetne orvosolni, ez\u00e9rt a b\u00e9ke az egyetlen megold\u00e1s a j\u00f6v\u0151re n\u00e9zve.<\/p>\n<p><em>Forr\u00e1s: Agr\u00e1rminiszt\u00e9rium Sajt\u00f3iroda<\/em><\/p>\n","protected":false},"excerpt":{"rendered":"<p>Ak\u00e1r 3,5 milli\u00f3 forintra is p\u00e1ly\u00e1zhatnak a mikrov\u00e1llalkoz\u00e1sk\u00e9nt m\u0171k\u00f6d\u0151 hentes\u00fczletek az Agr\u00e1rminiszt\u00e9rium \u00faj felh\u00edv\u00e1s\u00e1nak k\u00f6sz\u00f6nhet\u0151en \u2013 k\u00f6z\u00f6lte dr. Nobilis M\u00e1rton P\u00e1l \u00e9lelmiszeripar\u00e9rt \u00e9s kereskedelempolitik\u00e1\u00e9rt felel\u0151s \u00e1llamtitk\u00e1r. Az \u00e1llamtitk\u00e1r a t\u00e1mogat\u00e1st azzal indokolta, hogy az orosz-ukr\u00e1n h\u00e1bor\u00fa \u00e9s az arra v\u00e1laszul adott elhib\u00e1zott br\u00fcsszeli szankci\u00f3k k\u00f6vetkezm\u00e9nyek\u00e9nt kialakult energiav\u00e1ls\u00e1g \u00e9s a neh\u00e9z gazdas\u00e1gi k\u00f6rnyezet kih\u00edv\u00e1sok el\u00e9 \u00e1ll\u00edtja<\/p>\n","protected":false},"author":1,"featured_media":50440,"comment_status":"closed","ping_status":"closed","sticky":false,"template":"","format":"standard","meta":{"ngg_post_thumbnail":0,"footnotes":""},"categories":[6934,3],"tags":[1012,6986,74,503],"class_list":{"0":"post-50439","1":"post","2":"type-post","3":"status-publish","4":"format-standard","5":"has-post-thumbnail","7":"category-belfold","8":"category-hirek","9":"tag-hentes","10":"tag-hentesuzlet","11":"tag-palyazat","12":"tag-tamogatas"},"yoast_head":"<!-- This site is optimized with the Yoast SEO plugin v27.4 - https:\/\/yoast.com\/product\/yoast-seo-wordpress\/ -->\n<title>Megny\u00edlt a hentes\u00fczletek t\u00e1mogat\u00e1s\u00e1ra ki\u00edrt p\u00e1ly\u00e1zat<\/title>\n<meta name=\"robots\" content=\"index, follow, max-snippet:-1, max-image-preview:large, max-video-preview:-1\" \/>\n<link rel=\"canonical\" href=\"https:\/\/dorogimedence.hu\/index.php\/2023\/02\/20\/megnyilt-a-hentesuzletek-tamogatasara-kiirt-palyazat\/\" class=\"yoast-seo-meta-tag\" \/>\n<meta property=\"og:locale\" content=\"hu_HU\" class=\"yoast-seo-meta-tag\" \/>\n<meta property=\"og:type\" content=\"article\" class=\"yoast-seo-meta-tag\" \/>\n<meta property=\"og:title\" content=\"Megny\u00edlt a hentes\u00fczletek t\u00e1mogat\u00e1s\u00e1ra ki\u00edrt p\u00e1ly\u00e1zat\" class=\"yoast-seo-meta-tag\" \/>\n<meta property=\"og:description\" content=\"Ak\u00e1r 3,5 milli\u00f3 forintra is p\u00e1ly\u00e1zhatnak a mikrov\u00e1llalkoz\u00e1sk\u00e9nt m\u0171k\u00f6d\u0151 hentes\u00fczletek az Agr\u00e1rminiszt\u00e9rium \u00faj felh\u00edv\u00e1s\u00e1nak k\u00f6sz\u00f6nhet\u0151en \u2013 k\u00f6z\u00f6lte dr. Nobilis M\u00e1rton P\u00e1l \u00e9lelmiszeripar\u00e9rt \u00e9s kereskedelempolitik\u00e1\u00e9rt felel\u0151s \u00e1llamtitk\u00e1r. Az \u00e1llamtitk\u00e1r a t\u00e1mogat\u00e1st azzal indokolta, hogy az orosz-ukr\u00e1n h\u00e1bor\u00fa \u00e9s az arra v\u00e1laszul adott elhib\u00e1zott br\u00fcsszeli szankci\u00f3k k\u00f6vetkezm\u00e9nyek\u00e9nt kialakult energiav\u00e1ls\u00e1g \u00e9s a neh\u00e9z gazdas\u00e1gi k\u00f6rnyezet kih\u00edv\u00e1sok el\u00e9 \u00e1ll\u00edtja\" class=\"yoast-seo-meta-tag\" \/>\n<meta property=\"og:url\" content=\"https:\/\/dorogimedence.hu\/index.php\/2023\/02\/20\/megnyilt-a-hentesuzletek-tamogatasara-kiirt-palyazat\/\" class=\"yoast-seo-meta-tag\" \/>\n<meta property=\"og:site_name\" content=\"Dorogi-medence Region\u00e1lis H\u00edrport\u00e1l\" class=\"yoast-seo-meta-tag\" \/>\n<meta property=\"article:publisher\" content=\"https:\/\/www.facebook.com\/dorogimedence\/\" class=\"yoast-seo-meta-tag\" \/>\n<meta property=\"article:published_time\" content=\"2023-02-20T07:49:20+00:00\" class=\"yoast-seo-meta-tag\" \/>\n<meta property=\"article:modified_time\" content=\"2023-02-20T07:49:37+00:00\" class=\"yoast-seo-meta-tag\" \/>\n<meta property=\"og:image\" content=\"https:\/\/dorogimedence.hu\/wp-content\/uploads\/2023\/02\/hentes-01.jpg\" class=\"yoast-seo-meta-tag\" \/>\n\t<meta property=\"og:image:width\" content=\"1920\" class=\"yoast-seo-meta-tag\" \/>\n\t<meta property=\"og:image:height\" content=\"1147\" class=\"yoast-seo-meta-tag\" \/>\n\t<meta property=\"og:image:type\" content=\"image\/jpeg\" class=\"yoast-seo-meta-tag\" \/>\n<meta name=\"author\" content=\"dorogimedence.hu\" class=\"yoast-seo-meta-tag\" \/>\n<meta name=\"twitter:card\" content=\"summary_large_image\" class=\"yoast-seo-meta-tag\" \/>\n<meta name=\"twitter:label1\" content=\"Szerz\u0151:\" class=\"yoast-seo-meta-tag\" \/>\n\t<meta name=\"twitter:data1\" content=\"dorogimedence.hu\" class=\"yoast-seo-meta-tag\" \/>\n\t<meta name=\"twitter:label2\" content=\"Becs\u00fclt olvas\u00e1si id\u0151\" class=\"yoast-seo-meta-tag\" \/>\n\t<meta name=\"twitter:data2\" content=\"2 perc\" class=\"yoast-seo-meta-tag\" \/>\n<script type=\"application\/ld+json\" class=\"yoast-schema-graph\">{\"@context\":\"https:\\\/\\\/schema.org\",\"@graph\":[{\"@type\":\"Article\",\"@id\":\"https:\\\/\\\/dorogimedence.hu\\\/index.php\\\/2023\\\/02\\\/20\\\/megnyilt-a-hentesuzletek-tamogatasara-kiirt-palyazat\\\/#article\",\"isPartOf\":{\"@id\":\"https:\\\/\\\/dorogimedence.hu\\\/index.php\\\/2023\\\/02\\\/20\\\/megnyilt-a-hentesuzletek-tamogatasara-kiirt-palyazat\\\/\"},\"author\":{\"name\":\"dorogimedence.hu\",\"@id\":\"https:\\\/\\\/dorogimedence.hu\\\/#\\\/schema\\\/person\\\/ce6091eeb7e95ecdc87890d6aa8e0fd4\"},\"headline\":\"Megny\u00edlt a hentes\u00fczletek t\u00e1mogat\u00e1s\u00e1ra ki\u00edrt p\u00e1ly\u00e1zat\",\"datePublished\":\"2023-02-20T07:49:20+00:00\",\"dateModified\":\"2023-02-20T07:49:37+00:00\",\"mainEntityOfPage\":{\"@id\":\"https:\\\/\\\/dorogimedence.hu\\\/index.php\\\/2023\\\/02\\\/20\\\/megnyilt-a-hentesuzletek-tamogatasara-kiirt-palyazat\\\/\"},\"wordCount\":497,\"publisher\":{\"@id\":\"https:\\\/\\\/dorogimedence.hu\\\/#organization\"},\"image\":{\"@id\":\"https:\\\/\\\/dorogimedence.hu\\\/index.php\\\/2023\\\/02\\\/20\\\/megnyilt-a-hentesuzletek-tamogatasara-kiirt-palyazat\\\/#primaryimage\"},\"thumbnailUrl\":\"https:\\\/\\\/dorogimedence.hu\\\/wp-content\\\/uploads\\\/2023\\\/02\\\/hentes-01.jpg\",\"keywords\":[\"hentes\",\"hentes\u00fczlet\",\"p\u00e1ly\u00e1zat\",\"t\u00e1mogat\u00e1s\"],\"articleSection\":[\"Belf\u00f6ld, Gazdas\u00e1g\",\"H\u00edrek\"],\"inLanguage\":\"hu\"},{\"@type\":\"WebPage\",\"@id\":\"https:\\\/\\\/dorogimedence.hu\\\/index.php\\\/2023\\\/02\\\/20\\\/megnyilt-a-hentesuzletek-tamogatasara-kiirt-palyazat\\\/\",\"url\":\"https:\\\/\\\/dorogimedence.hu\\\/index.php\\\/2023\\\/02\\\/20\\\/megnyilt-a-hentesuzletek-tamogatasara-kiirt-palyazat\\\/\",\"name\":\"Megny\u00edlt a hentes\u00fczletek t\u00e1mogat\u00e1s\u00e1ra ki\u00edrt p\u00e1ly\u00e1zat\",\"isPartOf\":{\"@id\":\"https:\\\/\\\/dorogimedence.hu\\\/#website\"},\"primaryImageOfPage\":{\"@id\":\"https:\\\/\\\/dorogimedence.hu\\\/index.php\\\/2023\\\/02\\\/20\\\/megnyilt-a-hentesuzletek-tamogatasara-kiirt-palyazat\\\/#primaryimage\"},\"image\":{\"@id\":\"https:\\\/\\\/dorogimedence.hu\\\/index.php\\\/2023\\\/02\\\/20\\\/megnyilt-a-hentesuzletek-tamogatasara-kiirt-palyazat\\\/#primaryimage\"},\"thumbnailUrl\":\"https:\\\/\\\/dorogimedence.hu\\\/wp-content\\\/uploads\\\/2023\\\/02\\\/hentes-01.jpg\",\"datePublished\":\"2023-02-20T07:49:20+00:00\",\"dateModified\":\"2023-02-20T07:49:37+00:00\",\"breadcrumb\":{\"@id\":\"https:\\\/\\\/dorogimedence.hu\\\/index.php\\\/2023\\\/02\\\/20\\\/megnyilt-a-hentesuzletek-tamogatasara-kiirt-palyazat\\\/#breadcrumb\"},\"inLanguage\":\"hu\",\"potentialAction\":[{\"@type\":\"ReadAction\",\"target\":[\"https:\\\/\\\/dorogimedence.hu\\\/index.php\\\/2023\\\/02\\\/20\\\/megnyilt-a-hentesuzletek-tamogatasara-kiirt-palyazat\\\/\"]}]},{\"@type\":\"ImageObject\",\"inLanguage\":\"hu\",\"@id\":\"https:\\\/\\\/dorogimedence.hu\\\/index.php\\\/2023\\\/02\\\/20\\\/megnyilt-a-hentesuzletek-tamogatasara-kiirt-palyazat\\\/#primaryimage\",\"url\":\"https:\\\/\\\/dorogimedence.hu\\\/wp-content\\\/uploads\\\/2023\\\/02\\\/hentes-01.jpg\",\"contentUrl\":\"https:\\\/\\\/dorogimedence.hu\\\/wp-content\\\/uploads\\\/2023\\\/02\\\/hentes-01.jpg\",\"width\":1920,\"height\":1147},{\"@type\":\"BreadcrumbList\",\"@id\":\"https:\\\/\\\/dorogimedence.hu\\\/index.php\\\/2023\\\/02\\\/20\\\/megnyilt-a-hentesuzletek-tamogatasara-kiirt-palyazat\\\/#breadcrumb\",\"itemListElement\":[{\"@type\":\"ListItem\",\"position\":1,\"name\":\"Kezd\u0151lap\",\"item\":\"https:\\\/\\\/dorogimedence.hu\\\/\"},{\"@type\":\"ListItem\",\"position\":2,\"name\":\"Megny\u00edlt a hentes\u00fczletek t\u00e1mogat\u00e1s\u00e1ra ki\u00edrt p\u00e1ly\u00e1zat\"}]},{\"@type\":\"WebSite\",\"@id\":\"https:\\\/\\\/dorogimedence.hu\\\/#website\",\"url\":\"https:\\\/\\\/dorogimedence.hu\\\/\",\"name\":\"Dorogi-medence Region\u00e1lis H\u00edrport\u00e1l\",\"description\":\"Dorog, Keszt\u00f6lc, Le\u00e1nyv\u00e1r, Piliscs\u00e9v, Tokod, Tokodalt\u00e1r\u00f3, Csolnok, Esztergom-kertv\u00e1ros: h\u00edrek, programok\",\"publisher\":{\"@id\":\"https:\\\/\\\/dorogimedence.hu\\\/#organization\"},\"potentialAction\":[{\"@type\":\"SearchAction\",\"target\":{\"@type\":\"EntryPoint\",\"urlTemplate\":\"https:\\\/\\\/dorogimedence.hu\\\/?s={search_term_string}\"},\"query-input\":{\"@type\":\"PropertyValueSpecification\",\"valueRequired\":true,\"valueName\":\"search_term_string\"}}],\"inLanguage\":\"hu\"},{\"@type\":\"Organization\",\"@id\":\"https:\\\/\\\/dorogimedence.hu\\\/#organization\",\"name\":\"Dorogi-medence Region\u00e1lis H\u00edrport\u00e1l\",\"url\":\"https:\\\/\\\/dorogimedence.hu\\\/\",\"logo\":{\"@type\":\"ImageObject\",\"inLanguage\":\"hu\",\"@id\":\"https:\\\/\\\/dorogimedence.hu\\\/#\\\/schema\\\/logo\\\/image\\\/\",\"url\":\"https:\\\/\\\/dorogimedence.hu\\\/wp-content\\\/uploads\\\/2021\\\/04\\\/logo-feher-600.png\",\"contentUrl\":\"https:\\\/\\\/dorogimedence.hu\\\/wp-content\\\/uploads\\\/2021\\\/04\\\/logo-feher-600.png\",\"width\":600,\"height\":100,\"caption\":\"Dorogi-medence Region\u00e1lis H\u00edrport\u00e1l\"},\"image\":{\"@id\":\"https:\\\/\\\/dorogimedence.hu\\\/#\\\/schema\\\/logo\\\/image\\\/\"},\"sameAs\":[\"https:\\\/\\\/www.facebook.com\\\/dorogimedence\\\/\"]},{\"@type\":\"Person\",\"@id\":\"https:\\\/\\\/dorogimedence.hu\\\/#\\\/schema\\\/person\\\/ce6091eeb7e95ecdc87890d6aa8e0fd4\",\"name\":\"dorogimedence.hu\",\"image\":{\"@type\":\"ImageObject\",\"inLanguage\":\"hu\",\"@id\":\"\\\/\\\/www.gravatar.com\\\/avatar\\\/d8d45f8901aadff40a4af72c0b826f1d?s=96&#038;r=g&#038;d=mm\",\"url\":\"\\\/\\\/www.gravatar.com\\\/avatar\\\/d8d45f8901aadff40a4af72c0b826f1d?s=96&#038;r=g&#038;d=mm\",\"contentUrl\":\"\\\/\\\/www.gravatar.com\\\/avatar\\\/d8d45f8901aadff40a4af72c0b826f1d?s=96&#038;r=g&#038;d=mm\",\"caption\":\"dorogimedence.hu\"}}]}<\/script>\n<!-- \/ Yoast SEO plugin. -->","yoast_head_json":{"title":"Megny\u00edlt a hentes\u00fczletek t\u00e1mogat\u00e1s\u00e1ra ki\u00edrt p\u00e1ly\u00e1zat","robots":{"index":"index","follow":"follow","max-snippet":"max-snippet:-1","max-image-preview":"max-image-preview:large","max-video-preview":"max-video-preview:-1"},"canonical":"https:\/\/dorogimedence.hu\/index.php\/2023\/02\/20\/megnyilt-a-hentesuzletek-tamogatasara-kiirt-palyazat\/","og_locale":"hu_HU","og_type":"article","og_title":"Megny\u00edlt a hentes\u00fczletek t\u00e1mogat\u00e1s\u00e1ra ki\u00edrt p\u00e1ly\u00e1zat","og_description":"Ak\u00e1r 3,5 milli\u00f3 forintra is p\u00e1ly\u00e1zhatnak a mikrov\u00e1llalkoz\u00e1sk\u00e9nt m\u0171k\u00f6d\u0151 hentes\u00fczletek az Agr\u00e1rminiszt\u00e9rium \u00faj felh\u00edv\u00e1s\u00e1nak k\u00f6sz\u00f6nhet\u0151en \u2013 k\u00f6z\u00f6lte dr. Nobilis M\u00e1rton P\u00e1l \u00e9lelmiszeripar\u00e9rt \u00e9s kereskedelempolitik\u00e1\u00e9rt felel\u0151s \u00e1llamtitk\u00e1r. Az \u00e1llamtitk\u00e1r a t\u00e1mogat\u00e1st azzal indokolta, hogy az orosz-ukr\u00e1n h\u00e1bor\u00fa \u00e9s az arra v\u00e1laszul adott elhib\u00e1zott br\u00fcsszeli szankci\u00f3k k\u00f6vetkezm\u00e9nyek\u00e9nt kialakult energiav\u00e1ls\u00e1g \u00e9s a neh\u00e9z gazdas\u00e1gi k\u00f6rnyezet kih\u00edv\u00e1sok el\u00e9 \u00e1ll\u00edtja","og_url":"https:\/\/dorogimedence.hu\/index.php\/2023\/02\/20\/megnyilt-a-hentesuzletek-tamogatasara-kiirt-palyazat\/","og_site_name":"Dorogi-medence Region\u00e1lis H\u00edrport\u00e1l","article_publisher":"https:\/\/www.facebook.com\/dorogimedence\/","article_published_time":"2023-02-20T07:49:20+00:00","article_modified_time":"2023-02-20T07:49:37+00:00","og_image":[{"width":1920,"height":1147,"url":"https:\/\/dorogimedence.hu\/wp-content\/uploads\/2023\/02\/hentes-01.jpg","type":"image\/jpeg"}],"author":"dorogimedence.hu","twitter_card":"summary_large_image","twitter_misc":{"Szerz\u0151:":"dorogimedence.hu","Becs\u00fclt olvas\u00e1si id\u0151":"2 perc"},"schema":{"@context":"https:\/\/schema.org","@graph":[{"@type":"Article","@id":"https:\/\/dorogimedence.hu\/index.php\/2023\/02\/20\/megnyilt-a-hentesuzletek-tamogatasara-kiirt-palyazat\/#article","isPartOf":{"@id":"https:\/\/dorogimedence.hu\/index.php\/2023\/02\/20\/megnyilt-a-hentesuzletek-tamogatasara-kiirt-palyazat\/"},"author":{"name":"dorogimedence.hu","@id":"https:\/\/dorogimedence.hu\/#\/schema\/person\/ce6091eeb7e95ecdc87890d6aa8e0fd4"},"headline":"Megny\u00edlt a hentes\u00fczletek t\u00e1mogat\u00e1s\u00e1ra ki\u00edrt p\u00e1ly\u00e1zat","datePublished":"2023-02-20T07:49:20+00:00","dateModified":"2023-02-20T07:49:37+00:00","mainEntityOfPage":{"@id":"https:\/\/dorogimedence.hu\/index.php\/2023\/02\/20\/megnyilt-a-hentesuzletek-tamogatasara-kiirt-palyazat\/"},"wordCount":497,"publisher":{"@id":"https:\/\/dorogimedence.hu\/#organization"},"image":{"@id":"https:\/\/dorogimedence.hu\/index.php\/2023\/02\/20\/megnyilt-a-hentesuzletek-tamogatasara-kiirt-palyazat\/#primaryimage"},"thumbnailUrl":"https:\/\/dorogimedence.hu\/wp-content\/uploads\/2023\/02\/hentes-01.jpg","keywords":["hentes","hentes\u00fczlet","p\u00e1ly\u00e1zat","t\u00e1mogat\u00e1s"],"articleSection":["Belf\u00f6ld, Gazdas\u00e1g","H\u00edrek"],"inLanguage":"hu"},{"@type":"WebPage","@id":"https:\/\/dorogimedence.hu\/index.php\/2023\/02\/20\/megnyilt-a-hentesuzletek-tamogatasara-kiirt-palyazat\/","url":"https:\/\/dorogimedence.hu\/index.php\/2023\/02\/20\/megnyilt-a-hentesuzletek-tamogatasara-kiirt-palyazat\/","name":"Megny\u00edlt a hentes\u00fczletek t\u00e1mogat\u00e1s\u00e1ra ki\u00edrt p\u00e1ly\u00e1zat","isPartOf":{"@id":"https:\/\/dorogimedence.hu\/#website"},"primaryImageOfPage":{"@id":"https:\/\/dorogimedence.hu\/index.php\/2023\/02\/20\/megnyilt-a-hentesuzletek-tamogatasara-kiirt-palyazat\/#primaryimage"},"image":{"@id":"https:\/\/dorogimedence.hu\/index.php\/2023\/02\/20\/megnyilt-a-hentesuzletek-tamogatasara-kiirt-palyazat\/#primaryimage"},"thumbnailUrl":"https:\/\/dorogimedence.hu\/wp-content\/uploads\/2023\/02\/hentes-01.jpg","datePublished":"2023-02-20T07:49:20+00:00","dateModified":"2023-02-20T07:49:37+00:00","breadcrumb":{"@id":"https:\/\/dorogimedence.hu\/index.php\/2023\/02\/20\/megnyilt-a-hentesuzletek-tamogatasara-kiirt-palyazat\/#breadcrumb"},"inLanguage":"hu","potentialAction":[{"@type":"ReadAction","target":["https:\/\/dorogimedence.hu\/index.php\/2023\/02\/20\/megnyilt-a-hentesuzletek-tamogatasara-kiirt-palyazat\/"]}]},{"@type":"ImageObject","inLanguage":"hu","@id":"https:\/\/dorogimedence.hu\/index.php\/2023\/02\/20\/megnyilt-a-hentesuzletek-tamogatasara-kiirt-palyazat\/#primaryimage","url":"https:\/\/dorogimedence.hu\/wp-content\/uploads\/2023\/02\/hentes-01.jpg","contentUrl":"https:\/\/dorogimedence.hu\/wp-content\/uploads\/2023\/02\/hentes-01.jpg","width":1920,"height":1147},{"@type":"BreadcrumbList","@id":"https:\/\/dorogimedence.hu\/index.php\/2023\/02\/20\/megnyilt-a-hentesuzletek-tamogatasara-kiirt-palyazat\/#breadcrumb","itemListElement":[{"@type":"ListItem","position":1,"name":"Kezd\u0151lap","item":"https:\/\/dorogimedence.hu\/"},{"@type":"ListItem","position":2,"name":"Megny\u00edlt a hentes\u00fczletek t\u00e1mogat\u00e1s\u00e1ra ki\u00edrt p\u00e1ly\u00e1zat"}]},{"@type":"WebSite","@id":"https:\/\/dorogimedence.hu\/#website","url":"https:\/\/dorogimedence.hu\/","name":"Dorogi-medence Region\u00e1lis H\u00edrport\u00e1l","description":"Dorog, Keszt\u00f6lc, Le\u00e1nyv\u00e1r, Piliscs\u00e9v, Tokod, Tokodalt\u00e1r\u00f3, Csolnok, Esztergom-kertv\u00e1ros: h\u00edrek, programok","publisher":{"@id":"https:\/\/dorogimedence.hu\/#organization"},"potentialAction":[{"@type":"SearchAction","target":{"@type":"EntryPoint","urlTemplate":"https:\/\/dorogimedence.hu\/?s={search_term_string}"},"query-input":{"@type":"PropertyValueSpecification","valueRequired":true,"valueName":"search_term_string"}}],"inLanguage":"hu"},{"@type":"Organization","@id":"https:\/\/dorogimedence.hu\/#organization","name":"Dorogi-medence Region\u00e1lis H\u00edrport\u00e1l","url":"https:\/\/dorogimedence.hu\/","logo":{"@type":"ImageObject","inLanguage":"hu","@id":"https:\/\/dorogimedence.hu\/#\/schema\/logo\/image\/","url":"https:\/\/dorogimedence.hu\/wp-content\/uploads\/2021\/04\/logo-feher-600.png","contentUrl":"https:\/\/dorogimedence.hu\/wp-content\/uploads\/2021\/04\/logo-feher-600.png","width":600,"height":100,"caption":"Dorogi-medence Region\u00e1lis H\u00edrport\u00e1l"},"image":{"@id":"https:\/\/dorogimedence.hu\/#\/schema\/logo\/image\/"},"sameAs":["https:\/\/www.facebook.com\/dorogimedence\/"]},{"@type":"Person","@id":"https:\/\/dorogimedence.hu\/#\/schema\/person\/ce6091eeb7e95ecdc87890d6aa8e0fd4","name":"dorogimedence.hu","image":{"@type":"ImageObject","inLanguage":"hu","@id":"\/\/www.gravatar.com\/avatar\/d8d45f8901aadff40a4af72c0b826f1d?s=96&#038;r=g&#038;d=mm","url":"\/\/www.gravatar.com\/avatar\/d8d45f8901aadff40a4af72c0b826f1d?s=96&#038;r=g&#038;d=mm","contentUrl":"\/\/www.gravatar.com\/avatar\/d8d45f8901aadff40a4af72c0b826f1d?s=96&#038;r=g&#038;d=mm","caption":"dorogimedence.hu"}}]}},"_links":{"self":[{"href":"https:\/\/dorogimedence.hu\/index.php\/wp-json\/wp\/v2\/posts\/50439","targetHints":{"allow":["GET"]}}],"collection":[{"href":"https:\/\/dorogimedence.hu\/index.php\/wp-json\/wp\/v2\/posts"}],"about":[{"href":"https:\/\/dorogimedence.hu\/index.php\/wp-json\/wp\/v2\/types\/post"}],"author":[{"embeddable":true,"href":"https:\/\/dorogimedence.hu\/index.php\/wp-json\/wp\/v2\/users\/1"}],"replies":[{"embeddable":true,"href":"https:\/\/dorogimedence.hu\/index.php\/wp-json\/wp\/v2\/comments?post=50439"}],"version-history":[{"count":0,"href":"https:\/\/dorogimedence.hu\/index.php\/wp-json\/wp\/v2\/posts\/50439\/revisions"}],"wp:featuredmedia":[{"embeddable":true,"href":"https:\/\/dorogimedence.hu\/index.php\/wp-json\/wp\/v2\/media\/50440"}],"wp:attachment":[{"href":"https:\/\/dorogimedence.hu\/index.php\/wp-json\/wp\/v2\/media?parent=50439"}],"wp:term":[{"taxonomy":"category","embeddable":true,"href":"https:\/\/dorogimedence.hu\/index.php\/wp-json\/wp\/v2\/categories?post=50439"},{"taxonomy":"post_tag","embeddable":true,"href":"https:\/\/dorogimedence.hu\/index.php\/wp-json\/wp\/v2\/tags?post=50439"}],"curies":[{"name":"wp","href":"https:\/\/api.w.org\/{rel}","templated":true}]}}