{"id":50428,"date":"2023-02-24T07:04:05","date_gmt":"2023-02-24T06:04:05","guid":{"rendered":"https:\/\/dorogimedence.hu\/?p=50428"},"modified":"2024-03-28T21:17:36","modified_gmt":"2024-03-28T20:17:36","slug":"580-eve-szuletett-matyas-kiraly-es-kirallya-valasztasanak-565-evforduloja","status":"publish","type":"post","link":"https:\/\/dorogimedence.hu\/index.php\/2023\/02\/24\/580-eve-szuletett-matyas-kiraly-es-kirallya-valasztasanak-565-evforduloja\/","title":{"rendered":"580 \u00e9ve sz\u00fcletett M\u00e1ty\u00e1s kir\u00e1ly \u00e9s kir\u00e1lly\u00e1 v\u00e1laszt\u00e1s\u00e1nak 565. \u00e9vfordul\u00f3ja"},"content":{"rendered":"<p style=\"text-align: justify;\"><strong>580 \u00e9ve sz\u00fcletett a magyar \u00e9s egyetemes t\u00f6rt\u00e9nelem egyik legkiemelked\u0151bb alakja, Hunyadi M\u00e1ty\u00e1s, aki az utols\u00f3 teljes \u00e9rt\u00e9k\u0171 magyar kir\u00e1ly volt. \u00c9letm\u0171ve \u00e9s karizmatikus szem\u00e9lyis\u00e9ge a kor legmagasztosabb szellem\u00e9v\u00e9 emelte, amely egyben haz\u00e1nk \u00e9s nemzet\u00fcnk \u00e9rt\u00e9kment\u00e9s\u00e9nek elengedhetetlen z\u00e1loga lett a j\u00f6vend\u0151t illet\u0151en. Az idei \u00e9vben kett\u0151s \u00e9vfordul\u00f3ja l\u00e9v\u00e9n, megk\u00fcl\u00f6nb\u00f6ztetett figyelemmel \u00e9s tisztelettel ad\u00f3zunk eml\u00e9k\u00e9nek.<\/strong><\/p>\n<p style=\"text-align: justify;\">1443. febru\u00e1r 24-\u00e9n, Kolozsv\u00e1ron sz\u00fcletett. \u00c9desanyja, Szil\u00e1gyi Erzs\u00e9bet, akit a magyarok Nagyasszony\u00e1nak is neveztek, nem \u00e9rdemtelen\u00fcl. M\u00e1ty\u00e1s nagyb\u00e1tyja, Szil\u00e1gyi Mih\u00e1ly, a N\u00e1ndorfeh\u00e9rv\u00e1ri diadal egyik legkiemelked\u0151bb alakja, N\u00e1ndorfeh\u00e9rv\u00e1r v\u00e1rkapit\u00e1nya, k\u00e9s\u0151bb az orsz\u00e1g korm\u00e1nyz\u00f3ja. Ezen fel\u00fcl tov\u00e1bbi k\u00e9t testv\u00e9r sorakozott e sorban, Osv\u00e1t \u00e9s Zs\u00f3fia. M\u00e1ty\u00e1s anyai nagyapja, Szil\u00e1gyi L\u00e1szl\u00f3, B\u00e1cs megye f\u0151isp\u00e1nja. Egyetemen v\u00e9gzett jogtudom\u00e1nyt, s ha kellett, vit\u00e9z\u00fcl harcolt a haz\u00e1\u00e9rt Zsigmond kir\u00e1lyunkat h\u00edven szolg\u00e1lva. Fontos, egyben gy\u0151ztes csat\u00e1kban vette ki derekasan a r\u00e9sz\u00e9t \u00e9s kinevezt\u00e9k Szrebenik v\u00e1rnagy\u00e1v\u00e1.<\/p>\n<p><img fetchpriority=\"high\" decoding=\"async\" class=\"aligncenter wp-image-50476 size-full\" src=\"https:\/\/dorogimedence.hu\/wp-content\/uploads\/2023\/02\/fortepan_174034.jpg\" alt=\"\" width=\"1600\" height=\"1053\" srcset=\"https:\/\/dorogimedence.hu\/wp-content\/uploads\/2023\/02\/fortepan_174034.jpg 1600w, https:\/\/dorogimedence.hu\/wp-content\/uploads\/2023\/02\/fortepan_174034-300x197.jpg 300w, https:\/\/dorogimedence.hu\/wp-content\/uploads\/2023\/02\/fortepan_174034-1024x674.jpg 1024w, https:\/\/dorogimedence.hu\/wp-content\/uploads\/2023\/02\/fortepan_174034-768x505.jpg 768w, https:\/\/dorogimedence.hu\/wp-content\/uploads\/2023\/02\/fortepan_174034-1536x1011.jpg 1536w, https:\/\/dorogimedence.hu\/wp-content\/uploads\/2023\/02\/fortepan_174034-150x99.jpg 150w, https:\/\/dorogimedence.hu\/wp-content\/uploads\/2023\/02\/fortepan_174034-450x296.jpg 450w, https:\/\/dorogimedence.hu\/wp-content\/uploads\/2023\/02\/fortepan_174034-1200x790.jpg 1200w\" sizes=\"(max-width: 1600px) 100vw, 1600px\" \/><\/p>\n<p style=\"text-align: center;\"><span style=\"font-size: 10pt;\"><em>M\u00e1ty\u00e1s kir\u00e1ly sz\u00fcl\u0151h\u00e1za Kolozsv\u00e1ron (forr\u00e1s: Fortepan)<\/em><\/span><\/p>\n<p style=\"text-align: justify;\">A Szil\u00e1gyiak r\u00e9gi, magyar nemesi csal\u00e1d sarjai voltak, soraikban sz\u00e1mos vit\u00e9z \u0151s\u00f6kkel, k\u00f6zt\u00fck t\u00f6bbek mellett a d\u00e9dapa, Szil\u00e1gyi Mikl\u00f3s. M\u00e1ty\u00e1s anyai nagyanyja, a szint\u00e9n nemesi csal\u00e1db\u00f3l sz\u00e1rmaz\u00f3 Belly\u00e9ni Katalin volt. \u00c9desapja, Hunyadi J\u00e1nos, a magyar t\u00f6rt\u00e9nelem meghat\u00e1roz\u00f3 alakja, a N\u00e1ndorfeh\u00e9rv\u00e1ri h\u0151s, a haza h\u0171 \u00e9s elk\u00f6telezett v\u00e9delmez\u0151je, az orsz\u00e1g korm\u00e1nyz\u00f3ja. Kor\u00e1nak egyik leggazdagabb embere, aki vagyon\u00e1t haz\u00e1ja honv\u00e9d\u0151 h\u00e1bor\u00faira \u00e1ldozta. Apai nagyapja Zsigmond kir\u00e1lyunk, egyben n\u00e9met-r\u00f3mai cs\u00e1sz\u00e1r, aki mindk\u00e9t sz\u00fcleje \u00e1ltal a magyar kir\u00e1lyi uralkod\u00f3 csal\u00e1d oldal\u00e1gi lesz\u00e1rmazottja. Anyai sz\u00e9panyja, \u00c1rp\u00e1d-h\u00e1zi Jol\u00e1n, akinek \u00e9desapja IV. B\u00e9la kir\u00e1lyunk, m\u00edg apai sz\u00e9papj\u00e1nak, I. Vencel cseh kir\u00e1lynak anyai nagyapja III. B\u00e9la kir\u00e1lyunk volt. M\u00e1ty\u00e1s apai nagyanyja, a nemesi csal\u00e1db\u00f3l sz\u00e1rmaz\u00f3 Morzsinai Erzs\u00e9bet. Testv\u00e9rb\u00e1tyja, Hunyadi L\u00e1szl\u00f3, aki szint\u00e9n nemes lelk\u0171, kiv\u00e1l\u00f3 adotts\u00e1g\u00fa egy\u00e9n volt. Minden bizonnyal bel\u0151le is j\u00f3 kir\u00e1ly v\u00e1lhatott volna, ha a sors \u00fagy hozza.<\/p>\n<p><img decoding=\"async\" class=\"aligncenter wp-image-50478 \" src=\"https:\/\/dorogimedence.hu\/wp-content\/uploads\/2023\/02\/Az-ifju-Hunyadi.jpg\" alt=\"\" width=\"218\" height=\"457\" srcset=\"https:\/\/dorogimedence.hu\/wp-content\/uploads\/2023\/02\/Az-ifju-Hunyadi.jpg 191w, https:\/\/dorogimedence.hu\/wp-content\/uploads\/2023\/02\/Az-ifju-Hunyadi-143x300.jpg 143w, https:\/\/dorogimedence.hu\/wp-content\/uploads\/2023\/02\/Az-ifju-Hunyadi-150x314.jpg 150w\" sizes=\"(max-width: 218px) 100vw, 218px\" \/><\/p>\n<p style=\"text-align: center;\"><span style=\"font-size: 10pt;\"><em>Az ifj\u00fa M\u00e1ty\u00e1s (Lotz K\u00e1roly festm\u00e9nye)<\/em><\/span><\/p>\n<p style=\"text-align: justify;\">M\u00e1ty\u00e1s gyerekkor\u00e1t a csal\u00e1d vajdahunyadi v\u00e1r\u00e1ban t\u00f6lt\u00f6tte, amelyet Zsigmond kir\u00e1ly adom\u00e1nyozott Hunyadi J\u00e1nosnak m\u00e9g 4 \u00e9ves kor\u00e1ban. Ifj\u00fa \u00e9veiben a tanul\u00e1s \u00e1llt a k\u00f6z\u00e9ppontban. A legjobb neveltet\u00e9sben \u00e9s ok\u00edt\u00e1sban r\u00e9szes\u00fclt. Az orsz\u00e1g legkiv\u00e1l\u00f3bb mesterei avatt\u00e1k be a tudom\u00e1nyok \u00e9s az \u00e9let titkaiba. Legf\u0151bb tan\u00edt\u00f3ja, Vit\u00e9z J\u00e1nos esztergomi \u00e9rsek volt. Kir\u00e1lyunk a magyaron k\u00edv\u00fcl n\u00e9gy nyelven is besz\u00e9lt foly\u00e9konyan, m\u00e9gpedig igen magas szinten. A tr\u00f3non k\u00f6zvetlen el\u0151de, a t\u00f6rv\u00e9nytelen \u00faton megkoron\u00e1zott V. L\u00e1szl\u00f3 kir\u00e1ly a hatalm\u00e1t f\u00e9ltv\u00e9n, Hunyadi L\u00e1szl\u00f3t kiv\u00e9geztette, M\u00e1ty\u00e1st pedig beb\u00f6rt\u00f6n\u00f6zte \u00e9s Pr\u00e1g\u00e1ban tartotta fogva. V. L\u00e1szl\u00f3 hirtelen hal\u00e1l\u00e1t k\u00f6vet\u0151en kiszabadult a v\u00e1rfogs\u00e1gb\u00f3l. Magyar f\u0151nemesekb\u0151l \u00e1ll\u00f3 d\u00edszes deleg\u00e1ci\u00f3 &#8211; \u00e9l\u00e9n nagyb\u00e1tyj\u00e1val, Szil\u00e1gyi Mih\u00e1llyal &#8211; ment el\u00e9be Pr\u00e1g\u00e1ba \u00e9s t\u00e9rtek vissza vele Bud\u00e1ra. A befagyott Duna jeg\u00e9n Esztergomn\u00e1l \u00e1tkelve mentek Bud\u00e1ra \u00e9s 1458. janu\u00e1r 24-\u00e9n, 15 \u00e9vesen kir\u00e1lly\u00e1 v\u00e1lasztott\u00e1k. Fiatal kor\u00e1ra tekintettel Szil\u00e1gyi Mih\u00e1lyt rendelt\u00e9k mell\u00e9 gy\u00e1mnak.<\/p>\n<p><img decoding=\"async\" class=\"aligncenter wp-image-50475 size-full\" src=\"https:\/\/dorogimedence.hu\/wp-content\/uploads\/2023\/02\/Vajdahunyad.jpg\" alt=\"\" width=\"1920\" height=\"1551\" srcset=\"https:\/\/dorogimedence.hu\/wp-content\/uploads\/2023\/02\/Vajdahunyad.jpg 1920w, https:\/\/dorogimedence.hu\/wp-content\/uploads\/2023\/02\/Vajdahunyad-300x242.jpg 300w, https:\/\/dorogimedence.hu\/wp-content\/uploads\/2023\/02\/Vajdahunyad-1024x827.jpg 1024w, https:\/\/dorogimedence.hu\/wp-content\/uploads\/2023\/02\/Vajdahunyad-768x620.jpg 768w, https:\/\/dorogimedence.hu\/wp-content\/uploads\/2023\/02\/Vajdahunyad-1536x1241.jpg 1536w, https:\/\/dorogimedence.hu\/wp-content\/uploads\/2023\/02\/Vajdahunyad-150x121.jpg 150w, https:\/\/dorogimedence.hu\/wp-content\/uploads\/2023\/02\/Vajdahunyad-450x364.jpg 450w, https:\/\/dorogimedence.hu\/wp-content\/uploads\/2023\/02\/Vajdahunyad-1200x969.jpg 1200w\" sizes=\"(max-width: 1920px) 100vw, 1920px\" \/><\/p>\n<p style=\"text-align: center;\"><em><span style=\"font-size: 10pt;\">Vajdahunyad v\u00e1ra, M\u00e1ty\u00e1s kir\u00e1ly gyerekkor\u00e1nak helysz\u00edne (forr\u00e1s: epiteszetforum.hu)<\/span><\/em><\/p>\n<p style=\"text-align: justify;\">Ekkor azonban m\u00e9g nem v\u00e1lhatott teljes \u00e9rt\u00e9k\u0171 kir\u00e1lly\u00e1, tekintve a magyar koron\u00e1z\u00e1si szertart\u00e1s szigor\u00fa felt\u00e9telei k\u00f6z\u00fcl mindj\u00e1rt az egyik legfontosabb, maga a korona hi\u00e1nya miatt csak kir\u00e1lyv\u00e1laszt\u00e1s t\u00f6rt\u00e9nhetett. Itt \u00e9rdemes megjegyezni, hogy mely pontoknak kellett marad\u00e9ktalanul teljes\u00fclni\u00fck a szab\u00e1lyos koron\u00e1z\u00e1shoz:<\/p>\n<ul>\n<li style=\"text-align: justify;\">A tr\u00f3nra l\u00e9p\u0151 kir\u00e1ly szem\u00e9ly\u00e9nek alkalmass\u00e1ga, amelynek egyik t\u00e9tele, hogy a nyelv\u00faj\u00edt\u00e1s \u00e9s t\u00f6rt\u00e9nelemtorz\u00edt\u00e1s sor\u00e1n bevezetett \u00faj nomenklatura szerint, az \u00c1rp\u00e1d-h\u00e1z (a korabeli magyar \u00e9s egyetemes kr\u00f3nik\u00e1k megnevez\u00e9s\u00e9ben a Turul nemzets\u00e9g, vagy Atilla kir\u00e1ly nemzets\u00e9ge) egyenes\u00e1gi lesz\u00e1rmazottja kell, hogy legyen. III. Andr\u00e1s kir\u00e1lyunk hal\u00e1l\u00e1val 1301-ben a Turul nemzets\u00e9g f\u00e9rfi \u00e1gon kihunyt, \u00edgy a rendek hat\u00e1rozata alapj\u00e1n \u00fagy m\u00f3dosult, hogy az \u00f6r\u00f6kl\u00e9s anyai \u00e1gon menjen tov\u00e1bb.<\/li>\n<li>A kir\u00e1ly megv\u00e1laszt\u00e1s\u00e1t a rendek h\u00e1romszori egybehangz\u00f3 k\u00f6zfelki\u00e1lt\u00e1ssal er\u0151s\u00edtik meg.<\/li>\n<li>A koron\u00e1z\u00e1si szertart\u00e1st nyilv\u00e1nos \u00fcnneps\u00e9g \u00e9s szent mise keret\u00e9n bel\u00fcl az orsz\u00e1g f\u0151urai \u00e9s a k\u00f6zn\u00e9p jelenl\u00e9t\u00e9ben kell megtartani.<\/li>\n<li>Kiz\u00e1r\u00f3lag csakis a Szent Koron\u00e1val t\u00f6rt\u00e9nhet.<\/li>\n<li>A koron\u00e1z\u00e1st az esztergomi \u00e9rseknek kell v\u00e9geznie.<\/li>\n<li>A koron\u00e1z\u00e1snak Feh\u00e9rv\u00e1ron kell t\u00f6rt\u00e9nnie.<\/li>\n<li>A koron\u00e1z\u00e1st jeles egyh\u00e1zi \u00fcnnepen kell tartani.<\/li>\n<li>A koron\u00e1z\u00e1s sor\u00e1n a megkoron\u00e1zand\u00f3t Szent Istv\u00e1n pal\u00e1stj\u00e1ba, harisny\u00e1j\u00e1ba \u00e9s saruj\u00e1ba kell \u00f6lt\u00f6ztetni.<\/li>\n<li style=\"text-align: justify;\">Miut\u00e1n az \u00e9rsek a kir\u00e1ly fej\u00e9re helyezi a Szent Koron\u00e1t, a megkoron\u00e1zottnak esk\u00fct kell tennie, l\u00f3rasz\u00e1llni, majd a koron\u00e1z\u00e1si dombra felhajtani, s ott lov\u00e1t k\u00e9tl\u00e1bra \u00e1ll\u00edtva kardj\u00e1val mind a n\u00e9gy \u00e9gt\u00e1j fel\u00e9 suhintania.<\/li>\n<li style=\"text-align: justify;\">Ezen fel\u00fcl volt m\u00e9g egy kit\u00e9lel, miszerint a magyar kir\u00e1ly b\u00e1rmelyik tr\u00f3nra megh\u00edvhat\u00f3, azonban magyar kir\u00e1ly egyetlen m\u00e1s orsz\u00e1g \u00e9l\u00e9n l\u00e9v\u0151 idegen uralkod\u00f3 sem lehet.<\/li>\n<\/ul>\n<p><img loading=\"lazy\" decoding=\"async\" class=\"aligncenter wp-image-50534 size-full\" src=\"https:\/\/dorogimedence.hu\/wp-content\/uploads\/2023\/02\/matyas-kiraly-koronazasa.jpg\" alt=\"\" width=\"800\" height=\"513\" srcset=\"https:\/\/dorogimedence.hu\/wp-content\/uploads\/2023\/02\/matyas-kiraly-koronazasa.jpg 800w, https:\/\/dorogimedence.hu\/wp-content\/uploads\/2023\/02\/matyas-kiraly-koronazasa-300x192.jpg 300w, https:\/\/dorogimedence.hu\/wp-content\/uploads\/2023\/02\/matyas-kiraly-koronazasa-768x492.jpg 768w, https:\/\/dorogimedence.hu\/wp-content\/uploads\/2023\/02\/matyas-kiraly-koronazasa-150x96.jpg 150w, https:\/\/dorogimedence.hu\/wp-content\/uploads\/2023\/02\/matyas-kiraly-koronazasa-450x289.jpg 450w\" sizes=\"(max-width: 800px) 100vw, 800px\" \/><\/p>\n<p style=\"text-align: center;\"><span style=\"font-size: 10pt;\"><em>M\u00e1ty\u00e1s megkoron\u00e1z\u00e1sa (forr\u00e1s: Tornyai Tibor festm\u00e9nye)<\/em><\/span><\/p>\n<p style=\"text-align: justify;\">A Szent Korona 1440 \u00f3ta fogs\u00e1gban volt, miut\u00e1n Luxemburgi Erzs\u00e9bet kir\u00e1lyn\u00e9 ellopatta Visegr\u00e1dr\u00f3l, hogy \u00fajsz\u00fcl\u00f6tt fi\u00e1t, a leend\u0151 V. L\u00e1szl\u00f3t megkoron\u00e1ztassa. Mivel ez t\u00f6rv\u00e9nytelennek min\u0151s\u00fclt, \u00edgy a magyar rendek I. Ul\u00e1szl\u00f3t h\u00edvt\u00e1k meg a tr\u00f3nra, azonban az \u00e1ltaluk v\u00e1lasztott kir\u00e1ly sem volt t\u00f6rv\u00e9nyes. A koron\u00e1t Erzs\u00e9bet tartotta mag\u00e1n\u00e1l, amelyet k\u00e9s\u0151bb elz\u00e1logos\u00edtott III. Frigyes n\u00e9met kir\u00e1ly \u00e9s n\u00e9met-r\u00f3mai cs\u00e1sz\u00e1rnak. \u00cdgy M\u00e1ty\u00e1s els\u0151 \u00e9s legfontosabb teend\u0151je a Szent Korona visszaszerz\u00e9se volt, amely\u00e9rt nagy \u00e1rat kellett fizetnie. Nem csak a kialkudott 40 ezer aranyforint &#8211; amelyet a cs\u00e1sz\u00e1r menetk\u00f6zben 80 ezerre emelt &#8211; r\u00fagott hatalmas \u00f6sszegre, hanem M\u00e1ty\u00e1s k\u00e9nytelen volt kompromisszumot is k\u00f6tni, miszerint Frigyes fi\u00e1v\u00e1 fogadja \u00e9s amennyiben M\u00e1ty\u00e1s ut\u00f3d n\u00e9lk\u00fcl halna meg, \u00fagy Frigyes Miksa nev\u0171 fia lesz a tr\u00f3n\u00f6r\u00f6k\u00f6s. A meg\u00e1llapod\u00e1s megk\u00f6t\u00e9sekor M\u00e1ty\u00e1s feles\u00e9ge, Podjebr\u00e1d Katalin m\u00e1r v\u00e1rand\u00f3s volt leend\u0151 fiukkal, akinek megsz\u00fclet\u00e9se n\u00e9h\u00e1ny h\u00e9ttel a kit\u0171z\u00f6tt koron\u00e1z\u00e1s napja el\u0151tt volt esed\u00e9kes.<\/p>\n<p><img loading=\"lazy\" decoding=\"async\" class=\"aligncenter wp-image-50479 size-full\" src=\"https:\/\/dorogimedence.hu\/wp-content\/uploads\/2023\/02\/Matyas-Budara-vonul-1458.jpg\" alt=\"\" width=\"800\" height=\"536\" srcset=\"https:\/\/dorogimedence.hu\/wp-content\/uploads\/2023\/02\/Matyas-Budara-vonul-1458.jpg 800w, https:\/\/dorogimedence.hu\/wp-content\/uploads\/2023\/02\/Matyas-Budara-vonul-1458-300x201.jpg 300w, https:\/\/dorogimedence.hu\/wp-content\/uploads\/2023\/02\/Matyas-Budara-vonul-1458-768x515.jpg 768w, https:\/\/dorogimedence.hu\/wp-content\/uploads\/2023\/02\/Matyas-Budara-vonul-1458-150x101.jpg 150w, https:\/\/dorogimedence.hu\/wp-content\/uploads\/2023\/02\/Matyas-Budara-vonul-1458-450x302.jpg 450w, https:\/\/dorogimedence.hu\/wp-content\/uploads\/2023\/02\/Matyas-Budara-vonul-1458-272x182.jpg 272w\" sizes=\"(max-width: 800px) 100vw, 800px\" \/><\/p>\n<p style=\"text-align: center;\"><em><span style=\"font-size: 10pt;\">M\u00e1ty\u00e1s bevonul\u00e1sa Bud\u00e1ra 1458-ban (forr\u00e1s: www.tortenelemutravalo.hu)<\/span><\/em><\/p>\n<p style=\"text-align: justify;\">Azonban Katalin \u00e9s az \u00fajsz\u00fcl\u00f6tt fiuk n\u00e9h\u00e1ny nappal a sz\u00fcl\u00e9st k\u00f6vet\u0151en, m\u00e1rcius 8-\u00e1n elhunyt. Ilyen trag\u00e9dia k\u00f6zepette ker\u00fclt sor a koron\u00e1z\u00e1sra 1464. m\u00e1rcius 29-\u00e9n, Nagycs\u00fct\u00f6rt\u00f6k\u00f6n. Kir\u00e1lyunk tr\u00f3nral\u00e9p\u00e9sekor az orsz\u00e1got minden ir\u00e1nyb\u00f3l ellens\u00e9gek fenyegett\u00e9k, ez\u00e9rt a legfontosabb a hat\u00e1rok biztos\u00edt\u00e1sa volt, amelyet M\u00e1ty\u00e1s sikeres hadvisel\u00e9ssel megoldott. Az akkori kereszt\u00e9ny vil\u00e1g &#8211; \u00e9l\u00e9n a p\u00e1p\u00e1val &#8211; a t\u00f6r\u00f6k elleni harcok folytat\u00e1s\u00e1t v\u00e1rta el a magyar uralkod\u00f3t\u00f3l, aki a d\u00e9li v\u00e9geken folyamatos, egyben eredm\u00e9nyes csat\u00e1roz\u00e1sokat v\u00edvott, azonban haz\u00e1nk ter\u00fclet\u00e9t nyugatr\u00f3l \u00e9s \u00e9szakr\u00f3l is \u00e1lland\u00f3an igyekeztek k\u00fcls\u0151 er\u0151k t\u00e1madni. Miut\u00e1n M\u00e1ty\u00e1s visszaszerezte a t\u00f6r\u00f6k\u00f6k \u00e1ltal megsz\u00e1llt ter\u00fcleteinket \u00e9s biztos\u00edtotta a d\u00e9li hat\u00e1rainkat, b\u00e9k\u00e9t k\u00f6t\u00f6tt a szult\u00e1nnal \u00e9s a fentebb eml\u00edtett betolakod\u00f3k ellen vonult. Valamennyi ellens\u00e9ges er\u0151t visszavert, \u00edgy az orsz\u00e1g ter\u00fclet\u00e9t nem fenyegette vesz\u00e9ly. M\u00e1ty\u00e1s nemcsak kiv\u00e1l\u00f3 hadvez\u00e9r volt, de sereg\u00e9t is alaposan megszervezve \u00e9s n\u00f6velve, a kor leger\u0151sebb, legf\u00e9lelmetesebb haderej\u00e9vel, a Fekete sereggel rendelkezett. A roppant hader\u0151 fenntart\u00e1sa \u00e9s a folyamatos h\u00e1bor\u00fak komoly anyagi terheket jelentettek, amelyeket r\u00e9szben az ad\u00f3kkal fedezett. Azonban a lakoss\u00e1got terhel\u0151 befizetnival\u00f3k\u00e9rt cser\u00e9ben b\u00e9k\u00e9s, biztons\u00e1gos \u00e9letetet biztos\u00edtott az orsz\u00e1gnak a kir\u00e1ly. Magyarorsz\u00e1g gyarapod\u00e1snak indult, s nemcsak nagyvolumen\u0171 \u00e9p\u00edtkez\u00e9sek, fejleszt\u00e9sek zajlottak, de a kult\u00fara ter\u00e9n is haz\u00e1nk visszanyerte eredeti f\u00e9ny\u00e9t \u00e9s rangj\u00e1t. Ezen fel\u00fcl a kir\u00e1ly igyekezett a t\u00f6rv\u00e9nyek marad\u00e9ktalan betartat\u00e1sa mellett nemcsak egyenl\u0151 jog-, hanem p\u00e9ld\u00e1tlan igazs\u00e1gszolg\u00e1ltat\u00e1st is eszk\u00f6z\u00f6lni \u00e9s az orsz\u00e1g minden lakos\u00e1nak val\u00f3di szabads\u00e1got garant\u00e1lni. M\u00e1ty\u00e1sr\u00f3l m\u00e9g leg\u00e1d\u00e1zabb ellens\u00e9gei is elismer\u0151en v\u00e9lekedtek, akinek igazs\u00e1gszeretet\u00e9t \u00e9s az adott szav\u00e1t megk\u00e9rd\u0151jelezhetetlennek tartott\u00e1k.<\/p>\n<p><img loading=\"lazy\" decoding=\"async\" class=\"aligncenter wp-image-50480 size-full\" src=\"https:\/\/dorogimedence.hu\/wp-content\/uploads\/2023\/02\/10704147_858360587531799_6392950927007242780_n.jpg\" alt=\"\" width=\"780\" height=\"364\" srcset=\"https:\/\/dorogimedence.hu\/wp-content\/uploads\/2023\/02\/10704147_858360587531799_6392950927007242780_n.jpg 780w, https:\/\/dorogimedence.hu\/wp-content\/uploads\/2023\/02\/10704147_858360587531799_6392950927007242780_n-300x140.jpg 300w, https:\/\/dorogimedence.hu\/wp-content\/uploads\/2023\/02\/10704147_858360587531799_6392950927007242780_n-768x358.jpg 768w, https:\/\/dorogimedence.hu\/wp-content\/uploads\/2023\/02\/10704147_858360587531799_6392950927007242780_n-150x70.jpg 150w, https:\/\/dorogimedence.hu\/wp-content\/uploads\/2023\/02\/10704147_858360587531799_6392950927007242780_n-450x210.jpg 450w\" sizes=\"(max-width: 780px) 100vw, 780px\" \/><\/p>\n<p style=\"text-align: center;\"><span style=\"font-size: 10pt;\"><em>P\u00e1pai k\u00f6vet M\u00e1ty\u00e1s udvar\u00e1ban (forr\u00e1s: \u00dajkor.hu)<\/em><\/span><\/p>\n<p style=\"text-align: justify;\">Noha az orsz\u00e1g ereje \u00e9s gazdags\u00e1ga Nagy Lajos kir\u00e1lyunk kor\u00e1t id\u00e9zte, m\u00e9gis akadtak el\u00e9gedetlenked\u0151k, akiket r\u00e9szben k\u00fcls\u0151 r\u00e1hat\u00e1ssal a kir\u00e1ly ellen pr\u00f3b\u00e1ltak ford\u00edtani, s\u0151t egy komolyabb fok\u00fa \u00f6sszeesk\u00fcv\u00e9st is szerveztek, k\u00f6zt\u00fck olyan szem\u00e9lyekkel, akik M\u00e1ty\u00e1s k\u00f6zvetlen h\u00edveinek sz\u00e1m\u00edtottak, mint maga Szil\u00e1gyi Mih\u00e1ly, vagy Vit\u00e9z J\u00e1nos \u00e9s Janus Pannonius. A kir\u00e1ly fel\u00fclkerekedett az \u00e1rm\u00e1nyokon, m\u00edg az \u00f6sszeesk\u00fcv\u0151k beismert\u00e9k t\u00e9ved\u00e9s\u00fcket, k\u00e9rve a kir\u00e1ly kegyelm\u00e9t, aki megbocs\u00e1jtott. Elvitathatatlan t\u00e9nyk\u00e9nt jegyezt\u00e9k meg kort\u00e1rsai is M\u00e1ty\u00e1sr\u00f3l, hogy orsz\u00e1g\u00e1nak \u00e9rdekeit mindenkor szem el\u0151tt tartotta. Er\u00e9nye \u00e9s sz\u00e1mos j\u00f3 tett\u00e9n t\u00fal, el\u00e9v\u00fclhetetlen szerepe napjainkig is kisug\u00e1roz. A N\u00e1ndorfeh\u00e9rv\u00e9rv\u00e1ri diadallal, majd M\u00e1ty\u00e1s uralkod\u00e1s\u00e1nak hat\u00e1saival k\u00f6zel egy \u00e9vsz\u00e1zadnyi id\u0151t nyert a magyars\u00e1g. E k\u00e9t t\u00e9tel n\u00e9lk\u00fcl haz\u00e1nk alighanem j\u00f3val kor\u00e1bban elszenvedte volna a Moh\u00e1csn\u00e1l t\u00f6rt\u00e9nt trag\u00e9di\u00e1t \u00e9s az abb\u00f3l fakad\u00f3 k\u00f6zelj\u00f6v\u0151 neh\u00e9zs\u00e9geit. Kor\u00e1ntsem mindegy, hogy a nemzeti eml\u00e9kezet ennyi id\u0151vel gazdagabban hagyom\u00e1nyoz\u00f3dott az ut\u00f3korra, amelyre keserves \u00e9vsz\u00e1zadok v\u00e1rtak. Ezen v\u00e9szj\u00f3sl\u00f3 id\u0151szak \u00e1tv\u00e9szel\u00e9s\u00e9ben sokkal nagyobb adal\u00e9kot kaphatott \u00fatraval\u00f3k\u00e9nt.<\/p>\n<p><img loading=\"lazy\" decoding=\"async\" class=\"aligncenter wp-image-50484 size-full\" src=\"https:\/\/dorogimedence.hu\/wp-content\/uploads\/2023\/02\/cluj-napoca-statuia-lui-matei-corvin-de-ioan-fadrusz-material-iconografic-matei-12b021-1024-1.jpg\" alt=\"\" width=\"713\" height=\"1024\" srcset=\"https:\/\/dorogimedence.hu\/wp-content\/uploads\/2023\/02\/cluj-napoca-statuia-lui-matei-corvin-de-ioan-fadrusz-material-iconografic-matei-12b021-1024-1.jpg 713w, https:\/\/dorogimedence.hu\/wp-content\/uploads\/2023\/02\/cluj-napoca-statuia-lui-matei-corvin-de-ioan-fadrusz-material-iconografic-matei-12b021-1024-1-209x300.jpg 209w, https:\/\/dorogimedence.hu\/wp-content\/uploads\/2023\/02\/cluj-napoca-statuia-lui-matei-corvin-de-ioan-fadrusz-material-iconografic-matei-12b021-1024-1-150x215.jpg 150w, https:\/\/dorogimedence.hu\/wp-content\/uploads\/2023\/02\/cluj-napoca-statuia-lui-matei-corvin-de-ioan-fadrusz-material-iconografic-matei-12b021-1024-1-450x646.jpg 450w\" sizes=\"(max-width: 713px) 100vw, 713px\" \/><\/p>\n<p style=\"text-align: center;\"><span style=\"font-size: 10pt;\">A csod\u00e1latos M\u00e1ty\u00e1s kir\u00e1ly szoborkompoz\u00edci\u00f3 Kolozsv\u00e1ron (forr\u00e1s: www.omnia.ie)<\/span><\/p>\n<p style=\"text-align: justify;\">M\u00e1ty\u00e1s \u00f6zvegys\u00e9gben t\u00f6lt\u00f6tt \u00e9vei sor\u00e1n Edelpeck Borb\u00e1l\u00e1val val\u00f3 szerelmi kapcsolat\u00e1b\u00f3l egy fi\u00fa ut\u00f3d, Corvin J\u00e1nos sz\u00fcletett. A kir\u00e1ly 1476-ban feles\u00e9g\u00fcl vette Arag\u00f3niai Beatrix n\u00e1polyi kir\u00e1lyi hercegn\u0151t, azonban miut\u00e1n ebb\u0151l a h\u00e1zass\u00e1gb\u00f3l nem sz\u00fcletett gyermek, \u00edgy mindent elk\u00f6vetett, hogy Corvin J\u00e1nost t\u00f6rv\u00e9nyes\u00edtve ut\u00f3dak\u00e9nt nevezhesse meg. \u00dagy t\u0171nt, hogy igyekezete szerencs\u00e9sen meg is val\u00f3sulhat, miut\u00e1n a f\u0151urak \u00e9s h\u00edvei d\u00f6nt\u0151 t\u00f6bbs\u00e9ge megesk\u00fcd\u00f6tt, hogy biztos\u00edtani fogj\u00e1k a tr\u00f3nt M\u00e1ty\u00e1s fia r\u00e9sz\u00e9re, a kir\u00e1ly hal\u00e1l\u00e1t k\u00f6vet\u0151en. Sajnos m\u00e9gsem \u00edgy t\u00f6rt\u00e9nt, amelyben szerepet j\u00e1tszhatott M\u00e1ty\u00e1s korai \u00e9s felt\u00e9telezhet\u0151en (egyes t\u00e9zisek szerint teljesen megalapozott t\u00e9nyekkel bizony\u00edtottan) mer\u00e9nylet \u00e1ltali hal\u00e1la, aki a megh\u00f3d\u00edtott B\u00e9cs v\u00e1r\u00e1ban 1490. \u00e1prilis 6-\u00e1n, 47 esztend\u0151s kor\u00e1ban fejezte be f\u00f6ldi k\u00fcldtet\u00e9s\u00e9t. Vele egy\u00fctt a magyars\u00e1g b\u00edztat\u00f3 j\u00f6v\u0151k\u00e9pe \u00e9s csillaga is s\u00edrbasz\u00e1llt, mert v\u00e9g\u00fcl nem siker\u00fclt v\u00e9gigvinni Corvin J\u00e1nos megkoron\u00e1z\u00e1s\u00e1t, hanem helyette egy b\u00e1bkir\u00e1lyt, II. Ul\u00e1szl\u00f3t \u00fcltett\u00e9k a tr\u00f3nra. Innen pedig egyenes \u00fat vezetett el\u0151bb a moh\u00e1csi v\u00e9szig, majd Buda elest\u00e9vel az apostoli Magyar Kir\u00e1lys\u00e1g sz\u00e9tes\u00e9s\u00e9ig, v\u00e9g\u00fcl az orsz\u00e1g teljes leig\u00e1z\u00e1s\u00e1ig.<\/p>\n<p><img loading=\"lazy\" decoding=\"async\" class=\"aligncenter wp-image-50482 size-full\" src=\"https:\/\/dorogimedence.hu\/wp-content\/uploads\/2023\/02\/Matyas-homokszobor.jpg\" alt=\"\" width=\"1600\" height=\"1200\" srcset=\"https:\/\/dorogimedence.hu\/wp-content\/uploads\/2023\/02\/Matyas-homokszobor.jpg 1600w, https:\/\/dorogimedence.hu\/wp-content\/uploads\/2023\/02\/Matyas-homokszobor-300x225.jpg 300w, https:\/\/dorogimedence.hu\/wp-content\/uploads\/2023\/02\/Matyas-homokszobor-1024x768.jpg 1024w, https:\/\/dorogimedence.hu\/wp-content\/uploads\/2023\/02\/Matyas-homokszobor-768x576.jpg 768w, https:\/\/dorogimedence.hu\/wp-content\/uploads\/2023\/02\/Matyas-homokszobor-1536x1152.jpg 1536w, https:\/\/dorogimedence.hu\/wp-content\/uploads\/2023\/02\/Matyas-homokszobor-150x113.jpg 150w, https:\/\/dorogimedence.hu\/wp-content\/uploads\/2023\/02\/Matyas-homokszobor-450x338.jpg 450w, https:\/\/dorogimedence.hu\/wp-content\/uploads\/2023\/02\/Matyas-homokszobor-1200x900.jpg 1200w\" sizes=\"(max-width: 1600px) 100vw, 1600px\" \/><\/p>\n<p style=\"text-align: center;\"><span style=\"font-size: 10pt;\"><em>Az esztergomi monument\u00e1lis homokszobor 2021 augusztus\u00e1ban (forr\u00e1s: K\u00f6zt\u00e9rk\u00e9p.hu)<\/em><\/span><\/p>\n<p style=\"text-align: justify;\">A fentiekben meg lett eml\u00edtve, hogy kir\u00e1lly\u00e1 v\u00e1laszt\u00e1s\u00e1t megel\u0151z\u0151en, amikor pr\u00e1gai raboskod\u00e1s\u00e1t k\u00f6vet\u0151en kiszabadulva, k\u00fcld\u00f6tts\u00e9g\u00e9vel Bud\u00e1ra tartva Esztergomn\u00e1l kelt \u00e1t a Dun\u00e1n. Ezen fel\u00fcl is sz\u00e1mos egy\u00e9b ponttal kapcsol\u00f3dik, vagy k\u00f6thet\u0151 nagy kir\u00e1lyunk szem\u00e9lye t\u00e9rs\u00e9g\u00fcnkh\u00f6z. Egyes feljegyz\u00e9sek szerint dorogi bort is szolg\u00e1ltak fel a kir\u00e1ly visegr\u00e1di rezidenci\u00e1j\u00e1n, valamint a B\u00e9cs ostrom\u00e1ra indul\u00f3 Fekete sereggel is Dorogon kereszt\u00fcl vonult. Ezen fel\u00fcl a Hunyadi csal\u00e1d z\u00e1szlaj\u00e1nak sz\u00edneihez hasonlatosan Dorog v\u00e1ros z\u00e1szlaja is piros-fekete, amely bizonyos formaelemek tekintet\u00e9ben is k\u00f6veti a Hunyadiak z\u00e1szlaj\u00e1t. K\u00f6rzet\u00fcnkben l\u00e9v\u0151 telep\u00fcl\u00e9sek k\u00f6z\u00fcl Esztergomban, Dorogon, T\u00e1ton \u00e9s Szomoron is neveztek el utc\u00e1t M\u00e1ty\u00e1s kir\u00e1lyr\u00f3l, tov\u00e1bb\u00e1 Dorogon a M\u00e1ty\u00e1s kir\u00e1ly vend\u00e9gh\u00e1z is \u0151rzi nev\u00e9t, valamint Esztergomban Beatrix kir\u00e1lyn\u00e9 utca is van, m\u00e9gpedig k\u00f6zveteln\u00fcl a M\u00e1ty\u00e1s kir\u00e1ly utca mellett. Ezen fel\u00fcl \u00e9rdemes m\u00e9ltatni a k\u00e9t \u00e9vvel ezel\u0151tt homokb\u00f3l emelt M\u00e1ty\u00e1s kir\u00e1ly 4 m\u00e9teres mellszobrot Esztergomban, amelyet Monostori Ferenc, az ismert homokszobr\u00e1sz k\u00e9sz\u00edtett.<\/p>\n<p><img loading=\"lazy\" decoding=\"async\" class=\"aligncenter wp-image-50577\" src=\"https:\/\/dorogimedence.hu\/wp-content\/uploads\/2023\/02\/Matyas-kiraly-cimere-230x300.png\" alt=\"\" width=\"354\" height=\"462\" srcset=\"https:\/\/dorogimedence.hu\/wp-content\/uploads\/2023\/02\/Matyas-kiraly-cimere-230x300.png 230w, https:\/\/dorogimedence.hu\/wp-content\/uploads\/2023\/02\/Matyas-kiraly-cimere-150x196.png 150w, https:\/\/dorogimedence.hu\/wp-content\/uploads\/2023\/02\/Matyas-kiraly-cimere-450x587.png 450w, https:\/\/dorogimedence.hu\/wp-content\/uploads\/2023\/02\/Matyas-kiraly-cimere.png 481w\" sizes=\"(max-width: 354px) 100vw, 354px\" \/><\/p>\n<p style=\"text-align: center;\"><span style=\"font-size: 10pt;\"><em>M\u00e1ty\u00e1s kir\u00e1ly c\u00edmere <\/em><\/span><\/p>\n<p style=\"text-align: center;\"><span style=\"font-size: 10pt;\"><em>(forr\u00e1s: I. K\u00e9pek \u00e9s portr\u00e9k a magyar \u00e1llam vir\u00e1gkor\u00e1b\u00f3l &#8211; www.nkp.hu)<\/em><\/span><\/p>\n<p style=\"text-align: justify;\">A t\u00f6rt\u00e9nelem nem csup\u00e1n a m\u00falt mozzanatainak a szem\u00e9lyek neveivel \u00e9s \u00e9vsz\u00e1mokkal vegy\u00edtett halmaza, s ugyancsak nem lehet kiz\u00e1r\u00f3lag f\u00f6ldh\u00f6zragadt form\u00e1ban vizsg\u00e1lni, \u00e9rtelmezni. Sokkal ink\u00e1bb \u00e9rdemes \u00f6sszef\u00fcgg\u00e9seiben \u00e9s gyakorta \u00fcdvt\u00f6t\u00e9neti szinten is elm\u00e9lyedni benne, egys\u00e9g\u00e9ben l\u00e1tni. M\u00e1ty\u00e1s kir\u00e1ly kora \u00f6nmag\u00e1ban is roppant izgalmas \u00e9s \u00fcdvt\u00f6rt\u00e9neti sz\u00ednezettel gazdag id\u0151szak, amelyb\u0151l a magyars\u00e1g teljes \u00fcdvt\u00f6rt\u00e9nete is visszafejthet\u0151, vagy \u00e9ppen kiteljes\u00edthet\u0151. T\u00f6bb magasztos t\u00e9tel, mint M\u00e1ty\u00e1s sz\u00fclet\u00e9snapj\u00e1nak miszt\u00e9riuma, neve jelent\u00e9s\u00e9nek bet\u00f6lt\u00e9se, a turulb\u00f3l lett holl\u00f3 \u00e9s J\u00e9zus k\u00e1lv\u00e1ri\u00e1j\u00e1nak magyar t\u00f6rt\u00e9nelmi p\u00e1rhuzama felt\u00e9tlen meg\u00e9rne egy \u00f6n\u00e1ll\u00f3 tanulm\u00e1nyt is. Legels\u0151 apostol kir\u00e1lyunkat, Szent Istv\u00e1nt J\u00e9zus sz\u00fclet\u00e9snapj\u00e1n, m\u00edg a legutols\u00f3t, M\u00e1ty\u00e1st a Vil\u00e1gmegv\u00e1lt\u00f3 apostolai k\u00f6r\u00e9ben t\u00f6lt\u00f6tt utols\u00f3 vacsor\u00e1ja \u00e9s a t\u0151l\u00fck val\u00f3 b\u00facs\u00faz\u00e1s napj\u00e1n koron\u00e1zt\u00e1k. Iskari\u00f3ti J\u00fad\u00e1s kies\u00e9s\u00e9vel a tizenkettedik apostol bet\u00f6lt\u00e9s\u00e9re v\u00e1laszott M\u00e1ty\u00e1s apostollal lett ism\u00e9t teljes a tan\u00edtv\u00e1nyok k\u00f6re. J\u00e9zus 33 \u00e9ves kor\u00e1ban fejezte be f\u00f6ldi k\u00fcldet\u00e9s\u00e9t, Hunyadi M\u00e1ty\u00e1s pedig a 33., egyben legutols\u00f3 teljes\u00e9rt\u00e9k\u0171 magyar kir\u00e1lyunk volt a sorban, akinek hal\u00e1la Nagykedden t\u00f6rt\u00e9nt. Szem\u00e9ly\u00e9nek fennk\u00f6lt megtestes\u00fcl\u00e9s\u00e9t a mai napig \u00e1that\u00f3an tov\u00e1bb \u00f6r\u00f6k\u00edtette \u00e9s meg\u0151rizte a n\u00e9pl\u00e9lek.<\/p>\n<p style=\"text-align: center;\"><span style=\"text-decoration: underline;\"><em>Forr\u00e1sok, felhaszn\u00e1lt irodalom<\/em><\/span><\/p>\n<ul>\n<li>Sz\u00e1ntai Lajos: M\u00e1ty\u00e1s kir\u00e1ly \u00e9s az igazs\u00e1g f\u00e9nye &#8211; Nimr\u00f3d kir\u00e1lyt\u00f3l a Szent Koron\u00e1ig, el\u0151ad\u00e1s-sorozat, 2022.<\/li>\n<li>Zr\u00ednyi Mikl\u00f3s: M\u00e1ty\u00e1s kir\u00e1ly \u00e9let\u00e9r\u0151l val\u00f3 elm\u00e9lked\u00e9sek, 1656. &#8211; Magyar Bibliofil T\u00e1rsas\u00e1g, 1990.<\/li>\n<li>Sz\u00e1ntai Lajos: M\u00e1ty\u00e1s \u00e9s a P\u00e1losok &#8211; Docplayer.hu, 2016.<\/li>\n<li>Drask\u00f3czy Istv\u00e1n: Dorog a k\u00f6z\u00e9pkorban \u00e9s a t\u00f6r\u00f6k id\u0151kben &#8211; Dorogi f\u00fczetek 10., 1994.<\/li>\n<li>Dr. Varga Tibor: M\u00e1ty\u00e1s kir\u00e1ly igazs\u00e1ga &#8211; www.MagyarVagyok.com, 2011.<\/li>\n<li>Dr. Pap G\u00e1bor: Holl\u00f3s M\u00e1ty\u00e1s az \u00fcdvt\u00f6rt\u00e9net id\u0151rendj\u00e9ben &#8211; KM. Krist\u00e1ly M\u00e9dia, 2019.<\/li>\n<\/ul>\n<p><em><strong>Szab\u00f3 Gyula<\/strong><\/em><\/p>\n","protected":false},"excerpt":{"rendered":"<p>580 \u00e9ve sz\u00fcletett a magyar \u00e9s egyetemes t\u00f6rt\u00e9nelem egyik legkiemelked\u0151bb alakja, Hunyadi M\u00e1ty\u00e1s, aki az utols\u00f3 teljes \u00e9rt\u00e9k\u0171 magyar kir\u00e1ly volt. \u00c9letm\u0171ve \u00e9s karizmatikus szem\u00e9lyis\u00e9ge a kor legmagasztosabb szellem\u00e9v\u00e9 emelte, amely egyben haz\u00e1nk \u00e9s nemzet\u00fcnk \u00e9rt\u00e9kment\u00e9s\u00e9nek elengedhetetlen z\u00e1loga lett a j\u00f6vend\u0151t illet\u0151en. Az idei \u00e9vben kett\u0151s \u00e9vfordul\u00f3ja l\u00e9v\u00e9n, megk\u00fcl\u00f6nb\u00f6ztetett figyelemmel \u00e9s tisztelettel ad\u00f3zunk eml\u00e9k\u00e9nek. 1443.<\/p>\n","protected":false},"author":4,"featured_media":50427,"comment_status":"closed","ping_status":"closed","sticky":false,"template":"","format":"standard","meta":{"ngg_post_thumbnail":0,"footnotes":""},"categories":[3,6031,6574],"tags":[5856,266],"class_list":{"0":"post-50428","1":"post","2":"type-post","3":"status-publish","4":"format-standard","5":"has-post-thumbnail","7":"category-hirek","8":"category-kerek-evfordulok","9":"category-tortenelmi-evfordulok","10":"tag-matyas-kiraly","11":"tag-tortenelem"},"yoast_head":"<!-- This site is optimized with the Yoast SEO plugin v27.4 - https:\/\/yoast.com\/product\/yoast-seo-wordpress\/ -->\n<title>580 \u00e9ve sz\u00fcletett M\u00e1ty\u00e1s kir\u00e1ly \u00e9s kir\u00e1lly\u00e1 v\u00e1laszt\u00e1s\u00e1nak 565. \u00e9vfordul\u00f3ja<\/title>\n<meta name=\"robots\" content=\"index, follow, max-snippet:-1, max-image-preview:large, max-video-preview:-1\" \/>\n<link rel=\"canonical\" href=\"https:\/\/dorogimedence.hu\/index.php\/2023\/02\/24\/580-eve-szuletett-matyas-kiraly-es-kirallya-valasztasanak-565-evforduloja\/\" class=\"yoast-seo-meta-tag\" \/>\n<meta property=\"og:locale\" content=\"hu_HU\" class=\"yoast-seo-meta-tag\" \/>\n<meta property=\"og:type\" content=\"article\" class=\"yoast-seo-meta-tag\" \/>\n<meta property=\"og:title\" content=\"580 \u00e9ve sz\u00fcletett M\u00e1ty\u00e1s kir\u00e1ly \u00e9s kir\u00e1lly\u00e1 v\u00e1laszt\u00e1s\u00e1nak 565. \u00e9vfordul\u00f3ja\" class=\"yoast-seo-meta-tag\" \/>\n<meta property=\"og:description\" content=\"580 \u00e9ve sz\u00fcletett a magyar \u00e9s egyetemes t\u00f6rt\u00e9nelem egyik legkiemelked\u0151bb alakja, Hunyadi M\u00e1ty\u00e1s, aki az utols\u00f3 teljes \u00e9rt\u00e9k\u0171 magyar kir\u00e1ly volt. \u00c9letm\u0171ve \u00e9s karizmatikus szem\u00e9lyis\u00e9ge a kor legmagasztosabb szellem\u00e9v\u00e9 emelte, amely egyben haz\u00e1nk \u00e9s nemzet\u00fcnk \u00e9rt\u00e9kment\u00e9s\u00e9nek elengedhetetlen z\u00e1loga lett a j\u00f6vend\u0151t illet\u0151en. Az idei \u00e9vben kett\u0151s \u00e9vfordul\u00f3ja l\u00e9v\u00e9n, megk\u00fcl\u00f6nb\u00f6ztetett figyelemmel \u00e9s tisztelettel ad\u00f3zunk eml\u00e9k\u00e9nek. 1443.\" class=\"yoast-seo-meta-tag\" \/>\n<meta property=\"og:url\" content=\"https:\/\/dorogimedence.hu\/index.php\/2023\/02\/24\/580-eve-szuletett-matyas-kiraly-es-kirallya-valasztasanak-565-evforduloja\/\" class=\"yoast-seo-meta-tag\" \/>\n<meta property=\"og:site_name\" content=\"Dorogi-medence Region\u00e1lis H\u00edrport\u00e1l\" class=\"yoast-seo-meta-tag\" \/>\n<meta property=\"article:publisher\" content=\"https:\/\/www.facebook.com\/dorogimedence\/\" class=\"yoast-seo-meta-tag\" \/>\n<meta property=\"article:published_time\" content=\"2023-02-24T06:04:05+00:00\" class=\"yoast-seo-meta-tag\" \/>\n<meta property=\"article:modified_time\" content=\"2024-03-28T20:17:36+00:00\" class=\"yoast-seo-meta-tag\" \/>\n<meta property=\"og:image\" content=\"https:\/\/dorogimedence.hu\/wp-content\/uploads\/2023\/02\/Matyas-kiraly-borito.jpg\" class=\"yoast-seo-meta-tag\" \/>\n\t<meta property=\"og:image:width\" content=\"400\" class=\"yoast-seo-meta-tag\" \/>\n\t<meta property=\"og:image:height\" content=\"300\" class=\"yoast-seo-meta-tag\" \/>\n\t<meta property=\"og:image:type\" content=\"image\/jpeg\" class=\"yoast-seo-meta-tag\" \/>\n<meta name=\"author\" content=\"Szab\u00f3 Gyula\" class=\"yoast-seo-meta-tag\" \/>\n<meta name=\"twitter:card\" content=\"summary_large_image\" class=\"yoast-seo-meta-tag\" \/>\n<meta name=\"twitter:label1\" content=\"Szerz\u0151:\" class=\"yoast-seo-meta-tag\" \/>\n\t<meta name=\"twitter:data1\" content=\"Szab\u00f3 Gyula\" class=\"yoast-seo-meta-tag\" \/>\n\t<meta name=\"twitter:label2\" content=\"Becs\u00fclt olvas\u00e1si id\u0151\" class=\"yoast-seo-meta-tag\" \/>\n\t<meta name=\"twitter:data2\" content=\"15 perc\" class=\"yoast-seo-meta-tag\" \/>\n<script type=\"application\/ld+json\" class=\"yoast-schema-graph\">{\"@context\":\"https:\\\/\\\/schema.org\",\"@graph\":[{\"@type\":\"Article\",\"@id\":\"https:\\\/\\\/dorogimedence.hu\\\/index.php\\\/2023\\\/02\\\/24\\\/580-eve-szuletett-matyas-kiraly-es-kirallya-valasztasanak-565-evforduloja\\\/#article\",\"isPartOf\":{\"@id\":\"https:\\\/\\\/dorogimedence.hu\\\/index.php\\\/2023\\\/02\\\/24\\\/580-eve-szuletett-matyas-kiraly-es-kirallya-valasztasanak-565-evforduloja\\\/\"},\"author\":{\"name\":\"Szab\u00f3 Gyula\",\"@id\":\"https:\\\/\\\/dorogimedence.hu\\\/#\\\/schema\\\/person\\\/76605e8151ec1b7376385cd184ede973\"},\"headline\":\"580 \u00e9ve sz\u00fcletett M\u00e1ty\u00e1s kir\u00e1ly \u00e9s kir\u00e1lly\u00e1 v\u00e1laszt\u00e1s\u00e1nak 565. \u00e9vfordul\u00f3ja\",\"datePublished\":\"2023-02-24T06:04:05+00:00\",\"dateModified\":\"2024-03-28T20:17:36+00:00\",\"mainEntityOfPage\":{\"@id\":\"https:\\\/\\\/dorogimedence.hu\\\/index.php\\\/2023\\\/02\\\/24\\\/580-eve-szuletett-matyas-kiraly-es-kirallya-valasztasanak-565-evforduloja\\\/\"},\"wordCount\":2964,\"publisher\":{\"@id\":\"https:\\\/\\\/dorogimedence.hu\\\/#organization\"},\"image\":{\"@id\":\"https:\\\/\\\/dorogimedence.hu\\\/index.php\\\/2023\\\/02\\\/24\\\/580-eve-szuletett-matyas-kiraly-es-kirallya-valasztasanak-565-evforduloja\\\/#primaryimage\"},\"thumbnailUrl\":\"https:\\\/\\\/dorogimedence.hu\\\/wp-content\\\/uploads\\\/2023\\\/02\\\/Matyas-kiraly-borito.jpg\",\"keywords\":[\"M\u00e1ty\u00e1s kir\u00e1ly\",\"t\u00f6rt\u00e9nelem\"],\"articleSection\":[\"H\u00edrek\",\"Kerek \u00e9vfordul\u00f3k\",\"T\u00f6rt\u00e9nelmi \u00e9vfordul\u00f3k\"],\"inLanguage\":\"hu\"},{\"@type\":\"WebPage\",\"@id\":\"https:\\\/\\\/dorogimedence.hu\\\/index.php\\\/2023\\\/02\\\/24\\\/580-eve-szuletett-matyas-kiraly-es-kirallya-valasztasanak-565-evforduloja\\\/\",\"url\":\"https:\\\/\\\/dorogimedence.hu\\\/index.php\\\/2023\\\/02\\\/24\\\/580-eve-szuletett-matyas-kiraly-es-kirallya-valasztasanak-565-evforduloja\\\/\",\"name\":\"580 \u00e9ve sz\u00fcletett M\u00e1ty\u00e1s kir\u00e1ly \u00e9s kir\u00e1lly\u00e1 v\u00e1laszt\u00e1s\u00e1nak 565. \u00e9vfordul\u00f3ja\",\"isPartOf\":{\"@id\":\"https:\\\/\\\/dorogimedence.hu\\\/#website\"},\"primaryImageOfPage\":{\"@id\":\"https:\\\/\\\/dorogimedence.hu\\\/index.php\\\/2023\\\/02\\\/24\\\/580-eve-szuletett-matyas-kiraly-es-kirallya-valasztasanak-565-evforduloja\\\/#primaryimage\"},\"image\":{\"@id\":\"https:\\\/\\\/dorogimedence.hu\\\/index.php\\\/2023\\\/02\\\/24\\\/580-eve-szuletett-matyas-kiraly-es-kirallya-valasztasanak-565-evforduloja\\\/#primaryimage\"},\"thumbnailUrl\":\"https:\\\/\\\/dorogimedence.hu\\\/wp-content\\\/uploads\\\/2023\\\/02\\\/Matyas-kiraly-borito.jpg\",\"datePublished\":\"2023-02-24T06:04:05+00:00\",\"dateModified\":\"2024-03-28T20:17:36+00:00\",\"breadcrumb\":{\"@id\":\"https:\\\/\\\/dorogimedence.hu\\\/index.php\\\/2023\\\/02\\\/24\\\/580-eve-szuletett-matyas-kiraly-es-kirallya-valasztasanak-565-evforduloja\\\/#breadcrumb\"},\"inLanguage\":\"hu\",\"potentialAction\":[{\"@type\":\"ReadAction\",\"target\":[\"https:\\\/\\\/dorogimedence.hu\\\/index.php\\\/2023\\\/02\\\/24\\\/580-eve-szuletett-matyas-kiraly-es-kirallya-valasztasanak-565-evforduloja\\\/\"]}]},{\"@type\":\"ImageObject\",\"inLanguage\":\"hu\",\"@id\":\"https:\\\/\\\/dorogimedence.hu\\\/index.php\\\/2023\\\/02\\\/24\\\/580-eve-szuletett-matyas-kiraly-es-kirallya-valasztasanak-565-evforduloja\\\/#primaryimage\",\"url\":\"https:\\\/\\\/dorogimedence.hu\\\/wp-content\\\/uploads\\\/2023\\\/02\\\/Matyas-kiraly-borito.jpg\",\"contentUrl\":\"https:\\\/\\\/dorogimedence.hu\\\/wp-content\\\/uploads\\\/2023\\\/02\\\/Matyas-kiraly-borito.jpg\",\"width\":400,\"height\":300},{\"@type\":\"BreadcrumbList\",\"@id\":\"https:\\\/\\\/dorogimedence.hu\\\/index.php\\\/2023\\\/02\\\/24\\\/580-eve-szuletett-matyas-kiraly-es-kirallya-valasztasanak-565-evforduloja\\\/#breadcrumb\",\"itemListElement\":[{\"@type\":\"ListItem\",\"position\":1,\"name\":\"Kezd\u0151lap\",\"item\":\"https:\\\/\\\/dorogimedence.hu\\\/\"},{\"@type\":\"ListItem\",\"position\":2,\"name\":\"580 \u00e9ve sz\u00fcletett M\u00e1ty\u00e1s kir\u00e1ly \u00e9s kir\u00e1lly\u00e1 v\u00e1laszt\u00e1s\u00e1nak 565. \u00e9vfordul\u00f3ja\"}]},{\"@type\":\"WebSite\",\"@id\":\"https:\\\/\\\/dorogimedence.hu\\\/#website\",\"url\":\"https:\\\/\\\/dorogimedence.hu\\\/\",\"name\":\"Dorogi-medence Region\u00e1lis H\u00edrport\u00e1l\",\"description\":\"Dorog, Keszt\u00f6lc, Le\u00e1nyv\u00e1r, Piliscs\u00e9v, Tokod, Tokodalt\u00e1r\u00f3, Csolnok, Esztergom-kertv\u00e1ros: h\u00edrek, programok\",\"publisher\":{\"@id\":\"https:\\\/\\\/dorogimedence.hu\\\/#organization\"},\"potentialAction\":[{\"@type\":\"SearchAction\",\"target\":{\"@type\":\"EntryPoint\",\"urlTemplate\":\"https:\\\/\\\/dorogimedence.hu\\\/?s={search_term_string}\"},\"query-input\":{\"@type\":\"PropertyValueSpecification\",\"valueRequired\":true,\"valueName\":\"search_term_string\"}}],\"inLanguage\":\"hu\"},{\"@type\":\"Organization\",\"@id\":\"https:\\\/\\\/dorogimedence.hu\\\/#organization\",\"name\":\"Dorogi-medence Region\u00e1lis H\u00edrport\u00e1l\",\"url\":\"https:\\\/\\\/dorogimedence.hu\\\/\",\"logo\":{\"@type\":\"ImageObject\",\"inLanguage\":\"hu\",\"@id\":\"https:\\\/\\\/dorogimedence.hu\\\/#\\\/schema\\\/logo\\\/image\\\/\",\"url\":\"https:\\\/\\\/dorogimedence.hu\\\/wp-content\\\/uploads\\\/2021\\\/04\\\/logo-feher-600.png\",\"contentUrl\":\"https:\\\/\\\/dorogimedence.hu\\\/wp-content\\\/uploads\\\/2021\\\/04\\\/logo-feher-600.png\",\"width\":600,\"height\":100,\"caption\":\"Dorogi-medence Region\u00e1lis H\u00edrport\u00e1l\"},\"image\":{\"@id\":\"https:\\\/\\\/dorogimedence.hu\\\/#\\\/schema\\\/logo\\\/image\\\/\"},\"sameAs\":[\"https:\\\/\\\/www.facebook.com\\\/dorogimedence\\\/\"]},{\"@type\":\"Person\",\"@id\":\"https:\\\/\\\/dorogimedence.hu\\\/#\\\/schema\\\/person\\\/76605e8151ec1b7376385cd184ede973\",\"name\":\"Szab\u00f3 Gyula\",\"image\":{\"@type\":\"ImageObject\",\"inLanguage\":\"hu\",\"@id\":\"\\\/\\\/www.gravatar.com\\\/avatar\\\/3e44b6fb2ef9bcea3639958cc2a587cb?s=96&#038;r=g&#038;d=mm\",\"url\":\"\\\/\\\/www.gravatar.com\\\/avatar\\\/3e44b6fb2ef9bcea3639958cc2a587cb?s=96&#038;r=g&#038;d=mm\",\"contentUrl\":\"\\\/\\\/www.gravatar.com\\\/avatar\\\/3e44b6fb2ef9bcea3639958cc2a587cb?s=96&#038;r=g&#038;d=mm\",\"caption\":\"Szab\u00f3 Gyula\"}}]}<\/script>\n<!-- \/ Yoast SEO plugin. -->","yoast_head_json":{"title":"580 \u00e9ve sz\u00fcletett M\u00e1ty\u00e1s kir\u00e1ly \u00e9s kir\u00e1lly\u00e1 v\u00e1laszt\u00e1s\u00e1nak 565. \u00e9vfordul\u00f3ja","robots":{"index":"index","follow":"follow","max-snippet":"max-snippet:-1","max-image-preview":"max-image-preview:large","max-video-preview":"max-video-preview:-1"},"canonical":"https:\/\/dorogimedence.hu\/index.php\/2023\/02\/24\/580-eve-szuletett-matyas-kiraly-es-kirallya-valasztasanak-565-evforduloja\/","og_locale":"hu_HU","og_type":"article","og_title":"580 \u00e9ve sz\u00fcletett M\u00e1ty\u00e1s kir\u00e1ly \u00e9s kir\u00e1lly\u00e1 v\u00e1laszt\u00e1s\u00e1nak 565. \u00e9vfordul\u00f3ja","og_description":"580 \u00e9ve sz\u00fcletett a magyar \u00e9s egyetemes t\u00f6rt\u00e9nelem egyik legkiemelked\u0151bb alakja, Hunyadi M\u00e1ty\u00e1s, aki az utols\u00f3 teljes \u00e9rt\u00e9k\u0171 magyar kir\u00e1ly volt. \u00c9letm\u0171ve \u00e9s karizmatikus szem\u00e9lyis\u00e9ge a kor legmagasztosabb szellem\u00e9v\u00e9 emelte, amely egyben haz\u00e1nk \u00e9s nemzet\u00fcnk \u00e9rt\u00e9kment\u00e9s\u00e9nek elengedhetetlen z\u00e1loga lett a j\u00f6vend\u0151t illet\u0151en. Az idei \u00e9vben kett\u0151s \u00e9vfordul\u00f3ja l\u00e9v\u00e9n, megk\u00fcl\u00f6nb\u00f6ztetett figyelemmel \u00e9s tisztelettel ad\u00f3zunk eml\u00e9k\u00e9nek. 1443.","og_url":"https:\/\/dorogimedence.hu\/index.php\/2023\/02\/24\/580-eve-szuletett-matyas-kiraly-es-kirallya-valasztasanak-565-evforduloja\/","og_site_name":"Dorogi-medence Region\u00e1lis H\u00edrport\u00e1l","article_publisher":"https:\/\/www.facebook.com\/dorogimedence\/","article_published_time":"2023-02-24T06:04:05+00:00","article_modified_time":"2024-03-28T20:17:36+00:00","og_image":[{"width":400,"height":300,"url":"https:\/\/dorogimedence.hu\/wp-content\/uploads\/2023\/02\/Matyas-kiraly-borito.jpg","type":"image\/jpeg"}],"author":"Szab\u00f3 Gyula","twitter_card":"summary_large_image","twitter_misc":{"Szerz\u0151:":"Szab\u00f3 Gyula","Becs\u00fclt olvas\u00e1si id\u0151":"15 perc"},"schema":{"@context":"https:\/\/schema.org","@graph":[{"@type":"Article","@id":"https:\/\/dorogimedence.hu\/index.php\/2023\/02\/24\/580-eve-szuletett-matyas-kiraly-es-kirallya-valasztasanak-565-evforduloja\/#article","isPartOf":{"@id":"https:\/\/dorogimedence.hu\/index.php\/2023\/02\/24\/580-eve-szuletett-matyas-kiraly-es-kirallya-valasztasanak-565-evforduloja\/"},"author":{"name":"Szab\u00f3 Gyula","@id":"https:\/\/dorogimedence.hu\/#\/schema\/person\/76605e8151ec1b7376385cd184ede973"},"headline":"580 \u00e9ve sz\u00fcletett M\u00e1ty\u00e1s kir\u00e1ly \u00e9s kir\u00e1lly\u00e1 v\u00e1laszt\u00e1s\u00e1nak 565. \u00e9vfordul\u00f3ja","datePublished":"2023-02-24T06:04:05+00:00","dateModified":"2024-03-28T20:17:36+00:00","mainEntityOfPage":{"@id":"https:\/\/dorogimedence.hu\/index.php\/2023\/02\/24\/580-eve-szuletett-matyas-kiraly-es-kirallya-valasztasanak-565-evforduloja\/"},"wordCount":2964,"publisher":{"@id":"https:\/\/dorogimedence.hu\/#organization"},"image":{"@id":"https:\/\/dorogimedence.hu\/index.php\/2023\/02\/24\/580-eve-szuletett-matyas-kiraly-es-kirallya-valasztasanak-565-evforduloja\/#primaryimage"},"thumbnailUrl":"https:\/\/dorogimedence.hu\/wp-content\/uploads\/2023\/02\/Matyas-kiraly-borito.jpg","keywords":["M\u00e1ty\u00e1s kir\u00e1ly","t\u00f6rt\u00e9nelem"],"articleSection":["H\u00edrek","Kerek \u00e9vfordul\u00f3k","T\u00f6rt\u00e9nelmi \u00e9vfordul\u00f3k"],"inLanguage":"hu"},{"@type":"WebPage","@id":"https:\/\/dorogimedence.hu\/index.php\/2023\/02\/24\/580-eve-szuletett-matyas-kiraly-es-kirallya-valasztasanak-565-evforduloja\/","url":"https:\/\/dorogimedence.hu\/index.php\/2023\/02\/24\/580-eve-szuletett-matyas-kiraly-es-kirallya-valasztasanak-565-evforduloja\/","name":"580 \u00e9ve sz\u00fcletett M\u00e1ty\u00e1s kir\u00e1ly \u00e9s kir\u00e1lly\u00e1 v\u00e1laszt\u00e1s\u00e1nak 565. \u00e9vfordul\u00f3ja","isPartOf":{"@id":"https:\/\/dorogimedence.hu\/#website"},"primaryImageOfPage":{"@id":"https:\/\/dorogimedence.hu\/index.php\/2023\/02\/24\/580-eve-szuletett-matyas-kiraly-es-kirallya-valasztasanak-565-evforduloja\/#primaryimage"},"image":{"@id":"https:\/\/dorogimedence.hu\/index.php\/2023\/02\/24\/580-eve-szuletett-matyas-kiraly-es-kirallya-valasztasanak-565-evforduloja\/#primaryimage"},"thumbnailUrl":"https:\/\/dorogimedence.hu\/wp-content\/uploads\/2023\/02\/Matyas-kiraly-borito.jpg","datePublished":"2023-02-24T06:04:05+00:00","dateModified":"2024-03-28T20:17:36+00:00","breadcrumb":{"@id":"https:\/\/dorogimedence.hu\/index.php\/2023\/02\/24\/580-eve-szuletett-matyas-kiraly-es-kirallya-valasztasanak-565-evforduloja\/#breadcrumb"},"inLanguage":"hu","potentialAction":[{"@type":"ReadAction","target":["https:\/\/dorogimedence.hu\/index.php\/2023\/02\/24\/580-eve-szuletett-matyas-kiraly-es-kirallya-valasztasanak-565-evforduloja\/"]}]},{"@type":"ImageObject","inLanguage":"hu","@id":"https:\/\/dorogimedence.hu\/index.php\/2023\/02\/24\/580-eve-szuletett-matyas-kiraly-es-kirallya-valasztasanak-565-evforduloja\/#primaryimage","url":"https:\/\/dorogimedence.hu\/wp-content\/uploads\/2023\/02\/Matyas-kiraly-borito.jpg","contentUrl":"https:\/\/dorogimedence.hu\/wp-content\/uploads\/2023\/02\/Matyas-kiraly-borito.jpg","width":400,"height":300},{"@type":"BreadcrumbList","@id":"https:\/\/dorogimedence.hu\/index.php\/2023\/02\/24\/580-eve-szuletett-matyas-kiraly-es-kirallya-valasztasanak-565-evforduloja\/#breadcrumb","itemListElement":[{"@type":"ListItem","position":1,"name":"Kezd\u0151lap","item":"https:\/\/dorogimedence.hu\/"},{"@type":"ListItem","position":2,"name":"580 \u00e9ve sz\u00fcletett M\u00e1ty\u00e1s kir\u00e1ly \u00e9s kir\u00e1lly\u00e1 v\u00e1laszt\u00e1s\u00e1nak 565. \u00e9vfordul\u00f3ja"}]},{"@type":"WebSite","@id":"https:\/\/dorogimedence.hu\/#website","url":"https:\/\/dorogimedence.hu\/","name":"Dorogi-medence Region\u00e1lis H\u00edrport\u00e1l","description":"Dorog, Keszt\u00f6lc, Le\u00e1nyv\u00e1r, Piliscs\u00e9v, Tokod, Tokodalt\u00e1r\u00f3, Csolnok, Esztergom-kertv\u00e1ros: h\u00edrek, programok","publisher":{"@id":"https:\/\/dorogimedence.hu\/#organization"},"potentialAction":[{"@type":"SearchAction","target":{"@type":"EntryPoint","urlTemplate":"https:\/\/dorogimedence.hu\/?s={search_term_string}"},"query-input":{"@type":"PropertyValueSpecification","valueRequired":true,"valueName":"search_term_string"}}],"inLanguage":"hu"},{"@type":"Organization","@id":"https:\/\/dorogimedence.hu\/#organization","name":"Dorogi-medence Region\u00e1lis H\u00edrport\u00e1l","url":"https:\/\/dorogimedence.hu\/","logo":{"@type":"ImageObject","inLanguage":"hu","@id":"https:\/\/dorogimedence.hu\/#\/schema\/logo\/image\/","url":"https:\/\/dorogimedence.hu\/wp-content\/uploads\/2021\/04\/logo-feher-600.png","contentUrl":"https:\/\/dorogimedence.hu\/wp-content\/uploads\/2021\/04\/logo-feher-600.png","width":600,"height":100,"caption":"Dorogi-medence Region\u00e1lis H\u00edrport\u00e1l"},"image":{"@id":"https:\/\/dorogimedence.hu\/#\/schema\/logo\/image\/"},"sameAs":["https:\/\/www.facebook.com\/dorogimedence\/"]},{"@type":"Person","@id":"https:\/\/dorogimedence.hu\/#\/schema\/person\/76605e8151ec1b7376385cd184ede973","name":"Szab\u00f3 Gyula","image":{"@type":"ImageObject","inLanguage":"hu","@id":"\/\/www.gravatar.com\/avatar\/3e44b6fb2ef9bcea3639958cc2a587cb?s=96&#038;r=g&#038;d=mm","url":"\/\/www.gravatar.com\/avatar\/3e44b6fb2ef9bcea3639958cc2a587cb?s=96&#038;r=g&#038;d=mm","contentUrl":"\/\/www.gravatar.com\/avatar\/3e44b6fb2ef9bcea3639958cc2a587cb?s=96&#038;r=g&#038;d=mm","caption":"Szab\u00f3 Gyula"}}]}},"_links":{"self":[{"href":"https:\/\/dorogimedence.hu\/index.php\/wp-json\/wp\/v2\/posts\/50428","targetHints":{"allow":["GET"]}}],"collection":[{"href":"https:\/\/dorogimedence.hu\/index.php\/wp-json\/wp\/v2\/posts"}],"about":[{"href":"https:\/\/dorogimedence.hu\/index.php\/wp-json\/wp\/v2\/types\/post"}],"author":[{"embeddable":true,"href":"https:\/\/dorogimedence.hu\/index.php\/wp-json\/wp\/v2\/users\/4"}],"replies":[{"embeddable":true,"href":"https:\/\/dorogimedence.hu\/index.php\/wp-json\/wp\/v2\/comments?post=50428"}],"version-history":[{"count":0,"href":"https:\/\/dorogimedence.hu\/index.php\/wp-json\/wp\/v2\/posts\/50428\/revisions"}],"wp:featuredmedia":[{"embeddable":true,"href":"https:\/\/dorogimedence.hu\/index.php\/wp-json\/wp\/v2\/media\/50427"}],"wp:attachment":[{"href":"https:\/\/dorogimedence.hu\/index.php\/wp-json\/wp\/v2\/media?parent=50428"}],"wp:term":[{"taxonomy":"category","embeddable":true,"href":"https:\/\/dorogimedence.hu\/index.php\/wp-json\/wp\/v2\/categories?post=50428"},{"taxonomy":"post_tag","embeddable":true,"href":"https:\/\/dorogimedence.hu\/index.php\/wp-json\/wp\/v2\/tags?post=50428"}],"curies":[{"name":"wp","href":"https:\/\/api.w.org\/{rel}","templated":true}]}}