{"id":50412,"date":"2023-02-18T10:36:38","date_gmt":"2023-02-18T09:36:38","guid":{"rendered":"https:\/\/dorogimedence.hu\/?p=50412"},"modified":"2023-02-18T10:36:49","modified_gmt":"2023-02-18T09:36:49","slug":"szabadteri-tuzesetek-megelozese","status":"publish","type":"post","link":"https:\/\/dorogimedence.hu\/index.php\/2023\/02\/18\/szabadteri-tuzesetek-megelozese\/","title":{"rendered":"Szabadt\u00e9ri t\u0171zesetek megel\u0151z\u00e9se"},"content":{"rendered":"<div class=\"article-descript\">\n<p><strong>Egyeztet\u00e9st \u00e9s munka\u00e9rtekezletet tartott a Kom\u00e1rom-Esztergom V\u00e1rmegyei Katasztr\u00f3fav\u00e9delmi Igazgat\u00f3s\u00e1g cs\u00fct\u00f6rt\u00f6k\u00f6n szabadt\u00e9ri t\u0171zesetek megel\u0151z\u00e9se c\u00edmmel.<\/strong><\/p>\n<\/div>\n<div class=\"text\">\n<p>Az \u00e9rtekezleten r\u00e9szt vett <strong>Dr. Kancz Csaba<\/strong> f\u0151isp\u00e1n, a Kom\u00e1rom-Esztergom V\u00e1rmegyei Korm\u00e1nyhivatal vezet\u0151je, a n\u00f6v\u00e9ny \u00e9s talajv\u00e9delmi hat\u00f3s\u00e1g, a hullad\u00e9kgazd\u00e1lkod\u00e1si hat\u00f3s\u00e1g, az illet\u00e9kes agr\u00e1rgazdas\u00e1gi kamara \u00e9s az erd\u00e9szetek k\u00e9pvisel\u0151i valamint a v\u00e1rmegye ter\u00fclet\u00e9n \u00e9rintett telep\u00fcl\u00e9si \u00f6nkorm\u00e1nyzatok munkat\u00e1rsai.<\/p>\n<p>T\u0171zmegel\u0151z\u00e9si szempontb\u00f3l legfontosabb t\u00e9ma volt a kor\u00e1bbi \u00e9vek szabadt\u00e9ri t\u0171zeseteinek ismeret\u00e9ben az egyes kock\u00e1zati helysz\u00ednek azonos\u00edt\u00e1sa. Ahol \u00e9vr\u0151l \u00e9vre rendszeresen keletkeznek szabadt\u00e9ri t\u0171zesetek, azokb\u00f3l a helysz\u00ednekb\u0151l kock\u00e1zati helysz\u00edn lesz, melyek id\u0151szakos ellen\u0151rz\u00e9se indokolt.&nbsp;<\/p>\n<p>A szabadt\u00e9ri t\u0171zesetek megel\u0151z\u00e9s\u00e9ben a csapad\u00e9kos id\u0151j\u00e1r\u00e1s, vagy annak hi\u00e1nya kulcsszerepet j\u00e1tszik. Az asz\u00e1lyos id\u0151szakok hossza \u00e9s a magas h\u0151m\u00e9rs\u00e9klet miatt a t\u0171z sokkal k\u00f6nnyebben keletkezhet \u00e9s terjedhet. A t\u0171zesetek leggyakoribb keletkez\u00e9si oka az emberi tev\u00e9kenys\u00e9g. Nem kiz\u00e1r\u00f3lag a gondatlanul eldobott izz\u00f3 doh\u00e1nyterm\u00e9k, hanem a k\u00fcl\u00f6nb\u00f6z\u0151 c\u00e9l\u00fa \u00e9get\u00e9sek &#8211; ide\u00e9rtve a szabadt\u00e9ri hullad\u00e9k\u00e9get\u00e9st &#8211; is nagyon komoly kock\u00e1zatot jelentenek. Az egyeztet\u00e9sen pontosabban meghat\u00e1roztuk az ellen\u0151rizend\u0151 ter\u00fcleteket az \u00e9get\u00e9sek k\u00fcl\u00f6nb\u00f6z\u0151 okait \u00f6sszegy\u0171jtve.<\/p>\n<p>A szabadt\u00e9ri t\u00fczek megel\u0151z\u00e9s\u00e9nek egyik fontos eleme az \u00e9get\u00e9sek bejelent\u00e9se, melynek elmulaszt\u00e1sa b\u00edrs\u00e1got vonhat maga ut\u00e1n, k\u00fcl\u00f6n\u00f6sen, ha az \u00e9get\u00e9s t\u0171zesett\u00e9 v\u00e1lik.<\/p>\n<p>A n\u00f6v\u00e9nytermeszt\u00e9sek kapcs\u00e1n elhangzott, hogy a talaj szervesanyag-tartalm\u00e1nak meg\u0151rz\u00e9se jav\u00edtja a talaj v\u00edzmegtart\u00f3 k\u00e9pess\u00e9g\u00e9t is. A v\u00edzmegtart\u00f3 k\u00e9pess\u00e9g seg\u00edtheti a n\u00f6v\u00e9nyek v\u00edzell\u00e1t\u00e1s\u00e1t, de r\u00f6vidt\u00e1von n\u00f6veli is a t\u0171zkock\u00e1zatot, ez\u00e9rt ezeken a ter\u00fcleteken ker\u00fclni kell az \u00e9get\u00e9st. Ezent\u00fal a t\u00e1bl\u00e1k m\u00e9ret\u00e9nek cs\u00f6kkent\u00e9se is fontos a t\u00fczek terjed\u00e9s\u00e9nek korl\u00e1toz\u00e1sa \u00e9rdek\u00e9ben.<\/p>\n<p>A t\u0171zesetek keletkez\u00e9s\u00e9hez, kiterjed\u00e9s\u00e9hez az illeg\u00e1lis hullad\u00e9klerak\u00e1s is hozz\u00e1j\u00e1rulhat, ez\u00e9rt a konferencia ezt a t\u00e9mak\u00f6rt is k\u00f6rbej\u00e1rta.&nbsp;<\/p>\n<p>Az erd\u0151ter\u00fcletekkel kapcsolatban a t\u0171zmegel\u0151z\u00e9s \u00e9rdek\u00e9ben t\u00f6bb ter\u00fcleten t\u0171z\u0151rs\u00e9g van fel\u00e1ll\u00edtva, valamint t\u0171zrak\u00f3 helyeket alak\u00edtottak ki. A t\u0171zesetek megel\u0151z\u00e9s\u00e9hez azonban az erd\u0151j\u00e1r\u00f3k tudatoss\u00e1ga \u00e9s \u00e9bers\u00e9ge is sz\u00fcks\u00e9ges.&nbsp;<\/p>\n<p>A program keret\u00e9ben el\u0151ad\u00e1st tartott <strong>Csord\u00e1s J\u00e1nos<\/strong> t\u0171. alezredes, t\u0171zolt\u00f3s\u00e1gi f\u0151fel\u00fcgyel\u0151, <strong>Simonics R\u00f3bert<\/strong> t\u0171. alezredes hat\u00f3s\u00e1gi oszt\u00e1lyvezet\u0151, a Tatab\u00e1nyai Katasztr\u00f3fav\u00e9delmi Kirendelts\u00e9g \u00e1llom\u00e1ny\u00e1b\u00f3l, <strong>Moln\u00e1r J\u00f3zsef<\/strong> a N\u00f6v\u00e9ny- \u00e9s Talajv\u00e9delmi Oszt\u00e1ly vezet\u0151je valamint <strong>Hanyun\u00e9 Krausz Szilvia<\/strong> a Hullad\u00e9kgazd\u00e1lkod\u00e1si Oszt\u00e1ly vezet\u0151je.<\/p>\n<p><em>B\u00f3r\u00edt\u00f3k\u00e9p, forr\u00e1s: Katasztr\u00f3fav\u00e9delem<\/em><\/p>\n<\/div>\n","protected":false},"excerpt":{"rendered":"<p>Egyeztet\u00e9st \u00e9s munka\u00e9rtekezletet tartott a Kom\u00e1rom-Esztergom V\u00e1rmegyei Katasztr\u00f3fav\u00e9delmi Igazgat\u00f3s\u00e1g cs\u00fct\u00f6rt\u00f6k\u00f6n szabadt\u00e9ri t\u0171zesetek megel\u0151z\u00e9se c\u00edmmel. Az \u00e9rtekezleten r\u00e9szt vett Dr. Kancz Csaba f\u0151isp\u00e1n, a Kom\u00e1rom-Esztergom V\u00e1rmegyei Korm\u00e1nyhivatal vezet\u0151je, a n\u00f6v\u00e9ny \u00e9s talajv\u00e9delmi hat\u00f3s\u00e1g, a hullad\u00e9kgazd\u00e1lkod\u00e1si hat\u00f3s\u00e1g, az illet\u00e9kes agr\u00e1rgazdas\u00e1gi kamara \u00e9s az erd\u00e9szetek k\u00e9pvisel\u0151i valamint a v\u00e1rmegye ter\u00fclet\u00e9n \u00e9rintett telep\u00fcl\u00e9si \u00f6nkorm\u00e1nyzatok munkat\u00e1rsai. T\u0171zmegel\u0151z\u00e9si szempontb\u00f3l legfontosabb t\u00e9ma<\/p>\n","protected":false},"author":1,"featured_media":50413,"comment_status":"closed","ping_status":"closed","sticky":false,"template":"","format":"standard","meta":{"ngg_post_thumbnail":0,"footnotes":""},"categories":[3],"tags":[6890,6983,2590],"class_list":{"0":"post-50412","1":"post","2":"type-post","3":"status-publish","4":"format-standard","5":"has-post-thumbnail","7":"category-hirek","8":"tag-komarom-esztergom-varmegye","9":"tag-szabateri-tuzesetek","10":"tag-tuzmegelozes"},"yoast_head":"<!-- This site is optimized with the Yoast SEO plugin v27.5 - https:\/\/yoast.com\/product\/yoast-seo-wordpress\/ -->\n<title>Szabadt\u00e9ri t\u0171zesetek megel\u0151z\u00e9se<\/title>\n<meta name=\"robots\" content=\"index, follow, max-snippet:-1, max-image-preview:large, max-video-preview:-1\" \/>\n<link rel=\"canonical\" href=\"https:\/\/dorogimedence.hu\/index.php\/2023\/02\/18\/szabadteri-tuzesetek-megelozese\/\" class=\"yoast-seo-meta-tag\" \/>\n<meta property=\"og:locale\" content=\"hu_HU\" class=\"yoast-seo-meta-tag\" \/>\n<meta property=\"og:type\" content=\"article\" class=\"yoast-seo-meta-tag\" \/>\n<meta property=\"og:title\" content=\"Szabadt\u00e9ri t\u0171zesetek megel\u0151z\u00e9se\" class=\"yoast-seo-meta-tag\" \/>\n<meta property=\"og:description\" content=\"Egyeztet\u00e9st \u00e9s munka\u00e9rtekezletet tartott a Kom\u00e1rom-Esztergom V\u00e1rmegyei Katasztr\u00f3fav\u00e9delmi Igazgat\u00f3s\u00e1g cs\u00fct\u00f6rt\u00f6k\u00f6n szabadt\u00e9ri t\u0171zesetek megel\u0151z\u00e9se c\u00edmmel. Az \u00e9rtekezleten r\u00e9szt vett Dr. Kancz Csaba f\u0151isp\u00e1n, a Kom\u00e1rom-Esztergom V\u00e1rmegyei Korm\u00e1nyhivatal vezet\u0151je, a n\u00f6v\u00e9ny \u00e9s talajv\u00e9delmi hat\u00f3s\u00e1g, a hullad\u00e9kgazd\u00e1lkod\u00e1si hat\u00f3s\u00e1g, az illet\u00e9kes agr\u00e1rgazdas\u00e1gi kamara \u00e9s az erd\u00e9szetek k\u00e9pvisel\u0151i valamint a v\u00e1rmegye ter\u00fclet\u00e9n \u00e9rintett telep\u00fcl\u00e9si \u00f6nkorm\u00e1nyzatok munkat\u00e1rsai. T\u0171zmegel\u0151z\u00e9si szempontb\u00f3l legfontosabb t\u00e9ma\" class=\"yoast-seo-meta-tag\" \/>\n<meta property=\"og:url\" content=\"https:\/\/dorogimedence.hu\/index.php\/2023\/02\/18\/szabadteri-tuzesetek-megelozese\/\" class=\"yoast-seo-meta-tag\" \/>\n<meta property=\"og:site_name\" content=\"Dorogi-medence Region\u00e1lis H\u00edrport\u00e1l\" class=\"yoast-seo-meta-tag\" \/>\n<meta property=\"article:publisher\" content=\"https:\/\/www.facebook.com\/dorogimedence\/\" class=\"yoast-seo-meta-tag\" \/>\n<meta property=\"article:published_time\" content=\"2023-02-18T09:36:38+00:00\" class=\"yoast-seo-meta-tag\" \/>\n<meta property=\"article:modified_time\" content=\"2023-02-18T09:36:49+00:00\" class=\"yoast-seo-meta-tag\" \/>\n<meta property=\"og:image\" content=\"https:\/\/dorogimedence.hu\/wp-content\/uploads\/2023\/02\/tuzmegelozes.jpg\" class=\"yoast-seo-meta-tag\" \/>\n\t<meta property=\"og:image:width\" content=\"956\" class=\"yoast-seo-meta-tag\" \/>\n\t<meta property=\"og:image:height\" content=\"524\" class=\"yoast-seo-meta-tag\" \/>\n\t<meta property=\"og:image:type\" content=\"image\/jpeg\" class=\"yoast-seo-meta-tag\" \/>\n<meta name=\"author\" content=\"dorogimedence.hu\" class=\"yoast-seo-meta-tag\" \/>\n<meta name=\"twitter:card\" content=\"summary_large_image\" class=\"yoast-seo-meta-tag\" \/>\n<meta name=\"twitter:label1\" content=\"Szerz\u0151:\" class=\"yoast-seo-meta-tag\" \/>\n\t<meta name=\"twitter:data1\" content=\"dorogimedence.hu\" class=\"yoast-seo-meta-tag\" \/>\n\t<meta name=\"twitter:label2\" content=\"Becs\u00fclt olvas\u00e1si id\u0151\" class=\"yoast-seo-meta-tag\" \/>\n\t<meta name=\"twitter:data2\" content=\"3 perc\" class=\"yoast-seo-meta-tag\" \/>\n<script type=\"application\/ld+json\" class=\"yoast-schema-graph\">{\"@context\":\"https:\\\/\\\/schema.org\",\"@graph\":[{\"@type\":\"Article\",\"@id\":\"https:\\\/\\\/dorogimedence.hu\\\/index.php\\\/2023\\\/02\\\/18\\\/szabadteri-tuzesetek-megelozese\\\/#article\",\"isPartOf\":{\"@id\":\"https:\\\/\\\/dorogimedence.hu\\\/index.php\\\/2023\\\/02\\\/18\\\/szabadteri-tuzesetek-megelozese\\\/\"},\"author\":{\"name\":\"dorogimedence.hu\",\"@id\":\"https:\\\/\\\/dorogimedence.hu\\\/#\\\/schema\\\/person\\\/ce6091eeb7e95ecdc87890d6aa8e0fd4\"},\"headline\":\"Szabadt\u00e9ri t\u0171zesetek megel\u0151z\u00e9se\",\"datePublished\":\"2023-02-18T09:36:38+00:00\",\"dateModified\":\"2023-02-18T09:36:49+00:00\",\"mainEntityOfPage\":{\"@id\":\"https:\\\/\\\/dorogimedence.hu\\\/index.php\\\/2023\\\/02\\\/18\\\/szabadteri-tuzesetek-megelozese\\\/\"},\"wordCount\":579,\"publisher\":{\"@id\":\"https:\\\/\\\/dorogimedence.hu\\\/#organization\"},\"image\":{\"@id\":\"https:\\\/\\\/dorogimedence.hu\\\/index.php\\\/2023\\\/02\\\/18\\\/szabadteri-tuzesetek-megelozese\\\/#primaryimage\"},\"thumbnailUrl\":\"https:\\\/\\\/dorogimedence.hu\\\/wp-content\\\/uploads\\\/2023\\\/02\\\/tuzmegelozes.jpg\",\"keywords\":[\"Kom\u00e1rom-Esztergom v\u00e1rmegye\",\"szabat\u00e9ri t\u0171zesetek\",\"t\u0171zmegel\u0151z\u00e9s\"],\"articleSection\":[\"H\u00edrek\"],\"inLanguage\":\"hu\"},{\"@type\":\"WebPage\",\"@id\":\"https:\\\/\\\/dorogimedence.hu\\\/index.php\\\/2023\\\/02\\\/18\\\/szabadteri-tuzesetek-megelozese\\\/\",\"url\":\"https:\\\/\\\/dorogimedence.hu\\\/index.php\\\/2023\\\/02\\\/18\\\/szabadteri-tuzesetek-megelozese\\\/\",\"name\":\"Szabadt\u00e9ri t\u0171zesetek megel\u0151z\u00e9se\",\"isPartOf\":{\"@id\":\"https:\\\/\\\/dorogimedence.hu\\\/#website\"},\"primaryImageOfPage\":{\"@id\":\"https:\\\/\\\/dorogimedence.hu\\\/index.php\\\/2023\\\/02\\\/18\\\/szabadteri-tuzesetek-megelozese\\\/#primaryimage\"},\"image\":{\"@id\":\"https:\\\/\\\/dorogimedence.hu\\\/index.php\\\/2023\\\/02\\\/18\\\/szabadteri-tuzesetek-megelozese\\\/#primaryimage\"},\"thumbnailUrl\":\"https:\\\/\\\/dorogimedence.hu\\\/wp-content\\\/uploads\\\/2023\\\/02\\\/tuzmegelozes.jpg\",\"datePublished\":\"2023-02-18T09:36:38+00:00\",\"dateModified\":\"2023-02-18T09:36:49+00:00\",\"breadcrumb\":{\"@id\":\"https:\\\/\\\/dorogimedence.hu\\\/index.php\\\/2023\\\/02\\\/18\\\/szabadteri-tuzesetek-megelozese\\\/#breadcrumb\"},\"inLanguage\":\"hu\",\"potentialAction\":[{\"@type\":\"ReadAction\",\"target\":[\"https:\\\/\\\/dorogimedence.hu\\\/index.php\\\/2023\\\/02\\\/18\\\/szabadteri-tuzesetek-megelozese\\\/\"]}]},{\"@type\":\"ImageObject\",\"inLanguage\":\"hu\",\"@id\":\"https:\\\/\\\/dorogimedence.hu\\\/index.php\\\/2023\\\/02\\\/18\\\/szabadteri-tuzesetek-megelozese\\\/#primaryimage\",\"url\":\"https:\\\/\\\/dorogimedence.hu\\\/wp-content\\\/uploads\\\/2023\\\/02\\\/tuzmegelozes.jpg\",\"contentUrl\":\"https:\\\/\\\/dorogimedence.hu\\\/wp-content\\\/uploads\\\/2023\\\/02\\\/tuzmegelozes.jpg\",\"width\":956,\"height\":524},{\"@type\":\"BreadcrumbList\",\"@id\":\"https:\\\/\\\/dorogimedence.hu\\\/index.php\\\/2023\\\/02\\\/18\\\/szabadteri-tuzesetek-megelozese\\\/#breadcrumb\",\"itemListElement\":[{\"@type\":\"ListItem\",\"position\":1,\"name\":\"Kezd\u0151lap\",\"item\":\"https:\\\/\\\/dorogimedence.hu\\\/\"},{\"@type\":\"ListItem\",\"position\":2,\"name\":\"Szabadt\u00e9ri t\u0171zesetek megel\u0151z\u00e9se\"}]},{\"@type\":\"WebSite\",\"@id\":\"https:\\\/\\\/dorogimedence.hu\\\/#website\",\"url\":\"https:\\\/\\\/dorogimedence.hu\\\/\",\"name\":\"Dorogi-medence Region\u00e1lis H\u00edrport\u00e1l\",\"description\":\"Dorog, Keszt\u00f6lc, Le\u00e1nyv\u00e1r, Piliscs\u00e9v, Tokod, Tokodalt\u00e1r\u00f3, Csolnok, Esztergom-kertv\u00e1ros: h\u00edrek, programok\",\"publisher\":{\"@id\":\"https:\\\/\\\/dorogimedence.hu\\\/#organization\"},\"potentialAction\":[{\"@type\":\"SearchAction\",\"target\":{\"@type\":\"EntryPoint\",\"urlTemplate\":\"https:\\\/\\\/dorogimedence.hu\\\/?s={search_term_string}\"},\"query-input\":{\"@type\":\"PropertyValueSpecification\",\"valueRequired\":true,\"valueName\":\"search_term_string\"}}],\"inLanguage\":\"hu\"},{\"@type\":\"Organization\",\"@id\":\"https:\\\/\\\/dorogimedence.hu\\\/#organization\",\"name\":\"Dorogi-medence Region\u00e1lis H\u00edrport\u00e1l\",\"url\":\"https:\\\/\\\/dorogimedence.hu\\\/\",\"logo\":{\"@type\":\"ImageObject\",\"inLanguage\":\"hu\",\"@id\":\"https:\\\/\\\/dorogimedence.hu\\\/#\\\/schema\\\/logo\\\/image\\\/\",\"url\":\"https:\\\/\\\/dorogimedence.hu\\\/wp-content\\\/uploads\\\/2021\\\/04\\\/logo-feher-600.png\",\"contentUrl\":\"https:\\\/\\\/dorogimedence.hu\\\/wp-content\\\/uploads\\\/2021\\\/04\\\/logo-feher-600.png\",\"width\":600,\"height\":100,\"caption\":\"Dorogi-medence Region\u00e1lis H\u00edrport\u00e1l\"},\"image\":{\"@id\":\"https:\\\/\\\/dorogimedence.hu\\\/#\\\/schema\\\/logo\\\/image\\\/\"},\"sameAs\":[\"https:\\\/\\\/www.facebook.com\\\/dorogimedence\\\/\"]},{\"@type\":\"Person\",\"@id\":\"https:\\\/\\\/dorogimedence.hu\\\/#\\\/schema\\\/person\\\/ce6091eeb7e95ecdc87890d6aa8e0fd4\",\"name\":\"dorogimedence.hu\",\"image\":{\"@type\":\"ImageObject\",\"inLanguage\":\"hu\",\"@id\":\"\\\/\\\/www.gravatar.com\\\/avatar\\\/d8d45f8901aadff40a4af72c0b826f1d?s=96&#038;r=g&#038;d=mm\",\"url\":\"\\\/\\\/www.gravatar.com\\\/avatar\\\/d8d45f8901aadff40a4af72c0b826f1d?s=96&#038;r=g&#038;d=mm\",\"contentUrl\":\"\\\/\\\/www.gravatar.com\\\/avatar\\\/d8d45f8901aadff40a4af72c0b826f1d?s=96&#038;r=g&#038;d=mm\",\"caption\":\"dorogimedence.hu\"}}]}<\/script>\n<!-- \/ Yoast SEO plugin. -->","yoast_head_json":{"title":"Szabadt\u00e9ri t\u0171zesetek megel\u0151z\u00e9se","robots":{"index":"index","follow":"follow","max-snippet":"max-snippet:-1","max-image-preview":"max-image-preview:large","max-video-preview":"max-video-preview:-1"},"canonical":"https:\/\/dorogimedence.hu\/index.php\/2023\/02\/18\/szabadteri-tuzesetek-megelozese\/","og_locale":"hu_HU","og_type":"article","og_title":"Szabadt\u00e9ri t\u0171zesetek megel\u0151z\u00e9se","og_description":"Egyeztet\u00e9st \u00e9s munka\u00e9rtekezletet tartott a Kom\u00e1rom-Esztergom V\u00e1rmegyei Katasztr\u00f3fav\u00e9delmi Igazgat\u00f3s\u00e1g cs\u00fct\u00f6rt\u00f6k\u00f6n szabadt\u00e9ri t\u0171zesetek megel\u0151z\u00e9se c\u00edmmel. Az \u00e9rtekezleten r\u00e9szt vett Dr. Kancz Csaba f\u0151isp\u00e1n, a Kom\u00e1rom-Esztergom V\u00e1rmegyei Korm\u00e1nyhivatal vezet\u0151je, a n\u00f6v\u00e9ny \u00e9s talajv\u00e9delmi hat\u00f3s\u00e1g, a hullad\u00e9kgazd\u00e1lkod\u00e1si hat\u00f3s\u00e1g, az illet\u00e9kes agr\u00e1rgazdas\u00e1gi kamara \u00e9s az erd\u00e9szetek k\u00e9pvisel\u0151i valamint a v\u00e1rmegye ter\u00fclet\u00e9n \u00e9rintett telep\u00fcl\u00e9si \u00f6nkorm\u00e1nyzatok munkat\u00e1rsai. T\u0171zmegel\u0151z\u00e9si szempontb\u00f3l legfontosabb t\u00e9ma","og_url":"https:\/\/dorogimedence.hu\/index.php\/2023\/02\/18\/szabadteri-tuzesetek-megelozese\/","og_site_name":"Dorogi-medence Region\u00e1lis H\u00edrport\u00e1l","article_publisher":"https:\/\/www.facebook.com\/dorogimedence\/","article_published_time":"2023-02-18T09:36:38+00:00","article_modified_time":"2023-02-18T09:36:49+00:00","og_image":[{"width":956,"height":524,"url":"https:\/\/dorogimedence.hu\/wp-content\/uploads\/2023\/02\/tuzmegelozes.jpg","type":"image\/jpeg"}],"author":"dorogimedence.hu","twitter_card":"summary_large_image","twitter_misc":{"Szerz\u0151:":"dorogimedence.hu","Becs\u00fclt olvas\u00e1si id\u0151":"3 perc"},"schema":{"@context":"https:\/\/schema.org","@graph":[{"@type":"Article","@id":"https:\/\/dorogimedence.hu\/index.php\/2023\/02\/18\/szabadteri-tuzesetek-megelozese\/#article","isPartOf":{"@id":"https:\/\/dorogimedence.hu\/index.php\/2023\/02\/18\/szabadteri-tuzesetek-megelozese\/"},"author":{"name":"dorogimedence.hu","@id":"https:\/\/dorogimedence.hu\/#\/schema\/person\/ce6091eeb7e95ecdc87890d6aa8e0fd4"},"headline":"Szabadt\u00e9ri t\u0171zesetek megel\u0151z\u00e9se","datePublished":"2023-02-18T09:36:38+00:00","dateModified":"2023-02-18T09:36:49+00:00","mainEntityOfPage":{"@id":"https:\/\/dorogimedence.hu\/index.php\/2023\/02\/18\/szabadteri-tuzesetek-megelozese\/"},"wordCount":579,"publisher":{"@id":"https:\/\/dorogimedence.hu\/#organization"},"image":{"@id":"https:\/\/dorogimedence.hu\/index.php\/2023\/02\/18\/szabadteri-tuzesetek-megelozese\/#primaryimage"},"thumbnailUrl":"https:\/\/dorogimedence.hu\/wp-content\/uploads\/2023\/02\/tuzmegelozes.jpg","keywords":["Kom\u00e1rom-Esztergom v\u00e1rmegye","szabat\u00e9ri t\u0171zesetek","t\u0171zmegel\u0151z\u00e9s"],"articleSection":["H\u00edrek"],"inLanguage":"hu"},{"@type":"WebPage","@id":"https:\/\/dorogimedence.hu\/index.php\/2023\/02\/18\/szabadteri-tuzesetek-megelozese\/","url":"https:\/\/dorogimedence.hu\/index.php\/2023\/02\/18\/szabadteri-tuzesetek-megelozese\/","name":"Szabadt\u00e9ri t\u0171zesetek megel\u0151z\u00e9se","isPartOf":{"@id":"https:\/\/dorogimedence.hu\/#website"},"primaryImageOfPage":{"@id":"https:\/\/dorogimedence.hu\/index.php\/2023\/02\/18\/szabadteri-tuzesetek-megelozese\/#primaryimage"},"image":{"@id":"https:\/\/dorogimedence.hu\/index.php\/2023\/02\/18\/szabadteri-tuzesetek-megelozese\/#primaryimage"},"thumbnailUrl":"https:\/\/dorogimedence.hu\/wp-content\/uploads\/2023\/02\/tuzmegelozes.jpg","datePublished":"2023-02-18T09:36:38+00:00","dateModified":"2023-02-18T09:36:49+00:00","breadcrumb":{"@id":"https:\/\/dorogimedence.hu\/index.php\/2023\/02\/18\/szabadteri-tuzesetek-megelozese\/#breadcrumb"},"inLanguage":"hu","potentialAction":[{"@type":"ReadAction","target":["https:\/\/dorogimedence.hu\/index.php\/2023\/02\/18\/szabadteri-tuzesetek-megelozese\/"]}]},{"@type":"ImageObject","inLanguage":"hu","@id":"https:\/\/dorogimedence.hu\/index.php\/2023\/02\/18\/szabadteri-tuzesetek-megelozese\/#primaryimage","url":"https:\/\/dorogimedence.hu\/wp-content\/uploads\/2023\/02\/tuzmegelozes.jpg","contentUrl":"https:\/\/dorogimedence.hu\/wp-content\/uploads\/2023\/02\/tuzmegelozes.jpg","width":956,"height":524},{"@type":"BreadcrumbList","@id":"https:\/\/dorogimedence.hu\/index.php\/2023\/02\/18\/szabadteri-tuzesetek-megelozese\/#breadcrumb","itemListElement":[{"@type":"ListItem","position":1,"name":"Kezd\u0151lap","item":"https:\/\/dorogimedence.hu\/"},{"@type":"ListItem","position":2,"name":"Szabadt\u00e9ri t\u0171zesetek megel\u0151z\u00e9se"}]},{"@type":"WebSite","@id":"https:\/\/dorogimedence.hu\/#website","url":"https:\/\/dorogimedence.hu\/","name":"Dorogi-medence Region\u00e1lis H\u00edrport\u00e1l","description":"Dorog, Keszt\u00f6lc, Le\u00e1nyv\u00e1r, Piliscs\u00e9v, Tokod, Tokodalt\u00e1r\u00f3, Csolnok, Esztergom-kertv\u00e1ros: h\u00edrek, programok","publisher":{"@id":"https:\/\/dorogimedence.hu\/#organization"},"potentialAction":[{"@type":"SearchAction","target":{"@type":"EntryPoint","urlTemplate":"https:\/\/dorogimedence.hu\/?s={search_term_string}"},"query-input":{"@type":"PropertyValueSpecification","valueRequired":true,"valueName":"search_term_string"}}],"inLanguage":"hu"},{"@type":"Organization","@id":"https:\/\/dorogimedence.hu\/#organization","name":"Dorogi-medence Region\u00e1lis H\u00edrport\u00e1l","url":"https:\/\/dorogimedence.hu\/","logo":{"@type":"ImageObject","inLanguage":"hu","@id":"https:\/\/dorogimedence.hu\/#\/schema\/logo\/image\/","url":"https:\/\/dorogimedence.hu\/wp-content\/uploads\/2021\/04\/logo-feher-600.png","contentUrl":"https:\/\/dorogimedence.hu\/wp-content\/uploads\/2021\/04\/logo-feher-600.png","width":600,"height":100,"caption":"Dorogi-medence Region\u00e1lis H\u00edrport\u00e1l"},"image":{"@id":"https:\/\/dorogimedence.hu\/#\/schema\/logo\/image\/"},"sameAs":["https:\/\/www.facebook.com\/dorogimedence\/"]},{"@type":"Person","@id":"https:\/\/dorogimedence.hu\/#\/schema\/person\/ce6091eeb7e95ecdc87890d6aa8e0fd4","name":"dorogimedence.hu","image":{"@type":"ImageObject","inLanguage":"hu","@id":"\/\/www.gravatar.com\/avatar\/d8d45f8901aadff40a4af72c0b826f1d?s=96&#038;r=g&#038;d=mm","url":"\/\/www.gravatar.com\/avatar\/d8d45f8901aadff40a4af72c0b826f1d?s=96&#038;r=g&#038;d=mm","contentUrl":"\/\/www.gravatar.com\/avatar\/d8d45f8901aadff40a4af72c0b826f1d?s=96&#038;r=g&#038;d=mm","caption":"dorogimedence.hu"}}]}},"_links":{"self":[{"href":"https:\/\/dorogimedence.hu\/index.php\/wp-json\/wp\/v2\/posts\/50412","targetHints":{"allow":["GET"]}}],"collection":[{"href":"https:\/\/dorogimedence.hu\/index.php\/wp-json\/wp\/v2\/posts"}],"about":[{"href":"https:\/\/dorogimedence.hu\/index.php\/wp-json\/wp\/v2\/types\/post"}],"author":[{"embeddable":true,"href":"https:\/\/dorogimedence.hu\/index.php\/wp-json\/wp\/v2\/users\/1"}],"replies":[{"embeddable":true,"href":"https:\/\/dorogimedence.hu\/index.php\/wp-json\/wp\/v2\/comments?post=50412"}],"version-history":[{"count":0,"href":"https:\/\/dorogimedence.hu\/index.php\/wp-json\/wp\/v2\/posts\/50412\/revisions"}],"wp:featuredmedia":[{"embeddable":true,"href":"https:\/\/dorogimedence.hu\/index.php\/wp-json\/wp\/v2\/media\/50413"}],"wp:attachment":[{"href":"https:\/\/dorogimedence.hu\/index.php\/wp-json\/wp\/v2\/media?parent=50412"}],"wp:term":[{"taxonomy":"category","embeddable":true,"href":"https:\/\/dorogimedence.hu\/index.php\/wp-json\/wp\/v2\/categories?post=50412"},{"taxonomy":"post_tag","embeddable":true,"href":"https:\/\/dorogimedence.hu\/index.php\/wp-json\/wp\/v2\/tags?post=50412"}],"curies":[{"name":"wp","href":"https:\/\/api.w.org\/{rel}","templated":true}]}}