{"id":50302,"date":"2023-02-15T09:29:53","date_gmt":"2023-02-15T08:29:53","guid":{"rendered":"https:\/\/dorogimedence.hu\/?p=50302"},"modified":"2023-02-15T09:46:14","modified_gmt":"2023-02-15T08:46:14","slug":"kozzetettek-a-richter-anna-dij-dontos-palyazatait","status":"publish","type":"post","link":"https:\/\/dorogimedence.hu\/index.php\/2023\/02\/15\/kozzetettek-a-richter-anna-dij-dontos-palyazatait\/","title":{"rendered":"K\u00f6zz\u00e9tett\u00e9k a Richter Anna D\u00edj d\u00f6nt\u0151s p\u00e1ly\u00e1zatait"},"content":{"rendered":"<p><strong>Az \u00f6t\u00f6dik alkalommal hirdette meg a t\u00f6retlen sikernek \u00f6rvend\u0151 p\u00e1ly\u00e1zat\u00e1t a Richter Gedeon Nyrt., amelyre id\u00e9n m\u00e1r az \u00fajonnan l\u00e9trehozott junior kateg\u00f3ri\u00e1ban k\u00f6z\u00e9piskol\u00e1sok \u00e9s fels\u0151oktat\u00e1sban tanul\u00f3k is k\u00fcldhettek be \u00f6tleteket. A Richter Anna D\u00edj c\u00e9lja, hogy hozz\u00e1j\u00e1ruljon az oktat\u00e1s, az eg\u00e9szs\u00e9g\u00fcgy \u00e9s a gy\u00f3gyszer\u00e9szet ter\u00fcleteinek fejleszt\u00e9s\u00e9hez olyan innovat\u00edv \u00f6tletek felkarol\u00e1s\u00e1val, amelyek min\u0151s\u00e9gi v\u00e1ltoz\u00e1st hoznak nem csak az ezekben a szektorokban dolgoz\u00f3k, hanem mindannyiunk \u00e9let\u00e9be.<\/strong><\/p>\n<p>A Richter Anna D\u00edj p\u00e1ly\u00e1zat\u00e1n beny\u00fajtott tizen\u00f6t m\u0171vet ismerhet meg a nagyk\u00f6z\u00f6ns\u00e9g febru\u00e1r 13-\u00e1n. Ett\u0151l az id\u0151pontt\u00f3l kezdve egy h\u00f3napon \u00e1t b\u00e1rki szavazhat a sz\u00e1m\u00e1ra legfontosabbnak \u00edt\u00e9lt projektre. A t\u00e9t nem kicsi, hiszen a szavaz\u00e1ssal d\u0151l el, hogy az \u00f6t p\u00e1ly\u00e1zati kateg\u00f3ri\u00e1ban a zs\u0171ri \u00e1ltal kiv\u00e1lasztott egy-egy d\u00edjazott mellett melyik lesz az a hatodik csapat, amelyik a d\u00edjjal j\u00e1r\u00f3 n\u00e9gymilli\u00f3 forintos \u00f6sszegb\u0151l val\u00f3s\u00edthatja meg \u00f6tlet\u00e9t.<\/p>\n<p>Ismerj\u00fck meg azokat a projekteket, melyek id\u00e9n a Richter Anna D\u00edj d\u00f6nt\u0151j\u00e9be ker\u00fcltek!<\/p>\n<h3><b>A term\u00e9szettudom\u00e1nyos \u00e9s eg\u00e9szs\u00e9g\u00fcgyi p\u00e1lya n\u00e9pszer\u0171s\u00edt\u00e9se<\/b><\/h3>\n<p>A p\u00e1lyaorient\u00e1ci\u00f3 id\u00e9n is n\u00e9pszer\u0171 t\u00e9m\u00e1nak bizonyult, amelynek a term\u00e9szettudom\u00e1nyos szakok ir\u00e1nti \u00e9rdekl\u0151d\u00e9s cs\u00f6kken\u00e9se miatt egyre nagyobb a jelent\u0151s\u00e9ge. Erre a probl\u00e9m\u00e1ra f\u00f3kusz\u00e1l a junior kateg\u00f3ri\u00e1ban indul\u00f3 egyik csapat, amely a l\u00e1nyokat k\u00edv\u00e1nja mentorprogramj\u00e1val a term\u00e9szettudom\u00e1nyos p\u00e1lya v\u00e1laszt\u00e1s\u00e1ra \u00f6szt\u00f6n\u00f6zni. K\u00e9t egyetemi hallgat\u00f3 p\u00e1lyam\u0171ve egy k\u00fcl\u00f6nleges ki\u00e1ll\u00edt\u00e1s seg\u00edts\u00e9g\u00e9vel mutatn\u00e1 be az eg\u00e9szs\u00e9g\u00fcgyben, oktat\u00e1sban dolgoz\u00f3k izgalmas, a nagyk\u00f6z\u00f6ns\u00e9g el\u0151tt ismeretlen \u00e9let\u00e9t, ezzel \u00e9rz\u00e9keny\u00edtve a fiatalokat e szakm\u00e1k ir\u00e1nt. A d\u00edjb\u00f3l egy karcagi gy\u00f3gyszer\u00e9szcsapat laborat\u00f3riumot hozna l\u00e9tre, ahol a gyerekek a tud\u00e1s mellett sok-sok \u00e9lm\u00e9nyt is gy\u0171jthetnek a gy\u00f3gyszer\u00e9sz szakma sz\u00e9ps\u00e9geir\u0151l. \u201e<i>Az oktat\u00e1s \u00e9s az eg\u00e9szs\u00e9g\u00fcgy j\u00f6v\u0151je c\u00e9g\u00fcnk sz\u00e1m\u00e1ra is kiemelked\u0151en fontos, sz\u00e1mos programunk szolg\u00e1lja azt a c\u00e9lt, hogy a tehets\u00e9ges, term\u00e9szettudom\u00e1nyok ir\u00e1nt \u00e9rdekl\u0151d\u0151 fiatalokb\u00f3l elhivatott, j\u00f3l k\u00e9pzett szakemberek v\u00e1ljanak, akik itthon kamatoztatj\u00e1k tud\u00e1sukat<\/i>\u201d &#8211; mondta <b>Beke Zsuzsa<\/b> zs\u0171ritag, a Richter Gedeon Nyrt. PR \u00e9s korm\u00e1nyzati kapcsolatok vezet\u0151je.<\/p>\n<h3><b>\u00dajra f\u00f3kuszban az eg\u00e9szs\u00e9g\u00fcgyi prevenci\u00f3 \u00e9s az eduk\u00e1ci\u00f3<\/b><\/h3>\n<p>Haz\u00e1nkban a 15 \u00e9ves \u00e9s id\u0151sebb lakoss\u00e1g 60%-a t\u00fals\u00falyos vagy elh\u00edzott, k\u00f6r\u00fckben a magas v\u00e9rnyom\u00e1s, diab\u00e9tesz vagy egy\u00e9b kr\u00f3nikus betegs\u00e9gek el\u0151fordul\u00e1sa is gyakoribb. A prosztatar\u00e1k \u00e9vente k\u00f6zel m\u00e1sf\u00e9l ezer ember \u00e9let\u00e9t k\u00f6veteli, m\u00e9gis a 45 \u00e9v feletti f\u00e9rfiaknak csup\u00e1n 30%-a j\u00e1rt legal\u00e1bb egyszer urol\u00f3giai sz\u0171r\u0151vizsg\u00e1laton. <b>Dr. Barna Istv\u00e1n<\/b> belgy\u00f3gy\u00e1sz, egyetemi docens zs\u0171ritag \u00fagy v\u00e9li, ezeknek az ijeszt\u0151 statisztik\u00e1knak d\u00f6nt\u0151 szerepe van abban, hogy az eg\u00e9szs\u00e9g\u00fcgyi prevenci\u00f3s c\u00e9lok \u00e9vr\u0151l-\u00e9vre nagy hangs\u00falyt kapnak a be\u00e9rkezett p\u00e1lyam\u0171vekben. Az id\u00e9n a p\u00e1ly\u00e1z\u00f3k egyike t\u00f6bb h\u00f3napot \u00e1tfog\u00f3 eg\u00e9szs\u00e9gprogramot szervezne zugl\u00f3i \u00e9letm\u00f3dv\u00e1lt\u00f3knak, egy m\u00e1sik pedig d\u00edjmentes urol\u00f3giai sz\u0171r\u00e9sre h\u00edvna k\u00f6zel ezer f\u00e9rfit B\u00e1cs-Kiskun megy\u00e9ben.<\/p>\n<p>A v\u00e1rand\u00f3s kismam\u00e1kat c\u00e9lz\u00f3 eduk\u00e1ci\u00f3t is t\u00f6bb p\u00e1lyam\u0171 fejleszten\u00e9. Az egyik d\u00f6nt\u0151s a gy\u00f3gyszerhaszn\u00e1latr\u00f3l biztos\u00edtana hiteles inform\u00e1ci\u00f3t sz\u00e1mukra, egy m\u00e1sik csapatnak az \u00f6tlet\u00e9vel pedig \u00e9lm\u00e9nyalap\u00fa, gamifik\u00e1ci\u00f3s megold\u00e1sokat felvonultat\u00f3 labirintusban k\u00f6vethetn\u00e9k nyomon a v\u00e1rand\u00f3ss\u00e1g idej\u00e9n javasolt \u00e9s v\u00e1laszthat\u00f3 vizsg\u00e1latokkal kapcsolatos tudnival\u00f3kat. <b>R\u00fazsa Magdi<\/b> M\u00e1t\u00e9 P\u00e9ter-d\u00edjas zs\u0171ritag eml\u00e9keiben m\u00e9g frissen \u00e9lnek a v\u00e1rand\u00f3ss\u00e1g h\u00f3napjai, saj\u00e1t bevall\u00e1sa szerint \u0151 is \u00f6r\u00fclt volna ilyen t\u00e1mogat\u00e1snak ebben az id\u0151szakban.<br \/>\nEgy d\u00f6nt\u0151be jutott orosh\u00e1zi \u00e1pol\u00f3n\u0151 nap mint nap tapasztalja, hogy az el\u00f6reged\u0151 t\u00e1rsadalom, a szoci\u00e1lis otthonok t\u00falterhelts\u00e9ge miatt egyre nagyobb teret nyer az otthon\u00e1pol\u00e1s, ez\u00e9rt az abban \u00e9rintett hozz\u00e1tartoz\u00f3k sz\u00e1m\u00e1ra ny\u00fajtana t\u00e1mogat\u00e1st a laikusok sz\u00e1m\u00e1ra \u00e9rthet\u0151, hiteles vide\u00f3s anyagok form\u00e1j\u00e1ban.<br \/>\nMagyarorsz\u00e1gon k\u00f6zel m\u00e1sf\u00e9l milli\u00f3 ember \u00e9l cs\u00f6kkent vesefunkci\u00f3val, amelynek kialakul\u00e1s\u00e1hoz a kontroll\u00e1latlan t\u00e1pl\u00e1l\u00e9k-kieg\u00e9sz\u00edt\u0151 fogyaszt\u00e1s, az \u00f6ngy\u00f3gyszerel\u00e9s, az alacsony eg\u00e9szs\u00e9gm\u0171velts\u00e9g \u00e9s a n\u00e9pbetegs\u00e9gek (magas v\u00e9rnyom\u00e1s, cukorbetegs\u00e9g, elh\u00edz\u00e1s) mind hozz\u00e1j\u00e1rulnak. Egy nephrol\u00f3giai oszt\u00e1lyon dolgoz\u00f3 klinikai szakgy\u00f3gyszer\u00e9sz \u00e9s csapata betegeduk\u00e1ci\u00f3s vide\u00f3kat k\u00e9sz\u00edtene ebben a t\u00e9mak\u00f6rben, mivel a vil\u00e1gh\u00e1l\u00f3n a fokozott ig\u00e9ny ellen\u00e9re sincsenek magyarul el\u00e9rhet\u0151, a laikusokat inform\u00e1ci\u00f3val ell\u00e1t\u00f3 anyagok.<\/p>\n<h3><b>Kreat\u00edv pedag\u00f3gusok \u00e9s di\u00e1kok az oktat\u00e1s \u00e9s eg\u00e9szs\u00e9g\u00fcgy fejleszt\u00e9s\u00e9\u00e9rt<\/b><\/h3>\n<p>A pedag\u00f3gusok ez\u00fattal is megmutatt\u00e1k kreativit\u00e1sukat. Egy n\u00f3gr\u00e1di iskola tanul\u00f3inak jelent\u0151s r\u00e9sze h\u00e1tr\u00e1nyos helyzet\u0171, m\u00e1sodgener\u00e1ci\u00f3s munkan\u00e9lk\u00fcli csal\u00e1db\u00f3l \u00e9rkezik, lemarad\u00e1sokkal k\u00fczdve. A lelkes tan\u00e1rcsapat egy olyan motiv\u00e1ci\u00f3s eszk\u00f6zt \u00e1lmodott meg, mellyel pozit\u00edvabb\u00e1 tehetik a gyerekek \u00e9s a csal\u00e1djaik oktat\u00e1shoz, tanul\u00e1shoz, egym\u00e1shoz, k\u00f6rnyezethez val\u00f3 hozz\u00e1\u00e1ll\u00e1s\u00e1t.<\/p>\n<p>Szint\u00e9n tan\u00e1rokb\u00f3l \u00e1ll az a csapat, amely azt vallja, a term\u00e9szettudom\u00e1nyokat tapasztalati \u00faton, lehet\u0151leg a tanterem falain k\u00edv\u00fcl, a term\u00e9szetben \u00e9rdemes elsaj\u00e1t\u00edtani, hogy a megszerzett tud\u00e1s az \u00e9lm\u00e9nyek r\u00e9v\u00e9n maradand\u00f3v\u00e1 v\u00e1ljon. Projektj\u00fck c\u00e9lja egy nyolc \u00e9vfolyamon \u00e1t\u00edvel\u0151 folyamat kialak\u00edt\u00e1sa, a logikus gondolkod\u00e1s, a biol\u00f3gia, k\u00e9mia, fizika, matematika szeretet\u00e9nek er\u0151s\u00edt\u00e9se, a szenved\u00e9ly \u00e9s a kreat\u00edv tudom\u00e1nyos gondolkod\u00e1s fel\u00e9breszt\u00e9se a di\u00e1kokban. <b>Polg\u00e1r Judit<\/b> sakknagymester, a zs\u0171ri \u00faj tagja munk\u00e1ja sor\u00e1n sok fiatallal ker\u00fcl kapcsolatba, \u00e9s az\u00e9rt is tartja fontosnak a kreat\u00edv pedag\u00f3giai eszk\u00f6z\u00f6ket, mert minden gyerekben ott van a k\u00edv\u00e1ncsis\u00e1g, a tud\u00e1sszomj, csak meg kell tal\u00e1lni az azt megsz\u00f3l\u00edt\u00f3 eszk\u00f6z\u00f6ket.<\/p>\n<p>A sug\u00e1rkezel\u00e9sre szorul\u00f3 beteg gyerekek sz\u00e1m\u00e1ra a k\u00f3rh\u00e1zi k\u00f6zeg rideg \u00e9s f\u00e9lelmetes, r\u00e1ad\u00e1sul gyakran nem \u00e9rtik, mi fog t\u00f6rt\u00e9nni vel\u00fck, mik\u00f6zben a ter\u00e1pi\u00e1s folyamathoz a t\u00fcrelm\u00fckre \u00e9s az egy\u00fcttm\u0171k\u00f6d\u00e9s\u00fckre van sz\u00fcks\u00e9g. A kutat\u00f3k\u00e9nt, egyetemi oktat\u00f3k\u00e9nt indul\u00f3 fizikus \u00e9desanya gyerekeivel egy\u00fctt \u00e1lmodott meg egy j\u00e1t\u00e9kokkal teli kalandot, mellyel izgalmas \u0171rutaz\u00e1ss\u00e1 var\u00e1zsoln\u00e1k az onkol\u00f3gi\u00e1n a sug\u00e1rter\u00e1pi\u00e1t. A projekt keret\u00e9ben a kezel\u0151helyis\u00e9g is \u00e1tv\u00e1ltozna egyedi f\u00e9nyfest\u00e9ssel, \u00edgy a gyerekek egy \u0171rhaj\u00f3s mesevil\u00e1gba l\u00e9pn\u00e9nek be sug\u00e1rkezel\u00e9skor. \u201e<i>\u00c9rz\u0151 emberk\u00e9nt, anyak\u00e9nt is fontos sz\u00e1momra, hogy a gyerekek \u00e9s sz\u00fcleik \u00e9let\u00e9t megk\u00f6nny\u00edts\u00fck, f\u0151leg, ha ilyen neh\u00e9z helyzetbe ker\u00fcl a csal\u00e1d<\/i>\u201d &#8211; osztotta meg gondolatait <b>Kert\u00e9sz \u00c9va<\/b> zs\u0171ritag, a 21 N\u0151 az Eg\u00e9szs\u00e9g\u00fcgy\u00e9rt Alap\u00edtv\u00e1ny \u00fcgyvezet\u0151je.<\/p>\n<p>Mik\u00f6zben a pedag\u00f3gus kateg\u00f3ria csapatai azon t\u00f6rik a fej\u00fcket, hogyan tegy\u00e9k jobb\u00e1 a gyerekek mindennapjait, a junior kateg\u00f3ria d\u00f6nt\u0151s csapatai k\u00f6z\u00f6tt olyan k\u00f6z\u00e9piskol\u00e1sok is vannak, akik a tan\u00e1raiknak szeretn\u00e9nek \u00e9lm\u00e9nyekben gazdag k\u00f6z\u00f6ss\u00e9g\u00e9p\u00edt\u0151 programokat szervezni k\u00f6sz\u00f6netk\u00e9ppen. A csapat fontosnak tartja, hogy odafigyeljenek tan\u00e1raik ment\u00e1lis eg\u00e9szs\u00e9g\u00e9re, a tan\u00e1ri k\u00f6z\u00f6ss\u00e9g \u00e9p\u00edt\u00e9s\u00e9re, vallj\u00e1k, ha boldogok a tan\u00e1rok, boldog az eg\u00e9sz iskola.<\/p>\n<h3><b>21. sz\u00e1zadi kommunik\u00e1ci\u00f3, avagy hogyan \u00e9rj\u00fcnk el t\u00f6megeket hat\u00e9konyan<\/b><\/h3>\n<p><b>Szily N\u00f3ra<\/b> zs\u0171ritag kommunik\u00e1ci\u00f3s szakemberk\u00e9nt rajong az \u00fajszer\u0171, napjaink inform\u00e1ci\u00f3\u00e1radat\u00e1b\u00f3l kreat\u00edv kommunik\u00e1ci\u00f3val kit\u0171nni tud\u00f3 projektek\u00e9rt, \u00edgy nagyon \u00f6r\u00fclt azoknak az elk\u00e9pzel\u00e9seknek, amelyek sok ember megmozgat\u00e1s\u00e1val \u00e9rn\u00e9nek el sz\u00e9les k\u00f6z\u00f6ns\u00e9get.<\/p>\n<p>Ez egyik ilyen p\u00e1ly\u00e1zat arra a probl\u00e9m\u00e1ra f\u00f3kusz\u00e1l, hogy Magyarorsz\u00e1g biztons\u00e1gos v\u00e9rell\u00e1t\u00e1s\u00e1hoz naponta 1600-1800 v\u00e9rad\u00f3 \u00f6nzetlen adom\u00e1ny\u00e1ra lenne sz\u00fcks\u00e9g, m\u00e9gis csak n\u00e9h\u00e1ny sz\u00e1zal\u00e9kra tehet\u0151 a v\u00e9rad\u00e1sra alkalmas lakoss\u00e1gb\u00f3l az akt\u00edvan adakoz\u00f3k sz\u00e1ma. Az orvosokb\u00f3l \u00e9s kommunik\u00e1ci\u00f3s szakemberekb\u0151l \u00e1ll\u00f3 csapat hisz abban, hogy innovat\u00edv kommunik\u00e1ci\u00f3s m\u00f3dszerekkel, hat\u00e9kony h\u00e1l\u00f3zat\u00e9p\u00edt\u00e9ssel, a felel\u0151ss\u00e9g megoszt\u00e1s\u00e1val \u00e9s p\u00e9ldamutat\u00e1ssal tudnak hatni m\u00e1sokra. A projekt c\u00e9lkit\u0171z\u00e9se, hogy 100+1 v\u00e9rad\u00f3-toborz\u00f3 influenszer kik\u00e9pz\u00e9s\u00e9vel \u00e9s k\u00f6z\u00f6ss\u00e9gg\u00e9 \u00e9p\u00edt\u00e9s\u00e9vel meg\u00faj\u00edts\u00e1k a v\u00e9rad\u00e1s n\u00e9pszer\u0171s\u00edt\u00e9s\u00e9nek kommunik\u00e1ci\u00f3j\u00e1t. Magyarorsz\u00e1gon \u00e9vente 27.000 esetben k\u00f6vetkezik be hirtelen sz\u00edvhal\u00e1l, ami azt jelenti, hogy k\u00f6r\u00fclbel\u00fcl 70-en halnak meg naponta kering\u00e9sle\u00e1ll\u00e1sban. Az id\u0151ben megkezdett \u00fajra\u00e9leszt\u00e9s \u00e9letet menthet, ahogy ezt egy s\u00fcrg\u0151ss\u00e9gi oszt\u00e1ly csapata minden nap megtapasztalja. A csapat Guinness rekord fel\u00e1ll\u00edt\u00e1s\u00e1ra k\u00e9sz\u00fcl hozz\u00e1vet\u0151legesen 15.000 \u00e1ltal\u00e1nos \u00e9s k\u00f6z\u00e9piskol\u00e1s egyidej\u0171 r\u00e9szv\u00e9tel\u00e9vel az \u00fajra\u00e9leszt\u00e9si gyakorlatban, akik elsaj\u00e1t\u00edtj\u00e1k az alaptud\u00e1st, a technik\u00e1t \u00e9s azt a szeml\u00e9letet, hogy baj eset\u00e9n a hat\u00e1rozott, b\u00e1tor cselekv\u00e9s \u00e9letet ment.<\/p>\n<p>B\u00e1rmely hat csapat is nyeri el majd a Richter Anna D\u00edjat, projektjeik megval\u00f3s\u00edt\u00e1sa nem csup\u00e1n az adott k\u00f6z\u00f6ss\u00e9g, de rajtuk t\u00falmutat\u00f3an az eg\u00e9sz t\u00e1rsadalom, mindannyiunk jav\u00e1t szolg\u00e1lja majd. A pedag\u00f3gus, orvos, eg\u00e9szs\u00e9g\u00fcgyi dolgoz\u00f3, gy\u00f3gyszer\u00e9sz \u00e9s junior kateg\u00f3ria egy-egy d\u00edjazottj\u00e1t a zs\u0171ri tagjai v\u00e1lasztj\u00e1k majd ki, \u0151k d\u00f6ntik el, ki kapja a projekt megval\u00f3s\u00edt\u00e1s\u00e1ra ford\u00edthat\u00f3 n\u00e9gy-n\u00e9gy milli\u00f3 forintot. <b>A k\u00f6z\u00f6ns\u00e9gd\u00edj sorsa 2023. m\u00e1rcius 12-ig a szavaz\u00f3k kez\u00e9ben van<\/b>.<\/p>\n<p>A d\u00f6nt\u0151s csapatok bemutatkoz\u00e1s\u00e1nak \u00e9s az online szavaz\u00e1snak a <a href=\"https:\/\/www.richterannadij.hu\/\" target=\"_blank\" rel=\"noopener\"><span style=\"text-decoration: underline; color: #0000ff;\">www.richterannadij.hu <\/span><\/a>oldal ad helyet. \u00c9rdemes k\u00f6vetni <span style=\"text-decoration: underline;\"><span style=\"color: #0000ff;\"><a style=\"color: #0000ff; text-decoration: underline;\" href=\"https:\/\/www.facebook.com\/2128225870825745\" target=\"_blank\" rel=\"noopener\">a d\u00edj Facebook oldal\u00e1t<\/a><\/span><\/span>, ahol folyamatosan \u00e9rdekes inform\u00e1ci\u00f3kat olvashatunk \u00e9s a d\u00f6nt\u0151s projektekhez kapcsol\u00f3d\u00f3 j\u00e1t\u00e9kokba is bekapcsol\u00f3dhatunk. A bemutatkoz\u00f3 kisfilmek <a href=\"https:\/\/www.youtube.com\/channel\/UCap3NetZhdoq_3Y3HfsNCHQ\" target=\"_blank\" rel=\"noopener\"><span style=\"text-decoration: underline; color: #0000ff;\">a Richter Anna D\u00edj Youtube csatorn\u00e1j\u00e1n<\/span><\/a> is megtekinthet\u0151k. M\u00e1rcius 22-\u00e9n \u00fcnnep\u00e9lyes d\u00edj\u00e1tad\u00f3 keret\u00e9ben der\u00fcl majd ki, melyik lesz az a hat innovat\u00edv projekt, mely a Richter t\u00e1mogat\u00e1s\u00e1val hozhat majd pozit\u00edv v\u00e1ltoz\u00e1st a mindennapokban.<\/p>\n<p><strong>Tartsanak vel\u00fcnk, hisz az eg\u00e9szs\u00e9g\u00fcgy \u00e9s oktat\u00e1s fejl\u0151d\u00e9se nem csup\u00e1n a Richter, hanem mindannyiunk sz\u00edv\u00fcgye!<\/strong><\/p>\n<p><em>Bor\u00edt\u00f3k\u00e9p, forr\u00e1s: Richter Gedeon Nyrt.<\/em><\/p>\n","protected":false},"excerpt":{"rendered":"<p>Az \u00f6t\u00f6dik alkalommal hirdette meg a t\u00f6retlen sikernek \u00f6rvend\u0151 p\u00e1ly\u00e1zat\u00e1t a Richter Gedeon Nyrt., amelyre id\u00e9n m\u00e1r az \u00fajonnan l\u00e9trehozott junior kateg\u00f3ri\u00e1ban k\u00f6z\u00e9piskol\u00e1sok \u00e9s fels\u0151oktat\u00e1sban tanul\u00f3k is k\u00fcldhettek be \u00f6tleteket. A Richter Anna D\u00edj c\u00e9lja, hogy hozz\u00e1j\u00e1ruljon az oktat\u00e1s, az eg\u00e9szs\u00e9g\u00fcgy \u00e9s a gy\u00f3gyszer\u00e9szet ter\u00fcleteinek fejleszt\u00e9s\u00e9hez olyan innovat\u00edv \u00f6tletek felkarol\u00e1s\u00e1val, amelyek min\u0151s\u00e9gi v\u00e1ltoz\u00e1st hoznak nem<\/p>\n","protected":false},"author":1,"featured_media":50303,"comment_status":"closed","ping_status":"closed","sticky":false,"template":"","format":"standard","meta":{"ngg_post_thumbnail":0,"footnotes":""},"categories":[6934,3],"tags":[4060,3233,4771,1926],"class_list":{"0":"post-50302","1":"post","2":"type-post","3":"status-publish","4":"format-standard","5":"has-post-thumbnail","7":"category-belfold","8":"category-hirek","9":"tag-richter","10":"tag-richter-anna-dij","11":"tag-richter-gedeon-nyrt","12":"tag-szavazas"},"yoast_head":"<!-- This site is optimized with the Yoast SEO plugin v27.5 - https:\/\/yoast.com\/product\/yoast-seo-wordpress\/ -->\n<title>K\u00f6zz\u00e9tett\u00e9k a Richter Anna D\u00edj d\u00f6nt\u0151s p\u00e1ly\u00e1zatait<\/title>\n<meta name=\"robots\" content=\"index, follow, max-snippet:-1, max-image-preview:large, max-video-preview:-1\" \/>\n<link rel=\"canonical\" href=\"https:\/\/dorogimedence.hu\/index.php\/2023\/02\/15\/kozzetettek-a-richter-anna-dij-dontos-palyazatait\/\" class=\"yoast-seo-meta-tag\" \/>\n<meta property=\"og:locale\" content=\"hu_HU\" class=\"yoast-seo-meta-tag\" \/>\n<meta property=\"og:type\" content=\"article\" class=\"yoast-seo-meta-tag\" \/>\n<meta property=\"og:title\" content=\"K\u00f6zz\u00e9tett\u00e9k a Richter Anna D\u00edj d\u00f6nt\u0151s p\u00e1ly\u00e1zatait\" class=\"yoast-seo-meta-tag\" \/>\n<meta property=\"og:description\" content=\"Az \u00f6t\u00f6dik alkalommal hirdette meg a t\u00f6retlen sikernek \u00f6rvend\u0151 p\u00e1ly\u00e1zat\u00e1t a Richter Gedeon Nyrt., amelyre id\u00e9n m\u00e1r az \u00fajonnan l\u00e9trehozott junior kateg\u00f3ri\u00e1ban k\u00f6z\u00e9piskol\u00e1sok \u00e9s fels\u0151oktat\u00e1sban tanul\u00f3k is k\u00fcldhettek be \u00f6tleteket. A Richter Anna D\u00edj c\u00e9lja, hogy hozz\u00e1j\u00e1ruljon az oktat\u00e1s, az eg\u00e9szs\u00e9g\u00fcgy \u00e9s a gy\u00f3gyszer\u00e9szet ter\u00fcleteinek fejleszt\u00e9s\u00e9hez olyan innovat\u00edv \u00f6tletek felkarol\u00e1s\u00e1val, amelyek min\u0151s\u00e9gi v\u00e1ltoz\u00e1st hoznak nem\" class=\"yoast-seo-meta-tag\" \/>\n<meta property=\"og:url\" content=\"https:\/\/dorogimedence.hu\/index.php\/2023\/02\/15\/kozzetettek-a-richter-anna-dij-dontos-palyazatait\/\" class=\"yoast-seo-meta-tag\" \/>\n<meta property=\"og:site_name\" content=\"Dorogi-medence Region\u00e1lis H\u00edrport\u00e1l\" class=\"yoast-seo-meta-tag\" \/>\n<meta property=\"article:publisher\" content=\"https:\/\/www.facebook.com\/dorogimedence\/\" class=\"yoast-seo-meta-tag\" \/>\n<meta property=\"article:published_time\" content=\"2023-02-15T08:29:53+00:00\" class=\"yoast-seo-meta-tag\" \/>\n<meta property=\"article:modified_time\" content=\"2023-02-15T08:46:14+00:00\" class=\"yoast-seo-meta-tag\" \/>\n<meta property=\"og:image\" content=\"https:\/\/dorogimedence.hu\/wp-content\/uploads\/2023\/02\/richter-anna-dij.jpg\" class=\"yoast-seo-meta-tag\" \/>\n\t<meta property=\"og:image:width\" content=\"1771\" class=\"yoast-seo-meta-tag\" \/>\n\t<meta property=\"og:image:height\" content=\"800\" class=\"yoast-seo-meta-tag\" \/>\n\t<meta property=\"og:image:type\" content=\"image\/jpeg\" class=\"yoast-seo-meta-tag\" \/>\n<meta name=\"author\" content=\"dorogimedence.hu\" class=\"yoast-seo-meta-tag\" \/>\n<meta name=\"twitter:card\" content=\"summary_large_image\" class=\"yoast-seo-meta-tag\" \/>\n<meta name=\"twitter:label1\" content=\"Szerz\u0151:\" class=\"yoast-seo-meta-tag\" \/>\n\t<meta name=\"twitter:data1\" content=\"dorogimedence.hu\" class=\"yoast-seo-meta-tag\" \/>\n\t<meta name=\"twitter:label2\" content=\"Becs\u00fclt olvas\u00e1si id\u0151\" class=\"yoast-seo-meta-tag\" \/>\n\t<meta name=\"twitter:data2\" content=\"10 perc\" class=\"yoast-seo-meta-tag\" \/>\n<script type=\"application\/ld+json\" class=\"yoast-schema-graph\">{\"@context\":\"https:\\\/\\\/schema.org\",\"@graph\":[{\"@type\":\"Article\",\"@id\":\"https:\\\/\\\/dorogimedence.hu\\\/index.php\\\/2023\\\/02\\\/15\\\/kozzetettek-a-richter-anna-dij-dontos-palyazatait\\\/#article\",\"isPartOf\":{\"@id\":\"https:\\\/\\\/dorogimedence.hu\\\/index.php\\\/2023\\\/02\\\/15\\\/kozzetettek-a-richter-anna-dij-dontos-palyazatait\\\/\"},\"author\":{\"name\":\"dorogimedence.hu\",\"@id\":\"https:\\\/\\\/dorogimedence.hu\\\/#\\\/schema\\\/person\\\/ce6091eeb7e95ecdc87890d6aa8e0fd4\"},\"headline\":\"K\u00f6zz\u00e9tett\u00e9k a Richter Anna D\u00edj d\u00f6nt\u0151s p\u00e1ly\u00e1zatait\",\"datePublished\":\"2023-02-15T08:29:53+00:00\",\"dateModified\":\"2023-02-15T08:46:14+00:00\",\"mainEntityOfPage\":{\"@id\":\"https:\\\/\\\/dorogimedence.hu\\\/index.php\\\/2023\\\/02\\\/15\\\/kozzetettek-a-richter-anna-dij-dontos-palyazatait\\\/\"},\"wordCount\":2046,\"publisher\":{\"@id\":\"https:\\\/\\\/dorogimedence.hu\\\/#organization\"},\"image\":{\"@id\":\"https:\\\/\\\/dorogimedence.hu\\\/index.php\\\/2023\\\/02\\\/15\\\/kozzetettek-a-richter-anna-dij-dontos-palyazatait\\\/#primaryimage\"},\"thumbnailUrl\":\"https:\\\/\\\/dorogimedence.hu\\\/wp-content\\\/uploads\\\/2023\\\/02\\\/richter-anna-dij.jpg\",\"keywords\":[\"richter\",\"Richter Anna-d\u00edj\",\"Richter Gedeon Nyrt.\",\"szavaz\u00e1s\"],\"articleSection\":[\"Belf\u00f6ld, Gazdas\u00e1g\",\"H\u00edrek\"],\"inLanguage\":\"hu\"},{\"@type\":\"WebPage\",\"@id\":\"https:\\\/\\\/dorogimedence.hu\\\/index.php\\\/2023\\\/02\\\/15\\\/kozzetettek-a-richter-anna-dij-dontos-palyazatait\\\/\",\"url\":\"https:\\\/\\\/dorogimedence.hu\\\/index.php\\\/2023\\\/02\\\/15\\\/kozzetettek-a-richter-anna-dij-dontos-palyazatait\\\/\",\"name\":\"K\u00f6zz\u00e9tett\u00e9k a Richter Anna D\u00edj d\u00f6nt\u0151s p\u00e1ly\u00e1zatait\",\"isPartOf\":{\"@id\":\"https:\\\/\\\/dorogimedence.hu\\\/#website\"},\"primaryImageOfPage\":{\"@id\":\"https:\\\/\\\/dorogimedence.hu\\\/index.php\\\/2023\\\/02\\\/15\\\/kozzetettek-a-richter-anna-dij-dontos-palyazatait\\\/#primaryimage\"},\"image\":{\"@id\":\"https:\\\/\\\/dorogimedence.hu\\\/index.php\\\/2023\\\/02\\\/15\\\/kozzetettek-a-richter-anna-dij-dontos-palyazatait\\\/#primaryimage\"},\"thumbnailUrl\":\"https:\\\/\\\/dorogimedence.hu\\\/wp-content\\\/uploads\\\/2023\\\/02\\\/richter-anna-dij.jpg\",\"datePublished\":\"2023-02-15T08:29:53+00:00\",\"dateModified\":\"2023-02-15T08:46:14+00:00\",\"breadcrumb\":{\"@id\":\"https:\\\/\\\/dorogimedence.hu\\\/index.php\\\/2023\\\/02\\\/15\\\/kozzetettek-a-richter-anna-dij-dontos-palyazatait\\\/#breadcrumb\"},\"inLanguage\":\"hu\",\"potentialAction\":[{\"@type\":\"ReadAction\",\"target\":[\"https:\\\/\\\/dorogimedence.hu\\\/index.php\\\/2023\\\/02\\\/15\\\/kozzetettek-a-richter-anna-dij-dontos-palyazatait\\\/\"]}]},{\"@type\":\"ImageObject\",\"inLanguage\":\"hu\",\"@id\":\"https:\\\/\\\/dorogimedence.hu\\\/index.php\\\/2023\\\/02\\\/15\\\/kozzetettek-a-richter-anna-dij-dontos-palyazatait\\\/#primaryimage\",\"url\":\"https:\\\/\\\/dorogimedence.hu\\\/wp-content\\\/uploads\\\/2023\\\/02\\\/richter-anna-dij.jpg\",\"contentUrl\":\"https:\\\/\\\/dorogimedence.hu\\\/wp-content\\\/uploads\\\/2023\\\/02\\\/richter-anna-dij.jpg\",\"width\":1771,\"height\":800},{\"@type\":\"BreadcrumbList\",\"@id\":\"https:\\\/\\\/dorogimedence.hu\\\/index.php\\\/2023\\\/02\\\/15\\\/kozzetettek-a-richter-anna-dij-dontos-palyazatait\\\/#breadcrumb\",\"itemListElement\":[{\"@type\":\"ListItem\",\"position\":1,\"name\":\"Kezd\u0151lap\",\"item\":\"https:\\\/\\\/dorogimedence.hu\\\/\"},{\"@type\":\"ListItem\",\"position\":2,\"name\":\"K\u00f6zz\u00e9tett\u00e9k a Richter Anna D\u00edj d\u00f6nt\u0151s p\u00e1ly\u00e1zatait\"}]},{\"@type\":\"WebSite\",\"@id\":\"https:\\\/\\\/dorogimedence.hu\\\/#website\",\"url\":\"https:\\\/\\\/dorogimedence.hu\\\/\",\"name\":\"Dorogi-medence Region\u00e1lis H\u00edrport\u00e1l\",\"description\":\"Dorog, Keszt\u00f6lc, Le\u00e1nyv\u00e1r, Piliscs\u00e9v, Tokod, Tokodalt\u00e1r\u00f3, Csolnok, Esztergom-kertv\u00e1ros: h\u00edrek, programok\",\"publisher\":{\"@id\":\"https:\\\/\\\/dorogimedence.hu\\\/#organization\"},\"potentialAction\":[{\"@type\":\"SearchAction\",\"target\":{\"@type\":\"EntryPoint\",\"urlTemplate\":\"https:\\\/\\\/dorogimedence.hu\\\/?s={search_term_string}\"},\"query-input\":{\"@type\":\"PropertyValueSpecification\",\"valueRequired\":true,\"valueName\":\"search_term_string\"}}],\"inLanguage\":\"hu\"},{\"@type\":\"Organization\",\"@id\":\"https:\\\/\\\/dorogimedence.hu\\\/#organization\",\"name\":\"Dorogi-medence Region\u00e1lis H\u00edrport\u00e1l\",\"url\":\"https:\\\/\\\/dorogimedence.hu\\\/\",\"logo\":{\"@type\":\"ImageObject\",\"inLanguage\":\"hu\",\"@id\":\"https:\\\/\\\/dorogimedence.hu\\\/#\\\/schema\\\/logo\\\/image\\\/\",\"url\":\"https:\\\/\\\/dorogimedence.hu\\\/wp-content\\\/uploads\\\/2021\\\/04\\\/logo-feher-600.png\",\"contentUrl\":\"https:\\\/\\\/dorogimedence.hu\\\/wp-content\\\/uploads\\\/2021\\\/04\\\/logo-feher-600.png\",\"width\":600,\"height\":100,\"caption\":\"Dorogi-medence Region\u00e1lis H\u00edrport\u00e1l\"},\"image\":{\"@id\":\"https:\\\/\\\/dorogimedence.hu\\\/#\\\/schema\\\/logo\\\/image\\\/\"},\"sameAs\":[\"https:\\\/\\\/www.facebook.com\\\/dorogimedence\\\/\"]},{\"@type\":\"Person\",\"@id\":\"https:\\\/\\\/dorogimedence.hu\\\/#\\\/schema\\\/person\\\/ce6091eeb7e95ecdc87890d6aa8e0fd4\",\"name\":\"dorogimedence.hu\",\"image\":{\"@type\":\"ImageObject\",\"inLanguage\":\"hu\",\"@id\":\"\\\/\\\/www.gravatar.com\\\/avatar\\\/d8d45f8901aadff40a4af72c0b826f1d?s=96&#038;r=g&#038;d=mm\",\"url\":\"\\\/\\\/www.gravatar.com\\\/avatar\\\/d8d45f8901aadff40a4af72c0b826f1d?s=96&#038;r=g&#038;d=mm\",\"contentUrl\":\"\\\/\\\/www.gravatar.com\\\/avatar\\\/d8d45f8901aadff40a4af72c0b826f1d?s=96&#038;r=g&#038;d=mm\",\"caption\":\"dorogimedence.hu\"}}]}<\/script>\n<!-- \/ Yoast SEO plugin. -->","yoast_head_json":{"title":"K\u00f6zz\u00e9tett\u00e9k a Richter Anna D\u00edj d\u00f6nt\u0151s p\u00e1ly\u00e1zatait","robots":{"index":"index","follow":"follow","max-snippet":"max-snippet:-1","max-image-preview":"max-image-preview:large","max-video-preview":"max-video-preview:-1"},"canonical":"https:\/\/dorogimedence.hu\/index.php\/2023\/02\/15\/kozzetettek-a-richter-anna-dij-dontos-palyazatait\/","og_locale":"hu_HU","og_type":"article","og_title":"K\u00f6zz\u00e9tett\u00e9k a Richter Anna D\u00edj d\u00f6nt\u0151s p\u00e1ly\u00e1zatait","og_description":"Az \u00f6t\u00f6dik alkalommal hirdette meg a t\u00f6retlen sikernek \u00f6rvend\u0151 p\u00e1ly\u00e1zat\u00e1t a Richter Gedeon Nyrt., amelyre id\u00e9n m\u00e1r az \u00fajonnan l\u00e9trehozott junior kateg\u00f3ri\u00e1ban k\u00f6z\u00e9piskol\u00e1sok \u00e9s fels\u0151oktat\u00e1sban tanul\u00f3k is k\u00fcldhettek be \u00f6tleteket. A Richter Anna D\u00edj c\u00e9lja, hogy hozz\u00e1j\u00e1ruljon az oktat\u00e1s, az eg\u00e9szs\u00e9g\u00fcgy \u00e9s a gy\u00f3gyszer\u00e9szet ter\u00fcleteinek fejleszt\u00e9s\u00e9hez olyan innovat\u00edv \u00f6tletek felkarol\u00e1s\u00e1val, amelyek min\u0151s\u00e9gi v\u00e1ltoz\u00e1st hoznak nem","og_url":"https:\/\/dorogimedence.hu\/index.php\/2023\/02\/15\/kozzetettek-a-richter-anna-dij-dontos-palyazatait\/","og_site_name":"Dorogi-medence Region\u00e1lis H\u00edrport\u00e1l","article_publisher":"https:\/\/www.facebook.com\/dorogimedence\/","article_published_time":"2023-02-15T08:29:53+00:00","article_modified_time":"2023-02-15T08:46:14+00:00","og_image":[{"width":1771,"height":800,"url":"https:\/\/dorogimedence.hu\/wp-content\/uploads\/2023\/02\/richter-anna-dij.jpg","type":"image\/jpeg"}],"author":"dorogimedence.hu","twitter_card":"summary_large_image","twitter_misc":{"Szerz\u0151:":"dorogimedence.hu","Becs\u00fclt olvas\u00e1si id\u0151":"10 perc"},"schema":{"@context":"https:\/\/schema.org","@graph":[{"@type":"Article","@id":"https:\/\/dorogimedence.hu\/index.php\/2023\/02\/15\/kozzetettek-a-richter-anna-dij-dontos-palyazatait\/#article","isPartOf":{"@id":"https:\/\/dorogimedence.hu\/index.php\/2023\/02\/15\/kozzetettek-a-richter-anna-dij-dontos-palyazatait\/"},"author":{"name":"dorogimedence.hu","@id":"https:\/\/dorogimedence.hu\/#\/schema\/person\/ce6091eeb7e95ecdc87890d6aa8e0fd4"},"headline":"K\u00f6zz\u00e9tett\u00e9k a Richter Anna D\u00edj d\u00f6nt\u0151s p\u00e1ly\u00e1zatait","datePublished":"2023-02-15T08:29:53+00:00","dateModified":"2023-02-15T08:46:14+00:00","mainEntityOfPage":{"@id":"https:\/\/dorogimedence.hu\/index.php\/2023\/02\/15\/kozzetettek-a-richter-anna-dij-dontos-palyazatait\/"},"wordCount":2046,"publisher":{"@id":"https:\/\/dorogimedence.hu\/#organization"},"image":{"@id":"https:\/\/dorogimedence.hu\/index.php\/2023\/02\/15\/kozzetettek-a-richter-anna-dij-dontos-palyazatait\/#primaryimage"},"thumbnailUrl":"https:\/\/dorogimedence.hu\/wp-content\/uploads\/2023\/02\/richter-anna-dij.jpg","keywords":["richter","Richter Anna-d\u00edj","Richter Gedeon Nyrt.","szavaz\u00e1s"],"articleSection":["Belf\u00f6ld, Gazdas\u00e1g","H\u00edrek"],"inLanguage":"hu"},{"@type":"WebPage","@id":"https:\/\/dorogimedence.hu\/index.php\/2023\/02\/15\/kozzetettek-a-richter-anna-dij-dontos-palyazatait\/","url":"https:\/\/dorogimedence.hu\/index.php\/2023\/02\/15\/kozzetettek-a-richter-anna-dij-dontos-palyazatait\/","name":"K\u00f6zz\u00e9tett\u00e9k a Richter Anna D\u00edj d\u00f6nt\u0151s p\u00e1ly\u00e1zatait","isPartOf":{"@id":"https:\/\/dorogimedence.hu\/#website"},"primaryImageOfPage":{"@id":"https:\/\/dorogimedence.hu\/index.php\/2023\/02\/15\/kozzetettek-a-richter-anna-dij-dontos-palyazatait\/#primaryimage"},"image":{"@id":"https:\/\/dorogimedence.hu\/index.php\/2023\/02\/15\/kozzetettek-a-richter-anna-dij-dontos-palyazatait\/#primaryimage"},"thumbnailUrl":"https:\/\/dorogimedence.hu\/wp-content\/uploads\/2023\/02\/richter-anna-dij.jpg","datePublished":"2023-02-15T08:29:53+00:00","dateModified":"2023-02-15T08:46:14+00:00","breadcrumb":{"@id":"https:\/\/dorogimedence.hu\/index.php\/2023\/02\/15\/kozzetettek-a-richter-anna-dij-dontos-palyazatait\/#breadcrumb"},"inLanguage":"hu","potentialAction":[{"@type":"ReadAction","target":["https:\/\/dorogimedence.hu\/index.php\/2023\/02\/15\/kozzetettek-a-richter-anna-dij-dontos-palyazatait\/"]}]},{"@type":"ImageObject","inLanguage":"hu","@id":"https:\/\/dorogimedence.hu\/index.php\/2023\/02\/15\/kozzetettek-a-richter-anna-dij-dontos-palyazatait\/#primaryimage","url":"https:\/\/dorogimedence.hu\/wp-content\/uploads\/2023\/02\/richter-anna-dij.jpg","contentUrl":"https:\/\/dorogimedence.hu\/wp-content\/uploads\/2023\/02\/richter-anna-dij.jpg","width":1771,"height":800},{"@type":"BreadcrumbList","@id":"https:\/\/dorogimedence.hu\/index.php\/2023\/02\/15\/kozzetettek-a-richter-anna-dij-dontos-palyazatait\/#breadcrumb","itemListElement":[{"@type":"ListItem","position":1,"name":"Kezd\u0151lap","item":"https:\/\/dorogimedence.hu\/"},{"@type":"ListItem","position":2,"name":"K\u00f6zz\u00e9tett\u00e9k a Richter Anna D\u00edj d\u00f6nt\u0151s p\u00e1ly\u00e1zatait"}]},{"@type":"WebSite","@id":"https:\/\/dorogimedence.hu\/#website","url":"https:\/\/dorogimedence.hu\/","name":"Dorogi-medence Region\u00e1lis H\u00edrport\u00e1l","description":"Dorog, Keszt\u00f6lc, Le\u00e1nyv\u00e1r, Piliscs\u00e9v, Tokod, Tokodalt\u00e1r\u00f3, Csolnok, Esztergom-kertv\u00e1ros: h\u00edrek, programok","publisher":{"@id":"https:\/\/dorogimedence.hu\/#organization"},"potentialAction":[{"@type":"SearchAction","target":{"@type":"EntryPoint","urlTemplate":"https:\/\/dorogimedence.hu\/?s={search_term_string}"},"query-input":{"@type":"PropertyValueSpecification","valueRequired":true,"valueName":"search_term_string"}}],"inLanguage":"hu"},{"@type":"Organization","@id":"https:\/\/dorogimedence.hu\/#organization","name":"Dorogi-medence Region\u00e1lis H\u00edrport\u00e1l","url":"https:\/\/dorogimedence.hu\/","logo":{"@type":"ImageObject","inLanguage":"hu","@id":"https:\/\/dorogimedence.hu\/#\/schema\/logo\/image\/","url":"https:\/\/dorogimedence.hu\/wp-content\/uploads\/2021\/04\/logo-feher-600.png","contentUrl":"https:\/\/dorogimedence.hu\/wp-content\/uploads\/2021\/04\/logo-feher-600.png","width":600,"height":100,"caption":"Dorogi-medence Region\u00e1lis H\u00edrport\u00e1l"},"image":{"@id":"https:\/\/dorogimedence.hu\/#\/schema\/logo\/image\/"},"sameAs":["https:\/\/www.facebook.com\/dorogimedence\/"]},{"@type":"Person","@id":"https:\/\/dorogimedence.hu\/#\/schema\/person\/ce6091eeb7e95ecdc87890d6aa8e0fd4","name":"dorogimedence.hu","image":{"@type":"ImageObject","inLanguage":"hu","@id":"\/\/www.gravatar.com\/avatar\/d8d45f8901aadff40a4af72c0b826f1d?s=96&#038;r=g&#038;d=mm","url":"\/\/www.gravatar.com\/avatar\/d8d45f8901aadff40a4af72c0b826f1d?s=96&#038;r=g&#038;d=mm","contentUrl":"\/\/www.gravatar.com\/avatar\/d8d45f8901aadff40a4af72c0b826f1d?s=96&#038;r=g&#038;d=mm","caption":"dorogimedence.hu"}}]}},"_links":{"self":[{"href":"https:\/\/dorogimedence.hu\/index.php\/wp-json\/wp\/v2\/posts\/50302","targetHints":{"allow":["GET"]}}],"collection":[{"href":"https:\/\/dorogimedence.hu\/index.php\/wp-json\/wp\/v2\/posts"}],"about":[{"href":"https:\/\/dorogimedence.hu\/index.php\/wp-json\/wp\/v2\/types\/post"}],"author":[{"embeddable":true,"href":"https:\/\/dorogimedence.hu\/index.php\/wp-json\/wp\/v2\/users\/1"}],"replies":[{"embeddable":true,"href":"https:\/\/dorogimedence.hu\/index.php\/wp-json\/wp\/v2\/comments?post=50302"}],"version-history":[{"count":0,"href":"https:\/\/dorogimedence.hu\/index.php\/wp-json\/wp\/v2\/posts\/50302\/revisions"}],"wp:featuredmedia":[{"embeddable":true,"href":"https:\/\/dorogimedence.hu\/index.php\/wp-json\/wp\/v2\/media\/50303"}],"wp:attachment":[{"href":"https:\/\/dorogimedence.hu\/index.php\/wp-json\/wp\/v2\/media?parent=50302"}],"wp:term":[{"taxonomy":"category","embeddable":true,"href":"https:\/\/dorogimedence.hu\/index.php\/wp-json\/wp\/v2\/categories?post=50302"},{"taxonomy":"post_tag","embeddable":true,"href":"https:\/\/dorogimedence.hu\/index.php\/wp-json\/wp\/v2\/tags?post=50302"}],"curies":[{"name":"wp","href":"https:\/\/api.w.org\/{rel}","templated":true}]}}