{"id":50252,"date":"2023-02-13T14:48:24","date_gmt":"2023-02-13T13:48:24","guid":{"rendered":"https:\/\/dorogimedence.hu\/?p=50252"},"modified":"2023-02-13T16:50:36","modified_gmt":"2023-02-13T15:50:36","slug":"mellekepulet-gyulladt-ki-csolnokon","status":"publish","type":"post","link":"https:\/\/dorogimedence.hu\/index.php\/2023\/02\/13\/mellekepulet-gyulladt-ki-csolnokon\/","title":{"rendered":"Mell\u00e9k\u00e9p\u00fclet gyulladt ki Csolnokon"},"content":{"rendered":"<p><strong>Febru\u00e1r 13-\u00e1n, h\u00e9tf\u0151n d\u00e9lut\u00e1n kigyulladt egy csal\u00e1di h\u00e1z mell\u00e9k\u00e9p\u00fclete Csolnokon, a T\u00f6lgyfa utc\u00e1ban.<\/strong><\/p>\n<p>Varga Mih\u00e1ly Sebesty\u00e9n t\u0171zolt\u00f3 f\u0151hadnagy, a Kom\u00e1rom-Esztergom V\u00e1rmegyei Katasztr\u00f3fav\u00e9delmi Igazgat\u00f3s\u00e1g sz\u00f3viv\u0151je elmondta, hogy a teljes terjedelm\u00e9ben \u00e9g\u0151 \u00e9p\u00fclethez az esztergomi, a bajnai, a nyerges\u00fajfalui \u00e9s a f\u0151v\u00e1rosi hivat\u00e1sos t\u0171zolt\u00f3kat riasztott\u00e1k, akik t\u00f6bb v\u00edzsug\u00e1rral megkezdt\u00e9k az olt\u00e1st.<\/p>\n<p><span style=\"color: #ff0000;\"><strong>Friss\u00edt\u00e9s:<\/strong><\/span> A t\u0171z \u00e1tterjedt a szomsz\u00e9dos, nyolcvan n\u00e9gyzetm\u00e9teres lak\u00f3\u00e9p\u00fclet tet\u0151szerkezet\u00e9re \u00e9s padl\u00e1ster\u00e9re is. A t\u0171zh\u00f6z riasztott esztergomi, f\u0151v\u00e1rosi, bajnai \u00e9s nyerges\u00fajfalui hivat\u00e1sos, valamint s\u00e1ris\u00e1pi \u00f6nk\u00e9ntes t\u0171zolt\u00f3k hat v\u00edzsug\u00e1rral folyamatosan oltj\u00e1k a l\u00e1ngokat. A f\u0151\u00e9p\u00fcletn\u00e9l az egys\u00e9gek k\u00edv\u00fclr\u0151l a tet\u0151h\u00e9jazat megbont\u00e1sa mellett, valamint a padl\u00e1st\u00e9rb\u0151l l\u00e9gz\u00e9sv\u00e9delemben pr\u00f3b\u00e1lj\u00e1k a l\u00e1ngokat megf\u00e9kezni. Fokozott figyelemmel zajlik a beavatkoz\u00e1s, amit a katasztr\u00f3fav\u00e9delmi m\u0171veleti szolg\u00e1lat ir\u00e1ny\u00edt, mivel a tet\u0151 t\u00f6bb helyen megrogyott, n\u00e9hol be is omlott.<\/p>\n<p><span style=\"color: #ff0000;\"><strong>Friss\u00edt\u00e9s 2:<\/strong><\/span> A beavatkoz\u00e1st v\u00e9gz\u0151 egys\u00e9gek az ingatlan t\u00fcz\u00e9t k\u00f6r\u00fclhat\u00e1rolt\u00e1k, majd eloltott\u00e1k. Jelenleg az ut\u00f3munk\u00e1latok zajlanak. A h\u00e1zban \u00e9letvitelszer\u0171en \u00e9l\u0151 k\u00e9t ember elhelyez\u00e9se ideiglenesen rokonokn\u00e1l megoldott &#8211; tudtuk meg Varga Mih\u00e1ly Sebesty\u00e9nt\u0151l.<\/p>\n<p><img fetchpriority=\"high\" decoding=\"async\" class=\"alignnone size-large wp-image-50257\" src=\"https:\/\/dorogimedence.hu\/wp-content\/uploads\/2023\/02\/csolnok-tuz-02-1024x642.jpg\" alt=\"\" width=\"755\" height=\"473\" srcset=\"https:\/\/dorogimedence.hu\/wp-content\/uploads\/2023\/02\/csolnok-tuz-02-1024x642.jpg 1024w, https:\/\/dorogimedence.hu\/wp-content\/uploads\/2023\/02\/csolnok-tuz-02-300x188.jpg 300w, https:\/\/dorogimedence.hu\/wp-content\/uploads\/2023\/02\/csolnok-tuz-02-768x481.jpg 768w, https:\/\/dorogimedence.hu\/wp-content\/uploads\/2023\/02\/csolnok-tuz-02-1536x962.jpg 1536w, https:\/\/dorogimedence.hu\/wp-content\/uploads\/2023\/02\/csolnok-tuz-02-150x94.jpg 150w, https:\/\/dorogimedence.hu\/wp-content\/uploads\/2023\/02\/csolnok-tuz-02-450x282.jpg 450w, https:\/\/dorogimedence.hu\/wp-content\/uploads\/2023\/02\/csolnok-tuz-02-1200x752.jpg 1200w, https:\/\/dorogimedence.hu\/wp-content\/uploads\/2023\/02\/csolnok-tuz-02.jpg 1920w\" sizes=\"(max-width: 755px) 100vw, 755px\" \/><\/p>\n<p><img decoding=\"async\" class=\"alignnone size-large wp-image-50259\" src=\"https:\/\/dorogimedence.hu\/wp-content\/uploads\/2023\/02\/csolnok-tuz-04-1024x583.jpg\" alt=\"\" width=\"755\" height=\"430\" srcset=\"https:\/\/dorogimedence.hu\/wp-content\/uploads\/2023\/02\/csolnok-tuz-04-1024x583.jpg 1024w, https:\/\/dorogimedence.hu\/wp-content\/uploads\/2023\/02\/csolnok-tuz-04-300x171.jpg 300w, https:\/\/dorogimedence.hu\/wp-content\/uploads\/2023\/02\/csolnok-tuz-04-768x438.jpg 768w, https:\/\/dorogimedence.hu\/wp-content\/uploads\/2023\/02\/csolnok-tuz-04-1536x875.jpg 1536w, https:\/\/dorogimedence.hu\/wp-content\/uploads\/2023\/02\/csolnok-tuz-04-150x85.jpg 150w, https:\/\/dorogimedence.hu\/wp-content\/uploads\/2023\/02\/csolnok-tuz-04-450x256.jpg 450w, https:\/\/dorogimedence.hu\/wp-content\/uploads\/2023\/02\/csolnok-tuz-04-1200x684.jpg 1200w, https:\/\/dorogimedence.hu\/wp-content\/uploads\/2023\/02\/csolnok-tuz-04.jpg 1920w\" sizes=\"(max-width: 755px) 100vw, 755px\" \/><\/p>\n","protected":false},"excerpt":{"rendered":"<p>Febru\u00e1r 13-\u00e1n, h\u00e9tf\u0151n d\u00e9lut\u00e1n kigyulladt egy csal\u00e1di h\u00e1z mell\u00e9k\u00e9p\u00fclete Csolnokon, a T\u00f6lgyfa utc\u00e1ban. Varga Mih\u00e1ly Sebesty\u00e9n t\u0171zolt\u00f3 f\u0151hadnagy, a Kom\u00e1rom-Esztergom V\u00e1rmegyei Katasztr\u00f3fav\u00e9delmi Igazgat\u00f3s\u00e1g sz\u00f3viv\u0151je elmondta, hogy a teljes terjedelm\u00e9ben \u00e9g\u0151 \u00e9p\u00fclethez az esztergomi, a bajnai, a nyerges\u00fajfalui \u00e9s a f\u0151v\u00e1rosi hivat\u00e1sos t\u0171zolt\u00f3kat riasztott\u00e1k, akik t\u00f6bb v\u00edzsug\u00e1rral megkezdt\u00e9k az olt\u00e1st. Friss\u00edt\u00e9s: A t\u0171z \u00e1tterjedt a szomsz\u00e9dos,<\/p>\n","protected":false},"author":1,"featured_media":50256,"comment_status":"closed","ping_status":"closed","sticky":false,"template":"","format":"standard","meta":{"ngg_post_thumbnail":0,"footnotes":""},"categories":[64,3,39],"tags":[66,41,175,40,365,65],"class_list":{"0":"post-50252","1":"post","2":"type-post","3":"status-publish","4":"format-standard","5":"has-post-thumbnail","7":"category-csolnok","8":"category-hirek","9":"category-kek-hirek","10":"tag-csolnok","11":"tag-haztuz","12":"tag-katasztrofavedelem","13":"tag-tuz","14":"tag-tuzeset","15":"tag-tuzoltosag"},"yoast_head":"<!-- This site is optimized with the Yoast SEO plugin v27.4 - https:\/\/yoast.com\/product\/yoast-seo-wordpress\/ -->\n<title>Mell\u00e9k\u00e9p\u00fclet gyulladt ki Csolnokon<\/title>\n<meta name=\"robots\" content=\"index, follow, max-snippet:-1, max-image-preview:large, max-video-preview:-1\" \/>\n<link rel=\"canonical\" href=\"https:\/\/dorogimedence.hu\/index.php\/2023\/02\/13\/mellekepulet-gyulladt-ki-csolnokon\/\" class=\"yoast-seo-meta-tag\" \/>\n<meta property=\"og:locale\" content=\"hu_HU\" class=\"yoast-seo-meta-tag\" \/>\n<meta property=\"og:type\" content=\"article\" class=\"yoast-seo-meta-tag\" \/>\n<meta property=\"og:title\" content=\"Mell\u00e9k\u00e9p\u00fclet gyulladt ki Csolnokon\" class=\"yoast-seo-meta-tag\" \/>\n<meta property=\"og:description\" content=\"Febru\u00e1r 13-\u00e1n, h\u00e9tf\u0151n d\u00e9lut\u00e1n kigyulladt egy csal\u00e1di h\u00e1z mell\u00e9k\u00e9p\u00fclete Csolnokon, a T\u00f6lgyfa utc\u00e1ban. Varga Mih\u00e1ly Sebesty\u00e9n t\u0171zolt\u00f3 f\u0151hadnagy, a Kom\u00e1rom-Esztergom V\u00e1rmegyei Katasztr\u00f3fav\u00e9delmi Igazgat\u00f3s\u00e1g sz\u00f3viv\u0151je elmondta, hogy a teljes terjedelm\u00e9ben \u00e9g\u0151 \u00e9p\u00fclethez az esztergomi, a bajnai, a nyerges\u00fajfalui \u00e9s a f\u0151v\u00e1rosi hivat\u00e1sos t\u0171zolt\u00f3kat riasztott\u00e1k, akik t\u00f6bb v\u00edzsug\u00e1rral megkezdt\u00e9k az olt\u00e1st. Friss\u00edt\u00e9s: A t\u0171z \u00e1tterjedt a szomsz\u00e9dos,\" class=\"yoast-seo-meta-tag\" \/>\n<meta property=\"og:url\" content=\"https:\/\/dorogimedence.hu\/index.php\/2023\/02\/13\/mellekepulet-gyulladt-ki-csolnokon\/\" class=\"yoast-seo-meta-tag\" \/>\n<meta property=\"og:site_name\" content=\"Dorogi-medence Region\u00e1lis H\u00edrport\u00e1l\" class=\"yoast-seo-meta-tag\" \/>\n<meta property=\"article:publisher\" content=\"https:\/\/www.facebook.com\/dorogimedence\/\" class=\"yoast-seo-meta-tag\" \/>\n<meta property=\"article:published_time\" content=\"2023-02-13T13:48:24+00:00\" class=\"yoast-seo-meta-tag\" \/>\n<meta property=\"article:modified_time\" content=\"2023-02-13T15:50:36+00:00\" class=\"yoast-seo-meta-tag\" \/>\n<meta property=\"og:image\" content=\"https:\/\/dorogimedence.hu\/wp-content\/uploads\/2023\/02\/csolnok-tuz-01.jpg\" class=\"yoast-seo-meta-tag\" \/>\n\t<meta property=\"og:image:width\" content=\"1920\" class=\"yoast-seo-meta-tag\" \/>\n\t<meta property=\"og:image:height\" content=\"1066\" class=\"yoast-seo-meta-tag\" \/>\n\t<meta property=\"og:image:type\" content=\"image\/jpeg\" class=\"yoast-seo-meta-tag\" \/>\n<meta name=\"author\" content=\"dorogimedence.hu\" class=\"yoast-seo-meta-tag\" \/>\n<meta name=\"twitter:card\" content=\"summary_large_image\" class=\"yoast-seo-meta-tag\" \/>\n<meta name=\"twitter:label1\" content=\"Szerz\u0151:\" class=\"yoast-seo-meta-tag\" \/>\n\t<meta name=\"twitter:data1\" content=\"dorogimedence.hu\" class=\"yoast-seo-meta-tag\" \/>\n\t<meta name=\"twitter:label2\" content=\"Becs\u00fclt olvas\u00e1si id\u0151\" class=\"yoast-seo-meta-tag\" \/>\n\t<meta name=\"twitter:data2\" content=\"1 perc\" class=\"yoast-seo-meta-tag\" \/>\n<script type=\"application\/ld+json\" class=\"yoast-schema-graph\">{\"@context\":\"https:\\\/\\\/schema.org\",\"@graph\":[{\"@type\":\"Article\",\"@id\":\"https:\\\/\\\/dorogimedence.hu\\\/index.php\\\/2023\\\/02\\\/13\\\/mellekepulet-gyulladt-ki-csolnokon\\\/#article\",\"isPartOf\":{\"@id\":\"https:\\\/\\\/dorogimedence.hu\\\/index.php\\\/2023\\\/02\\\/13\\\/mellekepulet-gyulladt-ki-csolnokon\\\/\"},\"author\":{\"name\":\"dorogimedence.hu\",\"@id\":\"https:\\\/\\\/dorogimedence.hu\\\/#\\\/schema\\\/person\\\/ce6091eeb7e95ecdc87890d6aa8e0fd4\"},\"headline\":\"Mell\u00e9k\u00e9p\u00fclet gyulladt ki Csolnokon\",\"datePublished\":\"2023-02-13T13:48:24+00:00\",\"dateModified\":\"2023-02-13T15:50:36+00:00\",\"mainEntityOfPage\":{\"@id\":\"https:\\\/\\\/dorogimedence.hu\\\/index.php\\\/2023\\\/02\\\/13\\\/mellekepulet-gyulladt-ki-csolnokon\\\/\"},\"wordCount\":275,\"publisher\":{\"@id\":\"https:\\\/\\\/dorogimedence.hu\\\/#organization\"},\"image\":{\"@id\":\"https:\\\/\\\/dorogimedence.hu\\\/index.php\\\/2023\\\/02\\\/13\\\/mellekepulet-gyulladt-ki-csolnokon\\\/#primaryimage\"},\"thumbnailUrl\":\"https:\\\/\\\/dorogimedence.hu\\\/wp-content\\\/uploads\\\/2023\\\/02\\\/csolnok-tuz-01.jpg\",\"keywords\":[\"Csolnok\",\"h\u00e1zt\u0171z\",\"katasztr\u00f3fav\u00e9delem\",\"t\u0171z\",\"t\u0171zeset\",\"t\u0171zolt\u00f3s\u00e1g\"],\"articleSection\":[\"Csolnok\",\"H\u00edrek\",\"K\u00e9k h\u00edrek\"],\"inLanguage\":\"hu\"},{\"@type\":\"WebPage\",\"@id\":\"https:\\\/\\\/dorogimedence.hu\\\/index.php\\\/2023\\\/02\\\/13\\\/mellekepulet-gyulladt-ki-csolnokon\\\/\",\"url\":\"https:\\\/\\\/dorogimedence.hu\\\/index.php\\\/2023\\\/02\\\/13\\\/mellekepulet-gyulladt-ki-csolnokon\\\/\",\"name\":\"Mell\u00e9k\u00e9p\u00fclet gyulladt ki Csolnokon\",\"isPartOf\":{\"@id\":\"https:\\\/\\\/dorogimedence.hu\\\/#website\"},\"primaryImageOfPage\":{\"@id\":\"https:\\\/\\\/dorogimedence.hu\\\/index.php\\\/2023\\\/02\\\/13\\\/mellekepulet-gyulladt-ki-csolnokon\\\/#primaryimage\"},\"image\":{\"@id\":\"https:\\\/\\\/dorogimedence.hu\\\/index.php\\\/2023\\\/02\\\/13\\\/mellekepulet-gyulladt-ki-csolnokon\\\/#primaryimage\"},\"thumbnailUrl\":\"https:\\\/\\\/dorogimedence.hu\\\/wp-content\\\/uploads\\\/2023\\\/02\\\/csolnok-tuz-01.jpg\",\"datePublished\":\"2023-02-13T13:48:24+00:00\",\"dateModified\":\"2023-02-13T15:50:36+00:00\",\"breadcrumb\":{\"@id\":\"https:\\\/\\\/dorogimedence.hu\\\/index.php\\\/2023\\\/02\\\/13\\\/mellekepulet-gyulladt-ki-csolnokon\\\/#breadcrumb\"},\"inLanguage\":\"hu\",\"potentialAction\":[{\"@type\":\"ReadAction\",\"target\":[\"https:\\\/\\\/dorogimedence.hu\\\/index.php\\\/2023\\\/02\\\/13\\\/mellekepulet-gyulladt-ki-csolnokon\\\/\"]}]},{\"@type\":\"ImageObject\",\"inLanguage\":\"hu\",\"@id\":\"https:\\\/\\\/dorogimedence.hu\\\/index.php\\\/2023\\\/02\\\/13\\\/mellekepulet-gyulladt-ki-csolnokon\\\/#primaryimage\",\"url\":\"https:\\\/\\\/dorogimedence.hu\\\/wp-content\\\/uploads\\\/2023\\\/02\\\/csolnok-tuz-01.jpg\",\"contentUrl\":\"https:\\\/\\\/dorogimedence.hu\\\/wp-content\\\/uploads\\\/2023\\\/02\\\/csolnok-tuz-01.jpg\",\"width\":1920,\"height\":1066},{\"@type\":\"BreadcrumbList\",\"@id\":\"https:\\\/\\\/dorogimedence.hu\\\/index.php\\\/2023\\\/02\\\/13\\\/mellekepulet-gyulladt-ki-csolnokon\\\/#breadcrumb\",\"itemListElement\":[{\"@type\":\"ListItem\",\"position\":1,\"name\":\"Kezd\u0151lap\",\"item\":\"https:\\\/\\\/dorogimedence.hu\\\/\"},{\"@type\":\"ListItem\",\"position\":2,\"name\":\"Mell\u00e9k\u00e9p\u00fclet gyulladt ki Csolnokon\"}]},{\"@type\":\"WebSite\",\"@id\":\"https:\\\/\\\/dorogimedence.hu\\\/#website\",\"url\":\"https:\\\/\\\/dorogimedence.hu\\\/\",\"name\":\"Dorogi-medence Region\u00e1lis H\u00edrport\u00e1l\",\"description\":\"Dorog, Keszt\u00f6lc, Le\u00e1nyv\u00e1r, Piliscs\u00e9v, Tokod, Tokodalt\u00e1r\u00f3, Csolnok, Esztergom-kertv\u00e1ros: h\u00edrek, programok\",\"publisher\":{\"@id\":\"https:\\\/\\\/dorogimedence.hu\\\/#organization\"},\"potentialAction\":[{\"@type\":\"SearchAction\",\"target\":{\"@type\":\"EntryPoint\",\"urlTemplate\":\"https:\\\/\\\/dorogimedence.hu\\\/?s={search_term_string}\"},\"query-input\":{\"@type\":\"PropertyValueSpecification\",\"valueRequired\":true,\"valueName\":\"search_term_string\"}}],\"inLanguage\":\"hu\"},{\"@type\":\"Organization\",\"@id\":\"https:\\\/\\\/dorogimedence.hu\\\/#organization\",\"name\":\"Dorogi-medence Region\u00e1lis H\u00edrport\u00e1l\",\"url\":\"https:\\\/\\\/dorogimedence.hu\\\/\",\"logo\":{\"@type\":\"ImageObject\",\"inLanguage\":\"hu\",\"@id\":\"https:\\\/\\\/dorogimedence.hu\\\/#\\\/schema\\\/logo\\\/image\\\/\",\"url\":\"https:\\\/\\\/dorogimedence.hu\\\/wp-content\\\/uploads\\\/2021\\\/04\\\/logo-feher-600.png\",\"contentUrl\":\"https:\\\/\\\/dorogimedence.hu\\\/wp-content\\\/uploads\\\/2021\\\/04\\\/logo-feher-600.png\",\"width\":600,\"height\":100,\"caption\":\"Dorogi-medence Region\u00e1lis H\u00edrport\u00e1l\"},\"image\":{\"@id\":\"https:\\\/\\\/dorogimedence.hu\\\/#\\\/schema\\\/logo\\\/image\\\/\"},\"sameAs\":[\"https:\\\/\\\/www.facebook.com\\\/dorogimedence\\\/\"]},{\"@type\":\"Person\",\"@id\":\"https:\\\/\\\/dorogimedence.hu\\\/#\\\/schema\\\/person\\\/ce6091eeb7e95ecdc87890d6aa8e0fd4\",\"name\":\"dorogimedence.hu\",\"image\":{\"@type\":\"ImageObject\",\"inLanguage\":\"hu\",\"@id\":\"\\\/\\\/www.gravatar.com\\\/avatar\\\/d8d45f8901aadff40a4af72c0b826f1d?s=96&#038;r=g&#038;d=mm\",\"url\":\"\\\/\\\/www.gravatar.com\\\/avatar\\\/d8d45f8901aadff40a4af72c0b826f1d?s=96&#038;r=g&#038;d=mm\",\"contentUrl\":\"\\\/\\\/www.gravatar.com\\\/avatar\\\/d8d45f8901aadff40a4af72c0b826f1d?s=96&#038;r=g&#038;d=mm\",\"caption\":\"dorogimedence.hu\"}}]}<\/script>\n<!-- \/ Yoast SEO plugin. -->","yoast_head_json":{"title":"Mell\u00e9k\u00e9p\u00fclet gyulladt ki Csolnokon","robots":{"index":"index","follow":"follow","max-snippet":"max-snippet:-1","max-image-preview":"max-image-preview:large","max-video-preview":"max-video-preview:-1"},"canonical":"https:\/\/dorogimedence.hu\/index.php\/2023\/02\/13\/mellekepulet-gyulladt-ki-csolnokon\/","og_locale":"hu_HU","og_type":"article","og_title":"Mell\u00e9k\u00e9p\u00fclet gyulladt ki Csolnokon","og_description":"Febru\u00e1r 13-\u00e1n, h\u00e9tf\u0151n d\u00e9lut\u00e1n kigyulladt egy csal\u00e1di h\u00e1z mell\u00e9k\u00e9p\u00fclete Csolnokon, a T\u00f6lgyfa utc\u00e1ban. Varga Mih\u00e1ly Sebesty\u00e9n t\u0171zolt\u00f3 f\u0151hadnagy, a Kom\u00e1rom-Esztergom V\u00e1rmegyei Katasztr\u00f3fav\u00e9delmi Igazgat\u00f3s\u00e1g sz\u00f3viv\u0151je elmondta, hogy a teljes terjedelm\u00e9ben \u00e9g\u0151 \u00e9p\u00fclethez az esztergomi, a bajnai, a nyerges\u00fajfalui \u00e9s a f\u0151v\u00e1rosi hivat\u00e1sos t\u0171zolt\u00f3kat riasztott\u00e1k, akik t\u00f6bb v\u00edzsug\u00e1rral megkezdt\u00e9k az olt\u00e1st. Friss\u00edt\u00e9s: A t\u0171z \u00e1tterjedt a szomsz\u00e9dos,","og_url":"https:\/\/dorogimedence.hu\/index.php\/2023\/02\/13\/mellekepulet-gyulladt-ki-csolnokon\/","og_site_name":"Dorogi-medence Region\u00e1lis H\u00edrport\u00e1l","article_publisher":"https:\/\/www.facebook.com\/dorogimedence\/","article_published_time":"2023-02-13T13:48:24+00:00","article_modified_time":"2023-02-13T15:50:36+00:00","og_image":[{"width":1920,"height":1066,"url":"https:\/\/dorogimedence.hu\/wp-content\/uploads\/2023\/02\/csolnok-tuz-01.jpg","type":"image\/jpeg"}],"author":"dorogimedence.hu","twitter_card":"summary_large_image","twitter_misc":{"Szerz\u0151:":"dorogimedence.hu","Becs\u00fclt olvas\u00e1si id\u0151":"1 perc"},"schema":{"@context":"https:\/\/schema.org","@graph":[{"@type":"Article","@id":"https:\/\/dorogimedence.hu\/index.php\/2023\/02\/13\/mellekepulet-gyulladt-ki-csolnokon\/#article","isPartOf":{"@id":"https:\/\/dorogimedence.hu\/index.php\/2023\/02\/13\/mellekepulet-gyulladt-ki-csolnokon\/"},"author":{"name":"dorogimedence.hu","@id":"https:\/\/dorogimedence.hu\/#\/schema\/person\/ce6091eeb7e95ecdc87890d6aa8e0fd4"},"headline":"Mell\u00e9k\u00e9p\u00fclet gyulladt ki Csolnokon","datePublished":"2023-02-13T13:48:24+00:00","dateModified":"2023-02-13T15:50:36+00:00","mainEntityOfPage":{"@id":"https:\/\/dorogimedence.hu\/index.php\/2023\/02\/13\/mellekepulet-gyulladt-ki-csolnokon\/"},"wordCount":275,"publisher":{"@id":"https:\/\/dorogimedence.hu\/#organization"},"image":{"@id":"https:\/\/dorogimedence.hu\/index.php\/2023\/02\/13\/mellekepulet-gyulladt-ki-csolnokon\/#primaryimage"},"thumbnailUrl":"https:\/\/dorogimedence.hu\/wp-content\/uploads\/2023\/02\/csolnok-tuz-01.jpg","keywords":["Csolnok","h\u00e1zt\u0171z","katasztr\u00f3fav\u00e9delem","t\u0171z","t\u0171zeset","t\u0171zolt\u00f3s\u00e1g"],"articleSection":["Csolnok","H\u00edrek","K\u00e9k h\u00edrek"],"inLanguage":"hu"},{"@type":"WebPage","@id":"https:\/\/dorogimedence.hu\/index.php\/2023\/02\/13\/mellekepulet-gyulladt-ki-csolnokon\/","url":"https:\/\/dorogimedence.hu\/index.php\/2023\/02\/13\/mellekepulet-gyulladt-ki-csolnokon\/","name":"Mell\u00e9k\u00e9p\u00fclet gyulladt ki Csolnokon","isPartOf":{"@id":"https:\/\/dorogimedence.hu\/#website"},"primaryImageOfPage":{"@id":"https:\/\/dorogimedence.hu\/index.php\/2023\/02\/13\/mellekepulet-gyulladt-ki-csolnokon\/#primaryimage"},"image":{"@id":"https:\/\/dorogimedence.hu\/index.php\/2023\/02\/13\/mellekepulet-gyulladt-ki-csolnokon\/#primaryimage"},"thumbnailUrl":"https:\/\/dorogimedence.hu\/wp-content\/uploads\/2023\/02\/csolnok-tuz-01.jpg","datePublished":"2023-02-13T13:48:24+00:00","dateModified":"2023-02-13T15:50:36+00:00","breadcrumb":{"@id":"https:\/\/dorogimedence.hu\/index.php\/2023\/02\/13\/mellekepulet-gyulladt-ki-csolnokon\/#breadcrumb"},"inLanguage":"hu","potentialAction":[{"@type":"ReadAction","target":["https:\/\/dorogimedence.hu\/index.php\/2023\/02\/13\/mellekepulet-gyulladt-ki-csolnokon\/"]}]},{"@type":"ImageObject","inLanguage":"hu","@id":"https:\/\/dorogimedence.hu\/index.php\/2023\/02\/13\/mellekepulet-gyulladt-ki-csolnokon\/#primaryimage","url":"https:\/\/dorogimedence.hu\/wp-content\/uploads\/2023\/02\/csolnok-tuz-01.jpg","contentUrl":"https:\/\/dorogimedence.hu\/wp-content\/uploads\/2023\/02\/csolnok-tuz-01.jpg","width":1920,"height":1066},{"@type":"BreadcrumbList","@id":"https:\/\/dorogimedence.hu\/index.php\/2023\/02\/13\/mellekepulet-gyulladt-ki-csolnokon\/#breadcrumb","itemListElement":[{"@type":"ListItem","position":1,"name":"Kezd\u0151lap","item":"https:\/\/dorogimedence.hu\/"},{"@type":"ListItem","position":2,"name":"Mell\u00e9k\u00e9p\u00fclet gyulladt ki Csolnokon"}]},{"@type":"WebSite","@id":"https:\/\/dorogimedence.hu\/#website","url":"https:\/\/dorogimedence.hu\/","name":"Dorogi-medence Region\u00e1lis H\u00edrport\u00e1l","description":"Dorog, Keszt\u00f6lc, Le\u00e1nyv\u00e1r, Piliscs\u00e9v, Tokod, Tokodalt\u00e1r\u00f3, Csolnok, Esztergom-kertv\u00e1ros: h\u00edrek, programok","publisher":{"@id":"https:\/\/dorogimedence.hu\/#organization"},"potentialAction":[{"@type":"SearchAction","target":{"@type":"EntryPoint","urlTemplate":"https:\/\/dorogimedence.hu\/?s={search_term_string}"},"query-input":{"@type":"PropertyValueSpecification","valueRequired":true,"valueName":"search_term_string"}}],"inLanguage":"hu"},{"@type":"Organization","@id":"https:\/\/dorogimedence.hu\/#organization","name":"Dorogi-medence Region\u00e1lis H\u00edrport\u00e1l","url":"https:\/\/dorogimedence.hu\/","logo":{"@type":"ImageObject","inLanguage":"hu","@id":"https:\/\/dorogimedence.hu\/#\/schema\/logo\/image\/","url":"https:\/\/dorogimedence.hu\/wp-content\/uploads\/2021\/04\/logo-feher-600.png","contentUrl":"https:\/\/dorogimedence.hu\/wp-content\/uploads\/2021\/04\/logo-feher-600.png","width":600,"height":100,"caption":"Dorogi-medence Region\u00e1lis H\u00edrport\u00e1l"},"image":{"@id":"https:\/\/dorogimedence.hu\/#\/schema\/logo\/image\/"},"sameAs":["https:\/\/www.facebook.com\/dorogimedence\/"]},{"@type":"Person","@id":"https:\/\/dorogimedence.hu\/#\/schema\/person\/ce6091eeb7e95ecdc87890d6aa8e0fd4","name":"dorogimedence.hu","image":{"@type":"ImageObject","inLanguage":"hu","@id":"\/\/www.gravatar.com\/avatar\/d8d45f8901aadff40a4af72c0b826f1d?s=96&#038;r=g&#038;d=mm","url":"\/\/www.gravatar.com\/avatar\/d8d45f8901aadff40a4af72c0b826f1d?s=96&#038;r=g&#038;d=mm","contentUrl":"\/\/www.gravatar.com\/avatar\/d8d45f8901aadff40a4af72c0b826f1d?s=96&#038;r=g&#038;d=mm","caption":"dorogimedence.hu"}}]}},"_links":{"self":[{"href":"https:\/\/dorogimedence.hu\/index.php\/wp-json\/wp\/v2\/posts\/50252","targetHints":{"allow":["GET"]}}],"collection":[{"href":"https:\/\/dorogimedence.hu\/index.php\/wp-json\/wp\/v2\/posts"}],"about":[{"href":"https:\/\/dorogimedence.hu\/index.php\/wp-json\/wp\/v2\/types\/post"}],"author":[{"embeddable":true,"href":"https:\/\/dorogimedence.hu\/index.php\/wp-json\/wp\/v2\/users\/1"}],"replies":[{"embeddable":true,"href":"https:\/\/dorogimedence.hu\/index.php\/wp-json\/wp\/v2\/comments?post=50252"}],"version-history":[{"count":0,"href":"https:\/\/dorogimedence.hu\/index.php\/wp-json\/wp\/v2\/posts\/50252\/revisions"}],"wp:featuredmedia":[{"embeddable":true,"href":"https:\/\/dorogimedence.hu\/index.php\/wp-json\/wp\/v2\/media\/50256"}],"wp:attachment":[{"href":"https:\/\/dorogimedence.hu\/index.php\/wp-json\/wp\/v2\/media?parent=50252"}],"wp:term":[{"taxonomy":"category","embeddable":true,"href":"https:\/\/dorogimedence.hu\/index.php\/wp-json\/wp\/v2\/categories?post=50252"},{"taxonomy":"post_tag","embeddable":true,"href":"https:\/\/dorogimedence.hu\/index.php\/wp-json\/wp\/v2\/tags?post=50252"}],"curies":[{"name":"wp","href":"https:\/\/api.w.org\/{rel}","templated":true}]}}