{"id":50231,"date":"2023-02-13T11:38:55","date_gmt":"2023-02-13T10:38:55","guid":{"rendered":"https:\/\/dorogimedence.hu\/?p=50231"},"modified":"2023-02-13T11:39:17","modified_gmt":"2023-02-13T10:39:17","slug":"fuss-az-erdesz-szemevel-teli-terepfuto-kihivas-a-pilisi-parkerdoben","status":"publish","type":"post","link":"https:\/\/dorogimedence.hu\/index.php\/2023\/02\/13\/fuss-az-erdesz-szemevel-teli-terepfuto-kihivas-a-pilisi-parkerdoben\/","title":{"rendered":"Fuss az erd\u00e9sz szem\u00e9vel \u2013 t\u00e9li terepfut\u00f3-kih\u00edv\u00e1s a Pilisi Parkerd\u0151ben"},"content":{"rendered":"<p><strong>Az Orsz\u00e1gos Erd\u00e9szeti Egyes\u00fclet \u201eSportolj tudatosan az erd\u0151ben!\u201d nev\u0171 programsorozat\u00e1nak c\u00e9lja, hogy az outdoor tev\u00e9kenys\u00e9gek kedvel\u0151i sportol\u00e1s k\u00f6zben olyan \u00e9rdekess\u00e9geket figyeljenek meg \u00e9s \u00f6sszef\u00fcgg\u00e9seket vegyenek \u00e9szre, amelyek r\u00e9v\u00e9n jobban elmer\u00fclhetnek az erdei \u00e9l\u0151vil\u00e1gban. A program r\u00e9sze a \u201eFuss az erd\u00e9sz szem\u00e9vel\u201d c\u00edm\u0171 terepfut\u00f3-kih\u00edv\u00e1ssorozat. Ennek hetedik, t\u00e9li \u00e1llom\u00e1sa visszat\u00e9r a Pilisi Parkerd\u0151be, ahol a h\u00edres viaduktt\u00f3l indulva a Biatorb\u00e1gy f\u00f6l\u00f6tti m\u00e9szk\u0151fenns\u00edk v\u00e1ltozatos erdej\u00e9ben \u00e9s l\u00e1tv\u00e1nyos sziklaperem\u00e9n m\u00e1rcius 15-ig teljes\u00edthet\u0151 a kih\u00edv\u00e1s.<\/strong><\/p>\n<p>A sorozat aktu\u00e1lis, hetedik kih\u00edv\u00e1sa a n\u00e9gy el\u0151z\u0151h\u00f6z hasonl\u00f3an a Pilisi Parkerd\u0151be invit\u00e1lja a fut\u00f3kat. A c\u00e9l ism\u00e9t a Budai-hegys\u00e9g, ez\u00fattal azonban annak d\u00e9li r\u00e9sze, a Biatorb\u00e1gy f\u00f6l\u00f6tt, az Iharos-hegy k\u00f6r\u00fcl elter\u00fcl\u0151 erd\u0151. A 13 kilom\u00e9ter hossz\u00fa, 385 m\u00e9ter szintemelked\u00e9st tartalmaz\u00f3 k\u00f6r\u00fat k\u00fcl\u00f6nlegess\u00e9ge a Nyakas-k\u0151 \u00e9s a Mad\u00e1r-szirt l\u00e1tv\u00e1nyos m\u00e9szk\u0151pereme, a K\u0151-orr kapt\u00e1rk\u00f6vei, a h\u00edres biatorb\u00e1gyi viadukt, illetve term\u00e9szetesen a ter\u00fclet jellemz\u0151 erd\u0151i, a m\u00e9szkedvel\u0151 t\u00f6lgyesek, a molyhos t\u00f6lgyesek, a cseresek, vagy a kop\u00e1rf\u00e1s\u00edt\u00e1sok sor\u00e1n \u00fcltetett feketefenyvesek. A r\u00e9szletes ismertet\u0151 \u00e9s a let\u00f6lthet\u0151 track <a href=\"https:\/\/www.oee.hu\/sportolj-tudatosan-az-erdoben\" target=\"_blank\" rel=\"noopener\"><span style=\"text-decoration: underline; color: #0000ff;\">ezen a linken tal\u00e1lhat\u00f3<\/span><\/a>.<\/p>\n<p>A rajthely Budapest k\u00f6zpontj\u00e1b\u00f3l, a D\u00e9li p\u00e1lyaudvarr\u00f3l vonattal 20 perc alatt el\u00e9rhet\u0151, de megk\u00f6zel\u00edthet\u0151 Kelenf\u00f6ldr\u0151l menetrend szerinti helyk\u00f6zi buszj\u00e1rattal, illetve szem\u00e9lyg\u00e9pkocsival az M1-es aut\u00f3p\u00e1ly\u00e1n vagy az 1-es f\u0151\u00faton.<\/p>\n<p>M\u00e1r maga a rajt is k\u00fcl\u00f6nleges helyen van: a kett\u0151s viadukt alatt, ahol 1931-ben a h\u00edres mer\u00e9nyletet elk\u00f6vett\u00e9k. A hidakat eg\u00e9szen 1979-g haszn\u00e1lt\u00e1k vas\u00fati c\u00e9lokra, v\u00e9g\u00fcl s\u00e9t\u00e1nyt alak\u00edtottak ki rajtuk. Utunk azonban nem erre vezet, hanem a s\u00e1rga s\u00e1v jelz\u00e9sen a Mad\u00e1r-forr\u00e1s fel\u00e9, majd innen kapaszkodunk fel a K\u0151-orr l\u00e1tv\u00e1nyos kil\u00e1t\u00f3pontj\u00e1hoz. Itt m\u00e1r kapunk egy kis \u00edzel\u00edt\u0151t abb\u00f3l a k\u0151zetb\u0151l, amelynek utunk majdani l\u00e1tv\u00e1nyoss\u00e1g\u00e1t k\u00f6sz\u00f6nhetj\u00fck, \u00e9s amely d\u00f6nt\u0151en meghat\u00e1rozza a k\u00f6rnyez\u0151 erd\u0151ket is. Ez a 12-15 milli\u00f3 \u00e9ves \u201etinnyei m\u00e9szk\u0151\u201d, amelyet hatalmas ter\u00fcleten b\u00e1ny\u00e1sznak a mai napig \u2013 ebb\u0151l \u00e9p\u00fcltek Budapest legismertebb k\u00f6z\u00e9p\u00fcletei is.<\/p>\n<p>Ez a k\u0151zet hat\u00e1rozza meg a ter\u00fclet talaj\u00e1t is. M\u00e9szkedvel\u0151 t\u00f6lgyesekben, melegkedvel\u0151 molyhos t\u00f6lgyesekben, cseresekben futunk. A cser jellegzetess\u00e9ge, hogy elsz\u00e1radt leveleinek java r\u00e9sze nem hullik le egyb\u0151l, hanem a t\u00e9l folyam\u00e1n a f\u00e1n marad. Ezek a levelek tavasszal hullanak csak le, amikor majd az \u00fajonnan j\u00f6v\u00f6k \u201elel\u00f6kik\u201d a tavalyi elsz\u00e1radtakat. Jobbra t\u0151l\u00fcnk az Iharos-hegy, amelynek cs\u00facs\u00e1n egykor l\u00e9gv\u00e9delmi rak\u00e9tab\u00e1zis \u00e1llt \u2013 \u00e9pp\u00fagy, mint a szint\u00e9n a Pilisi Parkerd\u0151h\u00f6z tartoz\u00f3 Pilis-tet\u0151n, a Lom-hegyen vagy az Urak asztal\u00e1n. A ter\u00fclet egy r\u00e9sz\u00e9n egykor karsztbokorerd\u0151k \u00e9s sziklagyepek ter\u00fcltek el \u2013 ezeket a \u201ekop\u00e1rokat\u201d f\u00e1s\u00edtott\u00e1k k\u00e9s\u0151bb az erd\u00e9szek a ma is l\u00e1that\u00f3 feketefeny\u0151kkel.<\/p>\n<p>A s\u00e1rga s\u00e1v jelz\u00e9sr\u0151l el\u0151bb a piros s\u00e1vra, majd egy \u00e9les jobbkanyarral a piros keresztre t\u00e9r\u00fcnk \u00e1t, amely m\u00e1r az \u00fatvonal legnagyobb l\u00e1tv\u00e1nyoss\u00e1g\u00e1hoz, a Nyakas-k\u0151h\u00f6z \u00e9s a mellette hosszan elh\u00faz\u00f3d\u00f3 Mad\u00e1r-szirthez vezet. K\u00fcl\u00f6nleges, a Budai-hegys\u00e9gben m\u00e1sutt nem \u00e1t\u00e9lhet\u0151 \u00e9lm\u00e9ny ezen a kanyonszer\u0171, kitett m\u00e9szk\u0151peremen futni, magasan a Benta-patak v\u00f6lgye f\u00f6l\u00f6tt.<\/p>\n<p>A Mad\u00e1r-szirten t\u00fal az \u00fat a h\u00edres Szily-k\u00e1polna alatt vezet vissza a viadukthoz. Az \u00fatvonalr\u00f3l \u201eerd\u00e9sz szemmel\u201d <a href=\"https:\/\/admin.oee.hu\/upload\/files\/Fuss%20az%20erdesz%20szemevel!%20-%20TELI%20kihivas%202023.pdf\" target=\"_blank\" rel=\"noopener\"><span style=\"text-decoration: underline; color: #0000ff;\">olvashat\u00f3 le\u00edr\u00e1s az Orsz\u00e1gos Erd\u00e9szeti Egyes\u00fclet honlapj\u00e1n<\/span><\/a>.<\/p>\n<p>A kih\u00edv\u00e1s a t\u00e9li id\u0151szakban, 2023. m\u00e1rcius 15. \u00e9jf\u00e9lig \u00e9l, egyr\u00e9szt a t\u00e1v teljes\u00edt\u00e9s\u00e9vel, m\u00e1sr\u00e9szt az \u00fatvonalhoz tartoz\u00f3 feladat megold\u00e1s\u00e1val. A feladat: a k\u00f6r teljes\u00edt\u00e9se k\u00f6zben f\u00e9nyk\u00e9pet kell k\u00e9sz\u00edteni egy csert\u00f6lgyr\u0151l, amelyen m\u00e9g rajta vannak az elsz\u00e1radt levelek. Ezt a f\u00e9nyk\u00e9pet az Orsz\u00e1gos Erd\u00e9szeti Egyes\u00fcletnek (<a href=\"mailto:erdeisportok@oee.hu\" target=\"_blank\" rel=\"noopener\"><span style=\"text-decoration: underline; color: #0000ff;\">erdeisportok@oee.hu<\/span><\/a>) elk\u00fcldve a megfejt\u0151k nyerem\u00e9nyj\u00e1t\u00e9kban vehetnek r\u00e9szt, melyen a szervez\u0151 h\u00e1rom aj\u00e1nd\u00e9kcsomagot sorsol ki.<\/p>\n<p><em>Bor\u00edt\u00f3k\u00e9p, forr\u00e1s: Pilisi Parkerd\u0151 Zrt.<\/em><\/p>\n","protected":false},"excerpt":{"rendered":"<p>Az Orsz\u00e1gos Erd\u00e9szeti Egyes\u00fclet \u201eSportolj tudatosan az erd\u0151ben!\u201d nev\u0171 programsorozat\u00e1nak c\u00e9lja, hogy az outdoor tev\u00e9kenys\u00e9gek kedvel\u0151i sportol\u00e1s k\u00f6zben olyan \u00e9rdekess\u00e9geket figyeljenek meg \u00e9s \u00f6sszef\u00fcgg\u00e9seket vegyenek \u00e9szre, amelyek r\u00e9v\u00e9n jobban elmer\u00fclhetnek az erdei \u00e9l\u0151vil\u00e1gban. A program r\u00e9sze a \u201eFuss az erd\u00e9sz szem\u00e9vel\u201d c\u00edm\u0171 terepfut\u00f3-kih\u00edv\u00e1ssorozat. Ennek hetedik, t\u00e9li \u00e1llom\u00e1sa visszat\u00e9r a Pilisi Parkerd\u0151be, ahol a h\u00edres viaduktt\u00f3l<\/p>\n","protected":false},"author":1,"featured_media":50232,"comment_status":"closed","ping_status":"closed","sticky":false,"template":"","format":"standard","meta":{"ngg_post_thumbnail":0,"footnotes":""},"categories":[3,3561,5],"tags":[287,122,3026],"class_list":{"0":"post-50231","1":"post","2":"type-post","3":"status-publish","4":"format-standard","5":"has-post-thumbnail","7":"category-hirek","8":"category-programok","9":"category-sport","10":"tag-futas","11":"tag-pilisi-parkerdo","12":"tag-termeszet"},"yoast_head":"<!-- This site is optimized with the Yoast SEO plugin v27.4 - https:\/\/yoast.com\/product\/yoast-seo-wordpress\/ -->\n<title>Fuss az erd\u00e9sz szem\u00e9vel \u2013 t\u00e9li terepfut\u00f3-kih\u00edv\u00e1s a Pilisi Parkerd\u0151ben<\/title>\n<meta name=\"robots\" content=\"index, follow, max-snippet:-1, max-image-preview:large, max-video-preview:-1\" \/>\n<link rel=\"canonical\" href=\"https:\/\/dorogimedence.hu\/index.php\/2023\/02\/13\/fuss-az-erdesz-szemevel-teli-terepfuto-kihivas-a-pilisi-parkerdoben\/\" class=\"yoast-seo-meta-tag\" \/>\n<meta property=\"og:locale\" content=\"hu_HU\" class=\"yoast-seo-meta-tag\" \/>\n<meta property=\"og:type\" content=\"article\" class=\"yoast-seo-meta-tag\" \/>\n<meta property=\"og:title\" content=\"Fuss az erd\u00e9sz szem\u00e9vel \u2013 t\u00e9li terepfut\u00f3-kih\u00edv\u00e1s a Pilisi Parkerd\u0151ben\" class=\"yoast-seo-meta-tag\" \/>\n<meta property=\"og:description\" content=\"Az Orsz\u00e1gos Erd\u00e9szeti Egyes\u00fclet \u201eSportolj tudatosan az erd\u0151ben!\u201d nev\u0171 programsorozat\u00e1nak c\u00e9lja, hogy az outdoor tev\u00e9kenys\u00e9gek kedvel\u0151i sportol\u00e1s k\u00f6zben olyan \u00e9rdekess\u00e9geket figyeljenek meg \u00e9s \u00f6sszef\u00fcgg\u00e9seket vegyenek \u00e9szre, amelyek r\u00e9v\u00e9n jobban elmer\u00fclhetnek az erdei \u00e9l\u0151vil\u00e1gban. A program r\u00e9sze a \u201eFuss az erd\u00e9sz szem\u00e9vel\u201d c\u00edm\u0171 terepfut\u00f3-kih\u00edv\u00e1ssorozat. Ennek hetedik, t\u00e9li \u00e1llom\u00e1sa visszat\u00e9r a Pilisi Parkerd\u0151be, ahol a h\u00edres viaduktt\u00f3l\" class=\"yoast-seo-meta-tag\" \/>\n<meta property=\"og:url\" content=\"https:\/\/dorogimedence.hu\/index.php\/2023\/02\/13\/fuss-az-erdesz-szemevel-teli-terepfuto-kihivas-a-pilisi-parkerdoben\/\" class=\"yoast-seo-meta-tag\" \/>\n<meta property=\"og:site_name\" content=\"Dorogi-medence Region\u00e1lis H\u00edrport\u00e1l\" class=\"yoast-seo-meta-tag\" \/>\n<meta property=\"article:publisher\" content=\"https:\/\/www.facebook.com\/dorogimedence\/\" class=\"yoast-seo-meta-tag\" \/>\n<meta property=\"article:published_time\" content=\"2023-02-13T10:38:55+00:00\" class=\"yoast-seo-meta-tag\" \/>\n<meta property=\"article:modified_time\" content=\"2023-02-13T10:39:17+00:00\" class=\"yoast-seo-meta-tag\" \/>\n<meta property=\"og:image\" content=\"https:\/\/dorogimedence.hu\/wp-content\/uploads\/2023\/02\/nyakas-ko.jpeg\" class=\"yoast-seo-meta-tag\" \/>\n\t<meta property=\"og:image:width\" content=\"1920\" class=\"yoast-seo-meta-tag\" \/>\n\t<meta property=\"og:image:height\" content=\"1080\" class=\"yoast-seo-meta-tag\" \/>\n\t<meta property=\"og:image:type\" content=\"image\/jpeg\" class=\"yoast-seo-meta-tag\" \/>\n<meta name=\"author\" content=\"dorogimedence.hu\" class=\"yoast-seo-meta-tag\" \/>\n<meta name=\"twitter:card\" content=\"summary_large_image\" class=\"yoast-seo-meta-tag\" \/>\n<meta name=\"twitter:label1\" content=\"Szerz\u0151:\" class=\"yoast-seo-meta-tag\" \/>\n\t<meta name=\"twitter:data1\" content=\"dorogimedence.hu\" class=\"yoast-seo-meta-tag\" \/>\n\t<meta name=\"twitter:label2\" content=\"Becs\u00fclt olvas\u00e1si id\u0151\" class=\"yoast-seo-meta-tag\" \/>\n\t<meta name=\"twitter:data2\" content=\"4 perc\" class=\"yoast-seo-meta-tag\" \/>\n<script type=\"application\/ld+json\" class=\"yoast-schema-graph\">{\"@context\":\"https:\\\/\\\/schema.org\",\"@graph\":[{\"@type\":\"Article\",\"@id\":\"https:\\\/\\\/dorogimedence.hu\\\/index.php\\\/2023\\\/02\\\/13\\\/fuss-az-erdesz-szemevel-teli-terepfuto-kihivas-a-pilisi-parkerdoben\\\/#article\",\"isPartOf\":{\"@id\":\"https:\\\/\\\/dorogimedence.hu\\\/index.php\\\/2023\\\/02\\\/13\\\/fuss-az-erdesz-szemevel-teli-terepfuto-kihivas-a-pilisi-parkerdoben\\\/\"},\"author\":{\"name\":\"dorogimedence.hu\",\"@id\":\"https:\\\/\\\/dorogimedence.hu\\\/#\\\/schema\\\/person\\\/ce6091eeb7e95ecdc87890d6aa8e0fd4\"},\"headline\":\"Fuss az erd\u00e9sz szem\u00e9vel \u2013 t\u00e9li terepfut\u00f3-kih\u00edv\u00e1s a Pilisi Parkerd\u0151ben\",\"datePublished\":\"2023-02-13T10:38:55+00:00\",\"dateModified\":\"2023-02-13T10:39:17+00:00\",\"mainEntityOfPage\":{\"@id\":\"https:\\\/\\\/dorogimedence.hu\\\/index.php\\\/2023\\\/02\\\/13\\\/fuss-az-erdesz-szemevel-teli-terepfuto-kihivas-a-pilisi-parkerdoben\\\/\"},\"wordCount\":838,\"publisher\":{\"@id\":\"https:\\\/\\\/dorogimedence.hu\\\/#organization\"},\"image\":{\"@id\":\"https:\\\/\\\/dorogimedence.hu\\\/index.php\\\/2023\\\/02\\\/13\\\/fuss-az-erdesz-szemevel-teli-terepfuto-kihivas-a-pilisi-parkerdoben\\\/#primaryimage\"},\"thumbnailUrl\":\"https:\\\/\\\/dorogimedence.hu\\\/wp-content\\\/uploads\\\/2023\\\/02\\\/nyakas-ko.jpeg\",\"keywords\":[\"fut\u00e1s\",\"Pilisi Parkerd\u0151\",\"term\u00e9szet\"],\"articleSection\":[\"H\u00edrek\",\"Programok\",\"Sport\"],\"inLanguage\":\"hu\"},{\"@type\":\"WebPage\",\"@id\":\"https:\\\/\\\/dorogimedence.hu\\\/index.php\\\/2023\\\/02\\\/13\\\/fuss-az-erdesz-szemevel-teli-terepfuto-kihivas-a-pilisi-parkerdoben\\\/\",\"url\":\"https:\\\/\\\/dorogimedence.hu\\\/index.php\\\/2023\\\/02\\\/13\\\/fuss-az-erdesz-szemevel-teli-terepfuto-kihivas-a-pilisi-parkerdoben\\\/\",\"name\":\"Fuss az erd\u00e9sz szem\u00e9vel \u2013 t\u00e9li terepfut\u00f3-kih\u00edv\u00e1s a Pilisi Parkerd\u0151ben\",\"isPartOf\":{\"@id\":\"https:\\\/\\\/dorogimedence.hu\\\/#website\"},\"primaryImageOfPage\":{\"@id\":\"https:\\\/\\\/dorogimedence.hu\\\/index.php\\\/2023\\\/02\\\/13\\\/fuss-az-erdesz-szemevel-teli-terepfuto-kihivas-a-pilisi-parkerdoben\\\/#primaryimage\"},\"image\":{\"@id\":\"https:\\\/\\\/dorogimedence.hu\\\/index.php\\\/2023\\\/02\\\/13\\\/fuss-az-erdesz-szemevel-teli-terepfuto-kihivas-a-pilisi-parkerdoben\\\/#primaryimage\"},\"thumbnailUrl\":\"https:\\\/\\\/dorogimedence.hu\\\/wp-content\\\/uploads\\\/2023\\\/02\\\/nyakas-ko.jpeg\",\"datePublished\":\"2023-02-13T10:38:55+00:00\",\"dateModified\":\"2023-02-13T10:39:17+00:00\",\"breadcrumb\":{\"@id\":\"https:\\\/\\\/dorogimedence.hu\\\/index.php\\\/2023\\\/02\\\/13\\\/fuss-az-erdesz-szemevel-teli-terepfuto-kihivas-a-pilisi-parkerdoben\\\/#breadcrumb\"},\"inLanguage\":\"hu\",\"potentialAction\":[{\"@type\":\"ReadAction\",\"target\":[\"https:\\\/\\\/dorogimedence.hu\\\/index.php\\\/2023\\\/02\\\/13\\\/fuss-az-erdesz-szemevel-teli-terepfuto-kihivas-a-pilisi-parkerdoben\\\/\"]}]},{\"@type\":\"ImageObject\",\"inLanguage\":\"hu\",\"@id\":\"https:\\\/\\\/dorogimedence.hu\\\/index.php\\\/2023\\\/02\\\/13\\\/fuss-az-erdesz-szemevel-teli-terepfuto-kihivas-a-pilisi-parkerdoben\\\/#primaryimage\",\"url\":\"https:\\\/\\\/dorogimedence.hu\\\/wp-content\\\/uploads\\\/2023\\\/02\\\/nyakas-ko.jpeg\",\"contentUrl\":\"https:\\\/\\\/dorogimedence.hu\\\/wp-content\\\/uploads\\\/2023\\\/02\\\/nyakas-ko.jpeg\",\"width\":1920,\"height\":1080},{\"@type\":\"BreadcrumbList\",\"@id\":\"https:\\\/\\\/dorogimedence.hu\\\/index.php\\\/2023\\\/02\\\/13\\\/fuss-az-erdesz-szemevel-teli-terepfuto-kihivas-a-pilisi-parkerdoben\\\/#breadcrumb\",\"itemListElement\":[{\"@type\":\"ListItem\",\"position\":1,\"name\":\"Kezd\u0151lap\",\"item\":\"https:\\\/\\\/dorogimedence.hu\\\/\"},{\"@type\":\"ListItem\",\"position\":2,\"name\":\"Fuss az erd\u00e9sz szem\u00e9vel \u2013 t\u00e9li terepfut\u00f3-kih\u00edv\u00e1s a Pilisi Parkerd\u0151ben\"}]},{\"@type\":\"WebSite\",\"@id\":\"https:\\\/\\\/dorogimedence.hu\\\/#website\",\"url\":\"https:\\\/\\\/dorogimedence.hu\\\/\",\"name\":\"Dorogi-medence Region\u00e1lis H\u00edrport\u00e1l\",\"description\":\"Dorog, Keszt\u00f6lc, Le\u00e1nyv\u00e1r, Piliscs\u00e9v, Tokod, Tokodalt\u00e1r\u00f3, Csolnok, Esztergom-kertv\u00e1ros: h\u00edrek, programok\",\"publisher\":{\"@id\":\"https:\\\/\\\/dorogimedence.hu\\\/#organization\"},\"potentialAction\":[{\"@type\":\"SearchAction\",\"target\":{\"@type\":\"EntryPoint\",\"urlTemplate\":\"https:\\\/\\\/dorogimedence.hu\\\/?s={search_term_string}\"},\"query-input\":{\"@type\":\"PropertyValueSpecification\",\"valueRequired\":true,\"valueName\":\"search_term_string\"}}],\"inLanguage\":\"hu\"},{\"@type\":\"Organization\",\"@id\":\"https:\\\/\\\/dorogimedence.hu\\\/#organization\",\"name\":\"Dorogi-medence Region\u00e1lis H\u00edrport\u00e1l\",\"url\":\"https:\\\/\\\/dorogimedence.hu\\\/\",\"logo\":{\"@type\":\"ImageObject\",\"inLanguage\":\"hu\",\"@id\":\"https:\\\/\\\/dorogimedence.hu\\\/#\\\/schema\\\/logo\\\/image\\\/\",\"url\":\"https:\\\/\\\/dorogimedence.hu\\\/wp-content\\\/uploads\\\/2021\\\/04\\\/logo-feher-600.png\",\"contentUrl\":\"https:\\\/\\\/dorogimedence.hu\\\/wp-content\\\/uploads\\\/2021\\\/04\\\/logo-feher-600.png\",\"width\":600,\"height\":100,\"caption\":\"Dorogi-medence Region\u00e1lis H\u00edrport\u00e1l\"},\"image\":{\"@id\":\"https:\\\/\\\/dorogimedence.hu\\\/#\\\/schema\\\/logo\\\/image\\\/\"},\"sameAs\":[\"https:\\\/\\\/www.facebook.com\\\/dorogimedence\\\/\"]},{\"@type\":\"Person\",\"@id\":\"https:\\\/\\\/dorogimedence.hu\\\/#\\\/schema\\\/person\\\/ce6091eeb7e95ecdc87890d6aa8e0fd4\",\"name\":\"dorogimedence.hu\",\"image\":{\"@type\":\"ImageObject\",\"inLanguage\":\"hu\",\"@id\":\"\\\/\\\/www.gravatar.com\\\/avatar\\\/d8d45f8901aadff40a4af72c0b826f1d?s=96&#038;r=g&#038;d=mm\",\"url\":\"\\\/\\\/www.gravatar.com\\\/avatar\\\/d8d45f8901aadff40a4af72c0b826f1d?s=96&#038;r=g&#038;d=mm\",\"contentUrl\":\"\\\/\\\/www.gravatar.com\\\/avatar\\\/d8d45f8901aadff40a4af72c0b826f1d?s=96&#038;r=g&#038;d=mm\",\"caption\":\"dorogimedence.hu\"}}]}<\/script>\n<!-- \/ Yoast SEO plugin. -->","yoast_head_json":{"title":"Fuss az erd\u00e9sz szem\u00e9vel \u2013 t\u00e9li terepfut\u00f3-kih\u00edv\u00e1s a Pilisi Parkerd\u0151ben","robots":{"index":"index","follow":"follow","max-snippet":"max-snippet:-1","max-image-preview":"max-image-preview:large","max-video-preview":"max-video-preview:-1"},"canonical":"https:\/\/dorogimedence.hu\/index.php\/2023\/02\/13\/fuss-az-erdesz-szemevel-teli-terepfuto-kihivas-a-pilisi-parkerdoben\/","og_locale":"hu_HU","og_type":"article","og_title":"Fuss az erd\u00e9sz szem\u00e9vel \u2013 t\u00e9li terepfut\u00f3-kih\u00edv\u00e1s a Pilisi Parkerd\u0151ben","og_description":"Az Orsz\u00e1gos Erd\u00e9szeti Egyes\u00fclet \u201eSportolj tudatosan az erd\u0151ben!\u201d nev\u0171 programsorozat\u00e1nak c\u00e9lja, hogy az outdoor tev\u00e9kenys\u00e9gek kedvel\u0151i sportol\u00e1s k\u00f6zben olyan \u00e9rdekess\u00e9geket figyeljenek meg \u00e9s \u00f6sszef\u00fcgg\u00e9seket vegyenek \u00e9szre, amelyek r\u00e9v\u00e9n jobban elmer\u00fclhetnek az erdei \u00e9l\u0151vil\u00e1gban. A program r\u00e9sze a \u201eFuss az erd\u00e9sz szem\u00e9vel\u201d c\u00edm\u0171 terepfut\u00f3-kih\u00edv\u00e1ssorozat. Ennek hetedik, t\u00e9li \u00e1llom\u00e1sa visszat\u00e9r a Pilisi Parkerd\u0151be, ahol a h\u00edres viaduktt\u00f3l","og_url":"https:\/\/dorogimedence.hu\/index.php\/2023\/02\/13\/fuss-az-erdesz-szemevel-teli-terepfuto-kihivas-a-pilisi-parkerdoben\/","og_site_name":"Dorogi-medence Region\u00e1lis H\u00edrport\u00e1l","article_publisher":"https:\/\/www.facebook.com\/dorogimedence\/","article_published_time":"2023-02-13T10:38:55+00:00","article_modified_time":"2023-02-13T10:39:17+00:00","og_image":[{"width":1920,"height":1080,"url":"https:\/\/dorogimedence.hu\/wp-content\/uploads\/2023\/02\/nyakas-ko.jpeg","type":"image\/jpeg"}],"author":"dorogimedence.hu","twitter_card":"summary_large_image","twitter_misc":{"Szerz\u0151:":"dorogimedence.hu","Becs\u00fclt olvas\u00e1si id\u0151":"4 perc"},"schema":{"@context":"https:\/\/schema.org","@graph":[{"@type":"Article","@id":"https:\/\/dorogimedence.hu\/index.php\/2023\/02\/13\/fuss-az-erdesz-szemevel-teli-terepfuto-kihivas-a-pilisi-parkerdoben\/#article","isPartOf":{"@id":"https:\/\/dorogimedence.hu\/index.php\/2023\/02\/13\/fuss-az-erdesz-szemevel-teli-terepfuto-kihivas-a-pilisi-parkerdoben\/"},"author":{"name":"dorogimedence.hu","@id":"https:\/\/dorogimedence.hu\/#\/schema\/person\/ce6091eeb7e95ecdc87890d6aa8e0fd4"},"headline":"Fuss az erd\u00e9sz szem\u00e9vel \u2013 t\u00e9li terepfut\u00f3-kih\u00edv\u00e1s a Pilisi Parkerd\u0151ben","datePublished":"2023-02-13T10:38:55+00:00","dateModified":"2023-02-13T10:39:17+00:00","mainEntityOfPage":{"@id":"https:\/\/dorogimedence.hu\/index.php\/2023\/02\/13\/fuss-az-erdesz-szemevel-teli-terepfuto-kihivas-a-pilisi-parkerdoben\/"},"wordCount":838,"publisher":{"@id":"https:\/\/dorogimedence.hu\/#organization"},"image":{"@id":"https:\/\/dorogimedence.hu\/index.php\/2023\/02\/13\/fuss-az-erdesz-szemevel-teli-terepfuto-kihivas-a-pilisi-parkerdoben\/#primaryimage"},"thumbnailUrl":"https:\/\/dorogimedence.hu\/wp-content\/uploads\/2023\/02\/nyakas-ko.jpeg","keywords":["fut\u00e1s","Pilisi Parkerd\u0151","term\u00e9szet"],"articleSection":["H\u00edrek","Programok","Sport"],"inLanguage":"hu"},{"@type":"WebPage","@id":"https:\/\/dorogimedence.hu\/index.php\/2023\/02\/13\/fuss-az-erdesz-szemevel-teli-terepfuto-kihivas-a-pilisi-parkerdoben\/","url":"https:\/\/dorogimedence.hu\/index.php\/2023\/02\/13\/fuss-az-erdesz-szemevel-teli-terepfuto-kihivas-a-pilisi-parkerdoben\/","name":"Fuss az erd\u00e9sz szem\u00e9vel \u2013 t\u00e9li terepfut\u00f3-kih\u00edv\u00e1s a Pilisi Parkerd\u0151ben","isPartOf":{"@id":"https:\/\/dorogimedence.hu\/#website"},"primaryImageOfPage":{"@id":"https:\/\/dorogimedence.hu\/index.php\/2023\/02\/13\/fuss-az-erdesz-szemevel-teli-terepfuto-kihivas-a-pilisi-parkerdoben\/#primaryimage"},"image":{"@id":"https:\/\/dorogimedence.hu\/index.php\/2023\/02\/13\/fuss-az-erdesz-szemevel-teli-terepfuto-kihivas-a-pilisi-parkerdoben\/#primaryimage"},"thumbnailUrl":"https:\/\/dorogimedence.hu\/wp-content\/uploads\/2023\/02\/nyakas-ko.jpeg","datePublished":"2023-02-13T10:38:55+00:00","dateModified":"2023-02-13T10:39:17+00:00","breadcrumb":{"@id":"https:\/\/dorogimedence.hu\/index.php\/2023\/02\/13\/fuss-az-erdesz-szemevel-teli-terepfuto-kihivas-a-pilisi-parkerdoben\/#breadcrumb"},"inLanguage":"hu","potentialAction":[{"@type":"ReadAction","target":["https:\/\/dorogimedence.hu\/index.php\/2023\/02\/13\/fuss-az-erdesz-szemevel-teli-terepfuto-kihivas-a-pilisi-parkerdoben\/"]}]},{"@type":"ImageObject","inLanguage":"hu","@id":"https:\/\/dorogimedence.hu\/index.php\/2023\/02\/13\/fuss-az-erdesz-szemevel-teli-terepfuto-kihivas-a-pilisi-parkerdoben\/#primaryimage","url":"https:\/\/dorogimedence.hu\/wp-content\/uploads\/2023\/02\/nyakas-ko.jpeg","contentUrl":"https:\/\/dorogimedence.hu\/wp-content\/uploads\/2023\/02\/nyakas-ko.jpeg","width":1920,"height":1080},{"@type":"BreadcrumbList","@id":"https:\/\/dorogimedence.hu\/index.php\/2023\/02\/13\/fuss-az-erdesz-szemevel-teli-terepfuto-kihivas-a-pilisi-parkerdoben\/#breadcrumb","itemListElement":[{"@type":"ListItem","position":1,"name":"Kezd\u0151lap","item":"https:\/\/dorogimedence.hu\/"},{"@type":"ListItem","position":2,"name":"Fuss az erd\u00e9sz szem\u00e9vel \u2013 t\u00e9li terepfut\u00f3-kih\u00edv\u00e1s a Pilisi Parkerd\u0151ben"}]},{"@type":"WebSite","@id":"https:\/\/dorogimedence.hu\/#website","url":"https:\/\/dorogimedence.hu\/","name":"Dorogi-medence Region\u00e1lis H\u00edrport\u00e1l","description":"Dorog, Keszt\u00f6lc, Le\u00e1nyv\u00e1r, Piliscs\u00e9v, Tokod, Tokodalt\u00e1r\u00f3, Csolnok, Esztergom-kertv\u00e1ros: h\u00edrek, programok","publisher":{"@id":"https:\/\/dorogimedence.hu\/#organization"},"potentialAction":[{"@type":"SearchAction","target":{"@type":"EntryPoint","urlTemplate":"https:\/\/dorogimedence.hu\/?s={search_term_string}"},"query-input":{"@type":"PropertyValueSpecification","valueRequired":true,"valueName":"search_term_string"}}],"inLanguage":"hu"},{"@type":"Organization","@id":"https:\/\/dorogimedence.hu\/#organization","name":"Dorogi-medence Region\u00e1lis H\u00edrport\u00e1l","url":"https:\/\/dorogimedence.hu\/","logo":{"@type":"ImageObject","inLanguage":"hu","@id":"https:\/\/dorogimedence.hu\/#\/schema\/logo\/image\/","url":"https:\/\/dorogimedence.hu\/wp-content\/uploads\/2021\/04\/logo-feher-600.png","contentUrl":"https:\/\/dorogimedence.hu\/wp-content\/uploads\/2021\/04\/logo-feher-600.png","width":600,"height":100,"caption":"Dorogi-medence Region\u00e1lis H\u00edrport\u00e1l"},"image":{"@id":"https:\/\/dorogimedence.hu\/#\/schema\/logo\/image\/"},"sameAs":["https:\/\/www.facebook.com\/dorogimedence\/"]},{"@type":"Person","@id":"https:\/\/dorogimedence.hu\/#\/schema\/person\/ce6091eeb7e95ecdc87890d6aa8e0fd4","name":"dorogimedence.hu","image":{"@type":"ImageObject","inLanguage":"hu","@id":"\/\/www.gravatar.com\/avatar\/d8d45f8901aadff40a4af72c0b826f1d?s=96&#038;r=g&#038;d=mm","url":"\/\/www.gravatar.com\/avatar\/d8d45f8901aadff40a4af72c0b826f1d?s=96&#038;r=g&#038;d=mm","contentUrl":"\/\/www.gravatar.com\/avatar\/d8d45f8901aadff40a4af72c0b826f1d?s=96&#038;r=g&#038;d=mm","caption":"dorogimedence.hu"}}]}},"_links":{"self":[{"href":"https:\/\/dorogimedence.hu\/index.php\/wp-json\/wp\/v2\/posts\/50231","targetHints":{"allow":["GET"]}}],"collection":[{"href":"https:\/\/dorogimedence.hu\/index.php\/wp-json\/wp\/v2\/posts"}],"about":[{"href":"https:\/\/dorogimedence.hu\/index.php\/wp-json\/wp\/v2\/types\/post"}],"author":[{"embeddable":true,"href":"https:\/\/dorogimedence.hu\/index.php\/wp-json\/wp\/v2\/users\/1"}],"replies":[{"embeddable":true,"href":"https:\/\/dorogimedence.hu\/index.php\/wp-json\/wp\/v2\/comments?post=50231"}],"version-history":[{"count":0,"href":"https:\/\/dorogimedence.hu\/index.php\/wp-json\/wp\/v2\/posts\/50231\/revisions"}],"wp:featuredmedia":[{"embeddable":true,"href":"https:\/\/dorogimedence.hu\/index.php\/wp-json\/wp\/v2\/media\/50232"}],"wp:attachment":[{"href":"https:\/\/dorogimedence.hu\/index.php\/wp-json\/wp\/v2\/media?parent=50231"}],"wp:term":[{"taxonomy":"category","embeddable":true,"href":"https:\/\/dorogimedence.hu\/index.php\/wp-json\/wp\/v2\/categories?post=50231"},{"taxonomy":"post_tag","embeddable":true,"href":"https:\/\/dorogimedence.hu\/index.php\/wp-json\/wp\/v2\/tags?post=50231"}],"curies":[{"name":"wp","href":"https:\/\/api.w.org\/{rel}","templated":true}]}}