{"id":50204,"date":"2023-02-11T08:42:11","date_gmt":"2023-02-11T07:42:11","guid":{"rendered":"https:\/\/dorogimedence.hu\/?p=50204"},"modified":"2023-02-11T08:44:10","modified_gmt":"2023-02-11T07:44:10","slug":"telen-is-varja-a-kirandulokat-a-pilisi-parkerdo","status":"publish","type":"post","link":"https:\/\/dorogimedence.hu\/index.php\/2023\/02\/11\/telen-is-varja-a-kirandulokat-a-pilisi-parkerdo\/","title":{"rendered":"T\u00e9len is v\u00e1rja a kir\u00e1ndul\u00f3kat a Pilisi Parkerd\u0151"},"content":{"rendered":"<p><strong>A Pilisi Parkerd\u0151 Zrt. csak tavaly t\u00f6bb mint k\u00e9tmilli\u00f3 facsemet\u00e9t \u00fcltetett, \u00e9s t\u00f6bb sz\u00e1z hekt\u00e1ron v\u00e9gzett erd\u0151meg\u00faj\u00edt\u00f3 csemete\u00fcltet\u00e9si \u00e9s magvet\u00e9si munk\u00e1latokat. Az erd\u0151gazdas\u00e1g az orsz\u00e1g erdeinek mind\u00f6ssze 3 sz\u00e1zal\u00e9k\u00e1n gazd\u00e1lkodik, de ezen a ter\u00fcleten \u00e9vente harmincmilli\u00f3 l\u00e1togat\u00e1si alkalmat regisztr\u00e1lnak \u00e9s h\u00e1rommilli\u00f3 itt lak\u00f3 sz\u00e1m\u00e1ra ny\u00fajtanak term\u00e9szetes k\u00f6rnyezetet.<\/strong><\/p>\n<p>Budakeszi Vadaspark, Pilis Bike, H\u00e1rs-hegyi \u00d6r\u00f6kerd\u0151 Tan\u00f6sv\u00e9ny, R\u00e1m-szakad\u00e9k, p\u00e1los zar\u00e1ndok\u00fat, Vadmacska Fajmeg\u0151rz\u00e9si Program, erdei Iskol\u00e1k, ny\u00e1ri t\u00e1borok. A k\u00f6z\u00f6s benn\u00fck, hogy mind a Pilisi Parkerd\u0151h\u00f6z tartoz\u00f3 ter\u00fcletek vagy program lehet\u0151s\u00e9gek, illetve term\u00e9szetv\u00e9delmi t\u00f6rekv\u00e9sek eredm\u00e9nyei. A Dunakanyar, Visegr\u00e1d \u00e9s D\u00f6m\u00f6s k\u00f6rny\u00e9ke vagy a Budapest k\u00f6rny\u00e9ki hegyek Magyarorsz\u00e1g legl\u00e1togatottabb erdei k\u00f6z\u00e9 tartoznak. Az \u00e9rt\u00fck felel\u0151s Pilisi Parkerd\u0151 Zrt. \u00e9len j\u00e1r a term\u00e9szetes folyamatokat k\u00f6vet\u0151, azokat er\u0151s\u00edt\u0151 \u00fagynevezett \u201e\u00f6r\u00f6kerd\u0151-gazd\u00e1lkod\u00e1s\u201d bevezet\u00e9s\u00e9ben. Ter\u00fclet\u00e9nek m\u00e1r t\u00f6bb mint \u00f6t\u00f6d\u00e9n folytat \u00f6r\u00f6kerd\u0151-gazd\u00e1lkod\u00e1st, \u00e9s csaknem fel\u00e9n folyamatos erd\u0151bor\u00edt\u00e1st biztos\u00edt\u00f3 m\u00f3don gazd\u00e1lkodik.<\/p>\n<p>A t\u00e1rsas\u00e1g \u00e1ltal kezelt erd\u0151k majdnem k\u00e9tharmada v\u00e9dett, ez\u00e9rt az akt\u00edv term\u00e9szetv\u00e9delem szervesen hozz\u00e1tartozik a mindennapi munk\u00e1hoz, att\u00f3l nem elv\u00e1laszthat\u00f3, \u00e9s an\u00e9lk\u00fcl nem \u00e9rtelmezhet\u0151. A Duna-Ipoly Nemzeti Park Igazgat\u00f3s\u00e1ggal val\u00f3 szoros egy\u00fcttm\u0171k\u00f6d\u00e9s \u00e9s a bels\u0151 term\u00e9szetv\u00e9delmi t\u00f6rekv\u00e9sek eredm\u00e9nye sz\u00e1mos kiemelked\u0151, saj\u00e1t kezdem\u00e9nyez\u00e9s\u0171, sikeres program lett, az erdei kistavak rekonstrukci\u00f3j\u00e1t\u00f3l a g\u00f6d\u00f6ll\u0151i R\u00f3zsak\u00fati Erd\u0151rezerv\u00e1tumon \u00e1t a Vadmacska Fajmeg\u0151rz\u00e9si Programig.<\/p>\n<p>A t\u00e1rsas\u00e1g a term\u00e9szetk\u00f6zeli erd\u0151gazd\u00e1lkod\u00e1s \u00fatt\u00f6r\u0151jek\u00e9nt, a v\u00e1rosi erd\u0151k specialist\u00e1jak\u00e9nt k\u00f6zel ezer kilom\u00e9ter erdei t\u00fara\u00fatvonalat tart fenn. Az ut\u00f3bbi \u00e9vekben \u2013 a Magyar Term\u00e9szetj\u00e1r\u00f3 Sz\u00f6vets\u00e9ggel egy\u00fcttm\u0171k\u00f6dve \u2013 teljesen fel\u00faj\u00edtotta az ezekhez kapcsol\u00f3d\u00f3 t\u00f6bb sz\u00e1z erdei pihen\u0151helyet. Ezek a turista\u00fatvonalak olyan n\u00e9pszer\u0171 helyeken \u00e9s helyekre vezetnek, mint az orsz\u00e1g egyik legszebb kil\u00e1t\u00e1s\u00e1t ny\u00fajt\u00f3 Pr\u00e9dik\u00e1l\u00f3sz\u00e9k, vagy az alig t\u00edz \u00e9ve megnyitott, de gyorsan kultikuss\u00e1 v\u00e1lt Spartacus-\u00f6sv\u00e9ny.<\/p>\n<p>A Pilisi Parkerd\u0151 Pilis Bike n\u00e9ven 350 kilom\u00e9ternyi ker\u00e9kp\u00e1ros \u00fath\u00e1l\u00f3zatot m\u0171k\u00f6dtet, illetve a t\u00faralovasok sz\u00e1m\u00e1ra l\u00e9trehozta a Pilis Ride h\u00e1l\u00f3zatot. Ezek mellett tizenegy kil\u00e1t\u00f3t \u2013 a legut\u00f3bbit tavaly adt\u00e1k \u00e1t a Lajos-forr\u00e1s f\u00f6l\u00f6tti B\u00f6lcs\u0151-hegyen \u2013, hat erdei sz\u00e1ll\u00e1st, turista- \u00e9s kulcsosh\u00e1zat \u00e9p\u00edtett ki \u00e9s tart karban az orsz\u00e1g legl\u00e1togatottabb erdeiben. Ez az infrastrukt\u00fara t\u00f6k\u00e9letesen alkalmas erdei sportok szervezett \u0171z\u00e9s\u00e9re is. A Parkerd\u0151 egyre n\u00e9pszer\u0171bb terepe a teljes\u00edtm\u00e9nyt\u00far\u00e1knak, terepfut\u00f3-versenyeknek \u00e9s egy\u00e9b outdoor tev\u00e9kenys\u00e9geknek. A Parkerd\u0151 \u2013 az orsz\u00e1gban els\u0151k\u00e9nt \u2013 \u00e9ppen az\u00e9rt alak\u00edtotta ki az Erd\u0151bar\u00e1t Rendezv\u00e9ny min\u0151s\u00edt\u00e9si rendszert, hogy egy\u00e9rtelm\u0171v\u00e9 tegye a term\u00e9szetet nem k\u00e1ros\u00edt\u00f3, azzal harm\u00f3ni\u00e1ban megszervezett t\u00far\u00e1kra \u00e9s versenyekre vonatkoz\u00f3 k\u00f6vetelm\u00e9nyeit.<\/p>\n<p>A t\u00e1rsas\u00e1g kulcsfontoss\u00e1g\u00fanak tartja a szeml\u00e9letform\u00e1l\u00e1st \u00e9s a k\u00f6rnyezeti nevel\u00e9st is. A Parkerd\u0151 egyik legn\u00e9pszer\u0171bb bemutat\u00f3hely\u00e9n, a Budakeszi Vadasparkban, illetve a visegr\u00e1di Madas L\u00e1szl\u00f3 \u00e9s a H\u00e1rmashat\u00e1r-hegyi Erd\u00e9szeti Erdei Iskol\u00e1ban \u00e9vente csaknem 220 ezer l\u00e1togat\u00f3t \u2013 z\u00f6mmel gyerekeket vagy gyerekes csal\u00e1dokat \u2013 fogad. Itt a r\u00e9sztvev\u0151k j\u00e1t\u00e9kos \u00e9s \u00e9lm\u00e9nyekkel teli ismeretterjeszt\u0151 foglalkoz\u00e1sokon, terepi bemutat\u00f3kon ismerhetik meg az erd\u0151 \u00f6sszetett vil\u00e1g\u00e1t, \u00e9s azt, hogy milyen erdei viselked\u00e9ssel lehet a legkev\u00e9sb\u00e9 zavarni, viszont a legjobban befogadni a Parkerd\u0151 sz\u00e1mtalan term\u00e9szeti csod\u00e1j\u00e1t.<\/p>\n<p><em>Bor\u00edt\u00f3k\u00e9p, forr\u00e1s: AM Sajt\u00f3iroda<\/em><\/p>\n","protected":false},"excerpt":{"rendered":"<p>A Pilisi Parkerd\u0151 Zrt. csak tavaly t\u00f6bb mint k\u00e9tmilli\u00f3 facsemet\u00e9t \u00fcltetett, \u00e9s t\u00f6bb sz\u00e1z hekt\u00e1ron v\u00e9gzett erd\u0151meg\u00faj\u00edt\u00f3 csemete\u00fcltet\u00e9si \u00e9s magvet\u00e9si munk\u00e1latokat. Az erd\u0151gazdas\u00e1g az orsz\u00e1g erdeinek mind\u00f6ssze 3 sz\u00e1zal\u00e9k\u00e1n gazd\u00e1lkodik, de ezen a ter\u00fcleten \u00e9vente harmincmilli\u00f3 l\u00e1togat\u00e1si alkalmat regisztr\u00e1lnak \u00e9s h\u00e1rommilli\u00f3 itt lak\u00f3 sz\u00e1m\u00e1ra ny\u00fajtanak term\u00e9szetes k\u00f6rnyezetet. Budakeszi Vadaspark, Pilis Bike, H\u00e1rs-hegyi \u00d6r\u00f6kerd\u0151 Tan\u00f6sv\u00e9ny, R\u00e1m-szakad\u00e9k,<\/p>\n","protected":false},"author":1,"featured_media":50205,"comment_status":"closed","ping_status":"closed","sticky":false,"template":"","format":"standard","meta":{"ngg_post_thumbnail":0,"footnotes":""},"categories":[3,6948],"tags":[121,122],"class_list":{"0":"post-50204","1":"post","2":"type-post","3":"status-publish","4":"format-standard","5":"has-post-thumbnail","7":"category-hirek","8":"category-szines","9":"tag-kirandulas","10":"tag-pilisi-parkerdo"},"yoast_head":"<!-- This site is optimized with the Yoast SEO plugin v27.5 - https:\/\/yoast.com\/product\/yoast-seo-wordpress\/ -->\n<title>T\u00e9len is v\u00e1rja a kir\u00e1ndul\u00f3kat a Pilisi Parkerd\u0151<\/title>\n<meta name=\"robots\" content=\"index, follow, max-snippet:-1, max-image-preview:large, max-video-preview:-1\" \/>\n<link rel=\"canonical\" href=\"https:\/\/dorogimedence.hu\/index.php\/2023\/02\/11\/telen-is-varja-a-kirandulokat-a-pilisi-parkerdo\/\" class=\"yoast-seo-meta-tag\" \/>\n<meta property=\"og:locale\" content=\"hu_HU\" class=\"yoast-seo-meta-tag\" \/>\n<meta property=\"og:type\" content=\"article\" class=\"yoast-seo-meta-tag\" \/>\n<meta property=\"og:title\" content=\"T\u00e9len is v\u00e1rja a kir\u00e1ndul\u00f3kat a Pilisi Parkerd\u0151\" class=\"yoast-seo-meta-tag\" \/>\n<meta property=\"og:description\" content=\"A Pilisi Parkerd\u0151 Zrt. csak tavaly t\u00f6bb mint k\u00e9tmilli\u00f3 facsemet\u00e9t \u00fcltetett, \u00e9s t\u00f6bb sz\u00e1z hekt\u00e1ron v\u00e9gzett erd\u0151meg\u00faj\u00edt\u00f3 csemete\u00fcltet\u00e9si \u00e9s magvet\u00e9si munk\u00e1latokat. Az erd\u0151gazdas\u00e1g az orsz\u00e1g erdeinek mind\u00f6ssze 3 sz\u00e1zal\u00e9k\u00e1n gazd\u00e1lkodik, de ezen a ter\u00fcleten \u00e9vente harmincmilli\u00f3 l\u00e1togat\u00e1si alkalmat regisztr\u00e1lnak \u00e9s h\u00e1rommilli\u00f3 itt lak\u00f3 sz\u00e1m\u00e1ra ny\u00fajtanak term\u00e9szetes k\u00f6rnyezetet. Budakeszi Vadaspark, Pilis Bike, H\u00e1rs-hegyi \u00d6r\u00f6kerd\u0151 Tan\u00f6sv\u00e9ny, R\u00e1m-szakad\u00e9k,\" class=\"yoast-seo-meta-tag\" \/>\n<meta property=\"og:url\" content=\"https:\/\/dorogimedence.hu\/index.php\/2023\/02\/11\/telen-is-varja-a-kirandulokat-a-pilisi-parkerdo\/\" class=\"yoast-seo-meta-tag\" \/>\n<meta property=\"og:site_name\" content=\"Dorogi-medence Region\u00e1lis H\u00edrport\u00e1l\" class=\"yoast-seo-meta-tag\" \/>\n<meta property=\"article:publisher\" content=\"https:\/\/www.facebook.com\/dorogimedence\/\" class=\"yoast-seo-meta-tag\" \/>\n<meta property=\"article:published_time\" content=\"2023-02-11T07:42:11+00:00\" class=\"yoast-seo-meta-tag\" \/>\n<meta property=\"article:modified_time\" content=\"2023-02-11T07:44:10+00:00\" class=\"yoast-seo-meta-tag\" \/>\n<meta property=\"og:image\" content=\"https:\/\/dorogimedence.hu\/wp-content\/uploads\/2023\/02\/fuveszkert.jpg\" class=\"yoast-seo-meta-tag\" \/>\n\t<meta property=\"og:image:width\" content=\"1000\" class=\"yoast-seo-meta-tag\" \/>\n\t<meta property=\"og:image:height\" content=\"713\" class=\"yoast-seo-meta-tag\" \/>\n\t<meta property=\"og:image:type\" content=\"image\/jpeg\" class=\"yoast-seo-meta-tag\" \/>\n<meta name=\"author\" content=\"dorogimedence.hu\" class=\"yoast-seo-meta-tag\" \/>\n<meta name=\"twitter:card\" content=\"summary_large_image\" class=\"yoast-seo-meta-tag\" \/>\n<meta name=\"twitter:label1\" content=\"Szerz\u0151:\" class=\"yoast-seo-meta-tag\" \/>\n\t<meta name=\"twitter:data1\" content=\"dorogimedence.hu\" class=\"yoast-seo-meta-tag\" \/>\n\t<meta name=\"twitter:label2\" content=\"Becs\u00fclt olvas\u00e1si id\u0151\" class=\"yoast-seo-meta-tag\" \/>\n\t<meta name=\"twitter:data2\" content=\"4 perc\" class=\"yoast-seo-meta-tag\" \/>\n<script type=\"application\/ld+json\" class=\"yoast-schema-graph\">{\"@context\":\"https:\\\/\\\/schema.org\",\"@graph\":[{\"@type\":\"Article\",\"@id\":\"https:\\\/\\\/dorogimedence.hu\\\/index.php\\\/2023\\\/02\\\/11\\\/telen-is-varja-a-kirandulokat-a-pilisi-parkerdo\\\/#article\",\"isPartOf\":{\"@id\":\"https:\\\/\\\/dorogimedence.hu\\\/index.php\\\/2023\\\/02\\\/11\\\/telen-is-varja-a-kirandulokat-a-pilisi-parkerdo\\\/\"},\"author\":{\"name\":\"dorogimedence.hu\",\"@id\":\"https:\\\/\\\/dorogimedence.hu\\\/#\\\/schema\\\/person\\\/ce6091eeb7e95ecdc87890d6aa8e0fd4\"},\"headline\":\"T\u00e9len is v\u00e1rja a kir\u00e1ndul\u00f3kat a Pilisi Parkerd\u0151\",\"datePublished\":\"2023-02-11T07:42:11+00:00\",\"dateModified\":\"2023-02-11T07:44:10+00:00\",\"mainEntityOfPage\":{\"@id\":\"https:\\\/\\\/dorogimedence.hu\\\/index.php\\\/2023\\\/02\\\/11\\\/telen-is-varja-a-kirandulokat-a-pilisi-parkerdo\\\/\"},\"wordCount\":735,\"publisher\":{\"@id\":\"https:\\\/\\\/dorogimedence.hu\\\/#organization\"},\"image\":{\"@id\":\"https:\\\/\\\/dorogimedence.hu\\\/index.php\\\/2023\\\/02\\\/11\\\/telen-is-varja-a-kirandulokat-a-pilisi-parkerdo\\\/#primaryimage\"},\"thumbnailUrl\":\"https:\\\/\\\/dorogimedence.hu\\\/wp-content\\\/uploads\\\/2023\\\/02\\\/fuveszkert.jpg\",\"keywords\":[\"kir\u00e1ndul\u00e1s\",\"Pilisi Parkerd\u0151\"],\"articleSection\":[\"H\u00edrek\",\"Sz\u00ednes\"],\"inLanguage\":\"hu\"},{\"@type\":\"WebPage\",\"@id\":\"https:\\\/\\\/dorogimedence.hu\\\/index.php\\\/2023\\\/02\\\/11\\\/telen-is-varja-a-kirandulokat-a-pilisi-parkerdo\\\/\",\"url\":\"https:\\\/\\\/dorogimedence.hu\\\/index.php\\\/2023\\\/02\\\/11\\\/telen-is-varja-a-kirandulokat-a-pilisi-parkerdo\\\/\",\"name\":\"T\u00e9len is v\u00e1rja a kir\u00e1ndul\u00f3kat a Pilisi Parkerd\u0151\",\"isPartOf\":{\"@id\":\"https:\\\/\\\/dorogimedence.hu\\\/#website\"},\"primaryImageOfPage\":{\"@id\":\"https:\\\/\\\/dorogimedence.hu\\\/index.php\\\/2023\\\/02\\\/11\\\/telen-is-varja-a-kirandulokat-a-pilisi-parkerdo\\\/#primaryimage\"},\"image\":{\"@id\":\"https:\\\/\\\/dorogimedence.hu\\\/index.php\\\/2023\\\/02\\\/11\\\/telen-is-varja-a-kirandulokat-a-pilisi-parkerdo\\\/#primaryimage\"},\"thumbnailUrl\":\"https:\\\/\\\/dorogimedence.hu\\\/wp-content\\\/uploads\\\/2023\\\/02\\\/fuveszkert.jpg\",\"datePublished\":\"2023-02-11T07:42:11+00:00\",\"dateModified\":\"2023-02-11T07:44:10+00:00\",\"breadcrumb\":{\"@id\":\"https:\\\/\\\/dorogimedence.hu\\\/index.php\\\/2023\\\/02\\\/11\\\/telen-is-varja-a-kirandulokat-a-pilisi-parkerdo\\\/#breadcrumb\"},\"inLanguage\":\"hu\",\"potentialAction\":[{\"@type\":\"ReadAction\",\"target\":[\"https:\\\/\\\/dorogimedence.hu\\\/index.php\\\/2023\\\/02\\\/11\\\/telen-is-varja-a-kirandulokat-a-pilisi-parkerdo\\\/\"]}]},{\"@type\":\"ImageObject\",\"inLanguage\":\"hu\",\"@id\":\"https:\\\/\\\/dorogimedence.hu\\\/index.php\\\/2023\\\/02\\\/11\\\/telen-is-varja-a-kirandulokat-a-pilisi-parkerdo\\\/#primaryimage\",\"url\":\"https:\\\/\\\/dorogimedence.hu\\\/wp-content\\\/uploads\\\/2023\\\/02\\\/fuveszkert.jpg\",\"contentUrl\":\"https:\\\/\\\/dorogimedence.hu\\\/wp-content\\\/uploads\\\/2023\\\/02\\\/fuveszkert.jpg\",\"width\":1000,\"height\":713},{\"@type\":\"BreadcrumbList\",\"@id\":\"https:\\\/\\\/dorogimedence.hu\\\/index.php\\\/2023\\\/02\\\/11\\\/telen-is-varja-a-kirandulokat-a-pilisi-parkerdo\\\/#breadcrumb\",\"itemListElement\":[{\"@type\":\"ListItem\",\"position\":1,\"name\":\"Kezd\u0151lap\",\"item\":\"https:\\\/\\\/dorogimedence.hu\\\/\"},{\"@type\":\"ListItem\",\"position\":2,\"name\":\"T\u00e9len is v\u00e1rja a kir\u00e1ndul\u00f3kat a Pilisi Parkerd\u0151\"}]},{\"@type\":\"WebSite\",\"@id\":\"https:\\\/\\\/dorogimedence.hu\\\/#website\",\"url\":\"https:\\\/\\\/dorogimedence.hu\\\/\",\"name\":\"Dorogi-medence Region\u00e1lis H\u00edrport\u00e1l\",\"description\":\"Dorog, Keszt\u00f6lc, Le\u00e1nyv\u00e1r, Piliscs\u00e9v, Tokod, Tokodalt\u00e1r\u00f3, Csolnok, Esztergom-kertv\u00e1ros: h\u00edrek, programok\",\"publisher\":{\"@id\":\"https:\\\/\\\/dorogimedence.hu\\\/#organization\"},\"potentialAction\":[{\"@type\":\"SearchAction\",\"target\":{\"@type\":\"EntryPoint\",\"urlTemplate\":\"https:\\\/\\\/dorogimedence.hu\\\/?s={search_term_string}\"},\"query-input\":{\"@type\":\"PropertyValueSpecification\",\"valueRequired\":true,\"valueName\":\"search_term_string\"}}],\"inLanguage\":\"hu\"},{\"@type\":\"Organization\",\"@id\":\"https:\\\/\\\/dorogimedence.hu\\\/#organization\",\"name\":\"Dorogi-medence Region\u00e1lis H\u00edrport\u00e1l\",\"url\":\"https:\\\/\\\/dorogimedence.hu\\\/\",\"logo\":{\"@type\":\"ImageObject\",\"inLanguage\":\"hu\",\"@id\":\"https:\\\/\\\/dorogimedence.hu\\\/#\\\/schema\\\/logo\\\/image\\\/\",\"url\":\"https:\\\/\\\/dorogimedence.hu\\\/wp-content\\\/uploads\\\/2021\\\/04\\\/logo-feher-600.png\",\"contentUrl\":\"https:\\\/\\\/dorogimedence.hu\\\/wp-content\\\/uploads\\\/2021\\\/04\\\/logo-feher-600.png\",\"width\":600,\"height\":100,\"caption\":\"Dorogi-medence Region\u00e1lis H\u00edrport\u00e1l\"},\"image\":{\"@id\":\"https:\\\/\\\/dorogimedence.hu\\\/#\\\/schema\\\/logo\\\/image\\\/\"},\"sameAs\":[\"https:\\\/\\\/www.facebook.com\\\/dorogimedence\\\/\"]},{\"@type\":\"Person\",\"@id\":\"https:\\\/\\\/dorogimedence.hu\\\/#\\\/schema\\\/person\\\/ce6091eeb7e95ecdc87890d6aa8e0fd4\",\"name\":\"dorogimedence.hu\",\"image\":{\"@type\":\"ImageObject\",\"inLanguage\":\"hu\",\"@id\":\"\\\/\\\/www.gravatar.com\\\/avatar\\\/d8d45f8901aadff40a4af72c0b826f1d?s=96&#038;r=g&#038;d=mm\",\"url\":\"\\\/\\\/www.gravatar.com\\\/avatar\\\/d8d45f8901aadff40a4af72c0b826f1d?s=96&#038;r=g&#038;d=mm\",\"contentUrl\":\"\\\/\\\/www.gravatar.com\\\/avatar\\\/d8d45f8901aadff40a4af72c0b826f1d?s=96&#038;r=g&#038;d=mm\",\"caption\":\"dorogimedence.hu\"}}]}<\/script>\n<!-- \/ Yoast SEO plugin. -->","yoast_head_json":{"title":"T\u00e9len is v\u00e1rja a kir\u00e1ndul\u00f3kat a Pilisi Parkerd\u0151","robots":{"index":"index","follow":"follow","max-snippet":"max-snippet:-1","max-image-preview":"max-image-preview:large","max-video-preview":"max-video-preview:-1"},"canonical":"https:\/\/dorogimedence.hu\/index.php\/2023\/02\/11\/telen-is-varja-a-kirandulokat-a-pilisi-parkerdo\/","og_locale":"hu_HU","og_type":"article","og_title":"T\u00e9len is v\u00e1rja a kir\u00e1ndul\u00f3kat a Pilisi Parkerd\u0151","og_description":"A Pilisi Parkerd\u0151 Zrt. csak tavaly t\u00f6bb mint k\u00e9tmilli\u00f3 facsemet\u00e9t \u00fcltetett, \u00e9s t\u00f6bb sz\u00e1z hekt\u00e1ron v\u00e9gzett erd\u0151meg\u00faj\u00edt\u00f3 csemete\u00fcltet\u00e9si \u00e9s magvet\u00e9si munk\u00e1latokat. Az erd\u0151gazdas\u00e1g az orsz\u00e1g erdeinek mind\u00f6ssze 3 sz\u00e1zal\u00e9k\u00e1n gazd\u00e1lkodik, de ezen a ter\u00fcleten \u00e9vente harmincmilli\u00f3 l\u00e1togat\u00e1si alkalmat regisztr\u00e1lnak \u00e9s h\u00e1rommilli\u00f3 itt lak\u00f3 sz\u00e1m\u00e1ra ny\u00fajtanak term\u00e9szetes k\u00f6rnyezetet. Budakeszi Vadaspark, Pilis Bike, H\u00e1rs-hegyi \u00d6r\u00f6kerd\u0151 Tan\u00f6sv\u00e9ny, R\u00e1m-szakad\u00e9k,","og_url":"https:\/\/dorogimedence.hu\/index.php\/2023\/02\/11\/telen-is-varja-a-kirandulokat-a-pilisi-parkerdo\/","og_site_name":"Dorogi-medence Region\u00e1lis H\u00edrport\u00e1l","article_publisher":"https:\/\/www.facebook.com\/dorogimedence\/","article_published_time":"2023-02-11T07:42:11+00:00","article_modified_time":"2023-02-11T07:44:10+00:00","og_image":[{"width":1000,"height":713,"url":"https:\/\/dorogimedence.hu\/wp-content\/uploads\/2023\/02\/fuveszkert.jpg","type":"image\/jpeg"}],"author":"dorogimedence.hu","twitter_card":"summary_large_image","twitter_misc":{"Szerz\u0151:":"dorogimedence.hu","Becs\u00fclt olvas\u00e1si id\u0151":"4 perc"},"schema":{"@context":"https:\/\/schema.org","@graph":[{"@type":"Article","@id":"https:\/\/dorogimedence.hu\/index.php\/2023\/02\/11\/telen-is-varja-a-kirandulokat-a-pilisi-parkerdo\/#article","isPartOf":{"@id":"https:\/\/dorogimedence.hu\/index.php\/2023\/02\/11\/telen-is-varja-a-kirandulokat-a-pilisi-parkerdo\/"},"author":{"name":"dorogimedence.hu","@id":"https:\/\/dorogimedence.hu\/#\/schema\/person\/ce6091eeb7e95ecdc87890d6aa8e0fd4"},"headline":"T\u00e9len is v\u00e1rja a kir\u00e1ndul\u00f3kat a Pilisi Parkerd\u0151","datePublished":"2023-02-11T07:42:11+00:00","dateModified":"2023-02-11T07:44:10+00:00","mainEntityOfPage":{"@id":"https:\/\/dorogimedence.hu\/index.php\/2023\/02\/11\/telen-is-varja-a-kirandulokat-a-pilisi-parkerdo\/"},"wordCount":735,"publisher":{"@id":"https:\/\/dorogimedence.hu\/#organization"},"image":{"@id":"https:\/\/dorogimedence.hu\/index.php\/2023\/02\/11\/telen-is-varja-a-kirandulokat-a-pilisi-parkerdo\/#primaryimage"},"thumbnailUrl":"https:\/\/dorogimedence.hu\/wp-content\/uploads\/2023\/02\/fuveszkert.jpg","keywords":["kir\u00e1ndul\u00e1s","Pilisi Parkerd\u0151"],"articleSection":["H\u00edrek","Sz\u00ednes"],"inLanguage":"hu"},{"@type":"WebPage","@id":"https:\/\/dorogimedence.hu\/index.php\/2023\/02\/11\/telen-is-varja-a-kirandulokat-a-pilisi-parkerdo\/","url":"https:\/\/dorogimedence.hu\/index.php\/2023\/02\/11\/telen-is-varja-a-kirandulokat-a-pilisi-parkerdo\/","name":"T\u00e9len is v\u00e1rja a kir\u00e1ndul\u00f3kat a Pilisi Parkerd\u0151","isPartOf":{"@id":"https:\/\/dorogimedence.hu\/#website"},"primaryImageOfPage":{"@id":"https:\/\/dorogimedence.hu\/index.php\/2023\/02\/11\/telen-is-varja-a-kirandulokat-a-pilisi-parkerdo\/#primaryimage"},"image":{"@id":"https:\/\/dorogimedence.hu\/index.php\/2023\/02\/11\/telen-is-varja-a-kirandulokat-a-pilisi-parkerdo\/#primaryimage"},"thumbnailUrl":"https:\/\/dorogimedence.hu\/wp-content\/uploads\/2023\/02\/fuveszkert.jpg","datePublished":"2023-02-11T07:42:11+00:00","dateModified":"2023-02-11T07:44:10+00:00","breadcrumb":{"@id":"https:\/\/dorogimedence.hu\/index.php\/2023\/02\/11\/telen-is-varja-a-kirandulokat-a-pilisi-parkerdo\/#breadcrumb"},"inLanguage":"hu","potentialAction":[{"@type":"ReadAction","target":["https:\/\/dorogimedence.hu\/index.php\/2023\/02\/11\/telen-is-varja-a-kirandulokat-a-pilisi-parkerdo\/"]}]},{"@type":"ImageObject","inLanguage":"hu","@id":"https:\/\/dorogimedence.hu\/index.php\/2023\/02\/11\/telen-is-varja-a-kirandulokat-a-pilisi-parkerdo\/#primaryimage","url":"https:\/\/dorogimedence.hu\/wp-content\/uploads\/2023\/02\/fuveszkert.jpg","contentUrl":"https:\/\/dorogimedence.hu\/wp-content\/uploads\/2023\/02\/fuveszkert.jpg","width":1000,"height":713},{"@type":"BreadcrumbList","@id":"https:\/\/dorogimedence.hu\/index.php\/2023\/02\/11\/telen-is-varja-a-kirandulokat-a-pilisi-parkerdo\/#breadcrumb","itemListElement":[{"@type":"ListItem","position":1,"name":"Kezd\u0151lap","item":"https:\/\/dorogimedence.hu\/"},{"@type":"ListItem","position":2,"name":"T\u00e9len is v\u00e1rja a kir\u00e1ndul\u00f3kat a Pilisi Parkerd\u0151"}]},{"@type":"WebSite","@id":"https:\/\/dorogimedence.hu\/#website","url":"https:\/\/dorogimedence.hu\/","name":"Dorogi-medence Region\u00e1lis H\u00edrport\u00e1l","description":"Dorog, Keszt\u00f6lc, Le\u00e1nyv\u00e1r, Piliscs\u00e9v, Tokod, Tokodalt\u00e1r\u00f3, Csolnok, Esztergom-kertv\u00e1ros: h\u00edrek, programok","publisher":{"@id":"https:\/\/dorogimedence.hu\/#organization"},"potentialAction":[{"@type":"SearchAction","target":{"@type":"EntryPoint","urlTemplate":"https:\/\/dorogimedence.hu\/?s={search_term_string}"},"query-input":{"@type":"PropertyValueSpecification","valueRequired":true,"valueName":"search_term_string"}}],"inLanguage":"hu"},{"@type":"Organization","@id":"https:\/\/dorogimedence.hu\/#organization","name":"Dorogi-medence Region\u00e1lis H\u00edrport\u00e1l","url":"https:\/\/dorogimedence.hu\/","logo":{"@type":"ImageObject","inLanguage":"hu","@id":"https:\/\/dorogimedence.hu\/#\/schema\/logo\/image\/","url":"https:\/\/dorogimedence.hu\/wp-content\/uploads\/2021\/04\/logo-feher-600.png","contentUrl":"https:\/\/dorogimedence.hu\/wp-content\/uploads\/2021\/04\/logo-feher-600.png","width":600,"height":100,"caption":"Dorogi-medence Region\u00e1lis H\u00edrport\u00e1l"},"image":{"@id":"https:\/\/dorogimedence.hu\/#\/schema\/logo\/image\/"},"sameAs":["https:\/\/www.facebook.com\/dorogimedence\/"]},{"@type":"Person","@id":"https:\/\/dorogimedence.hu\/#\/schema\/person\/ce6091eeb7e95ecdc87890d6aa8e0fd4","name":"dorogimedence.hu","image":{"@type":"ImageObject","inLanguage":"hu","@id":"\/\/www.gravatar.com\/avatar\/d8d45f8901aadff40a4af72c0b826f1d?s=96&#038;r=g&#038;d=mm","url":"\/\/www.gravatar.com\/avatar\/d8d45f8901aadff40a4af72c0b826f1d?s=96&#038;r=g&#038;d=mm","contentUrl":"\/\/www.gravatar.com\/avatar\/d8d45f8901aadff40a4af72c0b826f1d?s=96&#038;r=g&#038;d=mm","caption":"dorogimedence.hu"}}]}},"_links":{"self":[{"href":"https:\/\/dorogimedence.hu\/index.php\/wp-json\/wp\/v2\/posts\/50204","targetHints":{"allow":["GET"]}}],"collection":[{"href":"https:\/\/dorogimedence.hu\/index.php\/wp-json\/wp\/v2\/posts"}],"about":[{"href":"https:\/\/dorogimedence.hu\/index.php\/wp-json\/wp\/v2\/types\/post"}],"author":[{"embeddable":true,"href":"https:\/\/dorogimedence.hu\/index.php\/wp-json\/wp\/v2\/users\/1"}],"replies":[{"embeddable":true,"href":"https:\/\/dorogimedence.hu\/index.php\/wp-json\/wp\/v2\/comments?post=50204"}],"version-history":[{"count":0,"href":"https:\/\/dorogimedence.hu\/index.php\/wp-json\/wp\/v2\/posts\/50204\/revisions"}],"wp:featuredmedia":[{"embeddable":true,"href":"https:\/\/dorogimedence.hu\/index.php\/wp-json\/wp\/v2\/media\/50205"}],"wp:attachment":[{"href":"https:\/\/dorogimedence.hu\/index.php\/wp-json\/wp\/v2\/media?parent=50204"}],"wp:term":[{"taxonomy":"category","embeddable":true,"href":"https:\/\/dorogimedence.hu\/index.php\/wp-json\/wp\/v2\/categories?post=50204"},{"taxonomy":"post_tag","embeddable":true,"href":"https:\/\/dorogimedence.hu\/index.php\/wp-json\/wp\/v2\/tags?post=50204"}],"curies":[{"name":"wp","href":"https:\/\/api.w.org\/{rel}","templated":true}]}}