{"id":50119,"date":"2023-02-09T12:21:50","date_gmt":"2023-02-09T11:21:50","guid":{"rendered":"https:\/\/dorogimedence.hu\/?p=50119"},"modified":"2023-02-09T12:29:23","modified_gmt":"2023-02-09T11:29:23","slug":"hazank-vadallomanya-nemzeti-ertek","status":"publish","type":"post","link":"https:\/\/dorogimedence.hu\/index.php\/2023\/02\/09\/hazank-vadallomanya-nemzeti-ertek\/","title":{"rendered":"Haz\u00e1nk vad\u00e1llom\u00e1nya nemzeti \u00e9rt\u00e9k"},"content":{"rendered":"<p><strong>B\u00fcszk\u00e9k vagyunk haz\u00e1nk vad\u00e1llom\u00e1ny\u00e1ra, amely term\u00e9szeti kincs, ez\u00e9rt felel\u0151sen kell gazd\u00e1lkodnunk vele, hogy meg\u0151rizz\u00fck a j\u00f6v\u0151 gener\u00e1ci\u00f3i sz\u00e1m\u00e1ra \u2013 jelentette ki Nagy Istv\u00e1n agr\u00e1rminiszter a 29. Fegyver, Horg\u00e1szat, Vad\u00e1szat Nemzetk\u00f6zi Ki\u00e1ll\u00edt\u00e1s (FeHoVa) megnyit\u00f3j\u00e1n, cs\u00fct\u00f6rt\u00f6k\u00f6n.<\/strong><\/p>\n<p>A t\u00e1rcavezet\u0151 arra h\u00edvta fel a figyelmet, hogy t\u00e1jegys\u00e9geinknek jellegzetes arculat\u00e1hoz a vadfajok ugyan\u00fagy hozz\u00e1tartoznak, mint a hegyek, a s\u00edks\u00e1gok, a foly\u00f3k vagy az erd\u0151k. Mindazon\u00e1ltal az eg\u00e9szs\u00e9ges, j\u00f3 genetikai \u00e9rt\u00e9kekkel rendelkez\u0151 vad\u00e1llom\u00e1ny fenntart\u00e1s\u00e1ban a vad\u00e1szat kulcsfontoss\u00e1g\u00fa. A hivat\u00e1sos vad\u00e1szok id\u0151t \u00e9s energi\u00e1t nem sajn\u00e1lva j\u00e1rj\u00e1k eg\u00e9sz \u00e9vben a vad\u00e1szter\u00fcleteket, szerep\u00fck n\u00e9lk\u00fcl\u00f6zhetetlen a fenntarthat\u00f3 \u00e9s szakszer\u0171 vadgazd\u00e1lkod\u00e1sban \u2013 tette hozz\u00e1. Nagy Istv\u00e1n elmondta, haz\u00e1nk \u00e9vsz\u00e1zados vad\u00e1szati kult\u00far\u00e1ja gy\u00f6kereiben mindm\u00e1ig v\u00e1ltozatlan, ez\u00e9rt biztos\u00edtanunk kell, hogy a feln\u00f6vekv\u0151 nemzed\u00e9k ifj\u00fa vad\u00e1szai ugyanolyan k\u00f6teless\u00e9gtud\u00f3 \u00e9s becs\u00fcletes vadgazd\u00e1lkod\u00f3kk\u00e1 v\u00e1ljanak, mint az elm\u00falt korok vil\u00e1gh\u00edrn\u00e9vre szert tev\u0151 vad\u00e1szai.<\/p>\n<p><img fetchpriority=\"high\" decoding=\"async\" class=\"alignnone size-large wp-image-50121\" src=\"https:\/\/dorogimedence.hu\/wp-content\/uploads\/2023\/02\/20230209_PEL_3165-1024x681.jpg\" alt=\"\" width=\"755\" height=\"502\" srcset=\"https:\/\/dorogimedence.hu\/wp-content\/uploads\/2023\/02\/20230209_PEL_3165-1024x681.jpg 1024w, https:\/\/dorogimedence.hu\/wp-content\/uploads\/2023\/02\/20230209_PEL_3165-300x200.jpg 300w, https:\/\/dorogimedence.hu\/wp-content\/uploads\/2023\/02\/20230209_PEL_3165-768x511.jpg 768w, https:\/\/dorogimedence.hu\/wp-content\/uploads\/2023\/02\/20230209_PEL_3165-1536x1022.jpg 1536w, https:\/\/dorogimedence.hu\/wp-content\/uploads\/2023\/02\/20230209_PEL_3165-2048x1362.jpg 2048w, https:\/\/dorogimedence.hu\/wp-content\/uploads\/2023\/02\/20230209_PEL_3165-150x100.jpg 150w, https:\/\/dorogimedence.hu\/wp-content\/uploads\/2023\/02\/20230209_PEL_3165-450x299.jpg 450w, https:\/\/dorogimedence.hu\/wp-content\/uploads\/2023\/02\/20230209_PEL_3165-1200x798.jpg 1200w, https:\/\/dorogimedence.hu\/wp-content\/uploads\/2023\/02\/20230209_PEL_3165-272x182.jpg 272w\" sizes=\"(max-width: 755px) 100vw, 755px\" \/><\/p>\n<p>Kifejtette, hogy a vad v\u00e9delm\u00e9r\u0151l, a vadgazd\u00e1lkod\u00e1sr\u00f3l, valamint a vad\u00e1szatr\u00f3l sz\u00f3l\u00f3 t\u00f6rv\u00e9ny \u00e9s v\u00e9grehajt\u00e1si rendelet\u00e9nek \u00e1tfog\u00f3 m\u00f3dos\u00edt\u00e1sa hozz\u00e1j\u00e1rult ahhoz, hogy korunk ig\u00e9nyeihez \u00e9s elv\u00e1r\u00e1saihoz alkalmazkod\u00f3, de hagyom\u00e1nyainkkal nem szak\u00edt\u00f3 vad\u00e1szati \u00e9s vadgazd\u00e1lkod\u00e1si tev\u00e9kenys\u00e9g folyhasson az orsz\u00e1gban. A meg\u00fajult jogszab\u00e1ly ma hangs\u00falyosabban sz\u00f3l a biol\u00f3giai sokf\u00e9les\u00e9g meg\u0151rz\u00e9s\u00e9r\u0151l \u00e9s a fenntarthat\u00f3 vadgazd\u00e1lkod\u00e1sr\u00f3l, ezzel egy\u00fctt biztos\u00edtja a term\u00e9szetv\u00e9delemmel, a mez\u0151- \u00e9s erd\u0151gazd\u00e1lkod\u00e1ssal val\u00f3 \u00f6sszhang megteremt\u00e9s\u00e9t.<\/p>\n<p>A t\u00e1rcavezet\u0151 kit\u00e9rt az erd\u0151gazd\u00e1lkod\u00e1sra is, hiszen erdeink n\u00e9lk\u00fcl a b\u00fcszkes\u00e9gre m\u00e9lt\u00e1n okot ad\u00f3 vad\u00e1llom\u00e1nyunk sem l\u00e9tezne. Hangs\u00falyozta, az erd\u00e9szeti szakemberek azt tartj\u00e1k szem el\u0151tt, hogy a gazd\u00e1lkod\u00e1si lehet\u0151s\u00e9gek a j\u00f6v\u0151 nemzed\u00e9kei sz\u00e1m\u00e1ra is fennmaradjanak, egy\u00fattal meg\u0151rizz\u00e9k a biol\u00f3giai sokf\u00e9les\u00e9get, \u00e9letk\u00e9pess\u00e9get, tov\u00e1bb\u00e1 megfeleljenek a t\u00e1rsadalmi ig\u00e9nyeknek \u00e9s a gazdas\u00e1gi k\u00f6vetelm\u00e9nyeknek is. Az erd\u0151 folyamatosan meg\u00fajul\u00f3 term\u00e9szeti er\u0151forr\u00e1s, a nemzet k\u00f6z\u00f6s \u00f6r\u00f6ks\u00e9ge, ez\u00e9rt a meg\u00f3v\u00e1sa az \u00e1llamra, az erd\u0151tulajdonosra, az erd\u0151gazd\u00e1lkod\u00f3ra, valamint az erd\u0151t b\u00e1rmilyen m\u00f3don ig\u00e9nybe vev\u0151re egyar\u00e1nt k\u00f6telezetts\u00e9geket r\u00f3 \u2013 h\u00fazta al\u00e1 a miniszter. Nagy Istv\u00e1n kiemelte, a fenntarthat\u00f3s\u00e1gra vonatkoz\u00f3 felt\u00e9telek r\u00e9g\u00f3ta adottak, ezt bizony\u00edtja, hogy Magyarorsz\u00e1g 1921 \u00f3ta megdupl\u00e1zta, 11-r\u0151l 22 sz\u00e1zal\u00e9kra n\u00f6velte erd\u0151ter\u00fcleteinek nagys\u00e1g\u00e1t.<\/p>\n<p><em>Fot\u00f3k, forr\u00e1s: Agr\u00e1rminiszt\u00e9rium Sajt\u00f3iroda<\/em><\/p>\n","protected":false},"excerpt":{"rendered":"<p>B\u00fcszk\u00e9k vagyunk haz\u00e1nk vad\u00e1llom\u00e1ny\u00e1ra, amely term\u00e9szeti kincs, ez\u00e9rt felel\u0151sen kell gazd\u00e1lkodnunk vele, hogy meg\u0151rizz\u00fck a j\u00f6v\u0151 gener\u00e1ci\u00f3i sz\u00e1m\u00e1ra \u2013 jelentette ki Nagy Istv\u00e1n agr\u00e1rminiszter a 29. Fegyver, Horg\u00e1szat, Vad\u00e1szat Nemzetk\u00f6zi Ki\u00e1ll\u00edt\u00e1s (FeHoVa) megnyit\u00f3j\u00e1n, cs\u00fct\u00f6rt\u00f6k\u00f6n. A t\u00e1rcavezet\u0151 arra h\u00edvta fel a figyelmet, hogy t\u00e1jegys\u00e9geinknek jellegzetes arculat\u00e1hoz a vadfajok ugyan\u00fagy hozz\u00e1tartoznak, mint a hegyek, a s\u00edks\u00e1gok, a<\/p>\n","protected":false},"author":1,"featured_media":50120,"comment_status":"closed","ping_status":"closed","sticky":false,"template":"","format":"standard","meta":{"ngg_post_thumbnail":0,"footnotes":""},"categories":[6934,3],"tags":[6804,5975,2263],"class_list":{"0":"post-50119","1":"post","2":"type-post","3":"status-publish","4":"format-standard","5":"has-post-thumbnail","7":"category-belfold","8":"category-hirek","9":"tag-agrarminiszterium","10":"tag-belfold","11":"tag-fehova"},"yoast_head":"<!-- This site is optimized with the Yoast SEO plugin v27.4 - https:\/\/yoast.com\/product\/yoast-seo-wordpress\/ -->\n<title>Haz\u00e1nk vad\u00e1llom\u00e1nya nemzeti \u00e9rt\u00e9k<\/title>\n<meta name=\"robots\" content=\"index, follow, max-snippet:-1, max-image-preview:large, max-video-preview:-1\" \/>\n<link rel=\"canonical\" href=\"https:\/\/dorogimedence.hu\/index.php\/2023\/02\/09\/hazank-vadallomanya-nemzeti-ertek\/\" class=\"yoast-seo-meta-tag\" \/>\n<meta property=\"og:locale\" content=\"hu_HU\" class=\"yoast-seo-meta-tag\" \/>\n<meta property=\"og:type\" content=\"article\" class=\"yoast-seo-meta-tag\" \/>\n<meta property=\"og:title\" content=\"Haz\u00e1nk vad\u00e1llom\u00e1nya nemzeti \u00e9rt\u00e9k\" class=\"yoast-seo-meta-tag\" \/>\n<meta property=\"og:description\" content=\"B\u00fcszk\u00e9k vagyunk haz\u00e1nk vad\u00e1llom\u00e1ny\u00e1ra, amely term\u00e9szeti kincs, ez\u00e9rt felel\u0151sen kell gazd\u00e1lkodnunk vele, hogy meg\u0151rizz\u00fck a j\u00f6v\u0151 gener\u00e1ci\u00f3i sz\u00e1m\u00e1ra \u2013 jelentette ki Nagy Istv\u00e1n agr\u00e1rminiszter a 29. Fegyver, Horg\u00e1szat, Vad\u00e1szat Nemzetk\u00f6zi Ki\u00e1ll\u00edt\u00e1s (FeHoVa) megnyit\u00f3j\u00e1n, cs\u00fct\u00f6rt\u00f6k\u00f6n. A t\u00e1rcavezet\u0151 arra h\u00edvta fel a figyelmet, hogy t\u00e1jegys\u00e9geinknek jellegzetes arculat\u00e1hoz a vadfajok ugyan\u00fagy hozz\u00e1tartoznak, mint a hegyek, a s\u00edks\u00e1gok, a\" class=\"yoast-seo-meta-tag\" \/>\n<meta property=\"og:url\" content=\"https:\/\/dorogimedence.hu\/index.php\/2023\/02\/09\/hazank-vadallomanya-nemzeti-ertek\/\" class=\"yoast-seo-meta-tag\" \/>\n<meta property=\"og:site_name\" content=\"Dorogi-medence Region\u00e1lis H\u00edrport\u00e1l\" class=\"yoast-seo-meta-tag\" \/>\n<meta property=\"article:publisher\" content=\"https:\/\/www.facebook.com\/dorogimedence\/\" class=\"yoast-seo-meta-tag\" \/>\n<meta property=\"article:published_time\" content=\"2023-02-09T11:21:50+00:00\" class=\"yoast-seo-meta-tag\" \/>\n<meta property=\"article:modified_time\" content=\"2023-02-09T11:29:23+00:00\" class=\"yoast-seo-meta-tag\" \/>\n<meta property=\"og:image\" content=\"https:\/\/dorogimedence.hu\/wp-content\/uploads\/2023\/02\/20230209_PEL_3271-scaled.jpg\" class=\"yoast-seo-meta-tag\" \/>\n\t<meta property=\"og:image:width\" content=\"2560\" class=\"yoast-seo-meta-tag\" \/>\n\t<meta property=\"og:image:height\" content=\"1707\" class=\"yoast-seo-meta-tag\" \/>\n\t<meta property=\"og:image:type\" content=\"image\/jpeg\" class=\"yoast-seo-meta-tag\" \/>\n<meta name=\"author\" content=\"dorogimedence.hu\" class=\"yoast-seo-meta-tag\" \/>\n<meta name=\"twitter:card\" content=\"summary_large_image\" class=\"yoast-seo-meta-tag\" \/>\n<meta name=\"twitter:label1\" content=\"Szerz\u0151:\" class=\"yoast-seo-meta-tag\" \/>\n\t<meta name=\"twitter:data1\" content=\"dorogimedence.hu\" class=\"yoast-seo-meta-tag\" \/>\n\t<meta name=\"twitter:label2\" content=\"Becs\u00fclt olvas\u00e1si id\u0151\" class=\"yoast-seo-meta-tag\" \/>\n\t<meta name=\"twitter:data2\" content=\"3 perc\" class=\"yoast-seo-meta-tag\" \/>\n<script type=\"application\/ld+json\" class=\"yoast-schema-graph\">{\"@context\":\"https:\\\/\\\/schema.org\",\"@graph\":[{\"@type\":\"Article\",\"@id\":\"https:\\\/\\\/dorogimedence.hu\\\/index.php\\\/2023\\\/02\\\/09\\\/hazank-vadallomanya-nemzeti-ertek\\\/#article\",\"isPartOf\":{\"@id\":\"https:\\\/\\\/dorogimedence.hu\\\/index.php\\\/2023\\\/02\\\/09\\\/hazank-vadallomanya-nemzeti-ertek\\\/\"},\"author\":{\"name\":\"dorogimedence.hu\",\"@id\":\"https:\\\/\\\/dorogimedence.hu\\\/#\\\/schema\\\/person\\\/ce6091eeb7e95ecdc87890d6aa8e0fd4\"},\"headline\":\"Haz\u00e1nk vad\u00e1llom\u00e1nya nemzeti \u00e9rt\u00e9k\",\"datePublished\":\"2023-02-09T11:21:50+00:00\",\"dateModified\":\"2023-02-09T11:29:23+00:00\",\"mainEntityOfPage\":{\"@id\":\"https:\\\/\\\/dorogimedence.hu\\\/index.php\\\/2023\\\/02\\\/09\\\/hazank-vadallomanya-nemzeti-ertek\\\/\"},\"wordCount\":535,\"publisher\":{\"@id\":\"https:\\\/\\\/dorogimedence.hu\\\/#organization\"},\"image\":{\"@id\":\"https:\\\/\\\/dorogimedence.hu\\\/index.php\\\/2023\\\/02\\\/09\\\/hazank-vadallomanya-nemzeti-ertek\\\/#primaryimage\"},\"thumbnailUrl\":\"https:\\\/\\\/dorogimedence.hu\\\/wp-content\\\/uploads\\\/2023\\\/02\\\/20230209_PEL_3271-scaled.jpg\",\"keywords\":[\"Agr\u00e1rminiszt\u00e9rium\",\"belf\u00f6ld\",\"FeHoVa\"],\"articleSection\":[\"Belf\u00f6ld, Gazdas\u00e1g\",\"H\u00edrek\"],\"inLanguage\":\"hu\"},{\"@type\":\"WebPage\",\"@id\":\"https:\\\/\\\/dorogimedence.hu\\\/index.php\\\/2023\\\/02\\\/09\\\/hazank-vadallomanya-nemzeti-ertek\\\/\",\"url\":\"https:\\\/\\\/dorogimedence.hu\\\/index.php\\\/2023\\\/02\\\/09\\\/hazank-vadallomanya-nemzeti-ertek\\\/\",\"name\":\"Haz\u00e1nk vad\u00e1llom\u00e1nya nemzeti \u00e9rt\u00e9k\",\"isPartOf\":{\"@id\":\"https:\\\/\\\/dorogimedence.hu\\\/#website\"},\"primaryImageOfPage\":{\"@id\":\"https:\\\/\\\/dorogimedence.hu\\\/index.php\\\/2023\\\/02\\\/09\\\/hazank-vadallomanya-nemzeti-ertek\\\/#primaryimage\"},\"image\":{\"@id\":\"https:\\\/\\\/dorogimedence.hu\\\/index.php\\\/2023\\\/02\\\/09\\\/hazank-vadallomanya-nemzeti-ertek\\\/#primaryimage\"},\"thumbnailUrl\":\"https:\\\/\\\/dorogimedence.hu\\\/wp-content\\\/uploads\\\/2023\\\/02\\\/20230209_PEL_3271-scaled.jpg\",\"datePublished\":\"2023-02-09T11:21:50+00:00\",\"dateModified\":\"2023-02-09T11:29:23+00:00\",\"breadcrumb\":{\"@id\":\"https:\\\/\\\/dorogimedence.hu\\\/index.php\\\/2023\\\/02\\\/09\\\/hazank-vadallomanya-nemzeti-ertek\\\/#breadcrumb\"},\"inLanguage\":\"hu\",\"potentialAction\":[{\"@type\":\"ReadAction\",\"target\":[\"https:\\\/\\\/dorogimedence.hu\\\/index.php\\\/2023\\\/02\\\/09\\\/hazank-vadallomanya-nemzeti-ertek\\\/\"]}]},{\"@type\":\"ImageObject\",\"inLanguage\":\"hu\",\"@id\":\"https:\\\/\\\/dorogimedence.hu\\\/index.php\\\/2023\\\/02\\\/09\\\/hazank-vadallomanya-nemzeti-ertek\\\/#primaryimage\",\"url\":\"https:\\\/\\\/dorogimedence.hu\\\/wp-content\\\/uploads\\\/2023\\\/02\\\/20230209_PEL_3271-scaled.jpg\",\"contentUrl\":\"https:\\\/\\\/dorogimedence.hu\\\/wp-content\\\/uploads\\\/2023\\\/02\\\/20230209_PEL_3271-scaled.jpg\",\"width\":2560,\"height\":1707},{\"@type\":\"BreadcrumbList\",\"@id\":\"https:\\\/\\\/dorogimedence.hu\\\/index.php\\\/2023\\\/02\\\/09\\\/hazank-vadallomanya-nemzeti-ertek\\\/#breadcrumb\",\"itemListElement\":[{\"@type\":\"ListItem\",\"position\":1,\"name\":\"Kezd\u0151lap\",\"item\":\"https:\\\/\\\/dorogimedence.hu\\\/\"},{\"@type\":\"ListItem\",\"position\":2,\"name\":\"Haz\u00e1nk vad\u00e1llom\u00e1nya nemzeti \u00e9rt\u00e9k\"}]},{\"@type\":\"WebSite\",\"@id\":\"https:\\\/\\\/dorogimedence.hu\\\/#website\",\"url\":\"https:\\\/\\\/dorogimedence.hu\\\/\",\"name\":\"Dorogi-medence Region\u00e1lis H\u00edrport\u00e1l\",\"description\":\"Dorog, Keszt\u00f6lc, Le\u00e1nyv\u00e1r, Piliscs\u00e9v, Tokod, Tokodalt\u00e1r\u00f3, Csolnok, Esztergom-kertv\u00e1ros: h\u00edrek, programok\",\"publisher\":{\"@id\":\"https:\\\/\\\/dorogimedence.hu\\\/#organization\"},\"potentialAction\":[{\"@type\":\"SearchAction\",\"target\":{\"@type\":\"EntryPoint\",\"urlTemplate\":\"https:\\\/\\\/dorogimedence.hu\\\/?s={search_term_string}\"},\"query-input\":{\"@type\":\"PropertyValueSpecification\",\"valueRequired\":true,\"valueName\":\"search_term_string\"}}],\"inLanguage\":\"hu\"},{\"@type\":\"Organization\",\"@id\":\"https:\\\/\\\/dorogimedence.hu\\\/#organization\",\"name\":\"Dorogi-medence Region\u00e1lis H\u00edrport\u00e1l\",\"url\":\"https:\\\/\\\/dorogimedence.hu\\\/\",\"logo\":{\"@type\":\"ImageObject\",\"inLanguage\":\"hu\",\"@id\":\"https:\\\/\\\/dorogimedence.hu\\\/#\\\/schema\\\/logo\\\/image\\\/\",\"url\":\"https:\\\/\\\/dorogimedence.hu\\\/wp-content\\\/uploads\\\/2021\\\/04\\\/logo-feher-600.png\",\"contentUrl\":\"https:\\\/\\\/dorogimedence.hu\\\/wp-content\\\/uploads\\\/2021\\\/04\\\/logo-feher-600.png\",\"width\":600,\"height\":100,\"caption\":\"Dorogi-medence Region\u00e1lis H\u00edrport\u00e1l\"},\"image\":{\"@id\":\"https:\\\/\\\/dorogimedence.hu\\\/#\\\/schema\\\/logo\\\/image\\\/\"},\"sameAs\":[\"https:\\\/\\\/www.facebook.com\\\/dorogimedence\\\/\"]},{\"@type\":\"Person\",\"@id\":\"https:\\\/\\\/dorogimedence.hu\\\/#\\\/schema\\\/person\\\/ce6091eeb7e95ecdc87890d6aa8e0fd4\",\"name\":\"dorogimedence.hu\",\"image\":{\"@type\":\"ImageObject\",\"inLanguage\":\"hu\",\"@id\":\"\\\/\\\/www.gravatar.com\\\/avatar\\\/d8d45f8901aadff40a4af72c0b826f1d?s=96&#038;r=g&#038;d=mm\",\"url\":\"\\\/\\\/www.gravatar.com\\\/avatar\\\/d8d45f8901aadff40a4af72c0b826f1d?s=96&#038;r=g&#038;d=mm\",\"contentUrl\":\"\\\/\\\/www.gravatar.com\\\/avatar\\\/d8d45f8901aadff40a4af72c0b826f1d?s=96&#038;r=g&#038;d=mm\",\"caption\":\"dorogimedence.hu\"}}]}<\/script>\n<!-- \/ Yoast SEO plugin. -->","yoast_head_json":{"title":"Haz\u00e1nk vad\u00e1llom\u00e1nya nemzeti \u00e9rt\u00e9k","robots":{"index":"index","follow":"follow","max-snippet":"max-snippet:-1","max-image-preview":"max-image-preview:large","max-video-preview":"max-video-preview:-1"},"canonical":"https:\/\/dorogimedence.hu\/index.php\/2023\/02\/09\/hazank-vadallomanya-nemzeti-ertek\/","og_locale":"hu_HU","og_type":"article","og_title":"Haz\u00e1nk vad\u00e1llom\u00e1nya nemzeti \u00e9rt\u00e9k","og_description":"B\u00fcszk\u00e9k vagyunk haz\u00e1nk vad\u00e1llom\u00e1ny\u00e1ra, amely term\u00e9szeti kincs, ez\u00e9rt felel\u0151sen kell gazd\u00e1lkodnunk vele, hogy meg\u0151rizz\u00fck a j\u00f6v\u0151 gener\u00e1ci\u00f3i sz\u00e1m\u00e1ra \u2013 jelentette ki Nagy Istv\u00e1n agr\u00e1rminiszter a 29. Fegyver, Horg\u00e1szat, Vad\u00e1szat Nemzetk\u00f6zi Ki\u00e1ll\u00edt\u00e1s (FeHoVa) megnyit\u00f3j\u00e1n, cs\u00fct\u00f6rt\u00f6k\u00f6n. A t\u00e1rcavezet\u0151 arra h\u00edvta fel a figyelmet, hogy t\u00e1jegys\u00e9geinknek jellegzetes arculat\u00e1hoz a vadfajok ugyan\u00fagy hozz\u00e1tartoznak, mint a hegyek, a s\u00edks\u00e1gok, a","og_url":"https:\/\/dorogimedence.hu\/index.php\/2023\/02\/09\/hazank-vadallomanya-nemzeti-ertek\/","og_site_name":"Dorogi-medence Region\u00e1lis H\u00edrport\u00e1l","article_publisher":"https:\/\/www.facebook.com\/dorogimedence\/","article_published_time":"2023-02-09T11:21:50+00:00","article_modified_time":"2023-02-09T11:29:23+00:00","og_image":[{"width":2560,"height":1707,"url":"https:\/\/dorogimedence.hu\/wp-content\/uploads\/2023\/02\/20230209_PEL_3271-scaled.jpg","type":"image\/jpeg"}],"author":"dorogimedence.hu","twitter_card":"summary_large_image","twitter_misc":{"Szerz\u0151:":"dorogimedence.hu","Becs\u00fclt olvas\u00e1si id\u0151":"3 perc"},"schema":{"@context":"https:\/\/schema.org","@graph":[{"@type":"Article","@id":"https:\/\/dorogimedence.hu\/index.php\/2023\/02\/09\/hazank-vadallomanya-nemzeti-ertek\/#article","isPartOf":{"@id":"https:\/\/dorogimedence.hu\/index.php\/2023\/02\/09\/hazank-vadallomanya-nemzeti-ertek\/"},"author":{"name":"dorogimedence.hu","@id":"https:\/\/dorogimedence.hu\/#\/schema\/person\/ce6091eeb7e95ecdc87890d6aa8e0fd4"},"headline":"Haz\u00e1nk vad\u00e1llom\u00e1nya nemzeti \u00e9rt\u00e9k","datePublished":"2023-02-09T11:21:50+00:00","dateModified":"2023-02-09T11:29:23+00:00","mainEntityOfPage":{"@id":"https:\/\/dorogimedence.hu\/index.php\/2023\/02\/09\/hazank-vadallomanya-nemzeti-ertek\/"},"wordCount":535,"publisher":{"@id":"https:\/\/dorogimedence.hu\/#organization"},"image":{"@id":"https:\/\/dorogimedence.hu\/index.php\/2023\/02\/09\/hazank-vadallomanya-nemzeti-ertek\/#primaryimage"},"thumbnailUrl":"https:\/\/dorogimedence.hu\/wp-content\/uploads\/2023\/02\/20230209_PEL_3271-scaled.jpg","keywords":["Agr\u00e1rminiszt\u00e9rium","belf\u00f6ld","FeHoVa"],"articleSection":["Belf\u00f6ld, Gazdas\u00e1g","H\u00edrek"],"inLanguage":"hu"},{"@type":"WebPage","@id":"https:\/\/dorogimedence.hu\/index.php\/2023\/02\/09\/hazank-vadallomanya-nemzeti-ertek\/","url":"https:\/\/dorogimedence.hu\/index.php\/2023\/02\/09\/hazank-vadallomanya-nemzeti-ertek\/","name":"Haz\u00e1nk vad\u00e1llom\u00e1nya nemzeti \u00e9rt\u00e9k","isPartOf":{"@id":"https:\/\/dorogimedence.hu\/#website"},"primaryImageOfPage":{"@id":"https:\/\/dorogimedence.hu\/index.php\/2023\/02\/09\/hazank-vadallomanya-nemzeti-ertek\/#primaryimage"},"image":{"@id":"https:\/\/dorogimedence.hu\/index.php\/2023\/02\/09\/hazank-vadallomanya-nemzeti-ertek\/#primaryimage"},"thumbnailUrl":"https:\/\/dorogimedence.hu\/wp-content\/uploads\/2023\/02\/20230209_PEL_3271-scaled.jpg","datePublished":"2023-02-09T11:21:50+00:00","dateModified":"2023-02-09T11:29:23+00:00","breadcrumb":{"@id":"https:\/\/dorogimedence.hu\/index.php\/2023\/02\/09\/hazank-vadallomanya-nemzeti-ertek\/#breadcrumb"},"inLanguage":"hu","potentialAction":[{"@type":"ReadAction","target":["https:\/\/dorogimedence.hu\/index.php\/2023\/02\/09\/hazank-vadallomanya-nemzeti-ertek\/"]}]},{"@type":"ImageObject","inLanguage":"hu","@id":"https:\/\/dorogimedence.hu\/index.php\/2023\/02\/09\/hazank-vadallomanya-nemzeti-ertek\/#primaryimage","url":"https:\/\/dorogimedence.hu\/wp-content\/uploads\/2023\/02\/20230209_PEL_3271-scaled.jpg","contentUrl":"https:\/\/dorogimedence.hu\/wp-content\/uploads\/2023\/02\/20230209_PEL_3271-scaled.jpg","width":2560,"height":1707},{"@type":"BreadcrumbList","@id":"https:\/\/dorogimedence.hu\/index.php\/2023\/02\/09\/hazank-vadallomanya-nemzeti-ertek\/#breadcrumb","itemListElement":[{"@type":"ListItem","position":1,"name":"Kezd\u0151lap","item":"https:\/\/dorogimedence.hu\/"},{"@type":"ListItem","position":2,"name":"Haz\u00e1nk vad\u00e1llom\u00e1nya nemzeti \u00e9rt\u00e9k"}]},{"@type":"WebSite","@id":"https:\/\/dorogimedence.hu\/#website","url":"https:\/\/dorogimedence.hu\/","name":"Dorogi-medence Region\u00e1lis H\u00edrport\u00e1l","description":"Dorog, Keszt\u00f6lc, Le\u00e1nyv\u00e1r, Piliscs\u00e9v, Tokod, Tokodalt\u00e1r\u00f3, Csolnok, Esztergom-kertv\u00e1ros: h\u00edrek, programok","publisher":{"@id":"https:\/\/dorogimedence.hu\/#organization"},"potentialAction":[{"@type":"SearchAction","target":{"@type":"EntryPoint","urlTemplate":"https:\/\/dorogimedence.hu\/?s={search_term_string}"},"query-input":{"@type":"PropertyValueSpecification","valueRequired":true,"valueName":"search_term_string"}}],"inLanguage":"hu"},{"@type":"Organization","@id":"https:\/\/dorogimedence.hu\/#organization","name":"Dorogi-medence Region\u00e1lis H\u00edrport\u00e1l","url":"https:\/\/dorogimedence.hu\/","logo":{"@type":"ImageObject","inLanguage":"hu","@id":"https:\/\/dorogimedence.hu\/#\/schema\/logo\/image\/","url":"https:\/\/dorogimedence.hu\/wp-content\/uploads\/2021\/04\/logo-feher-600.png","contentUrl":"https:\/\/dorogimedence.hu\/wp-content\/uploads\/2021\/04\/logo-feher-600.png","width":600,"height":100,"caption":"Dorogi-medence Region\u00e1lis H\u00edrport\u00e1l"},"image":{"@id":"https:\/\/dorogimedence.hu\/#\/schema\/logo\/image\/"},"sameAs":["https:\/\/www.facebook.com\/dorogimedence\/"]},{"@type":"Person","@id":"https:\/\/dorogimedence.hu\/#\/schema\/person\/ce6091eeb7e95ecdc87890d6aa8e0fd4","name":"dorogimedence.hu","image":{"@type":"ImageObject","inLanguage":"hu","@id":"\/\/www.gravatar.com\/avatar\/d8d45f8901aadff40a4af72c0b826f1d?s=96&#038;r=g&#038;d=mm","url":"\/\/www.gravatar.com\/avatar\/d8d45f8901aadff40a4af72c0b826f1d?s=96&#038;r=g&#038;d=mm","contentUrl":"\/\/www.gravatar.com\/avatar\/d8d45f8901aadff40a4af72c0b826f1d?s=96&#038;r=g&#038;d=mm","caption":"dorogimedence.hu"}}]}},"_links":{"self":[{"href":"https:\/\/dorogimedence.hu\/index.php\/wp-json\/wp\/v2\/posts\/50119","targetHints":{"allow":["GET"]}}],"collection":[{"href":"https:\/\/dorogimedence.hu\/index.php\/wp-json\/wp\/v2\/posts"}],"about":[{"href":"https:\/\/dorogimedence.hu\/index.php\/wp-json\/wp\/v2\/types\/post"}],"author":[{"embeddable":true,"href":"https:\/\/dorogimedence.hu\/index.php\/wp-json\/wp\/v2\/users\/1"}],"replies":[{"embeddable":true,"href":"https:\/\/dorogimedence.hu\/index.php\/wp-json\/wp\/v2\/comments?post=50119"}],"version-history":[{"count":0,"href":"https:\/\/dorogimedence.hu\/index.php\/wp-json\/wp\/v2\/posts\/50119\/revisions"}],"wp:featuredmedia":[{"embeddable":true,"href":"https:\/\/dorogimedence.hu\/index.php\/wp-json\/wp\/v2\/media\/50120"}],"wp:attachment":[{"href":"https:\/\/dorogimedence.hu\/index.php\/wp-json\/wp\/v2\/media?parent=50119"}],"wp:term":[{"taxonomy":"category","embeddable":true,"href":"https:\/\/dorogimedence.hu\/index.php\/wp-json\/wp\/v2\/categories?post=50119"},{"taxonomy":"post_tag","embeddable":true,"href":"https:\/\/dorogimedence.hu\/index.php\/wp-json\/wp\/v2\/tags?post=50119"}],"curies":[{"name":"wp","href":"https:\/\/api.w.org\/{rel}","templated":true}]}}