{"id":5011,"date":"2017-08-14T12:53:12","date_gmt":"2017-08-14T10:53:12","guid":{"rendered":"http:\/\/dorogimedence.hu\/?p=5011"},"modified":"2017-08-14T12:53:12","modified_gmt":"2017-08-14T10:53:12","slug":"gyore-lajos-masters-vilagbajnok","status":"publish","type":"post","link":"https:\/\/dorogimedence.hu\/index.php\/2017\/08\/14\/gyore-lajos-masters-vilagbajnok\/","title":{"rendered":"Gy\u00f6re Lajos Masters vil\u00e1gbajnok"},"content":{"rendered":"<p><strong>Gy\u00f6re Lajos, a dorogi \u00daj-Hull\u00e1m SE v\u00edzilabda vezet\u0151edz\u0151je arany\u00e9rmes lett a budapesti FINA Masters VB-n a 30 \u00e9v f\u00f6l\u00f6tti n\u0151i v\u00edzilabda csapattal.<\/strong><\/p>\n<p>Gy\u00f6re Lajost az egykori v\u00e1logatott j\u00e1t\u00e9kosok k\u00e9rt\u00e9k fel arra, hogy k\u00e9sz\u00edtse fel \u0151ket a vil\u00e1gbajnoks\u00e1gra. Az \u00daj-Hull\u00e1m SE sz\u00e1m\u00e1ra nagy \u00f6r\u00f6m, hogy \u0151k adhatt\u00e1k az edz\u0151t a kiv\u00e1l\u00f3 j\u00e1t\u00e9kosoknak. Ez\u00faton is gratul\u00e1lunk a csapatnak \u00e9s Gy\u00f6re Lajosnak is!<\/p>\n<p>Gy\u00f6re Lajos kor\u00e1bban j\u00e1t\u00e9kosk\u00e9nt magyar bajnok, KEK gy\u0151ztes, edz\u0151k\u00e9nt t\u00f6bbsz\u00f6r\u00f6s magyar bajnok, LEN- \u00e9s Szuperkupa gy\u0151ztes volt. Az Eur\u00f3pa-bajnok n\u0151i feln\u0151tt v\u00e1logatott edz\u0151jek\u00e9nt is ismerhett\u00fck, illetve ut\u00e1np\u00f3tl\u00e1s sz\u00f6vets\u00e9gi kapit\u00e1nyk\u00e9nt is dolgozott. Gy\u00f6re Lajos 2015-ben Mesteredz\u0151i c\u00edmet kapott a Magyar Edz\u0151k T\u00e1rsas\u00e1g\u00e1t\u00f3l, amely az edz\u0151i p\u00e1ly\u00e1n el\u00e9rhet\u0151 legnagyobb szakmai elismer\u00e9s. Mostani eredm\u00e9nye \u00fajabb sz\u00e9p bizony\u00edt\u00e9ka szakmai felk\u00e9sz\u00fclts\u00e9g\u00e9nek, tud\u00e1s\u00e1nak \u00e9s b\u00fcszkes\u00e9ge a dorogi v\u00edzilabdasportnak is.<\/p>\n<p><em>Fot\u00f3: Stieber Merci<br \/>\nForr\u00e1s: \u00daj-Hull\u00e1m SE<\/em><\/p>\n","protected":false},"excerpt":{"rendered":"<p>Gy\u00f6re Lajos, a dorogi \u00daj-Hull\u00e1m SE v\u00edzilabda vezet\u0151edz\u0151je arany\u00e9rmes lett a budapesti FINA Masters VB-n a 30 \u00e9v f\u00f6l\u00f6tti n\u0151i v\u00edzilabda csapattal. Gy\u00f6re Lajost az egykori v\u00e1logatott j\u00e1t\u00e9kosok k\u00e9rt\u00e9k fel arra, hogy k\u00e9sz\u00edtse fel \u0151ket a vil\u00e1gbajnoks\u00e1gra. Az \u00daj-Hull\u00e1m SE sz\u00e1m\u00e1ra nagy \u00f6r\u00f6m, hogy \u0151k adhatt\u00e1k az edz\u0151t a kiv\u00e1l\u00f3 j\u00e1t\u00e9kosoknak. Ez\u00faton is gratul\u00e1lunk a<\/p>\n","protected":false},"author":1,"featured_media":5012,"comment_status":"closed","ping_status":"closed","sticky":false,"template":"","format":"standard","meta":{"ngg_post_thumbnail":0,"footnotes":""},"categories":[2,3,5],"tags":[15,1394,1393,16,46,202],"class_list":{"0":"post-5011","1":"post","2":"type-post","3":"status-publish","4":"format-standard","5":"has-post-thumbnail","7":"category-dorog","8":"category-hirek","9":"category-sport","10":"tag-dorog","11":"tag-fina-masters-vb","12":"tag-gyore-lajos","13":"tag-sport","14":"tag-uj-hullam-se","15":"tag-vizilabda"},"yoast_head":"<!-- This site is optimized with the Yoast SEO plugin v27.5 - https:\/\/yoast.com\/product\/yoast-seo-wordpress\/ -->\n<title>Gy\u00f6re Lajos Masters vil\u00e1gbajnok<\/title>\n<meta name=\"robots\" content=\"index, follow, max-snippet:-1, max-image-preview:large, max-video-preview:-1\" \/>\n<link rel=\"canonical\" href=\"https:\/\/dorogimedence.hu\/index.php\/2017\/08\/14\/gyore-lajos-masters-vilagbajnok\/\" class=\"yoast-seo-meta-tag\" \/>\n<meta property=\"og:locale\" content=\"hu_HU\" class=\"yoast-seo-meta-tag\" \/>\n<meta property=\"og:type\" content=\"article\" class=\"yoast-seo-meta-tag\" \/>\n<meta property=\"og:title\" content=\"Gy\u00f6re Lajos Masters vil\u00e1gbajnok\" class=\"yoast-seo-meta-tag\" \/>\n<meta property=\"og:description\" content=\"Gy\u00f6re Lajos, a dorogi \u00daj-Hull\u00e1m SE v\u00edzilabda vezet\u0151edz\u0151je arany\u00e9rmes lett a budapesti FINA Masters VB-n a 30 \u00e9v f\u00f6l\u00f6tti n\u0151i v\u00edzilabda csapattal. Gy\u00f6re Lajost az egykori v\u00e1logatott j\u00e1t\u00e9kosok k\u00e9rt\u00e9k fel arra, hogy k\u00e9sz\u00edtse fel \u0151ket a vil\u00e1gbajnoks\u00e1gra. Az \u00daj-Hull\u00e1m SE sz\u00e1m\u00e1ra nagy \u00f6r\u00f6m, hogy \u0151k adhatt\u00e1k az edz\u0151t a kiv\u00e1l\u00f3 j\u00e1t\u00e9kosoknak. Ez\u00faton is gratul\u00e1lunk a\" class=\"yoast-seo-meta-tag\" \/>\n<meta property=\"og:url\" content=\"https:\/\/dorogimedence.hu\/index.php\/2017\/08\/14\/gyore-lajos-masters-vilagbajnok\/\" class=\"yoast-seo-meta-tag\" \/>\n<meta property=\"og:site_name\" content=\"Dorogi-medence Region\u00e1lis H\u00edrport\u00e1l\" class=\"yoast-seo-meta-tag\" \/>\n<meta property=\"article:publisher\" content=\"https:\/\/www.facebook.com\/dorogimedence\/\" class=\"yoast-seo-meta-tag\" \/>\n<meta property=\"article:published_time\" content=\"2017-08-14T10:53:12+00:00\" class=\"yoast-seo-meta-tag\" \/>\n<meta property=\"og:image\" content=\"https:\/\/i0.wp.com\/dorogimedence.hu\/wp-content\/uploads\/2017\/08\/gyore-lajos-masters.jpg?fit=670%2C365&ssl=1\" class=\"yoast-seo-meta-tag\" \/>\n\t<meta property=\"og:image:width\" content=\"670\" class=\"yoast-seo-meta-tag\" \/>\n\t<meta property=\"og:image:height\" content=\"365\" class=\"yoast-seo-meta-tag\" \/>\n\t<meta property=\"og:image:type\" content=\"image\/jpeg\" class=\"yoast-seo-meta-tag\" \/>\n<meta name=\"author\" content=\"dorogimedence.hu\" class=\"yoast-seo-meta-tag\" \/>\n<meta name=\"twitter:card\" content=\"summary_large_image\" class=\"yoast-seo-meta-tag\" \/>\n<meta name=\"twitter:label1\" content=\"Szerz\u0151:\" class=\"yoast-seo-meta-tag\" \/>\n\t<meta name=\"twitter:data1\" content=\"dorogimedence.hu\" class=\"yoast-seo-meta-tag\" \/>\n\t<meta name=\"twitter:label2\" content=\"Becs\u00fclt olvas\u00e1si id\u0151\" class=\"yoast-seo-meta-tag\" \/>\n\t<meta name=\"twitter:data2\" content=\"1 perc\" class=\"yoast-seo-meta-tag\" \/>\n<script type=\"application\/ld+json\" class=\"yoast-schema-graph\">{\"@context\":\"https:\\\/\\\/schema.org\",\"@graph\":[{\"@type\":\"Article\",\"@id\":\"https:\\\/\\\/dorogimedence.hu\\\/index.php\\\/2017\\\/08\\\/14\\\/gyore-lajos-masters-vilagbajnok\\\/#article\",\"isPartOf\":{\"@id\":\"https:\\\/\\\/dorogimedence.hu\\\/index.php\\\/2017\\\/08\\\/14\\\/gyore-lajos-masters-vilagbajnok\\\/\"},\"author\":{\"name\":\"dorogimedence.hu\",\"@id\":\"https:\\\/\\\/dorogimedence.hu\\\/#\\\/schema\\\/person\\\/ce6091eeb7e95ecdc87890d6aa8e0fd4\"},\"headline\":\"Gy\u00f6re Lajos Masters vil\u00e1gbajnok\",\"datePublished\":\"2017-08-14T10:53:12+00:00\",\"mainEntityOfPage\":{\"@id\":\"https:\\\/\\\/dorogimedence.hu\\\/index.php\\\/2017\\\/08\\\/14\\\/gyore-lajos-masters-vilagbajnok\\\/\"},\"wordCount\":220,\"publisher\":{\"@id\":\"https:\\\/\\\/dorogimedence.hu\\\/#organization\"},\"image\":{\"@id\":\"https:\\\/\\\/dorogimedence.hu\\\/index.php\\\/2017\\\/08\\\/14\\\/gyore-lajos-masters-vilagbajnok\\\/#primaryimage\"},\"thumbnailUrl\":\"https:\\\/\\\/dorogimedence.hu\\\/wp-content\\\/uploads\\\/2017\\\/08\\\/gyore-lajos-masters.jpg\",\"keywords\":[\"Dorog\",\"FINA Masters VB\",\"Gy\u00f6re Lajos\",\"sport\",\"\u00daj-Hull\u00e1m SE\",\"v\u00edzilabda\"],\"articleSection\":[\"Dorog\",\"H\u00edrek\",\"Sport\"],\"inLanguage\":\"hu\"},{\"@type\":\"WebPage\",\"@id\":\"https:\\\/\\\/dorogimedence.hu\\\/index.php\\\/2017\\\/08\\\/14\\\/gyore-lajos-masters-vilagbajnok\\\/\",\"url\":\"https:\\\/\\\/dorogimedence.hu\\\/index.php\\\/2017\\\/08\\\/14\\\/gyore-lajos-masters-vilagbajnok\\\/\",\"name\":\"Gy\u00f6re Lajos Masters vil\u00e1gbajnok\",\"isPartOf\":{\"@id\":\"https:\\\/\\\/dorogimedence.hu\\\/#website\"},\"primaryImageOfPage\":{\"@id\":\"https:\\\/\\\/dorogimedence.hu\\\/index.php\\\/2017\\\/08\\\/14\\\/gyore-lajos-masters-vilagbajnok\\\/#primaryimage\"},\"image\":{\"@id\":\"https:\\\/\\\/dorogimedence.hu\\\/index.php\\\/2017\\\/08\\\/14\\\/gyore-lajos-masters-vilagbajnok\\\/#primaryimage\"},\"thumbnailUrl\":\"https:\\\/\\\/dorogimedence.hu\\\/wp-content\\\/uploads\\\/2017\\\/08\\\/gyore-lajos-masters.jpg\",\"datePublished\":\"2017-08-14T10:53:12+00:00\",\"breadcrumb\":{\"@id\":\"https:\\\/\\\/dorogimedence.hu\\\/index.php\\\/2017\\\/08\\\/14\\\/gyore-lajos-masters-vilagbajnok\\\/#breadcrumb\"},\"inLanguage\":\"hu\",\"potentialAction\":[{\"@type\":\"ReadAction\",\"target\":[\"https:\\\/\\\/dorogimedence.hu\\\/index.php\\\/2017\\\/08\\\/14\\\/gyore-lajos-masters-vilagbajnok\\\/\"]}]},{\"@type\":\"ImageObject\",\"inLanguage\":\"hu\",\"@id\":\"https:\\\/\\\/dorogimedence.hu\\\/index.php\\\/2017\\\/08\\\/14\\\/gyore-lajos-masters-vilagbajnok\\\/#primaryimage\",\"url\":\"https:\\\/\\\/dorogimedence.hu\\\/wp-content\\\/uploads\\\/2017\\\/08\\\/gyore-lajos-masters.jpg\",\"contentUrl\":\"https:\\\/\\\/dorogimedence.hu\\\/wp-content\\\/uploads\\\/2017\\\/08\\\/gyore-lajos-masters.jpg\",\"width\":670,\"height\":365},{\"@type\":\"BreadcrumbList\",\"@id\":\"https:\\\/\\\/dorogimedence.hu\\\/index.php\\\/2017\\\/08\\\/14\\\/gyore-lajos-masters-vilagbajnok\\\/#breadcrumb\",\"itemListElement\":[{\"@type\":\"ListItem\",\"position\":1,\"name\":\"Kezd\u0151lap\",\"item\":\"https:\\\/\\\/dorogimedence.hu\\\/\"},{\"@type\":\"ListItem\",\"position\":2,\"name\":\"Gy\u00f6re Lajos Masters vil\u00e1gbajnok\"}]},{\"@type\":\"WebSite\",\"@id\":\"https:\\\/\\\/dorogimedence.hu\\\/#website\",\"url\":\"https:\\\/\\\/dorogimedence.hu\\\/\",\"name\":\"Dorogi-medence Region\u00e1lis H\u00edrport\u00e1l\",\"description\":\"Dorog, Keszt\u00f6lc, Le\u00e1nyv\u00e1r, Piliscs\u00e9v, Tokod, Tokodalt\u00e1r\u00f3, Csolnok, Esztergom-kertv\u00e1ros: h\u00edrek, programok\",\"publisher\":{\"@id\":\"https:\\\/\\\/dorogimedence.hu\\\/#organization\"},\"potentialAction\":[{\"@type\":\"SearchAction\",\"target\":{\"@type\":\"EntryPoint\",\"urlTemplate\":\"https:\\\/\\\/dorogimedence.hu\\\/?s={search_term_string}\"},\"query-input\":{\"@type\":\"PropertyValueSpecification\",\"valueRequired\":true,\"valueName\":\"search_term_string\"}}],\"inLanguage\":\"hu\"},{\"@type\":\"Organization\",\"@id\":\"https:\\\/\\\/dorogimedence.hu\\\/#organization\",\"name\":\"Dorogi-medence Region\u00e1lis H\u00edrport\u00e1l\",\"url\":\"https:\\\/\\\/dorogimedence.hu\\\/\",\"logo\":{\"@type\":\"ImageObject\",\"inLanguage\":\"hu\",\"@id\":\"https:\\\/\\\/dorogimedence.hu\\\/#\\\/schema\\\/logo\\\/image\\\/\",\"url\":\"https:\\\/\\\/dorogimedence.hu\\\/wp-content\\\/uploads\\\/2021\\\/04\\\/logo-feher-600.png\",\"contentUrl\":\"https:\\\/\\\/dorogimedence.hu\\\/wp-content\\\/uploads\\\/2021\\\/04\\\/logo-feher-600.png\",\"width\":600,\"height\":100,\"caption\":\"Dorogi-medence Region\u00e1lis H\u00edrport\u00e1l\"},\"image\":{\"@id\":\"https:\\\/\\\/dorogimedence.hu\\\/#\\\/schema\\\/logo\\\/image\\\/\"},\"sameAs\":[\"https:\\\/\\\/www.facebook.com\\\/dorogimedence\\\/\"]},{\"@type\":\"Person\",\"@id\":\"https:\\\/\\\/dorogimedence.hu\\\/#\\\/schema\\\/person\\\/ce6091eeb7e95ecdc87890d6aa8e0fd4\",\"name\":\"dorogimedence.hu\",\"image\":{\"@type\":\"ImageObject\",\"inLanguage\":\"hu\",\"@id\":\"\\\/\\\/www.gravatar.com\\\/avatar\\\/d8d45f8901aadff40a4af72c0b826f1d?s=96&#038;r=g&#038;d=mm\",\"url\":\"\\\/\\\/www.gravatar.com\\\/avatar\\\/d8d45f8901aadff40a4af72c0b826f1d?s=96&#038;r=g&#038;d=mm\",\"contentUrl\":\"\\\/\\\/www.gravatar.com\\\/avatar\\\/d8d45f8901aadff40a4af72c0b826f1d?s=96&#038;r=g&#038;d=mm\",\"caption\":\"dorogimedence.hu\"}}]}<\/script>\n<!-- \/ Yoast SEO plugin. -->","yoast_head_json":{"title":"Gy\u00f6re Lajos Masters vil\u00e1gbajnok","robots":{"index":"index","follow":"follow","max-snippet":"max-snippet:-1","max-image-preview":"max-image-preview:large","max-video-preview":"max-video-preview:-1"},"canonical":"https:\/\/dorogimedence.hu\/index.php\/2017\/08\/14\/gyore-lajos-masters-vilagbajnok\/","og_locale":"hu_HU","og_type":"article","og_title":"Gy\u00f6re Lajos Masters vil\u00e1gbajnok","og_description":"Gy\u00f6re Lajos, a dorogi \u00daj-Hull\u00e1m SE v\u00edzilabda vezet\u0151edz\u0151je arany\u00e9rmes lett a budapesti FINA Masters VB-n a 30 \u00e9v f\u00f6l\u00f6tti n\u0151i v\u00edzilabda csapattal. Gy\u00f6re Lajost az egykori v\u00e1logatott j\u00e1t\u00e9kosok k\u00e9rt\u00e9k fel arra, hogy k\u00e9sz\u00edtse fel \u0151ket a vil\u00e1gbajnoks\u00e1gra. Az \u00daj-Hull\u00e1m SE sz\u00e1m\u00e1ra nagy \u00f6r\u00f6m, hogy \u0151k adhatt\u00e1k az edz\u0151t a kiv\u00e1l\u00f3 j\u00e1t\u00e9kosoknak. Ez\u00faton is gratul\u00e1lunk a","og_url":"https:\/\/dorogimedence.hu\/index.php\/2017\/08\/14\/gyore-lajos-masters-vilagbajnok\/","og_site_name":"Dorogi-medence Region\u00e1lis H\u00edrport\u00e1l","article_publisher":"https:\/\/www.facebook.com\/dorogimedence\/","article_published_time":"2017-08-14T10:53:12+00:00","og_image":[{"width":670,"height":365,"url":"https:\/\/i0.wp.com\/dorogimedence.hu\/wp-content\/uploads\/2017\/08\/gyore-lajos-masters.jpg?fit=670%2C365&ssl=1","type":"image\/jpeg"}],"author":"dorogimedence.hu","twitter_card":"summary_large_image","twitter_misc":{"Szerz\u0151:":"dorogimedence.hu","Becs\u00fclt olvas\u00e1si id\u0151":"1 perc"},"schema":{"@context":"https:\/\/schema.org","@graph":[{"@type":"Article","@id":"https:\/\/dorogimedence.hu\/index.php\/2017\/08\/14\/gyore-lajos-masters-vilagbajnok\/#article","isPartOf":{"@id":"https:\/\/dorogimedence.hu\/index.php\/2017\/08\/14\/gyore-lajos-masters-vilagbajnok\/"},"author":{"name":"dorogimedence.hu","@id":"https:\/\/dorogimedence.hu\/#\/schema\/person\/ce6091eeb7e95ecdc87890d6aa8e0fd4"},"headline":"Gy\u00f6re Lajos Masters vil\u00e1gbajnok","datePublished":"2017-08-14T10:53:12+00:00","mainEntityOfPage":{"@id":"https:\/\/dorogimedence.hu\/index.php\/2017\/08\/14\/gyore-lajos-masters-vilagbajnok\/"},"wordCount":220,"publisher":{"@id":"https:\/\/dorogimedence.hu\/#organization"},"image":{"@id":"https:\/\/dorogimedence.hu\/index.php\/2017\/08\/14\/gyore-lajos-masters-vilagbajnok\/#primaryimage"},"thumbnailUrl":"https:\/\/dorogimedence.hu\/wp-content\/uploads\/2017\/08\/gyore-lajos-masters.jpg","keywords":["Dorog","FINA Masters VB","Gy\u00f6re Lajos","sport","\u00daj-Hull\u00e1m SE","v\u00edzilabda"],"articleSection":["Dorog","H\u00edrek","Sport"],"inLanguage":"hu"},{"@type":"WebPage","@id":"https:\/\/dorogimedence.hu\/index.php\/2017\/08\/14\/gyore-lajos-masters-vilagbajnok\/","url":"https:\/\/dorogimedence.hu\/index.php\/2017\/08\/14\/gyore-lajos-masters-vilagbajnok\/","name":"Gy\u00f6re Lajos Masters vil\u00e1gbajnok","isPartOf":{"@id":"https:\/\/dorogimedence.hu\/#website"},"primaryImageOfPage":{"@id":"https:\/\/dorogimedence.hu\/index.php\/2017\/08\/14\/gyore-lajos-masters-vilagbajnok\/#primaryimage"},"image":{"@id":"https:\/\/dorogimedence.hu\/index.php\/2017\/08\/14\/gyore-lajos-masters-vilagbajnok\/#primaryimage"},"thumbnailUrl":"https:\/\/dorogimedence.hu\/wp-content\/uploads\/2017\/08\/gyore-lajos-masters.jpg","datePublished":"2017-08-14T10:53:12+00:00","breadcrumb":{"@id":"https:\/\/dorogimedence.hu\/index.php\/2017\/08\/14\/gyore-lajos-masters-vilagbajnok\/#breadcrumb"},"inLanguage":"hu","potentialAction":[{"@type":"ReadAction","target":["https:\/\/dorogimedence.hu\/index.php\/2017\/08\/14\/gyore-lajos-masters-vilagbajnok\/"]}]},{"@type":"ImageObject","inLanguage":"hu","@id":"https:\/\/dorogimedence.hu\/index.php\/2017\/08\/14\/gyore-lajos-masters-vilagbajnok\/#primaryimage","url":"https:\/\/dorogimedence.hu\/wp-content\/uploads\/2017\/08\/gyore-lajos-masters.jpg","contentUrl":"https:\/\/dorogimedence.hu\/wp-content\/uploads\/2017\/08\/gyore-lajos-masters.jpg","width":670,"height":365},{"@type":"BreadcrumbList","@id":"https:\/\/dorogimedence.hu\/index.php\/2017\/08\/14\/gyore-lajos-masters-vilagbajnok\/#breadcrumb","itemListElement":[{"@type":"ListItem","position":1,"name":"Kezd\u0151lap","item":"https:\/\/dorogimedence.hu\/"},{"@type":"ListItem","position":2,"name":"Gy\u00f6re Lajos Masters vil\u00e1gbajnok"}]},{"@type":"WebSite","@id":"https:\/\/dorogimedence.hu\/#website","url":"https:\/\/dorogimedence.hu\/","name":"Dorogi-medence Region\u00e1lis H\u00edrport\u00e1l","description":"Dorog, Keszt\u00f6lc, Le\u00e1nyv\u00e1r, Piliscs\u00e9v, Tokod, Tokodalt\u00e1r\u00f3, Csolnok, Esztergom-kertv\u00e1ros: h\u00edrek, programok","publisher":{"@id":"https:\/\/dorogimedence.hu\/#organization"},"potentialAction":[{"@type":"SearchAction","target":{"@type":"EntryPoint","urlTemplate":"https:\/\/dorogimedence.hu\/?s={search_term_string}"},"query-input":{"@type":"PropertyValueSpecification","valueRequired":true,"valueName":"search_term_string"}}],"inLanguage":"hu"},{"@type":"Organization","@id":"https:\/\/dorogimedence.hu\/#organization","name":"Dorogi-medence Region\u00e1lis H\u00edrport\u00e1l","url":"https:\/\/dorogimedence.hu\/","logo":{"@type":"ImageObject","inLanguage":"hu","@id":"https:\/\/dorogimedence.hu\/#\/schema\/logo\/image\/","url":"https:\/\/dorogimedence.hu\/wp-content\/uploads\/2021\/04\/logo-feher-600.png","contentUrl":"https:\/\/dorogimedence.hu\/wp-content\/uploads\/2021\/04\/logo-feher-600.png","width":600,"height":100,"caption":"Dorogi-medence Region\u00e1lis H\u00edrport\u00e1l"},"image":{"@id":"https:\/\/dorogimedence.hu\/#\/schema\/logo\/image\/"},"sameAs":["https:\/\/www.facebook.com\/dorogimedence\/"]},{"@type":"Person","@id":"https:\/\/dorogimedence.hu\/#\/schema\/person\/ce6091eeb7e95ecdc87890d6aa8e0fd4","name":"dorogimedence.hu","image":{"@type":"ImageObject","inLanguage":"hu","@id":"\/\/www.gravatar.com\/avatar\/d8d45f8901aadff40a4af72c0b826f1d?s=96&#038;r=g&#038;d=mm","url":"\/\/www.gravatar.com\/avatar\/d8d45f8901aadff40a4af72c0b826f1d?s=96&#038;r=g&#038;d=mm","contentUrl":"\/\/www.gravatar.com\/avatar\/d8d45f8901aadff40a4af72c0b826f1d?s=96&#038;r=g&#038;d=mm","caption":"dorogimedence.hu"}}]}},"_links":{"self":[{"href":"https:\/\/dorogimedence.hu\/index.php\/wp-json\/wp\/v2\/posts\/5011","targetHints":{"allow":["GET"]}}],"collection":[{"href":"https:\/\/dorogimedence.hu\/index.php\/wp-json\/wp\/v2\/posts"}],"about":[{"href":"https:\/\/dorogimedence.hu\/index.php\/wp-json\/wp\/v2\/types\/post"}],"author":[{"embeddable":true,"href":"https:\/\/dorogimedence.hu\/index.php\/wp-json\/wp\/v2\/users\/1"}],"replies":[{"embeddable":true,"href":"https:\/\/dorogimedence.hu\/index.php\/wp-json\/wp\/v2\/comments?post=5011"}],"version-history":[{"count":0,"href":"https:\/\/dorogimedence.hu\/index.php\/wp-json\/wp\/v2\/posts\/5011\/revisions"}],"wp:featuredmedia":[{"embeddable":true,"href":"https:\/\/dorogimedence.hu\/index.php\/wp-json\/wp\/v2\/media\/5012"}],"wp:attachment":[{"href":"https:\/\/dorogimedence.hu\/index.php\/wp-json\/wp\/v2\/media?parent=5011"}],"wp:term":[{"taxonomy":"category","embeddable":true,"href":"https:\/\/dorogimedence.hu\/index.php\/wp-json\/wp\/v2\/categories?post=5011"},{"taxonomy":"post_tag","embeddable":true,"href":"https:\/\/dorogimedence.hu\/index.php\/wp-json\/wp\/v2\/tags?post=5011"}],"curies":[{"name":"wp","href":"https:\/\/api.w.org\/{rel}","templated":true}]}}