{"id":50082,"date":"2023-02-07T12:26:54","date_gmt":"2023-02-07T11:26:54","guid":{"rendered":"https:\/\/dorogimedence.hu\/?p=50082"},"modified":"2023-02-07T12:27:16","modified_gmt":"2023-02-07T11:27:16","slug":"kozlekedesi-baleset-miatt-verekedtek-ossze","status":"publish","type":"post","link":"https:\/\/dorogimedence.hu\/index.php\/2023\/02\/07\/kozlekedesi-baleset-miatt-verekedtek-ossze\/","title":{"rendered":"K\u00f6zleked\u00e9si baleset miatt verekedtek \u00f6ssze"},"content":{"rendered":"<p><strong>P\u00e9nzb\u00fcntet\u00e9sre \u00edt\u00e9lt\u00e9k azt a k\u00e9t f\u00e9rfit, akik k\u00f6zleked\u00e9si vit\u00e1jukat vereked\u00e9ssel z\u00e1rt\u00e1k Esztergom-Kertv\u00e1rosban.<\/strong><\/p>\n<p>Az elk\u00f6vet\u0151k 2022. december 9-\u00e9n Esztergom-Kertv\u00e1rosban egy k\u00f6zleked\u00e9si baleset miatt vit\u00e1ztak egym\u00e1sal. Ezut\u00e1n az egyik f\u00e9rfi megfogta a m\u00e1sik f\u00e9rfi ruh\u00e1j\u00e1nak gall\u00e9rj\u00e1t, amire a megfogott f\u00e9rfi azt mondta neki, \u201egyere, \u00fcss\u00e9l meg.\u201d Erre nem ker\u00fclt sor, azonban a megfogott f\u00e9rfi megragadta a m\u00e1sik kab\u00e1tj\u00e1t \u00e9s ann\u00e1l fogva \u00e1tl\u00f6kte \u0151t a mellett\u00fck l\u00e9v\u0151 \u00e1rok t\u00faloldal\u00e1ra, majd \u0151 is \u00e1tl\u00e9pett az \u00e1rkon.<\/p>\n<p>A m\u00e1sik f\u00e9rfi hozz\u00e1 l\u00e9pett, meg\u00fct\u00f6tte, emiatt a meg\u00fct\u00f6tt f\u00e9rfi f\u00f6ldre esett. Ezut\u00e1n ez a f\u00e9rfi fel\u00e1llt, \u0151 l\u00e9pett a m\u00e1sikhoz k\u00f6zel, \u0151t elg\u00e1ncsolta, majd az \u00edgy f\u00f6ldre ker\u00fclt ellenfel\u00e9t \u00f6k\u00f6llel t\u00f6bbsz\u00f6r meg\u00fct\u00f6tte. V\u00e9g\u00fcl a f\u00f6ld\u00f6n l\u00e9v\u0151 f\u00e9rfit egyszer fejbe r\u00fagta.<\/p>\n<p>A fejbe r\u00fagott f\u00e9rfinak 8 napon bel\u00fcl gy\u00f3gyul\u00f3 s\u00e9r\u00fcl\u00e9sei keletkeztek, emiatt nem k\u00e9rte a s\u00e9r\u00fcl\u00e9st okoz\u00f3 f\u00e9rfi megb\u00fcntet\u00e9s\u00e9t.<\/p>\n<p>A gar\u00e1zdas\u00e1g v\u00e9ts\u00e9ge miatt indult \u00fcgyben az Esztergomi J\u00e1r\u00e1si \u00dcgy\u00e9szs\u00e9g ind\u00edtv\u00e1nya alapj\u00e1n az Esztergomi J\u00e1r\u00e1sb\u00edr\u00f3s\u00e1g mindk\u00e9t f\u00e9rfit egyar\u00e1nt 240.000 forint p\u00e9nzb\u00fcntet\u00e9sre \u00edt\u00e9lte. Az els\u0151fok\u00fa \u00edt\u00e9letet az \u00fcgy\u00e9sz tudom\u00e1sul vette. Az egyik f\u00e9rfi vonatkoz\u00e1s\u00e1ban az \u00edt\u00e9let joger\u0151ss\u00e9 v\u00e1lt, mert azt az elk\u00f6vet\u0151 \u00e9s v\u00e9d\u0151je is tudom\u00e1sul vette, a m\u00e1sik f\u00e9rfi \u00e9s v\u00e9d\u0151je a jogorvoslati nyilatkozat megt\u00e9tel\u00e9re h\u00e1rom munkanapot tartott fenn.<\/p>\n<p>A cselekm\u00e9nyr\u0151l k\u00e9sz\u00fclt vide\u00f3 <a href=\"http:\/\/ugyeszseg.hu\/kozlekedesi-baleset-utan-verekedtek-videoval-a-komarom-esztergom-varmegye-sajtokozlemenye\/\" target=\"_blank\" rel=\"noopener\"><span style=\"text-decoration: underline; color: #0000ff;\">ide kattintva<\/span><\/a> tekinthet\u0151 meg!<\/p>\n<p><em>Bor\u00edt\u00f3k\u00e9p, forr\u00e1s: Kom\u00e1rom-Esztergom V\u00e1rmegyei F\u0151\u00fcgy\u00e9szs\u00e9g<\/em><\/p>\n","protected":false},"excerpt":{"rendered":"<p>P\u00e9nzb\u00fcntet\u00e9sre \u00edt\u00e9lt\u00e9k azt a k\u00e9t f\u00e9rfit, akik k\u00f6zleked\u00e9si vit\u00e1jukat vereked\u00e9ssel z\u00e1rt\u00e1k Esztergom-Kertv\u00e1rosban. Az elk\u00f6vet\u0151k 2022. december 9-\u00e9n Esztergom-Kertv\u00e1rosban egy k\u00f6zleked\u00e9si baleset miatt vit\u00e1ztak egym\u00e1sal. Ezut\u00e1n az egyik f\u00e9rfi megfogta a m\u00e1sik f\u00e9rfi ruh\u00e1j\u00e1nak gall\u00e9rj\u00e1t, amire a megfogott f\u00e9rfi azt mondta neki, \u201egyere, \u00fcss\u00e9l meg.\u201d Erre nem ker\u00fclt sor, azonban a megfogott f\u00e9rfi megragadta a m\u00e1sik<\/p>\n","protected":false},"author":1,"featured_media":50083,"comment_status":"closed","ping_status":"closed","sticky":false,"template":"","format":"standard","meta":{"ngg_post_thumbnail":0,"footnotes":""},"categories":[38,7,3,39],"tags":[1042,42,169,61,326,1423],"class_list":{"0":"post-50082","1":"post","2":"type-post","3":"status-publish","4":"format-standard","5":"has-post-thumbnail","7":"category-esztergom","8":"category-esztergom_kertvaros","9":"category-hirek","10":"category-kek-hirek","11":"tag-birosag","12":"tag-esztergom","13":"tag-esztergom-kertvaros","14":"tag-rendorsegi-hirek","15":"tag-ugyeszseg","16":"tag-verekedes"},"yoast_head":"<!-- This site is optimized with the Yoast SEO plugin v27.5 - https:\/\/yoast.com\/product\/yoast-seo-wordpress\/ -->\n<title>K\u00f6zleked\u00e9si baleset miatt verekedtek \u00f6ssze<\/title>\n<meta name=\"robots\" content=\"index, follow, max-snippet:-1, max-image-preview:large, max-video-preview:-1\" \/>\n<link rel=\"canonical\" href=\"https:\/\/dorogimedence.hu\/index.php\/2023\/02\/07\/kozlekedesi-baleset-miatt-verekedtek-ossze\/\" class=\"yoast-seo-meta-tag\" \/>\n<meta property=\"og:locale\" content=\"hu_HU\" class=\"yoast-seo-meta-tag\" \/>\n<meta property=\"og:type\" content=\"article\" class=\"yoast-seo-meta-tag\" \/>\n<meta property=\"og:title\" content=\"K\u00f6zleked\u00e9si baleset miatt verekedtek \u00f6ssze\" class=\"yoast-seo-meta-tag\" \/>\n<meta property=\"og:description\" content=\"P\u00e9nzb\u00fcntet\u00e9sre \u00edt\u00e9lt\u00e9k azt a k\u00e9t f\u00e9rfit, akik k\u00f6zleked\u00e9si vit\u00e1jukat vereked\u00e9ssel z\u00e1rt\u00e1k Esztergom-Kertv\u00e1rosban. Az elk\u00f6vet\u0151k 2022. december 9-\u00e9n Esztergom-Kertv\u00e1rosban egy k\u00f6zleked\u00e9si baleset miatt vit\u00e1ztak egym\u00e1sal. Ezut\u00e1n az egyik f\u00e9rfi megfogta a m\u00e1sik f\u00e9rfi ruh\u00e1j\u00e1nak gall\u00e9rj\u00e1t, amire a megfogott f\u00e9rfi azt mondta neki, \u201egyere, \u00fcss\u00e9l meg.\u201d Erre nem ker\u00fclt sor, azonban a megfogott f\u00e9rfi megragadta a m\u00e1sik\" class=\"yoast-seo-meta-tag\" \/>\n<meta property=\"og:url\" content=\"https:\/\/dorogimedence.hu\/index.php\/2023\/02\/07\/kozlekedesi-baleset-miatt-verekedtek-ossze\/\" class=\"yoast-seo-meta-tag\" \/>\n<meta property=\"og:site_name\" content=\"Dorogi-medence Region\u00e1lis H\u00edrport\u00e1l\" class=\"yoast-seo-meta-tag\" \/>\n<meta property=\"article:publisher\" content=\"https:\/\/www.facebook.com\/dorogimedence\/\" class=\"yoast-seo-meta-tag\" \/>\n<meta property=\"article:published_time\" content=\"2023-02-07T11:26:54+00:00\" class=\"yoast-seo-meta-tag\" \/>\n<meta property=\"article:modified_time\" content=\"2023-02-07T11:27:16+00:00\" class=\"yoast-seo-meta-tag\" \/>\n<meta property=\"og:image\" content=\"https:\/\/dorogimedence.hu\/wp-content\/uploads\/2023\/02\/verekedes-esztergom.jpg\" class=\"yoast-seo-meta-tag\" \/>\n\t<meta property=\"og:image:width\" content=\"1920\" class=\"yoast-seo-meta-tag\" \/>\n\t<meta property=\"og:image:height\" content=\"1080\" class=\"yoast-seo-meta-tag\" \/>\n\t<meta property=\"og:image:type\" content=\"image\/jpeg\" class=\"yoast-seo-meta-tag\" \/>\n<meta name=\"author\" content=\"dorogimedence.hu\" class=\"yoast-seo-meta-tag\" \/>\n<meta name=\"twitter:card\" content=\"summary_large_image\" class=\"yoast-seo-meta-tag\" \/>\n<meta name=\"twitter:label1\" content=\"Szerz\u0151:\" class=\"yoast-seo-meta-tag\" \/>\n\t<meta name=\"twitter:data1\" content=\"dorogimedence.hu\" class=\"yoast-seo-meta-tag\" \/>\n\t<meta name=\"twitter:label2\" content=\"Becs\u00fclt olvas\u00e1si id\u0151\" class=\"yoast-seo-meta-tag\" \/>\n\t<meta name=\"twitter:data2\" content=\"2 perc\" class=\"yoast-seo-meta-tag\" \/>\n<script type=\"application\/ld+json\" class=\"yoast-schema-graph\">{\"@context\":\"https:\\\/\\\/schema.org\",\"@graph\":[{\"@type\":\"Article\",\"@id\":\"https:\\\/\\\/dorogimedence.hu\\\/index.php\\\/2023\\\/02\\\/07\\\/kozlekedesi-baleset-miatt-verekedtek-ossze\\\/#article\",\"isPartOf\":{\"@id\":\"https:\\\/\\\/dorogimedence.hu\\\/index.php\\\/2023\\\/02\\\/07\\\/kozlekedesi-baleset-miatt-verekedtek-ossze\\\/\"},\"author\":{\"name\":\"dorogimedence.hu\",\"@id\":\"https:\\\/\\\/dorogimedence.hu\\\/#\\\/schema\\\/person\\\/ce6091eeb7e95ecdc87890d6aa8e0fd4\"},\"headline\":\"K\u00f6zleked\u00e9si baleset miatt verekedtek \u00f6ssze\",\"datePublished\":\"2023-02-07T11:26:54+00:00\",\"dateModified\":\"2023-02-07T11:27:16+00:00\",\"mainEntityOfPage\":{\"@id\":\"https:\\\/\\\/dorogimedence.hu\\\/index.php\\\/2023\\\/02\\\/07\\\/kozlekedesi-baleset-miatt-verekedtek-ossze\\\/\"},\"wordCount\":352,\"publisher\":{\"@id\":\"https:\\\/\\\/dorogimedence.hu\\\/#organization\"},\"image\":{\"@id\":\"https:\\\/\\\/dorogimedence.hu\\\/index.php\\\/2023\\\/02\\\/07\\\/kozlekedesi-baleset-miatt-verekedtek-ossze\\\/#primaryimage\"},\"thumbnailUrl\":\"https:\\\/\\\/dorogimedence.hu\\\/wp-content\\\/uploads\\\/2023\\\/02\\\/verekedes-esztergom.jpg\",\"keywords\":[\"b\u00edr\u00f3s\u00e1g\",\"esztergom\",\"Esztergom-kertv\u00e1ros\",\"rend\u0151rs\u00e9gi h\u00edrek\",\"\u00fcgy\u00e9szs\u00e9g\",\"vereked\u00e9s\"],\"articleSection\":[\"Esztergom\",\"Esztergom-kertv\u00e1ros\",\"H\u00edrek\",\"K\u00e9k h\u00edrek\"],\"inLanguage\":\"hu\"},{\"@type\":\"WebPage\",\"@id\":\"https:\\\/\\\/dorogimedence.hu\\\/index.php\\\/2023\\\/02\\\/07\\\/kozlekedesi-baleset-miatt-verekedtek-ossze\\\/\",\"url\":\"https:\\\/\\\/dorogimedence.hu\\\/index.php\\\/2023\\\/02\\\/07\\\/kozlekedesi-baleset-miatt-verekedtek-ossze\\\/\",\"name\":\"K\u00f6zleked\u00e9si baleset miatt verekedtek \u00f6ssze\",\"isPartOf\":{\"@id\":\"https:\\\/\\\/dorogimedence.hu\\\/#website\"},\"primaryImageOfPage\":{\"@id\":\"https:\\\/\\\/dorogimedence.hu\\\/index.php\\\/2023\\\/02\\\/07\\\/kozlekedesi-baleset-miatt-verekedtek-ossze\\\/#primaryimage\"},\"image\":{\"@id\":\"https:\\\/\\\/dorogimedence.hu\\\/index.php\\\/2023\\\/02\\\/07\\\/kozlekedesi-baleset-miatt-verekedtek-ossze\\\/#primaryimage\"},\"thumbnailUrl\":\"https:\\\/\\\/dorogimedence.hu\\\/wp-content\\\/uploads\\\/2023\\\/02\\\/verekedes-esztergom.jpg\",\"datePublished\":\"2023-02-07T11:26:54+00:00\",\"dateModified\":\"2023-02-07T11:27:16+00:00\",\"breadcrumb\":{\"@id\":\"https:\\\/\\\/dorogimedence.hu\\\/index.php\\\/2023\\\/02\\\/07\\\/kozlekedesi-baleset-miatt-verekedtek-ossze\\\/#breadcrumb\"},\"inLanguage\":\"hu\",\"potentialAction\":[{\"@type\":\"ReadAction\",\"target\":[\"https:\\\/\\\/dorogimedence.hu\\\/index.php\\\/2023\\\/02\\\/07\\\/kozlekedesi-baleset-miatt-verekedtek-ossze\\\/\"]}]},{\"@type\":\"ImageObject\",\"inLanguage\":\"hu\",\"@id\":\"https:\\\/\\\/dorogimedence.hu\\\/index.php\\\/2023\\\/02\\\/07\\\/kozlekedesi-baleset-miatt-verekedtek-ossze\\\/#primaryimage\",\"url\":\"https:\\\/\\\/dorogimedence.hu\\\/wp-content\\\/uploads\\\/2023\\\/02\\\/verekedes-esztergom.jpg\",\"contentUrl\":\"https:\\\/\\\/dorogimedence.hu\\\/wp-content\\\/uploads\\\/2023\\\/02\\\/verekedes-esztergom.jpg\",\"width\":1920,\"height\":1080},{\"@type\":\"BreadcrumbList\",\"@id\":\"https:\\\/\\\/dorogimedence.hu\\\/index.php\\\/2023\\\/02\\\/07\\\/kozlekedesi-baleset-miatt-verekedtek-ossze\\\/#breadcrumb\",\"itemListElement\":[{\"@type\":\"ListItem\",\"position\":1,\"name\":\"Kezd\u0151lap\",\"item\":\"https:\\\/\\\/dorogimedence.hu\\\/\"},{\"@type\":\"ListItem\",\"position\":2,\"name\":\"K\u00f6zleked\u00e9si baleset miatt verekedtek \u00f6ssze\"}]},{\"@type\":\"WebSite\",\"@id\":\"https:\\\/\\\/dorogimedence.hu\\\/#website\",\"url\":\"https:\\\/\\\/dorogimedence.hu\\\/\",\"name\":\"Dorogi-medence Region\u00e1lis H\u00edrport\u00e1l\",\"description\":\"Dorog, Keszt\u00f6lc, Le\u00e1nyv\u00e1r, Piliscs\u00e9v, Tokod, Tokodalt\u00e1r\u00f3, Csolnok, Esztergom-kertv\u00e1ros: h\u00edrek, programok\",\"publisher\":{\"@id\":\"https:\\\/\\\/dorogimedence.hu\\\/#organization\"},\"potentialAction\":[{\"@type\":\"SearchAction\",\"target\":{\"@type\":\"EntryPoint\",\"urlTemplate\":\"https:\\\/\\\/dorogimedence.hu\\\/?s={search_term_string}\"},\"query-input\":{\"@type\":\"PropertyValueSpecification\",\"valueRequired\":true,\"valueName\":\"search_term_string\"}}],\"inLanguage\":\"hu\"},{\"@type\":\"Organization\",\"@id\":\"https:\\\/\\\/dorogimedence.hu\\\/#organization\",\"name\":\"Dorogi-medence Region\u00e1lis H\u00edrport\u00e1l\",\"url\":\"https:\\\/\\\/dorogimedence.hu\\\/\",\"logo\":{\"@type\":\"ImageObject\",\"inLanguage\":\"hu\",\"@id\":\"https:\\\/\\\/dorogimedence.hu\\\/#\\\/schema\\\/logo\\\/image\\\/\",\"url\":\"https:\\\/\\\/dorogimedence.hu\\\/wp-content\\\/uploads\\\/2021\\\/04\\\/logo-feher-600.png\",\"contentUrl\":\"https:\\\/\\\/dorogimedence.hu\\\/wp-content\\\/uploads\\\/2021\\\/04\\\/logo-feher-600.png\",\"width\":600,\"height\":100,\"caption\":\"Dorogi-medence Region\u00e1lis H\u00edrport\u00e1l\"},\"image\":{\"@id\":\"https:\\\/\\\/dorogimedence.hu\\\/#\\\/schema\\\/logo\\\/image\\\/\"},\"sameAs\":[\"https:\\\/\\\/www.facebook.com\\\/dorogimedence\\\/\"]},{\"@type\":\"Person\",\"@id\":\"https:\\\/\\\/dorogimedence.hu\\\/#\\\/schema\\\/person\\\/ce6091eeb7e95ecdc87890d6aa8e0fd4\",\"name\":\"dorogimedence.hu\",\"image\":{\"@type\":\"ImageObject\",\"inLanguage\":\"hu\",\"@id\":\"\\\/\\\/www.gravatar.com\\\/avatar\\\/d8d45f8901aadff40a4af72c0b826f1d?s=96&#038;r=g&#038;d=mm\",\"url\":\"\\\/\\\/www.gravatar.com\\\/avatar\\\/d8d45f8901aadff40a4af72c0b826f1d?s=96&#038;r=g&#038;d=mm\",\"contentUrl\":\"\\\/\\\/www.gravatar.com\\\/avatar\\\/d8d45f8901aadff40a4af72c0b826f1d?s=96&#038;r=g&#038;d=mm\",\"caption\":\"dorogimedence.hu\"}}]}<\/script>\n<!-- \/ Yoast SEO plugin. -->","yoast_head_json":{"title":"K\u00f6zleked\u00e9si baleset miatt verekedtek \u00f6ssze","robots":{"index":"index","follow":"follow","max-snippet":"max-snippet:-1","max-image-preview":"max-image-preview:large","max-video-preview":"max-video-preview:-1"},"canonical":"https:\/\/dorogimedence.hu\/index.php\/2023\/02\/07\/kozlekedesi-baleset-miatt-verekedtek-ossze\/","og_locale":"hu_HU","og_type":"article","og_title":"K\u00f6zleked\u00e9si baleset miatt verekedtek \u00f6ssze","og_description":"P\u00e9nzb\u00fcntet\u00e9sre \u00edt\u00e9lt\u00e9k azt a k\u00e9t f\u00e9rfit, akik k\u00f6zleked\u00e9si vit\u00e1jukat vereked\u00e9ssel z\u00e1rt\u00e1k Esztergom-Kertv\u00e1rosban. Az elk\u00f6vet\u0151k 2022. december 9-\u00e9n Esztergom-Kertv\u00e1rosban egy k\u00f6zleked\u00e9si baleset miatt vit\u00e1ztak egym\u00e1sal. Ezut\u00e1n az egyik f\u00e9rfi megfogta a m\u00e1sik f\u00e9rfi ruh\u00e1j\u00e1nak gall\u00e9rj\u00e1t, amire a megfogott f\u00e9rfi azt mondta neki, \u201egyere, \u00fcss\u00e9l meg.\u201d Erre nem ker\u00fclt sor, azonban a megfogott f\u00e9rfi megragadta a m\u00e1sik","og_url":"https:\/\/dorogimedence.hu\/index.php\/2023\/02\/07\/kozlekedesi-baleset-miatt-verekedtek-ossze\/","og_site_name":"Dorogi-medence Region\u00e1lis H\u00edrport\u00e1l","article_publisher":"https:\/\/www.facebook.com\/dorogimedence\/","article_published_time":"2023-02-07T11:26:54+00:00","article_modified_time":"2023-02-07T11:27:16+00:00","og_image":[{"width":1920,"height":1080,"url":"https:\/\/dorogimedence.hu\/wp-content\/uploads\/2023\/02\/verekedes-esztergom.jpg","type":"image\/jpeg"}],"author":"dorogimedence.hu","twitter_card":"summary_large_image","twitter_misc":{"Szerz\u0151:":"dorogimedence.hu","Becs\u00fclt olvas\u00e1si id\u0151":"2 perc"},"schema":{"@context":"https:\/\/schema.org","@graph":[{"@type":"Article","@id":"https:\/\/dorogimedence.hu\/index.php\/2023\/02\/07\/kozlekedesi-baleset-miatt-verekedtek-ossze\/#article","isPartOf":{"@id":"https:\/\/dorogimedence.hu\/index.php\/2023\/02\/07\/kozlekedesi-baleset-miatt-verekedtek-ossze\/"},"author":{"name":"dorogimedence.hu","@id":"https:\/\/dorogimedence.hu\/#\/schema\/person\/ce6091eeb7e95ecdc87890d6aa8e0fd4"},"headline":"K\u00f6zleked\u00e9si baleset miatt verekedtek \u00f6ssze","datePublished":"2023-02-07T11:26:54+00:00","dateModified":"2023-02-07T11:27:16+00:00","mainEntityOfPage":{"@id":"https:\/\/dorogimedence.hu\/index.php\/2023\/02\/07\/kozlekedesi-baleset-miatt-verekedtek-ossze\/"},"wordCount":352,"publisher":{"@id":"https:\/\/dorogimedence.hu\/#organization"},"image":{"@id":"https:\/\/dorogimedence.hu\/index.php\/2023\/02\/07\/kozlekedesi-baleset-miatt-verekedtek-ossze\/#primaryimage"},"thumbnailUrl":"https:\/\/dorogimedence.hu\/wp-content\/uploads\/2023\/02\/verekedes-esztergom.jpg","keywords":["b\u00edr\u00f3s\u00e1g","esztergom","Esztergom-kertv\u00e1ros","rend\u0151rs\u00e9gi h\u00edrek","\u00fcgy\u00e9szs\u00e9g","vereked\u00e9s"],"articleSection":["Esztergom","Esztergom-kertv\u00e1ros","H\u00edrek","K\u00e9k h\u00edrek"],"inLanguage":"hu"},{"@type":"WebPage","@id":"https:\/\/dorogimedence.hu\/index.php\/2023\/02\/07\/kozlekedesi-baleset-miatt-verekedtek-ossze\/","url":"https:\/\/dorogimedence.hu\/index.php\/2023\/02\/07\/kozlekedesi-baleset-miatt-verekedtek-ossze\/","name":"K\u00f6zleked\u00e9si baleset miatt verekedtek \u00f6ssze","isPartOf":{"@id":"https:\/\/dorogimedence.hu\/#website"},"primaryImageOfPage":{"@id":"https:\/\/dorogimedence.hu\/index.php\/2023\/02\/07\/kozlekedesi-baleset-miatt-verekedtek-ossze\/#primaryimage"},"image":{"@id":"https:\/\/dorogimedence.hu\/index.php\/2023\/02\/07\/kozlekedesi-baleset-miatt-verekedtek-ossze\/#primaryimage"},"thumbnailUrl":"https:\/\/dorogimedence.hu\/wp-content\/uploads\/2023\/02\/verekedes-esztergom.jpg","datePublished":"2023-02-07T11:26:54+00:00","dateModified":"2023-02-07T11:27:16+00:00","breadcrumb":{"@id":"https:\/\/dorogimedence.hu\/index.php\/2023\/02\/07\/kozlekedesi-baleset-miatt-verekedtek-ossze\/#breadcrumb"},"inLanguage":"hu","potentialAction":[{"@type":"ReadAction","target":["https:\/\/dorogimedence.hu\/index.php\/2023\/02\/07\/kozlekedesi-baleset-miatt-verekedtek-ossze\/"]}]},{"@type":"ImageObject","inLanguage":"hu","@id":"https:\/\/dorogimedence.hu\/index.php\/2023\/02\/07\/kozlekedesi-baleset-miatt-verekedtek-ossze\/#primaryimage","url":"https:\/\/dorogimedence.hu\/wp-content\/uploads\/2023\/02\/verekedes-esztergom.jpg","contentUrl":"https:\/\/dorogimedence.hu\/wp-content\/uploads\/2023\/02\/verekedes-esztergom.jpg","width":1920,"height":1080},{"@type":"BreadcrumbList","@id":"https:\/\/dorogimedence.hu\/index.php\/2023\/02\/07\/kozlekedesi-baleset-miatt-verekedtek-ossze\/#breadcrumb","itemListElement":[{"@type":"ListItem","position":1,"name":"Kezd\u0151lap","item":"https:\/\/dorogimedence.hu\/"},{"@type":"ListItem","position":2,"name":"K\u00f6zleked\u00e9si baleset miatt verekedtek \u00f6ssze"}]},{"@type":"WebSite","@id":"https:\/\/dorogimedence.hu\/#website","url":"https:\/\/dorogimedence.hu\/","name":"Dorogi-medence Region\u00e1lis H\u00edrport\u00e1l","description":"Dorog, Keszt\u00f6lc, Le\u00e1nyv\u00e1r, Piliscs\u00e9v, Tokod, Tokodalt\u00e1r\u00f3, Csolnok, Esztergom-kertv\u00e1ros: h\u00edrek, programok","publisher":{"@id":"https:\/\/dorogimedence.hu\/#organization"},"potentialAction":[{"@type":"SearchAction","target":{"@type":"EntryPoint","urlTemplate":"https:\/\/dorogimedence.hu\/?s={search_term_string}"},"query-input":{"@type":"PropertyValueSpecification","valueRequired":true,"valueName":"search_term_string"}}],"inLanguage":"hu"},{"@type":"Organization","@id":"https:\/\/dorogimedence.hu\/#organization","name":"Dorogi-medence Region\u00e1lis H\u00edrport\u00e1l","url":"https:\/\/dorogimedence.hu\/","logo":{"@type":"ImageObject","inLanguage":"hu","@id":"https:\/\/dorogimedence.hu\/#\/schema\/logo\/image\/","url":"https:\/\/dorogimedence.hu\/wp-content\/uploads\/2021\/04\/logo-feher-600.png","contentUrl":"https:\/\/dorogimedence.hu\/wp-content\/uploads\/2021\/04\/logo-feher-600.png","width":600,"height":100,"caption":"Dorogi-medence Region\u00e1lis H\u00edrport\u00e1l"},"image":{"@id":"https:\/\/dorogimedence.hu\/#\/schema\/logo\/image\/"},"sameAs":["https:\/\/www.facebook.com\/dorogimedence\/"]},{"@type":"Person","@id":"https:\/\/dorogimedence.hu\/#\/schema\/person\/ce6091eeb7e95ecdc87890d6aa8e0fd4","name":"dorogimedence.hu","image":{"@type":"ImageObject","inLanguage":"hu","@id":"\/\/www.gravatar.com\/avatar\/d8d45f8901aadff40a4af72c0b826f1d?s=96&#038;r=g&#038;d=mm","url":"\/\/www.gravatar.com\/avatar\/d8d45f8901aadff40a4af72c0b826f1d?s=96&#038;r=g&#038;d=mm","contentUrl":"\/\/www.gravatar.com\/avatar\/d8d45f8901aadff40a4af72c0b826f1d?s=96&#038;r=g&#038;d=mm","caption":"dorogimedence.hu"}}]}},"_links":{"self":[{"href":"https:\/\/dorogimedence.hu\/index.php\/wp-json\/wp\/v2\/posts\/50082","targetHints":{"allow":["GET"]}}],"collection":[{"href":"https:\/\/dorogimedence.hu\/index.php\/wp-json\/wp\/v2\/posts"}],"about":[{"href":"https:\/\/dorogimedence.hu\/index.php\/wp-json\/wp\/v2\/types\/post"}],"author":[{"embeddable":true,"href":"https:\/\/dorogimedence.hu\/index.php\/wp-json\/wp\/v2\/users\/1"}],"replies":[{"embeddable":true,"href":"https:\/\/dorogimedence.hu\/index.php\/wp-json\/wp\/v2\/comments?post=50082"}],"version-history":[{"count":0,"href":"https:\/\/dorogimedence.hu\/index.php\/wp-json\/wp\/v2\/posts\/50082\/revisions"}],"wp:featuredmedia":[{"embeddable":true,"href":"https:\/\/dorogimedence.hu\/index.php\/wp-json\/wp\/v2\/media\/50083"}],"wp:attachment":[{"href":"https:\/\/dorogimedence.hu\/index.php\/wp-json\/wp\/v2\/media?parent=50082"}],"wp:term":[{"taxonomy":"category","embeddable":true,"href":"https:\/\/dorogimedence.hu\/index.php\/wp-json\/wp\/v2\/categories?post=50082"},{"taxonomy":"post_tag","embeddable":true,"href":"https:\/\/dorogimedence.hu\/index.php\/wp-json\/wp\/v2\/tags?post=50082"}],"curies":[{"name":"wp","href":"https:\/\/api.w.org\/{rel}","templated":true}]}}