{"id":50079,"date":"2023-02-07T11:37:28","date_gmt":"2023-02-07T10:37:28","guid":{"rendered":"https:\/\/dorogimedence.hu\/?p=50079"},"modified":"2023-02-07T11:38:06","modified_gmt":"2023-02-07T10:38:06","slug":"a-legszegenyebb-telepuleseken-futnak-tovabb-a-mol-bubik","status":"publish","type":"post","link":"https:\/\/dorogimedence.hu\/index.php\/2023\/02\/07\/a-legszegenyebb-telepuleseken-futnak-tovabb-a-mol-bubik\/","title":{"rendered":"A legszeg\u00e9nyebb telep\u00fcl\u00e9seken futnak tov\u00e1bb a MOL Bubik"},"content":{"rendered":"<p><strong>Az orsz\u00e1g legszeg\u00e9nyebb falvaiban futnak tov\u00e1bb a kor\u00e1bbi Mol Bubi ker\u00e9kp\u00e1rok, ezeket t\u00e9r\u00edt\u00e9smentesen lehet k\u00f6lcs\u00f6n\u00f6zni, vagy bizonyos esetekben jelk\u00e9pes b\u00e9rleti d\u00edj\u00e9rt lehet tart\u00f3s haszn\u00e1latba venni a Felz\u00e1rk\u00f3z\u00f3 telep\u00fcl\u00e9sek programban dolgoz\u00f3 karitat\u00edv szervezetekt\u0151l.<\/strong><\/p>\n<p>A Magyar M\u00e1ltai Szeretetszolg\u00e1lat az MTI-hez eljuttatott k\u00f6zlem\u00e9ny\u00e9ben azt \u00edrta, hogy Budapesten h\u00e9t \u00e9ven \u00e1t haszn\u00e1lt biciklik a feliratok elt\u00e1vol\u00edt\u00e1sa ut\u00e1n \u2013 eddig \u2013 hetvenh\u00e9t telep\u00fcl\u00e9sen v\u00e1ltak el\u00e9rhet\u0151v\u00e9, hogy a legelesettebb csal\u00e1dok munk\u00e1ba, iskol\u00e1ba j\u00e1r\u00e1s\u00e1t, h\u00e9tk\u00f6znapi \u00fcgyint\u00e9z\u00e9s\u00e9t seg\u00edts\u00e9k.<\/p>\n<p>A Budapesti K\u00f6zleked\u00e9si K\u00f6zpont (BKK) a modellv\u00e1lt\u00e1s ut\u00e1n k\u00e9tezer, els\u0151sz\u00e9ri\u00e1s Bubi-ker\u00e9kp\u00e1rt adom\u00e1nyozott a Magyar M\u00e1ltai Szeretetszolg\u00e1latnak &#8211; \u00edrt\u00e1k.<\/p>\n<p>Mint olvashat\u00f3, a k\u00f6z\u00f6ss\u00e9gi k\u00f6zleked\u00e9sb\u0151l kivont, de er\u0151s v\u00e1zszerkezete \u00e9s a defektmentes t\u00f6m\u00f6r gumikerekei miatt m\u00e9g sok\u00e1ig haszn\u00e1lhat\u00f3 bicikliket a szeretetszolg\u00e1lat tiszaroffi \u00fczem\u00e9ben \u00e1tn\u00e9zik, elv\u00e9gzik rajtuk az esetleges jav\u00edt\u00e1sokat, majd megv\u00e1ltozott munkak\u00e9pess\u00e9g\u0171 emberek elt\u00e1vol\u00edtj\u00e1k r\u00f3la a &#8222;Bubi&#8221; feliratot.<\/p>\n<p>A ker\u00e9kp\u00e1rokb\u00f3l \u2013 a Felz\u00e1rk\u00f3z\u00f3 telep\u00fcl\u00e9sek programban k\u00f6zrem\u0171k\u00f6d\u0151 karitat\u00edv szervezetek ig\u00e9nyei szerint \u2013 eddig 910 darabot sz\u00e1ll\u00edtottak ki 77 telep\u00fcl\u00e9sre. A bicikliket a programban dolgoz\u00f3 karitat\u00edv szervezetekt\u0151l lehet k\u00f6lcs\u00f6n\u00f6zni &#8211; k\u00f6z\u00f6lte a szeretetszolg\u00e1lat.<\/p>\n<p>A komm\u00fcnik\u00e9 szerint folyamatosan \u00e9rkeznek az ig\u00e9nyl\u00e9sek a szeretetszolg\u00e1lat tiszaroffi \u00fczem\u00e9be, ahol \u00fajabb 280, haszn\u00e1latra el\u0151k\u00e9sz\u00edtett ker\u00e9kp\u00e1r v\u00e1r kisz\u00e1ll\u00edt\u00e1sra, \u00e9s m\u00e9g tov\u00e1bbi 800-at alak\u00edtanak \u00e1t a k\u00f6vetkez\u0151 h\u00f3napokban.<\/p>\n<p><em>Bor\u00edt\u00f3k\u00e9p, forr\u00e1s: MTI \/ Magyar M\u00e1ltai Szeretetszolg\u00e1lat<\/em><\/p>\n","protected":false},"excerpt":{"rendered":"<p>Az orsz\u00e1g legszeg\u00e9nyebb falvaiban futnak tov\u00e1bb a kor\u00e1bbi Mol Bubi ker\u00e9kp\u00e1rok, ezeket t\u00e9r\u00edt\u00e9smentesen lehet k\u00f6lcs\u00f6n\u00f6zni, vagy bizonyos esetekben jelk\u00e9pes b\u00e9rleti d\u00edj\u00e9rt lehet tart\u00f3s haszn\u00e1latba venni a Felz\u00e1rk\u00f3z\u00f3 telep\u00fcl\u00e9sek programban dolgoz\u00f3 karitat\u00edv szervezetekt\u0151l. A Magyar M\u00e1ltai Szeretetszolg\u00e1lat az MTI-hez eljuttatott k\u00f6zlem\u00e9ny\u00e9ben azt \u00edrta, hogy Budapesten h\u00e9t \u00e9ven \u00e1t haszn\u00e1lt biciklik a feliratok elt\u00e1vol\u00edt\u00e1sa ut\u00e1n \u2013 eddig<\/p>\n","protected":false},"author":1,"featured_media":50080,"comment_status":"closed","ping_status":"closed","sticky":false,"template":"","format":"standard","meta":{"ngg_post_thumbnail":0,"footnotes":""},"categories":[6934,3],"tags":[134,1776,6958],"class_list":{"0":"post-50079","1":"post","2":"type-post","3":"status-publish","4":"format-standard","5":"has-post-thumbnail","7":"category-belfold","8":"category-hirek","9":"tag-kerekpar","10":"tag-magyar-maltai-szeretetszolgalat","11":"tag-mol-bubi"},"yoast_head":"<!-- This site is optimized with the Yoast SEO plugin v27.5 - https:\/\/yoast.com\/product\/yoast-seo-wordpress\/ -->\n<title>A legszeg\u00e9nyebb telep\u00fcl\u00e9seken futnak tov\u00e1bb a MOL Bubik<\/title>\n<meta name=\"robots\" content=\"index, follow, max-snippet:-1, max-image-preview:large, max-video-preview:-1\" \/>\n<link rel=\"canonical\" href=\"https:\/\/dorogimedence.hu\/index.php\/2023\/02\/07\/a-legszegenyebb-telepuleseken-futnak-tovabb-a-mol-bubik\/\" class=\"yoast-seo-meta-tag\" \/>\n<meta property=\"og:locale\" content=\"hu_HU\" class=\"yoast-seo-meta-tag\" \/>\n<meta property=\"og:type\" content=\"article\" class=\"yoast-seo-meta-tag\" \/>\n<meta property=\"og:title\" content=\"A legszeg\u00e9nyebb telep\u00fcl\u00e9seken futnak tov\u00e1bb a MOL Bubik\" class=\"yoast-seo-meta-tag\" \/>\n<meta property=\"og:description\" content=\"Az orsz\u00e1g legszeg\u00e9nyebb falvaiban futnak tov\u00e1bb a kor\u00e1bbi Mol Bubi ker\u00e9kp\u00e1rok, ezeket t\u00e9r\u00edt\u00e9smentesen lehet k\u00f6lcs\u00f6n\u00f6zni, vagy bizonyos esetekben jelk\u00e9pes b\u00e9rleti d\u00edj\u00e9rt lehet tart\u00f3s haszn\u00e1latba venni a Felz\u00e1rk\u00f3z\u00f3 telep\u00fcl\u00e9sek programban dolgoz\u00f3 karitat\u00edv szervezetekt\u0151l. A Magyar M\u00e1ltai Szeretetszolg\u00e1lat az MTI-hez eljuttatott k\u00f6zlem\u00e9ny\u00e9ben azt \u00edrta, hogy Budapesten h\u00e9t \u00e9ven \u00e1t haszn\u00e1lt biciklik a feliratok elt\u00e1vol\u00edt\u00e1sa ut\u00e1n \u2013 eddig\" class=\"yoast-seo-meta-tag\" \/>\n<meta property=\"og:url\" content=\"https:\/\/dorogimedence.hu\/index.php\/2023\/02\/07\/a-legszegenyebb-telepuleseken-futnak-tovabb-a-mol-bubik\/\" class=\"yoast-seo-meta-tag\" \/>\n<meta property=\"og:site_name\" content=\"Dorogi-medence Region\u00e1lis H\u00edrport\u00e1l\" class=\"yoast-seo-meta-tag\" \/>\n<meta property=\"article:publisher\" content=\"https:\/\/www.facebook.com\/dorogimedence\/\" class=\"yoast-seo-meta-tag\" \/>\n<meta property=\"article:published_time\" content=\"2023-02-07T10:37:28+00:00\" class=\"yoast-seo-meta-tag\" \/>\n<meta property=\"article:modified_time\" content=\"2023-02-07T10:38:06+00:00\" class=\"yoast-seo-meta-tag\" \/>\n<meta property=\"og:image\" content=\"https:\/\/dorogimedence.hu\/wp-content\/uploads\/2023\/02\/mol-bubi.jpg\" class=\"yoast-seo-meta-tag\" \/>\n\t<meta property=\"og:image:width\" content=\"1920\" class=\"yoast-seo-meta-tag\" \/>\n\t<meta property=\"og:image:height\" content=\"1067\" class=\"yoast-seo-meta-tag\" \/>\n\t<meta property=\"og:image:type\" content=\"image\/jpeg\" class=\"yoast-seo-meta-tag\" \/>\n<meta name=\"author\" content=\"dorogimedence.hu\" class=\"yoast-seo-meta-tag\" \/>\n<meta name=\"twitter:card\" content=\"summary_large_image\" class=\"yoast-seo-meta-tag\" \/>\n<meta name=\"twitter:label1\" content=\"Szerz\u0151:\" class=\"yoast-seo-meta-tag\" \/>\n\t<meta name=\"twitter:data1\" content=\"dorogimedence.hu\" class=\"yoast-seo-meta-tag\" \/>\n\t<meta name=\"twitter:label2\" content=\"Becs\u00fclt olvas\u00e1si id\u0151\" class=\"yoast-seo-meta-tag\" \/>\n\t<meta name=\"twitter:data2\" content=\"2 perc\" class=\"yoast-seo-meta-tag\" \/>\n<script type=\"application\/ld+json\" class=\"yoast-schema-graph\">{\"@context\":\"https:\\\/\\\/schema.org\",\"@graph\":[{\"@type\":\"Article\",\"@id\":\"https:\\\/\\\/dorogimedence.hu\\\/index.php\\\/2023\\\/02\\\/07\\\/a-legszegenyebb-telepuleseken-futnak-tovabb-a-mol-bubik\\\/#article\",\"isPartOf\":{\"@id\":\"https:\\\/\\\/dorogimedence.hu\\\/index.php\\\/2023\\\/02\\\/07\\\/a-legszegenyebb-telepuleseken-futnak-tovabb-a-mol-bubik\\\/\"},\"author\":{\"name\":\"dorogimedence.hu\",\"@id\":\"https:\\\/\\\/dorogimedence.hu\\\/#\\\/schema\\\/person\\\/ce6091eeb7e95ecdc87890d6aa8e0fd4\"},\"headline\":\"A legszeg\u00e9nyebb telep\u00fcl\u00e9seken futnak tov\u00e1bb a MOL Bubik\",\"datePublished\":\"2023-02-07T10:37:28+00:00\",\"dateModified\":\"2023-02-07T10:38:06+00:00\",\"mainEntityOfPage\":{\"@id\":\"https:\\\/\\\/dorogimedence.hu\\\/index.php\\\/2023\\\/02\\\/07\\\/a-legszegenyebb-telepuleseken-futnak-tovabb-a-mol-bubik\\\/\"},\"wordCount\":344,\"publisher\":{\"@id\":\"https:\\\/\\\/dorogimedence.hu\\\/#organization\"},\"image\":{\"@id\":\"https:\\\/\\\/dorogimedence.hu\\\/index.php\\\/2023\\\/02\\\/07\\\/a-legszegenyebb-telepuleseken-futnak-tovabb-a-mol-bubik\\\/#primaryimage\"},\"thumbnailUrl\":\"https:\\\/\\\/dorogimedence.hu\\\/wp-content\\\/uploads\\\/2023\\\/02\\\/mol-bubi.jpg\",\"keywords\":[\"ker\u00e9kp\u00e1r\",\"Magyar M\u00e1ltai Szeretetszolg\u00e1lat\",\"MOL Bubi\"],\"articleSection\":[\"Belf\u00f6ld, Gazdas\u00e1g\",\"H\u00edrek\"],\"inLanguage\":\"hu\"},{\"@type\":\"WebPage\",\"@id\":\"https:\\\/\\\/dorogimedence.hu\\\/index.php\\\/2023\\\/02\\\/07\\\/a-legszegenyebb-telepuleseken-futnak-tovabb-a-mol-bubik\\\/\",\"url\":\"https:\\\/\\\/dorogimedence.hu\\\/index.php\\\/2023\\\/02\\\/07\\\/a-legszegenyebb-telepuleseken-futnak-tovabb-a-mol-bubik\\\/\",\"name\":\"A legszeg\u00e9nyebb telep\u00fcl\u00e9seken futnak tov\u00e1bb a MOL Bubik\",\"isPartOf\":{\"@id\":\"https:\\\/\\\/dorogimedence.hu\\\/#website\"},\"primaryImageOfPage\":{\"@id\":\"https:\\\/\\\/dorogimedence.hu\\\/index.php\\\/2023\\\/02\\\/07\\\/a-legszegenyebb-telepuleseken-futnak-tovabb-a-mol-bubik\\\/#primaryimage\"},\"image\":{\"@id\":\"https:\\\/\\\/dorogimedence.hu\\\/index.php\\\/2023\\\/02\\\/07\\\/a-legszegenyebb-telepuleseken-futnak-tovabb-a-mol-bubik\\\/#primaryimage\"},\"thumbnailUrl\":\"https:\\\/\\\/dorogimedence.hu\\\/wp-content\\\/uploads\\\/2023\\\/02\\\/mol-bubi.jpg\",\"datePublished\":\"2023-02-07T10:37:28+00:00\",\"dateModified\":\"2023-02-07T10:38:06+00:00\",\"breadcrumb\":{\"@id\":\"https:\\\/\\\/dorogimedence.hu\\\/index.php\\\/2023\\\/02\\\/07\\\/a-legszegenyebb-telepuleseken-futnak-tovabb-a-mol-bubik\\\/#breadcrumb\"},\"inLanguage\":\"hu\",\"potentialAction\":[{\"@type\":\"ReadAction\",\"target\":[\"https:\\\/\\\/dorogimedence.hu\\\/index.php\\\/2023\\\/02\\\/07\\\/a-legszegenyebb-telepuleseken-futnak-tovabb-a-mol-bubik\\\/\"]}]},{\"@type\":\"ImageObject\",\"inLanguage\":\"hu\",\"@id\":\"https:\\\/\\\/dorogimedence.hu\\\/index.php\\\/2023\\\/02\\\/07\\\/a-legszegenyebb-telepuleseken-futnak-tovabb-a-mol-bubik\\\/#primaryimage\",\"url\":\"https:\\\/\\\/dorogimedence.hu\\\/wp-content\\\/uploads\\\/2023\\\/02\\\/mol-bubi.jpg\",\"contentUrl\":\"https:\\\/\\\/dorogimedence.hu\\\/wp-content\\\/uploads\\\/2023\\\/02\\\/mol-bubi.jpg\",\"width\":1920,\"height\":1067},{\"@type\":\"BreadcrumbList\",\"@id\":\"https:\\\/\\\/dorogimedence.hu\\\/index.php\\\/2023\\\/02\\\/07\\\/a-legszegenyebb-telepuleseken-futnak-tovabb-a-mol-bubik\\\/#breadcrumb\",\"itemListElement\":[{\"@type\":\"ListItem\",\"position\":1,\"name\":\"Kezd\u0151lap\",\"item\":\"https:\\\/\\\/dorogimedence.hu\\\/\"},{\"@type\":\"ListItem\",\"position\":2,\"name\":\"A legszeg\u00e9nyebb telep\u00fcl\u00e9seken futnak tov\u00e1bb a MOL Bubik\"}]},{\"@type\":\"WebSite\",\"@id\":\"https:\\\/\\\/dorogimedence.hu\\\/#website\",\"url\":\"https:\\\/\\\/dorogimedence.hu\\\/\",\"name\":\"Dorogi-medence Region\u00e1lis H\u00edrport\u00e1l\",\"description\":\"Dorog, Keszt\u00f6lc, Le\u00e1nyv\u00e1r, Piliscs\u00e9v, Tokod, Tokodalt\u00e1r\u00f3, Csolnok, Esztergom-kertv\u00e1ros: h\u00edrek, programok\",\"publisher\":{\"@id\":\"https:\\\/\\\/dorogimedence.hu\\\/#organization\"},\"potentialAction\":[{\"@type\":\"SearchAction\",\"target\":{\"@type\":\"EntryPoint\",\"urlTemplate\":\"https:\\\/\\\/dorogimedence.hu\\\/?s={search_term_string}\"},\"query-input\":{\"@type\":\"PropertyValueSpecification\",\"valueRequired\":true,\"valueName\":\"search_term_string\"}}],\"inLanguage\":\"hu\"},{\"@type\":\"Organization\",\"@id\":\"https:\\\/\\\/dorogimedence.hu\\\/#organization\",\"name\":\"Dorogi-medence Region\u00e1lis H\u00edrport\u00e1l\",\"url\":\"https:\\\/\\\/dorogimedence.hu\\\/\",\"logo\":{\"@type\":\"ImageObject\",\"inLanguage\":\"hu\",\"@id\":\"https:\\\/\\\/dorogimedence.hu\\\/#\\\/schema\\\/logo\\\/image\\\/\",\"url\":\"https:\\\/\\\/dorogimedence.hu\\\/wp-content\\\/uploads\\\/2021\\\/04\\\/logo-feher-600.png\",\"contentUrl\":\"https:\\\/\\\/dorogimedence.hu\\\/wp-content\\\/uploads\\\/2021\\\/04\\\/logo-feher-600.png\",\"width\":600,\"height\":100,\"caption\":\"Dorogi-medence Region\u00e1lis H\u00edrport\u00e1l\"},\"image\":{\"@id\":\"https:\\\/\\\/dorogimedence.hu\\\/#\\\/schema\\\/logo\\\/image\\\/\"},\"sameAs\":[\"https:\\\/\\\/www.facebook.com\\\/dorogimedence\\\/\"]},{\"@type\":\"Person\",\"@id\":\"https:\\\/\\\/dorogimedence.hu\\\/#\\\/schema\\\/person\\\/ce6091eeb7e95ecdc87890d6aa8e0fd4\",\"name\":\"dorogimedence.hu\",\"image\":{\"@type\":\"ImageObject\",\"inLanguage\":\"hu\",\"@id\":\"\\\/\\\/www.gravatar.com\\\/avatar\\\/d8d45f8901aadff40a4af72c0b826f1d?s=96&#038;r=g&#038;d=mm\",\"url\":\"\\\/\\\/www.gravatar.com\\\/avatar\\\/d8d45f8901aadff40a4af72c0b826f1d?s=96&#038;r=g&#038;d=mm\",\"contentUrl\":\"\\\/\\\/www.gravatar.com\\\/avatar\\\/d8d45f8901aadff40a4af72c0b826f1d?s=96&#038;r=g&#038;d=mm\",\"caption\":\"dorogimedence.hu\"}}]}<\/script>\n<!-- \/ Yoast SEO plugin. -->","yoast_head_json":{"title":"A legszeg\u00e9nyebb telep\u00fcl\u00e9seken futnak tov\u00e1bb a MOL Bubik","robots":{"index":"index","follow":"follow","max-snippet":"max-snippet:-1","max-image-preview":"max-image-preview:large","max-video-preview":"max-video-preview:-1"},"canonical":"https:\/\/dorogimedence.hu\/index.php\/2023\/02\/07\/a-legszegenyebb-telepuleseken-futnak-tovabb-a-mol-bubik\/","og_locale":"hu_HU","og_type":"article","og_title":"A legszeg\u00e9nyebb telep\u00fcl\u00e9seken futnak tov\u00e1bb a MOL Bubik","og_description":"Az orsz\u00e1g legszeg\u00e9nyebb falvaiban futnak tov\u00e1bb a kor\u00e1bbi Mol Bubi ker\u00e9kp\u00e1rok, ezeket t\u00e9r\u00edt\u00e9smentesen lehet k\u00f6lcs\u00f6n\u00f6zni, vagy bizonyos esetekben jelk\u00e9pes b\u00e9rleti d\u00edj\u00e9rt lehet tart\u00f3s haszn\u00e1latba venni a Felz\u00e1rk\u00f3z\u00f3 telep\u00fcl\u00e9sek programban dolgoz\u00f3 karitat\u00edv szervezetekt\u0151l. A Magyar M\u00e1ltai Szeretetszolg\u00e1lat az MTI-hez eljuttatott k\u00f6zlem\u00e9ny\u00e9ben azt \u00edrta, hogy Budapesten h\u00e9t \u00e9ven \u00e1t haszn\u00e1lt biciklik a feliratok elt\u00e1vol\u00edt\u00e1sa ut\u00e1n \u2013 eddig","og_url":"https:\/\/dorogimedence.hu\/index.php\/2023\/02\/07\/a-legszegenyebb-telepuleseken-futnak-tovabb-a-mol-bubik\/","og_site_name":"Dorogi-medence Region\u00e1lis H\u00edrport\u00e1l","article_publisher":"https:\/\/www.facebook.com\/dorogimedence\/","article_published_time":"2023-02-07T10:37:28+00:00","article_modified_time":"2023-02-07T10:38:06+00:00","og_image":[{"width":1920,"height":1067,"url":"https:\/\/dorogimedence.hu\/wp-content\/uploads\/2023\/02\/mol-bubi.jpg","type":"image\/jpeg"}],"author":"dorogimedence.hu","twitter_card":"summary_large_image","twitter_misc":{"Szerz\u0151:":"dorogimedence.hu","Becs\u00fclt olvas\u00e1si id\u0151":"2 perc"},"schema":{"@context":"https:\/\/schema.org","@graph":[{"@type":"Article","@id":"https:\/\/dorogimedence.hu\/index.php\/2023\/02\/07\/a-legszegenyebb-telepuleseken-futnak-tovabb-a-mol-bubik\/#article","isPartOf":{"@id":"https:\/\/dorogimedence.hu\/index.php\/2023\/02\/07\/a-legszegenyebb-telepuleseken-futnak-tovabb-a-mol-bubik\/"},"author":{"name":"dorogimedence.hu","@id":"https:\/\/dorogimedence.hu\/#\/schema\/person\/ce6091eeb7e95ecdc87890d6aa8e0fd4"},"headline":"A legszeg\u00e9nyebb telep\u00fcl\u00e9seken futnak tov\u00e1bb a MOL Bubik","datePublished":"2023-02-07T10:37:28+00:00","dateModified":"2023-02-07T10:38:06+00:00","mainEntityOfPage":{"@id":"https:\/\/dorogimedence.hu\/index.php\/2023\/02\/07\/a-legszegenyebb-telepuleseken-futnak-tovabb-a-mol-bubik\/"},"wordCount":344,"publisher":{"@id":"https:\/\/dorogimedence.hu\/#organization"},"image":{"@id":"https:\/\/dorogimedence.hu\/index.php\/2023\/02\/07\/a-legszegenyebb-telepuleseken-futnak-tovabb-a-mol-bubik\/#primaryimage"},"thumbnailUrl":"https:\/\/dorogimedence.hu\/wp-content\/uploads\/2023\/02\/mol-bubi.jpg","keywords":["ker\u00e9kp\u00e1r","Magyar M\u00e1ltai Szeretetszolg\u00e1lat","MOL Bubi"],"articleSection":["Belf\u00f6ld, Gazdas\u00e1g","H\u00edrek"],"inLanguage":"hu"},{"@type":"WebPage","@id":"https:\/\/dorogimedence.hu\/index.php\/2023\/02\/07\/a-legszegenyebb-telepuleseken-futnak-tovabb-a-mol-bubik\/","url":"https:\/\/dorogimedence.hu\/index.php\/2023\/02\/07\/a-legszegenyebb-telepuleseken-futnak-tovabb-a-mol-bubik\/","name":"A legszeg\u00e9nyebb telep\u00fcl\u00e9seken futnak tov\u00e1bb a MOL Bubik","isPartOf":{"@id":"https:\/\/dorogimedence.hu\/#website"},"primaryImageOfPage":{"@id":"https:\/\/dorogimedence.hu\/index.php\/2023\/02\/07\/a-legszegenyebb-telepuleseken-futnak-tovabb-a-mol-bubik\/#primaryimage"},"image":{"@id":"https:\/\/dorogimedence.hu\/index.php\/2023\/02\/07\/a-legszegenyebb-telepuleseken-futnak-tovabb-a-mol-bubik\/#primaryimage"},"thumbnailUrl":"https:\/\/dorogimedence.hu\/wp-content\/uploads\/2023\/02\/mol-bubi.jpg","datePublished":"2023-02-07T10:37:28+00:00","dateModified":"2023-02-07T10:38:06+00:00","breadcrumb":{"@id":"https:\/\/dorogimedence.hu\/index.php\/2023\/02\/07\/a-legszegenyebb-telepuleseken-futnak-tovabb-a-mol-bubik\/#breadcrumb"},"inLanguage":"hu","potentialAction":[{"@type":"ReadAction","target":["https:\/\/dorogimedence.hu\/index.php\/2023\/02\/07\/a-legszegenyebb-telepuleseken-futnak-tovabb-a-mol-bubik\/"]}]},{"@type":"ImageObject","inLanguage":"hu","@id":"https:\/\/dorogimedence.hu\/index.php\/2023\/02\/07\/a-legszegenyebb-telepuleseken-futnak-tovabb-a-mol-bubik\/#primaryimage","url":"https:\/\/dorogimedence.hu\/wp-content\/uploads\/2023\/02\/mol-bubi.jpg","contentUrl":"https:\/\/dorogimedence.hu\/wp-content\/uploads\/2023\/02\/mol-bubi.jpg","width":1920,"height":1067},{"@type":"BreadcrumbList","@id":"https:\/\/dorogimedence.hu\/index.php\/2023\/02\/07\/a-legszegenyebb-telepuleseken-futnak-tovabb-a-mol-bubik\/#breadcrumb","itemListElement":[{"@type":"ListItem","position":1,"name":"Kezd\u0151lap","item":"https:\/\/dorogimedence.hu\/"},{"@type":"ListItem","position":2,"name":"A legszeg\u00e9nyebb telep\u00fcl\u00e9seken futnak tov\u00e1bb a MOL Bubik"}]},{"@type":"WebSite","@id":"https:\/\/dorogimedence.hu\/#website","url":"https:\/\/dorogimedence.hu\/","name":"Dorogi-medence Region\u00e1lis H\u00edrport\u00e1l","description":"Dorog, Keszt\u00f6lc, Le\u00e1nyv\u00e1r, Piliscs\u00e9v, Tokod, Tokodalt\u00e1r\u00f3, Csolnok, Esztergom-kertv\u00e1ros: h\u00edrek, programok","publisher":{"@id":"https:\/\/dorogimedence.hu\/#organization"},"potentialAction":[{"@type":"SearchAction","target":{"@type":"EntryPoint","urlTemplate":"https:\/\/dorogimedence.hu\/?s={search_term_string}"},"query-input":{"@type":"PropertyValueSpecification","valueRequired":true,"valueName":"search_term_string"}}],"inLanguage":"hu"},{"@type":"Organization","@id":"https:\/\/dorogimedence.hu\/#organization","name":"Dorogi-medence Region\u00e1lis H\u00edrport\u00e1l","url":"https:\/\/dorogimedence.hu\/","logo":{"@type":"ImageObject","inLanguage":"hu","@id":"https:\/\/dorogimedence.hu\/#\/schema\/logo\/image\/","url":"https:\/\/dorogimedence.hu\/wp-content\/uploads\/2021\/04\/logo-feher-600.png","contentUrl":"https:\/\/dorogimedence.hu\/wp-content\/uploads\/2021\/04\/logo-feher-600.png","width":600,"height":100,"caption":"Dorogi-medence Region\u00e1lis H\u00edrport\u00e1l"},"image":{"@id":"https:\/\/dorogimedence.hu\/#\/schema\/logo\/image\/"},"sameAs":["https:\/\/www.facebook.com\/dorogimedence\/"]},{"@type":"Person","@id":"https:\/\/dorogimedence.hu\/#\/schema\/person\/ce6091eeb7e95ecdc87890d6aa8e0fd4","name":"dorogimedence.hu","image":{"@type":"ImageObject","inLanguage":"hu","@id":"\/\/www.gravatar.com\/avatar\/d8d45f8901aadff40a4af72c0b826f1d?s=96&#038;r=g&#038;d=mm","url":"\/\/www.gravatar.com\/avatar\/d8d45f8901aadff40a4af72c0b826f1d?s=96&#038;r=g&#038;d=mm","contentUrl":"\/\/www.gravatar.com\/avatar\/d8d45f8901aadff40a4af72c0b826f1d?s=96&#038;r=g&#038;d=mm","caption":"dorogimedence.hu"}}]}},"_links":{"self":[{"href":"https:\/\/dorogimedence.hu\/index.php\/wp-json\/wp\/v2\/posts\/50079","targetHints":{"allow":["GET"]}}],"collection":[{"href":"https:\/\/dorogimedence.hu\/index.php\/wp-json\/wp\/v2\/posts"}],"about":[{"href":"https:\/\/dorogimedence.hu\/index.php\/wp-json\/wp\/v2\/types\/post"}],"author":[{"embeddable":true,"href":"https:\/\/dorogimedence.hu\/index.php\/wp-json\/wp\/v2\/users\/1"}],"replies":[{"embeddable":true,"href":"https:\/\/dorogimedence.hu\/index.php\/wp-json\/wp\/v2\/comments?post=50079"}],"version-history":[{"count":0,"href":"https:\/\/dorogimedence.hu\/index.php\/wp-json\/wp\/v2\/posts\/50079\/revisions"}],"wp:featuredmedia":[{"embeddable":true,"href":"https:\/\/dorogimedence.hu\/index.php\/wp-json\/wp\/v2\/media\/50080"}],"wp:attachment":[{"href":"https:\/\/dorogimedence.hu\/index.php\/wp-json\/wp\/v2\/media?parent=50079"}],"wp:term":[{"taxonomy":"category","embeddable":true,"href":"https:\/\/dorogimedence.hu\/index.php\/wp-json\/wp\/v2\/categories?post=50079"},{"taxonomy":"post_tag","embeddable":true,"href":"https:\/\/dorogimedence.hu\/index.php\/wp-json\/wp\/v2\/tags?post=50079"}],"curies":[{"name":"wp","href":"https:\/\/api.w.org\/{rel}","templated":true}]}}