{"id":50056,"date":"2023-02-06T16:06:31","date_gmt":"2023-02-06T15:06:31","guid":{"rendered":"https:\/\/dorogimedence.hu\/?p=50056"},"modified":"2023-02-06T16:07:27","modified_gmt":"2023-02-06T15:07:27","slug":"madarak-es-fak-napja-versenyt-inditanak-iskolasoknak","status":"publish","type":"post","link":"https:\/\/dorogimedence.hu\/index.php\/2023\/02\/06\/madarak-es-fak-napja-versenyt-inditanak-iskolasoknak\/","title":{"rendered":"Madarak \u00e9s F\u00e1k Napja: versenyt ind\u00edtanak iskol\u00e1soknak"},"content":{"rendered":"<p><strong>A Magyar Mad\u00e1rtani \u00e9s Term\u00e9szetv\u00e9delmi Egyes\u00fclet (MME) a Madarak \u00e9s f\u00e1k napja alkalm\u00e1b\u00f3l orsz\u00e1gos versenyt hirdet \u00e1ltal\u00e1nos iskolai fels\u0151 tagozatos tanul\u00f3k sz\u00e1m\u00e1ra. A megm\u00e9rettet\u00e9s c\u00e9lja bemutatkoz\u00e1si lehet\u0151s\u00e9g biztos\u00edt\u00e1sa azoknak a term\u00e9szet ir\u00e1nt \u00e9rdekl\u0151d\u0151 tanul\u00f3knak, akik az iskolai \u00f3r\u00e1kon, szakk\u00f6r\u00f6k\u00f6n, erdei iskol\u00e1kban \u00e9s term\u00e9szetj\u00e1r\u00e1s sor\u00e1n szerzett tud\u00e1sukat szeretn\u00e9k \u00f6sszem\u00e9rni az orsz\u00e1g m\u00e1s r\u00e9szein \u00e9l\u0151 di\u00e1kokkal.<\/strong><\/p>\n<p>A Madarak \u00e9s f\u00e1k napja egy t\u00f6bb mint sz\u00e1z \u00e9ves hagyom\u00e1nnyal rendelkez\u0151 jeles nap Magyarorsz\u00e1gon, melyet minden \u00e9v m\u00e1jus 10-\u00e9n \u00fcnnepl\u00fcnk. C\u00e9lja, hogy felh\u00edvja a t\u00e1rsadalom, k\u00fcl\u00f6n\u00f6sen az ifj\u00fas\u00e1g figyelm\u00e9t az \u0151ket k\u00f6r\u00fclvev\u0151 \u00e9l\u0151vil\u00e1gra \u00e9s a term\u00e9szetv\u00e9delem fontoss\u00e1g\u00e1ra. Az els\u0151 Madarak \u00e9s f\u00e1k napj\u00e1t a kor neves ornitol\u00f3gusa, Chernel Istv\u00e1n szervezte 1902-ben. B\u00e1r az\u00f3ta m\u00e1r t\u00f6bb mint sz\u00e1z \u00e9v telt el, a term\u00e9szetv\u00e9delem fontoss\u00e1ga az\u00f3ta sem vesz\u00edtett jelent\u0151s\u00e9g\u00e9b\u0151l.<\/p>\n<p>Az elm\u00falt \u00e9vekben a vil\u00e1gj\u00e1rv\u00e1ny a verseny 27 \u00e9ves hagyom\u00e1ny\u00e1t megt\u00f6rte, \u00e1m id\u00e9n \u00fajra meghirdetj\u00fck azt, amelyre 10-14 \u00e9ves tanul\u00f3kb\u00f3l \u00e1ll\u00f3 h\u00e1romf\u0151s csapatok jelentkezhetnek &#8211; a jelentkez\u00e9s hat\u00e1rideje: 2023. m\u00e1rcius 10. A ter\u00fcleti fordul\u00f3 id\u0151pontja: 2023. m\u00e1rcius 31. A kezd\u00e9s pontos idej\u00e9r\u0151l a ter\u00fcleti koordin\u00e1torn\u00e1l lehet majd \u00e9rdekl\u0151dni! A ter\u00fcleti fordul\u00f3n iskol\u00e1nk\u00e9nt egy csapat vehet r\u00e9szt, \u00e9s egy csapat csak egy ter\u00fcleti helysz\u00ednre jelentkezhet. A versenyen t\u00f6rt\u00e9n\u0151 r\u00e9szv\u00e9tel ingyenes.<\/p>\n<p>A ter\u00fcleti fordul\u00f3kon els\u0151 helyez\u00e9st el\u00e9r\u0151 csapatok jutnak tov\u00e1bb az orsz\u00e1gos d\u00f6nt\u0151be, amely Budapesten lesz 2023. m\u00e1jus 12-\u00e9n. Az orsz\u00e1gos els\u0151 helyezett csapat minden tagja \u201eMME HARIS 8&#215;42\u201d t\u00e1vcs\u00f6vet kap aj\u00e1nd\u00e9kba.<\/p>\n<p><a href=\"https:\/\/www.mme.hu\/madarak-es-fak-napja-orszagos-verseny-2023\" target=\"_blank\" rel=\"noopener\"><span style=\"text-decoration: underline; color: #0000ff;\">R\u00e9szletes ki\u00edr\u00e1s \u00e9s a versenyfordul\u00f3k tematik\u00e1ja&gt;&gt;<\/span><\/a><\/p>\n","protected":false},"excerpt":{"rendered":"<p>A Magyar Mad\u00e1rtani \u00e9s Term\u00e9szetv\u00e9delmi Egyes\u00fclet (MME) a Madarak \u00e9s f\u00e1k napja alkalm\u00e1b\u00f3l orsz\u00e1gos versenyt hirdet \u00e1ltal\u00e1nos iskolai fels\u0151 tagozatos tanul\u00f3k sz\u00e1m\u00e1ra. A megm\u00e9rettet\u00e9s c\u00e9lja bemutatkoz\u00e1si lehet\u0151s\u00e9g biztos\u00edt\u00e1sa azoknak a term\u00e9szet ir\u00e1nt \u00e9rdekl\u0151d\u0151 tanul\u00f3knak, akik az iskolai \u00f3r\u00e1kon, szakk\u00f6r\u00f6k\u00f6n, erdei iskol\u00e1kban \u00e9s term\u00e9szetj\u00e1r\u00e1s sor\u00e1n szerzett tud\u00e1sukat szeretn\u00e9k \u00f6sszem\u00e9rni az orsz\u00e1g m\u00e1s r\u00e9szein \u00e9l\u0151 di\u00e1kokkal. A<\/p>\n","protected":false},"author":1,"featured_media":0,"comment_status":"closed","ping_status":"closed","sticky":false,"template":"","format":"standard","meta":{"ngg_post_thumbnail":0,"footnotes":""},"categories":[3,6948],"tags":[268,6956,142,451],"class_list":{"0":"post-50056","1":"post","2":"type-post","3":"status-publish","4":"format-standard","6":"category-hirek","7":"category-szines","8":"tag-iskola","9":"tag-madarak-es-fak-napja","10":"tag-oktatas","11":"tag-verseny"},"yoast_head":"<!-- This site is optimized with the Yoast SEO plugin v27.4 - https:\/\/yoast.com\/product\/yoast-seo-wordpress\/ -->\n<title>Madarak \u00e9s F\u00e1k Napja: versenyt ind\u00edtanak iskol\u00e1soknak<\/title>\n<meta name=\"robots\" content=\"index, follow, max-snippet:-1, max-image-preview:large, max-video-preview:-1\" \/>\n<link rel=\"canonical\" href=\"https:\/\/dorogimedence.hu\/index.php\/2023\/02\/06\/madarak-es-fak-napja-versenyt-inditanak-iskolasoknak\/\" class=\"yoast-seo-meta-tag\" \/>\n<meta property=\"og:locale\" content=\"hu_HU\" class=\"yoast-seo-meta-tag\" \/>\n<meta property=\"og:type\" content=\"article\" class=\"yoast-seo-meta-tag\" \/>\n<meta property=\"og:title\" content=\"Madarak \u00e9s F\u00e1k Napja: versenyt ind\u00edtanak iskol\u00e1soknak\" class=\"yoast-seo-meta-tag\" \/>\n<meta property=\"og:description\" content=\"A Magyar Mad\u00e1rtani \u00e9s Term\u00e9szetv\u00e9delmi Egyes\u00fclet (MME) a Madarak \u00e9s f\u00e1k napja alkalm\u00e1b\u00f3l orsz\u00e1gos versenyt hirdet \u00e1ltal\u00e1nos iskolai fels\u0151 tagozatos tanul\u00f3k sz\u00e1m\u00e1ra. A megm\u00e9rettet\u00e9s c\u00e9lja bemutatkoz\u00e1si lehet\u0151s\u00e9g biztos\u00edt\u00e1sa azoknak a term\u00e9szet ir\u00e1nt \u00e9rdekl\u0151d\u0151 tanul\u00f3knak, akik az iskolai \u00f3r\u00e1kon, szakk\u00f6r\u00f6k\u00f6n, erdei iskol\u00e1kban \u00e9s term\u00e9szetj\u00e1r\u00e1s sor\u00e1n szerzett tud\u00e1sukat szeretn\u00e9k \u00f6sszem\u00e9rni az orsz\u00e1g m\u00e1s r\u00e9szein \u00e9l\u0151 di\u00e1kokkal. A\" class=\"yoast-seo-meta-tag\" \/>\n<meta property=\"og:url\" content=\"https:\/\/dorogimedence.hu\/index.php\/2023\/02\/06\/madarak-es-fak-napja-versenyt-inditanak-iskolasoknak\/\" class=\"yoast-seo-meta-tag\" \/>\n<meta property=\"og:site_name\" content=\"Dorogi-medence Region\u00e1lis H\u00edrport\u00e1l\" class=\"yoast-seo-meta-tag\" \/>\n<meta property=\"article:publisher\" content=\"https:\/\/www.facebook.com\/dorogimedence\/\" class=\"yoast-seo-meta-tag\" \/>\n<meta property=\"article:published_time\" content=\"2023-02-06T15:06:31+00:00\" class=\"yoast-seo-meta-tag\" \/>\n<meta property=\"article:modified_time\" content=\"2023-02-06T15:07:27+00:00\" class=\"yoast-seo-meta-tag\" \/>\n<meta property=\"og:image\" content=\"https:\/\/dorogimedence.hu\/wp-content\/uploads\/2023\/02\/madar-fa.jpg\" class=\"yoast-seo-meta-tag\" \/>\n\t<meta property=\"og:image:width\" content=\"1920\" class=\"yoast-seo-meta-tag\" \/>\n\t<meta property=\"og:image:height\" content=\"1085\" class=\"yoast-seo-meta-tag\" \/>\n\t<meta property=\"og:image:type\" content=\"image\/jpeg\" class=\"yoast-seo-meta-tag\" \/>\n<meta name=\"author\" content=\"dorogimedence.hu\" class=\"yoast-seo-meta-tag\" \/>\n<meta name=\"twitter:card\" content=\"summary_large_image\" class=\"yoast-seo-meta-tag\" \/>\n<meta name=\"twitter:label1\" content=\"Szerz\u0151:\" class=\"yoast-seo-meta-tag\" \/>\n\t<meta name=\"twitter:data1\" content=\"dorogimedence.hu\" class=\"yoast-seo-meta-tag\" \/>\n\t<meta name=\"twitter:label2\" content=\"Becs\u00fclt olvas\u00e1si id\u0151\" class=\"yoast-seo-meta-tag\" \/>\n\t<meta name=\"twitter:data2\" content=\"2 perc\" class=\"yoast-seo-meta-tag\" \/>\n<script type=\"application\/ld+json\" class=\"yoast-schema-graph\">{\"@context\":\"https:\\\/\\\/schema.org\",\"@graph\":[{\"@type\":\"Article\",\"@id\":\"https:\\\/\\\/dorogimedence.hu\\\/index.php\\\/2023\\\/02\\\/06\\\/madarak-es-fak-napja-versenyt-inditanak-iskolasoknak\\\/#article\",\"isPartOf\":{\"@id\":\"https:\\\/\\\/dorogimedence.hu\\\/index.php\\\/2023\\\/02\\\/06\\\/madarak-es-fak-napja-versenyt-inditanak-iskolasoknak\\\/\"},\"author\":{\"name\":\"dorogimedence.hu\",\"@id\":\"https:\\\/\\\/dorogimedence.hu\\\/#\\\/schema\\\/person\\\/ce6091eeb7e95ecdc87890d6aa8e0fd4\"},\"headline\":\"Madarak \u00e9s F\u00e1k Napja: versenyt ind\u00edtanak iskol\u00e1soknak\",\"datePublished\":\"2023-02-06T15:06:31+00:00\",\"dateModified\":\"2023-02-06T15:07:27+00:00\",\"mainEntityOfPage\":{\"@id\":\"https:\\\/\\\/dorogimedence.hu\\\/index.php\\\/2023\\\/02\\\/06\\\/madarak-es-fak-napja-versenyt-inditanak-iskolasoknak\\\/\"},\"wordCount\":374,\"publisher\":{\"@id\":\"https:\\\/\\\/dorogimedence.hu\\\/#organization\"},\"keywords\":[\"iskola\",\"Madarak \u00e9s F\u00e1k Napja\",\"oktat\u00e1s\",\"verseny\"],\"articleSection\":[\"H\u00edrek\",\"Sz\u00ednes\"],\"inLanguage\":\"hu\"},{\"@type\":\"WebPage\",\"@id\":\"https:\\\/\\\/dorogimedence.hu\\\/index.php\\\/2023\\\/02\\\/06\\\/madarak-es-fak-napja-versenyt-inditanak-iskolasoknak\\\/\",\"url\":\"https:\\\/\\\/dorogimedence.hu\\\/index.php\\\/2023\\\/02\\\/06\\\/madarak-es-fak-napja-versenyt-inditanak-iskolasoknak\\\/\",\"name\":\"Madarak \u00e9s F\u00e1k Napja: versenyt ind\u00edtanak iskol\u00e1soknak\",\"isPartOf\":{\"@id\":\"https:\\\/\\\/dorogimedence.hu\\\/#website\"},\"datePublished\":\"2023-02-06T15:06:31+00:00\",\"dateModified\":\"2023-02-06T15:07:27+00:00\",\"breadcrumb\":{\"@id\":\"https:\\\/\\\/dorogimedence.hu\\\/index.php\\\/2023\\\/02\\\/06\\\/madarak-es-fak-napja-versenyt-inditanak-iskolasoknak\\\/#breadcrumb\"},\"inLanguage\":\"hu\",\"potentialAction\":[{\"@type\":\"ReadAction\",\"target\":[\"https:\\\/\\\/dorogimedence.hu\\\/index.php\\\/2023\\\/02\\\/06\\\/madarak-es-fak-napja-versenyt-inditanak-iskolasoknak\\\/\"]}]},{\"@type\":\"BreadcrumbList\",\"@id\":\"https:\\\/\\\/dorogimedence.hu\\\/index.php\\\/2023\\\/02\\\/06\\\/madarak-es-fak-napja-versenyt-inditanak-iskolasoknak\\\/#breadcrumb\",\"itemListElement\":[{\"@type\":\"ListItem\",\"position\":1,\"name\":\"Kezd\u0151lap\",\"item\":\"https:\\\/\\\/dorogimedence.hu\\\/\"},{\"@type\":\"ListItem\",\"position\":2,\"name\":\"Madarak \u00e9s F\u00e1k Napja: versenyt ind\u00edtanak iskol\u00e1soknak\"}]},{\"@type\":\"WebSite\",\"@id\":\"https:\\\/\\\/dorogimedence.hu\\\/#website\",\"url\":\"https:\\\/\\\/dorogimedence.hu\\\/\",\"name\":\"Dorogi-medence Region\u00e1lis H\u00edrport\u00e1l\",\"description\":\"Dorog, Keszt\u00f6lc, Le\u00e1nyv\u00e1r, Piliscs\u00e9v, Tokod, Tokodalt\u00e1r\u00f3, Csolnok, Esztergom-kertv\u00e1ros: h\u00edrek, programok\",\"publisher\":{\"@id\":\"https:\\\/\\\/dorogimedence.hu\\\/#organization\"},\"potentialAction\":[{\"@type\":\"SearchAction\",\"target\":{\"@type\":\"EntryPoint\",\"urlTemplate\":\"https:\\\/\\\/dorogimedence.hu\\\/?s={search_term_string}\"},\"query-input\":{\"@type\":\"PropertyValueSpecification\",\"valueRequired\":true,\"valueName\":\"search_term_string\"}}],\"inLanguage\":\"hu\"},{\"@type\":\"Organization\",\"@id\":\"https:\\\/\\\/dorogimedence.hu\\\/#organization\",\"name\":\"Dorogi-medence Region\u00e1lis H\u00edrport\u00e1l\",\"url\":\"https:\\\/\\\/dorogimedence.hu\\\/\",\"logo\":{\"@type\":\"ImageObject\",\"inLanguage\":\"hu\",\"@id\":\"https:\\\/\\\/dorogimedence.hu\\\/#\\\/schema\\\/logo\\\/image\\\/\",\"url\":\"https:\\\/\\\/dorogimedence.hu\\\/wp-content\\\/uploads\\\/2021\\\/04\\\/logo-feher-600.png\",\"contentUrl\":\"https:\\\/\\\/dorogimedence.hu\\\/wp-content\\\/uploads\\\/2021\\\/04\\\/logo-feher-600.png\",\"width\":600,\"height\":100,\"caption\":\"Dorogi-medence Region\u00e1lis H\u00edrport\u00e1l\"},\"image\":{\"@id\":\"https:\\\/\\\/dorogimedence.hu\\\/#\\\/schema\\\/logo\\\/image\\\/\"},\"sameAs\":[\"https:\\\/\\\/www.facebook.com\\\/dorogimedence\\\/\"]},{\"@type\":\"Person\",\"@id\":\"https:\\\/\\\/dorogimedence.hu\\\/#\\\/schema\\\/person\\\/ce6091eeb7e95ecdc87890d6aa8e0fd4\",\"name\":\"dorogimedence.hu\",\"image\":{\"@type\":\"ImageObject\",\"inLanguage\":\"hu\",\"@id\":\"\\\/\\\/www.gravatar.com\\\/avatar\\\/d8d45f8901aadff40a4af72c0b826f1d?s=96&#038;r=g&#038;d=mm\",\"url\":\"\\\/\\\/www.gravatar.com\\\/avatar\\\/d8d45f8901aadff40a4af72c0b826f1d?s=96&#038;r=g&#038;d=mm\",\"contentUrl\":\"\\\/\\\/www.gravatar.com\\\/avatar\\\/d8d45f8901aadff40a4af72c0b826f1d?s=96&#038;r=g&#038;d=mm\",\"caption\":\"dorogimedence.hu\"}}]}<\/script>\n<!-- \/ Yoast SEO plugin. -->","yoast_head_json":{"title":"Madarak \u00e9s F\u00e1k Napja: versenyt ind\u00edtanak iskol\u00e1soknak","robots":{"index":"index","follow":"follow","max-snippet":"max-snippet:-1","max-image-preview":"max-image-preview:large","max-video-preview":"max-video-preview:-1"},"canonical":"https:\/\/dorogimedence.hu\/index.php\/2023\/02\/06\/madarak-es-fak-napja-versenyt-inditanak-iskolasoknak\/","og_locale":"hu_HU","og_type":"article","og_title":"Madarak \u00e9s F\u00e1k Napja: versenyt ind\u00edtanak iskol\u00e1soknak","og_description":"A Magyar Mad\u00e1rtani \u00e9s Term\u00e9szetv\u00e9delmi Egyes\u00fclet (MME) a Madarak \u00e9s f\u00e1k napja alkalm\u00e1b\u00f3l orsz\u00e1gos versenyt hirdet \u00e1ltal\u00e1nos iskolai fels\u0151 tagozatos tanul\u00f3k sz\u00e1m\u00e1ra. A megm\u00e9rettet\u00e9s c\u00e9lja bemutatkoz\u00e1si lehet\u0151s\u00e9g biztos\u00edt\u00e1sa azoknak a term\u00e9szet ir\u00e1nt \u00e9rdekl\u0151d\u0151 tanul\u00f3knak, akik az iskolai \u00f3r\u00e1kon, szakk\u00f6r\u00f6k\u00f6n, erdei iskol\u00e1kban \u00e9s term\u00e9szetj\u00e1r\u00e1s sor\u00e1n szerzett tud\u00e1sukat szeretn\u00e9k \u00f6sszem\u00e9rni az orsz\u00e1g m\u00e1s r\u00e9szein \u00e9l\u0151 di\u00e1kokkal. A","og_url":"https:\/\/dorogimedence.hu\/index.php\/2023\/02\/06\/madarak-es-fak-napja-versenyt-inditanak-iskolasoknak\/","og_site_name":"Dorogi-medence Region\u00e1lis H\u00edrport\u00e1l","article_publisher":"https:\/\/www.facebook.com\/dorogimedence\/","article_published_time":"2023-02-06T15:06:31+00:00","article_modified_time":"2023-02-06T15:07:27+00:00","og_image":[{"width":1920,"height":1085,"url":"https:\/\/dorogimedence.hu\/wp-content\/uploads\/2023\/02\/madar-fa.jpg","type":"image\/jpeg"}],"author":"dorogimedence.hu","twitter_card":"summary_large_image","twitter_misc":{"Szerz\u0151:":"dorogimedence.hu","Becs\u00fclt olvas\u00e1si id\u0151":"2 perc"},"schema":{"@context":"https:\/\/schema.org","@graph":[{"@type":"Article","@id":"https:\/\/dorogimedence.hu\/index.php\/2023\/02\/06\/madarak-es-fak-napja-versenyt-inditanak-iskolasoknak\/#article","isPartOf":{"@id":"https:\/\/dorogimedence.hu\/index.php\/2023\/02\/06\/madarak-es-fak-napja-versenyt-inditanak-iskolasoknak\/"},"author":{"name":"dorogimedence.hu","@id":"https:\/\/dorogimedence.hu\/#\/schema\/person\/ce6091eeb7e95ecdc87890d6aa8e0fd4"},"headline":"Madarak \u00e9s F\u00e1k Napja: versenyt ind\u00edtanak iskol\u00e1soknak","datePublished":"2023-02-06T15:06:31+00:00","dateModified":"2023-02-06T15:07:27+00:00","mainEntityOfPage":{"@id":"https:\/\/dorogimedence.hu\/index.php\/2023\/02\/06\/madarak-es-fak-napja-versenyt-inditanak-iskolasoknak\/"},"wordCount":374,"publisher":{"@id":"https:\/\/dorogimedence.hu\/#organization"},"keywords":["iskola","Madarak \u00e9s F\u00e1k Napja","oktat\u00e1s","verseny"],"articleSection":["H\u00edrek","Sz\u00ednes"],"inLanguage":"hu"},{"@type":"WebPage","@id":"https:\/\/dorogimedence.hu\/index.php\/2023\/02\/06\/madarak-es-fak-napja-versenyt-inditanak-iskolasoknak\/","url":"https:\/\/dorogimedence.hu\/index.php\/2023\/02\/06\/madarak-es-fak-napja-versenyt-inditanak-iskolasoknak\/","name":"Madarak \u00e9s F\u00e1k Napja: versenyt ind\u00edtanak iskol\u00e1soknak","isPartOf":{"@id":"https:\/\/dorogimedence.hu\/#website"},"datePublished":"2023-02-06T15:06:31+00:00","dateModified":"2023-02-06T15:07:27+00:00","breadcrumb":{"@id":"https:\/\/dorogimedence.hu\/index.php\/2023\/02\/06\/madarak-es-fak-napja-versenyt-inditanak-iskolasoknak\/#breadcrumb"},"inLanguage":"hu","potentialAction":[{"@type":"ReadAction","target":["https:\/\/dorogimedence.hu\/index.php\/2023\/02\/06\/madarak-es-fak-napja-versenyt-inditanak-iskolasoknak\/"]}]},{"@type":"BreadcrumbList","@id":"https:\/\/dorogimedence.hu\/index.php\/2023\/02\/06\/madarak-es-fak-napja-versenyt-inditanak-iskolasoknak\/#breadcrumb","itemListElement":[{"@type":"ListItem","position":1,"name":"Kezd\u0151lap","item":"https:\/\/dorogimedence.hu\/"},{"@type":"ListItem","position":2,"name":"Madarak \u00e9s F\u00e1k Napja: versenyt ind\u00edtanak iskol\u00e1soknak"}]},{"@type":"WebSite","@id":"https:\/\/dorogimedence.hu\/#website","url":"https:\/\/dorogimedence.hu\/","name":"Dorogi-medence Region\u00e1lis H\u00edrport\u00e1l","description":"Dorog, Keszt\u00f6lc, Le\u00e1nyv\u00e1r, Piliscs\u00e9v, Tokod, Tokodalt\u00e1r\u00f3, Csolnok, Esztergom-kertv\u00e1ros: h\u00edrek, programok","publisher":{"@id":"https:\/\/dorogimedence.hu\/#organization"},"potentialAction":[{"@type":"SearchAction","target":{"@type":"EntryPoint","urlTemplate":"https:\/\/dorogimedence.hu\/?s={search_term_string}"},"query-input":{"@type":"PropertyValueSpecification","valueRequired":true,"valueName":"search_term_string"}}],"inLanguage":"hu"},{"@type":"Organization","@id":"https:\/\/dorogimedence.hu\/#organization","name":"Dorogi-medence Region\u00e1lis H\u00edrport\u00e1l","url":"https:\/\/dorogimedence.hu\/","logo":{"@type":"ImageObject","inLanguage":"hu","@id":"https:\/\/dorogimedence.hu\/#\/schema\/logo\/image\/","url":"https:\/\/dorogimedence.hu\/wp-content\/uploads\/2021\/04\/logo-feher-600.png","contentUrl":"https:\/\/dorogimedence.hu\/wp-content\/uploads\/2021\/04\/logo-feher-600.png","width":600,"height":100,"caption":"Dorogi-medence Region\u00e1lis H\u00edrport\u00e1l"},"image":{"@id":"https:\/\/dorogimedence.hu\/#\/schema\/logo\/image\/"},"sameAs":["https:\/\/www.facebook.com\/dorogimedence\/"]},{"@type":"Person","@id":"https:\/\/dorogimedence.hu\/#\/schema\/person\/ce6091eeb7e95ecdc87890d6aa8e0fd4","name":"dorogimedence.hu","image":{"@type":"ImageObject","inLanguage":"hu","@id":"\/\/www.gravatar.com\/avatar\/d8d45f8901aadff40a4af72c0b826f1d?s=96&#038;r=g&#038;d=mm","url":"\/\/www.gravatar.com\/avatar\/d8d45f8901aadff40a4af72c0b826f1d?s=96&#038;r=g&#038;d=mm","contentUrl":"\/\/www.gravatar.com\/avatar\/d8d45f8901aadff40a4af72c0b826f1d?s=96&#038;r=g&#038;d=mm","caption":"dorogimedence.hu"}}]}},"_links":{"self":[{"href":"https:\/\/dorogimedence.hu\/index.php\/wp-json\/wp\/v2\/posts\/50056","targetHints":{"allow":["GET"]}}],"collection":[{"href":"https:\/\/dorogimedence.hu\/index.php\/wp-json\/wp\/v2\/posts"}],"about":[{"href":"https:\/\/dorogimedence.hu\/index.php\/wp-json\/wp\/v2\/types\/post"}],"author":[{"embeddable":true,"href":"https:\/\/dorogimedence.hu\/index.php\/wp-json\/wp\/v2\/users\/1"}],"replies":[{"embeddable":true,"href":"https:\/\/dorogimedence.hu\/index.php\/wp-json\/wp\/v2\/comments?post=50056"}],"version-history":[{"count":0,"href":"https:\/\/dorogimedence.hu\/index.php\/wp-json\/wp\/v2\/posts\/50056\/revisions"}],"wp:attachment":[{"href":"https:\/\/dorogimedence.hu\/index.php\/wp-json\/wp\/v2\/media?parent=50056"}],"wp:term":[{"taxonomy":"category","embeddable":true,"href":"https:\/\/dorogimedence.hu\/index.php\/wp-json\/wp\/v2\/categories?post=50056"},{"taxonomy":"post_tag","embeddable":true,"href":"https:\/\/dorogimedence.hu\/index.php\/wp-json\/wp\/v2\/tags?post=50056"}],"curies":[{"name":"wp","href":"https:\/\/api.w.org\/{rel}","templated":true}]}}