{"id":50053,"date":"2023-02-06T15:58:54","date_gmt":"2023-02-06T14:58:54","guid":{"rendered":"https:\/\/dorogimedence.hu\/?p=50053"},"modified":"2023-02-06T16:00:28","modified_gmt":"2023-02-06T15:00:28","slug":"ujabb-latvanyos-fejlesztesekkel-folytatodik-a-nyugati-palyaudvar-megujulasa","status":"publish","type":"post","link":"https:\/\/dorogimedence.hu\/index.php\/2023\/02\/06\/ujabb-latvanyos-fejlesztesekkel-folytatodik-a-nyugati-palyaudvar-megujulasa\/","title":{"rendered":"\u00dajabb l\u00e1tv\u00e1nyos fejleszt\u00e9sekkel folytat\u00f3dik a Nyugati p\u00e1lyaudvar meg\u00fajul\u00e1sa"},"content":{"rendered":"<div class=\"field-lead\">\n<p><strong>A Ter\u00e9z k\u00f6r\u00fati homlokzaton, az \u00e9szak-nyugati torony fel\u00faj\u00edt\u00e1sa mellett, tervezetten febru\u00e1rban a d\u00e9l-keleti tornyon is megkezd\u0151dnek a munk\u00e1k. V\u00e1rhat\u00f3an \u0151sszel elbontj\u00e1k a meg\u00fajult homlokzat el\u0151l a v\u00e9d\u0151tet\u0151t.&nbsp;M\u00e9g az id\u00e9n megkezd\u0151dhet&nbsp;a 10-13. v\u00e1g\u00e1ny alatti keresztalulj\u00e1r\u00f3 \u00e1lmennyezet\u00e9nek, vil\u00e1g\u00edt\u00e1s\u00e1nak \u00e9s burkolatainak, valamint az alulj\u00e1r\u00f3b\u00f3l felvezet\u0151 l\u00e9pcs\u0151karok mellv\u00e9deinek fel\u00faj\u00edt\u00e1sa is. Az itt tal\u00e1lhat\u00f3, haszn\u00e1laton k\u00edv\u00fcli liftet elbontj\u00e1k, mert a hely\u00e9re \u00faj, nagyobb kapacit\u00e1s\u00fa felvon\u00f3t \u00e9p\u00edtenek be, ami az alulj\u00e1r\u00f3 \u00e9s a peronok k\u00f6zti akad\u00e1lymentes\u00edtett k\u00f6zleked\u00e9st szolg\u00e1lja.<\/strong><\/p>\n<div class=\"field-body\">\n<p>Az \u00e9ves szinten k\u00f6zel 18 \u00e9s f\u00e9lmilli\u00f3 ember \u00e1ltal haszn\u00e1lt, id\u00e9n 146 \u00e9ves&nbsp;Nyugati p\u00e1lyaudvar m\u0171szaki \u00e1llapota \u00e9s m\u0171eml\u00e9ki \u00e9rt\u00e9k\u00e9nek meg\u00f3v\u00e1sa, valamint a vas\u00fati forgalomban val\u00f3 kiemelt szerepe miatt halaszthatatlan volt az \u00e9p\u00fcletegy\u00fcttes tet\u0151szerkezeti rekonstrukci\u00f3j\u00e1nak megkezd\u00e9se 2020 tavasz\u00e1n. A M\u00c1V \u00e1llom\u00e1sfejleszt\u00e9si projektj\u00e9nek egyik kiemelt r\u00e9szek\u00e9nt a Magyar \u00c9p\u00edt\u0151 v\u00e9gezte el az utascsarnok teljes lez\u00e1r\u00e1s\u00e1val a tet\u0151szerkezet fel\u00faj\u00edt\u00e1s\u00e1t. A tet\u0151szakasz fel\u00faj\u00edt\u00e1sa a M\u00e1rv\u00e1nycsarnok, a v\u00e1rhat\u00f3an j\u00f6v\u0151re megny\u00edl\u00f3 nemzetk\u00f6zi v\u00e1r\u00f3, tov\u00e1bb\u00e1 a volt ABC, valamint a Cegl\u00e9di folyos\u00f3 f\u00f6l\u00f6tt is megt\u00f6rt\u00e9nt. A Nyugati t\u00e9r fel\u0151li irodasz\u00e1rny \u00e9s a kapcsol\u00f3d\u00f3 el\u0151tet\u0151 tet\u0151szerkezeteinek teljes fel\u00faj\u00edt\u00e1s\u00e1t is elv\u00e9gezt\u00e9k.<\/p>\n<p><a class=\"colorbox init-colorbox-processed cboxElement\" tabindex=\"0\" title=\"Nyugati p\u00e1lyaudvar\" href=\"https:\/\/www.mavcsoport.hu\/sites\/default\/files\/styles\/width_1260\/public\/upload\/nyugati_1_mav.jpg?itok=Dg4RaFaI\" data-colorbox-gallery=\"\" data-cbox-img-attrs=\"{&quot;title&quot;: &quot;Nyugati p\u00e1lyaudvar&quot;, &quot;alt&quot;: &quot;Nyugati p\u00e1lyaudvar&quot;}\"><img fetchpriority=\"high\" decoding=\"async\" class=\"media-element file-width-680-colorbox\" title=\"Nyugati p\u00e1lyaudvar\" src=\"https:\/\/www.mavcsoport.hu\/sites\/default\/files\/styles\/width_680\/public\/upload\/nyugati_1_mav.jpg?itok=yY28w2uT\" alt=\"Nyugati p\u00e1lyaudvar\" data-delta=\"1\" width=\"680\" height=\"453\"><\/a><\/p>\n<p>\u0150sszel l\u00e1tv\u00e1nyos el\u0151rel\u00e9p\u00e9s v\u00e1rhat\u00f3 a p\u00e1lyaudvaron: elbontj\u00e1k a Ter\u00e9z k\u00f6r\u00fati homlokzata el\u0151tti, a gyalogos forgalmat akad\u00e1lyoz\u00f3 v\u00e9d\u0151tet\u0151t. Ezzel a jelent\u0151s \u00e9p\u00edt\u00e9szeti \u00e9s m\u0171szaki eml\u00e9ket k\u00e9pvisel\u0151, orsz\u00e1gos m\u0171eml\u00e9ki v\u00e9detts\u00e9get \u00e9lvez\u0151 \u00e9p\u00fclet ikonikus r\u00e9sze v\u00e1lik \u00fajra zavartalanul l\u00e1that\u00f3v\u00e1. A homlokzaton, az \u00e9szak-nyugati <em>(metr\u00f3 fel\u0151li)<\/em> tornyon a munk\u00e1kat tavaly \u0151sz \u00f3ta az \u00c9PKAR v\u00e9gzi, a tervek szerint j\u00fanius v\u00e9g\u00e9ig; m\u00edg a d\u00e9l-keleti <em>(gyors\u00e9tterem fel\u0151li)<\/em> tornyon a M\u00c1V FKG szakemberei fognak dolgozni v\u00e1rhat\u00f3an novemberig.<\/p>\n<p>A p\u00e1lyaudvar 10-13. v\u00e1g\u00e1nyai alatt h\u00faz\u00f3d\u00f3 keresztalulj\u00e1r\u00f3, v\u00e1rhat\u00f3an ny\u00e1ron indul\u00f3 fel\u00faj\u00edt\u00e1sa nyom\u00e1n az elhaszn\u00e1l\u00f3dott \u00e1lmennyezet vil\u00e1g\u00edt\u00e1s\u00e1nak \u00e9s burkolatainak teljes cser\u00e9je mellett fontos hangs\u00falyt kap az akad\u00e1lymentes\u00edt\u00e9s a megl\u00e9v\u0151, de \u00e9vek \u00f3ta nem haszn\u00e1lt peronfelvon\u00f3 cser\u00e9j\u00e9vel. A munk\u00e1k sor\u00e1n az alulj\u00e1r\u00f3 \u00e1lmennyezet\u00e9t teljesen cser\u00e9lni kell 1100 n\u00e9gyzetm\u00e9ternyi fel\u00fcleten, l\u00e1mpatestekkel \u00e9s \u00faj elektromos h\u00e1l\u00f3zattal. A falburkolatok kb. 500 n\u00e9gyzetm\u00e9ternyi fel\u00fcleten; valamint a teljes, kb. 900 n\u00e9gyzetm\u00e9teres padl\u00f3burkolat cser\u00e9je is megt\u00f6rt\u00e9nik. A haszn\u00e1laton k\u00edv\u00fcli peronfelvon\u00f3 hely\u00e9re pedig \u00faj, 1000 kg teherb\u00edr\u00e1s\u00fa, ac\u00e9l tart\u00f3szerkezet\u0171, vand\u00e1lbiztos kialak\u00edt\u00e1s\u00fa lift \u00e9p\u00fcl a tervek szerint, melynek \u00e9p\u00edt\u00e9se szint\u00e9n id\u00e9n ny\u00e1ron indulhat el v\u00e1rhat\u00f3an.<\/p>\n<p><a class=\"colorbox init-colorbox-processed cboxElement\" tabindex=\"0\" title=\"Nyugati p\u00e1lyaudvar\" href=\"https:\/\/www.mavcsoport.hu\/sites\/default\/files\/styles\/width_1260\/public\/upload\/nyugati_2_mav.jpg?itok=18_nYnFi\" data-colorbox-gallery=\"\" data-cbox-img-attrs=\"{&quot;title&quot;: &quot;Nyugati p\u00e1lyaudvar&quot;, &quot;alt&quot;: &quot;Nyugati p\u00e1lyaudvar&quot;}\"><img decoding=\"async\" class=\"media-element file-width-680-colorbox\" title=\"Nyugati p\u00e1lyaudvar\" src=\"https:\/\/www.mavcsoport.hu\/sites\/default\/files\/styles\/width_680\/public\/upload\/nyugati_2_mav.jpg?itok=0jffd1Bq\" alt=\"Nyugati p\u00e1lyaudvar\" data-delta=\"2\" width=\"680\" height=\"453\"><\/a><\/p>\n<p>A biztons\u00e1gtechnikai fejleszt\u00e9sek r\u00e9szek\u00e9n \u00faj vagyonv\u00e9delmi vide\u00f3rendszer \u00e9p\u00fcl ki, mintegy 246 darab IP kamera felszerel\u00e9s\u00e9vel a peronokon \u00e9s a bels\u0151tereken egyar\u00e1nt. A p\u00e1lyaudvar biztons\u00e1gosabb\u00e1 t\u00e9tel\u00e9hez sz\u00fcks\u00e9ges kamerarendszer ki\u00e9p\u00edt\u00e9se m\u00e9g id\u00e9n megt\u00f6rt\u00e9nik.<\/p>\n<p><strong><em>Tervek a k\u00f6zelj\u00f6v\u0151re<\/em><\/strong><\/p>\n<p>A p\u00e9nzt\u00e1rcsarnok k\u00fcls\u0151 homlokzat\u00e1nak \u00e9s bels\u0151 ter\u00e9nek, a rend\u0151rs\u00e9gi \u00e1tj\u00e1r\u00f3nak, tov\u00e1bb\u00e1 a Nyugati t\u00e9ri irodar\u00e9sz k\u00fcls\u0151 homlokzat\u00e1nak fel\u00faj\u00edt\u00e1sa is el\u0151k\u00e9sz\u00edt\u00e9s alatt \u00e1ll.<\/p>\n<p><a class=\"colorbox init-colorbox-processed cboxElement\" tabindex=\"0\" title=\"Nyugati p\u00e1lyaudvar\" href=\"https:\/\/www.mavcsoport.hu\/sites\/default\/files\/styles\/width_1260\/public\/upload\/nyugati_3_mav.jpg?itok=ydAf4zDe\" data-colorbox-gallery=\"\" data-cbox-img-attrs=\"{&quot;title&quot;: &quot;Nyugati p\u00e1lyaudvar&quot;, &quot;alt&quot;: &quot;Nyugati p\u00e1lyaudvar&quot;}\"><img decoding=\"async\" class=\"media-element file-width-680-colorbox\" title=\"Nyugati p\u00e1lyaudvar\" src=\"https:\/\/www.mavcsoport.hu\/sites\/default\/files\/styles\/width_680\/public\/upload\/nyugati_3_mav.jpg?itok=BTttNZdu\" alt=\"Nyugati p\u00e1lyaudvar\" data-delta=\"3\" width=\"680\" height=\"453\"><\/a><\/p>\n<p><strong><em>Kor\u00e1bbi munk\u00e1latok<\/em><\/strong><\/p>\n<p>A tet\u0151szerkezet fel\u00faj\u00edt\u00e1sa sor\u00e1n a v\u00e1g\u00e1nycsarnok bels\u0151 homlokzat\u00e1t \u00e9s a ny\u00edl\u00e1sz\u00e1r\u00f3kat fel\u00faj\u00edtott\u00e1k, a k\u00e9t hosszoldali k\u0151l\u00e1bazatot cser\u00e9lt\u00e9k \u00e9s korszer\u0171 bels\u0151 vil\u00e1g\u00edt\u00e1st \u00e9p\u00edtettek ki. A kivitelez\u00e9s tavaly \u0151sszel befejez\u0151d\u00f6tt. A p\u00e1lyaudvaron diszp\u00e9cserk\u00f6zpont \u00e9p\u00fclt ki, az utast\u00e1j\u00e9koztat\u00e1s moderniz\u00e1l\u00e1sa jegy\u00e9ben pedig \u00faj, hangos utast\u00e1j\u00e9koztat\u00e1s l\u00e9tes\u00fclt, a v\u00e1g\u00e1nyv\u00e9gi utast\u00e1j\u00e9koztat\u00f3 t\u00e1bl\u00e1kat \u00e9s az \u00f6sszes\u00edt\u0151 t\u00e1bl\u00e1t cser\u00e9lt\u00e9k, korszer\u0171s\u00edtett\u00e9k \u00e9s a Keleti p\u00e1lyaudvar\u00e9hoz hasonl\u00f3 k\u00e9t nagy LED t\u00e1bl\u00e1t is telep\u00edtettek. Meg\u00fajult a gyors\u00e9tterem teteje \u00e9s mennyezete, megt\u00f6rt\u00e9nt a homlokzati hat kisebb toronytet\u0151 m\u0171eml\u00e9ki fel\u00faj\u00edt\u00e1sa teljes tet\u0151h\u00e9jazat-cser\u00e9vel, \u00f6sszesen mintegy 8200 n\u00e9gyzetm\u00e9teren. A faszerkezeteket lecser\u00e9lt\u00e9k, a f\u00e9mszerkezeteket fel\u00faj\u00edtott\u00e1k, a rekonstrukci\u00f3n \u00e1tesett tet\u0151szakaszok csapad\u00e9kv\u00edz-elvezet\u0151 rendszere is r\u00e9szlegesen \u00faj lett. A tet\u0151fed\u00e9snek k\u00f6sz\u00f6nhet\u0151en m\u00e1r a nagyobb es\u0151z\u00e9sekkor sem tapasztalhat\u00f3 be\u00e1z\u00e1s. A p\u00e1lyaudvar Ter\u00e9z k\u00f6r\u00fat fel\u0151li akad\u00e1lymentes megk\u00f6zel\u00edt\u00e9s\u00e9re \u00faj r\u00e1mp\u00e1t alak\u00edtottak ki az \u00f6r\u00f6ks\u00e9gv\u00e9delmi hat\u00f3s\u00e1ggal egyeztetettek szerint. A p\u00e1lyaudvar ter\u00fclet\u00e9n saj\u00e1t forr\u00e1sb\u00f3l a csarnokban a vakok \u00e9s gyeng\u00e9n l\u00e1t\u00f3k sz\u00e1m\u00e1ra vezet\u0151, \u00fagynevezett taktilis s\u00e1v k\u00e9sz\u00fclt, aminek megtervez\u00e9s\u00e9ben a Magyar Vakok- \u00e9s Gyeng\u00e9nl\u00e1t\u00f3k Orsz\u00e1gos Sz\u00f6vets\u00e9ge ny\u00fajtott seg\u00edts\u00e9get. Megsz\u00e9p\u00fclt a M\u00e1rv\u00e1nycsarnok \u00e9s a Cegl\u00e9di folyos\u00f3; az automat\u00e1k p\u00e1lyaudvaron bel\u00fcli eloszt\u00e1sa is m\u00e9g utasbar\u00e1tabb lett.<\/p>\n<p><em>Fot\u00f3k, forr\u00e1s: M\u00c1V Zrt. Kommunik\u00e1ci\u00f3s Igazgat\u00f3s\u00e1g<\/em><\/p>\n<\/div>\n<\/div>\n","protected":false},"excerpt":{"rendered":"<p>A Ter\u00e9z k\u00f6r\u00fati homlokzaton, az \u00e9szak-nyugati torony fel\u00faj\u00edt\u00e1sa mellett, tervezetten febru\u00e1rban a d\u00e9l-keleti tornyon is megkezd\u0151dnek a munk\u00e1k. V\u00e1rhat\u00f3an \u0151sszel elbontj\u00e1k a meg\u00fajult homlokzat el\u0151l a v\u00e9d\u0151tet\u0151t.&nbsp;M\u00e9g az id\u00e9n megkezd\u0151dhet&nbsp;a 10-13. v\u00e1g\u00e1ny alatti keresztalulj\u00e1r\u00f3 \u00e1lmennyezet\u00e9nek, vil\u00e1g\u00edt\u00e1s\u00e1nak \u00e9s burkolatainak, valamint az alulj\u00e1r\u00f3b\u00f3l felvezet\u0151 l\u00e9pcs\u0151karok mellv\u00e9deinek fel\u00faj\u00edt\u00e1sa is. Az itt tal\u00e1lhat\u00f3, haszn\u00e1laton k\u00edv\u00fcli liftet elbontj\u00e1k, mert a<\/p>\n","protected":false},"author":1,"featured_media":50054,"comment_status":"closed","ping_status":"closed","sticky":false,"template":"","format":"standard","meta":{"ngg_post_thumbnail":0,"footnotes":""},"categories":[6934,3],"tags":[464,4877],"class_list":{"0":"post-50053","1":"post","2":"type-post","3":"status-publish","4":"format-standard","5":"has-post-thumbnail","7":"category-belfold","8":"category-hirek","9":"tag-felujitas","10":"tag-nyugati-palyaudvar"},"yoast_head":"<!-- This site is optimized with the Yoast SEO plugin v27.4 - https:\/\/yoast.com\/product\/yoast-seo-wordpress\/ -->\n<title>\u00dajabb l\u00e1tv\u00e1nyos fejleszt\u00e9sekkel folytat\u00f3dik a Nyugati p\u00e1lyaudvar meg\u00fajul\u00e1sa<\/title>\n<meta name=\"robots\" content=\"index, follow, max-snippet:-1, max-image-preview:large, max-video-preview:-1\" \/>\n<link rel=\"canonical\" href=\"https:\/\/dorogimedence.hu\/index.php\/2023\/02\/06\/ujabb-latvanyos-fejlesztesekkel-folytatodik-a-nyugati-palyaudvar-megujulasa\/\" class=\"yoast-seo-meta-tag\" \/>\n<meta property=\"og:locale\" content=\"hu_HU\" class=\"yoast-seo-meta-tag\" \/>\n<meta property=\"og:type\" content=\"article\" class=\"yoast-seo-meta-tag\" \/>\n<meta property=\"og:title\" content=\"\u00dajabb l\u00e1tv\u00e1nyos fejleszt\u00e9sekkel folytat\u00f3dik a Nyugati p\u00e1lyaudvar meg\u00fajul\u00e1sa\" class=\"yoast-seo-meta-tag\" \/>\n<meta property=\"og:description\" content=\"A Ter\u00e9z k\u00f6r\u00fati homlokzaton, az \u00e9szak-nyugati torony fel\u00faj\u00edt\u00e1sa mellett, tervezetten febru\u00e1rban a d\u00e9l-keleti tornyon is megkezd\u0151dnek a munk\u00e1k. V\u00e1rhat\u00f3an \u0151sszel elbontj\u00e1k a meg\u00fajult homlokzat el\u0151l a v\u00e9d\u0151tet\u0151t.&nbsp;M\u00e9g az id\u00e9n megkezd\u0151dhet&nbsp;a 10-13. v\u00e1g\u00e1ny alatti keresztalulj\u00e1r\u00f3 \u00e1lmennyezet\u00e9nek, vil\u00e1g\u00edt\u00e1s\u00e1nak \u00e9s burkolatainak, valamint az alulj\u00e1r\u00f3b\u00f3l felvezet\u0151 l\u00e9pcs\u0151karok mellv\u00e9deinek fel\u00faj\u00edt\u00e1sa is. Az itt tal\u00e1lhat\u00f3, haszn\u00e1laton k\u00edv\u00fcli liftet elbontj\u00e1k, mert a\" class=\"yoast-seo-meta-tag\" \/>\n<meta property=\"og:url\" content=\"https:\/\/dorogimedence.hu\/index.php\/2023\/02\/06\/ujabb-latvanyos-fejlesztesekkel-folytatodik-a-nyugati-palyaudvar-megujulasa\/\" class=\"yoast-seo-meta-tag\" \/>\n<meta property=\"og:site_name\" content=\"Dorogi-medence Region\u00e1lis H\u00edrport\u00e1l\" class=\"yoast-seo-meta-tag\" \/>\n<meta property=\"article:publisher\" content=\"https:\/\/www.facebook.com\/dorogimedence\/\" class=\"yoast-seo-meta-tag\" \/>\n<meta property=\"article:published_time\" content=\"2023-02-06T14:58:54+00:00\" class=\"yoast-seo-meta-tag\" \/>\n<meta property=\"article:modified_time\" content=\"2023-02-06T15:00:28+00:00\" class=\"yoast-seo-meta-tag\" \/>\n<meta property=\"og:image\" content=\"https:\/\/dorogimedence.hu\/wp-content\/uploads\/2023\/02\/nyugati-palyaudvar.jpg\" class=\"yoast-seo-meta-tag\" \/>\n\t<meta property=\"og:image:width\" content=\"1060\" class=\"yoast-seo-meta-tag\" \/>\n\t<meta property=\"og:image:height\" content=\"619\" class=\"yoast-seo-meta-tag\" \/>\n\t<meta property=\"og:image:type\" content=\"image\/jpeg\" class=\"yoast-seo-meta-tag\" \/>\n<meta name=\"author\" content=\"dorogimedence.hu\" class=\"yoast-seo-meta-tag\" \/>\n<meta name=\"twitter:card\" content=\"summary_large_image\" class=\"yoast-seo-meta-tag\" \/>\n<meta name=\"twitter:label1\" content=\"Szerz\u0151:\" class=\"yoast-seo-meta-tag\" \/>\n\t<meta name=\"twitter:data1\" content=\"dorogimedence.hu\" class=\"yoast-seo-meta-tag\" \/>\n\t<meta name=\"twitter:label2\" content=\"Becs\u00fclt olvas\u00e1si id\u0151\" class=\"yoast-seo-meta-tag\" \/>\n\t<meta name=\"twitter:data2\" content=\"5 perc\" class=\"yoast-seo-meta-tag\" \/>\n<script type=\"application\/ld+json\" class=\"yoast-schema-graph\">{\"@context\":\"https:\\\/\\\/schema.org\",\"@graph\":[{\"@type\":\"Article\",\"@id\":\"https:\\\/\\\/dorogimedence.hu\\\/index.php\\\/2023\\\/02\\\/06\\\/ujabb-latvanyos-fejlesztesekkel-folytatodik-a-nyugati-palyaudvar-megujulasa\\\/#article\",\"isPartOf\":{\"@id\":\"https:\\\/\\\/dorogimedence.hu\\\/index.php\\\/2023\\\/02\\\/06\\\/ujabb-latvanyos-fejlesztesekkel-folytatodik-a-nyugati-palyaudvar-megujulasa\\\/\"},\"author\":{\"name\":\"dorogimedence.hu\",\"@id\":\"https:\\\/\\\/dorogimedence.hu\\\/#\\\/schema\\\/person\\\/ce6091eeb7e95ecdc87890d6aa8e0fd4\"},\"headline\":\"\u00dajabb l\u00e1tv\u00e1nyos fejleszt\u00e9sekkel folytat\u00f3dik a Nyugati p\u00e1lyaudvar meg\u00fajul\u00e1sa\",\"datePublished\":\"2023-02-06T14:58:54+00:00\",\"dateModified\":\"2023-02-06T15:00:28+00:00\",\"mainEntityOfPage\":{\"@id\":\"https:\\\/\\\/dorogimedence.hu\\\/index.php\\\/2023\\\/02\\\/06\\\/ujabb-latvanyos-fejlesztesekkel-folytatodik-a-nyugati-palyaudvar-megujulasa\\\/\"},\"wordCount\":1017,\"publisher\":{\"@id\":\"https:\\\/\\\/dorogimedence.hu\\\/#organization\"},\"image\":{\"@id\":\"https:\\\/\\\/dorogimedence.hu\\\/index.php\\\/2023\\\/02\\\/06\\\/ujabb-latvanyos-fejlesztesekkel-folytatodik-a-nyugati-palyaudvar-megujulasa\\\/#primaryimage\"},\"thumbnailUrl\":\"https:\\\/\\\/dorogimedence.hu\\\/wp-content\\\/uploads\\\/2023\\\/02\\\/nyugati-palyaudvar.jpg\",\"keywords\":[\"fel\u00faj\u00edt\u00e1s\",\"Nyugati p\u00e1lyaudvar\"],\"articleSection\":[\"Belf\u00f6ld, Gazdas\u00e1g\",\"H\u00edrek\"],\"inLanguage\":\"hu\"},{\"@type\":\"WebPage\",\"@id\":\"https:\\\/\\\/dorogimedence.hu\\\/index.php\\\/2023\\\/02\\\/06\\\/ujabb-latvanyos-fejlesztesekkel-folytatodik-a-nyugati-palyaudvar-megujulasa\\\/\",\"url\":\"https:\\\/\\\/dorogimedence.hu\\\/index.php\\\/2023\\\/02\\\/06\\\/ujabb-latvanyos-fejlesztesekkel-folytatodik-a-nyugati-palyaudvar-megujulasa\\\/\",\"name\":\"\u00dajabb l\u00e1tv\u00e1nyos fejleszt\u00e9sekkel folytat\u00f3dik a Nyugati p\u00e1lyaudvar meg\u00fajul\u00e1sa\",\"isPartOf\":{\"@id\":\"https:\\\/\\\/dorogimedence.hu\\\/#website\"},\"primaryImageOfPage\":{\"@id\":\"https:\\\/\\\/dorogimedence.hu\\\/index.php\\\/2023\\\/02\\\/06\\\/ujabb-latvanyos-fejlesztesekkel-folytatodik-a-nyugati-palyaudvar-megujulasa\\\/#primaryimage\"},\"image\":{\"@id\":\"https:\\\/\\\/dorogimedence.hu\\\/index.php\\\/2023\\\/02\\\/06\\\/ujabb-latvanyos-fejlesztesekkel-folytatodik-a-nyugati-palyaudvar-megujulasa\\\/#primaryimage\"},\"thumbnailUrl\":\"https:\\\/\\\/dorogimedence.hu\\\/wp-content\\\/uploads\\\/2023\\\/02\\\/nyugati-palyaudvar.jpg\",\"datePublished\":\"2023-02-06T14:58:54+00:00\",\"dateModified\":\"2023-02-06T15:00:28+00:00\",\"breadcrumb\":{\"@id\":\"https:\\\/\\\/dorogimedence.hu\\\/index.php\\\/2023\\\/02\\\/06\\\/ujabb-latvanyos-fejlesztesekkel-folytatodik-a-nyugati-palyaudvar-megujulasa\\\/#breadcrumb\"},\"inLanguage\":\"hu\",\"potentialAction\":[{\"@type\":\"ReadAction\",\"target\":[\"https:\\\/\\\/dorogimedence.hu\\\/index.php\\\/2023\\\/02\\\/06\\\/ujabb-latvanyos-fejlesztesekkel-folytatodik-a-nyugati-palyaudvar-megujulasa\\\/\"]}]},{\"@type\":\"ImageObject\",\"inLanguage\":\"hu\",\"@id\":\"https:\\\/\\\/dorogimedence.hu\\\/index.php\\\/2023\\\/02\\\/06\\\/ujabb-latvanyos-fejlesztesekkel-folytatodik-a-nyugati-palyaudvar-megujulasa\\\/#primaryimage\",\"url\":\"https:\\\/\\\/dorogimedence.hu\\\/wp-content\\\/uploads\\\/2023\\\/02\\\/nyugati-palyaudvar.jpg\",\"contentUrl\":\"https:\\\/\\\/dorogimedence.hu\\\/wp-content\\\/uploads\\\/2023\\\/02\\\/nyugati-palyaudvar.jpg\",\"width\":1060,\"height\":619},{\"@type\":\"BreadcrumbList\",\"@id\":\"https:\\\/\\\/dorogimedence.hu\\\/index.php\\\/2023\\\/02\\\/06\\\/ujabb-latvanyos-fejlesztesekkel-folytatodik-a-nyugati-palyaudvar-megujulasa\\\/#breadcrumb\",\"itemListElement\":[{\"@type\":\"ListItem\",\"position\":1,\"name\":\"Kezd\u0151lap\",\"item\":\"https:\\\/\\\/dorogimedence.hu\\\/\"},{\"@type\":\"ListItem\",\"position\":2,\"name\":\"\u00dajabb l\u00e1tv\u00e1nyos fejleszt\u00e9sekkel folytat\u00f3dik a Nyugati p\u00e1lyaudvar meg\u00fajul\u00e1sa\"}]},{\"@type\":\"WebSite\",\"@id\":\"https:\\\/\\\/dorogimedence.hu\\\/#website\",\"url\":\"https:\\\/\\\/dorogimedence.hu\\\/\",\"name\":\"Dorogi-medence Region\u00e1lis H\u00edrport\u00e1l\",\"description\":\"Dorog, Keszt\u00f6lc, Le\u00e1nyv\u00e1r, Piliscs\u00e9v, Tokod, Tokodalt\u00e1r\u00f3, Csolnok, Esztergom-kertv\u00e1ros: h\u00edrek, programok\",\"publisher\":{\"@id\":\"https:\\\/\\\/dorogimedence.hu\\\/#organization\"},\"potentialAction\":[{\"@type\":\"SearchAction\",\"target\":{\"@type\":\"EntryPoint\",\"urlTemplate\":\"https:\\\/\\\/dorogimedence.hu\\\/?s={search_term_string}\"},\"query-input\":{\"@type\":\"PropertyValueSpecification\",\"valueRequired\":true,\"valueName\":\"search_term_string\"}}],\"inLanguage\":\"hu\"},{\"@type\":\"Organization\",\"@id\":\"https:\\\/\\\/dorogimedence.hu\\\/#organization\",\"name\":\"Dorogi-medence Region\u00e1lis H\u00edrport\u00e1l\",\"url\":\"https:\\\/\\\/dorogimedence.hu\\\/\",\"logo\":{\"@type\":\"ImageObject\",\"inLanguage\":\"hu\",\"@id\":\"https:\\\/\\\/dorogimedence.hu\\\/#\\\/schema\\\/logo\\\/image\\\/\",\"url\":\"https:\\\/\\\/dorogimedence.hu\\\/wp-content\\\/uploads\\\/2021\\\/04\\\/logo-feher-600.png\",\"contentUrl\":\"https:\\\/\\\/dorogimedence.hu\\\/wp-content\\\/uploads\\\/2021\\\/04\\\/logo-feher-600.png\",\"width\":600,\"height\":100,\"caption\":\"Dorogi-medence Region\u00e1lis H\u00edrport\u00e1l\"},\"image\":{\"@id\":\"https:\\\/\\\/dorogimedence.hu\\\/#\\\/schema\\\/logo\\\/image\\\/\"},\"sameAs\":[\"https:\\\/\\\/www.facebook.com\\\/dorogimedence\\\/\"]},{\"@type\":\"Person\",\"@id\":\"https:\\\/\\\/dorogimedence.hu\\\/#\\\/schema\\\/person\\\/ce6091eeb7e95ecdc87890d6aa8e0fd4\",\"name\":\"dorogimedence.hu\",\"image\":{\"@type\":\"ImageObject\",\"inLanguage\":\"hu\",\"@id\":\"\\\/\\\/www.gravatar.com\\\/avatar\\\/d8d45f8901aadff40a4af72c0b826f1d?s=96&#038;r=g&#038;d=mm\",\"url\":\"\\\/\\\/www.gravatar.com\\\/avatar\\\/d8d45f8901aadff40a4af72c0b826f1d?s=96&#038;r=g&#038;d=mm\",\"contentUrl\":\"\\\/\\\/www.gravatar.com\\\/avatar\\\/d8d45f8901aadff40a4af72c0b826f1d?s=96&#038;r=g&#038;d=mm\",\"caption\":\"dorogimedence.hu\"}}]}<\/script>\n<!-- \/ Yoast SEO plugin. -->","yoast_head_json":{"title":"\u00dajabb l\u00e1tv\u00e1nyos fejleszt\u00e9sekkel folytat\u00f3dik a Nyugati p\u00e1lyaudvar meg\u00fajul\u00e1sa","robots":{"index":"index","follow":"follow","max-snippet":"max-snippet:-1","max-image-preview":"max-image-preview:large","max-video-preview":"max-video-preview:-1"},"canonical":"https:\/\/dorogimedence.hu\/index.php\/2023\/02\/06\/ujabb-latvanyos-fejlesztesekkel-folytatodik-a-nyugati-palyaudvar-megujulasa\/","og_locale":"hu_HU","og_type":"article","og_title":"\u00dajabb l\u00e1tv\u00e1nyos fejleszt\u00e9sekkel folytat\u00f3dik a Nyugati p\u00e1lyaudvar meg\u00fajul\u00e1sa","og_description":"A Ter\u00e9z k\u00f6r\u00fati homlokzaton, az \u00e9szak-nyugati torony fel\u00faj\u00edt\u00e1sa mellett, tervezetten febru\u00e1rban a d\u00e9l-keleti tornyon is megkezd\u0151dnek a munk\u00e1k. V\u00e1rhat\u00f3an \u0151sszel elbontj\u00e1k a meg\u00fajult homlokzat el\u0151l a v\u00e9d\u0151tet\u0151t.&nbsp;M\u00e9g az id\u00e9n megkezd\u0151dhet&nbsp;a 10-13. v\u00e1g\u00e1ny alatti keresztalulj\u00e1r\u00f3 \u00e1lmennyezet\u00e9nek, vil\u00e1g\u00edt\u00e1s\u00e1nak \u00e9s burkolatainak, valamint az alulj\u00e1r\u00f3b\u00f3l felvezet\u0151 l\u00e9pcs\u0151karok mellv\u00e9deinek fel\u00faj\u00edt\u00e1sa is. Az itt tal\u00e1lhat\u00f3, haszn\u00e1laton k\u00edv\u00fcli liftet elbontj\u00e1k, mert a","og_url":"https:\/\/dorogimedence.hu\/index.php\/2023\/02\/06\/ujabb-latvanyos-fejlesztesekkel-folytatodik-a-nyugati-palyaudvar-megujulasa\/","og_site_name":"Dorogi-medence Region\u00e1lis H\u00edrport\u00e1l","article_publisher":"https:\/\/www.facebook.com\/dorogimedence\/","article_published_time":"2023-02-06T14:58:54+00:00","article_modified_time":"2023-02-06T15:00:28+00:00","og_image":[{"width":1060,"height":619,"url":"https:\/\/dorogimedence.hu\/wp-content\/uploads\/2023\/02\/nyugati-palyaudvar.jpg","type":"image\/jpeg"}],"author":"dorogimedence.hu","twitter_card":"summary_large_image","twitter_misc":{"Szerz\u0151:":"dorogimedence.hu","Becs\u00fclt olvas\u00e1si id\u0151":"5 perc"},"schema":{"@context":"https:\/\/schema.org","@graph":[{"@type":"Article","@id":"https:\/\/dorogimedence.hu\/index.php\/2023\/02\/06\/ujabb-latvanyos-fejlesztesekkel-folytatodik-a-nyugati-palyaudvar-megujulasa\/#article","isPartOf":{"@id":"https:\/\/dorogimedence.hu\/index.php\/2023\/02\/06\/ujabb-latvanyos-fejlesztesekkel-folytatodik-a-nyugati-palyaudvar-megujulasa\/"},"author":{"name":"dorogimedence.hu","@id":"https:\/\/dorogimedence.hu\/#\/schema\/person\/ce6091eeb7e95ecdc87890d6aa8e0fd4"},"headline":"\u00dajabb l\u00e1tv\u00e1nyos fejleszt\u00e9sekkel folytat\u00f3dik a Nyugati p\u00e1lyaudvar meg\u00fajul\u00e1sa","datePublished":"2023-02-06T14:58:54+00:00","dateModified":"2023-02-06T15:00:28+00:00","mainEntityOfPage":{"@id":"https:\/\/dorogimedence.hu\/index.php\/2023\/02\/06\/ujabb-latvanyos-fejlesztesekkel-folytatodik-a-nyugati-palyaudvar-megujulasa\/"},"wordCount":1017,"publisher":{"@id":"https:\/\/dorogimedence.hu\/#organization"},"image":{"@id":"https:\/\/dorogimedence.hu\/index.php\/2023\/02\/06\/ujabb-latvanyos-fejlesztesekkel-folytatodik-a-nyugati-palyaudvar-megujulasa\/#primaryimage"},"thumbnailUrl":"https:\/\/dorogimedence.hu\/wp-content\/uploads\/2023\/02\/nyugati-palyaudvar.jpg","keywords":["fel\u00faj\u00edt\u00e1s","Nyugati p\u00e1lyaudvar"],"articleSection":["Belf\u00f6ld, Gazdas\u00e1g","H\u00edrek"],"inLanguage":"hu"},{"@type":"WebPage","@id":"https:\/\/dorogimedence.hu\/index.php\/2023\/02\/06\/ujabb-latvanyos-fejlesztesekkel-folytatodik-a-nyugati-palyaudvar-megujulasa\/","url":"https:\/\/dorogimedence.hu\/index.php\/2023\/02\/06\/ujabb-latvanyos-fejlesztesekkel-folytatodik-a-nyugati-palyaudvar-megujulasa\/","name":"\u00dajabb l\u00e1tv\u00e1nyos fejleszt\u00e9sekkel folytat\u00f3dik a Nyugati p\u00e1lyaudvar meg\u00fajul\u00e1sa","isPartOf":{"@id":"https:\/\/dorogimedence.hu\/#website"},"primaryImageOfPage":{"@id":"https:\/\/dorogimedence.hu\/index.php\/2023\/02\/06\/ujabb-latvanyos-fejlesztesekkel-folytatodik-a-nyugati-palyaudvar-megujulasa\/#primaryimage"},"image":{"@id":"https:\/\/dorogimedence.hu\/index.php\/2023\/02\/06\/ujabb-latvanyos-fejlesztesekkel-folytatodik-a-nyugati-palyaudvar-megujulasa\/#primaryimage"},"thumbnailUrl":"https:\/\/dorogimedence.hu\/wp-content\/uploads\/2023\/02\/nyugati-palyaudvar.jpg","datePublished":"2023-02-06T14:58:54+00:00","dateModified":"2023-02-06T15:00:28+00:00","breadcrumb":{"@id":"https:\/\/dorogimedence.hu\/index.php\/2023\/02\/06\/ujabb-latvanyos-fejlesztesekkel-folytatodik-a-nyugati-palyaudvar-megujulasa\/#breadcrumb"},"inLanguage":"hu","potentialAction":[{"@type":"ReadAction","target":["https:\/\/dorogimedence.hu\/index.php\/2023\/02\/06\/ujabb-latvanyos-fejlesztesekkel-folytatodik-a-nyugati-palyaudvar-megujulasa\/"]}]},{"@type":"ImageObject","inLanguage":"hu","@id":"https:\/\/dorogimedence.hu\/index.php\/2023\/02\/06\/ujabb-latvanyos-fejlesztesekkel-folytatodik-a-nyugati-palyaudvar-megujulasa\/#primaryimage","url":"https:\/\/dorogimedence.hu\/wp-content\/uploads\/2023\/02\/nyugati-palyaudvar.jpg","contentUrl":"https:\/\/dorogimedence.hu\/wp-content\/uploads\/2023\/02\/nyugati-palyaudvar.jpg","width":1060,"height":619},{"@type":"BreadcrumbList","@id":"https:\/\/dorogimedence.hu\/index.php\/2023\/02\/06\/ujabb-latvanyos-fejlesztesekkel-folytatodik-a-nyugati-palyaudvar-megujulasa\/#breadcrumb","itemListElement":[{"@type":"ListItem","position":1,"name":"Kezd\u0151lap","item":"https:\/\/dorogimedence.hu\/"},{"@type":"ListItem","position":2,"name":"\u00dajabb l\u00e1tv\u00e1nyos fejleszt\u00e9sekkel folytat\u00f3dik a Nyugati p\u00e1lyaudvar meg\u00fajul\u00e1sa"}]},{"@type":"WebSite","@id":"https:\/\/dorogimedence.hu\/#website","url":"https:\/\/dorogimedence.hu\/","name":"Dorogi-medence Region\u00e1lis H\u00edrport\u00e1l","description":"Dorog, Keszt\u00f6lc, Le\u00e1nyv\u00e1r, Piliscs\u00e9v, Tokod, Tokodalt\u00e1r\u00f3, Csolnok, Esztergom-kertv\u00e1ros: h\u00edrek, programok","publisher":{"@id":"https:\/\/dorogimedence.hu\/#organization"},"potentialAction":[{"@type":"SearchAction","target":{"@type":"EntryPoint","urlTemplate":"https:\/\/dorogimedence.hu\/?s={search_term_string}"},"query-input":{"@type":"PropertyValueSpecification","valueRequired":true,"valueName":"search_term_string"}}],"inLanguage":"hu"},{"@type":"Organization","@id":"https:\/\/dorogimedence.hu\/#organization","name":"Dorogi-medence Region\u00e1lis H\u00edrport\u00e1l","url":"https:\/\/dorogimedence.hu\/","logo":{"@type":"ImageObject","inLanguage":"hu","@id":"https:\/\/dorogimedence.hu\/#\/schema\/logo\/image\/","url":"https:\/\/dorogimedence.hu\/wp-content\/uploads\/2021\/04\/logo-feher-600.png","contentUrl":"https:\/\/dorogimedence.hu\/wp-content\/uploads\/2021\/04\/logo-feher-600.png","width":600,"height":100,"caption":"Dorogi-medence Region\u00e1lis H\u00edrport\u00e1l"},"image":{"@id":"https:\/\/dorogimedence.hu\/#\/schema\/logo\/image\/"},"sameAs":["https:\/\/www.facebook.com\/dorogimedence\/"]},{"@type":"Person","@id":"https:\/\/dorogimedence.hu\/#\/schema\/person\/ce6091eeb7e95ecdc87890d6aa8e0fd4","name":"dorogimedence.hu","image":{"@type":"ImageObject","inLanguage":"hu","@id":"\/\/www.gravatar.com\/avatar\/d8d45f8901aadff40a4af72c0b826f1d?s=96&#038;r=g&#038;d=mm","url":"\/\/www.gravatar.com\/avatar\/d8d45f8901aadff40a4af72c0b826f1d?s=96&#038;r=g&#038;d=mm","contentUrl":"\/\/www.gravatar.com\/avatar\/d8d45f8901aadff40a4af72c0b826f1d?s=96&#038;r=g&#038;d=mm","caption":"dorogimedence.hu"}}]}},"_links":{"self":[{"href":"https:\/\/dorogimedence.hu\/index.php\/wp-json\/wp\/v2\/posts\/50053","targetHints":{"allow":["GET"]}}],"collection":[{"href":"https:\/\/dorogimedence.hu\/index.php\/wp-json\/wp\/v2\/posts"}],"about":[{"href":"https:\/\/dorogimedence.hu\/index.php\/wp-json\/wp\/v2\/types\/post"}],"author":[{"embeddable":true,"href":"https:\/\/dorogimedence.hu\/index.php\/wp-json\/wp\/v2\/users\/1"}],"replies":[{"embeddable":true,"href":"https:\/\/dorogimedence.hu\/index.php\/wp-json\/wp\/v2\/comments?post=50053"}],"version-history":[{"count":0,"href":"https:\/\/dorogimedence.hu\/index.php\/wp-json\/wp\/v2\/posts\/50053\/revisions"}],"wp:featuredmedia":[{"embeddable":true,"href":"https:\/\/dorogimedence.hu\/index.php\/wp-json\/wp\/v2\/media\/50054"}],"wp:attachment":[{"href":"https:\/\/dorogimedence.hu\/index.php\/wp-json\/wp\/v2\/media?parent=50053"}],"wp:term":[{"taxonomy":"category","embeddable":true,"href":"https:\/\/dorogimedence.hu\/index.php\/wp-json\/wp\/v2\/categories?post=50053"},{"taxonomy":"post_tag","embeddable":true,"href":"https:\/\/dorogimedence.hu\/index.php\/wp-json\/wp\/v2\/tags?post=50053"}],"curies":[{"name":"wp","href":"https:\/\/api.w.org\/{rel}","templated":true}]}}