{"id":49993,"date":"2023-02-05T12:58:48","date_gmt":"2023-02-05T11:58:48","guid":{"rendered":"https:\/\/dorogimedence.hu\/?p=49993"},"modified":"2023-02-05T12:59:06","modified_gmt":"2023-02-05T11:59:06","slug":"atadtak-a-suzuki-arenat-esztergomban","status":"publish","type":"post","link":"https:\/\/dorogimedence.hu\/index.php\/2023\/02\/05\/atadtak-a-suzuki-arenat-esztergomban\/","title":{"rendered":"\u00c1tadt\u00e1k a Suzuki Ar\u00e9n\u00e1t Esztergomban"},"content":{"rendered":"<p><strong>Febru\u00e1r 4-\u00e9n, szombaton nagyszab\u00e1s\u00fa \u00fcnneps\u00e9g keret\u00e9ben adt\u00e1k \u00e1t Esztergom \u00faj sportcsarnok\u00e1t, amely a Suzuki Ar\u00e9na nevet viseli.<\/strong><\/p>\n<p>Az \u00e1tad\u00f3 \u00fcnneps\u00e9get sz\u00e1mos produkci\u00f3kkal nyitott\u00e1k meg V\u00e1rkonyi Attila (DJ Dominique), az orsz\u00e1g egyik legkeresettebb lemezlovas\u00e1nak konfer\u00e1l\u00e1sban. Fekete P\u00e9ter, a F\u0151v\u00e1rosi Nagycirkusz igazgat\u00f3ja l\u00e1tv\u00e1nyos el\u0151ad\u00e1sokat \u00e9s izgalmas produkci\u00f3kat hozott aj\u00e1nd\u00e9kba az esztergomi k\u00f6z\u00f6ns\u00e9gnek.<\/p>\n<p><img fetchpriority=\"high\" decoding=\"async\" class=\"alignnone size-large wp-image-49995\" src=\"https:\/\/dorogimedence.hu\/wp-content\/uploads\/2023\/02\/sportcsarnok-02-1024x646.jpg\" alt=\"\" width=\"755\" height=\"476\" srcset=\"https:\/\/dorogimedence.hu\/wp-content\/uploads\/2023\/02\/sportcsarnok-02-1024x646.jpg 1024w, https:\/\/dorogimedence.hu\/wp-content\/uploads\/2023\/02\/sportcsarnok-02-300x189.jpg 300w, https:\/\/dorogimedence.hu\/wp-content\/uploads\/2023\/02\/sportcsarnok-02-768x485.jpg 768w, https:\/\/dorogimedence.hu\/wp-content\/uploads\/2023\/02\/sportcsarnok-02-1536x970.jpg 1536w, https:\/\/dorogimedence.hu\/wp-content\/uploads\/2023\/02\/sportcsarnok-02-150x95.jpg 150w, https:\/\/dorogimedence.hu\/wp-content\/uploads\/2023\/02\/sportcsarnok-02-450x284.jpg 450w, https:\/\/dorogimedence.hu\/wp-content\/uploads\/2023\/02\/sportcsarnok-02-1200x758.jpg 1200w, https:\/\/dorogimedence.hu\/wp-content\/uploads\/2023\/02\/sportcsarnok-02.jpg 1920w\" sizes=\"(max-width: 755px) 100vw, 755px\" \/><\/p>\n<p>El\u0151sz\u00f6r a Mozdulat T\u00e1ncm\u0171v\u00e9szeti Egyes\u00fclet adta el\u0151 produkci\u00f3j\u00e1t. Az oroszorsz\u00e1gi Vladimir Erofeev az egyens\u00faly megtal\u00e1l\u00e1s\u00e1t \u00e9s fenntart\u00e1s\u00e1t m\u0171v\u00e9szi szintre fejlesztette, melyet \u201erolla bolla\u201d, azaz g\u00f6rg\u0151 sz\u00e1mban mutatott meg. Majd a Duo Unicycle tagjai, Teibler Daniella \u00e9s Matos L\u00e9n\u00e1rd az akrobatika egyed\u00fcl\u00e1ll\u00f3 v\u00e1lfaj\u00e1t mutatta be egykerek\u0171n.<\/p>\n<p><img decoding=\"async\" class=\"alignnone size-large wp-image-49996\" src=\"https:\/\/dorogimedence.hu\/wp-content\/uploads\/2023\/02\/sportcsarnok-03-1024x673.jpg\" alt=\"\" width=\"755\" height=\"496\" srcset=\"https:\/\/dorogimedence.hu\/wp-content\/uploads\/2023\/02\/sportcsarnok-03-1024x673.jpg 1024w, https:\/\/dorogimedence.hu\/wp-content\/uploads\/2023\/02\/sportcsarnok-03-300x197.jpg 300w, https:\/\/dorogimedence.hu\/wp-content\/uploads\/2023\/02\/sportcsarnok-03-768x505.jpg 768w, https:\/\/dorogimedence.hu\/wp-content\/uploads\/2023\/02\/sportcsarnok-03-1536x1010.jpg 1536w, https:\/\/dorogimedence.hu\/wp-content\/uploads\/2023\/02\/sportcsarnok-03-150x99.jpg 150w, https:\/\/dorogimedence.hu\/wp-content\/uploads\/2023\/02\/sportcsarnok-03-450x296.jpg 450w, https:\/\/dorogimedence.hu\/wp-content\/uploads\/2023\/02\/sportcsarnok-03-1200x789.jpg 1200w, https:\/\/dorogimedence.hu\/wp-content\/uploads\/2023\/02\/sportcsarnok-03.jpg 1920w\" sizes=\"(max-width: 755px) 100vw, 755px\" \/><\/p>\n<p>V\u00e9g\u00fcl a Markin-csal\u00e1d (Markin Roman, Markina Elena, Markin Dmitrii) produkci\u00f3ja k\u00f6vetkezett. A t\u00f6bbsz\u00f6r\u00f6s cirkuszfesztiv\u00e1l-d\u00edjas artistam\u0171v\u00e9sz apuka perzs-sz\u00e1m\u00e1ban remekelt. A perzs az a hossz\u00fa f\u00e9mr\u00fad, amit a talajon \u00e1ll\u00f3 a homlok\u00e1n tart, a t\u00f6bbiek pedig a r\u00fad tetej\u00e9n v\u00e9gzik akrobatikus mutatv\u00e1nyaikat. Rendk\u00edv\u00fcl er\u0151nl\u00e9t \u00e9s koncentr\u00e1ci\u00f3 kell ahhoz, hogy az emberek alkotta torony ne omoljon \u00f6ssze, amit a sz\u00e9psz\u00e1m\u00fa k\u00f6z\u00f6ns\u00e9g nagy izgalommal k\u00f6vethetett.<\/p>\n<p><img decoding=\"async\" class=\"alignnone size-large wp-image-49997\" src=\"https:\/\/dorogimedence.hu\/wp-content\/uploads\/2023\/02\/sportcsarnok-04-866x1024.jpg\" alt=\"\" width=\"755\" height=\"893\" srcset=\"https:\/\/dorogimedence.hu\/wp-content\/uploads\/2023\/02\/sportcsarnok-04-866x1024.jpg 866w, https:\/\/dorogimedence.hu\/wp-content\/uploads\/2023\/02\/sportcsarnok-04-254x300.jpg 254w, https:\/\/dorogimedence.hu\/wp-content\/uploads\/2023\/02\/sportcsarnok-04-768x908.jpg 768w, https:\/\/dorogimedence.hu\/wp-content\/uploads\/2023\/02\/sportcsarnok-04-1299x1536.jpg 1299w, https:\/\/dorogimedence.hu\/wp-content\/uploads\/2023\/02\/sportcsarnok-04-1732x2048.jpg 1732w, https:\/\/dorogimedence.hu\/wp-content\/uploads\/2023\/02\/sportcsarnok-04-150x177.jpg 150w, https:\/\/dorogimedence.hu\/wp-content\/uploads\/2023\/02\/sportcsarnok-04-450x532.jpg 450w, https:\/\/dorogimedence.hu\/wp-content\/uploads\/2023\/02\/sportcsarnok-04-1200x1419.jpg 1200w, https:\/\/dorogimedence.hu\/wp-content\/uploads\/2023\/02\/sportcsarnok-04.jpg 1920w\" sizes=\"(max-width: 755px) 100vw, 755px\" \/><\/p>\n<p>A m\u0171sorsz\u00e1mok k\u00f6z\u00f6tt besz\u00e9deket hallgathattak meg az egybegy\u0171ltek. El\u0151sz\u00f6r Hern\u00e1di \u00c1d\u00e1m, Esztergom polg\u00e1rmestere j\u00e1rult a mikrofonokhoz, aki elmondta, hogy az egy\u00fctt gondolkod\u00e1s \u00e9s az egy\u00fcttm\u0171k\u00f6d\u00e9s eredm\u00e9nyek\u00e9nt k\u00f6zel h\u00e1rommilli\u00e1rd forint t\u00e1mogat\u00e1st siker\u00fclt a v\u00e1rosba hozni, amib\u0151l multifunkci\u00f3s rendezv\u00e9nycsarnokk\u00e1 alak\u00edtott\u00e1k \u00e1t a P\u00e9zsa Tibor Sportcsarnokot. Hozz\u00e1tette, hogy a bont\u00e1si munk\u00e1latok 2021-ben kezd\u0151dtek, majd l\u00e1tv\u00e1nyosan haladtak \u00e9s meg\u00e9p\u00fclt a 2000 n\u00e9gyzetm\u00e9ter alapter\u00fclet\u0171 l\u00e9tes\u00edtm\u00e9ny, melyben az 500 f\u0151 befogad\u00e1s\u00e1ra alkalmas lel\u00e1t\u00f3 mellett 1500 n\u00e9gyzetm\u00e9teres k\u00fczd\u0151t\u00e9r, 200 n\u00e9gyzetm\u00e9teres rendezv\u00e9nyterem \u00e9s 125 n\u00e9gyzetm\u00e9teres k\u00f6z\u00f6ss\u00e9gi t\u00e9r, tov\u00e1bb\u00e1 \u00f6lt\u00f6z\u0151k \u00e9s vizesblokkok tal\u00e1lhat\u00f3k.<\/p>\n<p><img loading=\"lazy\" decoding=\"async\" class=\"alignnone size-large wp-image-49998\" src=\"https:\/\/dorogimedence.hu\/wp-content\/uploads\/2023\/02\/sportcsarnok-05-1024x641.jpg\" alt=\"\" width=\"755\" height=\"473\" srcset=\"https:\/\/dorogimedence.hu\/wp-content\/uploads\/2023\/02\/sportcsarnok-05-1024x641.jpg 1024w, https:\/\/dorogimedence.hu\/wp-content\/uploads\/2023\/02\/sportcsarnok-05-300x188.jpg 300w, https:\/\/dorogimedence.hu\/wp-content\/uploads\/2023\/02\/sportcsarnok-05-768x481.jpg 768w, https:\/\/dorogimedence.hu\/wp-content\/uploads\/2023\/02\/sportcsarnok-05-1536x962.jpg 1536w, https:\/\/dorogimedence.hu\/wp-content\/uploads\/2023\/02\/sportcsarnok-05-150x94.jpg 150w, https:\/\/dorogimedence.hu\/wp-content\/uploads\/2023\/02\/sportcsarnok-05-450x282.jpg 450w, https:\/\/dorogimedence.hu\/wp-content\/uploads\/2023\/02\/sportcsarnok-05-1200x751.jpg 1200w, https:\/\/dorogimedence.hu\/wp-content\/uploads\/2023\/02\/sportcsarnok-05.jpg 1920w\" sizes=\"(max-width: 755px) 100vw, 755px\" \/><\/p>\n<p>Bard\u00f3czy G\u00e1bor korm\u00e1nybiztos, TAO igazgat\u00f3 elmondta, hogy a Magyar K\u00e9zilabda Sz\u00f6vets\u00e9g k\u00f6zrem\u0171k\u00f6d\u00e9s\u00e9vel t\u00f6bb mint 600 sportl\u00e9tes\u00edtm\u00e9ny \u00e9p\u00fclt fel, vagy \u00fajult meg az elm\u00falt \u00e9vtizedben. Kiemelte, hogy ennek a sorozatnak a r\u00e9szek\u00e9nt \u00e9p\u00fclhetett meg az esztergomi sportcsarnok is, melyben a t\u00f6bb \u00e9vtizedes m\u00faltra visszatekint\u0151 esztergomi k\u00e9zilabdasport \u00faj otthonra lelt.<\/p>\n<p><img loading=\"lazy\" decoding=\"async\" class=\"alignnone size-large wp-image-49999\" src=\"https:\/\/dorogimedence.hu\/wp-content\/uploads\/2023\/02\/sportcsarnok-06-1024x610.jpg\" alt=\"\" width=\"755\" height=\"450\" srcset=\"https:\/\/dorogimedence.hu\/wp-content\/uploads\/2023\/02\/sportcsarnok-06-1024x610.jpg 1024w, https:\/\/dorogimedence.hu\/wp-content\/uploads\/2023\/02\/sportcsarnok-06-300x179.jpg 300w, https:\/\/dorogimedence.hu\/wp-content\/uploads\/2023\/02\/sportcsarnok-06-768x458.jpg 768w, https:\/\/dorogimedence.hu\/wp-content\/uploads\/2023\/02\/sportcsarnok-06-1536x915.jpg 1536w, https:\/\/dorogimedence.hu\/wp-content\/uploads\/2023\/02\/sportcsarnok-06-150x89.jpg 150w, https:\/\/dorogimedence.hu\/wp-content\/uploads\/2023\/02\/sportcsarnok-06-450x268.jpg 450w, https:\/\/dorogimedence.hu\/wp-content\/uploads\/2023\/02\/sportcsarnok-06-1200x715.jpg 1200w, https:\/\/dorogimedence.hu\/wp-content\/uploads\/2023\/02\/sportcsarnok-06.jpg 1920w\" sizes=\"(max-width: 755px) 100vw, 755px\" \/><\/p>\n<p>Neuzer Andr\u00e1s, az Esztergomi Vit\u00e9zek R\u00f6gbi, Atl\u00e9tikai \u00e9s Futball Club eln\u00f6ke a k\u00f6vetkez\u0151 fel\u00fct\u00e9ssel kezdte besz\u00e9d\u00e9t: \u201eA sport nem j\u00e1t\u00e9k, de a cirkusz az var\u00e1zslat.\u201d Majd elmondta, hogyha vannak c\u00e9lok, akkor oda \u00fat is vezet. A 80-as \u00e9vekben egy maroknyi ember indult el egy \u00faton, melyb\u0151l l\u00e9trej\u00f6tt egy csapat. Kiemelte, hogy nem csak a sport, hanem a k\u00f6z\u00f6ss\u00e9g \u00e9s az \u00f6sszefog\u00e1s ter\u00fclet\u00e9n is bebizony\u00edtott\u00e1k, hogy mire k\u00e9pesek, ami \u00e1ltal megval\u00f3sulhatott ez az \u00faj csarnok is. Az \u00f6sszefog\u00e1s r\u00e9szek\u00e9nt k\u00f6sz\u00f6netet mondott a partnerc\u00e9geknek, t\u00f6bbek k\u00f6z\u00f6tt a Neuzer Kft-nek, a Magyar Suzuki Zrt-nek, a MOL Nyrt-nek, a TE Connectivity Kft-nek, a Kirchhoff Hung\u00e1ria Kft-nek, az Alcufer Kft-nek, valamint a Rosenberg Kft-nek.<\/p>\n<p><img loading=\"lazy\" decoding=\"async\" class=\"alignnone size-large wp-image-50000\" src=\"https:\/\/dorogimedence.hu\/wp-content\/uploads\/2023\/02\/sportcsarnok-07-1024x592.jpg\" alt=\"\" width=\"755\" height=\"436\" srcset=\"https:\/\/dorogimedence.hu\/wp-content\/uploads\/2023\/02\/sportcsarnok-07-1024x592.jpg 1024w, https:\/\/dorogimedence.hu\/wp-content\/uploads\/2023\/02\/sportcsarnok-07-300x173.jpg 300w, https:\/\/dorogimedence.hu\/wp-content\/uploads\/2023\/02\/sportcsarnok-07-768x444.jpg 768w, https:\/\/dorogimedence.hu\/wp-content\/uploads\/2023\/02\/sportcsarnok-07-1536x888.jpg 1536w, https:\/\/dorogimedence.hu\/wp-content\/uploads\/2023\/02\/sportcsarnok-07-150x87.jpg 150w, https:\/\/dorogimedence.hu\/wp-content\/uploads\/2023\/02\/sportcsarnok-07-450x260.jpg 450w, https:\/\/dorogimedence.hu\/wp-content\/uploads\/2023\/02\/sportcsarnok-07-1200x694.jpg 1200w, https:\/\/dorogimedence.hu\/wp-content\/uploads\/2023\/02\/sportcsarnok-07.jpg 1920w\" sizes=\"(max-width: 755px) 100vw, 755px\" \/><\/p>\n<p>Atsumi Masato, a Magyar Suzuki Zrt. vez\u00e9rigazgat\u00f3ja elmondta, hogy a v\u00e1llalatuk 31 \u00e9ve lelt otthonra Esztergomban. Az\u00f3ta pedig olyan ipari v\u00e1llalatok helyezt\u00e9k ide sz\u00e9khely\u00fcket, amelyek hozz\u00e1j\u00e1rultak ahhoz, hogy Esztergom 2022-re megyei jog\u00fa v\u00e1ross\u00e1 n\u0151je ki mag\u00e1t. Kiemelte, hogy Neuzer Andr\u00e1s elsz\u00e1nts\u00e1g\u00e1nak \u00e9s az esztergomi \u00f6nkorm\u00e1nyzat t\u00e1mogat\u00e1s\u00e1nak k\u00f6sz\u00f6nhet\u0151en a v\u00e1ros \u00e9lete soksz\u00edn\u0171bb, az itt \u00e9l\u0151k mindennapjai pedig v\u00e1ltozatosabbak lettek. A Magyar Suzuki fontosnak tartja a v\u00e1rosvezet\u00e9ssel fenn\u00e1ll\u00f3 sikeres egy\u00fcttm\u0171k\u00f6d\u00e9st, tov\u00e1bb\u00e1 kiemelt figyelmet ford\u00edtanak a helyi k\u00f6z\u00f6ss\u00e9gek, szervezetek, valamint a kultur\u00e1lis \u00e9s sport\u00e9let t\u00e1mogat\u00e1s\u00e1ra.<\/p>\n<p><img loading=\"lazy\" decoding=\"async\" class=\"alignnone size-large wp-image-50001\" src=\"https:\/\/dorogimedence.hu\/wp-content\/uploads\/2023\/02\/sportcsarnok-08-1024x594.jpg\" alt=\"\" width=\"755\" height=\"438\" srcset=\"https:\/\/dorogimedence.hu\/wp-content\/uploads\/2023\/02\/sportcsarnok-08-1024x594.jpg 1024w, https:\/\/dorogimedence.hu\/wp-content\/uploads\/2023\/02\/sportcsarnok-08-300x174.jpg 300w, https:\/\/dorogimedence.hu\/wp-content\/uploads\/2023\/02\/sportcsarnok-08-768x446.jpg 768w, https:\/\/dorogimedence.hu\/wp-content\/uploads\/2023\/02\/sportcsarnok-08-1536x891.jpg 1536w, https:\/\/dorogimedence.hu\/wp-content\/uploads\/2023\/02\/sportcsarnok-08-150x87.jpg 150w, https:\/\/dorogimedence.hu\/wp-content\/uploads\/2023\/02\/sportcsarnok-08-450x261.jpg 450w, https:\/\/dorogimedence.hu\/wp-content\/uploads\/2023\/02\/sportcsarnok-08-1200x696.jpg 1200w, https:\/\/dorogimedence.hu\/wp-content\/uploads\/2023\/02\/sportcsarnok-08.jpg 1920w\" sizes=\"(max-width: 755px) 100vw, 755px\" \/><\/p>\n<p>V\u00e9gezet\u00fcl Er\u0151s G\u00e1bor, a t\u00e9rs\u00e9g orsz\u00e1ggy\u0171l\u00e9si k\u00e9pvisel\u0151je elmondta, hogy Esztergom sok\u00e9ves ad\u00f3ss\u00e1g\u00e1t t\u00f6rlesztette az \u00faj sportcsarnok meg\u00e9p\u00edt\u00e9s\u00e9vel. Kiemelte, hogy a sport \u00e9s ez a l\u00e9tes\u00edtm\u00e9ny rem\u00e9nyt \u00e9s j\u00f6v\u0151t ad az esztergomi sportol\u00f3nak. \u201e\u00c9n itt kis tit\u00e1nk\u00e9nt, n\u00e9z\u0151k\u00e9nt, majd akt\u00edv sportol\u00f3k\u00e9nt, v\u00e9g\u00fcl munkav\u00e1llal\u00f3k\u00e9nt is megfordultam. Most pedig egy csod\u00e1t l\u00e1tok, ami az \u00f6nkorm\u00e1nyzat \u00e9s a t\u00e1mogat\u00f3 szervezeteknek k\u00f6sz\u00f6nhet\u0151en val\u00f3sult meg. De az, hogy meg\u00e9p\u00fclt ez az \u00e9p\u00fclet, az csak egy dolog, hiszen az \u00e9p\u00fclet akkor fog \u00e9lni, ha megt\u00f6ltj\u00fck programokkal \u00e9s esem\u00e9nyekkel. \u00c9n b\u00edzom benne, hogy sok-sok t\u00f6megsport \u00e9s esem\u00e9ny visszatal\u00e1l ide\u201d \u2013 jegyezte meg a k\u00e9pvisel\u0151.<\/p>\n<p><img loading=\"lazy\" decoding=\"async\" class=\"alignnone size-large wp-image-50002\" src=\"https:\/\/dorogimedence.hu\/wp-content\/uploads\/2023\/02\/sportcsarnok-09-1024x613.jpg\" alt=\"\" width=\"755\" height=\"452\" srcset=\"https:\/\/dorogimedence.hu\/wp-content\/uploads\/2023\/02\/sportcsarnok-09-1024x613.jpg 1024w, https:\/\/dorogimedence.hu\/wp-content\/uploads\/2023\/02\/sportcsarnok-09-300x180.jpg 300w, https:\/\/dorogimedence.hu\/wp-content\/uploads\/2023\/02\/sportcsarnok-09-768x460.jpg 768w, https:\/\/dorogimedence.hu\/wp-content\/uploads\/2023\/02\/sportcsarnok-09-1536x919.jpg 1536w, https:\/\/dorogimedence.hu\/wp-content\/uploads\/2023\/02\/sportcsarnok-09-150x90.jpg 150w, https:\/\/dorogimedence.hu\/wp-content\/uploads\/2023\/02\/sportcsarnok-09-450x269.jpg 450w, https:\/\/dorogimedence.hu\/wp-content\/uploads\/2023\/02\/sportcsarnok-09-1200x718.jpg 1200w, https:\/\/dorogimedence.hu\/wp-content\/uploads\/2023\/02\/sportcsarnok-09.jpg 1920w\" sizes=\"(max-width: 755px) 100vw, 755px\" \/><\/p>\n<p>A produkci\u00f3k \u00e9s a besz\u00e9dek ut\u00e1n Pokriva L\u00e1szl\u00f3 esperes egy r\u00f6vid liturgia keret\u00e9ben \u00e1ldotta meg a l\u00e9tes\u00edtm\u00e9nyt, majd a f\u0151 t\u00e1mogat\u00f3k egy gomb lenyom\u00e1s\u00e1val ind\u00edtott\u00e1k el az int\u00e9zm\u00e9ny j\u00f6v\u0151j\u00e9t. D\u00e9lut\u00e1n k\u00e9zilabda m\u00e9rk\u0151z\u00e9seket n\u00e9zhettek az \u00e9rdekl\u0151d\u0151k, t\u00f6bbek k\u00f6z\u00f6tt az Esztergomi Vit\u00e9zek \u00e9s a Gy\u0151ri Audi ETO KC sportol\u00f3i j\u00e1tszottak bar\u00e1ts\u00e1gos m\u00e9rk\u0151z\u00e9st.<\/p>\n<p><img loading=\"lazy\" decoding=\"async\" class=\"alignnone size-large wp-image-50003\" src=\"https:\/\/dorogimedence.hu\/wp-content\/uploads\/2023\/02\/sportcsarnok-10-1024x601.jpg\" alt=\"\" width=\"755\" height=\"443\" srcset=\"https:\/\/dorogimedence.hu\/wp-content\/uploads\/2023\/02\/sportcsarnok-10-1024x601.jpg 1024w, https:\/\/dorogimedence.hu\/wp-content\/uploads\/2023\/02\/sportcsarnok-10-300x176.jpg 300w, https:\/\/dorogimedence.hu\/wp-content\/uploads\/2023\/02\/sportcsarnok-10-768x451.jpg 768w, https:\/\/dorogimedence.hu\/wp-content\/uploads\/2023\/02\/sportcsarnok-10-1536x902.jpg 1536w, https:\/\/dorogimedence.hu\/wp-content\/uploads\/2023\/02\/sportcsarnok-10-150x88.jpg 150w, https:\/\/dorogimedence.hu\/wp-content\/uploads\/2023\/02\/sportcsarnok-10-450x264.jpg 450w, https:\/\/dorogimedence.hu\/wp-content\/uploads\/2023\/02\/sportcsarnok-10-1200x704.jpg 1200w, https:\/\/dorogimedence.hu\/wp-content\/uploads\/2023\/02\/sportcsarnok-10.jpg 1920w\" sizes=\"(max-width: 755px) 100vw, 755px\" \/><\/p>\n<p><img loading=\"lazy\" decoding=\"async\" class=\"alignnone size-large wp-image-50004\" src=\"https:\/\/dorogimedence.hu\/wp-content\/uploads\/2023\/02\/sportcsarnok-11-1024x603.jpg\" alt=\"\" width=\"755\" height=\"445\" srcset=\"https:\/\/dorogimedence.hu\/wp-content\/uploads\/2023\/02\/sportcsarnok-11-1024x603.jpg 1024w, https:\/\/dorogimedence.hu\/wp-content\/uploads\/2023\/02\/sportcsarnok-11-300x177.jpg 300w, https:\/\/dorogimedence.hu\/wp-content\/uploads\/2023\/02\/sportcsarnok-11-768x452.jpg 768w, https:\/\/dorogimedence.hu\/wp-content\/uploads\/2023\/02\/sportcsarnok-11-1536x905.jpg 1536w, https:\/\/dorogimedence.hu\/wp-content\/uploads\/2023\/02\/sportcsarnok-11-150x88.jpg 150w, https:\/\/dorogimedence.hu\/wp-content\/uploads\/2023\/02\/sportcsarnok-11-450x265.jpg 450w, https:\/\/dorogimedence.hu\/wp-content\/uploads\/2023\/02\/sportcsarnok-11-1200x707.jpg 1200w, https:\/\/dorogimedence.hu\/wp-content\/uploads\/2023\/02\/sportcsarnok-11.jpg 1920w\" sizes=\"(max-width: 755px) 100vw, 755px\" \/><\/p>\n<p><img loading=\"lazy\" decoding=\"async\" class=\"alignnone size-large wp-image-50005\" src=\"https:\/\/dorogimedence.hu\/wp-content\/uploads\/2023\/02\/sportcsarnok-12-1024x612.jpg\" alt=\"\" width=\"755\" height=\"451\" srcset=\"https:\/\/dorogimedence.hu\/wp-content\/uploads\/2023\/02\/sportcsarnok-12-1024x612.jpg 1024w, https:\/\/dorogimedence.hu\/wp-content\/uploads\/2023\/02\/sportcsarnok-12-300x179.jpg 300w, https:\/\/dorogimedence.hu\/wp-content\/uploads\/2023\/02\/sportcsarnok-12-768x459.jpg 768w, https:\/\/dorogimedence.hu\/wp-content\/uploads\/2023\/02\/sportcsarnok-12-1536x918.jpg 1536w, https:\/\/dorogimedence.hu\/wp-content\/uploads\/2023\/02\/sportcsarnok-12-150x90.jpg 150w, https:\/\/dorogimedence.hu\/wp-content\/uploads\/2023\/02\/sportcsarnok-12-450x269.jpg 450w, https:\/\/dorogimedence.hu\/wp-content\/uploads\/2023\/02\/sportcsarnok-12-1200x717.jpg 1200w, https:\/\/dorogimedence.hu\/wp-content\/uploads\/2023\/02\/sportcsarnok-12.jpg 1920w\" sizes=\"(max-width: 755px) 100vw, 755px\" \/><\/p>\n<p><img loading=\"lazy\" decoding=\"async\" class=\"alignnone size-large wp-image-50006\" src=\"https:\/\/dorogimedence.hu\/wp-content\/uploads\/2023\/02\/sportcsarnok-13-1024x621.jpg\" alt=\"\" width=\"755\" height=\"458\" srcset=\"https:\/\/dorogimedence.hu\/wp-content\/uploads\/2023\/02\/sportcsarnok-13-1024x621.jpg 1024w, https:\/\/dorogimedence.hu\/wp-content\/uploads\/2023\/02\/sportcsarnok-13-300x182.jpg 300w, https:\/\/dorogimedence.hu\/wp-content\/uploads\/2023\/02\/sportcsarnok-13-768x466.jpg 768w, https:\/\/dorogimedence.hu\/wp-content\/uploads\/2023\/02\/sportcsarnok-13-1536x931.jpg 1536w, https:\/\/dorogimedence.hu\/wp-content\/uploads\/2023\/02\/sportcsarnok-13-150x91.jpg 150w, https:\/\/dorogimedence.hu\/wp-content\/uploads\/2023\/02\/sportcsarnok-13-450x273.jpg 450w, https:\/\/dorogimedence.hu\/wp-content\/uploads\/2023\/02\/sportcsarnok-13-1200x728.jpg 1200w, https:\/\/dorogimedence.hu\/wp-content\/uploads\/2023\/02\/sportcsarnok-13.jpg 1920w\" sizes=\"(max-width: 755px) 100vw, 755px\" \/><\/p>\n<p><img loading=\"lazy\" decoding=\"async\" class=\"alignnone size-large wp-image-50010\" src=\"https:\/\/dorogimedence.hu\/wp-content\/uploads\/2023\/02\/sportcsarnok-14-1024x628.jpg\" alt=\"\" width=\"755\" height=\"463\" srcset=\"https:\/\/dorogimedence.hu\/wp-content\/uploads\/2023\/02\/sportcsarnok-14-1024x628.jpg 1024w, https:\/\/dorogimedence.hu\/wp-content\/uploads\/2023\/02\/sportcsarnok-14-300x184.jpg 300w, https:\/\/dorogimedence.hu\/wp-content\/uploads\/2023\/02\/sportcsarnok-14-768x471.jpg 768w, https:\/\/dorogimedence.hu\/wp-content\/uploads\/2023\/02\/sportcsarnok-14-1536x942.jpg 1536w, https:\/\/dorogimedence.hu\/wp-content\/uploads\/2023\/02\/sportcsarnok-14-150x92.jpg 150w, https:\/\/dorogimedence.hu\/wp-content\/uploads\/2023\/02\/sportcsarnok-14-450x276.jpg 450w, https:\/\/dorogimedence.hu\/wp-content\/uploads\/2023\/02\/sportcsarnok-14-1200x736.jpg 1200w, https:\/\/dorogimedence.hu\/wp-content\/uploads\/2023\/02\/sportcsarnok-14.jpg 1920w\" sizes=\"(max-width: 755px) 100vw, 755px\" \/><\/p>\n<p><img loading=\"lazy\" decoding=\"async\" class=\"alignnone size-large wp-image-50007\" src=\"https:\/\/dorogimedence.hu\/wp-content\/uploads\/2023\/02\/sportcsarnok-15-1024x636.jpg\" alt=\"\" width=\"755\" height=\"469\" srcset=\"https:\/\/dorogimedence.hu\/wp-content\/uploads\/2023\/02\/sportcsarnok-15-1024x636.jpg 1024w, https:\/\/dorogimedence.hu\/wp-content\/uploads\/2023\/02\/sportcsarnok-15-300x186.jpg 300w, https:\/\/dorogimedence.hu\/wp-content\/uploads\/2023\/02\/sportcsarnok-15-768x477.jpg 768w, https:\/\/dorogimedence.hu\/wp-content\/uploads\/2023\/02\/sportcsarnok-15-1536x954.jpg 1536w, https:\/\/dorogimedence.hu\/wp-content\/uploads\/2023\/02\/sportcsarnok-15-150x93.jpg 150w, https:\/\/dorogimedence.hu\/wp-content\/uploads\/2023\/02\/sportcsarnok-15-450x279.jpg 450w, https:\/\/dorogimedence.hu\/wp-content\/uploads\/2023\/02\/sportcsarnok-15-1200x745.jpg 1200w, https:\/\/dorogimedence.hu\/wp-content\/uploads\/2023\/02\/sportcsarnok-15.jpg 1920w\" sizes=\"(max-width: 755px) 100vw, 755px\" \/><\/p>\n<p><img loading=\"lazy\" decoding=\"async\" class=\"alignnone size-large wp-image-50008\" src=\"https:\/\/dorogimedence.hu\/wp-content\/uploads\/2023\/02\/sportcsarnok-16-1024x614.jpg\" alt=\"\" width=\"755\" height=\"453\" srcset=\"https:\/\/dorogimedence.hu\/wp-content\/uploads\/2023\/02\/sportcsarnok-16-1024x614.jpg 1024w, https:\/\/dorogimedence.hu\/wp-content\/uploads\/2023\/02\/sportcsarnok-16-300x180.jpg 300w, https:\/\/dorogimedence.hu\/wp-content\/uploads\/2023\/02\/sportcsarnok-16-768x461.jpg 768w, https:\/\/dorogimedence.hu\/wp-content\/uploads\/2023\/02\/sportcsarnok-16-1536x922.jpg 1536w, https:\/\/dorogimedence.hu\/wp-content\/uploads\/2023\/02\/sportcsarnok-16-150x90.jpg 150w, https:\/\/dorogimedence.hu\/wp-content\/uploads\/2023\/02\/sportcsarnok-16-450x270.jpg 450w, https:\/\/dorogimedence.hu\/wp-content\/uploads\/2023\/02\/sportcsarnok-16-1200x720.jpg 1200w, https:\/\/dorogimedence.hu\/wp-content\/uploads\/2023\/02\/sportcsarnok-16.jpg 1920w\" sizes=\"(max-width: 755px) 100vw, 755px\" \/><\/p>\n<p><img loading=\"lazy\" decoding=\"async\" class=\"alignnone size-large wp-image-50009\" src=\"https:\/\/dorogimedence.hu\/wp-content\/uploads\/2023\/02\/sportcsarnok-17-1024x625.jpg\" alt=\"\" width=\"755\" height=\"461\" srcset=\"https:\/\/dorogimedence.hu\/wp-content\/uploads\/2023\/02\/sportcsarnok-17-1024x625.jpg 1024w, https:\/\/dorogimedence.hu\/wp-content\/uploads\/2023\/02\/sportcsarnok-17-300x183.jpg 300w, https:\/\/dorogimedence.hu\/wp-content\/uploads\/2023\/02\/sportcsarnok-17-768x468.jpg 768w, https:\/\/dorogimedence.hu\/wp-content\/uploads\/2023\/02\/sportcsarnok-17-1536x937.jpg 1536w, https:\/\/dorogimedence.hu\/wp-content\/uploads\/2023\/02\/sportcsarnok-17-150x91.jpg 150w, https:\/\/dorogimedence.hu\/wp-content\/uploads\/2023\/02\/sportcsarnok-17-450x274.jpg 450w, https:\/\/dorogimedence.hu\/wp-content\/uploads\/2023\/02\/sportcsarnok-17-1200x732.jpg 1200w, https:\/\/dorogimedence.hu\/wp-content\/uploads\/2023\/02\/sportcsarnok-17.jpg 1920w\" sizes=\"(max-width: 755px) 100vw, 755px\" \/><\/p>\n<p><img loading=\"lazy\" decoding=\"async\" class=\"alignnone size-large wp-image-50011\" src=\"https:\/\/dorogimedence.hu\/wp-content\/uploads\/2023\/02\/sportcsarnok-18-1024x626.jpg\" alt=\"\" width=\"755\" height=\"462\" srcset=\"https:\/\/dorogimedence.hu\/wp-content\/uploads\/2023\/02\/sportcsarnok-18-1024x626.jpg 1024w, https:\/\/dorogimedence.hu\/wp-content\/uploads\/2023\/02\/sportcsarnok-18-300x183.jpg 300w, https:\/\/dorogimedence.hu\/wp-content\/uploads\/2023\/02\/sportcsarnok-18-768x470.jpg 768w, https:\/\/dorogimedence.hu\/wp-content\/uploads\/2023\/02\/sportcsarnok-18-1536x939.jpg 1536w, https:\/\/dorogimedence.hu\/wp-content\/uploads\/2023\/02\/sportcsarnok-18-150x92.jpg 150w, https:\/\/dorogimedence.hu\/wp-content\/uploads\/2023\/02\/sportcsarnok-18-450x275.jpg 450w, https:\/\/dorogimedence.hu\/wp-content\/uploads\/2023\/02\/sportcsarnok-18-1200x734.jpg 1200w, https:\/\/dorogimedence.hu\/wp-content\/uploads\/2023\/02\/sportcsarnok-18.jpg 1920w\" sizes=\"(max-width: 755px) 100vw, 755px\" \/><\/p>\n","protected":false},"excerpt":{"rendered":"<p>Febru\u00e1r 4-\u00e9n, szombaton nagyszab\u00e1s\u00fa \u00fcnneps\u00e9g keret\u00e9ben adt\u00e1k \u00e1t Esztergom \u00faj sportcsarnok\u00e1t, amely a Suzuki Ar\u00e9na nevet viseli. Az \u00e1tad\u00f3 \u00fcnneps\u00e9get sz\u00e1mos produkci\u00f3kkal nyitott\u00e1k meg V\u00e1rkonyi Attila (DJ Dominique), az orsz\u00e1g egyik legkeresettebb lemezlovas\u00e1nak konfer\u00e1l\u00e1sban. Fekete P\u00e9ter, a F\u0151v\u00e1rosi Nagycirkusz igazgat\u00f3ja l\u00e1tv\u00e1nyos el\u0151ad\u00e1sokat \u00e9s izgalmas produkci\u00f3kat hozott aj\u00e1nd\u00e9kba az esztergomi k\u00f6z\u00f6ns\u00e9gnek. El\u0151sz\u00f6r a Mozdulat T\u00e1ncm\u0171v\u00e9szeti Egyes\u00fclet<\/p>\n","protected":false},"author":1,"featured_media":49994,"comment_status":"closed","ping_status":"closed","sticky":false,"template":"","format":"standard","meta":{"ngg_post_thumbnail":0,"footnotes":""},"categories":[38,3],"tags":[2814,2367,42,5624,1997,6954],"class_list":{"0":"post-49993","1":"post","2":"type-post","3":"status-publish","4":"format-standard","5":"has-post-thumbnail","7":"category-esztergom","8":"category-hirek","9":"tag-atado","10":"tag-atado-unnepseg","11":"tag-esztergom","12":"tag-featured","13":"tag-sportcsarnok","14":"tag-suzuki-arena"},"yoast_head":"<!-- This site is optimized with the Yoast SEO plugin v27.5 - https:\/\/yoast.com\/product\/yoast-seo-wordpress\/ -->\n<title>\u00c1tadt\u00e1k a Suzuki Ar\u00e9n\u00e1t Esztergomban<\/title>\n<meta name=\"robots\" content=\"index, follow, max-snippet:-1, max-image-preview:large, max-video-preview:-1\" \/>\n<link rel=\"canonical\" href=\"https:\/\/dorogimedence.hu\/index.php\/2023\/02\/05\/atadtak-a-suzuki-arenat-esztergomban\/\" class=\"yoast-seo-meta-tag\" \/>\n<meta property=\"og:locale\" content=\"hu_HU\" class=\"yoast-seo-meta-tag\" \/>\n<meta property=\"og:type\" content=\"article\" class=\"yoast-seo-meta-tag\" \/>\n<meta property=\"og:title\" content=\"\u00c1tadt\u00e1k a Suzuki Ar\u00e9n\u00e1t Esztergomban\" class=\"yoast-seo-meta-tag\" \/>\n<meta property=\"og:description\" content=\"Febru\u00e1r 4-\u00e9n, szombaton nagyszab\u00e1s\u00fa \u00fcnneps\u00e9g keret\u00e9ben adt\u00e1k \u00e1t Esztergom \u00faj sportcsarnok\u00e1t, amely a Suzuki Ar\u00e9na nevet viseli. Az \u00e1tad\u00f3 \u00fcnneps\u00e9get sz\u00e1mos produkci\u00f3kkal nyitott\u00e1k meg V\u00e1rkonyi Attila (DJ Dominique), az orsz\u00e1g egyik legkeresettebb lemezlovas\u00e1nak konfer\u00e1l\u00e1sban. Fekete P\u00e9ter, a F\u0151v\u00e1rosi Nagycirkusz igazgat\u00f3ja l\u00e1tv\u00e1nyos el\u0151ad\u00e1sokat \u00e9s izgalmas produkci\u00f3kat hozott aj\u00e1nd\u00e9kba az esztergomi k\u00f6z\u00f6ns\u00e9gnek. El\u0151sz\u00f6r a Mozdulat T\u00e1ncm\u0171v\u00e9szeti Egyes\u00fclet\" class=\"yoast-seo-meta-tag\" \/>\n<meta property=\"og:url\" content=\"https:\/\/dorogimedence.hu\/index.php\/2023\/02\/05\/atadtak-a-suzuki-arenat-esztergomban\/\" class=\"yoast-seo-meta-tag\" \/>\n<meta property=\"og:site_name\" content=\"Dorogi-medence Region\u00e1lis H\u00edrport\u00e1l\" class=\"yoast-seo-meta-tag\" \/>\n<meta property=\"article:publisher\" content=\"https:\/\/www.facebook.com\/dorogimedence\/\" class=\"yoast-seo-meta-tag\" \/>\n<meta property=\"article:published_time\" content=\"2023-02-05T11:58:48+00:00\" class=\"yoast-seo-meta-tag\" \/>\n<meta property=\"article:modified_time\" content=\"2023-02-05T11:59:06+00:00\" class=\"yoast-seo-meta-tag\" \/>\n<meta property=\"og:image\" content=\"https:\/\/dorogimedence.hu\/wp-content\/uploads\/2023\/02\/sportcsarnok-01.jpg\" class=\"yoast-seo-meta-tag\" \/>\n\t<meta property=\"og:image:width\" content=\"1920\" class=\"yoast-seo-meta-tag\" \/>\n\t<meta property=\"og:image:height\" content=\"1005\" class=\"yoast-seo-meta-tag\" \/>\n\t<meta property=\"og:image:type\" content=\"image\/jpeg\" class=\"yoast-seo-meta-tag\" \/>\n<meta name=\"author\" content=\"dorogimedence.hu\" class=\"yoast-seo-meta-tag\" \/>\n<meta name=\"twitter:card\" content=\"summary_large_image\" class=\"yoast-seo-meta-tag\" \/>\n<meta name=\"twitter:label1\" content=\"Szerz\u0151:\" class=\"yoast-seo-meta-tag\" \/>\n\t<meta name=\"twitter:data1\" content=\"dorogimedence.hu\" class=\"yoast-seo-meta-tag\" \/>\n\t<meta name=\"twitter:label2\" content=\"Becs\u00fclt olvas\u00e1si id\u0151\" class=\"yoast-seo-meta-tag\" \/>\n\t<meta name=\"twitter:data2\" content=\"5 perc\" class=\"yoast-seo-meta-tag\" \/>\n<script type=\"application\/ld+json\" class=\"yoast-schema-graph\">{\"@context\":\"https:\\\/\\\/schema.org\",\"@graph\":[{\"@type\":\"Article\",\"@id\":\"https:\\\/\\\/dorogimedence.hu\\\/index.php\\\/2023\\\/02\\\/05\\\/atadtak-a-suzuki-arenat-esztergomban\\\/#article\",\"isPartOf\":{\"@id\":\"https:\\\/\\\/dorogimedence.hu\\\/index.php\\\/2023\\\/02\\\/05\\\/atadtak-a-suzuki-arenat-esztergomban\\\/\"},\"author\":{\"name\":\"dorogimedence.hu\",\"@id\":\"https:\\\/\\\/dorogimedence.hu\\\/#\\\/schema\\\/person\\\/ce6091eeb7e95ecdc87890d6aa8e0fd4\"},\"headline\":\"\u00c1tadt\u00e1k a Suzuki Ar\u00e9n\u00e1t Esztergomban\",\"datePublished\":\"2023-02-05T11:58:48+00:00\",\"dateModified\":\"2023-02-05T11:59:06+00:00\",\"mainEntityOfPage\":{\"@id\":\"https:\\\/\\\/dorogimedence.hu\\\/index.php\\\/2023\\\/02\\\/05\\\/atadtak-a-suzuki-arenat-esztergomban\\\/\"},\"wordCount\":991,\"publisher\":{\"@id\":\"https:\\\/\\\/dorogimedence.hu\\\/#organization\"},\"image\":{\"@id\":\"https:\\\/\\\/dorogimedence.hu\\\/index.php\\\/2023\\\/02\\\/05\\\/atadtak-a-suzuki-arenat-esztergomban\\\/#primaryimage\"},\"thumbnailUrl\":\"https:\\\/\\\/dorogimedence.hu\\\/wp-content\\\/uploads\\\/2023\\\/02\\\/sportcsarnok-01.jpg\",\"keywords\":[\"\u00e1tad\u00f3\",\"\u00e1tad\u00f3 \u00fcnneps\u00e9g\",\"esztergom\",\"featured\",\"sportcsarnok\",\"Suzuki Ar\u00e9na\"],\"articleSection\":[\"Esztergom\",\"H\u00edrek\"],\"inLanguage\":\"hu\"},{\"@type\":\"WebPage\",\"@id\":\"https:\\\/\\\/dorogimedence.hu\\\/index.php\\\/2023\\\/02\\\/05\\\/atadtak-a-suzuki-arenat-esztergomban\\\/\",\"url\":\"https:\\\/\\\/dorogimedence.hu\\\/index.php\\\/2023\\\/02\\\/05\\\/atadtak-a-suzuki-arenat-esztergomban\\\/\",\"name\":\"\u00c1tadt\u00e1k a Suzuki Ar\u00e9n\u00e1t Esztergomban\",\"isPartOf\":{\"@id\":\"https:\\\/\\\/dorogimedence.hu\\\/#website\"},\"primaryImageOfPage\":{\"@id\":\"https:\\\/\\\/dorogimedence.hu\\\/index.php\\\/2023\\\/02\\\/05\\\/atadtak-a-suzuki-arenat-esztergomban\\\/#primaryimage\"},\"image\":{\"@id\":\"https:\\\/\\\/dorogimedence.hu\\\/index.php\\\/2023\\\/02\\\/05\\\/atadtak-a-suzuki-arenat-esztergomban\\\/#primaryimage\"},\"thumbnailUrl\":\"https:\\\/\\\/dorogimedence.hu\\\/wp-content\\\/uploads\\\/2023\\\/02\\\/sportcsarnok-01.jpg\",\"datePublished\":\"2023-02-05T11:58:48+00:00\",\"dateModified\":\"2023-02-05T11:59:06+00:00\",\"breadcrumb\":{\"@id\":\"https:\\\/\\\/dorogimedence.hu\\\/index.php\\\/2023\\\/02\\\/05\\\/atadtak-a-suzuki-arenat-esztergomban\\\/#breadcrumb\"},\"inLanguage\":\"hu\",\"potentialAction\":[{\"@type\":\"ReadAction\",\"target\":[\"https:\\\/\\\/dorogimedence.hu\\\/index.php\\\/2023\\\/02\\\/05\\\/atadtak-a-suzuki-arenat-esztergomban\\\/\"]}]},{\"@type\":\"ImageObject\",\"inLanguage\":\"hu\",\"@id\":\"https:\\\/\\\/dorogimedence.hu\\\/index.php\\\/2023\\\/02\\\/05\\\/atadtak-a-suzuki-arenat-esztergomban\\\/#primaryimage\",\"url\":\"https:\\\/\\\/dorogimedence.hu\\\/wp-content\\\/uploads\\\/2023\\\/02\\\/sportcsarnok-01.jpg\",\"contentUrl\":\"https:\\\/\\\/dorogimedence.hu\\\/wp-content\\\/uploads\\\/2023\\\/02\\\/sportcsarnok-01.jpg\",\"width\":1920,\"height\":1005},{\"@type\":\"BreadcrumbList\",\"@id\":\"https:\\\/\\\/dorogimedence.hu\\\/index.php\\\/2023\\\/02\\\/05\\\/atadtak-a-suzuki-arenat-esztergomban\\\/#breadcrumb\",\"itemListElement\":[{\"@type\":\"ListItem\",\"position\":1,\"name\":\"Kezd\u0151lap\",\"item\":\"https:\\\/\\\/dorogimedence.hu\\\/\"},{\"@type\":\"ListItem\",\"position\":2,\"name\":\"\u00c1tadt\u00e1k a Suzuki Ar\u00e9n\u00e1t Esztergomban\"}]},{\"@type\":\"WebSite\",\"@id\":\"https:\\\/\\\/dorogimedence.hu\\\/#website\",\"url\":\"https:\\\/\\\/dorogimedence.hu\\\/\",\"name\":\"Dorogi-medence Region\u00e1lis H\u00edrport\u00e1l\",\"description\":\"Dorog, Keszt\u00f6lc, Le\u00e1nyv\u00e1r, Piliscs\u00e9v, Tokod, Tokodalt\u00e1r\u00f3, Csolnok, Esztergom-kertv\u00e1ros: h\u00edrek, programok\",\"publisher\":{\"@id\":\"https:\\\/\\\/dorogimedence.hu\\\/#organization\"},\"potentialAction\":[{\"@type\":\"SearchAction\",\"target\":{\"@type\":\"EntryPoint\",\"urlTemplate\":\"https:\\\/\\\/dorogimedence.hu\\\/?s={search_term_string}\"},\"query-input\":{\"@type\":\"PropertyValueSpecification\",\"valueRequired\":true,\"valueName\":\"search_term_string\"}}],\"inLanguage\":\"hu\"},{\"@type\":\"Organization\",\"@id\":\"https:\\\/\\\/dorogimedence.hu\\\/#organization\",\"name\":\"Dorogi-medence Region\u00e1lis H\u00edrport\u00e1l\",\"url\":\"https:\\\/\\\/dorogimedence.hu\\\/\",\"logo\":{\"@type\":\"ImageObject\",\"inLanguage\":\"hu\",\"@id\":\"https:\\\/\\\/dorogimedence.hu\\\/#\\\/schema\\\/logo\\\/image\\\/\",\"url\":\"https:\\\/\\\/dorogimedence.hu\\\/wp-content\\\/uploads\\\/2021\\\/04\\\/logo-feher-600.png\",\"contentUrl\":\"https:\\\/\\\/dorogimedence.hu\\\/wp-content\\\/uploads\\\/2021\\\/04\\\/logo-feher-600.png\",\"width\":600,\"height\":100,\"caption\":\"Dorogi-medence Region\u00e1lis H\u00edrport\u00e1l\"},\"image\":{\"@id\":\"https:\\\/\\\/dorogimedence.hu\\\/#\\\/schema\\\/logo\\\/image\\\/\"},\"sameAs\":[\"https:\\\/\\\/www.facebook.com\\\/dorogimedence\\\/\"]},{\"@type\":\"Person\",\"@id\":\"https:\\\/\\\/dorogimedence.hu\\\/#\\\/schema\\\/person\\\/ce6091eeb7e95ecdc87890d6aa8e0fd4\",\"name\":\"dorogimedence.hu\",\"image\":{\"@type\":\"ImageObject\",\"inLanguage\":\"hu\",\"@id\":\"\\\/\\\/www.gravatar.com\\\/avatar\\\/d8d45f8901aadff40a4af72c0b826f1d?s=96&#038;r=g&#038;d=mm\",\"url\":\"\\\/\\\/www.gravatar.com\\\/avatar\\\/d8d45f8901aadff40a4af72c0b826f1d?s=96&#038;r=g&#038;d=mm\",\"contentUrl\":\"\\\/\\\/www.gravatar.com\\\/avatar\\\/d8d45f8901aadff40a4af72c0b826f1d?s=96&#038;r=g&#038;d=mm\",\"caption\":\"dorogimedence.hu\"}}]}<\/script>\n<!-- \/ Yoast SEO plugin. -->","yoast_head_json":{"title":"\u00c1tadt\u00e1k a Suzuki Ar\u00e9n\u00e1t Esztergomban","robots":{"index":"index","follow":"follow","max-snippet":"max-snippet:-1","max-image-preview":"max-image-preview:large","max-video-preview":"max-video-preview:-1"},"canonical":"https:\/\/dorogimedence.hu\/index.php\/2023\/02\/05\/atadtak-a-suzuki-arenat-esztergomban\/","og_locale":"hu_HU","og_type":"article","og_title":"\u00c1tadt\u00e1k a Suzuki Ar\u00e9n\u00e1t Esztergomban","og_description":"Febru\u00e1r 4-\u00e9n, szombaton nagyszab\u00e1s\u00fa \u00fcnneps\u00e9g keret\u00e9ben adt\u00e1k \u00e1t Esztergom \u00faj sportcsarnok\u00e1t, amely a Suzuki Ar\u00e9na nevet viseli. Az \u00e1tad\u00f3 \u00fcnneps\u00e9get sz\u00e1mos produkci\u00f3kkal nyitott\u00e1k meg V\u00e1rkonyi Attila (DJ Dominique), az orsz\u00e1g egyik legkeresettebb lemezlovas\u00e1nak konfer\u00e1l\u00e1sban. Fekete P\u00e9ter, a F\u0151v\u00e1rosi Nagycirkusz igazgat\u00f3ja l\u00e1tv\u00e1nyos el\u0151ad\u00e1sokat \u00e9s izgalmas produkci\u00f3kat hozott aj\u00e1nd\u00e9kba az esztergomi k\u00f6z\u00f6ns\u00e9gnek. El\u0151sz\u00f6r a Mozdulat T\u00e1ncm\u0171v\u00e9szeti Egyes\u00fclet","og_url":"https:\/\/dorogimedence.hu\/index.php\/2023\/02\/05\/atadtak-a-suzuki-arenat-esztergomban\/","og_site_name":"Dorogi-medence Region\u00e1lis H\u00edrport\u00e1l","article_publisher":"https:\/\/www.facebook.com\/dorogimedence\/","article_published_time":"2023-02-05T11:58:48+00:00","article_modified_time":"2023-02-05T11:59:06+00:00","og_image":[{"width":1920,"height":1005,"url":"https:\/\/dorogimedence.hu\/wp-content\/uploads\/2023\/02\/sportcsarnok-01.jpg","type":"image\/jpeg"}],"author":"dorogimedence.hu","twitter_card":"summary_large_image","twitter_misc":{"Szerz\u0151:":"dorogimedence.hu","Becs\u00fclt olvas\u00e1si id\u0151":"5 perc"},"schema":{"@context":"https:\/\/schema.org","@graph":[{"@type":"Article","@id":"https:\/\/dorogimedence.hu\/index.php\/2023\/02\/05\/atadtak-a-suzuki-arenat-esztergomban\/#article","isPartOf":{"@id":"https:\/\/dorogimedence.hu\/index.php\/2023\/02\/05\/atadtak-a-suzuki-arenat-esztergomban\/"},"author":{"name":"dorogimedence.hu","@id":"https:\/\/dorogimedence.hu\/#\/schema\/person\/ce6091eeb7e95ecdc87890d6aa8e0fd4"},"headline":"\u00c1tadt\u00e1k a Suzuki Ar\u00e9n\u00e1t Esztergomban","datePublished":"2023-02-05T11:58:48+00:00","dateModified":"2023-02-05T11:59:06+00:00","mainEntityOfPage":{"@id":"https:\/\/dorogimedence.hu\/index.php\/2023\/02\/05\/atadtak-a-suzuki-arenat-esztergomban\/"},"wordCount":991,"publisher":{"@id":"https:\/\/dorogimedence.hu\/#organization"},"image":{"@id":"https:\/\/dorogimedence.hu\/index.php\/2023\/02\/05\/atadtak-a-suzuki-arenat-esztergomban\/#primaryimage"},"thumbnailUrl":"https:\/\/dorogimedence.hu\/wp-content\/uploads\/2023\/02\/sportcsarnok-01.jpg","keywords":["\u00e1tad\u00f3","\u00e1tad\u00f3 \u00fcnneps\u00e9g","esztergom","featured","sportcsarnok","Suzuki Ar\u00e9na"],"articleSection":["Esztergom","H\u00edrek"],"inLanguage":"hu"},{"@type":"WebPage","@id":"https:\/\/dorogimedence.hu\/index.php\/2023\/02\/05\/atadtak-a-suzuki-arenat-esztergomban\/","url":"https:\/\/dorogimedence.hu\/index.php\/2023\/02\/05\/atadtak-a-suzuki-arenat-esztergomban\/","name":"\u00c1tadt\u00e1k a Suzuki Ar\u00e9n\u00e1t Esztergomban","isPartOf":{"@id":"https:\/\/dorogimedence.hu\/#website"},"primaryImageOfPage":{"@id":"https:\/\/dorogimedence.hu\/index.php\/2023\/02\/05\/atadtak-a-suzuki-arenat-esztergomban\/#primaryimage"},"image":{"@id":"https:\/\/dorogimedence.hu\/index.php\/2023\/02\/05\/atadtak-a-suzuki-arenat-esztergomban\/#primaryimage"},"thumbnailUrl":"https:\/\/dorogimedence.hu\/wp-content\/uploads\/2023\/02\/sportcsarnok-01.jpg","datePublished":"2023-02-05T11:58:48+00:00","dateModified":"2023-02-05T11:59:06+00:00","breadcrumb":{"@id":"https:\/\/dorogimedence.hu\/index.php\/2023\/02\/05\/atadtak-a-suzuki-arenat-esztergomban\/#breadcrumb"},"inLanguage":"hu","potentialAction":[{"@type":"ReadAction","target":["https:\/\/dorogimedence.hu\/index.php\/2023\/02\/05\/atadtak-a-suzuki-arenat-esztergomban\/"]}]},{"@type":"ImageObject","inLanguage":"hu","@id":"https:\/\/dorogimedence.hu\/index.php\/2023\/02\/05\/atadtak-a-suzuki-arenat-esztergomban\/#primaryimage","url":"https:\/\/dorogimedence.hu\/wp-content\/uploads\/2023\/02\/sportcsarnok-01.jpg","contentUrl":"https:\/\/dorogimedence.hu\/wp-content\/uploads\/2023\/02\/sportcsarnok-01.jpg","width":1920,"height":1005},{"@type":"BreadcrumbList","@id":"https:\/\/dorogimedence.hu\/index.php\/2023\/02\/05\/atadtak-a-suzuki-arenat-esztergomban\/#breadcrumb","itemListElement":[{"@type":"ListItem","position":1,"name":"Kezd\u0151lap","item":"https:\/\/dorogimedence.hu\/"},{"@type":"ListItem","position":2,"name":"\u00c1tadt\u00e1k a Suzuki Ar\u00e9n\u00e1t Esztergomban"}]},{"@type":"WebSite","@id":"https:\/\/dorogimedence.hu\/#website","url":"https:\/\/dorogimedence.hu\/","name":"Dorogi-medence Region\u00e1lis H\u00edrport\u00e1l","description":"Dorog, Keszt\u00f6lc, Le\u00e1nyv\u00e1r, Piliscs\u00e9v, Tokod, Tokodalt\u00e1r\u00f3, Csolnok, Esztergom-kertv\u00e1ros: h\u00edrek, programok","publisher":{"@id":"https:\/\/dorogimedence.hu\/#organization"},"potentialAction":[{"@type":"SearchAction","target":{"@type":"EntryPoint","urlTemplate":"https:\/\/dorogimedence.hu\/?s={search_term_string}"},"query-input":{"@type":"PropertyValueSpecification","valueRequired":true,"valueName":"search_term_string"}}],"inLanguage":"hu"},{"@type":"Organization","@id":"https:\/\/dorogimedence.hu\/#organization","name":"Dorogi-medence Region\u00e1lis H\u00edrport\u00e1l","url":"https:\/\/dorogimedence.hu\/","logo":{"@type":"ImageObject","inLanguage":"hu","@id":"https:\/\/dorogimedence.hu\/#\/schema\/logo\/image\/","url":"https:\/\/dorogimedence.hu\/wp-content\/uploads\/2021\/04\/logo-feher-600.png","contentUrl":"https:\/\/dorogimedence.hu\/wp-content\/uploads\/2021\/04\/logo-feher-600.png","width":600,"height":100,"caption":"Dorogi-medence Region\u00e1lis H\u00edrport\u00e1l"},"image":{"@id":"https:\/\/dorogimedence.hu\/#\/schema\/logo\/image\/"},"sameAs":["https:\/\/www.facebook.com\/dorogimedence\/"]},{"@type":"Person","@id":"https:\/\/dorogimedence.hu\/#\/schema\/person\/ce6091eeb7e95ecdc87890d6aa8e0fd4","name":"dorogimedence.hu","image":{"@type":"ImageObject","inLanguage":"hu","@id":"\/\/www.gravatar.com\/avatar\/d8d45f8901aadff40a4af72c0b826f1d?s=96&#038;r=g&#038;d=mm","url":"\/\/www.gravatar.com\/avatar\/d8d45f8901aadff40a4af72c0b826f1d?s=96&#038;r=g&#038;d=mm","contentUrl":"\/\/www.gravatar.com\/avatar\/d8d45f8901aadff40a4af72c0b826f1d?s=96&#038;r=g&#038;d=mm","caption":"dorogimedence.hu"}}]}},"_links":{"self":[{"href":"https:\/\/dorogimedence.hu\/index.php\/wp-json\/wp\/v2\/posts\/49993","targetHints":{"allow":["GET"]}}],"collection":[{"href":"https:\/\/dorogimedence.hu\/index.php\/wp-json\/wp\/v2\/posts"}],"about":[{"href":"https:\/\/dorogimedence.hu\/index.php\/wp-json\/wp\/v2\/types\/post"}],"author":[{"embeddable":true,"href":"https:\/\/dorogimedence.hu\/index.php\/wp-json\/wp\/v2\/users\/1"}],"replies":[{"embeddable":true,"href":"https:\/\/dorogimedence.hu\/index.php\/wp-json\/wp\/v2\/comments?post=49993"}],"version-history":[{"count":0,"href":"https:\/\/dorogimedence.hu\/index.php\/wp-json\/wp\/v2\/posts\/49993\/revisions"}],"wp:featuredmedia":[{"embeddable":true,"href":"https:\/\/dorogimedence.hu\/index.php\/wp-json\/wp\/v2\/media\/49994"}],"wp:attachment":[{"href":"https:\/\/dorogimedence.hu\/index.php\/wp-json\/wp\/v2\/media?parent=49993"}],"wp:term":[{"taxonomy":"category","embeddable":true,"href":"https:\/\/dorogimedence.hu\/index.php\/wp-json\/wp\/v2\/categories?post=49993"},{"taxonomy":"post_tag","embeddable":true,"href":"https:\/\/dorogimedence.hu\/index.php\/wp-json\/wp\/v2\/tags?post=49993"}],"curies":[{"name":"wp","href":"https:\/\/api.w.org\/{rel}","templated":true}]}}