{"id":49960,"date":"2023-02-03T10:30:20","date_gmt":"2023-02-03T09:30:20","guid":{"rendered":"https:\/\/dorogimedence.hu\/?p=49960"},"modified":"2023-02-03T10:30:33","modified_gmt":"2023-02-03T09:30:33","slug":"parkereso-az-esztergomi-konyvtarban","status":"publish","type":"post","link":"https:\/\/dorogimedence.hu\/index.php\/2023\/02\/03\/parkereso-az-esztergomi-konyvtarban\/","title":{"rendered":"P\u00e1rkeres\u0151 az esztergomi k\u00f6nyvt\u00e1rban"},"content":{"rendered":"<p><strong>K\u00f6nyvt\u00e1rS 2023 n\u00e9ven rendhagy\u00f3 p\u00e1rkeres\u0151 alkalmakat szervez id\u00e9n tavasszal&nbsp;az esztergomi Helischer J\u00f3zsef V\u00e1rosi K\u00f6nyvt\u00e1r.&nbsp;Jelentkezni febru\u00e1r 13-ig lehet!<\/strong><\/p>\n<p>A jelentkez\u0151k lehets\u00e9ges partnereik kedvenc olvasm\u00e1nyait is megismerhetik, ezzel betekint\u00e9st nyerhetnek sz\u00edv\u00e9nek kedves dolgaiba, \u00e9rdekl\u0151d\u00e9si k\u00f6r\u00e9be, hobbij\u00e1ba.<\/p>\n<p><strong>Hogyan zajlik a p\u00e1rkeres\u00e9s?<\/strong><\/p>\n<p>A szervez\u0151k k\u00e9rik, hogy e-mailben (<span style=\"text-decoration: underline; color: #0000ff;\"><a style=\"color: #0000ff; text-decoration: underline;\" href=\"mailto:egomkonyvtar@gmail.com\" target=\"_blank\" rel=\"noopener\">egomkonyvtar@gmail.com<\/a><\/span>) jelentkezzen, ha r\u00e9szt szeretne venni a p\u00e1rkeres\u00e9sben. Az als\u00f3 korhat\u00e1r: 18 \u00e9v, fels\u0151 korhat\u00e1r: nincs! Jelentkez\u00e9s utols\u00f3 hat\u00e1rideje: 2023. febru\u00e1r 13., h\u00e9tf\u0151. A r\u00e9sztvev\u0151k adatait titkosan kezelik, a p\u00e1rtal\u00e1l\u00f3 idej\u00e9n csak \u00e1lneveiket fogj\u00e1k haszn\u00e1lni.<\/p>\n<p>A jelentkez\u0151kt\u0151l a k\u00f6vetkez\u0151 adatokat k\u00e9rik, melyet r\u00e1szerkesztenek majd a p\u00e1rkeres\u0151 lapra, amit az olvas\u00f3teremben helyeznek majd ki: \u00e1ln\u00e9v (n\u0151k eset\u00e9ben n\u0151i-, f\u00e9rfiak eset\u00e9ben f\u00e9rfin\u00e9v, lehet\u0151leg egy irodalmi alak neve, kedvenc olvasm\u00e1ny\u00e1b\u00f3l), kor, p\u00e1r bemutatkoz\u00f3 mondat (maximum 500 karakter), \u00f6t kedvenc k\u00f6nyv\u00e9nek c\u00edme, szerz\u0151je. Tov\u00e1bbi inform\u00e1ci\u00f3kat is k\u00e9rnek, ezeket azonban sehol sem jelen\u00edtenek meg: lakc\u00edm\u00e9t (ha szeretn\u00e9, hogy oda k\u00fcldj\u00e9k az \u00e1ltala kapott \u00fczeneteket), el tud-e j\u00f6nni (legal\u00e1bb n\u00e9h\u00e1ny) p\u00e1rkeres\u0151 szerd\u00e1ra, illetve r\u00e9szt tud-e venni m\u00e1rcius 11-\u00e9n a Titkos felh\u0151 j\u00e1t\u00e9kon?<\/p>\n<p>A p\u00e1rkeres\u0151 lapokat 2023. febru\u00e1r 14-\u00e9n helyezik el az olvas\u00f3teremben, innent\u0151l kezdve b\u00e1rki megn\u00e9zegetheti, elolvashatja \u0151ket. Ha egy l\u00e1togat\u00f3 sz\u00e1m\u00e1ra valaki szimpatikus, \u00fczenetet k\u00fcldhet neki egy erre kijel\u00f6lt postal\u00e1d\u00e1ba, z\u00e1rt bor\u00edt\u00e9kban, amelyre csak a c\u00edmzett \u00e1lnev\u00e9t \u00edrja fel. Ezeket az \u00fczeneteket 2023. m\u00e1rcius 3-ig lehet elhelyezni a postal\u00e1d\u00e1nkban. Az \u00fczeneteket &#8211; szint\u00e9n lez\u00e1rt bor\u00edt\u00e9kban &#8211; a k\u00f6nyvt\u00e1rban vehetik \u00e1t a p\u00e1rkeres\u0151k, illetve k\u00e9rhetik, hogy post\u00e1zz\u00e1k nekik egy magyarorsz\u00e1gi postac\u00edmre (ha valaki \u00fczenetet kap, e-mailben jelzik neki).<\/p>\n<p>A p\u00e1rkeres\u0151 id\u0151szak alatt minden szerda d\u00e9lut\u00e1n \u201eK\u00f6nyvt\u00e1rS \u00f3r\u00e1kat\u201d tartanak, vagyis arra b\u00e1tor\u00edtj\u00e1k a jelentkez\u0151ket, hogy ezeken a napokon 16 \u00e9s 18 \u00f3ra k\u00f6z\u00f6tt l\u00e1togass\u00e1k meg a k\u00f6nyvt\u00e1rat. Az els\u0151 K\u00f6nyvt\u00e1rS febru\u00e1r 15-\u00e9n lesz (ezen a napon t\u00e1rsasj\u00e1t\u00e9kokkal is v\u00e1rj\u00e1k a k\u00f6nyvt\u00e1rl\u00e1togat\u00f3kat). Utols\u00f3 K\u00f6nyvt\u00e1rS szerda d\u00e9lut\u00e1n: 2023. m\u00e1rcius 8. A K\u00f6nyvt\u00e1rS szerd\u00e1kon senkinek nem kell felfednie mag\u00e1t, egyszer\u0171en alkalmat biztos\u00edtanak arra, hogy a jelentkez\u0151k a k\u00f6nyvek k\u00f6z\u00f6tt egym\u00e1sra tal\u00e1ljanak.<\/p>\n<p>2023. m\u00e1rcius 11-\u00e9n szervezik a \u201eTitkos felh\u0151\u201d nevezet\u0171 j\u00e1t\u00e9kot, amelyre a szeretettel v\u00e1rj\u00e1k a jelentkez\u0151ket. Ezen a vid\u00e1m, k\u00f6z\u00f6ss\u00e9gi, csapat\u00e9p\u00edt\u0151 jelleg\u0171 programon sem k\u00f6telez\u0151 felfedni a r\u00e9sztvev\u0151knek, hogy milyen \u00e1ln\u00e9v alatt szerepeltek a t\u00e1rskeres\u0151ben, csup\u00e1n arra teremtenek alkalmat, hogy megismerj\u00e9k egym\u00e1st.<\/p>\n<p><img fetchpriority=\"high\" decoding=\"async\" class=\"alignnone size-large wp-image-49961\" src=\"https:\/\/dorogimedence.hu\/wp-content\/uploads\/2023\/02\/KonyvtarS-2023-576x1024.jpg\" alt=\"\" width=\"576\" height=\"1024\" srcset=\"https:\/\/dorogimedence.hu\/wp-content\/uploads\/2023\/02\/KonyvtarS-2023-576x1024.jpg 576w, https:\/\/dorogimedence.hu\/wp-content\/uploads\/2023\/02\/KonyvtarS-2023-169x300.jpg 169w, https:\/\/dorogimedence.hu\/wp-content\/uploads\/2023\/02\/KonyvtarS-2023-768x1365.jpg 768w, https:\/\/dorogimedence.hu\/wp-content\/uploads\/2023\/02\/KonyvtarS-2023-864x1536.jpg 864w, https:\/\/dorogimedence.hu\/wp-content\/uploads\/2023\/02\/KonyvtarS-2023-150x267.jpg 150w, https:\/\/dorogimedence.hu\/wp-content\/uploads\/2023\/02\/KonyvtarS-2023-450x800.jpg 450w, https:\/\/dorogimedence.hu\/wp-content\/uploads\/2023\/02\/KonyvtarS-2023.jpg 1080w\" sizes=\"(max-width: 576px) 100vw, 576px\" \/><\/p>\n<p><em>Forr\u00e1s: vkesztergom.hu<\/em><\/p>\n","protected":false},"excerpt":{"rendered":"<p>K\u00f6nyvt\u00e1rS 2023 n\u00e9ven rendhagy\u00f3 p\u00e1rkeres\u0151 alkalmakat szervez id\u00e9n tavasszal&nbsp;az esztergomi Helischer J\u00f3zsef V\u00e1rosi K\u00f6nyvt\u00e1r.&nbsp;Jelentkezni febru\u00e1r 13-ig lehet! A jelentkez\u0151k lehets\u00e9ges partnereik kedvenc olvasm\u00e1nyait is megismerhetik, ezzel betekint\u00e9st nyerhetnek sz\u00edv\u00e9nek kedves dolgaiba, \u00e9rdekl\u0151d\u00e9si k\u00f6r\u00e9be, hobbij\u00e1ba. Hogyan zajlik a p\u00e1rkeres\u00e9s? A szervez\u0151k k\u00e9rik, hogy e-mailben (egomkonyvtar@gmail.com) jelentkezzen, ha r\u00e9szt szeretne venni a p\u00e1rkeres\u00e9sben. Az als\u00f3 korhat\u00e1r: 18<\/p>\n","protected":false},"author":1,"featured_media":49962,"comment_status":"closed","ping_status":"closed","sticky":false,"template":"","format":"standard","meta":{"ngg_post_thumbnail":0,"footnotes":""},"categories":[38,3,3561],"tags":[42,1609,144,6950,101],"class_list":{"0":"post-49960","1":"post","2":"type-post","3":"status-publish","4":"format-standard","5":"has-post-thumbnail","7":"category-esztergom","8":"category-hirek","9":"category-programok","10":"tag-esztergom","11":"tag-esztergomi-konyvtar","12":"tag-konyvtar","13":"tag-parkereso","14":"tag-program"},"yoast_head":"<!-- This site is optimized with the Yoast SEO plugin v27.5 - https:\/\/yoast.com\/product\/yoast-seo-wordpress\/ -->\n<title>P\u00e1rkeres\u0151 az esztergomi k\u00f6nyvt\u00e1rban<\/title>\n<meta name=\"robots\" content=\"index, follow, max-snippet:-1, max-image-preview:large, max-video-preview:-1\" \/>\n<link rel=\"canonical\" href=\"https:\/\/dorogimedence.hu\/index.php\/2023\/02\/03\/parkereso-az-esztergomi-konyvtarban\/\" class=\"yoast-seo-meta-tag\" \/>\n<meta property=\"og:locale\" content=\"hu_HU\" class=\"yoast-seo-meta-tag\" \/>\n<meta property=\"og:type\" content=\"article\" class=\"yoast-seo-meta-tag\" \/>\n<meta property=\"og:title\" content=\"P\u00e1rkeres\u0151 az esztergomi k\u00f6nyvt\u00e1rban\" class=\"yoast-seo-meta-tag\" \/>\n<meta property=\"og:description\" content=\"K\u00f6nyvt\u00e1rS 2023 n\u00e9ven rendhagy\u00f3 p\u00e1rkeres\u0151 alkalmakat szervez id\u00e9n tavasszal&nbsp;az esztergomi Helischer J\u00f3zsef V\u00e1rosi K\u00f6nyvt\u00e1r.&nbsp;Jelentkezni febru\u00e1r 13-ig lehet! A jelentkez\u0151k lehets\u00e9ges partnereik kedvenc olvasm\u00e1nyait is megismerhetik, ezzel betekint\u00e9st nyerhetnek sz\u00edv\u00e9nek kedves dolgaiba, \u00e9rdekl\u0151d\u00e9si k\u00f6r\u00e9be, hobbij\u00e1ba. Hogyan zajlik a p\u00e1rkeres\u00e9s? A szervez\u0151k k\u00e9rik, hogy e-mailben (egomkonyvtar@gmail.com) jelentkezzen, ha r\u00e9szt szeretne venni a p\u00e1rkeres\u00e9sben. Az als\u00f3 korhat\u00e1r: 18\" class=\"yoast-seo-meta-tag\" \/>\n<meta property=\"og:url\" content=\"https:\/\/dorogimedence.hu\/index.php\/2023\/02\/03\/parkereso-az-esztergomi-konyvtarban\/\" class=\"yoast-seo-meta-tag\" \/>\n<meta property=\"og:site_name\" content=\"Dorogi-medence Region\u00e1lis H\u00edrport\u00e1l\" class=\"yoast-seo-meta-tag\" \/>\n<meta property=\"article:publisher\" content=\"https:\/\/www.facebook.com\/dorogimedence\/\" class=\"yoast-seo-meta-tag\" \/>\n<meta property=\"article:published_time\" content=\"2023-02-03T09:30:20+00:00\" class=\"yoast-seo-meta-tag\" \/>\n<meta property=\"article:modified_time\" content=\"2023-02-03T09:30:33+00:00\" class=\"yoast-seo-meta-tag\" \/>\n<meta property=\"og:image\" content=\"https:\/\/dorogimedence.hu\/wp-content\/uploads\/2023\/02\/parkereso-esztergom.jpg\" class=\"yoast-seo-meta-tag\" \/>\n\t<meta property=\"og:image:width\" content=\"1080\" class=\"yoast-seo-meta-tag\" \/>\n\t<meta property=\"og:image:height\" content=\"575\" class=\"yoast-seo-meta-tag\" \/>\n\t<meta property=\"og:image:type\" content=\"image\/jpeg\" class=\"yoast-seo-meta-tag\" \/>\n<meta name=\"author\" content=\"dorogimedence.hu\" class=\"yoast-seo-meta-tag\" \/>\n<meta name=\"twitter:card\" content=\"summary_large_image\" class=\"yoast-seo-meta-tag\" \/>\n<meta name=\"twitter:label1\" content=\"Szerz\u0151:\" class=\"yoast-seo-meta-tag\" \/>\n\t<meta name=\"twitter:data1\" content=\"dorogimedence.hu\" class=\"yoast-seo-meta-tag\" \/>\n\t<meta name=\"twitter:label2\" content=\"Becs\u00fclt olvas\u00e1si id\u0151\" class=\"yoast-seo-meta-tag\" \/>\n\t<meta name=\"twitter:data2\" content=\"3 perc\" class=\"yoast-seo-meta-tag\" \/>\n<script type=\"application\/ld+json\" class=\"yoast-schema-graph\">{\"@context\":\"https:\\\/\\\/schema.org\",\"@graph\":[{\"@type\":\"Article\",\"@id\":\"https:\\\/\\\/dorogimedence.hu\\\/index.php\\\/2023\\\/02\\\/03\\\/parkereso-az-esztergomi-konyvtarban\\\/#article\",\"isPartOf\":{\"@id\":\"https:\\\/\\\/dorogimedence.hu\\\/index.php\\\/2023\\\/02\\\/03\\\/parkereso-az-esztergomi-konyvtarban\\\/\"},\"author\":{\"name\":\"dorogimedence.hu\",\"@id\":\"https:\\\/\\\/dorogimedence.hu\\\/#\\\/schema\\\/person\\\/ce6091eeb7e95ecdc87890d6aa8e0fd4\"},\"headline\":\"P\u00e1rkeres\u0151 az esztergomi k\u00f6nyvt\u00e1rban\",\"datePublished\":\"2023-02-03T09:30:20+00:00\",\"dateModified\":\"2023-02-03T09:30:33+00:00\",\"mainEntityOfPage\":{\"@id\":\"https:\\\/\\\/dorogimedence.hu\\\/index.php\\\/2023\\\/02\\\/03\\\/parkereso-az-esztergomi-konyvtarban\\\/\"},\"wordCount\":539,\"publisher\":{\"@id\":\"https:\\\/\\\/dorogimedence.hu\\\/#organization\"},\"image\":{\"@id\":\"https:\\\/\\\/dorogimedence.hu\\\/index.php\\\/2023\\\/02\\\/03\\\/parkereso-az-esztergomi-konyvtarban\\\/#primaryimage\"},\"thumbnailUrl\":\"https:\\\/\\\/dorogimedence.hu\\\/wp-content\\\/uploads\\\/2023\\\/02\\\/parkereso-esztergom.jpg\",\"keywords\":[\"esztergom\",\"esztergomi k\u00f6nyvt\u00e1r\",\"k\u00f6nyvt\u00e1r\",\"p\u00e1rkeres\u0151\",\"program\"],\"articleSection\":[\"Esztergom\",\"H\u00edrek\",\"Programok\"],\"inLanguage\":\"hu\"},{\"@type\":\"WebPage\",\"@id\":\"https:\\\/\\\/dorogimedence.hu\\\/index.php\\\/2023\\\/02\\\/03\\\/parkereso-az-esztergomi-konyvtarban\\\/\",\"url\":\"https:\\\/\\\/dorogimedence.hu\\\/index.php\\\/2023\\\/02\\\/03\\\/parkereso-az-esztergomi-konyvtarban\\\/\",\"name\":\"P\u00e1rkeres\u0151 az esztergomi k\u00f6nyvt\u00e1rban\",\"isPartOf\":{\"@id\":\"https:\\\/\\\/dorogimedence.hu\\\/#website\"},\"primaryImageOfPage\":{\"@id\":\"https:\\\/\\\/dorogimedence.hu\\\/index.php\\\/2023\\\/02\\\/03\\\/parkereso-az-esztergomi-konyvtarban\\\/#primaryimage\"},\"image\":{\"@id\":\"https:\\\/\\\/dorogimedence.hu\\\/index.php\\\/2023\\\/02\\\/03\\\/parkereso-az-esztergomi-konyvtarban\\\/#primaryimage\"},\"thumbnailUrl\":\"https:\\\/\\\/dorogimedence.hu\\\/wp-content\\\/uploads\\\/2023\\\/02\\\/parkereso-esztergom.jpg\",\"datePublished\":\"2023-02-03T09:30:20+00:00\",\"dateModified\":\"2023-02-03T09:30:33+00:00\",\"breadcrumb\":{\"@id\":\"https:\\\/\\\/dorogimedence.hu\\\/index.php\\\/2023\\\/02\\\/03\\\/parkereso-az-esztergomi-konyvtarban\\\/#breadcrumb\"},\"inLanguage\":\"hu\",\"potentialAction\":[{\"@type\":\"ReadAction\",\"target\":[\"https:\\\/\\\/dorogimedence.hu\\\/index.php\\\/2023\\\/02\\\/03\\\/parkereso-az-esztergomi-konyvtarban\\\/\"]}]},{\"@type\":\"ImageObject\",\"inLanguage\":\"hu\",\"@id\":\"https:\\\/\\\/dorogimedence.hu\\\/index.php\\\/2023\\\/02\\\/03\\\/parkereso-az-esztergomi-konyvtarban\\\/#primaryimage\",\"url\":\"https:\\\/\\\/dorogimedence.hu\\\/wp-content\\\/uploads\\\/2023\\\/02\\\/parkereso-esztergom.jpg\",\"contentUrl\":\"https:\\\/\\\/dorogimedence.hu\\\/wp-content\\\/uploads\\\/2023\\\/02\\\/parkereso-esztergom.jpg\",\"width\":1080,\"height\":575},{\"@type\":\"BreadcrumbList\",\"@id\":\"https:\\\/\\\/dorogimedence.hu\\\/index.php\\\/2023\\\/02\\\/03\\\/parkereso-az-esztergomi-konyvtarban\\\/#breadcrumb\",\"itemListElement\":[{\"@type\":\"ListItem\",\"position\":1,\"name\":\"Kezd\u0151lap\",\"item\":\"https:\\\/\\\/dorogimedence.hu\\\/\"},{\"@type\":\"ListItem\",\"position\":2,\"name\":\"P\u00e1rkeres\u0151 az esztergomi k\u00f6nyvt\u00e1rban\"}]},{\"@type\":\"WebSite\",\"@id\":\"https:\\\/\\\/dorogimedence.hu\\\/#website\",\"url\":\"https:\\\/\\\/dorogimedence.hu\\\/\",\"name\":\"Dorogi-medence Region\u00e1lis H\u00edrport\u00e1l\",\"description\":\"Dorog, Keszt\u00f6lc, Le\u00e1nyv\u00e1r, Piliscs\u00e9v, Tokod, Tokodalt\u00e1r\u00f3, Csolnok, Esztergom-kertv\u00e1ros: h\u00edrek, programok\",\"publisher\":{\"@id\":\"https:\\\/\\\/dorogimedence.hu\\\/#organization\"},\"potentialAction\":[{\"@type\":\"SearchAction\",\"target\":{\"@type\":\"EntryPoint\",\"urlTemplate\":\"https:\\\/\\\/dorogimedence.hu\\\/?s={search_term_string}\"},\"query-input\":{\"@type\":\"PropertyValueSpecification\",\"valueRequired\":true,\"valueName\":\"search_term_string\"}}],\"inLanguage\":\"hu\"},{\"@type\":\"Organization\",\"@id\":\"https:\\\/\\\/dorogimedence.hu\\\/#organization\",\"name\":\"Dorogi-medence Region\u00e1lis H\u00edrport\u00e1l\",\"url\":\"https:\\\/\\\/dorogimedence.hu\\\/\",\"logo\":{\"@type\":\"ImageObject\",\"inLanguage\":\"hu\",\"@id\":\"https:\\\/\\\/dorogimedence.hu\\\/#\\\/schema\\\/logo\\\/image\\\/\",\"url\":\"https:\\\/\\\/dorogimedence.hu\\\/wp-content\\\/uploads\\\/2021\\\/04\\\/logo-feher-600.png\",\"contentUrl\":\"https:\\\/\\\/dorogimedence.hu\\\/wp-content\\\/uploads\\\/2021\\\/04\\\/logo-feher-600.png\",\"width\":600,\"height\":100,\"caption\":\"Dorogi-medence Region\u00e1lis H\u00edrport\u00e1l\"},\"image\":{\"@id\":\"https:\\\/\\\/dorogimedence.hu\\\/#\\\/schema\\\/logo\\\/image\\\/\"},\"sameAs\":[\"https:\\\/\\\/www.facebook.com\\\/dorogimedence\\\/\"]},{\"@type\":\"Person\",\"@id\":\"https:\\\/\\\/dorogimedence.hu\\\/#\\\/schema\\\/person\\\/ce6091eeb7e95ecdc87890d6aa8e0fd4\",\"name\":\"dorogimedence.hu\",\"image\":{\"@type\":\"ImageObject\",\"inLanguage\":\"hu\",\"@id\":\"\\\/\\\/www.gravatar.com\\\/avatar\\\/d8d45f8901aadff40a4af72c0b826f1d?s=96&#038;r=g&#038;d=mm\",\"url\":\"\\\/\\\/www.gravatar.com\\\/avatar\\\/d8d45f8901aadff40a4af72c0b826f1d?s=96&#038;r=g&#038;d=mm\",\"contentUrl\":\"\\\/\\\/www.gravatar.com\\\/avatar\\\/d8d45f8901aadff40a4af72c0b826f1d?s=96&#038;r=g&#038;d=mm\",\"caption\":\"dorogimedence.hu\"}}]}<\/script>\n<!-- \/ Yoast SEO plugin. -->","yoast_head_json":{"title":"P\u00e1rkeres\u0151 az esztergomi k\u00f6nyvt\u00e1rban","robots":{"index":"index","follow":"follow","max-snippet":"max-snippet:-1","max-image-preview":"max-image-preview:large","max-video-preview":"max-video-preview:-1"},"canonical":"https:\/\/dorogimedence.hu\/index.php\/2023\/02\/03\/parkereso-az-esztergomi-konyvtarban\/","og_locale":"hu_HU","og_type":"article","og_title":"P\u00e1rkeres\u0151 az esztergomi k\u00f6nyvt\u00e1rban","og_description":"K\u00f6nyvt\u00e1rS 2023 n\u00e9ven rendhagy\u00f3 p\u00e1rkeres\u0151 alkalmakat szervez id\u00e9n tavasszal&nbsp;az esztergomi Helischer J\u00f3zsef V\u00e1rosi K\u00f6nyvt\u00e1r.&nbsp;Jelentkezni febru\u00e1r 13-ig lehet! A jelentkez\u0151k lehets\u00e9ges partnereik kedvenc olvasm\u00e1nyait is megismerhetik, ezzel betekint\u00e9st nyerhetnek sz\u00edv\u00e9nek kedves dolgaiba, \u00e9rdekl\u0151d\u00e9si k\u00f6r\u00e9be, hobbij\u00e1ba. Hogyan zajlik a p\u00e1rkeres\u00e9s? A szervez\u0151k k\u00e9rik, hogy e-mailben (egomkonyvtar@gmail.com) jelentkezzen, ha r\u00e9szt szeretne venni a p\u00e1rkeres\u00e9sben. Az als\u00f3 korhat\u00e1r: 18","og_url":"https:\/\/dorogimedence.hu\/index.php\/2023\/02\/03\/parkereso-az-esztergomi-konyvtarban\/","og_site_name":"Dorogi-medence Region\u00e1lis H\u00edrport\u00e1l","article_publisher":"https:\/\/www.facebook.com\/dorogimedence\/","article_published_time":"2023-02-03T09:30:20+00:00","article_modified_time":"2023-02-03T09:30:33+00:00","og_image":[{"width":1080,"height":575,"url":"https:\/\/dorogimedence.hu\/wp-content\/uploads\/2023\/02\/parkereso-esztergom.jpg","type":"image\/jpeg"}],"author":"dorogimedence.hu","twitter_card":"summary_large_image","twitter_misc":{"Szerz\u0151:":"dorogimedence.hu","Becs\u00fclt olvas\u00e1si id\u0151":"3 perc"},"schema":{"@context":"https:\/\/schema.org","@graph":[{"@type":"Article","@id":"https:\/\/dorogimedence.hu\/index.php\/2023\/02\/03\/parkereso-az-esztergomi-konyvtarban\/#article","isPartOf":{"@id":"https:\/\/dorogimedence.hu\/index.php\/2023\/02\/03\/parkereso-az-esztergomi-konyvtarban\/"},"author":{"name":"dorogimedence.hu","@id":"https:\/\/dorogimedence.hu\/#\/schema\/person\/ce6091eeb7e95ecdc87890d6aa8e0fd4"},"headline":"P\u00e1rkeres\u0151 az esztergomi k\u00f6nyvt\u00e1rban","datePublished":"2023-02-03T09:30:20+00:00","dateModified":"2023-02-03T09:30:33+00:00","mainEntityOfPage":{"@id":"https:\/\/dorogimedence.hu\/index.php\/2023\/02\/03\/parkereso-az-esztergomi-konyvtarban\/"},"wordCount":539,"publisher":{"@id":"https:\/\/dorogimedence.hu\/#organization"},"image":{"@id":"https:\/\/dorogimedence.hu\/index.php\/2023\/02\/03\/parkereso-az-esztergomi-konyvtarban\/#primaryimage"},"thumbnailUrl":"https:\/\/dorogimedence.hu\/wp-content\/uploads\/2023\/02\/parkereso-esztergom.jpg","keywords":["esztergom","esztergomi k\u00f6nyvt\u00e1r","k\u00f6nyvt\u00e1r","p\u00e1rkeres\u0151","program"],"articleSection":["Esztergom","H\u00edrek","Programok"],"inLanguage":"hu"},{"@type":"WebPage","@id":"https:\/\/dorogimedence.hu\/index.php\/2023\/02\/03\/parkereso-az-esztergomi-konyvtarban\/","url":"https:\/\/dorogimedence.hu\/index.php\/2023\/02\/03\/parkereso-az-esztergomi-konyvtarban\/","name":"P\u00e1rkeres\u0151 az esztergomi k\u00f6nyvt\u00e1rban","isPartOf":{"@id":"https:\/\/dorogimedence.hu\/#website"},"primaryImageOfPage":{"@id":"https:\/\/dorogimedence.hu\/index.php\/2023\/02\/03\/parkereso-az-esztergomi-konyvtarban\/#primaryimage"},"image":{"@id":"https:\/\/dorogimedence.hu\/index.php\/2023\/02\/03\/parkereso-az-esztergomi-konyvtarban\/#primaryimage"},"thumbnailUrl":"https:\/\/dorogimedence.hu\/wp-content\/uploads\/2023\/02\/parkereso-esztergom.jpg","datePublished":"2023-02-03T09:30:20+00:00","dateModified":"2023-02-03T09:30:33+00:00","breadcrumb":{"@id":"https:\/\/dorogimedence.hu\/index.php\/2023\/02\/03\/parkereso-az-esztergomi-konyvtarban\/#breadcrumb"},"inLanguage":"hu","potentialAction":[{"@type":"ReadAction","target":["https:\/\/dorogimedence.hu\/index.php\/2023\/02\/03\/parkereso-az-esztergomi-konyvtarban\/"]}]},{"@type":"ImageObject","inLanguage":"hu","@id":"https:\/\/dorogimedence.hu\/index.php\/2023\/02\/03\/parkereso-az-esztergomi-konyvtarban\/#primaryimage","url":"https:\/\/dorogimedence.hu\/wp-content\/uploads\/2023\/02\/parkereso-esztergom.jpg","contentUrl":"https:\/\/dorogimedence.hu\/wp-content\/uploads\/2023\/02\/parkereso-esztergom.jpg","width":1080,"height":575},{"@type":"BreadcrumbList","@id":"https:\/\/dorogimedence.hu\/index.php\/2023\/02\/03\/parkereso-az-esztergomi-konyvtarban\/#breadcrumb","itemListElement":[{"@type":"ListItem","position":1,"name":"Kezd\u0151lap","item":"https:\/\/dorogimedence.hu\/"},{"@type":"ListItem","position":2,"name":"P\u00e1rkeres\u0151 az esztergomi k\u00f6nyvt\u00e1rban"}]},{"@type":"WebSite","@id":"https:\/\/dorogimedence.hu\/#website","url":"https:\/\/dorogimedence.hu\/","name":"Dorogi-medence Region\u00e1lis H\u00edrport\u00e1l","description":"Dorog, Keszt\u00f6lc, Le\u00e1nyv\u00e1r, Piliscs\u00e9v, Tokod, Tokodalt\u00e1r\u00f3, Csolnok, Esztergom-kertv\u00e1ros: h\u00edrek, programok","publisher":{"@id":"https:\/\/dorogimedence.hu\/#organization"},"potentialAction":[{"@type":"SearchAction","target":{"@type":"EntryPoint","urlTemplate":"https:\/\/dorogimedence.hu\/?s={search_term_string}"},"query-input":{"@type":"PropertyValueSpecification","valueRequired":true,"valueName":"search_term_string"}}],"inLanguage":"hu"},{"@type":"Organization","@id":"https:\/\/dorogimedence.hu\/#organization","name":"Dorogi-medence Region\u00e1lis H\u00edrport\u00e1l","url":"https:\/\/dorogimedence.hu\/","logo":{"@type":"ImageObject","inLanguage":"hu","@id":"https:\/\/dorogimedence.hu\/#\/schema\/logo\/image\/","url":"https:\/\/dorogimedence.hu\/wp-content\/uploads\/2021\/04\/logo-feher-600.png","contentUrl":"https:\/\/dorogimedence.hu\/wp-content\/uploads\/2021\/04\/logo-feher-600.png","width":600,"height":100,"caption":"Dorogi-medence Region\u00e1lis H\u00edrport\u00e1l"},"image":{"@id":"https:\/\/dorogimedence.hu\/#\/schema\/logo\/image\/"},"sameAs":["https:\/\/www.facebook.com\/dorogimedence\/"]},{"@type":"Person","@id":"https:\/\/dorogimedence.hu\/#\/schema\/person\/ce6091eeb7e95ecdc87890d6aa8e0fd4","name":"dorogimedence.hu","image":{"@type":"ImageObject","inLanguage":"hu","@id":"\/\/www.gravatar.com\/avatar\/d8d45f8901aadff40a4af72c0b826f1d?s=96&#038;r=g&#038;d=mm","url":"\/\/www.gravatar.com\/avatar\/d8d45f8901aadff40a4af72c0b826f1d?s=96&#038;r=g&#038;d=mm","contentUrl":"\/\/www.gravatar.com\/avatar\/d8d45f8901aadff40a4af72c0b826f1d?s=96&#038;r=g&#038;d=mm","caption":"dorogimedence.hu"}}]}},"_links":{"self":[{"href":"https:\/\/dorogimedence.hu\/index.php\/wp-json\/wp\/v2\/posts\/49960","targetHints":{"allow":["GET"]}}],"collection":[{"href":"https:\/\/dorogimedence.hu\/index.php\/wp-json\/wp\/v2\/posts"}],"about":[{"href":"https:\/\/dorogimedence.hu\/index.php\/wp-json\/wp\/v2\/types\/post"}],"author":[{"embeddable":true,"href":"https:\/\/dorogimedence.hu\/index.php\/wp-json\/wp\/v2\/users\/1"}],"replies":[{"embeddable":true,"href":"https:\/\/dorogimedence.hu\/index.php\/wp-json\/wp\/v2\/comments?post=49960"}],"version-history":[{"count":0,"href":"https:\/\/dorogimedence.hu\/index.php\/wp-json\/wp\/v2\/posts\/49960\/revisions"}],"wp:featuredmedia":[{"embeddable":true,"href":"https:\/\/dorogimedence.hu\/index.php\/wp-json\/wp\/v2\/media\/49962"}],"wp:attachment":[{"href":"https:\/\/dorogimedence.hu\/index.php\/wp-json\/wp\/v2\/media?parent=49960"}],"wp:term":[{"taxonomy":"category","embeddable":true,"href":"https:\/\/dorogimedence.hu\/index.php\/wp-json\/wp\/v2\/categories?post=49960"},{"taxonomy":"post_tag","embeddable":true,"href":"https:\/\/dorogimedence.hu\/index.php\/wp-json\/wp\/v2\/tags?post=49960"}],"curies":[{"name":"wp","href":"https:\/\/api.w.org\/{rel}","templated":true}]}}