{"id":49898,"date":"2023-02-01T11:15:38","date_gmt":"2023-02-01T10:15:38","guid":{"rendered":"https:\/\/dorogimedence.hu\/?p=49898"},"modified":"2023-02-01T11:15:49","modified_gmt":"2023-02-01T10:15:49","slug":"kilopta-az-ertekeket-a-furgonbol","status":"publish","type":"post","link":"https:\/\/dorogimedence.hu\/index.php\/2023\/02\/01\/kilopta-az-ertekeket-a-furgonbol\/","title":{"rendered":"Kilopta az \u00e9rt\u00e9keket a furgonb\u00f3l"},"content":{"rendered":"<p><strong>K\u00f6zel k\u00e9t \u00e9v b\u00f6rt\u00f6nb\u00fcntet\u00e9sre \u00edt\u00e9lt\u00e9k azt a f\u00e9rfit, aki egy esztergomi parkol\u00f3ban felt\u00f6rt egy furgont, majd abb\u00f3l k\u00fcl\u00f6nb\u00f6z\u0151 \u00e9rt\u00e9kt\u00e1rgyakat tulajdon\u00edtott el.<\/strong><\/p>\n<p>A v\u00e1dirat szerint az elk\u00f6vet\u0151 2021. augusztus 19-\u00e9n 3 \u00f3ra 38 perc k\u00f6r\u00fcli id\u0151ben egy m\u00e1sik f\u00e9rfi t\u00e1rsas\u00e1g\u00e1ban gyalogolt az esztergomi parkol\u00f3ban, amikor megl\u00e1tta az ott le\u00e1ll\u00edtott g\u00e9pkocsit. Az elk\u00f6vet\u0151 el\u0151sz\u00f6r k\u00f6rbej\u00e1rta az aut\u00f3t \u00e9s telefonnal bevil\u00e1g\u00edtva megn\u00e9zte a belsej\u00e9t. Ezut\u00e1n a f\u00e9rfi egy kem\u00e9ny t\u00e1rggyal a bal els\u0151 ajt\u00f3 \u00fcveg\u00e9t bet\u00f6rte, az ajt\u00f3t kinyitotta \u00e9s a g\u00e9pkocsib\u00f3l eltulajdon\u00edtott egy laptopot hordt\u00e1sk\u00e1val \u00e9s t\u00f6lt\u0151vel, egy pendrive-ot, valamint a keszty\u0171tart\u00f3b\u00f3l egy&nbsp;parf\u00fcm\u00f6t \u00e9s egy kis t\u00e1sk\u00e1ban kozmetikai term\u00e9keket.<\/p>\n<p>A lop\u00e1s elk\u00f6vet\u00e9si \u00e9rt\u00e9ke \u00f6sszesen 98.320 Ft, a rong\u00e1l\u00e1ssal okozott k\u00e1r 49.000 Ft. Az elj\u00e1r\u00e1s sor\u00e1n a laptopot, a t\u00f6lt\u0151t, a hordt\u00e1sk\u00e1t, \u00e9s a pendrive-ot a nyomoz\u00f3 hat\u00f3s\u00e1g lefoglalta.<\/p>\n<p>A lop\u00e1s b\u0171ntette miatt indult \u00fcgyben az Esztergomi J\u00e1r\u00e1si \u00dcgy\u00e9szs\u00e9g v\u00e1dirata alapj\u00e1n az Esztergomi J\u00e1r\u00e1sb\u00edr\u00f3s\u00e1g a f\u00e9rfit 1 \u00e9v 10 h\u00f3nap b\u00f6rt\u00f6nb\u00fcntet\u00e9sre, 2 \u00e9v k\u00f6z\u00fcgyekt\u0151l eltilt\u00e1sra, valamint&nbsp;6.000 forint vagyonelkobz\u00e1sra \u00edt\u00e9lte. A b\u00edr\u00f3s\u00e1g az el\u0151k\u00e9sz\u00edt\u0151 \u00fcl\u00e9sen elfogadta a v\u00e1dlott b\u0171n\u00f6ss\u00e9gre is kiterjed\u0151 \u00e9s t\u00e1rgyal\u00e1sr\u00f3l lemond\u00f3 nyilatkozat\u00e1t. Az els\u0151fok\u00fa \u00edt\u00e9letet az \u00fcgy\u00e9sz \u00e9s v\u00e1dlott is tudom\u00e1sul vette, \u00edgy az joger\u0151s.<\/p>\n<p>A felv\u00e9telen k\u00e9t f\u00e9rfi mozog a furgon k\u00f6r\u00fcl, az egyikb\u0151l lett v\u00e1dlott. A m\u00e1sik f\u00e9rfi nem \u00e9rtett egyet a lop\u00e1ssal, pr\u00f3b\u00e1lta lebesz\u00e9lni az elk\u00f6vet\u0151t, ez\u00e9rt vele szemben a rend\u0151rs\u00e9g az elj\u00e1r\u00e1st megsz\u00fcntette.<\/p>\n<p><iframe title=\"Kilopta az \u00e9rt\u00e9keket a furgonb\u00f3l\" width=\"755\" height=\"425\" src=\"https:\/\/www.youtube.com\/embed\/mvepBuH2EFI?feature=oembed\" frameborder=\"0\" allow=\"accelerometer; autoplay; clipboard-write; encrypted-media; gyroscope; picture-in-picture; web-share\" referrerpolicy=\"strict-origin-when-cross-origin\" allowfullscreen><\/iframe><\/p>\n<p><em>Bor\u00edt\u00f3k\u00e9p, forr\u00e1s: Kom\u00e1rom-Esztergom V\u00e1rmegyei F\u0151\u00fcgy\u00e9szs\u00e9g<\/em><\/p>\n","protected":false},"excerpt":{"rendered":"<p>K\u00f6zel k\u00e9t \u00e9v b\u00f6rt\u00f6nb\u00fcntet\u00e9sre \u00edt\u00e9lt\u00e9k azt a f\u00e9rfit, aki egy esztergomi parkol\u00f3ban felt\u00f6rt egy furgont, majd abb\u00f3l k\u00fcl\u00f6nb\u00f6z\u0151 \u00e9rt\u00e9kt\u00e1rgyakat tulajdon\u00edtott el. A v\u00e1dirat szerint az elk\u00f6vet\u0151 2021. augusztus 19-\u00e9n 3 \u00f3ra 38 perc k\u00f6r\u00fcli id\u0151ben egy m\u00e1sik f\u00e9rfi t\u00e1rsas\u00e1g\u00e1ban gyalogolt az esztergomi parkol\u00f3ban, amikor megl\u00e1tta az ott le\u00e1ll\u00edtott g\u00e9pkocsit. Az elk\u00f6vet\u0151 el\u0151sz\u00f6r k\u00f6rbej\u00e1rta az aut\u00f3t<\/p>\n","protected":false},"author":1,"featured_media":49899,"comment_status":"closed","ping_status":"closed","sticky":false,"template":"","format":"standard","meta":{"ngg_post_thumbnail":0,"footnotes":""},"categories":[38,3,39],"tags":[1042,63,42,447,61,326],"class_list":{"0":"post-49898","1":"post","2":"type-post","3":"status-publish","4":"format-standard","5":"has-post-thumbnail","7":"category-esztergom","8":"category-hirek","9":"category-kek-hirek","10":"tag-birosag","11":"tag-buncselekmeny","12":"tag-esztergom","13":"tag-lopas","14":"tag-rendorsegi-hirek","15":"tag-ugyeszseg"},"yoast_head":"<!-- This site is optimized with the Yoast SEO plugin v27.5 - https:\/\/yoast.com\/product\/yoast-seo-wordpress\/ -->\n<title>Kilopta az \u00e9rt\u00e9keket a furgonb\u00f3l<\/title>\n<meta name=\"robots\" content=\"index, follow, max-snippet:-1, max-image-preview:large, max-video-preview:-1\" \/>\n<link rel=\"canonical\" href=\"https:\/\/dorogimedence.hu\/index.php\/2023\/02\/01\/kilopta-az-ertekeket-a-furgonbol\/\" class=\"yoast-seo-meta-tag\" \/>\n<meta property=\"og:locale\" content=\"hu_HU\" class=\"yoast-seo-meta-tag\" \/>\n<meta property=\"og:type\" content=\"article\" class=\"yoast-seo-meta-tag\" \/>\n<meta property=\"og:title\" content=\"Kilopta az \u00e9rt\u00e9keket a furgonb\u00f3l\" class=\"yoast-seo-meta-tag\" \/>\n<meta property=\"og:description\" content=\"K\u00f6zel k\u00e9t \u00e9v b\u00f6rt\u00f6nb\u00fcntet\u00e9sre \u00edt\u00e9lt\u00e9k azt a f\u00e9rfit, aki egy esztergomi parkol\u00f3ban felt\u00f6rt egy furgont, majd abb\u00f3l k\u00fcl\u00f6nb\u00f6z\u0151 \u00e9rt\u00e9kt\u00e1rgyakat tulajdon\u00edtott el. A v\u00e1dirat szerint az elk\u00f6vet\u0151 2021. augusztus 19-\u00e9n 3 \u00f3ra 38 perc k\u00f6r\u00fcli id\u0151ben egy m\u00e1sik f\u00e9rfi t\u00e1rsas\u00e1g\u00e1ban gyalogolt az esztergomi parkol\u00f3ban, amikor megl\u00e1tta az ott le\u00e1ll\u00edtott g\u00e9pkocsit. Az elk\u00f6vet\u0151 el\u0151sz\u00f6r k\u00f6rbej\u00e1rta az aut\u00f3t\" class=\"yoast-seo-meta-tag\" \/>\n<meta property=\"og:url\" content=\"https:\/\/dorogimedence.hu\/index.php\/2023\/02\/01\/kilopta-az-ertekeket-a-furgonbol\/\" class=\"yoast-seo-meta-tag\" \/>\n<meta property=\"og:site_name\" content=\"Dorogi-medence Region\u00e1lis H\u00edrport\u00e1l\" class=\"yoast-seo-meta-tag\" \/>\n<meta property=\"article:publisher\" content=\"https:\/\/www.facebook.com\/dorogimedence\/\" class=\"yoast-seo-meta-tag\" \/>\n<meta property=\"article:published_time\" content=\"2023-02-01T10:15:38+00:00\" class=\"yoast-seo-meta-tag\" \/>\n<meta property=\"article:modified_time\" content=\"2023-02-01T10:15:49+00:00\" class=\"yoast-seo-meta-tag\" \/>\n<meta property=\"og:image\" content=\"https:\/\/dorogimedence.hu\/wp-content\/uploads\/2023\/02\/furgon-egom.jpg\" class=\"yoast-seo-meta-tag\" \/>\n\t<meta property=\"og:image:width\" content=\"1920\" class=\"yoast-seo-meta-tag\" \/>\n\t<meta property=\"og:image:height\" content=\"1080\" class=\"yoast-seo-meta-tag\" \/>\n\t<meta property=\"og:image:type\" content=\"image\/jpeg\" class=\"yoast-seo-meta-tag\" \/>\n<meta name=\"author\" content=\"dorogimedence.hu\" class=\"yoast-seo-meta-tag\" \/>\n<meta name=\"twitter:card\" content=\"summary_large_image\" class=\"yoast-seo-meta-tag\" \/>\n<meta name=\"twitter:label1\" content=\"Szerz\u0151:\" class=\"yoast-seo-meta-tag\" \/>\n\t<meta name=\"twitter:data1\" content=\"dorogimedence.hu\" class=\"yoast-seo-meta-tag\" \/>\n\t<meta name=\"twitter:label2\" content=\"Becs\u00fclt olvas\u00e1si id\u0151\" class=\"yoast-seo-meta-tag\" \/>\n\t<meta name=\"twitter:data2\" content=\"2 perc\" class=\"yoast-seo-meta-tag\" \/>\n<script type=\"application\/ld+json\" class=\"yoast-schema-graph\">{\"@context\":\"https:\\\/\\\/schema.org\",\"@graph\":[{\"@type\":\"Article\",\"@id\":\"https:\\\/\\\/dorogimedence.hu\\\/index.php\\\/2023\\\/02\\\/01\\\/kilopta-az-ertekeket-a-furgonbol\\\/#article\",\"isPartOf\":{\"@id\":\"https:\\\/\\\/dorogimedence.hu\\\/index.php\\\/2023\\\/02\\\/01\\\/kilopta-az-ertekeket-a-furgonbol\\\/\"},\"author\":{\"name\":\"dorogimedence.hu\",\"@id\":\"https:\\\/\\\/dorogimedence.hu\\\/#\\\/schema\\\/person\\\/ce6091eeb7e95ecdc87890d6aa8e0fd4\"},\"headline\":\"Kilopta az \u00e9rt\u00e9keket a furgonb\u00f3l\",\"datePublished\":\"2023-02-01T10:15:38+00:00\",\"dateModified\":\"2023-02-01T10:15:49+00:00\",\"mainEntityOfPage\":{\"@id\":\"https:\\\/\\\/dorogimedence.hu\\\/index.php\\\/2023\\\/02\\\/01\\\/kilopta-az-ertekeket-a-furgonbol\\\/\"},\"wordCount\":389,\"publisher\":{\"@id\":\"https:\\\/\\\/dorogimedence.hu\\\/#organization\"},\"image\":{\"@id\":\"https:\\\/\\\/dorogimedence.hu\\\/index.php\\\/2023\\\/02\\\/01\\\/kilopta-az-ertekeket-a-furgonbol\\\/#primaryimage\"},\"thumbnailUrl\":\"https:\\\/\\\/dorogimedence.hu\\\/wp-content\\\/uploads\\\/2023\\\/02\\\/furgon-egom.jpg\",\"keywords\":[\"b\u00edr\u00f3s\u00e1g\",\"b\u0171ncselekm\u00e9ny\",\"esztergom\",\"lop\u00e1s\",\"rend\u0151rs\u00e9gi h\u00edrek\",\"\u00fcgy\u00e9szs\u00e9g\"],\"articleSection\":[\"Esztergom\",\"H\u00edrek\",\"K\u00e9k h\u00edrek\"],\"inLanguage\":\"hu\"},{\"@type\":\"WebPage\",\"@id\":\"https:\\\/\\\/dorogimedence.hu\\\/index.php\\\/2023\\\/02\\\/01\\\/kilopta-az-ertekeket-a-furgonbol\\\/\",\"url\":\"https:\\\/\\\/dorogimedence.hu\\\/index.php\\\/2023\\\/02\\\/01\\\/kilopta-az-ertekeket-a-furgonbol\\\/\",\"name\":\"Kilopta az \u00e9rt\u00e9keket a furgonb\u00f3l\",\"isPartOf\":{\"@id\":\"https:\\\/\\\/dorogimedence.hu\\\/#website\"},\"primaryImageOfPage\":{\"@id\":\"https:\\\/\\\/dorogimedence.hu\\\/index.php\\\/2023\\\/02\\\/01\\\/kilopta-az-ertekeket-a-furgonbol\\\/#primaryimage\"},\"image\":{\"@id\":\"https:\\\/\\\/dorogimedence.hu\\\/index.php\\\/2023\\\/02\\\/01\\\/kilopta-az-ertekeket-a-furgonbol\\\/#primaryimage\"},\"thumbnailUrl\":\"https:\\\/\\\/dorogimedence.hu\\\/wp-content\\\/uploads\\\/2023\\\/02\\\/furgon-egom.jpg\",\"datePublished\":\"2023-02-01T10:15:38+00:00\",\"dateModified\":\"2023-02-01T10:15:49+00:00\",\"breadcrumb\":{\"@id\":\"https:\\\/\\\/dorogimedence.hu\\\/index.php\\\/2023\\\/02\\\/01\\\/kilopta-az-ertekeket-a-furgonbol\\\/#breadcrumb\"},\"inLanguage\":\"hu\",\"potentialAction\":[{\"@type\":\"ReadAction\",\"target\":[\"https:\\\/\\\/dorogimedence.hu\\\/index.php\\\/2023\\\/02\\\/01\\\/kilopta-az-ertekeket-a-furgonbol\\\/\"]}]},{\"@type\":\"ImageObject\",\"inLanguage\":\"hu\",\"@id\":\"https:\\\/\\\/dorogimedence.hu\\\/index.php\\\/2023\\\/02\\\/01\\\/kilopta-az-ertekeket-a-furgonbol\\\/#primaryimage\",\"url\":\"https:\\\/\\\/dorogimedence.hu\\\/wp-content\\\/uploads\\\/2023\\\/02\\\/furgon-egom.jpg\",\"contentUrl\":\"https:\\\/\\\/dorogimedence.hu\\\/wp-content\\\/uploads\\\/2023\\\/02\\\/furgon-egom.jpg\",\"width\":1920,\"height\":1080},{\"@type\":\"BreadcrumbList\",\"@id\":\"https:\\\/\\\/dorogimedence.hu\\\/index.php\\\/2023\\\/02\\\/01\\\/kilopta-az-ertekeket-a-furgonbol\\\/#breadcrumb\",\"itemListElement\":[{\"@type\":\"ListItem\",\"position\":1,\"name\":\"Kezd\u0151lap\",\"item\":\"https:\\\/\\\/dorogimedence.hu\\\/\"},{\"@type\":\"ListItem\",\"position\":2,\"name\":\"Kilopta az \u00e9rt\u00e9keket a furgonb\u00f3l\"}]},{\"@type\":\"WebSite\",\"@id\":\"https:\\\/\\\/dorogimedence.hu\\\/#website\",\"url\":\"https:\\\/\\\/dorogimedence.hu\\\/\",\"name\":\"Dorogi-medence Region\u00e1lis H\u00edrport\u00e1l\",\"description\":\"Dorog, Keszt\u00f6lc, Le\u00e1nyv\u00e1r, Piliscs\u00e9v, Tokod, Tokodalt\u00e1r\u00f3, Csolnok, Esztergom-kertv\u00e1ros: h\u00edrek, programok\",\"publisher\":{\"@id\":\"https:\\\/\\\/dorogimedence.hu\\\/#organization\"},\"potentialAction\":[{\"@type\":\"SearchAction\",\"target\":{\"@type\":\"EntryPoint\",\"urlTemplate\":\"https:\\\/\\\/dorogimedence.hu\\\/?s={search_term_string}\"},\"query-input\":{\"@type\":\"PropertyValueSpecification\",\"valueRequired\":true,\"valueName\":\"search_term_string\"}}],\"inLanguage\":\"hu\"},{\"@type\":\"Organization\",\"@id\":\"https:\\\/\\\/dorogimedence.hu\\\/#organization\",\"name\":\"Dorogi-medence Region\u00e1lis H\u00edrport\u00e1l\",\"url\":\"https:\\\/\\\/dorogimedence.hu\\\/\",\"logo\":{\"@type\":\"ImageObject\",\"inLanguage\":\"hu\",\"@id\":\"https:\\\/\\\/dorogimedence.hu\\\/#\\\/schema\\\/logo\\\/image\\\/\",\"url\":\"https:\\\/\\\/dorogimedence.hu\\\/wp-content\\\/uploads\\\/2021\\\/04\\\/logo-feher-600.png\",\"contentUrl\":\"https:\\\/\\\/dorogimedence.hu\\\/wp-content\\\/uploads\\\/2021\\\/04\\\/logo-feher-600.png\",\"width\":600,\"height\":100,\"caption\":\"Dorogi-medence Region\u00e1lis H\u00edrport\u00e1l\"},\"image\":{\"@id\":\"https:\\\/\\\/dorogimedence.hu\\\/#\\\/schema\\\/logo\\\/image\\\/\"},\"sameAs\":[\"https:\\\/\\\/www.facebook.com\\\/dorogimedence\\\/\"]},{\"@type\":\"Person\",\"@id\":\"https:\\\/\\\/dorogimedence.hu\\\/#\\\/schema\\\/person\\\/ce6091eeb7e95ecdc87890d6aa8e0fd4\",\"name\":\"dorogimedence.hu\",\"image\":{\"@type\":\"ImageObject\",\"inLanguage\":\"hu\",\"@id\":\"\\\/\\\/www.gravatar.com\\\/avatar\\\/d8d45f8901aadff40a4af72c0b826f1d?s=96&#038;r=g&#038;d=mm\",\"url\":\"\\\/\\\/www.gravatar.com\\\/avatar\\\/d8d45f8901aadff40a4af72c0b826f1d?s=96&#038;r=g&#038;d=mm\",\"contentUrl\":\"\\\/\\\/www.gravatar.com\\\/avatar\\\/d8d45f8901aadff40a4af72c0b826f1d?s=96&#038;r=g&#038;d=mm\",\"caption\":\"dorogimedence.hu\"}}]}<\/script>\n<!-- \/ Yoast SEO plugin. -->","yoast_head_json":{"title":"Kilopta az \u00e9rt\u00e9keket a furgonb\u00f3l","robots":{"index":"index","follow":"follow","max-snippet":"max-snippet:-1","max-image-preview":"max-image-preview:large","max-video-preview":"max-video-preview:-1"},"canonical":"https:\/\/dorogimedence.hu\/index.php\/2023\/02\/01\/kilopta-az-ertekeket-a-furgonbol\/","og_locale":"hu_HU","og_type":"article","og_title":"Kilopta az \u00e9rt\u00e9keket a furgonb\u00f3l","og_description":"K\u00f6zel k\u00e9t \u00e9v b\u00f6rt\u00f6nb\u00fcntet\u00e9sre \u00edt\u00e9lt\u00e9k azt a f\u00e9rfit, aki egy esztergomi parkol\u00f3ban felt\u00f6rt egy furgont, majd abb\u00f3l k\u00fcl\u00f6nb\u00f6z\u0151 \u00e9rt\u00e9kt\u00e1rgyakat tulajdon\u00edtott el. A v\u00e1dirat szerint az elk\u00f6vet\u0151 2021. augusztus 19-\u00e9n 3 \u00f3ra 38 perc k\u00f6r\u00fcli id\u0151ben egy m\u00e1sik f\u00e9rfi t\u00e1rsas\u00e1g\u00e1ban gyalogolt az esztergomi parkol\u00f3ban, amikor megl\u00e1tta az ott le\u00e1ll\u00edtott g\u00e9pkocsit. Az elk\u00f6vet\u0151 el\u0151sz\u00f6r k\u00f6rbej\u00e1rta az aut\u00f3t","og_url":"https:\/\/dorogimedence.hu\/index.php\/2023\/02\/01\/kilopta-az-ertekeket-a-furgonbol\/","og_site_name":"Dorogi-medence Region\u00e1lis H\u00edrport\u00e1l","article_publisher":"https:\/\/www.facebook.com\/dorogimedence\/","article_published_time":"2023-02-01T10:15:38+00:00","article_modified_time":"2023-02-01T10:15:49+00:00","og_image":[{"width":1920,"height":1080,"url":"https:\/\/dorogimedence.hu\/wp-content\/uploads\/2023\/02\/furgon-egom.jpg","type":"image\/jpeg"}],"author":"dorogimedence.hu","twitter_card":"summary_large_image","twitter_misc":{"Szerz\u0151:":"dorogimedence.hu","Becs\u00fclt olvas\u00e1si id\u0151":"2 perc"},"schema":{"@context":"https:\/\/schema.org","@graph":[{"@type":"Article","@id":"https:\/\/dorogimedence.hu\/index.php\/2023\/02\/01\/kilopta-az-ertekeket-a-furgonbol\/#article","isPartOf":{"@id":"https:\/\/dorogimedence.hu\/index.php\/2023\/02\/01\/kilopta-az-ertekeket-a-furgonbol\/"},"author":{"name":"dorogimedence.hu","@id":"https:\/\/dorogimedence.hu\/#\/schema\/person\/ce6091eeb7e95ecdc87890d6aa8e0fd4"},"headline":"Kilopta az \u00e9rt\u00e9keket a furgonb\u00f3l","datePublished":"2023-02-01T10:15:38+00:00","dateModified":"2023-02-01T10:15:49+00:00","mainEntityOfPage":{"@id":"https:\/\/dorogimedence.hu\/index.php\/2023\/02\/01\/kilopta-az-ertekeket-a-furgonbol\/"},"wordCount":389,"publisher":{"@id":"https:\/\/dorogimedence.hu\/#organization"},"image":{"@id":"https:\/\/dorogimedence.hu\/index.php\/2023\/02\/01\/kilopta-az-ertekeket-a-furgonbol\/#primaryimage"},"thumbnailUrl":"https:\/\/dorogimedence.hu\/wp-content\/uploads\/2023\/02\/furgon-egom.jpg","keywords":["b\u00edr\u00f3s\u00e1g","b\u0171ncselekm\u00e9ny","esztergom","lop\u00e1s","rend\u0151rs\u00e9gi h\u00edrek","\u00fcgy\u00e9szs\u00e9g"],"articleSection":["Esztergom","H\u00edrek","K\u00e9k h\u00edrek"],"inLanguage":"hu"},{"@type":"WebPage","@id":"https:\/\/dorogimedence.hu\/index.php\/2023\/02\/01\/kilopta-az-ertekeket-a-furgonbol\/","url":"https:\/\/dorogimedence.hu\/index.php\/2023\/02\/01\/kilopta-az-ertekeket-a-furgonbol\/","name":"Kilopta az \u00e9rt\u00e9keket a furgonb\u00f3l","isPartOf":{"@id":"https:\/\/dorogimedence.hu\/#website"},"primaryImageOfPage":{"@id":"https:\/\/dorogimedence.hu\/index.php\/2023\/02\/01\/kilopta-az-ertekeket-a-furgonbol\/#primaryimage"},"image":{"@id":"https:\/\/dorogimedence.hu\/index.php\/2023\/02\/01\/kilopta-az-ertekeket-a-furgonbol\/#primaryimage"},"thumbnailUrl":"https:\/\/dorogimedence.hu\/wp-content\/uploads\/2023\/02\/furgon-egom.jpg","datePublished":"2023-02-01T10:15:38+00:00","dateModified":"2023-02-01T10:15:49+00:00","breadcrumb":{"@id":"https:\/\/dorogimedence.hu\/index.php\/2023\/02\/01\/kilopta-az-ertekeket-a-furgonbol\/#breadcrumb"},"inLanguage":"hu","potentialAction":[{"@type":"ReadAction","target":["https:\/\/dorogimedence.hu\/index.php\/2023\/02\/01\/kilopta-az-ertekeket-a-furgonbol\/"]}]},{"@type":"ImageObject","inLanguage":"hu","@id":"https:\/\/dorogimedence.hu\/index.php\/2023\/02\/01\/kilopta-az-ertekeket-a-furgonbol\/#primaryimage","url":"https:\/\/dorogimedence.hu\/wp-content\/uploads\/2023\/02\/furgon-egom.jpg","contentUrl":"https:\/\/dorogimedence.hu\/wp-content\/uploads\/2023\/02\/furgon-egom.jpg","width":1920,"height":1080},{"@type":"BreadcrumbList","@id":"https:\/\/dorogimedence.hu\/index.php\/2023\/02\/01\/kilopta-az-ertekeket-a-furgonbol\/#breadcrumb","itemListElement":[{"@type":"ListItem","position":1,"name":"Kezd\u0151lap","item":"https:\/\/dorogimedence.hu\/"},{"@type":"ListItem","position":2,"name":"Kilopta az \u00e9rt\u00e9keket a furgonb\u00f3l"}]},{"@type":"WebSite","@id":"https:\/\/dorogimedence.hu\/#website","url":"https:\/\/dorogimedence.hu\/","name":"Dorogi-medence Region\u00e1lis H\u00edrport\u00e1l","description":"Dorog, Keszt\u00f6lc, Le\u00e1nyv\u00e1r, Piliscs\u00e9v, Tokod, Tokodalt\u00e1r\u00f3, Csolnok, Esztergom-kertv\u00e1ros: h\u00edrek, programok","publisher":{"@id":"https:\/\/dorogimedence.hu\/#organization"},"potentialAction":[{"@type":"SearchAction","target":{"@type":"EntryPoint","urlTemplate":"https:\/\/dorogimedence.hu\/?s={search_term_string}"},"query-input":{"@type":"PropertyValueSpecification","valueRequired":true,"valueName":"search_term_string"}}],"inLanguage":"hu"},{"@type":"Organization","@id":"https:\/\/dorogimedence.hu\/#organization","name":"Dorogi-medence Region\u00e1lis H\u00edrport\u00e1l","url":"https:\/\/dorogimedence.hu\/","logo":{"@type":"ImageObject","inLanguage":"hu","@id":"https:\/\/dorogimedence.hu\/#\/schema\/logo\/image\/","url":"https:\/\/dorogimedence.hu\/wp-content\/uploads\/2021\/04\/logo-feher-600.png","contentUrl":"https:\/\/dorogimedence.hu\/wp-content\/uploads\/2021\/04\/logo-feher-600.png","width":600,"height":100,"caption":"Dorogi-medence Region\u00e1lis H\u00edrport\u00e1l"},"image":{"@id":"https:\/\/dorogimedence.hu\/#\/schema\/logo\/image\/"},"sameAs":["https:\/\/www.facebook.com\/dorogimedence\/"]},{"@type":"Person","@id":"https:\/\/dorogimedence.hu\/#\/schema\/person\/ce6091eeb7e95ecdc87890d6aa8e0fd4","name":"dorogimedence.hu","image":{"@type":"ImageObject","inLanguage":"hu","@id":"\/\/www.gravatar.com\/avatar\/d8d45f8901aadff40a4af72c0b826f1d?s=96&#038;r=g&#038;d=mm","url":"\/\/www.gravatar.com\/avatar\/d8d45f8901aadff40a4af72c0b826f1d?s=96&#038;r=g&#038;d=mm","contentUrl":"\/\/www.gravatar.com\/avatar\/d8d45f8901aadff40a4af72c0b826f1d?s=96&#038;r=g&#038;d=mm","caption":"dorogimedence.hu"}}]}},"_links":{"self":[{"href":"https:\/\/dorogimedence.hu\/index.php\/wp-json\/wp\/v2\/posts\/49898","targetHints":{"allow":["GET"]}}],"collection":[{"href":"https:\/\/dorogimedence.hu\/index.php\/wp-json\/wp\/v2\/posts"}],"about":[{"href":"https:\/\/dorogimedence.hu\/index.php\/wp-json\/wp\/v2\/types\/post"}],"author":[{"embeddable":true,"href":"https:\/\/dorogimedence.hu\/index.php\/wp-json\/wp\/v2\/users\/1"}],"replies":[{"embeddable":true,"href":"https:\/\/dorogimedence.hu\/index.php\/wp-json\/wp\/v2\/comments?post=49898"}],"version-history":[{"count":0,"href":"https:\/\/dorogimedence.hu\/index.php\/wp-json\/wp\/v2\/posts\/49898\/revisions"}],"wp:featuredmedia":[{"embeddable":true,"href":"https:\/\/dorogimedence.hu\/index.php\/wp-json\/wp\/v2\/media\/49899"}],"wp:attachment":[{"href":"https:\/\/dorogimedence.hu\/index.php\/wp-json\/wp\/v2\/media?parent=49898"}],"wp:term":[{"taxonomy":"category","embeddable":true,"href":"https:\/\/dorogimedence.hu\/index.php\/wp-json\/wp\/v2\/categories?post=49898"},{"taxonomy":"post_tag","embeddable":true,"href":"https:\/\/dorogimedence.hu\/index.php\/wp-json\/wp\/v2\/tags?post=49898"}],"curies":[{"name":"wp","href":"https:\/\/api.w.org\/{rel}","templated":true}]}}