{"id":49893,"date":"2023-02-01T10:31:38","date_gmt":"2023-02-01T09:31:38","guid":{"rendered":"https:\/\/dorogimedence.hu\/?p=49893"},"modified":"2023-02-03T10:10:14","modified_gmt":"2023-02-03T09:10:14","slug":"sokaig-kerestek-holtan-talaltak-meg-szilagyi-piroskat","status":"publish","type":"post","link":"https:\/\/dorogimedence.hu\/index.php\/2023\/02\/01\/sokaig-kerestek-holtan-talaltak-meg-szilagyi-piroskat\/","title":{"rendered":"Sok\u00e1ig kerest\u00e9k, holtan tal\u00e1lt\u00e1k meg Szil\u00e1gyi Pirosk\u00e1t"},"content":{"rendered":"<p><strong>A DNS azonos\u00edt\u00e1s eredm\u00e9nye alapj\u00e1n a napokban adta h\u00edr\u00fcl az Elt\u0171nt Szem\u00e9lyek Keres\u00e9se nev\u0171 k\u00f6z\u00f6ss\u00e9gi oldal, hogy a sok\u00e1ig keresett, Esztergom t\u00e9rs\u00e9g\u00e9ben elt\u0171nt Szil\u00e1gyi Piroska holttest\u00e9t tal\u00e1lt\u00e1k meg tavaly szeptemberben. Megkeres\u00e9s\u00fcnkre a rend\u0151rs\u00e9g meger\u0151s\u00edtette az inform\u00e1ci\u00f3t. K\u00e9rd\u00e9s\u00fcnkre elmondt\u00e1k, hogy az orvosszak\u00e9rt\u0151 b\u0171ncselekm\u00e9nyre utal\u00f3 elv\u00e1ltoz\u00e1st nem \u00e9szlelt.<\/strong><\/p>\n<p>2021. janu\u00e1r 24-\u00e9n ment el l\u00e1nya esztergom-kertv\u00e1rosi lak\u00e1s\u00e1b\u00f3l <a href=\"https:\/\/dorogimedence.hu\/index.php\/2021\/01\/25\/eltunes-miatt-keresik-szilagyi-piroskat\/\" target=\"_blank\" rel=\"noopener\"><span style=\"text-decoration: underline; color: #0000ff;\">Szil\u00e1gyi Piroska<\/span><\/a>. Egy \u00e9ven kereszt\u00fcl a csal\u00e1d, a rend\u0151rs\u00e9g, a <a href=\"https:\/\/dorogimedence.hu\/index.php\/2021\/01\/31\/dronnal-is-keresik-szilagyi-piroskat\/\" target=\"_blank\" rel=\"noopener\"><span style=\"text-decoration: underline;\"><span style=\"color: #0000ff; text-decoration: underline;\">kutat\u00f3-ment\u0151 szolg\u00e1lat<\/span><\/span><\/a> \u00e9s civilek csoportja Esztergom \u00e9s T\u00e1t k\u00f6rny\u00e9k\u00e9n kereste a 63 \u00e9ves elt\u0171nt szem\u00e9lyt, sajnos sikertelen\u00fcl.<\/p>\n<p>Az orsz\u00e1g t\u00f6bb pontj\u00e1r\u00f3l, k\u00f6zt\u00fck Buda\u00f6rsr\u0151l is \u00e9rkezett bejelent\u00e9s, hogy l\u00e1tni v\u00e9lt\u00e9k az elt\u0171nt n\u0151t. Akkoriban l\u00e1nya \u2013 aki minden k\u00f6vet megmozgatott megtal\u00e1l\u00e1s\u00e1ra \u2013 azt mondta a <a href=\"https:\/\/ripost.hu\/insider\/2021\/03\/adj-eletjelet-anyu-uzente-lanya-az-eltunt-piroskanak\" target=\"_blank\" rel=\"noopener\"><span style=\"text-decoration: underline; color: #0000ff;\">Ripostnak<\/span><\/a>, hogy szerinte \u00e9desanyja nem k\u00f6vetett volna el \u00f6ngyilkoss\u00e1got. Hozz\u00e1tette, hogy egy keres\u00e9s\u00e9n\u00e9l a ment\u0151kuty\u00e1k a kertv\u00e1rosi buszmeg\u00e1ll\u00f3kban nagyon akt\u00edvak voltak, de ezen t\u00fal m\u00e1s nyomra nem bukkantak. Ebb\u0151l k\u00f6vetkeztettek arra, hogy tal\u00e1n buszra sz\u00e1llt, vagy kocsiba \u00fclt.<\/p>\n<p>2022. szeptember 19-\u00e9ig nem is t\u00f6rt\u00e9nt fordulat az \u00fcgyben, amikor nem messze onnan, ahol Piroska elt\u0171nt, egy holttestet tal\u00e1ltak. Err\u0151l a rend\u0151rs\u00e9g a honlapj\u00e1n az \u201eIsmeretlen holttest, holttestr\u00e9sz k\u00f6r\u00f6z\u00e9sek\u201d men\u00fcpont alatt adott t\u00e1j\u00e9koztat\u00e1st, amit 2023. febru\u00e1r 1-j\u00e9n t\u00f6r\u00f6ltek is az adatb\u00e1zisb\u00f3l. Hab\u00e1r t\u00f6bb dolog is egyezett az elt\u0171nt szem\u00e9ly ruh\u00e1zat\u00e1val kapcsolatban, DNS vizsg\u00e1latot kellett v\u00e9gezni a pontos beazonos\u00edt\u00e1s \u00e9rdek\u00e9ben.<\/p>\n<p>A DNS eredm\u00e9ny v\u00e9g\u00fcl igazolta a szomor\u00fa h\u00edrt, hogy Szil\u00e1gyi Piroska holttest\u00e9t tal\u00e1lt\u00e1k meg 2022. szeptember 19-\u00e9n Esztergomban \u2013 k\u00f6z\u00f6lte az <span style=\"text-decoration: underline; color: #0000ff;\"><a style=\"color: #0000ff; text-decoration: underline;\" href=\"https:\/\/www.facebook.com\/photo\/?fbid=559662332868426&amp;set=a.462092862625374\" target=\"_blank\" rel=\"noopener\">Elt\u0171nt Szem\u00e9lyek Keres\u00e9se<\/a><\/span> nev\u0171 Facebook oldal. Az inform\u00e1ci\u00f3t a rend\u0151rs\u00e9g a dorogimedence.hu oldalnak meger\u0151s\u00edtette. Hozz\u00e1tett\u00e9k, hogy az orvosszak\u00e9rt\u0151 b\u0171ncselekm\u00e9nyre utal\u00f3 elv\u00e1ltoz\u00e1st nem \u00e9szlelt.<\/p>\n<p><em>Ha \u00d6n is \u00fagy \u00e9rzi, hogy seg\u00edts\u00e9gre lenne sz\u00fcks\u00e9ge, t\u00e1rcs\u00e1zza a kr\u00edzishelyzetben l\u00e9v\u0151k r\u00e9sz\u00e9re rendszeres\u00edtett, mobilr\u00f3l is ingyenesen h\u00edvhat\u00f3 116-123 telefonsz\u00e1mot!<\/em><\/p>\n","protected":false},"excerpt":{"rendered":"<p>A DNS azonos\u00edt\u00e1s eredm\u00e9nye alapj\u00e1n a napokban adta h\u00edr\u00fcl az Elt\u0171nt Szem\u00e9lyek Keres\u00e9se nev\u0171 k\u00f6z\u00f6ss\u00e9gi oldal, hogy a sok\u00e1ig keresett, Esztergom t\u00e9rs\u00e9g\u00e9ben elt\u0171nt Szil\u00e1gyi Piroska holttest\u00e9t tal\u00e1lt\u00e1k meg tavaly szeptemberben. Megkeres\u00e9s\u00fcnkre a rend\u0151rs\u00e9g meger\u0151s\u00edtette az inform\u00e1ci\u00f3t. K\u00e9rd\u00e9s\u00fcnkre elmondt\u00e1k, hogy az orvosszak\u00e9rt\u0151 b\u0171ncselekm\u00e9nyre utal\u00f3 elv\u00e1ltoz\u00e1st nem \u00e9szlelt. 2021. janu\u00e1r 24-\u00e9n ment el l\u00e1nya esztergom-kertv\u00e1rosi lak\u00e1s\u00e1b\u00f3l Szil\u00e1gyi<\/p>\n","protected":false},"author":1,"featured_media":49894,"comment_status":"closed","ping_status":"closed","sticky":false,"template":"","format":"standard","meta":{"ngg_post_thumbnail":0,"footnotes":""},"categories":[38,7,3,39],"tags":[427,1691,4412,61],"class_list":{"0":"post-49893","1":"post","2":"type-post","3":"status-publish","4":"format-standard","5":"has-post-thumbnail","7":"category-esztergom","8":"category-esztergom_kertvaros","9":"category-hirek","10":"category-kek-hirek","11":"tag-eltunt-szemely","12":"tag-gyaszhir","13":"tag-holttest","14":"tag-rendorsegi-hirek"},"yoast_head":"<!-- This site is optimized with the Yoast SEO plugin v27.5 - https:\/\/yoast.com\/product\/yoast-seo-wordpress\/ -->\n<title>Sok\u00e1ig kerest\u00e9k, holtan tal\u00e1lt\u00e1k meg Szil\u00e1gyi Pirosk\u00e1t<\/title>\n<meta name=\"robots\" content=\"index, follow, max-snippet:-1, max-image-preview:large, max-video-preview:-1\" \/>\n<link rel=\"canonical\" href=\"https:\/\/dorogimedence.hu\/index.php\/2023\/02\/01\/sokaig-kerestek-holtan-talaltak-meg-szilagyi-piroskat\/\" class=\"yoast-seo-meta-tag\" \/>\n<meta property=\"og:locale\" content=\"hu_HU\" class=\"yoast-seo-meta-tag\" \/>\n<meta property=\"og:type\" content=\"article\" class=\"yoast-seo-meta-tag\" \/>\n<meta property=\"og:title\" content=\"Sok\u00e1ig kerest\u00e9k, holtan tal\u00e1lt\u00e1k meg Szil\u00e1gyi Pirosk\u00e1t\" class=\"yoast-seo-meta-tag\" \/>\n<meta property=\"og:description\" content=\"A DNS azonos\u00edt\u00e1s eredm\u00e9nye alapj\u00e1n a napokban adta h\u00edr\u00fcl az Elt\u0171nt Szem\u00e9lyek Keres\u00e9se nev\u0171 k\u00f6z\u00f6ss\u00e9gi oldal, hogy a sok\u00e1ig keresett, Esztergom t\u00e9rs\u00e9g\u00e9ben elt\u0171nt Szil\u00e1gyi Piroska holttest\u00e9t tal\u00e1lt\u00e1k meg tavaly szeptemberben. Megkeres\u00e9s\u00fcnkre a rend\u0151rs\u00e9g meger\u0151s\u00edtette az inform\u00e1ci\u00f3t. K\u00e9rd\u00e9s\u00fcnkre elmondt\u00e1k, hogy az orvosszak\u00e9rt\u0151 b\u0171ncselekm\u00e9nyre utal\u00f3 elv\u00e1ltoz\u00e1st nem \u00e9szlelt. 2021. janu\u00e1r 24-\u00e9n ment el l\u00e1nya esztergom-kertv\u00e1rosi lak\u00e1s\u00e1b\u00f3l Szil\u00e1gyi\" class=\"yoast-seo-meta-tag\" \/>\n<meta property=\"og:url\" content=\"https:\/\/dorogimedence.hu\/index.php\/2023\/02\/01\/sokaig-kerestek-holtan-talaltak-meg-szilagyi-piroskat\/\" class=\"yoast-seo-meta-tag\" \/>\n<meta property=\"og:site_name\" content=\"Dorogi-medence Region\u00e1lis H\u00edrport\u00e1l\" class=\"yoast-seo-meta-tag\" \/>\n<meta property=\"article:publisher\" content=\"https:\/\/www.facebook.com\/dorogimedence\/\" class=\"yoast-seo-meta-tag\" \/>\n<meta property=\"article:published_time\" content=\"2023-02-01T09:31:38+00:00\" class=\"yoast-seo-meta-tag\" \/>\n<meta property=\"article:modified_time\" content=\"2023-02-03T09:10:14+00:00\" class=\"yoast-seo-meta-tag\" \/>\n<meta property=\"og:image\" content=\"https:\/\/dorogimedence.hu\/wp-content\/uploads\/2023\/02\/szilagyi-piroska-02.jpg\" class=\"yoast-seo-meta-tag\" \/>\n\t<meta property=\"og:image:width\" content=\"830\" class=\"yoast-seo-meta-tag\" \/>\n\t<meta property=\"og:image:height\" content=\"450\" class=\"yoast-seo-meta-tag\" \/>\n\t<meta property=\"og:image:type\" content=\"image\/jpeg\" class=\"yoast-seo-meta-tag\" \/>\n<meta name=\"author\" content=\"dorogimedence.hu\" class=\"yoast-seo-meta-tag\" \/>\n<meta name=\"twitter:card\" content=\"summary_large_image\" class=\"yoast-seo-meta-tag\" \/>\n<meta name=\"twitter:label1\" content=\"Szerz\u0151:\" class=\"yoast-seo-meta-tag\" \/>\n\t<meta name=\"twitter:data1\" content=\"dorogimedence.hu\" class=\"yoast-seo-meta-tag\" \/>\n\t<meta name=\"twitter:label2\" content=\"Becs\u00fclt olvas\u00e1si id\u0151\" class=\"yoast-seo-meta-tag\" \/>\n\t<meta name=\"twitter:data2\" content=\"2 perc\" class=\"yoast-seo-meta-tag\" \/>\n<script type=\"application\/ld+json\" class=\"yoast-schema-graph\">{\"@context\":\"https:\\\/\\\/schema.org\",\"@graph\":[{\"@type\":\"Article\",\"@id\":\"https:\\\/\\\/dorogimedence.hu\\\/index.php\\\/2023\\\/02\\\/01\\\/sokaig-kerestek-holtan-talaltak-meg-szilagyi-piroskat\\\/#article\",\"isPartOf\":{\"@id\":\"https:\\\/\\\/dorogimedence.hu\\\/index.php\\\/2023\\\/02\\\/01\\\/sokaig-kerestek-holtan-talaltak-meg-szilagyi-piroskat\\\/\"},\"author\":{\"name\":\"dorogimedence.hu\",\"@id\":\"https:\\\/\\\/dorogimedence.hu\\\/#\\\/schema\\\/person\\\/ce6091eeb7e95ecdc87890d6aa8e0fd4\"},\"headline\":\"Sok\u00e1ig kerest\u00e9k, holtan tal\u00e1lt\u00e1k meg Szil\u00e1gyi Pirosk\u00e1t\",\"datePublished\":\"2023-02-01T09:31:38+00:00\",\"dateModified\":\"2023-02-03T09:10:14+00:00\",\"mainEntityOfPage\":{\"@id\":\"https:\\\/\\\/dorogimedence.hu\\\/index.php\\\/2023\\\/02\\\/01\\\/sokaig-kerestek-holtan-talaltak-meg-szilagyi-piroskat\\\/\"},\"wordCount\":448,\"publisher\":{\"@id\":\"https:\\\/\\\/dorogimedence.hu\\\/#organization\"},\"image\":{\"@id\":\"https:\\\/\\\/dorogimedence.hu\\\/index.php\\\/2023\\\/02\\\/01\\\/sokaig-kerestek-holtan-talaltak-meg-szilagyi-piroskat\\\/#primaryimage\"},\"thumbnailUrl\":\"https:\\\/\\\/dorogimedence.hu\\\/wp-content\\\/uploads\\\/2023\\\/02\\\/szilagyi-piroska-02.jpg\",\"keywords\":[\"elt\u0171nt szem\u00e9ly\",\"gy\u00e1szh\u00edr\",\"holttest\",\"rend\u0151rs\u00e9gi h\u00edrek\"],\"articleSection\":[\"Esztergom\",\"Esztergom-kertv\u00e1ros\",\"H\u00edrek\",\"K\u00e9k h\u00edrek\"],\"inLanguage\":\"hu\"},{\"@type\":\"WebPage\",\"@id\":\"https:\\\/\\\/dorogimedence.hu\\\/index.php\\\/2023\\\/02\\\/01\\\/sokaig-kerestek-holtan-talaltak-meg-szilagyi-piroskat\\\/\",\"url\":\"https:\\\/\\\/dorogimedence.hu\\\/index.php\\\/2023\\\/02\\\/01\\\/sokaig-kerestek-holtan-talaltak-meg-szilagyi-piroskat\\\/\",\"name\":\"Sok\u00e1ig kerest\u00e9k, holtan tal\u00e1lt\u00e1k meg Szil\u00e1gyi Pirosk\u00e1t\",\"isPartOf\":{\"@id\":\"https:\\\/\\\/dorogimedence.hu\\\/#website\"},\"primaryImageOfPage\":{\"@id\":\"https:\\\/\\\/dorogimedence.hu\\\/index.php\\\/2023\\\/02\\\/01\\\/sokaig-kerestek-holtan-talaltak-meg-szilagyi-piroskat\\\/#primaryimage\"},\"image\":{\"@id\":\"https:\\\/\\\/dorogimedence.hu\\\/index.php\\\/2023\\\/02\\\/01\\\/sokaig-kerestek-holtan-talaltak-meg-szilagyi-piroskat\\\/#primaryimage\"},\"thumbnailUrl\":\"https:\\\/\\\/dorogimedence.hu\\\/wp-content\\\/uploads\\\/2023\\\/02\\\/szilagyi-piroska-02.jpg\",\"datePublished\":\"2023-02-01T09:31:38+00:00\",\"dateModified\":\"2023-02-03T09:10:14+00:00\",\"breadcrumb\":{\"@id\":\"https:\\\/\\\/dorogimedence.hu\\\/index.php\\\/2023\\\/02\\\/01\\\/sokaig-kerestek-holtan-talaltak-meg-szilagyi-piroskat\\\/#breadcrumb\"},\"inLanguage\":\"hu\",\"potentialAction\":[{\"@type\":\"ReadAction\",\"target\":[\"https:\\\/\\\/dorogimedence.hu\\\/index.php\\\/2023\\\/02\\\/01\\\/sokaig-kerestek-holtan-talaltak-meg-szilagyi-piroskat\\\/\"]}]},{\"@type\":\"ImageObject\",\"inLanguage\":\"hu\",\"@id\":\"https:\\\/\\\/dorogimedence.hu\\\/index.php\\\/2023\\\/02\\\/01\\\/sokaig-kerestek-holtan-talaltak-meg-szilagyi-piroskat\\\/#primaryimage\",\"url\":\"https:\\\/\\\/dorogimedence.hu\\\/wp-content\\\/uploads\\\/2023\\\/02\\\/szilagyi-piroska-02.jpg\",\"contentUrl\":\"https:\\\/\\\/dorogimedence.hu\\\/wp-content\\\/uploads\\\/2023\\\/02\\\/szilagyi-piroska-02.jpg\",\"width\":830,\"height\":450},{\"@type\":\"BreadcrumbList\",\"@id\":\"https:\\\/\\\/dorogimedence.hu\\\/index.php\\\/2023\\\/02\\\/01\\\/sokaig-kerestek-holtan-talaltak-meg-szilagyi-piroskat\\\/#breadcrumb\",\"itemListElement\":[{\"@type\":\"ListItem\",\"position\":1,\"name\":\"Kezd\u0151lap\",\"item\":\"https:\\\/\\\/dorogimedence.hu\\\/\"},{\"@type\":\"ListItem\",\"position\":2,\"name\":\"Sok\u00e1ig kerest\u00e9k, holtan tal\u00e1lt\u00e1k meg Szil\u00e1gyi Pirosk\u00e1t\"}]},{\"@type\":\"WebSite\",\"@id\":\"https:\\\/\\\/dorogimedence.hu\\\/#website\",\"url\":\"https:\\\/\\\/dorogimedence.hu\\\/\",\"name\":\"Dorogi-medence Region\u00e1lis H\u00edrport\u00e1l\",\"description\":\"Dorog, Keszt\u00f6lc, Le\u00e1nyv\u00e1r, Piliscs\u00e9v, Tokod, Tokodalt\u00e1r\u00f3, Csolnok, Esztergom-kertv\u00e1ros: h\u00edrek, programok\",\"publisher\":{\"@id\":\"https:\\\/\\\/dorogimedence.hu\\\/#organization\"},\"potentialAction\":[{\"@type\":\"SearchAction\",\"target\":{\"@type\":\"EntryPoint\",\"urlTemplate\":\"https:\\\/\\\/dorogimedence.hu\\\/?s={search_term_string}\"},\"query-input\":{\"@type\":\"PropertyValueSpecification\",\"valueRequired\":true,\"valueName\":\"search_term_string\"}}],\"inLanguage\":\"hu\"},{\"@type\":\"Organization\",\"@id\":\"https:\\\/\\\/dorogimedence.hu\\\/#organization\",\"name\":\"Dorogi-medence Region\u00e1lis H\u00edrport\u00e1l\",\"url\":\"https:\\\/\\\/dorogimedence.hu\\\/\",\"logo\":{\"@type\":\"ImageObject\",\"inLanguage\":\"hu\",\"@id\":\"https:\\\/\\\/dorogimedence.hu\\\/#\\\/schema\\\/logo\\\/image\\\/\",\"url\":\"https:\\\/\\\/dorogimedence.hu\\\/wp-content\\\/uploads\\\/2021\\\/04\\\/logo-feher-600.png\",\"contentUrl\":\"https:\\\/\\\/dorogimedence.hu\\\/wp-content\\\/uploads\\\/2021\\\/04\\\/logo-feher-600.png\",\"width\":600,\"height\":100,\"caption\":\"Dorogi-medence Region\u00e1lis H\u00edrport\u00e1l\"},\"image\":{\"@id\":\"https:\\\/\\\/dorogimedence.hu\\\/#\\\/schema\\\/logo\\\/image\\\/\"},\"sameAs\":[\"https:\\\/\\\/www.facebook.com\\\/dorogimedence\\\/\"]},{\"@type\":\"Person\",\"@id\":\"https:\\\/\\\/dorogimedence.hu\\\/#\\\/schema\\\/person\\\/ce6091eeb7e95ecdc87890d6aa8e0fd4\",\"name\":\"dorogimedence.hu\",\"image\":{\"@type\":\"ImageObject\",\"inLanguage\":\"hu\",\"@id\":\"\\\/\\\/www.gravatar.com\\\/avatar\\\/d8d45f8901aadff40a4af72c0b826f1d?s=96&#038;r=g&#038;d=mm\",\"url\":\"\\\/\\\/www.gravatar.com\\\/avatar\\\/d8d45f8901aadff40a4af72c0b826f1d?s=96&#038;r=g&#038;d=mm\",\"contentUrl\":\"\\\/\\\/www.gravatar.com\\\/avatar\\\/d8d45f8901aadff40a4af72c0b826f1d?s=96&#038;r=g&#038;d=mm\",\"caption\":\"dorogimedence.hu\"}}]}<\/script>\n<!-- \/ Yoast SEO plugin. -->","yoast_head_json":{"title":"Sok\u00e1ig kerest\u00e9k, holtan tal\u00e1lt\u00e1k meg Szil\u00e1gyi Pirosk\u00e1t","robots":{"index":"index","follow":"follow","max-snippet":"max-snippet:-1","max-image-preview":"max-image-preview:large","max-video-preview":"max-video-preview:-1"},"canonical":"https:\/\/dorogimedence.hu\/index.php\/2023\/02\/01\/sokaig-kerestek-holtan-talaltak-meg-szilagyi-piroskat\/","og_locale":"hu_HU","og_type":"article","og_title":"Sok\u00e1ig kerest\u00e9k, holtan tal\u00e1lt\u00e1k meg Szil\u00e1gyi Pirosk\u00e1t","og_description":"A DNS azonos\u00edt\u00e1s eredm\u00e9nye alapj\u00e1n a napokban adta h\u00edr\u00fcl az Elt\u0171nt Szem\u00e9lyek Keres\u00e9se nev\u0171 k\u00f6z\u00f6ss\u00e9gi oldal, hogy a sok\u00e1ig keresett, Esztergom t\u00e9rs\u00e9g\u00e9ben elt\u0171nt Szil\u00e1gyi Piroska holttest\u00e9t tal\u00e1lt\u00e1k meg tavaly szeptemberben. Megkeres\u00e9s\u00fcnkre a rend\u0151rs\u00e9g meger\u0151s\u00edtette az inform\u00e1ci\u00f3t. K\u00e9rd\u00e9s\u00fcnkre elmondt\u00e1k, hogy az orvosszak\u00e9rt\u0151 b\u0171ncselekm\u00e9nyre utal\u00f3 elv\u00e1ltoz\u00e1st nem \u00e9szlelt. 2021. janu\u00e1r 24-\u00e9n ment el l\u00e1nya esztergom-kertv\u00e1rosi lak\u00e1s\u00e1b\u00f3l Szil\u00e1gyi","og_url":"https:\/\/dorogimedence.hu\/index.php\/2023\/02\/01\/sokaig-kerestek-holtan-talaltak-meg-szilagyi-piroskat\/","og_site_name":"Dorogi-medence Region\u00e1lis H\u00edrport\u00e1l","article_publisher":"https:\/\/www.facebook.com\/dorogimedence\/","article_published_time":"2023-02-01T09:31:38+00:00","article_modified_time":"2023-02-03T09:10:14+00:00","og_image":[{"width":830,"height":450,"url":"https:\/\/dorogimedence.hu\/wp-content\/uploads\/2023\/02\/szilagyi-piroska-02.jpg","type":"image\/jpeg"}],"author":"dorogimedence.hu","twitter_card":"summary_large_image","twitter_misc":{"Szerz\u0151:":"dorogimedence.hu","Becs\u00fclt olvas\u00e1si id\u0151":"2 perc"},"schema":{"@context":"https:\/\/schema.org","@graph":[{"@type":"Article","@id":"https:\/\/dorogimedence.hu\/index.php\/2023\/02\/01\/sokaig-kerestek-holtan-talaltak-meg-szilagyi-piroskat\/#article","isPartOf":{"@id":"https:\/\/dorogimedence.hu\/index.php\/2023\/02\/01\/sokaig-kerestek-holtan-talaltak-meg-szilagyi-piroskat\/"},"author":{"name":"dorogimedence.hu","@id":"https:\/\/dorogimedence.hu\/#\/schema\/person\/ce6091eeb7e95ecdc87890d6aa8e0fd4"},"headline":"Sok\u00e1ig kerest\u00e9k, holtan tal\u00e1lt\u00e1k meg Szil\u00e1gyi Pirosk\u00e1t","datePublished":"2023-02-01T09:31:38+00:00","dateModified":"2023-02-03T09:10:14+00:00","mainEntityOfPage":{"@id":"https:\/\/dorogimedence.hu\/index.php\/2023\/02\/01\/sokaig-kerestek-holtan-talaltak-meg-szilagyi-piroskat\/"},"wordCount":448,"publisher":{"@id":"https:\/\/dorogimedence.hu\/#organization"},"image":{"@id":"https:\/\/dorogimedence.hu\/index.php\/2023\/02\/01\/sokaig-kerestek-holtan-talaltak-meg-szilagyi-piroskat\/#primaryimage"},"thumbnailUrl":"https:\/\/dorogimedence.hu\/wp-content\/uploads\/2023\/02\/szilagyi-piroska-02.jpg","keywords":["elt\u0171nt szem\u00e9ly","gy\u00e1szh\u00edr","holttest","rend\u0151rs\u00e9gi h\u00edrek"],"articleSection":["Esztergom","Esztergom-kertv\u00e1ros","H\u00edrek","K\u00e9k h\u00edrek"],"inLanguage":"hu"},{"@type":"WebPage","@id":"https:\/\/dorogimedence.hu\/index.php\/2023\/02\/01\/sokaig-kerestek-holtan-talaltak-meg-szilagyi-piroskat\/","url":"https:\/\/dorogimedence.hu\/index.php\/2023\/02\/01\/sokaig-kerestek-holtan-talaltak-meg-szilagyi-piroskat\/","name":"Sok\u00e1ig kerest\u00e9k, holtan tal\u00e1lt\u00e1k meg Szil\u00e1gyi Pirosk\u00e1t","isPartOf":{"@id":"https:\/\/dorogimedence.hu\/#website"},"primaryImageOfPage":{"@id":"https:\/\/dorogimedence.hu\/index.php\/2023\/02\/01\/sokaig-kerestek-holtan-talaltak-meg-szilagyi-piroskat\/#primaryimage"},"image":{"@id":"https:\/\/dorogimedence.hu\/index.php\/2023\/02\/01\/sokaig-kerestek-holtan-talaltak-meg-szilagyi-piroskat\/#primaryimage"},"thumbnailUrl":"https:\/\/dorogimedence.hu\/wp-content\/uploads\/2023\/02\/szilagyi-piroska-02.jpg","datePublished":"2023-02-01T09:31:38+00:00","dateModified":"2023-02-03T09:10:14+00:00","breadcrumb":{"@id":"https:\/\/dorogimedence.hu\/index.php\/2023\/02\/01\/sokaig-kerestek-holtan-talaltak-meg-szilagyi-piroskat\/#breadcrumb"},"inLanguage":"hu","potentialAction":[{"@type":"ReadAction","target":["https:\/\/dorogimedence.hu\/index.php\/2023\/02\/01\/sokaig-kerestek-holtan-talaltak-meg-szilagyi-piroskat\/"]}]},{"@type":"ImageObject","inLanguage":"hu","@id":"https:\/\/dorogimedence.hu\/index.php\/2023\/02\/01\/sokaig-kerestek-holtan-talaltak-meg-szilagyi-piroskat\/#primaryimage","url":"https:\/\/dorogimedence.hu\/wp-content\/uploads\/2023\/02\/szilagyi-piroska-02.jpg","contentUrl":"https:\/\/dorogimedence.hu\/wp-content\/uploads\/2023\/02\/szilagyi-piroska-02.jpg","width":830,"height":450},{"@type":"BreadcrumbList","@id":"https:\/\/dorogimedence.hu\/index.php\/2023\/02\/01\/sokaig-kerestek-holtan-talaltak-meg-szilagyi-piroskat\/#breadcrumb","itemListElement":[{"@type":"ListItem","position":1,"name":"Kezd\u0151lap","item":"https:\/\/dorogimedence.hu\/"},{"@type":"ListItem","position":2,"name":"Sok\u00e1ig kerest\u00e9k, holtan tal\u00e1lt\u00e1k meg Szil\u00e1gyi Pirosk\u00e1t"}]},{"@type":"WebSite","@id":"https:\/\/dorogimedence.hu\/#website","url":"https:\/\/dorogimedence.hu\/","name":"Dorogi-medence Region\u00e1lis H\u00edrport\u00e1l","description":"Dorog, Keszt\u00f6lc, Le\u00e1nyv\u00e1r, Piliscs\u00e9v, Tokod, Tokodalt\u00e1r\u00f3, Csolnok, Esztergom-kertv\u00e1ros: h\u00edrek, programok","publisher":{"@id":"https:\/\/dorogimedence.hu\/#organization"},"potentialAction":[{"@type":"SearchAction","target":{"@type":"EntryPoint","urlTemplate":"https:\/\/dorogimedence.hu\/?s={search_term_string}"},"query-input":{"@type":"PropertyValueSpecification","valueRequired":true,"valueName":"search_term_string"}}],"inLanguage":"hu"},{"@type":"Organization","@id":"https:\/\/dorogimedence.hu\/#organization","name":"Dorogi-medence Region\u00e1lis H\u00edrport\u00e1l","url":"https:\/\/dorogimedence.hu\/","logo":{"@type":"ImageObject","inLanguage":"hu","@id":"https:\/\/dorogimedence.hu\/#\/schema\/logo\/image\/","url":"https:\/\/dorogimedence.hu\/wp-content\/uploads\/2021\/04\/logo-feher-600.png","contentUrl":"https:\/\/dorogimedence.hu\/wp-content\/uploads\/2021\/04\/logo-feher-600.png","width":600,"height":100,"caption":"Dorogi-medence Region\u00e1lis H\u00edrport\u00e1l"},"image":{"@id":"https:\/\/dorogimedence.hu\/#\/schema\/logo\/image\/"},"sameAs":["https:\/\/www.facebook.com\/dorogimedence\/"]},{"@type":"Person","@id":"https:\/\/dorogimedence.hu\/#\/schema\/person\/ce6091eeb7e95ecdc87890d6aa8e0fd4","name":"dorogimedence.hu","image":{"@type":"ImageObject","inLanguage":"hu","@id":"\/\/www.gravatar.com\/avatar\/d8d45f8901aadff40a4af72c0b826f1d?s=96&#038;r=g&#038;d=mm","url":"\/\/www.gravatar.com\/avatar\/d8d45f8901aadff40a4af72c0b826f1d?s=96&#038;r=g&#038;d=mm","contentUrl":"\/\/www.gravatar.com\/avatar\/d8d45f8901aadff40a4af72c0b826f1d?s=96&#038;r=g&#038;d=mm","caption":"dorogimedence.hu"}}]}},"_links":{"self":[{"href":"https:\/\/dorogimedence.hu\/index.php\/wp-json\/wp\/v2\/posts\/49893","targetHints":{"allow":["GET"]}}],"collection":[{"href":"https:\/\/dorogimedence.hu\/index.php\/wp-json\/wp\/v2\/posts"}],"about":[{"href":"https:\/\/dorogimedence.hu\/index.php\/wp-json\/wp\/v2\/types\/post"}],"author":[{"embeddable":true,"href":"https:\/\/dorogimedence.hu\/index.php\/wp-json\/wp\/v2\/users\/1"}],"replies":[{"embeddable":true,"href":"https:\/\/dorogimedence.hu\/index.php\/wp-json\/wp\/v2\/comments?post=49893"}],"version-history":[{"count":0,"href":"https:\/\/dorogimedence.hu\/index.php\/wp-json\/wp\/v2\/posts\/49893\/revisions"}],"wp:featuredmedia":[{"embeddable":true,"href":"https:\/\/dorogimedence.hu\/index.php\/wp-json\/wp\/v2\/media\/49894"}],"wp:attachment":[{"href":"https:\/\/dorogimedence.hu\/index.php\/wp-json\/wp\/v2\/media?parent=49893"}],"wp:term":[{"taxonomy":"category","embeddable":true,"href":"https:\/\/dorogimedence.hu\/index.php\/wp-json\/wp\/v2\/categories?post=49893"},{"taxonomy":"post_tag","embeddable":true,"href":"https:\/\/dorogimedence.hu\/index.php\/wp-json\/wp\/v2\/tags?post=49893"}],"curies":[{"name":"wp","href":"https:\/\/api.w.org\/{rel}","templated":true}]}}