{"id":49820,"date":"2023-01-29T16:15:56","date_gmt":"2023-01-29T15:15:56","guid":{"rendered":"https:\/\/dorogimedence.hu\/?p=49820"},"modified":"2023-02-02T10:04:30","modified_gmt":"2023-02-02T09:04:30","slug":"folyamatosan-novekszik-erdeink-terulete-es-elofakeszlete","status":"publish","type":"post","link":"https:\/\/dorogimedence.hu\/index.php\/2023\/01\/29\/folyamatosan-novekszik-erdeink-terulete-es-elofakeszlete\/","title":{"rendered":"Folyamatosan n\u00f6vekszik erdeink ter\u00fclete \u00e9s \u00e9l\u0151fak\u00e9szlete"},"content":{"rendered":"<p style=\"text-align: justify; line-height: 150%;\"><b>Az enyhe id\u0151j\u00e1r\u00e1s miatt id\u00e9n el\u0151bb kezd\u0151dtek meg az Orsz\u00e1gf\u00e1s\u00edt\u00e1si Program keret\u00e9ben megval\u00f3sul\u00f3 fa\u00fcltet\u00e9sek \u2013 k\u00f6z\u00f6lte k\u00f6z\u00f6ss\u00e9gi oldal\u00e1n Nagy Istv\u00e1n agr\u00e1rminiszter.<\/b><\/p>\n<p style=\"text-align: justify; line-height: 150%;\">A t\u00e1rcavezet\u0151 arra h\u00edvta fel a figyelmet, hogy az agr\u00e1rium, azon bel\u00fcl az erd\u0151gazd\u00e1lkod\u00e1s egyik legfontosabb feladata a v\u00e1ltoz\u00f3 kl\u00edm\u00e1hoz val\u00f3 alkalmazkod\u00e1s. M\u00edg p\u00e9ld\u00e1ul az erd\u0151 fel\u00faj\u00edt\u00e1s\u00e1nak \u00e9s telep\u00edt\u00e9s\u00e9nek ideje hagyom\u00e1nyosan tavasz vagy \u0151sz lenne, addig id\u00e9n az enyhe id\u0151j\u00e1r\u00e1s k\u00f6vetkezt\u00e9ben m\u00e1r janu\u00e1rt\u00f3l zajlanak a csemete\u00fcltet\u00e9sek t\u00f6bb helyen, p\u00e9ld\u00e1ul a KEFAG Kiskuns\u00e1gi Erd\u00e9szeti \u00e9s Faipari Zrt-n\u00e9l is. A bugaci erd\u0151ter\u00fcleten mintegy 2,5 hekt\u00e1ron \u00e9ppen az erd\u0151gazdas\u00e1g saj\u00e1t csemetekertj\u00e9ben nevelt 10 500 db ak\u00e1c csemet\u00e9t \u00e9s 650 db nemes ny\u00e1r dugv\u00e1nyt \u00fcltetnek el. A t\u00e1rsas\u00e1g \u00e9ves szinten hozz\u00e1vet\u0151leg 1000 hekt\u00e1ron v\u00e9gez erd\u0151 \u00fajra\u00fcltet\u00e9si munk\u00e1latokat \u00e9s tov\u00e1bbi 20-30 hekt\u00e1r olyan ter\u00fclet van a k\u00f6zvetlen k\u00f6rny\u00e9ken, melyre az Orsz\u00e1gf\u00e1s\u00edt\u00e1si Program keret\u00e9ben \u00fajabb erd\u0151ket is telep\u00edtenek \u2013 tette hozz\u00e1.<\/p>\n<figure id=\"attachment_49822\" aria-describedby=\"caption-attachment-49822\" style=\"width: 755px\" class=\"wp-caption alignnone\"><img fetchpriority=\"high\" decoding=\"async\" class=\"size-large wp-image-49822\" src=\"https:\/\/dorogimedence.hu\/wp-content\/uploads\/2023\/01\/20230124_PEL_6859-1024x681.jpg\" alt=\"\" width=\"755\" height=\"502\" srcset=\"https:\/\/dorogimedence.hu\/wp-content\/uploads\/2023\/01\/20230124_PEL_6859-1024x681.jpg 1024w, https:\/\/dorogimedence.hu\/wp-content\/uploads\/2023\/01\/20230124_PEL_6859-300x200.jpg 300w, https:\/\/dorogimedence.hu\/wp-content\/uploads\/2023\/01\/20230124_PEL_6859-768x511.jpg 768w, https:\/\/dorogimedence.hu\/wp-content\/uploads\/2023\/01\/20230124_PEL_6859-1536x1022.jpg 1536w, https:\/\/dorogimedence.hu\/wp-content\/uploads\/2023\/01\/20230124_PEL_6859-2048x1363.jpg 2048w, https:\/\/dorogimedence.hu\/wp-content\/uploads\/2023\/01\/20230124_PEL_6859-150x100.jpg 150w, https:\/\/dorogimedence.hu\/wp-content\/uploads\/2023\/01\/20230124_PEL_6859-450x299.jpg 450w, https:\/\/dorogimedence.hu\/wp-content\/uploads\/2023\/01\/20230124_PEL_6859-1200x798.jpg 1200w, https:\/\/dorogimedence.hu\/wp-content\/uploads\/2023\/01\/20230124_PEL_6859-272x182.jpg 272w\" sizes=\"(max-width: 755px) 100vw, 755px\" \/><figcaption id=\"caption-attachment-49822\" class=\"wp-caption-text\">Bugac, erd\u00e9szet, fa\u00fcltet\u00e9s, ak\u00e1c, facsemete, erd\u0151, homok, KEFAG<\/figcaption><\/figure>\n<p style=\"text-align: justify; line-height: 150%;\">Nagy Istv\u00e1n arr\u00f3l is besz\u00e9lt, hogy erdeink az orosz-ukr\u00e1n h\u00e1bor\u00fa \u00e9s az elhib\u00e1zott br\u00fcsszeli szankci\u00f3k miatt kialakult energiav\u00e1ls\u00e1gban vagy \u00e9ppen a kl\u00edmav\u00e1ltoz\u00e1s vonatkoz\u00e1s\u00e1ban nem probl\u00e9maforr\u00e1sk\u00e9nt jelennek meg, hanem a megold\u00e1st jelentik. Kifejtette, az elm\u00falt \u00e9vsz\u00e1zadban Magyarorsz\u00e1g megdupl\u00e1zta erd\u0151ter\u00fclet\u00e9t, \u00e9s napjaink erd\u0151telep\u00edt\u00e9sei is jelent\u0151s eredm\u00e9nyt k\u00e9pviselnek. A rendszerv\u00e1ltoz\u00e1s \u00f3ta 200 ezer hekt\u00e1r \u00faj erd\u0151 l\u00e9tes\u00fclt Magyarorsz\u00e1gon. H\u00e1rom \u00e9ve pedig a korm\u00e1ny \u00fajabb lend\u00fcletet adott az erd\u0151telep\u00edt\u00e9seknek, \u00e9s tov\u00e1bbi 50 ezer hekt\u00e1r \u00faj erd\u0151 l\u00e9trehoz\u00e1s\u00e1hoz biztos\u00edt t\u00e1mogat\u00e1st. A fenntarthat\u00f3 erd\u0151gazd\u00e1lkod\u00e1snak k\u00f6sz\u00f6nhet\u0151en megl\u00e9v\u0151 erdeink \u00e9l\u0151fak\u00e9szlete pedig folyamatosan gyarapodik \u2013 emelte ki a miniszter.<\/p>\n<p style=\"text-align: justify; line-height: 150%;\">A t\u00e1rcavezet\u0151 kit\u00e9rt arra is, hogy az el\u0151z\u0151 uni\u00f3s elsz\u00e1mol\u00e1si ciklushoz k\u00e9pest majdnem h\u00e1romszoros, \u00f6sszesen mintegy 310 milli\u00e1rd forint p\u00e1ly\u00e1zati t\u00e1mogat\u00e1s jut a magyarorsz\u00e1gi erd\u0151kre 2027-ig. Az erd\u0151gazd\u00e1lkod\u00e1s a K\u00f6z\u00f6s Agr\u00e1rpolitika vid\u00e9kfejleszt\u00e9si pill\u00e9r\u00e9b\u0151l 11 sz\u00e1zal\u00e9kkal r\u00e9szesedik, ennek csaknem 80 sz\u00e1zal\u00e9ka k\u00f6zvetlen\u00fcl z\u00f6ld c\u00e9lokra ford\u00edtand\u00f3. &nbsp;Hangs\u00falyozta, haz\u00e1nk ter\u00fclet\u00e9nek egynegyed\u00e9t valamilyen f\u00e1s veget\u00e1ci\u00f3, azon bel\u00fcl is mintegy 22 sz\u00e1zal\u00e9kban erd\u0151 bor\u00edtja. Az Agr\u00e1rminiszt\u00e9rium \u00e1ltal \u00e9letre h\u00edvott Orsz\u00e1gf\u00e1s\u00edt\u00e1si Program \u00e9s az \u00e1llami erd\u0151gazdas\u00e1gok kl\u00edmav\u00e1ltoz\u00e1shoz gyorsan alkalmazkod\u00f3 tudatos erd\u0151gazd\u00e1lkod\u00e1si tev\u00e9kenys\u00e9ge &nbsp;is hozz\u00e1j\u00e1rul a korm\u00e1ny azon c\u00e9lj\u00e1hoz, hogy 2030-ra 27 sz\u00e1zal\u00e9kra n\u0151j\u00f6n Magyarorsz\u00e1g f\u00e1val bor\u00edtott ter\u00fcleteinek ar\u00e1nya \u2013 h\u00fazta al\u00e1 a miniszter.<\/p>\n<p style=\"text-align: justify; line-height: 150%;\"><em>Fot\u00f3k, forr\u00e1s: Agr\u00e1rminiszt\u00e9rium Sajt\u00f3iroda<\/em><\/p>\n","protected":false},"excerpt":{"rendered":"<p>Az enyhe id\u0151j\u00e1r\u00e1s miatt id\u00e9n el\u0151bb kezd\u0151dtek meg az Orsz\u00e1gf\u00e1s\u00edt\u00e1si Program keret\u00e9ben megval\u00f3sul\u00f3 fa\u00fcltet\u00e9sek \u2013 k\u00f6z\u00f6lte k\u00f6z\u00f6ss\u00e9gi oldal\u00e1n Nagy Istv\u00e1n agr\u00e1rminiszter. A t\u00e1rcavezet\u0151 arra h\u00edvta fel a figyelmet, hogy az agr\u00e1rium, azon bel\u00fcl az erd\u0151gazd\u00e1lkod\u00e1s egyik legfontosabb feladata a v\u00e1ltoz\u00f3 kl\u00edm\u00e1hoz val\u00f3 alkalmazkod\u00e1s. M\u00edg p\u00e9ld\u00e1ul az erd\u0151 fel\u00faj\u00edt\u00e1s\u00e1nak \u00e9s telep\u00edt\u00e9s\u00e9nek ideje hagyom\u00e1nyosan tavasz vagy \u0151sz<\/p>\n","protected":false},"author":1,"featured_media":49821,"comment_status":"closed","ping_status":"closed","sticky":false,"template":"","format":"standard","meta":{"ngg_post_thumbnail":0,"footnotes":""},"categories":[6934,3,6948],"tags":[6804,1799,3026],"class_list":{"0":"post-49820","1":"post","2":"type-post","3":"status-publish","4":"format-standard","5":"has-post-thumbnail","7":"category-belfold","8":"category-hirek","9":"category-szines","10":"tag-agrarminiszterium","11":"tag-erdo","12":"tag-termeszet"},"yoast_head":"<!-- This site is optimized with the Yoast SEO plugin v27.4 - https:\/\/yoast.com\/product\/yoast-seo-wordpress\/ -->\n<title>Folyamatosan n\u00f6vekszik erdeink ter\u00fclete \u00e9s \u00e9l\u0151fak\u00e9szlete<\/title>\n<meta name=\"robots\" content=\"index, follow, max-snippet:-1, max-image-preview:large, max-video-preview:-1\" \/>\n<link rel=\"canonical\" href=\"https:\/\/dorogimedence.hu\/index.php\/2023\/01\/29\/folyamatosan-novekszik-erdeink-terulete-es-elofakeszlete\/\" class=\"yoast-seo-meta-tag\" \/>\n<meta property=\"og:locale\" content=\"hu_HU\" class=\"yoast-seo-meta-tag\" \/>\n<meta property=\"og:type\" content=\"article\" class=\"yoast-seo-meta-tag\" \/>\n<meta property=\"og:title\" content=\"Folyamatosan n\u00f6vekszik erdeink ter\u00fclete \u00e9s \u00e9l\u0151fak\u00e9szlete\" class=\"yoast-seo-meta-tag\" \/>\n<meta property=\"og:description\" content=\"Az enyhe id\u0151j\u00e1r\u00e1s miatt id\u00e9n el\u0151bb kezd\u0151dtek meg az Orsz\u00e1gf\u00e1s\u00edt\u00e1si Program keret\u00e9ben megval\u00f3sul\u00f3 fa\u00fcltet\u00e9sek \u2013 k\u00f6z\u00f6lte k\u00f6z\u00f6ss\u00e9gi oldal\u00e1n Nagy Istv\u00e1n agr\u00e1rminiszter. A t\u00e1rcavezet\u0151 arra h\u00edvta fel a figyelmet, hogy az agr\u00e1rium, azon bel\u00fcl az erd\u0151gazd\u00e1lkod\u00e1s egyik legfontosabb feladata a v\u00e1ltoz\u00f3 kl\u00edm\u00e1hoz val\u00f3 alkalmazkod\u00e1s. M\u00edg p\u00e9ld\u00e1ul az erd\u0151 fel\u00faj\u00edt\u00e1s\u00e1nak \u00e9s telep\u00edt\u00e9s\u00e9nek ideje hagyom\u00e1nyosan tavasz vagy \u0151sz\" class=\"yoast-seo-meta-tag\" \/>\n<meta property=\"og:url\" content=\"https:\/\/dorogimedence.hu\/index.php\/2023\/01\/29\/folyamatosan-novekszik-erdeink-terulete-es-elofakeszlete\/\" class=\"yoast-seo-meta-tag\" \/>\n<meta property=\"og:site_name\" content=\"Dorogi-medence Region\u00e1lis H\u00edrport\u00e1l\" class=\"yoast-seo-meta-tag\" \/>\n<meta property=\"article:publisher\" content=\"https:\/\/www.facebook.com\/dorogimedence\/\" class=\"yoast-seo-meta-tag\" \/>\n<meta property=\"article:published_time\" content=\"2023-01-29T15:15:56+00:00\" class=\"yoast-seo-meta-tag\" \/>\n<meta property=\"article:modified_time\" content=\"2023-02-02T09:04:30+00:00\" class=\"yoast-seo-meta-tag\" \/>\n<meta property=\"og:image\" content=\"https:\/\/dorogimedence.hu\/wp-content\/uploads\/2023\/01\/20230124_PEL_6756-scaled.jpg\" class=\"yoast-seo-meta-tag\" \/>\n\t<meta property=\"og:image:width\" content=\"2560\" class=\"yoast-seo-meta-tag\" \/>\n\t<meta property=\"og:image:height\" content=\"1703\" class=\"yoast-seo-meta-tag\" \/>\n\t<meta property=\"og:image:type\" content=\"image\/jpeg\" class=\"yoast-seo-meta-tag\" \/>\n<meta name=\"author\" content=\"dorogimedence.hu\" class=\"yoast-seo-meta-tag\" \/>\n<meta name=\"twitter:card\" content=\"summary_large_image\" class=\"yoast-seo-meta-tag\" \/>\n<meta name=\"twitter:label1\" content=\"Szerz\u0151:\" class=\"yoast-seo-meta-tag\" \/>\n\t<meta name=\"twitter:data1\" content=\"dorogimedence.hu\" class=\"yoast-seo-meta-tag\" \/>\n\t<meta name=\"twitter:label2\" content=\"Becs\u00fclt olvas\u00e1si id\u0151\" class=\"yoast-seo-meta-tag\" \/>\n\t<meta name=\"twitter:data2\" content=\"3 perc\" class=\"yoast-seo-meta-tag\" \/>\n<script type=\"application\/ld+json\" class=\"yoast-schema-graph\">{\"@context\":\"https:\\\/\\\/schema.org\",\"@graph\":[{\"@type\":\"Article\",\"@id\":\"https:\\\/\\\/dorogimedence.hu\\\/index.php\\\/2023\\\/01\\\/29\\\/folyamatosan-novekszik-erdeink-terulete-es-elofakeszlete\\\/#article\",\"isPartOf\":{\"@id\":\"https:\\\/\\\/dorogimedence.hu\\\/index.php\\\/2023\\\/01\\\/29\\\/folyamatosan-novekszik-erdeink-terulete-es-elofakeszlete\\\/\"},\"author\":{\"name\":\"dorogimedence.hu\",\"@id\":\"https:\\\/\\\/dorogimedence.hu\\\/#\\\/schema\\\/person\\\/ce6091eeb7e95ecdc87890d6aa8e0fd4\"},\"headline\":\"Folyamatosan n\u00f6vekszik erdeink ter\u00fclete \u00e9s \u00e9l\u0151fak\u00e9szlete\",\"datePublished\":\"2023-01-29T15:15:56+00:00\",\"dateModified\":\"2023-02-02T09:04:30+00:00\",\"mainEntityOfPage\":{\"@id\":\"https:\\\/\\\/dorogimedence.hu\\\/index.php\\\/2023\\\/01\\\/29\\\/folyamatosan-novekszik-erdeink-terulete-es-elofakeszlete\\\/\"},\"wordCount\":581,\"publisher\":{\"@id\":\"https:\\\/\\\/dorogimedence.hu\\\/#organization\"},\"image\":{\"@id\":\"https:\\\/\\\/dorogimedence.hu\\\/index.php\\\/2023\\\/01\\\/29\\\/folyamatosan-novekszik-erdeink-terulete-es-elofakeszlete\\\/#primaryimage\"},\"thumbnailUrl\":\"https:\\\/\\\/dorogimedence.hu\\\/wp-content\\\/uploads\\\/2023\\\/01\\\/20230124_PEL_6756-scaled.jpg\",\"keywords\":[\"Agr\u00e1rminiszt\u00e9rium\",\"erd\u0151\",\"term\u00e9szet\"],\"articleSection\":[\"Belf\u00f6ld, Gazdas\u00e1g\",\"H\u00edrek\",\"Sz\u00ednes\"],\"inLanguage\":\"hu\"},{\"@type\":\"WebPage\",\"@id\":\"https:\\\/\\\/dorogimedence.hu\\\/index.php\\\/2023\\\/01\\\/29\\\/folyamatosan-novekszik-erdeink-terulete-es-elofakeszlete\\\/\",\"url\":\"https:\\\/\\\/dorogimedence.hu\\\/index.php\\\/2023\\\/01\\\/29\\\/folyamatosan-novekszik-erdeink-terulete-es-elofakeszlete\\\/\",\"name\":\"Folyamatosan n\u00f6vekszik erdeink ter\u00fclete \u00e9s \u00e9l\u0151fak\u00e9szlete\",\"isPartOf\":{\"@id\":\"https:\\\/\\\/dorogimedence.hu\\\/#website\"},\"primaryImageOfPage\":{\"@id\":\"https:\\\/\\\/dorogimedence.hu\\\/index.php\\\/2023\\\/01\\\/29\\\/folyamatosan-novekszik-erdeink-terulete-es-elofakeszlete\\\/#primaryimage\"},\"image\":{\"@id\":\"https:\\\/\\\/dorogimedence.hu\\\/index.php\\\/2023\\\/01\\\/29\\\/folyamatosan-novekszik-erdeink-terulete-es-elofakeszlete\\\/#primaryimage\"},\"thumbnailUrl\":\"https:\\\/\\\/dorogimedence.hu\\\/wp-content\\\/uploads\\\/2023\\\/01\\\/20230124_PEL_6756-scaled.jpg\",\"datePublished\":\"2023-01-29T15:15:56+00:00\",\"dateModified\":\"2023-02-02T09:04:30+00:00\",\"breadcrumb\":{\"@id\":\"https:\\\/\\\/dorogimedence.hu\\\/index.php\\\/2023\\\/01\\\/29\\\/folyamatosan-novekszik-erdeink-terulete-es-elofakeszlete\\\/#breadcrumb\"},\"inLanguage\":\"hu\",\"potentialAction\":[{\"@type\":\"ReadAction\",\"target\":[\"https:\\\/\\\/dorogimedence.hu\\\/index.php\\\/2023\\\/01\\\/29\\\/folyamatosan-novekszik-erdeink-terulete-es-elofakeszlete\\\/\"]}]},{\"@type\":\"ImageObject\",\"inLanguage\":\"hu\",\"@id\":\"https:\\\/\\\/dorogimedence.hu\\\/index.php\\\/2023\\\/01\\\/29\\\/folyamatosan-novekszik-erdeink-terulete-es-elofakeszlete\\\/#primaryimage\",\"url\":\"https:\\\/\\\/dorogimedence.hu\\\/wp-content\\\/uploads\\\/2023\\\/01\\\/20230124_PEL_6756-scaled.jpg\",\"contentUrl\":\"https:\\\/\\\/dorogimedence.hu\\\/wp-content\\\/uploads\\\/2023\\\/01\\\/20230124_PEL_6756-scaled.jpg\",\"width\":2560,\"height\":1703,\"caption\":\"Bugac, erd\u00e9szet, fa\u00fcltet\u00e9s, ak\u00e1c, facsemete, erd\u0151, homok, KEFAG\"},{\"@type\":\"BreadcrumbList\",\"@id\":\"https:\\\/\\\/dorogimedence.hu\\\/index.php\\\/2023\\\/01\\\/29\\\/folyamatosan-novekszik-erdeink-terulete-es-elofakeszlete\\\/#breadcrumb\",\"itemListElement\":[{\"@type\":\"ListItem\",\"position\":1,\"name\":\"Kezd\u0151lap\",\"item\":\"https:\\\/\\\/dorogimedence.hu\\\/\"},{\"@type\":\"ListItem\",\"position\":2,\"name\":\"Folyamatosan n\u00f6vekszik erdeink ter\u00fclete \u00e9s \u00e9l\u0151fak\u00e9szlete\"}]},{\"@type\":\"WebSite\",\"@id\":\"https:\\\/\\\/dorogimedence.hu\\\/#website\",\"url\":\"https:\\\/\\\/dorogimedence.hu\\\/\",\"name\":\"Dorogi-medence Region\u00e1lis H\u00edrport\u00e1l\",\"description\":\"Dorog, Keszt\u00f6lc, Le\u00e1nyv\u00e1r, Piliscs\u00e9v, Tokod, Tokodalt\u00e1r\u00f3, Csolnok, Esztergom-kertv\u00e1ros: h\u00edrek, programok\",\"publisher\":{\"@id\":\"https:\\\/\\\/dorogimedence.hu\\\/#organization\"},\"potentialAction\":[{\"@type\":\"SearchAction\",\"target\":{\"@type\":\"EntryPoint\",\"urlTemplate\":\"https:\\\/\\\/dorogimedence.hu\\\/?s={search_term_string}\"},\"query-input\":{\"@type\":\"PropertyValueSpecification\",\"valueRequired\":true,\"valueName\":\"search_term_string\"}}],\"inLanguage\":\"hu\"},{\"@type\":\"Organization\",\"@id\":\"https:\\\/\\\/dorogimedence.hu\\\/#organization\",\"name\":\"Dorogi-medence Region\u00e1lis H\u00edrport\u00e1l\",\"url\":\"https:\\\/\\\/dorogimedence.hu\\\/\",\"logo\":{\"@type\":\"ImageObject\",\"inLanguage\":\"hu\",\"@id\":\"https:\\\/\\\/dorogimedence.hu\\\/#\\\/schema\\\/logo\\\/image\\\/\",\"url\":\"https:\\\/\\\/dorogimedence.hu\\\/wp-content\\\/uploads\\\/2021\\\/04\\\/logo-feher-600.png\",\"contentUrl\":\"https:\\\/\\\/dorogimedence.hu\\\/wp-content\\\/uploads\\\/2021\\\/04\\\/logo-feher-600.png\",\"width\":600,\"height\":100,\"caption\":\"Dorogi-medence Region\u00e1lis H\u00edrport\u00e1l\"},\"image\":{\"@id\":\"https:\\\/\\\/dorogimedence.hu\\\/#\\\/schema\\\/logo\\\/image\\\/\"},\"sameAs\":[\"https:\\\/\\\/www.facebook.com\\\/dorogimedence\\\/\"]},{\"@type\":\"Person\",\"@id\":\"https:\\\/\\\/dorogimedence.hu\\\/#\\\/schema\\\/person\\\/ce6091eeb7e95ecdc87890d6aa8e0fd4\",\"name\":\"dorogimedence.hu\",\"image\":{\"@type\":\"ImageObject\",\"inLanguage\":\"hu\",\"@id\":\"\\\/\\\/www.gravatar.com\\\/avatar\\\/d8d45f8901aadff40a4af72c0b826f1d?s=96&#038;r=g&#038;d=mm\",\"url\":\"\\\/\\\/www.gravatar.com\\\/avatar\\\/d8d45f8901aadff40a4af72c0b826f1d?s=96&#038;r=g&#038;d=mm\",\"contentUrl\":\"\\\/\\\/www.gravatar.com\\\/avatar\\\/d8d45f8901aadff40a4af72c0b826f1d?s=96&#038;r=g&#038;d=mm\",\"caption\":\"dorogimedence.hu\"}}]}<\/script>\n<!-- \/ Yoast SEO plugin. -->","yoast_head_json":{"title":"Folyamatosan n\u00f6vekszik erdeink ter\u00fclete \u00e9s \u00e9l\u0151fak\u00e9szlete","robots":{"index":"index","follow":"follow","max-snippet":"max-snippet:-1","max-image-preview":"max-image-preview:large","max-video-preview":"max-video-preview:-1"},"canonical":"https:\/\/dorogimedence.hu\/index.php\/2023\/01\/29\/folyamatosan-novekszik-erdeink-terulete-es-elofakeszlete\/","og_locale":"hu_HU","og_type":"article","og_title":"Folyamatosan n\u00f6vekszik erdeink ter\u00fclete \u00e9s \u00e9l\u0151fak\u00e9szlete","og_description":"Az enyhe id\u0151j\u00e1r\u00e1s miatt id\u00e9n el\u0151bb kezd\u0151dtek meg az Orsz\u00e1gf\u00e1s\u00edt\u00e1si Program keret\u00e9ben megval\u00f3sul\u00f3 fa\u00fcltet\u00e9sek \u2013 k\u00f6z\u00f6lte k\u00f6z\u00f6ss\u00e9gi oldal\u00e1n Nagy Istv\u00e1n agr\u00e1rminiszter. A t\u00e1rcavezet\u0151 arra h\u00edvta fel a figyelmet, hogy az agr\u00e1rium, azon bel\u00fcl az erd\u0151gazd\u00e1lkod\u00e1s egyik legfontosabb feladata a v\u00e1ltoz\u00f3 kl\u00edm\u00e1hoz val\u00f3 alkalmazkod\u00e1s. M\u00edg p\u00e9ld\u00e1ul az erd\u0151 fel\u00faj\u00edt\u00e1s\u00e1nak \u00e9s telep\u00edt\u00e9s\u00e9nek ideje hagyom\u00e1nyosan tavasz vagy \u0151sz","og_url":"https:\/\/dorogimedence.hu\/index.php\/2023\/01\/29\/folyamatosan-novekszik-erdeink-terulete-es-elofakeszlete\/","og_site_name":"Dorogi-medence Region\u00e1lis H\u00edrport\u00e1l","article_publisher":"https:\/\/www.facebook.com\/dorogimedence\/","article_published_time":"2023-01-29T15:15:56+00:00","article_modified_time":"2023-02-02T09:04:30+00:00","og_image":[{"width":2560,"height":1703,"url":"https:\/\/dorogimedence.hu\/wp-content\/uploads\/2023\/01\/20230124_PEL_6756-scaled.jpg","type":"image\/jpeg"}],"author":"dorogimedence.hu","twitter_card":"summary_large_image","twitter_misc":{"Szerz\u0151:":"dorogimedence.hu","Becs\u00fclt olvas\u00e1si id\u0151":"3 perc"},"schema":{"@context":"https:\/\/schema.org","@graph":[{"@type":"Article","@id":"https:\/\/dorogimedence.hu\/index.php\/2023\/01\/29\/folyamatosan-novekszik-erdeink-terulete-es-elofakeszlete\/#article","isPartOf":{"@id":"https:\/\/dorogimedence.hu\/index.php\/2023\/01\/29\/folyamatosan-novekszik-erdeink-terulete-es-elofakeszlete\/"},"author":{"name":"dorogimedence.hu","@id":"https:\/\/dorogimedence.hu\/#\/schema\/person\/ce6091eeb7e95ecdc87890d6aa8e0fd4"},"headline":"Folyamatosan n\u00f6vekszik erdeink ter\u00fclete \u00e9s \u00e9l\u0151fak\u00e9szlete","datePublished":"2023-01-29T15:15:56+00:00","dateModified":"2023-02-02T09:04:30+00:00","mainEntityOfPage":{"@id":"https:\/\/dorogimedence.hu\/index.php\/2023\/01\/29\/folyamatosan-novekszik-erdeink-terulete-es-elofakeszlete\/"},"wordCount":581,"publisher":{"@id":"https:\/\/dorogimedence.hu\/#organization"},"image":{"@id":"https:\/\/dorogimedence.hu\/index.php\/2023\/01\/29\/folyamatosan-novekszik-erdeink-terulete-es-elofakeszlete\/#primaryimage"},"thumbnailUrl":"https:\/\/dorogimedence.hu\/wp-content\/uploads\/2023\/01\/20230124_PEL_6756-scaled.jpg","keywords":["Agr\u00e1rminiszt\u00e9rium","erd\u0151","term\u00e9szet"],"articleSection":["Belf\u00f6ld, Gazdas\u00e1g","H\u00edrek","Sz\u00ednes"],"inLanguage":"hu"},{"@type":"WebPage","@id":"https:\/\/dorogimedence.hu\/index.php\/2023\/01\/29\/folyamatosan-novekszik-erdeink-terulete-es-elofakeszlete\/","url":"https:\/\/dorogimedence.hu\/index.php\/2023\/01\/29\/folyamatosan-novekszik-erdeink-terulete-es-elofakeszlete\/","name":"Folyamatosan n\u00f6vekszik erdeink ter\u00fclete \u00e9s \u00e9l\u0151fak\u00e9szlete","isPartOf":{"@id":"https:\/\/dorogimedence.hu\/#website"},"primaryImageOfPage":{"@id":"https:\/\/dorogimedence.hu\/index.php\/2023\/01\/29\/folyamatosan-novekszik-erdeink-terulete-es-elofakeszlete\/#primaryimage"},"image":{"@id":"https:\/\/dorogimedence.hu\/index.php\/2023\/01\/29\/folyamatosan-novekszik-erdeink-terulete-es-elofakeszlete\/#primaryimage"},"thumbnailUrl":"https:\/\/dorogimedence.hu\/wp-content\/uploads\/2023\/01\/20230124_PEL_6756-scaled.jpg","datePublished":"2023-01-29T15:15:56+00:00","dateModified":"2023-02-02T09:04:30+00:00","breadcrumb":{"@id":"https:\/\/dorogimedence.hu\/index.php\/2023\/01\/29\/folyamatosan-novekszik-erdeink-terulete-es-elofakeszlete\/#breadcrumb"},"inLanguage":"hu","potentialAction":[{"@type":"ReadAction","target":["https:\/\/dorogimedence.hu\/index.php\/2023\/01\/29\/folyamatosan-novekszik-erdeink-terulete-es-elofakeszlete\/"]}]},{"@type":"ImageObject","inLanguage":"hu","@id":"https:\/\/dorogimedence.hu\/index.php\/2023\/01\/29\/folyamatosan-novekszik-erdeink-terulete-es-elofakeszlete\/#primaryimage","url":"https:\/\/dorogimedence.hu\/wp-content\/uploads\/2023\/01\/20230124_PEL_6756-scaled.jpg","contentUrl":"https:\/\/dorogimedence.hu\/wp-content\/uploads\/2023\/01\/20230124_PEL_6756-scaled.jpg","width":2560,"height":1703,"caption":"Bugac, erd\u00e9szet, fa\u00fcltet\u00e9s, ak\u00e1c, facsemete, erd\u0151, homok, KEFAG"},{"@type":"BreadcrumbList","@id":"https:\/\/dorogimedence.hu\/index.php\/2023\/01\/29\/folyamatosan-novekszik-erdeink-terulete-es-elofakeszlete\/#breadcrumb","itemListElement":[{"@type":"ListItem","position":1,"name":"Kezd\u0151lap","item":"https:\/\/dorogimedence.hu\/"},{"@type":"ListItem","position":2,"name":"Folyamatosan n\u00f6vekszik erdeink ter\u00fclete \u00e9s \u00e9l\u0151fak\u00e9szlete"}]},{"@type":"WebSite","@id":"https:\/\/dorogimedence.hu\/#website","url":"https:\/\/dorogimedence.hu\/","name":"Dorogi-medence Region\u00e1lis H\u00edrport\u00e1l","description":"Dorog, Keszt\u00f6lc, Le\u00e1nyv\u00e1r, Piliscs\u00e9v, Tokod, Tokodalt\u00e1r\u00f3, Csolnok, Esztergom-kertv\u00e1ros: h\u00edrek, programok","publisher":{"@id":"https:\/\/dorogimedence.hu\/#organization"},"potentialAction":[{"@type":"SearchAction","target":{"@type":"EntryPoint","urlTemplate":"https:\/\/dorogimedence.hu\/?s={search_term_string}"},"query-input":{"@type":"PropertyValueSpecification","valueRequired":true,"valueName":"search_term_string"}}],"inLanguage":"hu"},{"@type":"Organization","@id":"https:\/\/dorogimedence.hu\/#organization","name":"Dorogi-medence Region\u00e1lis H\u00edrport\u00e1l","url":"https:\/\/dorogimedence.hu\/","logo":{"@type":"ImageObject","inLanguage":"hu","@id":"https:\/\/dorogimedence.hu\/#\/schema\/logo\/image\/","url":"https:\/\/dorogimedence.hu\/wp-content\/uploads\/2021\/04\/logo-feher-600.png","contentUrl":"https:\/\/dorogimedence.hu\/wp-content\/uploads\/2021\/04\/logo-feher-600.png","width":600,"height":100,"caption":"Dorogi-medence Region\u00e1lis H\u00edrport\u00e1l"},"image":{"@id":"https:\/\/dorogimedence.hu\/#\/schema\/logo\/image\/"},"sameAs":["https:\/\/www.facebook.com\/dorogimedence\/"]},{"@type":"Person","@id":"https:\/\/dorogimedence.hu\/#\/schema\/person\/ce6091eeb7e95ecdc87890d6aa8e0fd4","name":"dorogimedence.hu","image":{"@type":"ImageObject","inLanguage":"hu","@id":"\/\/www.gravatar.com\/avatar\/d8d45f8901aadff40a4af72c0b826f1d?s=96&#038;r=g&#038;d=mm","url":"\/\/www.gravatar.com\/avatar\/d8d45f8901aadff40a4af72c0b826f1d?s=96&#038;r=g&#038;d=mm","contentUrl":"\/\/www.gravatar.com\/avatar\/d8d45f8901aadff40a4af72c0b826f1d?s=96&#038;r=g&#038;d=mm","caption":"dorogimedence.hu"}}]}},"_links":{"self":[{"href":"https:\/\/dorogimedence.hu\/index.php\/wp-json\/wp\/v2\/posts\/49820","targetHints":{"allow":["GET"]}}],"collection":[{"href":"https:\/\/dorogimedence.hu\/index.php\/wp-json\/wp\/v2\/posts"}],"about":[{"href":"https:\/\/dorogimedence.hu\/index.php\/wp-json\/wp\/v2\/types\/post"}],"author":[{"embeddable":true,"href":"https:\/\/dorogimedence.hu\/index.php\/wp-json\/wp\/v2\/users\/1"}],"replies":[{"embeddable":true,"href":"https:\/\/dorogimedence.hu\/index.php\/wp-json\/wp\/v2\/comments?post=49820"}],"version-history":[{"count":0,"href":"https:\/\/dorogimedence.hu\/index.php\/wp-json\/wp\/v2\/posts\/49820\/revisions"}],"wp:featuredmedia":[{"embeddable":true,"href":"https:\/\/dorogimedence.hu\/index.php\/wp-json\/wp\/v2\/media\/49821"}],"wp:attachment":[{"href":"https:\/\/dorogimedence.hu\/index.php\/wp-json\/wp\/v2\/media?parent=49820"}],"wp:term":[{"taxonomy":"category","embeddable":true,"href":"https:\/\/dorogimedence.hu\/index.php\/wp-json\/wp\/v2\/categories?post=49820"},{"taxonomy":"post_tag","embeddable":true,"href":"https:\/\/dorogimedence.hu\/index.php\/wp-json\/wp\/v2\/tags?post=49820"}],"curies":[{"name":"wp","href":"https:\/\/api.w.org\/{rel}","templated":true}]}}