{"id":49696,"date":"2023-01-24T10:17:34","date_gmt":"2023-01-24T09:17:34","guid":{"rendered":"https:\/\/dorogimedence.hu\/?p=49696"},"modified":"2023-01-24T10:17:58","modified_gmt":"2023-01-24T09:17:58","slug":"esztergom-is-lathato-a-himnusz-emlekermen","status":"publish","type":"post","link":"https:\/\/dorogimedence.hu\/index.php\/2023\/01\/24\/esztergom-is-lathato-a-himnusz-emlekermen\/","title":{"rendered":"Esztergom is l\u00e1that\u00f3 a Himnusz eml\u00e9k\u00e9rm\u00e9n"},"content":{"rendered":"<p><strong>A Magyar Nemzeti Bank (MNB) Himnusz megnevez\u00e9ssel 15 ezer forint n\u00e9v\u00e9rt\u00e9k\u0171 ez\u00fcst \u00e9s 3 ezer forint n\u00e9v\u00e9rt\u00e9k\u0171 sz\u00ednesf\u00e9m eml\u00e9k\u00e9rm\u00e9t bocs\u00e1tott ki a nemzeti \u00e9nek\u00fcnk alapj\u00e1ul szolg\u00e1l\u00f3 k\u00f6ltem\u00e9ny meg\u00edr\u00e1s\u00e1nak 200. \u00e9vfordul\u00f3ja alkalm\u00e1b\u00f3l. A Soltra E. Tam\u00e1s szobr\u00e1szm\u0171v\u00e9sz \u00e1ltal tervezett eml\u00e9k\u00e9rm\u00e9kkel indult a jegybank idei eml\u00e9k\u00e9rme-kibocs\u00e1t\u00e1si programja.<\/strong><\/p>\n<p>A Pet\u0151fi Irodalmi M\u00fazeumban (PIM) tartott h\u00e9tf\u0151i rendezv\u00e9nyen Demeter Szil\u00e1rd, az int\u00e9zm\u00e9ny f\u0151igazgat\u00f3ja eml\u00e9keztetett arra: az eml\u00e9k\u00e9rme kiemeli annak a jelent\u0151s\u00e9g\u00e9t, hogy nincs m\u00e1sik himnuszunk, a k\u00e9tsz\u00e1z \u00e9ve meg\u00edrt \u00e9s az\u00f3ta a magyar n\u00e9pl\u00e9lek r\u00e9sz\u00e9v\u00e9 v\u00e1lt Himnusz ugyanis nem csereszabatos, hi\u00e1ba tettek k\u00eds\u00e9rletet a R\u00e1kosi-rendszerben annak megv\u00e1ltoztat\u00e1s\u00e1ra. A k\u00f6vetkez\u0151 k\u00e9tsz\u00e1z \u00e9vben is minden \u00fcnnepi alkalomkor \u00e9s minden hat\u00e1rhelyzetben ezzel a foh\u00e1sszal fordulhatunk Istenhez &#8211; tette hozz\u00e1 Demeter Szil\u00e1rd.<\/p>\n<p>Herg\u00e1r Eszter, a Magyar Nemzeti Bank t\u00e1rsadalmi kapcsolatok\u00e9rt felel\u0151s igazgat\u00f3ja elmondta: a jegybank hossz\u00fa \u00e9vtizedek \u00f3ta fontosnak tartja az \u00e9rt\u00e9k\u0151rz\u00e9s, a figyelemfelkelt\u00e9s \u00e9s az ismeretterjeszt\u00e9s kultur\u00e1lis misszi\u00f3j\u00e1nak felv\u00e1llal\u00e1s\u00e1t, \u00e9ppen ez\u00e9rt az MNB 1968 \u00f3ta bocs\u00e1t ki eml\u00e9k\u00e9rm\u00e9ket az orsz\u00e1g kiemelked\u0151 kultur\u00e1lis, t\u00f6rt\u00e9nelmi \u00e9s tudom\u00e1nyos \u00e9vfordul\u00f3i alkalm\u00e1b\u00f3l.<\/p>\n<p>A Himnusz meg\u00edr\u00e1s\u00e1nak bicenten\u00e1riuma el\u0151tt tisztelg\u0151, azonos \u00e1tm\u00e9r\u0151j\u00fa eml\u00e9k\u00e9rm\u00e9k k\u00e9pe azonos, csak \u00e9rt\u00e9kjelz\u00e9s\u00fck t\u00e9r el. Az eml\u00e9k\u00e9rm\u00e9k \u00e9rt\u00e9k\u00e9t alapanyaguk mellett tov\u00e1bb n\u00f6veli az alacsony kibocs\u00e1t\u00e1si p\u00e9ld\u00e1nysz\u00e1m. Az ez\u00fcst v\u00e1ltozatb\u00f3l 5 ezer darab, a sz\u00ednesf\u00e9m v\u00e1ltozatb\u00f3l pedig 6 ezer darab k\u00e9sz\u00edthet\u0151 \u00f6sszesen &#8211; emelte ki Herg\u00e1r Eszter.<\/p>\n<p>Az eml\u00e9k\u00e9rm\u00e9k el\u0151oldal\u00e1n K\u00f6lcsey Ferenc f\u00e9lalakos portr\u00e9ja l\u00e1that\u00f3, amint el\u0151l\u00e9p az el\u0151oldal megosztott h\u00e1tter\u00e9b\u0151l. A k\u00f6lt\u0151 ruh\u00e1zat\u00e1ba rejtve olvashat\u00f3 a k\u00f6lt\u0151 vezet\u00e9kneve. Az \u00e1br\u00e1zol\u00e1s alatt egy korabeli toll utal K\u00f6lcsey Ferenc szerz\u0151s\u00e9g\u00e9re. A portr\u00e9 alatti k\u00e9t sorban olvashat\u00f3 az eredeti k\u00e9zirat \u00edr\u00e1sm\u00f3dja szerinti &#8222;Hymnus&#8221; felirat, valamint a m\u0171 keletkez\u00e9s\u00e9nek \u00e9v\u00e9t jel\u00f6l\u0151 &#8222;1823&#8221; \u00e9vsz\u00e1m.<\/p>\n<p>Az el\u0151lapon tal\u00e1lhat\u00f3ak tov\u00e1bb\u00e1 az eml\u00e9k\u00e9rm\u00e9k k\u00f6telez\u0151 elemei: a portr\u00e9t\u00f3l jobbra, f\u00fcgg\u0151legesen a &#8222;MAGYARORSZ\u00c1G&#8221; felirat t\u00fcnteti fel a kibocs\u00e1t\u00f3t. Az el\u0151oldal als\u00f3 harmad\u00e1ban bal sz\u00e9len k\u00e9t sorban a &#8222;2023&#8221; ver\u00e9si \u00e9vsz\u00e1m utal a kibocs\u00e1t\u00e1s idej\u00e9re, valamint a &#8222;BP.&#8221; verdejel a gy\u00e1rt\u00e1s hely\u00e9re; jobb sz\u00e9len a &#8222;15000&#8221;, valamint a &#8222;3000&#8221; \u00e9rt\u00e9kjelz\u00e9s, \u00e9s a &#8222;FORINT&#8221; felirat jelen\u00edti meg az eml\u00e9k\u00e9rm\u00e9k n\u00e9v\u00e9rt\u00e9k\u00e9t.<\/p>\n<p>Az eml\u00e9k\u00e9rm\u00e9k h\u00e1toldal\u00e1n a Himnusz sz\u00f6veg\u00e9re \u00e9s Magyarorsz\u00e1g ikonikus t\u00e1jegys\u00e9geire utal\u00f3 k\u00e9pi elemek k\u00f6rpanor\u00e1ma-szer\u0171 \u00e1br\u00e1zol\u00e1sa l\u00e1that\u00f3. A k\u00f6ltem\u00e9ny szakr\u00e1lis jelleg\u00e9re utalva a Szenth\u00e1roms\u00e1got szimboliz\u00e1l\u00f3 k\u00f6zponti h\u00e1romsz\u00f6gb\u0151l h\u00e1rom ir\u00e1nyba sugarak vet\u00fclnek a t\u00e1j\u00e1br\u00e1zol\u00e1sra. A h\u00e1romsz\u00f6g k\u00f6r\u00fcl, k\u00f6riratban, az eredeti k\u00e9zirat \u00edr\u00e1sm\u00f3dja szerinti &#8222;NY\u00daJTS FEL\u00c9JE V\u00c9D\u0150 KART HA K\u00dcZD ELLENS\u00c9GGEL&#8221; felirat olvashat\u00f3.<\/p>\n<p>A k\u00f6rpanor\u00e1m\u00e1ban K\u00f6lcsey Ferenc szatm\u00e1rcsekei s\u00edrhelye l\u00e1that\u00f3, valamint a Magyarorsz\u00e1g egyes t\u00e1jait jelk\u00e9pez\u0151 k\u00e9pi elemek k\u00f6z\u00fcl Tihany, a Balaton, Szigliget, Esztergom, a Dunakanyar, Eger \u00e9s Tokaj is kiemelkedik. Az eml\u00e9k\u00e9rm\u00e9t tervez\u0151 Soltra E. Tam\u00e1s szobr\u00e1sz- \u00e9s \u00e9remm\u0171v\u00e9sz mesterjegye Tokaj \u00e1br\u00e1zol\u00e1s\u00e1ba rejtve jelenik meg.<\/p>\n<p>Az eml\u00e9k\u00e9rm\u00e9k \u00e9rt\u00e9kk\u00f6zvet\u00edt\u0151 \u00e9s figyelemfelh\u00edv\u00f3 szerep\u00e9nek min\u00e9l sz\u00e9lesebb k\u00f6r\u0171 \u00e9rv\u00e9nyes\u00fcl\u00e9se \u00e9rdek\u00e9ben a Himnusz ez\u00fcst eml\u00e9k\u00e9rme a rendelkez\u00e9sre \u00e1ll\u00f3 k\u00e9szlet f\u00fcggv\u00e9ny\u00e9ben a kibocs\u00e1t\u00e1st k\u00f6vet\u0151 h\u00e1rom h\u00f3napig, a sz\u00ednesf\u00e9m v\u00e1ltozat pedig egy \u00e9vig n\u00e9v\u00e9rt\u00e9ken v\u00e1s\u00e1rolhat\u00f3 meg h\u00e9tf\u0151t\u0151l az \u00e9rm\u00e9ket gy\u00e1rt\u00f3 \u00e9s forgalmaz\u00f3 Magyar P\u00e9nzver\u0151 Zrt. \u00e9rmeboltj\u00e1ban \u00e9s <a href=\"https:\/\/penzvero.hu\/a-himnusz-megirasanak-200-evforduloja-emlekerme\/\" target=\"_blank\" rel=\"noopener\"><span style=\"text-decoration: underline; color: #0000ff;\">web\u00e1ruh\u00e1z\u00e1ban<\/span><\/a>.<\/p>\n<p><em>Forr\u00e1s: MTI<\/em><br \/>\n<em>Bor\u00edt\u00f3k\u00e9p: penzvero.hu<\/em><\/p>\n","protected":false},"excerpt":{"rendered":"<p>A Magyar Nemzeti Bank (MNB) Himnusz megnevez\u00e9ssel 15 ezer forint n\u00e9v\u00e9rt\u00e9k\u0171 ez\u00fcst \u00e9s 3 ezer forint n\u00e9v\u00e9rt\u00e9k\u0171 sz\u00ednesf\u00e9m eml\u00e9k\u00e9rm\u00e9t bocs\u00e1tott ki a nemzeti \u00e9nek\u00fcnk alapj\u00e1ul szolg\u00e1l\u00f3 k\u00f6ltem\u00e9ny meg\u00edr\u00e1s\u00e1nak 200. \u00e9vfordul\u00f3ja alkalm\u00e1b\u00f3l. A Soltra E. Tam\u00e1s szobr\u00e1szm\u0171v\u00e9sz \u00e1ltal tervezett eml\u00e9k\u00e9rm\u00e9kkel indult a jegybank idei eml\u00e9k\u00e9rme-kibocs\u00e1t\u00e1si programja. A Pet\u0151fi Irodalmi M\u00fazeumban (PIM) tartott h\u00e9tf\u0151i rendezv\u00e9nyen Demeter Szil\u00e1rd,<\/p>\n","protected":false},"author":1,"featured_media":49697,"comment_status":"closed","ping_status":"closed","sticky":false,"template":"","format":"standard","meta":{"ngg_post_thumbnail":0,"footnotes":""},"categories":[3],"tags":[6469,6925,4779],"class_list":{"0":"post-49696","1":"post","2":"type-post","3":"status-publish","4":"format-standard","5":"has-post-thumbnail","7":"category-hirek","8":"tag-emlekerme","9":"tag-himnusz","10":"tag-magyar-nemzeti-bank"},"yoast_head":"<!-- This site is optimized with the Yoast SEO plugin v27.5 - https:\/\/yoast.com\/product\/yoast-seo-wordpress\/ -->\n<title>Esztergom is l\u00e1that\u00f3 a Himnusz eml\u00e9k\u00e9rm\u00e9n<\/title>\n<meta name=\"robots\" content=\"index, follow, max-snippet:-1, max-image-preview:large, max-video-preview:-1\" \/>\n<link rel=\"canonical\" href=\"https:\/\/dorogimedence.hu\/index.php\/2023\/01\/24\/esztergom-is-lathato-a-himnusz-emlekermen\/\" class=\"yoast-seo-meta-tag\" \/>\n<meta property=\"og:locale\" content=\"hu_HU\" class=\"yoast-seo-meta-tag\" \/>\n<meta property=\"og:type\" content=\"article\" class=\"yoast-seo-meta-tag\" \/>\n<meta property=\"og:title\" content=\"Esztergom is l\u00e1that\u00f3 a Himnusz eml\u00e9k\u00e9rm\u00e9n\" class=\"yoast-seo-meta-tag\" \/>\n<meta property=\"og:description\" content=\"A Magyar Nemzeti Bank (MNB) Himnusz megnevez\u00e9ssel 15 ezer forint n\u00e9v\u00e9rt\u00e9k\u0171 ez\u00fcst \u00e9s 3 ezer forint n\u00e9v\u00e9rt\u00e9k\u0171 sz\u00ednesf\u00e9m eml\u00e9k\u00e9rm\u00e9t bocs\u00e1tott ki a nemzeti \u00e9nek\u00fcnk alapj\u00e1ul szolg\u00e1l\u00f3 k\u00f6ltem\u00e9ny meg\u00edr\u00e1s\u00e1nak 200. \u00e9vfordul\u00f3ja alkalm\u00e1b\u00f3l. A Soltra E. Tam\u00e1s szobr\u00e1szm\u0171v\u00e9sz \u00e1ltal tervezett eml\u00e9k\u00e9rm\u00e9kkel indult a jegybank idei eml\u00e9k\u00e9rme-kibocs\u00e1t\u00e1si programja. A Pet\u0151fi Irodalmi M\u00fazeumban (PIM) tartott h\u00e9tf\u0151i rendezv\u00e9nyen Demeter Szil\u00e1rd,\" class=\"yoast-seo-meta-tag\" \/>\n<meta property=\"og:url\" content=\"https:\/\/dorogimedence.hu\/index.php\/2023\/01\/24\/esztergom-is-lathato-a-himnusz-emlekermen\/\" class=\"yoast-seo-meta-tag\" \/>\n<meta property=\"og:site_name\" content=\"Dorogi-medence Region\u00e1lis H\u00edrport\u00e1l\" class=\"yoast-seo-meta-tag\" \/>\n<meta property=\"article:publisher\" content=\"https:\/\/www.facebook.com\/dorogimedence\/\" class=\"yoast-seo-meta-tag\" \/>\n<meta property=\"article:published_time\" content=\"2023-01-24T09:17:34+00:00\" class=\"yoast-seo-meta-tag\" \/>\n<meta property=\"article:modified_time\" content=\"2023-01-24T09:17:58+00:00\" class=\"yoast-seo-meta-tag\" \/>\n<meta property=\"og:image\" content=\"https:\/\/dorogimedence.hu\/wp-content\/uploads\/2023\/01\/himnusz-emlekerme.jpg\" class=\"yoast-seo-meta-tag\" \/>\n\t<meta property=\"og:image:width\" content=\"964\" class=\"yoast-seo-meta-tag\" \/>\n\t<meta property=\"og:image:height\" content=\"487\" class=\"yoast-seo-meta-tag\" \/>\n\t<meta property=\"og:image:type\" content=\"image\/jpeg\" class=\"yoast-seo-meta-tag\" \/>\n<meta name=\"author\" content=\"dorogimedence.hu\" class=\"yoast-seo-meta-tag\" \/>\n<meta name=\"twitter:card\" content=\"summary_large_image\" class=\"yoast-seo-meta-tag\" \/>\n<meta name=\"twitter:label1\" content=\"Szerz\u0151:\" class=\"yoast-seo-meta-tag\" \/>\n\t<meta name=\"twitter:data1\" content=\"dorogimedence.hu\" class=\"yoast-seo-meta-tag\" \/>\n\t<meta name=\"twitter:label2\" content=\"Becs\u00fclt olvas\u00e1si id\u0151\" class=\"yoast-seo-meta-tag\" \/>\n\t<meta name=\"twitter:data2\" content=\"4 perc\" class=\"yoast-seo-meta-tag\" \/>\n<script type=\"application\/ld+json\" class=\"yoast-schema-graph\">{\"@context\":\"https:\\\/\\\/schema.org\",\"@graph\":[{\"@type\":\"Article\",\"@id\":\"https:\\\/\\\/dorogimedence.hu\\\/index.php\\\/2023\\\/01\\\/24\\\/esztergom-is-lathato-a-himnusz-emlekermen\\\/#article\",\"isPartOf\":{\"@id\":\"https:\\\/\\\/dorogimedence.hu\\\/index.php\\\/2023\\\/01\\\/24\\\/esztergom-is-lathato-a-himnusz-emlekermen\\\/\"},\"author\":{\"name\":\"dorogimedence.hu\",\"@id\":\"https:\\\/\\\/dorogimedence.hu\\\/#\\\/schema\\\/person\\\/ce6091eeb7e95ecdc87890d6aa8e0fd4\"},\"headline\":\"Esztergom is l\u00e1that\u00f3 a Himnusz eml\u00e9k\u00e9rm\u00e9n\",\"datePublished\":\"2023-01-24T09:17:34+00:00\",\"dateModified\":\"2023-01-24T09:17:58+00:00\",\"mainEntityOfPage\":{\"@id\":\"https:\\\/\\\/dorogimedence.hu\\\/index.php\\\/2023\\\/01\\\/24\\\/esztergom-is-lathato-a-himnusz-emlekermen\\\/\"},\"wordCount\":796,\"publisher\":{\"@id\":\"https:\\\/\\\/dorogimedence.hu\\\/#organization\"},\"image\":{\"@id\":\"https:\\\/\\\/dorogimedence.hu\\\/index.php\\\/2023\\\/01\\\/24\\\/esztergom-is-lathato-a-himnusz-emlekermen\\\/#primaryimage\"},\"thumbnailUrl\":\"https:\\\/\\\/dorogimedence.hu\\\/wp-content\\\/uploads\\\/2023\\\/01\\\/himnusz-emlekerme.jpg\",\"keywords\":[\"eml\u00e9k\u00e9rme\",\"Himnusz\",\"Magyar Nemzeti Bank\"],\"articleSection\":[\"H\u00edrek\"],\"inLanguage\":\"hu\"},{\"@type\":\"WebPage\",\"@id\":\"https:\\\/\\\/dorogimedence.hu\\\/index.php\\\/2023\\\/01\\\/24\\\/esztergom-is-lathato-a-himnusz-emlekermen\\\/\",\"url\":\"https:\\\/\\\/dorogimedence.hu\\\/index.php\\\/2023\\\/01\\\/24\\\/esztergom-is-lathato-a-himnusz-emlekermen\\\/\",\"name\":\"Esztergom is l\u00e1that\u00f3 a Himnusz eml\u00e9k\u00e9rm\u00e9n\",\"isPartOf\":{\"@id\":\"https:\\\/\\\/dorogimedence.hu\\\/#website\"},\"primaryImageOfPage\":{\"@id\":\"https:\\\/\\\/dorogimedence.hu\\\/index.php\\\/2023\\\/01\\\/24\\\/esztergom-is-lathato-a-himnusz-emlekermen\\\/#primaryimage\"},\"image\":{\"@id\":\"https:\\\/\\\/dorogimedence.hu\\\/index.php\\\/2023\\\/01\\\/24\\\/esztergom-is-lathato-a-himnusz-emlekermen\\\/#primaryimage\"},\"thumbnailUrl\":\"https:\\\/\\\/dorogimedence.hu\\\/wp-content\\\/uploads\\\/2023\\\/01\\\/himnusz-emlekerme.jpg\",\"datePublished\":\"2023-01-24T09:17:34+00:00\",\"dateModified\":\"2023-01-24T09:17:58+00:00\",\"breadcrumb\":{\"@id\":\"https:\\\/\\\/dorogimedence.hu\\\/index.php\\\/2023\\\/01\\\/24\\\/esztergom-is-lathato-a-himnusz-emlekermen\\\/#breadcrumb\"},\"inLanguage\":\"hu\",\"potentialAction\":[{\"@type\":\"ReadAction\",\"target\":[\"https:\\\/\\\/dorogimedence.hu\\\/index.php\\\/2023\\\/01\\\/24\\\/esztergom-is-lathato-a-himnusz-emlekermen\\\/\"]}]},{\"@type\":\"ImageObject\",\"inLanguage\":\"hu\",\"@id\":\"https:\\\/\\\/dorogimedence.hu\\\/index.php\\\/2023\\\/01\\\/24\\\/esztergom-is-lathato-a-himnusz-emlekermen\\\/#primaryimage\",\"url\":\"https:\\\/\\\/dorogimedence.hu\\\/wp-content\\\/uploads\\\/2023\\\/01\\\/himnusz-emlekerme.jpg\",\"contentUrl\":\"https:\\\/\\\/dorogimedence.hu\\\/wp-content\\\/uploads\\\/2023\\\/01\\\/himnusz-emlekerme.jpg\",\"width\":964,\"height\":487},{\"@type\":\"BreadcrumbList\",\"@id\":\"https:\\\/\\\/dorogimedence.hu\\\/index.php\\\/2023\\\/01\\\/24\\\/esztergom-is-lathato-a-himnusz-emlekermen\\\/#breadcrumb\",\"itemListElement\":[{\"@type\":\"ListItem\",\"position\":1,\"name\":\"Kezd\u0151lap\",\"item\":\"https:\\\/\\\/dorogimedence.hu\\\/\"},{\"@type\":\"ListItem\",\"position\":2,\"name\":\"Esztergom is l\u00e1that\u00f3 a Himnusz eml\u00e9k\u00e9rm\u00e9n\"}]},{\"@type\":\"WebSite\",\"@id\":\"https:\\\/\\\/dorogimedence.hu\\\/#website\",\"url\":\"https:\\\/\\\/dorogimedence.hu\\\/\",\"name\":\"Dorogi-medence Region\u00e1lis H\u00edrport\u00e1l\",\"description\":\"Dorog, Keszt\u00f6lc, Le\u00e1nyv\u00e1r, Piliscs\u00e9v, Tokod, Tokodalt\u00e1r\u00f3, Csolnok, Esztergom-kertv\u00e1ros: h\u00edrek, programok\",\"publisher\":{\"@id\":\"https:\\\/\\\/dorogimedence.hu\\\/#organization\"},\"potentialAction\":[{\"@type\":\"SearchAction\",\"target\":{\"@type\":\"EntryPoint\",\"urlTemplate\":\"https:\\\/\\\/dorogimedence.hu\\\/?s={search_term_string}\"},\"query-input\":{\"@type\":\"PropertyValueSpecification\",\"valueRequired\":true,\"valueName\":\"search_term_string\"}}],\"inLanguage\":\"hu\"},{\"@type\":\"Organization\",\"@id\":\"https:\\\/\\\/dorogimedence.hu\\\/#organization\",\"name\":\"Dorogi-medence Region\u00e1lis H\u00edrport\u00e1l\",\"url\":\"https:\\\/\\\/dorogimedence.hu\\\/\",\"logo\":{\"@type\":\"ImageObject\",\"inLanguage\":\"hu\",\"@id\":\"https:\\\/\\\/dorogimedence.hu\\\/#\\\/schema\\\/logo\\\/image\\\/\",\"url\":\"https:\\\/\\\/dorogimedence.hu\\\/wp-content\\\/uploads\\\/2021\\\/04\\\/logo-feher-600.png\",\"contentUrl\":\"https:\\\/\\\/dorogimedence.hu\\\/wp-content\\\/uploads\\\/2021\\\/04\\\/logo-feher-600.png\",\"width\":600,\"height\":100,\"caption\":\"Dorogi-medence Region\u00e1lis H\u00edrport\u00e1l\"},\"image\":{\"@id\":\"https:\\\/\\\/dorogimedence.hu\\\/#\\\/schema\\\/logo\\\/image\\\/\"},\"sameAs\":[\"https:\\\/\\\/www.facebook.com\\\/dorogimedence\\\/\"]},{\"@type\":\"Person\",\"@id\":\"https:\\\/\\\/dorogimedence.hu\\\/#\\\/schema\\\/person\\\/ce6091eeb7e95ecdc87890d6aa8e0fd4\",\"name\":\"dorogimedence.hu\",\"image\":{\"@type\":\"ImageObject\",\"inLanguage\":\"hu\",\"@id\":\"\\\/\\\/www.gravatar.com\\\/avatar\\\/d8d45f8901aadff40a4af72c0b826f1d?s=96&#038;r=g&#038;d=mm\",\"url\":\"\\\/\\\/www.gravatar.com\\\/avatar\\\/d8d45f8901aadff40a4af72c0b826f1d?s=96&#038;r=g&#038;d=mm\",\"contentUrl\":\"\\\/\\\/www.gravatar.com\\\/avatar\\\/d8d45f8901aadff40a4af72c0b826f1d?s=96&#038;r=g&#038;d=mm\",\"caption\":\"dorogimedence.hu\"}}]}<\/script>\n<!-- \/ Yoast SEO plugin. -->","yoast_head_json":{"title":"Esztergom is l\u00e1that\u00f3 a Himnusz eml\u00e9k\u00e9rm\u00e9n","robots":{"index":"index","follow":"follow","max-snippet":"max-snippet:-1","max-image-preview":"max-image-preview:large","max-video-preview":"max-video-preview:-1"},"canonical":"https:\/\/dorogimedence.hu\/index.php\/2023\/01\/24\/esztergom-is-lathato-a-himnusz-emlekermen\/","og_locale":"hu_HU","og_type":"article","og_title":"Esztergom is l\u00e1that\u00f3 a Himnusz eml\u00e9k\u00e9rm\u00e9n","og_description":"A Magyar Nemzeti Bank (MNB) Himnusz megnevez\u00e9ssel 15 ezer forint n\u00e9v\u00e9rt\u00e9k\u0171 ez\u00fcst \u00e9s 3 ezer forint n\u00e9v\u00e9rt\u00e9k\u0171 sz\u00ednesf\u00e9m eml\u00e9k\u00e9rm\u00e9t bocs\u00e1tott ki a nemzeti \u00e9nek\u00fcnk alapj\u00e1ul szolg\u00e1l\u00f3 k\u00f6ltem\u00e9ny meg\u00edr\u00e1s\u00e1nak 200. \u00e9vfordul\u00f3ja alkalm\u00e1b\u00f3l. A Soltra E. Tam\u00e1s szobr\u00e1szm\u0171v\u00e9sz \u00e1ltal tervezett eml\u00e9k\u00e9rm\u00e9kkel indult a jegybank idei eml\u00e9k\u00e9rme-kibocs\u00e1t\u00e1si programja. A Pet\u0151fi Irodalmi M\u00fazeumban (PIM) tartott h\u00e9tf\u0151i rendezv\u00e9nyen Demeter Szil\u00e1rd,","og_url":"https:\/\/dorogimedence.hu\/index.php\/2023\/01\/24\/esztergom-is-lathato-a-himnusz-emlekermen\/","og_site_name":"Dorogi-medence Region\u00e1lis H\u00edrport\u00e1l","article_publisher":"https:\/\/www.facebook.com\/dorogimedence\/","article_published_time":"2023-01-24T09:17:34+00:00","article_modified_time":"2023-01-24T09:17:58+00:00","og_image":[{"width":964,"height":487,"url":"https:\/\/dorogimedence.hu\/wp-content\/uploads\/2023\/01\/himnusz-emlekerme.jpg","type":"image\/jpeg"}],"author":"dorogimedence.hu","twitter_card":"summary_large_image","twitter_misc":{"Szerz\u0151:":"dorogimedence.hu","Becs\u00fclt olvas\u00e1si id\u0151":"4 perc"},"schema":{"@context":"https:\/\/schema.org","@graph":[{"@type":"Article","@id":"https:\/\/dorogimedence.hu\/index.php\/2023\/01\/24\/esztergom-is-lathato-a-himnusz-emlekermen\/#article","isPartOf":{"@id":"https:\/\/dorogimedence.hu\/index.php\/2023\/01\/24\/esztergom-is-lathato-a-himnusz-emlekermen\/"},"author":{"name":"dorogimedence.hu","@id":"https:\/\/dorogimedence.hu\/#\/schema\/person\/ce6091eeb7e95ecdc87890d6aa8e0fd4"},"headline":"Esztergom is l\u00e1that\u00f3 a Himnusz eml\u00e9k\u00e9rm\u00e9n","datePublished":"2023-01-24T09:17:34+00:00","dateModified":"2023-01-24T09:17:58+00:00","mainEntityOfPage":{"@id":"https:\/\/dorogimedence.hu\/index.php\/2023\/01\/24\/esztergom-is-lathato-a-himnusz-emlekermen\/"},"wordCount":796,"publisher":{"@id":"https:\/\/dorogimedence.hu\/#organization"},"image":{"@id":"https:\/\/dorogimedence.hu\/index.php\/2023\/01\/24\/esztergom-is-lathato-a-himnusz-emlekermen\/#primaryimage"},"thumbnailUrl":"https:\/\/dorogimedence.hu\/wp-content\/uploads\/2023\/01\/himnusz-emlekerme.jpg","keywords":["eml\u00e9k\u00e9rme","Himnusz","Magyar Nemzeti Bank"],"articleSection":["H\u00edrek"],"inLanguage":"hu"},{"@type":"WebPage","@id":"https:\/\/dorogimedence.hu\/index.php\/2023\/01\/24\/esztergom-is-lathato-a-himnusz-emlekermen\/","url":"https:\/\/dorogimedence.hu\/index.php\/2023\/01\/24\/esztergom-is-lathato-a-himnusz-emlekermen\/","name":"Esztergom is l\u00e1that\u00f3 a Himnusz eml\u00e9k\u00e9rm\u00e9n","isPartOf":{"@id":"https:\/\/dorogimedence.hu\/#website"},"primaryImageOfPage":{"@id":"https:\/\/dorogimedence.hu\/index.php\/2023\/01\/24\/esztergom-is-lathato-a-himnusz-emlekermen\/#primaryimage"},"image":{"@id":"https:\/\/dorogimedence.hu\/index.php\/2023\/01\/24\/esztergom-is-lathato-a-himnusz-emlekermen\/#primaryimage"},"thumbnailUrl":"https:\/\/dorogimedence.hu\/wp-content\/uploads\/2023\/01\/himnusz-emlekerme.jpg","datePublished":"2023-01-24T09:17:34+00:00","dateModified":"2023-01-24T09:17:58+00:00","breadcrumb":{"@id":"https:\/\/dorogimedence.hu\/index.php\/2023\/01\/24\/esztergom-is-lathato-a-himnusz-emlekermen\/#breadcrumb"},"inLanguage":"hu","potentialAction":[{"@type":"ReadAction","target":["https:\/\/dorogimedence.hu\/index.php\/2023\/01\/24\/esztergom-is-lathato-a-himnusz-emlekermen\/"]}]},{"@type":"ImageObject","inLanguage":"hu","@id":"https:\/\/dorogimedence.hu\/index.php\/2023\/01\/24\/esztergom-is-lathato-a-himnusz-emlekermen\/#primaryimage","url":"https:\/\/dorogimedence.hu\/wp-content\/uploads\/2023\/01\/himnusz-emlekerme.jpg","contentUrl":"https:\/\/dorogimedence.hu\/wp-content\/uploads\/2023\/01\/himnusz-emlekerme.jpg","width":964,"height":487},{"@type":"BreadcrumbList","@id":"https:\/\/dorogimedence.hu\/index.php\/2023\/01\/24\/esztergom-is-lathato-a-himnusz-emlekermen\/#breadcrumb","itemListElement":[{"@type":"ListItem","position":1,"name":"Kezd\u0151lap","item":"https:\/\/dorogimedence.hu\/"},{"@type":"ListItem","position":2,"name":"Esztergom is l\u00e1that\u00f3 a Himnusz eml\u00e9k\u00e9rm\u00e9n"}]},{"@type":"WebSite","@id":"https:\/\/dorogimedence.hu\/#website","url":"https:\/\/dorogimedence.hu\/","name":"Dorogi-medence Region\u00e1lis H\u00edrport\u00e1l","description":"Dorog, Keszt\u00f6lc, Le\u00e1nyv\u00e1r, Piliscs\u00e9v, Tokod, Tokodalt\u00e1r\u00f3, Csolnok, Esztergom-kertv\u00e1ros: h\u00edrek, programok","publisher":{"@id":"https:\/\/dorogimedence.hu\/#organization"},"potentialAction":[{"@type":"SearchAction","target":{"@type":"EntryPoint","urlTemplate":"https:\/\/dorogimedence.hu\/?s={search_term_string}"},"query-input":{"@type":"PropertyValueSpecification","valueRequired":true,"valueName":"search_term_string"}}],"inLanguage":"hu"},{"@type":"Organization","@id":"https:\/\/dorogimedence.hu\/#organization","name":"Dorogi-medence Region\u00e1lis H\u00edrport\u00e1l","url":"https:\/\/dorogimedence.hu\/","logo":{"@type":"ImageObject","inLanguage":"hu","@id":"https:\/\/dorogimedence.hu\/#\/schema\/logo\/image\/","url":"https:\/\/dorogimedence.hu\/wp-content\/uploads\/2021\/04\/logo-feher-600.png","contentUrl":"https:\/\/dorogimedence.hu\/wp-content\/uploads\/2021\/04\/logo-feher-600.png","width":600,"height":100,"caption":"Dorogi-medence Region\u00e1lis H\u00edrport\u00e1l"},"image":{"@id":"https:\/\/dorogimedence.hu\/#\/schema\/logo\/image\/"},"sameAs":["https:\/\/www.facebook.com\/dorogimedence\/"]},{"@type":"Person","@id":"https:\/\/dorogimedence.hu\/#\/schema\/person\/ce6091eeb7e95ecdc87890d6aa8e0fd4","name":"dorogimedence.hu","image":{"@type":"ImageObject","inLanguage":"hu","@id":"\/\/www.gravatar.com\/avatar\/d8d45f8901aadff40a4af72c0b826f1d?s=96&#038;r=g&#038;d=mm","url":"\/\/www.gravatar.com\/avatar\/d8d45f8901aadff40a4af72c0b826f1d?s=96&#038;r=g&#038;d=mm","contentUrl":"\/\/www.gravatar.com\/avatar\/d8d45f8901aadff40a4af72c0b826f1d?s=96&#038;r=g&#038;d=mm","caption":"dorogimedence.hu"}}]}},"_links":{"self":[{"href":"https:\/\/dorogimedence.hu\/index.php\/wp-json\/wp\/v2\/posts\/49696","targetHints":{"allow":["GET"]}}],"collection":[{"href":"https:\/\/dorogimedence.hu\/index.php\/wp-json\/wp\/v2\/posts"}],"about":[{"href":"https:\/\/dorogimedence.hu\/index.php\/wp-json\/wp\/v2\/types\/post"}],"author":[{"embeddable":true,"href":"https:\/\/dorogimedence.hu\/index.php\/wp-json\/wp\/v2\/users\/1"}],"replies":[{"embeddable":true,"href":"https:\/\/dorogimedence.hu\/index.php\/wp-json\/wp\/v2\/comments?post=49696"}],"version-history":[{"count":0,"href":"https:\/\/dorogimedence.hu\/index.php\/wp-json\/wp\/v2\/posts\/49696\/revisions"}],"wp:featuredmedia":[{"embeddable":true,"href":"https:\/\/dorogimedence.hu\/index.php\/wp-json\/wp\/v2\/media\/49697"}],"wp:attachment":[{"href":"https:\/\/dorogimedence.hu\/index.php\/wp-json\/wp\/v2\/media?parent=49696"}],"wp:term":[{"taxonomy":"category","embeddable":true,"href":"https:\/\/dorogimedence.hu\/index.php\/wp-json\/wp\/v2\/categories?post=49696"},{"taxonomy":"post_tag","embeddable":true,"href":"https:\/\/dorogimedence.hu\/index.php\/wp-json\/wp\/v2\/tags?post=49696"}],"curies":[{"name":"wp","href":"https:\/\/api.w.org\/{rel}","templated":true}]}}