{"id":49687,"date":"2023-01-24T08:49:13","date_gmt":"2023-01-24T07:49:13","guid":{"rendered":"https:\/\/dorogimedence.hu\/?p=49687"},"modified":"2023-01-25T10:03:43","modified_gmt":"2023-01-25T09:03:43","slug":"a-banyaszerencsetlenseg-aldozataira-emlekeztek-sarisapon-2","status":"publish","type":"post","link":"https:\/\/dorogimedence.hu\/index.php\/2023\/01\/24\/a-banyaszerencsetlenseg-aldozataira-emlekeztek-sarisapon-2\/","title":{"rendered":"A b\u00e1nyaszerencs\u00e9tlens\u00e9g \u00e1ldozataira eml\u00e9keztek S\u00e1ris\u00e1pon"},"content":{"rendered":"<p><strong>Janu\u00e1r 20-\u00e1n, az 1947-es annav\u00f6lgyi b\u00e1nyaszerencs\u00e9tlens\u00e9g hetvenhatodik \u00e9vfordul\u00f3ja alkalm\u00e1b\u00f3l eml\u00e9keztek meg azokr\u00f3l a X-es akn\u00e1ban dolgoz\u00f3 b\u00e1ny\u00e1szokr\u00f3l, akik a Zsigmondy mez\u0151n l\u00e9v\u0151 v\u00e1gatban keletkezett t\u0171zben, illetve menek\u00fcl\u00e9s k\u00f6zben a s\u0171r\u0171 f\u00fcstben vesztett\u00e9k \u00e9let\u00fcket.<\/strong><\/p>\n<p>A kemma.hu besz\u00e1mol\u00f3ja szerint a Himnusz el\u00e9nekl\u00e9se ut\u00e1n a Dorogi B\u00e1ny\u00e1szati Sz\u00f6vets\u00e9g S\u00e1ris\u00e1pi Nyugd\u00edjas Alapszervezete nev\u00e9ben k\u00f6sz\u00f6nt\u00f6tt\u00e9k a jelenl\u00e9v\u0151ket, majd Friedrich J\u00f3zsef alapszervezeti tag id\u00e9zte fel, hogy 1947. janu\u00e1r 20-\u00e1n \u00f6ngyullad\u00e1s okozta a t\u00fczet. Hidasin\u00e9 N\u00e1n\u00e1si Nikolett annav\u00f6lgyi k\u00f6zm\u0171vel\u0151d\u00e9si szakember felolvasta Kov\u00e1cs L\u00e1szl\u00f3 \u00c9rted is sz\u00f3lt a n\u00f3ta c\u00edm\u0171 vers\u00e9t, majd Koll\u00e1r K\u00e1roly s\u00e1ris\u00e1pi polg\u00e1rmester besz\u00e9d\u00e9ben kiemelte, hogy a b\u00e1ny\u00e1szok tenni akar\u00e1sa, kitart\u00e1sa, embers\u00e9ge \u00e9s b\u00e1tors\u00e1ga napjainkban is k\u00f6vetend\u0151 p\u00e9lda.<\/p>\n<p>A besz\u00e9dek \u00e9s az el\u0151ad\u00e1sok ut\u00e1n a r\u00e9sztvev\u0151k megkoszor\u00fazt\u00e1k az eml\u00e9km\u0171vel, valamint m\u00e9cseseket gy\u00fajtottak \u00e9s szegf\u0171ket helyeztek a s\u00edrokra.<\/p>\n<p><img fetchpriority=\"high\" decoding=\"async\" class=\"alignnone size-large wp-image-49690\" src=\"https:\/\/dorogimedence.hu\/wp-content\/uploads\/2023\/01\/323467892_558267392886844_4665625640201493680_n-1024x627.jpg\" alt=\"\" width=\"755\" height=\"462\" srcset=\"https:\/\/dorogimedence.hu\/wp-content\/uploads\/2023\/01\/323467892_558267392886844_4665625640201493680_n-1024x627.jpg 1024w, https:\/\/dorogimedence.hu\/wp-content\/uploads\/2023\/01\/323467892_558267392886844_4665625640201493680_n-300x184.jpg 300w, https:\/\/dorogimedence.hu\/wp-content\/uploads\/2023\/01\/323467892_558267392886844_4665625640201493680_n-768x470.jpg 768w, https:\/\/dorogimedence.hu\/wp-content\/uploads\/2023\/01\/323467892_558267392886844_4665625640201493680_n-1536x940.jpg 1536w, https:\/\/dorogimedence.hu\/wp-content\/uploads\/2023\/01\/323467892_558267392886844_4665625640201493680_n-150x92.jpg 150w, https:\/\/dorogimedence.hu\/wp-content\/uploads\/2023\/01\/323467892_558267392886844_4665625640201493680_n-450x275.jpg 450w, https:\/\/dorogimedence.hu\/wp-content\/uploads\/2023\/01\/323467892_558267392886844_4665625640201493680_n-1200x734.jpg 1200w, https:\/\/dorogimedence.hu\/wp-content\/uploads\/2023\/01\/323467892_558267392886844_4665625640201493680_n.jpg 2048w\" sizes=\"(max-width: 755px) 100vw, 755px\" \/> <img decoding=\"async\" class=\"alignnone size-large wp-image-49691\" src=\"https:\/\/dorogimedence.hu\/wp-content\/uploads\/2023\/01\/323888874_939225904119288_2016875124734569072_n-1024x621.jpg\" alt=\"\" width=\"755\" height=\"458\" srcset=\"https:\/\/dorogimedence.hu\/wp-content\/uploads\/2023\/01\/323888874_939225904119288_2016875124734569072_n-1024x621.jpg 1024w, https:\/\/dorogimedence.hu\/wp-content\/uploads\/2023\/01\/323888874_939225904119288_2016875124734569072_n-300x182.jpg 300w, https:\/\/dorogimedence.hu\/wp-content\/uploads\/2023\/01\/323888874_939225904119288_2016875124734569072_n-768x465.jpg 768w, https:\/\/dorogimedence.hu\/wp-content\/uploads\/2023\/01\/323888874_939225904119288_2016875124734569072_n-1536x931.jpg 1536w, https:\/\/dorogimedence.hu\/wp-content\/uploads\/2023\/01\/323888874_939225904119288_2016875124734569072_n-150x91.jpg 150w, https:\/\/dorogimedence.hu\/wp-content\/uploads\/2023\/01\/323888874_939225904119288_2016875124734569072_n-450x273.jpg 450w, https:\/\/dorogimedence.hu\/wp-content\/uploads\/2023\/01\/323888874_939225904119288_2016875124734569072_n-1200x727.jpg 1200w, https:\/\/dorogimedence.hu\/wp-content\/uploads\/2023\/01\/323888874_939225904119288_2016875124734569072_n.jpg 2048w\" sizes=\"(max-width: 755px) 100vw, 755px\" \/> <img decoding=\"async\" class=\"alignnone size-large wp-image-49689\" src=\"https:\/\/dorogimedence.hu\/wp-content\/uploads\/2023\/01\/323386710_580530180157557_5777331330274272692_n-806x1024.jpg\" alt=\"\" width=\"755\" height=\"959\" srcset=\"https:\/\/dorogimedence.hu\/wp-content\/uploads\/2023\/01\/323386710_580530180157557_5777331330274272692_n-806x1024.jpg 806w, https:\/\/dorogimedence.hu\/wp-content\/uploads\/2023\/01\/323386710_580530180157557_5777331330274272692_n-236x300.jpg 236w, https:\/\/dorogimedence.hu\/wp-content\/uploads\/2023\/01\/323386710_580530180157557_5777331330274272692_n-768x976.jpg 768w, https:\/\/dorogimedence.hu\/wp-content\/uploads\/2023\/01\/323386710_580530180157557_5777331330274272692_n-1209x1536.jpg 1209w, https:\/\/dorogimedence.hu\/wp-content\/uploads\/2023\/01\/323386710_580530180157557_5777331330274272692_n-150x191.jpg 150w, https:\/\/dorogimedence.hu\/wp-content\/uploads\/2023\/01\/323386710_580530180157557_5777331330274272692_n-450x572.jpg 450w, https:\/\/dorogimedence.hu\/wp-content\/uploads\/2023\/01\/323386710_580530180157557_5777331330274272692_n-1200x1525.jpg 1200w, https:\/\/dorogimedence.hu\/wp-content\/uploads\/2023\/01\/323386710_580530180157557_5777331330274272692_n.jpg 1612w\" sizes=\"(max-width: 755px) 100vw, 755px\" \/><\/p>\n<p><em>Forr\u00e1s: kemma.hu<br \/>\nFot\u00f3k: S\u00e1ris\u00e1p.hu Facebook oldal<\/em><\/p>\n","protected":false},"excerpt":{"rendered":"<p>Janu\u00e1r 20-\u00e1n, az 1947-es annav\u00f6lgyi b\u00e1nyaszerencs\u00e9tlens\u00e9g hetvenhatodik \u00e9vfordul\u00f3ja alkalm\u00e1b\u00f3l eml\u00e9keztek meg azokr\u00f3l a X-es akn\u00e1ban dolgoz\u00f3 b\u00e1ny\u00e1szokr\u00f3l, akik a Zsigmondy mez\u0151n l\u00e9v\u0151 v\u00e1gatban keletkezett t\u0171zben, illetve menek\u00fcl\u00e9s k\u00f6zben a s\u0171r\u0171 f\u00fcstben vesztett\u00e9k \u00e9let\u00fcket. A kemma.hu besz\u00e1mol\u00f3ja szerint a Himnusz el\u00e9nekl\u00e9se ut\u00e1n a Dorogi B\u00e1ny\u00e1szati Sz\u00f6vets\u00e9g S\u00e1ris\u00e1pi Nyugd\u00edjas Alapszervezete nev\u00e9ben k\u00f6sz\u00f6nt\u00f6tt\u00e9k a jelenl\u00e9v\u0151ket, majd Friedrich J\u00f3zsef<\/p>\n","protected":false},"author":1,"featured_media":49688,"comment_status":"closed","ping_status":"closed","sticky":false,"template":"","format":"standard","meta":{"ngg_post_thumbnail":0,"footnotes":""},"categories":[3],"tags":[4898,5624,192,423],"class_list":{"0":"post-49687","1":"post","2":"type-post","3":"status-publish","4":"format-standard","5":"has-post-thumbnail","7":"category-hirek","8":"tag-banyaszerencsetlenseg","9":"tag-featured","10":"tag-megemlekezes","11":"tag-sarisap"},"yoast_head":"<!-- This site is optimized with the Yoast SEO plugin v27.5 - https:\/\/yoast.com\/product\/yoast-seo-wordpress\/ -->\n<title>A b\u00e1nyaszerencs\u00e9tlens\u00e9g \u00e1ldozataira eml\u00e9keztek S\u00e1ris\u00e1pon<\/title>\n<meta name=\"robots\" content=\"index, follow, max-snippet:-1, max-image-preview:large, max-video-preview:-1\" \/>\n<link rel=\"canonical\" href=\"https:\/\/dorogimedence.hu\/index.php\/2023\/01\/24\/a-banyaszerencsetlenseg-aldozataira-emlekeztek-sarisapon-2\/\" class=\"yoast-seo-meta-tag\" \/>\n<meta property=\"og:locale\" content=\"hu_HU\" class=\"yoast-seo-meta-tag\" \/>\n<meta property=\"og:type\" content=\"article\" class=\"yoast-seo-meta-tag\" \/>\n<meta property=\"og:title\" content=\"A b\u00e1nyaszerencs\u00e9tlens\u00e9g \u00e1ldozataira eml\u00e9keztek S\u00e1ris\u00e1pon\" class=\"yoast-seo-meta-tag\" \/>\n<meta property=\"og:description\" content=\"Janu\u00e1r 20-\u00e1n, az 1947-es annav\u00f6lgyi b\u00e1nyaszerencs\u00e9tlens\u00e9g hetvenhatodik \u00e9vfordul\u00f3ja alkalm\u00e1b\u00f3l eml\u00e9keztek meg azokr\u00f3l a X-es akn\u00e1ban dolgoz\u00f3 b\u00e1ny\u00e1szokr\u00f3l, akik a Zsigmondy mez\u0151n l\u00e9v\u0151 v\u00e1gatban keletkezett t\u0171zben, illetve menek\u00fcl\u00e9s k\u00f6zben a s\u0171r\u0171 f\u00fcstben vesztett\u00e9k \u00e9let\u00fcket. A kemma.hu besz\u00e1mol\u00f3ja szerint a Himnusz el\u00e9nekl\u00e9se ut\u00e1n a Dorogi B\u00e1ny\u00e1szati Sz\u00f6vets\u00e9g S\u00e1ris\u00e1pi Nyugd\u00edjas Alapszervezete nev\u00e9ben k\u00f6sz\u00f6nt\u00f6tt\u00e9k a jelenl\u00e9v\u0151ket, majd Friedrich J\u00f3zsef\" class=\"yoast-seo-meta-tag\" \/>\n<meta property=\"og:url\" content=\"https:\/\/dorogimedence.hu\/index.php\/2023\/01\/24\/a-banyaszerencsetlenseg-aldozataira-emlekeztek-sarisapon-2\/\" class=\"yoast-seo-meta-tag\" \/>\n<meta property=\"og:site_name\" content=\"Dorogi-medence Region\u00e1lis H\u00edrport\u00e1l\" class=\"yoast-seo-meta-tag\" \/>\n<meta property=\"article:publisher\" content=\"https:\/\/www.facebook.com\/dorogimedence\/\" class=\"yoast-seo-meta-tag\" \/>\n<meta property=\"article:published_time\" content=\"2023-01-24T07:49:13+00:00\" class=\"yoast-seo-meta-tag\" \/>\n<meta property=\"article:modified_time\" content=\"2023-01-25T09:03:43+00:00\" class=\"yoast-seo-meta-tag\" \/>\n<meta property=\"og:image\" content=\"https:\/\/dorogimedence.hu\/wp-content\/uploads\/2023\/01\/324195618_916248799368956_6973305995402967363_n.jpg\" class=\"yoast-seo-meta-tag\" \/>\n\t<meta property=\"og:image:width\" content=\"2048\" class=\"yoast-seo-meta-tag\" \/>\n\t<meta property=\"og:image:height\" content=\"1266\" class=\"yoast-seo-meta-tag\" \/>\n\t<meta property=\"og:image:type\" content=\"image\/jpeg\" class=\"yoast-seo-meta-tag\" \/>\n<meta name=\"author\" content=\"dorogimedence.hu\" class=\"yoast-seo-meta-tag\" \/>\n<meta name=\"twitter:card\" content=\"summary_large_image\" class=\"yoast-seo-meta-tag\" \/>\n<meta name=\"twitter:label1\" content=\"Szerz\u0151:\" class=\"yoast-seo-meta-tag\" \/>\n\t<meta name=\"twitter:data1\" content=\"dorogimedence.hu\" class=\"yoast-seo-meta-tag\" \/>\n\t<meta name=\"twitter:label2\" content=\"Becs\u00fclt olvas\u00e1si id\u0151\" class=\"yoast-seo-meta-tag\" \/>\n\t<meta name=\"twitter:data2\" content=\"1 perc\" class=\"yoast-seo-meta-tag\" \/>\n<script type=\"application\/ld+json\" class=\"yoast-schema-graph\">{\"@context\":\"https:\\\/\\\/schema.org\",\"@graph\":[{\"@type\":\"Article\",\"@id\":\"https:\\\/\\\/dorogimedence.hu\\\/index.php\\\/2023\\\/01\\\/24\\\/a-banyaszerencsetlenseg-aldozataira-emlekeztek-sarisapon-2\\\/#article\",\"isPartOf\":{\"@id\":\"https:\\\/\\\/dorogimedence.hu\\\/index.php\\\/2023\\\/01\\\/24\\\/a-banyaszerencsetlenseg-aldozataira-emlekeztek-sarisapon-2\\\/\"},\"author\":{\"name\":\"dorogimedence.hu\",\"@id\":\"https:\\\/\\\/dorogimedence.hu\\\/#\\\/schema\\\/person\\\/ce6091eeb7e95ecdc87890d6aa8e0fd4\"},\"headline\":\"A b\u00e1nyaszerencs\u00e9tlens\u00e9g \u00e1ldozataira eml\u00e9keztek S\u00e1ris\u00e1pon\",\"datePublished\":\"2023-01-24T07:49:13+00:00\",\"dateModified\":\"2023-01-25T09:03:43+00:00\",\"mainEntityOfPage\":{\"@id\":\"https:\\\/\\\/dorogimedence.hu\\\/index.php\\\/2023\\\/01\\\/24\\\/a-banyaszerencsetlenseg-aldozataira-emlekeztek-sarisapon-2\\\/\"},\"wordCount\":239,\"publisher\":{\"@id\":\"https:\\\/\\\/dorogimedence.hu\\\/#organization\"},\"image\":{\"@id\":\"https:\\\/\\\/dorogimedence.hu\\\/index.php\\\/2023\\\/01\\\/24\\\/a-banyaszerencsetlenseg-aldozataira-emlekeztek-sarisapon-2\\\/#primaryimage\"},\"thumbnailUrl\":\"https:\\\/\\\/dorogimedence.hu\\\/wp-content\\\/uploads\\\/2023\\\/01\\\/324195618_916248799368956_6973305995402967363_n.jpg\",\"keywords\":[\"b\u00e1nyaszerencs\u00e9tlens\u00e9g\",\"featured\",\"megeml\u00e9kez\u00e9s\",\"S\u00e1ris\u00e1p\"],\"articleSection\":[\"H\u00edrek\"],\"inLanguage\":\"hu\"},{\"@type\":\"WebPage\",\"@id\":\"https:\\\/\\\/dorogimedence.hu\\\/index.php\\\/2023\\\/01\\\/24\\\/a-banyaszerencsetlenseg-aldozataira-emlekeztek-sarisapon-2\\\/\",\"url\":\"https:\\\/\\\/dorogimedence.hu\\\/index.php\\\/2023\\\/01\\\/24\\\/a-banyaszerencsetlenseg-aldozataira-emlekeztek-sarisapon-2\\\/\",\"name\":\"A b\u00e1nyaszerencs\u00e9tlens\u00e9g \u00e1ldozataira eml\u00e9keztek S\u00e1ris\u00e1pon\",\"isPartOf\":{\"@id\":\"https:\\\/\\\/dorogimedence.hu\\\/#website\"},\"primaryImageOfPage\":{\"@id\":\"https:\\\/\\\/dorogimedence.hu\\\/index.php\\\/2023\\\/01\\\/24\\\/a-banyaszerencsetlenseg-aldozataira-emlekeztek-sarisapon-2\\\/#primaryimage\"},\"image\":{\"@id\":\"https:\\\/\\\/dorogimedence.hu\\\/index.php\\\/2023\\\/01\\\/24\\\/a-banyaszerencsetlenseg-aldozataira-emlekeztek-sarisapon-2\\\/#primaryimage\"},\"thumbnailUrl\":\"https:\\\/\\\/dorogimedence.hu\\\/wp-content\\\/uploads\\\/2023\\\/01\\\/324195618_916248799368956_6973305995402967363_n.jpg\",\"datePublished\":\"2023-01-24T07:49:13+00:00\",\"dateModified\":\"2023-01-25T09:03:43+00:00\",\"breadcrumb\":{\"@id\":\"https:\\\/\\\/dorogimedence.hu\\\/index.php\\\/2023\\\/01\\\/24\\\/a-banyaszerencsetlenseg-aldozataira-emlekeztek-sarisapon-2\\\/#breadcrumb\"},\"inLanguage\":\"hu\",\"potentialAction\":[{\"@type\":\"ReadAction\",\"target\":[\"https:\\\/\\\/dorogimedence.hu\\\/index.php\\\/2023\\\/01\\\/24\\\/a-banyaszerencsetlenseg-aldozataira-emlekeztek-sarisapon-2\\\/\"]}]},{\"@type\":\"ImageObject\",\"inLanguage\":\"hu\",\"@id\":\"https:\\\/\\\/dorogimedence.hu\\\/index.php\\\/2023\\\/01\\\/24\\\/a-banyaszerencsetlenseg-aldozataira-emlekeztek-sarisapon-2\\\/#primaryimage\",\"url\":\"https:\\\/\\\/dorogimedence.hu\\\/wp-content\\\/uploads\\\/2023\\\/01\\\/324195618_916248799368956_6973305995402967363_n.jpg\",\"contentUrl\":\"https:\\\/\\\/dorogimedence.hu\\\/wp-content\\\/uploads\\\/2023\\\/01\\\/324195618_916248799368956_6973305995402967363_n.jpg\",\"width\":2048,\"height\":1266},{\"@type\":\"BreadcrumbList\",\"@id\":\"https:\\\/\\\/dorogimedence.hu\\\/index.php\\\/2023\\\/01\\\/24\\\/a-banyaszerencsetlenseg-aldozataira-emlekeztek-sarisapon-2\\\/#breadcrumb\",\"itemListElement\":[{\"@type\":\"ListItem\",\"position\":1,\"name\":\"Kezd\u0151lap\",\"item\":\"https:\\\/\\\/dorogimedence.hu\\\/\"},{\"@type\":\"ListItem\",\"position\":2,\"name\":\"A b\u00e1nyaszerencs\u00e9tlens\u00e9g \u00e1ldozataira eml\u00e9keztek S\u00e1ris\u00e1pon\"}]},{\"@type\":\"WebSite\",\"@id\":\"https:\\\/\\\/dorogimedence.hu\\\/#website\",\"url\":\"https:\\\/\\\/dorogimedence.hu\\\/\",\"name\":\"Dorogi-medence Region\u00e1lis H\u00edrport\u00e1l\",\"description\":\"Dorog, Keszt\u00f6lc, Le\u00e1nyv\u00e1r, Piliscs\u00e9v, Tokod, Tokodalt\u00e1r\u00f3, Csolnok, Esztergom-kertv\u00e1ros: h\u00edrek, programok\",\"publisher\":{\"@id\":\"https:\\\/\\\/dorogimedence.hu\\\/#organization\"},\"potentialAction\":[{\"@type\":\"SearchAction\",\"target\":{\"@type\":\"EntryPoint\",\"urlTemplate\":\"https:\\\/\\\/dorogimedence.hu\\\/?s={search_term_string}\"},\"query-input\":{\"@type\":\"PropertyValueSpecification\",\"valueRequired\":true,\"valueName\":\"search_term_string\"}}],\"inLanguage\":\"hu\"},{\"@type\":\"Organization\",\"@id\":\"https:\\\/\\\/dorogimedence.hu\\\/#organization\",\"name\":\"Dorogi-medence Region\u00e1lis H\u00edrport\u00e1l\",\"url\":\"https:\\\/\\\/dorogimedence.hu\\\/\",\"logo\":{\"@type\":\"ImageObject\",\"inLanguage\":\"hu\",\"@id\":\"https:\\\/\\\/dorogimedence.hu\\\/#\\\/schema\\\/logo\\\/image\\\/\",\"url\":\"https:\\\/\\\/dorogimedence.hu\\\/wp-content\\\/uploads\\\/2021\\\/04\\\/logo-feher-600.png\",\"contentUrl\":\"https:\\\/\\\/dorogimedence.hu\\\/wp-content\\\/uploads\\\/2021\\\/04\\\/logo-feher-600.png\",\"width\":600,\"height\":100,\"caption\":\"Dorogi-medence Region\u00e1lis H\u00edrport\u00e1l\"},\"image\":{\"@id\":\"https:\\\/\\\/dorogimedence.hu\\\/#\\\/schema\\\/logo\\\/image\\\/\"},\"sameAs\":[\"https:\\\/\\\/www.facebook.com\\\/dorogimedence\\\/\"]},{\"@type\":\"Person\",\"@id\":\"https:\\\/\\\/dorogimedence.hu\\\/#\\\/schema\\\/person\\\/ce6091eeb7e95ecdc87890d6aa8e0fd4\",\"name\":\"dorogimedence.hu\",\"image\":{\"@type\":\"ImageObject\",\"inLanguage\":\"hu\",\"@id\":\"\\\/\\\/www.gravatar.com\\\/avatar\\\/d8d45f8901aadff40a4af72c0b826f1d?s=96&#038;r=g&#038;d=mm\",\"url\":\"\\\/\\\/www.gravatar.com\\\/avatar\\\/d8d45f8901aadff40a4af72c0b826f1d?s=96&#038;r=g&#038;d=mm\",\"contentUrl\":\"\\\/\\\/www.gravatar.com\\\/avatar\\\/d8d45f8901aadff40a4af72c0b826f1d?s=96&#038;r=g&#038;d=mm\",\"caption\":\"dorogimedence.hu\"}}]}<\/script>\n<!-- \/ Yoast SEO plugin. -->","yoast_head_json":{"title":"A b\u00e1nyaszerencs\u00e9tlens\u00e9g \u00e1ldozataira eml\u00e9keztek S\u00e1ris\u00e1pon","robots":{"index":"index","follow":"follow","max-snippet":"max-snippet:-1","max-image-preview":"max-image-preview:large","max-video-preview":"max-video-preview:-1"},"canonical":"https:\/\/dorogimedence.hu\/index.php\/2023\/01\/24\/a-banyaszerencsetlenseg-aldozataira-emlekeztek-sarisapon-2\/","og_locale":"hu_HU","og_type":"article","og_title":"A b\u00e1nyaszerencs\u00e9tlens\u00e9g \u00e1ldozataira eml\u00e9keztek S\u00e1ris\u00e1pon","og_description":"Janu\u00e1r 20-\u00e1n, az 1947-es annav\u00f6lgyi b\u00e1nyaszerencs\u00e9tlens\u00e9g hetvenhatodik \u00e9vfordul\u00f3ja alkalm\u00e1b\u00f3l eml\u00e9keztek meg azokr\u00f3l a X-es akn\u00e1ban dolgoz\u00f3 b\u00e1ny\u00e1szokr\u00f3l, akik a Zsigmondy mez\u0151n l\u00e9v\u0151 v\u00e1gatban keletkezett t\u0171zben, illetve menek\u00fcl\u00e9s k\u00f6zben a s\u0171r\u0171 f\u00fcstben vesztett\u00e9k \u00e9let\u00fcket. A kemma.hu besz\u00e1mol\u00f3ja szerint a Himnusz el\u00e9nekl\u00e9se ut\u00e1n a Dorogi B\u00e1ny\u00e1szati Sz\u00f6vets\u00e9g S\u00e1ris\u00e1pi Nyugd\u00edjas Alapszervezete nev\u00e9ben k\u00f6sz\u00f6nt\u00f6tt\u00e9k a jelenl\u00e9v\u0151ket, majd Friedrich J\u00f3zsef","og_url":"https:\/\/dorogimedence.hu\/index.php\/2023\/01\/24\/a-banyaszerencsetlenseg-aldozataira-emlekeztek-sarisapon-2\/","og_site_name":"Dorogi-medence Region\u00e1lis H\u00edrport\u00e1l","article_publisher":"https:\/\/www.facebook.com\/dorogimedence\/","article_published_time":"2023-01-24T07:49:13+00:00","article_modified_time":"2023-01-25T09:03:43+00:00","og_image":[{"width":2048,"height":1266,"url":"https:\/\/dorogimedence.hu\/wp-content\/uploads\/2023\/01\/324195618_916248799368956_6973305995402967363_n.jpg","type":"image\/jpeg"}],"author":"dorogimedence.hu","twitter_card":"summary_large_image","twitter_misc":{"Szerz\u0151:":"dorogimedence.hu","Becs\u00fclt olvas\u00e1si id\u0151":"1 perc"},"schema":{"@context":"https:\/\/schema.org","@graph":[{"@type":"Article","@id":"https:\/\/dorogimedence.hu\/index.php\/2023\/01\/24\/a-banyaszerencsetlenseg-aldozataira-emlekeztek-sarisapon-2\/#article","isPartOf":{"@id":"https:\/\/dorogimedence.hu\/index.php\/2023\/01\/24\/a-banyaszerencsetlenseg-aldozataira-emlekeztek-sarisapon-2\/"},"author":{"name":"dorogimedence.hu","@id":"https:\/\/dorogimedence.hu\/#\/schema\/person\/ce6091eeb7e95ecdc87890d6aa8e0fd4"},"headline":"A b\u00e1nyaszerencs\u00e9tlens\u00e9g \u00e1ldozataira eml\u00e9keztek S\u00e1ris\u00e1pon","datePublished":"2023-01-24T07:49:13+00:00","dateModified":"2023-01-25T09:03:43+00:00","mainEntityOfPage":{"@id":"https:\/\/dorogimedence.hu\/index.php\/2023\/01\/24\/a-banyaszerencsetlenseg-aldozataira-emlekeztek-sarisapon-2\/"},"wordCount":239,"publisher":{"@id":"https:\/\/dorogimedence.hu\/#organization"},"image":{"@id":"https:\/\/dorogimedence.hu\/index.php\/2023\/01\/24\/a-banyaszerencsetlenseg-aldozataira-emlekeztek-sarisapon-2\/#primaryimage"},"thumbnailUrl":"https:\/\/dorogimedence.hu\/wp-content\/uploads\/2023\/01\/324195618_916248799368956_6973305995402967363_n.jpg","keywords":["b\u00e1nyaszerencs\u00e9tlens\u00e9g","featured","megeml\u00e9kez\u00e9s","S\u00e1ris\u00e1p"],"articleSection":["H\u00edrek"],"inLanguage":"hu"},{"@type":"WebPage","@id":"https:\/\/dorogimedence.hu\/index.php\/2023\/01\/24\/a-banyaszerencsetlenseg-aldozataira-emlekeztek-sarisapon-2\/","url":"https:\/\/dorogimedence.hu\/index.php\/2023\/01\/24\/a-banyaszerencsetlenseg-aldozataira-emlekeztek-sarisapon-2\/","name":"A b\u00e1nyaszerencs\u00e9tlens\u00e9g \u00e1ldozataira eml\u00e9keztek S\u00e1ris\u00e1pon","isPartOf":{"@id":"https:\/\/dorogimedence.hu\/#website"},"primaryImageOfPage":{"@id":"https:\/\/dorogimedence.hu\/index.php\/2023\/01\/24\/a-banyaszerencsetlenseg-aldozataira-emlekeztek-sarisapon-2\/#primaryimage"},"image":{"@id":"https:\/\/dorogimedence.hu\/index.php\/2023\/01\/24\/a-banyaszerencsetlenseg-aldozataira-emlekeztek-sarisapon-2\/#primaryimage"},"thumbnailUrl":"https:\/\/dorogimedence.hu\/wp-content\/uploads\/2023\/01\/324195618_916248799368956_6973305995402967363_n.jpg","datePublished":"2023-01-24T07:49:13+00:00","dateModified":"2023-01-25T09:03:43+00:00","breadcrumb":{"@id":"https:\/\/dorogimedence.hu\/index.php\/2023\/01\/24\/a-banyaszerencsetlenseg-aldozataira-emlekeztek-sarisapon-2\/#breadcrumb"},"inLanguage":"hu","potentialAction":[{"@type":"ReadAction","target":["https:\/\/dorogimedence.hu\/index.php\/2023\/01\/24\/a-banyaszerencsetlenseg-aldozataira-emlekeztek-sarisapon-2\/"]}]},{"@type":"ImageObject","inLanguage":"hu","@id":"https:\/\/dorogimedence.hu\/index.php\/2023\/01\/24\/a-banyaszerencsetlenseg-aldozataira-emlekeztek-sarisapon-2\/#primaryimage","url":"https:\/\/dorogimedence.hu\/wp-content\/uploads\/2023\/01\/324195618_916248799368956_6973305995402967363_n.jpg","contentUrl":"https:\/\/dorogimedence.hu\/wp-content\/uploads\/2023\/01\/324195618_916248799368956_6973305995402967363_n.jpg","width":2048,"height":1266},{"@type":"BreadcrumbList","@id":"https:\/\/dorogimedence.hu\/index.php\/2023\/01\/24\/a-banyaszerencsetlenseg-aldozataira-emlekeztek-sarisapon-2\/#breadcrumb","itemListElement":[{"@type":"ListItem","position":1,"name":"Kezd\u0151lap","item":"https:\/\/dorogimedence.hu\/"},{"@type":"ListItem","position":2,"name":"A b\u00e1nyaszerencs\u00e9tlens\u00e9g \u00e1ldozataira eml\u00e9keztek S\u00e1ris\u00e1pon"}]},{"@type":"WebSite","@id":"https:\/\/dorogimedence.hu\/#website","url":"https:\/\/dorogimedence.hu\/","name":"Dorogi-medence Region\u00e1lis H\u00edrport\u00e1l","description":"Dorog, Keszt\u00f6lc, Le\u00e1nyv\u00e1r, Piliscs\u00e9v, Tokod, Tokodalt\u00e1r\u00f3, Csolnok, Esztergom-kertv\u00e1ros: h\u00edrek, programok","publisher":{"@id":"https:\/\/dorogimedence.hu\/#organization"},"potentialAction":[{"@type":"SearchAction","target":{"@type":"EntryPoint","urlTemplate":"https:\/\/dorogimedence.hu\/?s={search_term_string}"},"query-input":{"@type":"PropertyValueSpecification","valueRequired":true,"valueName":"search_term_string"}}],"inLanguage":"hu"},{"@type":"Organization","@id":"https:\/\/dorogimedence.hu\/#organization","name":"Dorogi-medence Region\u00e1lis H\u00edrport\u00e1l","url":"https:\/\/dorogimedence.hu\/","logo":{"@type":"ImageObject","inLanguage":"hu","@id":"https:\/\/dorogimedence.hu\/#\/schema\/logo\/image\/","url":"https:\/\/dorogimedence.hu\/wp-content\/uploads\/2021\/04\/logo-feher-600.png","contentUrl":"https:\/\/dorogimedence.hu\/wp-content\/uploads\/2021\/04\/logo-feher-600.png","width":600,"height":100,"caption":"Dorogi-medence Region\u00e1lis H\u00edrport\u00e1l"},"image":{"@id":"https:\/\/dorogimedence.hu\/#\/schema\/logo\/image\/"},"sameAs":["https:\/\/www.facebook.com\/dorogimedence\/"]},{"@type":"Person","@id":"https:\/\/dorogimedence.hu\/#\/schema\/person\/ce6091eeb7e95ecdc87890d6aa8e0fd4","name":"dorogimedence.hu","image":{"@type":"ImageObject","inLanguage":"hu","@id":"\/\/www.gravatar.com\/avatar\/d8d45f8901aadff40a4af72c0b826f1d?s=96&#038;r=g&#038;d=mm","url":"\/\/www.gravatar.com\/avatar\/d8d45f8901aadff40a4af72c0b826f1d?s=96&#038;r=g&#038;d=mm","contentUrl":"\/\/www.gravatar.com\/avatar\/d8d45f8901aadff40a4af72c0b826f1d?s=96&#038;r=g&#038;d=mm","caption":"dorogimedence.hu"}}]}},"_links":{"self":[{"href":"https:\/\/dorogimedence.hu\/index.php\/wp-json\/wp\/v2\/posts\/49687","targetHints":{"allow":["GET"]}}],"collection":[{"href":"https:\/\/dorogimedence.hu\/index.php\/wp-json\/wp\/v2\/posts"}],"about":[{"href":"https:\/\/dorogimedence.hu\/index.php\/wp-json\/wp\/v2\/types\/post"}],"author":[{"embeddable":true,"href":"https:\/\/dorogimedence.hu\/index.php\/wp-json\/wp\/v2\/users\/1"}],"replies":[{"embeddable":true,"href":"https:\/\/dorogimedence.hu\/index.php\/wp-json\/wp\/v2\/comments?post=49687"}],"version-history":[{"count":0,"href":"https:\/\/dorogimedence.hu\/index.php\/wp-json\/wp\/v2\/posts\/49687\/revisions"}],"wp:featuredmedia":[{"embeddable":true,"href":"https:\/\/dorogimedence.hu\/index.php\/wp-json\/wp\/v2\/media\/49688"}],"wp:attachment":[{"href":"https:\/\/dorogimedence.hu\/index.php\/wp-json\/wp\/v2\/media?parent=49687"}],"wp:term":[{"taxonomy":"category","embeddable":true,"href":"https:\/\/dorogimedence.hu\/index.php\/wp-json\/wp\/v2\/categories?post=49687"},{"taxonomy":"post_tag","embeddable":true,"href":"https:\/\/dorogimedence.hu\/index.php\/wp-json\/wp\/v2\/tags?post=49687"}],"curies":[{"name":"wp","href":"https:\/\/api.w.org\/{rel}","templated":true}]}}