{"id":4963,"date":"2017-08-11T08:49:10","date_gmt":"2017-08-11T06:49:10","guid":{"rendered":"http:\/\/dorogimedence.hu\/?p=4963"},"modified":"2017-08-11T08:49:10","modified_gmt":"2017-08-11T06:49:10","slug":"iden-is-keresik-esztergom-etelet","status":"publish","type":"post","link":"https:\/\/dorogimedence.hu\/index.php\/2017\/08\/11\/iden-is-keresik-esztergom-etelet\/","title":{"rendered":"Id\u00e9n is keresik Esztergom \u00c9tel\u00e9t"},"content":{"rendered":"<p><strong><span class=\"_4n-j _fbReactionComponent__eventDetailsContentTags fsl\" data-testid=\"event-permalink-details\">Id\u00e9n m\u00e1r hatodik alkalommal hirdetik meg az \u00cdzek-Korok-Hangulatok Kultur\u00e1lis \u00e9s Gasztron\u00f3miai Fesztiv\u00e1l keret\u00e9ben zajl\u00f3 f\u0151z\u0151versenyt Esztergomban.<br \/>\n<\/span><\/strong><\/p>\n<p><span class=\"_4n-j _fbReactionComponent__eventDetailsContentTags fsl\" data-testid=\"event-permalink-details\">A rendezv\u00e9nyen keresik Esztergom \u00c9tel\u00e9t is, ami egy f\u0151z\u0151verseny keret\u00e9ben ker\u00fcl kiv\u00e1laszt\u00e1sra. A kulin\u00e1ris megm\u00e9rettet\u00e9s c\u00e9lja, hogy a versenyz\u0151k a t\u00e1jjelleg\u0171 \u00e9tel hi\u00e1ny\u00e1ban, magyar alapanyagokb\u00f3l megf\u0151zz\u00e9k Esztergom \u00c9tel\u00e9t. <strong>Nevezni szeptember 1-ig lehet.<\/strong> <\/span><\/p>\n<p><span class=\"_4n-j _fbReactionComponent__eventDetailsContentTags fsl\" data-testid=\"event-permalink-details\">A szervez\u0151k elt\u00f6k\u00e9lt c\u00e9lja, hogy minden \u00e9vben megtal\u00e1lj\u00e1k azt az egy \u00e9telt, amely nemcsak gasztron\u00f3miailag emelkedik ki a mez\u0151nyb\u0151l, de valamilyen m\u00f3don, ak\u00e1r elnevez\u00e9s\u00e9ben, ak\u00e1r \u00edz\u00e9ben kapcsol\u00f3dik a v\u00e1roshoz. Az elm\u00falt \u00e9vek sor\u00e1n olyan fog\u00e1sok k\u00e1pr\u00e1ztatt\u00e1k m\u00e1r el a zs\u0171rit, mint a Fiatal b\u00e1r\u00e1ny combja M\u00e1ty\u00e1s kir\u00e1ly aj\u00e1nl\u00e1s\u00e1val vagy a V\u00e1rv\u00e9d\u0151 vit\u00e9z sz\u00fcze reszkess t\u00f6r\u00f6k k\u00f6rettel. Tavaly a<span class=\"text_exposed_show\"> Szarvas\u00e9rme \u0151szi finoms\u00e1gokkal elnevez\u00e9s\u0171 \u00e9tel remekelt. <\/span><\/span><\/p>\n<p><span class=\"_4n-j _fbReactionComponent__eventDetailsContentTags fsl\" data-testid=\"event-permalink-details\"><span class=\"text_exposed_show\">A legjobbak id\u00e9n se maradnak jutalom n\u00e9lk\u00fcl, a verseny f\u0151d\u00edjak\u00e9nt ugyanis sz\u00e1zezer forint \u00fcti a csapat mark\u00e1t, emellett \u00e9tel\u00fck felker\u00fcl a legjobb esztergomi \u00e9ttermek \u00e9tlapj\u00e1ra, \u00e9s meglepet\u00e9s aj\u00e1nd\u00e9kokkal is k\u00e9sz\u00fclnek a szervez\u0151k.<\/span><\/span><\/p>\n<p><span class=\"_4n-j _fbReactionComponent__eventDetailsContentTags fsl\" data-testid=\"event-permalink-details\"><span class=\"text_exposed_show\">Ezek megszerz\u00e9s\u00e9hez viszont az kell, hogy leny\u0171g\u00f6zz\u00e9k a fesztiv\u00e1l szt\u00e1rs\u00e9fj\u00e9t, <strong>Buday P\u00e9ter<\/strong>t \u00e9s a zs\u0171ri valamennyi tagj\u00e1t.<br \/>\nAz Esztergom \u00c9tele f\u0151z\u0151verseny nem csup\u00e1n egy gasztron\u00f3miai Ki mit tud?, hiszen teljes \u00edz\u00e9ben esztergomi \u00e9s egy kiv\u00e1l\u00f3 szombati program csal\u00e1doknak, bar\u00e1ti t\u00e1rsas\u00e1goknak. <\/span><\/span><\/p>\n<p><span class=\"_4n-j _fbReactionComponent__eventDetailsContentTags fsl\" data-testid=\"event-permalink-details\"><span class=\"text_exposed_show\">A versenyre b\u00e1rki jelentkezhet, aki elm\u00falt 14 \u00e9ves \u00e9s visszak\u00fcldi megfelel\u0151en kit\u00f6ltve a jelentkez\u00e9si lapot elektronikus vagy postai \u00faton, szeptember 1. \u00e9jf\u00e9lig.<\/p>\n<p><strong> Nevez\u00e9si c\u00edm:<\/strong><br \/>\nE-mail c\u00edm: esztergometele@gmail.com<br \/>\nPostac\u00edm: 2500 Esztergom, \u00c1rok utca 3.<br \/>\nA verseny helye: Esztergom \u2013 Erzs\u00e9bet park<br \/>\n<span style=\"color: #ff0000;\"><strong> A verseny ideje: 2017. szeptember 9. 15:00<\/strong><\/span><\/p>\n<p>A f\u0151z\u0151versennyel kapcsolatos tov\u00e1bbi inform\u00e1ci\u00f3k a fesztiv\u00e1l honlapj\u00e1n \u00e9s k\u00f6z\u00f6ss\u00e9gi oldal\u00e1n tal\u00e1lhat\u00f3k:<br \/>\nweb: <span style=\"text-decoration: underline; color: #0000ff;\"><a href=\"http:\/\/www.izekkorokhangulatok.hu\/\" target=\"_blank\" rel=\"nofollow nofollow noopener\">www.izekkorokhangulatok.hu<\/a><\/span><br \/>\nfacebook: <a href=\"https:\/\/www.facebook.com\/izekkorok\/?fref=ts\" rel=\"nofollow\"><span style=\"text-decoration: underline; color: #0000ff;\">https:\/\/www.facebook.com\/<wbr \/>izekkorok\/?fref=ts<\/span><\/a><\/span><\/span><\/p>\n<p><a href=\"https:\/\/www.facebook.com\/events\/482963938749320\/\" target=\"_blank\" rel=\"noopener\"><span style=\"text-decoration: underline; color: #0000ff;\"><strong>Facebook esem\u00e9ny&gt;&gt;<\/strong><\/span><\/a><\/p>\n","protected":false},"excerpt":{"rendered":"<p>Id\u00e9n m\u00e1r hatodik alkalommal hirdetik meg az \u00cdzek-Korok-Hangulatok Kultur\u00e1lis \u00e9s Gasztron\u00f3miai Fesztiv\u00e1l keret\u00e9ben zajl\u00f3 f\u0151z\u0151versenyt Esztergomban. A rendezv\u00e9nyen keresik Esztergom \u00c9tel\u00e9t is, ami egy f\u0151z\u0151verseny keret\u00e9ben ker\u00fcl kiv\u00e1laszt\u00e1sra. A kulin\u00e1ris megm\u00e9rettet\u00e9s c\u00e9lja, hogy a versenyz\u0151k a t\u00e1jjelleg\u0171 \u00e9tel hi\u00e1ny\u00e1ban, magyar alapanyagokb\u00f3l megf\u0151zz\u00e9k Esztergom \u00c9tel\u00e9t. Nevezni szeptember 1-ig lehet. A szervez\u0151k elt\u00f6k\u00e9lt c\u00e9lja, hogy minden \u00e9vben<\/p>\n","protected":false},"author":1,"featured_media":4964,"comment_status":"closed","ping_status":"closed","sticky":false,"template":"","format":"standard","meta":{"ngg_post_thumbnail":0,"footnotes":""},"categories":[38,3],"tags":[1381,660,854,1382],"class_list":{"0":"post-4963","1":"post","2":"type-post","3":"status-publish","4":"format-standard","5":"has-post-thumbnail","7":"category-esztergom","8":"category-hirek","9":"tag-esztergom-etele","10":"tag-fesztival","11":"tag-fozoverseny","12":"tag-izek-korok-hangulatok"},"yoast_head":"<!-- This site is optimized with the Yoast SEO plugin v27.5 - https:\/\/yoast.com\/product\/yoast-seo-wordpress\/ -->\n<title>Id\u00e9n is keresik Esztergom \u00c9tel\u00e9t<\/title>\n<meta name=\"robots\" content=\"index, follow, max-snippet:-1, max-image-preview:large, max-video-preview:-1\" \/>\n<link rel=\"canonical\" href=\"https:\/\/dorogimedence.hu\/index.php\/2017\/08\/11\/iden-is-keresik-esztergom-etelet\/\" class=\"yoast-seo-meta-tag\" \/>\n<meta property=\"og:locale\" content=\"hu_HU\" class=\"yoast-seo-meta-tag\" \/>\n<meta property=\"og:type\" content=\"article\" class=\"yoast-seo-meta-tag\" \/>\n<meta property=\"og:title\" content=\"Id\u00e9n is keresik Esztergom \u00c9tel\u00e9t\" class=\"yoast-seo-meta-tag\" \/>\n<meta property=\"og:description\" content=\"Id\u00e9n m\u00e1r hatodik alkalommal hirdetik meg az \u00cdzek-Korok-Hangulatok Kultur\u00e1lis \u00e9s Gasztron\u00f3miai Fesztiv\u00e1l keret\u00e9ben zajl\u00f3 f\u0151z\u0151versenyt Esztergomban. A rendezv\u00e9nyen keresik Esztergom \u00c9tel\u00e9t is, ami egy f\u0151z\u0151verseny keret\u00e9ben ker\u00fcl kiv\u00e1laszt\u00e1sra. A kulin\u00e1ris megm\u00e9rettet\u00e9s c\u00e9lja, hogy a versenyz\u0151k a t\u00e1jjelleg\u0171 \u00e9tel hi\u00e1ny\u00e1ban, magyar alapanyagokb\u00f3l megf\u0151zz\u00e9k Esztergom \u00c9tel\u00e9t. Nevezni szeptember 1-ig lehet. A szervez\u0151k elt\u00f6k\u00e9lt c\u00e9lja, hogy minden \u00e9vben\" class=\"yoast-seo-meta-tag\" \/>\n<meta property=\"og:url\" content=\"https:\/\/dorogimedence.hu\/index.php\/2017\/08\/11\/iden-is-keresik-esztergom-etelet\/\" class=\"yoast-seo-meta-tag\" \/>\n<meta property=\"og:site_name\" content=\"Dorogi-medence Region\u00e1lis H\u00edrport\u00e1l\" class=\"yoast-seo-meta-tag\" \/>\n<meta property=\"article:publisher\" content=\"https:\/\/www.facebook.com\/dorogimedence\/\" class=\"yoast-seo-meta-tag\" \/>\n<meta property=\"article:published_time\" content=\"2017-08-11T06:49:10+00:00\" class=\"yoast-seo-meta-tag\" \/>\n<meta property=\"og:image\" content=\"https:\/\/i0.wp.com\/dorogimedence.hu\/wp-content\/uploads\/2017\/08\/esztergom-etele.jpg?fit=670%2C365&ssl=1\" class=\"yoast-seo-meta-tag\" \/>\n\t<meta property=\"og:image:width\" content=\"670\" class=\"yoast-seo-meta-tag\" \/>\n\t<meta property=\"og:image:height\" content=\"365\" class=\"yoast-seo-meta-tag\" \/>\n\t<meta property=\"og:image:type\" content=\"image\/jpeg\" class=\"yoast-seo-meta-tag\" \/>\n<meta name=\"author\" content=\"dorogimedence.hu\" class=\"yoast-seo-meta-tag\" \/>\n<meta name=\"twitter:card\" content=\"summary_large_image\" class=\"yoast-seo-meta-tag\" \/>\n<meta name=\"twitter:label1\" content=\"Szerz\u0151:\" class=\"yoast-seo-meta-tag\" \/>\n\t<meta name=\"twitter:data1\" content=\"dorogimedence.hu\" class=\"yoast-seo-meta-tag\" \/>\n\t<meta name=\"twitter:label2\" content=\"Becs\u00fclt olvas\u00e1si id\u0151\" class=\"yoast-seo-meta-tag\" \/>\n\t<meta name=\"twitter:data2\" content=\"2 perc\" class=\"yoast-seo-meta-tag\" \/>\n<script type=\"application\/ld+json\" class=\"yoast-schema-graph\">{\"@context\":\"https:\\\/\\\/schema.org\",\"@graph\":[{\"@type\":\"Article\",\"@id\":\"https:\\\/\\\/dorogimedence.hu\\\/index.php\\\/2017\\\/08\\\/11\\\/iden-is-keresik-esztergom-etelet\\\/#article\",\"isPartOf\":{\"@id\":\"https:\\\/\\\/dorogimedence.hu\\\/index.php\\\/2017\\\/08\\\/11\\\/iden-is-keresik-esztergom-etelet\\\/\"},\"author\":{\"name\":\"dorogimedence.hu\",\"@id\":\"https:\\\/\\\/dorogimedence.hu\\\/#\\\/schema\\\/person\\\/ce6091eeb7e95ecdc87890d6aa8e0fd4\"},\"headline\":\"Id\u00e9n is keresik Esztergom \u00c9tel\u00e9t\",\"datePublished\":\"2017-08-11T06:49:10+00:00\",\"mainEntityOfPage\":{\"@id\":\"https:\\\/\\\/dorogimedence.hu\\\/index.php\\\/2017\\\/08\\\/11\\\/iden-is-keresik-esztergom-etelet\\\/\"},\"wordCount\":396,\"publisher\":{\"@id\":\"https:\\\/\\\/dorogimedence.hu\\\/#organization\"},\"image\":{\"@id\":\"https:\\\/\\\/dorogimedence.hu\\\/index.php\\\/2017\\\/08\\\/11\\\/iden-is-keresik-esztergom-etelet\\\/#primaryimage\"},\"thumbnailUrl\":\"https:\\\/\\\/dorogimedence.hu\\\/wp-content\\\/uploads\\\/2017\\\/08\\\/esztergom-etele.jpg\",\"keywords\":[\"Esztergom \u00c9tele\",\"fesztiv\u00e1l\",\"f\u0151z\u0151verseny\",\"\u00cdzek Korok Hangulatok\"],\"articleSection\":[\"Esztergom\",\"H\u00edrek\"],\"inLanguage\":\"hu\"},{\"@type\":\"WebPage\",\"@id\":\"https:\\\/\\\/dorogimedence.hu\\\/index.php\\\/2017\\\/08\\\/11\\\/iden-is-keresik-esztergom-etelet\\\/\",\"url\":\"https:\\\/\\\/dorogimedence.hu\\\/index.php\\\/2017\\\/08\\\/11\\\/iden-is-keresik-esztergom-etelet\\\/\",\"name\":\"Id\u00e9n is keresik Esztergom \u00c9tel\u00e9t\",\"isPartOf\":{\"@id\":\"https:\\\/\\\/dorogimedence.hu\\\/#website\"},\"primaryImageOfPage\":{\"@id\":\"https:\\\/\\\/dorogimedence.hu\\\/index.php\\\/2017\\\/08\\\/11\\\/iden-is-keresik-esztergom-etelet\\\/#primaryimage\"},\"image\":{\"@id\":\"https:\\\/\\\/dorogimedence.hu\\\/index.php\\\/2017\\\/08\\\/11\\\/iden-is-keresik-esztergom-etelet\\\/#primaryimage\"},\"thumbnailUrl\":\"https:\\\/\\\/dorogimedence.hu\\\/wp-content\\\/uploads\\\/2017\\\/08\\\/esztergom-etele.jpg\",\"datePublished\":\"2017-08-11T06:49:10+00:00\",\"breadcrumb\":{\"@id\":\"https:\\\/\\\/dorogimedence.hu\\\/index.php\\\/2017\\\/08\\\/11\\\/iden-is-keresik-esztergom-etelet\\\/#breadcrumb\"},\"inLanguage\":\"hu\",\"potentialAction\":[{\"@type\":\"ReadAction\",\"target\":[\"https:\\\/\\\/dorogimedence.hu\\\/index.php\\\/2017\\\/08\\\/11\\\/iden-is-keresik-esztergom-etelet\\\/\"]}]},{\"@type\":\"ImageObject\",\"inLanguage\":\"hu\",\"@id\":\"https:\\\/\\\/dorogimedence.hu\\\/index.php\\\/2017\\\/08\\\/11\\\/iden-is-keresik-esztergom-etelet\\\/#primaryimage\",\"url\":\"https:\\\/\\\/dorogimedence.hu\\\/wp-content\\\/uploads\\\/2017\\\/08\\\/esztergom-etele.jpg\",\"contentUrl\":\"https:\\\/\\\/dorogimedence.hu\\\/wp-content\\\/uploads\\\/2017\\\/08\\\/esztergom-etele.jpg\",\"width\":670,\"height\":365},{\"@type\":\"BreadcrumbList\",\"@id\":\"https:\\\/\\\/dorogimedence.hu\\\/index.php\\\/2017\\\/08\\\/11\\\/iden-is-keresik-esztergom-etelet\\\/#breadcrumb\",\"itemListElement\":[{\"@type\":\"ListItem\",\"position\":1,\"name\":\"Kezd\u0151lap\",\"item\":\"https:\\\/\\\/dorogimedence.hu\\\/\"},{\"@type\":\"ListItem\",\"position\":2,\"name\":\"Id\u00e9n is keresik Esztergom \u00c9tel\u00e9t\"}]},{\"@type\":\"WebSite\",\"@id\":\"https:\\\/\\\/dorogimedence.hu\\\/#website\",\"url\":\"https:\\\/\\\/dorogimedence.hu\\\/\",\"name\":\"Dorogi-medence Region\u00e1lis H\u00edrport\u00e1l\",\"description\":\"Dorog, Keszt\u00f6lc, Le\u00e1nyv\u00e1r, Piliscs\u00e9v, Tokod, Tokodalt\u00e1r\u00f3, Csolnok, Esztergom-kertv\u00e1ros: h\u00edrek, programok\",\"publisher\":{\"@id\":\"https:\\\/\\\/dorogimedence.hu\\\/#organization\"},\"potentialAction\":[{\"@type\":\"SearchAction\",\"target\":{\"@type\":\"EntryPoint\",\"urlTemplate\":\"https:\\\/\\\/dorogimedence.hu\\\/?s={search_term_string}\"},\"query-input\":{\"@type\":\"PropertyValueSpecification\",\"valueRequired\":true,\"valueName\":\"search_term_string\"}}],\"inLanguage\":\"hu\"},{\"@type\":\"Organization\",\"@id\":\"https:\\\/\\\/dorogimedence.hu\\\/#organization\",\"name\":\"Dorogi-medence Region\u00e1lis H\u00edrport\u00e1l\",\"url\":\"https:\\\/\\\/dorogimedence.hu\\\/\",\"logo\":{\"@type\":\"ImageObject\",\"inLanguage\":\"hu\",\"@id\":\"https:\\\/\\\/dorogimedence.hu\\\/#\\\/schema\\\/logo\\\/image\\\/\",\"url\":\"https:\\\/\\\/dorogimedence.hu\\\/wp-content\\\/uploads\\\/2021\\\/04\\\/logo-feher-600.png\",\"contentUrl\":\"https:\\\/\\\/dorogimedence.hu\\\/wp-content\\\/uploads\\\/2021\\\/04\\\/logo-feher-600.png\",\"width\":600,\"height\":100,\"caption\":\"Dorogi-medence Region\u00e1lis H\u00edrport\u00e1l\"},\"image\":{\"@id\":\"https:\\\/\\\/dorogimedence.hu\\\/#\\\/schema\\\/logo\\\/image\\\/\"},\"sameAs\":[\"https:\\\/\\\/www.facebook.com\\\/dorogimedence\\\/\"]},{\"@type\":\"Person\",\"@id\":\"https:\\\/\\\/dorogimedence.hu\\\/#\\\/schema\\\/person\\\/ce6091eeb7e95ecdc87890d6aa8e0fd4\",\"name\":\"dorogimedence.hu\",\"image\":{\"@type\":\"ImageObject\",\"inLanguage\":\"hu\",\"@id\":\"\\\/\\\/www.gravatar.com\\\/avatar\\\/d8d45f8901aadff40a4af72c0b826f1d?s=96&#038;r=g&#038;d=mm\",\"url\":\"\\\/\\\/www.gravatar.com\\\/avatar\\\/d8d45f8901aadff40a4af72c0b826f1d?s=96&#038;r=g&#038;d=mm\",\"contentUrl\":\"\\\/\\\/www.gravatar.com\\\/avatar\\\/d8d45f8901aadff40a4af72c0b826f1d?s=96&#038;r=g&#038;d=mm\",\"caption\":\"dorogimedence.hu\"}}]}<\/script>\n<!-- \/ Yoast SEO plugin. -->","yoast_head_json":{"title":"Id\u00e9n is keresik Esztergom \u00c9tel\u00e9t","robots":{"index":"index","follow":"follow","max-snippet":"max-snippet:-1","max-image-preview":"max-image-preview:large","max-video-preview":"max-video-preview:-1"},"canonical":"https:\/\/dorogimedence.hu\/index.php\/2017\/08\/11\/iden-is-keresik-esztergom-etelet\/","og_locale":"hu_HU","og_type":"article","og_title":"Id\u00e9n is keresik Esztergom \u00c9tel\u00e9t","og_description":"Id\u00e9n m\u00e1r hatodik alkalommal hirdetik meg az \u00cdzek-Korok-Hangulatok Kultur\u00e1lis \u00e9s Gasztron\u00f3miai Fesztiv\u00e1l keret\u00e9ben zajl\u00f3 f\u0151z\u0151versenyt Esztergomban. A rendezv\u00e9nyen keresik Esztergom \u00c9tel\u00e9t is, ami egy f\u0151z\u0151verseny keret\u00e9ben ker\u00fcl kiv\u00e1laszt\u00e1sra. A kulin\u00e1ris megm\u00e9rettet\u00e9s c\u00e9lja, hogy a versenyz\u0151k a t\u00e1jjelleg\u0171 \u00e9tel hi\u00e1ny\u00e1ban, magyar alapanyagokb\u00f3l megf\u0151zz\u00e9k Esztergom \u00c9tel\u00e9t. Nevezni szeptember 1-ig lehet. A szervez\u0151k elt\u00f6k\u00e9lt c\u00e9lja, hogy minden \u00e9vben","og_url":"https:\/\/dorogimedence.hu\/index.php\/2017\/08\/11\/iden-is-keresik-esztergom-etelet\/","og_site_name":"Dorogi-medence Region\u00e1lis H\u00edrport\u00e1l","article_publisher":"https:\/\/www.facebook.com\/dorogimedence\/","article_published_time":"2017-08-11T06:49:10+00:00","og_image":[{"width":670,"height":365,"url":"https:\/\/i0.wp.com\/dorogimedence.hu\/wp-content\/uploads\/2017\/08\/esztergom-etele.jpg?fit=670%2C365&ssl=1","type":"image\/jpeg"}],"author":"dorogimedence.hu","twitter_card":"summary_large_image","twitter_misc":{"Szerz\u0151:":"dorogimedence.hu","Becs\u00fclt olvas\u00e1si id\u0151":"2 perc"},"schema":{"@context":"https:\/\/schema.org","@graph":[{"@type":"Article","@id":"https:\/\/dorogimedence.hu\/index.php\/2017\/08\/11\/iden-is-keresik-esztergom-etelet\/#article","isPartOf":{"@id":"https:\/\/dorogimedence.hu\/index.php\/2017\/08\/11\/iden-is-keresik-esztergom-etelet\/"},"author":{"name":"dorogimedence.hu","@id":"https:\/\/dorogimedence.hu\/#\/schema\/person\/ce6091eeb7e95ecdc87890d6aa8e0fd4"},"headline":"Id\u00e9n is keresik Esztergom \u00c9tel\u00e9t","datePublished":"2017-08-11T06:49:10+00:00","mainEntityOfPage":{"@id":"https:\/\/dorogimedence.hu\/index.php\/2017\/08\/11\/iden-is-keresik-esztergom-etelet\/"},"wordCount":396,"publisher":{"@id":"https:\/\/dorogimedence.hu\/#organization"},"image":{"@id":"https:\/\/dorogimedence.hu\/index.php\/2017\/08\/11\/iden-is-keresik-esztergom-etelet\/#primaryimage"},"thumbnailUrl":"https:\/\/dorogimedence.hu\/wp-content\/uploads\/2017\/08\/esztergom-etele.jpg","keywords":["Esztergom \u00c9tele","fesztiv\u00e1l","f\u0151z\u0151verseny","\u00cdzek Korok Hangulatok"],"articleSection":["Esztergom","H\u00edrek"],"inLanguage":"hu"},{"@type":"WebPage","@id":"https:\/\/dorogimedence.hu\/index.php\/2017\/08\/11\/iden-is-keresik-esztergom-etelet\/","url":"https:\/\/dorogimedence.hu\/index.php\/2017\/08\/11\/iden-is-keresik-esztergom-etelet\/","name":"Id\u00e9n is keresik Esztergom \u00c9tel\u00e9t","isPartOf":{"@id":"https:\/\/dorogimedence.hu\/#website"},"primaryImageOfPage":{"@id":"https:\/\/dorogimedence.hu\/index.php\/2017\/08\/11\/iden-is-keresik-esztergom-etelet\/#primaryimage"},"image":{"@id":"https:\/\/dorogimedence.hu\/index.php\/2017\/08\/11\/iden-is-keresik-esztergom-etelet\/#primaryimage"},"thumbnailUrl":"https:\/\/dorogimedence.hu\/wp-content\/uploads\/2017\/08\/esztergom-etele.jpg","datePublished":"2017-08-11T06:49:10+00:00","breadcrumb":{"@id":"https:\/\/dorogimedence.hu\/index.php\/2017\/08\/11\/iden-is-keresik-esztergom-etelet\/#breadcrumb"},"inLanguage":"hu","potentialAction":[{"@type":"ReadAction","target":["https:\/\/dorogimedence.hu\/index.php\/2017\/08\/11\/iden-is-keresik-esztergom-etelet\/"]}]},{"@type":"ImageObject","inLanguage":"hu","@id":"https:\/\/dorogimedence.hu\/index.php\/2017\/08\/11\/iden-is-keresik-esztergom-etelet\/#primaryimage","url":"https:\/\/dorogimedence.hu\/wp-content\/uploads\/2017\/08\/esztergom-etele.jpg","contentUrl":"https:\/\/dorogimedence.hu\/wp-content\/uploads\/2017\/08\/esztergom-etele.jpg","width":670,"height":365},{"@type":"BreadcrumbList","@id":"https:\/\/dorogimedence.hu\/index.php\/2017\/08\/11\/iden-is-keresik-esztergom-etelet\/#breadcrumb","itemListElement":[{"@type":"ListItem","position":1,"name":"Kezd\u0151lap","item":"https:\/\/dorogimedence.hu\/"},{"@type":"ListItem","position":2,"name":"Id\u00e9n is keresik Esztergom \u00c9tel\u00e9t"}]},{"@type":"WebSite","@id":"https:\/\/dorogimedence.hu\/#website","url":"https:\/\/dorogimedence.hu\/","name":"Dorogi-medence Region\u00e1lis H\u00edrport\u00e1l","description":"Dorog, Keszt\u00f6lc, Le\u00e1nyv\u00e1r, Piliscs\u00e9v, Tokod, Tokodalt\u00e1r\u00f3, Csolnok, Esztergom-kertv\u00e1ros: h\u00edrek, programok","publisher":{"@id":"https:\/\/dorogimedence.hu\/#organization"},"potentialAction":[{"@type":"SearchAction","target":{"@type":"EntryPoint","urlTemplate":"https:\/\/dorogimedence.hu\/?s={search_term_string}"},"query-input":{"@type":"PropertyValueSpecification","valueRequired":true,"valueName":"search_term_string"}}],"inLanguage":"hu"},{"@type":"Organization","@id":"https:\/\/dorogimedence.hu\/#organization","name":"Dorogi-medence Region\u00e1lis H\u00edrport\u00e1l","url":"https:\/\/dorogimedence.hu\/","logo":{"@type":"ImageObject","inLanguage":"hu","@id":"https:\/\/dorogimedence.hu\/#\/schema\/logo\/image\/","url":"https:\/\/dorogimedence.hu\/wp-content\/uploads\/2021\/04\/logo-feher-600.png","contentUrl":"https:\/\/dorogimedence.hu\/wp-content\/uploads\/2021\/04\/logo-feher-600.png","width":600,"height":100,"caption":"Dorogi-medence Region\u00e1lis H\u00edrport\u00e1l"},"image":{"@id":"https:\/\/dorogimedence.hu\/#\/schema\/logo\/image\/"},"sameAs":["https:\/\/www.facebook.com\/dorogimedence\/"]},{"@type":"Person","@id":"https:\/\/dorogimedence.hu\/#\/schema\/person\/ce6091eeb7e95ecdc87890d6aa8e0fd4","name":"dorogimedence.hu","image":{"@type":"ImageObject","inLanguage":"hu","@id":"\/\/www.gravatar.com\/avatar\/d8d45f8901aadff40a4af72c0b826f1d?s=96&#038;r=g&#038;d=mm","url":"\/\/www.gravatar.com\/avatar\/d8d45f8901aadff40a4af72c0b826f1d?s=96&#038;r=g&#038;d=mm","contentUrl":"\/\/www.gravatar.com\/avatar\/d8d45f8901aadff40a4af72c0b826f1d?s=96&#038;r=g&#038;d=mm","caption":"dorogimedence.hu"}}]}},"_links":{"self":[{"href":"https:\/\/dorogimedence.hu\/index.php\/wp-json\/wp\/v2\/posts\/4963","targetHints":{"allow":["GET"]}}],"collection":[{"href":"https:\/\/dorogimedence.hu\/index.php\/wp-json\/wp\/v2\/posts"}],"about":[{"href":"https:\/\/dorogimedence.hu\/index.php\/wp-json\/wp\/v2\/types\/post"}],"author":[{"embeddable":true,"href":"https:\/\/dorogimedence.hu\/index.php\/wp-json\/wp\/v2\/users\/1"}],"replies":[{"embeddable":true,"href":"https:\/\/dorogimedence.hu\/index.php\/wp-json\/wp\/v2\/comments?post=4963"}],"version-history":[{"count":0,"href":"https:\/\/dorogimedence.hu\/index.php\/wp-json\/wp\/v2\/posts\/4963\/revisions"}],"wp:featuredmedia":[{"embeddable":true,"href":"https:\/\/dorogimedence.hu\/index.php\/wp-json\/wp\/v2\/media\/4964"}],"wp:attachment":[{"href":"https:\/\/dorogimedence.hu\/index.php\/wp-json\/wp\/v2\/media?parent=4963"}],"wp:term":[{"taxonomy":"category","embeddable":true,"href":"https:\/\/dorogimedence.hu\/index.php\/wp-json\/wp\/v2\/categories?post=4963"},{"taxonomy":"post_tag","embeddable":true,"href":"https:\/\/dorogimedence.hu\/index.php\/wp-json\/wp\/v2\/tags?post=4963"}],"curies":[{"name":"wp","href":"https:\/\/api.w.org\/{rel}","templated":true}]}}