{"id":49625,"date":"2023-01-22T09:22:15","date_gmt":"2023-01-22T08:22:15","guid":{"rendered":"https:\/\/dorogimedence.hu\/?p=49625"},"modified":"2023-01-22T09:22:45","modified_gmt":"2023-01-22T08:22:45","slug":"35-alkalommal-emlekezunk-meg-a-magyar-kultura-napjarol-iden-200-eves-a-nemzeti-himnuszunk","status":"publish","type":"post","link":"https:\/\/dorogimedence.hu\/index.php\/2023\/01\/22\/35-alkalommal-emlekezunk-meg-a-magyar-kultura-napjarol-iden-200-eves-a-nemzeti-himnuszunk\/","title":{"rendered":"35. alkalommal eml\u00e9kez\u00fcnk meg a Magyar Kult\u00fara Napj\u00e1r\u00f3l &#8211; Id\u00e9n 200 \u00e9ves a Nemzeti Himnuszunk"},"content":{"rendered":"<p style=\"text-align: justify;\"><strong>1989 \u00f3ta \u00fcnnepelj\u00fcnk hivatalosan a Magyar Kult\u00fara Napj\u00e1t, amelyet a Himnuszunk sz\u00fclet\u00e9si d\u00e1tum\u00e1n tartanak. Id\u00e9n a 200 \u00e9ves kerek \u00e9vfordul\u00f3 m\u00e9g k\u00fcl\u00f6nlegessebb\u00e9 teszi a megeml\u00e9kez\u00e9st, amelyhez a magyar irodalom k\u00e9t kiemelked\u0151 alakj\u00e1nak ugyancsak kerek k\u00e9t \u00e9vsz\u00e1zados eml\u00e9k\u00e9ve t\u00e1rsul. Haz\u00e1nk telep\u00fcl\u00e9sein k\u00edv\u00fcl a vil\u00e1g sz\u00e1mos v\u00e1ros\u00e1ban is tisztelegnek a magyar kultur\u00e1lis \u00f6r\u00f6ks\u00e9g el\u0151tt.<\/strong><\/p>\n<p style=\"text-align: justify;\">A magyar kult\u00fara p\u00e1ratlan gazdags\u00e1g\u00e1t senki sem vitatja a vil\u00e1gon, s\u0151t, rengeteg elismer\u0151je \u00e9s tisztel\u0151je akad a F\u00f6ld szinte minden pontj\u00e1n. M\u00e1r 1985-ben felvet\u0151d\u00f6tt egy eml\u00e9knap l\u00e9trehoz\u00e1s\u00e1nak kezdem\u00e9nyez\u00e9se, amely v\u00e9g\u00fcl 1989-ben realiz\u00e1l\u00f3dott \u00e9s az\u00f3ta, imm\u00e1r 35. alkalommal minden \u00e9v janu\u00e1r 22-\u00e9n a Magyar Kult\u00fara Napj\u00e1t \u00fcnnepelj\u00fck. Az eml\u00e9knapot nemzeti himnuszunk megalkot\u00e1s\u00e1nak napj\u00e1val k\u00f6t\u00f6tt\u00e9k \u00f6ssze.<\/p>\n<p><img fetchpriority=\"high\" decoding=\"async\" class=\"aligncenter wp-image-49621\" src=\"https:\/\/dorogimedence.hu\/wp-content\/uploads\/2023\/01\/Kolcsey_Ferenc_Hymnus_1861-744x1024.jpg\" alt=\"\" width=\"658\" height=\"905\" srcset=\"https:\/\/dorogimedence.hu\/wp-content\/uploads\/2023\/01\/Kolcsey_Ferenc_Hymnus_1861-744x1024.jpg 744w, https:\/\/dorogimedence.hu\/wp-content\/uploads\/2023\/01\/Kolcsey_Ferenc_Hymnus_1861-218x300.jpg 218w, https:\/\/dorogimedence.hu\/wp-content\/uploads\/2023\/01\/Kolcsey_Ferenc_Hymnus_1861-768x1057.jpg 768w, https:\/\/dorogimedence.hu\/wp-content\/uploads\/2023\/01\/Kolcsey_Ferenc_Hymnus_1861-150x206.jpg 150w, https:\/\/dorogimedence.hu\/wp-content\/uploads\/2023\/01\/Kolcsey_Ferenc_Hymnus_1861-450x619.jpg 450w, https:\/\/dorogimedence.hu\/wp-content\/uploads\/2023\/01\/Kolcsey_Ferenc_Hymnus_1861.jpg 800w\" sizes=\"(max-width: 658px) 100vw, 658px\" \/><\/p>\n<p style=\"text-align: center;\"><span style=\"font-size: 10pt;\"><em>A Himnusz a Vas\u00e1rnapi Ujs\u00e1g lapjain 1861-ben (forr\u00e1s: Wikim\u00e9dia Commons)<\/em><\/span><\/p>\n<p style=\"text-align: justify;\">K\u00f6lcsey Ferenc 1823. janu\u00e1r 22-\u00e9n tiszt\u00e1zta le k\u00f6ltem\u00e9ny\u00e9nek k\u00e9zirat\u00e1t a Szabolcs-Szatm\u00e1r-Bereg megyei Szatm\u00e1rcsek\u00e9n. Els\u0151 nyilv\u00e1nos megjelen\u00e9se 1829-ben, Kisfaludy K\u00e1roly Aur\u00f3ra c\u00edm\u0171 almanachj\u00e1ban t\u00f6rt\u00e9nt, majd K\u00f6lcsey els\u0151 versesk\u00f6tet\u00e9ben szerepelt 1932-ben. A himnusz megzen\u00e9s\u00edt\u00e9s\u00e9re 1844-ben ki\u00edrt p\u00e1ly\u00e1zaton Erkel Ferenc m\u0171v\u00e9t tal\u00e1lt\u00e1k a legjobbnak. A p\u00e1ly\u00e1zat \u00f6tlete Bartay Endre, a Nemzeti Sz\u00ednh\u00e1z igazgat\u00f3j\u00e1t\u00f3l sz\u00e1rmazott \u00e9s 13 alkot\u00e1s \u00e9rkezett elb\u00edr\u00e1l\u00e1sra. A d\u00f6nt\u0151bizotts\u00e1gban nem kisebb szem\u00e9lyek voksoltak Erkel zen\u00e9j\u00e9re, mint V\u00f6r\u00f6smarthy Mih\u00e1ly, vagy Szigligeti Ede. A teljes m\u0171 els\u0151k\u00e9nt m\u00e9g ugyanabban az \u00e9vben, 1844. j\u00falius 2-\u00e1n lett bemutatva, m\u00edg a legels\u0151 hivatalos aktus, amelyen felcsend\u00fclt, a Sz\u00e9chenyi g\u0151zhaj\u00f3 avat\u00e1si \u00fcnneps\u00e9ge volt, ugyancsak 1844-ben. A himnusz a Reformkor hajnal\u00e1n sz\u00fcletett, amikor a magyars\u00e1gtudat \u00e9s haz\u00e1nk sors\u00e1nak el\u0151vitele k\u00f6zponti szerepet t\u00f6lt\u00f6tt be az \u00f6ssznemzeti t\u00f6rekv\u00e9sekben. Minden magyar ember azonosult K\u00f6lcsey soraival \u00e9s nincs olyan honfit\u00e1rsunk, akinek ne ugyan\u00fagy dobbanna a sz\u00edve, amint felcsend\u00fcl.<\/p>\n<p><img decoding=\"async\" class=\"aligncenter wp-image-49622 \" src=\"https:\/\/dorogimedence.hu\/wp-content\/uploads\/2023\/01\/Himnusz.jpg\" alt=\"\" width=\"656\" height=\"829\" srcset=\"https:\/\/dorogimedence.hu\/wp-content\/uploads\/2023\/01\/Himnusz.jpg 800w, https:\/\/dorogimedence.hu\/wp-content\/uploads\/2023\/01\/Himnusz-237x300.jpg 237w, https:\/\/dorogimedence.hu\/wp-content\/uploads\/2023\/01\/Himnusz-768x971.jpg 768w, https:\/\/dorogimedence.hu\/wp-content\/uploads\/2023\/01\/Himnusz-150x190.jpg 150w, https:\/\/dorogimedence.hu\/wp-content\/uploads\/2023\/01\/Himnusz-450x569.jpg 450w\" sizes=\"(max-width: 656px) 100vw, 656px\" \/><\/p>\n<p style=\"text-align: center;\"><span style=\"font-size: 10pt;\"><em>A Himnusz kott\u00e1j\u00e1nak eredeti k\u00e9zirata (forr\u00e1s: Wikim\u00e9dia Commons)<\/em><\/span><\/p>\n<p style=\"text-align: justify;\">A nyolc versszakb\u00f3l \u00e1ll\u00f3 k\u00f6ltem\u00e9ny keretes m\u0171, m\u0171faj\u00e1t tekintve \u00f3da, amely a romantika st\u00edlusjegyeit hordozza. Az els\u0151 \u00e9s z\u00e1r\u00f3 versszak az Istenhez val\u00f3 foh\u00e1sz, m\u00edg a t\u00f6bbi r\u00e9sz a magyars\u00e1g \u00e9s az orsz\u00e1g t\u00f6rt\u00e9nelmi sarkpontjainak s\u0171r\u00edtm\u00e9nye. Haz\u00e1nk megsz\u00e1ll\u00f3inak hazug sz\u00e1rmaz\u00e1st\u00f6rt\u00e9net hamis\u00edt\u00e1sa, a finnugor elm\u00e9let r\u00f6gt\u00f6n a m\u00e1sodik versszakban c\u00e1folatot nyer, ugyanis a megeml\u00edtett Bendeg\u00faz, Atilla nagykir\u00e1lyunk \u00e9desapja volt. Atilla \u00e9s hunjai \u0151seik \u00f6r\u00f6ks\u00e9g\u00e9t visszav\u00e9ve \u00e9rkeztek a K\u00e1rp\u00e1t-medenc\u00e9be, ahogy k\u00e9s\u0151bb az \u00c1lmos \u00e9s \u00c1rp\u00e1d vez\u00e9rek \u00e1ltal vezetett magyar t\u00f6rzsek is. Az eredeti zenei kompoz\u00edci\u00f3ban harang is megsz\u00f3lal, amely a N\u00e1ndorfeh\u00e9rv\u00e1ri diadal eml\u00e9k\u00e9t id\u00e9zi. Nagyk\u00f3rusi el\u0151ad\u00e1s alkalm\u00e1n B-d\u00far hangnemben j\u00e1tssz\u00e1k.<\/p>\n<p><img decoding=\"async\" class=\"aligncenter wp-image-49623 \" src=\"https:\/\/dorogimedence.hu\/wp-content\/uploads\/2023\/01\/200-evordulo-1024x341.jpg\" alt=\"\" width=\"651\" height=\"217\" srcset=\"https:\/\/dorogimedence.hu\/wp-content\/uploads\/2023\/01\/200-evordulo-1024x341.jpg 1024w, https:\/\/dorogimedence.hu\/wp-content\/uploads\/2023\/01\/200-evordulo-300x100.jpg 300w, https:\/\/dorogimedence.hu\/wp-content\/uploads\/2023\/01\/200-evordulo-768x256.jpg 768w, https:\/\/dorogimedence.hu\/wp-content\/uploads\/2023\/01\/200-evordulo-150x50.jpg 150w, https:\/\/dorogimedence.hu\/wp-content\/uploads\/2023\/01\/200-evordulo-450x150.jpg 450w, https:\/\/dorogimedence.hu\/wp-content\/uploads\/2023\/01\/200-evordulo.jpg 1074w\" sizes=\"(max-width: 651px) 100vw, 651px\" \/><\/p>\n<p style=\"text-align: left;\"><em><span style=\"font-size: 10pt;\">A 2023-as \u00e9v h\u00e1rmas kerek\u00e9vfordul\u00f3s \u00fcnnepeltjeir\u0151l kiemelten is megeml\u00e9kez\u00fcnk: Pet\u0151fi S\u00e1ndor, a Nemzeti Himnuszunk \u00e9s Mad\u00e1ch Imre (forr\u00e1s: Szlov\u00e1kiai Magyar M\u0171vel\u0151d\u00e9si Int\u00e9zet &#8211; Dunaszerdahely &#8211; csemadok.sk)<\/span><\/em><\/p>\n<p style=\"text-align: justify;\">Az idei igaz\u00e1n k\u00fcl\u00f6nleges \u00e9v, hiszen a Himnuszunk mellett Pet\u0151fi S\u00e1ndor \u00e9s Mad\u00e1ch Imre ugyancsak kereken 200 \u00e9ve sz\u00fcletett, s\u0151t, nemcsak azonos \u00e9vben, de azonos h\u00f3napban is. Pet\u0151fi 1823. janu\u00e1r elsej\u00e9n, m\u00edg Mad\u00e1ch szinte napra pontosan egy\u00fctt a himnusszal, janu\u00e1r 20-\u00e1n. Magyarorsz\u00e1gon a 2023-as esztend\u0151t Pet\u0151fi eml\u00e9k\u00e9vv\u00e9 is nyilv\u00e1n\u00edtott\u00e1k, de ugyanez Mad\u00e1chot is megilleti. \u00cdr\u00f3ink, k\u00f6lt\u0151ink sz\u00edne-java az irodalmi m\u0171veik magasztos sorain fel\u00fcl a nemzet l\u00e1mp\u00e1sai, lelki \u00e9s szellemi vezet\u0151i is voltak egyben. K\u00fcz\u00fcl\u00fck t\u00f6bben is egyfajta v\u00e1teszi k\u00e9pess\u00e9ggel felv\u00e9rtezve. A&nbsp; kult\u00fara valamennyi ter\u00fclet\u00e9n &#8211; legyen az sz\u00ednh\u00e1z, zene, t\u00e1nc, \u00e9p\u00edt\u00e9szet, fest\u00e9szet, szobr\u00e1szat, vagy b\u00e1rmilyen egy\u00e9b \u00e1gazat &#8211; felbecs\u00fclhetetlen \u00e9rt\u00e9kek kimer\u00edthetetlen mennyis\u00e9gben hozta l\u00e9tre \u00e9s \u00f6r\u00f6k\u00edtette a magyars\u00e1g a vil\u00e1gra, az emberis\u00e9gre. Egyben ne feledkezz\u00fcnk meg a kultur\u00e1lis \u00f6r\u00f6ks\u00e9g\u00fcnk m\u00e9ltat\u00e1sa sor\u00e1n a n\u00e9pm\u0171v\u00e9szet\u00fcnk \u00e1ltal teremtett egyed\u00fcl\u00e1ll\u00f3an gazdag, csod\u00e1latos \u00e9s gyakorlatilag kifogyhatatlan t\u00e1rh\u00e1z\u00e1r\u00f3l sem, legyen az a n\u00e9pdal, a n\u00e9pmese, a n\u00e9pviselet \u00e9s minden egy\u00e9b vonal, amely a magyar n\u00e9p m\u00e9ly lelk\u00fclet\u00e9b\u0151l t\u00e1pl\u00e1lkozik \u00e9s \u00f6lt\u00f6tt testet.<\/p>\n<p><img loading=\"lazy\" decoding=\"async\" class=\"aligncenter wp-image-49624 \" src=\"https:\/\/dorogimedence.hu\/wp-content\/uploads\/2023\/01\/1663746381_magyar-eremkibocsato-emlekerem-kolcsey-ferenc-himnusz-200-evfordulo-promotions.hu_.webp\" alt=\"\" width=\"640\" height=\"299\" srcset=\"https:\/\/dorogimedence.hu\/wp-content\/uploads\/2023\/01\/1663746381_magyar-eremkibocsato-emlekerem-kolcsey-ferenc-himnusz-200-evfordulo-promotions.hu_.webp 692w, https:\/\/dorogimedence.hu\/wp-content\/uploads\/2023\/01\/1663746381_magyar-eremkibocsato-emlekerem-kolcsey-ferenc-himnusz-200-evfordulo-promotions.hu_-300x140.webp 300w, https:\/\/dorogimedence.hu\/wp-content\/uploads\/2023\/01\/1663746381_magyar-eremkibocsato-emlekerem-kolcsey-ferenc-himnusz-200-evfordulo-promotions.hu_-150x70.webp 150w, https:\/\/dorogimedence.hu\/wp-content\/uploads\/2023\/01\/1663746381_magyar-eremkibocsato-emlekerem-kolcsey-ferenc-himnusz-200-evfordulo-promotions.hu_-450x210.webp 450w\" sizes=\"(max-width: 640px) 100vw, 640px\" \/><\/p>\n<p style=\"text-align: center;\"><em><span style=\"font-size: 10pt;\">A bicenten\u00e1rium tisztelet\u00e9re kiadott eml\u00e9k\u00e9rem mindk\u00e9t oldala (forr\u00e1s: Promotions.hu)<\/span><\/em><\/p>\n<p style=\"text-align: justify;\">Id\u00e9n Dorogon tov\u00e1bbi jeles kerek \u00e9vfordul\u00f3 is kapcsol\u00f3dik az \u00fcnnepi megeml\u00e9kez\u00e9shez. Nevezetesen, a J\u00f3zsef Attila M\u0171vel\u0151d\u00e9si K\u00f6zpont alapk\u00f6v\u00e9t 100 \u00e9ve helyezt\u00e9k el. A centen\u00e1riumi \u00e9vfordul\u00f3 id\u00e9n az egyik f\u0151 mot\u00edvuma a ki\u00e1ll\u00edt\u00e1ssal egybek\u00f6t\u00f6tt dorogi \u00fcnneps\u00e9gnek, amelyet tegnapel\u0151tt, janu\u00e1r 20-\u00e1n tartottak. A k\u00f6rnyez\u0151 telep\u00fcl\u00e9seken is igan gazdag, sz\u00ednvonalas m\u0171sorokkal k\u00f6sz\u00f6ntik az idei Magyar Kult\u00fara Napj\u00e1t, de orsz\u00e1gos viszonylatban is, szinte minden telep\u00fcl\u00e9sen felemel\u0151 rendezv\u00e9nyekkel sz\u00ednes\u00edtik a jeles \u00e9vfordul\u00f3t. A Himnusz 200 \u00e9ves \u00e9vfordul\u00f3ja alkalm\u00e1b\u00f3l eml\u00e9k\u00e9rmeket is kibocs\u00e1jtottak. A vil\u00e1g sz\u00e1mos pontj\u00e1n ugyancsak magasztos megeml\u00e9kez\u00e9seket tartanak. K\u00fcl\u00f6n\u00f6sen Berlinben, R\u00f3m\u00e1ban \u00e9s Pekingben lesznek nagyszab\u00e1s\u00fa rendezv\u00e9nyek a magyar kult\u00fara tisztelet\u00e9re.<\/p>\n<p><em><span style=\"text-decoration: underline;\">Bor\u00edt\u00f3k\u00e9p<\/span><\/em>: Ma van a magyar kult\u00fara napja &#8211; Promen\u00e1d24 (promenad24.hu)<\/p>\n<p><em><strong>Szab\u00f3 Gyula<\/strong><\/em><\/p>\n","protected":false},"excerpt":{"rendered":"<p>1989 \u00f3ta \u00fcnnepelj\u00fcnk hivatalosan a Magyar Kult\u00fara Napj\u00e1t, amelyet a Himnuszunk sz\u00fclet\u00e9si d\u00e1tum\u00e1n tartanak. Id\u00e9n a 200 \u00e9ves kerek \u00e9vfordul\u00f3 m\u00e9g k\u00fcl\u00f6nlegessebb\u00e9 teszi a megeml\u00e9kez\u00e9st, amelyhez a magyar irodalom k\u00e9t kiemelked\u0151 alakj\u00e1nak ugyancsak kerek k\u00e9t \u00e9vsz\u00e1zados eml\u00e9k\u00e9ve t\u00e1rsul. Haz\u00e1nk telep\u00fcl\u00e9sein k\u00edv\u00fcl a vil\u00e1g sz\u00e1mos v\u00e1ros\u00e1ban is tisztelegnek a magyar kultur\u00e1lis \u00f6r\u00f6ks\u00e9g el\u0151tt. A magyar kult\u00fara<\/p>\n","protected":false},"author":4,"featured_media":49620,"comment_status":"closed","ping_status":"closed","sticky":false,"template":"","format":"standard","meta":{"ngg_post_thumbnail":0,"footnotes":""},"categories":[3,6031],"tags":[4645,6925],"class_list":{"0":"post-49625","1":"post","2":"type-post","3":"status-publish","4":"format-standard","5":"has-post-thumbnail","7":"category-hirek","8":"category-kerek-evfordulok","9":"tag-a-magyar-kultura-napja","10":"tag-himnusz"},"yoast_head":"<!-- This site is optimized with the Yoast SEO plugin v27.5 - https:\/\/yoast.com\/product\/yoast-seo-wordpress\/ -->\n<title>35. alkalommal eml\u00e9kez\u00fcnk meg a Magyar Kult\u00fara Napj\u00e1r\u00f3l - Id\u00e9n 200 \u00e9ves a Nemzeti Himnuszunk<\/title>\n<meta name=\"robots\" content=\"index, follow, max-snippet:-1, max-image-preview:large, max-video-preview:-1\" \/>\n<link rel=\"canonical\" href=\"https:\/\/dorogimedence.hu\/index.php\/2023\/01\/22\/35-alkalommal-emlekezunk-meg-a-magyar-kultura-napjarol-iden-200-eves-a-nemzeti-himnuszunk\/\" class=\"yoast-seo-meta-tag\" \/>\n<meta property=\"og:locale\" content=\"hu_HU\" class=\"yoast-seo-meta-tag\" \/>\n<meta property=\"og:type\" content=\"article\" class=\"yoast-seo-meta-tag\" \/>\n<meta property=\"og:title\" content=\"35. alkalommal eml\u00e9kez\u00fcnk meg a Magyar Kult\u00fara Napj\u00e1r\u00f3l - Id\u00e9n 200 \u00e9ves a Nemzeti Himnuszunk\" class=\"yoast-seo-meta-tag\" \/>\n<meta property=\"og:description\" content=\"1989 \u00f3ta \u00fcnnepelj\u00fcnk hivatalosan a Magyar Kult\u00fara Napj\u00e1t, amelyet a Himnuszunk sz\u00fclet\u00e9si d\u00e1tum\u00e1n tartanak. Id\u00e9n a 200 \u00e9ves kerek \u00e9vfordul\u00f3 m\u00e9g k\u00fcl\u00f6nlegessebb\u00e9 teszi a megeml\u00e9kez\u00e9st, amelyhez a magyar irodalom k\u00e9t kiemelked\u0151 alakj\u00e1nak ugyancsak kerek k\u00e9t \u00e9vsz\u00e1zados eml\u00e9k\u00e9ve t\u00e1rsul. Haz\u00e1nk telep\u00fcl\u00e9sein k\u00edv\u00fcl a vil\u00e1g sz\u00e1mos v\u00e1ros\u00e1ban is tisztelegnek a magyar kultur\u00e1lis \u00f6r\u00f6ks\u00e9g el\u0151tt. A magyar kult\u00fara\" class=\"yoast-seo-meta-tag\" \/>\n<meta property=\"og:url\" content=\"https:\/\/dorogimedence.hu\/index.php\/2023\/01\/22\/35-alkalommal-emlekezunk-meg-a-magyar-kultura-napjarol-iden-200-eves-a-nemzeti-himnuszunk\/\" class=\"yoast-seo-meta-tag\" \/>\n<meta property=\"og:site_name\" content=\"Dorogi-medence Region\u00e1lis H\u00edrport\u00e1l\" class=\"yoast-seo-meta-tag\" \/>\n<meta property=\"article:publisher\" content=\"https:\/\/www.facebook.com\/dorogimedence\/\" class=\"yoast-seo-meta-tag\" \/>\n<meta property=\"article:published_time\" content=\"2023-01-22T08:22:15+00:00\" class=\"yoast-seo-meta-tag\" \/>\n<meta property=\"article:modified_time\" content=\"2023-01-22T08:22:45+00:00\" class=\"yoast-seo-meta-tag\" \/>\n<meta property=\"og:image\" content=\"https:\/\/dorogimedence.hu\/wp-content\/uploads\/2023\/01\/ma-van-a-magyar-kultura-napja-6-610x344-1.jpg\" class=\"yoast-seo-meta-tag\" \/>\n\t<meta property=\"og:image:width\" content=\"610\" class=\"yoast-seo-meta-tag\" \/>\n\t<meta property=\"og:image:height\" content=\"344\" class=\"yoast-seo-meta-tag\" \/>\n\t<meta property=\"og:image:type\" content=\"image\/jpeg\" class=\"yoast-seo-meta-tag\" \/>\n<meta name=\"author\" content=\"Szab\u00f3 Gyula\" class=\"yoast-seo-meta-tag\" \/>\n<meta name=\"twitter:card\" content=\"summary_large_image\" class=\"yoast-seo-meta-tag\" \/>\n<meta name=\"twitter:label1\" content=\"Szerz\u0151:\" class=\"yoast-seo-meta-tag\" \/>\n\t<meta name=\"twitter:data1\" content=\"Szab\u00f3 Gyula\" class=\"yoast-seo-meta-tag\" \/>\n\t<meta name=\"twitter:label2\" content=\"Becs\u00fclt olvas\u00e1si id\u0151\" class=\"yoast-seo-meta-tag\" \/>\n\t<meta name=\"twitter:data2\" content=\"5 perc\" class=\"yoast-seo-meta-tag\" \/>\n<script type=\"application\/ld+json\" class=\"yoast-schema-graph\">{\"@context\":\"https:\\\/\\\/schema.org\",\"@graph\":[{\"@type\":\"Article\",\"@id\":\"https:\\\/\\\/dorogimedence.hu\\\/index.php\\\/2023\\\/01\\\/22\\\/35-alkalommal-emlekezunk-meg-a-magyar-kultura-napjarol-iden-200-eves-a-nemzeti-himnuszunk\\\/#article\",\"isPartOf\":{\"@id\":\"https:\\\/\\\/dorogimedence.hu\\\/index.php\\\/2023\\\/01\\\/22\\\/35-alkalommal-emlekezunk-meg-a-magyar-kultura-napjarol-iden-200-eves-a-nemzeti-himnuszunk\\\/\"},\"author\":{\"name\":\"Szab\u00f3 Gyula\",\"@id\":\"https:\\\/\\\/dorogimedence.hu\\\/#\\\/schema\\\/person\\\/76605e8151ec1b7376385cd184ede973\"},\"headline\":\"35. alkalommal eml\u00e9kez\u00fcnk meg a Magyar Kult\u00fara Napj\u00e1r\u00f3l &#8211; Id\u00e9n 200 \u00e9ves a Nemzeti Himnuszunk\",\"datePublished\":\"2023-01-22T08:22:15+00:00\",\"dateModified\":\"2023-01-22T08:22:45+00:00\",\"mainEntityOfPage\":{\"@id\":\"https:\\\/\\\/dorogimedence.hu\\\/index.php\\\/2023\\\/01\\\/22\\\/35-alkalommal-emlekezunk-meg-a-magyar-kultura-napjarol-iden-200-eves-a-nemzeti-himnuszunk\\\/\"},\"wordCount\":1077,\"publisher\":{\"@id\":\"https:\\\/\\\/dorogimedence.hu\\\/#organization\"},\"image\":{\"@id\":\"https:\\\/\\\/dorogimedence.hu\\\/index.php\\\/2023\\\/01\\\/22\\\/35-alkalommal-emlekezunk-meg-a-magyar-kultura-napjarol-iden-200-eves-a-nemzeti-himnuszunk\\\/#primaryimage\"},\"thumbnailUrl\":\"https:\\\/\\\/dorogimedence.hu\\\/wp-content\\\/uploads\\\/2023\\\/01\\\/ma-van-a-magyar-kultura-napja-6-610x344-1.jpg\",\"keywords\":[\"a magyar kult\u00fara napja\",\"Himnusz\"],\"articleSection\":[\"H\u00edrek\",\"Kerek \u00e9vfordul\u00f3k\"],\"inLanguage\":\"hu\"},{\"@type\":\"WebPage\",\"@id\":\"https:\\\/\\\/dorogimedence.hu\\\/index.php\\\/2023\\\/01\\\/22\\\/35-alkalommal-emlekezunk-meg-a-magyar-kultura-napjarol-iden-200-eves-a-nemzeti-himnuszunk\\\/\",\"url\":\"https:\\\/\\\/dorogimedence.hu\\\/index.php\\\/2023\\\/01\\\/22\\\/35-alkalommal-emlekezunk-meg-a-magyar-kultura-napjarol-iden-200-eves-a-nemzeti-himnuszunk\\\/\",\"name\":\"35. alkalommal eml\u00e9kez\u00fcnk meg a Magyar Kult\u00fara Napj\u00e1r\u00f3l - Id\u00e9n 200 \u00e9ves a Nemzeti Himnuszunk\",\"isPartOf\":{\"@id\":\"https:\\\/\\\/dorogimedence.hu\\\/#website\"},\"primaryImageOfPage\":{\"@id\":\"https:\\\/\\\/dorogimedence.hu\\\/index.php\\\/2023\\\/01\\\/22\\\/35-alkalommal-emlekezunk-meg-a-magyar-kultura-napjarol-iden-200-eves-a-nemzeti-himnuszunk\\\/#primaryimage\"},\"image\":{\"@id\":\"https:\\\/\\\/dorogimedence.hu\\\/index.php\\\/2023\\\/01\\\/22\\\/35-alkalommal-emlekezunk-meg-a-magyar-kultura-napjarol-iden-200-eves-a-nemzeti-himnuszunk\\\/#primaryimage\"},\"thumbnailUrl\":\"https:\\\/\\\/dorogimedence.hu\\\/wp-content\\\/uploads\\\/2023\\\/01\\\/ma-van-a-magyar-kultura-napja-6-610x344-1.jpg\",\"datePublished\":\"2023-01-22T08:22:15+00:00\",\"dateModified\":\"2023-01-22T08:22:45+00:00\",\"breadcrumb\":{\"@id\":\"https:\\\/\\\/dorogimedence.hu\\\/index.php\\\/2023\\\/01\\\/22\\\/35-alkalommal-emlekezunk-meg-a-magyar-kultura-napjarol-iden-200-eves-a-nemzeti-himnuszunk\\\/#breadcrumb\"},\"inLanguage\":\"hu\",\"potentialAction\":[{\"@type\":\"ReadAction\",\"target\":[\"https:\\\/\\\/dorogimedence.hu\\\/index.php\\\/2023\\\/01\\\/22\\\/35-alkalommal-emlekezunk-meg-a-magyar-kultura-napjarol-iden-200-eves-a-nemzeti-himnuszunk\\\/\"]}]},{\"@type\":\"ImageObject\",\"inLanguage\":\"hu\",\"@id\":\"https:\\\/\\\/dorogimedence.hu\\\/index.php\\\/2023\\\/01\\\/22\\\/35-alkalommal-emlekezunk-meg-a-magyar-kultura-napjarol-iden-200-eves-a-nemzeti-himnuszunk\\\/#primaryimage\",\"url\":\"https:\\\/\\\/dorogimedence.hu\\\/wp-content\\\/uploads\\\/2023\\\/01\\\/ma-van-a-magyar-kultura-napja-6-610x344-1.jpg\",\"contentUrl\":\"https:\\\/\\\/dorogimedence.hu\\\/wp-content\\\/uploads\\\/2023\\\/01\\\/ma-van-a-magyar-kultura-napja-6-610x344-1.jpg\",\"width\":610,\"height\":344},{\"@type\":\"BreadcrumbList\",\"@id\":\"https:\\\/\\\/dorogimedence.hu\\\/index.php\\\/2023\\\/01\\\/22\\\/35-alkalommal-emlekezunk-meg-a-magyar-kultura-napjarol-iden-200-eves-a-nemzeti-himnuszunk\\\/#breadcrumb\",\"itemListElement\":[{\"@type\":\"ListItem\",\"position\":1,\"name\":\"Kezd\u0151lap\",\"item\":\"https:\\\/\\\/dorogimedence.hu\\\/\"},{\"@type\":\"ListItem\",\"position\":2,\"name\":\"35. alkalommal eml\u00e9kez\u00fcnk meg a Magyar Kult\u00fara Napj\u00e1r\u00f3l &#8211; Id\u00e9n 200 \u00e9ves a Nemzeti Himnuszunk\"}]},{\"@type\":\"WebSite\",\"@id\":\"https:\\\/\\\/dorogimedence.hu\\\/#website\",\"url\":\"https:\\\/\\\/dorogimedence.hu\\\/\",\"name\":\"Dorogi-medence Region\u00e1lis H\u00edrport\u00e1l\",\"description\":\"Dorog, Keszt\u00f6lc, Le\u00e1nyv\u00e1r, Piliscs\u00e9v, Tokod, Tokodalt\u00e1r\u00f3, Csolnok, Esztergom-kertv\u00e1ros: h\u00edrek, programok\",\"publisher\":{\"@id\":\"https:\\\/\\\/dorogimedence.hu\\\/#organization\"},\"potentialAction\":[{\"@type\":\"SearchAction\",\"target\":{\"@type\":\"EntryPoint\",\"urlTemplate\":\"https:\\\/\\\/dorogimedence.hu\\\/?s={search_term_string}\"},\"query-input\":{\"@type\":\"PropertyValueSpecification\",\"valueRequired\":true,\"valueName\":\"search_term_string\"}}],\"inLanguage\":\"hu\"},{\"@type\":\"Organization\",\"@id\":\"https:\\\/\\\/dorogimedence.hu\\\/#organization\",\"name\":\"Dorogi-medence Region\u00e1lis H\u00edrport\u00e1l\",\"url\":\"https:\\\/\\\/dorogimedence.hu\\\/\",\"logo\":{\"@type\":\"ImageObject\",\"inLanguage\":\"hu\",\"@id\":\"https:\\\/\\\/dorogimedence.hu\\\/#\\\/schema\\\/logo\\\/image\\\/\",\"url\":\"https:\\\/\\\/dorogimedence.hu\\\/wp-content\\\/uploads\\\/2021\\\/04\\\/logo-feher-600.png\",\"contentUrl\":\"https:\\\/\\\/dorogimedence.hu\\\/wp-content\\\/uploads\\\/2021\\\/04\\\/logo-feher-600.png\",\"width\":600,\"height\":100,\"caption\":\"Dorogi-medence Region\u00e1lis H\u00edrport\u00e1l\"},\"image\":{\"@id\":\"https:\\\/\\\/dorogimedence.hu\\\/#\\\/schema\\\/logo\\\/image\\\/\"},\"sameAs\":[\"https:\\\/\\\/www.facebook.com\\\/dorogimedence\\\/\"]},{\"@type\":\"Person\",\"@id\":\"https:\\\/\\\/dorogimedence.hu\\\/#\\\/schema\\\/person\\\/76605e8151ec1b7376385cd184ede973\",\"name\":\"Szab\u00f3 Gyula\",\"image\":{\"@type\":\"ImageObject\",\"inLanguage\":\"hu\",\"@id\":\"\\\/\\\/www.gravatar.com\\\/avatar\\\/3e44b6fb2ef9bcea3639958cc2a587cb?s=96&#038;r=g&#038;d=mm\",\"url\":\"\\\/\\\/www.gravatar.com\\\/avatar\\\/3e44b6fb2ef9bcea3639958cc2a587cb?s=96&#038;r=g&#038;d=mm\",\"contentUrl\":\"\\\/\\\/www.gravatar.com\\\/avatar\\\/3e44b6fb2ef9bcea3639958cc2a587cb?s=96&#038;r=g&#038;d=mm\",\"caption\":\"Szab\u00f3 Gyula\"}}]}<\/script>\n<!-- \/ Yoast SEO plugin. -->","yoast_head_json":{"title":"35. alkalommal eml\u00e9kez\u00fcnk meg a Magyar Kult\u00fara Napj\u00e1r\u00f3l - Id\u00e9n 200 \u00e9ves a Nemzeti Himnuszunk","robots":{"index":"index","follow":"follow","max-snippet":"max-snippet:-1","max-image-preview":"max-image-preview:large","max-video-preview":"max-video-preview:-1"},"canonical":"https:\/\/dorogimedence.hu\/index.php\/2023\/01\/22\/35-alkalommal-emlekezunk-meg-a-magyar-kultura-napjarol-iden-200-eves-a-nemzeti-himnuszunk\/","og_locale":"hu_HU","og_type":"article","og_title":"35. alkalommal eml\u00e9kez\u00fcnk meg a Magyar Kult\u00fara Napj\u00e1r\u00f3l - Id\u00e9n 200 \u00e9ves a Nemzeti Himnuszunk","og_description":"1989 \u00f3ta \u00fcnnepelj\u00fcnk hivatalosan a Magyar Kult\u00fara Napj\u00e1t, amelyet a Himnuszunk sz\u00fclet\u00e9si d\u00e1tum\u00e1n tartanak. Id\u00e9n a 200 \u00e9ves kerek \u00e9vfordul\u00f3 m\u00e9g k\u00fcl\u00f6nlegessebb\u00e9 teszi a megeml\u00e9kez\u00e9st, amelyhez a magyar irodalom k\u00e9t kiemelked\u0151 alakj\u00e1nak ugyancsak kerek k\u00e9t \u00e9vsz\u00e1zados eml\u00e9k\u00e9ve t\u00e1rsul. Haz\u00e1nk telep\u00fcl\u00e9sein k\u00edv\u00fcl a vil\u00e1g sz\u00e1mos v\u00e1ros\u00e1ban is tisztelegnek a magyar kultur\u00e1lis \u00f6r\u00f6ks\u00e9g el\u0151tt. A magyar kult\u00fara","og_url":"https:\/\/dorogimedence.hu\/index.php\/2023\/01\/22\/35-alkalommal-emlekezunk-meg-a-magyar-kultura-napjarol-iden-200-eves-a-nemzeti-himnuszunk\/","og_site_name":"Dorogi-medence Region\u00e1lis H\u00edrport\u00e1l","article_publisher":"https:\/\/www.facebook.com\/dorogimedence\/","article_published_time":"2023-01-22T08:22:15+00:00","article_modified_time":"2023-01-22T08:22:45+00:00","og_image":[{"width":610,"height":344,"url":"https:\/\/dorogimedence.hu\/wp-content\/uploads\/2023\/01\/ma-van-a-magyar-kultura-napja-6-610x344-1.jpg","type":"image\/jpeg"}],"author":"Szab\u00f3 Gyula","twitter_card":"summary_large_image","twitter_misc":{"Szerz\u0151:":"Szab\u00f3 Gyula","Becs\u00fclt olvas\u00e1si id\u0151":"5 perc"},"schema":{"@context":"https:\/\/schema.org","@graph":[{"@type":"Article","@id":"https:\/\/dorogimedence.hu\/index.php\/2023\/01\/22\/35-alkalommal-emlekezunk-meg-a-magyar-kultura-napjarol-iden-200-eves-a-nemzeti-himnuszunk\/#article","isPartOf":{"@id":"https:\/\/dorogimedence.hu\/index.php\/2023\/01\/22\/35-alkalommal-emlekezunk-meg-a-magyar-kultura-napjarol-iden-200-eves-a-nemzeti-himnuszunk\/"},"author":{"name":"Szab\u00f3 Gyula","@id":"https:\/\/dorogimedence.hu\/#\/schema\/person\/76605e8151ec1b7376385cd184ede973"},"headline":"35. alkalommal eml\u00e9kez\u00fcnk meg a Magyar Kult\u00fara Napj\u00e1r\u00f3l &#8211; Id\u00e9n 200 \u00e9ves a Nemzeti Himnuszunk","datePublished":"2023-01-22T08:22:15+00:00","dateModified":"2023-01-22T08:22:45+00:00","mainEntityOfPage":{"@id":"https:\/\/dorogimedence.hu\/index.php\/2023\/01\/22\/35-alkalommal-emlekezunk-meg-a-magyar-kultura-napjarol-iden-200-eves-a-nemzeti-himnuszunk\/"},"wordCount":1077,"publisher":{"@id":"https:\/\/dorogimedence.hu\/#organization"},"image":{"@id":"https:\/\/dorogimedence.hu\/index.php\/2023\/01\/22\/35-alkalommal-emlekezunk-meg-a-magyar-kultura-napjarol-iden-200-eves-a-nemzeti-himnuszunk\/#primaryimage"},"thumbnailUrl":"https:\/\/dorogimedence.hu\/wp-content\/uploads\/2023\/01\/ma-van-a-magyar-kultura-napja-6-610x344-1.jpg","keywords":["a magyar kult\u00fara napja","Himnusz"],"articleSection":["H\u00edrek","Kerek \u00e9vfordul\u00f3k"],"inLanguage":"hu"},{"@type":"WebPage","@id":"https:\/\/dorogimedence.hu\/index.php\/2023\/01\/22\/35-alkalommal-emlekezunk-meg-a-magyar-kultura-napjarol-iden-200-eves-a-nemzeti-himnuszunk\/","url":"https:\/\/dorogimedence.hu\/index.php\/2023\/01\/22\/35-alkalommal-emlekezunk-meg-a-magyar-kultura-napjarol-iden-200-eves-a-nemzeti-himnuszunk\/","name":"35. alkalommal eml\u00e9kez\u00fcnk meg a Magyar Kult\u00fara Napj\u00e1r\u00f3l - Id\u00e9n 200 \u00e9ves a Nemzeti Himnuszunk","isPartOf":{"@id":"https:\/\/dorogimedence.hu\/#website"},"primaryImageOfPage":{"@id":"https:\/\/dorogimedence.hu\/index.php\/2023\/01\/22\/35-alkalommal-emlekezunk-meg-a-magyar-kultura-napjarol-iden-200-eves-a-nemzeti-himnuszunk\/#primaryimage"},"image":{"@id":"https:\/\/dorogimedence.hu\/index.php\/2023\/01\/22\/35-alkalommal-emlekezunk-meg-a-magyar-kultura-napjarol-iden-200-eves-a-nemzeti-himnuszunk\/#primaryimage"},"thumbnailUrl":"https:\/\/dorogimedence.hu\/wp-content\/uploads\/2023\/01\/ma-van-a-magyar-kultura-napja-6-610x344-1.jpg","datePublished":"2023-01-22T08:22:15+00:00","dateModified":"2023-01-22T08:22:45+00:00","breadcrumb":{"@id":"https:\/\/dorogimedence.hu\/index.php\/2023\/01\/22\/35-alkalommal-emlekezunk-meg-a-magyar-kultura-napjarol-iden-200-eves-a-nemzeti-himnuszunk\/#breadcrumb"},"inLanguage":"hu","potentialAction":[{"@type":"ReadAction","target":["https:\/\/dorogimedence.hu\/index.php\/2023\/01\/22\/35-alkalommal-emlekezunk-meg-a-magyar-kultura-napjarol-iden-200-eves-a-nemzeti-himnuszunk\/"]}]},{"@type":"ImageObject","inLanguage":"hu","@id":"https:\/\/dorogimedence.hu\/index.php\/2023\/01\/22\/35-alkalommal-emlekezunk-meg-a-magyar-kultura-napjarol-iden-200-eves-a-nemzeti-himnuszunk\/#primaryimage","url":"https:\/\/dorogimedence.hu\/wp-content\/uploads\/2023\/01\/ma-van-a-magyar-kultura-napja-6-610x344-1.jpg","contentUrl":"https:\/\/dorogimedence.hu\/wp-content\/uploads\/2023\/01\/ma-van-a-magyar-kultura-napja-6-610x344-1.jpg","width":610,"height":344},{"@type":"BreadcrumbList","@id":"https:\/\/dorogimedence.hu\/index.php\/2023\/01\/22\/35-alkalommal-emlekezunk-meg-a-magyar-kultura-napjarol-iden-200-eves-a-nemzeti-himnuszunk\/#breadcrumb","itemListElement":[{"@type":"ListItem","position":1,"name":"Kezd\u0151lap","item":"https:\/\/dorogimedence.hu\/"},{"@type":"ListItem","position":2,"name":"35. alkalommal eml\u00e9kez\u00fcnk meg a Magyar Kult\u00fara Napj\u00e1r\u00f3l &#8211; Id\u00e9n 200 \u00e9ves a Nemzeti Himnuszunk"}]},{"@type":"WebSite","@id":"https:\/\/dorogimedence.hu\/#website","url":"https:\/\/dorogimedence.hu\/","name":"Dorogi-medence Region\u00e1lis H\u00edrport\u00e1l","description":"Dorog, Keszt\u00f6lc, Le\u00e1nyv\u00e1r, Piliscs\u00e9v, Tokod, Tokodalt\u00e1r\u00f3, Csolnok, Esztergom-kertv\u00e1ros: h\u00edrek, programok","publisher":{"@id":"https:\/\/dorogimedence.hu\/#organization"},"potentialAction":[{"@type":"SearchAction","target":{"@type":"EntryPoint","urlTemplate":"https:\/\/dorogimedence.hu\/?s={search_term_string}"},"query-input":{"@type":"PropertyValueSpecification","valueRequired":true,"valueName":"search_term_string"}}],"inLanguage":"hu"},{"@type":"Organization","@id":"https:\/\/dorogimedence.hu\/#organization","name":"Dorogi-medence Region\u00e1lis H\u00edrport\u00e1l","url":"https:\/\/dorogimedence.hu\/","logo":{"@type":"ImageObject","inLanguage":"hu","@id":"https:\/\/dorogimedence.hu\/#\/schema\/logo\/image\/","url":"https:\/\/dorogimedence.hu\/wp-content\/uploads\/2021\/04\/logo-feher-600.png","contentUrl":"https:\/\/dorogimedence.hu\/wp-content\/uploads\/2021\/04\/logo-feher-600.png","width":600,"height":100,"caption":"Dorogi-medence Region\u00e1lis H\u00edrport\u00e1l"},"image":{"@id":"https:\/\/dorogimedence.hu\/#\/schema\/logo\/image\/"},"sameAs":["https:\/\/www.facebook.com\/dorogimedence\/"]},{"@type":"Person","@id":"https:\/\/dorogimedence.hu\/#\/schema\/person\/76605e8151ec1b7376385cd184ede973","name":"Szab\u00f3 Gyula","image":{"@type":"ImageObject","inLanguage":"hu","@id":"\/\/www.gravatar.com\/avatar\/3e44b6fb2ef9bcea3639958cc2a587cb?s=96&#038;r=g&#038;d=mm","url":"\/\/www.gravatar.com\/avatar\/3e44b6fb2ef9bcea3639958cc2a587cb?s=96&#038;r=g&#038;d=mm","contentUrl":"\/\/www.gravatar.com\/avatar\/3e44b6fb2ef9bcea3639958cc2a587cb?s=96&#038;r=g&#038;d=mm","caption":"Szab\u00f3 Gyula"}}]}},"_links":{"self":[{"href":"https:\/\/dorogimedence.hu\/index.php\/wp-json\/wp\/v2\/posts\/49625","targetHints":{"allow":["GET"]}}],"collection":[{"href":"https:\/\/dorogimedence.hu\/index.php\/wp-json\/wp\/v2\/posts"}],"about":[{"href":"https:\/\/dorogimedence.hu\/index.php\/wp-json\/wp\/v2\/types\/post"}],"author":[{"embeddable":true,"href":"https:\/\/dorogimedence.hu\/index.php\/wp-json\/wp\/v2\/users\/4"}],"replies":[{"embeddable":true,"href":"https:\/\/dorogimedence.hu\/index.php\/wp-json\/wp\/v2\/comments?post=49625"}],"version-history":[{"count":0,"href":"https:\/\/dorogimedence.hu\/index.php\/wp-json\/wp\/v2\/posts\/49625\/revisions"}],"wp:featuredmedia":[{"embeddable":true,"href":"https:\/\/dorogimedence.hu\/index.php\/wp-json\/wp\/v2\/media\/49620"}],"wp:attachment":[{"href":"https:\/\/dorogimedence.hu\/index.php\/wp-json\/wp\/v2\/media?parent=49625"}],"wp:term":[{"taxonomy":"category","embeddable":true,"href":"https:\/\/dorogimedence.hu\/index.php\/wp-json\/wp\/v2\/categories?post=49625"},{"taxonomy":"post_tag","embeddable":true,"href":"https:\/\/dorogimedence.hu\/index.php\/wp-json\/wp\/v2\/tags?post=49625"}],"curies":[{"name":"wp","href":"https:\/\/api.w.org\/{rel}","templated":true}]}}