{"id":49608,"date":"2023-01-20T13:10:29","date_gmt":"2023-01-20T12:10:29","guid":{"rendered":"https:\/\/dorogimedence.hu\/?p=49608"},"modified":"2023-01-20T13:12:01","modified_gmt":"2023-01-20T12:12:01","slug":"sok-influenzaszeru-megbetegedest-jelentenek-komarom-esztergombol-2","status":"publish","type":"post","link":"https:\/\/dorogimedence.hu\/index.php\/2023\/01\/20\/sok-influenzaszeru-megbetegedest-jelentenek-komarom-esztergombol-2\/","title":{"rendered":"Sok influenzaszer\u0171 megbeteged\u00e9st jelentenek Kom\u00e1rom-Esztergomb\u00f3l"},"content":{"rendered":"<p><strong>A figyel\u0151szolg\u00e1latban r\u00e9szt vev\u0151 orvosok jelent\u00e9sei szerint a m\u00falt h\u00e9ten 23.200 f\u0151 fordult orvoshoz influenzaszer\u0171 t\u00fcnetekkel. A legt\u00f6bb beteg Kom\u00e1rom-Esztergom \u00e9s B\u00e9k\u00e9s v\u00e1rmegy\u00e9ben volt<\/strong> <em>&#8211; k\u00f6z\u00f6lte a Nemzeti N\u00e9peg\u00e9szs\u00e9g\u00fcgyi K\u00f6zpont (NNK) cs\u00fct\u00f6rt\u00f6ki, heti jelent\u00e9s\u00e9ben.<\/em><\/p>\n<p>Azt \u00edrt\u00e1k: janu\u00e1r 9. \u00e9s 15. k\u00f6z\u00f6tt az orsz\u00e1gban 170 600-an fordultak orvoshoz akut l\u00e9g\u00fati fert\u0151z\u00e9s t\u00fcneteivel, k\u00f6z\u00fcl\u00fck 23 200 embern\u00e9l diagnosztiz\u00e1ltak influenzaszer\u0171 megbeteged\u00e9st. Ut\u00f3bbiak k\u00f6z\u00fcl a betegek 25,4 sz\u00e1zal\u00e9ka gyerek, 33 sz\u00e1zal\u00e9ka fiatal feln\u0151tt volt, 28 sz\u00e1zal\u00e9kuk a 35-59 \u00e9vesek, 13,6 sz\u00e1zal\u00e9kuk pedig a 60 \u00e9ven fel\u00fcliek korcsoportj\u00e1ba tartozott.<\/p>\n<p>Az \u00e9v m\u00e1sodik het\u00e9ben 11 k\u00f6zigazgat\u00e1si ter\u00fcleten n\u0151tt, h\u00e9tben cs\u00f6kkent, kett\u0151ben (N\u00f3gr\u00e1d \u00e9s Pest v\u00e1rmegye) nem v\u00e1ltozott az influenz\u00e1s t\u00fcnetekkel orvoshoz fordul\u00f3k gyakoris\u00e1ga az el\u0151z\u0151 h\u00e9thez viszony\u00edtva. A legt\u00f6bb beteg Kom\u00e1rom-Esztergom \u00e9s B\u00e9k\u00e9s v\u00e1rmegy\u00e9ben volt, a legkevesebb B\u00e1cs-Kiskun \u00e9s Fej\u00e9r v\u00e1rmegy\u00e9ben &#8211; k\u00f6z\u00f6lt\u00e9k.<\/p>\n<p>A m\u00e1sodik napt\u00e1ri h\u00e9ten \u00f6sszesen 161 betegt\u0151l \u00e9rkezett l\u00e9g\u00fati minta az NNK laborat\u00f3rium\u00e1ba. A sentinel orvosok \u00e1ltal bek\u00fcld\u00f6tt 77 minta k\u00f6z\u00fcl 11 betegn\u00e9l az influenza valamelyik t\u00edpus\u00e1t, \u00f6tn\u00e9l koronav\u00edrus-fert\u0151z\u00e9st, kilenc esetben a l\u00e9g\u00fati \u00f3ri\u00e1ssejtes v\u00edrust (RSV) mutattak ki a vizsg\u00e1latok, egy\u00e9b esetek m\u00f6g\u00f6tt pedig m\u00e1s v\u00edrusok okozta fert\u0151z\u00e9s \u00e1llt.<\/p>\n<p><strong>Hozz\u00e1tett\u00e9k: influenzaszer\u0171 megbeteged\u00e9sek halmoz\u00f3d\u00e1s\u00e1r\u00f3l a m\u00falt h\u00e9ten egy jelent\u00e9s \u00e9rkezett, egy Kom\u00e1rom-Esztergom v\u00e1rmegyei \u00f3vod\u00e1b\u00f3l. Az elv\u00e9gzett virol\u00f3giai vizsg\u00e1latok minden esetben influenza A v\u00edrus jelenl\u00e9t\u00e9t igazolt\u00e1k.<\/strong><\/p>\n<p>K\u00f6z\u00f6lt\u00e9k azt is, hogy janu\u00e1r 9. \u00e9s 15. k\u00f6z\u00f6tt s\u00falyos, akut l\u00e9g\u00fati fert\u0151z\u00e9s miatt 219 ember ker\u00fclt k\u00f3rh\u00e1zba, k\u00f6z\u00fcl\u00fck 32-n\u00e9l intenz\u00edv ell\u00e1t\u00e1sra volt sz\u00fcks\u00e9g. A k\u00f3rh\u00e1zi \u00e1pol\u00e1st ig\u00e9nyl\u0151 219 beteg 44,3 sz\u00e1zal\u00e9ka k\u00e9t\u00e9ves vagy ann\u00e1l fiatalabb, 38,8 sz\u00e1zal\u00e9ka 60 \u00e9ves vagy ann\u00e1l id\u0151sebb volt.<\/p>\n<p>A k\u00f3rh\u00e1zba felvettek k\u00f6z\u00fcl 61 betegn\u00e9l az RSV, 52 betegn\u00e9l a SARS-CoV-2 \u00e9s 9 betegn\u00e9l az influenza A v\u00edrus k\u00f3roki szerep\u00e9t igazolt\u00e1k. Az RSV-pozit\u00edv betegek 83,6 sz\u00e1zal\u00e9ka volt 2 \u00e9ves vagy ann\u00e1l fiatalabb, a COVID-19 fert\u0151z\u00f6ttek 88,5 sz\u00e1zal\u00e9ka 60 \u00e9ves vagy ann\u00e1l id\u0151sebb volt &#8211; \u00e1ll a k\u00f6zlem\u00e9nyben.<\/p>\n<p><em>Forr\u00e1s: MTI \/ NNK<\/em><\/p>\n","protected":false},"excerpt":{"rendered":"<p>A figyel\u0151szolg\u00e1latban r\u00e9szt vev\u0151 orvosok jelent\u00e9sei szerint a m\u00falt h\u00e9ten 23.200 f\u0151 fordult orvoshoz influenzaszer\u0171 t\u00fcnetekkel. A legt\u00f6bb beteg Kom\u00e1rom-Esztergom \u00e9s B\u00e9k\u00e9s v\u00e1rmegy\u00e9ben volt &#8211; k\u00f6z\u00f6lte a Nemzeti N\u00e9peg\u00e9szs\u00e9g\u00fcgyi K\u00f6zpont (NNK) cs\u00fct\u00f6rt\u00f6ki, heti jelent\u00e9s\u00e9ben. Azt \u00edrt\u00e1k: janu\u00e1r 9. \u00e9s 15. k\u00f6z\u00f6tt az orsz\u00e1gban 170 600-an fordultak orvoshoz akut l\u00e9g\u00fati fert\u0151z\u00e9s t\u00fcneteivel, k\u00f6z\u00fcl\u00fck 23 200 embern\u00e9l<\/p>\n","protected":false},"author":1,"featured_media":0,"comment_status":"closed","ping_status":"closed","sticky":false,"template":"","format":"standard","meta":{"ngg_post_thumbnail":0,"footnotes":""},"categories":[3,56],"tags":[49,50,6890],"class_list":{"0":"post-49608","1":"post","2":"type-post","3":"status-publish","4":"format-standard","6":"category-hirek","7":"category-komarom-esztergom","8":"tag-egeszsegugy","9":"tag-influenza","10":"tag-komarom-esztergom-varmegye"},"yoast_head":"<!-- This site is optimized with the Yoast SEO plugin v27.5 - https:\/\/yoast.com\/product\/yoast-seo-wordpress\/ -->\n<title>Sok influenzaszer\u0171 megbeteged\u00e9st jelentenek Kom\u00e1rom-Esztergomb\u00f3l<\/title>\n<meta name=\"robots\" content=\"index, follow, max-snippet:-1, max-image-preview:large, max-video-preview:-1\" \/>\n<link rel=\"canonical\" href=\"https:\/\/dorogimedence.hu\/index.php\/2023\/01\/20\/sok-influenzaszeru-megbetegedest-jelentenek-komarom-esztergombol-2\/\" class=\"yoast-seo-meta-tag\" \/>\n<meta property=\"og:locale\" content=\"hu_HU\" class=\"yoast-seo-meta-tag\" \/>\n<meta property=\"og:type\" content=\"article\" class=\"yoast-seo-meta-tag\" \/>\n<meta property=\"og:title\" content=\"Sok influenzaszer\u0171 megbeteged\u00e9st jelentenek Kom\u00e1rom-Esztergomb\u00f3l\" class=\"yoast-seo-meta-tag\" \/>\n<meta property=\"og:description\" content=\"A figyel\u0151szolg\u00e1latban r\u00e9szt vev\u0151 orvosok jelent\u00e9sei szerint a m\u00falt h\u00e9ten 23.200 f\u0151 fordult orvoshoz influenzaszer\u0171 t\u00fcnetekkel. A legt\u00f6bb beteg Kom\u00e1rom-Esztergom \u00e9s B\u00e9k\u00e9s v\u00e1rmegy\u00e9ben volt &#8211; k\u00f6z\u00f6lte a Nemzeti N\u00e9peg\u00e9szs\u00e9g\u00fcgyi K\u00f6zpont (NNK) cs\u00fct\u00f6rt\u00f6ki, heti jelent\u00e9s\u00e9ben. Azt \u00edrt\u00e1k: janu\u00e1r 9. \u00e9s 15. k\u00f6z\u00f6tt az orsz\u00e1gban 170 600-an fordultak orvoshoz akut l\u00e9g\u00fati fert\u0151z\u00e9s t\u00fcneteivel, k\u00f6z\u00fcl\u00fck 23 200 embern\u00e9l\" class=\"yoast-seo-meta-tag\" \/>\n<meta property=\"og:url\" content=\"https:\/\/dorogimedence.hu\/index.php\/2023\/01\/20\/sok-influenzaszeru-megbetegedest-jelentenek-komarom-esztergombol-2\/\" class=\"yoast-seo-meta-tag\" \/>\n<meta property=\"og:site_name\" content=\"Dorogi-medence Region\u00e1lis H\u00edrport\u00e1l\" class=\"yoast-seo-meta-tag\" \/>\n<meta property=\"article:publisher\" content=\"https:\/\/www.facebook.com\/dorogimedence\/\" class=\"yoast-seo-meta-tag\" \/>\n<meta property=\"article:published_time\" content=\"2023-01-20T12:10:29+00:00\" class=\"yoast-seo-meta-tag\" \/>\n<meta property=\"article:modified_time\" content=\"2023-01-20T12:12:01+00:00\" class=\"yoast-seo-meta-tag\" \/>\n<meta property=\"og:image\" content=\"https:\/\/dorogimedence.hu\/wp-content\/uploads\/2023\/01\/influenza-01.jpg\" class=\"yoast-seo-meta-tag\" \/>\n\t<meta property=\"og:image:width\" content=\"1920\" class=\"yoast-seo-meta-tag\" \/>\n\t<meta property=\"og:image:height\" content=\"1090\" class=\"yoast-seo-meta-tag\" \/>\n\t<meta property=\"og:image:type\" content=\"image\/jpeg\" class=\"yoast-seo-meta-tag\" \/>\n<meta name=\"author\" content=\"dorogimedence.hu\" class=\"yoast-seo-meta-tag\" \/>\n<meta name=\"twitter:card\" content=\"summary_large_image\" class=\"yoast-seo-meta-tag\" \/>\n<meta name=\"twitter:label1\" content=\"Szerz\u0151:\" class=\"yoast-seo-meta-tag\" \/>\n\t<meta name=\"twitter:data1\" content=\"dorogimedence.hu\" class=\"yoast-seo-meta-tag\" \/>\n\t<meta name=\"twitter:label2\" content=\"Becs\u00fclt olvas\u00e1si id\u0151\" class=\"yoast-seo-meta-tag\" \/>\n\t<meta name=\"twitter:data2\" content=\"2 perc\" class=\"yoast-seo-meta-tag\" \/>\n<script type=\"application\/ld+json\" class=\"yoast-schema-graph\">{\"@context\":\"https:\\\/\\\/schema.org\",\"@graph\":[{\"@type\":\"Article\",\"@id\":\"https:\\\/\\\/dorogimedence.hu\\\/index.php\\\/2023\\\/01\\\/20\\\/sok-influenzaszeru-megbetegedest-jelentenek-komarom-esztergombol-2\\\/#article\",\"isPartOf\":{\"@id\":\"https:\\\/\\\/dorogimedence.hu\\\/index.php\\\/2023\\\/01\\\/20\\\/sok-influenzaszeru-megbetegedest-jelentenek-komarom-esztergombol-2\\\/\"},\"author\":{\"name\":\"dorogimedence.hu\",\"@id\":\"https:\\\/\\\/dorogimedence.hu\\\/#\\\/schema\\\/person\\\/ce6091eeb7e95ecdc87890d6aa8e0fd4\"},\"headline\":\"Sok influenzaszer\u0171 megbeteged\u00e9st jelentenek Kom\u00e1rom-Esztergomb\u00f3l\",\"datePublished\":\"2023-01-20T12:10:29+00:00\",\"dateModified\":\"2023-01-20T12:12:01+00:00\",\"mainEntityOfPage\":{\"@id\":\"https:\\\/\\\/dorogimedence.hu\\\/index.php\\\/2023\\\/01\\\/20\\\/sok-influenzaszeru-megbetegedest-jelentenek-komarom-esztergombol-2\\\/\"},\"wordCount\":475,\"publisher\":{\"@id\":\"https:\\\/\\\/dorogimedence.hu\\\/#organization\"},\"keywords\":[\"eg\u00e9szs\u00e9g\u00fcgy\",\"Influenza\",\"Kom\u00e1rom-Esztergom v\u00e1rmegye\"],\"articleSection\":[\"H\u00edrek\",\"Kom\u00e1rom-Esztergom\"],\"inLanguage\":\"hu\"},{\"@type\":\"WebPage\",\"@id\":\"https:\\\/\\\/dorogimedence.hu\\\/index.php\\\/2023\\\/01\\\/20\\\/sok-influenzaszeru-megbetegedest-jelentenek-komarom-esztergombol-2\\\/\",\"url\":\"https:\\\/\\\/dorogimedence.hu\\\/index.php\\\/2023\\\/01\\\/20\\\/sok-influenzaszeru-megbetegedest-jelentenek-komarom-esztergombol-2\\\/\",\"name\":\"Sok influenzaszer\u0171 megbeteged\u00e9st jelentenek Kom\u00e1rom-Esztergomb\u00f3l\",\"isPartOf\":{\"@id\":\"https:\\\/\\\/dorogimedence.hu\\\/#website\"},\"datePublished\":\"2023-01-20T12:10:29+00:00\",\"dateModified\":\"2023-01-20T12:12:01+00:00\",\"breadcrumb\":{\"@id\":\"https:\\\/\\\/dorogimedence.hu\\\/index.php\\\/2023\\\/01\\\/20\\\/sok-influenzaszeru-megbetegedest-jelentenek-komarom-esztergombol-2\\\/#breadcrumb\"},\"inLanguage\":\"hu\",\"potentialAction\":[{\"@type\":\"ReadAction\",\"target\":[\"https:\\\/\\\/dorogimedence.hu\\\/index.php\\\/2023\\\/01\\\/20\\\/sok-influenzaszeru-megbetegedest-jelentenek-komarom-esztergombol-2\\\/\"]}]},{\"@type\":\"BreadcrumbList\",\"@id\":\"https:\\\/\\\/dorogimedence.hu\\\/index.php\\\/2023\\\/01\\\/20\\\/sok-influenzaszeru-megbetegedest-jelentenek-komarom-esztergombol-2\\\/#breadcrumb\",\"itemListElement\":[{\"@type\":\"ListItem\",\"position\":1,\"name\":\"Kezd\u0151lap\",\"item\":\"https:\\\/\\\/dorogimedence.hu\\\/\"},{\"@type\":\"ListItem\",\"position\":2,\"name\":\"Sok influenzaszer\u0171 megbeteged\u00e9st jelentenek Kom\u00e1rom-Esztergomb\u00f3l\"}]},{\"@type\":\"WebSite\",\"@id\":\"https:\\\/\\\/dorogimedence.hu\\\/#website\",\"url\":\"https:\\\/\\\/dorogimedence.hu\\\/\",\"name\":\"Dorogi-medence Region\u00e1lis H\u00edrport\u00e1l\",\"description\":\"Dorog, Keszt\u00f6lc, Le\u00e1nyv\u00e1r, Piliscs\u00e9v, Tokod, Tokodalt\u00e1r\u00f3, Csolnok, Esztergom-kertv\u00e1ros: h\u00edrek, programok\",\"publisher\":{\"@id\":\"https:\\\/\\\/dorogimedence.hu\\\/#organization\"},\"potentialAction\":[{\"@type\":\"SearchAction\",\"target\":{\"@type\":\"EntryPoint\",\"urlTemplate\":\"https:\\\/\\\/dorogimedence.hu\\\/?s={search_term_string}\"},\"query-input\":{\"@type\":\"PropertyValueSpecification\",\"valueRequired\":true,\"valueName\":\"search_term_string\"}}],\"inLanguage\":\"hu\"},{\"@type\":\"Organization\",\"@id\":\"https:\\\/\\\/dorogimedence.hu\\\/#organization\",\"name\":\"Dorogi-medence Region\u00e1lis H\u00edrport\u00e1l\",\"url\":\"https:\\\/\\\/dorogimedence.hu\\\/\",\"logo\":{\"@type\":\"ImageObject\",\"inLanguage\":\"hu\",\"@id\":\"https:\\\/\\\/dorogimedence.hu\\\/#\\\/schema\\\/logo\\\/image\\\/\",\"url\":\"https:\\\/\\\/dorogimedence.hu\\\/wp-content\\\/uploads\\\/2021\\\/04\\\/logo-feher-600.png\",\"contentUrl\":\"https:\\\/\\\/dorogimedence.hu\\\/wp-content\\\/uploads\\\/2021\\\/04\\\/logo-feher-600.png\",\"width\":600,\"height\":100,\"caption\":\"Dorogi-medence Region\u00e1lis H\u00edrport\u00e1l\"},\"image\":{\"@id\":\"https:\\\/\\\/dorogimedence.hu\\\/#\\\/schema\\\/logo\\\/image\\\/\"},\"sameAs\":[\"https:\\\/\\\/www.facebook.com\\\/dorogimedence\\\/\"]},{\"@type\":\"Person\",\"@id\":\"https:\\\/\\\/dorogimedence.hu\\\/#\\\/schema\\\/person\\\/ce6091eeb7e95ecdc87890d6aa8e0fd4\",\"name\":\"dorogimedence.hu\",\"image\":{\"@type\":\"ImageObject\",\"inLanguage\":\"hu\",\"@id\":\"\\\/\\\/www.gravatar.com\\\/avatar\\\/d8d45f8901aadff40a4af72c0b826f1d?s=96&#038;r=g&#038;d=mm\",\"url\":\"\\\/\\\/www.gravatar.com\\\/avatar\\\/d8d45f8901aadff40a4af72c0b826f1d?s=96&#038;r=g&#038;d=mm\",\"contentUrl\":\"\\\/\\\/www.gravatar.com\\\/avatar\\\/d8d45f8901aadff40a4af72c0b826f1d?s=96&#038;r=g&#038;d=mm\",\"caption\":\"dorogimedence.hu\"}}]}<\/script>\n<!-- \/ Yoast SEO plugin. -->","yoast_head_json":{"title":"Sok influenzaszer\u0171 megbeteged\u00e9st jelentenek Kom\u00e1rom-Esztergomb\u00f3l","robots":{"index":"index","follow":"follow","max-snippet":"max-snippet:-1","max-image-preview":"max-image-preview:large","max-video-preview":"max-video-preview:-1"},"canonical":"https:\/\/dorogimedence.hu\/index.php\/2023\/01\/20\/sok-influenzaszeru-megbetegedest-jelentenek-komarom-esztergombol-2\/","og_locale":"hu_HU","og_type":"article","og_title":"Sok influenzaszer\u0171 megbeteged\u00e9st jelentenek Kom\u00e1rom-Esztergomb\u00f3l","og_description":"A figyel\u0151szolg\u00e1latban r\u00e9szt vev\u0151 orvosok jelent\u00e9sei szerint a m\u00falt h\u00e9ten 23.200 f\u0151 fordult orvoshoz influenzaszer\u0171 t\u00fcnetekkel. A legt\u00f6bb beteg Kom\u00e1rom-Esztergom \u00e9s B\u00e9k\u00e9s v\u00e1rmegy\u00e9ben volt &#8211; k\u00f6z\u00f6lte a Nemzeti N\u00e9peg\u00e9szs\u00e9g\u00fcgyi K\u00f6zpont (NNK) cs\u00fct\u00f6rt\u00f6ki, heti jelent\u00e9s\u00e9ben. Azt \u00edrt\u00e1k: janu\u00e1r 9. \u00e9s 15. k\u00f6z\u00f6tt az orsz\u00e1gban 170 600-an fordultak orvoshoz akut l\u00e9g\u00fati fert\u0151z\u00e9s t\u00fcneteivel, k\u00f6z\u00fcl\u00fck 23 200 embern\u00e9l","og_url":"https:\/\/dorogimedence.hu\/index.php\/2023\/01\/20\/sok-influenzaszeru-megbetegedest-jelentenek-komarom-esztergombol-2\/","og_site_name":"Dorogi-medence Region\u00e1lis H\u00edrport\u00e1l","article_publisher":"https:\/\/www.facebook.com\/dorogimedence\/","article_published_time":"2023-01-20T12:10:29+00:00","article_modified_time":"2023-01-20T12:12:01+00:00","og_image":[{"width":1920,"height":1090,"url":"https:\/\/dorogimedence.hu\/wp-content\/uploads\/2023\/01\/influenza-01.jpg","type":"image\/jpeg"}],"author":"dorogimedence.hu","twitter_card":"summary_large_image","twitter_misc":{"Szerz\u0151:":"dorogimedence.hu","Becs\u00fclt olvas\u00e1si id\u0151":"2 perc"},"schema":{"@context":"https:\/\/schema.org","@graph":[{"@type":"Article","@id":"https:\/\/dorogimedence.hu\/index.php\/2023\/01\/20\/sok-influenzaszeru-megbetegedest-jelentenek-komarom-esztergombol-2\/#article","isPartOf":{"@id":"https:\/\/dorogimedence.hu\/index.php\/2023\/01\/20\/sok-influenzaszeru-megbetegedest-jelentenek-komarom-esztergombol-2\/"},"author":{"name":"dorogimedence.hu","@id":"https:\/\/dorogimedence.hu\/#\/schema\/person\/ce6091eeb7e95ecdc87890d6aa8e0fd4"},"headline":"Sok influenzaszer\u0171 megbeteged\u00e9st jelentenek Kom\u00e1rom-Esztergomb\u00f3l","datePublished":"2023-01-20T12:10:29+00:00","dateModified":"2023-01-20T12:12:01+00:00","mainEntityOfPage":{"@id":"https:\/\/dorogimedence.hu\/index.php\/2023\/01\/20\/sok-influenzaszeru-megbetegedest-jelentenek-komarom-esztergombol-2\/"},"wordCount":475,"publisher":{"@id":"https:\/\/dorogimedence.hu\/#organization"},"keywords":["eg\u00e9szs\u00e9g\u00fcgy","Influenza","Kom\u00e1rom-Esztergom v\u00e1rmegye"],"articleSection":["H\u00edrek","Kom\u00e1rom-Esztergom"],"inLanguage":"hu"},{"@type":"WebPage","@id":"https:\/\/dorogimedence.hu\/index.php\/2023\/01\/20\/sok-influenzaszeru-megbetegedest-jelentenek-komarom-esztergombol-2\/","url":"https:\/\/dorogimedence.hu\/index.php\/2023\/01\/20\/sok-influenzaszeru-megbetegedest-jelentenek-komarom-esztergombol-2\/","name":"Sok influenzaszer\u0171 megbeteged\u00e9st jelentenek Kom\u00e1rom-Esztergomb\u00f3l","isPartOf":{"@id":"https:\/\/dorogimedence.hu\/#website"},"datePublished":"2023-01-20T12:10:29+00:00","dateModified":"2023-01-20T12:12:01+00:00","breadcrumb":{"@id":"https:\/\/dorogimedence.hu\/index.php\/2023\/01\/20\/sok-influenzaszeru-megbetegedest-jelentenek-komarom-esztergombol-2\/#breadcrumb"},"inLanguage":"hu","potentialAction":[{"@type":"ReadAction","target":["https:\/\/dorogimedence.hu\/index.php\/2023\/01\/20\/sok-influenzaszeru-megbetegedest-jelentenek-komarom-esztergombol-2\/"]}]},{"@type":"BreadcrumbList","@id":"https:\/\/dorogimedence.hu\/index.php\/2023\/01\/20\/sok-influenzaszeru-megbetegedest-jelentenek-komarom-esztergombol-2\/#breadcrumb","itemListElement":[{"@type":"ListItem","position":1,"name":"Kezd\u0151lap","item":"https:\/\/dorogimedence.hu\/"},{"@type":"ListItem","position":2,"name":"Sok influenzaszer\u0171 megbeteged\u00e9st jelentenek Kom\u00e1rom-Esztergomb\u00f3l"}]},{"@type":"WebSite","@id":"https:\/\/dorogimedence.hu\/#website","url":"https:\/\/dorogimedence.hu\/","name":"Dorogi-medence Region\u00e1lis H\u00edrport\u00e1l","description":"Dorog, Keszt\u00f6lc, Le\u00e1nyv\u00e1r, Piliscs\u00e9v, Tokod, Tokodalt\u00e1r\u00f3, Csolnok, Esztergom-kertv\u00e1ros: h\u00edrek, programok","publisher":{"@id":"https:\/\/dorogimedence.hu\/#organization"},"potentialAction":[{"@type":"SearchAction","target":{"@type":"EntryPoint","urlTemplate":"https:\/\/dorogimedence.hu\/?s={search_term_string}"},"query-input":{"@type":"PropertyValueSpecification","valueRequired":true,"valueName":"search_term_string"}}],"inLanguage":"hu"},{"@type":"Organization","@id":"https:\/\/dorogimedence.hu\/#organization","name":"Dorogi-medence Region\u00e1lis H\u00edrport\u00e1l","url":"https:\/\/dorogimedence.hu\/","logo":{"@type":"ImageObject","inLanguage":"hu","@id":"https:\/\/dorogimedence.hu\/#\/schema\/logo\/image\/","url":"https:\/\/dorogimedence.hu\/wp-content\/uploads\/2021\/04\/logo-feher-600.png","contentUrl":"https:\/\/dorogimedence.hu\/wp-content\/uploads\/2021\/04\/logo-feher-600.png","width":600,"height":100,"caption":"Dorogi-medence Region\u00e1lis H\u00edrport\u00e1l"},"image":{"@id":"https:\/\/dorogimedence.hu\/#\/schema\/logo\/image\/"},"sameAs":["https:\/\/www.facebook.com\/dorogimedence\/"]},{"@type":"Person","@id":"https:\/\/dorogimedence.hu\/#\/schema\/person\/ce6091eeb7e95ecdc87890d6aa8e0fd4","name":"dorogimedence.hu","image":{"@type":"ImageObject","inLanguage":"hu","@id":"\/\/www.gravatar.com\/avatar\/d8d45f8901aadff40a4af72c0b826f1d?s=96&#038;r=g&#038;d=mm","url":"\/\/www.gravatar.com\/avatar\/d8d45f8901aadff40a4af72c0b826f1d?s=96&#038;r=g&#038;d=mm","contentUrl":"\/\/www.gravatar.com\/avatar\/d8d45f8901aadff40a4af72c0b826f1d?s=96&#038;r=g&#038;d=mm","caption":"dorogimedence.hu"}}]}},"_links":{"self":[{"href":"https:\/\/dorogimedence.hu\/index.php\/wp-json\/wp\/v2\/posts\/49608","targetHints":{"allow":["GET"]}}],"collection":[{"href":"https:\/\/dorogimedence.hu\/index.php\/wp-json\/wp\/v2\/posts"}],"about":[{"href":"https:\/\/dorogimedence.hu\/index.php\/wp-json\/wp\/v2\/types\/post"}],"author":[{"embeddable":true,"href":"https:\/\/dorogimedence.hu\/index.php\/wp-json\/wp\/v2\/users\/1"}],"replies":[{"embeddable":true,"href":"https:\/\/dorogimedence.hu\/index.php\/wp-json\/wp\/v2\/comments?post=49608"}],"version-history":[{"count":0,"href":"https:\/\/dorogimedence.hu\/index.php\/wp-json\/wp\/v2\/posts\/49608\/revisions"}],"wp:attachment":[{"href":"https:\/\/dorogimedence.hu\/index.php\/wp-json\/wp\/v2\/media?parent=49608"}],"wp:term":[{"taxonomy":"category","embeddable":true,"href":"https:\/\/dorogimedence.hu\/index.php\/wp-json\/wp\/v2\/categories?post=49608"},{"taxonomy":"post_tag","embeddable":true,"href":"https:\/\/dorogimedence.hu\/index.php\/wp-json\/wp\/v2\/tags?post=49608"}],"curies":[{"name":"wp","href":"https:\/\/api.w.org\/{rel}","templated":true}]}}