{"id":49564,"date":"2023-01-19T06:53:33","date_gmt":"2023-01-19T05:53:33","guid":{"rendered":"https:\/\/dorogimedence.hu\/?p=49564"},"modified":"2023-01-19T06:55:21","modified_gmt":"2023-01-19T05:55:21","slug":"ket-ingyenes-eloadassal-varja-nezoit-a-babits-mihaly-szinhaz","status":"publish","type":"post","link":"https:\/\/dorogimedence.hu\/index.php\/2023\/01\/19\/ket-ingyenes-eloadassal-varja-nezoit-a-babits-mihaly-szinhaz\/","title":{"rendered":"K\u00e9t ingyenes el\u0151ad\u00e1ssal v\u00e1rja n\u00e9z\u0151it a Babits Mih\u00e1ly Sz\u00ednh\u00e1z"},"content":{"rendered":"<p><strong>2023. elej\u00e9n k\u00e9t ingyenes el\u0151ad\u00e1ssal v\u00e1rja n\u00e9z\u0151it a Babits Mih\u00e1ly Sz\u00ednh\u00e1z az esztergomi \u00c1rp\u00e1d-h\u00e1zi Szent Erzs\u00e9bet Gimn\u00e1zium, \u00d3voda \u00e9s \u00c1ltal\u00e1nos Iskola d\u00edszterm\u00e9ben! Janu\u00e1r 31-\u00e9n, kedden 18 \u00f3rakor a tavaly tavasszal bemutatott Psych\u00e9 \u00e9s N\u00e1rciszt, febru\u00e1r 13-\u00e1n, B\u00e1lint-nap el\u0151est\u00e9j\u00e9n pedig a t\u00f6bb \u00e9ve nagy sikerrel fut\u00f3 Sz\u00e9p magyar kom\u00e9di\u00e1t. Az ingyenes el\u0151ad\u00e1sokra az e-mail c\u00edm\u00fckkel regisztr\u00e1lhatnak a n\u00e9z\u0151k.<\/strong><\/p>\n<p><span style=\"text-decoration: underline;\">2023. janu\u00e1r 31., kedd 18:00 &#8211; Psych\u00e9 \u00e9s N\u00e1rcisz &#8211; We\u00f6res S\u00e1ndor Psych\u00e9 c\u00edm\u0171 m\u0171ve alapj\u00e1n<\/span><\/p>\n<p>L\u00f3nyay Erzs\u00e9bet sorsa \u2013 m\u00e9g ha fikci\u00f3 is \u2013 a korszak tipikus n\u0151i sorsa. Tehets\u00e9ge a legnagyobbak k\u00f6z\u00e9 predesztin\u00e1ln\u00e1, \u00e9rv\u00e9nyes\u00fclni m\u00e9giscsak sz\u00e9ps\u00e9g\u00e9vel tud. M\u00e1r kicsiny gyermekkor\u00e1t\u00f3l folyamatosan \u00faton van, csal\u00e1dja \u00e9s p\u00e1rtfog\u00f3i k\u00e9zr\u0151l k\u00e9zre adj\u00e1k. Gyermekkori pajt\u00e1s\u00e1val, Ungv\u00e1rn\u00e9meti T\u00f3th L\u00e1szl\u00f3val mindig rosszkor, rossz helyen tal\u00e1lkozik, \u00edgy bontakoz\u00f3 szerelm\u00fck sohasem teljesedhet be, mindig pl\u00e1t\u00f3i marad. Csak a hal\u00e1lban van es\u00e9ly\u00fck az egyes\u00fcl\u00e9sre.<\/p>\n<p>A Babits Sz\u00ednh\u00e1z el\u0151ad\u00e1s\u00e1nak sz\u00f6vegb\u00e9li alapj\u00e1t We\u00f6res S\u00e1ndor Psych\u00e9-j\u00e9nek Ungv\u00e1rn\u00e9meti T\u00f3th L\u00e1szl\u00f3 eml\u00e9kezete c\u00edm\u0171 fejezete mai nyelv\u00e1llapotnak megfelel\u0151 \u00e1tirata \u00e9s a k\u00f6vetkez\u0151 versek adj\u00e1k: Gab\u00f3nak, kisebb \u00e9des \u00d6ts\u00e9mnek, Tarantella, Psych\u00e9 Confessioja, M\u00e1r nem csud\u00e1lnak.<\/p>\n<p>Psych\u00e9: Szemer\u00e9di Bernadett<br \/>\nZene: \u00c1goston M\u00e1t\u00e9<br \/>\nD\u00edszlet: Kreisz Dorka<br \/>\nJelmez: Kov\u00e1cs Klaudia<br \/>\nPlak\u00e1t: Farkas M\u00e1ri\u00f3<br \/>\n\u00c1tdolgozta: Kaj \u00c1d\u00e1m<br \/>\nDramaturg konzulensek: Szemes P\u00e9ter \u00e9s P\u00e1szt\u00f3 Andr\u00e1s<br \/>\nA rendez\u0151 munkat\u00e1rsa: Heim Dorka<br \/>\nRendez\u0151: Kaj \u00c1d\u00e1m<\/p>\n<p><a href=\"https:\/\/www.babitsszinhaz.hu\/psyche\/\" target=\"_blank\" rel=\"noopener\"><span style=\"text-decoration: underline; color: #0000ff;\">REGISZTR\u00c1CI\u00d3&gt;&gt;<\/span><\/a><\/p>\n<p><img fetchpriority=\"high\" decoding=\"async\" class=\"alignnone size-large wp-image-49565\" src=\"https:\/\/dorogimedence.hu\/wp-content\/uploads\/2023\/01\/psyche_januar_fb-819x1024.jpg\" alt=\"\" width=\"755\" height=\"944\" srcset=\"https:\/\/dorogimedence.hu\/wp-content\/uploads\/2023\/01\/psyche_januar_fb-819x1024.jpg 819w, https:\/\/dorogimedence.hu\/wp-content\/uploads\/2023\/01\/psyche_januar_fb-240x300.jpg 240w, https:\/\/dorogimedence.hu\/wp-content\/uploads\/2023\/01\/psyche_januar_fb-768x960.jpg 768w, https:\/\/dorogimedence.hu\/wp-content\/uploads\/2023\/01\/psyche_januar_fb-150x188.jpg 150w, https:\/\/dorogimedence.hu\/wp-content\/uploads\/2023\/01\/psyche_januar_fb-450x563.jpg 450w, https:\/\/dorogimedence.hu\/wp-content\/uploads\/2023\/01\/psyche_januar_fb.jpg 1080w\" sizes=\"(max-width: 755px) 100vw, 755px\" \/><\/p>\n<p><span style=\"text-decoration: underline;\">2023. febru\u00e1r 13. h\u00e9tf\u0151 19:00 &#8211; Sz\u00e9p magyar kom\u00e9dia<\/span><\/p>\n<p>\u201cSzabads\u00e1g! Szerelem! R\u2019n\u2019R!\u201d Balassa B\u00e1lint klasszikusa 21. sz\u00e1zadi k\u00f6nt\u00f6sben a Babits Mih\u00e1ly Sz\u00ednh\u00e1z el\u0151ad\u00e1s\u00e1ban a Hiperkarma \u00e9s a Napoleon Boulevard dalaival<\/p>\n<p>Kredulusz\/Balassi: Sz\u00e9plaky G\u00e9za<br \/>\nJ\u00falia: Szemer\u00e9di Bernadett<br \/>\nSzilv\u00e1nusz: Krizsik Alfonz<br \/>\nGalatea: K\u00e9ner Gabriella<br \/>\nLicida\/Gyenes: B\u00e1hner P\u00e9ter<br \/>\nBriszeida: Maronka Csilla<br \/>\nKatona: \u00d3tott Ferenc<br \/>\nDramaturg: Szemes P\u00e9ter<br \/>\nZenei vezet\u0151: \u00c1goston M\u00e1t\u00e9<br \/>\nL\u00e1tv\u00e1ny: Orth D\u00e1niel<br \/>\nA rendez\u0151 munkat\u00e1rsa: Vereckei Kata<br \/>\nRendezte: Kaj \u00c1d\u00e1m<\/p>\n<p><a href=\"https:\/\/www.babitsszinhaz.hu\/szep-magyar-komedia\/\" target=\"_blank\" rel=\"noopener\"><span style=\"text-decoration: underline; color: #0000ff;\">REGISZTR\u00c1CI\u00d3&gt;&gt; <\/span><\/a><\/p>\n<p><img decoding=\"async\" class=\"alignnone size-large wp-image-49566\" src=\"https:\/\/dorogimedence.hu\/wp-content\/uploads\/2023\/01\/szepmagyar_a4-1536x1086-1-1024x724.jpg\" alt=\"\" width=\"755\" height=\"534\" srcset=\"https:\/\/dorogimedence.hu\/wp-content\/uploads\/2023\/01\/szepmagyar_a4-1536x1086-1-1024x724.jpg 1024w, https:\/\/dorogimedence.hu\/wp-content\/uploads\/2023\/01\/szepmagyar_a4-1536x1086-1-300x212.jpg 300w, https:\/\/dorogimedence.hu\/wp-content\/uploads\/2023\/01\/szepmagyar_a4-1536x1086-1-768x543.jpg 768w, https:\/\/dorogimedence.hu\/wp-content\/uploads\/2023\/01\/szepmagyar_a4-1536x1086-1-150x106.jpg 150w, https:\/\/dorogimedence.hu\/wp-content\/uploads\/2023\/01\/szepmagyar_a4-1536x1086-1-450x318.jpg 450w, https:\/\/dorogimedence.hu\/wp-content\/uploads\/2023\/01\/szepmagyar_a4-1536x1086-1-1200x848.jpg 1200w, https:\/\/dorogimedence.hu\/wp-content\/uploads\/2023\/01\/szepmagyar_a4-1536x1086-1.jpg 1536w\" sizes=\"(max-width: 755px) 100vw, 755px\" \/><\/p>\n<p>A sz\u00ednh\u00e1z tov\u00e1bbi el\u0151ad\u00e1saival, \u00faj bemutat\u00f3ival kapcsolatos h\u00edrlevel\u00e9re <a href=\"https:\/\/www.babitsszinhaz.hu\/hirlevel\/\" target=\"_blank\" rel=\"noopener\"><span style=\"text-decoration: underline; color: #0000ff;\">itt<\/span><\/a> iratkozhat fel!<\/p>\n<p><em>Fot\u00f3k: Karvaly Bence \/ G\u00e1l Andr\u00e1s<\/em><\/p>\n","protected":false},"excerpt":{"rendered":"<p>2023. elej\u00e9n k\u00e9t ingyenes el\u0151ad\u00e1ssal v\u00e1rja n\u00e9z\u0151it a Babits Mih\u00e1ly Sz\u00ednh\u00e1z az esztergomi \u00c1rp\u00e1d-h\u00e1zi Szent Erzs\u00e9bet Gimn\u00e1zium, \u00d3voda \u00e9s \u00c1ltal\u00e1nos Iskola d\u00edszterm\u00e9ben! Janu\u00e1r 31-\u00e9n, kedden 18 \u00f3rakor a tavaly tavasszal bemutatott Psych\u00e9 \u00e9s N\u00e1rciszt, febru\u00e1r 13-\u00e1n, B\u00e1lint-nap el\u0151est\u00e9j\u00e9n pedig a t\u00f6bb \u00e9ve nagy sikerrel fut\u00f3 Sz\u00e9p magyar kom\u00e9di\u00e1t. Az ingyenes el\u0151ad\u00e1sokra az e-mail c\u00edm\u00fckkel regisztr\u00e1lhatnak<\/p>\n","protected":false},"author":1,"featured_media":49567,"comment_status":"closed","ping_status":"closed","sticky":false,"template":"","format":"standard","meta":{"ngg_post_thumbnail":0,"footnotes":""},"categories":[38,3,3561],"tags":[4312,42,101,709],"class_list":{"0":"post-49564","1":"post","2":"type-post","3":"status-publish","4":"format-standard","5":"has-post-thumbnail","7":"category-esztergom","8":"category-hirek","9":"category-programok","10":"tag-babits-mihaly-szinhaz","11":"tag-esztergom","12":"tag-program","13":"tag-szinhaz"},"yoast_head":"<!-- This site is optimized with the Yoast SEO plugin v27.4 - https:\/\/yoast.com\/product\/yoast-seo-wordpress\/ -->\n<title>K\u00e9t ingyenes el\u0151ad\u00e1ssal v\u00e1rja n\u00e9z\u0151it a Babits Mih\u00e1ly Sz\u00ednh\u00e1z<\/title>\n<meta name=\"robots\" content=\"index, follow, max-snippet:-1, max-image-preview:large, max-video-preview:-1\" \/>\n<link rel=\"canonical\" href=\"https:\/\/dorogimedence.hu\/index.php\/2023\/01\/19\/ket-ingyenes-eloadassal-varja-nezoit-a-babits-mihaly-szinhaz\/\" class=\"yoast-seo-meta-tag\" \/>\n<meta property=\"og:locale\" content=\"hu_HU\" class=\"yoast-seo-meta-tag\" \/>\n<meta property=\"og:type\" content=\"article\" class=\"yoast-seo-meta-tag\" \/>\n<meta property=\"og:title\" content=\"K\u00e9t ingyenes el\u0151ad\u00e1ssal v\u00e1rja n\u00e9z\u0151it a Babits Mih\u00e1ly Sz\u00ednh\u00e1z\" class=\"yoast-seo-meta-tag\" \/>\n<meta property=\"og:description\" content=\"2023. elej\u00e9n k\u00e9t ingyenes el\u0151ad\u00e1ssal v\u00e1rja n\u00e9z\u0151it a Babits Mih\u00e1ly Sz\u00ednh\u00e1z az esztergomi \u00c1rp\u00e1d-h\u00e1zi Szent Erzs\u00e9bet Gimn\u00e1zium, \u00d3voda \u00e9s \u00c1ltal\u00e1nos Iskola d\u00edszterm\u00e9ben! Janu\u00e1r 31-\u00e9n, kedden 18 \u00f3rakor a tavaly tavasszal bemutatott Psych\u00e9 \u00e9s N\u00e1rciszt, febru\u00e1r 13-\u00e1n, B\u00e1lint-nap el\u0151est\u00e9j\u00e9n pedig a t\u00f6bb \u00e9ve nagy sikerrel fut\u00f3 Sz\u00e9p magyar kom\u00e9di\u00e1t. Az ingyenes el\u0151ad\u00e1sokra az e-mail c\u00edm\u00fckkel regisztr\u00e1lhatnak\" class=\"yoast-seo-meta-tag\" \/>\n<meta property=\"og:url\" content=\"https:\/\/dorogimedence.hu\/index.php\/2023\/01\/19\/ket-ingyenes-eloadassal-varja-nezoit-a-babits-mihaly-szinhaz\/\" class=\"yoast-seo-meta-tag\" \/>\n<meta property=\"og:site_name\" content=\"Dorogi-medence Region\u00e1lis H\u00edrport\u00e1l\" class=\"yoast-seo-meta-tag\" \/>\n<meta property=\"article:publisher\" content=\"https:\/\/www.facebook.com\/dorogimedence\/\" class=\"yoast-seo-meta-tag\" \/>\n<meta property=\"article:published_time\" content=\"2023-01-19T05:53:33+00:00\" class=\"yoast-seo-meta-tag\" \/>\n<meta property=\"article:modified_time\" content=\"2023-01-19T05:55:21+00:00\" class=\"yoast-seo-meta-tag\" \/>\n<meta property=\"og:image\" content=\"https:\/\/dorogimedence.hu\/wp-content\/uploads\/2023\/01\/babits-01.jpg\" class=\"yoast-seo-meta-tag\" \/>\n\t<meta property=\"og:image:width\" content=\"1188\" class=\"yoast-seo-meta-tag\" \/>\n\t<meta property=\"og:image:height\" content=\"755\" class=\"yoast-seo-meta-tag\" \/>\n\t<meta property=\"og:image:type\" content=\"image\/jpeg\" class=\"yoast-seo-meta-tag\" \/>\n<meta name=\"author\" content=\"dorogimedence.hu\" class=\"yoast-seo-meta-tag\" \/>\n<meta name=\"twitter:card\" content=\"summary_large_image\" class=\"yoast-seo-meta-tag\" \/>\n<meta name=\"twitter:label1\" content=\"Szerz\u0151:\" class=\"yoast-seo-meta-tag\" \/>\n\t<meta name=\"twitter:data1\" content=\"dorogimedence.hu\" class=\"yoast-seo-meta-tag\" \/>\n\t<meta name=\"twitter:label2\" content=\"Becs\u00fclt olvas\u00e1si id\u0151\" class=\"yoast-seo-meta-tag\" \/>\n\t<meta name=\"twitter:data2\" content=\"2 perc\" class=\"yoast-seo-meta-tag\" \/>\n<script type=\"application\/ld+json\" class=\"yoast-schema-graph\">{\"@context\":\"https:\\\/\\\/schema.org\",\"@graph\":[{\"@type\":\"Article\",\"@id\":\"https:\\\/\\\/dorogimedence.hu\\\/index.php\\\/2023\\\/01\\\/19\\\/ket-ingyenes-eloadassal-varja-nezoit-a-babits-mihaly-szinhaz\\\/#article\",\"isPartOf\":{\"@id\":\"https:\\\/\\\/dorogimedence.hu\\\/index.php\\\/2023\\\/01\\\/19\\\/ket-ingyenes-eloadassal-varja-nezoit-a-babits-mihaly-szinhaz\\\/\"},\"author\":{\"name\":\"dorogimedence.hu\",\"@id\":\"https:\\\/\\\/dorogimedence.hu\\\/#\\\/schema\\\/person\\\/ce6091eeb7e95ecdc87890d6aa8e0fd4\"},\"headline\":\"K\u00e9t ingyenes el\u0151ad\u00e1ssal v\u00e1rja n\u00e9z\u0151it a Babits Mih\u00e1ly Sz\u00ednh\u00e1z\",\"datePublished\":\"2023-01-19T05:53:33+00:00\",\"dateModified\":\"2023-01-19T05:55:21+00:00\",\"mainEntityOfPage\":{\"@id\":\"https:\\\/\\\/dorogimedence.hu\\\/index.php\\\/2023\\\/01\\\/19\\\/ket-ingyenes-eloadassal-varja-nezoit-a-babits-mihaly-szinhaz\\\/\"},\"wordCount\":466,\"publisher\":{\"@id\":\"https:\\\/\\\/dorogimedence.hu\\\/#organization\"},\"image\":{\"@id\":\"https:\\\/\\\/dorogimedence.hu\\\/index.php\\\/2023\\\/01\\\/19\\\/ket-ingyenes-eloadassal-varja-nezoit-a-babits-mihaly-szinhaz\\\/#primaryimage\"},\"thumbnailUrl\":\"https:\\\/\\\/dorogimedence.hu\\\/wp-content\\\/uploads\\\/2023\\\/01\\\/babits-01.jpg\",\"keywords\":[\"Babits Mih\u00e1ly Sz\u00ednh\u00e1z\",\"esztergom\",\"program\",\"sz\u00ednh\u00e1z\"],\"articleSection\":[\"Esztergom\",\"H\u00edrek\",\"Programok\"],\"inLanguage\":\"hu\"},{\"@type\":\"WebPage\",\"@id\":\"https:\\\/\\\/dorogimedence.hu\\\/index.php\\\/2023\\\/01\\\/19\\\/ket-ingyenes-eloadassal-varja-nezoit-a-babits-mihaly-szinhaz\\\/\",\"url\":\"https:\\\/\\\/dorogimedence.hu\\\/index.php\\\/2023\\\/01\\\/19\\\/ket-ingyenes-eloadassal-varja-nezoit-a-babits-mihaly-szinhaz\\\/\",\"name\":\"K\u00e9t ingyenes el\u0151ad\u00e1ssal v\u00e1rja n\u00e9z\u0151it a Babits Mih\u00e1ly Sz\u00ednh\u00e1z\",\"isPartOf\":{\"@id\":\"https:\\\/\\\/dorogimedence.hu\\\/#website\"},\"primaryImageOfPage\":{\"@id\":\"https:\\\/\\\/dorogimedence.hu\\\/index.php\\\/2023\\\/01\\\/19\\\/ket-ingyenes-eloadassal-varja-nezoit-a-babits-mihaly-szinhaz\\\/#primaryimage\"},\"image\":{\"@id\":\"https:\\\/\\\/dorogimedence.hu\\\/index.php\\\/2023\\\/01\\\/19\\\/ket-ingyenes-eloadassal-varja-nezoit-a-babits-mihaly-szinhaz\\\/#primaryimage\"},\"thumbnailUrl\":\"https:\\\/\\\/dorogimedence.hu\\\/wp-content\\\/uploads\\\/2023\\\/01\\\/babits-01.jpg\",\"datePublished\":\"2023-01-19T05:53:33+00:00\",\"dateModified\":\"2023-01-19T05:55:21+00:00\",\"breadcrumb\":{\"@id\":\"https:\\\/\\\/dorogimedence.hu\\\/index.php\\\/2023\\\/01\\\/19\\\/ket-ingyenes-eloadassal-varja-nezoit-a-babits-mihaly-szinhaz\\\/#breadcrumb\"},\"inLanguage\":\"hu\",\"potentialAction\":[{\"@type\":\"ReadAction\",\"target\":[\"https:\\\/\\\/dorogimedence.hu\\\/index.php\\\/2023\\\/01\\\/19\\\/ket-ingyenes-eloadassal-varja-nezoit-a-babits-mihaly-szinhaz\\\/\"]}]},{\"@type\":\"ImageObject\",\"inLanguage\":\"hu\",\"@id\":\"https:\\\/\\\/dorogimedence.hu\\\/index.php\\\/2023\\\/01\\\/19\\\/ket-ingyenes-eloadassal-varja-nezoit-a-babits-mihaly-szinhaz\\\/#primaryimage\",\"url\":\"https:\\\/\\\/dorogimedence.hu\\\/wp-content\\\/uploads\\\/2023\\\/01\\\/babits-01.jpg\",\"contentUrl\":\"https:\\\/\\\/dorogimedence.hu\\\/wp-content\\\/uploads\\\/2023\\\/01\\\/babits-01.jpg\",\"width\":1188,\"height\":755},{\"@type\":\"BreadcrumbList\",\"@id\":\"https:\\\/\\\/dorogimedence.hu\\\/index.php\\\/2023\\\/01\\\/19\\\/ket-ingyenes-eloadassal-varja-nezoit-a-babits-mihaly-szinhaz\\\/#breadcrumb\",\"itemListElement\":[{\"@type\":\"ListItem\",\"position\":1,\"name\":\"Kezd\u0151lap\",\"item\":\"https:\\\/\\\/dorogimedence.hu\\\/\"},{\"@type\":\"ListItem\",\"position\":2,\"name\":\"K\u00e9t ingyenes el\u0151ad\u00e1ssal v\u00e1rja n\u00e9z\u0151it a Babits Mih\u00e1ly Sz\u00ednh\u00e1z\"}]},{\"@type\":\"WebSite\",\"@id\":\"https:\\\/\\\/dorogimedence.hu\\\/#website\",\"url\":\"https:\\\/\\\/dorogimedence.hu\\\/\",\"name\":\"Dorogi-medence Region\u00e1lis H\u00edrport\u00e1l\",\"description\":\"Dorog, Keszt\u00f6lc, Le\u00e1nyv\u00e1r, Piliscs\u00e9v, Tokod, Tokodalt\u00e1r\u00f3, Csolnok, Esztergom-kertv\u00e1ros: h\u00edrek, programok\",\"publisher\":{\"@id\":\"https:\\\/\\\/dorogimedence.hu\\\/#organization\"},\"potentialAction\":[{\"@type\":\"SearchAction\",\"target\":{\"@type\":\"EntryPoint\",\"urlTemplate\":\"https:\\\/\\\/dorogimedence.hu\\\/?s={search_term_string}\"},\"query-input\":{\"@type\":\"PropertyValueSpecification\",\"valueRequired\":true,\"valueName\":\"search_term_string\"}}],\"inLanguage\":\"hu\"},{\"@type\":\"Organization\",\"@id\":\"https:\\\/\\\/dorogimedence.hu\\\/#organization\",\"name\":\"Dorogi-medence Region\u00e1lis H\u00edrport\u00e1l\",\"url\":\"https:\\\/\\\/dorogimedence.hu\\\/\",\"logo\":{\"@type\":\"ImageObject\",\"inLanguage\":\"hu\",\"@id\":\"https:\\\/\\\/dorogimedence.hu\\\/#\\\/schema\\\/logo\\\/image\\\/\",\"url\":\"https:\\\/\\\/dorogimedence.hu\\\/wp-content\\\/uploads\\\/2021\\\/04\\\/logo-feher-600.png\",\"contentUrl\":\"https:\\\/\\\/dorogimedence.hu\\\/wp-content\\\/uploads\\\/2021\\\/04\\\/logo-feher-600.png\",\"width\":600,\"height\":100,\"caption\":\"Dorogi-medence Region\u00e1lis H\u00edrport\u00e1l\"},\"image\":{\"@id\":\"https:\\\/\\\/dorogimedence.hu\\\/#\\\/schema\\\/logo\\\/image\\\/\"},\"sameAs\":[\"https:\\\/\\\/www.facebook.com\\\/dorogimedence\\\/\"]},{\"@type\":\"Person\",\"@id\":\"https:\\\/\\\/dorogimedence.hu\\\/#\\\/schema\\\/person\\\/ce6091eeb7e95ecdc87890d6aa8e0fd4\",\"name\":\"dorogimedence.hu\",\"image\":{\"@type\":\"ImageObject\",\"inLanguage\":\"hu\",\"@id\":\"\\\/\\\/www.gravatar.com\\\/avatar\\\/d8d45f8901aadff40a4af72c0b826f1d?s=96&#038;r=g&#038;d=mm\",\"url\":\"\\\/\\\/www.gravatar.com\\\/avatar\\\/d8d45f8901aadff40a4af72c0b826f1d?s=96&#038;r=g&#038;d=mm\",\"contentUrl\":\"\\\/\\\/www.gravatar.com\\\/avatar\\\/d8d45f8901aadff40a4af72c0b826f1d?s=96&#038;r=g&#038;d=mm\",\"caption\":\"dorogimedence.hu\"}}]}<\/script>\n<!-- \/ Yoast SEO plugin. -->","yoast_head_json":{"title":"K\u00e9t ingyenes el\u0151ad\u00e1ssal v\u00e1rja n\u00e9z\u0151it a Babits Mih\u00e1ly Sz\u00ednh\u00e1z","robots":{"index":"index","follow":"follow","max-snippet":"max-snippet:-1","max-image-preview":"max-image-preview:large","max-video-preview":"max-video-preview:-1"},"canonical":"https:\/\/dorogimedence.hu\/index.php\/2023\/01\/19\/ket-ingyenes-eloadassal-varja-nezoit-a-babits-mihaly-szinhaz\/","og_locale":"hu_HU","og_type":"article","og_title":"K\u00e9t ingyenes el\u0151ad\u00e1ssal v\u00e1rja n\u00e9z\u0151it a Babits Mih\u00e1ly Sz\u00ednh\u00e1z","og_description":"2023. elej\u00e9n k\u00e9t ingyenes el\u0151ad\u00e1ssal v\u00e1rja n\u00e9z\u0151it a Babits Mih\u00e1ly Sz\u00ednh\u00e1z az esztergomi \u00c1rp\u00e1d-h\u00e1zi Szent Erzs\u00e9bet Gimn\u00e1zium, \u00d3voda \u00e9s \u00c1ltal\u00e1nos Iskola d\u00edszterm\u00e9ben! Janu\u00e1r 31-\u00e9n, kedden 18 \u00f3rakor a tavaly tavasszal bemutatott Psych\u00e9 \u00e9s N\u00e1rciszt, febru\u00e1r 13-\u00e1n, B\u00e1lint-nap el\u0151est\u00e9j\u00e9n pedig a t\u00f6bb \u00e9ve nagy sikerrel fut\u00f3 Sz\u00e9p magyar kom\u00e9di\u00e1t. Az ingyenes el\u0151ad\u00e1sokra az e-mail c\u00edm\u00fckkel regisztr\u00e1lhatnak","og_url":"https:\/\/dorogimedence.hu\/index.php\/2023\/01\/19\/ket-ingyenes-eloadassal-varja-nezoit-a-babits-mihaly-szinhaz\/","og_site_name":"Dorogi-medence Region\u00e1lis H\u00edrport\u00e1l","article_publisher":"https:\/\/www.facebook.com\/dorogimedence\/","article_published_time":"2023-01-19T05:53:33+00:00","article_modified_time":"2023-01-19T05:55:21+00:00","og_image":[{"width":1188,"height":755,"url":"https:\/\/dorogimedence.hu\/wp-content\/uploads\/2023\/01\/babits-01.jpg","type":"image\/jpeg"}],"author":"dorogimedence.hu","twitter_card":"summary_large_image","twitter_misc":{"Szerz\u0151:":"dorogimedence.hu","Becs\u00fclt olvas\u00e1si id\u0151":"2 perc"},"schema":{"@context":"https:\/\/schema.org","@graph":[{"@type":"Article","@id":"https:\/\/dorogimedence.hu\/index.php\/2023\/01\/19\/ket-ingyenes-eloadassal-varja-nezoit-a-babits-mihaly-szinhaz\/#article","isPartOf":{"@id":"https:\/\/dorogimedence.hu\/index.php\/2023\/01\/19\/ket-ingyenes-eloadassal-varja-nezoit-a-babits-mihaly-szinhaz\/"},"author":{"name":"dorogimedence.hu","@id":"https:\/\/dorogimedence.hu\/#\/schema\/person\/ce6091eeb7e95ecdc87890d6aa8e0fd4"},"headline":"K\u00e9t ingyenes el\u0151ad\u00e1ssal v\u00e1rja n\u00e9z\u0151it a Babits Mih\u00e1ly Sz\u00ednh\u00e1z","datePublished":"2023-01-19T05:53:33+00:00","dateModified":"2023-01-19T05:55:21+00:00","mainEntityOfPage":{"@id":"https:\/\/dorogimedence.hu\/index.php\/2023\/01\/19\/ket-ingyenes-eloadassal-varja-nezoit-a-babits-mihaly-szinhaz\/"},"wordCount":466,"publisher":{"@id":"https:\/\/dorogimedence.hu\/#organization"},"image":{"@id":"https:\/\/dorogimedence.hu\/index.php\/2023\/01\/19\/ket-ingyenes-eloadassal-varja-nezoit-a-babits-mihaly-szinhaz\/#primaryimage"},"thumbnailUrl":"https:\/\/dorogimedence.hu\/wp-content\/uploads\/2023\/01\/babits-01.jpg","keywords":["Babits Mih\u00e1ly Sz\u00ednh\u00e1z","esztergom","program","sz\u00ednh\u00e1z"],"articleSection":["Esztergom","H\u00edrek","Programok"],"inLanguage":"hu"},{"@type":"WebPage","@id":"https:\/\/dorogimedence.hu\/index.php\/2023\/01\/19\/ket-ingyenes-eloadassal-varja-nezoit-a-babits-mihaly-szinhaz\/","url":"https:\/\/dorogimedence.hu\/index.php\/2023\/01\/19\/ket-ingyenes-eloadassal-varja-nezoit-a-babits-mihaly-szinhaz\/","name":"K\u00e9t ingyenes el\u0151ad\u00e1ssal v\u00e1rja n\u00e9z\u0151it a Babits Mih\u00e1ly Sz\u00ednh\u00e1z","isPartOf":{"@id":"https:\/\/dorogimedence.hu\/#website"},"primaryImageOfPage":{"@id":"https:\/\/dorogimedence.hu\/index.php\/2023\/01\/19\/ket-ingyenes-eloadassal-varja-nezoit-a-babits-mihaly-szinhaz\/#primaryimage"},"image":{"@id":"https:\/\/dorogimedence.hu\/index.php\/2023\/01\/19\/ket-ingyenes-eloadassal-varja-nezoit-a-babits-mihaly-szinhaz\/#primaryimage"},"thumbnailUrl":"https:\/\/dorogimedence.hu\/wp-content\/uploads\/2023\/01\/babits-01.jpg","datePublished":"2023-01-19T05:53:33+00:00","dateModified":"2023-01-19T05:55:21+00:00","breadcrumb":{"@id":"https:\/\/dorogimedence.hu\/index.php\/2023\/01\/19\/ket-ingyenes-eloadassal-varja-nezoit-a-babits-mihaly-szinhaz\/#breadcrumb"},"inLanguage":"hu","potentialAction":[{"@type":"ReadAction","target":["https:\/\/dorogimedence.hu\/index.php\/2023\/01\/19\/ket-ingyenes-eloadassal-varja-nezoit-a-babits-mihaly-szinhaz\/"]}]},{"@type":"ImageObject","inLanguage":"hu","@id":"https:\/\/dorogimedence.hu\/index.php\/2023\/01\/19\/ket-ingyenes-eloadassal-varja-nezoit-a-babits-mihaly-szinhaz\/#primaryimage","url":"https:\/\/dorogimedence.hu\/wp-content\/uploads\/2023\/01\/babits-01.jpg","contentUrl":"https:\/\/dorogimedence.hu\/wp-content\/uploads\/2023\/01\/babits-01.jpg","width":1188,"height":755},{"@type":"BreadcrumbList","@id":"https:\/\/dorogimedence.hu\/index.php\/2023\/01\/19\/ket-ingyenes-eloadassal-varja-nezoit-a-babits-mihaly-szinhaz\/#breadcrumb","itemListElement":[{"@type":"ListItem","position":1,"name":"Kezd\u0151lap","item":"https:\/\/dorogimedence.hu\/"},{"@type":"ListItem","position":2,"name":"K\u00e9t ingyenes el\u0151ad\u00e1ssal v\u00e1rja n\u00e9z\u0151it a Babits Mih\u00e1ly Sz\u00ednh\u00e1z"}]},{"@type":"WebSite","@id":"https:\/\/dorogimedence.hu\/#website","url":"https:\/\/dorogimedence.hu\/","name":"Dorogi-medence Region\u00e1lis H\u00edrport\u00e1l","description":"Dorog, Keszt\u00f6lc, Le\u00e1nyv\u00e1r, Piliscs\u00e9v, Tokod, Tokodalt\u00e1r\u00f3, Csolnok, Esztergom-kertv\u00e1ros: h\u00edrek, programok","publisher":{"@id":"https:\/\/dorogimedence.hu\/#organization"},"potentialAction":[{"@type":"SearchAction","target":{"@type":"EntryPoint","urlTemplate":"https:\/\/dorogimedence.hu\/?s={search_term_string}"},"query-input":{"@type":"PropertyValueSpecification","valueRequired":true,"valueName":"search_term_string"}}],"inLanguage":"hu"},{"@type":"Organization","@id":"https:\/\/dorogimedence.hu\/#organization","name":"Dorogi-medence Region\u00e1lis H\u00edrport\u00e1l","url":"https:\/\/dorogimedence.hu\/","logo":{"@type":"ImageObject","inLanguage":"hu","@id":"https:\/\/dorogimedence.hu\/#\/schema\/logo\/image\/","url":"https:\/\/dorogimedence.hu\/wp-content\/uploads\/2021\/04\/logo-feher-600.png","contentUrl":"https:\/\/dorogimedence.hu\/wp-content\/uploads\/2021\/04\/logo-feher-600.png","width":600,"height":100,"caption":"Dorogi-medence Region\u00e1lis H\u00edrport\u00e1l"},"image":{"@id":"https:\/\/dorogimedence.hu\/#\/schema\/logo\/image\/"},"sameAs":["https:\/\/www.facebook.com\/dorogimedence\/"]},{"@type":"Person","@id":"https:\/\/dorogimedence.hu\/#\/schema\/person\/ce6091eeb7e95ecdc87890d6aa8e0fd4","name":"dorogimedence.hu","image":{"@type":"ImageObject","inLanguage":"hu","@id":"\/\/www.gravatar.com\/avatar\/d8d45f8901aadff40a4af72c0b826f1d?s=96&#038;r=g&#038;d=mm","url":"\/\/www.gravatar.com\/avatar\/d8d45f8901aadff40a4af72c0b826f1d?s=96&#038;r=g&#038;d=mm","contentUrl":"\/\/www.gravatar.com\/avatar\/d8d45f8901aadff40a4af72c0b826f1d?s=96&#038;r=g&#038;d=mm","caption":"dorogimedence.hu"}}]}},"_links":{"self":[{"href":"https:\/\/dorogimedence.hu\/index.php\/wp-json\/wp\/v2\/posts\/49564","targetHints":{"allow":["GET"]}}],"collection":[{"href":"https:\/\/dorogimedence.hu\/index.php\/wp-json\/wp\/v2\/posts"}],"about":[{"href":"https:\/\/dorogimedence.hu\/index.php\/wp-json\/wp\/v2\/types\/post"}],"author":[{"embeddable":true,"href":"https:\/\/dorogimedence.hu\/index.php\/wp-json\/wp\/v2\/users\/1"}],"replies":[{"embeddable":true,"href":"https:\/\/dorogimedence.hu\/index.php\/wp-json\/wp\/v2\/comments?post=49564"}],"version-history":[{"count":0,"href":"https:\/\/dorogimedence.hu\/index.php\/wp-json\/wp\/v2\/posts\/49564\/revisions"}],"wp:featuredmedia":[{"embeddable":true,"href":"https:\/\/dorogimedence.hu\/index.php\/wp-json\/wp\/v2\/media\/49567"}],"wp:attachment":[{"href":"https:\/\/dorogimedence.hu\/index.php\/wp-json\/wp\/v2\/media?parent=49564"}],"wp:term":[{"taxonomy":"category","embeddable":true,"href":"https:\/\/dorogimedence.hu\/index.php\/wp-json\/wp\/v2\/categories?post=49564"},{"taxonomy":"post_tag","embeddable":true,"href":"https:\/\/dorogimedence.hu\/index.php\/wp-json\/wp\/v2\/tags?post=49564"}],"curies":[{"name":"wp","href":"https:\/\/api.w.org\/{rel}","templated":true}]}}