{"id":49522,"date":"2023-01-18T10:02:28","date_gmt":"2023-01-18T09:02:28","guid":{"rendered":"https:\/\/dorogimedence.hu\/?p=49522"},"modified":"2023-01-18T10:14:29","modified_gmt":"2023-01-18T09:14:29","slug":"esztergom-kornyeki-szexualis-ragadozot-itelt-el-a-birosag","status":"publish","type":"post","link":"https:\/\/dorogimedence.hu\/index.php\/2023\/01\/18\/esztergom-kornyeki-szexualis-ragadozot-itelt-el-a-birosag\/","title":{"rendered":"Esztergom k\u00f6rny\u00e9ki szexu\u00e1lis ragadoz\u00f3t \u00edt\u00e9lt el a b\u00edr\u00f3s\u00e1g"},"content":{"rendered":"<p><strong>\u00d6t \u00e9s f\u00e9l \u00e9v fegyh\u00e1zb\u00fcntet\u00e9sre \u00edt\u00e9lt\u00e9k azt a f\u00e9rfit, aki azzal zsarolt szexu\u00e1lisan egy fiatalkor\u00fa l\u00e1nyt, hogyha nem teljes\u00edti k\u00edv\u00e1ns\u00e1gait, apj\u00e1nak megmutatja a l\u00e1ny k\u00f6z\u00f6ss\u00e9gi oldalakon k\u00fcld\u00f6tt meztelen fot\u00f3it.<\/strong><\/p>\n<p>A 2007-ben sz\u00fcletett s\u00e9rtett \u00e9desanyja 2018 febru\u00e1rj\u00e1ban meghalt, a s\u00e9rtettet ezt k\u00f6vet\u0151en \u00e9desapja nevelte k\u00e9t testv\u00e9r\u00e9vel egy\u00fctt az Esztergomi J\u00e1r\u00e1sban. A s\u00e9rtett rendszeresen \u00e1tj\u00e1rt a v\u00e1dlotthoz, mivel a k\u00e9t csal\u00e1d j\u00f3l ismerte egym\u00e1st.<\/p>\n<p>A s\u00e9rtett megk\u00e9rte a v\u00e1dlottat, hogy az \u0151 telefonj\u00e1n internetes k\u00f6z\u00f6ss\u00e9gi oldalakat, \u00fczenetk\u00fcld\u0151 alkalmaz\u00e1st haszn\u00e1lhasson. A s\u00e9rtett kor\u00e1bban meztelen f\u00e9nyk\u00e9pfelv\u00e9teleket k\u00e9sz\u00edtett saj\u00e1t mag\u00e1r\u00f3l, melyet egyik ismer\u0151s\u00e9nek az alkalmaz\u00e1s seg\u00edts\u00e9g\u00e9vel elk\u00fcld\u00f6tt. Mivel a s\u00e9rtett a v\u00e1dlott telefonj\u00e1n is bel\u00e9pett a saj\u00e1t fi\u00f3kj\u00e1ba, \u00edgy a v\u00e1dlott sz\u00e1m\u00e1ra is el\u00e9rhet\u0151v\u00e9 v\u00e1lt az.<\/p>\n<p>A v\u00e1dlott a mobiltelefonj\u00e1n a fot\u00f3t megtal\u00e1lta, majd a s\u00e9rtettel k\u00f6z\u00f6lte, hogy ezeket a k\u00e9peket meg fogja mutatni az \u00e9desapj\u00e1nak, hogyha nem engedi, hogy simogassa a mell\u00e9t \u00e9s nemi szerv\u00e9t. A v\u00e1dlott el\u0151sz\u00f6r 2019. szeptember 29. napj\u00e1n, amikor a s\u00e9rtett a 12. \u00e9let\u00e9v\u00e9t m\u00e9g nem t\u00f6lt\u00f6tte be, majd e napt\u00f3l 2020 j\u00fanius\u00e1ig, heti rendszeress\u00e9ggel, nemi v\u00e1gy\u00e1nak felkelt\u00e9se c\u00e9lj\u00e1b\u00f3l simogatta a s\u00e9rtett mell\u00e9t \u00e9s a nemi szerv\u00e9t, illetve el\u0151fordult, hogy a v\u00e1dlott megk\u00e9rte a s\u00e9rtettet, hogy az \u0151 nemi szerv\u00e9t is fogja \u00e9s simogassa, aminek a s\u00e9rtett eleget tett.<\/p>\n<p>A szexu\u00e1lis er\u0151szak b\u0171ntette \u00e9s szexu\u00e1lis vissza\u00e9l\u00e9s b\u0171ntette miatt indult \u00fcgyben az Esztergomi J\u00e1r\u00e1si \u00dcgy\u00e9szs\u00e9g v\u00e1dirata alapj\u00e1n az Esztergomi J\u00e1r\u00e1sb\u00edr\u00f3s\u00e1g a 2023. janu\u00e1r 17. napj\u00e1n tartott t\u00e1rgyal\u00e1son a v\u00e1dlottat 5 \u00e9v 6 h\u00f3nap fegyh\u00e1zb\u00fcntet\u00e9sre \u00e9s 5 \u00e9v k\u00f6z\u00fcgyekt\u0151l eltilt\u00e1sra \u00edt\u00e9lte. A b\u00edr\u00f3s\u00e1g eltiltotta tov\u00e1bb\u00e1 az elk\u00f6vet\u0151t v\u00e9gleges hat\u00e1llyal b\u00e1rmely olyan foglalkoz\u00e1s gyakorl\u00e1s\u00e1t\u00f3l vagy egy\u00e9b tev\u00e9kenys\u00e9gt\u0151l, amelynek keret\u00e9ben 18. \u00e9let\u00e9v\u00e9t be nem t\u00f6lt\u00f6tt szem\u00e9ly nevel\u00e9s\u00e9t, fel\u00fcgyelet\u00e9t, gondoz\u00e1s\u00e1t, gy\u00f3gykezel\u00e9s\u00e9t v\u00e9gzi, illetve ilyen szem\u00e9llyel egy\u00e9b hatalmi vagy befoly\u00e1si viszonyban \u00e1ll. Az \u00edt\u00e9let nem joger\u0151s, a v\u00e1dlott \u00e9s a v\u00e9d\u0151je felment\u00e9s\u00e9rt, enyh\u00edt\u00e9s\u00e9rt jelentett be fellebbez\u00e9st, az \u00fcgy\u00e9sz 3 napot tartott fenn a jognyilatkozat megt\u00e9tel\u00e9re.<\/p>\n<p><em>Forr\u00e1s: Kom\u00e1rom-Esztergom V\u00e1rmegyei F\u0151\u00fcgy\u00e9szs\u00e9g \/ Tatab\u00e1nyai T\u00f6rv\u00e9nysz\u00e9k<\/em><\/p>\n","protected":false},"excerpt":{"rendered":"<p>\u00d6t \u00e9s f\u00e9l \u00e9v fegyh\u00e1zb\u00fcntet\u00e9sre \u00edt\u00e9lt\u00e9k azt a f\u00e9rfit, aki azzal zsarolt szexu\u00e1lisan egy fiatalkor\u00fa l\u00e1nyt, hogyha nem teljes\u00edti k\u00edv\u00e1ns\u00e1gait, apj\u00e1nak megmutatja a l\u00e1ny k\u00f6z\u00f6ss\u00e9gi oldalakon k\u00fcld\u00f6tt meztelen fot\u00f3it. A 2007-ben sz\u00fcletett s\u00e9rtett \u00e9desanyja 2018 febru\u00e1rj\u00e1ban meghalt, a s\u00e9rtettet ezt k\u00f6vet\u0151en \u00e9desapja nevelte k\u00e9t testv\u00e9r\u00e9vel egy\u00fctt az Esztergomi J\u00e1r\u00e1sban. A s\u00e9rtett rendszeresen \u00e1tj\u00e1rt a v\u00e1dlotthoz,<\/p>\n","protected":false},"author":1,"featured_media":49523,"comment_status":"closed","ping_status":"closed","sticky":false,"template":"","format":"standard","meta":{"ngg_post_thumbnail":0,"footnotes":""},"categories":[3,39],"tags":[1042,63,61,326],"class_list":{"0":"post-49522","1":"post","2":"type-post","3":"status-publish","4":"format-standard","5":"has-post-thumbnail","7":"category-hirek","8":"category-kek-hirek","9":"tag-birosag","10":"tag-buncselekmeny","11":"tag-rendorsegi-hirek","12":"tag-ugyeszseg"},"yoast_head":"<!-- This site is optimized with the Yoast SEO plugin v27.5 - https:\/\/yoast.com\/product\/yoast-seo-wordpress\/ -->\n<title>Esztergom k\u00f6rny\u00e9ki szexu\u00e1lis ragadoz\u00f3t \u00edt\u00e9lt el a b\u00edr\u00f3s\u00e1g<\/title>\n<meta name=\"robots\" content=\"index, follow, max-snippet:-1, max-image-preview:large, max-video-preview:-1\" \/>\n<link rel=\"canonical\" href=\"https:\/\/dorogimedence.hu\/index.php\/2023\/01\/18\/esztergom-kornyeki-szexualis-ragadozot-itelt-el-a-birosag\/\" class=\"yoast-seo-meta-tag\" \/>\n<meta property=\"og:locale\" content=\"hu_HU\" class=\"yoast-seo-meta-tag\" \/>\n<meta property=\"og:type\" content=\"article\" class=\"yoast-seo-meta-tag\" \/>\n<meta property=\"og:title\" content=\"Esztergom k\u00f6rny\u00e9ki szexu\u00e1lis ragadoz\u00f3t \u00edt\u00e9lt el a b\u00edr\u00f3s\u00e1g\" class=\"yoast-seo-meta-tag\" \/>\n<meta property=\"og:description\" content=\"\u00d6t \u00e9s f\u00e9l \u00e9v fegyh\u00e1zb\u00fcntet\u00e9sre \u00edt\u00e9lt\u00e9k azt a f\u00e9rfit, aki azzal zsarolt szexu\u00e1lisan egy fiatalkor\u00fa l\u00e1nyt, hogyha nem teljes\u00edti k\u00edv\u00e1ns\u00e1gait, apj\u00e1nak megmutatja a l\u00e1ny k\u00f6z\u00f6ss\u00e9gi oldalakon k\u00fcld\u00f6tt meztelen fot\u00f3it. A 2007-ben sz\u00fcletett s\u00e9rtett \u00e9desanyja 2018 febru\u00e1rj\u00e1ban meghalt, a s\u00e9rtettet ezt k\u00f6vet\u0151en \u00e9desapja nevelte k\u00e9t testv\u00e9r\u00e9vel egy\u00fctt az Esztergomi J\u00e1r\u00e1sban. A s\u00e9rtett rendszeresen \u00e1tj\u00e1rt a v\u00e1dlotthoz,\" class=\"yoast-seo-meta-tag\" \/>\n<meta property=\"og:url\" content=\"https:\/\/dorogimedence.hu\/index.php\/2023\/01\/18\/esztergom-kornyeki-szexualis-ragadozot-itelt-el-a-birosag\/\" class=\"yoast-seo-meta-tag\" \/>\n<meta property=\"og:site_name\" content=\"Dorogi-medence Region\u00e1lis H\u00edrport\u00e1l\" class=\"yoast-seo-meta-tag\" \/>\n<meta property=\"article:publisher\" content=\"https:\/\/www.facebook.com\/dorogimedence\/\" class=\"yoast-seo-meta-tag\" \/>\n<meta property=\"article:published_time\" content=\"2023-01-18T09:02:28+00:00\" class=\"yoast-seo-meta-tag\" \/>\n<meta property=\"article:modified_time\" content=\"2023-01-18T09:14:29+00:00\" class=\"yoast-seo-meta-tag\" \/>\n<meta property=\"og:image\" content=\"https:\/\/dorogimedence.hu\/wp-content\/uploads\/2023\/01\/woman-1006100_1920.jpg\" class=\"yoast-seo-meta-tag\" \/>\n\t<meta property=\"og:image:width\" content=\"1920\" class=\"yoast-seo-meta-tag\" \/>\n\t<meta property=\"og:image:height\" content=\"1082\" class=\"yoast-seo-meta-tag\" \/>\n\t<meta property=\"og:image:type\" content=\"image\/jpeg\" class=\"yoast-seo-meta-tag\" \/>\n<meta name=\"author\" content=\"dorogimedence.hu\" class=\"yoast-seo-meta-tag\" \/>\n<meta name=\"twitter:card\" content=\"summary_large_image\" class=\"yoast-seo-meta-tag\" \/>\n<meta name=\"twitter:label1\" content=\"Szerz\u0151:\" class=\"yoast-seo-meta-tag\" \/>\n\t<meta name=\"twitter:data1\" content=\"dorogimedence.hu\" class=\"yoast-seo-meta-tag\" \/>\n\t<meta name=\"twitter:label2\" content=\"Becs\u00fclt olvas\u00e1si id\u0151\" class=\"yoast-seo-meta-tag\" \/>\n\t<meta name=\"twitter:data2\" content=\"3 perc\" class=\"yoast-seo-meta-tag\" \/>\n<script type=\"application\/ld+json\" class=\"yoast-schema-graph\">{\"@context\":\"https:\\\/\\\/schema.org\",\"@graph\":[{\"@type\":\"Article\",\"@id\":\"https:\\\/\\\/dorogimedence.hu\\\/index.php\\\/2023\\\/01\\\/18\\\/esztergom-kornyeki-szexualis-ragadozot-itelt-el-a-birosag\\\/#article\",\"isPartOf\":{\"@id\":\"https:\\\/\\\/dorogimedence.hu\\\/index.php\\\/2023\\\/01\\\/18\\\/esztergom-kornyeki-szexualis-ragadozot-itelt-el-a-birosag\\\/\"},\"author\":{\"name\":\"dorogimedence.hu\",\"@id\":\"https:\\\/\\\/dorogimedence.hu\\\/#\\\/schema\\\/person\\\/ce6091eeb7e95ecdc87890d6aa8e0fd4\"},\"headline\":\"Esztergom k\u00f6rny\u00e9ki szexu\u00e1lis ragadoz\u00f3t \u00edt\u00e9lt el a b\u00edr\u00f3s\u00e1g\",\"datePublished\":\"2023-01-18T09:02:28+00:00\",\"dateModified\":\"2023-01-18T09:14:29+00:00\",\"mainEntityOfPage\":{\"@id\":\"https:\\\/\\\/dorogimedence.hu\\\/index.php\\\/2023\\\/01\\\/18\\\/esztergom-kornyeki-szexualis-ragadozot-itelt-el-a-birosag\\\/\"},\"wordCount\":521,\"publisher\":{\"@id\":\"https:\\\/\\\/dorogimedence.hu\\\/#organization\"},\"image\":{\"@id\":\"https:\\\/\\\/dorogimedence.hu\\\/index.php\\\/2023\\\/01\\\/18\\\/esztergom-kornyeki-szexualis-ragadozot-itelt-el-a-birosag\\\/#primaryimage\"},\"thumbnailUrl\":\"https:\\\/\\\/dorogimedence.hu\\\/wp-content\\\/uploads\\\/2023\\\/01\\\/woman-1006100_1920.jpg\",\"keywords\":[\"b\u00edr\u00f3s\u00e1g\",\"b\u0171ncselekm\u00e9ny\",\"rend\u0151rs\u00e9gi h\u00edrek\",\"\u00fcgy\u00e9szs\u00e9g\"],\"articleSection\":[\"H\u00edrek\",\"K\u00e9k h\u00edrek\"],\"inLanguage\":\"hu\"},{\"@type\":\"WebPage\",\"@id\":\"https:\\\/\\\/dorogimedence.hu\\\/index.php\\\/2023\\\/01\\\/18\\\/esztergom-kornyeki-szexualis-ragadozot-itelt-el-a-birosag\\\/\",\"url\":\"https:\\\/\\\/dorogimedence.hu\\\/index.php\\\/2023\\\/01\\\/18\\\/esztergom-kornyeki-szexualis-ragadozot-itelt-el-a-birosag\\\/\",\"name\":\"Esztergom k\u00f6rny\u00e9ki szexu\u00e1lis ragadoz\u00f3t \u00edt\u00e9lt el a b\u00edr\u00f3s\u00e1g\",\"isPartOf\":{\"@id\":\"https:\\\/\\\/dorogimedence.hu\\\/#website\"},\"primaryImageOfPage\":{\"@id\":\"https:\\\/\\\/dorogimedence.hu\\\/index.php\\\/2023\\\/01\\\/18\\\/esztergom-kornyeki-szexualis-ragadozot-itelt-el-a-birosag\\\/#primaryimage\"},\"image\":{\"@id\":\"https:\\\/\\\/dorogimedence.hu\\\/index.php\\\/2023\\\/01\\\/18\\\/esztergom-kornyeki-szexualis-ragadozot-itelt-el-a-birosag\\\/#primaryimage\"},\"thumbnailUrl\":\"https:\\\/\\\/dorogimedence.hu\\\/wp-content\\\/uploads\\\/2023\\\/01\\\/woman-1006100_1920.jpg\",\"datePublished\":\"2023-01-18T09:02:28+00:00\",\"dateModified\":\"2023-01-18T09:14:29+00:00\",\"breadcrumb\":{\"@id\":\"https:\\\/\\\/dorogimedence.hu\\\/index.php\\\/2023\\\/01\\\/18\\\/esztergom-kornyeki-szexualis-ragadozot-itelt-el-a-birosag\\\/#breadcrumb\"},\"inLanguage\":\"hu\",\"potentialAction\":[{\"@type\":\"ReadAction\",\"target\":[\"https:\\\/\\\/dorogimedence.hu\\\/index.php\\\/2023\\\/01\\\/18\\\/esztergom-kornyeki-szexualis-ragadozot-itelt-el-a-birosag\\\/\"]}]},{\"@type\":\"ImageObject\",\"inLanguage\":\"hu\",\"@id\":\"https:\\\/\\\/dorogimedence.hu\\\/index.php\\\/2023\\\/01\\\/18\\\/esztergom-kornyeki-szexualis-ragadozot-itelt-el-a-birosag\\\/#primaryimage\",\"url\":\"https:\\\/\\\/dorogimedence.hu\\\/wp-content\\\/uploads\\\/2023\\\/01\\\/woman-1006100_1920.jpg\",\"contentUrl\":\"https:\\\/\\\/dorogimedence.hu\\\/wp-content\\\/uploads\\\/2023\\\/01\\\/woman-1006100_1920.jpg\",\"width\":1920,\"height\":1082},{\"@type\":\"BreadcrumbList\",\"@id\":\"https:\\\/\\\/dorogimedence.hu\\\/index.php\\\/2023\\\/01\\\/18\\\/esztergom-kornyeki-szexualis-ragadozot-itelt-el-a-birosag\\\/#breadcrumb\",\"itemListElement\":[{\"@type\":\"ListItem\",\"position\":1,\"name\":\"Kezd\u0151lap\",\"item\":\"https:\\\/\\\/dorogimedence.hu\\\/\"},{\"@type\":\"ListItem\",\"position\":2,\"name\":\"Esztergom k\u00f6rny\u00e9ki szexu\u00e1lis ragadoz\u00f3t \u00edt\u00e9lt el a b\u00edr\u00f3s\u00e1g\"}]},{\"@type\":\"WebSite\",\"@id\":\"https:\\\/\\\/dorogimedence.hu\\\/#website\",\"url\":\"https:\\\/\\\/dorogimedence.hu\\\/\",\"name\":\"Dorogi-medence Region\u00e1lis H\u00edrport\u00e1l\",\"description\":\"Dorog, Keszt\u00f6lc, Le\u00e1nyv\u00e1r, Piliscs\u00e9v, Tokod, Tokodalt\u00e1r\u00f3, Csolnok, Esztergom-kertv\u00e1ros: h\u00edrek, programok\",\"publisher\":{\"@id\":\"https:\\\/\\\/dorogimedence.hu\\\/#organization\"},\"potentialAction\":[{\"@type\":\"SearchAction\",\"target\":{\"@type\":\"EntryPoint\",\"urlTemplate\":\"https:\\\/\\\/dorogimedence.hu\\\/?s={search_term_string}\"},\"query-input\":{\"@type\":\"PropertyValueSpecification\",\"valueRequired\":true,\"valueName\":\"search_term_string\"}}],\"inLanguage\":\"hu\"},{\"@type\":\"Organization\",\"@id\":\"https:\\\/\\\/dorogimedence.hu\\\/#organization\",\"name\":\"Dorogi-medence Region\u00e1lis H\u00edrport\u00e1l\",\"url\":\"https:\\\/\\\/dorogimedence.hu\\\/\",\"logo\":{\"@type\":\"ImageObject\",\"inLanguage\":\"hu\",\"@id\":\"https:\\\/\\\/dorogimedence.hu\\\/#\\\/schema\\\/logo\\\/image\\\/\",\"url\":\"https:\\\/\\\/dorogimedence.hu\\\/wp-content\\\/uploads\\\/2021\\\/04\\\/logo-feher-600.png\",\"contentUrl\":\"https:\\\/\\\/dorogimedence.hu\\\/wp-content\\\/uploads\\\/2021\\\/04\\\/logo-feher-600.png\",\"width\":600,\"height\":100,\"caption\":\"Dorogi-medence Region\u00e1lis H\u00edrport\u00e1l\"},\"image\":{\"@id\":\"https:\\\/\\\/dorogimedence.hu\\\/#\\\/schema\\\/logo\\\/image\\\/\"},\"sameAs\":[\"https:\\\/\\\/www.facebook.com\\\/dorogimedence\\\/\"]},{\"@type\":\"Person\",\"@id\":\"https:\\\/\\\/dorogimedence.hu\\\/#\\\/schema\\\/person\\\/ce6091eeb7e95ecdc87890d6aa8e0fd4\",\"name\":\"dorogimedence.hu\",\"image\":{\"@type\":\"ImageObject\",\"inLanguage\":\"hu\",\"@id\":\"\\\/\\\/www.gravatar.com\\\/avatar\\\/d8d45f8901aadff40a4af72c0b826f1d?s=96&#038;r=g&#038;d=mm\",\"url\":\"\\\/\\\/www.gravatar.com\\\/avatar\\\/d8d45f8901aadff40a4af72c0b826f1d?s=96&#038;r=g&#038;d=mm\",\"contentUrl\":\"\\\/\\\/www.gravatar.com\\\/avatar\\\/d8d45f8901aadff40a4af72c0b826f1d?s=96&#038;r=g&#038;d=mm\",\"caption\":\"dorogimedence.hu\"}}]}<\/script>\n<!-- \/ Yoast SEO plugin. -->","yoast_head_json":{"title":"Esztergom k\u00f6rny\u00e9ki szexu\u00e1lis ragadoz\u00f3t \u00edt\u00e9lt el a b\u00edr\u00f3s\u00e1g","robots":{"index":"index","follow":"follow","max-snippet":"max-snippet:-1","max-image-preview":"max-image-preview:large","max-video-preview":"max-video-preview:-1"},"canonical":"https:\/\/dorogimedence.hu\/index.php\/2023\/01\/18\/esztergom-kornyeki-szexualis-ragadozot-itelt-el-a-birosag\/","og_locale":"hu_HU","og_type":"article","og_title":"Esztergom k\u00f6rny\u00e9ki szexu\u00e1lis ragadoz\u00f3t \u00edt\u00e9lt el a b\u00edr\u00f3s\u00e1g","og_description":"\u00d6t \u00e9s f\u00e9l \u00e9v fegyh\u00e1zb\u00fcntet\u00e9sre \u00edt\u00e9lt\u00e9k azt a f\u00e9rfit, aki azzal zsarolt szexu\u00e1lisan egy fiatalkor\u00fa l\u00e1nyt, hogyha nem teljes\u00edti k\u00edv\u00e1ns\u00e1gait, apj\u00e1nak megmutatja a l\u00e1ny k\u00f6z\u00f6ss\u00e9gi oldalakon k\u00fcld\u00f6tt meztelen fot\u00f3it. A 2007-ben sz\u00fcletett s\u00e9rtett \u00e9desanyja 2018 febru\u00e1rj\u00e1ban meghalt, a s\u00e9rtettet ezt k\u00f6vet\u0151en \u00e9desapja nevelte k\u00e9t testv\u00e9r\u00e9vel egy\u00fctt az Esztergomi J\u00e1r\u00e1sban. A s\u00e9rtett rendszeresen \u00e1tj\u00e1rt a v\u00e1dlotthoz,","og_url":"https:\/\/dorogimedence.hu\/index.php\/2023\/01\/18\/esztergom-kornyeki-szexualis-ragadozot-itelt-el-a-birosag\/","og_site_name":"Dorogi-medence Region\u00e1lis H\u00edrport\u00e1l","article_publisher":"https:\/\/www.facebook.com\/dorogimedence\/","article_published_time":"2023-01-18T09:02:28+00:00","article_modified_time":"2023-01-18T09:14:29+00:00","og_image":[{"width":1920,"height":1082,"url":"https:\/\/dorogimedence.hu\/wp-content\/uploads\/2023\/01\/woman-1006100_1920.jpg","type":"image\/jpeg"}],"author":"dorogimedence.hu","twitter_card":"summary_large_image","twitter_misc":{"Szerz\u0151:":"dorogimedence.hu","Becs\u00fclt olvas\u00e1si id\u0151":"3 perc"},"schema":{"@context":"https:\/\/schema.org","@graph":[{"@type":"Article","@id":"https:\/\/dorogimedence.hu\/index.php\/2023\/01\/18\/esztergom-kornyeki-szexualis-ragadozot-itelt-el-a-birosag\/#article","isPartOf":{"@id":"https:\/\/dorogimedence.hu\/index.php\/2023\/01\/18\/esztergom-kornyeki-szexualis-ragadozot-itelt-el-a-birosag\/"},"author":{"name":"dorogimedence.hu","@id":"https:\/\/dorogimedence.hu\/#\/schema\/person\/ce6091eeb7e95ecdc87890d6aa8e0fd4"},"headline":"Esztergom k\u00f6rny\u00e9ki szexu\u00e1lis ragadoz\u00f3t \u00edt\u00e9lt el a b\u00edr\u00f3s\u00e1g","datePublished":"2023-01-18T09:02:28+00:00","dateModified":"2023-01-18T09:14:29+00:00","mainEntityOfPage":{"@id":"https:\/\/dorogimedence.hu\/index.php\/2023\/01\/18\/esztergom-kornyeki-szexualis-ragadozot-itelt-el-a-birosag\/"},"wordCount":521,"publisher":{"@id":"https:\/\/dorogimedence.hu\/#organization"},"image":{"@id":"https:\/\/dorogimedence.hu\/index.php\/2023\/01\/18\/esztergom-kornyeki-szexualis-ragadozot-itelt-el-a-birosag\/#primaryimage"},"thumbnailUrl":"https:\/\/dorogimedence.hu\/wp-content\/uploads\/2023\/01\/woman-1006100_1920.jpg","keywords":["b\u00edr\u00f3s\u00e1g","b\u0171ncselekm\u00e9ny","rend\u0151rs\u00e9gi h\u00edrek","\u00fcgy\u00e9szs\u00e9g"],"articleSection":["H\u00edrek","K\u00e9k h\u00edrek"],"inLanguage":"hu"},{"@type":"WebPage","@id":"https:\/\/dorogimedence.hu\/index.php\/2023\/01\/18\/esztergom-kornyeki-szexualis-ragadozot-itelt-el-a-birosag\/","url":"https:\/\/dorogimedence.hu\/index.php\/2023\/01\/18\/esztergom-kornyeki-szexualis-ragadozot-itelt-el-a-birosag\/","name":"Esztergom k\u00f6rny\u00e9ki szexu\u00e1lis ragadoz\u00f3t \u00edt\u00e9lt el a b\u00edr\u00f3s\u00e1g","isPartOf":{"@id":"https:\/\/dorogimedence.hu\/#website"},"primaryImageOfPage":{"@id":"https:\/\/dorogimedence.hu\/index.php\/2023\/01\/18\/esztergom-kornyeki-szexualis-ragadozot-itelt-el-a-birosag\/#primaryimage"},"image":{"@id":"https:\/\/dorogimedence.hu\/index.php\/2023\/01\/18\/esztergom-kornyeki-szexualis-ragadozot-itelt-el-a-birosag\/#primaryimage"},"thumbnailUrl":"https:\/\/dorogimedence.hu\/wp-content\/uploads\/2023\/01\/woman-1006100_1920.jpg","datePublished":"2023-01-18T09:02:28+00:00","dateModified":"2023-01-18T09:14:29+00:00","breadcrumb":{"@id":"https:\/\/dorogimedence.hu\/index.php\/2023\/01\/18\/esztergom-kornyeki-szexualis-ragadozot-itelt-el-a-birosag\/#breadcrumb"},"inLanguage":"hu","potentialAction":[{"@type":"ReadAction","target":["https:\/\/dorogimedence.hu\/index.php\/2023\/01\/18\/esztergom-kornyeki-szexualis-ragadozot-itelt-el-a-birosag\/"]}]},{"@type":"ImageObject","inLanguage":"hu","@id":"https:\/\/dorogimedence.hu\/index.php\/2023\/01\/18\/esztergom-kornyeki-szexualis-ragadozot-itelt-el-a-birosag\/#primaryimage","url":"https:\/\/dorogimedence.hu\/wp-content\/uploads\/2023\/01\/woman-1006100_1920.jpg","contentUrl":"https:\/\/dorogimedence.hu\/wp-content\/uploads\/2023\/01\/woman-1006100_1920.jpg","width":1920,"height":1082},{"@type":"BreadcrumbList","@id":"https:\/\/dorogimedence.hu\/index.php\/2023\/01\/18\/esztergom-kornyeki-szexualis-ragadozot-itelt-el-a-birosag\/#breadcrumb","itemListElement":[{"@type":"ListItem","position":1,"name":"Kezd\u0151lap","item":"https:\/\/dorogimedence.hu\/"},{"@type":"ListItem","position":2,"name":"Esztergom k\u00f6rny\u00e9ki szexu\u00e1lis ragadoz\u00f3t \u00edt\u00e9lt el a b\u00edr\u00f3s\u00e1g"}]},{"@type":"WebSite","@id":"https:\/\/dorogimedence.hu\/#website","url":"https:\/\/dorogimedence.hu\/","name":"Dorogi-medence Region\u00e1lis H\u00edrport\u00e1l","description":"Dorog, Keszt\u00f6lc, Le\u00e1nyv\u00e1r, Piliscs\u00e9v, Tokod, Tokodalt\u00e1r\u00f3, Csolnok, Esztergom-kertv\u00e1ros: h\u00edrek, programok","publisher":{"@id":"https:\/\/dorogimedence.hu\/#organization"},"potentialAction":[{"@type":"SearchAction","target":{"@type":"EntryPoint","urlTemplate":"https:\/\/dorogimedence.hu\/?s={search_term_string}"},"query-input":{"@type":"PropertyValueSpecification","valueRequired":true,"valueName":"search_term_string"}}],"inLanguage":"hu"},{"@type":"Organization","@id":"https:\/\/dorogimedence.hu\/#organization","name":"Dorogi-medence Region\u00e1lis H\u00edrport\u00e1l","url":"https:\/\/dorogimedence.hu\/","logo":{"@type":"ImageObject","inLanguage":"hu","@id":"https:\/\/dorogimedence.hu\/#\/schema\/logo\/image\/","url":"https:\/\/dorogimedence.hu\/wp-content\/uploads\/2021\/04\/logo-feher-600.png","contentUrl":"https:\/\/dorogimedence.hu\/wp-content\/uploads\/2021\/04\/logo-feher-600.png","width":600,"height":100,"caption":"Dorogi-medence Region\u00e1lis H\u00edrport\u00e1l"},"image":{"@id":"https:\/\/dorogimedence.hu\/#\/schema\/logo\/image\/"},"sameAs":["https:\/\/www.facebook.com\/dorogimedence\/"]},{"@type":"Person","@id":"https:\/\/dorogimedence.hu\/#\/schema\/person\/ce6091eeb7e95ecdc87890d6aa8e0fd4","name":"dorogimedence.hu","image":{"@type":"ImageObject","inLanguage":"hu","@id":"\/\/www.gravatar.com\/avatar\/d8d45f8901aadff40a4af72c0b826f1d?s=96&#038;r=g&#038;d=mm","url":"\/\/www.gravatar.com\/avatar\/d8d45f8901aadff40a4af72c0b826f1d?s=96&#038;r=g&#038;d=mm","contentUrl":"\/\/www.gravatar.com\/avatar\/d8d45f8901aadff40a4af72c0b826f1d?s=96&#038;r=g&#038;d=mm","caption":"dorogimedence.hu"}}]}},"_links":{"self":[{"href":"https:\/\/dorogimedence.hu\/index.php\/wp-json\/wp\/v2\/posts\/49522","targetHints":{"allow":["GET"]}}],"collection":[{"href":"https:\/\/dorogimedence.hu\/index.php\/wp-json\/wp\/v2\/posts"}],"about":[{"href":"https:\/\/dorogimedence.hu\/index.php\/wp-json\/wp\/v2\/types\/post"}],"author":[{"embeddable":true,"href":"https:\/\/dorogimedence.hu\/index.php\/wp-json\/wp\/v2\/users\/1"}],"replies":[{"embeddable":true,"href":"https:\/\/dorogimedence.hu\/index.php\/wp-json\/wp\/v2\/comments?post=49522"}],"version-history":[{"count":0,"href":"https:\/\/dorogimedence.hu\/index.php\/wp-json\/wp\/v2\/posts\/49522\/revisions"}],"wp:featuredmedia":[{"embeddable":true,"href":"https:\/\/dorogimedence.hu\/index.php\/wp-json\/wp\/v2\/media\/49523"}],"wp:attachment":[{"href":"https:\/\/dorogimedence.hu\/index.php\/wp-json\/wp\/v2\/media?parent=49522"}],"wp:term":[{"taxonomy":"category","embeddable":true,"href":"https:\/\/dorogimedence.hu\/index.php\/wp-json\/wp\/v2\/categories?post=49522"},{"taxonomy":"post_tag","embeddable":true,"href":"https:\/\/dorogimedence.hu\/index.php\/wp-json\/wp\/v2\/tags?post=49522"}],"curies":[{"name":"wp","href":"https:\/\/api.w.org\/{rel}","templated":true}]}}