{"id":49372,"date":"2023-01-12T07:47:32","date_gmt":"2023-01-12T06:47:32","guid":{"rendered":"https:\/\/dorogimedence.hu\/?p=49372"},"modified":"2023-01-12T07:47:47","modified_gmt":"2023-01-12T06:47:47","slug":"szakkepzesi-konferenciat-tartott-a-nemzeti-pedagogus-kar","status":"publish","type":"post","link":"https:\/\/dorogimedence.hu\/index.php\/2023\/01\/12\/szakkepzesi-konferenciat-tartott-a-nemzeti-pedagogus-kar\/","title":{"rendered":"Szakk\u00e9pz\u00e9si konferenci\u00e1t tartott a Nemzeti Pedag\u00f3gus Kar"},"content":{"rendered":"<p><strong>Janu\u00e1r 11-\u00e9n, szerd\u00e1n az esztergomi Szent Adalbert K\u00f6zpontban szakk\u00e9pz\u00e9si z\u00e1r\u00f3konferenci\u00e1t tartott a Nemzeti Pedag\u00f3gus Kar (NPK).<\/strong><\/p>\n<p>A rendezv\u00e9ny elej\u00e9n k\u00f6sz\u00f6nt\u00f6tt\u00e9k a megh\u00edvott vend\u00e9geket, k\u00f6zt\u00fck Horv\u00e1th P\u00e9tert, az NPK eln\u00f6k\u00e9t, aki k\u00f6sz\u00f6nt\u0151j\u00e9ben kiemelte: az elm\u00falt egy \u00e9vben tartott sz\u00e1mtalan rendezv\u00e9ny alkalm\u00e1val kapcsolat j\u00f6hetett l\u00e9tre az \u00e1llam, valamint az int\u00e9zm\u00e9nyek, szakk\u00e9pz\u00e9si centrumok k\u00f6z\u00f6tt, az \u00e9rintettek megoszthatt\u00e1k egym\u00e1ssal a gondolataikat, javaslataikat, melyek v\u00e9gs\u0151 soron er\u0151s\u00edtik a szervezet elk\u00e9pzel\u00e9seit.<\/p>\n<p><img fetchpriority=\"high\" decoding=\"async\" class=\"alignnone size-large wp-image-49374\" src=\"https:\/\/dorogimedence.hu\/wp-content\/uploads\/2023\/01\/pedagogus-konferencia-02-1024x683.jpg\" alt=\"\" width=\"755\" height=\"504\" srcset=\"https:\/\/dorogimedence.hu\/wp-content\/uploads\/2023\/01\/pedagogus-konferencia-02-1024x683.jpg 1024w, https:\/\/dorogimedence.hu\/wp-content\/uploads\/2023\/01\/pedagogus-konferencia-02-300x200.jpg 300w, https:\/\/dorogimedence.hu\/wp-content\/uploads\/2023\/01\/pedagogus-konferencia-02-768x512.jpg 768w, https:\/\/dorogimedence.hu\/wp-content\/uploads\/2023\/01\/pedagogus-konferencia-02-1536x1024.jpg 1536w, https:\/\/dorogimedence.hu\/wp-content\/uploads\/2023\/01\/pedagogus-konferencia-02-150x100.jpg 150w, https:\/\/dorogimedence.hu\/wp-content\/uploads\/2023\/01\/pedagogus-konferencia-02-450x300.jpg 450w, https:\/\/dorogimedence.hu\/wp-content\/uploads\/2023\/01\/pedagogus-konferencia-02-1200x800.jpg 1200w, https:\/\/dorogimedence.hu\/wp-content\/uploads\/2023\/01\/pedagogus-konferencia-02-272x182.jpg 272w, https:\/\/dorogimedence.hu\/wp-content\/uploads\/2023\/01\/pedagogus-konferencia-02.jpg 1920w\" sizes=\"(max-width: 755px) 100vw, 755px\" \/><\/p>\n<p>Hern\u00e1di \u00c1d\u00e1m Esztergom polg\u00e1rmestere t\u00f6bbek k\u00f6z\u00f6tt arr\u00f3l besz\u00e9lt, hogy n\u0151tt a szakm\u00e1t megszerezni k\u00edv\u00e1n\u00f3 fiatalok sz\u00e1ma. \u00dagy v\u00e9li, hogy az esztergomi int\u00e9zm\u00e9nyekben a legkorszer\u0171bb tud\u00e1sban r\u00e9szes\u00fclhetnek a di\u00e1kok. Szerinte a t\u00e1rsadalmi k\u00f6rnyezet \u00e9s a d\u00f6nt\u00e9shoz\u00f3k hozz\u00e1tehetik a maguk tud\u00e1s\u00e1t a szakk\u00e9pz\u00e9s ter\u00fclet\u00e9n felv\u00e1zolt c\u00e9lok el\u00e9r\u00e9s\u00e9hez, de a siker a pedag\u00f3gusokon m\u00falik.<\/p>\n<p>Az el\u0151ad\u00f3k k\u00f6z\u00fcl els\u0151k\u00e9nt P\u00f6l\u00f6skei G\u00e1born\u00e9, a Kultur\u00e1lis \u00e9s Innov\u00e1ci\u00f3s Miniszt\u00e9rium (KIM) szakk\u00e9pz\u00e9s\u00e9rt felel\u0151s \u00e1llamtitk\u00e1ra mondta el a szegmens j\u00f6v\u0151j\u00e9vel, illetve a benne rejl\u0151 kih\u00edv\u00e1sokkal kapcsolatos gondolatait. A politikus ismertette azokat a strat\u00e9giai c\u00e9lokat, melyek ment\u00e9n a magyarorsz\u00e1gi szakk\u00e9pz\u00e9s m\u00e1sf\u00e9l \u00e9vtizeden bel\u00fcl felz\u00e1rk\u00f3zhat az eur\u00f3pai \u00e9llovasokhoz.<\/p>\n<p><img decoding=\"async\" class=\"alignnone size-large wp-image-49375\" src=\"https:\/\/dorogimedence.hu\/wp-content\/uploads\/2023\/01\/pedagogus-konferencia-03-1024x683.jpg\" alt=\"\" width=\"755\" height=\"504\" srcset=\"https:\/\/dorogimedence.hu\/wp-content\/uploads\/2023\/01\/pedagogus-konferencia-03-1024x683.jpg 1024w, https:\/\/dorogimedence.hu\/wp-content\/uploads\/2023\/01\/pedagogus-konferencia-03-300x200.jpg 300w, https:\/\/dorogimedence.hu\/wp-content\/uploads\/2023\/01\/pedagogus-konferencia-03-768x512.jpg 768w, https:\/\/dorogimedence.hu\/wp-content\/uploads\/2023\/01\/pedagogus-konferencia-03-1536x1024.jpg 1536w, https:\/\/dorogimedence.hu\/wp-content\/uploads\/2023\/01\/pedagogus-konferencia-03-150x100.jpg 150w, https:\/\/dorogimedence.hu\/wp-content\/uploads\/2023\/01\/pedagogus-konferencia-03-450x300.jpg 450w, https:\/\/dorogimedence.hu\/wp-content\/uploads\/2023\/01\/pedagogus-konferencia-03-1200x800.jpg 1200w, https:\/\/dorogimedence.hu\/wp-content\/uploads\/2023\/01\/pedagogus-konferencia-03-272x182.jpg 272w, https:\/\/dorogimedence.hu\/wp-content\/uploads\/2023\/01\/pedagogus-konferencia-03.jpg 1920w\" sizes=\"(max-width: 755px) 100vw, 755px\" \/><\/p>\n<p>Sz\u00f3 volt arr\u00f3l, hogy vonz\u00f3, rugalmas, ide\u00e1lis k\u00f6rnyezetet kell biztos\u00edtaniuk ahhoz, hogy mindenki j\u00f3l \u00e9rezze mag\u00e1t a szakk\u00e9pz\u00e9sben, ahol motiv\u00e1lt, magasan k\u00e9pzett oktat\u00f3knak kellene dolgozniuk. P\u00f6l\u00f6skei G\u00e1born\u00e9 kit\u00e9rt arra is, hogy szeretn\u00e9k, ha 2030-ra minden 35 \u00e9v alatti szem\u00e9lynek lehetne legal\u00e1bb egy szakm\u00e1ja.<\/p>\n<p>A folytat\u00e1sban a tov\u00e1bbi el\u0151ad\u00e1sok keret\u00e9ben kit\u00e9rtek a du\u00e1lis k\u00e9pz\u00e9ssel kapcsolatos tapasztalatokra, j\u00f3 p\u00e9ld\u00e1kat is bemutattak, illetve g\u00f3rcs\u0151 al\u00e1 ker\u00fclt a miniszt\u00e9rium \u00e9s a NPK k\u00f6z\u00f6tti egy\u00fcttm\u0171k\u00f6d\u00e9s is.<\/p>\n","protected":false},"excerpt":{"rendered":"<p>Janu\u00e1r 11-\u00e9n, szerd\u00e1n az esztergomi Szent Adalbert K\u00f6zpontban szakk\u00e9pz\u00e9si z\u00e1r\u00f3konferenci\u00e1t tartott a Nemzeti Pedag\u00f3gus Kar (NPK). A rendezv\u00e9ny elej\u00e9n k\u00f6sz\u00f6nt\u00f6tt\u00e9k a megh\u00edvott vend\u00e9geket, k\u00f6zt\u00fck Horv\u00e1th P\u00e9tert, az NPK eln\u00f6k\u00e9t, aki k\u00f6sz\u00f6nt\u0151j\u00e9ben kiemelte: az elm\u00falt egy \u00e9vben tartott sz\u00e1mtalan rendezv\u00e9ny alkalm\u00e1val kapcsolat j\u00f6hetett l\u00e9tre az \u00e1llam, valamint az int\u00e9zm\u00e9nyek, szakk\u00e9pz\u00e9si centrumok k\u00f6z\u00f6tt, az \u00e9rintettek megoszthatt\u00e1k egym\u00e1ssal<\/p>\n","protected":false},"author":1,"featured_media":49373,"comment_status":"closed","ping_status":"closed","sticky":false,"template":"","format":"standard","meta":{"ngg_post_thumbnail":0,"footnotes":""},"categories":[38,3],"tags":[42,5624,6910,3768,845],"class_list":{"0":"post-49372","1":"post","2":"type-post","3":"status-publish","4":"format-standard","5":"has-post-thumbnail","7":"category-esztergom","8":"category-hirek","9":"tag-esztergom","10":"tag-featured","11":"tag-nemzeti-pedagogus-kar","12":"tag-pedagogus-konferencia","13":"tag-szent-adalbert-kozpont"},"yoast_head":"<!-- This site is optimized with the Yoast SEO plugin v27.4 - https:\/\/yoast.com\/product\/yoast-seo-wordpress\/ -->\n<title>Szakk\u00e9pz\u00e9si konferenci\u00e1t tartott a Nemzeti Pedag\u00f3gus Kar<\/title>\n<meta name=\"robots\" content=\"index, follow, max-snippet:-1, max-image-preview:large, max-video-preview:-1\" \/>\n<link rel=\"canonical\" href=\"https:\/\/dorogimedence.hu\/index.php\/2023\/01\/12\/szakkepzesi-konferenciat-tartott-a-nemzeti-pedagogus-kar\/\" class=\"yoast-seo-meta-tag\" \/>\n<meta property=\"og:locale\" content=\"hu_HU\" class=\"yoast-seo-meta-tag\" \/>\n<meta property=\"og:type\" content=\"article\" class=\"yoast-seo-meta-tag\" \/>\n<meta property=\"og:title\" content=\"Szakk\u00e9pz\u00e9si konferenci\u00e1t tartott a Nemzeti Pedag\u00f3gus Kar\" class=\"yoast-seo-meta-tag\" \/>\n<meta property=\"og:description\" content=\"Janu\u00e1r 11-\u00e9n, szerd\u00e1n az esztergomi Szent Adalbert K\u00f6zpontban szakk\u00e9pz\u00e9si z\u00e1r\u00f3konferenci\u00e1t tartott a Nemzeti Pedag\u00f3gus Kar (NPK). A rendezv\u00e9ny elej\u00e9n k\u00f6sz\u00f6nt\u00f6tt\u00e9k a megh\u00edvott vend\u00e9geket, k\u00f6zt\u00fck Horv\u00e1th P\u00e9tert, az NPK eln\u00f6k\u00e9t, aki k\u00f6sz\u00f6nt\u0151j\u00e9ben kiemelte: az elm\u00falt egy \u00e9vben tartott sz\u00e1mtalan rendezv\u00e9ny alkalm\u00e1val kapcsolat j\u00f6hetett l\u00e9tre az \u00e1llam, valamint az int\u00e9zm\u00e9nyek, szakk\u00e9pz\u00e9si centrumok k\u00f6z\u00f6tt, az \u00e9rintettek megoszthatt\u00e1k egym\u00e1ssal\" class=\"yoast-seo-meta-tag\" \/>\n<meta property=\"og:url\" content=\"https:\/\/dorogimedence.hu\/index.php\/2023\/01\/12\/szakkepzesi-konferenciat-tartott-a-nemzeti-pedagogus-kar\/\" class=\"yoast-seo-meta-tag\" \/>\n<meta property=\"og:site_name\" content=\"Dorogi-medence Region\u00e1lis H\u00edrport\u00e1l\" class=\"yoast-seo-meta-tag\" \/>\n<meta property=\"article:publisher\" content=\"https:\/\/www.facebook.com\/dorogimedence\/\" class=\"yoast-seo-meta-tag\" \/>\n<meta property=\"article:published_time\" content=\"2023-01-12T06:47:32+00:00\" class=\"yoast-seo-meta-tag\" \/>\n<meta property=\"article:modified_time\" content=\"2023-01-12T06:47:47+00:00\" class=\"yoast-seo-meta-tag\" \/>\n<meta property=\"og:image\" content=\"https:\/\/dorogimedence.hu\/wp-content\/uploads\/2023\/01\/pedagogus-konferencia-01.jpg\" class=\"yoast-seo-meta-tag\" \/>\n\t<meta property=\"og:image:width\" content=\"1920\" class=\"yoast-seo-meta-tag\" \/>\n\t<meta property=\"og:image:height\" content=\"1199\" class=\"yoast-seo-meta-tag\" \/>\n\t<meta property=\"og:image:type\" content=\"image\/jpeg\" class=\"yoast-seo-meta-tag\" \/>\n<meta name=\"author\" content=\"dorogimedence.hu\" class=\"yoast-seo-meta-tag\" \/>\n<meta name=\"twitter:card\" content=\"summary_large_image\" class=\"yoast-seo-meta-tag\" \/>\n<meta name=\"twitter:label1\" content=\"Szerz\u0151:\" class=\"yoast-seo-meta-tag\" \/>\n\t<meta name=\"twitter:data1\" content=\"dorogimedence.hu\" class=\"yoast-seo-meta-tag\" \/>\n\t<meta name=\"twitter:label2\" content=\"Becs\u00fclt olvas\u00e1si id\u0151\" class=\"yoast-seo-meta-tag\" \/>\n\t<meta name=\"twitter:data2\" content=\"2 perc\" class=\"yoast-seo-meta-tag\" \/>\n<script type=\"application\/ld+json\" class=\"yoast-schema-graph\">{\"@context\":\"https:\\\/\\\/schema.org\",\"@graph\":[{\"@type\":\"Article\",\"@id\":\"https:\\\/\\\/dorogimedence.hu\\\/index.php\\\/2023\\\/01\\\/12\\\/szakkepzesi-konferenciat-tartott-a-nemzeti-pedagogus-kar\\\/#article\",\"isPartOf\":{\"@id\":\"https:\\\/\\\/dorogimedence.hu\\\/index.php\\\/2023\\\/01\\\/12\\\/szakkepzesi-konferenciat-tartott-a-nemzeti-pedagogus-kar\\\/\"},\"author\":{\"name\":\"dorogimedence.hu\",\"@id\":\"https:\\\/\\\/dorogimedence.hu\\\/#\\\/schema\\\/person\\\/ce6091eeb7e95ecdc87890d6aa8e0fd4\"},\"headline\":\"Szakk\u00e9pz\u00e9si konferenci\u00e1t tartott a Nemzeti Pedag\u00f3gus Kar\",\"datePublished\":\"2023-01-12T06:47:32+00:00\",\"dateModified\":\"2023-01-12T06:47:47+00:00\",\"mainEntityOfPage\":{\"@id\":\"https:\\\/\\\/dorogimedence.hu\\\/index.php\\\/2023\\\/01\\\/12\\\/szakkepzesi-konferenciat-tartott-a-nemzeti-pedagogus-kar\\\/\"},\"wordCount\":404,\"publisher\":{\"@id\":\"https:\\\/\\\/dorogimedence.hu\\\/#organization\"},\"image\":{\"@id\":\"https:\\\/\\\/dorogimedence.hu\\\/index.php\\\/2023\\\/01\\\/12\\\/szakkepzesi-konferenciat-tartott-a-nemzeti-pedagogus-kar\\\/#primaryimage\"},\"thumbnailUrl\":\"https:\\\/\\\/dorogimedence.hu\\\/wp-content\\\/uploads\\\/2023\\\/01\\\/pedagogus-konferencia-01.jpg\",\"keywords\":[\"esztergom\",\"featured\",\"Nemzeti Pedag\u00f3gus Kar\",\"pedag\u00f3gus konferencia\",\"Szent Adalbert K\u00f6zpont\"],\"articleSection\":[\"Esztergom\",\"H\u00edrek\"],\"inLanguage\":\"hu\"},{\"@type\":\"WebPage\",\"@id\":\"https:\\\/\\\/dorogimedence.hu\\\/index.php\\\/2023\\\/01\\\/12\\\/szakkepzesi-konferenciat-tartott-a-nemzeti-pedagogus-kar\\\/\",\"url\":\"https:\\\/\\\/dorogimedence.hu\\\/index.php\\\/2023\\\/01\\\/12\\\/szakkepzesi-konferenciat-tartott-a-nemzeti-pedagogus-kar\\\/\",\"name\":\"Szakk\u00e9pz\u00e9si konferenci\u00e1t tartott a Nemzeti Pedag\u00f3gus Kar\",\"isPartOf\":{\"@id\":\"https:\\\/\\\/dorogimedence.hu\\\/#website\"},\"primaryImageOfPage\":{\"@id\":\"https:\\\/\\\/dorogimedence.hu\\\/index.php\\\/2023\\\/01\\\/12\\\/szakkepzesi-konferenciat-tartott-a-nemzeti-pedagogus-kar\\\/#primaryimage\"},\"image\":{\"@id\":\"https:\\\/\\\/dorogimedence.hu\\\/index.php\\\/2023\\\/01\\\/12\\\/szakkepzesi-konferenciat-tartott-a-nemzeti-pedagogus-kar\\\/#primaryimage\"},\"thumbnailUrl\":\"https:\\\/\\\/dorogimedence.hu\\\/wp-content\\\/uploads\\\/2023\\\/01\\\/pedagogus-konferencia-01.jpg\",\"datePublished\":\"2023-01-12T06:47:32+00:00\",\"dateModified\":\"2023-01-12T06:47:47+00:00\",\"breadcrumb\":{\"@id\":\"https:\\\/\\\/dorogimedence.hu\\\/index.php\\\/2023\\\/01\\\/12\\\/szakkepzesi-konferenciat-tartott-a-nemzeti-pedagogus-kar\\\/#breadcrumb\"},\"inLanguage\":\"hu\",\"potentialAction\":[{\"@type\":\"ReadAction\",\"target\":[\"https:\\\/\\\/dorogimedence.hu\\\/index.php\\\/2023\\\/01\\\/12\\\/szakkepzesi-konferenciat-tartott-a-nemzeti-pedagogus-kar\\\/\"]}]},{\"@type\":\"ImageObject\",\"inLanguage\":\"hu\",\"@id\":\"https:\\\/\\\/dorogimedence.hu\\\/index.php\\\/2023\\\/01\\\/12\\\/szakkepzesi-konferenciat-tartott-a-nemzeti-pedagogus-kar\\\/#primaryimage\",\"url\":\"https:\\\/\\\/dorogimedence.hu\\\/wp-content\\\/uploads\\\/2023\\\/01\\\/pedagogus-konferencia-01.jpg\",\"contentUrl\":\"https:\\\/\\\/dorogimedence.hu\\\/wp-content\\\/uploads\\\/2023\\\/01\\\/pedagogus-konferencia-01.jpg\",\"width\":1920,\"height\":1199},{\"@type\":\"BreadcrumbList\",\"@id\":\"https:\\\/\\\/dorogimedence.hu\\\/index.php\\\/2023\\\/01\\\/12\\\/szakkepzesi-konferenciat-tartott-a-nemzeti-pedagogus-kar\\\/#breadcrumb\",\"itemListElement\":[{\"@type\":\"ListItem\",\"position\":1,\"name\":\"Kezd\u0151lap\",\"item\":\"https:\\\/\\\/dorogimedence.hu\\\/\"},{\"@type\":\"ListItem\",\"position\":2,\"name\":\"Szakk\u00e9pz\u00e9si konferenci\u00e1t tartott a Nemzeti Pedag\u00f3gus Kar\"}]},{\"@type\":\"WebSite\",\"@id\":\"https:\\\/\\\/dorogimedence.hu\\\/#website\",\"url\":\"https:\\\/\\\/dorogimedence.hu\\\/\",\"name\":\"Dorogi-medence Region\u00e1lis H\u00edrport\u00e1l\",\"description\":\"Dorog, Keszt\u00f6lc, Le\u00e1nyv\u00e1r, Piliscs\u00e9v, Tokod, Tokodalt\u00e1r\u00f3, Csolnok, Esztergom-kertv\u00e1ros: h\u00edrek, programok\",\"publisher\":{\"@id\":\"https:\\\/\\\/dorogimedence.hu\\\/#organization\"},\"potentialAction\":[{\"@type\":\"SearchAction\",\"target\":{\"@type\":\"EntryPoint\",\"urlTemplate\":\"https:\\\/\\\/dorogimedence.hu\\\/?s={search_term_string}\"},\"query-input\":{\"@type\":\"PropertyValueSpecification\",\"valueRequired\":true,\"valueName\":\"search_term_string\"}}],\"inLanguage\":\"hu\"},{\"@type\":\"Organization\",\"@id\":\"https:\\\/\\\/dorogimedence.hu\\\/#organization\",\"name\":\"Dorogi-medence Region\u00e1lis H\u00edrport\u00e1l\",\"url\":\"https:\\\/\\\/dorogimedence.hu\\\/\",\"logo\":{\"@type\":\"ImageObject\",\"inLanguage\":\"hu\",\"@id\":\"https:\\\/\\\/dorogimedence.hu\\\/#\\\/schema\\\/logo\\\/image\\\/\",\"url\":\"https:\\\/\\\/dorogimedence.hu\\\/wp-content\\\/uploads\\\/2021\\\/04\\\/logo-feher-600.png\",\"contentUrl\":\"https:\\\/\\\/dorogimedence.hu\\\/wp-content\\\/uploads\\\/2021\\\/04\\\/logo-feher-600.png\",\"width\":600,\"height\":100,\"caption\":\"Dorogi-medence Region\u00e1lis H\u00edrport\u00e1l\"},\"image\":{\"@id\":\"https:\\\/\\\/dorogimedence.hu\\\/#\\\/schema\\\/logo\\\/image\\\/\"},\"sameAs\":[\"https:\\\/\\\/www.facebook.com\\\/dorogimedence\\\/\"]},{\"@type\":\"Person\",\"@id\":\"https:\\\/\\\/dorogimedence.hu\\\/#\\\/schema\\\/person\\\/ce6091eeb7e95ecdc87890d6aa8e0fd4\",\"name\":\"dorogimedence.hu\",\"image\":{\"@type\":\"ImageObject\",\"inLanguage\":\"hu\",\"@id\":\"\\\/\\\/www.gravatar.com\\\/avatar\\\/d8d45f8901aadff40a4af72c0b826f1d?s=96&#038;r=g&#038;d=mm\",\"url\":\"\\\/\\\/www.gravatar.com\\\/avatar\\\/d8d45f8901aadff40a4af72c0b826f1d?s=96&#038;r=g&#038;d=mm\",\"contentUrl\":\"\\\/\\\/www.gravatar.com\\\/avatar\\\/d8d45f8901aadff40a4af72c0b826f1d?s=96&#038;r=g&#038;d=mm\",\"caption\":\"dorogimedence.hu\"}}]}<\/script>\n<!-- \/ Yoast SEO plugin. -->","yoast_head_json":{"title":"Szakk\u00e9pz\u00e9si konferenci\u00e1t tartott a Nemzeti Pedag\u00f3gus Kar","robots":{"index":"index","follow":"follow","max-snippet":"max-snippet:-1","max-image-preview":"max-image-preview:large","max-video-preview":"max-video-preview:-1"},"canonical":"https:\/\/dorogimedence.hu\/index.php\/2023\/01\/12\/szakkepzesi-konferenciat-tartott-a-nemzeti-pedagogus-kar\/","og_locale":"hu_HU","og_type":"article","og_title":"Szakk\u00e9pz\u00e9si konferenci\u00e1t tartott a Nemzeti Pedag\u00f3gus Kar","og_description":"Janu\u00e1r 11-\u00e9n, szerd\u00e1n az esztergomi Szent Adalbert K\u00f6zpontban szakk\u00e9pz\u00e9si z\u00e1r\u00f3konferenci\u00e1t tartott a Nemzeti Pedag\u00f3gus Kar (NPK). A rendezv\u00e9ny elej\u00e9n k\u00f6sz\u00f6nt\u00f6tt\u00e9k a megh\u00edvott vend\u00e9geket, k\u00f6zt\u00fck Horv\u00e1th P\u00e9tert, az NPK eln\u00f6k\u00e9t, aki k\u00f6sz\u00f6nt\u0151j\u00e9ben kiemelte: az elm\u00falt egy \u00e9vben tartott sz\u00e1mtalan rendezv\u00e9ny alkalm\u00e1val kapcsolat j\u00f6hetett l\u00e9tre az \u00e1llam, valamint az int\u00e9zm\u00e9nyek, szakk\u00e9pz\u00e9si centrumok k\u00f6z\u00f6tt, az \u00e9rintettek megoszthatt\u00e1k egym\u00e1ssal","og_url":"https:\/\/dorogimedence.hu\/index.php\/2023\/01\/12\/szakkepzesi-konferenciat-tartott-a-nemzeti-pedagogus-kar\/","og_site_name":"Dorogi-medence Region\u00e1lis H\u00edrport\u00e1l","article_publisher":"https:\/\/www.facebook.com\/dorogimedence\/","article_published_time":"2023-01-12T06:47:32+00:00","article_modified_time":"2023-01-12T06:47:47+00:00","og_image":[{"width":1920,"height":1199,"url":"https:\/\/dorogimedence.hu\/wp-content\/uploads\/2023\/01\/pedagogus-konferencia-01.jpg","type":"image\/jpeg"}],"author":"dorogimedence.hu","twitter_card":"summary_large_image","twitter_misc":{"Szerz\u0151:":"dorogimedence.hu","Becs\u00fclt olvas\u00e1si id\u0151":"2 perc"},"schema":{"@context":"https:\/\/schema.org","@graph":[{"@type":"Article","@id":"https:\/\/dorogimedence.hu\/index.php\/2023\/01\/12\/szakkepzesi-konferenciat-tartott-a-nemzeti-pedagogus-kar\/#article","isPartOf":{"@id":"https:\/\/dorogimedence.hu\/index.php\/2023\/01\/12\/szakkepzesi-konferenciat-tartott-a-nemzeti-pedagogus-kar\/"},"author":{"name":"dorogimedence.hu","@id":"https:\/\/dorogimedence.hu\/#\/schema\/person\/ce6091eeb7e95ecdc87890d6aa8e0fd4"},"headline":"Szakk\u00e9pz\u00e9si konferenci\u00e1t tartott a Nemzeti Pedag\u00f3gus Kar","datePublished":"2023-01-12T06:47:32+00:00","dateModified":"2023-01-12T06:47:47+00:00","mainEntityOfPage":{"@id":"https:\/\/dorogimedence.hu\/index.php\/2023\/01\/12\/szakkepzesi-konferenciat-tartott-a-nemzeti-pedagogus-kar\/"},"wordCount":404,"publisher":{"@id":"https:\/\/dorogimedence.hu\/#organization"},"image":{"@id":"https:\/\/dorogimedence.hu\/index.php\/2023\/01\/12\/szakkepzesi-konferenciat-tartott-a-nemzeti-pedagogus-kar\/#primaryimage"},"thumbnailUrl":"https:\/\/dorogimedence.hu\/wp-content\/uploads\/2023\/01\/pedagogus-konferencia-01.jpg","keywords":["esztergom","featured","Nemzeti Pedag\u00f3gus Kar","pedag\u00f3gus konferencia","Szent Adalbert K\u00f6zpont"],"articleSection":["Esztergom","H\u00edrek"],"inLanguage":"hu"},{"@type":"WebPage","@id":"https:\/\/dorogimedence.hu\/index.php\/2023\/01\/12\/szakkepzesi-konferenciat-tartott-a-nemzeti-pedagogus-kar\/","url":"https:\/\/dorogimedence.hu\/index.php\/2023\/01\/12\/szakkepzesi-konferenciat-tartott-a-nemzeti-pedagogus-kar\/","name":"Szakk\u00e9pz\u00e9si konferenci\u00e1t tartott a Nemzeti Pedag\u00f3gus Kar","isPartOf":{"@id":"https:\/\/dorogimedence.hu\/#website"},"primaryImageOfPage":{"@id":"https:\/\/dorogimedence.hu\/index.php\/2023\/01\/12\/szakkepzesi-konferenciat-tartott-a-nemzeti-pedagogus-kar\/#primaryimage"},"image":{"@id":"https:\/\/dorogimedence.hu\/index.php\/2023\/01\/12\/szakkepzesi-konferenciat-tartott-a-nemzeti-pedagogus-kar\/#primaryimage"},"thumbnailUrl":"https:\/\/dorogimedence.hu\/wp-content\/uploads\/2023\/01\/pedagogus-konferencia-01.jpg","datePublished":"2023-01-12T06:47:32+00:00","dateModified":"2023-01-12T06:47:47+00:00","breadcrumb":{"@id":"https:\/\/dorogimedence.hu\/index.php\/2023\/01\/12\/szakkepzesi-konferenciat-tartott-a-nemzeti-pedagogus-kar\/#breadcrumb"},"inLanguage":"hu","potentialAction":[{"@type":"ReadAction","target":["https:\/\/dorogimedence.hu\/index.php\/2023\/01\/12\/szakkepzesi-konferenciat-tartott-a-nemzeti-pedagogus-kar\/"]}]},{"@type":"ImageObject","inLanguage":"hu","@id":"https:\/\/dorogimedence.hu\/index.php\/2023\/01\/12\/szakkepzesi-konferenciat-tartott-a-nemzeti-pedagogus-kar\/#primaryimage","url":"https:\/\/dorogimedence.hu\/wp-content\/uploads\/2023\/01\/pedagogus-konferencia-01.jpg","contentUrl":"https:\/\/dorogimedence.hu\/wp-content\/uploads\/2023\/01\/pedagogus-konferencia-01.jpg","width":1920,"height":1199},{"@type":"BreadcrumbList","@id":"https:\/\/dorogimedence.hu\/index.php\/2023\/01\/12\/szakkepzesi-konferenciat-tartott-a-nemzeti-pedagogus-kar\/#breadcrumb","itemListElement":[{"@type":"ListItem","position":1,"name":"Kezd\u0151lap","item":"https:\/\/dorogimedence.hu\/"},{"@type":"ListItem","position":2,"name":"Szakk\u00e9pz\u00e9si konferenci\u00e1t tartott a Nemzeti Pedag\u00f3gus Kar"}]},{"@type":"WebSite","@id":"https:\/\/dorogimedence.hu\/#website","url":"https:\/\/dorogimedence.hu\/","name":"Dorogi-medence Region\u00e1lis H\u00edrport\u00e1l","description":"Dorog, Keszt\u00f6lc, Le\u00e1nyv\u00e1r, Piliscs\u00e9v, Tokod, Tokodalt\u00e1r\u00f3, Csolnok, Esztergom-kertv\u00e1ros: h\u00edrek, programok","publisher":{"@id":"https:\/\/dorogimedence.hu\/#organization"},"potentialAction":[{"@type":"SearchAction","target":{"@type":"EntryPoint","urlTemplate":"https:\/\/dorogimedence.hu\/?s={search_term_string}"},"query-input":{"@type":"PropertyValueSpecification","valueRequired":true,"valueName":"search_term_string"}}],"inLanguage":"hu"},{"@type":"Organization","@id":"https:\/\/dorogimedence.hu\/#organization","name":"Dorogi-medence Region\u00e1lis H\u00edrport\u00e1l","url":"https:\/\/dorogimedence.hu\/","logo":{"@type":"ImageObject","inLanguage":"hu","@id":"https:\/\/dorogimedence.hu\/#\/schema\/logo\/image\/","url":"https:\/\/dorogimedence.hu\/wp-content\/uploads\/2021\/04\/logo-feher-600.png","contentUrl":"https:\/\/dorogimedence.hu\/wp-content\/uploads\/2021\/04\/logo-feher-600.png","width":600,"height":100,"caption":"Dorogi-medence Region\u00e1lis H\u00edrport\u00e1l"},"image":{"@id":"https:\/\/dorogimedence.hu\/#\/schema\/logo\/image\/"},"sameAs":["https:\/\/www.facebook.com\/dorogimedence\/"]},{"@type":"Person","@id":"https:\/\/dorogimedence.hu\/#\/schema\/person\/ce6091eeb7e95ecdc87890d6aa8e0fd4","name":"dorogimedence.hu","image":{"@type":"ImageObject","inLanguage":"hu","@id":"\/\/www.gravatar.com\/avatar\/d8d45f8901aadff40a4af72c0b826f1d?s=96&#038;r=g&#038;d=mm","url":"\/\/www.gravatar.com\/avatar\/d8d45f8901aadff40a4af72c0b826f1d?s=96&#038;r=g&#038;d=mm","contentUrl":"\/\/www.gravatar.com\/avatar\/d8d45f8901aadff40a4af72c0b826f1d?s=96&#038;r=g&#038;d=mm","caption":"dorogimedence.hu"}}]}},"_links":{"self":[{"href":"https:\/\/dorogimedence.hu\/index.php\/wp-json\/wp\/v2\/posts\/49372","targetHints":{"allow":["GET"]}}],"collection":[{"href":"https:\/\/dorogimedence.hu\/index.php\/wp-json\/wp\/v2\/posts"}],"about":[{"href":"https:\/\/dorogimedence.hu\/index.php\/wp-json\/wp\/v2\/types\/post"}],"author":[{"embeddable":true,"href":"https:\/\/dorogimedence.hu\/index.php\/wp-json\/wp\/v2\/users\/1"}],"replies":[{"embeddable":true,"href":"https:\/\/dorogimedence.hu\/index.php\/wp-json\/wp\/v2\/comments?post=49372"}],"version-history":[{"count":0,"href":"https:\/\/dorogimedence.hu\/index.php\/wp-json\/wp\/v2\/posts\/49372\/revisions"}],"wp:featuredmedia":[{"embeddable":true,"href":"https:\/\/dorogimedence.hu\/index.php\/wp-json\/wp\/v2\/media\/49373"}],"wp:attachment":[{"href":"https:\/\/dorogimedence.hu\/index.php\/wp-json\/wp\/v2\/media?parent=49372"}],"wp:term":[{"taxonomy":"category","embeddable":true,"href":"https:\/\/dorogimedence.hu\/index.php\/wp-json\/wp\/v2\/categories?post=49372"},{"taxonomy":"post_tag","embeddable":true,"href":"https:\/\/dorogimedence.hu\/index.php\/wp-json\/wp\/v2\/tags?post=49372"}],"curies":[{"name":"wp","href":"https:\/\/api.w.org\/{rel}","templated":true}]}}