{"id":49314,"date":"2023-01-11T11:37:49","date_gmt":"2023-01-11T10:37:49","guid":{"rendered":"https:\/\/dorogimedence.hu\/?p=49314"},"modified":"2023-01-11T11:38:17","modified_gmt":"2023-01-11T10:38:17","slug":"2023-as-parkolasi-rend-esztergomban","status":"publish","type":"post","link":"https:\/\/dorogimedence.hu\/index.php\/2023\/01\/11\/2023-as-parkolasi-rend-esztergomban\/","title":{"rendered":"2023-as parkol\u00e1si rend Esztergomban"},"content":{"rendered":"<p><strong>A 2022. okt\u00f3ber 27-\u00e9n tartott rendk\u00edv\u00fcli \u00fcl\u00e9s\u00e9n Esztergom Megyei Jog\u00fa V\u00e1ros k\u00e9pvisel\u0151-test\u00fclete m\u00f3dos\u00edtotta a parkol\u00e1sr\u00f3l sz\u00f3l\u00f3 rendeletet, melynek \u00e9rtelm\u00e9ben 2023. janu\u00e1r 1-t\u0151l t\u00f6bb ponton is m\u00f3dosult az esztergomi parkol\u00e1s<\/strong> <em>\u2013 k\u00f6z\u00f6lte az esztergom.hu<\/em><\/p>\n<p>Esztergomban a 2020-as adatok szerint 16.171 regisztr\u00e1lt szem\u00e9lyg\u00e9pj\u00e1rm\u0171 \u00e9s hozz\u00e1vet\u0151leg 1200 fizet\u0151s parkol\u00f3hely van. A forgalmi rend v\u00e1ltoz\u00e1sai \u00e9s az aktu\u00e1lis parkol\u00e1si gyakorlat figyelembev\u00e9tel\u00e9vel a tavalyi \u00e9vben sz\u00fcks\u00e9gess\u00e9 v\u00e1lt az eddig megl\u00e9v\u0151 2018-as parkol\u00e1si rendelet m\u00f3dos\u00edt\u00e1sa, melyr\u0151l kor\u00e1bban m\u00e1r <a href=\"https:\/\/www.esztergom.hu\/esztergomi\/hirek\/hir\/952-januartol-valtoznak-az-esztergomi-parkolas-feltetelei\" target=\"_blank\" rel=\"noopener\"><span style=\"text-decoration: underline; color: #0000ff;\">r\u00e9szletesen besz\u00e1moltak<\/span><\/a><span style=\"text-decoration: underline; color: #0000ff;\">.&nbsp;<\/span><\/p>\n<p>Ingyeness\u00e9 v\u00e1lik a parkol\u00e1s azoknak, akik a lak\u00f3ingatlanuk ter\u00fclet\u00e9n nem rendelkeznek g\u00e9pj\u00e1rm\u0171 t\u00e1rol\u00e1s\u00e1ra alkalmas ter\u00fclettel. Lakc\u00edmenk\u00e9nt egy darab, k\u00e9t utc\u00e1ra \u00e9rv\u00e9nyes v\u00e1rakoz\u00e1si enged\u00e9ly v\u00e1lthat\u00f3. V\u00e1ltozik a B\u00e1stya parkol\u00f3 \u00e9s a k\u00f3rh\u00e1z el\u0151tt a Pet\u0151fi S\u00e1ndor utc\u00e1n l\u00e9v\u0151 parkol\u00f3 haszn\u00e1lata. Ezekben a parkol\u00f3kban nem lesznek \u00e9rv\u00e9nyesesek az eg\u00e9sz v\u00e1rosra vonatkoz\u00f3 parkol\u00f3b\u00e9rlet, azonban az ott \u00e9l\u0151k lakoss\u00e1gi parkol\u00f3b\u00e9rletei tov\u00e1bbra is elfogadottak lesznek. A B\u00e1stya parkol\u00f3ban a jeggyel t\u00f6rt\u00e9n\u0151 v\u00e1rakoz\u00e1st 3 \u00f3r\u00e1ban maximaliz\u00e1lja a rendelet. Jelent\u0151sen emelkednek a nagycsal\u00e1dosoknak \u00e9s tart\u00f3san beteg gyermeket nevel\u0151knek adott kedvezm\u00e9nyek.<\/p>\n<p>Ezzel egy id\u0151ben azonban emelkednek a jegy- \u00e9s b\u00e9rlet\u00e1rak. A jelenlegi b\u00e9rletek \u00e1remel\u00e9s\u00e9nek h\u00e1ttere: az \u00e9ves parkol\u00e1si b\u00e9rlet \u00e1ra az esztergomi lakc\u00edmmel rendelkez\u0151k sz\u00e1m\u00e1ra 2017-t\u0151l cs\u00f6kkent 15.000 Ft-ra, el\u0151tte 30.000 Ft volt, a k\u00e9pvisel\u0151-test\u00fclet gyakorlatilag 5.000 forinttal emelte az 5 \u00e9vvel ezel\u0151tti &#8211; nyomott &#8211; \u00e1rakat. Ezek az \u00e1rak m\u00e9g mindig messze elmaradnak a hasonl\u00f3 m\u00e9ret\u0171 megyei jog\u00fa v\u00e1rosok \u00e1rait\u00f3l.<\/p>\n<p><strong>A b\u00e9rletek \u00e9rt\u00e9kes\u00edt\u00e9se 2023. janu\u00e1r 9-\u00e9n elindult.<\/strong> Az \u00fcgyint\u00e9z\u00e9s megk\u00f6nny\u00edt\u00e9se \u00e9rdek\u00e9ben az \u00e9rt\u00e9kes\u00edt\u0151 Gran Parkol\u00f3 Kft. De\u00e1k Ferenc utca 4. sz\u00e1m alatti \u00fcgyf\u00e9lszolg\u00e1lat\u00e1nak nyitvatart\u00e1sa <strong>2023. janu\u00e1r 10-t\u0151l febru\u00e1r 17-ig<\/strong> a k\u00f6vetkez\u0151k szerint m\u00f3dosul: H\u00e9tf\u0151: 8-12 \u00e9s 13-18, Kedd: 7-12 \u00e9s 13-16, Szerda: 8-12 \u00e9s 13-18, Cs\u00fct\u00f6rt\u00f6k: 8-12 \u00e9s 13-16, P\u00e9ntek: 7-13, Szombat: 9-12.<\/p>\n<p>A m\u00f3dos\u00edt\u00e1sok miatt <strong>2023. janu\u00e1r 20-ig t\u00fcrelmi id\u0151szak l\u00e9p \u00e9letbe<\/strong> Esztergomban, a parkol\u00f3\u0151r\u00f6k csak figyelmeztet\u00e9st helyeznek majd el a g\u00e9pj\u00e1rm\u0171veken.<\/p>\n<p>A v\u00e1rakoz\u00e1si enged\u00e9lyek \u00fcgyf\u00e9lszolg\u00e1laton t\u00f6rt\u00e9n\u0151 kiv\u00e1lt\u00e1s\u00e1hoz sz\u00fcks\u00e9ges:<\/p>\n<ul>\n<li>Minden esetben a g\u00e9pj\u00e1rm\u0171 forgalmi enged\u00e9lye, vagy annak f\u00e9nym\u00e1solata,<\/li>\n<li>esztergomi lakosok eset\u00e9ben a lakc\u00edmigazol\u00f3 k\u00e1rtya \/ r\u00e9gi t\u00edpus\u00fa szem\u00e9lyi igazolv\u00e1ny, vagy annak f\u00e9nym\u00e1solata,<\/li>\n<li>esztergomi v\u00e1llalkoz\u00f3i kedvezm\u00e9ny ny\u00fajt\u00e1s\u00e1nak felt\u00e9tele a forgalmi enged\u00e9lyben a v\u00e1llalkoz\u00e1s sz\u00e9khelyek\u00e9nt az esztergomi c\u00edm felt\u00fcntet\u00e9se,<\/li>\n<li>nagycsal\u00e1dos kedvezm\u00e9ny ig\u00e9nybev\u00e9telekor az Esztergomi K\u00f6z\u00f6s \u00d6nkorm\u00e1nyzati Hivatal Jegyz\u0151je \u00e1ltal ki\u00e1ll\u00edtott igazol\u00e1s a g\u00e9pj\u00e1rm\u0171 \u00fczembentart\u00f3j\u00e1nak nev\u00e9re,<\/li>\n<li>meghatalmaz\u00e1s, amennyiben az \u00fcgyint\u00e9z\u00e9s nem szem\u00e9lyesen t\u00f6rt\u00e9nik.<\/li>\n<\/ul>\n<p>Az esztergomi lakosoknak j\u00e1r\u00f3 kedvezm\u00e9nyek ig\u00e9nybev\u00e9tel\u00e9nek felt\u00e9telei 2023-t\u00f3l a k\u00f6vetkez\u0151k\u00e9ppen v\u00e1ltoznak:<\/p>\n<ul>\n<li>A lakoss\u00e1gi, 2 utc\u00e1s v\u00e1rakoz\u00e1si enged\u00e9ly m\u00e1r ingyenes ig\u00e9nyelhet\u0151, azonban csak a ter\u00fcleten \u00e1lland\u00f3 lakc\u00edmmel rendelkez\u0151k ig\u00e9nyelhetik, \u00e9s lakc\u00edmenk\u00e9nt legfeljebb 1 g\u00e9pj\u00e1rm\u0171re<\/li>\n<li>a teljes v\u00e1rosra \u00e9rv\u00e9nyes v\u00e1rakoz\u00e1si enged\u00e9ly d\u00edj\u00e1b\u00f3l a helyi lakosok legfeljebb 2 g\u00e9pj\u00e1rm\u0171 &#8211; amennyiben ig\u00e9nyeltek ingyenes, 2 utc\u00e1s enged\u00e9lyt, \u00fagy m\u00e1r csak 1 g\u00e9pj\u00e1rm\u0171 &#8211; v\u00e1rakoz\u00e1si enged\u00e9ly\u00e9re kaphatnak kedvezm\u00e9nyt.<\/li>\n<\/ul>\n<p>A lakoss\u00e1gi b\u00e9rlet ig\u00e9nyl\u00e9s\u00e9hez sz\u00fcks\u00e9ges nyilatkozatot <a href=\"https:\/\/strigonium.hu\/items\/dokumentumok\/granparkolo\/Nyilatkozat_lakoss%C3%A1gi_b%C3%A9rlethez.pdf\" target=\"_blank\" rel=\"noopener\"><span style=\"text-decoration: underline; color: #0000ff;\">itt t\u00f6ltheti le<\/span><\/a>. A gyorsabb \u00fcgyint\u00e9z\u00e9s \u00e9rdek\u00e9ben c\u00e9lszer\u0171 a m\u00e1r el\u0151re kit\u00f6lt\u00f6tt dokumentumot magunkkal vinni. Az aktu\u00e1lis \u00e1rakr\u00f3l r\u00e9szletesen az <a href=\"https:\/\/strigonium.hu\/tagvallalatok\/granparkolo\/gp_dijak_2023\/gp_jegyek_2023\/\" target=\"_blank\" rel=\"noopener\"><span style=\"text-decoration: underline; color: #0000ff;\">\u00fczemeltet\u0151 oldal\u00e1n<\/span><\/a> t\u00e1j\u00e9koz\u00f3dhat.<\/p>\n<p><em>Bor\u00edt\u00f3k\u00e9p, forr\u00e1s: esztergom.hu<\/em><\/p>\n","protected":false},"excerpt":{"rendered":"<p>A 2022. okt\u00f3ber 27-\u00e9n tartott rendk\u00edv\u00fcli \u00fcl\u00e9s\u00e9n Esztergom Megyei Jog\u00fa V\u00e1ros k\u00e9pvisel\u0151-test\u00fclete m\u00f3dos\u00edtotta a parkol\u00e1sr\u00f3l sz\u00f3l\u00f3 rendeletet, melynek \u00e9rtelm\u00e9ben 2023. janu\u00e1r 1-t\u0151l t\u00f6bb ponton is m\u00f3dosult az esztergomi parkol\u00e1s \u2013 k\u00f6z\u00f6lte az esztergom.hu Esztergomban a 2020-as adatok szerint 16.171 regisztr\u00e1lt szem\u00e9lyg\u00e9pj\u00e1rm\u0171 \u00e9s hozz\u00e1vet\u0151leg 1200 fizet\u0151s parkol\u00f3hely van. A forgalmi rend v\u00e1ltoz\u00e1sai \u00e9s az aktu\u00e1lis parkol\u00e1si<\/p>\n","protected":false},"author":1,"featured_media":49315,"comment_status":"closed","ping_status":"closed","sticky":false,"template":"","format":"standard","meta":{"ngg_post_thumbnail":0,"footnotes":""},"categories":[38,3],"tags":[42,5624,512],"class_list":{"0":"post-49314","1":"post","2":"type-post","3":"status-publish","4":"format-standard","5":"has-post-thumbnail","7":"category-esztergom","8":"category-hirek","9":"tag-esztergom","10":"tag-featured","11":"tag-parkolas"},"yoast_head":"<!-- This site is optimized with the Yoast SEO plugin v27.4 - https:\/\/yoast.com\/product\/yoast-seo-wordpress\/ -->\n<title>2023-as parkol\u00e1si rend Esztergomban<\/title>\n<meta name=\"robots\" content=\"index, follow, max-snippet:-1, max-image-preview:large, max-video-preview:-1\" \/>\n<link rel=\"canonical\" href=\"https:\/\/dorogimedence.hu\/index.php\/2023\/01\/11\/2023-as-parkolasi-rend-esztergomban\/\" class=\"yoast-seo-meta-tag\" \/>\n<meta property=\"og:locale\" content=\"hu_HU\" class=\"yoast-seo-meta-tag\" \/>\n<meta property=\"og:type\" content=\"article\" class=\"yoast-seo-meta-tag\" \/>\n<meta property=\"og:title\" content=\"2023-as parkol\u00e1si rend Esztergomban\" class=\"yoast-seo-meta-tag\" \/>\n<meta property=\"og:description\" content=\"A 2022. okt\u00f3ber 27-\u00e9n tartott rendk\u00edv\u00fcli \u00fcl\u00e9s\u00e9n Esztergom Megyei Jog\u00fa V\u00e1ros k\u00e9pvisel\u0151-test\u00fclete m\u00f3dos\u00edtotta a parkol\u00e1sr\u00f3l sz\u00f3l\u00f3 rendeletet, melynek \u00e9rtelm\u00e9ben 2023. janu\u00e1r 1-t\u0151l t\u00f6bb ponton is m\u00f3dosult az esztergomi parkol\u00e1s \u2013 k\u00f6z\u00f6lte az esztergom.hu Esztergomban a 2020-as adatok szerint 16.171 regisztr\u00e1lt szem\u00e9lyg\u00e9pj\u00e1rm\u0171 \u00e9s hozz\u00e1vet\u0151leg 1200 fizet\u0151s parkol\u00f3hely van. A forgalmi rend v\u00e1ltoz\u00e1sai \u00e9s az aktu\u00e1lis parkol\u00e1si\" class=\"yoast-seo-meta-tag\" \/>\n<meta property=\"og:url\" content=\"https:\/\/dorogimedence.hu\/index.php\/2023\/01\/11\/2023-as-parkolasi-rend-esztergomban\/\" class=\"yoast-seo-meta-tag\" \/>\n<meta property=\"og:site_name\" content=\"Dorogi-medence Region\u00e1lis H\u00edrport\u00e1l\" class=\"yoast-seo-meta-tag\" \/>\n<meta property=\"article:publisher\" content=\"https:\/\/www.facebook.com\/dorogimedence\/\" class=\"yoast-seo-meta-tag\" \/>\n<meta property=\"article:published_time\" content=\"2023-01-11T10:37:49+00:00\" class=\"yoast-seo-meta-tag\" \/>\n<meta property=\"article:modified_time\" content=\"2023-01-11T10:38:17+00:00\" class=\"yoast-seo-meta-tag\" \/>\n<meta property=\"og:image\" content=\"https:\/\/dorogimedence.hu\/wp-content\/uploads\/2023\/01\/viber_kep_2023_01_11_11_20_53_12.jpg\" class=\"yoast-seo-meta-tag\" \/>\n\t<meta property=\"og:image:width\" content=\"1800\" class=\"yoast-seo-meta-tag\" \/>\n\t<meta property=\"og:image:height\" content=\"1012\" class=\"yoast-seo-meta-tag\" \/>\n\t<meta property=\"og:image:type\" content=\"image\/jpeg\" class=\"yoast-seo-meta-tag\" \/>\n<meta name=\"author\" content=\"dorogimedence.hu\" class=\"yoast-seo-meta-tag\" \/>\n<meta name=\"twitter:card\" content=\"summary_large_image\" class=\"yoast-seo-meta-tag\" \/>\n<meta name=\"twitter:label1\" content=\"Szerz\u0151:\" class=\"yoast-seo-meta-tag\" \/>\n\t<meta name=\"twitter:data1\" content=\"dorogimedence.hu\" class=\"yoast-seo-meta-tag\" \/>\n\t<meta name=\"twitter:label2\" content=\"Becs\u00fclt olvas\u00e1si id\u0151\" class=\"yoast-seo-meta-tag\" \/>\n\t<meta name=\"twitter:data2\" content=\"4 perc\" class=\"yoast-seo-meta-tag\" \/>\n<script type=\"application\/ld+json\" class=\"yoast-schema-graph\">{\"@context\":\"https:\\\/\\\/schema.org\",\"@graph\":[{\"@type\":\"Article\",\"@id\":\"https:\\\/\\\/dorogimedence.hu\\\/index.php\\\/2023\\\/01\\\/11\\\/2023-as-parkolasi-rend-esztergomban\\\/#article\",\"isPartOf\":{\"@id\":\"https:\\\/\\\/dorogimedence.hu\\\/index.php\\\/2023\\\/01\\\/11\\\/2023-as-parkolasi-rend-esztergomban\\\/\"},\"author\":{\"name\":\"dorogimedence.hu\",\"@id\":\"https:\\\/\\\/dorogimedence.hu\\\/#\\\/schema\\\/person\\\/ce6091eeb7e95ecdc87890d6aa8e0fd4\"},\"headline\":\"2023-as parkol\u00e1si rend Esztergomban\",\"datePublished\":\"2023-01-11T10:37:49+00:00\",\"dateModified\":\"2023-01-11T10:38:17+00:00\",\"mainEntityOfPage\":{\"@id\":\"https:\\\/\\\/dorogimedence.hu\\\/index.php\\\/2023\\\/01\\\/11\\\/2023-as-parkolasi-rend-esztergomban\\\/\"},\"wordCount\":751,\"publisher\":{\"@id\":\"https:\\\/\\\/dorogimedence.hu\\\/#organization\"},\"image\":{\"@id\":\"https:\\\/\\\/dorogimedence.hu\\\/index.php\\\/2023\\\/01\\\/11\\\/2023-as-parkolasi-rend-esztergomban\\\/#primaryimage\"},\"thumbnailUrl\":\"https:\\\/\\\/dorogimedence.hu\\\/wp-content\\\/uploads\\\/2023\\\/01\\\/viber_kep_2023_01_11_11_20_53_12.jpg\",\"keywords\":[\"esztergom\",\"featured\",\"parkol\u00e1s\"],\"articleSection\":[\"Esztergom\",\"H\u00edrek\"],\"inLanguage\":\"hu\"},{\"@type\":\"WebPage\",\"@id\":\"https:\\\/\\\/dorogimedence.hu\\\/index.php\\\/2023\\\/01\\\/11\\\/2023-as-parkolasi-rend-esztergomban\\\/\",\"url\":\"https:\\\/\\\/dorogimedence.hu\\\/index.php\\\/2023\\\/01\\\/11\\\/2023-as-parkolasi-rend-esztergomban\\\/\",\"name\":\"2023-as parkol\u00e1si rend Esztergomban\",\"isPartOf\":{\"@id\":\"https:\\\/\\\/dorogimedence.hu\\\/#website\"},\"primaryImageOfPage\":{\"@id\":\"https:\\\/\\\/dorogimedence.hu\\\/index.php\\\/2023\\\/01\\\/11\\\/2023-as-parkolasi-rend-esztergomban\\\/#primaryimage\"},\"image\":{\"@id\":\"https:\\\/\\\/dorogimedence.hu\\\/index.php\\\/2023\\\/01\\\/11\\\/2023-as-parkolasi-rend-esztergomban\\\/#primaryimage\"},\"thumbnailUrl\":\"https:\\\/\\\/dorogimedence.hu\\\/wp-content\\\/uploads\\\/2023\\\/01\\\/viber_kep_2023_01_11_11_20_53_12.jpg\",\"datePublished\":\"2023-01-11T10:37:49+00:00\",\"dateModified\":\"2023-01-11T10:38:17+00:00\",\"breadcrumb\":{\"@id\":\"https:\\\/\\\/dorogimedence.hu\\\/index.php\\\/2023\\\/01\\\/11\\\/2023-as-parkolasi-rend-esztergomban\\\/#breadcrumb\"},\"inLanguage\":\"hu\",\"potentialAction\":[{\"@type\":\"ReadAction\",\"target\":[\"https:\\\/\\\/dorogimedence.hu\\\/index.php\\\/2023\\\/01\\\/11\\\/2023-as-parkolasi-rend-esztergomban\\\/\"]}]},{\"@type\":\"ImageObject\",\"inLanguage\":\"hu\",\"@id\":\"https:\\\/\\\/dorogimedence.hu\\\/index.php\\\/2023\\\/01\\\/11\\\/2023-as-parkolasi-rend-esztergomban\\\/#primaryimage\",\"url\":\"https:\\\/\\\/dorogimedence.hu\\\/wp-content\\\/uploads\\\/2023\\\/01\\\/viber_kep_2023_01_11_11_20_53_12.jpg\",\"contentUrl\":\"https:\\\/\\\/dorogimedence.hu\\\/wp-content\\\/uploads\\\/2023\\\/01\\\/viber_kep_2023_01_11_11_20_53_12.jpg\",\"width\":1800,\"height\":1012},{\"@type\":\"BreadcrumbList\",\"@id\":\"https:\\\/\\\/dorogimedence.hu\\\/index.php\\\/2023\\\/01\\\/11\\\/2023-as-parkolasi-rend-esztergomban\\\/#breadcrumb\",\"itemListElement\":[{\"@type\":\"ListItem\",\"position\":1,\"name\":\"Kezd\u0151lap\",\"item\":\"https:\\\/\\\/dorogimedence.hu\\\/\"},{\"@type\":\"ListItem\",\"position\":2,\"name\":\"2023-as parkol\u00e1si rend Esztergomban\"}]},{\"@type\":\"WebSite\",\"@id\":\"https:\\\/\\\/dorogimedence.hu\\\/#website\",\"url\":\"https:\\\/\\\/dorogimedence.hu\\\/\",\"name\":\"Dorogi-medence Region\u00e1lis H\u00edrport\u00e1l\",\"description\":\"Dorog, Keszt\u00f6lc, Le\u00e1nyv\u00e1r, Piliscs\u00e9v, Tokod, Tokodalt\u00e1r\u00f3, Csolnok, Esztergom-kertv\u00e1ros: h\u00edrek, programok\",\"publisher\":{\"@id\":\"https:\\\/\\\/dorogimedence.hu\\\/#organization\"},\"potentialAction\":[{\"@type\":\"SearchAction\",\"target\":{\"@type\":\"EntryPoint\",\"urlTemplate\":\"https:\\\/\\\/dorogimedence.hu\\\/?s={search_term_string}\"},\"query-input\":{\"@type\":\"PropertyValueSpecification\",\"valueRequired\":true,\"valueName\":\"search_term_string\"}}],\"inLanguage\":\"hu\"},{\"@type\":\"Organization\",\"@id\":\"https:\\\/\\\/dorogimedence.hu\\\/#organization\",\"name\":\"Dorogi-medence Region\u00e1lis H\u00edrport\u00e1l\",\"url\":\"https:\\\/\\\/dorogimedence.hu\\\/\",\"logo\":{\"@type\":\"ImageObject\",\"inLanguage\":\"hu\",\"@id\":\"https:\\\/\\\/dorogimedence.hu\\\/#\\\/schema\\\/logo\\\/image\\\/\",\"url\":\"https:\\\/\\\/dorogimedence.hu\\\/wp-content\\\/uploads\\\/2021\\\/04\\\/logo-feher-600.png\",\"contentUrl\":\"https:\\\/\\\/dorogimedence.hu\\\/wp-content\\\/uploads\\\/2021\\\/04\\\/logo-feher-600.png\",\"width\":600,\"height\":100,\"caption\":\"Dorogi-medence Region\u00e1lis H\u00edrport\u00e1l\"},\"image\":{\"@id\":\"https:\\\/\\\/dorogimedence.hu\\\/#\\\/schema\\\/logo\\\/image\\\/\"},\"sameAs\":[\"https:\\\/\\\/www.facebook.com\\\/dorogimedence\\\/\"]},{\"@type\":\"Person\",\"@id\":\"https:\\\/\\\/dorogimedence.hu\\\/#\\\/schema\\\/person\\\/ce6091eeb7e95ecdc87890d6aa8e0fd4\",\"name\":\"dorogimedence.hu\",\"image\":{\"@type\":\"ImageObject\",\"inLanguage\":\"hu\",\"@id\":\"\\\/\\\/www.gravatar.com\\\/avatar\\\/d8d45f8901aadff40a4af72c0b826f1d?s=96&#038;r=g&#038;d=mm\",\"url\":\"\\\/\\\/www.gravatar.com\\\/avatar\\\/d8d45f8901aadff40a4af72c0b826f1d?s=96&#038;r=g&#038;d=mm\",\"contentUrl\":\"\\\/\\\/www.gravatar.com\\\/avatar\\\/d8d45f8901aadff40a4af72c0b826f1d?s=96&#038;r=g&#038;d=mm\",\"caption\":\"dorogimedence.hu\"}}]}<\/script>\n<!-- \/ Yoast SEO plugin. -->","yoast_head_json":{"title":"2023-as parkol\u00e1si rend Esztergomban","robots":{"index":"index","follow":"follow","max-snippet":"max-snippet:-1","max-image-preview":"max-image-preview:large","max-video-preview":"max-video-preview:-1"},"canonical":"https:\/\/dorogimedence.hu\/index.php\/2023\/01\/11\/2023-as-parkolasi-rend-esztergomban\/","og_locale":"hu_HU","og_type":"article","og_title":"2023-as parkol\u00e1si rend Esztergomban","og_description":"A 2022. okt\u00f3ber 27-\u00e9n tartott rendk\u00edv\u00fcli \u00fcl\u00e9s\u00e9n Esztergom Megyei Jog\u00fa V\u00e1ros k\u00e9pvisel\u0151-test\u00fclete m\u00f3dos\u00edtotta a parkol\u00e1sr\u00f3l sz\u00f3l\u00f3 rendeletet, melynek \u00e9rtelm\u00e9ben 2023. janu\u00e1r 1-t\u0151l t\u00f6bb ponton is m\u00f3dosult az esztergomi parkol\u00e1s \u2013 k\u00f6z\u00f6lte az esztergom.hu Esztergomban a 2020-as adatok szerint 16.171 regisztr\u00e1lt szem\u00e9lyg\u00e9pj\u00e1rm\u0171 \u00e9s hozz\u00e1vet\u0151leg 1200 fizet\u0151s parkol\u00f3hely van. A forgalmi rend v\u00e1ltoz\u00e1sai \u00e9s az aktu\u00e1lis parkol\u00e1si","og_url":"https:\/\/dorogimedence.hu\/index.php\/2023\/01\/11\/2023-as-parkolasi-rend-esztergomban\/","og_site_name":"Dorogi-medence Region\u00e1lis H\u00edrport\u00e1l","article_publisher":"https:\/\/www.facebook.com\/dorogimedence\/","article_published_time":"2023-01-11T10:37:49+00:00","article_modified_time":"2023-01-11T10:38:17+00:00","og_image":[{"width":1800,"height":1012,"url":"https:\/\/dorogimedence.hu\/wp-content\/uploads\/2023\/01\/viber_kep_2023_01_11_11_20_53_12.jpg","type":"image\/jpeg"}],"author":"dorogimedence.hu","twitter_card":"summary_large_image","twitter_misc":{"Szerz\u0151:":"dorogimedence.hu","Becs\u00fclt olvas\u00e1si id\u0151":"4 perc"},"schema":{"@context":"https:\/\/schema.org","@graph":[{"@type":"Article","@id":"https:\/\/dorogimedence.hu\/index.php\/2023\/01\/11\/2023-as-parkolasi-rend-esztergomban\/#article","isPartOf":{"@id":"https:\/\/dorogimedence.hu\/index.php\/2023\/01\/11\/2023-as-parkolasi-rend-esztergomban\/"},"author":{"name":"dorogimedence.hu","@id":"https:\/\/dorogimedence.hu\/#\/schema\/person\/ce6091eeb7e95ecdc87890d6aa8e0fd4"},"headline":"2023-as parkol\u00e1si rend Esztergomban","datePublished":"2023-01-11T10:37:49+00:00","dateModified":"2023-01-11T10:38:17+00:00","mainEntityOfPage":{"@id":"https:\/\/dorogimedence.hu\/index.php\/2023\/01\/11\/2023-as-parkolasi-rend-esztergomban\/"},"wordCount":751,"publisher":{"@id":"https:\/\/dorogimedence.hu\/#organization"},"image":{"@id":"https:\/\/dorogimedence.hu\/index.php\/2023\/01\/11\/2023-as-parkolasi-rend-esztergomban\/#primaryimage"},"thumbnailUrl":"https:\/\/dorogimedence.hu\/wp-content\/uploads\/2023\/01\/viber_kep_2023_01_11_11_20_53_12.jpg","keywords":["esztergom","featured","parkol\u00e1s"],"articleSection":["Esztergom","H\u00edrek"],"inLanguage":"hu"},{"@type":"WebPage","@id":"https:\/\/dorogimedence.hu\/index.php\/2023\/01\/11\/2023-as-parkolasi-rend-esztergomban\/","url":"https:\/\/dorogimedence.hu\/index.php\/2023\/01\/11\/2023-as-parkolasi-rend-esztergomban\/","name":"2023-as parkol\u00e1si rend Esztergomban","isPartOf":{"@id":"https:\/\/dorogimedence.hu\/#website"},"primaryImageOfPage":{"@id":"https:\/\/dorogimedence.hu\/index.php\/2023\/01\/11\/2023-as-parkolasi-rend-esztergomban\/#primaryimage"},"image":{"@id":"https:\/\/dorogimedence.hu\/index.php\/2023\/01\/11\/2023-as-parkolasi-rend-esztergomban\/#primaryimage"},"thumbnailUrl":"https:\/\/dorogimedence.hu\/wp-content\/uploads\/2023\/01\/viber_kep_2023_01_11_11_20_53_12.jpg","datePublished":"2023-01-11T10:37:49+00:00","dateModified":"2023-01-11T10:38:17+00:00","breadcrumb":{"@id":"https:\/\/dorogimedence.hu\/index.php\/2023\/01\/11\/2023-as-parkolasi-rend-esztergomban\/#breadcrumb"},"inLanguage":"hu","potentialAction":[{"@type":"ReadAction","target":["https:\/\/dorogimedence.hu\/index.php\/2023\/01\/11\/2023-as-parkolasi-rend-esztergomban\/"]}]},{"@type":"ImageObject","inLanguage":"hu","@id":"https:\/\/dorogimedence.hu\/index.php\/2023\/01\/11\/2023-as-parkolasi-rend-esztergomban\/#primaryimage","url":"https:\/\/dorogimedence.hu\/wp-content\/uploads\/2023\/01\/viber_kep_2023_01_11_11_20_53_12.jpg","contentUrl":"https:\/\/dorogimedence.hu\/wp-content\/uploads\/2023\/01\/viber_kep_2023_01_11_11_20_53_12.jpg","width":1800,"height":1012},{"@type":"BreadcrumbList","@id":"https:\/\/dorogimedence.hu\/index.php\/2023\/01\/11\/2023-as-parkolasi-rend-esztergomban\/#breadcrumb","itemListElement":[{"@type":"ListItem","position":1,"name":"Kezd\u0151lap","item":"https:\/\/dorogimedence.hu\/"},{"@type":"ListItem","position":2,"name":"2023-as parkol\u00e1si rend Esztergomban"}]},{"@type":"WebSite","@id":"https:\/\/dorogimedence.hu\/#website","url":"https:\/\/dorogimedence.hu\/","name":"Dorogi-medence Region\u00e1lis H\u00edrport\u00e1l","description":"Dorog, Keszt\u00f6lc, Le\u00e1nyv\u00e1r, Piliscs\u00e9v, Tokod, Tokodalt\u00e1r\u00f3, Csolnok, Esztergom-kertv\u00e1ros: h\u00edrek, programok","publisher":{"@id":"https:\/\/dorogimedence.hu\/#organization"},"potentialAction":[{"@type":"SearchAction","target":{"@type":"EntryPoint","urlTemplate":"https:\/\/dorogimedence.hu\/?s={search_term_string}"},"query-input":{"@type":"PropertyValueSpecification","valueRequired":true,"valueName":"search_term_string"}}],"inLanguage":"hu"},{"@type":"Organization","@id":"https:\/\/dorogimedence.hu\/#organization","name":"Dorogi-medence Region\u00e1lis H\u00edrport\u00e1l","url":"https:\/\/dorogimedence.hu\/","logo":{"@type":"ImageObject","inLanguage":"hu","@id":"https:\/\/dorogimedence.hu\/#\/schema\/logo\/image\/","url":"https:\/\/dorogimedence.hu\/wp-content\/uploads\/2021\/04\/logo-feher-600.png","contentUrl":"https:\/\/dorogimedence.hu\/wp-content\/uploads\/2021\/04\/logo-feher-600.png","width":600,"height":100,"caption":"Dorogi-medence Region\u00e1lis H\u00edrport\u00e1l"},"image":{"@id":"https:\/\/dorogimedence.hu\/#\/schema\/logo\/image\/"},"sameAs":["https:\/\/www.facebook.com\/dorogimedence\/"]},{"@type":"Person","@id":"https:\/\/dorogimedence.hu\/#\/schema\/person\/ce6091eeb7e95ecdc87890d6aa8e0fd4","name":"dorogimedence.hu","image":{"@type":"ImageObject","inLanguage":"hu","@id":"\/\/www.gravatar.com\/avatar\/d8d45f8901aadff40a4af72c0b826f1d?s=96&#038;r=g&#038;d=mm","url":"\/\/www.gravatar.com\/avatar\/d8d45f8901aadff40a4af72c0b826f1d?s=96&#038;r=g&#038;d=mm","contentUrl":"\/\/www.gravatar.com\/avatar\/d8d45f8901aadff40a4af72c0b826f1d?s=96&#038;r=g&#038;d=mm","caption":"dorogimedence.hu"}}]}},"_links":{"self":[{"href":"https:\/\/dorogimedence.hu\/index.php\/wp-json\/wp\/v2\/posts\/49314","targetHints":{"allow":["GET"]}}],"collection":[{"href":"https:\/\/dorogimedence.hu\/index.php\/wp-json\/wp\/v2\/posts"}],"about":[{"href":"https:\/\/dorogimedence.hu\/index.php\/wp-json\/wp\/v2\/types\/post"}],"author":[{"embeddable":true,"href":"https:\/\/dorogimedence.hu\/index.php\/wp-json\/wp\/v2\/users\/1"}],"replies":[{"embeddable":true,"href":"https:\/\/dorogimedence.hu\/index.php\/wp-json\/wp\/v2\/comments?post=49314"}],"version-history":[{"count":0,"href":"https:\/\/dorogimedence.hu\/index.php\/wp-json\/wp\/v2\/posts\/49314\/revisions"}],"wp:featuredmedia":[{"embeddable":true,"href":"https:\/\/dorogimedence.hu\/index.php\/wp-json\/wp\/v2\/media\/49315"}],"wp:attachment":[{"href":"https:\/\/dorogimedence.hu\/index.php\/wp-json\/wp\/v2\/media?parent=49314"}],"wp:term":[{"taxonomy":"category","embeddable":true,"href":"https:\/\/dorogimedence.hu\/index.php\/wp-json\/wp\/v2\/categories?post=49314"},{"taxonomy":"post_tag","embeddable":true,"href":"https:\/\/dorogimedence.hu\/index.php\/wp-json\/wp\/v2\/tags?post=49314"}],"curies":[{"name":"wp","href":"https:\/\/api.w.org\/{rel}","templated":true}]}}