{"id":49278,"date":"2023-01-10T11:45:00","date_gmt":"2023-01-10T10:45:00","guid":{"rendered":"https:\/\/dorogimedence.hu\/?p=49278"},"modified":"2023-04-14T11:20:36","modified_gmt":"2023-04-14T09:20:36","slug":"marian-sluka-az-elso-hettol-100-os-munkat-akarunk-vegezni","status":"publish","type":"post","link":"https:\/\/dorogimedence.hu\/index.php\/2023\/01\/10\/marian-sluka-az-elso-hettol-100-os-munkat-akarunk-vegezni\/","title":{"rendered":"Mari\u00e1n Sluka: Az els\u0151 h\u00e9tt\u0151l 100%-os munk\u00e1t akarunk v\u00e9gezni!"},"content":{"rendered":"<section class=\"elementor-section elementor-top-section elementor-element elementor-element-da77cc5 elementor-section-boxed elementor-section-height-default elementor-section-height-default\" data-id=\"da77cc5\" data-element_type=\"section\">\n<div class=\"elementor-container elementor-column-gap-default\">\n<div class=\"elementor-column elementor-col-100 elementor-top-column elementor-element elementor-element-b2a2cbe\" data-id=\"b2a2cbe\" data-element_type=\"column\">\n<div class=\"elementor-widget-wrap elementor-element-populated\">\n<div class=\"elementor-element elementor-element-0eeff92 elementor-widget elementor-widget-text-editor\" data-id=\"0eeff92\" data-element_type=\"widget\" data-widget_type=\"text-editor.default\">\n<div class=\"elementor-widget-container\">\n<p><strong>A Dorogi FC vezet\u0151edz\u0151je \u00e9rt\u00e9kelte a felk\u00e9sz\u00fcl\u00e9s els\u0151 het\u00e9ben t\u00f6rt\u00e9nteket, miut\u00e1n m\u00falt h\u00e9t kedden \u00e1llt munk\u00e1ba a csapat, \u00e9s az els\u0151 edz\u0151m\u00e9rk\u0151z\u00e9s\u00e9t is lej\u00e1tszotta a Kazincbarcika ellen.<br \/>\n<\/strong><\/p>\n<section class=\"elementor-section elementor-top-section elementor-element elementor-element-4d39a28 elementor-section-boxed elementor-section-height-default elementor-section-height-default\" data-id=\"4d39a28\" data-element_type=\"section\">\n<div class=\"elementor-container elementor-column-gap-default\">\n<div class=\"elementor-column elementor-col-100 elementor-top-column elementor-element elementor-element-118323c\" data-id=\"118323c\" data-element_type=\"column\">\n<div class=\"elementor-widget-wrap elementor-element-populated\">\n<div class=\"elementor-element elementor-element-46b52ef elementor-widget elementor-widget-text-editor\" data-id=\"46b52ef\" data-element_type=\"widget\" data-widget_type=\"text-editor.default\">\n<div class=\"elementor-widget-container\">\n<p><strong>\u00dajra munk\u00e1ban:<\/strong> \u201cA sz\u00fcnet ut\u00e1n, amely sor\u00e1n a j\u00e1t\u00e9kosok elv\u00e9gezt\u00e9k azt a munk\u00e1t, amelyet el\u0151\u00edrtunk nekik, kedden bele\u00e1lltunk az edz\u00e9sbe \u00e9s a csapatom nagyon j\u00f3l dolgozott, teljes m\u00e9rt\u00e9kben el tudtuk v\u00e9gezni az eltervezett munk\u00e1t. Az els\u0151 napt\u00f3l kezdve az utols\u00f3ig nagyon j\u00f3 min\u0151s\u00e9gben \u00e9s iramban <a href=\"https:\/\/cvminta.com\/\" target=\"_blank\" rel=\"noopener\"><span style=\"text-decoration: underline; color: #0000ff;\">dolgozott a keret<\/span><\/a>, p\u00e9nteken m\u00e1r \u00e9rezhet\u0151 is volt az ebb\u0151l k\u00f6vetkez\u0151 f\u00e1radts\u00e1g, de mindenki \u00fagy \u00e1llt hozz\u00e1 a felk\u00e9sz\u00fcl\u00e9shez, ahogyan kell.\u201d<\/p>\n<p><strong>Kazincbarcika m\u00e9rk\u0151z\u00e9s:<\/strong> Nagyon j\u00f3l szolg\u00e1lta a munk\u00e1nkat ez a m\u00e9rk\u0151z\u00e9s, sok minden megmutatkozott benne, amit l\u00e1tni szerett\u00fck volna, legink\u00e1bb a pr\u00f3baj\u00e1t\u00e9kosainkat akartuk \u00e9les helyzetben megn\u00e9zni. Az els\u0151 f\u00e9lid\u0151ben 90%-ban vissza is kaptuk, amit k\u00e9rt\u00fcnk a j\u00e1t\u00e9kosokt\u00f3l, j\u00f3l is n\u00e9zt\u00fcnk ki, magasan tudtunk v\u00e9dekezni \u00e9s j\u00f3 helyeken szerezt\u00fcnk labd\u00e1t, de tov\u00e1bbra is kiemelt fontoss\u00e1g\u00fa, hogy g\u00f3lokat szerezz\u00fcnk. A m\u00e1sodik j\u00e1t\u00e9kr\u00e9szben m\u00e1r nem igaz\u00e1n volt j\u00f3 a j\u00e1t\u00e9kunk, t\u00f6bb gyeng\u00e9bb teljes\u00edtm\u00e9ny is volt, de \u00f6sszess\u00e9g\u00e9ben a m\u00e9rk\u0151z\u00e9s sokat seg\u00edtett abban, hogy jobb \u00e1llapotba hozzuk a j\u00e1t\u00e9kosokat.\u201d&nbsp;<\/p>\n<p><strong>Saj\u00e1t nevel\u00e9s\u0171 j\u00e1t\u00e9kosok:<\/strong> \u201cSzerettem volna lehet\u0151s\u00e9get adni nekik ezen a szinten is, mert eg\u00e9sz h\u00e9ten nagyon j\u00f3 hozz\u00e1\u00e1ll\u00e1ssal is intenzit\u00e1ssal dolgoztak. Nagyon j\u00f3l sz\u00e1lltak be a m\u00e9rk\u0151z\u00e9sbe, nagyon tetszett a j\u00e1t\u00e9kuk, koncentr\u00e1ltak voltak \u00e9s nagy akarattal l\u00e9ptek p\u00e1ly\u00e1ra.\u201d<\/p>\n<p><strong>A folytat\u00e1s:<\/strong> \u201cMivel nagyon r\u00f6vid id\u0151 \u00e1ll rendelkez\u00e9s\u00fcnk a bajnoks\u00e1g janu\u00e1ri folytat\u00e1sa miatt, az els\u0151 h\u00e9tt\u0151l kezdve 100%-os munk\u00e1t akarunk v\u00e9gezni. A k\u00f6vetkez\u0151 h\u00e9t is er\u0151pr\u00f3b\u00e1l\u00f3 lesz, k\u00e9t m\u00e9rk\u0151z\u00e9s is van a programban, ezek a m\u00e9rk\u0151z\u00e9sek jelentik majd a cs\u00facsterhel\u00e9st a csapatnak. Tekintve, hogy a keret tov\u00e1bbra is er\u0151s\u00edt\u00e9sre szorul, igyeksz\u00fcnk folyamatosan olyan j\u00e1t\u00e9kosokat keresni, aki megfelel\u0151 a sz\u00e1munkra, dolgozunk tov\u00e1bb t\u00fcrelmesen, akaratosan, de koncentr\u00e1ltan.\u201d<\/p>\n<p><em>Bor\u00edt\u00f3k\u00e9p, forr\u00e1s: dorogifc.hu<\/em><\/p>\n<\/div>\n<\/div>\n<\/div>\n<\/div>\n<\/div>\n<\/section>\n<\/div>\n<\/div>\n<\/div>\n<\/div>\n<\/div>\n<\/section>\n","protected":false},"excerpt":{"rendered":"<p>A Dorogi FC vezet\u0151edz\u0151je \u00e9rt\u00e9kelte a felk\u00e9sz\u00fcl\u00e9s els\u0151 het\u00e9ben t\u00f6rt\u00e9nteket, miut\u00e1n m\u00falt h\u00e9t kedden \u00e1llt munk\u00e1ba a csapat, \u00e9s az els\u0151 edz\u0151m\u00e9rk\u0151z\u00e9s\u00e9t is lej\u00e1tszotta a Kazincbarcika ellen. \u00dajra munk\u00e1ban: \u201cA sz\u00fcnet ut\u00e1n, amely sor\u00e1n a j\u00e1t\u00e9kosok elv\u00e9gezt\u00e9k azt a munk\u00e1t, amelyet el\u0151\u00edrtunk nekik, kedden bele\u00e1lltunk az edz\u00e9sbe \u00e9s a csapatom nagyon j\u00f3l dolgozott, teljes m\u00e9rt\u00e9kben<\/p>\n","protected":false},"author":1,"featured_media":49279,"comment_status":"closed","ping_status":"closed","sticky":false,"template":"","format":"standard","meta":{"ngg_post_thumbnail":0,"footnotes":""},"categories":[2,3,5],"tags":[15,37,70,69,72,263,16],"class_list":{"0":"post-49278","1":"post","2":"type-post","3":"status-publish","4":"format-standard","5":"has-post-thumbnail","7":"category-dorog","8":"category-hirek","9":"category-sport","10":"tag-dorog","11":"tag-dorogi-fc","12":"tag-foci","13":"tag-futball","14":"tag-labdarugas","15":"tag-nb-ii","16":"tag-sport"},"yoast_head":"<!-- This site is optimized with the Yoast SEO plugin v27.5 - https:\/\/yoast.com\/product\/yoast-seo-wordpress\/ -->\n<title>Mari\u00e1n Sluka: Az els\u0151 h\u00e9tt\u0151l 100%-os munk\u00e1t akarunk v\u00e9gezni!<\/title>\n<meta name=\"robots\" content=\"index, follow, max-snippet:-1, max-image-preview:large, max-video-preview:-1\" \/>\n<link rel=\"canonical\" href=\"https:\/\/dorogimedence.hu\/index.php\/2023\/01\/10\/marian-sluka-az-elso-hettol-100-os-munkat-akarunk-vegezni\/\" class=\"yoast-seo-meta-tag\" \/>\n<meta property=\"og:locale\" content=\"hu_HU\" class=\"yoast-seo-meta-tag\" \/>\n<meta property=\"og:type\" content=\"article\" class=\"yoast-seo-meta-tag\" \/>\n<meta property=\"og:title\" content=\"Mari\u00e1n Sluka: Az els\u0151 h\u00e9tt\u0151l 100%-os munk\u00e1t akarunk v\u00e9gezni!\" class=\"yoast-seo-meta-tag\" \/>\n<meta property=\"og:description\" content=\"A Dorogi FC vezet\u0151edz\u0151je \u00e9rt\u00e9kelte a felk\u00e9sz\u00fcl\u00e9s els\u0151 het\u00e9ben t\u00f6rt\u00e9nteket, miut\u00e1n m\u00falt h\u00e9t kedden \u00e1llt munk\u00e1ba a csapat, \u00e9s az els\u0151 edz\u0151m\u00e9rk\u0151z\u00e9s\u00e9t is lej\u00e1tszotta a Kazincbarcika ellen. \u00dajra munk\u00e1ban: \u201cA sz\u00fcnet ut\u00e1n, amely sor\u00e1n a j\u00e1t\u00e9kosok elv\u00e9gezt\u00e9k azt a munk\u00e1t, amelyet el\u0151\u00edrtunk nekik, kedden bele\u00e1lltunk az edz\u00e9sbe \u00e9s a csapatom nagyon j\u00f3l dolgozott, teljes m\u00e9rt\u00e9kben\" class=\"yoast-seo-meta-tag\" \/>\n<meta property=\"og:url\" content=\"https:\/\/dorogimedence.hu\/index.php\/2023\/01\/10\/marian-sluka-az-elso-hettol-100-os-munkat-akarunk-vegezni\/\" class=\"yoast-seo-meta-tag\" \/>\n<meta property=\"og:site_name\" content=\"Dorogi-medence Region\u00e1lis H\u00edrport\u00e1l\" class=\"yoast-seo-meta-tag\" \/>\n<meta property=\"article:publisher\" content=\"https:\/\/www.facebook.com\/dorogimedence\/\" class=\"yoast-seo-meta-tag\" \/>\n<meta property=\"article:published_time\" content=\"2023-01-10T10:45:00+00:00\" class=\"yoast-seo-meta-tag\" \/>\n<meta property=\"article:modified_time\" content=\"2023-04-14T09:20:36+00:00\" class=\"yoast-seo-meta-tag\" \/>\n<meta property=\"og:image\" content=\"https:\/\/dorogimedence.hu\/wp-content\/uploads\/2023\/01\/IMG_1596-scaled-1.jpg\" class=\"yoast-seo-meta-tag\" \/>\n\t<meta property=\"og:image:width\" content=\"2560\" class=\"yoast-seo-meta-tag\" \/>\n\t<meta property=\"og:image:height\" content=\"1707\" class=\"yoast-seo-meta-tag\" \/>\n\t<meta property=\"og:image:type\" content=\"image\/jpeg\" class=\"yoast-seo-meta-tag\" \/>\n<meta name=\"author\" content=\"dorogimedence.hu\" class=\"yoast-seo-meta-tag\" \/>\n<meta name=\"twitter:card\" content=\"summary_large_image\" class=\"yoast-seo-meta-tag\" \/>\n<meta name=\"twitter:label1\" content=\"Szerz\u0151:\" class=\"yoast-seo-meta-tag\" \/>\n\t<meta name=\"twitter:data1\" content=\"dorogimedence.hu\" class=\"yoast-seo-meta-tag\" \/>\n\t<meta name=\"twitter:label2\" content=\"Becs\u00fclt olvas\u00e1si id\u0151\" class=\"yoast-seo-meta-tag\" \/>\n\t<meta name=\"twitter:data2\" content=\"2 perc\" class=\"yoast-seo-meta-tag\" \/>\n<script type=\"application\/ld+json\" class=\"yoast-schema-graph\">{\"@context\":\"https:\\\/\\\/schema.org\",\"@graph\":[{\"@type\":\"Article\",\"@id\":\"https:\\\/\\\/dorogimedence.hu\\\/index.php\\\/2023\\\/01\\\/10\\\/marian-sluka-az-elso-hettol-100-os-munkat-akarunk-vegezni\\\/#article\",\"isPartOf\":{\"@id\":\"https:\\\/\\\/dorogimedence.hu\\\/index.php\\\/2023\\\/01\\\/10\\\/marian-sluka-az-elso-hettol-100-os-munkat-akarunk-vegezni\\\/\"},\"author\":{\"name\":\"dorogimedence.hu\",\"@id\":\"https:\\\/\\\/dorogimedence.hu\\\/#\\\/schema\\\/person\\\/ce6091eeb7e95ecdc87890d6aa8e0fd4\"},\"headline\":\"Mari\u00e1n Sluka: Az els\u0151 h\u00e9tt\u0151l 100%-os munk\u00e1t akarunk v\u00e9gezni!\",\"datePublished\":\"2023-01-10T10:45:00+00:00\",\"dateModified\":\"2023-04-14T09:20:36+00:00\",\"mainEntityOfPage\":{\"@id\":\"https:\\\/\\\/dorogimedence.hu\\\/index.php\\\/2023\\\/01\\\/10\\\/marian-sluka-az-elso-hettol-100-os-munkat-akarunk-vegezni\\\/\"},\"wordCount\":463,\"publisher\":{\"@id\":\"https:\\\/\\\/dorogimedence.hu\\\/#organization\"},\"image\":{\"@id\":\"https:\\\/\\\/dorogimedence.hu\\\/index.php\\\/2023\\\/01\\\/10\\\/marian-sluka-az-elso-hettol-100-os-munkat-akarunk-vegezni\\\/#primaryimage\"},\"thumbnailUrl\":\"https:\\\/\\\/dorogimedence.hu\\\/wp-content\\\/uploads\\\/2023\\\/01\\\/IMG_1596-scaled-1.jpg\",\"keywords\":[\"Dorog\",\"Dorogi FC\",\"foci\",\"futball\",\"labdar\u00fag\u00e1s\",\"NB II\",\"sport\"],\"articleSection\":[\"Dorog\",\"H\u00edrek\",\"Sport\"],\"inLanguage\":\"hu\"},{\"@type\":\"WebPage\",\"@id\":\"https:\\\/\\\/dorogimedence.hu\\\/index.php\\\/2023\\\/01\\\/10\\\/marian-sluka-az-elso-hettol-100-os-munkat-akarunk-vegezni\\\/\",\"url\":\"https:\\\/\\\/dorogimedence.hu\\\/index.php\\\/2023\\\/01\\\/10\\\/marian-sluka-az-elso-hettol-100-os-munkat-akarunk-vegezni\\\/\",\"name\":\"Mari\u00e1n Sluka: Az els\u0151 h\u00e9tt\u0151l 100%-os munk\u00e1t akarunk v\u00e9gezni!\",\"isPartOf\":{\"@id\":\"https:\\\/\\\/dorogimedence.hu\\\/#website\"},\"primaryImageOfPage\":{\"@id\":\"https:\\\/\\\/dorogimedence.hu\\\/index.php\\\/2023\\\/01\\\/10\\\/marian-sluka-az-elso-hettol-100-os-munkat-akarunk-vegezni\\\/#primaryimage\"},\"image\":{\"@id\":\"https:\\\/\\\/dorogimedence.hu\\\/index.php\\\/2023\\\/01\\\/10\\\/marian-sluka-az-elso-hettol-100-os-munkat-akarunk-vegezni\\\/#primaryimage\"},\"thumbnailUrl\":\"https:\\\/\\\/dorogimedence.hu\\\/wp-content\\\/uploads\\\/2023\\\/01\\\/IMG_1596-scaled-1.jpg\",\"datePublished\":\"2023-01-10T10:45:00+00:00\",\"dateModified\":\"2023-04-14T09:20:36+00:00\",\"breadcrumb\":{\"@id\":\"https:\\\/\\\/dorogimedence.hu\\\/index.php\\\/2023\\\/01\\\/10\\\/marian-sluka-az-elso-hettol-100-os-munkat-akarunk-vegezni\\\/#breadcrumb\"},\"inLanguage\":\"hu\",\"potentialAction\":[{\"@type\":\"ReadAction\",\"target\":[\"https:\\\/\\\/dorogimedence.hu\\\/index.php\\\/2023\\\/01\\\/10\\\/marian-sluka-az-elso-hettol-100-os-munkat-akarunk-vegezni\\\/\"]}]},{\"@type\":\"ImageObject\",\"inLanguage\":\"hu\",\"@id\":\"https:\\\/\\\/dorogimedence.hu\\\/index.php\\\/2023\\\/01\\\/10\\\/marian-sluka-az-elso-hettol-100-os-munkat-akarunk-vegezni\\\/#primaryimage\",\"url\":\"https:\\\/\\\/dorogimedence.hu\\\/wp-content\\\/uploads\\\/2023\\\/01\\\/IMG_1596-scaled-1.jpg\",\"contentUrl\":\"https:\\\/\\\/dorogimedence.hu\\\/wp-content\\\/uploads\\\/2023\\\/01\\\/IMG_1596-scaled-1.jpg\",\"width\":2560,\"height\":1707},{\"@type\":\"BreadcrumbList\",\"@id\":\"https:\\\/\\\/dorogimedence.hu\\\/index.php\\\/2023\\\/01\\\/10\\\/marian-sluka-az-elso-hettol-100-os-munkat-akarunk-vegezni\\\/#breadcrumb\",\"itemListElement\":[{\"@type\":\"ListItem\",\"position\":1,\"name\":\"Kezd\u0151lap\",\"item\":\"https:\\\/\\\/dorogimedence.hu\\\/\"},{\"@type\":\"ListItem\",\"position\":2,\"name\":\"Mari\u00e1n Sluka: Az els\u0151 h\u00e9tt\u0151l 100%-os munk\u00e1t akarunk v\u00e9gezni!\"}]},{\"@type\":\"WebSite\",\"@id\":\"https:\\\/\\\/dorogimedence.hu\\\/#website\",\"url\":\"https:\\\/\\\/dorogimedence.hu\\\/\",\"name\":\"Dorogi-medence Region\u00e1lis H\u00edrport\u00e1l\",\"description\":\"Dorog, Keszt\u00f6lc, Le\u00e1nyv\u00e1r, Piliscs\u00e9v, Tokod, Tokodalt\u00e1r\u00f3, Csolnok, Esztergom-kertv\u00e1ros: h\u00edrek, programok\",\"publisher\":{\"@id\":\"https:\\\/\\\/dorogimedence.hu\\\/#organization\"},\"potentialAction\":[{\"@type\":\"SearchAction\",\"target\":{\"@type\":\"EntryPoint\",\"urlTemplate\":\"https:\\\/\\\/dorogimedence.hu\\\/?s={search_term_string}\"},\"query-input\":{\"@type\":\"PropertyValueSpecification\",\"valueRequired\":true,\"valueName\":\"search_term_string\"}}],\"inLanguage\":\"hu\"},{\"@type\":\"Organization\",\"@id\":\"https:\\\/\\\/dorogimedence.hu\\\/#organization\",\"name\":\"Dorogi-medence Region\u00e1lis H\u00edrport\u00e1l\",\"url\":\"https:\\\/\\\/dorogimedence.hu\\\/\",\"logo\":{\"@type\":\"ImageObject\",\"inLanguage\":\"hu\",\"@id\":\"https:\\\/\\\/dorogimedence.hu\\\/#\\\/schema\\\/logo\\\/image\\\/\",\"url\":\"https:\\\/\\\/dorogimedence.hu\\\/wp-content\\\/uploads\\\/2021\\\/04\\\/logo-feher-600.png\",\"contentUrl\":\"https:\\\/\\\/dorogimedence.hu\\\/wp-content\\\/uploads\\\/2021\\\/04\\\/logo-feher-600.png\",\"width\":600,\"height\":100,\"caption\":\"Dorogi-medence Region\u00e1lis H\u00edrport\u00e1l\"},\"image\":{\"@id\":\"https:\\\/\\\/dorogimedence.hu\\\/#\\\/schema\\\/logo\\\/image\\\/\"},\"sameAs\":[\"https:\\\/\\\/www.facebook.com\\\/dorogimedence\\\/\"]},{\"@type\":\"Person\",\"@id\":\"https:\\\/\\\/dorogimedence.hu\\\/#\\\/schema\\\/person\\\/ce6091eeb7e95ecdc87890d6aa8e0fd4\",\"name\":\"dorogimedence.hu\",\"image\":{\"@type\":\"ImageObject\",\"inLanguage\":\"hu\",\"@id\":\"\\\/\\\/www.gravatar.com\\\/avatar\\\/d8d45f8901aadff40a4af72c0b826f1d?s=96&#038;r=g&#038;d=mm\",\"url\":\"\\\/\\\/www.gravatar.com\\\/avatar\\\/d8d45f8901aadff40a4af72c0b826f1d?s=96&#038;r=g&#038;d=mm\",\"contentUrl\":\"\\\/\\\/www.gravatar.com\\\/avatar\\\/d8d45f8901aadff40a4af72c0b826f1d?s=96&#038;r=g&#038;d=mm\",\"caption\":\"dorogimedence.hu\"}}]}<\/script>\n<!-- \/ Yoast SEO plugin. -->","yoast_head_json":{"title":"Mari\u00e1n Sluka: Az els\u0151 h\u00e9tt\u0151l 100%-os munk\u00e1t akarunk v\u00e9gezni!","robots":{"index":"index","follow":"follow","max-snippet":"max-snippet:-1","max-image-preview":"max-image-preview:large","max-video-preview":"max-video-preview:-1"},"canonical":"https:\/\/dorogimedence.hu\/index.php\/2023\/01\/10\/marian-sluka-az-elso-hettol-100-os-munkat-akarunk-vegezni\/","og_locale":"hu_HU","og_type":"article","og_title":"Mari\u00e1n Sluka: Az els\u0151 h\u00e9tt\u0151l 100%-os munk\u00e1t akarunk v\u00e9gezni!","og_description":"A Dorogi FC vezet\u0151edz\u0151je \u00e9rt\u00e9kelte a felk\u00e9sz\u00fcl\u00e9s els\u0151 het\u00e9ben t\u00f6rt\u00e9nteket, miut\u00e1n m\u00falt h\u00e9t kedden \u00e1llt munk\u00e1ba a csapat, \u00e9s az els\u0151 edz\u0151m\u00e9rk\u0151z\u00e9s\u00e9t is lej\u00e1tszotta a Kazincbarcika ellen. \u00dajra munk\u00e1ban: \u201cA sz\u00fcnet ut\u00e1n, amely sor\u00e1n a j\u00e1t\u00e9kosok elv\u00e9gezt\u00e9k azt a munk\u00e1t, amelyet el\u0151\u00edrtunk nekik, kedden bele\u00e1lltunk az edz\u00e9sbe \u00e9s a csapatom nagyon j\u00f3l dolgozott, teljes m\u00e9rt\u00e9kben","og_url":"https:\/\/dorogimedence.hu\/index.php\/2023\/01\/10\/marian-sluka-az-elso-hettol-100-os-munkat-akarunk-vegezni\/","og_site_name":"Dorogi-medence Region\u00e1lis H\u00edrport\u00e1l","article_publisher":"https:\/\/www.facebook.com\/dorogimedence\/","article_published_time":"2023-01-10T10:45:00+00:00","article_modified_time":"2023-04-14T09:20:36+00:00","og_image":[{"width":2560,"height":1707,"url":"https:\/\/dorogimedence.hu\/wp-content\/uploads\/2023\/01\/IMG_1596-scaled-1.jpg","type":"image\/jpeg"}],"author":"dorogimedence.hu","twitter_card":"summary_large_image","twitter_misc":{"Szerz\u0151:":"dorogimedence.hu","Becs\u00fclt olvas\u00e1si id\u0151":"2 perc"},"schema":{"@context":"https:\/\/schema.org","@graph":[{"@type":"Article","@id":"https:\/\/dorogimedence.hu\/index.php\/2023\/01\/10\/marian-sluka-az-elso-hettol-100-os-munkat-akarunk-vegezni\/#article","isPartOf":{"@id":"https:\/\/dorogimedence.hu\/index.php\/2023\/01\/10\/marian-sluka-az-elso-hettol-100-os-munkat-akarunk-vegezni\/"},"author":{"name":"dorogimedence.hu","@id":"https:\/\/dorogimedence.hu\/#\/schema\/person\/ce6091eeb7e95ecdc87890d6aa8e0fd4"},"headline":"Mari\u00e1n Sluka: Az els\u0151 h\u00e9tt\u0151l 100%-os munk\u00e1t akarunk v\u00e9gezni!","datePublished":"2023-01-10T10:45:00+00:00","dateModified":"2023-04-14T09:20:36+00:00","mainEntityOfPage":{"@id":"https:\/\/dorogimedence.hu\/index.php\/2023\/01\/10\/marian-sluka-az-elso-hettol-100-os-munkat-akarunk-vegezni\/"},"wordCount":463,"publisher":{"@id":"https:\/\/dorogimedence.hu\/#organization"},"image":{"@id":"https:\/\/dorogimedence.hu\/index.php\/2023\/01\/10\/marian-sluka-az-elso-hettol-100-os-munkat-akarunk-vegezni\/#primaryimage"},"thumbnailUrl":"https:\/\/dorogimedence.hu\/wp-content\/uploads\/2023\/01\/IMG_1596-scaled-1.jpg","keywords":["Dorog","Dorogi FC","foci","futball","labdar\u00fag\u00e1s","NB II","sport"],"articleSection":["Dorog","H\u00edrek","Sport"],"inLanguage":"hu"},{"@type":"WebPage","@id":"https:\/\/dorogimedence.hu\/index.php\/2023\/01\/10\/marian-sluka-az-elso-hettol-100-os-munkat-akarunk-vegezni\/","url":"https:\/\/dorogimedence.hu\/index.php\/2023\/01\/10\/marian-sluka-az-elso-hettol-100-os-munkat-akarunk-vegezni\/","name":"Mari\u00e1n Sluka: Az els\u0151 h\u00e9tt\u0151l 100%-os munk\u00e1t akarunk v\u00e9gezni!","isPartOf":{"@id":"https:\/\/dorogimedence.hu\/#website"},"primaryImageOfPage":{"@id":"https:\/\/dorogimedence.hu\/index.php\/2023\/01\/10\/marian-sluka-az-elso-hettol-100-os-munkat-akarunk-vegezni\/#primaryimage"},"image":{"@id":"https:\/\/dorogimedence.hu\/index.php\/2023\/01\/10\/marian-sluka-az-elso-hettol-100-os-munkat-akarunk-vegezni\/#primaryimage"},"thumbnailUrl":"https:\/\/dorogimedence.hu\/wp-content\/uploads\/2023\/01\/IMG_1596-scaled-1.jpg","datePublished":"2023-01-10T10:45:00+00:00","dateModified":"2023-04-14T09:20:36+00:00","breadcrumb":{"@id":"https:\/\/dorogimedence.hu\/index.php\/2023\/01\/10\/marian-sluka-az-elso-hettol-100-os-munkat-akarunk-vegezni\/#breadcrumb"},"inLanguage":"hu","potentialAction":[{"@type":"ReadAction","target":["https:\/\/dorogimedence.hu\/index.php\/2023\/01\/10\/marian-sluka-az-elso-hettol-100-os-munkat-akarunk-vegezni\/"]}]},{"@type":"ImageObject","inLanguage":"hu","@id":"https:\/\/dorogimedence.hu\/index.php\/2023\/01\/10\/marian-sluka-az-elso-hettol-100-os-munkat-akarunk-vegezni\/#primaryimage","url":"https:\/\/dorogimedence.hu\/wp-content\/uploads\/2023\/01\/IMG_1596-scaled-1.jpg","contentUrl":"https:\/\/dorogimedence.hu\/wp-content\/uploads\/2023\/01\/IMG_1596-scaled-1.jpg","width":2560,"height":1707},{"@type":"BreadcrumbList","@id":"https:\/\/dorogimedence.hu\/index.php\/2023\/01\/10\/marian-sluka-az-elso-hettol-100-os-munkat-akarunk-vegezni\/#breadcrumb","itemListElement":[{"@type":"ListItem","position":1,"name":"Kezd\u0151lap","item":"https:\/\/dorogimedence.hu\/"},{"@type":"ListItem","position":2,"name":"Mari\u00e1n Sluka: Az els\u0151 h\u00e9tt\u0151l 100%-os munk\u00e1t akarunk v\u00e9gezni!"}]},{"@type":"WebSite","@id":"https:\/\/dorogimedence.hu\/#website","url":"https:\/\/dorogimedence.hu\/","name":"Dorogi-medence Region\u00e1lis H\u00edrport\u00e1l","description":"Dorog, Keszt\u00f6lc, Le\u00e1nyv\u00e1r, Piliscs\u00e9v, Tokod, Tokodalt\u00e1r\u00f3, Csolnok, Esztergom-kertv\u00e1ros: h\u00edrek, programok","publisher":{"@id":"https:\/\/dorogimedence.hu\/#organization"},"potentialAction":[{"@type":"SearchAction","target":{"@type":"EntryPoint","urlTemplate":"https:\/\/dorogimedence.hu\/?s={search_term_string}"},"query-input":{"@type":"PropertyValueSpecification","valueRequired":true,"valueName":"search_term_string"}}],"inLanguage":"hu"},{"@type":"Organization","@id":"https:\/\/dorogimedence.hu\/#organization","name":"Dorogi-medence Region\u00e1lis H\u00edrport\u00e1l","url":"https:\/\/dorogimedence.hu\/","logo":{"@type":"ImageObject","inLanguage":"hu","@id":"https:\/\/dorogimedence.hu\/#\/schema\/logo\/image\/","url":"https:\/\/dorogimedence.hu\/wp-content\/uploads\/2021\/04\/logo-feher-600.png","contentUrl":"https:\/\/dorogimedence.hu\/wp-content\/uploads\/2021\/04\/logo-feher-600.png","width":600,"height":100,"caption":"Dorogi-medence Region\u00e1lis H\u00edrport\u00e1l"},"image":{"@id":"https:\/\/dorogimedence.hu\/#\/schema\/logo\/image\/"},"sameAs":["https:\/\/www.facebook.com\/dorogimedence\/"]},{"@type":"Person","@id":"https:\/\/dorogimedence.hu\/#\/schema\/person\/ce6091eeb7e95ecdc87890d6aa8e0fd4","name":"dorogimedence.hu","image":{"@type":"ImageObject","inLanguage":"hu","@id":"\/\/www.gravatar.com\/avatar\/d8d45f8901aadff40a4af72c0b826f1d?s=96&#038;r=g&#038;d=mm","url":"\/\/www.gravatar.com\/avatar\/d8d45f8901aadff40a4af72c0b826f1d?s=96&#038;r=g&#038;d=mm","contentUrl":"\/\/www.gravatar.com\/avatar\/d8d45f8901aadff40a4af72c0b826f1d?s=96&#038;r=g&#038;d=mm","caption":"dorogimedence.hu"}}]}},"_links":{"self":[{"href":"https:\/\/dorogimedence.hu\/index.php\/wp-json\/wp\/v2\/posts\/49278","targetHints":{"allow":["GET"]}}],"collection":[{"href":"https:\/\/dorogimedence.hu\/index.php\/wp-json\/wp\/v2\/posts"}],"about":[{"href":"https:\/\/dorogimedence.hu\/index.php\/wp-json\/wp\/v2\/types\/post"}],"author":[{"embeddable":true,"href":"https:\/\/dorogimedence.hu\/index.php\/wp-json\/wp\/v2\/users\/1"}],"replies":[{"embeddable":true,"href":"https:\/\/dorogimedence.hu\/index.php\/wp-json\/wp\/v2\/comments?post=49278"}],"version-history":[{"count":0,"href":"https:\/\/dorogimedence.hu\/index.php\/wp-json\/wp\/v2\/posts\/49278\/revisions"}],"wp:featuredmedia":[{"embeddable":true,"href":"https:\/\/dorogimedence.hu\/index.php\/wp-json\/wp\/v2\/media\/49279"}],"wp:attachment":[{"href":"https:\/\/dorogimedence.hu\/index.php\/wp-json\/wp\/v2\/media?parent=49278"}],"wp:term":[{"taxonomy":"category","embeddable":true,"href":"https:\/\/dorogimedence.hu\/index.php\/wp-json\/wp\/v2\/categories?post=49278"},{"taxonomy":"post_tag","embeddable":true,"href":"https:\/\/dorogimedence.hu\/index.php\/wp-json\/wp\/v2\/tags?post=49278"}],"curies":[{"name":"wp","href":"https:\/\/api.w.org\/{rel}","templated":true}]}}