{"id":49246,"date":"2023-01-09T11:59:53","date_gmt":"2023-01-09T10:59:53","guid":{"rendered":"https:\/\/dorogimedence.hu\/?p=49246"},"modified":"2023-01-09T12:00:23","modified_gmt":"2023-01-09T11:00:23","slug":"jelentos-szamu-szechenyi-levelet-oriznek-esztergomban","status":"publish","type":"post","link":"https:\/\/dorogimedence.hu\/index.php\/2023\/01\/09\/jelentos-szamu-szechenyi-levelet-oriznek-esztergomban\/","title":{"rendered":"Jelent\u0151s sz\u00e1m\u00fa Sz\u00e9chenyi-levelet \u0151riznek Esztergomban"},"content":{"rendered":"<p><strong>A k\u00e9sz\u00fcl\u0151 nyomtatott kiad\u00e1s mellett online el\u00e9rhet\u0151 adatb\u00e1zisban is k\u00f6zz\u00e9teszi Sz\u00e9chenyi Istv\u00e1n levelez\u00e9s\u00e9t az ELKH B\u00f6lcs\u00e9szettudom\u00e1nyi Kutat\u00f3k\u00f6zpont T\u00f6rt\u00e9nettudom\u00e1nyi Int\u00e9zete (BTK TTI). Az E\u00f6tv\u00f6s Lor\u00e1nd Kutat\u00e1si H\u00e1l\u00f3zat (UELKH) k\u00f6zlem\u00e9ny\u00e9b\u0151l az is kider\u00fcl, hogy a Sz\u00e9chenyi-levelekb\u0151l jelent\u0151sebb gy\u0171jtem\u00e9nyt \u0151riz az esztergomi Duna M\u00fazeum is.<\/strong><\/p>\n<p>A teljess\u00e9gre t\u00f6rekv\u0151, modern kritikai kiad\u00e1s felbecs\u00fclhetetlen \u00e9rt\u00e9k\u0171 forr\u00e1sanyagot tesz k\u00f6nnyen hozz\u00e1f\u00e9rhet\u0151v\u00e9 a t\u00f6rt\u00e9n\u00e9szek \u00e9s az \u00e9rdekl\u0151d\u0151k sz\u00e1m\u00e1ra, ez\u00e1ltal a korabeli magyarorsz\u00e1gi viszonyok sz\u00e1mos r\u00e9teg\u00e9nek a megismer\u00e9s\u00e9t is nagym\u00e9rt\u00e9kben el\u0151mozd\u00edthatja \u2013 k\u00f6z\u00f6lte az UELKH Titk\u00e1rs\u00e1ga h\u00e9tf\u0151n az MTI-vel.<\/p>\n<p>Az 1825 december\u00e9ig tart\u00f3 els\u0151 id\u0151szakb\u00f3l sz\u00e1rmaz\u00f3 549 lev\u00e9l m\u00e1r olvashat\u00f3 az erre a c\u00e9lra fejlesztett weboldalon. A sz\u00f6vegkritikai szempontb\u00f3l feldolgozott \u00e9s jegyzetelt levelekkel folyamatosan b\u0151v\u00fcl\u0151 adatb\u00e1zis a szorosan vett Sz\u00e9chenyi-kutat\u00e1son t\u00fal a t\u00f6rt\u00e9nettudom\u00e1ny t\u00f6bb \u00e1ga \u00e9s sz\u0171kebb r\u00e9szter\u00fcletei sz\u00e1m\u00e1ra is fontos inform\u00e1ci\u00f3forr\u00e1st jelent.<\/p>\n<p>Mint \u00edrt\u00e1k, Sz\u00e9chenyi Istv\u00e1n hatalmas irathagyat\u00e9k\u00e1nak jelent\u0151s r\u00e9sz\u00e9t levelez\u00e9se teszi ki. A gr\u00f3f \u00e1ltal \u00edrott mintegy 4800-5000, jelenleg ismert lev\u00e9l nagy r\u00e9sze f\u0151k\u00e9nt az 1830-1840-es \u00e9vekben, alkot\u00f3tev\u00e9kenys\u00e9ge legakt\u00edvabb id\u0151szak\u00e1ban, k\u00f6z\u00e9leti tev\u00e9kenys\u00e9g\u00e9vel \u00f6sszef\u00fcgg\u00e9sben keletkezett.<\/p>\n<p>A Sz\u00e9chenyi Istv\u00e1n leveleinek kritikai kiad\u00e1sa c\u00edm\u0171 projekt munk\u00e1latai 2017 szeptember\u00e9ben kezd\u0151dtek a BTK T\u00f6rt\u00e9nettudom\u00e1nyi Int\u00e9zet\u00e9ben F\u00f3nagy Zolt\u00e1n vezet\u00e9s\u00e9vel, Czinege Szilvia r\u00e9szv\u00e9tel\u00e9vel. A munka jelenleg k\u00e9t kor\u00e1bbi kutat\u00e1s iratanyag\u00e1nak felhaszn\u00e1l\u00e1s\u00e1val zajlik.<\/p>\n<p>A kutat\u00e1s els\u0151 szakasz\u00e1nak egyik legfontosabb feladata a fellelhet\u0151 Sz\u00e9chenyi-levelek adatszinten t\u00f6rt\u00e9n\u0151 sz\u00e1mbav\u00e9tele volt: kinek, mikor \u00e9s hol \u00edrta, hol tal\u00e1lhat\u00f3 ma a lev\u00e9l, \u00e9s megjelent-e m\u00e1r? Ehhez a forr\u00e1skiadv\u00e1nyok, valamint a k\u00f6zgy\u0171jtem\u00e9nyek katal\u00f3gusai ny\u00fajtottak seg\u00edts\u00e9get. A Sz\u00e9chenyi leveleit list\u00e1z\u00f3 katal\u00f3gus elk\u00e9sz\u00edt\u00e9se ut\u00e1n a k\u00e9t kor\u00e1bbi kutat\u00e1s iratanyag\u00e1nak sz\u00e1mbav\u00e9tele, valamint a katal\u00f3gussal val\u00f3 \u00f6sszevet\u00e9se k\u00f6vetkezett. Ezzel p\u00e1rhuzamosan zajlott a k\u00e9ziratok m\u00e1solatainak gy\u0171jt\u00e9se a k\u00f6zgy\u0171jtem\u00e9nyekb\u0151l a k\u00e9s\u0151bbi feldolgoz\u00e1shoz.<\/p>\n<p>A Sz\u00e9chenyi-levelek legnagyobb r\u00e9sze ma k\u00e9t budapesti k\u00f6zgy\u0171jtem\u00e9nyben, a Magyar Nemzeti Lev\u00e9lt\u00e1r Orsz\u00e1gos Lev\u00e9lt\u00e1r\u00e1ban \u00e9s a Magyar Tudom\u00e1nyos Akad\u00e9mia K\u00f6nyvt\u00e1r\u00e1nak K\u00e9ziratt\u00e1r\u00e1ban tal\u00e1lhat\u00f3, emellett jelent\u0151sebb gy\u0171jtem\u00e9nyt \u0151riz az Orsz\u00e1gos Sz\u00e9ch\u00e9nyi K\u00f6nyvt\u00e1r K\u00e9ziratt\u00e1ra, az&nbsp;esztergomi Duna M\u00fazeum \u00e9s a soproni Storno-h\u00e1z.<\/p>\n<p>A Sz\u00e9chenyi-levelez\u00e9s kiad\u00e1s\u00e1nak k\u00fcl\u00f6nleges neh\u00e9zs\u00e9ge a nyelvi tarkas\u00e1g. A levelek n\u00e9met\u00fcl, magyarul, franci\u00e1ul \u00e9s angolul \u00edr\u00f3dtak, olykor ak\u00e1r egy lev\u00e9len bel\u00fcl is keveredik a nyelvhaszn\u00e1lat. A gr\u00f3f j\u00f3sz\u00e1gigazgat\u00f3j\u00e1nak, Liebenberg (Lunk\u00e1nyi) J\u00e1nosnak \u00edrott leveleiben jellemz\u0151en a n\u00e9met \u00e9s a magyar v\u00e1ltakozik, m\u00edg fiatal \u00e9veiben a n\u0151knek k\u00fcld\u00f6tt francia nyelv\u0171 levelekbe n\u00e9h\u00e1ny n\u00e9met mondat is vegy\u00fclt. A korabeli \u00edr\u00e1sm\u00f3dot \u00e9s az adott nyelvet kit\u0171n\u0151en ismer\u0151 szakembereket is nehezen megoldhat\u00f3 feladat el\u00e9 \u00e1ll\u00edtja Sz\u00e9chenyi k\u00e9z\u00edr\u00e1sa, valamint nyelvhaszn\u00e1lata, amelyben felfedezhet\u0151k a d\u00e9ln\u00e9met nyelvj\u00e1r\u00e1s saj\u00e1toss\u00e1gai, tov\u00e1bb\u00e1 n\u00e9h\u00e1ny, az irodalmi n\u00e9met nyelvre kev\u00e9sb\u00e9 jellemz\u0151 k\u00f6znyelvi sz\u00f3 \u00e9s kifejez\u00e9s is.<\/p>\n<p>A levelek \u00e1t\u00edr\u00e1s\u00e1n\u00e1l sz\u00f6vegh\u0171s\u00e9gre t\u00f6rekszenek a kutat\u00f3k. A Sz\u00e9chenyi \u00e1ltal haszn\u00e1lt egyetlen nyelv eset\u00e9ben sem jav\u00edtj\u00e1k ki \u00e9s nem jel\u00f6lik az el\u0151fordul\u00f3 helyes\u00edr\u00e1si \u00e9s nyelvtani hib\u00e1kat, csak akkor tesznek sz\u00f6vegkritikai megjegyz\u00e9st, ha a nyelvhelyess\u00e9gi hiba vagy szokatlan sz\u00f3alak f\u00e9lre\u00e9rt\u00e9sre ad okot. A levelekhez sz\u00f6vegkritikai l\u00e1bjegyzet, valamint magyar\u00e1z\u00f3 tartalmi v\u00e9gjegyzet is k\u00e9sz\u00fcl.<\/p>\n<p>Az eml\u00edtett els\u0151 id\u0151szakhoz tartoz\u00f3, online m\u00e1r olvashat\u00f3 549 lev\u00e9l k\u00f6z\u00fcl Sz\u00e9chenyi a legt\u00f6bbet sz\u00fcleinek, majd 1814-t\u0151l Liebenberg J\u00e1nosnak \u00edrta, a c\u00edmzettek k\u00f6z\u00f6tt ugyanakkor Wessel\u00e9nyi Mikl\u00f3s, Fels\u0151b\u00fcki Nagy P\u00e1l, J\u00f3zsef f\u0151herceg vagy Metternich birodalmi kancell\u00e1r is megtal\u00e1lhat\u00f3. Az adatb\u00e1zisban a levelek nagyobb tematikus kateg\u00f3ri\u00e1kba &#8211; t\u00f6bbek k\u00f6z\u00f6tt a csal\u00e1d, bar\u00e1ts\u00e1gok, a gazda &#8211; vannak rendezve, amelyekhez k\u00fcl\u00f6n le\u00edr\u00e1s tartozik. Az olvas\u00f3knak emellett lehet\u0151s\u00e9g\u00fck ny\u00edlik d\u00e1tum, c\u00edmzett, nyelv, tartalmi c\u00edmke, az \u00edr\u00e1s helye vagy egy adott kifejez\u00e9s szerint keresni a levelek k\u00f6z\u00f6tt.<\/p>\n<p>Az online publik\u00e1l\u00e1s sor\u00e1n a sz\u00f6vegkritikai szempontb\u00f3l feldolgozott \u00e9s jegyzetelt levelek folyamatosan ker\u00fclnek be a nyilv\u00e1nos adatt\u00e1rba, esetenk\u00e9nt az eredeti irat digit\u00e1lis fot\u00f3j\u00e1val egy\u00fctt. A k\u00f6zlem\u00e9ny kiemeli: a hatalmas mennyis\u00e9g\u0171 primer forr\u00e1s a szorosan vett Sz\u00e9chenyi-kutat\u00e1son t\u00fal a t\u00f6rt\u00e9nettudom\u00e1ny t\u00f6bb \u00e1ga &#8211; \u00edgy a politika-, az eszme-, a t\u00e1rsadalom- \u00e9s a gazdas\u00e1gt\u00f6rt\u00e9net -, valamint sz\u0171kebb r\u00e9szter\u00fcletei &#8211; v\u00e1ros-, technika-, mentalit\u00e1st\u00f6rt\u00e9net &#8211; sz\u00e1m\u00e1ra is komoly inform\u00e1ci\u00f3b\u00e1zist fog jelenteni.<\/p>\n<p><em>Forr\u00e1s: MTI<br \/>\nBor\u00edt\u00f3k\u00e9p: illusztr\u00e1ci\u00f3<\/em><\/p>\n","protected":false},"excerpt":{"rendered":"<p>A k\u00e9sz\u00fcl\u0151 nyomtatott kiad\u00e1s mellett online el\u00e9rhet\u0151 adatb\u00e1zisban is k\u00f6zz\u00e9teszi Sz\u00e9chenyi Istv\u00e1n levelez\u00e9s\u00e9t az ELKH B\u00f6lcs\u00e9szettudom\u00e1nyi Kutat\u00f3k\u00f6zpont T\u00f6rt\u00e9nettudom\u00e1nyi Int\u00e9zete (BTK TTI). Az E\u00f6tv\u00f6s Lor\u00e1nd Kutat\u00e1si H\u00e1l\u00f3zat (UELKH) k\u00f6zlem\u00e9ny\u00e9b\u0151l az is kider\u00fcl, hogy a Sz\u00e9chenyi-levelekb\u0151l jelent\u0151sebb gy\u0171jtem\u00e9nyt \u0151riz az esztergomi Duna M\u00fazeum is. A teljess\u00e9gre t\u00f6rekv\u0151, modern kritikai kiad\u00e1s felbecs\u00fclhetetlen \u00e9rt\u00e9k\u0171 forr\u00e1sanyagot tesz k\u00f6nnyen hozz\u00e1f\u00e9rhet\u0151v\u00e9 a<\/p>\n","protected":false},"author":1,"featured_media":49247,"comment_status":"closed","ping_status":"closed","sticky":false,"template":"","format":"standard","meta":{"ngg_post_thumbnail":0,"footnotes":""},"categories":[38,3],"tags":[6878,6902,6903],"class_list":{"0":"post-49246","1":"post","2":"type-post","3":"status-publish","4":"format-standard","5":"has-post-thumbnail","7":"category-esztergom","8":"category-hirek","9":"tag-levelek","10":"tag-szechenyi-istvan","11":"tag-szechenyi-levelek"},"yoast_head":"<!-- This site is optimized with the Yoast SEO plugin v27.5 - https:\/\/yoast.com\/product\/yoast-seo-wordpress\/ -->\n<title>Jelent\u0151s sz\u00e1m\u00fa Sz\u00e9chenyi-levelet \u0151riznek Esztergomban<\/title>\n<meta name=\"robots\" content=\"index, follow, max-snippet:-1, max-image-preview:large, max-video-preview:-1\" \/>\n<link rel=\"canonical\" href=\"https:\/\/dorogimedence.hu\/index.php\/2023\/01\/09\/jelentos-szamu-szechenyi-levelet-oriznek-esztergomban\/\" class=\"yoast-seo-meta-tag\" \/>\n<meta property=\"og:locale\" content=\"hu_HU\" class=\"yoast-seo-meta-tag\" \/>\n<meta property=\"og:type\" content=\"article\" class=\"yoast-seo-meta-tag\" \/>\n<meta property=\"og:title\" content=\"Jelent\u0151s sz\u00e1m\u00fa Sz\u00e9chenyi-levelet \u0151riznek Esztergomban\" class=\"yoast-seo-meta-tag\" \/>\n<meta property=\"og:description\" content=\"A k\u00e9sz\u00fcl\u0151 nyomtatott kiad\u00e1s mellett online el\u00e9rhet\u0151 adatb\u00e1zisban is k\u00f6zz\u00e9teszi Sz\u00e9chenyi Istv\u00e1n levelez\u00e9s\u00e9t az ELKH B\u00f6lcs\u00e9szettudom\u00e1nyi Kutat\u00f3k\u00f6zpont T\u00f6rt\u00e9nettudom\u00e1nyi Int\u00e9zete (BTK TTI). Az E\u00f6tv\u00f6s Lor\u00e1nd Kutat\u00e1si H\u00e1l\u00f3zat (UELKH) k\u00f6zlem\u00e9ny\u00e9b\u0151l az is kider\u00fcl, hogy a Sz\u00e9chenyi-levelekb\u0151l jelent\u0151sebb gy\u0171jtem\u00e9nyt \u0151riz az esztergomi Duna M\u00fazeum is. A teljess\u00e9gre t\u00f6rekv\u0151, modern kritikai kiad\u00e1s felbecs\u00fclhetetlen \u00e9rt\u00e9k\u0171 forr\u00e1sanyagot tesz k\u00f6nnyen hozz\u00e1f\u00e9rhet\u0151v\u00e9 a\" class=\"yoast-seo-meta-tag\" \/>\n<meta property=\"og:url\" content=\"https:\/\/dorogimedence.hu\/index.php\/2023\/01\/09\/jelentos-szamu-szechenyi-levelet-oriznek-esztergomban\/\" class=\"yoast-seo-meta-tag\" \/>\n<meta property=\"og:site_name\" content=\"Dorogi-medence Region\u00e1lis H\u00edrport\u00e1l\" class=\"yoast-seo-meta-tag\" \/>\n<meta property=\"article:publisher\" content=\"https:\/\/www.facebook.com\/dorogimedence\/\" class=\"yoast-seo-meta-tag\" \/>\n<meta property=\"article:published_time\" content=\"2023-01-09T10:59:53+00:00\" class=\"yoast-seo-meta-tag\" \/>\n<meta property=\"article:modified_time\" content=\"2023-01-09T11:00:23+00:00\" class=\"yoast-seo-meta-tag\" \/>\n<meta property=\"og:image\" content=\"https:\/\/dorogimedence.hu\/wp-content\/uploads\/2023\/01\/paper-g4c34757a2_1920.jpg\" class=\"yoast-seo-meta-tag\" \/>\n\t<meta property=\"og:image:width\" content=\"1920\" class=\"yoast-seo-meta-tag\" \/>\n\t<meta property=\"og:image:height\" content=\"1175\" class=\"yoast-seo-meta-tag\" \/>\n\t<meta property=\"og:image:type\" content=\"image\/jpeg\" class=\"yoast-seo-meta-tag\" \/>\n<meta name=\"author\" content=\"dorogimedence.hu\" class=\"yoast-seo-meta-tag\" \/>\n<meta name=\"twitter:card\" content=\"summary_large_image\" class=\"yoast-seo-meta-tag\" \/>\n<meta name=\"twitter:label1\" content=\"Szerz\u0151:\" class=\"yoast-seo-meta-tag\" \/>\n\t<meta name=\"twitter:data1\" content=\"dorogimedence.hu\" class=\"yoast-seo-meta-tag\" \/>\n\t<meta name=\"twitter:label2\" content=\"Becs\u00fclt olvas\u00e1si id\u0151\" class=\"yoast-seo-meta-tag\" \/>\n\t<meta name=\"twitter:data2\" content=\"5 perc\" class=\"yoast-seo-meta-tag\" \/>\n<script type=\"application\/ld+json\" class=\"yoast-schema-graph\">{\"@context\":\"https:\\\/\\\/schema.org\",\"@graph\":[{\"@type\":\"Article\",\"@id\":\"https:\\\/\\\/dorogimedence.hu\\\/index.php\\\/2023\\\/01\\\/09\\\/jelentos-szamu-szechenyi-levelet-oriznek-esztergomban\\\/#article\",\"isPartOf\":{\"@id\":\"https:\\\/\\\/dorogimedence.hu\\\/index.php\\\/2023\\\/01\\\/09\\\/jelentos-szamu-szechenyi-levelet-oriznek-esztergomban\\\/\"},\"author\":{\"name\":\"dorogimedence.hu\",\"@id\":\"https:\\\/\\\/dorogimedence.hu\\\/#\\\/schema\\\/person\\\/ce6091eeb7e95ecdc87890d6aa8e0fd4\"},\"headline\":\"Jelent\u0151s sz\u00e1m\u00fa Sz\u00e9chenyi-levelet \u0151riznek Esztergomban\",\"datePublished\":\"2023-01-09T10:59:53+00:00\",\"dateModified\":\"2023-01-09T11:00:23+00:00\",\"mainEntityOfPage\":{\"@id\":\"https:\\\/\\\/dorogimedence.hu\\\/index.php\\\/2023\\\/01\\\/09\\\/jelentos-szamu-szechenyi-levelet-oriznek-esztergomban\\\/\"},\"wordCount\":1010,\"publisher\":{\"@id\":\"https:\\\/\\\/dorogimedence.hu\\\/#organization\"},\"image\":{\"@id\":\"https:\\\/\\\/dorogimedence.hu\\\/index.php\\\/2023\\\/01\\\/09\\\/jelentos-szamu-szechenyi-levelet-oriznek-esztergomban\\\/#primaryimage\"},\"thumbnailUrl\":\"https:\\\/\\\/dorogimedence.hu\\\/wp-content\\\/uploads\\\/2023\\\/01\\\/paper-g4c34757a2_1920.jpg\",\"keywords\":[\"levelek\",\"Sz\u00e9chenyi Istv\u00e1n\",\"Sz\u00e9chenyi-levelek\"],\"articleSection\":[\"Esztergom\",\"H\u00edrek\"],\"inLanguage\":\"hu\"},{\"@type\":\"WebPage\",\"@id\":\"https:\\\/\\\/dorogimedence.hu\\\/index.php\\\/2023\\\/01\\\/09\\\/jelentos-szamu-szechenyi-levelet-oriznek-esztergomban\\\/\",\"url\":\"https:\\\/\\\/dorogimedence.hu\\\/index.php\\\/2023\\\/01\\\/09\\\/jelentos-szamu-szechenyi-levelet-oriznek-esztergomban\\\/\",\"name\":\"Jelent\u0151s sz\u00e1m\u00fa Sz\u00e9chenyi-levelet \u0151riznek Esztergomban\",\"isPartOf\":{\"@id\":\"https:\\\/\\\/dorogimedence.hu\\\/#website\"},\"primaryImageOfPage\":{\"@id\":\"https:\\\/\\\/dorogimedence.hu\\\/index.php\\\/2023\\\/01\\\/09\\\/jelentos-szamu-szechenyi-levelet-oriznek-esztergomban\\\/#primaryimage\"},\"image\":{\"@id\":\"https:\\\/\\\/dorogimedence.hu\\\/index.php\\\/2023\\\/01\\\/09\\\/jelentos-szamu-szechenyi-levelet-oriznek-esztergomban\\\/#primaryimage\"},\"thumbnailUrl\":\"https:\\\/\\\/dorogimedence.hu\\\/wp-content\\\/uploads\\\/2023\\\/01\\\/paper-g4c34757a2_1920.jpg\",\"datePublished\":\"2023-01-09T10:59:53+00:00\",\"dateModified\":\"2023-01-09T11:00:23+00:00\",\"breadcrumb\":{\"@id\":\"https:\\\/\\\/dorogimedence.hu\\\/index.php\\\/2023\\\/01\\\/09\\\/jelentos-szamu-szechenyi-levelet-oriznek-esztergomban\\\/#breadcrumb\"},\"inLanguage\":\"hu\",\"potentialAction\":[{\"@type\":\"ReadAction\",\"target\":[\"https:\\\/\\\/dorogimedence.hu\\\/index.php\\\/2023\\\/01\\\/09\\\/jelentos-szamu-szechenyi-levelet-oriznek-esztergomban\\\/\"]}]},{\"@type\":\"ImageObject\",\"inLanguage\":\"hu\",\"@id\":\"https:\\\/\\\/dorogimedence.hu\\\/index.php\\\/2023\\\/01\\\/09\\\/jelentos-szamu-szechenyi-levelet-oriznek-esztergomban\\\/#primaryimage\",\"url\":\"https:\\\/\\\/dorogimedence.hu\\\/wp-content\\\/uploads\\\/2023\\\/01\\\/paper-g4c34757a2_1920.jpg\",\"contentUrl\":\"https:\\\/\\\/dorogimedence.hu\\\/wp-content\\\/uploads\\\/2023\\\/01\\\/paper-g4c34757a2_1920.jpg\",\"width\":1920,\"height\":1175},{\"@type\":\"BreadcrumbList\",\"@id\":\"https:\\\/\\\/dorogimedence.hu\\\/index.php\\\/2023\\\/01\\\/09\\\/jelentos-szamu-szechenyi-levelet-oriznek-esztergomban\\\/#breadcrumb\",\"itemListElement\":[{\"@type\":\"ListItem\",\"position\":1,\"name\":\"Kezd\u0151lap\",\"item\":\"https:\\\/\\\/dorogimedence.hu\\\/\"},{\"@type\":\"ListItem\",\"position\":2,\"name\":\"Jelent\u0151s sz\u00e1m\u00fa Sz\u00e9chenyi-levelet \u0151riznek Esztergomban\"}]},{\"@type\":\"WebSite\",\"@id\":\"https:\\\/\\\/dorogimedence.hu\\\/#website\",\"url\":\"https:\\\/\\\/dorogimedence.hu\\\/\",\"name\":\"Dorogi-medence Region\u00e1lis H\u00edrport\u00e1l\",\"description\":\"Dorog, Keszt\u00f6lc, Le\u00e1nyv\u00e1r, Piliscs\u00e9v, Tokod, Tokodalt\u00e1r\u00f3, Csolnok, Esztergom-kertv\u00e1ros: h\u00edrek, programok\",\"publisher\":{\"@id\":\"https:\\\/\\\/dorogimedence.hu\\\/#organization\"},\"potentialAction\":[{\"@type\":\"SearchAction\",\"target\":{\"@type\":\"EntryPoint\",\"urlTemplate\":\"https:\\\/\\\/dorogimedence.hu\\\/?s={search_term_string}\"},\"query-input\":{\"@type\":\"PropertyValueSpecification\",\"valueRequired\":true,\"valueName\":\"search_term_string\"}}],\"inLanguage\":\"hu\"},{\"@type\":\"Organization\",\"@id\":\"https:\\\/\\\/dorogimedence.hu\\\/#organization\",\"name\":\"Dorogi-medence Region\u00e1lis H\u00edrport\u00e1l\",\"url\":\"https:\\\/\\\/dorogimedence.hu\\\/\",\"logo\":{\"@type\":\"ImageObject\",\"inLanguage\":\"hu\",\"@id\":\"https:\\\/\\\/dorogimedence.hu\\\/#\\\/schema\\\/logo\\\/image\\\/\",\"url\":\"https:\\\/\\\/dorogimedence.hu\\\/wp-content\\\/uploads\\\/2021\\\/04\\\/logo-feher-600.png\",\"contentUrl\":\"https:\\\/\\\/dorogimedence.hu\\\/wp-content\\\/uploads\\\/2021\\\/04\\\/logo-feher-600.png\",\"width\":600,\"height\":100,\"caption\":\"Dorogi-medence Region\u00e1lis H\u00edrport\u00e1l\"},\"image\":{\"@id\":\"https:\\\/\\\/dorogimedence.hu\\\/#\\\/schema\\\/logo\\\/image\\\/\"},\"sameAs\":[\"https:\\\/\\\/www.facebook.com\\\/dorogimedence\\\/\"]},{\"@type\":\"Person\",\"@id\":\"https:\\\/\\\/dorogimedence.hu\\\/#\\\/schema\\\/person\\\/ce6091eeb7e95ecdc87890d6aa8e0fd4\",\"name\":\"dorogimedence.hu\",\"image\":{\"@type\":\"ImageObject\",\"inLanguage\":\"hu\",\"@id\":\"\\\/\\\/www.gravatar.com\\\/avatar\\\/d8d45f8901aadff40a4af72c0b826f1d?s=96&#038;r=g&#038;d=mm\",\"url\":\"\\\/\\\/www.gravatar.com\\\/avatar\\\/d8d45f8901aadff40a4af72c0b826f1d?s=96&#038;r=g&#038;d=mm\",\"contentUrl\":\"\\\/\\\/www.gravatar.com\\\/avatar\\\/d8d45f8901aadff40a4af72c0b826f1d?s=96&#038;r=g&#038;d=mm\",\"caption\":\"dorogimedence.hu\"}}]}<\/script>\n<!-- \/ Yoast SEO plugin. -->","yoast_head_json":{"title":"Jelent\u0151s sz\u00e1m\u00fa Sz\u00e9chenyi-levelet \u0151riznek Esztergomban","robots":{"index":"index","follow":"follow","max-snippet":"max-snippet:-1","max-image-preview":"max-image-preview:large","max-video-preview":"max-video-preview:-1"},"canonical":"https:\/\/dorogimedence.hu\/index.php\/2023\/01\/09\/jelentos-szamu-szechenyi-levelet-oriznek-esztergomban\/","og_locale":"hu_HU","og_type":"article","og_title":"Jelent\u0151s sz\u00e1m\u00fa Sz\u00e9chenyi-levelet \u0151riznek Esztergomban","og_description":"A k\u00e9sz\u00fcl\u0151 nyomtatott kiad\u00e1s mellett online el\u00e9rhet\u0151 adatb\u00e1zisban is k\u00f6zz\u00e9teszi Sz\u00e9chenyi Istv\u00e1n levelez\u00e9s\u00e9t az ELKH B\u00f6lcs\u00e9szettudom\u00e1nyi Kutat\u00f3k\u00f6zpont T\u00f6rt\u00e9nettudom\u00e1nyi Int\u00e9zete (BTK TTI). Az E\u00f6tv\u00f6s Lor\u00e1nd Kutat\u00e1si H\u00e1l\u00f3zat (UELKH) k\u00f6zlem\u00e9ny\u00e9b\u0151l az is kider\u00fcl, hogy a Sz\u00e9chenyi-levelekb\u0151l jelent\u0151sebb gy\u0171jtem\u00e9nyt \u0151riz az esztergomi Duna M\u00fazeum is. A teljess\u00e9gre t\u00f6rekv\u0151, modern kritikai kiad\u00e1s felbecs\u00fclhetetlen \u00e9rt\u00e9k\u0171 forr\u00e1sanyagot tesz k\u00f6nnyen hozz\u00e1f\u00e9rhet\u0151v\u00e9 a","og_url":"https:\/\/dorogimedence.hu\/index.php\/2023\/01\/09\/jelentos-szamu-szechenyi-levelet-oriznek-esztergomban\/","og_site_name":"Dorogi-medence Region\u00e1lis H\u00edrport\u00e1l","article_publisher":"https:\/\/www.facebook.com\/dorogimedence\/","article_published_time":"2023-01-09T10:59:53+00:00","article_modified_time":"2023-01-09T11:00:23+00:00","og_image":[{"width":1920,"height":1175,"url":"https:\/\/dorogimedence.hu\/wp-content\/uploads\/2023\/01\/paper-g4c34757a2_1920.jpg","type":"image\/jpeg"}],"author":"dorogimedence.hu","twitter_card":"summary_large_image","twitter_misc":{"Szerz\u0151:":"dorogimedence.hu","Becs\u00fclt olvas\u00e1si id\u0151":"5 perc"},"schema":{"@context":"https:\/\/schema.org","@graph":[{"@type":"Article","@id":"https:\/\/dorogimedence.hu\/index.php\/2023\/01\/09\/jelentos-szamu-szechenyi-levelet-oriznek-esztergomban\/#article","isPartOf":{"@id":"https:\/\/dorogimedence.hu\/index.php\/2023\/01\/09\/jelentos-szamu-szechenyi-levelet-oriznek-esztergomban\/"},"author":{"name":"dorogimedence.hu","@id":"https:\/\/dorogimedence.hu\/#\/schema\/person\/ce6091eeb7e95ecdc87890d6aa8e0fd4"},"headline":"Jelent\u0151s sz\u00e1m\u00fa Sz\u00e9chenyi-levelet \u0151riznek Esztergomban","datePublished":"2023-01-09T10:59:53+00:00","dateModified":"2023-01-09T11:00:23+00:00","mainEntityOfPage":{"@id":"https:\/\/dorogimedence.hu\/index.php\/2023\/01\/09\/jelentos-szamu-szechenyi-levelet-oriznek-esztergomban\/"},"wordCount":1010,"publisher":{"@id":"https:\/\/dorogimedence.hu\/#organization"},"image":{"@id":"https:\/\/dorogimedence.hu\/index.php\/2023\/01\/09\/jelentos-szamu-szechenyi-levelet-oriznek-esztergomban\/#primaryimage"},"thumbnailUrl":"https:\/\/dorogimedence.hu\/wp-content\/uploads\/2023\/01\/paper-g4c34757a2_1920.jpg","keywords":["levelek","Sz\u00e9chenyi Istv\u00e1n","Sz\u00e9chenyi-levelek"],"articleSection":["Esztergom","H\u00edrek"],"inLanguage":"hu"},{"@type":"WebPage","@id":"https:\/\/dorogimedence.hu\/index.php\/2023\/01\/09\/jelentos-szamu-szechenyi-levelet-oriznek-esztergomban\/","url":"https:\/\/dorogimedence.hu\/index.php\/2023\/01\/09\/jelentos-szamu-szechenyi-levelet-oriznek-esztergomban\/","name":"Jelent\u0151s sz\u00e1m\u00fa Sz\u00e9chenyi-levelet \u0151riznek Esztergomban","isPartOf":{"@id":"https:\/\/dorogimedence.hu\/#website"},"primaryImageOfPage":{"@id":"https:\/\/dorogimedence.hu\/index.php\/2023\/01\/09\/jelentos-szamu-szechenyi-levelet-oriznek-esztergomban\/#primaryimage"},"image":{"@id":"https:\/\/dorogimedence.hu\/index.php\/2023\/01\/09\/jelentos-szamu-szechenyi-levelet-oriznek-esztergomban\/#primaryimage"},"thumbnailUrl":"https:\/\/dorogimedence.hu\/wp-content\/uploads\/2023\/01\/paper-g4c34757a2_1920.jpg","datePublished":"2023-01-09T10:59:53+00:00","dateModified":"2023-01-09T11:00:23+00:00","breadcrumb":{"@id":"https:\/\/dorogimedence.hu\/index.php\/2023\/01\/09\/jelentos-szamu-szechenyi-levelet-oriznek-esztergomban\/#breadcrumb"},"inLanguage":"hu","potentialAction":[{"@type":"ReadAction","target":["https:\/\/dorogimedence.hu\/index.php\/2023\/01\/09\/jelentos-szamu-szechenyi-levelet-oriznek-esztergomban\/"]}]},{"@type":"ImageObject","inLanguage":"hu","@id":"https:\/\/dorogimedence.hu\/index.php\/2023\/01\/09\/jelentos-szamu-szechenyi-levelet-oriznek-esztergomban\/#primaryimage","url":"https:\/\/dorogimedence.hu\/wp-content\/uploads\/2023\/01\/paper-g4c34757a2_1920.jpg","contentUrl":"https:\/\/dorogimedence.hu\/wp-content\/uploads\/2023\/01\/paper-g4c34757a2_1920.jpg","width":1920,"height":1175},{"@type":"BreadcrumbList","@id":"https:\/\/dorogimedence.hu\/index.php\/2023\/01\/09\/jelentos-szamu-szechenyi-levelet-oriznek-esztergomban\/#breadcrumb","itemListElement":[{"@type":"ListItem","position":1,"name":"Kezd\u0151lap","item":"https:\/\/dorogimedence.hu\/"},{"@type":"ListItem","position":2,"name":"Jelent\u0151s sz\u00e1m\u00fa Sz\u00e9chenyi-levelet \u0151riznek Esztergomban"}]},{"@type":"WebSite","@id":"https:\/\/dorogimedence.hu\/#website","url":"https:\/\/dorogimedence.hu\/","name":"Dorogi-medence Region\u00e1lis H\u00edrport\u00e1l","description":"Dorog, Keszt\u00f6lc, Le\u00e1nyv\u00e1r, Piliscs\u00e9v, Tokod, Tokodalt\u00e1r\u00f3, Csolnok, Esztergom-kertv\u00e1ros: h\u00edrek, programok","publisher":{"@id":"https:\/\/dorogimedence.hu\/#organization"},"potentialAction":[{"@type":"SearchAction","target":{"@type":"EntryPoint","urlTemplate":"https:\/\/dorogimedence.hu\/?s={search_term_string}"},"query-input":{"@type":"PropertyValueSpecification","valueRequired":true,"valueName":"search_term_string"}}],"inLanguage":"hu"},{"@type":"Organization","@id":"https:\/\/dorogimedence.hu\/#organization","name":"Dorogi-medence Region\u00e1lis H\u00edrport\u00e1l","url":"https:\/\/dorogimedence.hu\/","logo":{"@type":"ImageObject","inLanguage":"hu","@id":"https:\/\/dorogimedence.hu\/#\/schema\/logo\/image\/","url":"https:\/\/dorogimedence.hu\/wp-content\/uploads\/2021\/04\/logo-feher-600.png","contentUrl":"https:\/\/dorogimedence.hu\/wp-content\/uploads\/2021\/04\/logo-feher-600.png","width":600,"height":100,"caption":"Dorogi-medence Region\u00e1lis H\u00edrport\u00e1l"},"image":{"@id":"https:\/\/dorogimedence.hu\/#\/schema\/logo\/image\/"},"sameAs":["https:\/\/www.facebook.com\/dorogimedence\/"]},{"@type":"Person","@id":"https:\/\/dorogimedence.hu\/#\/schema\/person\/ce6091eeb7e95ecdc87890d6aa8e0fd4","name":"dorogimedence.hu","image":{"@type":"ImageObject","inLanguage":"hu","@id":"\/\/www.gravatar.com\/avatar\/d8d45f8901aadff40a4af72c0b826f1d?s=96&#038;r=g&#038;d=mm","url":"\/\/www.gravatar.com\/avatar\/d8d45f8901aadff40a4af72c0b826f1d?s=96&#038;r=g&#038;d=mm","contentUrl":"\/\/www.gravatar.com\/avatar\/d8d45f8901aadff40a4af72c0b826f1d?s=96&#038;r=g&#038;d=mm","caption":"dorogimedence.hu"}}]}},"_links":{"self":[{"href":"https:\/\/dorogimedence.hu\/index.php\/wp-json\/wp\/v2\/posts\/49246","targetHints":{"allow":["GET"]}}],"collection":[{"href":"https:\/\/dorogimedence.hu\/index.php\/wp-json\/wp\/v2\/posts"}],"about":[{"href":"https:\/\/dorogimedence.hu\/index.php\/wp-json\/wp\/v2\/types\/post"}],"author":[{"embeddable":true,"href":"https:\/\/dorogimedence.hu\/index.php\/wp-json\/wp\/v2\/users\/1"}],"replies":[{"embeddable":true,"href":"https:\/\/dorogimedence.hu\/index.php\/wp-json\/wp\/v2\/comments?post=49246"}],"version-history":[{"count":0,"href":"https:\/\/dorogimedence.hu\/index.php\/wp-json\/wp\/v2\/posts\/49246\/revisions"}],"wp:featuredmedia":[{"embeddable":true,"href":"https:\/\/dorogimedence.hu\/index.php\/wp-json\/wp\/v2\/media\/49247"}],"wp:attachment":[{"href":"https:\/\/dorogimedence.hu\/index.php\/wp-json\/wp\/v2\/media?parent=49246"}],"wp:term":[{"taxonomy":"category","embeddable":true,"href":"https:\/\/dorogimedence.hu\/index.php\/wp-json\/wp\/v2\/categories?post=49246"},{"taxonomy":"post_tag","embeddable":true,"href":"https:\/\/dorogimedence.hu\/index.php\/wp-json\/wp\/v2\/tags?post=49246"}],"curies":[{"name":"wp","href":"https:\/\/api.w.org\/{rel}","templated":true}]}}