{"id":49244,"date":"2023-01-09T11:35:36","date_gmt":"2023-01-09T10:35:36","guid":{"rendered":"https:\/\/dorogimedence.hu\/?p=49244"},"modified":"2023-01-09T11:36:11","modified_gmt":"2023-01-09T10:36:11","slug":"960-kilometernyi-allami-ut-ujult-meg-teljes-koruen-2022-ben","status":"publish","type":"post","link":"https:\/\/dorogimedence.hu\/index.php\/2023\/01\/09\/960-kilometernyi-allami-ut-ujult-meg-teljes-koruen-2022-ben\/","title":{"rendered":"960 kilom\u00e9ternyi \u00e1llami \u00fat \u00fajult meg teljes k\u00f6r\u0171en 2022-ben"},"content":{"rendered":"<p><strong>A Magyar K\u00f6z\u00fat Nonprofit Zrt. beruh\u00e1z\u00e1s\u00e1ban 2022-ben a megv\u00e1ltozott gazdas\u00e1gi k\u00f6rnyezet ellen\u00e9re is jelent\u0151s mennyis\u00e9g\u0171 \u00fatfel\u00faj\u00edt\u00e1si munka val\u00f3sult meg. K\u00fcls\u0151 kivitelez\u0151k 960 kilom\u00e9ternyi \u00e1llami utat teljes k\u00f6r\u0171en, m\u00edg a k\u00f6z\u00fatkezel\u0151 saj\u00e1t g\u00e9pl\u00e1ncaival 800 kilom\u00e9ternyi mell\u00e9kutat \u00faj\u00edtott fel. 2023 tavasz\u00e1t\u00f3l pedig tov\u00e1bbi 130 kilom\u00e9ternyi, m\u00e1r megkezdett fel\u00faj\u00edt\u00e1s folytat\u00f3dik.<\/strong><\/p>\n<p>Az orsz\u00e1gos k\u00f6z\u00fatkezel\u0151 id\u00e9n is k\u00f6lts\u00e9gvet\u00e9si, hazai, illetve eur\u00f3pai uni\u00f3s forr\u00e1sok bevon\u00e1s\u00e1val v\u00e9geztetett teljes k\u00f6r\u0171 fel\u00faj\u00edt\u00e1si munk\u00e1kat. A k\u00fcls\u0151 szakv\u00e1llalkoz\u00e1sok bevon\u00e1s\u00e1val megval\u00f3sul\u00f3 projektekben k\u00f6z\u00f6s, hogy nemcsak a kop\u00f3r\u00e9teget cser\u00e9lt\u00e9k ki a szakemberek, hanem sz\u00fcks\u00e9g eset\u00e9n a k\u00f6t\u0151- \u00e9s alapr\u00e9tegeket is \u00fajra\u00e9p\u00edtett\u00e9k, meger\u0151s\u00edtett\u00e9k, illetve az \u00fat menti k\u00f6rnyezetet, \u00e1rkokat, v\u00edzelvezet\u0151 rendszereket is rendbe tett\u00e9k, tov\u00e1bb\u00e1 \u00faj burkolati jelekr\u0151l, t\u00e1bl\u00e1k kihelyez\u00e9s\u00e9r\u0151l is gondoskodtak a szakv\u00e1llalkoz\u00e1sok. Vagyis a fel\u00faj\u00edt\u00e1sokban \u00e9rintett szakaszokon \u00e1tfog\u00f3 beruh\u00e1z\u00e1sokat v\u00e9geznek el a szakemberek.<\/p>\n<p>Az elm\u00falt \u00e9vekben egyre nagyobb volumen\u0171 \u00fatfel\u00faj\u00edt\u00e1sok val\u00f3sultak meg az \u00e1llami, Magyar K\u00f6z\u00fat \u00e1ltal kezelt utakon. 2022-ben a megv\u00e1ltozott gazdas\u00e1gi k\u00f6rnyezet mellett is jelent\u0151s mennyis\u00e9g\u0171 teljes k\u00f6r\u0171 fel\u00faj\u00edt\u00e1s indult el. \u201e2010 \u00f3ta \u00f6sszesen k\u00f6zel 8000 kilom\u00e9ternyi \u00fatfel\u00faj\u00edt\u00e1st v\u00e9geztek el a kivitelez\u0151k \u00e1llami beruh\u00e1z\u00e1sokon kereszt\u00fcl. Ebb\u0151l csak 2022-ben mintegy 960 kilom\u00e9ternyi, f\u0151leg mell\u00e9k\u00fati szakasz volt \u00e9rintett. A 2022-es beruh\u00e1z\u00e1sok \u00f6ssz\u00e9rt\u00e9ke meghaladja a 185 milli\u00e1rd forintot, amit d\u00f6nt\u0151 t\u00f6bbs\u00e9g\u00e9ben a hazai k\u00f6lts\u00e9gvet\u00e9si forr\u00e1sok biztos\u00edtottak. B\u00e1r az elm\u00falt ny\u00e1r v\u00e9g\u00e9n az \u00e1llami beruh\u00e1z\u00e1sok felf\u00fcggeszt\u00e9s\u00e9re ker\u00fclt sor, \u00e9s jelenleg az el\u0151k\u00e9sz\u00edt\u00e9s alatt \u00e1ll\u00f3 projekt megval\u00f3s\u00edt\u00e1s\u00e1nak menetrendj\u00e9nek \u00fajra\u00fctemez\u00e9s\u00e9n \u00e9s fel\u00fclvizsg\u00e1lat\u00e1n dolgozunk, kijelenthet\u0151, hogy nem hagyunk f\u00e9lbe beruh\u00e1z\u00e1sokat, \u00edgy a tavaly elkezd\u0151d\u00f6tt, de m\u00e9g nem befejezett projektek k\u00f6z\u00fcl 2023 tavasz\u00e1n tov\u00e1bbi 130 kilom\u00e9ternyi \u00faton folytat\u00f3dnak a kivitelez\u00e9sek.\u201d \u2013 mondta el Bartal Tam\u00e1s, az \u00c9p\u00edt\u00e9si \u00e9s K\u00f6zleked\u00e9si Miniszt\u00e9rium helyettes \u00e1llamtitk\u00e1ra, a Magyar K\u00f6z\u00fat Nonprofit Zrt. Igazgat\u00f3s\u00e1g\u00e1nak eln\u00f6ke.<\/p>\n<p>A teljes k\u00f6r\u0171 fel\u00faj\u00edt\u00e1sok mellett tov\u00e1bbi jelent\u0151s mennyis\u00e9g\u0171 \u00fczemeltet\u00e9si \u00e9s fenntart\u00e1si feladatot v\u00e9gzett el a k\u00f6z\u00fatkezel\u0151 tavaly is, melyekkel biztons\u00e1gosabban \u00e9s komfortosabb k\u00f6zlekedhetnek sz\u00e1mos orsz\u00e1gos \u00faton is az aut\u00f3sok: \u201eA tavalyi \u00e9v legnagyobb sikere, hogy t\u00f6bb mint 10 saj\u00e1t g\u00e9pl\u00e1nccal t\u00f6bb mint 800 kilom\u00e9ternyi mell\u00e9k\u00faton v\u00e9gezhett\u00fcnk 1-2 vagy k\u00e9t r\u00e9tegben aszfaltcser\u00e9t, melyek \u00edgy komfort \u00e9rzetben megegyeznek a teljes k\u00f6r\u0171 fel\u00faj\u00edt\u00e1sokkal. Ehhez t\u00f6bb mint 340 ezer tonna aszfaltot haszn\u00e1lhattunk fel a Magyar Falu Program t\u00e1mogat\u00e1si forr\u00e1sainak k\u00f6sz\u00f6nhet\u0151en. Ezekn\u00e9l a beavatkoz\u00e1sokn\u00e1l is t\u00f6rekedt\u00fcnk arra, hogy nemcsak az \u00fat, hanem annak k\u00f6rnyezete is meg\u00fajuljon, \u00edgy a lehets\u00e9ges helysz\u00edneken a padk\u00e1t \u00e9s az \u00e1rkot is rendezt\u00e9k a m\u00e9rn\u00f6ks\u00e9gi szakembereink.\u201d \u2013 tette hozz\u00e1 Szilvai J\u00f3zsef Attila, a Magyar K\u00f6z\u00fat Nonprofit Zrt. vez\u00e9rigazgat\u00f3ja.<\/p>\n<p>A Magyar K\u00f6z\u00fat az elm\u00falt \u00e9vekben jelent\u0151s g\u00e9p- \u00e9s eszk\u00f6zbeszerz\u00e9si programot val\u00f3s\u00edtott meg, hogy m\u00e9g hat\u00e9konyabban tudja v\u00e9gezni az \u00fczemeltet\u00e9si \u00e9s fenntart\u00e1si feladatait. 2022-ben t\u00f6bbek k\u00f6z\u00f6tt 20 \u00faj teheraut\u00f3t, a Magyar Falu Program t\u00e1mogat\u00e1s\u00e1nak k\u00f6sz\u00f6nhet\u0151en 2 komplett aszfaltoz\u00f3 g\u00e9pl\u00e1ncot (aszfaltter\u00edt\u0151 finisher, \u00fathenger, emulzi\u00f3sz\u00f3r\u00f3 berendez\u00e9s, nyergesvontat\u00f3, tr\u00e9ler), 10 univerz\u00e1lis munkag\u00e9pet, 3 oszlopver\u0151 g\u00e9pet, 14 darab \u00fctk\u00f6z\u00e9si energiaelnyel\u0151 eszk\u00f6zt \u00e9s tov\u00e1bbi sz\u00e1mos kisebb-nagyobb adaptert, c\u00e9lg\u00e9pet szerzett be m\u00e9rn\u00f6ks\u00e9gei sz\u00e1m\u00e1ra.<\/p>\n<p><em>Forr\u00e1s: Magyar K\u00f6z\u00fat Nonprofit Zrt. Kommunik\u00e1ci\u00f3s oszt\u00e1ly<\/em><\/p>\n","protected":false},"excerpt":{"rendered":"<p>A Magyar K\u00f6z\u00fat Nonprofit Zrt. beruh\u00e1z\u00e1s\u00e1ban 2022-ben a megv\u00e1ltozott gazdas\u00e1gi k\u00f6rnyezet ellen\u00e9re is jelent\u0151s mennyis\u00e9g\u0171 \u00fatfel\u00faj\u00edt\u00e1si munka val\u00f3sult meg. K\u00fcls\u0151 kivitelez\u0151k 960 kilom\u00e9ternyi \u00e1llami utat teljes k\u00f6r\u0171en, m\u00edg a k\u00f6z\u00fatkezel\u0151 saj\u00e1t g\u00e9pl\u00e1ncaival 800 kilom\u00e9ternyi mell\u00e9kutat \u00faj\u00edtott fel. 2023 tavasz\u00e1t\u00f3l pedig tov\u00e1bbi 130 kilom\u00e9ternyi, m\u00e1r megkezdett fel\u00faj\u00edt\u00e1s folytat\u00f3dik. Az orsz\u00e1gos k\u00f6z\u00fatkezel\u0151 id\u00e9n is k\u00f6lts\u00e9gvet\u00e9si, hazai, illetve<\/p>\n","protected":false},"author":1,"featured_media":36875,"comment_status":"closed","ping_status":"closed","sticky":false,"template":"","format":"standard","meta":{"ngg_post_thumbnail":0,"footnotes":""},"categories":[3],"tags":[1838,697],"class_list":{"0":"post-49244","1":"post","2":"type-post","3":"status-publish","4":"format-standard","5":"has-post-thumbnail","7":"category-hirek","8":"tag-magyar-kozut","9":"tag-utfelujitas"},"yoast_head":"<!-- This site is optimized with the Yoast SEO plugin v27.5 - https:\/\/yoast.com\/product\/yoast-seo-wordpress\/ -->\n<title>960 kilom\u00e9ternyi \u00e1llami \u00fat \u00fajult meg teljes k\u00f6r\u0171en 2022-ben<\/title>\n<meta name=\"robots\" content=\"index, follow, max-snippet:-1, max-image-preview:large, max-video-preview:-1\" \/>\n<link rel=\"canonical\" href=\"https:\/\/dorogimedence.hu\/index.php\/2023\/01\/09\/960-kilometernyi-allami-ut-ujult-meg-teljes-koruen-2022-ben\/\" class=\"yoast-seo-meta-tag\" \/>\n<meta property=\"og:locale\" content=\"hu_HU\" class=\"yoast-seo-meta-tag\" \/>\n<meta property=\"og:type\" content=\"article\" class=\"yoast-seo-meta-tag\" \/>\n<meta property=\"og:title\" content=\"960 kilom\u00e9ternyi \u00e1llami \u00fat \u00fajult meg teljes k\u00f6r\u0171en 2022-ben\" class=\"yoast-seo-meta-tag\" \/>\n<meta property=\"og:description\" content=\"A Magyar K\u00f6z\u00fat Nonprofit Zrt. beruh\u00e1z\u00e1s\u00e1ban 2022-ben a megv\u00e1ltozott gazdas\u00e1gi k\u00f6rnyezet ellen\u00e9re is jelent\u0151s mennyis\u00e9g\u0171 \u00fatfel\u00faj\u00edt\u00e1si munka val\u00f3sult meg. K\u00fcls\u0151 kivitelez\u0151k 960 kilom\u00e9ternyi \u00e1llami utat teljes k\u00f6r\u0171en, m\u00edg a k\u00f6z\u00fatkezel\u0151 saj\u00e1t g\u00e9pl\u00e1ncaival 800 kilom\u00e9ternyi mell\u00e9kutat \u00faj\u00edtott fel. 2023 tavasz\u00e1t\u00f3l pedig tov\u00e1bbi 130 kilom\u00e9ternyi, m\u00e1r megkezdett fel\u00faj\u00edt\u00e1s folytat\u00f3dik. Az orsz\u00e1gos k\u00f6z\u00fatkezel\u0151 id\u00e9n is k\u00f6lts\u00e9gvet\u00e9si, hazai, illetve\" class=\"yoast-seo-meta-tag\" \/>\n<meta property=\"og:url\" content=\"https:\/\/dorogimedence.hu\/index.php\/2023\/01\/09\/960-kilometernyi-allami-ut-ujult-meg-teljes-koruen-2022-ben\/\" class=\"yoast-seo-meta-tag\" \/>\n<meta property=\"og:site_name\" content=\"Dorogi-medence Region\u00e1lis H\u00edrport\u00e1l\" class=\"yoast-seo-meta-tag\" \/>\n<meta property=\"article:publisher\" content=\"https:\/\/www.facebook.com\/dorogimedence\/\" class=\"yoast-seo-meta-tag\" \/>\n<meta property=\"article:published_time\" content=\"2023-01-09T10:35:36+00:00\" class=\"yoast-seo-meta-tag\" \/>\n<meta property=\"article:modified_time\" content=\"2023-01-09T10:36:11+00:00\" class=\"yoast-seo-meta-tag\" \/>\n<meta property=\"og:image\" content=\"https:\/\/dorogimedence.hu\/wp-content\/uploads\/2021\/09\/utepites.jpg\" class=\"yoast-seo-meta-tag\" \/>\n\t<meta property=\"og:image:width\" content=\"1920\" class=\"yoast-seo-meta-tag\" \/>\n\t<meta property=\"og:image:height\" content=\"1068\" class=\"yoast-seo-meta-tag\" \/>\n\t<meta property=\"og:image:type\" content=\"image\/jpeg\" class=\"yoast-seo-meta-tag\" \/>\n<meta name=\"author\" content=\"dorogimedence.hu\" class=\"yoast-seo-meta-tag\" \/>\n<meta name=\"twitter:card\" content=\"summary_large_image\" class=\"yoast-seo-meta-tag\" \/>\n<meta name=\"twitter:label1\" content=\"Szerz\u0151:\" class=\"yoast-seo-meta-tag\" \/>\n\t<meta name=\"twitter:data1\" content=\"dorogimedence.hu\" class=\"yoast-seo-meta-tag\" \/>\n\t<meta name=\"twitter:label2\" content=\"Becs\u00fclt olvas\u00e1si id\u0151\" class=\"yoast-seo-meta-tag\" \/>\n\t<meta name=\"twitter:data2\" content=\"4 perc\" class=\"yoast-seo-meta-tag\" \/>\n<script type=\"application\/ld+json\" class=\"yoast-schema-graph\">{\"@context\":\"https:\\\/\\\/schema.org\",\"@graph\":[{\"@type\":\"Article\",\"@id\":\"https:\\\/\\\/dorogimedence.hu\\\/index.php\\\/2023\\\/01\\\/09\\\/960-kilometernyi-allami-ut-ujult-meg-teljes-koruen-2022-ben\\\/#article\",\"isPartOf\":{\"@id\":\"https:\\\/\\\/dorogimedence.hu\\\/index.php\\\/2023\\\/01\\\/09\\\/960-kilometernyi-allami-ut-ujult-meg-teljes-koruen-2022-ben\\\/\"},\"author\":{\"name\":\"dorogimedence.hu\",\"@id\":\"https:\\\/\\\/dorogimedence.hu\\\/#\\\/schema\\\/person\\\/ce6091eeb7e95ecdc87890d6aa8e0fd4\"},\"headline\":\"960 kilom\u00e9ternyi \u00e1llami \u00fat \u00fajult meg teljes k\u00f6r\u0171en 2022-ben\",\"datePublished\":\"2023-01-09T10:35:36+00:00\",\"dateModified\":\"2023-01-09T10:36:11+00:00\",\"mainEntityOfPage\":{\"@id\":\"https:\\\/\\\/dorogimedence.hu\\\/index.php\\\/2023\\\/01\\\/09\\\/960-kilometernyi-allami-ut-ujult-meg-teljes-koruen-2022-ben\\\/\"},\"wordCount\":751,\"publisher\":{\"@id\":\"https:\\\/\\\/dorogimedence.hu\\\/#organization\"},\"image\":{\"@id\":\"https:\\\/\\\/dorogimedence.hu\\\/index.php\\\/2023\\\/01\\\/09\\\/960-kilometernyi-allami-ut-ujult-meg-teljes-koruen-2022-ben\\\/#primaryimage\"},\"thumbnailUrl\":\"https:\\\/\\\/dorogimedence.hu\\\/wp-content\\\/uploads\\\/2021\\\/09\\\/utepites.jpg\",\"keywords\":[\"Magyar K\u00f6z\u00fat\",\"\u00fatfel\u00faj\u00edt\u00e1s\"],\"articleSection\":[\"H\u00edrek\"],\"inLanguage\":\"hu\"},{\"@type\":\"WebPage\",\"@id\":\"https:\\\/\\\/dorogimedence.hu\\\/index.php\\\/2023\\\/01\\\/09\\\/960-kilometernyi-allami-ut-ujult-meg-teljes-koruen-2022-ben\\\/\",\"url\":\"https:\\\/\\\/dorogimedence.hu\\\/index.php\\\/2023\\\/01\\\/09\\\/960-kilometernyi-allami-ut-ujult-meg-teljes-koruen-2022-ben\\\/\",\"name\":\"960 kilom\u00e9ternyi \u00e1llami \u00fat \u00fajult meg teljes k\u00f6r\u0171en 2022-ben\",\"isPartOf\":{\"@id\":\"https:\\\/\\\/dorogimedence.hu\\\/#website\"},\"primaryImageOfPage\":{\"@id\":\"https:\\\/\\\/dorogimedence.hu\\\/index.php\\\/2023\\\/01\\\/09\\\/960-kilometernyi-allami-ut-ujult-meg-teljes-koruen-2022-ben\\\/#primaryimage\"},\"image\":{\"@id\":\"https:\\\/\\\/dorogimedence.hu\\\/index.php\\\/2023\\\/01\\\/09\\\/960-kilometernyi-allami-ut-ujult-meg-teljes-koruen-2022-ben\\\/#primaryimage\"},\"thumbnailUrl\":\"https:\\\/\\\/dorogimedence.hu\\\/wp-content\\\/uploads\\\/2021\\\/09\\\/utepites.jpg\",\"datePublished\":\"2023-01-09T10:35:36+00:00\",\"dateModified\":\"2023-01-09T10:36:11+00:00\",\"breadcrumb\":{\"@id\":\"https:\\\/\\\/dorogimedence.hu\\\/index.php\\\/2023\\\/01\\\/09\\\/960-kilometernyi-allami-ut-ujult-meg-teljes-koruen-2022-ben\\\/#breadcrumb\"},\"inLanguage\":\"hu\",\"potentialAction\":[{\"@type\":\"ReadAction\",\"target\":[\"https:\\\/\\\/dorogimedence.hu\\\/index.php\\\/2023\\\/01\\\/09\\\/960-kilometernyi-allami-ut-ujult-meg-teljes-koruen-2022-ben\\\/\"]}]},{\"@type\":\"ImageObject\",\"inLanguage\":\"hu\",\"@id\":\"https:\\\/\\\/dorogimedence.hu\\\/index.php\\\/2023\\\/01\\\/09\\\/960-kilometernyi-allami-ut-ujult-meg-teljes-koruen-2022-ben\\\/#primaryimage\",\"url\":\"https:\\\/\\\/dorogimedence.hu\\\/wp-content\\\/uploads\\\/2021\\\/09\\\/utepites.jpg\",\"contentUrl\":\"https:\\\/\\\/dorogimedence.hu\\\/wp-content\\\/uploads\\\/2021\\\/09\\\/utepites.jpg\",\"width\":1920,\"height\":1068,\"caption\":\"binary comment\"},{\"@type\":\"BreadcrumbList\",\"@id\":\"https:\\\/\\\/dorogimedence.hu\\\/index.php\\\/2023\\\/01\\\/09\\\/960-kilometernyi-allami-ut-ujult-meg-teljes-koruen-2022-ben\\\/#breadcrumb\",\"itemListElement\":[{\"@type\":\"ListItem\",\"position\":1,\"name\":\"Kezd\u0151lap\",\"item\":\"https:\\\/\\\/dorogimedence.hu\\\/\"},{\"@type\":\"ListItem\",\"position\":2,\"name\":\"960 kilom\u00e9ternyi \u00e1llami \u00fat \u00fajult meg teljes k\u00f6r\u0171en 2022-ben\"}]},{\"@type\":\"WebSite\",\"@id\":\"https:\\\/\\\/dorogimedence.hu\\\/#website\",\"url\":\"https:\\\/\\\/dorogimedence.hu\\\/\",\"name\":\"Dorogi-medence Region\u00e1lis H\u00edrport\u00e1l\",\"description\":\"Dorog, Keszt\u00f6lc, Le\u00e1nyv\u00e1r, Piliscs\u00e9v, Tokod, Tokodalt\u00e1r\u00f3, Csolnok, Esztergom-kertv\u00e1ros: h\u00edrek, programok\",\"publisher\":{\"@id\":\"https:\\\/\\\/dorogimedence.hu\\\/#organization\"},\"potentialAction\":[{\"@type\":\"SearchAction\",\"target\":{\"@type\":\"EntryPoint\",\"urlTemplate\":\"https:\\\/\\\/dorogimedence.hu\\\/?s={search_term_string}\"},\"query-input\":{\"@type\":\"PropertyValueSpecification\",\"valueRequired\":true,\"valueName\":\"search_term_string\"}}],\"inLanguage\":\"hu\"},{\"@type\":\"Organization\",\"@id\":\"https:\\\/\\\/dorogimedence.hu\\\/#organization\",\"name\":\"Dorogi-medence Region\u00e1lis H\u00edrport\u00e1l\",\"url\":\"https:\\\/\\\/dorogimedence.hu\\\/\",\"logo\":{\"@type\":\"ImageObject\",\"inLanguage\":\"hu\",\"@id\":\"https:\\\/\\\/dorogimedence.hu\\\/#\\\/schema\\\/logo\\\/image\\\/\",\"url\":\"https:\\\/\\\/dorogimedence.hu\\\/wp-content\\\/uploads\\\/2021\\\/04\\\/logo-feher-600.png\",\"contentUrl\":\"https:\\\/\\\/dorogimedence.hu\\\/wp-content\\\/uploads\\\/2021\\\/04\\\/logo-feher-600.png\",\"width\":600,\"height\":100,\"caption\":\"Dorogi-medence Region\u00e1lis H\u00edrport\u00e1l\"},\"image\":{\"@id\":\"https:\\\/\\\/dorogimedence.hu\\\/#\\\/schema\\\/logo\\\/image\\\/\"},\"sameAs\":[\"https:\\\/\\\/www.facebook.com\\\/dorogimedence\\\/\"]},{\"@type\":\"Person\",\"@id\":\"https:\\\/\\\/dorogimedence.hu\\\/#\\\/schema\\\/person\\\/ce6091eeb7e95ecdc87890d6aa8e0fd4\",\"name\":\"dorogimedence.hu\",\"image\":{\"@type\":\"ImageObject\",\"inLanguage\":\"hu\",\"@id\":\"\\\/\\\/www.gravatar.com\\\/avatar\\\/d8d45f8901aadff40a4af72c0b826f1d?s=96&#038;r=g&#038;d=mm\",\"url\":\"\\\/\\\/www.gravatar.com\\\/avatar\\\/d8d45f8901aadff40a4af72c0b826f1d?s=96&#038;r=g&#038;d=mm\",\"contentUrl\":\"\\\/\\\/www.gravatar.com\\\/avatar\\\/d8d45f8901aadff40a4af72c0b826f1d?s=96&#038;r=g&#038;d=mm\",\"caption\":\"dorogimedence.hu\"}}]}<\/script>\n<!-- \/ Yoast SEO plugin. -->","yoast_head_json":{"title":"960 kilom\u00e9ternyi \u00e1llami \u00fat \u00fajult meg teljes k\u00f6r\u0171en 2022-ben","robots":{"index":"index","follow":"follow","max-snippet":"max-snippet:-1","max-image-preview":"max-image-preview:large","max-video-preview":"max-video-preview:-1"},"canonical":"https:\/\/dorogimedence.hu\/index.php\/2023\/01\/09\/960-kilometernyi-allami-ut-ujult-meg-teljes-koruen-2022-ben\/","og_locale":"hu_HU","og_type":"article","og_title":"960 kilom\u00e9ternyi \u00e1llami \u00fat \u00fajult meg teljes k\u00f6r\u0171en 2022-ben","og_description":"A Magyar K\u00f6z\u00fat Nonprofit Zrt. beruh\u00e1z\u00e1s\u00e1ban 2022-ben a megv\u00e1ltozott gazdas\u00e1gi k\u00f6rnyezet ellen\u00e9re is jelent\u0151s mennyis\u00e9g\u0171 \u00fatfel\u00faj\u00edt\u00e1si munka val\u00f3sult meg. K\u00fcls\u0151 kivitelez\u0151k 960 kilom\u00e9ternyi \u00e1llami utat teljes k\u00f6r\u0171en, m\u00edg a k\u00f6z\u00fatkezel\u0151 saj\u00e1t g\u00e9pl\u00e1ncaival 800 kilom\u00e9ternyi mell\u00e9kutat \u00faj\u00edtott fel. 2023 tavasz\u00e1t\u00f3l pedig tov\u00e1bbi 130 kilom\u00e9ternyi, m\u00e1r megkezdett fel\u00faj\u00edt\u00e1s folytat\u00f3dik. Az orsz\u00e1gos k\u00f6z\u00fatkezel\u0151 id\u00e9n is k\u00f6lts\u00e9gvet\u00e9si, hazai, illetve","og_url":"https:\/\/dorogimedence.hu\/index.php\/2023\/01\/09\/960-kilometernyi-allami-ut-ujult-meg-teljes-koruen-2022-ben\/","og_site_name":"Dorogi-medence Region\u00e1lis H\u00edrport\u00e1l","article_publisher":"https:\/\/www.facebook.com\/dorogimedence\/","article_published_time":"2023-01-09T10:35:36+00:00","article_modified_time":"2023-01-09T10:36:11+00:00","og_image":[{"width":1920,"height":1068,"url":"https:\/\/dorogimedence.hu\/wp-content\/uploads\/2021\/09\/utepites.jpg","type":"image\/jpeg"}],"author":"dorogimedence.hu","twitter_card":"summary_large_image","twitter_misc":{"Szerz\u0151:":"dorogimedence.hu","Becs\u00fclt olvas\u00e1si id\u0151":"4 perc"},"schema":{"@context":"https:\/\/schema.org","@graph":[{"@type":"Article","@id":"https:\/\/dorogimedence.hu\/index.php\/2023\/01\/09\/960-kilometernyi-allami-ut-ujult-meg-teljes-koruen-2022-ben\/#article","isPartOf":{"@id":"https:\/\/dorogimedence.hu\/index.php\/2023\/01\/09\/960-kilometernyi-allami-ut-ujult-meg-teljes-koruen-2022-ben\/"},"author":{"name":"dorogimedence.hu","@id":"https:\/\/dorogimedence.hu\/#\/schema\/person\/ce6091eeb7e95ecdc87890d6aa8e0fd4"},"headline":"960 kilom\u00e9ternyi \u00e1llami \u00fat \u00fajult meg teljes k\u00f6r\u0171en 2022-ben","datePublished":"2023-01-09T10:35:36+00:00","dateModified":"2023-01-09T10:36:11+00:00","mainEntityOfPage":{"@id":"https:\/\/dorogimedence.hu\/index.php\/2023\/01\/09\/960-kilometernyi-allami-ut-ujult-meg-teljes-koruen-2022-ben\/"},"wordCount":751,"publisher":{"@id":"https:\/\/dorogimedence.hu\/#organization"},"image":{"@id":"https:\/\/dorogimedence.hu\/index.php\/2023\/01\/09\/960-kilometernyi-allami-ut-ujult-meg-teljes-koruen-2022-ben\/#primaryimage"},"thumbnailUrl":"https:\/\/dorogimedence.hu\/wp-content\/uploads\/2021\/09\/utepites.jpg","keywords":["Magyar K\u00f6z\u00fat","\u00fatfel\u00faj\u00edt\u00e1s"],"articleSection":["H\u00edrek"],"inLanguage":"hu"},{"@type":"WebPage","@id":"https:\/\/dorogimedence.hu\/index.php\/2023\/01\/09\/960-kilometernyi-allami-ut-ujult-meg-teljes-koruen-2022-ben\/","url":"https:\/\/dorogimedence.hu\/index.php\/2023\/01\/09\/960-kilometernyi-allami-ut-ujult-meg-teljes-koruen-2022-ben\/","name":"960 kilom\u00e9ternyi \u00e1llami \u00fat \u00fajult meg teljes k\u00f6r\u0171en 2022-ben","isPartOf":{"@id":"https:\/\/dorogimedence.hu\/#website"},"primaryImageOfPage":{"@id":"https:\/\/dorogimedence.hu\/index.php\/2023\/01\/09\/960-kilometernyi-allami-ut-ujult-meg-teljes-koruen-2022-ben\/#primaryimage"},"image":{"@id":"https:\/\/dorogimedence.hu\/index.php\/2023\/01\/09\/960-kilometernyi-allami-ut-ujult-meg-teljes-koruen-2022-ben\/#primaryimage"},"thumbnailUrl":"https:\/\/dorogimedence.hu\/wp-content\/uploads\/2021\/09\/utepites.jpg","datePublished":"2023-01-09T10:35:36+00:00","dateModified":"2023-01-09T10:36:11+00:00","breadcrumb":{"@id":"https:\/\/dorogimedence.hu\/index.php\/2023\/01\/09\/960-kilometernyi-allami-ut-ujult-meg-teljes-koruen-2022-ben\/#breadcrumb"},"inLanguage":"hu","potentialAction":[{"@type":"ReadAction","target":["https:\/\/dorogimedence.hu\/index.php\/2023\/01\/09\/960-kilometernyi-allami-ut-ujult-meg-teljes-koruen-2022-ben\/"]}]},{"@type":"ImageObject","inLanguage":"hu","@id":"https:\/\/dorogimedence.hu\/index.php\/2023\/01\/09\/960-kilometernyi-allami-ut-ujult-meg-teljes-koruen-2022-ben\/#primaryimage","url":"https:\/\/dorogimedence.hu\/wp-content\/uploads\/2021\/09\/utepites.jpg","contentUrl":"https:\/\/dorogimedence.hu\/wp-content\/uploads\/2021\/09\/utepites.jpg","width":1920,"height":1068,"caption":"binary comment"},{"@type":"BreadcrumbList","@id":"https:\/\/dorogimedence.hu\/index.php\/2023\/01\/09\/960-kilometernyi-allami-ut-ujult-meg-teljes-koruen-2022-ben\/#breadcrumb","itemListElement":[{"@type":"ListItem","position":1,"name":"Kezd\u0151lap","item":"https:\/\/dorogimedence.hu\/"},{"@type":"ListItem","position":2,"name":"960 kilom\u00e9ternyi \u00e1llami \u00fat \u00fajult meg teljes k\u00f6r\u0171en 2022-ben"}]},{"@type":"WebSite","@id":"https:\/\/dorogimedence.hu\/#website","url":"https:\/\/dorogimedence.hu\/","name":"Dorogi-medence Region\u00e1lis H\u00edrport\u00e1l","description":"Dorog, Keszt\u00f6lc, Le\u00e1nyv\u00e1r, Piliscs\u00e9v, Tokod, Tokodalt\u00e1r\u00f3, Csolnok, Esztergom-kertv\u00e1ros: h\u00edrek, programok","publisher":{"@id":"https:\/\/dorogimedence.hu\/#organization"},"potentialAction":[{"@type":"SearchAction","target":{"@type":"EntryPoint","urlTemplate":"https:\/\/dorogimedence.hu\/?s={search_term_string}"},"query-input":{"@type":"PropertyValueSpecification","valueRequired":true,"valueName":"search_term_string"}}],"inLanguage":"hu"},{"@type":"Organization","@id":"https:\/\/dorogimedence.hu\/#organization","name":"Dorogi-medence Region\u00e1lis H\u00edrport\u00e1l","url":"https:\/\/dorogimedence.hu\/","logo":{"@type":"ImageObject","inLanguage":"hu","@id":"https:\/\/dorogimedence.hu\/#\/schema\/logo\/image\/","url":"https:\/\/dorogimedence.hu\/wp-content\/uploads\/2021\/04\/logo-feher-600.png","contentUrl":"https:\/\/dorogimedence.hu\/wp-content\/uploads\/2021\/04\/logo-feher-600.png","width":600,"height":100,"caption":"Dorogi-medence Region\u00e1lis H\u00edrport\u00e1l"},"image":{"@id":"https:\/\/dorogimedence.hu\/#\/schema\/logo\/image\/"},"sameAs":["https:\/\/www.facebook.com\/dorogimedence\/"]},{"@type":"Person","@id":"https:\/\/dorogimedence.hu\/#\/schema\/person\/ce6091eeb7e95ecdc87890d6aa8e0fd4","name":"dorogimedence.hu","image":{"@type":"ImageObject","inLanguage":"hu","@id":"\/\/www.gravatar.com\/avatar\/d8d45f8901aadff40a4af72c0b826f1d?s=96&#038;r=g&#038;d=mm","url":"\/\/www.gravatar.com\/avatar\/d8d45f8901aadff40a4af72c0b826f1d?s=96&#038;r=g&#038;d=mm","contentUrl":"\/\/www.gravatar.com\/avatar\/d8d45f8901aadff40a4af72c0b826f1d?s=96&#038;r=g&#038;d=mm","caption":"dorogimedence.hu"}}]}},"_links":{"self":[{"href":"https:\/\/dorogimedence.hu\/index.php\/wp-json\/wp\/v2\/posts\/49244","targetHints":{"allow":["GET"]}}],"collection":[{"href":"https:\/\/dorogimedence.hu\/index.php\/wp-json\/wp\/v2\/posts"}],"about":[{"href":"https:\/\/dorogimedence.hu\/index.php\/wp-json\/wp\/v2\/types\/post"}],"author":[{"embeddable":true,"href":"https:\/\/dorogimedence.hu\/index.php\/wp-json\/wp\/v2\/users\/1"}],"replies":[{"embeddable":true,"href":"https:\/\/dorogimedence.hu\/index.php\/wp-json\/wp\/v2\/comments?post=49244"}],"version-history":[{"count":0,"href":"https:\/\/dorogimedence.hu\/index.php\/wp-json\/wp\/v2\/posts\/49244\/revisions"}],"wp:featuredmedia":[{"embeddable":true,"href":"https:\/\/dorogimedence.hu\/index.php\/wp-json\/wp\/v2\/media\/36875"}],"wp:attachment":[{"href":"https:\/\/dorogimedence.hu\/index.php\/wp-json\/wp\/v2\/media?parent=49244"}],"wp:term":[{"taxonomy":"category","embeddable":true,"href":"https:\/\/dorogimedence.hu\/index.php\/wp-json\/wp\/v2\/categories?post=49244"},{"taxonomy":"post_tag","embeddable":true,"href":"https:\/\/dorogimedence.hu\/index.php\/wp-json\/wp\/v2\/tags?post=49244"}],"curies":[{"name":"wp","href":"https:\/\/api.w.org\/{rel}","templated":true}]}}