{"id":49217,"date":"2023-01-06T11:23:09","date_gmt":"2023-01-06T10:23:09","guid":{"rendered":"https:\/\/dorogimedence.hu\/?p=49217"},"modified":"2023-01-06T11:23:24","modified_gmt":"2023-01-06T10:23:24","slug":"sok-influenzaszeru-megbetegedest-jelentenek-komarom-esztergombol","status":"publish","type":"post","link":"https:\/\/dorogimedence.hu\/index.php\/2023\/01\/06\/sok-influenzaszeru-megbetegedest-jelentenek-komarom-esztergombol\/","title":{"rendered":"Sok influenzaszer\u0171 megbeteged\u00e9st jelentenek Kom\u00e1rom-Esztergomb\u00f3l"},"content":{"rendered":"<p><strong>A legt\u00f6bb influenzaszer\u0171 megbeteged\u00e9st Gy\u0151r-Moson-Sopron, Kom\u00e1rom-Esztergom \u00e9s N\u00f3gr\u00e1d, m\u00edg a legkevesebb esetet Fej\u00e9r, Borsod-Aba\u00faj-Zempl\u00e9n \u00e9s Vas v\u00e1rmegy\u00e9b\u0151l jelentett\u00e9k<\/strong> <em>\u2013 k\u00f6z\u00f6lte a Nemzeti N\u00e9peg\u00e9szs\u00e9g\u00fcgyi K\u00f6zpont (NNK) j\u00e1rv\u00e1ny\u00fcgyi f\u0151oszt\u00e1ly\u00e1nak oszt\u00e1lyvezet\u0151je cs\u00fct\u00f6rt\u00f6k\u00f6n az InfoR\u00e1di\u00f3ban.<\/em><\/p>\n<p>Moln\u00e1r Zsuzsanna elmondta, hogy tavaly az 52. h\u00e9ten Magyarorsz\u00e1gon 134 ezren fordultak orvoshoz akut l\u00e9g\u00fati fert\u0151z\u00e9s t\u00fcneteivel, k\u00f6z\u00fcl\u00fck 12 900 ember eset\u00e9ben influenzaszer\u0171 megbeteged\u00e9st diagnosztiz\u00e1ltak. A legnagyobb ar\u00e1nyban a 15-34 \u00e9vesek \u00e9rintettek, a fiatalabb gyerekek k\u00f6z\u00fcl az 5 \u00e9vesn\u00e9l kisebbek a legvesz\u00e9lyeztetettebbek.<\/p>\n<p>Moln\u00e1r Zsuzsanna besz\u00e1molt arr\u00f3l is, hogy a m\u00falt h\u00e9ten influenzaszer\u0171 megbeteged\u00e9sek halmoz\u00f3d\u00e1s\u00e1r\u00f3l kaptak jelent\u00e9st egy Gy\u0151r-Moson-Sopron v\u00e1rmegyei \u00e1pol\u00e1si-gondoz\u00e1si int\u00e9zm\u00e9nyb\u0151l, ahol l\u00e1zzal \u00e9s l\u00e9g\u00fati t\u00fcnetekkel j\u00e1r\u00f3 megbeteged\u00e9sek fordultak el\u0151. A hat betegt\u0151l vett mint\u00e1k mindegyik\u00e9b\u0151l kimutatt\u00e1k az influenzav\u00edrus A vari\u00e1ns\u00e1t &#8211; jelezte.<\/p>\n<p>Felh\u00edvta a figyelmet arra, hogy ha az influenza beker\u00fcl egy k\u00f6z\u00f6ss\u00e9gbe, ott terjedni fog, ez\u00e9rt nagyon fontos, hogy a kock\u00e1zati csoportba tartoz\u00f3k k\u00f6r\u00e9ben min\u00e9l magasabb legyen az \u00e1toltotts\u00e1g.<\/p>\n<p>Moln\u00e1r Zsuzsanna kit\u00e9rt arra, hogy az \u00e9v utols\u00f3 k\u00e9t het\u00e9ben \u00e1ltal\u00e1ban jelent\u0151sen cs\u00f6kken az influenzaszer\u0171 megbeteged\u00e9sekkel orvoshoz fordul\u00f3k sz\u00e1ma, ezt a j\u00e1rv\u00e1ny\u00fcgyi szakember azzal indokolta, hogy az iskolai sz\u00fcnet \u00e9s az \u00e9v v\u00e9gi szabads\u00e1gol\u00e1sok miatt megsz\u0171nnek azok a nagy k\u00f6z\u00f6ss\u00e9gek, ahol a legjobban tudnak terjedni a l\u00e9g\u00fati v\u00edrusok.<\/p>\n<p>Progn\u00f3zisa szerint amint a nagyobb k\u00f6z\u00f6ss\u00e9gek &#8222;ism\u00e9t \u00f6sszej\u00f6nnek&#8221;, h\u00e9tr\u0151l h\u00e9tre n\u0151ni fog az influenzaszer\u0171 megbeteged\u00e9sek sz\u00e1ma.<\/p>\n<p>Hangs\u00falyozta, hogy mindenkinek javasolj\u00e1k az influenza elleni olt\u00e1s beadat\u00e1s\u00e1t, m\u00e9g azoknak is, akik nem tartoznak a kock\u00e1zati csoportba, \u00e9s nem jogosultak a t\u00e9r\u00edt\u00e9smentes olt\u00e1sra.<\/p>\n<p><em>Forr\u00e1s: MTI \/ InfoR\u00e1di\u00f3<\/em><\/p>\n","protected":false},"excerpt":{"rendered":"<p>A legt\u00f6bb influenzaszer\u0171 megbeteged\u00e9st Gy\u0151r-Moson-Sopron, Kom\u00e1rom-Esztergom \u00e9s N\u00f3gr\u00e1d, m\u00edg a legkevesebb esetet Fej\u00e9r, Borsod-Aba\u00faj-Zempl\u00e9n \u00e9s Vas v\u00e1rmegy\u00e9b\u0151l jelentett\u00e9k \u2013 k\u00f6z\u00f6lte a Nemzeti N\u00e9peg\u00e9szs\u00e9g\u00fcgyi K\u00f6zpont (NNK) j\u00e1rv\u00e1ny\u00fcgyi f\u0151oszt\u00e1ly\u00e1nak oszt\u00e1lyvezet\u0151je cs\u00fct\u00f6rt\u00f6k\u00f6n az InfoR\u00e1di\u00f3ban. Moln\u00e1r Zsuzsanna elmondta, hogy tavaly az 52. h\u00e9ten Magyarorsz\u00e1gon 134 ezren fordultak orvoshoz akut l\u00e9g\u00fati fert\u0151z\u00e9s t\u00fcneteivel, k\u00f6z\u00fcl\u00fck 12 900 ember eset\u00e9ben influenzaszer\u0171 megbeteged\u00e9st<\/p>\n","protected":false},"author":1,"featured_media":0,"comment_status":"closed","ping_status":"closed","sticky":false,"template":"","format":"standard","meta":{"ngg_post_thumbnail":0,"footnotes":""},"categories":[3,56],"tags":[744,50,6890],"class_list":{"0":"post-49217","1":"post","2":"type-post","3":"status-publish","4":"format-standard","6":"category-hirek","7":"category-komarom-esztergom","8":"tag-betegseg","9":"tag-influenza","10":"tag-komarom-esztergom-varmegye"},"yoast_head":"<!-- This site is optimized with the Yoast SEO plugin v27.4 - https:\/\/yoast.com\/product\/yoast-seo-wordpress\/ -->\n<title>Sok influenzaszer\u0171 megbeteged\u00e9st jelentenek Kom\u00e1rom-Esztergomb\u00f3l<\/title>\n<meta name=\"robots\" content=\"index, follow, max-snippet:-1, max-image-preview:large, max-video-preview:-1\" \/>\n<link rel=\"canonical\" href=\"https:\/\/dorogimedence.hu\/index.php\/2023\/01\/06\/sok-influenzaszeru-megbetegedest-jelentenek-komarom-esztergombol\/\" class=\"yoast-seo-meta-tag\" \/>\n<meta property=\"og:locale\" content=\"hu_HU\" class=\"yoast-seo-meta-tag\" \/>\n<meta property=\"og:type\" content=\"article\" class=\"yoast-seo-meta-tag\" \/>\n<meta property=\"og:title\" content=\"Sok influenzaszer\u0171 megbeteged\u00e9st jelentenek Kom\u00e1rom-Esztergomb\u00f3l\" class=\"yoast-seo-meta-tag\" \/>\n<meta property=\"og:description\" content=\"A legt\u00f6bb influenzaszer\u0171 megbeteged\u00e9st Gy\u0151r-Moson-Sopron, Kom\u00e1rom-Esztergom \u00e9s N\u00f3gr\u00e1d, m\u00edg a legkevesebb esetet Fej\u00e9r, Borsod-Aba\u00faj-Zempl\u00e9n \u00e9s Vas v\u00e1rmegy\u00e9b\u0151l jelentett\u00e9k \u2013 k\u00f6z\u00f6lte a Nemzeti N\u00e9peg\u00e9szs\u00e9g\u00fcgyi K\u00f6zpont (NNK) j\u00e1rv\u00e1ny\u00fcgyi f\u0151oszt\u00e1ly\u00e1nak oszt\u00e1lyvezet\u0151je cs\u00fct\u00f6rt\u00f6k\u00f6n az InfoR\u00e1di\u00f3ban. Moln\u00e1r Zsuzsanna elmondta, hogy tavaly az 52. h\u00e9ten Magyarorsz\u00e1gon 134 ezren fordultak orvoshoz akut l\u00e9g\u00fati fert\u0151z\u00e9s t\u00fcneteivel, k\u00f6z\u00fcl\u00fck 12 900 ember eset\u00e9ben influenzaszer\u0171 megbeteged\u00e9st\" class=\"yoast-seo-meta-tag\" \/>\n<meta property=\"og:url\" content=\"https:\/\/dorogimedence.hu\/index.php\/2023\/01\/06\/sok-influenzaszeru-megbetegedest-jelentenek-komarom-esztergombol\/\" class=\"yoast-seo-meta-tag\" \/>\n<meta property=\"og:site_name\" content=\"Dorogi-medence Region\u00e1lis H\u00edrport\u00e1l\" class=\"yoast-seo-meta-tag\" \/>\n<meta property=\"article:publisher\" content=\"https:\/\/www.facebook.com\/dorogimedence\/\" class=\"yoast-seo-meta-tag\" \/>\n<meta property=\"article:published_time\" content=\"2023-01-06T10:23:09+00:00\" class=\"yoast-seo-meta-tag\" \/>\n<meta property=\"article:modified_time\" content=\"2023-01-06T10:23:24+00:00\" class=\"yoast-seo-meta-tag\" \/>\n<meta property=\"og:image\" content=\"https:\/\/dorogimedence.hu\/wp-content\/uploads\/2023\/01\/influenza-01.jpg\" class=\"yoast-seo-meta-tag\" \/>\n\t<meta property=\"og:image:width\" content=\"1920\" class=\"yoast-seo-meta-tag\" \/>\n\t<meta property=\"og:image:height\" content=\"1090\" class=\"yoast-seo-meta-tag\" \/>\n\t<meta property=\"og:image:type\" content=\"image\/jpeg\" class=\"yoast-seo-meta-tag\" \/>\n<meta name=\"author\" content=\"dorogimedence.hu\" class=\"yoast-seo-meta-tag\" \/>\n<meta name=\"twitter:card\" content=\"summary_large_image\" class=\"yoast-seo-meta-tag\" \/>\n<meta name=\"twitter:label1\" content=\"Szerz\u0151:\" class=\"yoast-seo-meta-tag\" \/>\n\t<meta name=\"twitter:data1\" content=\"dorogimedence.hu\" class=\"yoast-seo-meta-tag\" \/>\n\t<meta name=\"twitter:label2\" content=\"Becs\u00fclt olvas\u00e1si id\u0151\" class=\"yoast-seo-meta-tag\" \/>\n\t<meta name=\"twitter:data2\" content=\"2 perc\" class=\"yoast-seo-meta-tag\" \/>\n<script type=\"application\/ld+json\" class=\"yoast-schema-graph\">{\"@context\":\"https:\\\/\\\/schema.org\",\"@graph\":[{\"@type\":\"Article\",\"@id\":\"https:\\\/\\\/dorogimedence.hu\\\/index.php\\\/2023\\\/01\\\/06\\\/sok-influenzaszeru-megbetegedest-jelentenek-komarom-esztergombol\\\/#article\",\"isPartOf\":{\"@id\":\"https:\\\/\\\/dorogimedence.hu\\\/index.php\\\/2023\\\/01\\\/06\\\/sok-influenzaszeru-megbetegedest-jelentenek-komarom-esztergombol\\\/\"},\"author\":{\"name\":\"dorogimedence.hu\",\"@id\":\"https:\\\/\\\/dorogimedence.hu\\\/#\\\/schema\\\/person\\\/ce6091eeb7e95ecdc87890d6aa8e0fd4\"},\"headline\":\"Sok influenzaszer\u0171 megbeteged\u00e9st jelentenek Kom\u00e1rom-Esztergomb\u00f3l\",\"datePublished\":\"2023-01-06T10:23:09+00:00\",\"dateModified\":\"2023-01-06T10:23:24+00:00\",\"mainEntityOfPage\":{\"@id\":\"https:\\\/\\\/dorogimedence.hu\\\/index.php\\\/2023\\\/01\\\/06\\\/sok-influenzaszeru-megbetegedest-jelentenek-komarom-esztergombol\\\/\"},\"wordCount\":382,\"publisher\":{\"@id\":\"https:\\\/\\\/dorogimedence.hu\\\/#organization\"},\"keywords\":[\"betegs\u00e9g\",\"Influenza\",\"Kom\u00e1rom-Esztergom v\u00e1rmegye\"],\"articleSection\":[\"H\u00edrek\",\"Kom\u00e1rom-Esztergom\"],\"inLanguage\":\"hu\"},{\"@type\":\"WebPage\",\"@id\":\"https:\\\/\\\/dorogimedence.hu\\\/index.php\\\/2023\\\/01\\\/06\\\/sok-influenzaszeru-megbetegedest-jelentenek-komarom-esztergombol\\\/\",\"url\":\"https:\\\/\\\/dorogimedence.hu\\\/index.php\\\/2023\\\/01\\\/06\\\/sok-influenzaszeru-megbetegedest-jelentenek-komarom-esztergombol\\\/\",\"name\":\"Sok influenzaszer\u0171 megbeteged\u00e9st jelentenek Kom\u00e1rom-Esztergomb\u00f3l\",\"isPartOf\":{\"@id\":\"https:\\\/\\\/dorogimedence.hu\\\/#website\"},\"datePublished\":\"2023-01-06T10:23:09+00:00\",\"dateModified\":\"2023-01-06T10:23:24+00:00\",\"breadcrumb\":{\"@id\":\"https:\\\/\\\/dorogimedence.hu\\\/index.php\\\/2023\\\/01\\\/06\\\/sok-influenzaszeru-megbetegedest-jelentenek-komarom-esztergombol\\\/#breadcrumb\"},\"inLanguage\":\"hu\",\"potentialAction\":[{\"@type\":\"ReadAction\",\"target\":[\"https:\\\/\\\/dorogimedence.hu\\\/index.php\\\/2023\\\/01\\\/06\\\/sok-influenzaszeru-megbetegedest-jelentenek-komarom-esztergombol\\\/\"]}]},{\"@type\":\"BreadcrumbList\",\"@id\":\"https:\\\/\\\/dorogimedence.hu\\\/index.php\\\/2023\\\/01\\\/06\\\/sok-influenzaszeru-megbetegedest-jelentenek-komarom-esztergombol\\\/#breadcrumb\",\"itemListElement\":[{\"@type\":\"ListItem\",\"position\":1,\"name\":\"Kezd\u0151lap\",\"item\":\"https:\\\/\\\/dorogimedence.hu\\\/\"},{\"@type\":\"ListItem\",\"position\":2,\"name\":\"Sok influenzaszer\u0171 megbeteged\u00e9st jelentenek Kom\u00e1rom-Esztergomb\u00f3l\"}]},{\"@type\":\"WebSite\",\"@id\":\"https:\\\/\\\/dorogimedence.hu\\\/#website\",\"url\":\"https:\\\/\\\/dorogimedence.hu\\\/\",\"name\":\"Dorogi-medence Region\u00e1lis H\u00edrport\u00e1l\",\"description\":\"Dorog, Keszt\u00f6lc, Le\u00e1nyv\u00e1r, Piliscs\u00e9v, Tokod, Tokodalt\u00e1r\u00f3, Csolnok, Esztergom-kertv\u00e1ros: h\u00edrek, programok\",\"publisher\":{\"@id\":\"https:\\\/\\\/dorogimedence.hu\\\/#organization\"},\"potentialAction\":[{\"@type\":\"SearchAction\",\"target\":{\"@type\":\"EntryPoint\",\"urlTemplate\":\"https:\\\/\\\/dorogimedence.hu\\\/?s={search_term_string}\"},\"query-input\":{\"@type\":\"PropertyValueSpecification\",\"valueRequired\":true,\"valueName\":\"search_term_string\"}}],\"inLanguage\":\"hu\"},{\"@type\":\"Organization\",\"@id\":\"https:\\\/\\\/dorogimedence.hu\\\/#organization\",\"name\":\"Dorogi-medence Region\u00e1lis H\u00edrport\u00e1l\",\"url\":\"https:\\\/\\\/dorogimedence.hu\\\/\",\"logo\":{\"@type\":\"ImageObject\",\"inLanguage\":\"hu\",\"@id\":\"https:\\\/\\\/dorogimedence.hu\\\/#\\\/schema\\\/logo\\\/image\\\/\",\"url\":\"https:\\\/\\\/dorogimedence.hu\\\/wp-content\\\/uploads\\\/2021\\\/04\\\/logo-feher-600.png\",\"contentUrl\":\"https:\\\/\\\/dorogimedence.hu\\\/wp-content\\\/uploads\\\/2021\\\/04\\\/logo-feher-600.png\",\"width\":600,\"height\":100,\"caption\":\"Dorogi-medence Region\u00e1lis H\u00edrport\u00e1l\"},\"image\":{\"@id\":\"https:\\\/\\\/dorogimedence.hu\\\/#\\\/schema\\\/logo\\\/image\\\/\"},\"sameAs\":[\"https:\\\/\\\/www.facebook.com\\\/dorogimedence\\\/\"]},{\"@type\":\"Person\",\"@id\":\"https:\\\/\\\/dorogimedence.hu\\\/#\\\/schema\\\/person\\\/ce6091eeb7e95ecdc87890d6aa8e0fd4\",\"name\":\"dorogimedence.hu\",\"image\":{\"@type\":\"ImageObject\",\"inLanguage\":\"hu\",\"@id\":\"\\\/\\\/www.gravatar.com\\\/avatar\\\/d8d45f8901aadff40a4af72c0b826f1d?s=96&#038;r=g&#038;d=mm\",\"url\":\"\\\/\\\/www.gravatar.com\\\/avatar\\\/d8d45f8901aadff40a4af72c0b826f1d?s=96&#038;r=g&#038;d=mm\",\"contentUrl\":\"\\\/\\\/www.gravatar.com\\\/avatar\\\/d8d45f8901aadff40a4af72c0b826f1d?s=96&#038;r=g&#038;d=mm\",\"caption\":\"dorogimedence.hu\"}}]}<\/script>\n<!-- \/ Yoast SEO plugin. -->","yoast_head_json":{"title":"Sok influenzaszer\u0171 megbeteged\u00e9st jelentenek Kom\u00e1rom-Esztergomb\u00f3l","robots":{"index":"index","follow":"follow","max-snippet":"max-snippet:-1","max-image-preview":"max-image-preview:large","max-video-preview":"max-video-preview:-1"},"canonical":"https:\/\/dorogimedence.hu\/index.php\/2023\/01\/06\/sok-influenzaszeru-megbetegedest-jelentenek-komarom-esztergombol\/","og_locale":"hu_HU","og_type":"article","og_title":"Sok influenzaszer\u0171 megbeteged\u00e9st jelentenek Kom\u00e1rom-Esztergomb\u00f3l","og_description":"A legt\u00f6bb influenzaszer\u0171 megbeteged\u00e9st Gy\u0151r-Moson-Sopron, Kom\u00e1rom-Esztergom \u00e9s N\u00f3gr\u00e1d, m\u00edg a legkevesebb esetet Fej\u00e9r, Borsod-Aba\u00faj-Zempl\u00e9n \u00e9s Vas v\u00e1rmegy\u00e9b\u0151l jelentett\u00e9k \u2013 k\u00f6z\u00f6lte a Nemzeti N\u00e9peg\u00e9szs\u00e9g\u00fcgyi K\u00f6zpont (NNK) j\u00e1rv\u00e1ny\u00fcgyi f\u0151oszt\u00e1ly\u00e1nak oszt\u00e1lyvezet\u0151je cs\u00fct\u00f6rt\u00f6k\u00f6n az InfoR\u00e1di\u00f3ban. Moln\u00e1r Zsuzsanna elmondta, hogy tavaly az 52. h\u00e9ten Magyarorsz\u00e1gon 134 ezren fordultak orvoshoz akut l\u00e9g\u00fati fert\u0151z\u00e9s t\u00fcneteivel, k\u00f6z\u00fcl\u00fck 12 900 ember eset\u00e9ben influenzaszer\u0171 megbeteged\u00e9st","og_url":"https:\/\/dorogimedence.hu\/index.php\/2023\/01\/06\/sok-influenzaszeru-megbetegedest-jelentenek-komarom-esztergombol\/","og_site_name":"Dorogi-medence Region\u00e1lis H\u00edrport\u00e1l","article_publisher":"https:\/\/www.facebook.com\/dorogimedence\/","article_published_time":"2023-01-06T10:23:09+00:00","article_modified_time":"2023-01-06T10:23:24+00:00","og_image":[{"width":1920,"height":1090,"url":"https:\/\/dorogimedence.hu\/wp-content\/uploads\/2023\/01\/influenza-01.jpg","type":"image\/jpeg"}],"author":"dorogimedence.hu","twitter_card":"summary_large_image","twitter_misc":{"Szerz\u0151:":"dorogimedence.hu","Becs\u00fclt olvas\u00e1si id\u0151":"2 perc"},"schema":{"@context":"https:\/\/schema.org","@graph":[{"@type":"Article","@id":"https:\/\/dorogimedence.hu\/index.php\/2023\/01\/06\/sok-influenzaszeru-megbetegedest-jelentenek-komarom-esztergombol\/#article","isPartOf":{"@id":"https:\/\/dorogimedence.hu\/index.php\/2023\/01\/06\/sok-influenzaszeru-megbetegedest-jelentenek-komarom-esztergombol\/"},"author":{"name":"dorogimedence.hu","@id":"https:\/\/dorogimedence.hu\/#\/schema\/person\/ce6091eeb7e95ecdc87890d6aa8e0fd4"},"headline":"Sok influenzaszer\u0171 megbeteged\u00e9st jelentenek Kom\u00e1rom-Esztergomb\u00f3l","datePublished":"2023-01-06T10:23:09+00:00","dateModified":"2023-01-06T10:23:24+00:00","mainEntityOfPage":{"@id":"https:\/\/dorogimedence.hu\/index.php\/2023\/01\/06\/sok-influenzaszeru-megbetegedest-jelentenek-komarom-esztergombol\/"},"wordCount":382,"publisher":{"@id":"https:\/\/dorogimedence.hu\/#organization"},"keywords":["betegs\u00e9g","Influenza","Kom\u00e1rom-Esztergom v\u00e1rmegye"],"articleSection":["H\u00edrek","Kom\u00e1rom-Esztergom"],"inLanguage":"hu"},{"@type":"WebPage","@id":"https:\/\/dorogimedence.hu\/index.php\/2023\/01\/06\/sok-influenzaszeru-megbetegedest-jelentenek-komarom-esztergombol\/","url":"https:\/\/dorogimedence.hu\/index.php\/2023\/01\/06\/sok-influenzaszeru-megbetegedest-jelentenek-komarom-esztergombol\/","name":"Sok influenzaszer\u0171 megbeteged\u00e9st jelentenek Kom\u00e1rom-Esztergomb\u00f3l","isPartOf":{"@id":"https:\/\/dorogimedence.hu\/#website"},"datePublished":"2023-01-06T10:23:09+00:00","dateModified":"2023-01-06T10:23:24+00:00","breadcrumb":{"@id":"https:\/\/dorogimedence.hu\/index.php\/2023\/01\/06\/sok-influenzaszeru-megbetegedest-jelentenek-komarom-esztergombol\/#breadcrumb"},"inLanguage":"hu","potentialAction":[{"@type":"ReadAction","target":["https:\/\/dorogimedence.hu\/index.php\/2023\/01\/06\/sok-influenzaszeru-megbetegedest-jelentenek-komarom-esztergombol\/"]}]},{"@type":"BreadcrumbList","@id":"https:\/\/dorogimedence.hu\/index.php\/2023\/01\/06\/sok-influenzaszeru-megbetegedest-jelentenek-komarom-esztergombol\/#breadcrumb","itemListElement":[{"@type":"ListItem","position":1,"name":"Kezd\u0151lap","item":"https:\/\/dorogimedence.hu\/"},{"@type":"ListItem","position":2,"name":"Sok influenzaszer\u0171 megbeteged\u00e9st jelentenek Kom\u00e1rom-Esztergomb\u00f3l"}]},{"@type":"WebSite","@id":"https:\/\/dorogimedence.hu\/#website","url":"https:\/\/dorogimedence.hu\/","name":"Dorogi-medence Region\u00e1lis H\u00edrport\u00e1l","description":"Dorog, Keszt\u00f6lc, Le\u00e1nyv\u00e1r, Piliscs\u00e9v, Tokod, Tokodalt\u00e1r\u00f3, Csolnok, Esztergom-kertv\u00e1ros: h\u00edrek, programok","publisher":{"@id":"https:\/\/dorogimedence.hu\/#organization"},"potentialAction":[{"@type":"SearchAction","target":{"@type":"EntryPoint","urlTemplate":"https:\/\/dorogimedence.hu\/?s={search_term_string}"},"query-input":{"@type":"PropertyValueSpecification","valueRequired":true,"valueName":"search_term_string"}}],"inLanguage":"hu"},{"@type":"Organization","@id":"https:\/\/dorogimedence.hu\/#organization","name":"Dorogi-medence Region\u00e1lis H\u00edrport\u00e1l","url":"https:\/\/dorogimedence.hu\/","logo":{"@type":"ImageObject","inLanguage":"hu","@id":"https:\/\/dorogimedence.hu\/#\/schema\/logo\/image\/","url":"https:\/\/dorogimedence.hu\/wp-content\/uploads\/2021\/04\/logo-feher-600.png","contentUrl":"https:\/\/dorogimedence.hu\/wp-content\/uploads\/2021\/04\/logo-feher-600.png","width":600,"height":100,"caption":"Dorogi-medence Region\u00e1lis H\u00edrport\u00e1l"},"image":{"@id":"https:\/\/dorogimedence.hu\/#\/schema\/logo\/image\/"},"sameAs":["https:\/\/www.facebook.com\/dorogimedence\/"]},{"@type":"Person","@id":"https:\/\/dorogimedence.hu\/#\/schema\/person\/ce6091eeb7e95ecdc87890d6aa8e0fd4","name":"dorogimedence.hu","image":{"@type":"ImageObject","inLanguage":"hu","@id":"\/\/www.gravatar.com\/avatar\/d8d45f8901aadff40a4af72c0b826f1d?s=96&#038;r=g&#038;d=mm","url":"\/\/www.gravatar.com\/avatar\/d8d45f8901aadff40a4af72c0b826f1d?s=96&#038;r=g&#038;d=mm","contentUrl":"\/\/www.gravatar.com\/avatar\/d8d45f8901aadff40a4af72c0b826f1d?s=96&#038;r=g&#038;d=mm","caption":"dorogimedence.hu"}}]}},"_links":{"self":[{"href":"https:\/\/dorogimedence.hu\/index.php\/wp-json\/wp\/v2\/posts\/49217","targetHints":{"allow":["GET"]}}],"collection":[{"href":"https:\/\/dorogimedence.hu\/index.php\/wp-json\/wp\/v2\/posts"}],"about":[{"href":"https:\/\/dorogimedence.hu\/index.php\/wp-json\/wp\/v2\/types\/post"}],"author":[{"embeddable":true,"href":"https:\/\/dorogimedence.hu\/index.php\/wp-json\/wp\/v2\/users\/1"}],"replies":[{"embeddable":true,"href":"https:\/\/dorogimedence.hu\/index.php\/wp-json\/wp\/v2\/comments?post=49217"}],"version-history":[{"count":0,"href":"https:\/\/dorogimedence.hu\/index.php\/wp-json\/wp\/v2\/posts\/49217\/revisions"}],"wp:attachment":[{"href":"https:\/\/dorogimedence.hu\/index.php\/wp-json\/wp\/v2\/media?parent=49217"}],"wp:term":[{"taxonomy":"category","embeddable":true,"href":"https:\/\/dorogimedence.hu\/index.php\/wp-json\/wp\/v2\/categories?post=49217"},{"taxonomy":"post_tag","embeddable":true,"href":"https:\/\/dorogimedence.hu\/index.php\/wp-json\/wp\/v2\/tags?post=49217"}],"curies":[{"name":"wp","href":"https:\/\/api.w.org\/{rel}","templated":true}]}}