{"id":4916,"date":"2017-08-08T08:23:26","date_gmt":"2017-08-08T06:23:26","guid":{"rendered":"http:\/\/dorogimedence.hu\/?p=4916"},"modified":"2017-08-08T08:23:26","modified_gmt":"2017-08-08T06:23:26","slug":"felesege-orrat-torte-el-az-esztergomi-ferfi","status":"publish","type":"post","link":"https:\/\/dorogimedence.hu\/index.php\/2017\/08\/08\/felesege-orrat-torte-el-az-esztergomi-ferfi\/","title":{"rendered":"Feles\u00e9ge orr\u00e1t t\u00f6rte el az esztergomi f\u00e9rfi"},"content":{"rendered":"<p><strong>Az Esztergomi J\u00e1r\u00e1si \u00dcgy\u00e9szs\u00e9g s\u00falyos testi s\u00e9rt\u00e9s b\u0171ntette miatt emelt v\u00e1dat azzal az 54 \u00e9ves esztergomi f\u00e9rfivel szemben, aki feles\u00e9g\u00e9t hat alkalommal \u00f6k\u00f6llel arcon \u00fct\u00f6tte m\u00e9g janu\u00e1rban.<\/strong><\/p>\n<p>Az asszony 2017. janu\u00e1r 11. napj\u00e1n, reggel \u00e9rkezett haza a munk\u00e1b\u00f3l az esztergomi lak\u00e1sukba, majd lefek\u00fcdt aludni. A s\u00e9rtett d\u00e9lut\u00e1n \u00e9bredt fel, ekkorra a f\u00e9rje m\u00e1r ittas volt. A f\u00e9rfi k\u00f6zeledni pr\u00f3b\u00e1lt a feles\u00e9g\u00e9hez, aki ezt elh\u00e1r\u00edtotta, amin a f\u00e9rfi feld\u00fch\u00f6d\u00f6tt, ez\u00e9rt az asszonyt az \u00e1gyra l\u00f6kte, \u00e9s hat alkalommal \u00f6k\u00f6llel arcon \u00fct\u00f6tte. A s\u00e9rtettnek siker\u00fclt a f\u00e9rj\u00e9t f\u00e9lrel\u00f6kve az utc\u00e1ra menek\u00fclnie, ahonnan telefonon \u00e9rtes\u00edtette a rend\u0151rs\u00e9get.<\/p>\n<p>A f\u00e9rfi b\u00e1ntalmaz\u00e1sa k\u00f6vetkezt\u00e9ben a s\u00e9rtett nyolc napon t\u00fal gy\u00f3gyul\u00f3 orrcsontt\u00f6r\u00e9st szenvedett.<\/p>\n<p>Az elk\u00f6vet\u0151 \u00e1ltal elk\u00f6vetett b\u0171ncselekm\u00e9ny h\u00e1rom \u00e9vig terjed\u0151 szabads\u00e1gveszt\u00e9ssel b\u00fcntetend\u0151.<\/p>\n<p><em>Forr\u00e1s: Kom\u00e1rom-Esztergom Megyei F\u0151\u00fcgy\u00e9szs\u00e9g sajt\u00f3k\u00f6zlem\u00e9nye<\/em><\/p>\n","protected":false},"excerpt":{"rendered":"<p>Az Esztergomi J\u00e1r\u00e1si \u00dcgy\u00e9szs\u00e9g s\u00falyos testi s\u00e9rt\u00e9s b\u0171ntette miatt emelt v\u00e1dat azzal az 54 \u00e9ves esztergomi f\u00e9rfivel szemben, aki feles\u00e9g\u00e9t hat alkalommal \u00f6k\u00f6llel arcon \u00fct\u00f6tte m\u00e9g janu\u00e1rban. Az asszony 2017. janu\u00e1r 11. napj\u00e1n, reggel \u00e9rkezett haza a munk\u00e1b\u00f3l az esztergomi lak\u00e1sukba, majd lefek\u00fcdt aludni. A s\u00e9rtett d\u00e9lut\u00e1n \u00e9bredt fel, ekkorra a f\u00e9rje m\u00e1r ittas volt.<\/p>\n","protected":false},"author":1,"featured_media":2112,"comment_status":"closed","ping_status":"closed","sticky":false,"template":"","format":"standard","meta":{"ngg_post_thumbnail":0,"footnotes":""},"categories":[38,3],"tags":[712,1042,63,326,252],"class_list":{"0":"post-4916","1":"post","2":"type-post","3":"status-publish","4":"format-standard","5":"has-post-thumbnail","7":"category-esztergom","8":"category-hirek","9":"tag-bantalmazas","10":"tag-birosag","11":"tag-buncselekmeny","12":"tag-ugyeszseg","13":"tag-vademeles"},"yoast_head":"<!-- This site is optimized with the Yoast SEO plugin v27.5 - https:\/\/yoast.com\/product\/yoast-seo-wordpress\/ -->\n<title>Feles\u00e9ge orr\u00e1t t\u00f6rte el az esztergomi f\u00e9rfi<\/title>\n<meta name=\"robots\" content=\"index, follow, max-snippet:-1, max-image-preview:large, max-video-preview:-1\" \/>\n<link rel=\"canonical\" href=\"https:\/\/dorogimedence.hu\/index.php\/2017\/08\/08\/felesege-orrat-torte-el-az-esztergomi-ferfi\/\" class=\"yoast-seo-meta-tag\" \/>\n<meta property=\"og:locale\" content=\"hu_HU\" class=\"yoast-seo-meta-tag\" \/>\n<meta property=\"og:type\" content=\"article\" class=\"yoast-seo-meta-tag\" \/>\n<meta property=\"og:title\" content=\"Feles\u00e9ge orr\u00e1t t\u00f6rte el az esztergomi f\u00e9rfi\" class=\"yoast-seo-meta-tag\" \/>\n<meta property=\"og:description\" content=\"Az Esztergomi J\u00e1r\u00e1si \u00dcgy\u00e9szs\u00e9g s\u00falyos testi s\u00e9rt\u00e9s b\u0171ntette miatt emelt v\u00e1dat azzal az 54 \u00e9ves esztergomi f\u00e9rfivel szemben, aki feles\u00e9g\u00e9t hat alkalommal \u00f6k\u00f6llel arcon \u00fct\u00f6tte m\u00e9g janu\u00e1rban. Az asszony 2017. janu\u00e1r 11. napj\u00e1n, reggel \u00e9rkezett haza a munk\u00e1b\u00f3l az esztergomi lak\u00e1sukba, majd lefek\u00fcdt aludni. A s\u00e9rtett d\u00e9lut\u00e1n \u00e9bredt fel, ekkorra a f\u00e9rje m\u00e1r ittas volt.\" class=\"yoast-seo-meta-tag\" \/>\n<meta property=\"og:url\" content=\"https:\/\/dorogimedence.hu\/index.php\/2017\/08\/08\/felesege-orrat-torte-el-az-esztergomi-ferfi\/\" class=\"yoast-seo-meta-tag\" \/>\n<meta property=\"og:site_name\" content=\"Dorogi-medence Region\u00e1lis H\u00edrport\u00e1l\" class=\"yoast-seo-meta-tag\" \/>\n<meta property=\"article:publisher\" content=\"https:\/\/www.facebook.com\/dorogimedence\/\" class=\"yoast-seo-meta-tag\" \/>\n<meta property=\"article:published_time\" content=\"2017-08-08T06:23:26+00:00\" class=\"yoast-seo-meta-tag\" \/>\n<meta property=\"og:image\" content=\"https:\/\/i0.wp.com\/dorogimedence.hu\/wp-content\/uploads\/2017\/04\/bantalmazas.jpg?fit=670%2C365&ssl=1\" class=\"yoast-seo-meta-tag\" \/>\n\t<meta property=\"og:image:width\" content=\"670\" class=\"yoast-seo-meta-tag\" \/>\n\t<meta property=\"og:image:height\" content=\"365\" class=\"yoast-seo-meta-tag\" \/>\n\t<meta property=\"og:image:type\" content=\"image\/jpeg\" class=\"yoast-seo-meta-tag\" \/>\n<meta name=\"author\" content=\"dorogimedence.hu\" class=\"yoast-seo-meta-tag\" \/>\n<meta name=\"twitter:card\" content=\"summary_large_image\" class=\"yoast-seo-meta-tag\" \/>\n<meta name=\"twitter:label1\" content=\"Szerz\u0151:\" class=\"yoast-seo-meta-tag\" \/>\n\t<meta name=\"twitter:data1\" content=\"dorogimedence.hu\" class=\"yoast-seo-meta-tag\" \/>\n\t<meta name=\"twitter:label2\" content=\"Becs\u00fclt olvas\u00e1si id\u0151\" class=\"yoast-seo-meta-tag\" \/>\n\t<meta name=\"twitter:data2\" content=\"1 perc\" class=\"yoast-seo-meta-tag\" \/>\n<script type=\"application\/ld+json\" class=\"yoast-schema-graph\">{\"@context\":\"https:\\\/\\\/schema.org\",\"@graph\":[{\"@type\":\"Article\",\"@id\":\"https:\\\/\\\/dorogimedence.hu\\\/index.php\\\/2017\\\/08\\\/08\\\/felesege-orrat-torte-el-az-esztergomi-ferfi\\\/#article\",\"isPartOf\":{\"@id\":\"https:\\\/\\\/dorogimedence.hu\\\/index.php\\\/2017\\\/08\\\/08\\\/felesege-orrat-torte-el-az-esztergomi-ferfi\\\/\"},\"author\":{\"name\":\"dorogimedence.hu\",\"@id\":\"https:\\\/\\\/dorogimedence.hu\\\/#\\\/schema\\\/person\\\/ce6091eeb7e95ecdc87890d6aa8e0fd4\"},\"headline\":\"Feles\u00e9ge orr\u00e1t t\u00f6rte el az esztergomi f\u00e9rfi\",\"datePublished\":\"2017-08-08T06:23:26+00:00\",\"mainEntityOfPage\":{\"@id\":\"https:\\\/\\\/dorogimedence.hu\\\/index.php\\\/2017\\\/08\\\/08\\\/felesege-orrat-torte-el-az-esztergomi-ferfi\\\/\"},\"wordCount\":209,\"publisher\":{\"@id\":\"https:\\\/\\\/dorogimedence.hu\\\/#organization\"},\"image\":{\"@id\":\"https:\\\/\\\/dorogimedence.hu\\\/index.php\\\/2017\\\/08\\\/08\\\/felesege-orrat-torte-el-az-esztergomi-ferfi\\\/#primaryimage\"},\"thumbnailUrl\":\"https:\\\/\\\/dorogimedence.hu\\\/wp-content\\\/uploads\\\/2017\\\/04\\\/bantalmazas.jpg\",\"keywords\":[\"b\u00e1ntalmaz\u00e1s\",\"b\u00edr\u00f3s\u00e1g\",\"b\u0171ncselekm\u00e9ny\",\"\u00fcgy\u00e9szs\u00e9g\",\"v\u00e1demel\u00e9s\"],\"articleSection\":[\"Esztergom\",\"H\u00edrek\"],\"inLanguage\":\"hu\"},{\"@type\":\"WebPage\",\"@id\":\"https:\\\/\\\/dorogimedence.hu\\\/index.php\\\/2017\\\/08\\\/08\\\/felesege-orrat-torte-el-az-esztergomi-ferfi\\\/\",\"url\":\"https:\\\/\\\/dorogimedence.hu\\\/index.php\\\/2017\\\/08\\\/08\\\/felesege-orrat-torte-el-az-esztergomi-ferfi\\\/\",\"name\":\"Feles\u00e9ge orr\u00e1t t\u00f6rte el az esztergomi f\u00e9rfi\",\"isPartOf\":{\"@id\":\"https:\\\/\\\/dorogimedence.hu\\\/#website\"},\"primaryImageOfPage\":{\"@id\":\"https:\\\/\\\/dorogimedence.hu\\\/index.php\\\/2017\\\/08\\\/08\\\/felesege-orrat-torte-el-az-esztergomi-ferfi\\\/#primaryimage\"},\"image\":{\"@id\":\"https:\\\/\\\/dorogimedence.hu\\\/index.php\\\/2017\\\/08\\\/08\\\/felesege-orrat-torte-el-az-esztergomi-ferfi\\\/#primaryimage\"},\"thumbnailUrl\":\"https:\\\/\\\/dorogimedence.hu\\\/wp-content\\\/uploads\\\/2017\\\/04\\\/bantalmazas.jpg\",\"datePublished\":\"2017-08-08T06:23:26+00:00\",\"breadcrumb\":{\"@id\":\"https:\\\/\\\/dorogimedence.hu\\\/index.php\\\/2017\\\/08\\\/08\\\/felesege-orrat-torte-el-az-esztergomi-ferfi\\\/#breadcrumb\"},\"inLanguage\":\"hu\",\"potentialAction\":[{\"@type\":\"ReadAction\",\"target\":[\"https:\\\/\\\/dorogimedence.hu\\\/index.php\\\/2017\\\/08\\\/08\\\/felesege-orrat-torte-el-az-esztergomi-ferfi\\\/\"]}]},{\"@type\":\"ImageObject\",\"inLanguage\":\"hu\",\"@id\":\"https:\\\/\\\/dorogimedence.hu\\\/index.php\\\/2017\\\/08\\\/08\\\/felesege-orrat-torte-el-az-esztergomi-ferfi\\\/#primaryimage\",\"url\":\"https:\\\/\\\/dorogimedence.hu\\\/wp-content\\\/uploads\\\/2017\\\/04\\\/bantalmazas.jpg\",\"contentUrl\":\"https:\\\/\\\/dorogimedence.hu\\\/wp-content\\\/uploads\\\/2017\\\/04\\\/bantalmazas.jpg\",\"width\":670,\"height\":365},{\"@type\":\"BreadcrumbList\",\"@id\":\"https:\\\/\\\/dorogimedence.hu\\\/index.php\\\/2017\\\/08\\\/08\\\/felesege-orrat-torte-el-az-esztergomi-ferfi\\\/#breadcrumb\",\"itemListElement\":[{\"@type\":\"ListItem\",\"position\":1,\"name\":\"Kezd\u0151lap\",\"item\":\"https:\\\/\\\/dorogimedence.hu\\\/\"},{\"@type\":\"ListItem\",\"position\":2,\"name\":\"Feles\u00e9ge orr\u00e1t t\u00f6rte el az esztergomi f\u00e9rfi\"}]},{\"@type\":\"WebSite\",\"@id\":\"https:\\\/\\\/dorogimedence.hu\\\/#website\",\"url\":\"https:\\\/\\\/dorogimedence.hu\\\/\",\"name\":\"Dorogi-medence Region\u00e1lis H\u00edrport\u00e1l\",\"description\":\"Dorog, Keszt\u00f6lc, Le\u00e1nyv\u00e1r, Piliscs\u00e9v, Tokod, Tokodalt\u00e1r\u00f3, Csolnok, Esztergom-kertv\u00e1ros: h\u00edrek, programok\",\"publisher\":{\"@id\":\"https:\\\/\\\/dorogimedence.hu\\\/#organization\"},\"potentialAction\":[{\"@type\":\"SearchAction\",\"target\":{\"@type\":\"EntryPoint\",\"urlTemplate\":\"https:\\\/\\\/dorogimedence.hu\\\/?s={search_term_string}\"},\"query-input\":{\"@type\":\"PropertyValueSpecification\",\"valueRequired\":true,\"valueName\":\"search_term_string\"}}],\"inLanguage\":\"hu\"},{\"@type\":\"Organization\",\"@id\":\"https:\\\/\\\/dorogimedence.hu\\\/#organization\",\"name\":\"Dorogi-medence Region\u00e1lis H\u00edrport\u00e1l\",\"url\":\"https:\\\/\\\/dorogimedence.hu\\\/\",\"logo\":{\"@type\":\"ImageObject\",\"inLanguage\":\"hu\",\"@id\":\"https:\\\/\\\/dorogimedence.hu\\\/#\\\/schema\\\/logo\\\/image\\\/\",\"url\":\"https:\\\/\\\/dorogimedence.hu\\\/wp-content\\\/uploads\\\/2021\\\/04\\\/logo-feher-600.png\",\"contentUrl\":\"https:\\\/\\\/dorogimedence.hu\\\/wp-content\\\/uploads\\\/2021\\\/04\\\/logo-feher-600.png\",\"width\":600,\"height\":100,\"caption\":\"Dorogi-medence Region\u00e1lis H\u00edrport\u00e1l\"},\"image\":{\"@id\":\"https:\\\/\\\/dorogimedence.hu\\\/#\\\/schema\\\/logo\\\/image\\\/\"},\"sameAs\":[\"https:\\\/\\\/www.facebook.com\\\/dorogimedence\\\/\"]},{\"@type\":\"Person\",\"@id\":\"https:\\\/\\\/dorogimedence.hu\\\/#\\\/schema\\\/person\\\/ce6091eeb7e95ecdc87890d6aa8e0fd4\",\"name\":\"dorogimedence.hu\",\"image\":{\"@type\":\"ImageObject\",\"inLanguage\":\"hu\",\"@id\":\"\\\/\\\/www.gravatar.com\\\/avatar\\\/d8d45f8901aadff40a4af72c0b826f1d?s=96&#038;r=g&#038;d=mm\",\"url\":\"\\\/\\\/www.gravatar.com\\\/avatar\\\/d8d45f8901aadff40a4af72c0b826f1d?s=96&#038;r=g&#038;d=mm\",\"contentUrl\":\"\\\/\\\/www.gravatar.com\\\/avatar\\\/d8d45f8901aadff40a4af72c0b826f1d?s=96&#038;r=g&#038;d=mm\",\"caption\":\"dorogimedence.hu\"}}]}<\/script>\n<!-- \/ Yoast SEO plugin. -->","yoast_head_json":{"title":"Feles\u00e9ge orr\u00e1t t\u00f6rte el az esztergomi f\u00e9rfi","robots":{"index":"index","follow":"follow","max-snippet":"max-snippet:-1","max-image-preview":"max-image-preview:large","max-video-preview":"max-video-preview:-1"},"canonical":"https:\/\/dorogimedence.hu\/index.php\/2017\/08\/08\/felesege-orrat-torte-el-az-esztergomi-ferfi\/","og_locale":"hu_HU","og_type":"article","og_title":"Feles\u00e9ge orr\u00e1t t\u00f6rte el az esztergomi f\u00e9rfi","og_description":"Az Esztergomi J\u00e1r\u00e1si \u00dcgy\u00e9szs\u00e9g s\u00falyos testi s\u00e9rt\u00e9s b\u0171ntette miatt emelt v\u00e1dat azzal az 54 \u00e9ves esztergomi f\u00e9rfivel szemben, aki feles\u00e9g\u00e9t hat alkalommal \u00f6k\u00f6llel arcon \u00fct\u00f6tte m\u00e9g janu\u00e1rban. Az asszony 2017. janu\u00e1r 11. napj\u00e1n, reggel \u00e9rkezett haza a munk\u00e1b\u00f3l az esztergomi lak\u00e1sukba, majd lefek\u00fcdt aludni. A s\u00e9rtett d\u00e9lut\u00e1n \u00e9bredt fel, ekkorra a f\u00e9rje m\u00e1r ittas volt.","og_url":"https:\/\/dorogimedence.hu\/index.php\/2017\/08\/08\/felesege-orrat-torte-el-az-esztergomi-ferfi\/","og_site_name":"Dorogi-medence Region\u00e1lis H\u00edrport\u00e1l","article_publisher":"https:\/\/www.facebook.com\/dorogimedence\/","article_published_time":"2017-08-08T06:23:26+00:00","og_image":[{"width":670,"height":365,"url":"https:\/\/i0.wp.com\/dorogimedence.hu\/wp-content\/uploads\/2017\/04\/bantalmazas.jpg?fit=670%2C365&ssl=1","type":"image\/jpeg"}],"author":"dorogimedence.hu","twitter_card":"summary_large_image","twitter_misc":{"Szerz\u0151:":"dorogimedence.hu","Becs\u00fclt olvas\u00e1si id\u0151":"1 perc"},"schema":{"@context":"https:\/\/schema.org","@graph":[{"@type":"Article","@id":"https:\/\/dorogimedence.hu\/index.php\/2017\/08\/08\/felesege-orrat-torte-el-az-esztergomi-ferfi\/#article","isPartOf":{"@id":"https:\/\/dorogimedence.hu\/index.php\/2017\/08\/08\/felesege-orrat-torte-el-az-esztergomi-ferfi\/"},"author":{"name":"dorogimedence.hu","@id":"https:\/\/dorogimedence.hu\/#\/schema\/person\/ce6091eeb7e95ecdc87890d6aa8e0fd4"},"headline":"Feles\u00e9ge orr\u00e1t t\u00f6rte el az esztergomi f\u00e9rfi","datePublished":"2017-08-08T06:23:26+00:00","mainEntityOfPage":{"@id":"https:\/\/dorogimedence.hu\/index.php\/2017\/08\/08\/felesege-orrat-torte-el-az-esztergomi-ferfi\/"},"wordCount":209,"publisher":{"@id":"https:\/\/dorogimedence.hu\/#organization"},"image":{"@id":"https:\/\/dorogimedence.hu\/index.php\/2017\/08\/08\/felesege-orrat-torte-el-az-esztergomi-ferfi\/#primaryimage"},"thumbnailUrl":"https:\/\/dorogimedence.hu\/wp-content\/uploads\/2017\/04\/bantalmazas.jpg","keywords":["b\u00e1ntalmaz\u00e1s","b\u00edr\u00f3s\u00e1g","b\u0171ncselekm\u00e9ny","\u00fcgy\u00e9szs\u00e9g","v\u00e1demel\u00e9s"],"articleSection":["Esztergom","H\u00edrek"],"inLanguage":"hu"},{"@type":"WebPage","@id":"https:\/\/dorogimedence.hu\/index.php\/2017\/08\/08\/felesege-orrat-torte-el-az-esztergomi-ferfi\/","url":"https:\/\/dorogimedence.hu\/index.php\/2017\/08\/08\/felesege-orrat-torte-el-az-esztergomi-ferfi\/","name":"Feles\u00e9ge orr\u00e1t t\u00f6rte el az esztergomi f\u00e9rfi","isPartOf":{"@id":"https:\/\/dorogimedence.hu\/#website"},"primaryImageOfPage":{"@id":"https:\/\/dorogimedence.hu\/index.php\/2017\/08\/08\/felesege-orrat-torte-el-az-esztergomi-ferfi\/#primaryimage"},"image":{"@id":"https:\/\/dorogimedence.hu\/index.php\/2017\/08\/08\/felesege-orrat-torte-el-az-esztergomi-ferfi\/#primaryimage"},"thumbnailUrl":"https:\/\/dorogimedence.hu\/wp-content\/uploads\/2017\/04\/bantalmazas.jpg","datePublished":"2017-08-08T06:23:26+00:00","breadcrumb":{"@id":"https:\/\/dorogimedence.hu\/index.php\/2017\/08\/08\/felesege-orrat-torte-el-az-esztergomi-ferfi\/#breadcrumb"},"inLanguage":"hu","potentialAction":[{"@type":"ReadAction","target":["https:\/\/dorogimedence.hu\/index.php\/2017\/08\/08\/felesege-orrat-torte-el-az-esztergomi-ferfi\/"]}]},{"@type":"ImageObject","inLanguage":"hu","@id":"https:\/\/dorogimedence.hu\/index.php\/2017\/08\/08\/felesege-orrat-torte-el-az-esztergomi-ferfi\/#primaryimage","url":"https:\/\/dorogimedence.hu\/wp-content\/uploads\/2017\/04\/bantalmazas.jpg","contentUrl":"https:\/\/dorogimedence.hu\/wp-content\/uploads\/2017\/04\/bantalmazas.jpg","width":670,"height":365},{"@type":"BreadcrumbList","@id":"https:\/\/dorogimedence.hu\/index.php\/2017\/08\/08\/felesege-orrat-torte-el-az-esztergomi-ferfi\/#breadcrumb","itemListElement":[{"@type":"ListItem","position":1,"name":"Kezd\u0151lap","item":"https:\/\/dorogimedence.hu\/"},{"@type":"ListItem","position":2,"name":"Feles\u00e9ge orr\u00e1t t\u00f6rte el az esztergomi f\u00e9rfi"}]},{"@type":"WebSite","@id":"https:\/\/dorogimedence.hu\/#website","url":"https:\/\/dorogimedence.hu\/","name":"Dorogi-medence Region\u00e1lis H\u00edrport\u00e1l","description":"Dorog, Keszt\u00f6lc, Le\u00e1nyv\u00e1r, Piliscs\u00e9v, Tokod, Tokodalt\u00e1r\u00f3, Csolnok, Esztergom-kertv\u00e1ros: h\u00edrek, programok","publisher":{"@id":"https:\/\/dorogimedence.hu\/#organization"},"potentialAction":[{"@type":"SearchAction","target":{"@type":"EntryPoint","urlTemplate":"https:\/\/dorogimedence.hu\/?s={search_term_string}"},"query-input":{"@type":"PropertyValueSpecification","valueRequired":true,"valueName":"search_term_string"}}],"inLanguage":"hu"},{"@type":"Organization","@id":"https:\/\/dorogimedence.hu\/#organization","name":"Dorogi-medence Region\u00e1lis H\u00edrport\u00e1l","url":"https:\/\/dorogimedence.hu\/","logo":{"@type":"ImageObject","inLanguage":"hu","@id":"https:\/\/dorogimedence.hu\/#\/schema\/logo\/image\/","url":"https:\/\/dorogimedence.hu\/wp-content\/uploads\/2021\/04\/logo-feher-600.png","contentUrl":"https:\/\/dorogimedence.hu\/wp-content\/uploads\/2021\/04\/logo-feher-600.png","width":600,"height":100,"caption":"Dorogi-medence Region\u00e1lis H\u00edrport\u00e1l"},"image":{"@id":"https:\/\/dorogimedence.hu\/#\/schema\/logo\/image\/"},"sameAs":["https:\/\/www.facebook.com\/dorogimedence\/"]},{"@type":"Person","@id":"https:\/\/dorogimedence.hu\/#\/schema\/person\/ce6091eeb7e95ecdc87890d6aa8e0fd4","name":"dorogimedence.hu","image":{"@type":"ImageObject","inLanguage":"hu","@id":"\/\/www.gravatar.com\/avatar\/d8d45f8901aadff40a4af72c0b826f1d?s=96&#038;r=g&#038;d=mm","url":"\/\/www.gravatar.com\/avatar\/d8d45f8901aadff40a4af72c0b826f1d?s=96&#038;r=g&#038;d=mm","contentUrl":"\/\/www.gravatar.com\/avatar\/d8d45f8901aadff40a4af72c0b826f1d?s=96&#038;r=g&#038;d=mm","caption":"dorogimedence.hu"}}]}},"_links":{"self":[{"href":"https:\/\/dorogimedence.hu\/index.php\/wp-json\/wp\/v2\/posts\/4916","targetHints":{"allow":["GET"]}}],"collection":[{"href":"https:\/\/dorogimedence.hu\/index.php\/wp-json\/wp\/v2\/posts"}],"about":[{"href":"https:\/\/dorogimedence.hu\/index.php\/wp-json\/wp\/v2\/types\/post"}],"author":[{"embeddable":true,"href":"https:\/\/dorogimedence.hu\/index.php\/wp-json\/wp\/v2\/users\/1"}],"replies":[{"embeddable":true,"href":"https:\/\/dorogimedence.hu\/index.php\/wp-json\/wp\/v2\/comments?post=4916"}],"version-history":[{"count":0,"href":"https:\/\/dorogimedence.hu\/index.php\/wp-json\/wp\/v2\/posts\/4916\/revisions"}],"wp:featuredmedia":[{"embeddable":true,"href":"https:\/\/dorogimedence.hu\/index.php\/wp-json\/wp\/v2\/media\/2112"}],"wp:attachment":[{"href":"https:\/\/dorogimedence.hu\/index.php\/wp-json\/wp\/v2\/media?parent=4916"}],"wp:term":[{"taxonomy":"category","embeddable":true,"href":"https:\/\/dorogimedence.hu\/index.php\/wp-json\/wp\/v2\/categories?post=4916"},{"taxonomy":"post_tag","embeddable":true,"href":"https:\/\/dorogimedence.hu\/index.php\/wp-json\/wp\/v2\/tags?post=4916"}],"curies":[{"name":"wp","href":"https:\/\/api.w.org\/{rel}","templated":true}]}}