{"id":49096,"date":"2023-01-02T08:07:47","date_gmt":"2023-01-02T07:07:47","guid":{"rendered":"https:\/\/dorogimedence.hu\/?p=49096"},"modified":"2023-01-02T08:08:27","modified_gmt":"2023-01-02T07:08:27","slug":"meghosszabbodik-a-decemberi-helykozi-es-helyi-berletek-ervenyessegi-ideje","status":"publish","type":"post","link":"https:\/\/dorogimedence.hu\/index.php\/2023\/01\/02\/meghosszabbodik-a-decemberi-helykozi-es-helyi-berletek-ervenyessegi-ideje\/","title":{"rendered":"Meghosszabbodik a decemberi helyk\u00f6zi- \u00e9s helyi b\u00e9rletek \u00e9rv\u00e9nyess\u00e9gi ideje"},"content":{"rendered":"<div class=\"field-lead\">\n<p><strong>A decemberi havi \u00e9s II. f\u00e9lhavi helyk\u00f6zi b\u00e9rletek janu\u00e1r 9-ig \u00e9rv\u00e9nyesek a M\u00c1V-Vol\u00e1n-csoport helyk\u00f6zi vonat \u00e9s busz j\u00e1ratain. Tov\u00e1bb\u00e1 azokon a telep\u00fcl\u00e9seken, ahol a Vol\u00e1nbusz helyi k\u00f6zszolg\u00e1ltat\u00e1si szerz\u0151d\u00e9s alapj\u00e1n k\u00f6zlekedteti buszait, szint\u00e9n meghosszabb\u00edtott ideig utazhatunk a decemberi helyi b\u00e9rletekkel.<\/strong><\/p>\n<\/div>\n<div class=\"field-body\">\n<p>Az \u00c9p\u00edt\u00e9si \u00e9s K\u00f6zleked\u00e9si Miniszt\u00e9rium d\u00f6nt\u00e9se alapj\u00e1n a 2022. december h\u00f3napra v\u00e1ltott havi \u00e9s II. f\u00e9lhavi dolgoz\u00f3 \u00e9s tanul\u00f3 helyk\u00f6zi b\u00e9rletekkel 2023. janu\u00e1r 9., 23:59-ig lehet utazni a M\u00c1V-START \u00e9s a Vol\u00e1nbusz helyk\u00f6zi j\u00e1ratain. Tov\u00e1bb\u00e1 csaknem mindegyik telep\u00fcl\u00e9sen (Balmaz\u00fajv\u00e1ros \u00e9s B\u00e1tonyterenye kiv\u00e9tel\u00e9vel), ahol a Vol\u00e1nbusz helyi k\u00f6zszolg\u00e1ltat\u00e1si szerz\u0151d\u00e9s alapj\u00e1n k\u00f6zlekedteti buszait, szint\u00e9n janu\u00e1r 9-ig \u00e9rv\u00e9nyesek a decemberi helyi b\u00e9rletek.<\/p>\n<p>A meghosszabb\u00edt\u00e1s c\u00e9lja, hogy megk\u00f6nny\u00edts\u00e9k az utasok sorban \u00e1ll\u00e1s n\u00e9lk\u00fcli b\u00e9rletv\u00e1s\u00e1rl\u00e1s\u00e1t az \u00faj \u00e9v elej\u00e9n. A tapasztalatok szerint a t\u00e9li sz\u00fcnet ut\u00e1ni iskolakezd\u00e9sn\u00e9l hosszabbra ny\u00falhat a v\u00e1rakoz\u00e1s a jegyp\u00e9nzt\u00e1rakn\u00e1l \u00e9s a jegykiad\u00f3 automat\u00e1kn\u00e1l, az int\u00e9zked\u00e9s abban is seg\u00edt, hogy t\u00f6bb id\u0151 legyen beszerezni az iskola \u00e9s munkakezd\u00e9sre az \u00faj b\u00e9rleteket. A gyorsabb kiszolg\u00e1l\u00e1s \u00e9rdek\u00e9ben a jegy- \u00e9s b\u00e9rletv\u00e1s\u00e1rl\u00e1skor tov\u00e1bbra is \u00e9rdemes a M\u00c1V Appot, a jegykiad\u00f3 automat\u00e1kat \u00e9s a K\u00f6zleked\u00e9si Mobiljegy alkalmaz\u00e1st haszn\u00e1lni.<\/p>\n<p><em>Bor\u00edt\u00f3k\u00e9p, forr\u00e1s: M\u00c1V Zrt. Kommunik\u00e1ci\u00f3s Igazgat\u00f3s\u00e1g<\/em><\/p>\n<\/div>\n","protected":false},"excerpt":{"rendered":"<p>A decemberi havi \u00e9s II. f\u00e9lhavi helyk\u00f6zi b\u00e9rletek janu\u00e1r 9-ig \u00e9rv\u00e9nyesek a M\u00c1V-Vol\u00e1n-csoport helyk\u00f6zi vonat \u00e9s busz j\u00e1ratain. Tov\u00e1bb\u00e1 azokon a telep\u00fcl\u00e9seken, ahol a Vol\u00e1nbusz helyi k\u00f6zszolg\u00e1ltat\u00e1si szerz\u0151d\u00e9s alapj\u00e1n k\u00f6zlekedteti buszait, szint\u00e9n meghosszabb\u00edtott ideig utazhatunk a decemberi helyi b\u00e9rletekkel. Az \u00c9p\u00edt\u00e9si \u00e9s K\u00f6zleked\u00e9si Miniszt\u00e9rium d\u00f6nt\u00e9se alapj\u00e1n a 2022. december h\u00f3napra v\u00e1ltott havi \u00e9s II. f\u00e9lhavi<\/p>\n","protected":false},"author":1,"featured_media":45979,"comment_status":"closed","ping_status":"closed","sticky":false,"template":"","format":"standard","meta":{"ngg_post_thumbnail":0,"footnotes":""},"categories":[3],"tags":[458,3300,1043,292,381,1015,291],"class_list":{"0":"post-49096","1":"post","2":"type-post","3":"status-publish","4":"format-standard","5":"has-post-thumbnail","7":"category-hirek","8":"tag-autobusz","9":"tag-berlet","10":"tag-busz","11":"tag-mav","12":"tag-vasut","13":"tag-volanbusz","14":"tag-vonat"},"yoast_head":"<!-- This site is optimized with the Yoast SEO plugin v27.4 - https:\/\/yoast.com\/product\/yoast-seo-wordpress\/ -->\n<title>Meghosszabbodik a decemberi helyk\u00f6zi- \u00e9s helyi b\u00e9rletek \u00e9rv\u00e9nyess\u00e9gi ideje<\/title>\n<meta name=\"robots\" content=\"index, follow, max-snippet:-1, max-image-preview:large, max-video-preview:-1\" \/>\n<link rel=\"canonical\" href=\"https:\/\/dorogimedence.hu\/index.php\/2023\/01\/02\/meghosszabbodik-a-decemberi-helykozi-es-helyi-berletek-ervenyessegi-ideje\/\" class=\"yoast-seo-meta-tag\" \/>\n<meta property=\"og:locale\" content=\"hu_HU\" class=\"yoast-seo-meta-tag\" \/>\n<meta property=\"og:type\" content=\"article\" class=\"yoast-seo-meta-tag\" \/>\n<meta property=\"og:title\" content=\"Meghosszabbodik a decemberi helyk\u00f6zi- \u00e9s helyi b\u00e9rletek \u00e9rv\u00e9nyess\u00e9gi ideje\" class=\"yoast-seo-meta-tag\" \/>\n<meta property=\"og:description\" content=\"A decemberi havi \u00e9s II. f\u00e9lhavi helyk\u00f6zi b\u00e9rletek janu\u00e1r 9-ig \u00e9rv\u00e9nyesek a M\u00c1V-Vol\u00e1n-csoport helyk\u00f6zi vonat \u00e9s busz j\u00e1ratain. Tov\u00e1bb\u00e1 azokon a telep\u00fcl\u00e9seken, ahol a Vol\u00e1nbusz helyi k\u00f6zszolg\u00e1ltat\u00e1si szerz\u0151d\u00e9s alapj\u00e1n k\u00f6zlekedteti buszait, szint\u00e9n meghosszabb\u00edtott ideig utazhatunk a decemberi helyi b\u00e9rletekkel. Az \u00c9p\u00edt\u00e9si \u00e9s K\u00f6zleked\u00e9si Miniszt\u00e9rium d\u00f6nt\u00e9se alapj\u00e1n a 2022. december h\u00f3napra v\u00e1ltott havi \u00e9s II. f\u00e9lhavi\" class=\"yoast-seo-meta-tag\" \/>\n<meta property=\"og:url\" content=\"https:\/\/dorogimedence.hu\/index.php\/2023\/01\/02\/meghosszabbodik-a-decemberi-helykozi-es-helyi-berletek-ervenyessegi-ideje\/\" class=\"yoast-seo-meta-tag\" \/>\n<meta property=\"og:site_name\" content=\"Dorogi-medence Region\u00e1lis H\u00edrport\u00e1l\" class=\"yoast-seo-meta-tag\" \/>\n<meta property=\"article:publisher\" content=\"https:\/\/www.facebook.com\/dorogimedence\/\" class=\"yoast-seo-meta-tag\" \/>\n<meta property=\"article:published_time\" content=\"2023-01-02T07:07:47+00:00\" class=\"yoast-seo-meta-tag\" \/>\n<meta property=\"article:modified_time\" content=\"2023-01-02T07:08:27+00:00\" class=\"yoast-seo-meta-tag\" \/>\n<meta property=\"og:image\" content=\"https:\/\/dorogimedence.hu\/wp-content\/uploads\/2022\/08\/kep_kozlemeny.png\" class=\"yoast-seo-meta-tag\" \/>\n\t<meta property=\"og:image:width\" content=\"1260\" class=\"yoast-seo-meta-tag\" \/>\n\t<meta property=\"og:image:height\" content=\"840\" class=\"yoast-seo-meta-tag\" \/>\n\t<meta property=\"og:image:type\" content=\"image\/png\" class=\"yoast-seo-meta-tag\" \/>\n<meta name=\"author\" content=\"dorogimedence.hu\" class=\"yoast-seo-meta-tag\" \/>\n<meta name=\"twitter:card\" content=\"summary_large_image\" class=\"yoast-seo-meta-tag\" \/>\n<meta name=\"twitter:label1\" content=\"Szerz\u0151:\" class=\"yoast-seo-meta-tag\" \/>\n\t<meta name=\"twitter:data1\" content=\"dorogimedence.hu\" class=\"yoast-seo-meta-tag\" \/>\n\t<meta name=\"twitter:label2\" content=\"Becs\u00fclt olvas\u00e1si id\u0151\" class=\"yoast-seo-meta-tag\" \/>\n\t<meta name=\"twitter:data2\" content=\"1 perc\" class=\"yoast-seo-meta-tag\" \/>\n<script type=\"application\/ld+json\" class=\"yoast-schema-graph\">{\"@context\":\"https:\\\/\\\/schema.org\",\"@graph\":[{\"@type\":\"Article\",\"@id\":\"https:\\\/\\\/dorogimedence.hu\\\/index.php\\\/2023\\\/01\\\/02\\\/meghosszabbodik-a-decemberi-helykozi-es-helyi-berletek-ervenyessegi-ideje\\\/#article\",\"isPartOf\":{\"@id\":\"https:\\\/\\\/dorogimedence.hu\\\/index.php\\\/2023\\\/01\\\/02\\\/meghosszabbodik-a-decemberi-helykozi-es-helyi-berletek-ervenyessegi-ideje\\\/\"},\"author\":{\"name\":\"dorogimedence.hu\",\"@id\":\"https:\\\/\\\/dorogimedence.hu\\\/#\\\/schema\\\/person\\\/ce6091eeb7e95ecdc87890d6aa8e0fd4\"},\"headline\":\"Meghosszabbodik a decemberi helyk\u00f6zi- \u00e9s helyi b\u00e9rletek \u00e9rv\u00e9nyess\u00e9gi ideje\",\"datePublished\":\"2023-01-02T07:07:47+00:00\",\"dateModified\":\"2023-01-02T07:08:27+00:00\",\"mainEntityOfPage\":{\"@id\":\"https:\\\/\\\/dorogimedence.hu\\\/index.php\\\/2023\\\/01\\\/02\\\/meghosszabbodik-a-decemberi-helykozi-es-helyi-berletek-ervenyessegi-ideje\\\/\"},\"wordCount\":305,\"publisher\":{\"@id\":\"https:\\\/\\\/dorogimedence.hu\\\/#organization\"},\"image\":{\"@id\":\"https:\\\/\\\/dorogimedence.hu\\\/index.php\\\/2023\\\/01\\\/02\\\/meghosszabbodik-a-decemberi-helykozi-es-helyi-berletek-ervenyessegi-ideje\\\/#primaryimage\"},\"thumbnailUrl\":\"https:\\\/\\\/dorogimedence.hu\\\/wp-content\\\/uploads\\\/2022\\\/08\\\/kep_kozlemeny.png\",\"keywords\":[\"aut\u00f3busz\",\"b\u00e9rlet\",\"busz\",\"m\u00e1v\",\"vas\u00fat\",\"vol\u00e1nbusz\",\"vonat\"],\"articleSection\":[\"H\u00edrek\"],\"inLanguage\":\"hu\"},{\"@type\":\"WebPage\",\"@id\":\"https:\\\/\\\/dorogimedence.hu\\\/index.php\\\/2023\\\/01\\\/02\\\/meghosszabbodik-a-decemberi-helykozi-es-helyi-berletek-ervenyessegi-ideje\\\/\",\"url\":\"https:\\\/\\\/dorogimedence.hu\\\/index.php\\\/2023\\\/01\\\/02\\\/meghosszabbodik-a-decemberi-helykozi-es-helyi-berletek-ervenyessegi-ideje\\\/\",\"name\":\"Meghosszabbodik a decemberi helyk\u00f6zi- \u00e9s helyi b\u00e9rletek \u00e9rv\u00e9nyess\u00e9gi ideje\",\"isPartOf\":{\"@id\":\"https:\\\/\\\/dorogimedence.hu\\\/#website\"},\"primaryImageOfPage\":{\"@id\":\"https:\\\/\\\/dorogimedence.hu\\\/index.php\\\/2023\\\/01\\\/02\\\/meghosszabbodik-a-decemberi-helykozi-es-helyi-berletek-ervenyessegi-ideje\\\/#primaryimage\"},\"image\":{\"@id\":\"https:\\\/\\\/dorogimedence.hu\\\/index.php\\\/2023\\\/01\\\/02\\\/meghosszabbodik-a-decemberi-helykozi-es-helyi-berletek-ervenyessegi-ideje\\\/#primaryimage\"},\"thumbnailUrl\":\"https:\\\/\\\/dorogimedence.hu\\\/wp-content\\\/uploads\\\/2022\\\/08\\\/kep_kozlemeny.png\",\"datePublished\":\"2023-01-02T07:07:47+00:00\",\"dateModified\":\"2023-01-02T07:08:27+00:00\",\"breadcrumb\":{\"@id\":\"https:\\\/\\\/dorogimedence.hu\\\/index.php\\\/2023\\\/01\\\/02\\\/meghosszabbodik-a-decemberi-helykozi-es-helyi-berletek-ervenyessegi-ideje\\\/#breadcrumb\"},\"inLanguage\":\"hu\",\"potentialAction\":[{\"@type\":\"ReadAction\",\"target\":[\"https:\\\/\\\/dorogimedence.hu\\\/index.php\\\/2023\\\/01\\\/02\\\/meghosszabbodik-a-decemberi-helykozi-es-helyi-berletek-ervenyessegi-ideje\\\/\"]}]},{\"@type\":\"ImageObject\",\"inLanguage\":\"hu\",\"@id\":\"https:\\\/\\\/dorogimedence.hu\\\/index.php\\\/2023\\\/01\\\/02\\\/meghosszabbodik-a-decemberi-helykozi-es-helyi-berletek-ervenyessegi-ideje\\\/#primaryimage\",\"url\":\"https:\\\/\\\/dorogimedence.hu\\\/wp-content\\\/uploads\\\/2022\\\/08\\\/kep_kozlemeny.png\",\"contentUrl\":\"https:\\\/\\\/dorogimedence.hu\\\/wp-content\\\/uploads\\\/2022\\\/08\\\/kep_kozlemeny.png\",\"width\":1260,\"height\":840},{\"@type\":\"BreadcrumbList\",\"@id\":\"https:\\\/\\\/dorogimedence.hu\\\/index.php\\\/2023\\\/01\\\/02\\\/meghosszabbodik-a-decemberi-helykozi-es-helyi-berletek-ervenyessegi-ideje\\\/#breadcrumb\",\"itemListElement\":[{\"@type\":\"ListItem\",\"position\":1,\"name\":\"Kezd\u0151lap\",\"item\":\"https:\\\/\\\/dorogimedence.hu\\\/\"},{\"@type\":\"ListItem\",\"position\":2,\"name\":\"Meghosszabbodik a decemberi helyk\u00f6zi- \u00e9s helyi b\u00e9rletek \u00e9rv\u00e9nyess\u00e9gi ideje\"}]},{\"@type\":\"WebSite\",\"@id\":\"https:\\\/\\\/dorogimedence.hu\\\/#website\",\"url\":\"https:\\\/\\\/dorogimedence.hu\\\/\",\"name\":\"Dorogi-medence Region\u00e1lis H\u00edrport\u00e1l\",\"description\":\"Dorog, Keszt\u00f6lc, Le\u00e1nyv\u00e1r, Piliscs\u00e9v, Tokod, Tokodalt\u00e1r\u00f3, Csolnok, Esztergom-kertv\u00e1ros: h\u00edrek, programok\",\"publisher\":{\"@id\":\"https:\\\/\\\/dorogimedence.hu\\\/#organization\"},\"potentialAction\":[{\"@type\":\"SearchAction\",\"target\":{\"@type\":\"EntryPoint\",\"urlTemplate\":\"https:\\\/\\\/dorogimedence.hu\\\/?s={search_term_string}\"},\"query-input\":{\"@type\":\"PropertyValueSpecification\",\"valueRequired\":true,\"valueName\":\"search_term_string\"}}],\"inLanguage\":\"hu\"},{\"@type\":\"Organization\",\"@id\":\"https:\\\/\\\/dorogimedence.hu\\\/#organization\",\"name\":\"Dorogi-medence Region\u00e1lis H\u00edrport\u00e1l\",\"url\":\"https:\\\/\\\/dorogimedence.hu\\\/\",\"logo\":{\"@type\":\"ImageObject\",\"inLanguage\":\"hu\",\"@id\":\"https:\\\/\\\/dorogimedence.hu\\\/#\\\/schema\\\/logo\\\/image\\\/\",\"url\":\"https:\\\/\\\/dorogimedence.hu\\\/wp-content\\\/uploads\\\/2021\\\/04\\\/logo-feher-600.png\",\"contentUrl\":\"https:\\\/\\\/dorogimedence.hu\\\/wp-content\\\/uploads\\\/2021\\\/04\\\/logo-feher-600.png\",\"width\":600,\"height\":100,\"caption\":\"Dorogi-medence Region\u00e1lis H\u00edrport\u00e1l\"},\"image\":{\"@id\":\"https:\\\/\\\/dorogimedence.hu\\\/#\\\/schema\\\/logo\\\/image\\\/\"},\"sameAs\":[\"https:\\\/\\\/www.facebook.com\\\/dorogimedence\\\/\"]},{\"@type\":\"Person\",\"@id\":\"https:\\\/\\\/dorogimedence.hu\\\/#\\\/schema\\\/person\\\/ce6091eeb7e95ecdc87890d6aa8e0fd4\",\"name\":\"dorogimedence.hu\",\"image\":{\"@type\":\"ImageObject\",\"inLanguage\":\"hu\",\"@id\":\"\\\/\\\/www.gravatar.com\\\/avatar\\\/d8d45f8901aadff40a4af72c0b826f1d?s=96&#038;r=g&#038;d=mm\",\"url\":\"\\\/\\\/www.gravatar.com\\\/avatar\\\/d8d45f8901aadff40a4af72c0b826f1d?s=96&#038;r=g&#038;d=mm\",\"contentUrl\":\"\\\/\\\/www.gravatar.com\\\/avatar\\\/d8d45f8901aadff40a4af72c0b826f1d?s=96&#038;r=g&#038;d=mm\",\"caption\":\"dorogimedence.hu\"}}]}<\/script>\n<!-- \/ Yoast SEO plugin. -->","yoast_head_json":{"title":"Meghosszabbodik a decemberi helyk\u00f6zi- \u00e9s helyi b\u00e9rletek \u00e9rv\u00e9nyess\u00e9gi ideje","robots":{"index":"index","follow":"follow","max-snippet":"max-snippet:-1","max-image-preview":"max-image-preview:large","max-video-preview":"max-video-preview:-1"},"canonical":"https:\/\/dorogimedence.hu\/index.php\/2023\/01\/02\/meghosszabbodik-a-decemberi-helykozi-es-helyi-berletek-ervenyessegi-ideje\/","og_locale":"hu_HU","og_type":"article","og_title":"Meghosszabbodik a decemberi helyk\u00f6zi- \u00e9s helyi b\u00e9rletek \u00e9rv\u00e9nyess\u00e9gi ideje","og_description":"A decemberi havi \u00e9s II. f\u00e9lhavi helyk\u00f6zi b\u00e9rletek janu\u00e1r 9-ig \u00e9rv\u00e9nyesek a M\u00c1V-Vol\u00e1n-csoport helyk\u00f6zi vonat \u00e9s busz j\u00e1ratain. Tov\u00e1bb\u00e1 azokon a telep\u00fcl\u00e9seken, ahol a Vol\u00e1nbusz helyi k\u00f6zszolg\u00e1ltat\u00e1si szerz\u0151d\u00e9s alapj\u00e1n k\u00f6zlekedteti buszait, szint\u00e9n meghosszabb\u00edtott ideig utazhatunk a decemberi helyi b\u00e9rletekkel. Az \u00c9p\u00edt\u00e9si \u00e9s K\u00f6zleked\u00e9si Miniszt\u00e9rium d\u00f6nt\u00e9se alapj\u00e1n a 2022. december h\u00f3napra v\u00e1ltott havi \u00e9s II. f\u00e9lhavi","og_url":"https:\/\/dorogimedence.hu\/index.php\/2023\/01\/02\/meghosszabbodik-a-decemberi-helykozi-es-helyi-berletek-ervenyessegi-ideje\/","og_site_name":"Dorogi-medence Region\u00e1lis H\u00edrport\u00e1l","article_publisher":"https:\/\/www.facebook.com\/dorogimedence\/","article_published_time":"2023-01-02T07:07:47+00:00","article_modified_time":"2023-01-02T07:08:27+00:00","og_image":[{"width":1260,"height":840,"url":"https:\/\/dorogimedence.hu\/wp-content\/uploads\/2022\/08\/kep_kozlemeny.png","type":"image\/png"}],"author":"dorogimedence.hu","twitter_card":"summary_large_image","twitter_misc":{"Szerz\u0151:":"dorogimedence.hu","Becs\u00fclt olvas\u00e1si id\u0151":"1 perc"},"schema":{"@context":"https:\/\/schema.org","@graph":[{"@type":"Article","@id":"https:\/\/dorogimedence.hu\/index.php\/2023\/01\/02\/meghosszabbodik-a-decemberi-helykozi-es-helyi-berletek-ervenyessegi-ideje\/#article","isPartOf":{"@id":"https:\/\/dorogimedence.hu\/index.php\/2023\/01\/02\/meghosszabbodik-a-decemberi-helykozi-es-helyi-berletek-ervenyessegi-ideje\/"},"author":{"name":"dorogimedence.hu","@id":"https:\/\/dorogimedence.hu\/#\/schema\/person\/ce6091eeb7e95ecdc87890d6aa8e0fd4"},"headline":"Meghosszabbodik a decemberi helyk\u00f6zi- \u00e9s helyi b\u00e9rletek \u00e9rv\u00e9nyess\u00e9gi ideje","datePublished":"2023-01-02T07:07:47+00:00","dateModified":"2023-01-02T07:08:27+00:00","mainEntityOfPage":{"@id":"https:\/\/dorogimedence.hu\/index.php\/2023\/01\/02\/meghosszabbodik-a-decemberi-helykozi-es-helyi-berletek-ervenyessegi-ideje\/"},"wordCount":305,"publisher":{"@id":"https:\/\/dorogimedence.hu\/#organization"},"image":{"@id":"https:\/\/dorogimedence.hu\/index.php\/2023\/01\/02\/meghosszabbodik-a-decemberi-helykozi-es-helyi-berletek-ervenyessegi-ideje\/#primaryimage"},"thumbnailUrl":"https:\/\/dorogimedence.hu\/wp-content\/uploads\/2022\/08\/kep_kozlemeny.png","keywords":["aut\u00f3busz","b\u00e9rlet","busz","m\u00e1v","vas\u00fat","vol\u00e1nbusz","vonat"],"articleSection":["H\u00edrek"],"inLanguage":"hu"},{"@type":"WebPage","@id":"https:\/\/dorogimedence.hu\/index.php\/2023\/01\/02\/meghosszabbodik-a-decemberi-helykozi-es-helyi-berletek-ervenyessegi-ideje\/","url":"https:\/\/dorogimedence.hu\/index.php\/2023\/01\/02\/meghosszabbodik-a-decemberi-helykozi-es-helyi-berletek-ervenyessegi-ideje\/","name":"Meghosszabbodik a decemberi helyk\u00f6zi- \u00e9s helyi b\u00e9rletek \u00e9rv\u00e9nyess\u00e9gi ideje","isPartOf":{"@id":"https:\/\/dorogimedence.hu\/#website"},"primaryImageOfPage":{"@id":"https:\/\/dorogimedence.hu\/index.php\/2023\/01\/02\/meghosszabbodik-a-decemberi-helykozi-es-helyi-berletek-ervenyessegi-ideje\/#primaryimage"},"image":{"@id":"https:\/\/dorogimedence.hu\/index.php\/2023\/01\/02\/meghosszabbodik-a-decemberi-helykozi-es-helyi-berletek-ervenyessegi-ideje\/#primaryimage"},"thumbnailUrl":"https:\/\/dorogimedence.hu\/wp-content\/uploads\/2022\/08\/kep_kozlemeny.png","datePublished":"2023-01-02T07:07:47+00:00","dateModified":"2023-01-02T07:08:27+00:00","breadcrumb":{"@id":"https:\/\/dorogimedence.hu\/index.php\/2023\/01\/02\/meghosszabbodik-a-decemberi-helykozi-es-helyi-berletek-ervenyessegi-ideje\/#breadcrumb"},"inLanguage":"hu","potentialAction":[{"@type":"ReadAction","target":["https:\/\/dorogimedence.hu\/index.php\/2023\/01\/02\/meghosszabbodik-a-decemberi-helykozi-es-helyi-berletek-ervenyessegi-ideje\/"]}]},{"@type":"ImageObject","inLanguage":"hu","@id":"https:\/\/dorogimedence.hu\/index.php\/2023\/01\/02\/meghosszabbodik-a-decemberi-helykozi-es-helyi-berletek-ervenyessegi-ideje\/#primaryimage","url":"https:\/\/dorogimedence.hu\/wp-content\/uploads\/2022\/08\/kep_kozlemeny.png","contentUrl":"https:\/\/dorogimedence.hu\/wp-content\/uploads\/2022\/08\/kep_kozlemeny.png","width":1260,"height":840},{"@type":"BreadcrumbList","@id":"https:\/\/dorogimedence.hu\/index.php\/2023\/01\/02\/meghosszabbodik-a-decemberi-helykozi-es-helyi-berletek-ervenyessegi-ideje\/#breadcrumb","itemListElement":[{"@type":"ListItem","position":1,"name":"Kezd\u0151lap","item":"https:\/\/dorogimedence.hu\/"},{"@type":"ListItem","position":2,"name":"Meghosszabbodik a decemberi helyk\u00f6zi- \u00e9s helyi b\u00e9rletek \u00e9rv\u00e9nyess\u00e9gi ideje"}]},{"@type":"WebSite","@id":"https:\/\/dorogimedence.hu\/#website","url":"https:\/\/dorogimedence.hu\/","name":"Dorogi-medence Region\u00e1lis H\u00edrport\u00e1l","description":"Dorog, Keszt\u00f6lc, Le\u00e1nyv\u00e1r, Piliscs\u00e9v, Tokod, Tokodalt\u00e1r\u00f3, Csolnok, Esztergom-kertv\u00e1ros: h\u00edrek, programok","publisher":{"@id":"https:\/\/dorogimedence.hu\/#organization"},"potentialAction":[{"@type":"SearchAction","target":{"@type":"EntryPoint","urlTemplate":"https:\/\/dorogimedence.hu\/?s={search_term_string}"},"query-input":{"@type":"PropertyValueSpecification","valueRequired":true,"valueName":"search_term_string"}}],"inLanguage":"hu"},{"@type":"Organization","@id":"https:\/\/dorogimedence.hu\/#organization","name":"Dorogi-medence Region\u00e1lis H\u00edrport\u00e1l","url":"https:\/\/dorogimedence.hu\/","logo":{"@type":"ImageObject","inLanguage":"hu","@id":"https:\/\/dorogimedence.hu\/#\/schema\/logo\/image\/","url":"https:\/\/dorogimedence.hu\/wp-content\/uploads\/2021\/04\/logo-feher-600.png","contentUrl":"https:\/\/dorogimedence.hu\/wp-content\/uploads\/2021\/04\/logo-feher-600.png","width":600,"height":100,"caption":"Dorogi-medence Region\u00e1lis H\u00edrport\u00e1l"},"image":{"@id":"https:\/\/dorogimedence.hu\/#\/schema\/logo\/image\/"},"sameAs":["https:\/\/www.facebook.com\/dorogimedence\/"]},{"@type":"Person","@id":"https:\/\/dorogimedence.hu\/#\/schema\/person\/ce6091eeb7e95ecdc87890d6aa8e0fd4","name":"dorogimedence.hu","image":{"@type":"ImageObject","inLanguage":"hu","@id":"\/\/www.gravatar.com\/avatar\/d8d45f8901aadff40a4af72c0b826f1d?s=96&#038;r=g&#038;d=mm","url":"\/\/www.gravatar.com\/avatar\/d8d45f8901aadff40a4af72c0b826f1d?s=96&#038;r=g&#038;d=mm","contentUrl":"\/\/www.gravatar.com\/avatar\/d8d45f8901aadff40a4af72c0b826f1d?s=96&#038;r=g&#038;d=mm","caption":"dorogimedence.hu"}}]}},"_links":{"self":[{"href":"https:\/\/dorogimedence.hu\/index.php\/wp-json\/wp\/v2\/posts\/49096","targetHints":{"allow":["GET"]}}],"collection":[{"href":"https:\/\/dorogimedence.hu\/index.php\/wp-json\/wp\/v2\/posts"}],"about":[{"href":"https:\/\/dorogimedence.hu\/index.php\/wp-json\/wp\/v2\/types\/post"}],"author":[{"embeddable":true,"href":"https:\/\/dorogimedence.hu\/index.php\/wp-json\/wp\/v2\/users\/1"}],"replies":[{"embeddable":true,"href":"https:\/\/dorogimedence.hu\/index.php\/wp-json\/wp\/v2\/comments?post=49096"}],"version-history":[{"count":0,"href":"https:\/\/dorogimedence.hu\/index.php\/wp-json\/wp\/v2\/posts\/49096\/revisions"}],"wp:featuredmedia":[{"embeddable":true,"href":"https:\/\/dorogimedence.hu\/index.php\/wp-json\/wp\/v2\/media\/45979"}],"wp:attachment":[{"href":"https:\/\/dorogimedence.hu\/index.php\/wp-json\/wp\/v2\/media?parent=49096"}],"wp:term":[{"taxonomy":"category","embeddable":true,"href":"https:\/\/dorogimedence.hu\/index.php\/wp-json\/wp\/v2\/categories?post=49096"},{"taxonomy":"post_tag","embeddable":true,"href":"https:\/\/dorogimedence.hu\/index.php\/wp-json\/wp\/v2\/tags?post=49096"}],"curies":[{"name":"wp","href":"https:\/\/api.w.org\/{rel}","templated":true}]}}