{"id":49066,"date":"2022-12-28T10:25:18","date_gmt":"2022-12-28T09:25:18","guid":{"rendered":"https:\/\/dorogimedence.hu\/?p=49066"},"modified":"2022-12-28T10:26:59","modified_gmt":"2022-12-28T09:26:59","slug":"516-tonna-elelmiszert-vontak-ki-a-forgalombol","status":"publish","type":"post","link":"https:\/\/dorogimedence.hu\/index.php\/2022\/12\/28\/516-tonna-elelmiszert-vontak-ki-a-forgalombol\/","title":{"rendered":"51,6 tonna \u00e9lelmiszert vontak ki a forgalomb\u00f3l"},"content":{"rendered":"<p><strong>T\u00f6bb mint 1800 ellen\u0151rz\u00e9s, 12,2 milli\u00f3 Ft b\u00edrs\u00e1g \u00e9s 51,6 tonna forgalomb\u00f3l kivont \u00e9lelmiszer a f\u0151 m\u00e9rlege az idei t\u00e9li \u00e9lelmiszerl\u00e1nc-ellen\u0151rz\u00e9snek. Az akci\u00f3 kapcs\u00e1n Nobilis M\u00e1rton \u00e9lelmiszeripar\u00e9rt \u00e9s kereskedelempolitik\u00e1\u00e9rt felel\u0151s \u00e1llamtitk\u00e1r kiemelte, biztons\u00e1gos, j\u00f3 min\u0151s\u00e9g\u0171 term\u00e9kekb\u0151l k\u00e9sz\u00edthett\u00e9k \u00fcnnepi fog\u00e1saikat a magyar csal\u00e1dok \u00e9s ez a szilveszterkor hagyom\u00e1nyos term\u00e9kek eset\u00e9ben sem lesz m\u00e1sk\u00e9pp. <\/strong><\/p>\n<p>December 5-18. k\u00f6z\u00f6tt rendelte el a t\u00e9li szezon\u00e1lis \u00e9lelmiszerl\u00e1nc-ellen\u0151rz\u00e9st Nobilis M\u00e1rton, az Agr\u00e1rminiszt\u00e9rium \u00e9lelmiszeripar\u00e9rt \u00e9s kereskedelempolitik\u00e1\u00e9rt felel\u0151s \u00e1llamtitk\u00e1ra. A Nemzeti \u00c9lelmiszerl\u00e1nc-biztons\u00e1gi Hivatal (N\u00e9bih), valamint a ter\u00fcleti \u00e9lelmiszerl\u00e1nc-fel\u00fcgyeleti szervek szakemberei \u00e1ltal lefolytatott ellen\u0151rz\u00e9ssorozat f\u00f3kusz\u00e1ban a higi\u00e9niai szab\u00e1lyok betart\u00e1sa \u00e9s az \u00e9lelmiszerek eredet\u00e9nek nyomonk\u00f6vethet\u0151s\u00e9ge \u00e1llt. A N\u00e9bih laborat\u00f3riumaiban kiemelten vizsg\u00e1lt\u00e1k a szezon\u00e1lisan n\u00e9pszer\u0171 term\u00e9ket is: f\u0171szerek, nyers\/f\u00e9lk\u00e9sz t\u00e9szt\u00e1k, bio d\u00e9ligy\u00fcm\u00f6lcs\u00f6k, alkoholos italok \u00e9s virslik ker\u00fcltek \u201emikroszk\u00f3p al\u00e1\u201d.<\/p>\n<p>Az akci\u00f3 idej\u00e9n orsz\u00e1gosan \u00f6sszesen 1824 ellen\u0151rz\u00e9sre ker\u00fclt sor. A felt\u00e1rt szab\u00e1lytalans\u00e1gok miatt az ellen\u0151r\u00f6k 15 alkalommal figyelmeztet\u00e9st, 160 esetben pedig \u2013 \u00f6sszesen 12,2 milli\u00f3 Ft \u00e9rt\u00e9kben \u2013 b\u00edrs\u00e1got szabtak ki. 14 \u00e9lelmiszerel\u0151\u00e1ll\u00edt\u00f3 \u00e9s -forgalmaz\u00f3 l\u00e9tes\u00edtm\u00e9ny tev\u00e9kenys\u00e9g\u00e9t kellett korl\u00e1tozni. Leggyakrabban higi\u00e9niai hi\u00e1nyoss\u00e1gokat tapasztaltak az ellen\u0151r\u00f6k (el\u0151fordul\u00e1si ar\u00e1nya 6,4%, 116 eset), melyek f\u0151leg vend\u00e9gl\u00e1t\u00f3egys\u00e9gekben fordultak el\u0151 (62 esetben) \u2013 ismertette az \u00e1llamtitk\u00e1r.<\/p>\n<p>Az ellen\u0151r\u00f6k \u00f6sszesen 6 531 hazai \u00e9s k\u00fclf\u00f6ldi \u00e9lelmiszer t\u00e9telt is ellen\u0151riztek. A vizsg\u00e1lt term\u00e9kek 4,8%-\u00e1t, 310 t\u00e9telt kellett kivonni a forgalomb\u00f3l, orsz\u00e1gosan 51,6 tonna mennyis\u00e9gben, els\u0151sorban a nyomon k\u00f6vet\u00e9s hi\u00e1nya miatt (el\u0151fordul\u00e1si ar\u00e1ny 3,0%, 197 t\u00e9tel). Nobilis M\u00e1rton kiemelte: a tavalyin\u00e1l ar\u00e1nyaiban t\u00f6bbsz\u00f6r kellett lej\u00e1rt term\u00e9kek miatt int\u00e9zkedni\u00fck a szakembereknek, ugyanakkor kevesebb volt a jel\u00f6l\u00e9si hib\u00e1s t\u00e9tel.<\/p>\n<p>Az \u00faj\u00e9vhez k\u00f6t\u0151d\u0151 term\u00e9kek k\u00f6z\u00fcl a N\u00e9bih kiemelten vizsg\u00e1lta az alkoholos italokat, valamint a virsliket. El\u0151bbi term\u00e9kk\u00f6rb\u0151l 18 pezsg\u0151, gy\u00f6ngy\u00f6z\u0151bor, forralt bor alapanyag, keser\u0171lik\u0151r \u00e9s p\u00e1linka laborat\u00f3riumi vizsg\u00e1lata \u00e9s \u00e9rz\u00e9kszervi b\u00edr\u00e1lata t\u00f6rt\u00e9nt meg \u00e9s mindegyik term\u00e9k megfelel\u0151nek bizonyult. A szezon\u00e1lisan m\u0171k\u00f6d\u0151 vend\u00e9gl\u00e1t\u00f3helyeken, kar\u00e1csonyi v\u00e1s\u00e1rokban elv\u00e9gzett 62, a vizez\u00e9sek kimutat\u00e1s\u00e1ra szolg\u00e1l\u00f3 gyorsteszt alapj\u00e1n sem tapasztaltak probl\u00e9m\u00e1t a szakemberek.<\/p>\n<p>A virsli term\u00e9keket laborat\u00f3riumban, tov\u00e1bb\u00e1 azok forgalmaz\u00e1si k\u00f6r\u00fclm\u00e9nyeit logisztikai rakt\u00e1rakban, \u00fczletekben \u00e9s web\u00e1ruh\u00e1zakban is ellen\u0151rizte a N\u00e9bih. Ezen vizsg\u00e1latok \u00f6sszefoglal\u00e1sak\u00e9nt Nobilis M\u00e1rton kiemelte, a rakt\u00e1rakban, h\u0171t\u0151kamr\u00e1kban ugyan el\u0151fordult olykor zs\u00fafolts\u00e1g, rendezetlens\u00e9g, de jelent\u0151s probl\u00e9m\u00e1t nem tapasztaltak az ellen\u0151r\u00f6k. K\u00e9t web\u00e1ruh\u00e1z \u00fczemeltet\u0151j\u00e9vel szemben azonban elj\u00e1r\u00e1st kellett ind\u00edtani, mert f\u00e9lrevezet\u0151 m\u00f3don a virslik k\u00f6z\u00f6tt szerepeltett\u00e9k azokat a term\u00e9keket is, amelyek nem felelnek meg a Magyar \u00c9lelmiszerk\u00f6nyv e term\u00e9kk\u00f6re vonatkoz\u00f3 felt\u00e9teleinek. Ezen fel\u00fcleteken a jogszer\u0171 \u00e9s korrekt t\u00e1j\u00e9koztat\u00e1s az\u00e9rt is kiemelten fontos, mert online v\u00e1s\u00e1rl\u00e1skor kiz\u00e1r\u00f3lag a honlapon szerepl\u0151 adatok alapj\u00e1n tud d\u00f6nt\u00e9st hozni a fogyaszt\u00f3 \u2013 hangs\u00falyozta az \u00e1llamtitk\u00e1r.<\/p>\n<p>Az \u00fcnnepeket megel\u0151z\u0151 t\u00e9li \u00e9lelmiszerl\u00e1nc-ellen\u0151rz\u00e9s biztos\u00edtotta, hogy a magyar csal\u00e1dok asztal\u00e1ra id\u00e9n is biztons\u00e1gos, j\u00f3 min\u0151s\u00e9g\u0171 term\u00e9kekb\u0151l k\u00e9sz\u00fclt \u00fcnnepi fog\u00e1sok ker\u00fclhettek \u00e9s ez a szilveszterkor hagyom\u00e1nyos term\u00e9kek eset\u00e9ben sem lesz m\u00e1sk\u00e9pp.<\/p>\n<p>A t\u00e9li \u00e9lelmiszerl\u00e1nc-ellen\u0151rz\u00e9sek r\u00e9szletes \u00f6sszefoglal\u00f3ja <a href=\"https:\/\/portal.nebih.gov.hu\/documents\/10182\/21442\/Teli+elelmiszerlanc-ellenorzes_2022_osszefoglalo.pdf\" target=\"_blank\" rel=\"noopener\"><span style=\"text-decoration: underline; color: #0000ff;\">ide kattintva<\/span><\/a> t\u00f6lthet\u0151 le!<\/p>\n<p><em>Forr\u00e1s: Agr\u00e1rminiszt\u00e9rium Sajt\u00f3iroda<\/em><\/p>\n","protected":false},"excerpt":{"rendered":"<p>T\u00f6bb mint 1800 ellen\u0151rz\u00e9s, 12,2 milli\u00f3 Ft b\u00edrs\u00e1g \u00e9s 51,6 tonna forgalomb\u00f3l kivont \u00e9lelmiszer a f\u0151 m\u00e9rlege az idei t\u00e9li \u00e9lelmiszerl\u00e1nc-ellen\u0151rz\u00e9snek. Az akci\u00f3 kapcs\u00e1n Nobilis M\u00e1rton \u00e9lelmiszeripar\u00e9rt \u00e9s kereskedelempolitik\u00e1\u00e9rt felel\u0151s \u00e1llamtitk\u00e1r kiemelte, biztons\u00e1gos, j\u00f3 min\u0151s\u00e9g\u0171 term\u00e9kekb\u0151l k\u00e9sz\u00edthett\u00e9k \u00fcnnepi fog\u00e1saikat a magyar csal\u00e1dok \u00e9s ez a szilveszterkor hagyom\u00e1nyos term\u00e9kek eset\u00e9ben sem lesz m\u00e1sk\u00e9pp. December 5-18. k\u00f6z\u00f6tt<\/p>\n","protected":false},"author":1,"featured_media":49067,"comment_status":"closed","ping_status":"closed","sticky":false,"template":"","format":"standard","meta":{"ngg_post_thumbnail":0,"footnotes":""},"categories":[3],"tags":[2353,515,757],"class_list":{"0":"post-49066","1":"post","2":"type-post","3":"status-publish","4":"format-standard","5":"has-post-thumbnail","7":"category-hirek","8":"tag-elelmiszer","9":"tag-ellenorzes","10":"tag-nebih"},"yoast_head":"<!-- This site is optimized with the Yoast SEO plugin v27.5 - https:\/\/yoast.com\/product\/yoast-seo-wordpress\/ -->\n<title>51,6 tonna \u00e9lelmiszert vontak ki a forgalomb\u00f3l<\/title>\n<meta name=\"robots\" content=\"index, follow, max-snippet:-1, max-image-preview:large, max-video-preview:-1\" \/>\n<link rel=\"canonical\" href=\"https:\/\/dorogimedence.hu\/index.php\/2022\/12\/28\/516-tonna-elelmiszert-vontak-ki-a-forgalombol\/\" class=\"yoast-seo-meta-tag\" \/>\n<meta property=\"og:locale\" content=\"hu_HU\" class=\"yoast-seo-meta-tag\" \/>\n<meta property=\"og:type\" content=\"article\" class=\"yoast-seo-meta-tag\" \/>\n<meta property=\"og:title\" content=\"51,6 tonna \u00e9lelmiszert vontak ki a forgalomb\u00f3l\" class=\"yoast-seo-meta-tag\" \/>\n<meta property=\"og:description\" content=\"T\u00f6bb mint 1800 ellen\u0151rz\u00e9s, 12,2 milli\u00f3 Ft b\u00edrs\u00e1g \u00e9s 51,6 tonna forgalomb\u00f3l kivont \u00e9lelmiszer a f\u0151 m\u00e9rlege az idei t\u00e9li \u00e9lelmiszerl\u00e1nc-ellen\u0151rz\u00e9snek. Az akci\u00f3 kapcs\u00e1n Nobilis M\u00e1rton \u00e9lelmiszeripar\u00e9rt \u00e9s kereskedelempolitik\u00e1\u00e9rt felel\u0151s \u00e1llamtitk\u00e1r kiemelte, biztons\u00e1gos, j\u00f3 min\u0151s\u00e9g\u0171 term\u00e9kekb\u0151l k\u00e9sz\u00edthett\u00e9k \u00fcnnepi fog\u00e1saikat a magyar csal\u00e1dok \u00e9s ez a szilveszterkor hagyom\u00e1nyos term\u00e9kek eset\u00e9ben sem lesz m\u00e1sk\u00e9pp. December 5-18. k\u00f6z\u00f6tt\" class=\"yoast-seo-meta-tag\" \/>\n<meta property=\"og:url\" content=\"https:\/\/dorogimedence.hu\/index.php\/2022\/12\/28\/516-tonna-elelmiszert-vontak-ki-a-forgalombol\/\" class=\"yoast-seo-meta-tag\" \/>\n<meta property=\"og:site_name\" content=\"Dorogi-medence Region\u00e1lis H\u00edrport\u00e1l\" class=\"yoast-seo-meta-tag\" \/>\n<meta property=\"article:publisher\" content=\"https:\/\/www.facebook.com\/dorogimedence\/\" class=\"yoast-seo-meta-tag\" \/>\n<meta property=\"article:published_time\" content=\"2022-12-28T09:25:18+00:00\" class=\"yoast-seo-meta-tag\" \/>\n<meta property=\"article:modified_time\" content=\"2022-12-28T09:26:59+00:00\" class=\"yoast-seo-meta-tag\" \/>\n<meta property=\"og:image\" content=\"https:\/\/dorogimedence.hu\/wp-content\/uploads\/2022\/12\/supermarket-g81cd8b8ee_1920.jpg\" class=\"yoast-seo-meta-tag\" \/>\n\t<meta property=\"og:image:width\" content=\"1920\" class=\"yoast-seo-meta-tag\" \/>\n\t<meta property=\"og:image:height\" content=\"1272\" class=\"yoast-seo-meta-tag\" \/>\n\t<meta property=\"og:image:type\" content=\"image\/jpeg\" class=\"yoast-seo-meta-tag\" \/>\n<meta name=\"author\" content=\"dorogimedence.hu\" class=\"yoast-seo-meta-tag\" \/>\n<meta name=\"twitter:card\" content=\"summary_large_image\" class=\"yoast-seo-meta-tag\" \/>\n<meta name=\"twitter:label1\" content=\"Szerz\u0151:\" class=\"yoast-seo-meta-tag\" \/>\n\t<meta name=\"twitter:data1\" content=\"dorogimedence.hu\" class=\"yoast-seo-meta-tag\" \/>\n\t<meta name=\"twitter:label2\" content=\"Becs\u00fclt olvas\u00e1si id\u0151\" class=\"yoast-seo-meta-tag\" \/>\n\t<meta name=\"twitter:data2\" content=\"4 perc\" class=\"yoast-seo-meta-tag\" \/>\n<script type=\"application\/ld+json\" class=\"yoast-schema-graph\">{\"@context\":\"https:\\\/\\\/schema.org\",\"@graph\":[{\"@type\":\"Article\",\"@id\":\"https:\\\/\\\/dorogimedence.hu\\\/index.php\\\/2022\\\/12\\\/28\\\/516-tonna-elelmiszert-vontak-ki-a-forgalombol\\\/#article\",\"isPartOf\":{\"@id\":\"https:\\\/\\\/dorogimedence.hu\\\/index.php\\\/2022\\\/12\\\/28\\\/516-tonna-elelmiszert-vontak-ki-a-forgalombol\\\/\"},\"author\":{\"name\":\"dorogimedence.hu\",\"@id\":\"https:\\\/\\\/dorogimedence.hu\\\/#\\\/schema\\\/person\\\/ce6091eeb7e95ecdc87890d6aa8e0fd4\"},\"headline\":\"51,6 tonna \u00e9lelmiszert vontak ki a forgalomb\u00f3l\",\"datePublished\":\"2022-12-28T09:25:18+00:00\",\"dateModified\":\"2022-12-28T09:26:59+00:00\",\"mainEntityOfPage\":{\"@id\":\"https:\\\/\\\/dorogimedence.hu\\\/index.php\\\/2022\\\/12\\\/28\\\/516-tonna-elelmiszert-vontak-ki-a-forgalombol\\\/\"},\"wordCount\":710,\"publisher\":{\"@id\":\"https:\\\/\\\/dorogimedence.hu\\\/#organization\"},\"image\":{\"@id\":\"https:\\\/\\\/dorogimedence.hu\\\/index.php\\\/2022\\\/12\\\/28\\\/516-tonna-elelmiszert-vontak-ki-a-forgalombol\\\/#primaryimage\"},\"thumbnailUrl\":\"https:\\\/\\\/dorogimedence.hu\\\/wp-content\\\/uploads\\\/2022\\\/12\\\/supermarket-g81cd8b8ee_1920.jpg\",\"keywords\":[\"\u00e9lelmiszer\",\"ellen\u0151rz\u00e9s\",\"n\u00e9bih\"],\"articleSection\":[\"H\u00edrek\"],\"inLanguage\":\"hu\"},{\"@type\":\"WebPage\",\"@id\":\"https:\\\/\\\/dorogimedence.hu\\\/index.php\\\/2022\\\/12\\\/28\\\/516-tonna-elelmiszert-vontak-ki-a-forgalombol\\\/\",\"url\":\"https:\\\/\\\/dorogimedence.hu\\\/index.php\\\/2022\\\/12\\\/28\\\/516-tonna-elelmiszert-vontak-ki-a-forgalombol\\\/\",\"name\":\"51,6 tonna \u00e9lelmiszert vontak ki a forgalomb\u00f3l\",\"isPartOf\":{\"@id\":\"https:\\\/\\\/dorogimedence.hu\\\/#website\"},\"primaryImageOfPage\":{\"@id\":\"https:\\\/\\\/dorogimedence.hu\\\/index.php\\\/2022\\\/12\\\/28\\\/516-tonna-elelmiszert-vontak-ki-a-forgalombol\\\/#primaryimage\"},\"image\":{\"@id\":\"https:\\\/\\\/dorogimedence.hu\\\/index.php\\\/2022\\\/12\\\/28\\\/516-tonna-elelmiszert-vontak-ki-a-forgalombol\\\/#primaryimage\"},\"thumbnailUrl\":\"https:\\\/\\\/dorogimedence.hu\\\/wp-content\\\/uploads\\\/2022\\\/12\\\/supermarket-g81cd8b8ee_1920.jpg\",\"datePublished\":\"2022-12-28T09:25:18+00:00\",\"dateModified\":\"2022-12-28T09:26:59+00:00\",\"breadcrumb\":{\"@id\":\"https:\\\/\\\/dorogimedence.hu\\\/index.php\\\/2022\\\/12\\\/28\\\/516-tonna-elelmiszert-vontak-ki-a-forgalombol\\\/#breadcrumb\"},\"inLanguage\":\"hu\",\"potentialAction\":[{\"@type\":\"ReadAction\",\"target\":[\"https:\\\/\\\/dorogimedence.hu\\\/index.php\\\/2022\\\/12\\\/28\\\/516-tonna-elelmiszert-vontak-ki-a-forgalombol\\\/\"]}]},{\"@type\":\"ImageObject\",\"inLanguage\":\"hu\",\"@id\":\"https:\\\/\\\/dorogimedence.hu\\\/index.php\\\/2022\\\/12\\\/28\\\/516-tonna-elelmiszert-vontak-ki-a-forgalombol\\\/#primaryimage\",\"url\":\"https:\\\/\\\/dorogimedence.hu\\\/wp-content\\\/uploads\\\/2022\\\/12\\\/supermarket-g81cd8b8ee_1920.jpg\",\"contentUrl\":\"https:\\\/\\\/dorogimedence.hu\\\/wp-content\\\/uploads\\\/2022\\\/12\\\/supermarket-g81cd8b8ee_1920.jpg\",\"width\":1920,\"height\":1272},{\"@type\":\"BreadcrumbList\",\"@id\":\"https:\\\/\\\/dorogimedence.hu\\\/index.php\\\/2022\\\/12\\\/28\\\/516-tonna-elelmiszert-vontak-ki-a-forgalombol\\\/#breadcrumb\",\"itemListElement\":[{\"@type\":\"ListItem\",\"position\":1,\"name\":\"Kezd\u0151lap\",\"item\":\"https:\\\/\\\/dorogimedence.hu\\\/\"},{\"@type\":\"ListItem\",\"position\":2,\"name\":\"51,6 tonna \u00e9lelmiszert vontak ki a forgalomb\u00f3l\"}]},{\"@type\":\"WebSite\",\"@id\":\"https:\\\/\\\/dorogimedence.hu\\\/#website\",\"url\":\"https:\\\/\\\/dorogimedence.hu\\\/\",\"name\":\"Dorogi-medence Region\u00e1lis H\u00edrport\u00e1l\",\"description\":\"Dorog, Keszt\u00f6lc, Le\u00e1nyv\u00e1r, Piliscs\u00e9v, Tokod, Tokodalt\u00e1r\u00f3, Csolnok, Esztergom-kertv\u00e1ros: h\u00edrek, programok\",\"publisher\":{\"@id\":\"https:\\\/\\\/dorogimedence.hu\\\/#organization\"},\"potentialAction\":[{\"@type\":\"SearchAction\",\"target\":{\"@type\":\"EntryPoint\",\"urlTemplate\":\"https:\\\/\\\/dorogimedence.hu\\\/?s={search_term_string}\"},\"query-input\":{\"@type\":\"PropertyValueSpecification\",\"valueRequired\":true,\"valueName\":\"search_term_string\"}}],\"inLanguage\":\"hu\"},{\"@type\":\"Organization\",\"@id\":\"https:\\\/\\\/dorogimedence.hu\\\/#organization\",\"name\":\"Dorogi-medence Region\u00e1lis H\u00edrport\u00e1l\",\"url\":\"https:\\\/\\\/dorogimedence.hu\\\/\",\"logo\":{\"@type\":\"ImageObject\",\"inLanguage\":\"hu\",\"@id\":\"https:\\\/\\\/dorogimedence.hu\\\/#\\\/schema\\\/logo\\\/image\\\/\",\"url\":\"https:\\\/\\\/dorogimedence.hu\\\/wp-content\\\/uploads\\\/2021\\\/04\\\/logo-feher-600.png\",\"contentUrl\":\"https:\\\/\\\/dorogimedence.hu\\\/wp-content\\\/uploads\\\/2021\\\/04\\\/logo-feher-600.png\",\"width\":600,\"height\":100,\"caption\":\"Dorogi-medence Region\u00e1lis H\u00edrport\u00e1l\"},\"image\":{\"@id\":\"https:\\\/\\\/dorogimedence.hu\\\/#\\\/schema\\\/logo\\\/image\\\/\"},\"sameAs\":[\"https:\\\/\\\/www.facebook.com\\\/dorogimedence\\\/\"]},{\"@type\":\"Person\",\"@id\":\"https:\\\/\\\/dorogimedence.hu\\\/#\\\/schema\\\/person\\\/ce6091eeb7e95ecdc87890d6aa8e0fd4\",\"name\":\"dorogimedence.hu\",\"image\":{\"@type\":\"ImageObject\",\"inLanguage\":\"hu\",\"@id\":\"\\\/\\\/www.gravatar.com\\\/avatar\\\/d8d45f8901aadff40a4af72c0b826f1d?s=96&#038;r=g&#038;d=mm\",\"url\":\"\\\/\\\/www.gravatar.com\\\/avatar\\\/d8d45f8901aadff40a4af72c0b826f1d?s=96&#038;r=g&#038;d=mm\",\"contentUrl\":\"\\\/\\\/www.gravatar.com\\\/avatar\\\/d8d45f8901aadff40a4af72c0b826f1d?s=96&#038;r=g&#038;d=mm\",\"caption\":\"dorogimedence.hu\"}}]}<\/script>\n<!-- \/ Yoast SEO plugin. -->","yoast_head_json":{"title":"51,6 tonna \u00e9lelmiszert vontak ki a forgalomb\u00f3l","robots":{"index":"index","follow":"follow","max-snippet":"max-snippet:-1","max-image-preview":"max-image-preview:large","max-video-preview":"max-video-preview:-1"},"canonical":"https:\/\/dorogimedence.hu\/index.php\/2022\/12\/28\/516-tonna-elelmiszert-vontak-ki-a-forgalombol\/","og_locale":"hu_HU","og_type":"article","og_title":"51,6 tonna \u00e9lelmiszert vontak ki a forgalomb\u00f3l","og_description":"T\u00f6bb mint 1800 ellen\u0151rz\u00e9s, 12,2 milli\u00f3 Ft b\u00edrs\u00e1g \u00e9s 51,6 tonna forgalomb\u00f3l kivont \u00e9lelmiszer a f\u0151 m\u00e9rlege az idei t\u00e9li \u00e9lelmiszerl\u00e1nc-ellen\u0151rz\u00e9snek. Az akci\u00f3 kapcs\u00e1n Nobilis M\u00e1rton \u00e9lelmiszeripar\u00e9rt \u00e9s kereskedelempolitik\u00e1\u00e9rt felel\u0151s \u00e1llamtitk\u00e1r kiemelte, biztons\u00e1gos, j\u00f3 min\u0151s\u00e9g\u0171 term\u00e9kekb\u0151l k\u00e9sz\u00edthett\u00e9k \u00fcnnepi fog\u00e1saikat a magyar csal\u00e1dok \u00e9s ez a szilveszterkor hagyom\u00e1nyos term\u00e9kek eset\u00e9ben sem lesz m\u00e1sk\u00e9pp. December 5-18. k\u00f6z\u00f6tt","og_url":"https:\/\/dorogimedence.hu\/index.php\/2022\/12\/28\/516-tonna-elelmiszert-vontak-ki-a-forgalombol\/","og_site_name":"Dorogi-medence Region\u00e1lis H\u00edrport\u00e1l","article_publisher":"https:\/\/www.facebook.com\/dorogimedence\/","article_published_time":"2022-12-28T09:25:18+00:00","article_modified_time":"2022-12-28T09:26:59+00:00","og_image":[{"width":1920,"height":1272,"url":"https:\/\/dorogimedence.hu\/wp-content\/uploads\/2022\/12\/supermarket-g81cd8b8ee_1920.jpg","type":"image\/jpeg"}],"author":"dorogimedence.hu","twitter_card":"summary_large_image","twitter_misc":{"Szerz\u0151:":"dorogimedence.hu","Becs\u00fclt olvas\u00e1si id\u0151":"4 perc"},"schema":{"@context":"https:\/\/schema.org","@graph":[{"@type":"Article","@id":"https:\/\/dorogimedence.hu\/index.php\/2022\/12\/28\/516-tonna-elelmiszert-vontak-ki-a-forgalombol\/#article","isPartOf":{"@id":"https:\/\/dorogimedence.hu\/index.php\/2022\/12\/28\/516-tonna-elelmiszert-vontak-ki-a-forgalombol\/"},"author":{"name":"dorogimedence.hu","@id":"https:\/\/dorogimedence.hu\/#\/schema\/person\/ce6091eeb7e95ecdc87890d6aa8e0fd4"},"headline":"51,6 tonna \u00e9lelmiszert vontak ki a forgalomb\u00f3l","datePublished":"2022-12-28T09:25:18+00:00","dateModified":"2022-12-28T09:26:59+00:00","mainEntityOfPage":{"@id":"https:\/\/dorogimedence.hu\/index.php\/2022\/12\/28\/516-tonna-elelmiszert-vontak-ki-a-forgalombol\/"},"wordCount":710,"publisher":{"@id":"https:\/\/dorogimedence.hu\/#organization"},"image":{"@id":"https:\/\/dorogimedence.hu\/index.php\/2022\/12\/28\/516-tonna-elelmiszert-vontak-ki-a-forgalombol\/#primaryimage"},"thumbnailUrl":"https:\/\/dorogimedence.hu\/wp-content\/uploads\/2022\/12\/supermarket-g81cd8b8ee_1920.jpg","keywords":["\u00e9lelmiszer","ellen\u0151rz\u00e9s","n\u00e9bih"],"articleSection":["H\u00edrek"],"inLanguage":"hu"},{"@type":"WebPage","@id":"https:\/\/dorogimedence.hu\/index.php\/2022\/12\/28\/516-tonna-elelmiszert-vontak-ki-a-forgalombol\/","url":"https:\/\/dorogimedence.hu\/index.php\/2022\/12\/28\/516-tonna-elelmiszert-vontak-ki-a-forgalombol\/","name":"51,6 tonna \u00e9lelmiszert vontak ki a forgalomb\u00f3l","isPartOf":{"@id":"https:\/\/dorogimedence.hu\/#website"},"primaryImageOfPage":{"@id":"https:\/\/dorogimedence.hu\/index.php\/2022\/12\/28\/516-tonna-elelmiszert-vontak-ki-a-forgalombol\/#primaryimage"},"image":{"@id":"https:\/\/dorogimedence.hu\/index.php\/2022\/12\/28\/516-tonna-elelmiszert-vontak-ki-a-forgalombol\/#primaryimage"},"thumbnailUrl":"https:\/\/dorogimedence.hu\/wp-content\/uploads\/2022\/12\/supermarket-g81cd8b8ee_1920.jpg","datePublished":"2022-12-28T09:25:18+00:00","dateModified":"2022-12-28T09:26:59+00:00","breadcrumb":{"@id":"https:\/\/dorogimedence.hu\/index.php\/2022\/12\/28\/516-tonna-elelmiszert-vontak-ki-a-forgalombol\/#breadcrumb"},"inLanguage":"hu","potentialAction":[{"@type":"ReadAction","target":["https:\/\/dorogimedence.hu\/index.php\/2022\/12\/28\/516-tonna-elelmiszert-vontak-ki-a-forgalombol\/"]}]},{"@type":"ImageObject","inLanguage":"hu","@id":"https:\/\/dorogimedence.hu\/index.php\/2022\/12\/28\/516-tonna-elelmiszert-vontak-ki-a-forgalombol\/#primaryimage","url":"https:\/\/dorogimedence.hu\/wp-content\/uploads\/2022\/12\/supermarket-g81cd8b8ee_1920.jpg","contentUrl":"https:\/\/dorogimedence.hu\/wp-content\/uploads\/2022\/12\/supermarket-g81cd8b8ee_1920.jpg","width":1920,"height":1272},{"@type":"BreadcrumbList","@id":"https:\/\/dorogimedence.hu\/index.php\/2022\/12\/28\/516-tonna-elelmiszert-vontak-ki-a-forgalombol\/#breadcrumb","itemListElement":[{"@type":"ListItem","position":1,"name":"Kezd\u0151lap","item":"https:\/\/dorogimedence.hu\/"},{"@type":"ListItem","position":2,"name":"51,6 tonna \u00e9lelmiszert vontak ki a forgalomb\u00f3l"}]},{"@type":"WebSite","@id":"https:\/\/dorogimedence.hu\/#website","url":"https:\/\/dorogimedence.hu\/","name":"Dorogi-medence Region\u00e1lis H\u00edrport\u00e1l","description":"Dorog, Keszt\u00f6lc, Le\u00e1nyv\u00e1r, Piliscs\u00e9v, Tokod, Tokodalt\u00e1r\u00f3, Csolnok, Esztergom-kertv\u00e1ros: h\u00edrek, programok","publisher":{"@id":"https:\/\/dorogimedence.hu\/#organization"},"potentialAction":[{"@type":"SearchAction","target":{"@type":"EntryPoint","urlTemplate":"https:\/\/dorogimedence.hu\/?s={search_term_string}"},"query-input":{"@type":"PropertyValueSpecification","valueRequired":true,"valueName":"search_term_string"}}],"inLanguage":"hu"},{"@type":"Organization","@id":"https:\/\/dorogimedence.hu\/#organization","name":"Dorogi-medence Region\u00e1lis H\u00edrport\u00e1l","url":"https:\/\/dorogimedence.hu\/","logo":{"@type":"ImageObject","inLanguage":"hu","@id":"https:\/\/dorogimedence.hu\/#\/schema\/logo\/image\/","url":"https:\/\/dorogimedence.hu\/wp-content\/uploads\/2021\/04\/logo-feher-600.png","contentUrl":"https:\/\/dorogimedence.hu\/wp-content\/uploads\/2021\/04\/logo-feher-600.png","width":600,"height":100,"caption":"Dorogi-medence Region\u00e1lis H\u00edrport\u00e1l"},"image":{"@id":"https:\/\/dorogimedence.hu\/#\/schema\/logo\/image\/"},"sameAs":["https:\/\/www.facebook.com\/dorogimedence\/"]},{"@type":"Person","@id":"https:\/\/dorogimedence.hu\/#\/schema\/person\/ce6091eeb7e95ecdc87890d6aa8e0fd4","name":"dorogimedence.hu","image":{"@type":"ImageObject","inLanguage":"hu","@id":"\/\/www.gravatar.com\/avatar\/d8d45f8901aadff40a4af72c0b826f1d?s=96&#038;r=g&#038;d=mm","url":"\/\/www.gravatar.com\/avatar\/d8d45f8901aadff40a4af72c0b826f1d?s=96&#038;r=g&#038;d=mm","contentUrl":"\/\/www.gravatar.com\/avatar\/d8d45f8901aadff40a4af72c0b826f1d?s=96&#038;r=g&#038;d=mm","caption":"dorogimedence.hu"}}]}},"_links":{"self":[{"href":"https:\/\/dorogimedence.hu\/index.php\/wp-json\/wp\/v2\/posts\/49066","targetHints":{"allow":["GET"]}}],"collection":[{"href":"https:\/\/dorogimedence.hu\/index.php\/wp-json\/wp\/v2\/posts"}],"about":[{"href":"https:\/\/dorogimedence.hu\/index.php\/wp-json\/wp\/v2\/types\/post"}],"author":[{"embeddable":true,"href":"https:\/\/dorogimedence.hu\/index.php\/wp-json\/wp\/v2\/users\/1"}],"replies":[{"embeddable":true,"href":"https:\/\/dorogimedence.hu\/index.php\/wp-json\/wp\/v2\/comments?post=49066"}],"version-history":[{"count":0,"href":"https:\/\/dorogimedence.hu\/index.php\/wp-json\/wp\/v2\/posts\/49066\/revisions"}],"wp:featuredmedia":[{"embeddable":true,"href":"https:\/\/dorogimedence.hu\/index.php\/wp-json\/wp\/v2\/media\/49067"}],"wp:attachment":[{"href":"https:\/\/dorogimedence.hu\/index.php\/wp-json\/wp\/v2\/media?parent=49066"}],"wp:term":[{"taxonomy":"category","embeddable":true,"href":"https:\/\/dorogimedence.hu\/index.php\/wp-json\/wp\/v2\/categories?post=49066"},{"taxonomy":"post_tag","embeddable":true,"href":"https:\/\/dorogimedence.hu\/index.php\/wp-json\/wp\/v2\/tags?post=49066"}],"curies":[{"name":"wp","href":"https:\/\/api.w.org\/{rel}","templated":true}]}}