{"id":49034,"date":"2022-12-26T09:17:06","date_gmt":"2022-12-26T08:17:06","guid":{"rendered":"https:\/\/dorogimedence.hu\/?p=49034"},"modified":"2022-12-26T09:18:30","modified_gmt":"2022-12-26T08:18:30","slug":"pasztorjatek-bajnan","status":"publish","type":"post","link":"https:\/\/dorogimedence.hu\/index.php\/2022\/12\/26\/pasztorjatek-bajnan\/","title":{"rendered":"P\u00e1sztorj\u00e1t\u00e9k Bajn\u00e1n"},"content":{"rendered":"<p><strong>Sz\u00e9p r\u00e9gi szok\u00e1st eleven\u00edtettek fel kar\u00e1csony k\u00f6rny\u00e9k\u00e9n a bajnaiak, hiszen betlehemez\u0151 gyerekek \u00e9nekelve j\u00e1rt\u00e1k a falu utc\u00e1it, hogy meghittebb\u00e9 var\u00e1zsolj\u00e1k az \u00fcnnepeket.<\/strong><\/p>\n<p>A bajnai \u00f6nkorm\u00e1nyzat k\u00f6z\u00f6ss\u00e9gi oldal\u00e1n L\u00e9n\u00e1rn\u00e9 Szab\u00f3 Anik\u00f3 \u00e9s P\u00f3sa Andrea sz\u00e1molt be arr\u00f3l, egy sz\u00e9p r\u00e9gi n\u00e9pszok\u00e1st siker\u00fclt id\u00e9n feleleven\u00edteni\u00fck, m\u00e9ghozz\u00e1 a betlehemez\u00e9st. Nagy \u00f6r\u00f6m\u00fckre sok lelkes gyermek jelentkezett, akik sz\u00edvesen seg\u00edtettek megval\u00f3s\u00edtani a p\u00e1sztorj\u00e1t\u00e9kot. Lelkesen tanult\u00e1k a sz\u00f6vegeket, \u00e9nekeket \u00e9s kitart\u00f3an j\u00e1rt\u00e1k Bajna utc\u00e1it, hogy mindenhova eljuthassanak, ahol v\u00e1rtak \u0151ket. \u201eA gyermekekkel \u00f6r\u00f6met, szeretetet vitt\u00fcnk a minket fogad\u00f3k otthon\u00e1ba. K\u00f6sz\u00f6nj\u00fck a minket vend\u00e9g\u00fcl l\u00e1t\u00f3knak, hogy szeretettel fogadt\u00e1k a betlehemez\u0151ket! \u00c9s nagyon k\u00f6sz\u00f6nj\u00fck a gyerekeknek is, hogy \u00fajra betlehemez\u0151k j\u00e1rt\u00e1k az utc\u00e1kat telep\u00fcl\u00e9s\u00fcnk\u00f6n!\u201d \u2013 jegyezt\u00e9k meg.<\/p>\n<p><img fetchpriority=\"high\" decoding=\"async\" class=\"alignnone size-large wp-image-49036\" src=\"https:\/\/dorogimedence.hu\/wp-content\/uploads\/2022\/12\/320763868_1340266823424129_2399197679459536501_n-1024x768.jpg\" alt=\"\" width=\"755\" height=\"566\" srcset=\"https:\/\/dorogimedence.hu\/wp-content\/uploads\/2022\/12\/320763868_1340266823424129_2399197679459536501_n-1024x768.jpg 1024w, https:\/\/dorogimedence.hu\/wp-content\/uploads\/2022\/12\/320763868_1340266823424129_2399197679459536501_n-300x225.jpg 300w, https:\/\/dorogimedence.hu\/wp-content\/uploads\/2022\/12\/320763868_1340266823424129_2399197679459536501_n-768x576.jpg 768w, https:\/\/dorogimedence.hu\/wp-content\/uploads\/2022\/12\/320763868_1340266823424129_2399197679459536501_n-1536x1152.jpg 1536w, https:\/\/dorogimedence.hu\/wp-content\/uploads\/2022\/12\/320763868_1340266823424129_2399197679459536501_n-150x113.jpg 150w, https:\/\/dorogimedence.hu\/wp-content\/uploads\/2022\/12\/320763868_1340266823424129_2399197679459536501_n-450x338.jpg 450w, https:\/\/dorogimedence.hu\/wp-content\/uploads\/2022\/12\/320763868_1340266823424129_2399197679459536501_n-1200x900.jpg 1200w, https:\/\/dorogimedence.hu\/wp-content\/uploads\/2022\/12\/320763868_1340266823424129_2399197679459536501_n.jpg 2048w\" sizes=\"(max-width: 755px) 100vw, 755px\" \/><\/p>\n<p>A p\u00e1sztorj\u00e1t\u00e9kban szerepl\u0151 gyerekek: Dienes Gergely, Dienes Zsigmond, Gazdag Zsuzsanna, Goldschmidt Tamara, G\u00f3r Evelin, G\u00f3r Gr\u00e9ta, Gy\u00f6rfi Bence, Gy\u00f6rfi M\u00e1ty\u00e1s, Juh\u00e1sz Lili, Juh\u00e1sz Kriszti\u00e1n, Kov\u00e1cs \u00c1d\u00e1m, Kov\u00e1cs Anna, Kov\u00e1cs Bianka, Lehoczki Bence, L\u00e9n\u00e1r Annam\u00e1ria, L\u00e9n\u00e1r Antal, Szalczinger Liza, Szikszai Benj\u00e1min, T\u00f3th Bertalan, T\u00f3th Eszter, T\u00f3th Marcell.<\/p>\n<p><img decoding=\"async\" class=\"alignnone size-large wp-image-49037\" src=\"https:\/\/dorogimedence.hu\/wp-content\/uploads\/2022\/12\/321561340_516222467147204_245163273685580944_n-1024x768.jpg\" alt=\"\" width=\"755\" height=\"566\" srcset=\"https:\/\/dorogimedence.hu\/wp-content\/uploads\/2022\/12\/321561340_516222467147204_245163273685580944_n-1024x768.jpg 1024w, https:\/\/dorogimedence.hu\/wp-content\/uploads\/2022\/12\/321561340_516222467147204_245163273685580944_n-300x225.jpg 300w, https:\/\/dorogimedence.hu\/wp-content\/uploads\/2022\/12\/321561340_516222467147204_245163273685580944_n-768x576.jpg 768w, https:\/\/dorogimedence.hu\/wp-content\/uploads\/2022\/12\/321561340_516222467147204_245163273685580944_n-1536x1152.jpg 1536w, https:\/\/dorogimedence.hu\/wp-content\/uploads\/2022\/12\/321561340_516222467147204_245163273685580944_n-150x113.jpg 150w, https:\/\/dorogimedence.hu\/wp-content\/uploads\/2022\/12\/321561340_516222467147204_245163273685580944_n-450x338.jpg 450w, https:\/\/dorogimedence.hu\/wp-content\/uploads\/2022\/12\/321561340_516222467147204_245163273685580944_n-1200x900.jpg 1200w, https:\/\/dorogimedence.hu\/wp-content\/uploads\/2022\/12\/321561340_516222467147204_245163273685580944_n.jpg 2048w\" sizes=\"(max-width: 755px) 100vw, 755px\" \/><\/p>\n<p><em>Fot\u00f3k, forr\u00e1s: Bajna K\u00f6zs\u00e9g \u00d6nkorm\u00e1nyzat\u00e1nak inform\u00e1ci\u00f3s oldala<\/em><\/p>\n","protected":false},"excerpt":{"rendered":"<p>Sz\u00e9p r\u00e9gi szok\u00e1st eleven\u00edtettek fel kar\u00e1csony k\u00f6rny\u00e9k\u00e9n a bajnaiak, hiszen betlehemez\u0151 gyerekek \u00e9nekelve j\u00e1rt\u00e1k a falu utc\u00e1it, hogy meghittebb\u00e9 var\u00e1zsolj\u00e1k az \u00fcnnepeket. A bajnai \u00f6nkorm\u00e1nyzat k\u00f6z\u00f6ss\u00e9gi oldal\u00e1n L\u00e9n\u00e1rn\u00e9 Szab\u00f3 Anik\u00f3 \u00e9s P\u00f3sa Andrea sz\u00e1molt be arr\u00f3l, egy sz\u00e9p r\u00e9gi n\u00e9pszok\u00e1st siker\u00fclt id\u00e9n feleleven\u00edteni\u00fck, m\u00e9ghozz\u00e1 a betlehemez\u00e9st. Nagy \u00f6r\u00f6m\u00fckre sok lelkes gyermek jelentkezett, akik sz\u00edvesen seg\u00edtettek<\/p>\n","protected":false},"author":1,"featured_media":49035,"comment_status":"closed","ping_status":"closed","sticky":false,"template":"","format":"standard","meta":{"ngg_post_thumbnail":0,"footnotes":""},"categories":[3],"tags":[249,5624,1787,6887],"class_list":{"0":"post-49034","1":"post","2":"type-post","3":"status-publish","4":"format-standard","5":"has-post-thumbnail","7":"category-hirek","8":"tag-bajna","9":"tag-featured","10":"tag-karacsony","11":"tag-pasztorjatek"},"yoast_head":"<!-- This site is optimized with the Yoast SEO plugin v27.4 - https:\/\/yoast.com\/product\/yoast-seo-wordpress\/ -->\n<title>P\u00e1sztorj\u00e1t\u00e9k Bajn\u00e1n<\/title>\n<meta name=\"robots\" content=\"index, follow, max-snippet:-1, max-image-preview:large, max-video-preview:-1\" \/>\n<link rel=\"canonical\" href=\"https:\/\/dorogimedence.hu\/index.php\/2022\/12\/26\/pasztorjatek-bajnan\/\" class=\"yoast-seo-meta-tag\" \/>\n<meta property=\"og:locale\" content=\"hu_HU\" class=\"yoast-seo-meta-tag\" \/>\n<meta property=\"og:type\" content=\"article\" class=\"yoast-seo-meta-tag\" \/>\n<meta property=\"og:title\" content=\"P\u00e1sztorj\u00e1t\u00e9k Bajn\u00e1n\" class=\"yoast-seo-meta-tag\" \/>\n<meta property=\"og:description\" content=\"Sz\u00e9p r\u00e9gi szok\u00e1st eleven\u00edtettek fel kar\u00e1csony k\u00f6rny\u00e9k\u00e9n a bajnaiak, hiszen betlehemez\u0151 gyerekek \u00e9nekelve j\u00e1rt\u00e1k a falu utc\u00e1it, hogy meghittebb\u00e9 var\u00e1zsolj\u00e1k az \u00fcnnepeket. A bajnai \u00f6nkorm\u00e1nyzat k\u00f6z\u00f6ss\u00e9gi oldal\u00e1n L\u00e9n\u00e1rn\u00e9 Szab\u00f3 Anik\u00f3 \u00e9s P\u00f3sa Andrea sz\u00e1molt be arr\u00f3l, egy sz\u00e9p r\u00e9gi n\u00e9pszok\u00e1st siker\u00fclt id\u00e9n feleleven\u00edteni\u00fck, m\u00e9ghozz\u00e1 a betlehemez\u00e9st. Nagy \u00f6r\u00f6m\u00fckre sok lelkes gyermek jelentkezett, akik sz\u00edvesen seg\u00edtettek\" class=\"yoast-seo-meta-tag\" \/>\n<meta property=\"og:url\" content=\"https:\/\/dorogimedence.hu\/index.php\/2022\/12\/26\/pasztorjatek-bajnan\/\" class=\"yoast-seo-meta-tag\" \/>\n<meta property=\"og:site_name\" content=\"Dorogi-medence Region\u00e1lis H\u00edrport\u00e1l\" class=\"yoast-seo-meta-tag\" \/>\n<meta property=\"article:publisher\" content=\"https:\/\/www.facebook.com\/dorogimedence\/\" class=\"yoast-seo-meta-tag\" \/>\n<meta property=\"article:published_time\" content=\"2022-12-26T08:17:06+00:00\" class=\"yoast-seo-meta-tag\" \/>\n<meta property=\"article:modified_time\" content=\"2022-12-26T08:18:30+00:00\" class=\"yoast-seo-meta-tag\" \/>\n<meta property=\"og:image\" content=\"https:\/\/dorogimedence.hu\/wp-content\/uploads\/2022\/12\/321789037_825708965200173_8294135246942701661_n.jpg\" class=\"yoast-seo-meta-tag\" \/>\n\t<meta property=\"og:image:width\" content=\"2048\" class=\"yoast-seo-meta-tag\" \/>\n\t<meta property=\"og:image:height\" content=\"1366\" class=\"yoast-seo-meta-tag\" \/>\n\t<meta property=\"og:image:type\" content=\"image\/jpeg\" class=\"yoast-seo-meta-tag\" \/>\n<meta name=\"author\" content=\"dorogimedence.hu\" class=\"yoast-seo-meta-tag\" \/>\n<meta name=\"twitter:card\" content=\"summary_large_image\" class=\"yoast-seo-meta-tag\" \/>\n<meta name=\"twitter:label1\" content=\"Szerz\u0151:\" class=\"yoast-seo-meta-tag\" \/>\n\t<meta name=\"twitter:data1\" content=\"dorogimedence.hu\" class=\"yoast-seo-meta-tag\" \/>\n\t<meta name=\"twitter:label2\" content=\"Becs\u00fclt olvas\u00e1si id\u0151\" class=\"yoast-seo-meta-tag\" \/>\n\t<meta name=\"twitter:data2\" content=\"1 perc\" class=\"yoast-seo-meta-tag\" \/>\n<script type=\"application\/ld+json\" class=\"yoast-schema-graph\">{\"@context\":\"https:\\\/\\\/schema.org\",\"@graph\":[{\"@type\":\"Article\",\"@id\":\"https:\\\/\\\/dorogimedence.hu\\\/index.php\\\/2022\\\/12\\\/26\\\/pasztorjatek-bajnan\\\/#article\",\"isPartOf\":{\"@id\":\"https:\\\/\\\/dorogimedence.hu\\\/index.php\\\/2022\\\/12\\\/26\\\/pasztorjatek-bajnan\\\/\"},\"author\":{\"name\":\"dorogimedence.hu\",\"@id\":\"https:\\\/\\\/dorogimedence.hu\\\/#\\\/schema\\\/person\\\/ce6091eeb7e95ecdc87890d6aa8e0fd4\"},\"headline\":\"P\u00e1sztorj\u00e1t\u00e9k Bajn\u00e1n\",\"datePublished\":\"2022-12-26T08:17:06+00:00\",\"dateModified\":\"2022-12-26T08:18:30+00:00\",\"mainEntityOfPage\":{\"@id\":\"https:\\\/\\\/dorogimedence.hu\\\/index.php\\\/2022\\\/12\\\/26\\\/pasztorjatek-bajnan\\\/\"},\"wordCount\":275,\"publisher\":{\"@id\":\"https:\\\/\\\/dorogimedence.hu\\\/#organization\"},\"image\":{\"@id\":\"https:\\\/\\\/dorogimedence.hu\\\/index.php\\\/2022\\\/12\\\/26\\\/pasztorjatek-bajnan\\\/#primaryimage\"},\"thumbnailUrl\":\"https:\\\/\\\/dorogimedence.hu\\\/wp-content\\\/uploads\\\/2022\\\/12\\\/321789037_825708965200173_8294135246942701661_n.jpg\",\"keywords\":[\"Bajna\",\"featured\",\"kar\u00e1csony\",\"p\u00e1sztorj\u00e1t\u00e9k\"],\"articleSection\":[\"H\u00edrek\"],\"inLanguage\":\"hu\"},{\"@type\":\"WebPage\",\"@id\":\"https:\\\/\\\/dorogimedence.hu\\\/index.php\\\/2022\\\/12\\\/26\\\/pasztorjatek-bajnan\\\/\",\"url\":\"https:\\\/\\\/dorogimedence.hu\\\/index.php\\\/2022\\\/12\\\/26\\\/pasztorjatek-bajnan\\\/\",\"name\":\"P\u00e1sztorj\u00e1t\u00e9k Bajn\u00e1n\",\"isPartOf\":{\"@id\":\"https:\\\/\\\/dorogimedence.hu\\\/#website\"},\"primaryImageOfPage\":{\"@id\":\"https:\\\/\\\/dorogimedence.hu\\\/index.php\\\/2022\\\/12\\\/26\\\/pasztorjatek-bajnan\\\/#primaryimage\"},\"image\":{\"@id\":\"https:\\\/\\\/dorogimedence.hu\\\/index.php\\\/2022\\\/12\\\/26\\\/pasztorjatek-bajnan\\\/#primaryimage\"},\"thumbnailUrl\":\"https:\\\/\\\/dorogimedence.hu\\\/wp-content\\\/uploads\\\/2022\\\/12\\\/321789037_825708965200173_8294135246942701661_n.jpg\",\"datePublished\":\"2022-12-26T08:17:06+00:00\",\"dateModified\":\"2022-12-26T08:18:30+00:00\",\"breadcrumb\":{\"@id\":\"https:\\\/\\\/dorogimedence.hu\\\/index.php\\\/2022\\\/12\\\/26\\\/pasztorjatek-bajnan\\\/#breadcrumb\"},\"inLanguage\":\"hu\",\"potentialAction\":[{\"@type\":\"ReadAction\",\"target\":[\"https:\\\/\\\/dorogimedence.hu\\\/index.php\\\/2022\\\/12\\\/26\\\/pasztorjatek-bajnan\\\/\"]}]},{\"@type\":\"ImageObject\",\"inLanguage\":\"hu\",\"@id\":\"https:\\\/\\\/dorogimedence.hu\\\/index.php\\\/2022\\\/12\\\/26\\\/pasztorjatek-bajnan\\\/#primaryimage\",\"url\":\"https:\\\/\\\/dorogimedence.hu\\\/wp-content\\\/uploads\\\/2022\\\/12\\\/321789037_825708965200173_8294135246942701661_n.jpg\",\"contentUrl\":\"https:\\\/\\\/dorogimedence.hu\\\/wp-content\\\/uploads\\\/2022\\\/12\\\/321789037_825708965200173_8294135246942701661_n.jpg\",\"width\":2048,\"height\":1366},{\"@type\":\"BreadcrumbList\",\"@id\":\"https:\\\/\\\/dorogimedence.hu\\\/index.php\\\/2022\\\/12\\\/26\\\/pasztorjatek-bajnan\\\/#breadcrumb\",\"itemListElement\":[{\"@type\":\"ListItem\",\"position\":1,\"name\":\"Kezd\u0151lap\",\"item\":\"https:\\\/\\\/dorogimedence.hu\\\/\"},{\"@type\":\"ListItem\",\"position\":2,\"name\":\"P\u00e1sztorj\u00e1t\u00e9k Bajn\u00e1n\"}]},{\"@type\":\"WebSite\",\"@id\":\"https:\\\/\\\/dorogimedence.hu\\\/#website\",\"url\":\"https:\\\/\\\/dorogimedence.hu\\\/\",\"name\":\"Dorogi-medence Region\u00e1lis H\u00edrport\u00e1l\",\"description\":\"Dorog, Keszt\u00f6lc, Le\u00e1nyv\u00e1r, Piliscs\u00e9v, Tokod, Tokodalt\u00e1r\u00f3, Csolnok, Esztergom-kertv\u00e1ros: h\u00edrek, programok\",\"publisher\":{\"@id\":\"https:\\\/\\\/dorogimedence.hu\\\/#organization\"},\"potentialAction\":[{\"@type\":\"SearchAction\",\"target\":{\"@type\":\"EntryPoint\",\"urlTemplate\":\"https:\\\/\\\/dorogimedence.hu\\\/?s={search_term_string}\"},\"query-input\":{\"@type\":\"PropertyValueSpecification\",\"valueRequired\":true,\"valueName\":\"search_term_string\"}}],\"inLanguage\":\"hu\"},{\"@type\":\"Organization\",\"@id\":\"https:\\\/\\\/dorogimedence.hu\\\/#organization\",\"name\":\"Dorogi-medence Region\u00e1lis H\u00edrport\u00e1l\",\"url\":\"https:\\\/\\\/dorogimedence.hu\\\/\",\"logo\":{\"@type\":\"ImageObject\",\"inLanguage\":\"hu\",\"@id\":\"https:\\\/\\\/dorogimedence.hu\\\/#\\\/schema\\\/logo\\\/image\\\/\",\"url\":\"https:\\\/\\\/dorogimedence.hu\\\/wp-content\\\/uploads\\\/2021\\\/04\\\/logo-feher-600.png\",\"contentUrl\":\"https:\\\/\\\/dorogimedence.hu\\\/wp-content\\\/uploads\\\/2021\\\/04\\\/logo-feher-600.png\",\"width\":600,\"height\":100,\"caption\":\"Dorogi-medence Region\u00e1lis H\u00edrport\u00e1l\"},\"image\":{\"@id\":\"https:\\\/\\\/dorogimedence.hu\\\/#\\\/schema\\\/logo\\\/image\\\/\"},\"sameAs\":[\"https:\\\/\\\/www.facebook.com\\\/dorogimedence\\\/\"]},{\"@type\":\"Person\",\"@id\":\"https:\\\/\\\/dorogimedence.hu\\\/#\\\/schema\\\/person\\\/ce6091eeb7e95ecdc87890d6aa8e0fd4\",\"name\":\"dorogimedence.hu\",\"image\":{\"@type\":\"ImageObject\",\"inLanguage\":\"hu\",\"@id\":\"\\\/\\\/www.gravatar.com\\\/avatar\\\/d8d45f8901aadff40a4af72c0b826f1d?s=96&#038;r=g&#038;d=mm\",\"url\":\"\\\/\\\/www.gravatar.com\\\/avatar\\\/d8d45f8901aadff40a4af72c0b826f1d?s=96&#038;r=g&#038;d=mm\",\"contentUrl\":\"\\\/\\\/www.gravatar.com\\\/avatar\\\/d8d45f8901aadff40a4af72c0b826f1d?s=96&#038;r=g&#038;d=mm\",\"caption\":\"dorogimedence.hu\"}}]}<\/script>\n<!-- \/ Yoast SEO plugin. -->","yoast_head_json":{"title":"P\u00e1sztorj\u00e1t\u00e9k Bajn\u00e1n","robots":{"index":"index","follow":"follow","max-snippet":"max-snippet:-1","max-image-preview":"max-image-preview:large","max-video-preview":"max-video-preview:-1"},"canonical":"https:\/\/dorogimedence.hu\/index.php\/2022\/12\/26\/pasztorjatek-bajnan\/","og_locale":"hu_HU","og_type":"article","og_title":"P\u00e1sztorj\u00e1t\u00e9k Bajn\u00e1n","og_description":"Sz\u00e9p r\u00e9gi szok\u00e1st eleven\u00edtettek fel kar\u00e1csony k\u00f6rny\u00e9k\u00e9n a bajnaiak, hiszen betlehemez\u0151 gyerekek \u00e9nekelve j\u00e1rt\u00e1k a falu utc\u00e1it, hogy meghittebb\u00e9 var\u00e1zsolj\u00e1k az \u00fcnnepeket. A bajnai \u00f6nkorm\u00e1nyzat k\u00f6z\u00f6ss\u00e9gi oldal\u00e1n L\u00e9n\u00e1rn\u00e9 Szab\u00f3 Anik\u00f3 \u00e9s P\u00f3sa Andrea sz\u00e1molt be arr\u00f3l, egy sz\u00e9p r\u00e9gi n\u00e9pszok\u00e1st siker\u00fclt id\u00e9n feleleven\u00edteni\u00fck, m\u00e9ghozz\u00e1 a betlehemez\u00e9st. Nagy \u00f6r\u00f6m\u00fckre sok lelkes gyermek jelentkezett, akik sz\u00edvesen seg\u00edtettek","og_url":"https:\/\/dorogimedence.hu\/index.php\/2022\/12\/26\/pasztorjatek-bajnan\/","og_site_name":"Dorogi-medence Region\u00e1lis H\u00edrport\u00e1l","article_publisher":"https:\/\/www.facebook.com\/dorogimedence\/","article_published_time":"2022-12-26T08:17:06+00:00","article_modified_time":"2022-12-26T08:18:30+00:00","og_image":[{"width":2048,"height":1366,"url":"https:\/\/dorogimedence.hu\/wp-content\/uploads\/2022\/12\/321789037_825708965200173_8294135246942701661_n.jpg","type":"image\/jpeg"}],"author":"dorogimedence.hu","twitter_card":"summary_large_image","twitter_misc":{"Szerz\u0151:":"dorogimedence.hu","Becs\u00fclt olvas\u00e1si id\u0151":"1 perc"},"schema":{"@context":"https:\/\/schema.org","@graph":[{"@type":"Article","@id":"https:\/\/dorogimedence.hu\/index.php\/2022\/12\/26\/pasztorjatek-bajnan\/#article","isPartOf":{"@id":"https:\/\/dorogimedence.hu\/index.php\/2022\/12\/26\/pasztorjatek-bajnan\/"},"author":{"name":"dorogimedence.hu","@id":"https:\/\/dorogimedence.hu\/#\/schema\/person\/ce6091eeb7e95ecdc87890d6aa8e0fd4"},"headline":"P\u00e1sztorj\u00e1t\u00e9k Bajn\u00e1n","datePublished":"2022-12-26T08:17:06+00:00","dateModified":"2022-12-26T08:18:30+00:00","mainEntityOfPage":{"@id":"https:\/\/dorogimedence.hu\/index.php\/2022\/12\/26\/pasztorjatek-bajnan\/"},"wordCount":275,"publisher":{"@id":"https:\/\/dorogimedence.hu\/#organization"},"image":{"@id":"https:\/\/dorogimedence.hu\/index.php\/2022\/12\/26\/pasztorjatek-bajnan\/#primaryimage"},"thumbnailUrl":"https:\/\/dorogimedence.hu\/wp-content\/uploads\/2022\/12\/321789037_825708965200173_8294135246942701661_n.jpg","keywords":["Bajna","featured","kar\u00e1csony","p\u00e1sztorj\u00e1t\u00e9k"],"articleSection":["H\u00edrek"],"inLanguage":"hu"},{"@type":"WebPage","@id":"https:\/\/dorogimedence.hu\/index.php\/2022\/12\/26\/pasztorjatek-bajnan\/","url":"https:\/\/dorogimedence.hu\/index.php\/2022\/12\/26\/pasztorjatek-bajnan\/","name":"P\u00e1sztorj\u00e1t\u00e9k Bajn\u00e1n","isPartOf":{"@id":"https:\/\/dorogimedence.hu\/#website"},"primaryImageOfPage":{"@id":"https:\/\/dorogimedence.hu\/index.php\/2022\/12\/26\/pasztorjatek-bajnan\/#primaryimage"},"image":{"@id":"https:\/\/dorogimedence.hu\/index.php\/2022\/12\/26\/pasztorjatek-bajnan\/#primaryimage"},"thumbnailUrl":"https:\/\/dorogimedence.hu\/wp-content\/uploads\/2022\/12\/321789037_825708965200173_8294135246942701661_n.jpg","datePublished":"2022-12-26T08:17:06+00:00","dateModified":"2022-12-26T08:18:30+00:00","breadcrumb":{"@id":"https:\/\/dorogimedence.hu\/index.php\/2022\/12\/26\/pasztorjatek-bajnan\/#breadcrumb"},"inLanguage":"hu","potentialAction":[{"@type":"ReadAction","target":["https:\/\/dorogimedence.hu\/index.php\/2022\/12\/26\/pasztorjatek-bajnan\/"]}]},{"@type":"ImageObject","inLanguage":"hu","@id":"https:\/\/dorogimedence.hu\/index.php\/2022\/12\/26\/pasztorjatek-bajnan\/#primaryimage","url":"https:\/\/dorogimedence.hu\/wp-content\/uploads\/2022\/12\/321789037_825708965200173_8294135246942701661_n.jpg","contentUrl":"https:\/\/dorogimedence.hu\/wp-content\/uploads\/2022\/12\/321789037_825708965200173_8294135246942701661_n.jpg","width":2048,"height":1366},{"@type":"BreadcrumbList","@id":"https:\/\/dorogimedence.hu\/index.php\/2022\/12\/26\/pasztorjatek-bajnan\/#breadcrumb","itemListElement":[{"@type":"ListItem","position":1,"name":"Kezd\u0151lap","item":"https:\/\/dorogimedence.hu\/"},{"@type":"ListItem","position":2,"name":"P\u00e1sztorj\u00e1t\u00e9k Bajn\u00e1n"}]},{"@type":"WebSite","@id":"https:\/\/dorogimedence.hu\/#website","url":"https:\/\/dorogimedence.hu\/","name":"Dorogi-medence Region\u00e1lis H\u00edrport\u00e1l","description":"Dorog, Keszt\u00f6lc, Le\u00e1nyv\u00e1r, Piliscs\u00e9v, Tokod, Tokodalt\u00e1r\u00f3, Csolnok, Esztergom-kertv\u00e1ros: h\u00edrek, programok","publisher":{"@id":"https:\/\/dorogimedence.hu\/#organization"},"potentialAction":[{"@type":"SearchAction","target":{"@type":"EntryPoint","urlTemplate":"https:\/\/dorogimedence.hu\/?s={search_term_string}"},"query-input":{"@type":"PropertyValueSpecification","valueRequired":true,"valueName":"search_term_string"}}],"inLanguage":"hu"},{"@type":"Organization","@id":"https:\/\/dorogimedence.hu\/#organization","name":"Dorogi-medence Region\u00e1lis H\u00edrport\u00e1l","url":"https:\/\/dorogimedence.hu\/","logo":{"@type":"ImageObject","inLanguage":"hu","@id":"https:\/\/dorogimedence.hu\/#\/schema\/logo\/image\/","url":"https:\/\/dorogimedence.hu\/wp-content\/uploads\/2021\/04\/logo-feher-600.png","contentUrl":"https:\/\/dorogimedence.hu\/wp-content\/uploads\/2021\/04\/logo-feher-600.png","width":600,"height":100,"caption":"Dorogi-medence Region\u00e1lis H\u00edrport\u00e1l"},"image":{"@id":"https:\/\/dorogimedence.hu\/#\/schema\/logo\/image\/"},"sameAs":["https:\/\/www.facebook.com\/dorogimedence\/"]},{"@type":"Person","@id":"https:\/\/dorogimedence.hu\/#\/schema\/person\/ce6091eeb7e95ecdc87890d6aa8e0fd4","name":"dorogimedence.hu","image":{"@type":"ImageObject","inLanguage":"hu","@id":"\/\/www.gravatar.com\/avatar\/d8d45f8901aadff40a4af72c0b826f1d?s=96&#038;r=g&#038;d=mm","url":"\/\/www.gravatar.com\/avatar\/d8d45f8901aadff40a4af72c0b826f1d?s=96&#038;r=g&#038;d=mm","contentUrl":"\/\/www.gravatar.com\/avatar\/d8d45f8901aadff40a4af72c0b826f1d?s=96&#038;r=g&#038;d=mm","caption":"dorogimedence.hu"}}]}},"_links":{"self":[{"href":"https:\/\/dorogimedence.hu\/index.php\/wp-json\/wp\/v2\/posts\/49034","targetHints":{"allow":["GET"]}}],"collection":[{"href":"https:\/\/dorogimedence.hu\/index.php\/wp-json\/wp\/v2\/posts"}],"about":[{"href":"https:\/\/dorogimedence.hu\/index.php\/wp-json\/wp\/v2\/types\/post"}],"author":[{"embeddable":true,"href":"https:\/\/dorogimedence.hu\/index.php\/wp-json\/wp\/v2\/users\/1"}],"replies":[{"embeddable":true,"href":"https:\/\/dorogimedence.hu\/index.php\/wp-json\/wp\/v2\/comments?post=49034"}],"version-history":[{"count":0,"href":"https:\/\/dorogimedence.hu\/index.php\/wp-json\/wp\/v2\/posts\/49034\/revisions"}],"wp:featuredmedia":[{"embeddable":true,"href":"https:\/\/dorogimedence.hu\/index.php\/wp-json\/wp\/v2\/media\/49035"}],"wp:attachment":[{"href":"https:\/\/dorogimedence.hu\/index.php\/wp-json\/wp\/v2\/media?parent=49034"}],"wp:term":[{"taxonomy":"category","embeddable":true,"href":"https:\/\/dorogimedence.hu\/index.php\/wp-json\/wp\/v2\/categories?post=49034"},{"taxonomy":"post_tag","embeddable":true,"href":"https:\/\/dorogimedence.hu\/index.php\/wp-json\/wp\/v2\/tags?post=49034"}],"curies":[{"name":"wp","href":"https:\/\/api.w.org\/{rel}","templated":true}]}}