{"id":48967,"date":"2022-12-22T10:04:22","date_gmt":"2022-12-22T09:04:22","guid":{"rendered":"https:\/\/dorogimedence.hu\/?p=48967"},"modified":"2022-12-22T10:05:15","modified_gmt":"2022-12-22T09:05:15","slug":"atlagosan-20-szazalekkal-emeli-a-bereket-a-magyar-suzuki","status":"publish","type":"post","link":"https:\/\/dorogimedence.hu\/index.php\/2022\/12\/22\/atlagosan-20-szazalekkal-emeli-a-bereket-a-magyar-suzuki\/","title":{"rendered":"\u00c1tlagosan 20 sz\u00e1zal\u00e9kkal emeli a b\u00e9reket a Magyar Suzuki"},"content":{"rendered":"<p><strong>Az \u00dczemi Tan\u00e1ccsal folytatott egyeztet\u00e9st k\u00f6vet\u0151en a Magyar Suzuki Zrt. 2023-ban a v\u00e1llalat munkat\u00e1rsainak b\u00e9r\u00e9t \u00e1tlagosan 20 sz\u00e1zal\u00e9kkal emeli. A v\u00e1llalat k\u00e9t r\u00e9szletben teljes\u00edtm\u00e9ny f\u00fcggv\u00e9ny\u00e9ben 1,5 havi b\u00f3nuszt is el\u0151ir\u00e1nyzott j\u00f6v\u0151re. <\/strong><\/p>\n<p>A Magyar Suzuki nagy figyelmet ford\u00edt a versenyk\u00e9pes b\u00e9rez\u00e9sre, munkat\u00e1rsai megtart\u00e1s\u00e1ra, figyelembe v\u00e9ve a mindenkori munkaer\u0151piaci viszonyokat, ez pedig a b\u00e9rpolitik\u00e1j\u00e1ban is megmutatkozik. A vezet\u0151s\u00e9g az \u00dczemi Tan\u00e1ccsal folytatott egyeztet\u00e9st k\u00f6vet\u0151en \u00fagy d\u00f6nt\u00f6tt, hogy 2023-ban teljes\u00edtm\u00e9nyen alapul\u00f3an, \u00e1tlagosan 20% b\u00e9remel\u00e9s lesz a c\u00e9gn\u00e9l.<\/p>\n<p>Ahogy az elm\u00falt t\u00f6bb mint t\u00edz \u00e9vben, \u00fagy 2023-ra is tervezett b\u00f3nuszkifizet\u00e9st a v\u00e1llalat a teljes munkaer\u0151\u00e1llom\u00e1nyukra vonatkoz\u00f3an. Az \u00f6sszesen m\u00e1sf\u00e9l havi b\u00f3nusz els\u0151, f\u00e9lhavi r\u00e9sz\u00e9t j\u00faniusban, a m\u00e1sodik, teljes havi \u00f6sszeget \u00e9v v\u00e9g\u00e9n kaphatj\u00e1k meg teljes\u00edtm\u00e9nyhez k\u00f6t\u00f6tten a koll\u00e9g\u00e1k. A v\u00e1llalat egy\u00fattal bejelentette, hogy az erre az \u00e9vre el\u0151ir\u00e1nyzott \u00e9v v\u00e9gi egy havi b\u00f3nuszt m\u00e1r decemberben megkapt\u00e1k a munkat\u00e1rsak.<\/p>\n<p>Az esztergomi gy\u00e1rt\u00f3v\u00e1llalat 2023-ban a b\u00e9ren k\u00edv\u00fcli juttat\u00e1sokra ford\u00edtott \u00f6sszeget is tervezi emelni. Extra juttat\u00e1sk\u00e9nt tov\u00e1bbra is biztos\u00edtott a meleg illetve hideg men\u00fcs \u00e9tkez\u00e9s, a k\u00f6rnyez\u0151 telep\u00fcl\u00e9sekr\u0151l pedig buszj\u00e1rat sz\u00e1ll\u00edtja a dolgoz\u00f3kat a gy\u00e1rhoz. \u00c9vente eg\u00e9szs\u00e9g\u00fcgyi sz\u0171r\u0151vizsg\u00e1lat, megemelt \u00f6sszeg\u0171 h\u00e1zass\u00e1gk\u00f6t\u00e9si, gyermeksz\u00fclet\u00e9si, illetve temet\u00e9si t\u00e1mogat\u00e1s \u00e9rhet\u0151 el.<\/p>\n<p>A Magyar Suzuki Zrt. t\u00f6bb mint h\u00e1rom \u00e9vtizede stabil, megb\u00edzhat\u00f3 gazdas\u00e1gi szerepl\u0151 \u00e9s munk\u00e1ltat\u00f3, hiszen az egyik legr\u00e9gibb m\u00faltra visszatekint\u0151, teljesk\u00f6r\u0171 gy\u00e1rt\u00e1si tev\u00e9kenys\u00e9get megval\u00f3s\u00edt\u00f3 aut\u00f3gy\u00e1rt\u00f3 Magyarorsz\u00e1gon.<\/p>\n<p>Az esztergomi gy\u00e1r jelenleg 3.000 alkalmazottnak biztos\u00edt hossz\u00fa t\u00e1v\u00fa munkalehet\u0151s\u00e9get, k\u00f6z\u00fcl\u00fck t\u00f6bb mint ezern\u00e9gysz\u00e1zan legal\u00e1bb 15 \u00e9ve er\u0151s\u00edtik a v\u00e1llalatot. Orsz\u00e1gos kiterjed\u00e9s\u0171 besz\u00e1ll\u00edt\u00f3i h\u00e1l\u00f3zat\u00e1val egy\u00fctt a Magyar Suzuki mintegy 10.000 ember \u00e9s csal\u00e1d biztos meg\u00e9lhet\u00e9s\u00e9hez j\u00e1rul hozz\u00e1 nap mint nap. A gy\u00e1rt\u00f3v\u00e1llalat 2023-ban tov\u00e1bb b\u0151v\u00edti dolgoz\u00f3i l\u00e9tsz\u00e1m\u00e1t, mivel n\u00f6velni szeretn\u00e9 a termel\u00e9s m\u00e9rt\u00e9k\u00e9t. A v\u00e1llalat nyitott poz\u00edci\u00f3ir\u00f3l a <a href=\"https:\/\/karrier.suzuki.hu\/nyitooldal\" target=\"_blank\" rel=\"noopener\"><span style=\"text-decoration: underline; color: #0000ff;\">Karrier oldalukon<\/span><\/a> t\u00e1j\u00e9koz\u00f3dhatnak az \u00e9rdekl\u0151d\u0151k.<\/p>\n<p><em>Bor\u00edt\u00f3k\u00e9p, forr\u00e1s: Magyar Suzuki Zrt.<\/em><\/p>\n","protected":false},"excerpt":{"rendered":"<p>Az \u00dczemi Tan\u00e1ccsal folytatott egyeztet\u00e9st k\u00f6vet\u0151en a Magyar Suzuki Zrt. 2023-ban a v\u00e1llalat munkat\u00e1rsainak b\u00e9r\u00e9t \u00e1tlagosan 20 sz\u00e1zal\u00e9kkal emeli. A v\u00e1llalat k\u00e9t r\u00e9szletben teljes\u00edtm\u00e9ny f\u00fcggv\u00e9ny\u00e9ben 1,5 havi b\u00f3nuszt is el\u0151ir\u00e1nyzott j\u00f6v\u0151re. A Magyar Suzuki nagy figyelmet ford\u00edt a versenyk\u00e9pes b\u00e9rez\u00e9sre, munkat\u00e1rsai megtart\u00e1s\u00e1ra, figyelembe v\u00e9ve a mindenkori munkaer\u0151piaci viszonyokat, ez pedig a b\u00e9rpolitik\u00e1j\u00e1ban is megmutatkozik. A<\/p>\n","protected":false},"author":1,"featured_media":48968,"comment_status":"closed","ping_status":"closed","sticky":false,"template":"","format":"standard","meta":{"ngg_post_thumbnail":0,"footnotes":""},"categories":[38,3],"tags":[819,6010,42,261],"class_list":{"0":"post-48967","1":"post","2":"type-post","3":"status-publish","4":"format-standard","5":"has-post-thumbnail","7":"category-esztergom","8":"category-hirek","9":"tag-autogyar","10":"tag-beremeles","11":"tag-esztergom","12":"tag-suzuki"},"yoast_head":"<!-- This site is optimized with the Yoast SEO plugin v27.4 - https:\/\/yoast.com\/product\/yoast-seo-wordpress\/ -->\n<title>\u00c1tlagosan 20 sz\u00e1zal\u00e9kkal emeli a b\u00e9reket a Magyar Suzuki<\/title>\n<meta name=\"robots\" content=\"index, follow, max-snippet:-1, max-image-preview:large, max-video-preview:-1\" \/>\n<link rel=\"canonical\" href=\"https:\/\/dorogimedence.hu\/index.php\/2022\/12\/22\/atlagosan-20-szazalekkal-emeli-a-bereket-a-magyar-suzuki\/\" class=\"yoast-seo-meta-tag\" \/>\n<meta property=\"og:locale\" content=\"hu_HU\" class=\"yoast-seo-meta-tag\" \/>\n<meta property=\"og:type\" content=\"article\" class=\"yoast-seo-meta-tag\" \/>\n<meta property=\"og:title\" content=\"\u00c1tlagosan 20 sz\u00e1zal\u00e9kkal emeli a b\u00e9reket a Magyar Suzuki\" class=\"yoast-seo-meta-tag\" \/>\n<meta property=\"og:description\" content=\"Az \u00dczemi Tan\u00e1ccsal folytatott egyeztet\u00e9st k\u00f6vet\u0151en a Magyar Suzuki Zrt. 2023-ban a v\u00e1llalat munkat\u00e1rsainak b\u00e9r\u00e9t \u00e1tlagosan 20 sz\u00e1zal\u00e9kkal emeli. A v\u00e1llalat k\u00e9t r\u00e9szletben teljes\u00edtm\u00e9ny f\u00fcggv\u00e9ny\u00e9ben 1,5 havi b\u00f3nuszt is el\u0151ir\u00e1nyzott j\u00f6v\u0151re. A Magyar Suzuki nagy figyelmet ford\u00edt a versenyk\u00e9pes b\u00e9rez\u00e9sre, munkat\u00e1rsai megtart\u00e1s\u00e1ra, figyelembe v\u00e9ve a mindenkori munkaer\u0151piaci viszonyokat, ez pedig a b\u00e9rpolitik\u00e1j\u00e1ban is megmutatkozik. A\" class=\"yoast-seo-meta-tag\" \/>\n<meta property=\"og:url\" content=\"https:\/\/dorogimedence.hu\/index.php\/2022\/12\/22\/atlagosan-20-szazalekkal-emeli-a-bereket-a-magyar-suzuki\/\" class=\"yoast-seo-meta-tag\" \/>\n<meta property=\"og:site_name\" content=\"Dorogi-medence Region\u00e1lis H\u00edrport\u00e1l\" class=\"yoast-seo-meta-tag\" \/>\n<meta property=\"article:publisher\" content=\"https:\/\/www.facebook.com\/dorogimedence\/\" class=\"yoast-seo-meta-tag\" \/>\n<meta property=\"article:published_time\" content=\"2022-12-22T09:04:22+00:00\" class=\"yoast-seo-meta-tag\" \/>\n<meta property=\"article:modified_time\" content=\"2022-12-22T09:05:15+00:00\" class=\"yoast-seo-meta-tag\" \/>\n<meta property=\"og:image\" content=\"https:\/\/dorogimedence.hu\/wp-content\/uploads\/2022\/12\/scross.jpg\" class=\"yoast-seo-meta-tag\" \/>\n\t<meta property=\"og:image:width\" content=\"1920\" class=\"yoast-seo-meta-tag\" \/>\n\t<meta property=\"og:image:height\" content=\"1195\" class=\"yoast-seo-meta-tag\" \/>\n\t<meta property=\"og:image:type\" content=\"image\/jpeg\" class=\"yoast-seo-meta-tag\" \/>\n<meta name=\"author\" content=\"dorogimedence.hu\" class=\"yoast-seo-meta-tag\" \/>\n<meta name=\"twitter:card\" content=\"summary_large_image\" class=\"yoast-seo-meta-tag\" \/>\n<meta name=\"twitter:label1\" content=\"Szerz\u0151:\" class=\"yoast-seo-meta-tag\" \/>\n\t<meta name=\"twitter:data1\" content=\"dorogimedence.hu\" class=\"yoast-seo-meta-tag\" \/>\n\t<meta name=\"twitter:label2\" content=\"Becs\u00fclt olvas\u00e1si id\u0151\" class=\"yoast-seo-meta-tag\" \/>\n\t<meta name=\"twitter:data2\" content=\"2 perc\" class=\"yoast-seo-meta-tag\" \/>\n<script type=\"application\/ld+json\" class=\"yoast-schema-graph\">{\"@context\":\"https:\\\/\\\/schema.org\",\"@graph\":[{\"@type\":\"Article\",\"@id\":\"https:\\\/\\\/dorogimedence.hu\\\/index.php\\\/2022\\\/12\\\/22\\\/atlagosan-20-szazalekkal-emeli-a-bereket-a-magyar-suzuki\\\/#article\",\"isPartOf\":{\"@id\":\"https:\\\/\\\/dorogimedence.hu\\\/index.php\\\/2022\\\/12\\\/22\\\/atlagosan-20-szazalekkal-emeli-a-bereket-a-magyar-suzuki\\\/\"},\"author\":{\"name\":\"dorogimedence.hu\",\"@id\":\"https:\\\/\\\/dorogimedence.hu\\\/#\\\/schema\\\/person\\\/ce6091eeb7e95ecdc87890d6aa8e0fd4\"},\"headline\":\"\u00c1tlagosan 20 sz\u00e1zal\u00e9kkal emeli a b\u00e9reket a Magyar Suzuki\",\"datePublished\":\"2022-12-22T09:04:22+00:00\",\"dateModified\":\"2022-12-22T09:05:15+00:00\",\"mainEntityOfPage\":{\"@id\":\"https:\\\/\\\/dorogimedence.hu\\\/index.php\\\/2022\\\/12\\\/22\\\/atlagosan-20-szazalekkal-emeli-a-bereket-a-magyar-suzuki\\\/\"},\"wordCount\":476,\"publisher\":{\"@id\":\"https:\\\/\\\/dorogimedence.hu\\\/#organization\"},\"image\":{\"@id\":\"https:\\\/\\\/dorogimedence.hu\\\/index.php\\\/2022\\\/12\\\/22\\\/atlagosan-20-szazalekkal-emeli-a-bereket-a-magyar-suzuki\\\/#primaryimage\"},\"thumbnailUrl\":\"https:\\\/\\\/dorogimedence.hu\\\/wp-content\\\/uploads\\\/2022\\\/12\\\/scross.jpg\",\"keywords\":[\"aut\u00f3gy\u00e1r\",\"b\u00e9remel\u00e9s\",\"esztergom\",\"Suzuki\"],\"articleSection\":[\"Esztergom\",\"H\u00edrek\"],\"inLanguage\":\"hu\"},{\"@type\":\"WebPage\",\"@id\":\"https:\\\/\\\/dorogimedence.hu\\\/index.php\\\/2022\\\/12\\\/22\\\/atlagosan-20-szazalekkal-emeli-a-bereket-a-magyar-suzuki\\\/\",\"url\":\"https:\\\/\\\/dorogimedence.hu\\\/index.php\\\/2022\\\/12\\\/22\\\/atlagosan-20-szazalekkal-emeli-a-bereket-a-magyar-suzuki\\\/\",\"name\":\"\u00c1tlagosan 20 sz\u00e1zal\u00e9kkal emeli a b\u00e9reket a Magyar Suzuki\",\"isPartOf\":{\"@id\":\"https:\\\/\\\/dorogimedence.hu\\\/#website\"},\"primaryImageOfPage\":{\"@id\":\"https:\\\/\\\/dorogimedence.hu\\\/index.php\\\/2022\\\/12\\\/22\\\/atlagosan-20-szazalekkal-emeli-a-bereket-a-magyar-suzuki\\\/#primaryimage\"},\"image\":{\"@id\":\"https:\\\/\\\/dorogimedence.hu\\\/index.php\\\/2022\\\/12\\\/22\\\/atlagosan-20-szazalekkal-emeli-a-bereket-a-magyar-suzuki\\\/#primaryimage\"},\"thumbnailUrl\":\"https:\\\/\\\/dorogimedence.hu\\\/wp-content\\\/uploads\\\/2022\\\/12\\\/scross.jpg\",\"datePublished\":\"2022-12-22T09:04:22+00:00\",\"dateModified\":\"2022-12-22T09:05:15+00:00\",\"breadcrumb\":{\"@id\":\"https:\\\/\\\/dorogimedence.hu\\\/index.php\\\/2022\\\/12\\\/22\\\/atlagosan-20-szazalekkal-emeli-a-bereket-a-magyar-suzuki\\\/#breadcrumb\"},\"inLanguage\":\"hu\",\"potentialAction\":[{\"@type\":\"ReadAction\",\"target\":[\"https:\\\/\\\/dorogimedence.hu\\\/index.php\\\/2022\\\/12\\\/22\\\/atlagosan-20-szazalekkal-emeli-a-bereket-a-magyar-suzuki\\\/\"]}]},{\"@type\":\"ImageObject\",\"inLanguage\":\"hu\",\"@id\":\"https:\\\/\\\/dorogimedence.hu\\\/index.php\\\/2022\\\/12\\\/22\\\/atlagosan-20-szazalekkal-emeli-a-bereket-a-magyar-suzuki\\\/#primaryimage\",\"url\":\"https:\\\/\\\/dorogimedence.hu\\\/wp-content\\\/uploads\\\/2022\\\/12\\\/scross.jpg\",\"contentUrl\":\"https:\\\/\\\/dorogimedence.hu\\\/wp-content\\\/uploads\\\/2022\\\/12\\\/scross.jpg\",\"width\":1920,\"height\":1195},{\"@type\":\"BreadcrumbList\",\"@id\":\"https:\\\/\\\/dorogimedence.hu\\\/index.php\\\/2022\\\/12\\\/22\\\/atlagosan-20-szazalekkal-emeli-a-bereket-a-magyar-suzuki\\\/#breadcrumb\",\"itemListElement\":[{\"@type\":\"ListItem\",\"position\":1,\"name\":\"Kezd\u0151lap\",\"item\":\"https:\\\/\\\/dorogimedence.hu\\\/\"},{\"@type\":\"ListItem\",\"position\":2,\"name\":\"\u00c1tlagosan 20 sz\u00e1zal\u00e9kkal emeli a b\u00e9reket a Magyar Suzuki\"}]},{\"@type\":\"WebSite\",\"@id\":\"https:\\\/\\\/dorogimedence.hu\\\/#website\",\"url\":\"https:\\\/\\\/dorogimedence.hu\\\/\",\"name\":\"Dorogi-medence Region\u00e1lis H\u00edrport\u00e1l\",\"description\":\"Dorog, Keszt\u00f6lc, Le\u00e1nyv\u00e1r, Piliscs\u00e9v, Tokod, Tokodalt\u00e1r\u00f3, Csolnok, Esztergom-kertv\u00e1ros: h\u00edrek, programok\",\"publisher\":{\"@id\":\"https:\\\/\\\/dorogimedence.hu\\\/#organization\"},\"potentialAction\":[{\"@type\":\"SearchAction\",\"target\":{\"@type\":\"EntryPoint\",\"urlTemplate\":\"https:\\\/\\\/dorogimedence.hu\\\/?s={search_term_string}\"},\"query-input\":{\"@type\":\"PropertyValueSpecification\",\"valueRequired\":true,\"valueName\":\"search_term_string\"}}],\"inLanguage\":\"hu\"},{\"@type\":\"Organization\",\"@id\":\"https:\\\/\\\/dorogimedence.hu\\\/#organization\",\"name\":\"Dorogi-medence Region\u00e1lis H\u00edrport\u00e1l\",\"url\":\"https:\\\/\\\/dorogimedence.hu\\\/\",\"logo\":{\"@type\":\"ImageObject\",\"inLanguage\":\"hu\",\"@id\":\"https:\\\/\\\/dorogimedence.hu\\\/#\\\/schema\\\/logo\\\/image\\\/\",\"url\":\"https:\\\/\\\/dorogimedence.hu\\\/wp-content\\\/uploads\\\/2021\\\/04\\\/logo-feher-600.png\",\"contentUrl\":\"https:\\\/\\\/dorogimedence.hu\\\/wp-content\\\/uploads\\\/2021\\\/04\\\/logo-feher-600.png\",\"width\":600,\"height\":100,\"caption\":\"Dorogi-medence Region\u00e1lis H\u00edrport\u00e1l\"},\"image\":{\"@id\":\"https:\\\/\\\/dorogimedence.hu\\\/#\\\/schema\\\/logo\\\/image\\\/\"},\"sameAs\":[\"https:\\\/\\\/www.facebook.com\\\/dorogimedence\\\/\"]},{\"@type\":\"Person\",\"@id\":\"https:\\\/\\\/dorogimedence.hu\\\/#\\\/schema\\\/person\\\/ce6091eeb7e95ecdc87890d6aa8e0fd4\",\"name\":\"dorogimedence.hu\",\"image\":{\"@type\":\"ImageObject\",\"inLanguage\":\"hu\",\"@id\":\"\\\/\\\/www.gravatar.com\\\/avatar\\\/d8d45f8901aadff40a4af72c0b826f1d?s=96&#038;r=g&#038;d=mm\",\"url\":\"\\\/\\\/www.gravatar.com\\\/avatar\\\/d8d45f8901aadff40a4af72c0b826f1d?s=96&#038;r=g&#038;d=mm\",\"contentUrl\":\"\\\/\\\/www.gravatar.com\\\/avatar\\\/d8d45f8901aadff40a4af72c0b826f1d?s=96&#038;r=g&#038;d=mm\",\"caption\":\"dorogimedence.hu\"}}]}<\/script>\n<!-- \/ Yoast SEO plugin. -->","yoast_head_json":{"title":"\u00c1tlagosan 20 sz\u00e1zal\u00e9kkal emeli a b\u00e9reket a Magyar Suzuki","robots":{"index":"index","follow":"follow","max-snippet":"max-snippet:-1","max-image-preview":"max-image-preview:large","max-video-preview":"max-video-preview:-1"},"canonical":"https:\/\/dorogimedence.hu\/index.php\/2022\/12\/22\/atlagosan-20-szazalekkal-emeli-a-bereket-a-magyar-suzuki\/","og_locale":"hu_HU","og_type":"article","og_title":"\u00c1tlagosan 20 sz\u00e1zal\u00e9kkal emeli a b\u00e9reket a Magyar Suzuki","og_description":"Az \u00dczemi Tan\u00e1ccsal folytatott egyeztet\u00e9st k\u00f6vet\u0151en a Magyar Suzuki Zrt. 2023-ban a v\u00e1llalat munkat\u00e1rsainak b\u00e9r\u00e9t \u00e1tlagosan 20 sz\u00e1zal\u00e9kkal emeli. A v\u00e1llalat k\u00e9t r\u00e9szletben teljes\u00edtm\u00e9ny f\u00fcggv\u00e9ny\u00e9ben 1,5 havi b\u00f3nuszt is el\u0151ir\u00e1nyzott j\u00f6v\u0151re. A Magyar Suzuki nagy figyelmet ford\u00edt a versenyk\u00e9pes b\u00e9rez\u00e9sre, munkat\u00e1rsai megtart\u00e1s\u00e1ra, figyelembe v\u00e9ve a mindenkori munkaer\u0151piaci viszonyokat, ez pedig a b\u00e9rpolitik\u00e1j\u00e1ban is megmutatkozik. A","og_url":"https:\/\/dorogimedence.hu\/index.php\/2022\/12\/22\/atlagosan-20-szazalekkal-emeli-a-bereket-a-magyar-suzuki\/","og_site_name":"Dorogi-medence Region\u00e1lis H\u00edrport\u00e1l","article_publisher":"https:\/\/www.facebook.com\/dorogimedence\/","article_published_time":"2022-12-22T09:04:22+00:00","article_modified_time":"2022-12-22T09:05:15+00:00","og_image":[{"width":1920,"height":1195,"url":"https:\/\/dorogimedence.hu\/wp-content\/uploads\/2022\/12\/scross.jpg","type":"image\/jpeg"}],"author":"dorogimedence.hu","twitter_card":"summary_large_image","twitter_misc":{"Szerz\u0151:":"dorogimedence.hu","Becs\u00fclt olvas\u00e1si id\u0151":"2 perc"},"schema":{"@context":"https:\/\/schema.org","@graph":[{"@type":"Article","@id":"https:\/\/dorogimedence.hu\/index.php\/2022\/12\/22\/atlagosan-20-szazalekkal-emeli-a-bereket-a-magyar-suzuki\/#article","isPartOf":{"@id":"https:\/\/dorogimedence.hu\/index.php\/2022\/12\/22\/atlagosan-20-szazalekkal-emeli-a-bereket-a-magyar-suzuki\/"},"author":{"name":"dorogimedence.hu","@id":"https:\/\/dorogimedence.hu\/#\/schema\/person\/ce6091eeb7e95ecdc87890d6aa8e0fd4"},"headline":"\u00c1tlagosan 20 sz\u00e1zal\u00e9kkal emeli a b\u00e9reket a Magyar Suzuki","datePublished":"2022-12-22T09:04:22+00:00","dateModified":"2022-12-22T09:05:15+00:00","mainEntityOfPage":{"@id":"https:\/\/dorogimedence.hu\/index.php\/2022\/12\/22\/atlagosan-20-szazalekkal-emeli-a-bereket-a-magyar-suzuki\/"},"wordCount":476,"publisher":{"@id":"https:\/\/dorogimedence.hu\/#organization"},"image":{"@id":"https:\/\/dorogimedence.hu\/index.php\/2022\/12\/22\/atlagosan-20-szazalekkal-emeli-a-bereket-a-magyar-suzuki\/#primaryimage"},"thumbnailUrl":"https:\/\/dorogimedence.hu\/wp-content\/uploads\/2022\/12\/scross.jpg","keywords":["aut\u00f3gy\u00e1r","b\u00e9remel\u00e9s","esztergom","Suzuki"],"articleSection":["Esztergom","H\u00edrek"],"inLanguage":"hu"},{"@type":"WebPage","@id":"https:\/\/dorogimedence.hu\/index.php\/2022\/12\/22\/atlagosan-20-szazalekkal-emeli-a-bereket-a-magyar-suzuki\/","url":"https:\/\/dorogimedence.hu\/index.php\/2022\/12\/22\/atlagosan-20-szazalekkal-emeli-a-bereket-a-magyar-suzuki\/","name":"\u00c1tlagosan 20 sz\u00e1zal\u00e9kkal emeli a b\u00e9reket a Magyar Suzuki","isPartOf":{"@id":"https:\/\/dorogimedence.hu\/#website"},"primaryImageOfPage":{"@id":"https:\/\/dorogimedence.hu\/index.php\/2022\/12\/22\/atlagosan-20-szazalekkal-emeli-a-bereket-a-magyar-suzuki\/#primaryimage"},"image":{"@id":"https:\/\/dorogimedence.hu\/index.php\/2022\/12\/22\/atlagosan-20-szazalekkal-emeli-a-bereket-a-magyar-suzuki\/#primaryimage"},"thumbnailUrl":"https:\/\/dorogimedence.hu\/wp-content\/uploads\/2022\/12\/scross.jpg","datePublished":"2022-12-22T09:04:22+00:00","dateModified":"2022-12-22T09:05:15+00:00","breadcrumb":{"@id":"https:\/\/dorogimedence.hu\/index.php\/2022\/12\/22\/atlagosan-20-szazalekkal-emeli-a-bereket-a-magyar-suzuki\/#breadcrumb"},"inLanguage":"hu","potentialAction":[{"@type":"ReadAction","target":["https:\/\/dorogimedence.hu\/index.php\/2022\/12\/22\/atlagosan-20-szazalekkal-emeli-a-bereket-a-magyar-suzuki\/"]}]},{"@type":"ImageObject","inLanguage":"hu","@id":"https:\/\/dorogimedence.hu\/index.php\/2022\/12\/22\/atlagosan-20-szazalekkal-emeli-a-bereket-a-magyar-suzuki\/#primaryimage","url":"https:\/\/dorogimedence.hu\/wp-content\/uploads\/2022\/12\/scross.jpg","contentUrl":"https:\/\/dorogimedence.hu\/wp-content\/uploads\/2022\/12\/scross.jpg","width":1920,"height":1195},{"@type":"BreadcrumbList","@id":"https:\/\/dorogimedence.hu\/index.php\/2022\/12\/22\/atlagosan-20-szazalekkal-emeli-a-bereket-a-magyar-suzuki\/#breadcrumb","itemListElement":[{"@type":"ListItem","position":1,"name":"Kezd\u0151lap","item":"https:\/\/dorogimedence.hu\/"},{"@type":"ListItem","position":2,"name":"\u00c1tlagosan 20 sz\u00e1zal\u00e9kkal emeli a b\u00e9reket a Magyar Suzuki"}]},{"@type":"WebSite","@id":"https:\/\/dorogimedence.hu\/#website","url":"https:\/\/dorogimedence.hu\/","name":"Dorogi-medence Region\u00e1lis H\u00edrport\u00e1l","description":"Dorog, Keszt\u00f6lc, Le\u00e1nyv\u00e1r, Piliscs\u00e9v, Tokod, Tokodalt\u00e1r\u00f3, Csolnok, Esztergom-kertv\u00e1ros: h\u00edrek, programok","publisher":{"@id":"https:\/\/dorogimedence.hu\/#organization"},"potentialAction":[{"@type":"SearchAction","target":{"@type":"EntryPoint","urlTemplate":"https:\/\/dorogimedence.hu\/?s={search_term_string}"},"query-input":{"@type":"PropertyValueSpecification","valueRequired":true,"valueName":"search_term_string"}}],"inLanguage":"hu"},{"@type":"Organization","@id":"https:\/\/dorogimedence.hu\/#organization","name":"Dorogi-medence Region\u00e1lis H\u00edrport\u00e1l","url":"https:\/\/dorogimedence.hu\/","logo":{"@type":"ImageObject","inLanguage":"hu","@id":"https:\/\/dorogimedence.hu\/#\/schema\/logo\/image\/","url":"https:\/\/dorogimedence.hu\/wp-content\/uploads\/2021\/04\/logo-feher-600.png","contentUrl":"https:\/\/dorogimedence.hu\/wp-content\/uploads\/2021\/04\/logo-feher-600.png","width":600,"height":100,"caption":"Dorogi-medence Region\u00e1lis H\u00edrport\u00e1l"},"image":{"@id":"https:\/\/dorogimedence.hu\/#\/schema\/logo\/image\/"},"sameAs":["https:\/\/www.facebook.com\/dorogimedence\/"]},{"@type":"Person","@id":"https:\/\/dorogimedence.hu\/#\/schema\/person\/ce6091eeb7e95ecdc87890d6aa8e0fd4","name":"dorogimedence.hu","image":{"@type":"ImageObject","inLanguage":"hu","@id":"\/\/www.gravatar.com\/avatar\/d8d45f8901aadff40a4af72c0b826f1d?s=96&#038;r=g&#038;d=mm","url":"\/\/www.gravatar.com\/avatar\/d8d45f8901aadff40a4af72c0b826f1d?s=96&#038;r=g&#038;d=mm","contentUrl":"\/\/www.gravatar.com\/avatar\/d8d45f8901aadff40a4af72c0b826f1d?s=96&#038;r=g&#038;d=mm","caption":"dorogimedence.hu"}}]}},"_links":{"self":[{"href":"https:\/\/dorogimedence.hu\/index.php\/wp-json\/wp\/v2\/posts\/48967","targetHints":{"allow":["GET"]}}],"collection":[{"href":"https:\/\/dorogimedence.hu\/index.php\/wp-json\/wp\/v2\/posts"}],"about":[{"href":"https:\/\/dorogimedence.hu\/index.php\/wp-json\/wp\/v2\/types\/post"}],"author":[{"embeddable":true,"href":"https:\/\/dorogimedence.hu\/index.php\/wp-json\/wp\/v2\/users\/1"}],"replies":[{"embeddable":true,"href":"https:\/\/dorogimedence.hu\/index.php\/wp-json\/wp\/v2\/comments?post=48967"}],"version-history":[{"count":0,"href":"https:\/\/dorogimedence.hu\/index.php\/wp-json\/wp\/v2\/posts\/48967\/revisions"}],"wp:featuredmedia":[{"embeddable":true,"href":"https:\/\/dorogimedence.hu\/index.php\/wp-json\/wp\/v2\/media\/48968"}],"wp:attachment":[{"href":"https:\/\/dorogimedence.hu\/index.php\/wp-json\/wp\/v2\/media?parent=48967"}],"wp:term":[{"taxonomy":"category","embeddable":true,"href":"https:\/\/dorogimedence.hu\/index.php\/wp-json\/wp\/v2\/categories?post=48967"},{"taxonomy":"post_tag","embeddable":true,"href":"https:\/\/dorogimedence.hu\/index.php\/wp-json\/wp\/v2\/tags?post=48967"}],"curies":[{"name":"wp","href":"https:\/\/api.w.org\/{rel}","templated":true}]}}