{"id":48950,"date":"2022-12-22T08:34:24","date_gmt":"2022-12-22T07:34:24","guid":{"rendered":"https:\/\/dorogimedence.hu\/?p=48950"},"modified":"2022-12-22T19:14:26","modified_gmt":"2022-12-22T18:14:26","slug":"kollektiv-kituntetesben-reszesitettek-a-dorogi-rendelointezet-dolgozoit","status":"publish","type":"post","link":"https:\/\/dorogimedence.hu\/index.php\/2022\/12\/22\/kollektiv-kituntetesben-reszesitettek-a-dorogi-rendelointezet-dolgozoit\/","title":{"rendered":"Kollekt\u00edv kit\u00fcntet\u00e9sben r\u00e9szes\u00edtett\u00e9k a dorogi rendel\u0151int\u00e9zet dolgoz\u00f3it"},"content":{"rendered":"<p style=\"text-align: justify;\"><strong>A Magyar Eg\u00e9szs\u00e9g\u00fcgyi Szakdolgoz\u00f3i Kamara az <\/strong><strong>\u00c9v Kiv\u00e1l\u00f3 Szakdolgoz\u00f3i K\u00f6z\u00f6ss\u00e9ge D\u00edjjal t<\/strong><strong>\u00fcntette ki a Dorogi Szent Borb\u00e1la Rendel\u0151int\u00e9zet dolgoz\u00f3it. Az oklev\u00e9l december 9-\u00e9n keltez\u0151d\u00f6tt \u00e9s a napokban b\u00fcszk\u00e9n \u00e9rtes\u00fclhett\u00fcnk minderr\u0151l. Ez a sz\u00e9p \u00e9s \u00e9rt\u00e9kes elismer\u00e9s egyben emeli az adventi \u00e9s kar\u00e1csonyi \u00fcnnepi id\u0151szak f\u00e9ny\u00e9t. Ezzel a sz\u00edvet-lelket melenget\u0151 sz\u00e9p h\u00edr aprop\u00f3j\u00e1b\u00f3l k\u00e9sz\u00fclt cikkel z\u00e1rom az idei esztend\u0151t <\/strong><em>&#8211; Szab\u00f3 Gyula.<\/em><strong><br \/>\n<\/strong><\/p>\n<p style=\"text-align: justify;\">T\u00e9rs\u00e9g\u00fcnk valamennyi lak\u00f3ja is m\u00e9lt\u00e1n lehet b\u00fcszke erre a nagyszer\u0171 elismer\u00e9se, amelyr\u0151l elfogults\u00e1g n\u00e9lk\u00fcl is kijelenthet\u0151, hogy meg\u00e9rdemelten \u00edt\u00e9lt\u00e9k oda a dorogi rendel\u0151 dolgoz\u00f3i r\u00e9sz\u00e9re. Az id\u00e9n fenn\u00e1ll\u00e1s\u00e1nak 100. \u00e9v\u00e9t \u00fcnnepl\u0151 k\u00f3rh\u00e1z \u00e9s a 60 \u00e9ves Rendel\u0151int\u00e9zet sz\u00e1m\u00e1ra m\u00e9lt\u00f3 \u00e9vz\u00e1r\u00e1st is jelent. Tekintve, hogy az \u00e9let minden ter\u00fclet\u00e9n napjaink eleve j\u00f3val nagyobb \u00e9s mostoh\u00e1bb kih\u00edv\u00e1sokat z\u00fad\u00edt valamennyi\u00fcnkre, az eg\u00e9szs\u00e9g\u00fcgyet \u00e9vtizedeken \u00e1t jellemz\u0151 cseppet sem r\u00f3zs\u00e1snak nevezhet\u0151 helyzettel egyetemben, k\u00fcl\u00f6n \u00e9rdem, hogy \u00edgy is ezek a dolgoz\u00f3k a feladatuk legjobb szinten t\u00f6rt\u00e9n\u0151 ell\u00e1t\u00e1s\u00e1\u00e9rt tett er\u0151fesz\u00edt\u00e9sek mellett kiv\u00e1l\u00f3 k\u00f6z\u00f6ss\u00e9get tudnak alkotni \u00e9s megmaradni embernek annyira magas szinten, amennyire csak lehet. Legyen ez k\u00f6vetend\u0151 p\u00e9lda minden k\u00f6z\u00f6ss\u00e9gnek \u00e9s adjon tov\u00e1bbi hitet \u00e9s kitart\u00e1st a j\u00f6v\u0151ben is. Sz\u00edvb\u0151l gratul\u00e1lunk a rendel\u0151 dolgoz\u00f3inak, akik a munk\u00e1jukon fel\u00fcl ilyen m\u00f3don is hozz\u00e1j\u00e1rultak Dorog \u00e9s vonz\u00e1sk\u00f6rzet\u00e9nek j\u00f3 h\u00edr\u00e9nek \u00f6regb\u00edt\u00e9s\u00e9hez!<\/p>\n<p><img fetchpriority=\"high\" decoding=\"async\" class=\"aligncenter wp-image-48956 size-full\" src=\"https:\/\/dorogimedence.hu\/wp-content\/uploads\/2022\/12\/Diszoklevel-1.jpg\" alt=\"\" width=\"1068\" height=\"1512\" srcset=\"https:\/\/dorogimedence.hu\/wp-content\/uploads\/2022\/12\/Diszoklevel-1.jpg 1068w, https:\/\/dorogimedence.hu\/wp-content\/uploads\/2022\/12\/Diszoklevel-1-212x300.jpg 212w, https:\/\/dorogimedence.hu\/wp-content\/uploads\/2022\/12\/Diszoklevel-1-723x1024.jpg 723w, https:\/\/dorogimedence.hu\/wp-content\/uploads\/2022\/12\/Diszoklevel-1-768x1087.jpg 768w, https:\/\/dorogimedence.hu\/wp-content\/uploads\/2022\/12\/Diszoklevel-1-150x212.jpg 150w, https:\/\/dorogimedence.hu\/wp-content\/uploads\/2022\/12\/Diszoklevel-1-450x637.jpg 450w\" sizes=\"(max-width: 1068px) 100vw, 1068px\" \/><\/p>\n<p style=\"text-align: justify;\">Sz\u00e1momra k\u00fcl\u00f6n \u00f6r\u00f6m, egyben megtiszteltet\u00e9snek sz\u00e1m\u00edt, hogy egykor ennek a k\u00f6z\u00f6ss\u00e9gnek magam is akt\u00edv tagja lehettem m\u00e9g p\u00e1lyakezd\u0151 ifj\u00fak\u00e9nt. A hivat\u00e1studat \u00e9s annak szeretet\u00e9n fel\u00fcl k\u00f6zvetlen tapasztaltam a k\u00f3rh\u00e1zat \u00e9s a rendel\u0151t meghat\u00e1roz\u00f3 fantasztikus l\u00e9gk\u00f6rt, ahov\u00e1 bej\u00e1rni \u00e9s tartozni t\u00f6bb, mint felemel\u0151 volt. Ez a csal\u00e1dias, bajt\u00e1rsias \u00f6sszetart\u00e1s meg tudott maradni, noha \u00e9vtizedek sor\u00e1n a szakg\u00e1rda tagjai jelet\u0151sen cser\u00e9l\u0151dtek, de amit az egykori el\u0151d\u00f6k meghonos\u00edtottak, az v\u00e1ltozatlanul vez\u00e9rfonalk\u00e9nt \u00e9l \u00e9s meghat\u00e1roz\u00f3 a jelenben is. Magam sem tervezhettem volna szebb tartalm\u00fa \u00e9s \u00e9rzelm\u0171 cikket az \u00e9v z\u00e1r\u00e1sak\u00e9nt. Egyben megaragadva az alkalmat, ez\u00faton k\u00edv\u00e1nok minden Kedves Olvas\u00f3 r\u00e9sz\u00e9re \u00c1ldott, Boldog, B\u00e9k\u00e9s Kar\u00e1csonyt \u00e9s rem\u00e9nyteljes, sikeres \u00daj Esztend\u0151t, a lehet\u0151 legjobb eg\u00e9szs\u00e9ggel! K\u00edv\u00e1nom, hogy mindenki lelke \u00e9s sz\u00edve ny\u00edljon meg e rendk\u00edv\u00fcli \u00fcnnep befogad\u00e1s\u00e1ra \u00e9s vele egy\u00fctt embert\u00e1rsaink fel\u00e9 val\u00f3 elfogad\u00e1sra, szeretetre.<\/p>\n<p>Tisztelettel,<\/p>\n<p><em><strong>Szab\u00f3 Gyula<\/strong><\/em><\/p>\n","protected":false},"excerpt":{"rendered":"<p>A Magyar Eg\u00e9szs\u00e9g\u00fcgyi Szakdolgoz\u00f3i Kamara az \u00c9v Kiv\u00e1l\u00f3 Szakdolgoz\u00f3i K\u00f6z\u00f6ss\u00e9ge D\u00edjjal t\u00fcntette ki a Dorogi Szent Borb\u00e1la Rendel\u0151int\u00e9zet dolgoz\u00f3it. Az oklev\u00e9l december 9-\u00e9n keltez\u0151d\u00f6tt \u00e9s a napokban b\u00fcszk\u00e9n \u00e9rtes\u00fclhett\u00fcnk minderr\u0151l. Ez a sz\u00e9p \u00e9s \u00e9rt\u00e9kes elismer\u00e9s egyben emeli az adventi \u00e9s kar\u00e1csonyi \u00fcnnepi id\u0151szak f\u00e9ny\u00e9t. Ezzel a sz\u00edvet-lelket melenget\u0151 sz\u00e9p h\u00edr aprop\u00f3j\u00e1b\u00f3l k\u00e9sz\u00fclt cikkel z\u00e1rom<\/p>\n","protected":false},"author":4,"featured_media":48953,"comment_status":"closed","ping_status":"closed","sticky":false,"template":"","format":"standard","meta":{"ngg_post_thumbnail":0,"footnotes":""},"categories":[2,3],"tags":[585,15,6876,5624,519],"class_list":{"0":"post-48950","1":"post","2":"type-post","3":"status-publish","4":"format-standard","5":"has-post-thumbnail","7":"category-dorog","8":"category-hirek","9":"tag-dij","10":"tag-dorog","11":"tag-dorogi-rendelo","12":"tag-featured","13":"tag-kituntetes"},"yoast_head":"<!-- This site is optimized with the Yoast SEO plugin v27.4 - https:\/\/yoast.com\/product\/yoast-seo-wordpress\/ -->\n<title>Kollekt\u00edv kit\u00fcntet\u00e9sben r\u00e9szes\u00edtett\u00e9k a dorogi rendel\u0151int\u00e9zet dolgoz\u00f3it<\/title>\n<meta name=\"robots\" content=\"index, follow, max-snippet:-1, max-image-preview:large, max-video-preview:-1\" \/>\n<link rel=\"canonical\" href=\"https:\/\/dorogimedence.hu\/index.php\/2022\/12\/22\/kollektiv-kituntetesben-reszesitettek-a-dorogi-rendelointezet-dolgozoit\/\" class=\"yoast-seo-meta-tag\" \/>\n<meta property=\"og:locale\" content=\"hu_HU\" class=\"yoast-seo-meta-tag\" \/>\n<meta property=\"og:type\" content=\"article\" class=\"yoast-seo-meta-tag\" \/>\n<meta property=\"og:title\" content=\"Kollekt\u00edv kit\u00fcntet\u00e9sben r\u00e9szes\u00edtett\u00e9k a dorogi rendel\u0151int\u00e9zet dolgoz\u00f3it\" class=\"yoast-seo-meta-tag\" \/>\n<meta property=\"og:description\" content=\"A Magyar Eg\u00e9szs\u00e9g\u00fcgyi Szakdolgoz\u00f3i Kamara az \u00c9v Kiv\u00e1l\u00f3 Szakdolgoz\u00f3i K\u00f6z\u00f6ss\u00e9ge D\u00edjjal t\u00fcntette ki a Dorogi Szent Borb\u00e1la Rendel\u0151int\u00e9zet dolgoz\u00f3it. Az oklev\u00e9l december 9-\u00e9n keltez\u0151d\u00f6tt \u00e9s a napokban b\u00fcszk\u00e9n \u00e9rtes\u00fclhett\u00fcnk minderr\u0151l. Ez a sz\u00e9p \u00e9s \u00e9rt\u00e9kes elismer\u00e9s egyben emeli az adventi \u00e9s kar\u00e1csonyi \u00fcnnepi id\u0151szak f\u00e9ny\u00e9t. Ezzel a sz\u00edvet-lelket melenget\u0151 sz\u00e9p h\u00edr aprop\u00f3j\u00e1b\u00f3l k\u00e9sz\u00fclt cikkel z\u00e1rom\" class=\"yoast-seo-meta-tag\" \/>\n<meta property=\"og:url\" content=\"https:\/\/dorogimedence.hu\/index.php\/2022\/12\/22\/kollektiv-kituntetesben-reszesitettek-a-dorogi-rendelointezet-dolgozoit\/\" class=\"yoast-seo-meta-tag\" \/>\n<meta property=\"og:site_name\" content=\"Dorogi-medence Region\u00e1lis H\u00edrport\u00e1l\" class=\"yoast-seo-meta-tag\" \/>\n<meta property=\"article:publisher\" content=\"https:\/\/www.facebook.com\/dorogimedence\/\" class=\"yoast-seo-meta-tag\" \/>\n<meta property=\"article:published_time\" content=\"2022-12-22T07:34:24+00:00\" class=\"yoast-seo-meta-tag\" \/>\n<meta property=\"article:modified_time\" content=\"2022-12-22T18:14:26+00:00\" class=\"yoast-seo-meta-tag\" \/>\n<meta property=\"og:image\" content=\"https:\/\/dorogimedence.hu\/wp-content\/uploads\/2022\/12\/Sztk.jpg\" class=\"yoast-seo-meta-tag\" \/>\n\t<meta property=\"og:image:width\" content=\"675\" class=\"yoast-seo-meta-tag\" \/>\n\t<meta property=\"og:image:height\" content=\"385\" class=\"yoast-seo-meta-tag\" \/>\n\t<meta property=\"og:image:type\" content=\"image\/jpeg\" class=\"yoast-seo-meta-tag\" \/>\n<meta name=\"author\" content=\"Szab\u00f3 Gyula\" class=\"yoast-seo-meta-tag\" \/>\n<meta name=\"twitter:card\" content=\"summary_large_image\" class=\"yoast-seo-meta-tag\" \/>\n<meta name=\"twitter:label1\" content=\"Szerz\u0151:\" class=\"yoast-seo-meta-tag\" \/>\n\t<meta name=\"twitter:data1\" content=\"Szab\u00f3 Gyula\" class=\"yoast-seo-meta-tag\" \/>\n\t<meta name=\"twitter:label2\" content=\"Becs\u00fclt olvas\u00e1si id\u0151\" class=\"yoast-seo-meta-tag\" \/>\n\t<meta name=\"twitter:data2\" content=\"3 perc\" class=\"yoast-seo-meta-tag\" \/>\n<script type=\"application\/ld+json\" class=\"yoast-schema-graph\">{\"@context\":\"https:\\\/\\\/schema.org\",\"@graph\":[{\"@type\":\"Article\",\"@id\":\"https:\\\/\\\/dorogimedence.hu\\\/index.php\\\/2022\\\/12\\\/22\\\/kollektiv-kituntetesben-reszesitettek-a-dorogi-rendelointezet-dolgozoit\\\/#article\",\"isPartOf\":{\"@id\":\"https:\\\/\\\/dorogimedence.hu\\\/index.php\\\/2022\\\/12\\\/22\\\/kollektiv-kituntetesben-reszesitettek-a-dorogi-rendelointezet-dolgozoit\\\/\"},\"author\":{\"name\":\"Szab\u00f3 Gyula\",\"@id\":\"https:\\\/\\\/dorogimedence.hu\\\/#\\\/schema\\\/person\\\/76605e8151ec1b7376385cd184ede973\"},\"headline\":\"Kollekt\u00edv kit\u00fcntet\u00e9sben r\u00e9szes\u00edtett\u00e9k a dorogi rendel\u0151int\u00e9zet dolgoz\u00f3it\",\"datePublished\":\"2022-12-22T07:34:24+00:00\",\"dateModified\":\"2022-12-22T18:14:26+00:00\",\"mainEntityOfPage\":{\"@id\":\"https:\\\/\\\/dorogimedence.hu\\\/index.php\\\/2022\\\/12\\\/22\\\/kollektiv-kituntetesben-reszesitettek-a-dorogi-rendelointezet-dolgozoit\\\/\"},\"wordCount\":535,\"publisher\":{\"@id\":\"https:\\\/\\\/dorogimedence.hu\\\/#organization\"},\"image\":{\"@id\":\"https:\\\/\\\/dorogimedence.hu\\\/index.php\\\/2022\\\/12\\\/22\\\/kollektiv-kituntetesben-reszesitettek-a-dorogi-rendelointezet-dolgozoit\\\/#primaryimage\"},\"thumbnailUrl\":\"https:\\\/\\\/dorogimedence.hu\\\/wp-content\\\/uploads\\\/2022\\\/12\\\/Sztk.jpg\",\"keywords\":[\"d\u00edj\",\"Dorog\",\"dorogi rendel\u0151\",\"featured\",\"kit\u00fcntet\u00e9s\"],\"articleSection\":[\"Dorog\",\"H\u00edrek\"],\"inLanguage\":\"hu\"},{\"@type\":\"WebPage\",\"@id\":\"https:\\\/\\\/dorogimedence.hu\\\/index.php\\\/2022\\\/12\\\/22\\\/kollektiv-kituntetesben-reszesitettek-a-dorogi-rendelointezet-dolgozoit\\\/\",\"url\":\"https:\\\/\\\/dorogimedence.hu\\\/index.php\\\/2022\\\/12\\\/22\\\/kollektiv-kituntetesben-reszesitettek-a-dorogi-rendelointezet-dolgozoit\\\/\",\"name\":\"Kollekt\u00edv kit\u00fcntet\u00e9sben r\u00e9szes\u00edtett\u00e9k a dorogi rendel\u0151int\u00e9zet dolgoz\u00f3it\",\"isPartOf\":{\"@id\":\"https:\\\/\\\/dorogimedence.hu\\\/#website\"},\"primaryImageOfPage\":{\"@id\":\"https:\\\/\\\/dorogimedence.hu\\\/index.php\\\/2022\\\/12\\\/22\\\/kollektiv-kituntetesben-reszesitettek-a-dorogi-rendelointezet-dolgozoit\\\/#primaryimage\"},\"image\":{\"@id\":\"https:\\\/\\\/dorogimedence.hu\\\/index.php\\\/2022\\\/12\\\/22\\\/kollektiv-kituntetesben-reszesitettek-a-dorogi-rendelointezet-dolgozoit\\\/#primaryimage\"},\"thumbnailUrl\":\"https:\\\/\\\/dorogimedence.hu\\\/wp-content\\\/uploads\\\/2022\\\/12\\\/Sztk.jpg\",\"datePublished\":\"2022-12-22T07:34:24+00:00\",\"dateModified\":\"2022-12-22T18:14:26+00:00\",\"breadcrumb\":{\"@id\":\"https:\\\/\\\/dorogimedence.hu\\\/index.php\\\/2022\\\/12\\\/22\\\/kollektiv-kituntetesben-reszesitettek-a-dorogi-rendelointezet-dolgozoit\\\/#breadcrumb\"},\"inLanguage\":\"hu\",\"potentialAction\":[{\"@type\":\"ReadAction\",\"target\":[\"https:\\\/\\\/dorogimedence.hu\\\/index.php\\\/2022\\\/12\\\/22\\\/kollektiv-kituntetesben-reszesitettek-a-dorogi-rendelointezet-dolgozoit\\\/\"]}]},{\"@type\":\"ImageObject\",\"inLanguage\":\"hu\",\"@id\":\"https:\\\/\\\/dorogimedence.hu\\\/index.php\\\/2022\\\/12\\\/22\\\/kollektiv-kituntetesben-reszesitettek-a-dorogi-rendelointezet-dolgozoit\\\/#primaryimage\",\"url\":\"https:\\\/\\\/dorogimedence.hu\\\/wp-content\\\/uploads\\\/2022\\\/12\\\/Sztk.jpg\",\"contentUrl\":\"https:\\\/\\\/dorogimedence.hu\\\/wp-content\\\/uploads\\\/2022\\\/12\\\/Sztk.jpg\",\"width\":675,\"height\":385},{\"@type\":\"BreadcrumbList\",\"@id\":\"https:\\\/\\\/dorogimedence.hu\\\/index.php\\\/2022\\\/12\\\/22\\\/kollektiv-kituntetesben-reszesitettek-a-dorogi-rendelointezet-dolgozoit\\\/#breadcrumb\",\"itemListElement\":[{\"@type\":\"ListItem\",\"position\":1,\"name\":\"Kezd\u0151lap\",\"item\":\"https:\\\/\\\/dorogimedence.hu\\\/\"},{\"@type\":\"ListItem\",\"position\":2,\"name\":\"Kollekt\u00edv kit\u00fcntet\u00e9sben r\u00e9szes\u00edtett\u00e9k a dorogi rendel\u0151int\u00e9zet dolgoz\u00f3it\"}]},{\"@type\":\"WebSite\",\"@id\":\"https:\\\/\\\/dorogimedence.hu\\\/#website\",\"url\":\"https:\\\/\\\/dorogimedence.hu\\\/\",\"name\":\"Dorogi-medence Region\u00e1lis H\u00edrport\u00e1l\",\"description\":\"Dorog, Keszt\u00f6lc, Le\u00e1nyv\u00e1r, Piliscs\u00e9v, Tokod, Tokodalt\u00e1r\u00f3, Csolnok, Esztergom-kertv\u00e1ros: h\u00edrek, programok\",\"publisher\":{\"@id\":\"https:\\\/\\\/dorogimedence.hu\\\/#organization\"},\"potentialAction\":[{\"@type\":\"SearchAction\",\"target\":{\"@type\":\"EntryPoint\",\"urlTemplate\":\"https:\\\/\\\/dorogimedence.hu\\\/?s={search_term_string}\"},\"query-input\":{\"@type\":\"PropertyValueSpecification\",\"valueRequired\":true,\"valueName\":\"search_term_string\"}}],\"inLanguage\":\"hu\"},{\"@type\":\"Organization\",\"@id\":\"https:\\\/\\\/dorogimedence.hu\\\/#organization\",\"name\":\"Dorogi-medence Region\u00e1lis H\u00edrport\u00e1l\",\"url\":\"https:\\\/\\\/dorogimedence.hu\\\/\",\"logo\":{\"@type\":\"ImageObject\",\"inLanguage\":\"hu\",\"@id\":\"https:\\\/\\\/dorogimedence.hu\\\/#\\\/schema\\\/logo\\\/image\\\/\",\"url\":\"https:\\\/\\\/dorogimedence.hu\\\/wp-content\\\/uploads\\\/2021\\\/04\\\/logo-feher-600.png\",\"contentUrl\":\"https:\\\/\\\/dorogimedence.hu\\\/wp-content\\\/uploads\\\/2021\\\/04\\\/logo-feher-600.png\",\"width\":600,\"height\":100,\"caption\":\"Dorogi-medence Region\u00e1lis H\u00edrport\u00e1l\"},\"image\":{\"@id\":\"https:\\\/\\\/dorogimedence.hu\\\/#\\\/schema\\\/logo\\\/image\\\/\"},\"sameAs\":[\"https:\\\/\\\/www.facebook.com\\\/dorogimedence\\\/\"]},{\"@type\":\"Person\",\"@id\":\"https:\\\/\\\/dorogimedence.hu\\\/#\\\/schema\\\/person\\\/76605e8151ec1b7376385cd184ede973\",\"name\":\"Szab\u00f3 Gyula\",\"image\":{\"@type\":\"ImageObject\",\"inLanguage\":\"hu\",\"@id\":\"\\\/\\\/www.gravatar.com\\\/avatar\\\/3e44b6fb2ef9bcea3639958cc2a587cb?s=96&#038;r=g&#038;d=mm\",\"url\":\"\\\/\\\/www.gravatar.com\\\/avatar\\\/3e44b6fb2ef9bcea3639958cc2a587cb?s=96&#038;r=g&#038;d=mm\",\"contentUrl\":\"\\\/\\\/www.gravatar.com\\\/avatar\\\/3e44b6fb2ef9bcea3639958cc2a587cb?s=96&#038;r=g&#038;d=mm\",\"caption\":\"Szab\u00f3 Gyula\"}}]}<\/script>\n<!-- \/ Yoast SEO plugin. -->","yoast_head_json":{"title":"Kollekt\u00edv kit\u00fcntet\u00e9sben r\u00e9szes\u00edtett\u00e9k a dorogi rendel\u0151int\u00e9zet dolgoz\u00f3it","robots":{"index":"index","follow":"follow","max-snippet":"max-snippet:-1","max-image-preview":"max-image-preview:large","max-video-preview":"max-video-preview:-1"},"canonical":"https:\/\/dorogimedence.hu\/index.php\/2022\/12\/22\/kollektiv-kituntetesben-reszesitettek-a-dorogi-rendelointezet-dolgozoit\/","og_locale":"hu_HU","og_type":"article","og_title":"Kollekt\u00edv kit\u00fcntet\u00e9sben r\u00e9szes\u00edtett\u00e9k a dorogi rendel\u0151int\u00e9zet dolgoz\u00f3it","og_description":"A Magyar Eg\u00e9szs\u00e9g\u00fcgyi Szakdolgoz\u00f3i Kamara az \u00c9v Kiv\u00e1l\u00f3 Szakdolgoz\u00f3i K\u00f6z\u00f6ss\u00e9ge D\u00edjjal t\u00fcntette ki a Dorogi Szent Borb\u00e1la Rendel\u0151int\u00e9zet dolgoz\u00f3it. Az oklev\u00e9l december 9-\u00e9n keltez\u0151d\u00f6tt \u00e9s a napokban b\u00fcszk\u00e9n \u00e9rtes\u00fclhett\u00fcnk minderr\u0151l. Ez a sz\u00e9p \u00e9s \u00e9rt\u00e9kes elismer\u00e9s egyben emeli az adventi \u00e9s kar\u00e1csonyi \u00fcnnepi id\u0151szak f\u00e9ny\u00e9t. Ezzel a sz\u00edvet-lelket melenget\u0151 sz\u00e9p h\u00edr aprop\u00f3j\u00e1b\u00f3l k\u00e9sz\u00fclt cikkel z\u00e1rom","og_url":"https:\/\/dorogimedence.hu\/index.php\/2022\/12\/22\/kollektiv-kituntetesben-reszesitettek-a-dorogi-rendelointezet-dolgozoit\/","og_site_name":"Dorogi-medence Region\u00e1lis H\u00edrport\u00e1l","article_publisher":"https:\/\/www.facebook.com\/dorogimedence\/","article_published_time":"2022-12-22T07:34:24+00:00","article_modified_time":"2022-12-22T18:14:26+00:00","og_image":[{"width":675,"height":385,"url":"https:\/\/dorogimedence.hu\/wp-content\/uploads\/2022\/12\/Sztk.jpg","type":"image\/jpeg"}],"author":"Szab\u00f3 Gyula","twitter_card":"summary_large_image","twitter_misc":{"Szerz\u0151:":"Szab\u00f3 Gyula","Becs\u00fclt olvas\u00e1si id\u0151":"3 perc"},"schema":{"@context":"https:\/\/schema.org","@graph":[{"@type":"Article","@id":"https:\/\/dorogimedence.hu\/index.php\/2022\/12\/22\/kollektiv-kituntetesben-reszesitettek-a-dorogi-rendelointezet-dolgozoit\/#article","isPartOf":{"@id":"https:\/\/dorogimedence.hu\/index.php\/2022\/12\/22\/kollektiv-kituntetesben-reszesitettek-a-dorogi-rendelointezet-dolgozoit\/"},"author":{"name":"Szab\u00f3 Gyula","@id":"https:\/\/dorogimedence.hu\/#\/schema\/person\/76605e8151ec1b7376385cd184ede973"},"headline":"Kollekt\u00edv kit\u00fcntet\u00e9sben r\u00e9szes\u00edtett\u00e9k a dorogi rendel\u0151int\u00e9zet dolgoz\u00f3it","datePublished":"2022-12-22T07:34:24+00:00","dateModified":"2022-12-22T18:14:26+00:00","mainEntityOfPage":{"@id":"https:\/\/dorogimedence.hu\/index.php\/2022\/12\/22\/kollektiv-kituntetesben-reszesitettek-a-dorogi-rendelointezet-dolgozoit\/"},"wordCount":535,"publisher":{"@id":"https:\/\/dorogimedence.hu\/#organization"},"image":{"@id":"https:\/\/dorogimedence.hu\/index.php\/2022\/12\/22\/kollektiv-kituntetesben-reszesitettek-a-dorogi-rendelointezet-dolgozoit\/#primaryimage"},"thumbnailUrl":"https:\/\/dorogimedence.hu\/wp-content\/uploads\/2022\/12\/Sztk.jpg","keywords":["d\u00edj","Dorog","dorogi rendel\u0151","featured","kit\u00fcntet\u00e9s"],"articleSection":["Dorog","H\u00edrek"],"inLanguage":"hu"},{"@type":"WebPage","@id":"https:\/\/dorogimedence.hu\/index.php\/2022\/12\/22\/kollektiv-kituntetesben-reszesitettek-a-dorogi-rendelointezet-dolgozoit\/","url":"https:\/\/dorogimedence.hu\/index.php\/2022\/12\/22\/kollektiv-kituntetesben-reszesitettek-a-dorogi-rendelointezet-dolgozoit\/","name":"Kollekt\u00edv kit\u00fcntet\u00e9sben r\u00e9szes\u00edtett\u00e9k a dorogi rendel\u0151int\u00e9zet dolgoz\u00f3it","isPartOf":{"@id":"https:\/\/dorogimedence.hu\/#website"},"primaryImageOfPage":{"@id":"https:\/\/dorogimedence.hu\/index.php\/2022\/12\/22\/kollektiv-kituntetesben-reszesitettek-a-dorogi-rendelointezet-dolgozoit\/#primaryimage"},"image":{"@id":"https:\/\/dorogimedence.hu\/index.php\/2022\/12\/22\/kollektiv-kituntetesben-reszesitettek-a-dorogi-rendelointezet-dolgozoit\/#primaryimage"},"thumbnailUrl":"https:\/\/dorogimedence.hu\/wp-content\/uploads\/2022\/12\/Sztk.jpg","datePublished":"2022-12-22T07:34:24+00:00","dateModified":"2022-12-22T18:14:26+00:00","breadcrumb":{"@id":"https:\/\/dorogimedence.hu\/index.php\/2022\/12\/22\/kollektiv-kituntetesben-reszesitettek-a-dorogi-rendelointezet-dolgozoit\/#breadcrumb"},"inLanguage":"hu","potentialAction":[{"@type":"ReadAction","target":["https:\/\/dorogimedence.hu\/index.php\/2022\/12\/22\/kollektiv-kituntetesben-reszesitettek-a-dorogi-rendelointezet-dolgozoit\/"]}]},{"@type":"ImageObject","inLanguage":"hu","@id":"https:\/\/dorogimedence.hu\/index.php\/2022\/12\/22\/kollektiv-kituntetesben-reszesitettek-a-dorogi-rendelointezet-dolgozoit\/#primaryimage","url":"https:\/\/dorogimedence.hu\/wp-content\/uploads\/2022\/12\/Sztk.jpg","contentUrl":"https:\/\/dorogimedence.hu\/wp-content\/uploads\/2022\/12\/Sztk.jpg","width":675,"height":385},{"@type":"BreadcrumbList","@id":"https:\/\/dorogimedence.hu\/index.php\/2022\/12\/22\/kollektiv-kituntetesben-reszesitettek-a-dorogi-rendelointezet-dolgozoit\/#breadcrumb","itemListElement":[{"@type":"ListItem","position":1,"name":"Kezd\u0151lap","item":"https:\/\/dorogimedence.hu\/"},{"@type":"ListItem","position":2,"name":"Kollekt\u00edv kit\u00fcntet\u00e9sben r\u00e9szes\u00edtett\u00e9k a dorogi rendel\u0151int\u00e9zet dolgoz\u00f3it"}]},{"@type":"WebSite","@id":"https:\/\/dorogimedence.hu\/#website","url":"https:\/\/dorogimedence.hu\/","name":"Dorogi-medence Region\u00e1lis H\u00edrport\u00e1l","description":"Dorog, Keszt\u00f6lc, Le\u00e1nyv\u00e1r, Piliscs\u00e9v, Tokod, Tokodalt\u00e1r\u00f3, Csolnok, Esztergom-kertv\u00e1ros: h\u00edrek, programok","publisher":{"@id":"https:\/\/dorogimedence.hu\/#organization"},"potentialAction":[{"@type":"SearchAction","target":{"@type":"EntryPoint","urlTemplate":"https:\/\/dorogimedence.hu\/?s={search_term_string}"},"query-input":{"@type":"PropertyValueSpecification","valueRequired":true,"valueName":"search_term_string"}}],"inLanguage":"hu"},{"@type":"Organization","@id":"https:\/\/dorogimedence.hu\/#organization","name":"Dorogi-medence Region\u00e1lis H\u00edrport\u00e1l","url":"https:\/\/dorogimedence.hu\/","logo":{"@type":"ImageObject","inLanguage":"hu","@id":"https:\/\/dorogimedence.hu\/#\/schema\/logo\/image\/","url":"https:\/\/dorogimedence.hu\/wp-content\/uploads\/2021\/04\/logo-feher-600.png","contentUrl":"https:\/\/dorogimedence.hu\/wp-content\/uploads\/2021\/04\/logo-feher-600.png","width":600,"height":100,"caption":"Dorogi-medence Region\u00e1lis H\u00edrport\u00e1l"},"image":{"@id":"https:\/\/dorogimedence.hu\/#\/schema\/logo\/image\/"},"sameAs":["https:\/\/www.facebook.com\/dorogimedence\/"]},{"@type":"Person","@id":"https:\/\/dorogimedence.hu\/#\/schema\/person\/76605e8151ec1b7376385cd184ede973","name":"Szab\u00f3 Gyula","image":{"@type":"ImageObject","inLanguage":"hu","@id":"\/\/www.gravatar.com\/avatar\/3e44b6fb2ef9bcea3639958cc2a587cb?s=96&#038;r=g&#038;d=mm","url":"\/\/www.gravatar.com\/avatar\/3e44b6fb2ef9bcea3639958cc2a587cb?s=96&#038;r=g&#038;d=mm","contentUrl":"\/\/www.gravatar.com\/avatar\/3e44b6fb2ef9bcea3639958cc2a587cb?s=96&#038;r=g&#038;d=mm","caption":"Szab\u00f3 Gyula"}}]}},"_links":{"self":[{"href":"https:\/\/dorogimedence.hu\/index.php\/wp-json\/wp\/v2\/posts\/48950","targetHints":{"allow":["GET"]}}],"collection":[{"href":"https:\/\/dorogimedence.hu\/index.php\/wp-json\/wp\/v2\/posts"}],"about":[{"href":"https:\/\/dorogimedence.hu\/index.php\/wp-json\/wp\/v2\/types\/post"}],"author":[{"embeddable":true,"href":"https:\/\/dorogimedence.hu\/index.php\/wp-json\/wp\/v2\/users\/4"}],"replies":[{"embeddable":true,"href":"https:\/\/dorogimedence.hu\/index.php\/wp-json\/wp\/v2\/comments?post=48950"}],"version-history":[{"count":0,"href":"https:\/\/dorogimedence.hu\/index.php\/wp-json\/wp\/v2\/posts\/48950\/revisions"}],"wp:featuredmedia":[{"embeddable":true,"href":"https:\/\/dorogimedence.hu\/index.php\/wp-json\/wp\/v2\/media\/48953"}],"wp:attachment":[{"href":"https:\/\/dorogimedence.hu\/index.php\/wp-json\/wp\/v2\/media?parent=48950"}],"wp:term":[{"taxonomy":"category","embeddable":true,"href":"https:\/\/dorogimedence.hu\/index.php\/wp-json\/wp\/v2\/categories?post=48950"},{"taxonomy":"post_tag","embeddable":true,"href":"https:\/\/dorogimedence.hu\/index.php\/wp-json\/wp\/v2\/tags?post=48950"}],"curies":[{"name":"wp","href":"https:\/\/api.w.org\/{rel}","templated":true}]}}