{"id":48925,"date":"2022-12-21T10:55:28","date_gmt":"2022-12-21T09:55:28","guid":{"rendered":"https:\/\/dorogimedence.hu\/?p=48925"},"modified":"2022-12-21T14:07:41","modified_gmt":"2022-12-21T13:07:41","slug":"kozel-egymilliard-forint-erkezik-9-telepules-karacsonyfaja-ala","status":"publish","type":"post","link":"https:\/\/dorogimedence.hu\/index.php\/2022\/12\/21\/kozel-egymilliard-forint-erkezik-9-telepules-karacsonyfaja-ala\/","title":{"rendered":"K\u00f6zel egymilli\u00e1rd forint \u00e9rkezik 9 telep\u00fcl\u00e9s kar\u00e1csonyf\u00e1ja al\u00e1"},"content":{"rendered":"<p><strong>L\u00e1batlanon k\u00e9t lombkorona h\u00e1zat, P\u00e9lif\u00f6ldszentkereszten pedig k\u00fclt\u00e9ri sziklam\u00e1sz\u00f3tornyot alak\u00edtan\u00e1nak ki. Tokodon egy \u00f6koturisztikai tal\u00e1lkoz\u00f3pont l\u00e9tes\u00fclhet, m\u00edg Piliscs\u00e9ven egy r\u00e9gi pr\u00e9sh\u00e1z \u00e9p\u00fclete \u00fajulhat meg. <\/strong><strong>T\u00f6bbek k\u00f6z\u00f6tt, ezek az izgalmas turisztikai attrakci\u00f3k val\u00f3sulhatnak meg megy\u00e9nk telep\u00fcl\u00e9sein a megyei \u00f6nkorm\u00e1nyzat \u00e1ltal a TOP Plusz programban elnyert k\u00f6zel egymilli\u00e1rd forintos t\u00e1mogat\u00e1sb\u00f3l, melynek meg\u00edt\u00e9l\u00e9sr\u0151l most \u00e9rkezett a j\u00f3 h\u00edr.<\/strong><\/p>\n<p><span style=\"color: #0000ff;\"><u><a style=\"color: #0000ff;\" href=\"https:\/\/dorogimedence.hu\/index.php\/2022\/11\/30\/kozel-3-milliard-forint-fejlesztesi-forras-erkezik-tersegunkbe\/\" target=\"_blank\" rel=\"noopener\">Kor\u00e1bban \u00edrtuk<\/a><\/u><\/span>, hogy Kom\u00e1rom-Esztergom megye 43 telep\u00fcl\u00e9s\u00e9n \u00f6sszesen mintegy 7,2 milli\u00e1rd forintos fejleszt\u00e9sre ny\u00edlik lehet\u0151s\u00e9g a megyei \u00f6nkorm\u00e1nyzat \u00e1ltal koordin\u00e1lt Ter\u00fclet- \u00e9s Telep\u00fcl\u00e9sfejleszt\u00e9si Operat\u00edv Program Pluszban sz\u00fcletett \u00faj Ir\u00e1ny\u00edt\u00f3 Hat\u00f3s\u00e1gi d\u00f6nt\u00e9sek nyom\u00e1n. Ez az \u00f6sszeg 2022. december 13-\u00e1n tov\u00e1bbi 1,3 milli\u00e1rd forintnyi uni\u00f3s t\u00e1mogat\u00e1ssal b\u0151v\u00fclt, mely szerint t\u00f6bbek k\u00f6z\u00f6tt <a href=\"https:\/\/dorogimedence.hu\/index.php\/2022\/12\/13\/kilato-letesulhet-a-dorogi-aknatoronybol\/\" target=\"_blank\" rel=\"noopener\"><span style=\"text-decoration: underline; color: #0000ff;\">Dorogon<\/span><\/a> kil\u00e1t\u00f3 l\u00e9tes\u00fclhet a K\u00e1lv\u00e1ria-dombi aknatoronyb\u00f3l, a <a href=\"https:\/\/dorogimedence.hu\/index.php\/2022\/12\/13\/kerekparut-letesulhet-a-tokodi-pincevolgyben\/\" target=\"_blank\" rel=\"noopener\"><span style=\"text-decoration: underline; color: #0000ff;\">tokodi pincev\u00f6lgyben<\/span><\/a> ker\u00e9kp\u00e1rutat \u00e9p\u00edthetnek, <a href=\"https:\/\/dorogimedence.hu\/index.php\/2022\/12\/13\/a-muvelodesi-haz-es-a-sportcsarnok-is-megujulhat-pilismaroton\/\" target=\"_blank\" rel=\"noopener\"><span style=\"text-decoration: underline; color: #0000ff;\">Pilismar\u00f3ton<\/span><\/a> a Ny\u00edr\u0151 Csaba Sportcsarnok \u00fajulhat meg, m\u00edg Esztergom 80 milli\u00f3 forintb\u00f3l k\u00e9sz\u00edtheti el Fenntarthat\u00f3s\u00e1gi V\u00e1rosfejleszt\u00e9si Strat\u00e9gi\u00e1j\u00e1t. 2022. december 20-\u00e1n \u00fajabb j\u00f3 h\u00edrt jelentett be Popovics Gy\u00f6rgy, a megyei k\u00f6zgy\u0171l\u00e9s eln\u00f6ke, miszerint a Dun\u00e1t\u00f3l a Bakonyalj\u00e1ig \u00e9s Esztergomt\u00e9rs\u00e9g\u00e9ben kapnak most t\u00e1mogat\u00e1st a telep\u00fcl\u00e9sek. A k\u00e9t projekt kilenc telep\u00fcl\u00e9si fejleszt\u00e9st tartalmaz 497 milli\u00f3 Ft, valamint 493 milli\u00f3 Ft \u00e9rt\u00e9kben.<\/p>\n<p>A december 20-ai bejelent\u00e9s szerint t\u00e9rs\u00e9g\u00fcnkben L\u00e1batlanon (152.800.000 Ft) k\u00e9t lombkorona h\u00e1zat alak\u00edthatnak ki. Az egyik az eml\u0151s\u00f6k \u00e9l\u0151vil\u00e1g\u00e1t bemutat\u00f3 \u201eMegfigyel\u0151h\u00e1z\u201d lesz, ahol term\u00e9szetismereti foglalkoz\u00e1sokon infra- \u00e9s h\u0151kamer\u00e1s megfigyel\u00e9sre is lehet\u0151s\u00e9g lesz. A \u201eK\u00eds\u00e9rleti h\u00e1zban\u201d pedig az interakt\u00edv \u00e9lm\u00e9ny\u00f3r\u00e1kat 4D mozi is sz\u00ednes\u00edti. Baj\u00f3t-P\u00e9lif\u00f6ldszentkereszten (53.650.000 Ft) a Gerecse Nat\u00farpark L\u00e1togat\u00f3k\u00f6zpont ter\u00fclet\u00e9n a szakr\u00e1lis-spiritu\u00e1lis turisztikai kezdem\u00e9nyez\u00e9sek tov\u00e1bbfejleszt\u00e9s\u00e9vel k\u00fclt\u00e9ri sziklam\u00e1sz\u00f3torony kialak\u00edt\u00e1s\u00e1t tervezik. Tokodon (127.988.200 Ft) egy \u00f6koturisztikai tal\u00e1lkoz\u00f3pont l\u00e9tes\u00fclhet, Piliscs\u00e9ven (56.129.910 Ft) pedig egy r\u00e9gi pr\u00e9sh\u00e1z \u00e9p\u00fclete \u00fajulhat meg hasonl\u00f3 c\u00e9lb\u00f3l.<\/p>\n<p>\u201eA forr\u00e1s elnyer\u00e9se \u00f3ri\u00e1si siker a megyei \u00f6nkorm\u00e1nyzatnak. Mi p\u00e1ly\u00e1ztunk, \u00e9s konzorciumi partnernek h\u00edvtunk kilenc telep\u00fcl\u00e9st, akik \u00edgy sz\u00e1mos, a sz\u0171kebb haz\u00e1nkban t\u00f6lt\u00f6tt id\u0151t n\u00f6vel\u0151, l\u00e1togat\u00e1sra \u00f6szt\u00f6nz\u0151 attrakci\u00f3val gyarapodhatnak. Kiemelt c\u00e9lunk a helyi \u00e9s t\u00e9rs\u00e9gi turizmus fejleszt\u00e9se, ez\u00e9rt nagy \u00f6r\u00f6m, hogy a megval\u00f3s\u00edt\u00e1s \u00fatj\u00e1ra l\u00e9phet\u00fcnk.\u201d \u2013 \u00edgy reag\u00e1lt Popovics Gy\u00f6rgy a forr\u00e1sok elnyer\u00e9s\u00e9re.<\/p>\n<p><em>Bor\u00edt\u00f3k\u00e9p: Gerecse Nat\u00farpark L\u00e1togat\u00f3k\u00f6zpont<\/em><\/p>\n","protected":false},"excerpt":{"rendered":"<p>L\u00e1batlanon k\u00e9t lombkorona h\u00e1zat, P\u00e9lif\u00f6ldszentkereszten pedig k\u00fclt\u00e9ri sziklam\u00e1sz\u00f3tornyot alak\u00edtan\u00e1nak ki. Tokodon egy \u00f6koturisztikai tal\u00e1lkoz\u00f3pont l\u00e9tes\u00fclhet, m\u00edg Piliscs\u00e9ven egy r\u00e9gi pr\u00e9sh\u00e1z \u00e9p\u00fclete \u00fajulhat meg. T\u00f6bbek k\u00f6z\u00f6tt, ezek az izgalmas turisztikai attrakci\u00f3k val\u00f3sulhatnak meg megy\u00e9nk telep\u00fcl\u00e9sein a megyei \u00f6nkorm\u00e1nyzat \u00e1ltal a TOP Plusz programban elnyert k\u00f6zel egymilli\u00e1rd forintos t\u00e1mogat\u00e1sb\u00f3l, melynek meg\u00edt\u00e9l\u00e9sr\u0151l most \u00e9rkezett a j\u00f3 h\u00edr. Kor\u00e1bban<\/p>\n","protected":false},"author":1,"featured_media":48926,"comment_status":"closed","ping_status":"closed","sticky":false,"template":"","format":"standard","meta":{"ngg_post_thumbnail":0,"footnotes":""},"categories":[3,56,11,6],"tags":[5624,3799,1764,489,74,1657,91,503,12],"class_list":{"0":"post-48925","1":"post","2":"type-post","3":"status-publish","4":"format-standard","5":"has-post-thumbnail","7":"category-hirek","8":"category-komarom-esztergom","9":"category-piliscsev","10":"category-tokod","11":"tag-featured","12":"tag-komarom-esztergom-megye","13":"tag-komarom-esztergom-megyei-onkormanyzat","14":"tag-labatlan","15":"tag-palyazat","16":"tag-pelifoldszentkereszt","17":"tag-piliscsev","18":"tag-tamogatas","19":"tag-tokod"},"yoast_head":"<!-- This site is optimized with the Yoast SEO plugin v27.4 - https:\/\/yoast.com\/product\/yoast-seo-wordpress\/ -->\n<title>K\u00f6zel egymilli\u00e1rd forint \u00e9rkezik 9 telep\u00fcl\u00e9s kar\u00e1csonyf\u00e1ja al\u00e1<\/title>\n<meta name=\"robots\" content=\"index, follow, max-snippet:-1, max-image-preview:large, max-video-preview:-1\" \/>\n<link rel=\"canonical\" href=\"https:\/\/dorogimedence.hu\/index.php\/2022\/12\/21\/kozel-egymilliard-forint-erkezik-9-telepules-karacsonyfaja-ala\/\" class=\"yoast-seo-meta-tag\" \/>\n<meta property=\"og:locale\" content=\"hu_HU\" class=\"yoast-seo-meta-tag\" \/>\n<meta property=\"og:type\" content=\"article\" class=\"yoast-seo-meta-tag\" \/>\n<meta property=\"og:title\" content=\"K\u00f6zel egymilli\u00e1rd forint \u00e9rkezik 9 telep\u00fcl\u00e9s kar\u00e1csonyf\u00e1ja al\u00e1\" class=\"yoast-seo-meta-tag\" \/>\n<meta property=\"og:description\" content=\"L\u00e1batlanon k\u00e9t lombkorona h\u00e1zat, P\u00e9lif\u00f6ldszentkereszten pedig k\u00fclt\u00e9ri sziklam\u00e1sz\u00f3tornyot alak\u00edtan\u00e1nak ki. Tokodon egy \u00f6koturisztikai tal\u00e1lkoz\u00f3pont l\u00e9tes\u00fclhet, m\u00edg Piliscs\u00e9ven egy r\u00e9gi pr\u00e9sh\u00e1z \u00e9p\u00fclete \u00fajulhat meg. T\u00f6bbek k\u00f6z\u00f6tt, ezek az izgalmas turisztikai attrakci\u00f3k val\u00f3sulhatnak meg megy\u00e9nk telep\u00fcl\u00e9sein a megyei \u00f6nkorm\u00e1nyzat \u00e1ltal a TOP Plusz programban elnyert k\u00f6zel egymilli\u00e1rd forintos t\u00e1mogat\u00e1sb\u00f3l, melynek meg\u00edt\u00e9l\u00e9sr\u0151l most \u00e9rkezett a j\u00f3 h\u00edr. Kor\u00e1bban\" class=\"yoast-seo-meta-tag\" \/>\n<meta property=\"og:url\" content=\"https:\/\/dorogimedence.hu\/index.php\/2022\/12\/21\/kozel-egymilliard-forint-erkezik-9-telepules-karacsonyfaja-ala\/\" class=\"yoast-seo-meta-tag\" \/>\n<meta property=\"og:site_name\" content=\"Dorogi-medence Region\u00e1lis H\u00edrport\u00e1l\" class=\"yoast-seo-meta-tag\" \/>\n<meta property=\"article:publisher\" content=\"https:\/\/www.facebook.com\/dorogimedence\/\" class=\"yoast-seo-meta-tag\" \/>\n<meta property=\"article:published_time\" content=\"2022-12-21T09:55:28+00:00\" class=\"yoast-seo-meta-tag\" \/>\n<meta property=\"article:modified_time\" content=\"2022-12-21T13:07:41+00:00\" class=\"yoast-seo-meta-tag\" \/>\n<meta property=\"og:image\" content=\"https:\/\/dorogimedence.hu\/wp-content\/uploads\/2022\/12\/104707825_3188381834541577_7357484434342687139_n.jpg\" class=\"yoast-seo-meta-tag\" \/>\n\t<meta property=\"og:image:width\" content=\"1574\" class=\"yoast-seo-meta-tag\" \/>\n\t<meta property=\"og:image:height\" content=\"1050\" class=\"yoast-seo-meta-tag\" \/>\n\t<meta property=\"og:image:type\" content=\"image\/jpeg\" class=\"yoast-seo-meta-tag\" \/>\n<meta name=\"author\" content=\"dorogimedence.hu\" class=\"yoast-seo-meta-tag\" \/>\n<meta name=\"twitter:card\" content=\"summary_large_image\" class=\"yoast-seo-meta-tag\" \/>\n<meta name=\"twitter:label1\" content=\"Szerz\u0151:\" class=\"yoast-seo-meta-tag\" \/>\n\t<meta name=\"twitter:data1\" content=\"dorogimedence.hu\" class=\"yoast-seo-meta-tag\" \/>\n\t<meta name=\"twitter:label2\" content=\"Becs\u00fclt olvas\u00e1si id\u0151\" class=\"yoast-seo-meta-tag\" \/>\n\t<meta name=\"twitter:data2\" content=\"3 perc\" class=\"yoast-seo-meta-tag\" \/>\n<script type=\"application\/ld+json\" class=\"yoast-schema-graph\">{\"@context\":\"https:\\\/\\\/schema.org\",\"@graph\":[{\"@type\":\"Article\",\"@id\":\"https:\\\/\\\/dorogimedence.hu\\\/index.php\\\/2022\\\/12\\\/21\\\/kozel-egymilliard-forint-erkezik-9-telepules-karacsonyfaja-ala\\\/#article\",\"isPartOf\":{\"@id\":\"https:\\\/\\\/dorogimedence.hu\\\/index.php\\\/2022\\\/12\\\/21\\\/kozel-egymilliard-forint-erkezik-9-telepules-karacsonyfaja-ala\\\/\"},\"author\":{\"name\":\"dorogimedence.hu\",\"@id\":\"https:\\\/\\\/dorogimedence.hu\\\/#\\\/schema\\\/person\\\/ce6091eeb7e95ecdc87890d6aa8e0fd4\"},\"headline\":\"K\u00f6zel egymilli\u00e1rd forint \u00e9rkezik 9 telep\u00fcl\u00e9s kar\u00e1csonyf\u00e1ja al\u00e1\",\"datePublished\":\"2022-12-21T09:55:28+00:00\",\"dateModified\":\"2022-12-21T13:07:41+00:00\",\"mainEntityOfPage\":{\"@id\":\"https:\\\/\\\/dorogimedence.hu\\\/index.php\\\/2022\\\/12\\\/21\\\/kozel-egymilliard-forint-erkezik-9-telepules-karacsonyfaja-ala\\\/\"},\"wordCount\":538,\"publisher\":{\"@id\":\"https:\\\/\\\/dorogimedence.hu\\\/#organization\"},\"image\":{\"@id\":\"https:\\\/\\\/dorogimedence.hu\\\/index.php\\\/2022\\\/12\\\/21\\\/kozel-egymilliard-forint-erkezik-9-telepules-karacsonyfaja-ala\\\/#primaryimage\"},\"thumbnailUrl\":\"https:\\\/\\\/dorogimedence.hu\\\/wp-content\\\/uploads\\\/2022\\\/12\\\/104707825_3188381834541577_7357484434342687139_n.jpg\",\"keywords\":[\"featured\",\"Kom\u00e1rom-Esztergom megye\",\"Kom\u00e1rom-Esztergom Megyei \u00d6nkorm\u00e1nyzat\",\"L\u00e1batlan\",\"p\u00e1ly\u00e1zat\",\"P\u00e9lif\u00f6ldszentkereszt\",\"Piliscs\u00e9v\",\"t\u00e1mogat\u00e1s\",\"Tokod\"],\"articleSection\":[\"H\u00edrek\",\"Kom\u00e1rom-Esztergom\",\"Piliscs\u00e9v\",\"Tokod\"],\"inLanguage\":\"hu\"},{\"@type\":\"WebPage\",\"@id\":\"https:\\\/\\\/dorogimedence.hu\\\/index.php\\\/2022\\\/12\\\/21\\\/kozel-egymilliard-forint-erkezik-9-telepules-karacsonyfaja-ala\\\/\",\"url\":\"https:\\\/\\\/dorogimedence.hu\\\/index.php\\\/2022\\\/12\\\/21\\\/kozel-egymilliard-forint-erkezik-9-telepules-karacsonyfaja-ala\\\/\",\"name\":\"K\u00f6zel egymilli\u00e1rd forint \u00e9rkezik 9 telep\u00fcl\u00e9s kar\u00e1csonyf\u00e1ja al\u00e1\",\"isPartOf\":{\"@id\":\"https:\\\/\\\/dorogimedence.hu\\\/#website\"},\"primaryImageOfPage\":{\"@id\":\"https:\\\/\\\/dorogimedence.hu\\\/index.php\\\/2022\\\/12\\\/21\\\/kozel-egymilliard-forint-erkezik-9-telepules-karacsonyfaja-ala\\\/#primaryimage\"},\"image\":{\"@id\":\"https:\\\/\\\/dorogimedence.hu\\\/index.php\\\/2022\\\/12\\\/21\\\/kozel-egymilliard-forint-erkezik-9-telepules-karacsonyfaja-ala\\\/#primaryimage\"},\"thumbnailUrl\":\"https:\\\/\\\/dorogimedence.hu\\\/wp-content\\\/uploads\\\/2022\\\/12\\\/104707825_3188381834541577_7357484434342687139_n.jpg\",\"datePublished\":\"2022-12-21T09:55:28+00:00\",\"dateModified\":\"2022-12-21T13:07:41+00:00\",\"breadcrumb\":{\"@id\":\"https:\\\/\\\/dorogimedence.hu\\\/index.php\\\/2022\\\/12\\\/21\\\/kozel-egymilliard-forint-erkezik-9-telepules-karacsonyfaja-ala\\\/#breadcrumb\"},\"inLanguage\":\"hu\",\"potentialAction\":[{\"@type\":\"ReadAction\",\"target\":[\"https:\\\/\\\/dorogimedence.hu\\\/index.php\\\/2022\\\/12\\\/21\\\/kozel-egymilliard-forint-erkezik-9-telepules-karacsonyfaja-ala\\\/\"]}]},{\"@type\":\"ImageObject\",\"inLanguage\":\"hu\",\"@id\":\"https:\\\/\\\/dorogimedence.hu\\\/index.php\\\/2022\\\/12\\\/21\\\/kozel-egymilliard-forint-erkezik-9-telepules-karacsonyfaja-ala\\\/#primaryimage\",\"url\":\"https:\\\/\\\/dorogimedence.hu\\\/wp-content\\\/uploads\\\/2022\\\/12\\\/104707825_3188381834541577_7357484434342687139_n.jpg\",\"contentUrl\":\"https:\\\/\\\/dorogimedence.hu\\\/wp-content\\\/uploads\\\/2022\\\/12\\\/104707825_3188381834541577_7357484434342687139_n.jpg\",\"width\":1574,\"height\":1050},{\"@type\":\"BreadcrumbList\",\"@id\":\"https:\\\/\\\/dorogimedence.hu\\\/index.php\\\/2022\\\/12\\\/21\\\/kozel-egymilliard-forint-erkezik-9-telepules-karacsonyfaja-ala\\\/#breadcrumb\",\"itemListElement\":[{\"@type\":\"ListItem\",\"position\":1,\"name\":\"Kezd\u0151lap\",\"item\":\"https:\\\/\\\/dorogimedence.hu\\\/\"},{\"@type\":\"ListItem\",\"position\":2,\"name\":\"K\u00f6zel egymilli\u00e1rd forint \u00e9rkezik 9 telep\u00fcl\u00e9s kar\u00e1csonyf\u00e1ja al\u00e1\"}]},{\"@type\":\"WebSite\",\"@id\":\"https:\\\/\\\/dorogimedence.hu\\\/#website\",\"url\":\"https:\\\/\\\/dorogimedence.hu\\\/\",\"name\":\"Dorogi-medence Region\u00e1lis H\u00edrport\u00e1l\",\"description\":\"Dorog, Keszt\u00f6lc, Le\u00e1nyv\u00e1r, Piliscs\u00e9v, Tokod, Tokodalt\u00e1r\u00f3, Csolnok, Esztergom-kertv\u00e1ros: h\u00edrek, programok\",\"publisher\":{\"@id\":\"https:\\\/\\\/dorogimedence.hu\\\/#organization\"},\"potentialAction\":[{\"@type\":\"SearchAction\",\"target\":{\"@type\":\"EntryPoint\",\"urlTemplate\":\"https:\\\/\\\/dorogimedence.hu\\\/?s={search_term_string}\"},\"query-input\":{\"@type\":\"PropertyValueSpecification\",\"valueRequired\":true,\"valueName\":\"search_term_string\"}}],\"inLanguage\":\"hu\"},{\"@type\":\"Organization\",\"@id\":\"https:\\\/\\\/dorogimedence.hu\\\/#organization\",\"name\":\"Dorogi-medence Region\u00e1lis H\u00edrport\u00e1l\",\"url\":\"https:\\\/\\\/dorogimedence.hu\\\/\",\"logo\":{\"@type\":\"ImageObject\",\"inLanguage\":\"hu\",\"@id\":\"https:\\\/\\\/dorogimedence.hu\\\/#\\\/schema\\\/logo\\\/image\\\/\",\"url\":\"https:\\\/\\\/dorogimedence.hu\\\/wp-content\\\/uploads\\\/2021\\\/04\\\/logo-feher-600.png\",\"contentUrl\":\"https:\\\/\\\/dorogimedence.hu\\\/wp-content\\\/uploads\\\/2021\\\/04\\\/logo-feher-600.png\",\"width\":600,\"height\":100,\"caption\":\"Dorogi-medence Region\u00e1lis H\u00edrport\u00e1l\"},\"image\":{\"@id\":\"https:\\\/\\\/dorogimedence.hu\\\/#\\\/schema\\\/logo\\\/image\\\/\"},\"sameAs\":[\"https:\\\/\\\/www.facebook.com\\\/dorogimedence\\\/\"]},{\"@type\":\"Person\",\"@id\":\"https:\\\/\\\/dorogimedence.hu\\\/#\\\/schema\\\/person\\\/ce6091eeb7e95ecdc87890d6aa8e0fd4\",\"name\":\"dorogimedence.hu\",\"image\":{\"@type\":\"ImageObject\",\"inLanguage\":\"hu\",\"@id\":\"\\\/\\\/www.gravatar.com\\\/avatar\\\/d8d45f8901aadff40a4af72c0b826f1d?s=96&#038;r=g&#038;d=mm\",\"url\":\"\\\/\\\/www.gravatar.com\\\/avatar\\\/d8d45f8901aadff40a4af72c0b826f1d?s=96&#038;r=g&#038;d=mm\",\"contentUrl\":\"\\\/\\\/www.gravatar.com\\\/avatar\\\/d8d45f8901aadff40a4af72c0b826f1d?s=96&#038;r=g&#038;d=mm\",\"caption\":\"dorogimedence.hu\"}}]}<\/script>\n<!-- \/ Yoast SEO plugin. -->","yoast_head_json":{"title":"K\u00f6zel egymilli\u00e1rd forint \u00e9rkezik 9 telep\u00fcl\u00e9s kar\u00e1csonyf\u00e1ja al\u00e1","robots":{"index":"index","follow":"follow","max-snippet":"max-snippet:-1","max-image-preview":"max-image-preview:large","max-video-preview":"max-video-preview:-1"},"canonical":"https:\/\/dorogimedence.hu\/index.php\/2022\/12\/21\/kozel-egymilliard-forint-erkezik-9-telepules-karacsonyfaja-ala\/","og_locale":"hu_HU","og_type":"article","og_title":"K\u00f6zel egymilli\u00e1rd forint \u00e9rkezik 9 telep\u00fcl\u00e9s kar\u00e1csonyf\u00e1ja al\u00e1","og_description":"L\u00e1batlanon k\u00e9t lombkorona h\u00e1zat, P\u00e9lif\u00f6ldszentkereszten pedig k\u00fclt\u00e9ri sziklam\u00e1sz\u00f3tornyot alak\u00edtan\u00e1nak ki. Tokodon egy \u00f6koturisztikai tal\u00e1lkoz\u00f3pont l\u00e9tes\u00fclhet, m\u00edg Piliscs\u00e9ven egy r\u00e9gi pr\u00e9sh\u00e1z \u00e9p\u00fclete \u00fajulhat meg. T\u00f6bbek k\u00f6z\u00f6tt, ezek az izgalmas turisztikai attrakci\u00f3k val\u00f3sulhatnak meg megy\u00e9nk telep\u00fcl\u00e9sein a megyei \u00f6nkorm\u00e1nyzat \u00e1ltal a TOP Plusz programban elnyert k\u00f6zel egymilli\u00e1rd forintos t\u00e1mogat\u00e1sb\u00f3l, melynek meg\u00edt\u00e9l\u00e9sr\u0151l most \u00e9rkezett a j\u00f3 h\u00edr. Kor\u00e1bban","og_url":"https:\/\/dorogimedence.hu\/index.php\/2022\/12\/21\/kozel-egymilliard-forint-erkezik-9-telepules-karacsonyfaja-ala\/","og_site_name":"Dorogi-medence Region\u00e1lis H\u00edrport\u00e1l","article_publisher":"https:\/\/www.facebook.com\/dorogimedence\/","article_published_time":"2022-12-21T09:55:28+00:00","article_modified_time":"2022-12-21T13:07:41+00:00","og_image":[{"width":1574,"height":1050,"url":"https:\/\/dorogimedence.hu\/wp-content\/uploads\/2022\/12\/104707825_3188381834541577_7357484434342687139_n.jpg","type":"image\/jpeg"}],"author":"dorogimedence.hu","twitter_card":"summary_large_image","twitter_misc":{"Szerz\u0151:":"dorogimedence.hu","Becs\u00fclt olvas\u00e1si id\u0151":"3 perc"},"schema":{"@context":"https:\/\/schema.org","@graph":[{"@type":"Article","@id":"https:\/\/dorogimedence.hu\/index.php\/2022\/12\/21\/kozel-egymilliard-forint-erkezik-9-telepules-karacsonyfaja-ala\/#article","isPartOf":{"@id":"https:\/\/dorogimedence.hu\/index.php\/2022\/12\/21\/kozel-egymilliard-forint-erkezik-9-telepules-karacsonyfaja-ala\/"},"author":{"name":"dorogimedence.hu","@id":"https:\/\/dorogimedence.hu\/#\/schema\/person\/ce6091eeb7e95ecdc87890d6aa8e0fd4"},"headline":"K\u00f6zel egymilli\u00e1rd forint \u00e9rkezik 9 telep\u00fcl\u00e9s kar\u00e1csonyf\u00e1ja al\u00e1","datePublished":"2022-12-21T09:55:28+00:00","dateModified":"2022-12-21T13:07:41+00:00","mainEntityOfPage":{"@id":"https:\/\/dorogimedence.hu\/index.php\/2022\/12\/21\/kozel-egymilliard-forint-erkezik-9-telepules-karacsonyfaja-ala\/"},"wordCount":538,"publisher":{"@id":"https:\/\/dorogimedence.hu\/#organization"},"image":{"@id":"https:\/\/dorogimedence.hu\/index.php\/2022\/12\/21\/kozel-egymilliard-forint-erkezik-9-telepules-karacsonyfaja-ala\/#primaryimage"},"thumbnailUrl":"https:\/\/dorogimedence.hu\/wp-content\/uploads\/2022\/12\/104707825_3188381834541577_7357484434342687139_n.jpg","keywords":["featured","Kom\u00e1rom-Esztergom megye","Kom\u00e1rom-Esztergom Megyei \u00d6nkorm\u00e1nyzat","L\u00e1batlan","p\u00e1ly\u00e1zat","P\u00e9lif\u00f6ldszentkereszt","Piliscs\u00e9v","t\u00e1mogat\u00e1s","Tokod"],"articleSection":["H\u00edrek","Kom\u00e1rom-Esztergom","Piliscs\u00e9v","Tokod"],"inLanguage":"hu"},{"@type":"WebPage","@id":"https:\/\/dorogimedence.hu\/index.php\/2022\/12\/21\/kozel-egymilliard-forint-erkezik-9-telepules-karacsonyfaja-ala\/","url":"https:\/\/dorogimedence.hu\/index.php\/2022\/12\/21\/kozel-egymilliard-forint-erkezik-9-telepules-karacsonyfaja-ala\/","name":"K\u00f6zel egymilli\u00e1rd forint \u00e9rkezik 9 telep\u00fcl\u00e9s kar\u00e1csonyf\u00e1ja al\u00e1","isPartOf":{"@id":"https:\/\/dorogimedence.hu\/#website"},"primaryImageOfPage":{"@id":"https:\/\/dorogimedence.hu\/index.php\/2022\/12\/21\/kozel-egymilliard-forint-erkezik-9-telepules-karacsonyfaja-ala\/#primaryimage"},"image":{"@id":"https:\/\/dorogimedence.hu\/index.php\/2022\/12\/21\/kozel-egymilliard-forint-erkezik-9-telepules-karacsonyfaja-ala\/#primaryimage"},"thumbnailUrl":"https:\/\/dorogimedence.hu\/wp-content\/uploads\/2022\/12\/104707825_3188381834541577_7357484434342687139_n.jpg","datePublished":"2022-12-21T09:55:28+00:00","dateModified":"2022-12-21T13:07:41+00:00","breadcrumb":{"@id":"https:\/\/dorogimedence.hu\/index.php\/2022\/12\/21\/kozel-egymilliard-forint-erkezik-9-telepules-karacsonyfaja-ala\/#breadcrumb"},"inLanguage":"hu","potentialAction":[{"@type":"ReadAction","target":["https:\/\/dorogimedence.hu\/index.php\/2022\/12\/21\/kozel-egymilliard-forint-erkezik-9-telepules-karacsonyfaja-ala\/"]}]},{"@type":"ImageObject","inLanguage":"hu","@id":"https:\/\/dorogimedence.hu\/index.php\/2022\/12\/21\/kozel-egymilliard-forint-erkezik-9-telepules-karacsonyfaja-ala\/#primaryimage","url":"https:\/\/dorogimedence.hu\/wp-content\/uploads\/2022\/12\/104707825_3188381834541577_7357484434342687139_n.jpg","contentUrl":"https:\/\/dorogimedence.hu\/wp-content\/uploads\/2022\/12\/104707825_3188381834541577_7357484434342687139_n.jpg","width":1574,"height":1050},{"@type":"BreadcrumbList","@id":"https:\/\/dorogimedence.hu\/index.php\/2022\/12\/21\/kozel-egymilliard-forint-erkezik-9-telepules-karacsonyfaja-ala\/#breadcrumb","itemListElement":[{"@type":"ListItem","position":1,"name":"Kezd\u0151lap","item":"https:\/\/dorogimedence.hu\/"},{"@type":"ListItem","position":2,"name":"K\u00f6zel egymilli\u00e1rd forint \u00e9rkezik 9 telep\u00fcl\u00e9s kar\u00e1csonyf\u00e1ja al\u00e1"}]},{"@type":"WebSite","@id":"https:\/\/dorogimedence.hu\/#website","url":"https:\/\/dorogimedence.hu\/","name":"Dorogi-medence Region\u00e1lis H\u00edrport\u00e1l","description":"Dorog, Keszt\u00f6lc, Le\u00e1nyv\u00e1r, Piliscs\u00e9v, Tokod, Tokodalt\u00e1r\u00f3, Csolnok, Esztergom-kertv\u00e1ros: h\u00edrek, programok","publisher":{"@id":"https:\/\/dorogimedence.hu\/#organization"},"potentialAction":[{"@type":"SearchAction","target":{"@type":"EntryPoint","urlTemplate":"https:\/\/dorogimedence.hu\/?s={search_term_string}"},"query-input":{"@type":"PropertyValueSpecification","valueRequired":true,"valueName":"search_term_string"}}],"inLanguage":"hu"},{"@type":"Organization","@id":"https:\/\/dorogimedence.hu\/#organization","name":"Dorogi-medence Region\u00e1lis H\u00edrport\u00e1l","url":"https:\/\/dorogimedence.hu\/","logo":{"@type":"ImageObject","inLanguage":"hu","@id":"https:\/\/dorogimedence.hu\/#\/schema\/logo\/image\/","url":"https:\/\/dorogimedence.hu\/wp-content\/uploads\/2021\/04\/logo-feher-600.png","contentUrl":"https:\/\/dorogimedence.hu\/wp-content\/uploads\/2021\/04\/logo-feher-600.png","width":600,"height":100,"caption":"Dorogi-medence Region\u00e1lis H\u00edrport\u00e1l"},"image":{"@id":"https:\/\/dorogimedence.hu\/#\/schema\/logo\/image\/"},"sameAs":["https:\/\/www.facebook.com\/dorogimedence\/"]},{"@type":"Person","@id":"https:\/\/dorogimedence.hu\/#\/schema\/person\/ce6091eeb7e95ecdc87890d6aa8e0fd4","name":"dorogimedence.hu","image":{"@type":"ImageObject","inLanguage":"hu","@id":"\/\/www.gravatar.com\/avatar\/d8d45f8901aadff40a4af72c0b826f1d?s=96&#038;r=g&#038;d=mm","url":"\/\/www.gravatar.com\/avatar\/d8d45f8901aadff40a4af72c0b826f1d?s=96&#038;r=g&#038;d=mm","contentUrl":"\/\/www.gravatar.com\/avatar\/d8d45f8901aadff40a4af72c0b826f1d?s=96&#038;r=g&#038;d=mm","caption":"dorogimedence.hu"}}]}},"_links":{"self":[{"href":"https:\/\/dorogimedence.hu\/index.php\/wp-json\/wp\/v2\/posts\/48925","targetHints":{"allow":["GET"]}}],"collection":[{"href":"https:\/\/dorogimedence.hu\/index.php\/wp-json\/wp\/v2\/posts"}],"about":[{"href":"https:\/\/dorogimedence.hu\/index.php\/wp-json\/wp\/v2\/types\/post"}],"author":[{"embeddable":true,"href":"https:\/\/dorogimedence.hu\/index.php\/wp-json\/wp\/v2\/users\/1"}],"replies":[{"embeddable":true,"href":"https:\/\/dorogimedence.hu\/index.php\/wp-json\/wp\/v2\/comments?post=48925"}],"version-history":[{"count":0,"href":"https:\/\/dorogimedence.hu\/index.php\/wp-json\/wp\/v2\/posts\/48925\/revisions"}],"wp:featuredmedia":[{"embeddable":true,"href":"https:\/\/dorogimedence.hu\/index.php\/wp-json\/wp\/v2\/media\/48926"}],"wp:attachment":[{"href":"https:\/\/dorogimedence.hu\/index.php\/wp-json\/wp\/v2\/media?parent=48925"}],"wp:term":[{"taxonomy":"category","embeddable":true,"href":"https:\/\/dorogimedence.hu\/index.php\/wp-json\/wp\/v2\/categories?post=48925"},{"taxonomy":"post_tag","embeddable":true,"href":"https:\/\/dorogimedence.hu\/index.php\/wp-json\/wp\/v2\/tags?post=48925"}],"curies":[{"name":"wp","href":"https:\/\/api.w.org\/{rel}","templated":true}]}}